{"id":118744,"date":"2020-07-30T09:32:34","date_gmt":"2020-07-30T13:32:34","guid":{"rendered":"https:\/\/digital58.com.ve\/site\/?p=118744"},"modified":"2020-07-30T09:32:34","modified_gmt":"2020-07-30T13:32:34","slug":"observatorio-electoral-venezolano-no-considera-exitosa-la-jornada-especial-de-registro-electoral","status":"publish","type":"post","link":"https:\/\/digital58.com.ve\/site\/2020\/07\/30\/observatorio-electoral-venezolano-no-considera-exitosa-la-jornada-especial-de-registro-electoral\/","title":{"rendered":"Observatorio Electoral Venezolano no considera exitosa la jornada especial de registro electoral"},"content":{"rendered":"<p><img loading=\"lazy\" decoding=\"async\" class=\"aligncenter wp-image-118748\" src=\"https:\/\/digital58.com.ve\/site\/wp-content\/uploads\/2020\/07\/Registro-Electoral-2-300x174.jpg\" alt=\"\" width=\"600\" height=\"347\" srcset=\"https:\/\/digital58.com.ve\/site\/wp-content\/uploads\/2020\/07\/Registro-Electoral-2-300x174.jpg 300w, https:\/\/digital58.com.ve\/site\/wp-content\/uploads\/2020\/07\/Registro-Electoral-2-768x445.jpg 768w, https:\/\/digital58.com.ve\/site\/wp-content\/uploads\/2020\/07\/Registro-Electoral-2.jpg 800w\" sizes=\"auto, (max-width: 600px) 100vw, 600px\" \/><\/p>\n<p>La organizaci\u00f3n se\u00f1ala que las condiciones del pa\u00eds, el tiempo del proceso y la inactividad de algunos centros se\u00f1alados como habilitados, dificultaron el registro de los ciudadanos.<\/p>\n<p><strong>Caracas, DC, Venezuela, 30 de julio de 2020 (ND58).-\u00a0<\/strong>El Observatorio Electoral Venezolano (OEV), emiti\u00f3 un comunicado en el cual eval\u00faa la jornada especial de registro electoral y actualizaci\u00f3n de datos, de cara a las elecciones parlamentarias del 6 de diciembre, en el cual considera que no fue un proceso exitoso.<\/p>\n<p>En el comunicado, publicado en su p\u00e1gina web (<a href=\"https:\/\/oevenezolano.org\/\">oevenezolano.org<\/a>), la organizaci\u00f3n detalla una serie de diferencias entre el proceso que culmin\u00f3 este mi\u00e9rcoles y el que se efectu\u00f3 para las pasada elecciones legislativas del a\u00f1o 2015.<\/p>\n<p>La principal diferencia, que considera el OEV que impidi\u00f3 una \u00f3ptima actualizaci\u00f3n y registro, es el tiempo que estuvo habilitado el proceso, apenas 14 d\u00edas, que luego fueron ampliados a 17, un total de 140 d\u00edas menos que en 2015.<\/p>\n<p>En ese sentido, el OEV, se\u00f1ala que \u00abtal pr\u00f3rroga de ninguna manera subsan\u00f3 las consecuencias negativas derivadas de los pocos d\u00edas determinados para llevar a cabo la jornada de registro\u00bb, a\u00f1adiendo que \u00abno da pie, en manera alguna, para considerar como exitosa la jornada celebrada\u00bb.<\/p>\n<blockquote class=\"twitter-tweet\" data-width=\"550\" data-dnt=\"true\">\n<p lang=\"es\" dir=\"ltr\">Finaliza la jornada especial del Registro Electoral de cara a las parlamentarias 2020. Dur\u00f3 17 d\u00edas (del 13\/7 al 29\/07), en un contexto de cuarentena y pandemia; un lapso de 140 d\u00edas menos en comparaci\u00f3n con la jornada del RE previa a las parlamentarias 2015 (del 02\/02 al 08\/07).<\/p>\n<p>&mdash; OEV (@OEVenezolano) <a href=\"https:\/\/twitter.com\/OEVenezolano\/status\/1288646061708455936?ref_src=twsrc%5Etfw\">July 30, 2020<\/a><\/p><\/blockquote>\n<p><script async src=\"https:\/\/platform.twitter.com\/widgets.js\" charset=\"utf-8\"><\/script><\/p>\n<p>El Consejo Nacional Electoral (CNE), m\u00e1ximo ente comicial del pa\u00eds, habilit\u00f3 para la jornada de este a\u00f1o, un total de 551 puntos de actualizaci\u00f3n y registro, donde los ciudadanos podr\u00edan acudir solo con su c\u00e9dula laminada, para cumplir con alguno de los dos procesos.<\/p>\n<p>\u00abEn el a\u00f1o 2015, ante un proceso electoral de similares caracter\u00edsticas, el Consejo Nacional Electoral (CNE) activ\u00f3 una jornada de inscripci\u00f3n y actualizaci\u00f3n de datos en el Registro que tuvo una duraci\u00f3n de cinco meses y cont\u00f3 con la habilitaci\u00f3n de 1.568 puntos en la totalidad de los 335 municipios\u00bb, detall\u00f3 el OEV.<\/p>\n<p>Por otro lado, la organizaci\u00f3n fundada en 2012, denunci\u00f3 que entre los d\u00edas 23, 24 y 25 de julio de este a\u00f1o, algunos puntos se\u00f1alados por el CNE en su p\u00e1gina web como habilitados, no estaban operativos, con lo cual se dificult\u00f3 a muchos ciudadanos realizar los procesos.<\/p>\n<p>A consideraci\u00f3n de la organizaci\u00f3n, todos estos factores se\u00f1alados son, \u00abun mal mensaje y no logra disipar las dudas que una buena parte del pa\u00eds mantiene respecto a la calidad del venidero proceso electoral. Muy por el contrario, las profundiza\u00bb.<\/p><div class=\"gvnck69f59a074288c\" ><p style=\"text-align: center;\"><a href=\"https:\/\/t.me\/noticiasdigital58\" target=\"_blank\" rel=\"noopener\"><img class=\"aligncenter size-full wp-image-125363\" src=\"https:\/\/digital58.com.ve\/site\/wp-content\/uploads\/2021\/04\/banner-telegram-web-2021.png\" alt=\"\" width=\"600\" height=\"90\" \/><\/a><\/p><\/div><style type=\"text\/css\">\r\n@media screen and (min-width: 1201px) {\r\n.gvnck69f59a074288c {\r\ndisplay: block;\r\n}\r\n}\r\n@media screen and (min-width: 993px) and (max-width: 1200px) {\r\n.gvnck69f59a074288c {\r\ndisplay: block;\r\n}\r\n}\r\n@media screen and (min-width: 769px) and (max-width: 992px) {\r\n.gvnck69f59a074288c {\r\ndisplay: block;\r\n}\r\n}\r\n@media screen and (min-width: 768px) and (max-width: 768px) {\r\n.gvnck69f59a074288c {\r\ndisplay: block;\r\n}\r\n}\r\n@media screen and (max-width: 767px) {\r\n.gvnck69f59a074288c {\r\ndisplay: block;\r\n}\r\n}\r\n<\/style>\r\n\n<p><strong>Redacci\u00f3n: Morales, Joel (@joeldmc32)<br \/>\nEdici\u00f3n: Villasmil, Henry<br \/>\nGr\u00e1fica: Cortes\u00eda<\/strong><\/p>\n<div style=\"margin-top: 0px; margin-bottom: 0px;\" class=\"sharethis-inline-share-buttons\" ><\/div>","protected":false},"excerpt":{"rendered":"<p>La organizaci\u00f3n se\u00f1ala que las condiciones del pa\u00eds, el tiempo del proceso y la inactividad de algunos centros se\u00f1alados como<\/p>\n","protected":false},"author":29,"featured_media":118748,"comment_status":"open","ping_status":"closed","sticky":false,"template":"","format":"standard","meta":{"colormag_page_container_layout":"default_layout","colormag_page_sidebar_layout":"default_layout","_uag_custom_page_level_css":"","footnotes":""},"categories":[16454],"tags":[2723,16503,18745,233,19130,2716,32],"class_list":["post-118744","post","type-post","status-publish","format-standard","has-post-thumbnail","hentry","category-venezuela","tag-cne","tag-elecciones-parlamentarias-2020","tag-jornada-especial-de-actualizacion-y-registro-electoral","tag-nacionales","tag-observatorio-electoral-venezolano","tag-politica","tag-venezuela"],"yoast_head":"<!-- This site is optimized with the Yoast SEO plugin v27.5 - https:\/\/yoast.com\/product\/yoast-seo-wordpress\/ -->\n<title>Observatorio Electoral Venezolano no considera exitosa la jornada especial de registro electoral<\/title>\n<meta name=\"description\" content=\"Venezuela\" \/>\n<meta name=\"robots\" content=\"index, follow, max-snippet:-1, max-image-preview:large, max-video-preview:-1\" \/>\n<link rel=\"canonical\" href=\"https:\/\/digital58.com.ve\/site\/2020\/07\/30\/observatorio-electoral-venezolano-no-considera-exitosa-la-jornada-especial-de-registro-electoral\/\" \/>\n<meta property=\"og:locale\" content=\"es_ES\" \/>\n<meta property=\"og:type\" content=\"article\" \/>\n<meta property=\"og:title\" content=\"Observatorio Electoral Venezolano no considera exitosa la jornada especial de registro electoral\" \/>\n<meta property=\"og:description\" content=\"Venezuela\" \/>\n<meta property=\"og:url\" content=\"https:\/\/digital58.com.ve\/site\/2020\/07\/30\/observatorio-electoral-venezolano-no-considera-exitosa-la-jornada-especial-de-registro-electoral\/\" \/>\n<meta property=\"og:site_name\" content=\"Noticias Digital58\" \/>\n<meta property=\"article:published_time\" content=\"2020-07-30T13:32:34+00:00\" \/>\n<meta property=\"og:image\" content=\"https:\/\/digital58.com.ve\/site\/wp-content\/uploads\/2020\/07\/Registro-Electoral-2.jpg\" \/>\n\t<meta property=\"og:image:width\" content=\"900\" \/>\n\t<meta property=\"og:image:height\" content=\"521\" \/>\n\t<meta property=\"og:image:type\" content=\"image\/jpeg\" \/>\n<meta name=\"author\" content=\"Morales Joel\" \/>\n<meta name=\"twitter:card\" content=\"summary_large_image\" \/>\n<meta name=\"twitter:creator\" content=\"@Digital_58\" \/>\n<meta name=\"twitter:site\" content=\"@villasmilhfoto\" \/>\n<meta name=\"twitter:label1\" content=\"Escrito por\" \/>\n\t<meta name=\"twitter:data1\" content=\"Morales Joel\" \/>\n\t<meta name=\"twitter:label2\" content=\"Tiempo estimado de lectura\" \/>\n\t<meta name=\"twitter:data2\" content=\"2 minutos\" \/>\n<script type=\"application\/ld+json\" class=\"yoast-schema-graph\">{\"@context\":\"https:\\\/\\\/schema.org\",\"@graph\":[{\"@type\":\"Article\",\"@id\":\"https:\\\/\\\/digital58.com.ve\\\/site\\\/2020\\\/07\\\/30\\\/observatorio-electoral-venezolano-no-considera-exitosa-la-jornada-especial-de-registro-electoral\\\/#article\",\"isPartOf\":{\"@id\":\"https:\\\/\\\/digital58.com.ve\\\/site\\\/2020\\\/07\\\/30\\\/observatorio-electoral-venezolano-no-considera-exitosa-la-jornada-especial-de-registro-electoral\\\/\"},\"author\":{\"name\":\"Morales Joel\",\"@id\":\"https:\\\/\\\/digital58.com.ve\\\/site\\\/#\\\/schema\\\/person\\\/8daf5f8bfd9ebdb98150c62bff195b72\"},\"headline\":\"Observatorio Electoral Venezolano no considera exitosa la jornada especial de registro electoral\",\"datePublished\":\"2020-07-30T13:32:34+00:00\",\"mainEntityOfPage\":{\"@id\":\"https:\\\/\\\/digital58.com.ve\\\/site\\\/2020\\\/07\\\/30\\\/observatorio-electoral-venezolano-no-considera-exitosa-la-jornada-especial-de-registro-electoral\\\/\"},\"wordCount\":438,\"commentCount\":0,\"publisher\":{\"@id\":\"https:\\\/\\\/digital58.com.ve\\\/site\\\/#\\\/schema\\\/person\\\/64d1c2e4d0d4fd1b849980c4331c2951\"},\"image\":{\"@id\":\"https:\\\/\\\/digital58.com.ve\\\/site\\\/2020\\\/07\\\/30\\\/observatorio-electoral-venezolano-no-considera-exitosa-la-jornada-especial-de-registro-electoral\\\/#primaryimage\"},\"thumbnailUrl\":\"https:\\\/\\\/digital58.com.ve\\\/site\\\/wp-content\\\/uploads\\\/2020\\\/07\\\/Registro-Electoral-2.jpg\",\"keywords\":[\"CNE\",\"Elecciones Parlamentarias 2020\",\"Jornada Especial de Actualizaci\u00f3n y Registro Electoral\",\"Nacionales\",\"Observatorio Electoral Venezolano\",\"Pol\u00edtica\",\"Venezuela\"],\"articleSection\":[\"Venezuela\"],\"inLanguage\":\"es\",\"potentialAction\":[{\"@type\":\"CommentAction\",\"name\":\"Comment\",\"target\":[\"https:\\\/\\\/digital58.com.ve\\\/site\\\/2020\\\/07\\\/30\\\/observatorio-electoral-venezolano-no-considera-exitosa-la-jornada-especial-de-registro-electoral\\\/#respond\"]}]},{\"@type\":\"WebPage\",\"@id\":\"https:\\\/\\\/digital58.com.ve\\\/site\\\/2020\\\/07\\\/30\\\/observatorio-electoral-venezolano-no-considera-exitosa-la-jornada-especial-de-registro-electoral\\\/\",\"url\":\"https:\\\/\\\/digital58.com.ve\\\/site\\\/2020\\\/07\\\/30\\\/observatorio-electoral-venezolano-no-considera-exitosa-la-jornada-especial-de-registro-electoral\\\/\",\"name\":\"Observatorio Electoral Venezolano no considera exitosa la jornada especial de registro electoral\",\"isPartOf\":{\"@id\":\"https:\\\/\\\/digital58.com.ve\\\/site\\\/#website\"},\"primaryImageOfPage\":{\"@id\":\"https:\\\/\\\/digital58.com.ve\\\/site\\\/2020\\\/07\\\/30\\\/observatorio-electoral-venezolano-no-considera-exitosa-la-jornada-especial-de-registro-electoral\\\/#primaryimage\"},\"image\":{\"@id\":\"https:\\\/\\\/digital58.com.ve\\\/site\\\/2020\\\/07\\\/30\\\/observatorio-electoral-venezolano-no-considera-exitosa-la-jornada-especial-de-registro-electoral\\\/#primaryimage\"},\"thumbnailUrl\":\"https:\\\/\\\/digital58.com.ve\\\/site\\\/wp-content\\\/uploads\\\/2020\\\/07\\\/Registro-Electoral-2.jpg\",\"datePublished\":\"2020-07-30T13:32:34+00:00\",\"description\":\"Venezuela\",\"breadcrumb\":{\"@id\":\"https:\\\/\\\/digital58.com.ve\\\/site\\\/2020\\\/07\\\/30\\\/observatorio-electoral-venezolano-no-considera-exitosa-la-jornada-especial-de-registro-electoral\\\/#breadcrumb\"},\"inLanguage\":\"es\",\"potentialAction\":[{\"@type\":\"ReadAction\",\"target\":[\"https:\\\/\\\/digital58.com.ve\\\/site\\\/2020\\\/07\\\/30\\\/observatorio-electoral-venezolano-no-considera-exitosa-la-jornada-especial-de-registro-electoral\\\/\"]}]},{\"@type\":\"ImageObject\",\"inLanguage\":\"es\",\"@id\":\"https:\\\/\\\/digital58.com.ve\\\/site\\\/2020\\\/07\\\/30\\\/observatorio-electoral-venezolano-no-considera-exitosa-la-jornada-especial-de-registro-electoral\\\/#primaryimage\",\"url\":\"https:\\\/\\\/digital58.com.ve\\\/site\\\/wp-content\\\/uploads\\\/2020\\\/07\\\/Registro-Electoral-2.jpg\",\"contentUrl\":\"https:\\\/\\\/digital58.com.ve\\\/site\\\/wp-content\\\/uploads\\\/2020\\\/07\\\/Registro-Electoral-2.jpg\",\"width\":800,\"height\":463},{\"@type\":\"BreadcrumbList\",\"@id\":\"https:\\\/\\\/digital58.com.ve\\\/site\\\/2020\\\/07\\\/30\\\/observatorio-electoral-venezolano-no-considera-exitosa-la-jornada-especial-de-registro-electoral\\\/#breadcrumb\",\"itemListElement\":[{\"@type\":\"ListItem\",\"position\":1,\"name\":\"Home\",\"item\":\"https:\\\/\\\/digital58.com.ve\\\/site\\\/\"},{\"@type\":\"ListItem\",\"position\":2,\"name\":\"Observatorio Electoral Venezolano no considera exitosa la jornada especial de registro electoral\"}]},{\"@type\":\"WebSite\",\"@id\":\"https:\\\/\\\/digital58.com.ve\\\/site\\\/#website\",\"url\":\"https:\\\/\\\/digital58.com.ve\\\/site\\\/\",\"name\":\"Noticias Digital58\",\"description\":\"Portal de Noticias \u00a1Periodismo web de verdad! Lanzamiento web 22.11.2005 \\\/ Maracaibo, Venezuela\",\"publisher\":{\"@id\":\"https:\\\/\\\/digital58.com.ve\\\/site\\\/#\\\/schema\\\/person\\\/64d1c2e4d0d4fd1b849980c4331c2951\"},\"alternateName\":\"ND58\",\"potentialAction\":[{\"@type\":\"SearchAction\",\"target\":{\"@type\":\"EntryPoint\",\"urlTemplate\":\"https:\\\/\\\/digital58.com.ve\\\/site\\\/?s={search_term_string}\"},\"query-input\":{\"@type\":\"PropertyValueSpecification\",\"valueRequired\":true,\"valueName\":\"search_term_string\"}}],\"inLanguage\":\"es\"},{\"@type\":[\"Person\",\"Organization\"],\"@id\":\"https:\\\/\\\/digital58.com.ve\\\/site\\\/#\\\/schema\\\/person\\\/64d1c2e4d0d4fd1b849980c4331c2951\",\"name\":\"Villasmil Henry\",\"image\":{\"@type\":\"ImageObject\",\"inLanguage\":\"es\",\"@id\":\"https:\\\/\\\/secure.gravatar.com\\\/avatar\\\/bb0c4a2fcb7970138239f7e404ea75757b1b507b28b5ce4c53fbd62d797c5a7c?s=96&d=mm&r=g\",\"url\":\"https:\\\/\\\/secure.gravatar.com\\\/avatar\\\/bb0c4a2fcb7970138239f7e404ea75757b1b507b28b5ce4c53fbd62d797c5a7c?s=96&d=mm&r=g\",\"contentUrl\":\"https:\\\/\\\/secure.gravatar.com\\\/avatar\\\/bb0c4a2fcb7970138239f7e404ea75757b1b507b28b5ce4c53fbd62d797c5a7c?s=96&d=mm&r=g\",\"caption\":\"Villasmil Henry\"},\"logo\":{\"@id\":\"https:\\\/\\\/secure.gravatar.com\\\/avatar\\\/bb0c4a2fcb7970138239f7e404ea75757b1b507b28b5ce4c53fbd62d797c5a7c?s=96&d=mm&r=g\"},\"sameAs\":[\"http:\\\/\\\/www.henryvillasmil.com.ve\",\"https:\\\/\\\/www.instagram.com\\\/villasmilhfoto\\\/\",\"https:\\\/\\\/x.com\\\/https:\\\/\\\/twitter.com\\\/villasmilhfoto\"]},{\"@type\":\"Person\",\"@id\":\"https:\\\/\\\/digital58.com.ve\\\/site\\\/#\\\/schema\\\/person\\\/8daf5f8bfd9ebdb98150c62bff195b72\",\"name\":\"Morales Joel\",\"image\":{\"@type\":\"ImageObject\",\"inLanguage\":\"es\",\"@id\":\"https:\\\/\\\/secure.gravatar.com\\\/avatar\\\/e2cb5ce0e9279ab3c8e03d472e483f32e666716a18da3bfa7b0749a5465409f1?s=96&d=mm&r=g\",\"url\":\"https:\\\/\\\/secure.gravatar.com\\\/avatar\\\/e2cb5ce0e9279ab3c8e03d472e483f32e666716a18da3bfa7b0749a5465409f1?s=96&d=mm&r=g\",\"contentUrl\":\"https:\\\/\\\/secure.gravatar.com\\\/avatar\\\/e2cb5ce0e9279ab3c8e03d472e483f32e666716a18da3bfa7b0749a5465409f1?s=96&d=mm&r=g\",\"caption\":\"Morales Joel\"},\"url\":\"https:\\\/\\\/digital58.com.ve\\\/site\\\/author\\\/joelm\\\/\"}]}<\/script>\n<!-- \/ Yoast SEO plugin. -->","yoast_head_json":{"title":"Observatorio Electoral Venezolano no considera exitosa la jornada especial de registro electoral","description":"Venezuela","robots":{"index":"index","follow":"follow","max-snippet":"max-snippet:-1","max-image-preview":"max-image-preview:large","max-video-preview":"max-video-preview:-1"},"canonical":"https:\/\/digital58.com.ve\/site\/2020\/07\/30\/observatorio-electoral-venezolano-no-considera-exitosa-la-jornada-especial-de-registro-electoral\/","og_locale":"es_ES","og_type":"article","og_title":"Observatorio Electoral Venezolano no considera exitosa la jornada especial de registro electoral","og_description":"Venezuela","og_url":"https:\/\/digital58.com.ve\/site\/2020\/07\/30\/observatorio-electoral-venezolano-no-considera-exitosa-la-jornada-especial-de-registro-electoral\/","og_site_name":"Noticias Digital58","article_published_time":"2020-07-30T13:32:34+00:00","og_image":[{"width":900,"height":521,"url":"https:\/\/digital58.com.ve\/site\/wp-content\/uploads\/2020\/07\/Registro-Electoral-2.jpg","type":"image\/jpeg"}],"author":"Morales Joel","twitter_card":"summary_large_image","twitter_creator":"@Digital_58","twitter_site":"@villasmilhfoto","twitter_misc":{"Escrito por":"Morales Joel","Tiempo estimado de lectura":"2 minutos"},"schema":{"@context":"https:\/\/schema.org","@graph":[{"@type":"Article","@id":"https:\/\/digital58.com.ve\/site\/2020\/07\/30\/observatorio-electoral-venezolano-no-considera-exitosa-la-jornada-especial-de-registro-electoral\/#article","isPartOf":{"@id":"https:\/\/digital58.com.ve\/site\/2020\/07\/30\/observatorio-electoral-venezolano-no-considera-exitosa-la-jornada-especial-de-registro-electoral\/"},"author":{"name":"Morales Joel","@id":"https:\/\/digital58.com.ve\/site\/#\/schema\/person\/8daf5f8bfd9ebdb98150c62bff195b72"},"headline":"Observatorio Electoral Venezolano no considera exitosa la jornada especial de registro electoral","datePublished":"2020-07-30T13:32:34+00:00","mainEntityOfPage":{"@id":"https:\/\/digital58.com.ve\/site\/2020\/07\/30\/observatorio-electoral-venezolano-no-considera-exitosa-la-jornada-especial-de-registro-electoral\/"},"wordCount":438,"commentCount":0,"publisher":{"@id":"https:\/\/digital58.com.ve\/site\/#\/schema\/person\/64d1c2e4d0d4fd1b849980c4331c2951"},"image":{"@id":"https:\/\/digital58.com.ve\/site\/2020\/07\/30\/observatorio-electoral-venezolano-no-considera-exitosa-la-jornada-especial-de-registro-electoral\/#primaryimage"},"thumbnailUrl":"https:\/\/digital58.com.ve\/site\/wp-content\/uploads\/2020\/07\/Registro-Electoral-2.jpg","keywords":["CNE","Elecciones Parlamentarias 2020","Jornada Especial de Actualizaci\u00f3n y Registro Electoral","Nacionales","Observatorio Electoral Venezolano","Pol\u00edtica","Venezuela"],"articleSection":["Venezuela"],"inLanguage":"es","potentialAction":[{"@type":"CommentAction","name":"Comment","target":["https:\/\/digital58.com.ve\/site\/2020\/07\/30\/observatorio-electoral-venezolano-no-considera-exitosa-la-jornada-especial-de-registro-electoral\/#respond"]}]},{"@type":"WebPage","@id":"https:\/\/digital58.com.ve\/site\/2020\/07\/30\/observatorio-electoral-venezolano-no-considera-exitosa-la-jornada-especial-de-registro-electoral\/","url":"https:\/\/digital58.com.ve\/site\/2020\/07\/30\/observatorio-electoral-venezolano-no-considera-exitosa-la-jornada-especial-de-registro-electoral\/","name":"Observatorio Electoral Venezolano no considera exitosa la jornada especial de registro electoral","isPartOf":{"@id":"https:\/\/digital58.com.ve\/site\/#website"},"primaryImageOfPage":{"@id":"https:\/\/digital58.com.ve\/site\/2020\/07\/30\/observatorio-electoral-venezolano-no-considera-exitosa-la-jornada-especial-de-registro-electoral\/#primaryimage"},"image":{"@id":"https:\/\/digital58.com.ve\/site\/2020\/07\/30\/observatorio-electoral-venezolano-no-considera-exitosa-la-jornada-especial-de-registro-electoral\/#primaryimage"},"thumbnailUrl":"https:\/\/digital58.com.ve\/site\/wp-content\/uploads\/2020\/07\/Registro-Electoral-2.jpg","datePublished":"2020-07-30T13:32:34+00:00","description":"Venezuela","breadcrumb":{"@id":"https:\/\/digital58.com.ve\/site\/2020\/07\/30\/observatorio-electoral-venezolano-no-considera-exitosa-la-jornada-especial-de-registro-electoral\/#breadcrumb"},"inLanguage":"es","potentialAction":[{"@type":"ReadAction","target":["https:\/\/digital58.com.ve\/site\/2020\/07\/30\/observatorio-electoral-venezolano-no-considera-exitosa-la-jornada-especial-de-registro-electoral\/"]}]},{"@type":"ImageObject","inLanguage":"es","@id":"https:\/\/digital58.com.ve\/site\/2020\/07\/30\/observatorio-electoral-venezolano-no-considera-exitosa-la-jornada-especial-de-registro-electoral\/#primaryimage","url":"https:\/\/digital58.com.ve\/site\/wp-content\/uploads\/2020\/07\/Registro-Electoral-2.jpg","contentUrl":"https:\/\/digital58.com.ve\/site\/wp-content\/uploads\/2020\/07\/Registro-Electoral-2.jpg","width":800,"height":463},{"@type":"BreadcrumbList","@id":"https:\/\/digital58.com.ve\/site\/2020\/07\/30\/observatorio-electoral-venezolano-no-considera-exitosa-la-jornada-especial-de-registro-electoral\/#breadcrumb","itemListElement":[{"@type":"ListItem","position":1,"name":"Home","item":"https:\/\/digital58.com.ve\/site\/"},{"@type":"ListItem","position":2,"name":"Observatorio Electoral Venezolano no considera exitosa la jornada especial de registro electoral"}]},{"@type":"WebSite","@id":"https:\/\/digital58.com.ve\/site\/#website","url":"https:\/\/digital58.com.ve\/site\/","name":"Noticias Digital58","description":"Portal de Noticias \u00a1Periodismo web de verdad! Lanzamiento web 22.11.2005 \/ Maracaibo, Venezuela","publisher":{"@id":"https:\/\/digital58.com.ve\/site\/#\/schema\/person\/64d1c2e4d0d4fd1b849980c4331c2951"},"alternateName":"ND58","potentialAction":[{"@type":"SearchAction","target":{"@type":"EntryPoint","urlTemplate":"https:\/\/digital58.com.ve\/site\/?s={search_term_string}"},"query-input":{"@type":"PropertyValueSpecification","valueRequired":true,"valueName":"search_term_string"}}],"inLanguage":"es"},{"@type":["Person","Organization"],"@id":"https:\/\/digital58.com.ve\/site\/#\/schema\/person\/64d1c2e4d0d4fd1b849980c4331c2951","name":"Villasmil Henry","image":{"@type":"ImageObject","inLanguage":"es","@id":"https:\/\/secure.gravatar.com\/avatar\/bb0c4a2fcb7970138239f7e404ea75757b1b507b28b5ce4c53fbd62d797c5a7c?s=96&d=mm&r=g","url":"https:\/\/secure.gravatar.com\/avatar\/bb0c4a2fcb7970138239f7e404ea75757b1b507b28b5ce4c53fbd62d797c5a7c?s=96&d=mm&r=g","contentUrl":"https:\/\/secure.gravatar.com\/avatar\/bb0c4a2fcb7970138239f7e404ea75757b1b507b28b5ce4c53fbd62d797c5a7c?s=96&d=mm&r=g","caption":"Villasmil Henry"},"logo":{"@id":"https:\/\/secure.gravatar.com\/avatar\/bb0c4a2fcb7970138239f7e404ea75757b1b507b28b5ce4c53fbd62d797c5a7c?s=96&d=mm&r=g"},"sameAs":["http:\/\/www.henryvillasmil.com.ve","https:\/\/www.instagram.com\/villasmilhfoto\/","https:\/\/x.com\/https:\/\/twitter.com\/villasmilhfoto"]},{"@type":"Person","@id":"https:\/\/digital58.com.ve\/site\/#\/schema\/person\/8daf5f8bfd9ebdb98150c62bff195b72","name":"Morales Joel","image":{"@type":"ImageObject","inLanguage":"es","@id":"https:\/\/secure.gravatar.com\/avatar\/e2cb5ce0e9279ab3c8e03d472e483f32e666716a18da3bfa7b0749a5465409f1?s=96&d=mm&r=g","url":"https:\/\/secure.gravatar.com\/avatar\/e2cb5ce0e9279ab3c8e03d472e483f32e666716a18da3bfa7b0749a5465409f1?s=96&d=mm&r=g","contentUrl":"https:\/\/secure.gravatar.com\/avatar\/e2cb5ce0e9279ab3c8e03d472e483f32e666716a18da3bfa7b0749a5465409f1?s=96&d=mm&r=g","caption":"Morales Joel"},"url":"https:\/\/digital58.com.ve\/site\/author\/joelm\/"}]}},"uagb_featured_image_src":{"full":["https:\/\/digital58.com.ve\/site\/wp-content\/uploads\/2020\/07\/Registro-Electoral-2.jpg",800,463,false],"thumbnail":["https:\/\/digital58.com.ve\/site\/wp-content\/uploads\/2020\/07\/Registro-Electoral-2-150x150.jpg",150,150,true],"medium":["https:\/\/digital58.com.ve\/site\/wp-content\/uploads\/2020\/07\/Registro-Electoral-2-300x174.jpg",300,174,true],"medium_large":["https:\/\/digital58.com.ve\/site\/wp-content\/uploads\/2020\/07\/Registro-Electoral-2-768x445.jpg",768,445,true],"large":["https:\/\/digital58.com.ve\/site\/wp-content\/uploads\/2020\/07\/Registro-Electoral-2.jpg",800,463,false],"1536x1536":["https:\/\/digital58.com.ve\/site\/wp-content\/uploads\/2020\/07\/Registro-Electoral-2.jpg",800,463,false],"2048x2048":["https:\/\/digital58.com.ve\/site\/wp-content\/uploads\/2020\/07\/Registro-Electoral-2.jpg",800,463,false],"colormag-highlighted-post":["https:\/\/digital58.com.ve\/site\/wp-content\/uploads\/2020\/07\/Registro-Electoral-2.jpg",392,227,false],"colormag-featured-post-medium":["https:\/\/digital58.com.ve\/site\/wp-content\/uploads\/2020\/07\/Registro-Electoral-2.jpg",354,205,false],"colormag-featured-post-small":["https:\/\/digital58.com.ve\/site\/wp-content\/uploads\/2020\/07\/Registro-Electoral-2.jpg",130,75,false],"colormag-featured-image":["https:\/\/digital58.com.ve\/site\/wp-content\/uploads\/2020\/07\/Registro-Electoral-2.jpg",769,445,false],"colormag-default-news":["https:\/\/digital58.com.ve\/site\/wp-content\/uploads\/2020\/07\/Registro-Electoral-2.jpg",150,87,false],"colormag-featured-image-large":["https:\/\/digital58.com.ve\/site\/wp-content\/uploads\/2020\/07\/Registro-Electoral-2.jpg",800,463,false]},"uagb_author_info":{"display_name":"Morales Joel","author_link":"https:\/\/digital58.com.ve\/site\/author\/joelm\/"},"uagb_comment_info":0,"uagb_excerpt":"La organizaci\u00f3n se\u00f1ala que las condiciones del pa\u00eds, el tiempo del proceso y la inactividad de algunos centros se\u00f1alados como","_links":{"self":[{"href":"https:\/\/digital58.com.ve\/site\/wp-json\/wp\/v2\/posts\/118744","targetHints":{"allow":["GET"]}}],"collection":[{"href":"https:\/\/digital58.com.ve\/site\/wp-json\/wp\/v2\/posts"}],"about":[{"href":"https:\/\/digital58.com.ve\/site\/wp-json\/wp\/v2\/types\/post"}],"author":[{"embeddable":true,"href":"https:\/\/digital58.com.ve\/site\/wp-json\/wp\/v2\/users\/29"}],"replies":[{"embeddable":true,"href":"https:\/\/digital58.com.ve\/site\/wp-json\/wp\/v2\/comments?post=118744"}],"version-history":[{"count":0,"href":"https:\/\/digital58.com.ve\/site\/wp-json\/wp\/v2\/posts\/118744\/revisions"}],"wp:featuredmedia":[{"embeddable":true,"href":"https:\/\/digital58.com.ve\/site\/wp-json\/wp\/v2\/media\/118748"}],"wp:attachment":[{"href":"https:\/\/digital58.com.ve\/site\/wp-json\/wp\/v2\/media?parent=118744"}],"wp:term":[{"taxonomy":"category","embeddable":true,"href":"https:\/\/digital58.com.ve\/site\/wp-json\/wp\/v2\/categories?post=118744"},{"taxonomy":"post_tag","embeddable":true,"href":"https:\/\/digital58.com.ve\/site\/wp-json\/wp\/v2\/tags?post=118744"}],"curies":[{"name":"wp","href":"https:\/\/api.w.org\/{rel}","templated":true}]}}