{"id":118975,"date":"2020-07-31T11:38:19","date_gmt":"2020-07-31T15:38:19","guid":{"rendered":"https:\/\/digital58.com.ve\/site\/?p=118975"},"modified":"2020-07-31T11:38:19","modified_gmt":"2020-07-31T15:38:19","slug":"piden-autorizacion-de-un-vuelo-humanitario-para-venezolanos-varados-en-argentina","status":"publish","type":"post","link":"https:\/\/digital58.com.ve\/site\/2020\/07\/31\/piden-autorizacion-de-un-vuelo-humanitario-para-venezolanos-varados-en-argentina\/","title":{"rendered":"Piden autorizaci\u00f3n de un vuelo humanitario para venezolanos varados en Argentina"},"content":{"rendered":"<p><img loading=\"lazy\" decoding=\"async\" class=\"aligncenter wp-image-118982\" src=\"https:\/\/digital58.com.ve\/site\/wp-content\/uploads\/2020\/07\/Venezolanos-Varados-Argentina-300x225.jpg\" alt=\"\" width=\"600\" height=\"450\" srcset=\"https:\/\/digital58.com.ve\/site\/wp-content\/uploads\/2020\/07\/Venezolanos-Varados-Argentina-300x225.jpg 300w, https:\/\/digital58.com.ve\/site\/wp-content\/uploads\/2020\/07\/Venezolanos-Varados-Argentina-768x576.jpg 768w, https:\/\/digital58.com.ve\/site\/wp-content\/uploads\/2020\/07\/Venezolanos-Varados-Argentina.jpg 800w\" sizes=\"auto, (max-width: 600px) 100vw, 600px\" \/><\/p>\n<p>Los connacionales, que llegaron al pa\u00eds como turistas, llevan m\u00e1s de 130 d\u00edas varados en territorio argentino.<\/p>\n<p><strong>Caracas, DC, Venezuela, 31 de julio de 2020 (ND58).-\u00a0<\/strong>Al menos 384 venezolanos varados en Argentina, piden al gobierno nacional realizar las acciones necesarias, para autorizar un vuelo humanitario que les permita regresar al pa\u00eds.<\/p>\n<p>Jonathan Machillanda, portavoz del grupo de connacionales varados en el pa\u00eds sure\u00f1o, indic\u00f3 en una entrevista al circuito Uni\u00f3n Radio, que la situaci\u00f3n de todos estos ciudadanos es preocupante, se\u00f1alando que incluso algunos est\u00e1n en condiciones de calle o han enfermado.<\/p>\n<p>\u00abAlgunos llegamos por diez d\u00edas otros por un mes para visitar a nuestros familiares y ya llevamos m\u00e1s de 130 d\u00edas de confinamiento aqu\u00ed\u00bb, dijo Machillanda, advirtiendo adem\u00e1s que ya no poseen medios econ\u00f3micos para permanecer por m\u00e1s tiempo en el pa\u00eds.<\/p>\n<p>En este sentido, explic\u00f3 que muchos \u00abvinimos con un presupuesto de diez d\u00eda y ya llevamos m\u00e1s de cuatro meses ac\u00e1\u00bb.<\/p>\n<p>Por otra parte, indic\u00f3 que muchos de los varados, adultos y ni\u00f1os, no est\u00e1n preparados para enfrentar las bajas temperaturas de la regi\u00f3n, pero a\u00f1adi\u00f3 que han recibido el apoyo de diferentes organizaciones que les han donado abrigos y alimentos.<\/p>\n<p>Seg\u00fan inform\u00f3 Machillanda, el grupo ha realizado diferentes tr\u00e1mites ante el consulado y otros entes del estado venezolano en Argentina, sin embargo, la respuesta ha sido que deben esperar a que canciller\u00eda y el gobierno argentino realicen las gestiones.<\/p>\n<p>Venezuela, mantiene una prohibic\u00f3n de vuelos comerciales en el territorio, como medida para evitar mayor n\u00famero de casos de COVID-19.<\/p><div class=\"oatqu69f268c0bb9b7\" ><p style=\"text-align: center;\"><a href=\"https:\/\/t.me\/noticiasdigital58\" target=\"_blank\" rel=\"noopener\"><img class=\"aligncenter size-full wp-image-125363\" src=\"https:\/\/digital58.com.ve\/site\/wp-content\/uploads\/2021\/04\/banner-telegram-web-2021.png\" alt=\"\" width=\"600\" height=\"90\" \/><\/a><\/p><\/div><style type=\"text\/css\">\r\n@media screen and (min-width: 1201px) {\r\n.oatqu69f268c0bb9b7 {\r\ndisplay: block;\r\n}\r\n}\r\n@media screen and (min-width: 993px) and (max-width: 1200px) {\r\n.oatqu69f268c0bb9b7 {\r\ndisplay: block;\r\n}\r\n}\r\n@media screen and (min-width: 769px) and (max-width: 992px) {\r\n.oatqu69f268c0bb9b7 {\r\ndisplay: block;\r\n}\r\n}\r\n@media screen and (min-width: 768px) and (max-width: 768px) {\r\n.oatqu69f268c0bb9b7 {\r\ndisplay: block;\r\n}\r\n}\r\n@media screen and (max-width: 767px) {\r\n.oatqu69f268c0bb9b7 {\r\ndisplay: block;\r\n}\r\n}\r\n<\/style>\r\n\n<p><strong>Redacci\u00f3n: Morales, Joel (@joeldmc32) | Fuente: Agencias<br \/>\nEdici\u00f3n: Villasmil, Henry<br \/>\nGr\u00e1fica: Cortes\u00eda<\/strong><\/p>\n<div style=\"margin-top: 0px; margin-bottom: 0px;\" class=\"sharethis-inline-share-buttons\" ><\/div>","protected":false},"excerpt":{"rendered":"<p>Los connacionales, que llegaron al pa\u00eds como turistas, llevan m\u00e1s de 130 d\u00edas varados en territorio argentino. Caracas, DC, Venezuela,<\/p>\n","protected":false},"author":29,"featured_media":118982,"comment_status":"open","ping_status":"closed","sticky":false,"template":"","format":"standard","meta":{"colormag_page_container_layout":"default_layout","colormag_page_sidebar_layout":"default_layout","_uag_custom_page_level_css":"","footnotes":""},"categories":[16454],"tags":[36,13352,13648,8,19189,233,13723,15564,32,18039],"class_list":["post-118975","post","type-post","status-publish","format-standard","has-post-thumbnail","hentry","category-venezuela","tag-argentina","tag-coronavirus","tag-covid-19","tag-internacionales","tag-jonathan-machillanda","tag-nacionales","tag-pandemia","tag-venezolanos-varados-en-argentina","tag-venezuela","tag-vuelo-humanitario"],"yoast_head":"<!-- This site is optimized with the Yoast SEO plugin v27.5 - https:\/\/yoast.com\/product\/yoast-seo-wordpress\/ -->\n<title>Piden autorizaci\u00f3n de un vuelo humanitario para venezolanos varados en Argentina<\/title>\n<meta name=\"description\" content=\"Venezuela\" \/>\n<meta name=\"robots\" content=\"index, follow, max-snippet:-1, max-image-preview:large, max-video-preview:-1\" \/>\n<link rel=\"canonical\" href=\"https:\/\/digital58.com.ve\/site\/2020\/07\/31\/piden-autorizacion-de-un-vuelo-humanitario-para-venezolanos-varados-en-argentina\/\" \/>\n<meta property=\"og:locale\" content=\"es_ES\" \/>\n<meta property=\"og:type\" content=\"article\" \/>\n<meta property=\"og:title\" content=\"Piden autorizaci\u00f3n de un vuelo humanitario para venezolanos varados en Argentina\" \/>\n<meta property=\"og:description\" content=\"Venezuela\" \/>\n<meta property=\"og:url\" content=\"https:\/\/digital58.com.ve\/site\/2020\/07\/31\/piden-autorizacion-de-un-vuelo-humanitario-para-venezolanos-varados-en-argentina\/\" \/>\n<meta property=\"og:site_name\" content=\"Noticias Digital58\" \/>\n<meta property=\"article:published_time\" content=\"2020-07-31T15:38:19+00:00\" \/>\n<meta property=\"og:image\" content=\"https:\/\/digital58.com.ve\/site\/wp-content\/uploads\/2020\/07\/Venezolanos-Varados-Argentina.jpg\" \/>\n\t<meta property=\"og:image:width\" content=\"900\" \/>\n\t<meta property=\"og:image:height\" content=\"675\" \/>\n\t<meta property=\"og:image:type\" content=\"image\/jpeg\" \/>\n<meta name=\"author\" content=\"Morales Joel\" \/>\n<meta name=\"twitter:card\" content=\"summary_large_image\" \/>\n<meta name=\"twitter:creator\" content=\"@Digital_58\" \/>\n<meta name=\"twitter:site\" content=\"@villasmilhfoto\" \/>\n<meta name=\"twitter:label1\" content=\"Escrito por\" \/>\n\t<meta name=\"twitter:data1\" content=\"Morales Joel\" \/>\n\t<meta name=\"twitter:label2\" content=\"Tiempo estimado de lectura\" \/>\n\t<meta name=\"twitter:data2\" content=\"1 minuto\" \/>\n<script type=\"application\/ld+json\" class=\"yoast-schema-graph\">{\"@context\":\"https:\\\/\\\/schema.org\",\"@graph\":[{\"@type\":\"Article\",\"@id\":\"https:\\\/\\\/digital58.com.ve\\\/site\\\/2020\\\/07\\\/31\\\/piden-autorizacion-de-un-vuelo-humanitario-para-venezolanos-varados-en-argentina\\\/#article\",\"isPartOf\":{\"@id\":\"https:\\\/\\\/digital58.com.ve\\\/site\\\/2020\\\/07\\\/31\\\/piden-autorizacion-de-un-vuelo-humanitario-para-venezolanos-varados-en-argentina\\\/\"},\"author\":{\"name\":\"Morales Joel\",\"@id\":\"https:\\\/\\\/digital58.com.ve\\\/site\\\/#\\\/schema\\\/person\\\/8daf5f8bfd9ebdb98150c62bff195b72\"},\"headline\":\"Piden autorizaci\u00f3n de un vuelo humanitario para venezolanos varados en Argentina\",\"datePublished\":\"2020-07-31T15:38:19+00:00\",\"mainEntityOfPage\":{\"@id\":\"https:\\\/\\\/digital58.com.ve\\\/site\\\/2020\\\/07\\\/31\\\/piden-autorizacion-de-un-vuelo-humanitario-para-venezolanos-varados-en-argentina\\\/\"},\"wordCount\":306,\"commentCount\":0,\"publisher\":{\"@id\":\"https:\\\/\\\/digital58.com.ve\\\/site\\\/#\\\/schema\\\/person\\\/64d1c2e4d0d4fd1b849980c4331c2951\"},\"image\":{\"@id\":\"https:\\\/\\\/digital58.com.ve\\\/site\\\/2020\\\/07\\\/31\\\/piden-autorizacion-de-un-vuelo-humanitario-para-venezolanos-varados-en-argentina\\\/#primaryimage\"},\"thumbnailUrl\":\"https:\\\/\\\/digital58.com.ve\\\/site\\\/wp-content\\\/uploads\\\/2020\\\/07\\\/Venezolanos-Varados-Argentina.jpg\",\"keywords\":[\"Argentina\",\"Coronavirus\",\"COVID-19\",\"Internacionales\",\"Jonathan Machillanda\",\"Nacionales\",\"Pandemia\",\"Venezolanos Varados en Argentina\",\"Venezuela\",\"vuelo humanitario\"],\"articleSection\":[\"Venezuela\"],\"inLanguage\":\"es\",\"potentialAction\":[{\"@type\":\"CommentAction\",\"name\":\"Comment\",\"target\":[\"https:\\\/\\\/digital58.com.ve\\\/site\\\/2020\\\/07\\\/31\\\/piden-autorizacion-de-un-vuelo-humanitario-para-venezolanos-varados-en-argentina\\\/#respond\"]}]},{\"@type\":\"WebPage\",\"@id\":\"https:\\\/\\\/digital58.com.ve\\\/site\\\/2020\\\/07\\\/31\\\/piden-autorizacion-de-un-vuelo-humanitario-para-venezolanos-varados-en-argentina\\\/\",\"url\":\"https:\\\/\\\/digital58.com.ve\\\/site\\\/2020\\\/07\\\/31\\\/piden-autorizacion-de-un-vuelo-humanitario-para-venezolanos-varados-en-argentina\\\/\",\"name\":\"Piden autorizaci\u00f3n de un vuelo humanitario para venezolanos varados en Argentina\",\"isPartOf\":{\"@id\":\"https:\\\/\\\/digital58.com.ve\\\/site\\\/#website\"},\"primaryImageOfPage\":{\"@id\":\"https:\\\/\\\/digital58.com.ve\\\/site\\\/2020\\\/07\\\/31\\\/piden-autorizacion-de-un-vuelo-humanitario-para-venezolanos-varados-en-argentina\\\/#primaryimage\"},\"image\":{\"@id\":\"https:\\\/\\\/digital58.com.ve\\\/site\\\/2020\\\/07\\\/31\\\/piden-autorizacion-de-un-vuelo-humanitario-para-venezolanos-varados-en-argentina\\\/#primaryimage\"},\"thumbnailUrl\":\"https:\\\/\\\/digital58.com.ve\\\/site\\\/wp-content\\\/uploads\\\/2020\\\/07\\\/Venezolanos-Varados-Argentina.jpg\",\"datePublished\":\"2020-07-31T15:38:19+00:00\",\"description\":\"Venezuela\",\"breadcrumb\":{\"@id\":\"https:\\\/\\\/digital58.com.ve\\\/site\\\/2020\\\/07\\\/31\\\/piden-autorizacion-de-un-vuelo-humanitario-para-venezolanos-varados-en-argentina\\\/#breadcrumb\"},\"inLanguage\":\"es\",\"potentialAction\":[{\"@type\":\"ReadAction\",\"target\":[\"https:\\\/\\\/digital58.com.ve\\\/site\\\/2020\\\/07\\\/31\\\/piden-autorizacion-de-un-vuelo-humanitario-para-venezolanos-varados-en-argentina\\\/\"]}]},{\"@type\":\"ImageObject\",\"inLanguage\":\"es\",\"@id\":\"https:\\\/\\\/digital58.com.ve\\\/site\\\/2020\\\/07\\\/31\\\/piden-autorizacion-de-un-vuelo-humanitario-para-venezolanos-varados-en-argentina\\\/#primaryimage\",\"url\":\"https:\\\/\\\/digital58.com.ve\\\/site\\\/wp-content\\\/uploads\\\/2020\\\/07\\\/Venezolanos-Varados-Argentina.jpg\",\"contentUrl\":\"https:\\\/\\\/digital58.com.ve\\\/site\\\/wp-content\\\/uploads\\\/2020\\\/07\\\/Venezolanos-Varados-Argentina.jpg\",\"width\":800,\"height\":600},{\"@type\":\"BreadcrumbList\",\"@id\":\"https:\\\/\\\/digital58.com.ve\\\/site\\\/2020\\\/07\\\/31\\\/piden-autorizacion-de-un-vuelo-humanitario-para-venezolanos-varados-en-argentina\\\/#breadcrumb\",\"itemListElement\":[{\"@type\":\"ListItem\",\"position\":1,\"name\":\"Home\",\"item\":\"https:\\\/\\\/digital58.com.ve\\\/site\\\/\"},{\"@type\":\"ListItem\",\"position\":2,\"name\":\"Piden autorizaci\u00f3n de un vuelo humanitario para venezolanos varados en Argentina\"}]},{\"@type\":\"WebSite\",\"@id\":\"https:\\\/\\\/digital58.com.ve\\\/site\\\/#website\",\"url\":\"https:\\\/\\\/digital58.com.ve\\\/site\\\/\",\"name\":\"Noticias Digital58\",\"description\":\"Portal de Noticias \u00a1Periodismo web de verdad! Lanzamiento web 22.11.2005 \\\/ Maracaibo, Venezuela\",\"publisher\":{\"@id\":\"https:\\\/\\\/digital58.com.ve\\\/site\\\/#\\\/schema\\\/person\\\/64d1c2e4d0d4fd1b849980c4331c2951\"},\"alternateName\":\"ND58\",\"potentialAction\":[{\"@type\":\"SearchAction\",\"target\":{\"@type\":\"EntryPoint\",\"urlTemplate\":\"https:\\\/\\\/digital58.com.ve\\\/site\\\/?s={search_term_string}\"},\"query-input\":{\"@type\":\"PropertyValueSpecification\",\"valueRequired\":true,\"valueName\":\"search_term_string\"}}],\"inLanguage\":\"es\"},{\"@type\":[\"Person\",\"Organization\"],\"@id\":\"https:\\\/\\\/digital58.com.ve\\\/site\\\/#\\\/schema\\\/person\\\/64d1c2e4d0d4fd1b849980c4331c2951\",\"name\":\"Villasmil Henry\",\"image\":{\"@type\":\"ImageObject\",\"inLanguage\":\"es\",\"@id\":\"https:\\\/\\\/secure.gravatar.com\\\/avatar\\\/bb0c4a2fcb7970138239f7e404ea75757b1b507b28b5ce4c53fbd62d797c5a7c?s=96&d=mm&r=g\",\"url\":\"https:\\\/\\\/secure.gravatar.com\\\/avatar\\\/bb0c4a2fcb7970138239f7e404ea75757b1b507b28b5ce4c53fbd62d797c5a7c?s=96&d=mm&r=g\",\"contentUrl\":\"https:\\\/\\\/secure.gravatar.com\\\/avatar\\\/bb0c4a2fcb7970138239f7e404ea75757b1b507b28b5ce4c53fbd62d797c5a7c?s=96&d=mm&r=g\",\"caption\":\"Villasmil Henry\"},\"logo\":{\"@id\":\"https:\\\/\\\/secure.gravatar.com\\\/avatar\\\/bb0c4a2fcb7970138239f7e404ea75757b1b507b28b5ce4c53fbd62d797c5a7c?s=96&d=mm&r=g\"},\"sameAs\":[\"http:\\\/\\\/www.henryvillasmil.com.ve\",\"https:\\\/\\\/www.instagram.com\\\/villasmilhfoto\\\/\",\"https:\\\/\\\/x.com\\\/https:\\\/\\\/twitter.com\\\/villasmilhfoto\"]},{\"@type\":\"Person\",\"@id\":\"https:\\\/\\\/digital58.com.ve\\\/site\\\/#\\\/schema\\\/person\\\/8daf5f8bfd9ebdb98150c62bff195b72\",\"name\":\"Morales Joel\",\"image\":{\"@type\":\"ImageObject\",\"inLanguage\":\"es\",\"@id\":\"https:\\\/\\\/secure.gravatar.com\\\/avatar\\\/e2cb5ce0e9279ab3c8e03d472e483f32e666716a18da3bfa7b0749a5465409f1?s=96&d=mm&r=g\",\"url\":\"https:\\\/\\\/secure.gravatar.com\\\/avatar\\\/e2cb5ce0e9279ab3c8e03d472e483f32e666716a18da3bfa7b0749a5465409f1?s=96&d=mm&r=g\",\"contentUrl\":\"https:\\\/\\\/secure.gravatar.com\\\/avatar\\\/e2cb5ce0e9279ab3c8e03d472e483f32e666716a18da3bfa7b0749a5465409f1?s=96&d=mm&r=g\",\"caption\":\"Morales Joel\"},\"url\":\"https:\\\/\\\/digital58.com.ve\\\/site\\\/author\\\/joelm\\\/\"}]}<\/script>\n<!-- \/ Yoast SEO plugin. -->","yoast_head_json":{"title":"Piden autorizaci\u00f3n de un vuelo humanitario para venezolanos varados en Argentina","description":"Venezuela","robots":{"index":"index","follow":"follow","max-snippet":"max-snippet:-1","max-image-preview":"max-image-preview:large","max-video-preview":"max-video-preview:-1"},"canonical":"https:\/\/digital58.com.ve\/site\/2020\/07\/31\/piden-autorizacion-de-un-vuelo-humanitario-para-venezolanos-varados-en-argentina\/","og_locale":"es_ES","og_type":"article","og_title":"Piden autorizaci\u00f3n de un vuelo humanitario para venezolanos varados en Argentina","og_description":"Venezuela","og_url":"https:\/\/digital58.com.ve\/site\/2020\/07\/31\/piden-autorizacion-de-un-vuelo-humanitario-para-venezolanos-varados-en-argentina\/","og_site_name":"Noticias Digital58","article_published_time":"2020-07-31T15:38:19+00:00","og_image":[{"width":900,"height":675,"url":"https:\/\/digital58.com.ve\/site\/wp-content\/uploads\/2020\/07\/Venezolanos-Varados-Argentina.jpg","type":"image\/jpeg"}],"author":"Morales Joel","twitter_card":"summary_large_image","twitter_creator":"@Digital_58","twitter_site":"@villasmilhfoto","twitter_misc":{"Escrito por":"Morales Joel","Tiempo estimado de lectura":"1 minuto"},"schema":{"@context":"https:\/\/schema.org","@graph":[{"@type":"Article","@id":"https:\/\/digital58.com.ve\/site\/2020\/07\/31\/piden-autorizacion-de-un-vuelo-humanitario-para-venezolanos-varados-en-argentina\/#article","isPartOf":{"@id":"https:\/\/digital58.com.ve\/site\/2020\/07\/31\/piden-autorizacion-de-un-vuelo-humanitario-para-venezolanos-varados-en-argentina\/"},"author":{"name":"Morales Joel","@id":"https:\/\/digital58.com.ve\/site\/#\/schema\/person\/8daf5f8bfd9ebdb98150c62bff195b72"},"headline":"Piden autorizaci\u00f3n de un vuelo humanitario para venezolanos varados en Argentina","datePublished":"2020-07-31T15:38:19+00:00","mainEntityOfPage":{"@id":"https:\/\/digital58.com.ve\/site\/2020\/07\/31\/piden-autorizacion-de-un-vuelo-humanitario-para-venezolanos-varados-en-argentina\/"},"wordCount":306,"commentCount":0,"publisher":{"@id":"https:\/\/digital58.com.ve\/site\/#\/schema\/person\/64d1c2e4d0d4fd1b849980c4331c2951"},"image":{"@id":"https:\/\/digital58.com.ve\/site\/2020\/07\/31\/piden-autorizacion-de-un-vuelo-humanitario-para-venezolanos-varados-en-argentina\/#primaryimage"},"thumbnailUrl":"https:\/\/digital58.com.ve\/site\/wp-content\/uploads\/2020\/07\/Venezolanos-Varados-Argentina.jpg","keywords":["Argentina","Coronavirus","COVID-19","Internacionales","Jonathan Machillanda","Nacionales","Pandemia","Venezolanos Varados en Argentina","Venezuela","vuelo humanitario"],"articleSection":["Venezuela"],"inLanguage":"es","potentialAction":[{"@type":"CommentAction","name":"Comment","target":["https:\/\/digital58.com.ve\/site\/2020\/07\/31\/piden-autorizacion-de-un-vuelo-humanitario-para-venezolanos-varados-en-argentina\/#respond"]}]},{"@type":"WebPage","@id":"https:\/\/digital58.com.ve\/site\/2020\/07\/31\/piden-autorizacion-de-un-vuelo-humanitario-para-venezolanos-varados-en-argentina\/","url":"https:\/\/digital58.com.ve\/site\/2020\/07\/31\/piden-autorizacion-de-un-vuelo-humanitario-para-venezolanos-varados-en-argentina\/","name":"Piden autorizaci\u00f3n de un vuelo humanitario para venezolanos varados en Argentina","isPartOf":{"@id":"https:\/\/digital58.com.ve\/site\/#website"},"primaryImageOfPage":{"@id":"https:\/\/digital58.com.ve\/site\/2020\/07\/31\/piden-autorizacion-de-un-vuelo-humanitario-para-venezolanos-varados-en-argentina\/#primaryimage"},"image":{"@id":"https:\/\/digital58.com.ve\/site\/2020\/07\/31\/piden-autorizacion-de-un-vuelo-humanitario-para-venezolanos-varados-en-argentina\/#primaryimage"},"thumbnailUrl":"https:\/\/digital58.com.ve\/site\/wp-content\/uploads\/2020\/07\/Venezolanos-Varados-Argentina.jpg","datePublished":"2020-07-31T15:38:19+00:00","description":"Venezuela","breadcrumb":{"@id":"https:\/\/digital58.com.ve\/site\/2020\/07\/31\/piden-autorizacion-de-un-vuelo-humanitario-para-venezolanos-varados-en-argentina\/#breadcrumb"},"inLanguage":"es","potentialAction":[{"@type":"ReadAction","target":["https:\/\/digital58.com.ve\/site\/2020\/07\/31\/piden-autorizacion-de-un-vuelo-humanitario-para-venezolanos-varados-en-argentina\/"]}]},{"@type":"ImageObject","inLanguage":"es","@id":"https:\/\/digital58.com.ve\/site\/2020\/07\/31\/piden-autorizacion-de-un-vuelo-humanitario-para-venezolanos-varados-en-argentina\/#primaryimage","url":"https:\/\/digital58.com.ve\/site\/wp-content\/uploads\/2020\/07\/Venezolanos-Varados-Argentina.jpg","contentUrl":"https:\/\/digital58.com.ve\/site\/wp-content\/uploads\/2020\/07\/Venezolanos-Varados-Argentina.jpg","width":800,"height":600},{"@type":"BreadcrumbList","@id":"https:\/\/digital58.com.ve\/site\/2020\/07\/31\/piden-autorizacion-de-un-vuelo-humanitario-para-venezolanos-varados-en-argentina\/#breadcrumb","itemListElement":[{"@type":"ListItem","position":1,"name":"Home","item":"https:\/\/digital58.com.ve\/site\/"},{"@type":"ListItem","position":2,"name":"Piden autorizaci\u00f3n de un vuelo humanitario para venezolanos varados en Argentina"}]},{"@type":"WebSite","@id":"https:\/\/digital58.com.ve\/site\/#website","url":"https:\/\/digital58.com.ve\/site\/","name":"Noticias Digital58","description":"Portal de Noticias \u00a1Periodismo web de verdad! Lanzamiento web 22.11.2005 \/ Maracaibo, Venezuela","publisher":{"@id":"https:\/\/digital58.com.ve\/site\/#\/schema\/person\/64d1c2e4d0d4fd1b849980c4331c2951"},"alternateName":"ND58","potentialAction":[{"@type":"SearchAction","target":{"@type":"EntryPoint","urlTemplate":"https:\/\/digital58.com.ve\/site\/?s={search_term_string}"},"query-input":{"@type":"PropertyValueSpecification","valueRequired":true,"valueName":"search_term_string"}}],"inLanguage":"es"},{"@type":["Person","Organization"],"@id":"https:\/\/digital58.com.ve\/site\/#\/schema\/person\/64d1c2e4d0d4fd1b849980c4331c2951","name":"Villasmil Henry","image":{"@type":"ImageObject","inLanguage":"es","@id":"https:\/\/secure.gravatar.com\/avatar\/bb0c4a2fcb7970138239f7e404ea75757b1b507b28b5ce4c53fbd62d797c5a7c?s=96&d=mm&r=g","url":"https:\/\/secure.gravatar.com\/avatar\/bb0c4a2fcb7970138239f7e404ea75757b1b507b28b5ce4c53fbd62d797c5a7c?s=96&d=mm&r=g","contentUrl":"https:\/\/secure.gravatar.com\/avatar\/bb0c4a2fcb7970138239f7e404ea75757b1b507b28b5ce4c53fbd62d797c5a7c?s=96&d=mm&r=g","caption":"Villasmil Henry"},"logo":{"@id":"https:\/\/secure.gravatar.com\/avatar\/bb0c4a2fcb7970138239f7e404ea75757b1b507b28b5ce4c53fbd62d797c5a7c?s=96&d=mm&r=g"},"sameAs":["http:\/\/www.henryvillasmil.com.ve","https:\/\/www.instagram.com\/villasmilhfoto\/","https:\/\/x.com\/https:\/\/twitter.com\/villasmilhfoto"]},{"@type":"Person","@id":"https:\/\/digital58.com.ve\/site\/#\/schema\/person\/8daf5f8bfd9ebdb98150c62bff195b72","name":"Morales Joel","image":{"@type":"ImageObject","inLanguage":"es","@id":"https:\/\/secure.gravatar.com\/avatar\/e2cb5ce0e9279ab3c8e03d472e483f32e666716a18da3bfa7b0749a5465409f1?s=96&d=mm&r=g","url":"https:\/\/secure.gravatar.com\/avatar\/e2cb5ce0e9279ab3c8e03d472e483f32e666716a18da3bfa7b0749a5465409f1?s=96&d=mm&r=g","contentUrl":"https:\/\/secure.gravatar.com\/avatar\/e2cb5ce0e9279ab3c8e03d472e483f32e666716a18da3bfa7b0749a5465409f1?s=96&d=mm&r=g","caption":"Morales Joel"},"url":"https:\/\/digital58.com.ve\/site\/author\/joelm\/"}]}},"uagb_featured_image_src":{"full":["https:\/\/digital58.com.ve\/site\/wp-content\/uploads\/2020\/07\/Venezolanos-Varados-Argentina.jpg",800,600,false],"thumbnail":["https:\/\/digital58.com.ve\/site\/wp-content\/uploads\/2020\/07\/Venezolanos-Varados-Argentina-150x150.jpg",150,150,true],"medium":["https:\/\/digital58.com.ve\/site\/wp-content\/uploads\/2020\/07\/Venezolanos-Varados-Argentina-300x225.jpg",300,225,true],"medium_large":["https:\/\/digital58.com.ve\/site\/wp-content\/uploads\/2020\/07\/Venezolanos-Varados-Argentina-768x576.jpg",768,576,true],"large":["https:\/\/digital58.com.ve\/site\/wp-content\/uploads\/2020\/07\/Venezolanos-Varados-Argentina.jpg",800,600,false],"1536x1536":["https:\/\/digital58.com.ve\/site\/wp-content\/uploads\/2020\/07\/Venezolanos-Varados-Argentina.jpg",800,600,false],"2048x2048":["https:\/\/digital58.com.ve\/site\/wp-content\/uploads\/2020\/07\/Venezolanos-Varados-Argentina.jpg",800,600,false],"colormag-highlighted-post":["https:\/\/digital58.com.ve\/site\/wp-content\/uploads\/2020\/07\/Venezolanos-Varados-Argentina.jpg",363,272,false],"colormag-featured-post-medium":["https:\/\/digital58.com.ve\/site\/wp-content\/uploads\/2020\/07\/Venezolanos-Varados-Argentina.jpg",273,205,false],"colormag-featured-post-small":["https:\/\/digital58.com.ve\/site\/wp-content\/uploads\/2020\/07\/Venezolanos-Varados-Argentina.jpg",120,90,false],"colormag-featured-image":["https:\/\/digital58.com.ve\/site\/wp-content\/uploads\/2020\/07\/Venezolanos-Varados-Argentina.jpg",593,445,false],"colormag-default-news":["https:\/\/digital58.com.ve\/site\/wp-content\/uploads\/2020\/07\/Venezolanos-Varados-Argentina.jpg",150,113,false],"colormag-featured-image-large":["https:\/\/digital58.com.ve\/site\/wp-content\/uploads\/2020\/07\/Venezolanos-Varados-Argentina.jpg",800,600,false]},"uagb_author_info":{"display_name":"Morales Joel","author_link":"https:\/\/digital58.com.ve\/site\/author\/joelm\/"},"uagb_comment_info":0,"uagb_excerpt":"Los connacionales, que llegaron al pa\u00eds como turistas, llevan m\u00e1s de 130 d\u00edas varados en territorio argentino. Caracas, DC, Venezuela,","_links":{"self":[{"href":"https:\/\/digital58.com.ve\/site\/wp-json\/wp\/v2\/posts\/118975","targetHints":{"allow":["GET"]}}],"collection":[{"href":"https:\/\/digital58.com.ve\/site\/wp-json\/wp\/v2\/posts"}],"about":[{"href":"https:\/\/digital58.com.ve\/site\/wp-json\/wp\/v2\/types\/post"}],"author":[{"embeddable":true,"href":"https:\/\/digital58.com.ve\/site\/wp-json\/wp\/v2\/users\/29"}],"replies":[{"embeddable":true,"href":"https:\/\/digital58.com.ve\/site\/wp-json\/wp\/v2\/comments?post=118975"}],"version-history":[{"count":0,"href":"https:\/\/digital58.com.ve\/site\/wp-json\/wp\/v2\/posts\/118975\/revisions"}],"wp:featuredmedia":[{"embeddable":true,"href":"https:\/\/digital58.com.ve\/site\/wp-json\/wp\/v2\/media\/118982"}],"wp:attachment":[{"href":"https:\/\/digital58.com.ve\/site\/wp-json\/wp\/v2\/media?parent=118975"}],"wp:term":[{"taxonomy":"category","embeddable":true,"href":"https:\/\/digital58.com.ve\/site\/wp-json\/wp\/v2\/categories?post=118975"},{"taxonomy":"post_tag","embeddable":true,"href":"https:\/\/digital58.com.ve\/site\/wp-json\/wp\/v2\/tags?post=118975"}],"curies":[{"name":"wp","href":"https:\/\/api.w.org\/{rel}","templated":true}]}}