{"id":119133,"date":"2020-07-31T19:24:38","date_gmt":"2020-07-31T23:24:38","guid":{"rendered":"https:\/\/digital58.com.ve\/site\/?p=119133"},"modified":"2020-07-31T19:24:38","modified_gmt":"2020-07-31T23:24:38","slug":"eldi-montero-afirmo-que-para-lograr-la-recuperacion-del-sector-comercial-deberian-abrir-todas-las-semanas","status":"publish","type":"post","link":"https:\/\/digital58.com.ve\/site\/2020\/07\/31\/eldi-montero-afirmo-que-para-lograr-la-recuperacion-del-sector-comercial-deberian-abrir-todas-las-semanas\/","title":{"rendered":"Eldi Montero afirm\u00f3 que para lograr la recuperaci\u00f3n del sector comercial deber\u00edan abrir todas las semanas"},"content":{"rendered":"<p><img loading=\"lazy\" decoding=\"async\" class=\"size-full wp-image-119134 aligncenter\" src=\"https:\/\/digital58.com.ve\/site\/wp-content\/uploads\/2020\/07\/eldi.jpg\" alt=\"\" width=\"780\" height=\"602\" srcset=\"https:\/\/digital58.com.ve\/site\/wp-content\/uploads\/2020\/07\/eldi.jpg 780w, https:\/\/digital58.com.ve\/site\/wp-content\/uploads\/2020\/07\/eldi-300x232.jpg 300w, https:\/\/digital58.com.ve\/site\/wp-content\/uploads\/2020\/07\/eldi-768x593.jpg 768w\" sizes=\"auto, (max-width: 780px) 100vw, 780px\" \/><\/p>\n<p>Destac\u00f3 luego que la actual junta directiva de la C\u00e1mara de Comercio del Estado Lara se halla elaborando un proyecto que involucre tanto a sus afiliados como a los organismos crediticios del Estado.<\/p>\n<p><strong>Barquisimeto, Lara,\u00a0 Venezuela 31<\/strong><strong>\u00a0 de julio de 2020 (ND58).-<\/strong>\u00a0Para Eldi Montero presidente de la C\u00e1mara de Comercio del estado Lara , para lograr una recuperaci\u00f3n m\u00e1s r\u00e1pida y m\u00e1s efectiva del sector comercio, no solamente en el Estado Lara sino en toda Venezuela, es virtualmente indispensable que nuestros establecimientos permanezcan activos todas las semanas en forma continua, sugerencia que elevo, con el mayor respeto, a las autoridades competentes.<\/p>\n<p>Montero aclar\u00f3 que tal planteamiento lo hace \u00e9l a t\u00edtulo personal, por cuanto todav\u00eda advirti\u00f3 la junta directiva de la C\u00e1mara de Comercio no ha fijado una posici\u00f3n al respecto.<\/p>\n<p>Se\u00f1al\u00f3 el dirigente que \u00abyo entiendo muy bien las razones que esgrime el gobierno nacional en la lucha que mantiene contra la pandemia del coronavirus\u00bb,<\/p>\n<p>Pero es que resulta que hay dos detalles: Uno, que abrir nuestros establecimientos una semana s\u00ed y una semana no ha venido a alterar de forma considerable la productividad de nuestros establecimientos.<\/p>\n<p>Y, en segundo lugar, en caso de mantenerse en el tiempo tal medida, ello va a venir siendo como si, de cada dos meses, trabaj\u00e1semos solamente uno, o, si vamos mucho m\u00e1s all\u00e1, como si, en los doce meses del a\u00f1o, trabaj\u00e1semos \u00fanicamente seis. Imag\u00ednese.<\/p>\n<p>Record\u00f3 que, precisamente, las medidas originadas por la pandemia, sumadas a la situaci\u00f3n socio-econ\u00f3mica que ya el pa\u00eds viv\u00eda antes de ello, es lo que ha originado que, de los aproximadamente 31.000 establecimientos comerciales que hab\u00eda en el Estado Lara hasta hace unos tres o cuatro a\u00f1os, el 65 por ciento de ellos se halle en cierre t\u00e9cnico, o redimensionado en sus operaciones, con la lamentable carga de desempleo que ello ha conllevado.<\/p>\n<p>Y la principal muestra de todo ello \u2013prosigui\u00f3\u2014lo tenemos precisamente en lo que va de mes de julio, durante el cual se ha mantenido la ya larga tendencia de que muchos comercios est\u00e9n cerrados, en muchos casos tambi\u00e9n por ausentismo laboral, pero que, al final de cuentas, todo ello origina el que no haya producci\u00f3n, y al no haber producci\u00f3n, no hay ventas.<\/p>\n<p>Y eso tambi\u00e9n ocurre con los establecimientos que ofrecen servicios, porque estos \u00faltimos son consecuencia de los otros.<\/p>\n<p>Expres\u00f3 luego Montero que, tambi\u00e9n a su juicio, esta autorizaci\u00f3n para laborar todas las semanas en forma continua debiera igualmente extenderse hasta el sector industrial.<\/p>\n<p>Y tal pedimento\u00a0 lo avala, adem\u00e1s, el hecho de que, como ha sido evidente hasta ahora, la gran mayor\u00eda de los contagios del coronavirus no ha provenido ni del sector comercio ni del sector industrial.<\/p>\n<p>Destac\u00f3 luego que la actual junta directiva de la C\u00e1mara de Comercio del Estado Lara se halla elaborando un proyecto que involucre tanto a sus afiliados como a los organismos crediticios del Estado.<\/p>\n<p>\u00bfPara qu\u00e9\u2026? Bueno, sencillamente por cuanto con seguridad ser\u00e1n muchos los establecimientos comerciales que,\u00a0 a\u00fan cuando mantienen capacidad operativa, van a necesitar de tales cr\u00e9ditos para poder lograr su plena recuperaci\u00f3n.<\/p><div class=\"nlarp69f2261f897fb\" ><p style=\"text-align: center;\"><a href=\"https:\/\/t.me\/noticiasdigital58\" target=\"_blank\" rel=\"noopener\"><img class=\"aligncenter size-full wp-image-125363\" src=\"https:\/\/digital58.com.ve\/site\/wp-content\/uploads\/2021\/04\/banner-telegram-web-2021.png\" alt=\"\" width=\"600\" height=\"90\" \/><\/a><\/p><\/div><style type=\"text\/css\">\r\n@media screen and (min-width: 1201px) {\r\n.nlarp69f2261f897fb {\r\ndisplay: block;\r\n}\r\n}\r\n@media screen and (min-width: 993px) and (max-width: 1200px) {\r\n.nlarp69f2261f897fb {\r\ndisplay: block;\r\n}\r\n}\r\n@media screen and (min-width: 769px) and (max-width: 992px) {\r\n.nlarp69f2261f897fb {\r\ndisplay: block;\r\n}\r\n}\r\n@media screen and (min-width: 768px) and (max-width: 768px) {\r\n.nlarp69f2261f897fb {\r\ndisplay: block;\r\n}\r\n}\r\n@media screen and (max-width: 767px) {\r\n.nlarp69f2261f897fb {\r\ndisplay: block;\r\n}\r\n}\r\n<\/style>\r\n\n<p><b><strong>Re<\/strong><strong>dacci\u00f3n: Molero, Luis\u00a0 (@Moleromarquez) | Fuente: Agencias<br \/>\nEdici\u00f3n: Villasmil, Henry<br \/>\nGr\u00e1ficas: Cortes\u00eda<\/strong><\/b><\/p>\n<div style=\"margin-top: 0px; margin-bottom: 0px;\" class=\"sharethis-inline-share-buttons\" ><\/div>","protected":false},"excerpt":{"rendered":"<p>Destac\u00f3 luego que la actual junta directiva de la C\u00e1mara de Comercio del Estado Lara se halla elaborando un proyecto<\/p>\n","protected":false},"author":26,"featured_media":119134,"comment_status":"open","ping_status":"closed","sticky":false,"template":"","format":"standard","meta":{"colormag_page_container_layout":"default_layout","colormag_page_sidebar_layout":"default_layout","_uag_custom_page_level_css":"","footnotes":""},"categories":[16454],"tags":[19255,19254,15358,233,19256],"class_list":["post-119133","post","type-post","status-publish","format-standard","has-post-thumbnail","hentry","category-venezuela","tag-camara-de-comercio-del-estado-lara","tag-eldi-montero","tag-estado-lara","tag-nacionales","tag-sector-comercial"],"yoast_head":"<!-- This site is optimized with the Yoast SEO plugin v27.5 - https:\/\/yoast.com\/product\/yoast-seo-wordpress\/ -->\n<title>Eldi Montero afirm\u00f3 que para lograr la recuperaci\u00f3n del sector comercial deber\u00edan abrir todas las semanas<\/title>\n<meta name=\"description\" content=\"Venezuela\" \/>\n<meta name=\"robots\" content=\"index, follow, max-snippet:-1, max-image-preview:large, max-video-preview:-1\" \/>\n<link rel=\"canonical\" href=\"https:\/\/digital58.com.ve\/site\/2020\/07\/31\/eldi-montero-afirmo-que-para-lograr-la-recuperacion-del-sector-comercial-deberian-abrir-todas-las-semanas\/\" \/>\n<meta property=\"og:locale\" content=\"es_ES\" \/>\n<meta property=\"og:type\" content=\"article\" \/>\n<meta property=\"og:title\" content=\"Eldi Montero afirm\u00f3 que para lograr la recuperaci\u00f3n del sector comercial deber\u00edan abrir todas las semanas\" \/>\n<meta property=\"og:description\" content=\"Venezuela\" \/>\n<meta property=\"og:url\" content=\"https:\/\/digital58.com.ve\/site\/2020\/07\/31\/eldi-montero-afirmo-que-para-lograr-la-recuperacion-del-sector-comercial-deberian-abrir-todas-las-semanas\/\" \/>\n<meta property=\"og:site_name\" content=\"Noticias Digital58\" \/>\n<meta property=\"article:published_time\" content=\"2020-07-31T23:24:38+00:00\" \/>\n<meta property=\"og:image\" content=\"https:\/\/digital58.com.ve\/site\/wp-content\/uploads\/2020\/07\/eldi.jpg\" \/>\n\t<meta property=\"og:image:width\" content=\"780\" \/>\n\t<meta property=\"og:image:height\" content=\"602\" \/>\n\t<meta property=\"og:image:type\" content=\"image\/jpeg\" \/>\n<meta name=\"author\" content=\"Molero Luis\" \/>\n<meta name=\"twitter:card\" content=\"summary_large_image\" \/>\n<meta name=\"twitter:creator\" content=\"@Digital_58\" \/>\n<meta name=\"twitter:site\" content=\"@villasmilhfoto\" \/>\n<meta name=\"twitter:label1\" content=\"Escrito por\" \/>\n\t<meta name=\"twitter:data1\" content=\"Molero Luis\" \/>\n\t<meta name=\"twitter:label2\" content=\"Tiempo estimado de lectura\" \/>\n\t<meta name=\"twitter:data2\" content=\"3 minutos\" \/>\n<script type=\"application\/ld+json\" class=\"yoast-schema-graph\">{\"@context\":\"https:\\\/\\\/schema.org\",\"@graph\":[{\"@type\":\"Article\",\"@id\":\"https:\\\/\\\/digital58.com.ve\\\/site\\\/2020\\\/07\\\/31\\\/eldi-montero-afirmo-que-para-lograr-la-recuperacion-del-sector-comercial-deberian-abrir-todas-las-semanas\\\/#article\",\"isPartOf\":{\"@id\":\"https:\\\/\\\/digital58.com.ve\\\/site\\\/2020\\\/07\\\/31\\\/eldi-montero-afirmo-que-para-lograr-la-recuperacion-del-sector-comercial-deberian-abrir-todas-las-semanas\\\/\"},\"author\":{\"name\":\"Molero Luis\",\"@id\":\"https:\\\/\\\/digital58.com.ve\\\/site\\\/#\\\/schema\\\/person\\\/c61667ce6845137620ee3f0aaabade17\"},\"headline\":\"Eldi Montero afirm\u00f3 que para lograr la recuperaci\u00f3n del sector comercial deber\u00edan abrir todas las semanas\",\"datePublished\":\"2020-07-31T23:24:38+00:00\",\"mainEntityOfPage\":{\"@id\":\"https:\\\/\\\/digital58.com.ve\\\/site\\\/2020\\\/07\\\/31\\\/eldi-montero-afirmo-que-para-lograr-la-recuperacion-del-sector-comercial-deberian-abrir-todas-las-semanas\\\/\"},\"wordCount\":580,\"commentCount\":0,\"publisher\":{\"@id\":\"https:\\\/\\\/digital58.com.ve\\\/site\\\/#\\\/schema\\\/person\\\/64d1c2e4d0d4fd1b849980c4331c2951\"},\"image\":{\"@id\":\"https:\\\/\\\/digital58.com.ve\\\/site\\\/2020\\\/07\\\/31\\\/eldi-montero-afirmo-que-para-lograr-la-recuperacion-del-sector-comercial-deberian-abrir-todas-las-semanas\\\/#primaryimage\"},\"thumbnailUrl\":\"https:\\\/\\\/digital58.com.ve\\\/site\\\/wp-content\\\/uploads\\\/2020\\\/07\\\/eldi.jpg\",\"keywords\":[\"C\u00e1mara de Comercio del estado Lara\",\"Eldi Montero\",\"Estado Lara\",\"Nacionales\",\"Sector Comercial\"],\"articleSection\":[\"Venezuela\"],\"inLanguage\":\"es\",\"potentialAction\":[{\"@type\":\"CommentAction\",\"name\":\"Comment\",\"target\":[\"https:\\\/\\\/digital58.com.ve\\\/site\\\/2020\\\/07\\\/31\\\/eldi-montero-afirmo-que-para-lograr-la-recuperacion-del-sector-comercial-deberian-abrir-todas-las-semanas\\\/#respond\"]}]},{\"@type\":\"WebPage\",\"@id\":\"https:\\\/\\\/digital58.com.ve\\\/site\\\/2020\\\/07\\\/31\\\/eldi-montero-afirmo-que-para-lograr-la-recuperacion-del-sector-comercial-deberian-abrir-todas-las-semanas\\\/\",\"url\":\"https:\\\/\\\/digital58.com.ve\\\/site\\\/2020\\\/07\\\/31\\\/eldi-montero-afirmo-que-para-lograr-la-recuperacion-del-sector-comercial-deberian-abrir-todas-las-semanas\\\/\",\"name\":\"Eldi Montero afirm\u00f3 que para lograr la recuperaci\u00f3n del sector comercial deber\u00edan abrir todas las semanas\",\"isPartOf\":{\"@id\":\"https:\\\/\\\/digital58.com.ve\\\/site\\\/#website\"},\"primaryImageOfPage\":{\"@id\":\"https:\\\/\\\/digital58.com.ve\\\/site\\\/2020\\\/07\\\/31\\\/eldi-montero-afirmo-que-para-lograr-la-recuperacion-del-sector-comercial-deberian-abrir-todas-las-semanas\\\/#primaryimage\"},\"image\":{\"@id\":\"https:\\\/\\\/digital58.com.ve\\\/site\\\/2020\\\/07\\\/31\\\/eldi-montero-afirmo-que-para-lograr-la-recuperacion-del-sector-comercial-deberian-abrir-todas-las-semanas\\\/#primaryimage\"},\"thumbnailUrl\":\"https:\\\/\\\/digital58.com.ve\\\/site\\\/wp-content\\\/uploads\\\/2020\\\/07\\\/eldi.jpg\",\"datePublished\":\"2020-07-31T23:24:38+00:00\",\"description\":\"Venezuela\",\"breadcrumb\":{\"@id\":\"https:\\\/\\\/digital58.com.ve\\\/site\\\/2020\\\/07\\\/31\\\/eldi-montero-afirmo-que-para-lograr-la-recuperacion-del-sector-comercial-deberian-abrir-todas-las-semanas\\\/#breadcrumb\"},\"inLanguage\":\"es\",\"potentialAction\":[{\"@type\":\"ReadAction\",\"target\":[\"https:\\\/\\\/digital58.com.ve\\\/site\\\/2020\\\/07\\\/31\\\/eldi-montero-afirmo-que-para-lograr-la-recuperacion-del-sector-comercial-deberian-abrir-todas-las-semanas\\\/\"]}]},{\"@type\":\"ImageObject\",\"inLanguage\":\"es\",\"@id\":\"https:\\\/\\\/digital58.com.ve\\\/site\\\/2020\\\/07\\\/31\\\/eldi-montero-afirmo-que-para-lograr-la-recuperacion-del-sector-comercial-deberian-abrir-todas-las-semanas\\\/#primaryimage\",\"url\":\"https:\\\/\\\/digital58.com.ve\\\/site\\\/wp-content\\\/uploads\\\/2020\\\/07\\\/eldi.jpg\",\"contentUrl\":\"https:\\\/\\\/digital58.com.ve\\\/site\\\/wp-content\\\/uploads\\\/2020\\\/07\\\/eldi.jpg\",\"width\":780,\"height\":602},{\"@type\":\"BreadcrumbList\",\"@id\":\"https:\\\/\\\/digital58.com.ve\\\/site\\\/2020\\\/07\\\/31\\\/eldi-montero-afirmo-que-para-lograr-la-recuperacion-del-sector-comercial-deberian-abrir-todas-las-semanas\\\/#breadcrumb\",\"itemListElement\":[{\"@type\":\"ListItem\",\"position\":1,\"name\":\"Home\",\"item\":\"https:\\\/\\\/digital58.com.ve\\\/site\\\/\"},{\"@type\":\"ListItem\",\"position\":2,\"name\":\"Eldi Montero afirm\u00f3 que para lograr la recuperaci\u00f3n del sector comercial deber\u00edan abrir todas las semanas\"}]},{\"@type\":\"WebSite\",\"@id\":\"https:\\\/\\\/digital58.com.ve\\\/site\\\/#website\",\"url\":\"https:\\\/\\\/digital58.com.ve\\\/site\\\/\",\"name\":\"Noticias Digital58\",\"description\":\"Portal de Noticias \u00a1Periodismo web de verdad! Lanzamiento web 22.11.2005 \\\/ Maracaibo, Venezuela\",\"publisher\":{\"@id\":\"https:\\\/\\\/digital58.com.ve\\\/site\\\/#\\\/schema\\\/person\\\/64d1c2e4d0d4fd1b849980c4331c2951\"},\"alternateName\":\"ND58\",\"potentialAction\":[{\"@type\":\"SearchAction\",\"target\":{\"@type\":\"EntryPoint\",\"urlTemplate\":\"https:\\\/\\\/digital58.com.ve\\\/site\\\/?s={search_term_string}\"},\"query-input\":{\"@type\":\"PropertyValueSpecification\",\"valueRequired\":true,\"valueName\":\"search_term_string\"}}],\"inLanguage\":\"es\"},{\"@type\":[\"Person\",\"Organization\"],\"@id\":\"https:\\\/\\\/digital58.com.ve\\\/site\\\/#\\\/schema\\\/person\\\/64d1c2e4d0d4fd1b849980c4331c2951\",\"name\":\"Villasmil Henry\",\"image\":{\"@type\":\"ImageObject\",\"inLanguage\":\"es\",\"@id\":\"https:\\\/\\\/secure.gravatar.com\\\/avatar\\\/bb0c4a2fcb7970138239f7e404ea75757b1b507b28b5ce4c53fbd62d797c5a7c?s=96&d=mm&r=g\",\"url\":\"https:\\\/\\\/secure.gravatar.com\\\/avatar\\\/bb0c4a2fcb7970138239f7e404ea75757b1b507b28b5ce4c53fbd62d797c5a7c?s=96&d=mm&r=g\",\"contentUrl\":\"https:\\\/\\\/secure.gravatar.com\\\/avatar\\\/bb0c4a2fcb7970138239f7e404ea75757b1b507b28b5ce4c53fbd62d797c5a7c?s=96&d=mm&r=g\",\"caption\":\"Villasmil Henry\"},\"logo\":{\"@id\":\"https:\\\/\\\/secure.gravatar.com\\\/avatar\\\/bb0c4a2fcb7970138239f7e404ea75757b1b507b28b5ce4c53fbd62d797c5a7c?s=96&d=mm&r=g\"},\"sameAs\":[\"http:\\\/\\\/www.henryvillasmil.com.ve\",\"https:\\\/\\\/www.instagram.com\\\/villasmilhfoto\\\/\",\"https:\\\/\\\/x.com\\\/https:\\\/\\\/twitter.com\\\/villasmilhfoto\"]},{\"@type\":\"Person\",\"@id\":\"https:\\\/\\\/digital58.com.ve\\\/site\\\/#\\\/schema\\\/person\\\/c61667ce6845137620ee3f0aaabade17\",\"name\":\"Molero Luis\",\"image\":{\"@type\":\"ImageObject\",\"inLanguage\":\"es\",\"@id\":\"https:\\\/\\\/secure.gravatar.com\\\/avatar\\\/bf041ec637e3e7405449807deb2f7cf3d2de7c6fa755dd56e985201de9863f2b?s=96&d=mm&r=g\",\"url\":\"https:\\\/\\\/secure.gravatar.com\\\/avatar\\\/bf041ec637e3e7405449807deb2f7cf3d2de7c6fa755dd56e985201de9863f2b?s=96&d=mm&r=g\",\"contentUrl\":\"https:\\\/\\\/secure.gravatar.com\\\/avatar\\\/bf041ec637e3e7405449807deb2f7cf3d2de7c6fa755dd56e985201de9863f2b?s=96&d=mm&r=g\",\"caption\":\"Molero Luis\"},\"url\":\"https:\\\/\\\/digital58.com.ve\\\/site\\\/author\\\/luismolero\\\/\"}]}<\/script>\n<!-- \/ Yoast SEO plugin. -->","yoast_head_json":{"title":"Eldi Montero afirm\u00f3 que para lograr la recuperaci\u00f3n del sector comercial deber\u00edan abrir todas las semanas","description":"Venezuela","robots":{"index":"index","follow":"follow","max-snippet":"max-snippet:-1","max-image-preview":"max-image-preview:large","max-video-preview":"max-video-preview:-1"},"canonical":"https:\/\/digital58.com.ve\/site\/2020\/07\/31\/eldi-montero-afirmo-que-para-lograr-la-recuperacion-del-sector-comercial-deberian-abrir-todas-las-semanas\/","og_locale":"es_ES","og_type":"article","og_title":"Eldi Montero afirm\u00f3 que para lograr la recuperaci\u00f3n del sector comercial deber\u00edan abrir todas las semanas","og_description":"Venezuela","og_url":"https:\/\/digital58.com.ve\/site\/2020\/07\/31\/eldi-montero-afirmo-que-para-lograr-la-recuperacion-del-sector-comercial-deberian-abrir-todas-las-semanas\/","og_site_name":"Noticias Digital58","article_published_time":"2020-07-31T23:24:38+00:00","og_image":[{"width":780,"height":602,"url":"https:\/\/digital58.com.ve\/site\/wp-content\/uploads\/2020\/07\/eldi.jpg","type":"image\/jpeg"}],"author":"Molero Luis","twitter_card":"summary_large_image","twitter_creator":"@Digital_58","twitter_site":"@villasmilhfoto","twitter_misc":{"Escrito por":"Molero Luis","Tiempo estimado de lectura":"3 minutos"},"schema":{"@context":"https:\/\/schema.org","@graph":[{"@type":"Article","@id":"https:\/\/digital58.com.ve\/site\/2020\/07\/31\/eldi-montero-afirmo-que-para-lograr-la-recuperacion-del-sector-comercial-deberian-abrir-todas-las-semanas\/#article","isPartOf":{"@id":"https:\/\/digital58.com.ve\/site\/2020\/07\/31\/eldi-montero-afirmo-que-para-lograr-la-recuperacion-del-sector-comercial-deberian-abrir-todas-las-semanas\/"},"author":{"name":"Molero Luis","@id":"https:\/\/digital58.com.ve\/site\/#\/schema\/person\/c61667ce6845137620ee3f0aaabade17"},"headline":"Eldi Montero afirm\u00f3 que para lograr la recuperaci\u00f3n del sector comercial deber\u00edan abrir todas las semanas","datePublished":"2020-07-31T23:24:38+00:00","mainEntityOfPage":{"@id":"https:\/\/digital58.com.ve\/site\/2020\/07\/31\/eldi-montero-afirmo-que-para-lograr-la-recuperacion-del-sector-comercial-deberian-abrir-todas-las-semanas\/"},"wordCount":580,"commentCount":0,"publisher":{"@id":"https:\/\/digital58.com.ve\/site\/#\/schema\/person\/64d1c2e4d0d4fd1b849980c4331c2951"},"image":{"@id":"https:\/\/digital58.com.ve\/site\/2020\/07\/31\/eldi-montero-afirmo-que-para-lograr-la-recuperacion-del-sector-comercial-deberian-abrir-todas-las-semanas\/#primaryimage"},"thumbnailUrl":"https:\/\/digital58.com.ve\/site\/wp-content\/uploads\/2020\/07\/eldi.jpg","keywords":["C\u00e1mara de Comercio del estado Lara","Eldi Montero","Estado Lara","Nacionales","Sector Comercial"],"articleSection":["Venezuela"],"inLanguage":"es","potentialAction":[{"@type":"CommentAction","name":"Comment","target":["https:\/\/digital58.com.ve\/site\/2020\/07\/31\/eldi-montero-afirmo-que-para-lograr-la-recuperacion-del-sector-comercial-deberian-abrir-todas-las-semanas\/#respond"]}]},{"@type":"WebPage","@id":"https:\/\/digital58.com.ve\/site\/2020\/07\/31\/eldi-montero-afirmo-que-para-lograr-la-recuperacion-del-sector-comercial-deberian-abrir-todas-las-semanas\/","url":"https:\/\/digital58.com.ve\/site\/2020\/07\/31\/eldi-montero-afirmo-que-para-lograr-la-recuperacion-del-sector-comercial-deberian-abrir-todas-las-semanas\/","name":"Eldi Montero afirm\u00f3 que para lograr la recuperaci\u00f3n del sector comercial deber\u00edan abrir todas las semanas","isPartOf":{"@id":"https:\/\/digital58.com.ve\/site\/#website"},"primaryImageOfPage":{"@id":"https:\/\/digital58.com.ve\/site\/2020\/07\/31\/eldi-montero-afirmo-que-para-lograr-la-recuperacion-del-sector-comercial-deberian-abrir-todas-las-semanas\/#primaryimage"},"image":{"@id":"https:\/\/digital58.com.ve\/site\/2020\/07\/31\/eldi-montero-afirmo-que-para-lograr-la-recuperacion-del-sector-comercial-deberian-abrir-todas-las-semanas\/#primaryimage"},"thumbnailUrl":"https:\/\/digital58.com.ve\/site\/wp-content\/uploads\/2020\/07\/eldi.jpg","datePublished":"2020-07-31T23:24:38+00:00","description":"Venezuela","breadcrumb":{"@id":"https:\/\/digital58.com.ve\/site\/2020\/07\/31\/eldi-montero-afirmo-que-para-lograr-la-recuperacion-del-sector-comercial-deberian-abrir-todas-las-semanas\/#breadcrumb"},"inLanguage":"es","potentialAction":[{"@type":"ReadAction","target":["https:\/\/digital58.com.ve\/site\/2020\/07\/31\/eldi-montero-afirmo-que-para-lograr-la-recuperacion-del-sector-comercial-deberian-abrir-todas-las-semanas\/"]}]},{"@type":"ImageObject","inLanguage":"es","@id":"https:\/\/digital58.com.ve\/site\/2020\/07\/31\/eldi-montero-afirmo-que-para-lograr-la-recuperacion-del-sector-comercial-deberian-abrir-todas-las-semanas\/#primaryimage","url":"https:\/\/digital58.com.ve\/site\/wp-content\/uploads\/2020\/07\/eldi.jpg","contentUrl":"https:\/\/digital58.com.ve\/site\/wp-content\/uploads\/2020\/07\/eldi.jpg","width":780,"height":602},{"@type":"BreadcrumbList","@id":"https:\/\/digital58.com.ve\/site\/2020\/07\/31\/eldi-montero-afirmo-que-para-lograr-la-recuperacion-del-sector-comercial-deberian-abrir-todas-las-semanas\/#breadcrumb","itemListElement":[{"@type":"ListItem","position":1,"name":"Home","item":"https:\/\/digital58.com.ve\/site\/"},{"@type":"ListItem","position":2,"name":"Eldi Montero afirm\u00f3 que para lograr la recuperaci\u00f3n del sector comercial deber\u00edan abrir todas las semanas"}]},{"@type":"WebSite","@id":"https:\/\/digital58.com.ve\/site\/#website","url":"https:\/\/digital58.com.ve\/site\/","name":"Noticias Digital58","description":"Portal de Noticias \u00a1Periodismo web de verdad! Lanzamiento web 22.11.2005 \/ Maracaibo, Venezuela","publisher":{"@id":"https:\/\/digital58.com.ve\/site\/#\/schema\/person\/64d1c2e4d0d4fd1b849980c4331c2951"},"alternateName":"ND58","potentialAction":[{"@type":"SearchAction","target":{"@type":"EntryPoint","urlTemplate":"https:\/\/digital58.com.ve\/site\/?s={search_term_string}"},"query-input":{"@type":"PropertyValueSpecification","valueRequired":true,"valueName":"search_term_string"}}],"inLanguage":"es"},{"@type":["Person","Organization"],"@id":"https:\/\/digital58.com.ve\/site\/#\/schema\/person\/64d1c2e4d0d4fd1b849980c4331c2951","name":"Villasmil Henry","image":{"@type":"ImageObject","inLanguage":"es","@id":"https:\/\/secure.gravatar.com\/avatar\/bb0c4a2fcb7970138239f7e404ea75757b1b507b28b5ce4c53fbd62d797c5a7c?s=96&d=mm&r=g","url":"https:\/\/secure.gravatar.com\/avatar\/bb0c4a2fcb7970138239f7e404ea75757b1b507b28b5ce4c53fbd62d797c5a7c?s=96&d=mm&r=g","contentUrl":"https:\/\/secure.gravatar.com\/avatar\/bb0c4a2fcb7970138239f7e404ea75757b1b507b28b5ce4c53fbd62d797c5a7c?s=96&d=mm&r=g","caption":"Villasmil Henry"},"logo":{"@id":"https:\/\/secure.gravatar.com\/avatar\/bb0c4a2fcb7970138239f7e404ea75757b1b507b28b5ce4c53fbd62d797c5a7c?s=96&d=mm&r=g"},"sameAs":["http:\/\/www.henryvillasmil.com.ve","https:\/\/www.instagram.com\/villasmilhfoto\/","https:\/\/x.com\/https:\/\/twitter.com\/villasmilhfoto"]},{"@type":"Person","@id":"https:\/\/digital58.com.ve\/site\/#\/schema\/person\/c61667ce6845137620ee3f0aaabade17","name":"Molero Luis","image":{"@type":"ImageObject","inLanguage":"es","@id":"https:\/\/secure.gravatar.com\/avatar\/bf041ec637e3e7405449807deb2f7cf3d2de7c6fa755dd56e985201de9863f2b?s=96&d=mm&r=g","url":"https:\/\/secure.gravatar.com\/avatar\/bf041ec637e3e7405449807deb2f7cf3d2de7c6fa755dd56e985201de9863f2b?s=96&d=mm&r=g","contentUrl":"https:\/\/secure.gravatar.com\/avatar\/bf041ec637e3e7405449807deb2f7cf3d2de7c6fa755dd56e985201de9863f2b?s=96&d=mm&r=g","caption":"Molero Luis"},"url":"https:\/\/digital58.com.ve\/site\/author\/luismolero\/"}]}},"uagb_featured_image_src":{"full":["https:\/\/digital58.com.ve\/site\/wp-content\/uploads\/2020\/07\/eldi.jpg",780,602,false],"thumbnail":["https:\/\/digital58.com.ve\/site\/wp-content\/uploads\/2020\/07\/eldi-150x150.jpg",150,150,true],"medium":["https:\/\/digital58.com.ve\/site\/wp-content\/uploads\/2020\/07\/eldi-300x232.jpg",300,232,true],"medium_large":["https:\/\/digital58.com.ve\/site\/wp-content\/uploads\/2020\/07\/eldi-768x593.jpg",768,593,true],"large":["https:\/\/digital58.com.ve\/site\/wp-content\/uploads\/2020\/07\/eldi.jpg",780,602,false],"1536x1536":["https:\/\/digital58.com.ve\/site\/wp-content\/uploads\/2020\/07\/eldi.jpg",780,602,false],"2048x2048":["https:\/\/digital58.com.ve\/site\/wp-content\/uploads\/2020\/07\/eldi.jpg",780,602,false],"colormag-highlighted-post":["https:\/\/digital58.com.ve\/site\/wp-content\/uploads\/2020\/07\/eldi.jpg",352,272,false],"colormag-featured-post-medium":["https:\/\/digital58.com.ve\/site\/wp-content\/uploads\/2020\/07\/eldi.jpg",266,205,false],"colormag-featured-post-small":["https:\/\/digital58.com.ve\/site\/wp-content\/uploads\/2020\/07\/eldi.jpg",117,90,false],"colormag-featured-image":["https:\/\/digital58.com.ve\/site\/wp-content\/uploads\/2020\/07\/eldi.jpg",577,445,false],"colormag-default-news":["https:\/\/digital58.com.ve\/site\/wp-content\/uploads\/2020\/07\/eldi.jpg",150,116,false],"colormag-featured-image-large":["https:\/\/digital58.com.ve\/site\/wp-content\/uploads\/2020\/07\/eldi.jpg",777,600,false]},"uagb_author_info":{"display_name":"Molero Luis","author_link":"https:\/\/digital58.com.ve\/site\/author\/luismolero\/"},"uagb_comment_info":0,"uagb_excerpt":"Destac\u00f3 luego que la actual junta directiva de la C\u00e1mara de Comercio del Estado Lara se halla elaborando un proyecto","_links":{"self":[{"href":"https:\/\/digital58.com.ve\/site\/wp-json\/wp\/v2\/posts\/119133","targetHints":{"allow":["GET"]}}],"collection":[{"href":"https:\/\/digital58.com.ve\/site\/wp-json\/wp\/v2\/posts"}],"about":[{"href":"https:\/\/digital58.com.ve\/site\/wp-json\/wp\/v2\/types\/post"}],"author":[{"embeddable":true,"href":"https:\/\/digital58.com.ve\/site\/wp-json\/wp\/v2\/users\/26"}],"replies":[{"embeddable":true,"href":"https:\/\/digital58.com.ve\/site\/wp-json\/wp\/v2\/comments?post=119133"}],"version-history":[{"count":0,"href":"https:\/\/digital58.com.ve\/site\/wp-json\/wp\/v2\/posts\/119133\/revisions"}],"wp:featuredmedia":[{"embeddable":true,"href":"https:\/\/digital58.com.ve\/site\/wp-json\/wp\/v2\/media\/119134"}],"wp:attachment":[{"href":"https:\/\/digital58.com.ve\/site\/wp-json\/wp\/v2\/media?parent=119133"}],"wp:term":[{"taxonomy":"category","embeddable":true,"href":"https:\/\/digital58.com.ve\/site\/wp-json\/wp\/v2\/categories?post=119133"},{"taxonomy":"post_tag","embeddable":true,"href":"https:\/\/digital58.com.ve\/site\/wp-json\/wp\/v2\/tags?post=119133"}],"curies":[{"name":"wp","href":"https:\/\/api.w.org\/{rel}","templated":true}]}}