{"id":119136,"date":"2020-07-31T19:58:26","date_gmt":"2020-07-31T23:58:26","guid":{"rendered":"https:\/\/digital58.com.ve\/site\/?p=119136"},"modified":"2020-07-31T19:58:26","modified_gmt":"2020-07-31T23:58:26","slug":"horarios-mas-flexibles-exige-la-morgue-central-de-barquisimeto","status":"publish","type":"post","link":"https:\/\/digital58.com.ve\/site\/2020\/07\/31\/horarios-mas-flexibles-exige-la-morgue-central-de-barquisimeto\/","title":{"rendered":"Horarios m\u00e1s flexibles exige la morgue central de Barquisimeto"},"content":{"rendered":"<p><img loading=\"lazy\" decoding=\"async\" class=\"size-full wp-image-119137 aligncenter\" src=\"https:\/\/digital58.com.ve\/site\/wp-content\/uploads\/2020\/07\/09-02-20-MORGUE-foto-angel-zambrano-10.jpg\" alt=\"\" width=\"800\" height=\"555\" srcset=\"https:\/\/digital58.com.ve\/site\/wp-content\/uploads\/2020\/07\/09-02-20-MORGUE-foto-angel-zambrano-10.jpg 800w, https:\/\/digital58.com.ve\/site\/wp-content\/uploads\/2020\/07\/09-02-20-MORGUE-foto-angel-zambrano-10-300x208.jpg 300w, https:\/\/digital58.com.ve\/site\/wp-content\/uploads\/2020\/07\/09-02-20-MORGUE-foto-angel-zambrano-10-768x533.jpg 768w\" sizes=\"auto, (max-width: 800px) 100vw, 800px\" \/><\/p>\n<p>La Alcald\u00eda de Iribarren mantiene un decreto que proh\u00edbe velorios de debido a la pandemia y eso parece extenderse hasta la entrega de cad\u00e1veres, donde pueden ser multados. Los funerarios tambi\u00e9n se han mostraron preocupados por esto.<\/p>\n<p><strong>Barquisimeto, Lara,\u00a0 Venezuela 31<\/strong><strong>\u00a0 de julio de 2020 (ND58).-<\/strong>\u00a0Trabajadores de la morgue del Hospital Antonio Mar\u00eda Pineda exigen que por lo menos, puedan laborar con tranquilidad hasta las 4:00 de la tarde y que las cavas mejoren su funcionamiento.<\/p>\n<p>Los cuerpos se pudren y son entregados con gusanos, cuentan. Eso, sucede si duran solo dos d\u00edas dentro de las cavas, algo casi ins\u00f3litas para un lugar que fue dise\u00f1ado para conservarlos y prepararlos para ser entregados en el mejor estado posible a los familiares.<\/p>\n<p>\u00abSe est\u00e1 diciendo una posibilidad de que no se entreguen cad\u00e1veres despu\u00e9s de las 2:00 de la tarde, pero nosotros como instituci\u00f3n abogamos a la entrega de los cad\u00e1veres, el problema es que la morgue est\u00e1 podrida\u00bb, dijo un trabajador que prefiri\u00f3 no identificarse p\u00fablicamente.<\/p>\n<p>Narr\u00f3, que las cavas no son mandadas a reparar y decir que trabajan al 50 por ciento es mucho, el proceso de putrefacci\u00f3n de un fallecido es acelerado. \u00abUn cad\u00e1ver ah\u00ed se descompone m\u00e1s r\u00e1pido que tenerlo afuera\u00bb, enfatiz\u00f3.<\/p>\n<p>Pero el cambio de horario por la contingencia del coronavirus en la entidad ha hecho que la situaci\u00f3n, que viene arrastrada desde el a\u00f1o pasado, empeore. \u00abLos familiares se molestan, que no le entregamos los cad\u00e1veres, que est\u00e1n descompuestos, verdaderamente no somos nosotros, esa es la realidad\u00bb, a\u00f1adi\u00f3.<\/p>\n<p>Los trabajadores insisten en que si las cavas funcionaran al menos en un 80 por ciento, pudieran retener los cuerpos sin vida el tiempo que las autoridades lo necesiten, pero no es as\u00ed. \u00ab\u00bfC\u00f3mo lo hacemos? \u00bb, dicen.<\/p>\n<p>Algunos insisten en la contradicci\u00f3n de las medidas para la morgue, aseguran que si permiten aglomeraciones en colas y en el centro de Barquisimeto, podr\u00edan por lo menos ceder en una \u00abdespedida normal\u00bb para las familias que pierden a un ser querido.<\/p>\n<p>\u00ab\u00bfCu\u00e1nto pasa uno en una cola en la 21, eso es contradictorio, alguien tiene que alzar la voz, decir la realidad de lo que est\u00e1 pasando, aqu\u00ed no hay ineficiencia de material humano, en la morgue entras y ni siquiera el aire acondicionado sirve\u00bb, se\u00f1alan.<\/p>\n<p>Acotaron tambi\u00e9n, desde el anonimato, que lo saludable es entregar los cad\u00e1veres diariamente pues el cementerio municipal trabaja hasta las 6:00 de la tarde y quitan el derecho a no velar.<\/p>\n<p>\u00abEs doloroso perder a alguien y ellos se llevan una \u00faltima imagen de su familiar lleno de gusanos\u00bb, comentaron.<\/p>\n<p>Un horario m\u00ednimo, que exigen, es hasta las 4:00 de la tarde, pero alguien (autoridad) tendr\u00eda que garantizar el funcionamiento de las cavas.<\/p>\n<p>Contin\u00faan quejas de familiares por peticiones de \u201ckits\u201d para autopsias<\/p>\n<p>Parte del llamado que hacen algunos trabajadores del lugar es a las familias, para que entiendan la \u201csituaci\u00f3n\u201d, pues, aseguran, que no se puede diferenciar mucho al hecho de pedir medicamentos cuando la persona est\u00e1 hospitalizada\u00a0 a eso de solicitar un \u201ckit de autopsia\u201d, cosa que ha creado pol\u00e9mica, quejas y denuncias en la morgue.<\/p>\n<p>\u00abLo mismo que padecen emergencias de hospitales y otras \u00e1reas m\u00e9dicas lo padecemos nosotros aqu\u00ed, explicamos la situaci\u00f3n con pena a los familiares, pero si cobramos 800 mil en la quincena no vamos a sacar de eso para comprar un par de guantes\u00bb, finalizaron.<\/p>\n<p>La Alcald\u00eda de Iribarren mantiene un decreto que proh\u00edbe velorios de debido a la pandemia y eso parece extenderse hasta la entrega de cad\u00e1veres, donde pueden ser multados. Los funerarios tambi\u00e9n se han mostraron preocupados por esto.<\/p><div class=\"mohew69f2261f881f9\" ><p style=\"text-align: center;\"><a href=\"https:\/\/t.me\/noticiasdigital58\" target=\"_blank\" rel=\"noopener\"><img class=\"aligncenter size-full wp-image-125363\" src=\"https:\/\/digital58.com.ve\/site\/wp-content\/uploads\/2021\/04\/banner-telegram-web-2021.png\" alt=\"\" width=\"600\" height=\"90\" \/><\/a><\/p><\/div><style type=\"text\/css\">\r\n@media screen and (min-width: 1201px) {\r\n.mohew69f2261f881f9 {\r\ndisplay: block;\r\n}\r\n}\r\n@media screen and (min-width: 993px) and (max-width: 1200px) {\r\n.mohew69f2261f881f9 {\r\ndisplay: block;\r\n}\r\n}\r\n@media screen and (min-width: 769px) and (max-width: 992px) {\r\n.mohew69f2261f881f9 {\r\ndisplay: block;\r\n}\r\n}\r\n@media screen and (min-width: 768px) and (max-width: 768px) {\r\n.mohew69f2261f881f9 {\r\ndisplay: block;\r\n}\r\n}\r\n@media screen and (max-width: 767px) {\r\n.mohew69f2261f881f9 {\r\ndisplay: block;\r\n}\r\n}\r\n<\/style>\r\n\n<p><b><strong>Re<\/strong><strong>dacci\u00f3n: Molero, Luis\u00a0 (@Moleromarquez) | Fuente: Agencias<br \/>\nEdici\u00f3n: Villasmil, Henry<br \/>\nGr\u00e1ficas: Cortes\u00eda<\/strong><\/b><\/p>\n<div style=\"margin-top: 0px; margin-bottom: 0px;\" class=\"sharethis-inline-share-buttons\" ><\/div>","protected":false},"excerpt":{"rendered":"<p>La Alcald\u00eda de Iribarren mantiene un decreto que proh\u00edbe velorios de debido a la pandemia y eso parece extenderse hasta<\/p>\n","protected":false},"author":26,"featured_media":119137,"comment_status":"open","ping_status":"closed","sticky":false,"template":"","format":"standard","meta":{"colormag_page_container_layout":"default_layout","colormag_page_sidebar_layout":"default_layout","_uag_custom_page_level_css":"","footnotes":""},"categories":[16454],"tags":[373,13648,15358,19258,19257,233],"class_list":["post-119136","post","type-post","status-publish","format-standard","has-post-thumbnail","hentry","category-venezuela","tag-barquisimeto","tag-covid-19","tag-estado-lara","tag-horarios-flexibles","tag-hospital-antonio-maria-pineda","tag-nacionales"],"yoast_head":"<!-- This site is optimized with the Yoast SEO plugin v27.5 - https:\/\/yoast.com\/product\/yoast-seo-wordpress\/ -->\n<title>Horarios m\u00e1s flexibles exige la morgue central de Barquisimeto<\/title>\n<meta name=\"description\" content=\"Venezuela\" \/>\n<meta name=\"robots\" content=\"index, follow, max-snippet:-1, max-image-preview:large, max-video-preview:-1\" \/>\n<link rel=\"canonical\" href=\"https:\/\/digital58.com.ve\/site\/2020\/07\/31\/horarios-mas-flexibles-exige-la-morgue-central-de-barquisimeto\/\" \/>\n<meta property=\"og:locale\" content=\"es_ES\" \/>\n<meta property=\"og:type\" content=\"article\" \/>\n<meta property=\"og:title\" content=\"Horarios m\u00e1s flexibles exige la morgue central de Barquisimeto\" \/>\n<meta property=\"og:description\" content=\"Venezuela\" \/>\n<meta property=\"og:url\" content=\"https:\/\/digital58.com.ve\/site\/2020\/07\/31\/horarios-mas-flexibles-exige-la-morgue-central-de-barquisimeto\/\" \/>\n<meta property=\"og:site_name\" content=\"Noticias Digital58\" \/>\n<meta property=\"article:published_time\" content=\"2020-07-31T23:58:26+00:00\" \/>\n<meta property=\"og:image\" content=\"https:\/\/digital58.com.ve\/site\/wp-content\/uploads\/2020\/07\/09-02-20-MORGUE-foto-angel-zambrano-10.jpg\" \/>\n\t<meta property=\"og:image:width\" content=\"800\" \/>\n\t<meta property=\"og:image:height\" content=\"555\" \/>\n\t<meta property=\"og:image:type\" content=\"image\/jpeg\" \/>\n<meta name=\"author\" content=\"Molero Luis\" \/>\n<meta name=\"twitter:card\" content=\"summary_large_image\" \/>\n<meta name=\"twitter:creator\" content=\"@Digital_58\" \/>\n<meta name=\"twitter:site\" content=\"@villasmilhfoto\" \/>\n<meta name=\"twitter:label1\" content=\"Escrito por\" \/>\n\t<meta name=\"twitter:data1\" content=\"Molero Luis\" \/>\n\t<meta name=\"twitter:label2\" content=\"Tiempo estimado de lectura\" \/>\n\t<meta name=\"twitter:data2\" content=\"3 minutos\" \/>\n<script type=\"application\/ld+json\" class=\"yoast-schema-graph\">{\"@context\":\"https:\\\/\\\/schema.org\",\"@graph\":[{\"@type\":\"Article\",\"@id\":\"https:\\\/\\\/digital58.com.ve\\\/site\\\/2020\\\/07\\\/31\\\/horarios-mas-flexibles-exige-la-morgue-central-de-barquisimeto\\\/#article\",\"isPartOf\":{\"@id\":\"https:\\\/\\\/digital58.com.ve\\\/site\\\/2020\\\/07\\\/31\\\/horarios-mas-flexibles-exige-la-morgue-central-de-barquisimeto\\\/\"},\"author\":{\"name\":\"Molero Luis\",\"@id\":\"https:\\\/\\\/digital58.com.ve\\\/site\\\/#\\\/schema\\\/person\\\/c61667ce6845137620ee3f0aaabade17\"},\"headline\":\"Horarios m\u00e1s flexibles exige la morgue central de Barquisimeto\",\"datePublished\":\"2020-07-31T23:58:26+00:00\",\"mainEntityOfPage\":{\"@id\":\"https:\\\/\\\/digital58.com.ve\\\/site\\\/2020\\\/07\\\/31\\\/horarios-mas-flexibles-exige-la-morgue-central-de-barquisimeto\\\/\"},\"wordCount\":654,\"commentCount\":0,\"publisher\":{\"@id\":\"https:\\\/\\\/digital58.com.ve\\\/site\\\/#\\\/schema\\\/person\\\/64d1c2e4d0d4fd1b849980c4331c2951\"},\"image\":{\"@id\":\"https:\\\/\\\/digital58.com.ve\\\/site\\\/2020\\\/07\\\/31\\\/horarios-mas-flexibles-exige-la-morgue-central-de-barquisimeto\\\/#primaryimage\"},\"thumbnailUrl\":\"https:\\\/\\\/digital58.com.ve\\\/site\\\/wp-content\\\/uploads\\\/2020\\\/07\\\/09-02-20-MORGUE-foto-angel-zambrano-10.jpg\",\"keywords\":[\"Barquisimeto\",\"COVID-19\",\"Estado Lara\",\"Horarios Flexibles\",\"Hospital Antonio Mar\u00eda Pineda\",\"Nacionales\"],\"articleSection\":[\"Venezuela\"],\"inLanguage\":\"es\",\"potentialAction\":[{\"@type\":\"CommentAction\",\"name\":\"Comment\",\"target\":[\"https:\\\/\\\/digital58.com.ve\\\/site\\\/2020\\\/07\\\/31\\\/horarios-mas-flexibles-exige-la-morgue-central-de-barquisimeto\\\/#respond\"]}]},{\"@type\":\"WebPage\",\"@id\":\"https:\\\/\\\/digital58.com.ve\\\/site\\\/2020\\\/07\\\/31\\\/horarios-mas-flexibles-exige-la-morgue-central-de-barquisimeto\\\/\",\"url\":\"https:\\\/\\\/digital58.com.ve\\\/site\\\/2020\\\/07\\\/31\\\/horarios-mas-flexibles-exige-la-morgue-central-de-barquisimeto\\\/\",\"name\":\"Horarios m\u00e1s flexibles exige la morgue central de Barquisimeto\",\"isPartOf\":{\"@id\":\"https:\\\/\\\/digital58.com.ve\\\/site\\\/#website\"},\"primaryImageOfPage\":{\"@id\":\"https:\\\/\\\/digital58.com.ve\\\/site\\\/2020\\\/07\\\/31\\\/horarios-mas-flexibles-exige-la-morgue-central-de-barquisimeto\\\/#primaryimage\"},\"image\":{\"@id\":\"https:\\\/\\\/digital58.com.ve\\\/site\\\/2020\\\/07\\\/31\\\/horarios-mas-flexibles-exige-la-morgue-central-de-barquisimeto\\\/#primaryimage\"},\"thumbnailUrl\":\"https:\\\/\\\/digital58.com.ve\\\/site\\\/wp-content\\\/uploads\\\/2020\\\/07\\\/09-02-20-MORGUE-foto-angel-zambrano-10.jpg\",\"datePublished\":\"2020-07-31T23:58:26+00:00\",\"description\":\"Venezuela\",\"breadcrumb\":{\"@id\":\"https:\\\/\\\/digital58.com.ve\\\/site\\\/2020\\\/07\\\/31\\\/horarios-mas-flexibles-exige-la-morgue-central-de-barquisimeto\\\/#breadcrumb\"},\"inLanguage\":\"es\",\"potentialAction\":[{\"@type\":\"ReadAction\",\"target\":[\"https:\\\/\\\/digital58.com.ve\\\/site\\\/2020\\\/07\\\/31\\\/horarios-mas-flexibles-exige-la-morgue-central-de-barquisimeto\\\/\"]}]},{\"@type\":\"ImageObject\",\"inLanguage\":\"es\",\"@id\":\"https:\\\/\\\/digital58.com.ve\\\/site\\\/2020\\\/07\\\/31\\\/horarios-mas-flexibles-exige-la-morgue-central-de-barquisimeto\\\/#primaryimage\",\"url\":\"https:\\\/\\\/digital58.com.ve\\\/site\\\/wp-content\\\/uploads\\\/2020\\\/07\\\/09-02-20-MORGUE-foto-angel-zambrano-10.jpg\",\"contentUrl\":\"https:\\\/\\\/digital58.com.ve\\\/site\\\/wp-content\\\/uploads\\\/2020\\\/07\\\/09-02-20-MORGUE-foto-angel-zambrano-10.jpg\",\"width\":800,\"height\":555},{\"@type\":\"BreadcrumbList\",\"@id\":\"https:\\\/\\\/digital58.com.ve\\\/site\\\/2020\\\/07\\\/31\\\/horarios-mas-flexibles-exige-la-morgue-central-de-barquisimeto\\\/#breadcrumb\",\"itemListElement\":[{\"@type\":\"ListItem\",\"position\":1,\"name\":\"Home\",\"item\":\"https:\\\/\\\/digital58.com.ve\\\/site\\\/\"},{\"@type\":\"ListItem\",\"position\":2,\"name\":\"Horarios m\u00e1s flexibles exige la morgue central de Barquisimeto\"}]},{\"@type\":\"WebSite\",\"@id\":\"https:\\\/\\\/digital58.com.ve\\\/site\\\/#website\",\"url\":\"https:\\\/\\\/digital58.com.ve\\\/site\\\/\",\"name\":\"Noticias Digital58\",\"description\":\"Portal de Noticias \u00a1Periodismo web de verdad! Lanzamiento web 22.11.2005 \\\/ Maracaibo, Venezuela\",\"publisher\":{\"@id\":\"https:\\\/\\\/digital58.com.ve\\\/site\\\/#\\\/schema\\\/person\\\/64d1c2e4d0d4fd1b849980c4331c2951\"},\"alternateName\":\"ND58\",\"potentialAction\":[{\"@type\":\"SearchAction\",\"target\":{\"@type\":\"EntryPoint\",\"urlTemplate\":\"https:\\\/\\\/digital58.com.ve\\\/site\\\/?s={search_term_string}\"},\"query-input\":{\"@type\":\"PropertyValueSpecification\",\"valueRequired\":true,\"valueName\":\"search_term_string\"}}],\"inLanguage\":\"es\"},{\"@type\":[\"Person\",\"Organization\"],\"@id\":\"https:\\\/\\\/digital58.com.ve\\\/site\\\/#\\\/schema\\\/person\\\/64d1c2e4d0d4fd1b849980c4331c2951\",\"name\":\"Villasmil Henry\",\"image\":{\"@type\":\"ImageObject\",\"inLanguage\":\"es\",\"@id\":\"https:\\\/\\\/secure.gravatar.com\\\/avatar\\\/bb0c4a2fcb7970138239f7e404ea75757b1b507b28b5ce4c53fbd62d797c5a7c?s=96&d=mm&r=g\",\"url\":\"https:\\\/\\\/secure.gravatar.com\\\/avatar\\\/bb0c4a2fcb7970138239f7e404ea75757b1b507b28b5ce4c53fbd62d797c5a7c?s=96&d=mm&r=g\",\"contentUrl\":\"https:\\\/\\\/secure.gravatar.com\\\/avatar\\\/bb0c4a2fcb7970138239f7e404ea75757b1b507b28b5ce4c53fbd62d797c5a7c?s=96&d=mm&r=g\",\"caption\":\"Villasmil Henry\"},\"logo\":{\"@id\":\"https:\\\/\\\/secure.gravatar.com\\\/avatar\\\/bb0c4a2fcb7970138239f7e404ea75757b1b507b28b5ce4c53fbd62d797c5a7c?s=96&d=mm&r=g\"},\"sameAs\":[\"http:\\\/\\\/www.henryvillasmil.com.ve\",\"https:\\\/\\\/www.instagram.com\\\/villasmilhfoto\\\/\",\"https:\\\/\\\/x.com\\\/https:\\\/\\\/twitter.com\\\/villasmilhfoto\"]},{\"@type\":\"Person\",\"@id\":\"https:\\\/\\\/digital58.com.ve\\\/site\\\/#\\\/schema\\\/person\\\/c61667ce6845137620ee3f0aaabade17\",\"name\":\"Molero Luis\",\"image\":{\"@type\":\"ImageObject\",\"inLanguage\":\"es\",\"@id\":\"https:\\\/\\\/secure.gravatar.com\\\/avatar\\\/bf041ec637e3e7405449807deb2f7cf3d2de7c6fa755dd56e985201de9863f2b?s=96&d=mm&r=g\",\"url\":\"https:\\\/\\\/secure.gravatar.com\\\/avatar\\\/bf041ec637e3e7405449807deb2f7cf3d2de7c6fa755dd56e985201de9863f2b?s=96&d=mm&r=g\",\"contentUrl\":\"https:\\\/\\\/secure.gravatar.com\\\/avatar\\\/bf041ec637e3e7405449807deb2f7cf3d2de7c6fa755dd56e985201de9863f2b?s=96&d=mm&r=g\",\"caption\":\"Molero Luis\"},\"url\":\"https:\\\/\\\/digital58.com.ve\\\/site\\\/author\\\/luismolero\\\/\"}]}<\/script>\n<!-- \/ Yoast SEO plugin. -->","yoast_head_json":{"title":"Horarios m\u00e1s flexibles exige la morgue central de Barquisimeto","description":"Venezuela","robots":{"index":"index","follow":"follow","max-snippet":"max-snippet:-1","max-image-preview":"max-image-preview:large","max-video-preview":"max-video-preview:-1"},"canonical":"https:\/\/digital58.com.ve\/site\/2020\/07\/31\/horarios-mas-flexibles-exige-la-morgue-central-de-barquisimeto\/","og_locale":"es_ES","og_type":"article","og_title":"Horarios m\u00e1s flexibles exige la morgue central de Barquisimeto","og_description":"Venezuela","og_url":"https:\/\/digital58.com.ve\/site\/2020\/07\/31\/horarios-mas-flexibles-exige-la-morgue-central-de-barquisimeto\/","og_site_name":"Noticias Digital58","article_published_time":"2020-07-31T23:58:26+00:00","og_image":[{"width":800,"height":555,"url":"https:\/\/digital58.com.ve\/site\/wp-content\/uploads\/2020\/07\/09-02-20-MORGUE-foto-angel-zambrano-10.jpg","type":"image\/jpeg"}],"author":"Molero Luis","twitter_card":"summary_large_image","twitter_creator":"@Digital_58","twitter_site":"@villasmilhfoto","twitter_misc":{"Escrito por":"Molero Luis","Tiempo estimado de lectura":"3 minutos"},"schema":{"@context":"https:\/\/schema.org","@graph":[{"@type":"Article","@id":"https:\/\/digital58.com.ve\/site\/2020\/07\/31\/horarios-mas-flexibles-exige-la-morgue-central-de-barquisimeto\/#article","isPartOf":{"@id":"https:\/\/digital58.com.ve\/site\/2020\/07\/31\/horarios-mas-flexibles-exige-la-morgue-central-de-barquisimeto\/"},"author":{"name":"Molero Luis","@id":"https:\/\/digital58.com.ve\/site\/#\/schema\/person\/c61667ce6845137620ee3f0aaabade17"},"headline":"Horarios m\u00e1s flexibles exige la morgue central de Barquisimeto","datePublished":"2020-07-31T23:58:26+00:00","mainEntityOfPage":{"@id":"https:\/\/digital58.com.ve\/site\/2020\/07\/31\/horarios-mas-flexibles-exige-la-morgue-central-de-barquisimeto\/"},"wordCount":654,"commentCount":0,"publisher":{"@id":"https:\/\/digital58.com.ve\/site\/#\/schema\/person\/64d1c2e4d0d4fd1b849980c4331c2951"},"image":{"@id":"https:\/\/digital58.com.ve\/site\/2020\/07\/31\/horarios-mas-flexibles-exige-la-morgue-central-de-barquisimeto\/#primaryimage"},"thumbnailUrl":"https:\/\/digital58.com.ve\/site\/wp-content\/uploads\/2020\/07\/09-02-20-MORGUE-foto-angel-zambrano-10.jpg","keywords":["Barquisimeto","COVID-19","Estado Lara","Horarios Flexibles","Hospital Antonio Mar\u00eda Pineda","Nacionales"],"articleSection":["Venezuela"],"inLanguage":"es","potentialAction":[{"@type":"CommentAction","name":"Comment","target":["https:\/\/digital58.com.ve\/site\/2020\/07\/31\/horarios-mas-flexibles-exige-la-morgue-central-de-barquisimeto\/#respond"]}]},{"@type":"WebPage","@id":"https:\/\/digital58.com.ve\/site\/2020\/07\/31\/horarios-mas-flexibles-exige-la-morgue-central-de-barquisimeto\/","url":"https:\/\/digital58.com.ve\/site\/2020\/07\/31\/horarios-mas-flexibles-exige-la-morgue-central-de-barquisimeto\/","name":"Horarios m\u00e1s flexibles exige la morgue central de Barquisimeto","isPartOf":{"@id":"https:\/\/digital58.com.ve\/site\/#website"},"primaryImageOfPage":{"@id":"https:\/\/digital58.com.ve\/site\/2020\/07\/31\/horarios-mas-flexibles-exige-la-morgue-central-de-barquisimeto\/#primaryimage"},"image":{"@id":"https:\/\/digital58.com.ve\/site\/2020\/07\/31\/horarios-mas-flexibles-exige-la-morgue-central-de-barquisimeto\/#primaryimage"},"thumbnailUrl":"https:\/\/digital58.com.ve\/site\/wp-content\/uploads\/2020\/07\/09-02-20-MORGUE-foto-angel-zambrano-10.jpg","datePublished":"2020-07-31T23:58:26+00:00","description":"Venezuela","breadcrumb":{"@id":"https:\/\/digital58.com.ve\/site\/2020\/07\/31\/horarios-mas-flexibles-exige-la-morgue-central-de-barquisimeto\/#breadcrumb"},"inLanguage":"es","potentialAction":[{"@type":"ReadAction","target":["https:\/\/digital58.com.ve\/site\/2020\/07\/31\/horarios-mas-flexibles-exige-la-morgue-central-de-barquisimeto\/"]}]},{"@type":"ImageObject","inLanguage":"es","@id":"https:\/\/digital58.com.ve\/site\/2020\/07\/31\/horarios-mas-flexibles-exige-la-morgue-central-de-barquisimeto\/#primaryimage","url":"https:\/\/digital58.com.ve\/site\/wp-content\/uploads\/2020\/07\/09-02-20-MORGUE-foto-angel-zambrano-10.jpg","contentUrl":"https:\/\/digital58.com.ve\/site\/wp-content\/uploads\/2020\/07\/09-02-20-MORGUE-foto-angel-zambrano-10.jpg","width":800,"height":555},{"@type":"BreadcrumbList","@id":"https:\/\/digital58.com.ve\/site\/2020\/07\/31\/horarios-mas-flexibles-exige-la-morgue-central-de-barquisimeto\/#breadcrumb","itemListElement":[{"@type":"ListItem","position":1,"name":"Home","item":"https:\/\/digital58.com.ve\/site\/"},{"@type":"ListItem","position":2,"name":"Horarios m\u00e1s flexibles exige la morgue central de Barquisimeto"}]},{"@type":"WebSite","@id":"https:\/\/digital58.com.ve\/site\/#website","url":"https:\/\/digital58.com.ve\/site\/","name":"Noticias Digital58","description":"Portal de Noticias \u00a1Periodismo web de verdad! Lanzamiento web 22.11.2005 \/ Maracaibo, Venezuela","publisher":{"@id":"https:\/\/digital58.com.ve\/site\/#\/schema\/person\/64d1c2e4d0d4fd1b849980c4331c2951"},"alternateName":"ND58","potentialAction":[{"@type":"SearchAction","target":{"@type":"EntryPoint","urlTemplate":"https:\/\/digital58.com.ve\/site\/?s={search_term_string}"},"query-input":{"@type":"PropertyValueSpecification","valueRequired":true,"valueName":"search_term_string"}}],"inLanguage":"es"},{"@type":["Person","Organization"],"@id":"https:\/\/digital58.com.ve\/site\/#\/schema\/person\/64d1c2e4d0d4fd1b849980c4331c2951","name":"Villasmil Henry","image":{"@type":"ImageObject","inLanguage":"es","@id":"https:\/\/secure.gravatar.com\/avatar\/bb0c4a2fcb7970138239f7e404ea75757b1b507b28b5ce4c53fbd62d797c5a7c?s=96&d=mm&r=g","url":"https:\/\/secure.gravatar.com\/avatar\/bb0c4a2fcb7970138239f7e404ea75757b1b507b28b5ce4c53fbd62d797c5a7c?s=96&d=mm&r=g","contentUrl":"https:\/\/secure.gravatar.com\/avatar\/bb0c4a2fcb7970138239f7e404ea75757b1b507b28b5ce4c53fbd62d797c5a7c?s=96&d=mm&r=g","caption":"Villasmil Henry"},"logo":{"@id":"https:\/\/secure.gravatar.com\/avatar\/bb0c4a2fcb7970138239f7e404ea75757b1b507b28b5ce4c53fbd62d797c5a7c?s=96&d=mm&r=g"},"sameAs":["http:\/\/www.henryvillasmil.com.ve","https:\/\/www.instagram.com\/villasmilhfoto\/","https:\/\/x.com\/https:\/\/twitter.com\/villasmilhfoto"]},{"@type":"Person","@id":"https:\/\/digital58.com.ve\/site\/#\/schema\/person\/c61667ce6845137620ee3f0aaabade17","name":"Molero Luis","image":{"@type":"ImageObject","inLanguage":"es","@id":"https:\/\/secure.gravatar.com\/avatar\/bf041ec637e3e7405449807deb2f7cf3d2de7c6fa755dd56e985201de9863f2b?s=96&d=mm&r=g","url":"https:\/\/secure.gravatar.com\/avatar\/bf041ec637e3e7405449807deb2f7cf3d2de7c6fa755dd56e985201de9863f2b?s=96&d=mm&r=g","contentUrl":"https:\/\/secure.gravatar.com\/avatar\/bf041ec637e3e7405449807deb2f7cf3d2de7c6fa755dd56e985201de9863f2b?s=96&d=mm&r=g","caption":"Molero Luis"},"url":"https:\/\/digital58.com.ve\/site\/author\/luismolero\/"}]}},"uagb_featured_image_src":{"full":["https:\/\/digital58.com.ve\/site\/wp-content\/uploads\/2020\/07\/09-02-20-MORGUE-foto-angel-zambrano-10.jpg",800,555,false],"thumbnail":["https:\/\/digital58.com.ve\/site\/wp-content\/uploads\/2020\/07\/09-02-20-MORGUE-foto-angel-zambrano-10-150x150.jpg",150,150,true],"medium":["https:\/\/digital58.com.ve\/site\/wp-content\/uploads\/2020\/07\/09-02-20-MORGUE-foto-angel-zambrano-10-300x208.jpg",300,208,true],"medium_large":["https:\/\/digital58.com.ve\/site\/wp-content\/uploads\/2020\/07\/09-02-20-MORGUE-foto-angel-zambrano-10-768x533.jpg",768,533,true],"large":["https:\/\/digital58.com.ve\/site\/wp-content\/uploads\/2020\/07\/09-02-20-MORGUE-foto-angel-zambrano-10.jpg",800,555,false],"1536x1536":["https:\/\/digital58.com.ve\/site\/wp-content\/uploads\/2020\/07\/09-02-20-MORGUE-foto-angel-zambrano-10.jpg",800,555,false],"2048x2048":["https:\/\/digital58.com.ve\/site\/wp-content\/uploads\/2020\/07\/09-02-20-MORGUE-foto-angel-zambrano-10.jpg",800,555,false],"colormag-highlighted-post":["https:\/\/digital58.com.ve\/site\/wp-content\/uploads\/2020\/07\/09-02-20-MORGUE-foto-angel-zambrano-10.jpg",392,272,false],"colormag-featured-post-medium":["https:\/\/digital58.com.ve\/site\/wp-content\/uploads\/2020\/07\/09-02-20-MORGUE-foto-angel-zambrano-10.jpg",295,205,false],"colormag-featured-post-small":["https:\/\/digital58.com.ve\/site\/wp-content\/uploads\/2020\/07\/09-02-20-MORGUE-foto-angel-zambrano-10.jpg",130,90,false],"colormag-featured-image":["https:\/\/digital58.com.ve\/site\/wp-content\/uploads\/2020\/07\/09-02-20-MORGUE-foto-angel-zambrano-10.jpg",641,445,false],"colormag-default-news":["https:\/\/digital58.com.ve\/site\/wp-content\/uploads\/2020\/07\/09-02-20-MORGUE-foto-angel-zambrano-10.jpg",150,104,false],"colormag-featured-image-large":["https:\/\/digital58.com.ve\/site\/wp-content\/uploads\/2020\/07\/09-02-20-MORGUE-foto-angel-zambrano-10.jpg",800,555,false]},"uagb_author_info":{"display_name":"Molero Luis","author_link":"https:\/\/digital58.com.ve\/site\/author\/luismolero\/"},"uagb_comment_info":0,"uagb_excerpt":"La Alcald\u00eda de Iribarren mantiene un decreto que proh\u00edbe velorios de debido a la pandemia y eso parece extenderse hasta","_links":{"self":[{"href":"https:\/\/digital58.com.ve\/site\/wp-json\/wp\/v2\/posts\/119136","targetHints":{"allow":["GET"]}}],"collection":[{"href":"https:\/\/digital58.com.ve\/site\/wp-json\/wp\/v2\/posts"}],"about":[{"href":"https:\/\/digital58.com.ve\/site\/wp-json\/wp\/v2\/types\/post"}],"author":[{"embeddable":true,"href":"https:\/\/digital58.com.ve\/site\/wp-json\/wp\/v2\/users\/26"}],"replies":[{"embeddable":true,"href":"https:\/\/digital58.com.ve\/site\/wp-json\/wp\/v2\/comments?post=119136"}],"version-history":[{"count":0,"href":"https:\/\/digital58.com.ve\/site\/wp-json\/wp\/v2\/posts\/119136\/revisions"}],"wp:featuredmedia":[{"embeddable":true,"href":"https:\/\/digital58.com.ve\/site\/wp-json\/wp\/v2\/media\/119137"}],"wp:attachment":[{"href":"https:\/\/digital58.com.ve\/site\/wp-json\/wp\/v2\/media?parent=119136"}],"wp:term":[{"taxonomy":"category","embeddable":true,"href":"https:\/\/digital58.com.ve\/site\/wp-json\/wp\/v2\/categories?post=119136"},{"taxonomy":"post_tag","embeddable":true,"href":"https:\/\/digital58.com.ve\/site\/wp-json\/wp\/v2\/tags?post=119136"}],"curies":[{"name":"wp","href":"https:\/\/api.w.org\/{rel}","templated":true}]}}