{"id":119166,"date":"2020-08-01T07:37:48","date_gmt":"2020-08-01T11:37:48","guid":{"rendered":"https:\/\/digital58.com.ve\/site\/?p=119166"},"modified":"2020-08-01T07:37:48","modified_gmt":"2020-08-01T11:37:48","slug":"cooperacion-para-tratar-la-covid-19-en-las-fronteras-pidio-maduro-a-colombia-y-brasil","status":"publish","type":"post","link":"https:\/\/digital58.com.ve\/site\/2020\/08\/01\/cooperacion-para-tratar-la-covid-19-en-las-fronteras-pidio-maduro-a-colombia-y-brasil\/","title":{"rendered":"Cooperaci\u00f3n para tratar la COVID-19  en las fronteras pidi\u00f3 Maduro a Colombia y Brasil"},"content":{"rendered":"<p><img loading=\"lazy\" decoding=\"async\" class=\"size-full wp-image-119167 aligncenter\" src=\"https:\/\/digital58.com.ve\/site\/wp-content\/uploads\/2020\/08\/20170718094149_nicolas-maduro-efe_foto610x342.jpg\" alt=\"\" width=\"610\" height=\"342\" srcset=\"https:\/\/digital58.com.ve\/site\/wp-content\/uploads\/2020\/08\/20170718094149_nicolas-maduro-efe_foto610x342.jpg 610w, https:\/\/digital58.com.ve\/site\/wp-content\/uploads\/2020\/08\/20170718094149_nicolas-maduro-efe_foto610x342-300x168.jpg 300w\" sizes=\"auto, (max-width: 610px) 100vw, 610px\" \/><\/p>\n<p>Maduro indic\u00f3 que han pedido ayuda a la Organizaci\u00f3n Mundial de la Salud (OMS) y la Organizaci\u00f3n Panamericana de la Salud (OPS) porque est\u00e1n \u00abobligados a coordinar en la inmensa frontera con Colombia y en la frontera con Brasil\u00bb las \u00abpol\u00edticas de protecci\u00f3n de la salud\u00bb.<\/p>\n<p><strong>Caracas, DC,\u00a0 Venezuela 1 de Agosto<\/strong><strong>\u00a0de 2020 (ND58).-<\/strong>\u00a0Cooperaci\u00f3n pidi\u00f3 el presidente Nicol\u00e1s Maduro a los gobiernos de Brasil y Colombia para\u00a0 abordar la crisis m\u00e9dica que ha provocado La COVID-19\u00a0 en las fronteras.<\/p>\n<p>\u00abC\u00f3mo quisi\u00e9ramos tener una coordinaci\u00f3n efectiva con las autoridades gubernamentales y las autoridades de salud\u00bb, manifest\u00f3 Maduro durante la inauguraci\u00f3n del hospital de campa\u00f1a en el Poliedro de Caracas.<\/p>\n<p>Maduro indic\u00f3 que han pedido ayuda a la Organizaci\u00f3n Mundial de la Salud (OMS) y la Organizaci\u00f3n Panamericana de la Salud (OPS) porque est\u00e1n \u00abobligados a coordinar en la inmensa frontera con Colombia y en la frontera con Brasil\u00bb las \u00abpol\u00edticas de protecci\u00f3n de la salud\u00bb.<\/p>\n<p>Poco antes, el presidente del PSUV hab\u00eda criticado al gobierno de Colombia que, sostuvo, \u00abest\u00e1 tomando medidas tard\u00edas, pero las est\u00e1 tomando\u00bb, para frenar la expansi\u00f3n de la COVID-19.<\/p>\n<p>\u00abSi tuvi\u00e9ramos el apoyo sanitario desde el lado colombiano (de la frontera) otro gallo cantar\u00eda, no estuviera este problema de los delincuentes, trocheros de Colombia\u00bb, destac\u00f3.<\/p><div class=\"jvwwu69f092791a12f\" ><p style=\"text-align: center;\"><a href=\"https:\/\/t.me\/noticiasdigital58\" target=\"_blank\" rel=\"noopener\"><img class=\"aligncenter size-full wp-image-125363\" src=\"https:\/\/digital58.com.ve\/site\/wp-content\/uploads\/2021\/04\/banner-telegram-web-2021.png\" alt=\"\" width=\"600\" height=\"90\" \/><\/a><\/p><\/div><style type=\"text\/css\">\r\n@media screen and (min-width: 1201px) {\r\n.jvwwu69f092791a12f {\r\ndisplay: block;\r\n}\r\n}\r\n@media screen and (min-width: 993px) and (max-width: 1200px) {\r\n.jvwwu69f092791a12f {\r\ndisplay: block;\r\n}\r\n}\r\n@media screen and (min-width: 769px) and (max-width: 992px) {\r\n.jvwwu69f092791a12f {\r\ndisplay: block;\r\n}\r\n}\r\n@media screen and (min-width: 768px) and (max-width: 768px) {\r\n.jvwwu69f092791a12f {\r\ndisplay: block;\r\n}\r\n}\r\n@media screen and (max-width: 767px) {\r\n.jvwwu69f092791a12f {\r\ndisplay: block;\r\n}\r\n}\r\n<\/style>\r\n\n<p><b><strong>Re<\/strong><strong>dacci\u00f3n: Molero, Luis\u00a0 (@Moleromarquez) | Fuente: Agencias<br \/>\nEdici\u00f3n: Villasmil, Henry<br \/>\nGr\u00e1ficas: Cortes\u00eda<\/strong><\/b><\/p>\n<div style=\"margin-top: 0px; margin-bottom: 0px;\" class=\"sharethis-inline-share-buttons\" ><\/div>","protected":false},"excerpt":{"rendered":"<p>Maduro indic\u00f3 que han pedido ayuda a la Organizaci\u00f3n Mundial de la Salud (OMS) y la Organizaci\u00f3n Panamericana de la<\/p>\n","protected":false},"author":26,"featured_media":119167,"comment_status":"open","ping_status":"closed","sticky":false,"template":"","format":"standard","meta":{"colormag_page_container_layout":"default_layout","colormag_page_sidebar_layout":"default_layout","_uag_custom_page_level_css":"","footnotes":""},"categories":[8610],"tags":[35,98,19281,13648,233,2724,550,611,2733,17582],"class_list":["post-119166","post","type-post","status-publish","format-standard","has-post-thumbnail","hentry","category-politica","tag-brasil","tag-colombia","tag-cooperacion","tag-covid-19","tag-nacionales","tag-nicolas-maduro","tag-oms","tag-ops","tag-psuv","tag-trocheros"],"yoast_head":"<!-- This site is optimized with the Yoast SEO plugin v27.4 - https:\/\/yoast.com\/product\/yoast-seo-wordpress\/ -->\n<title>Cooperaci\u00f3n para tratar la COVID-19 en las fronteras pidi\u00f3 Maduro a Colombia y Brasil<\/title>\n<meta name=\"description\" content=\"Pol\u00edtica\" \/>\n<meta name=\"robots\" content=\"index, follow, max-snippet:-1, max-image-preview:large, max-video-preview:-1\" \/>\n<link rel=\"canonical\" href=\"https:\/\/digital58.com.ve\/site\/2020\/08\/01\/cooperacion-para-tratar-la-covid-19-en-las-fronteras-pidio-maduro-a-colombia-y-brasil\/\" \/>\n<meta property=\"og:locale\" content=\"es_ES\" \/>\n<meta property=\"og:type\" content=\"article\" \/>\n<meta property=\"og:title\" content=\"Cooperaci\u00f3n para tratar la COVID-19 en las fronteras pidi\u00f3 Maduro a Colombia y Brasil\" \/>\n<meta property=\"og:description\" content=\"Pol\u00edtica\" \/>\n<meta property=\"og:url\" content=\"https:\/\/digital58.com.ve\/site\/2020\/08\/01\/cooperacion-para-tratar-la-covid-19-en-las-fronteras-pidio-maduro-a-colombia-y-brasil\/\" \/>\n<meta property=\"og:site_name\" content=\"Noticias Digital58\" \/>\n<meta property=\"article:published_time\" content=\"2020-08-01T11:37:48+00:00\" \/>\n<meta property=\"og:image\" content=\"https:\/\/digital58.com.ve\/site\/wp-content\/uploads\/2020\/08\/20170718094149_nicolas-maduro-efe_foto610x342.jpg\" \/>\n\t<meta property=\"og:image:width\" content=\"610\" \/>\n\t<meta property=\"og:image:height\" content=\"342\" \/>\n\t<meta property=\"og:image:type\" content=\"image\/jpeg\" \/>\n<meta name=\"author\" content=\"Molero Luis\" \/>\n<meta name=\"twitter:card\" content=\"summary_large_image\" \/>\n<meta name=\"twitter:creator\" content=\"@Digital_58\" \/>\n<meta name=\"twitter:site\" content=\"@villasmilhfoto\" \/>\n<meta name=\"twitter:label1\" content=\"Escrito por\" \/>\n\t<meta name=\"twitter:data1\" content=\"Molero Luis\" \/>\n\t<meta name=\"twitter:label2\" content=\"Tiempo estimado de lectura\" \/>\n\t<meta name=\"twitter:data2\" content=\"1 minuto\" \/>\n<script type=\"application\/ld+json\" class=\"yoast-schema-graph\">{\"@context\":\"https:\\\/\\\/schema.org\",\"@graph\":[{\"@type\":\"Article\",\"@id\":\"https:\\\/\\\/digital58.com.ve\\\/site\\\/2020\\\/08\\\/01\\\/cooperacion-para-tratar-la-covid-19-en-las-fronteras-pidio-maduro-a-colombia-y-brasil\\\/#article\",\"isPartOf\":{\"@id\":\"https:\\\/\\\/digital58.com.ve\\\/site\\\/2020\\\/08\\\/01\\\/cooperacion-para-tratar-la-covid-19-en-las-fronteras-pidio-maduro-a-colombia-y-brasil\\\/\"},\"author\":{\"name\":\"Molero Luis\",\"@id\":\"https:\\\/\\\/digital58.com.ve\\\/site\\\/#\\\/schema\\\/person\\\/c61667ce6845137620ee3f0aaabade17\"},\"headline\":\"Cooperaci\u00f3n para tratar la COVID-19 en las fronteras pidi\u00f3 Maduro a Colombia y Brasil\",\"datePublished\":\"2020-08-01T11:37:48+00:00\",\"mainEntityOfPage\":{\"@id\":\"https:\\\/\\\/digital58.com.ve\\\/site\\\/2020\\\/08\\\/01\\\/cooperacion-para-tratar-la-covid-19-en-las-fronteras-pidio-maduro-a-colombia-y-brasil\\\/\"},\"wordCount\":264,\"commentCount\":0,\"publisher\":{\"@id\":\"https:\\\/\\\/digital58.com.ve\\\/site\\\/#\\\/schema\\\/person\\\/64d1c2e4d0d4fd1b849980c4331c2951\"},\"image\":{\"@id\":\"https:\\\/\\\/digital58.com.ve\\\/site\\\/2020\\\/08\\\/01\\\/cooperacion-para-tratar-la-covid-19-en-las-fronteras-pidio-maduro-a-colombia-y-brasil\\\/#primaryimage\"},\"thumbnailUrl\":\"https:\\\/\\\/digital58.com.ve\\\/site\\\/wp-content\\\/uploads\\\/2020\\\/08\\\/20170718094149_nicolas-maduro-efe_foto610x342.jpg\",\"keywords\":[\"Brasil\",\"Colombia\",\"Cooperaci\u00f2n\",\"COVID-19\",\"Nacionales\",\"Nicol\u00e1s Maduro\",\"OMS\",\"OPS\",\"PSUV\",\"trocheros\"],\"articleSection\":[\"Pol\u00edtica\"],\"inLanguage\":\"es\",\"potentialAction\":[{\"@type\":\"CommentAction\",\"name\":\"Comment\",\"target\":[\"https:\\\/\\\/digital58.com.ve\\\/site\\\/2020\\\/08\\\/01\\\/cooperacion-para-tratar-la-covid-19-en-las-fronteras-pidio-maduro-a-colombia-y-brasil\\\/#respond\"]}]},{\"@type\":\"WebPage\",\"@id\":\"https:\\\/\\\/digital58.com.ve\\\/site\\\/2020\\\/08\\\/01\\\/cooperacion-para-tratar-la-covid-19-en-las-fronteras-pidio-maduro-a-colombia-y-brasil\\\/\",\"url\":\"https:\\\/\\\/digital58.com.ve\\\/site\\\/2020\\\/08\\\/01\\\/cooperacion-para-tratar-la-covid-19-en-las-fronteras-pidio-maduro-a-colombia-y-brasil\\\/\",\"name\":\"Cooperaci\u00f3n para tratar la COVID-19 en las fronteras pidi\u00f3 Maduro a Colombia y Brasil\",\"isPartOf\":{\"@id\":\"https:\\\/\\\/digital58.com.ve\\\/site\\\/#website\"},\"primaryImageOfPage\":{\"@id\":\"https:\\\/\\\/digital58.com.ve\\\/site\\\/2020\\\/08\\\/01\\\/cooperacion-para-tratar-la-covid-19-en-las-fronteras-pidio-maduro-a-colombia-y-brasil\\\/#primaryimage\"},\"image\":{\"@id\":\"https:\\\/\\\/digital58.com.ve\\\/site\\\/2020\\\/08\\\/01\\\/cooperacion-para-tratar-la-covid-19-en-las-fronteras-pidio-maduro-a-colombia-y-brasil\\\/#primaryimage\"},\"thumbnailUrl\":\"https:\\\/\\\/digital58.com.ve\\\/site\\\/wp-content\\\/uploads\\\/2020\\\/08\\\/20170718094149_nicolas-maduro-efe_foto610x342.jpg\",\"datePublished\":\"2020-08-01T11:37:48+00:00\",\"description\":\"Pol\u00edtica\",\"breadcrumb\":{\"@id\":\"https:\\\/\\\/digital58.com.ve\\\/site\\\/2020\\\/08\\\/01\\\/cooperacion-para-tratar-la-covid-19-en-las-fronteras-pidio-maduro-a-colombia-y-brasil\\\/#breadcrumb\"},\"inLanguage\":\"es\",\"potentialAction\":[{\"@type\":\"ReadAction\",\"target\":[\"https:\\\/\\\/digital58.com.ve\\\/site\\\/2020\\\/08\\\/01\\\/cooperacion-para-tratar-la-covid-19-en-las-fronteras-pidio-maduro-a-colombia-y-brasil\\\/\"]}]},{\"@type\":\"ImageObject\",\"inLanguage\":\"es\",\"@id\":\"https:\\\/\\\/digital58.com.ve\\\/site\\\/2020\\\/08\\\/01\\\/cooperacion-para-tratar-la-covid-19-en-las-fronteras-pidio-maduro-a-colombia-y-brasil\\\/#primaryimage\",\"url\":\"https:\\\/\\\/digital58.com.ve\\\/site\\\/wp-content\\\/uploads\\\/2020\\\/08\\\/20170718094149_nicolas-maduro-efe_foto610x342.jpg\",\"contentUrl\":\"https:\\\/\\\/digital58.com.ve\\\/site\\\/wp-content\\\/uploads\\\/2020\\\/08\\\/20170718094149_nicolas-maduro-efe_foto610x342.jpg\",\"width\":610,\"height\":342},{\"@type\":\"BreadcrumbList\",\"@id\":\"https:\\\/\\\/digital58.com.ve\\\/site\\\/2020\\\/08\\\/01\\\/cooperacion-para-tratar-la-covid-19-en-las-fronteras-pidio-maduro-a-colombia-y-brasil\\\/#breadcrumb\",\"itemListElement\":[{\"@type\":\"ListItem\",\"position\":1,\"name\":\"Home\",\"item\":\"https:\\\/\\\/digital58.com.ve\\\/site\\\/\"},{\"@type\":\"ListItem\",\"position\":2,\"name\":\"Cooperaci\u00f3n para tratar la COVID-19 en las fronteras pidi\u00f3 Maduro a Colombia y Brasil\"}]},{\"@type\":\"WebSite\",\"@id\":\"https:\\\/\\\/digital58.com.ve\\\/site\\\/#website\",\"url\":\"https:\\\/\\\/digital58.com.ve\\\/site\\\/\",\"name\":\"Noticias Digital58\",\"description\":\"Portal de Noticias \u00a1Periodismo web de verdad! Lanzamiento web 22.11.2005 \\\/ Maracaibo, Venezuela\",\"publisher\":{\"@id\":\"https:\\\/\\\/digital58.com.ve\\\/site\\\/#\\\/schema\\\/person\\\/64d1c2e4d0d4fd1b849980c4331c2951\"},\"alternateName\":\"ND58\",\"potentialAction\":[{\"@type\":\"SearchAction\",\"target\":{\"@type\":\"EntryPoint\",\"urlTemplate\":\"https:\\\/\\\/digital58.com.ve\\\/site\\\/?s={search_term_string}\"},\"query-input\":{\"@type\":\"PropertyValueSpecification\",\"valueRequired\":true,\"valueName\":\"search_term_string\"}}],\"inLanguage\":\"es\"},{\"@type\":[\"Person\",\"Organization\"],\"@id\":\"https:\\\/\\\/digital58.com.ve\\\/site\\\/#\\\/schema\\\/person\\\/64d1c2e4d0d4fd1b849980c4331c2951\",\"name\":\"Villasmil Henry\",\"image\":{\"@type\":\"ImageObject\",\"inLanguage\":\"es\",\"@id\":\"https:\\\/\\\/secure.gravatar.com\\\/avatar\\\/bb0c4a2fcb7970138239f7e404ea75757b1b507b28b5ce4c53fbd62d797c5a7c?s=96&d=mm&r=g\",\"url\":\"https:\\\/\\\/secure.gravatar.com\\\/avatar\\\/bb0c4a2fcb7970138239f7e404ea75757b1b507b28b5ce4c53fbd62d797c5a7c?s=96&d=mm&r=g\",\"contentUrl\":\"https:\\\/\\\/secure.gravatar.com\\\/avatar\\\/bb0c4a2fcb7970138239f7e404ea75757b1b507b28b5ce4c53fbd62d797c5a7c?s=96&d=mm&r=g\",\"caption\":\"Villasmil Henry\"},\"logo\":{\"@id\":\"https:\\\/\\\/secure.gravatar.com\\\/avatar\\\/bb0c4a2fcb7970138239f7e404ea75757b1b507b28b5ce4c53fbd62d797c5a7c?s=96&d=mm&r=g\"},\"sameAs\":[\"http:\\\/\\\/www.henryvillasmil.com.ve\",\"https:\\\/\\\/www.instagram.com\\\/villasmilhfoto\\\/\",\"https:\\\/\\\/x.com\\\/https:\\\/\\\/twitter.com\\\/villasmilhfoto\"]},{\"@type\":\"Person\",\"@id\":\"https:\\\/\\\/digital58.com.ve\\\/site\\\/#\\\/schema\\\/person\\\/c61667ce6845137620ee3f0aaabade17\",\"name\":\"Molero Luis\",\"image\":{\"@type\":\"ImageObject\",\"inLanguage\":\"es\",\"@id\":\"https:\\\/\\\/secure.gravatar.com\\\/avatar\\\/bf041ec637e3e7405449807deb2f7cf3d2de7c6fa755dd56e985201de9863f2b?s=96&d=mm&r=g\",\"url\":\"https:\\\/\\\/secure.gravatar.com\\\/avatar\\\/bf041ec637e3e7405449807deb2f7cf3d2de7c6fa755dd56e985201de9863f2b?s=96&d=mm&r=g\",\"contentUrl\":\"https:\\\/\\\/secure.gravatar.com\\\/avatar\\\/bf041ec637e3e7405449807deb2f7cf3d2de7c6fa755dd56e985201de9863f2b?s=96&d=mm&r=g\",\"caption\":\"Molero Luis\"},\"url\":\"https:\\\/\\\/digital58.com.ve\\\/site\\\/author\\\/luismolero\\\/\"}]}<\/script>\n<!-- \/ Yoast SEO plugin. -->","yoast_head_json":{"title":"Cooperaci\u00f3n para tratar la COVID-19 en las fronteras pidi\u00f3 Maduro a Colombia y Brasil","description":"Pol\u00edtica","robots":{"index":"index","follow":"follow","max-snippet":"max-snippet:-1","max-image-preview":"max-image-preview:large","max-video-preview":"max-video-preview:-1"},"canonical":"https:\/\/digital58.com.ve\/site\/2020\/08\/01\/cooperacion-para-tratar-la-covid-19-en-las-fronteras-pidio-maduro-a-colombia-y-brasil\/","og_locale":"es_ES","og_type":"article","og_title":"Cooperaci\u00f3n para tratar la COVID-19 en las fronteras pidi\u00f3 Maduro a Colombia y Brasil","og_description":"Pol\u00edtica","og_url":"https:\/\/digital58.com.ve\/site\/2020\/08\/01\/cooperacion-para-tratar-la-covid-19-en-las-fronteras-pidio-maduro-a-colombia-y-brasil\/","og_site_name":"Noticias Digital58","article_published_time":"2020-08-01T11:37:48+00:00","og_image":[{"width":610,"height":342,"url":"https:\/\/digital58.com.ve\/site\/wp-content\/uploads\/2020\/08\/20170718094149_nicolas-maduro-efe_foto610x342.jpg","type":"image\/jpeg"}],"author":"Molero Luis","twitter_card":"summary_large_image","twitter_creator":"@Digital_58","twitter_site":"@villasmilhfoto","twitter_misc":{"Escrito por":"Molero Luis","Tiempo estimado de lectura":"1 minuto"},"schema":{"@context":"https:\/\/schema.org","@graph":[{"@type":"Article","@id":"https:\/\/digital58.com.ve\/site\/2020\/08\/01\/cooperacion-para-tratar-la-covid-19-en-las-fronteras-pidio-maduro-a-colombia-y-brasil\/#article","isPartOf":{"@id":"https:\/\/digital58.com.ve\/site\/2020\/08\/01\/cooperacion-para-tratar-la-covid-19-en-las-fronteras-pidio-maduro-a-colombia-y-brasil\/"},"author":{"name":"Molero Luis","@id":"https:\/\/digital58.com.ve\/site\/#\/schema\/person\/c61667ce6845137620ee3f0aaabade17"},"headline":"Cooperaci\u00f3n para tratar la COVID-19 en las fronteras pidi\u00f3 Maduro a Colombia y Brasil","datePublished":"2020-08-01T11:37:48+00:00","mainEntityOfPage":{"@id":"https:\/\/digital58.com.ve\/site\/2020\/08\/01\/cooperacion-para-tratar-la-covid-19-en-las-fronteras-pidio-maduro-a-colombia-y-brasil\/"},"wordCount":264,"commentCount":0,"publisher":{"@id":"https:\/\/digital58.com.ve\/site\/#\/schema\/person\/64d1c2e4d0d4fd1b849980c4331c2951"},"image":{"@id":"https:\/\/digital58.com.ve\/site\/2020\/08\/01\/cooperacion-para-tratar-la-covid-19-en-las-fronteras-pidio-maduro-a-colombia-y-brasil\/#primaryimage"},"thumbnailUrl":"https:\/\/digital58.com.ve\/site\/wp-content\/uploads\/2020\/08\/20170718094149_nicolas-maduro-efe_foto610x342.jpg","keywords":["Brasil","Colombia","Cooperaci\u00f2n","COVID-19","Nacionales","Nicol\u00e1s Maduro","OMS","OPS","PSUV","trocheros"],"articleSection":["Pol\u00edtica"],"inLanguage":"es","potentialAction":[{"@type":"CommentAction","name":"Comment","target":["https:\/\/digital58.com.ve\/site\/2020\/08\/01\/cooperacion-para-tratar-la-covid-19-en-las-fronteras-pidio-maduro-a-colombia-y-brasil\/#respond"]}]},{"@type":"WebPage","@id":"https:\/\/digital58.com.ve\/site\/2020\/08\/01\/cooperacion-para-tratar-la-covid-19-en-las-fronteras-pidio-maduro-a-colombia-y-brasil\/","url":"https:\/\/digital58.com.ve\/site\/2020\/08\/01\/cooperacion-para-tratar-la-covid-19-en-las-fronteras-pidio-maduro-a-colombia-y-brasil\/","name":"Cooperaci\u00f3n para tratar la COVID-19 en las fronteras pidi\u00f3 Maduro a Colombia y Brasil","isPartOf":{"@id":"https:\/\/digital58.com.ve\/site\/#website"},"primaryImageOfPage":{"@id":"https:\/\/digital58.com.ve\/site\/2020\/08\/01\/cooperacion-para-tratar-la-covid-19-en-las-fronteras-pidio-maduro-a-colombia-y-brasil\/#primaryimage"},"image":{"@id":"https:\/\/digital58.com.ve\/site\/2020\/08\/01\/cooperacion-para-tratar-la-covid-19-en-las-fronteras-pidio-maduro-a-colombia-y-brasil\/#primaryimage"},"thumbnailUrl":"https:\/\/digital58.com.ve\/site\/wp-content\/uploads\/2020\/08\/20170718094149_nicolas-maduro-efe_foto610x342.jpg","datePublished":"2020-08-01T11:37:48+00:00","description":"Pol\u00edtica","breadcrumb":{"@id":"https:\/\/digital58.com.ve\/site\/2020\/08\/01\/cooperacion-para-tratar-la-covid-19-en-las-fronteras-pidio-maduro-a-colombia-y-brasil\/#breadcrumb"},"inLanguage":"es","potentialAction":[{"@type":"ReadAction","target":["https:\/\/digital58.com.ve\/site\/2020\/08\/01\/cooperacion-para-tratar-la-covid-19-en-las-fronteras-pidio-maduro-a-colombia-y-brasil\/"]}]},{"@type":"ImageObject","inLanguage":"es","@id":"https:\/\/digital58.com.ve\/site\/2020\/08\/01\/cooperacion-para-tratar-la-covid-19-en-las-fronteras-pidio-maduro-a-colombia-y-brasil\/#primaryimage","url":"https:\/\/digital58.com.ve\/site\/wp-content\/uploads\/2020\/08\/20170718094149_nicolas-maduro-efe_foto610x342.jpg","contentUrl":"https:\/\/digital58.com.ve\/site\/wp-content\/uploads\/2020\/08\/20170718094149_nicolas-maduro-efe_foto610x342.jpg","width":610,"height":342},{"@type":"BreadcrumbList","@id":"https:\/\/digital58.com.ve\/site\/2020\/08\/01\/cooperacion-para-tratar-la-covid-19-en-las-fronteras-pidio-maduro-a-colombia-y-brasil\/#breadcrumb","itemListElement":[{"@type":"ListItem","position":1,"name":"Home","item":"https:\/\/digital58.com.ve\/site\/"},{"@type":"ListItem","position":2,"name":"Cooperaci\u00f3n para tratar la COVID-19 en las fronteras pidi\u00f3 Maduro a Colombia y Brasil"}]},{"@type":"WebSite","@id":"https:\/\/digital58.com.ve\/site\/#website","url":"https:\/\/digital58.com.ve\/site\/","name":"Noticias Digital58","description":"Portal de Noticias \u00a1Periodismo web de verdad! Lanzamiento web 22.11.2005 \/ Maracaibo, Venezuela","publisher":{"@id":"https:\/\/digital58.com.ve\/site\/#\/schema\/person\/64d1c2e4d0d4fd1b849980c4331c2951"},"alternateName":"ND58","potentialAction":[{"@type":"SearchAction","target":{"@type":"EntryPoint","urlTemplate":"https:\/\/digital58.com.ve\/site\/?s={search_term_string}"},"query-input":{"@type":"PropertyValueSpecification","valueRequired":true,"valueName":"search_term_string"}}],"inLanguage":"es"},{"@type":["Person","Organization"],"@id":"https:\/\/digital58.com.ve\/site\/#\/schema\/person\/64d1c2e4d0d4fd1b849980c4331c2951","name":"Villasmil Henry","image":{"@type":"ImageObject","inLanguage":"es","@id":"https:\/\/secure.gravatar.com\/avatar\/bb0c4a2fcb7970138239f7e404ea75757b1b507b28b5ce4c53fbd62d797c5a7c?s=96&d=mm&r=g","url":"https:\/\/secure.gravatar.com\/avatar\/bb0c4a2fcb7970138239f7e404ea75757b1b507b28b5ce4c53fbd62d797c5a7c?s=96&d=mm&r=g","contentUrl":"https:\/\/secure.gravatar.com\/avatar\/bb0c4a2fcb7970138239f7e404ea75757b1b507b28b5ce4c53fbd62d797c5a7c?s=96&d=mm&r=g","caption":"Villasmil Henry"},"logo":{"@id":"https:\/\/secure.gravatar.com\/avatar\/bb0c4a2fcb7970138239f7e404ea75757b1b507b28b5ce4c53fbd62d797c5a7c?s=96&d=mm&r=g"},"sameAs":["http:\/\/www.henryvillasmil.com.ve","https:\/\/www.instagram.com\/villasmilhfoto\/","https:\/\/x.com\/https:\/\/twitter.com\/villasmilhfoto"]},{"@type":"Person","@id":"https:\/\/digital58.com.ve\/site\/#\/schema\/person\/c61667ce6845137620ee3f0aaabade17","name":"Molero Luis","image":{"@type":"ImageObject","inLanguage":"es","@id":"https:\/\/secure.gravatar.com\/avatar\/bf041ec637e3e7405449807deb2f7cf3d2de7c6fa755dd56e985201de9863f2b?s=96&d=mm&r=g","url":"https:\/\/secure.gravatar.com\/avatar\/bf041ec637e3e7405449807deb2f7cf3d2de7c6fa755dd56e985201de9863f2b?s=96&d=mm&r=g","contentUrl":"https:\/\/secure.gravatar.com\/avatar\/bf041ec637e3e7405449807deb2f7cf3d2de7c6fa755dd56e985201de9863f2b?s=96&d=mm&r=g","caption":"Molero Luis"},"url":"https:\/\/digital58.com.ve\/site\/author\/luismolero\/"}]}},"uagb_featured_image_src":{"full":["https:\/\/digital58.com.ve\/site\/wp-content\/uploads\/2020\/08\/20170718094149_nicolas-maduro-efe_foto610x342.jpg",610,342,false],"thumbnail":["https:\/\/digital58.com.ve\/site\/wp-content\/uploads\/2020\/08\/20170718094149_nicolas-maduro-efe_foto610x342-150x150.jpg",150,150,true],"medium":["https:\/\/digital58.com.ve\/site\/wp-content\/uploads\/2020\/08\/20170718094149_nicolas-maduro-efe_foto610x342-300x168.jpg",300,168,true],"medium_large":["https:\/\/digital58.com.ve\/site\/wp-content\/uploads\/2020\/08\/20170718094149_nicolas-maduro-efe_foto610x342.jpg",610,342,false],"large":["https:\/\/digital58.com.ve\/site\/wp-content\/uploads\/2020\/08\/20170718094149_nicolas-maduro-efe_foto610x342.jpg",610,342,false],"1536x1536":["https:\/\/digital58.com.ve\/site\/wp-content\/uploads\/2020\/08\/20170718094149_nicolas-maduro-efe_foto610x342.jpg",610,342,false],"2048x2048":["https:\/\/digital58.com.ve\/site\/wp-content\/uploads\/2020\/08\/20170718094149_nicolas-maduro-efe_foto610x342.jpg",610,342,false],"colormag-highlighted-post":["https:\/\/digital58.com.ve\/site\/wp-content\/uploads\/2020\/08\/20170718094149_nicolas-maduro-efe_foto610x342.jpg",392,220,false],"colormag-featured-post-medium":["https:\/\/digital58.com.ve\/site\/wp-content\/uploads\/2020\/08\/20170718094149_nicolas-maduro-efe_foto610x342.jpg",366,205,false],"colormag-featured-post-small":["https:\/\/digital58.com.ve\/site\/wp-content\/uploads\/2020\/08\/20170718094149_nicolas-maduro-efe_foto610x342.jpg",130,73,false],"colormag-featured-image":["https:\/\/digital58.com.ve\/site\/wp-content\/uploads\/2020\/08\/20170718094149_nicolas-maduro-efe_foto610x342.jpg",610,342,false],"colormag-default-news":["https:\/\/digital58.com.ve\/site\/wp-content\/uploads\/2020\/08\/20170718094149_nicolas-maduro-efe_foto610x342.jpg",150,84,false],"colormag-featured-image-large":["https:\/\/digital58.com.ve\/site\/wp-content\/uploads\/2020\/08\/20170718094149_nicolas-maduro-efe_foto610x342.jpg",610,342,false]},"uagb_author_info":{"display_name":"Molero Luis","author_link":"https:\/\/digital58.com.ve\/site\/author\/luismolero\/"},"uagb_comment_info":0,"uagb_excerpt":"Maduro indic\u00f3 que han pedido ayuda a la Organizaci\u00f3n Mundial de la Salud (OMS) y la Organizaci\u00f3n Panamericana de la","_links":{"self":[{"href":"https:\/\/digital58.com.ve\/site\/wp-json\/wp\/v2\/posts\/119166","targetHints":{"allow":["GET"]}}],"collection":[{"href":"https:\/\/digital58.com.ve\/site\/wp-json\/wp\/v2\/posts"}],"about":[{"href":"https:\/\/digital58.com.ve\/site\/wp-json\/wp\/v2\/types\/post"}],"author":[{"embeddable":true,"href":"https:\/\/digital58.com.ve\/site\/wp-json\/wp\/v2\/users\/26"}],"replies":[{"embeddable":true,"href":"https:\/\/digital58.com.ve\/site\/wp-json\/wp\/v2\/comments?post=119166"}],"version-history":[{"count":0,"href":"https:\/\/digital58.com.ve\/site\/wp-json\/wp\/v2\/posts\/119166\/revisions"}],"wp:featuredmedia":[{"embeddable":true,"href":"https:\/\/digital58.com.ve\/site\/wp-json\/wp\/v2\/media\/119167"}],"wp:attachment":[{"href":"https:\/\/digital58.com.ve\/site\/wp-json\/wp\/v2\/media?parent=119166"}],"wp:term":[{"taxonomy":"category","embeddable":true,"href":"https:\/\/digital58.com.ve\/site\/wp-json\/wp\/v2\/categories?post=119166"},{"taxonomy":"post_tag","embeddable":true,"href":"https:\/\/digital58.com.ve\/site\/wp-json\/wp\/v2\/tags?post=119166"}],"curies":[{"name":"wp","href":"https:\/\/api.w.org\/{rel}","templated":true}]}}