{"id":119399,"date":"2020-08-02T15:03:46","date_gmt":"2020-08-02T19:03:46","guid":{"rendered":"https:\/\/digital58.com.ve\/site\/?p=119399"},"modified":"2020-08-02T15:03:46","modified_gmt":"2020-08-02T19:03:46","slug":"miguel-angel-martin-afirmo-que-una-malversacion-de-fondos-del-gobierno-nacional-para-costear-gastos-legales-de-la-defensa-de-alex-saab","status":"publish","type":"post","link":"https:\/\/digital58.com.ve\/site\/2020\/08\/02\/miguel-angel-martin-afirmo-que-una-malversacion-de-fondos-del-gobierno-nacional-para-costear-gastos-legales-de-la-defensa-de-alex-saab\/","title":{"rendered":"Miguel \u00c1ngel Martin afirm\u00f3 que una malversaci\u00f3n de fondos del gobierno nacional para costear gastos legales de la defensa de Alex Saab"},"content":{"rendered":"<p><img loading=\"lazy\" decoding=\"async\" class=\"size-full wp-image-119401 aligncenter\" src=\"https:\/\/digital58.com.ve\/site\/wp-content\/uploads\/2020\/08\/Miguel-A\u0301ngel-Marti\u0301n-Tortabu-1.jpg\" alt=\"\" width=\"800\" height=\"533\" srcset=\"https:\/\/digital58.com.ve\/site\/wp-content\/uploads\/2020\/08\/Miguel-A\u0301ngel-Marti\u0301n-Tortabu-1.jpg 800w, https:\/\/digital58.com.ve\/site\/wp-content\/uploads\/2020\/08\/Miguel-A\u0301ngel-Marti\u0301n-Tortabu-1-300x200.jpg 300w, https:\/\/digital58.com.ve\/site\/wp-content\/uploads\/2020\/08\/Miguel-A\u0301ngel-Marti\u0301n-Tortabu-1-768x512.jpg 768w, https:\/\/digital58.com.ve\/site\/wp-content\/uploads\/2020\/08\/Miguel-A\u0301ngel-Marti\u0301n-Tortabu-1-720x480.jpg 720w, https:\/\/digital58.com.ve\/site\/wp-content\/uploads\/2020\/08\/Miguel-A\u0301ngel-Marti\u0301n-Tortabu-1-480x320.jpg 480w\" sizes=\"auto, (max-width: 800px) 100vw, 800px\" \/><\/p>\n<p>El portal Primer Informe asegur\u00f3 que parte de los fondos con los que Saab les paga a sus abogados salieron de cuentas en Suiza. Estas fueron rastreadas por el Departamento de Justicia de Estados Unidos.<\/p>\n<p><b>Internacionales <\/b><strong>\u00a02 de Agosto<\/strong><strong>\u00a0de 2020 (ND58).-<\/strong>\u00a02.950 ventiladores para unidades de cuidados intensivos o m\u00e1s de 1 mill\u00f3n de pruebas PCR para detectar la COVD-19 se podr\u00edan adquirir con los 65 millones de d\u00f3lares que estar\u00eda costando la defensa del barranquillero \u00c1lex Saab, que \u00a0fue capturado en Cabo Verde el 12 de junio y requerido en extradici\u00f3n por la justicia de Estados Unidos.<\/p>\n<p>La oposici\u00f3n ya habla de una clara malversaci\u00f3n de fondos por parte del gobierno de Nicol\u00e1s Maduro, quien ha desplegado toda una artiller\u00eda judicial para liberar a su \u00abagente especial\u00bb.<\/p>\n<p>El presidente del Tribunal Supremo de Justicia de Venezuela en el exilio, Miguel \u00c1ngel Mart\u00edn, le asegur\u00f3 a El Tiempo de Colombia que el dinero destinado a la defensa de Saab sale de las arcas del Estado. Afirm\u00f3, as\u00ed, que se trata de un caso grave de malversaci\u00f3n por el que deben responder.<\/p>\n<p>La pol\u00e9mica surge en momentos en que Cabo Verde define la suerte del barranquillero. Saab acudi\u00f3 a un hospital de la Isla de Sal, por problemas m\u00e9dicos. Anteriormente, ya se hab\u00eda quejado de dolencias f\u00edsicas.<\/p>\n<p>Sobre las cuentas de los honorarios se sabe que el exjuez Baltasar Garz\u00f3n cobra 65.000 d\u00f3lares por estudiar la viabilidad de un caso antes de asumirlo. Y, al parecer, factur\u00f3 1,8 millones de d\u00f3lares por dise\u00f1ar la defensa del exgeneral venezolano Hugo \u00abPollo Carvajal\u00bb. Una suma similar habr\u00eda costado la defensa de Roberto Rinc\u00f3n y Abraham Sierra, acusados en Estados Unidos de defraudar a la petrolera venezolana Pdvsa.<\/p>\n<p>Versiones se\u00f1alan que, por el caso de la defensa de Alex Saab, Garz\u00f3n y su bufete local \u00a0recibieron un adelanto de 4 millones de d\u00f3lares. Sin embargo, el espa\u00f1ol no ha querido hablar del tema ni de su estrategia. Tampoco se sabe cu\u00e1nto est\u00e1n facturando y qui\u00e9n le paga al resto del equipo. Uno de ellos es el exasesor de Interpol de nacionalidad holandesa Rutsel Martha.<\/p>\n<p>El holand\u00e9s ha defendido casos multimillonarios como el del empresario nigeriano Kola Aluko, cuyos bienes avaluados por encima de 1,7 billones de d\u00f3lares fueron congelados en 2016. Para facturar esas sumas, Martha les recuerda a sus clientes que ha obtenido la eliminaci\u00f3n de 12 notificaciones rojas de Interpol.<\/p>\n<p>El portal Primer Informe asegur\u00f3 que parte de los fondos con los que Saab les paga a sus abogados salieron de cuentas en Suiza. Estas fueron rastreadas por el Departamento de Justicia de Estados Unidos.<\/p>\n<p>No se sabe si con esos fondos, o con los del gobierno, tambi\u00e9n se contrat\u00f3 a las prestigiosas firmas portuguesas Abreu Advogados y Rog\u00e9rio Fernandes Ferreira &amp; Associados. Estas se encargan de coordinar su defensa en Cabo Verde. La firma Abreu Advogados es la preferida de poderosas empresas multinacionales como Google, Visa, Amazon y Marriott que litigan casos por elevadas sumas de dinero.<\/p>\n<p>Finalmente, en el equipo de defensa figura Rog\u00e9rio Fernandes Ferreira &amp; Associados. Esa es la exclusiva firma a la que pertenece el abogado caboveriano Jos\u00e9 Manuel Pinto Monteiro. Uno de sus asesores ya habr\u00eda recibido 2 millones de d\u00f3lares por sus gestiones.<\/p>\n<p>Tampoco se sabe es cu\u00e1nto invirti\u00f3 Venezuela en los vuelos privados en los que ha enviado a sus emisarios a \u00c1frica a interceder por Saab. Los costos de movilizaci\u00f3n en un vuelo de operaci\u00f3n privada de Caracas a Cabo Verde son de 21.850 d\u00f3lares por trayecto.<\/p>\n<p>Por ahora, la defensa del barranquillero \u00c1lex Saab acaba de sufrir un nuevo rev\u00e9s judicial. El Tribunal Constitucional de Cabo Verde se habl\u00f3 el s\u00e1bado sobre el recurso de amparo que presentaron para que lo dejaran en libertad, y este no fue favorable.<\/p>\n<p>El tribunal manifest\u00f3 que la defensa se anticip\u00f3, ya que el amparo es un procedimiento de \u00faltimo recurso. A\u00fan falta que el Tribunal de Extradici\u00f3n hable de fondo sobre la solicitud de env\u00edo de la justicia de Estados Unidos, que lo investiga por corrupci\u00f3n y lavado, ligado al r\u00e9gimen de Maduro.<\/p>\n<p>La defensa de Saab se declar\u00f3 extra\u00f1ada con esta decisi\u00f3n, que calific\u00f3 como una nueva violaci\u00f3n a los derechos del \u201cagente especial\u201d del r\u00e9gimen bolivariano. Este es el cuarto rev\u00e9s que sufre \u00c1lex Saab en su intento por quedar libre. La justicia de Cabo Verde les neg\u00f3 la oposici\u00f3n a la captura, el pasado 12 de junio, y dos habeas corpus.<\/p><div class=\"nrdua69f1fee929ec5\" ><p style=\"text-align: center;\"><a href=\"https:\/\/t.me\/noticiasdigital58\" target=\"_blank\" rel=\"noopener\"><img class=\"aligncenter size-full wp-image-125363\" src=\"https:\/\/digital58.com.ve\/site\/wp-content\/uploads\/2021\/04\/banner-telegram-web-2021.png\" alt=\"\" width=\"600\" height=\"90\" \/><\/a><\/p><\/div><style type=\"text\/css\">\r\n@media screen and (min-width: 1201px) {\r\n.nrdua69f1fee929ec5 {\r\ndisplay: block;\r\n}\r\n}\r\n@media screen and (min-width: 993px) and (max-width: 1200px) {\r\n.nrdua69f1fee929ec5 {\r\ndisplay: block;\r\n}\r\n}\r\n@media screen and (min-width: 769px) and (max-width: 992px) {\r\n.nrdua69f1fee929ec5 {\r\ndisplay: block;\r\n}\r\n}\r\n@media screen and (min-width: 768px) and (max-width: 768px) {\r\n.nrdua69f1fee929ec5 {\r\ndisplay: block;\r\n}\r\n}\r\n@media screen and (max-width: 767px) {\r\n.nrdua69f1fee929ec5 {\r\ndisplay: block;\r\n}\r\n}\r\n<\/style>\r\n\n<p><b><strong>Re<\/strong><strong>dacci\u00f3n: Molero, Luis\u00a0 (@Moleromarquez) | Fuente: Agencias<br \/>\nEdici\u00f3n: Villasmil, Henry<br \/>\nGr\u00e1ficas: Cortes\u00eda<\/strong><\/b><\/p>\n<div style=\"margin-top: 0px; margin-bottom: 0px;\" class=\"sharethis-inline-share-buttons\" ><\/div>","protected":false},"excerpt":{"rendered":"<p>El portal Primer Informe asegur\u00f3 que parte de los fondos con los que Saab les paga a sus abogados salieron<\/p>\n","protected":false},"author":26,"featured_media":119401,"comment_status":"open","ping_status":"closed","sticky":false,"template":"","format":"standard","meta":{"colormag_page_container_layout":"default_layout","colormag_page_sidebar_layout":"default_layout","_uag_custom_page_level_css":"","footnotes":""},"categories":[16451],"tags":[19394,15997,17654,19392,8,19390,19393,19391],"class_list":["post-119399","post","type-post","status-publish","format-standard","has-post-thumbnail","hentry","category-mundo","tag-abraham-sierra","tag-alex-saab","tag-baltasar-garzon","tag-hugo-pollo-carvajal","tag-internacionales","tag-miguel-angel-martin","tag-roberto-rincon","tag-tribunal-supremo-de-justicia-de-venezuela"],"yoast_head":"<!-- This site is optimized with the Yoast SEO plugin v27.5 - https:\/\/yoast.com\/product\/yoast-seo-wordpress\/ -->\n<title>Miguel \u00c1ngel Martin afirm\u00f3 que una malversaci\u00f3n de fondos del gobierno nacional para costear gastos legales de la defensa de Alex Saab<\/title>\n<meta name=\"description\" content=\"Mundo\" \/>\n<meta name=\"robots\" content=\"index, follow, max-snippet:-1, max-image-preview:large, max-video-preview:-1\" \/>\n<link rel=\"canonical\" href=\"https:\/\/digital58.com.ve\/site\/2020\/08\/02\/miguel-angel-martin-afirmo-que-una-malversacion-de-fondos-del-gobierno-nacional-para-costear-gastos-legales-de-la-defensa-de-alex-saab\/\" \/>\n<meta property=\"og:locale\" content=\"es_ES\" \/>\n<meta property=\"og:type\" content=\"article\" \/>\n<meta property=\"og:title\" content=\"Miguel \u00c1ngel Martin afirm\u00f3 que una malversaci\u00f3n de fondos del gobierno nacional para costear gastos legales de la defensa de Alex Saab\" \/>\n<meta property=\"og:description\" content=\"Mundo\" \/>\n<meta property=\"og:url\" content=\"https:\/\/digital58.com.ve\/site\/2020\/08\/02\/miguel-angel-martin-afirmo-que-una-malversacion-de-fondos-del-gobierno-nacional-para-costear-gastos-legales-de-la-defensa-de-alex-saab\/\" \/>\n<meta property=\"og:site_name\" content=\"Noticias Digital58\" \/>\n<meta property=\"article:published_time\" content=\"2020-08-02T19:03:46+00:00\" \/>\n<meta property=\"og:image\" content=\"https:\/\/digital58.com.ve\/site\/wp-content\/uploads\/2020\/08\/Miguel-A\u0301ngel-Marti\u0301n-Tortabu-1.jpg\" \/>\n\t<meta property=\"og:image:width\" content=\"800\" \/>\n\t<meta property=\"og:image:height\" content=\"533\" \/>\n\t<meta property=\"og:image:type\" content=\"image\/jpeg\" \/>\n<meta name=\"author\" content=\"Molero Luis\" \/>\n<meta name=\"twitter:card\" content=\"summary_large_image\" \/>\n<meta name=\"twitter:creator\" content=\"@Digital_58\" \/>\n<meta name=\"twitter:site\" content=\"@villasmilhfoto\" \/>\n<meta name=\"twitter:label1\" content=\"Escrito por\" \/>\n\t<meta name=\"twitter:data1\" content=\"Molero Luis\" \/>\n\t<meta name=\"twitter:label2\" content=\"Tiempo estimado de lectura\" \/>\n\t<meta name=\"twitter:data2\" content=\"4 minutos\" \/>\n<script type=\"application\/ld+json\" class=\"yoast-schema-graph\">{\"@context\":\"https:\\\/\\\/schema.org\",\"@graph\":[{\"@type\":\"Article\",\"@id\":\"https:\\\/\\\/digital58.com.ve\\\/site\\\/2020\\\/08\\\/02\\\/miguel-angel-martin-afirmo-que-una-malversacion-de-fondos-del-gobierno-nacional-para-costear-gastos-legales-de-la-defensa-de-alex-saab\\\/#article\",\"isPartOf\":{\"@id\":\"https:\\\/\\\/digital58.com.ve\\\/site\\\/2020\\\/08\\\/02\\\/miguel-angel-martin-afirmo-que-una-malversacion-de-fondos-del-gobierno-nacional-para-costear-gastos-legales-de-la-defensa-de-alex-saab\\\/\"},\"author\":{\"name\":\"Molero Luis\",\"@id\":\"https:\\\/\\\/digital58.com.ve\\\/site\\\/#\\\/schema\\\/person\\\/c61667ce6845137620ee3f0aaabade17\"},\"headline\":\"Miguel \u00c1ngel Martin afirm\u00f3 que una malversaci\u00f3n de fondos del gobierno nacional para costear gastos legales de la defensa de Alex Saab\",\"datePublished\":\"2020-08-02T19:03:46+00:00\",\"mainEntityOfPage\":{\"@id\":\"https:\\\/\\\/digital58.com.ve\\\/site\\\/2020\\\/08\\\/02\\\/miguel-angel-martin-afirmo-que-una-malversacion-de-fondos-del-gobierno-nacional-para-costear-gastos-legales-de-la-defensa-de-alex-saab\\\/\"},\"wordCount\":819,\"commentCount\":0,\"publisher\":{\"@id\":\"https:\\\/\\\/digital58.com.ve\\\/site\\\/#\\\/schema\\\/person\\\/64d1c2e4d0d4fd1b849980c4331c2951\"},\"image\":{\"@id\":\"https:\\\/\\\/digital58.com.ve\\\/site\\\/2020\\\/08\\\/02\\\/miguel-angel-martin-afirmo-que-una-malversacion-de-fondos-del-gobierno-nacional-para-costear-gastos-legales-de-la-defensa-de-alex-saab\\\/#primaryimage\"},\"thumbnailUrl\":\"https:\\\/\\\/digital58.com.ve\\\/site\\\/wp-content\\\/uploads\\\/2020\\\/08\\\/Miguel-A\u0301ngel-Marti\u0301n-Tortabu-1.jpg\",\"keywords\":[\"Abraham Sierra\",\"Alex Saab\",\"Baltasar Garz\u00f3n\",\"Hugo Pollo Carvajal\",\"Internacionales\",\"Miguel \u00c1ngel Martin\",\"Roberto Rinc\u00f3n\",\"Tribunal Supremo de Justicia de Venezuela\"],\"articleSection\":[\"Mundo\"],\"inLanguage\":\"es\",\"potentialAction\":[{\"@type\":\"CommentAction\",\"name\":\"Comment\",\"target\":[\"https:\\\/\\\/digital58.com.ve\\\/site\\\/2020\\\/08\\\/02\\\/miguel-angel-martin-afirmo-que-una-malversacion-de-fondos-del-gobierno-nacional-para-costear-gastos-legales-de-la-defensa-de-alex-saab\\\/#respond\"]}]},{\"@type\":\"WebPage\",\"@id\":\"https:\\\/\\\/digital58.com.ve\\\/site\\\/2020\\\/08\\\/02\\\/miguel-angel-martin-afirmo-que-una-malversacion-de-fondos-del-gobierno-nacional-para-costear-gastos-legales-de-la-defensa-de-alex-saab\\\/\",\"url\":\"https:\\\/\\\/digital58.com.ve\\\/site\\\/2020\\\/08\\\/02\\\/miguel-angel-martin-afirmo-que-una-malversacion-de-fondos-del-gobierno-nacional-para-costear-gastos-legales-de-la-defensa-de-alex-saab\\\/\",\"name\":\"Miguel \u00c1ngel Martin afirm\u00f3 que una malversaci\u00f3n de fondos del gobierno nacional para costear gastos legales de la defensa de Alex Saab\",\"isPartOf\":{\"@id\":\"https:\\\/\\\/digital58.com.ve\\\/site\\\/#website\"},\"primaryImageOfPage\":{\"@id\":\"https:\\\/\\\/digital58.com.ve\\\/site\\\/2020\\\/08\\\/02\\\/miguel-angel-martin-afirmo-que-una-malversacion-de-fondos-del-gobierno-nacional-para-costear-gastos-legales-de-la-defensa-de-alex-saab\\\/#primaryimage\"},\"image\":{\"@id\":\"https:\\\/\\\/digital58.com.ve\\\/site\\\/2020\\\/08\\\/02\\\/miguel-angel-martin-afirmo-que-una-malversacion-de-fondos-del-gobierno-nacional-para-costear-gastos-legales-de-la-defensa-de-alex-saab\\\/#primaryimage\"},\"thumbnailUrl\":\"https:\\\/\\\/digital58.com.ve\\\/site\\\/wp-content\\\/uploads\\\/2020\\\/08\\\/Miguel-A\u0301ngel-Marti\u0301n-Tortabu-1.jpg\",\"datePublished\":\"2020-08-02T19:03:46+00:00\",\"description\":\"Mundo\",\"breadcrumb\":{\"@id\":\"https:\\\/\\\/digital58.com.ve\\\/site\\\/2020\\\/08\\\/02\\\/miguel-angel-martin-afirmo-que-una-malversacion-de-fondos-del-gobierno-nacional-para-costear-gastos-legales-de-la-defensa-de-alex-saab\\\/#breadcrumb\"},\"inLanguage\":\"es\",\"potentialAction\":[{\"@type\":\"ReadAction\",\"target\":[\"https:\\\/\\\/digital58.com.ve\\\/site\\\/2020\\\/08\\\/02\\\/miguel-angel-martin-afirmo-que-una-malversacion-de-fondos-del-gobierno-nacional-para-costear-gastos-legales-de-la-defensa-de-alex-saab\\\/\"]}]},{\"@type\":\"ImageObject\",\"inLanguage\":\"es\",\"@id\":\"https:\\\/\\\/digital58.com.ve\\\/site\\\/2020\\\/08\\\/02\\\/miguel-angel-martin-afirmo-que-una-malversacion-de-fondos-del-gobierno-nacional-para-costear-gastos-legales-de-la-defensa-de-alex-saab\\\/#primaryimage\",\"url\":\"https:\\\/\\\/digital58.com.ve\\\/site\\\/wp-content\\\/uploads\\\/2020\\\/08\\\/Miguel-A\u0301ngel-Marti\u0301n-Tortabu-1.jpg\",\"contentUrl\":\"https:\\\/\\\/digital58.com.ve\\\/site\\\/wp-content\\\/uploads\\\/2020\\\/08\\\/Miguel-A\u0301ngel-Marti\u0301n-Tortabu-1.jpg\",\"width\":800,\"height\":533},{\"@type\":\"BreadcrumbList\",\"@id\":\"https:\\\/\\\/digital58.com.ve\\\/site\\\/2020\\\/08\\\/02\\\/miguel-angel-martin-afirmo-que-una-malversacion-de-fondos-del-gobierno-nacional-para-costear-gastos-legales-de-la-defensa-de-alex-saab\\\/#breadcrumb\",\"itemListElement\":[{\"@type\":\"ListItem\",\"position\":1,\"name\":\"Home\",\"item\":\"https:\\\/\\\/digital58.com.ve\\\/site\\\/\"},{\"@type\":\"ListItem\",\"position\":2,\"name\":\"Miguel \u00c1ngel Martin afirm\u00f3 que una malversaci\u00f3n de fondos del gobierno nacional para costear gastos legales de la defensa de Alex Saab\"}]},{\"@type\":\"WebSite\",\"@id\":\"https:\\\/\\\/digital58.com.ve\\\/site\\\/#website\",\"url\":\"https:\\\/\\\/digital58.com.ve\\\/site\\\/\",\"name\":\"Noticias Digital58\",\"description\":\"Portal de Noticias \u00a1Periodismo web de verdad! Lanzamiento web 22.11.2005 \\\/ Maracaibo, Venezuela\",\"publisher\":{\"@id\":\"https:\\\/\\\/digital58.com.ve\\\/site\\\/#\\\/schema\\\/person\\\/64d1c2e4d0d4fd1b849980c4331c2951\"},\"alternateName\":\"ND58\",\"potentialAction\":[{\"@type\":\"SearchAction\",\"target\":{\"@type\":\"EntryPoint\",\"urlTemplate\":\"https:\\\/\\\/digital58.com.ve\\\/site\\\/?s={search_term_string}\"},\"query-input\":{\"@type\":\"PropertyValueSpecification\",\"valueRequired\":true,\"valueName\":\"search_term_string\"}}],\"inLanguage\":\"es\"},{\"@type\":[\"Person\",\"Organization\"],\"@id\":\"https:\\\/\\\/digital58.com.ve\\\/site\\\/#\\\/schema\\\/person\\\/64d1c2e4d0d4fd1b849980c4331c2951\",\"name\":\"Villasmil Henry\",\"image\":{\"@type\":\"ImageObject\",\"inLanguage\":\"es\",\"@id\":\"https:\\\/\\\/secure.gravatar.com\\\/avatar\\\/bb0c4a2fcb7970138239f7e404ea75757b1b507b28b5ce4c53fbd62d797c5a7c?s=96&d=mm&r=g\",\"url\":\"https:\\\/\\\/secure.gravatar.com\\\/avatar\\\/bb0c4a2fcb7970138239f7e404ea75757b1b507b28b5ce4c53fbd62d797c5a7c?s=96&d=mm&r=g\",\"contentUrl\":\"https:\\\/\\\/secure.gravatar.com\\\/avatar\\\/bb0c4a2fcb7970138239f7e404ea75757b1b507b28b5ce4c53fbd62d797c5a7c?s=96&d=mm&r=g\",\"caption\":\"Villasmil Henry\"},\"logo\":{\"@id\":\"https:\\\/\\\/secure.gravatar.com\\\/avatar\\\/bb0c4a2fcb7970138239f7e404ea75757b1b507b28b5ce4c53fbd62d797c5a7c?s=96&d=mm&r=g\"},\"sameAs\":[\"http:\\\/\\\/www.henryvillasmil.com.ve\",\"https:\\\/\\\/www.instagram.com\\\/villasmilhfoto\\\/\",\"https:\\\/\\\/x.com\\\/https:\\\/\\\/twitter.com\\\/villasmilhfoto\"]},{\"@type\":\"Person\",\"@id\":\"https:\\\/\\\/digital58.com.ve\\\/site\\\/#\\\/schema\\\/person\\\/c61667ce6845137620ee3f0aaabade17\",\"name\":\"Molero Luis\",\"image\":{\"@type\":\"ImageObject\",\"inLanguage\":\"es\",\"@id\":\"https:\\\/\\\/secure.gravatar.com\\\/avatar\\\/bf041ec637e3e7405449807deb2f7cf3d2de7c6fa755dd56e985201de9863f2b?s=96&d=mm&r=g\",\"url\":\"https:\\\/\\\/secure.gravatar.com\\\/avatar\\\/bf041ec637e3e7405449807deb2f7cf3d2de7c6fa755dd56e985201de9863f2b?s=96&d=mm&r=g\",\"contentUrl\":\"https:\\\/\\\/secure.gravatar.com\\\/avatar\\\/bf041ec637e3e7405449807deb2f7cf3d2de7c6fa755dd56e985201de9863f2b?s=96&d=mm&r=g\",\"caption\":\"Molero Luis\"},\"url\":\"https:\\\/\\\/digital58.com.ve\\\/site\\\/author\\\/luismolero\\\/\"}]}<\/script>\n<!-- \/ Yoast SEO plugin. -->","yoast_head_json":{"title":"Miguel \u00c1ngel Martin afirm\u00f3 que una malversaci\u00f3n de fondos del gobierno nacional para costear gastos legales de la defensa de Alex Saab","description":"Mundo","robots":{"index":"index","follow":"follow","max-snippet":"max-snippet:-1","max-image-preview":"max-image-preview:large","max-video-preview":"max-video-preview:-1"},"canonical":"https:\/\/digital58.com.ve\/site\/2020\/08\/02\/miguel-angel-martin-afirmo-que-una-malversacion-de-fondos-del-gobierno-nacional-para-costear-gastos-legales-de-la-defensa-de-alex-saab\/","og_locale":"es_ES","og_type":"article","og_title":"Miguel \u00c1ngel Martin afirm\u00f3 que una malversaci\u00f3n de fondos del gobierno nacional para costear gastos legales de la defensa de Alex Saab","og_description":"Mundo","og_url":"https:\/\/digital58.com.ve\/site\/2020\/08\/02\/miguel-angel-martin-afirmo-que-una-malversacion-de-fondos-del-gobierno-nacional-para-costear-gastos-legales-de-la-defensa-de-alex-saab\/","og_site_name":"Noticias Digital58","article_published_time":"2020-08-02T19:03:46+00:00","og_image":[{"width":800,"height":533,"url":"https:\/\/digital58.com.ve\/site\/wp-content\/uploads\/2020\/08\/Miguel-A\u0301ngel-Marti\u0301n-Tortabu-1.jpg","type":"image\/jpeg"}],"author":"Molero Luis","twitter_card":"summary_large_image","twitter_creator":"@Digital_58","twitter_site":"@villasmilhfoto","twitter_misc":{"Escrito por":"Molero Luis","Tiempo estimado de lectura":"4 minutos"},"schema":{"@context":"https:\/\/schema.org","@graph":[{"@type":"Article","@id":"https:\/\/digital58.com.ve\/site\/2020\/08\/02\/miguel-angel-martin-afirmo-que-una-malversacion-de-fondos-del-gobierno-nacional-para-costear-gastos-legales-de-la-defensa-de-alex-saab\/#article","isPartOf":{"@id":"https:\/\/digital58.com.ve\/site\/2020\/08\/02\/miguel-angel-martin-afirmo-que-una-malversacion-de-fondos-del-gobierno-nacional-para-costear-gastos-legales-de-la-defensa-de-alex-saab\/"},"author":{"name":"Molero Luis","@id":"https:\/\/digital58.com.ve\/site\/#\/schema\/person\/c61667ce6845137620ee3f0aaabade17"},"headline":"Miguel \u00c1ngel Martin afirm\u00f3 que una malversaci\u00f3n de fondos del gobierno nacional para costear gastos legales de la defensa de Alex Saab","datePublished":"2020-08-02T19:03:46+00:00","mainEntityOfPage":{"@id":"https:\/\/digital58.com.ve\/site\/2020\/08\/02\/miguel-angel-martin-afirmo-que-una-malversacion-de-fondos-del-gobierno-nacional-para-costear-gastos-legales-de-la-defensa-de-alex-saab\/"},"wordCount":819,"commentCount":0,"publisher":{"@id":"https:\/\/digital58.com.ve\/site\/#\/schema\/person\/64d1c2e4d0d4fd1b849980c4331c2951"},"image":{"@id":"https:\/\/digital58.com.ve\/site\/2020\/08\/02\/miguel-angel-martin-afirmo-que-una-malversacion-de-fondos-del-gobierno-nacional-para-costear-gastos-legales-de-la-defensa-de-alex-saab\/#primaryimage"},"thumbnailUrl":"https:\/\/digital58.com.ve\/site\/wp-content\/uploads\/2020\/08\/Miguel-A\u0301ngel-Marti\u0301n-Tortabu-1.jpg","keywords":["Abraham Sierra","Alex Saab","Baltasar Garz\u00f3n","Hugo Pollo Carvajal","Internacionales","Miguel \u00c1ngel Martin","Roberto Rinc\u00f3n","Tribunal Supremo de Justicia de Venezuela"],"articleSection":["Mundo"],"inLanguage":"es","potentialAction":[{"@type":"CommentAction","name":"Comment","target":["https:\/\/digital58.com.ve\/site\/2020\/08\/02\/miguel-angel-martin-afirmo-que-una-malversacion-de-fondos-del-gobierno-nacional-para-costear-gastos-legales-de-la-defensa-de-alex-saab\/#respond"]}]},{"@type":"WebPage","@id":"https:\/\/digital58.com.ve\/site\/2020\/08\/02\/miguel-angel-martin-afirmo-que-una-malversacion-de-fondos-del-gobierno-nacional-para-costear-gastos-legales-de-la-defensa-de-alex-saab\/","url":"https:\/\/digital58.com.ve\/site\/2020\/08\/02\/miguel-angel-martin-afirmo-que-una-malversacion-de-fondos-del-gobierno-nacional-para-costear-gastos-legales-de-la-defensa-de-alex-saab\/","name":"Miguel \u00c1ngel Martin afirm\u00f3 que una malversaci\u00f3n de fondos del gobierno nacional para costear gastos legales de la defensa de Alex Saab","isPartOf":{"@id":"https:\/\/digital58.com.ve\/site\/#website"},"primaryImageOfPage":{"@id":"https:\/\/digital58.com.ve\/site\/2020\/08\/02\/miguel-angel-martin-afirmo-que-una-malversacion-de-fondos-del-gobierno-nacional-para-costear-gastos-legales-de-la-defensa-de-alex-saab\/#primaryimage"},"image":{"@id":"https:\/\/digital58.com.ve\/site\/2020\/08\/02\/miguel-angel-martin-afirmo-que-una-malversacion-de-fondos-del-gobierno-nacional-para-costear-gastos-legales-de-la-defensa-de-alex-saab\/#primaryimage"},"thumbnailUrl":"https:\/\/digital58.com.ve\/site\/wp-content\/uploads\/2020\/08\/Miguel-A\u0301ngel-Marti\u0301n-Tortabu-1.jpg","datePublished":"2020-08-02T19:03:46+00:00","description":"Mundo","breadcrumb":{"@id":"https:\/\/digital58.com.ve\/site\/2020\/08\/02\/miguel-angel-martin-afirmo-que-una-malversacion-de-fondos-del-gobierno-nacional-para-costear-gastos-legales-de-la-defensa-de-alex-saab\/#breadcrumb"},"inLanguage":"es","potentialAction":[{"@type":"ReadAction","target":["https:\/\/digital58.com.ve\/site\/2020\/08\/02\/miguel-angel-martin-afirmo-que-una-malversacion-de-fondos-del-gobierno-nacional-para-costear-gastos-legales-de-la-defensa-de-alex-saab\/"]}]},{"@type":"ImageObject","inLanguage":"es","@id":"https:\/\/digital58.com.ve\/site\/2020\/08\/02\/miguel-angel-martin-afirmo-que-una-malversacion-de-fondos-del-gobierno-nacional-para-costear-gastos-legales-de-la-defensa-de-alex-saab\/#primaryimage","url":"https:\/\/digital58.com.ve\/site\/wp-content\/uploads\/2020\/08\/Miguel-A\u0301ngel-Marti\u0301n-Tortabu-1.jpg","contentUrl":"https:\/\/digital58.com.ve\/site\/wp-content\/uploads\/2020\/08\/Miguel-A\u0301ngel-Marti\u0301n-Tortabu-1.jpg","width":800,"height":533},{"@type":"BreadcrumbList","@id":"https:\/\/digital58.com.ve\/site\/2020\/08\/02\/miguel-angel-martin-afirmo-que-una-malversacion-de-fondos-del-gobierno-nacional-para-costear-gastos-legales-de-la-defensa-de-alex-saab\/#breadcrumb","itemListElement":[{"@type":"ListItem","position":1,"name":"Home","item":"https:\/\/digital58.com.ve\/site\/"},{"@type":"ListItem","position":2,"name":"Miguel \u00c1ngel Martin afirm\u00f3 que una malversaci\u00f3n de fondos del gobierno nacional para costear gastos legales de la defensa de Alex Saab"}]},{"@type":"WebSite","@id":"https:\/\/digital58.com.ve\/site\/#website","url":"https:\/\/digital58.com.ve\/site\/","name":"Noticias Digital58","description":"Portal de Noticias \u00a1Periodismo web de verdad! Lanzamiento web 22.11.2005 \/ Maracaibo, Venezuela","publisher":{"@id":"https:\/\/digital58.com.ve\/site\/#\/schema\/person\/64d1c2e4d0d4fd1b849980c4331c2951"},"alternateName":"ND58","potentialAction":[{"@type":"SearchAction","target":{"@type":"EntryPoint","urlTemplate":"https:\/\/digital58.com.ve\/site\/?s={search_term_string}"},"query-input":{"@type":"PropertyValueSpecification","valueRequired":true,"valueName":"search_term_string"}}],"inLanguage":"es"},{"@type":["Person","Organization"],"@id":"https:\/\/digital58.com.ve\/site\/#\/schema\/person\/64d1c2e4d0d4fd1b849980c4331c2951","name":"Villasmil Henry","image":{"@type":"ImageObject","inLanguage":"es","@id":"https:\/\/secure.gravatar.com\/avatar\/bb0c4a2fcb7970138239f7e404ea75757b1b507b28b5ce4c53fbd62d797c5a7c?s=96&d=mm&r=g","url":"https:\/\/secure.gravatar.com\/avatar\/bb0c4a2fcb7970138239f7e404ea75757b1b507b28b5ce4c53fbd62d797c5a7c?s=96&d=mm&r=g","contentUrl":"https:\/\/secure.gravatar.com\/avatar\/bb0c4a2fcb7970138239f7e404ea75757b1b507b28b5ce4c53fbd62d797c5a7c?s=96&d=mm&r=g","caption":"Villasmil Henry"},"logo":{"@id":"https:\/\/secure.gravatar.com\/avatar\/bb0c4a2fcb7970138239f7e404ea75757b1b507b28b5ce4c53fbd62d797c5a7c?s=96&d=mm&r=g"},"sameAs":["http:\/\/www.henryvillasmil.com.ve","https:\/\/www.instagram.com\/villasmilhfoto\/","https:\/\/x.com\/https:\/\/twitter.com\/villasmilhfoto"]},{"@type":"Person","@id":"https:\/\/digital58.com.ve\/site\/#\/schema\/person\/c61667ce6845137620ee3f0aaabade17","name":"Molero Luis","image":{"@type":"ImageObject","inLanguage":"es","@id":"https:\/\/secure.gravatar.com\/avatar\/bf041ec637e3e7405449807deb2f7cf3d2de7c6fa755dd56e985201de9863f2b?s=96&d=mm&r=g","url":"https:\/\/secure.gravatar.com\/avatar\/bf041ec637e3e7405449807deb2f7cf3d2de7c6fa755dd56e985201de9863f2b?s=96&d=mm&r=g","contentUrl":"https:\/\/secure.gravatar.com\/avatar\/bf041ec637e3e7405449807deb2f7cf3d2de7c6fa755dd56e985201de9863f2b?s=96&d=mm&r=g","caption":"Molero Luis"},"url":"https:\/\/digital58.com.ve\/site\/author\/luismolero\/"}]}},"uagb_featured_image_src":{"full":["https:\/\/digital58.com.ve\/site\/wp-content\/uploads\/2020\/08\/Miguel-A\u0301ngel-Marti\u0301n-Tortabu-1.jpg",800,533,false],"thumbnail":["https:\/\/digital58.com.ve\/site\/wp-content\/uploads\/2020\/08\/Miguel-A\u0301ngel-Marti\u0301n-Tortabu-1-150x150.jpg",150,150,true],"medium":["https:\/\/digital58.com.ve\/site\/wp-content\/uploads\/2020\/08\/Miguel-A\u0301ngel-Marti\u0301n-Tortabu-1-300x200.jpg",300,200,true],"medium_large":["https:\/\/digital58.com.ve\/site\/wp-content\/uploads\/2020\/08\/Miguel-A\u0301ngel-Marti\u0301n-Tortabu-1-768x512.jpg",768,512,true],"large":["https:\/\/digital58.com.ve\/site\/wp-content\/uploads\/2020\/08\/Miguel-A\u0301ngel-Marti\u0301n-Tortabu-1.jpg",800,533,false],"1536x1536":["https:\/\/digital58.com.ve\/site\/wp-content\/uploads\/2020\/08\/Miguel-A\u0301ngel-Marti\u0301n-Tortabu-1.jpg",800,533,false],"2048x2048":["https:\/\/digital58.com.ve\/site\/wp-content\/uploads\/2020\/08\/Miguel-A\u0301ngel-Marti\u0301n-Tortabu-1.jpg",800,533,false],"colormag-highlighted-post":["https:\/\/digital58.com.ve\/site\/wp-content\/uploads\/2020\/08\/Miguel-A\u0301ngel-Marti\u0301n-Tortabu-1.jpg",392,261,false],"colormag-featured-post-medium":["https:\/\/digital58.com.ve\/site\/wp-content\/uploads\/2020\/08\/Miguel-A\u0301ngel-Marti\u0301n-Tortabu-1.jpg",308,205,false],"colormag-featured-post-small":["https:\/\/digital58.com.ve\/site\/wp-content\/uploads\/2020\/08\/Miguel-A\u0301ngel-Marti\u0301n-Tortabu-1.jpg",130,87,false],"colormag-featured-image":["https:\/\/digital58.com.ve\/site\/wp-content\/uploads\/2020\/08\/Miguel-A\u0301ngel-Marti\u0301n-Tortabu-1.jpg",668,445,false],"colormag-default-news":["https:\/\/digital58.com.ve\/site\/wp-content\/uploads\/2020\/08\/Miguel-A\u0301ngel-Marti\u0301n-Tortabu-1.jpg",150,100,false],"colormag-featured-image-large":["https:\/\/digital58.com.ve\/site\/wp-content\/uploads\/2020\/08\/Miguel-A\u0301ngel-Marti\u0301n-Tortabu-1.jpg",800,533,false]},"uagb_author_info":{"display_name":"Molero Luis","author_link":"https:\/\/digital58.com.ve\/site\/author\/luismolero\/"},"uagb_comment_info":0,"uagb_excerpt":"El portal Primer Informe asegur\u00f3 que parte de los fondos con los que Saab les paga a sus abogados salieron","_links":{"self":[{"href":"https:\/\/digital58.com.ve\/site\/wp-json\/wp\/v2\/posts\/119399","targetHints":{"allow":["GET"]}}],"collection":[{"href":"https:\/\/digital58.com.ve\/site\/wp-json\/wp\/v2\/posts"}],"about":[{"href":"https:\/\/digital58.com.ve\/site\/wp-json\/wp\/v2\/types\/post"}],"author":[{"embeddable":true,"href":"https:\/\/digital58.com.ve\/site\/wp-json\/wp\/v2\/users\/26"}],"replies":[{"embeddable":true,"href":"https:\/\/digital58.com.ve\/site\/wp-json\/wp\/v2\/comments?post=119399"}],"version-history":[{"count":0,"href":"https:\/\/digital58.com.ve\/site\/wp-json\/wp\/v2\/posts\/119399\/revisions"}],"wp:featuredmedia":[{"embeddable":true,"href":"https:\/\/digital58.com.ve\/site\/wp-json\/wp\/v2\/media\/119401"}],"wp:attachment":[{"href":"https:\/\/digital58.com.ve\/site\/wp-json\/wp\/v2\/media?parent=119399"}],"wp:term":[{"taxonomy":"category","embeddable":true,"href":"https:\/\/digital58.com.ve\/site\/wp-json\/wp\/v2\/categories?post=119399"},{"taxonomy":"post_tag","embeddable":true,"href":"https:\/\/digital58.com.ve\/site\/wp-json\/wp\/v2\/tags?post=119399"}],"curies":[{"name":"wp","href":"https:\/\/api.w.org\/{rel}","templated":true}]}}