{"id":119604,"date":"2020-08-03T16:55:14","date_gmt":"2020-08-03T20:55:14","guid":{"rendered":"https:\/\/digital58.com.ve\/site\/?p=119604"},"modified":"2020-08-03T18:23:51","modified_gmt":"2020-08-03T22:23:51","slug":"continuan-los-trabajos-de-transformacion-del-mercado-las-pulgas","status":"publish","type":"post","link":"https:\/\/digital58.com.ve\/site\/2020\/08\/03\/continuan-los-trabajos-de-transformacion-del-mercado-las-pulgas\/","title":{"rendered":"Omar Prieto: \u00abAspiramos abrir el Mercado Las Pulgas el lunes 10 de agosto\u00bb"},"content":{"rendered":"<p><a href=\"https:\/\/digital58.com.ve\/site\/wp-content\/uploads\/2020\/08\/omarprieto-03-08-20-2.jpg\"><img loading=\"lazy\" decoding=\"async\" class=\"aligncenter size-full wp-image-119637\" src=\"https:\/\/digital58.com.ve\/site\/wp-content\/uploads\/2020\/08\/omarprieto-03-08-20-2.jpg\" alt=\"\" width=\"900\" height=\"500\" srcset=\"https:\/\/digital58.com.ve\/site\/wp-content\/uploads\/2020\/08\/omarprieto-03-08-20-2.jpg 800w, https:\/\/digital58.com.ve\/site\/wp-content\/uploads\/2020\/08\/omarprieto-03-08-20-2-300x167.jpg 300w, https:\/\/digital58.com.ve\/site\/wp-content\/uploads\/2020\/08\/omarprieto-03-08-20-2-768x427.jpg 768w\" sizes=\"auto, (max-width: 900px) 100vw, 900px\" \/><\/a><\/p>\n<p>Hasta la fecha, el proceso de organizaci\u00f3n de este espacio ya cumple dos meses. Se contin\u00faa reordenando y transformando el mercado.<\/p>\n<p><strong>Maracaibo, Zulia, Venezuela, 3 de agosto de 2020 (ND58).-\u00a0<\/strong>El gobernador del Zulia, Omar Prieto, encabez\u00f3 este lunes una jornada de trabajo para evaluar las medidas implementadas contra la pandemia del coronavirus y emprender nuevas acciones que permitan a la entidad salir de la cuarentena radical, con el prop\u00f3sito de poder entrar al esquema de flexibilizaci\u00f3n general dise\u00f1ada por el presidente, Nicol\u00e1s Maduro, para la pr\u00f3xima semana que comienza el 10 de agosto.<\/p>\n<p>Desde la Zona de Defensa Integral de Occidente, el Mandatario regional ofreci\u00f3 una rueda de prensa del \u00d3rgano de Defensa Integral de la Naci\u00f3n, sobre los pormenores del desarrollo de la Cuarentena Estricta y Radical en el Zulia.<\/p>\n<p><a href=\"https:\/\/digital58.com.ve\/site\/wp-content\/uploads\/2020\/08\/omarprieto-03-08-20.jpg\"><img loading=\"lazy\" decoding=\"async\" class=\"aligncenter size-full wp-image-119638\" src=\"https:\/\/digital58.com.ve\/site\/wp-content\/uploads\/2020\/08\/omarprieto-03-08-20.jpg\" alt=\"\" width=\"900\" height=\"483\" srcset=\"https:\/\/digital58.com.ve\/site\/wp-content\/uploads\/2020\/08\/omarprieto-03-08-20.jpg 800w, https:\/\/digital58.com.ve\/site\/wp-content\/uploads\/2020\/08\/omarprieto-03-08-20-300x161.jpg 300w, https:\/\/digital58.com.ve\/site\/wp-content\/uploads\/2020\/08\/omarprieto-03-08-20-768x412.jpg 768w\" sizes=\"auto, (max-width: 900px) 100vw, 900px\" \/><\/a><\/p>\n<p><strong>Pandemia<\/strong><\/p>\n<p>Inform\u00f3 que el Zulia ha intensificado la seguridad en los Puestos de Atenci\u00f3n Social Integral (PASI) en fronteras y zona metropolitana tanto de Maracaibo como San Francisco. Igualmente, se acondicion\u00f3 un espacio en el sal\u00f3n protocolar de la Gobernaci\u00f3n para la atenci\u00f3n de pacientes asintom\u00e1ticos.<\/p>\n<p>El mandatario regional asever\u00f3 que se han detectado 2.728 casos confirmados, con 1.690 personas que superaron la pandemia en toda la entidad, lo que representa un 62 %, al momento que hizo un llamado a la colectividad: \u00abHay que cuidarse en extremo zulianas y zulianos. El Zulia es vulnerable por el alto \u00edndice de hipertensi\u00f3n y diabetes\u00bb.<\/p>\n<p><a href=\"https:\/\/digital58.com.ve\/site\/wp-content\/uploads\/2020\/08\/mercadolaspulgas.jpeg\"><img loading=\"lazy\" decoding=\"async\" class=\"aligncenter size-full wp-image-119636\" src=\"https:\/\/digital58.com.ve\/site\/wp-content\/uploads\/2020\/08\/mercadolaspulgas.jpeg\" alt=\"\" width=\"857\" height=\"427\" srcset=\"https:\/\/digital58.com.ve\/site\/wp-content\/uploads\/2020\/08\/mercadolaspulgas.jpeg 800w, https:\/\/digital58.com.ve\/site\/wp-content\/uploads\/2020\/08\/mercadolaspulgas-300x149.jpeg 300w, https:\/\/digital58.com.ve\/site\/wp-content\/uploads\/2020\/08\/mercadolaspulgas-768x383.jpeg 768w\" sizes=\"auto, (max-width: 857px) 100vw, 857px\" \/><\/a><\/p>\n<p><strong>Mercado popular<\/strong><\/p>\n<p>En referencia al mercado Las Pulgas, Prieto enfatiz\u00f3: \u00abNo va a haber m\u00e1s buhoneros en Las Pulgas. Aspiramos que la apertura del Mercado Las Pulgas pueda entrar en la flexibilizaci\u00f3n del lunes 10 de agosto\u00bb, pero reconoci\u00f3 que \u00abDepender\u00e1 de la capacidad de prevenci\u00f3n, control y contenci\u00f3n del COVID19\u00bb.<\/p>\n<p>\u00abYa se instalaron rejas y portones para controlar el acceso, con t\u00faneles de desinfecci\u00f3n para las personas que entren o salgan. Es el nuevo mercado Las Pulgas para el trabajo honesto en funci\u00f3n de una econom\u00eda sana\u00bb, a\u00f1adi\u00f3 el gobernador zuliano.<\/p>\n<blockquote class=\"twitter-tweet\">\n<p dir=\"ltr\" lang=\"es\">1. Continuamos con el trabajo planificado para seguir reordenando y transformando el mercado Las Pulgas para las zulianas y zulianos. Ya tenemos listas \u00abjirafas\u00bb, rejas y portones para controlar el acceso con <a href=\"https:\/\/twitter.com\/hashtag\/DisciplinaColectiva?src=hash&amp;ref_src=twsrc%5Etfw\">#DisciplinaColectiva<\/a> en medio de la batalla contra el <a href=\"https:\/\/twitter.com\/hashtag\/COVID19?src=hash&amp;ref_src=twsrc%5Etfw\">#COVID19<\/a> <a href=\"https:\/\/t.co\/AY1WzDYORj\">pic.twitter.com\/AY1WzDYORj<\/a><\/p>\n<p>\u2014 Omar Prieto, Gobernador! (@OmarPrietoGob) <a href=\"https:\/\/twitter.com\/OmarPrietoGob\/status\/1289647782039437312?ref_src=twsrc%5Etfw\">August 1, 2020<\/a><\/p><\/blockquote>\n<p><script async src=\"https:\/\/platform.twitter.com\/widgets.js\" charset=\"utf-8\"><\/script><\/p><div class=\"gxfvn69ede5e96e7ca\" ><p style=\"text-align: center;\"><a href=\"https:\/\/t.me\/noticiasdigital58\" target=\"_blank\" rel=\"noopener\"><img class=\"aligncenter size-full wp-image-125363\" src=\"https:\/\/digital58.com.ve\/site\/wp-content\/uploads\/2021\/04\/banner-telegram-web-2021.png\" alt=\"\" width=\"600\" height=\"90\" \/><\/a><\/p><\/div><style type=\"text\/css\">\r\n@media screen and (min-width: 1201px) {\r\n.gxfvn69ede5e96e7ca {\r\ndisplay: block;\r\n}\r\n}\r\n@media screen and (min-width: 993px) and (max-width: 1200px) {\r\n.gxfvn69ede5e96e7ca {\r\ndisplay: block;\r\n}\r\n}\r\n@media screen and (min-width: 769px) and (max-width: 992px) {\r\n.gxfvn69ede5e96e7ca {\r\ndisplay: block;\r\n}\r\n}\r\n@media screen and (min-width: 768px) and (max-width: 768px) {\r\n.gxfvn69ede5e96e7ca {\r\ndisplay: block;\r\n}\r\n}\r\n@media screen and (max-width: 767px) {\r\n.gxfvn69ede5e96e7ca {\r\ndisplay: block;\r\n}\r\n}\r\n<\/style>\r\n\n<p><strong>Redacci\u00f3n: Arismendi, Luis (@arismendiht) | Fuente: Twitter | Oipeez<\/strong><br \/>\n<strong>Edici\u00f3n: Villasmil, Henry <\/strong><br \/>\n<strong>Gr\u00e1fica: cortes\u00eda Oipeez<\/strong><\/p>\n<div style=\"margin-top: 0px; margin-bottom: 0px;\" class=\"sharethis-inline-share-buttons\" ><\/div>","protected":false},"excerpt":{"rendered":"<p>Hasta la fecha, el proceso de organizaci\u00f3n de este espacio ya cumple dos meses. Se contin\u00faa reordenando y transformando el<\/p>\n","protected":false},"author":7,"featured_media":119636,"comment_status":"open","ping_status":"closed","sticky":false,"template":"","format":"standard","meta":{"colormag_page_container_layout":"default_layout","colormag_page_sidebar_layout":"default_layout","_uag_custom_page_level_css":"","footnotes":""},"categories":[14504],"tags":[13352,13648,13786,13579,73,13835,233,12162,13723,15832,32,18179,761],"class_list":["post-119604","post","type-post","status-publish","format-standard","has-post-thumbnail","hentry","category-zulia","tag-coronavirus","tag-covid-19","tag-cuarentena","tag-gobierno-del-zulia","tag-maracaibo","tag-mercado-las-pulgas","tag-nacionales","tag-omar-prieto","tag-pandemia","tag-pasi","tag-venezuela","tag-zodi","tag-zulia"],"yoast_head":"<!-- This site is optimized with the Yoast SEO plugin v27.4 - https:\/\/yoast.com\/product\/yoast-seo-wordpress\/ -->\n<title>Omar Prieto: \u00abAspiramos abrir el Mercado Las Pulgas el lunes 10 de agosto\u00bb<\/title>\n<meta name=\"description\" content=\"Zulia\" \/>\n<meta name=\"robots\" content=\"index, follow, max-snippet:-1, max-image-preview:large, max-video-preview:-1\" \/>\n<link rel=\"canonical\" href=\"https:\/\/digital58.com.ve\/site\/2020\/08\/03\/continuan-los-trabajos-de-transformacion-del-mercado-las-pulgas\/\" \/>\n<meta property=\"og:locale\" content=\"es_ES\" \/>\n<meta property=\"og:type\" content=\"article\" \/>\n<meta property=\"og:title\" content=\"Omar Prieto: \u00abAspiramos abrir el Mercado Las Pulgas el lunes 10 de agosto\u00bb\" \/>\n<meta property=\"og:description\" content=\"Zulia\" \/>\n<meta property=\"og:url\" content=\"https:\/\/digital58.com.ve\/site\/2020\/08\/03\/continuan-los-trabajos-de-transformacion-del-mercado-las-pulgas\/\" \/>\n<meta property=\"og:site_name\" content=\"Noticias Digital58\" \/>\n<meta property=\"article:published_time\" content=\"2020-08-03T20:55:14+00:00\" \/>\n<meta property=\"article:modified_time\" content=\"2020-08-03T22:23:51+00:00\" \/>\n<meta property=\"og:image\" content=\"https:\/\/digital58.com.ve\/site\/wp-content\/uploads\/2020\/08\/mercadolaspulgas.jpeg\" \/>\n\t<meta property=\"og:image:width\" content=\"857\" \/>\n\t<meta property=\"og:image:height\" content=\"427\" \/>\n\t<meta property=\"og:image:type\" content=\"image\/jpeg\" \/>\n<meta name=\"author\" content=\"Arismendi Luis\" \/>\n<meta name=\"twitter:card\" content=\"summary_large_image\" \/>\n<meta name=\"twitter:creator\" content=\"@Digital_58\" \/>\n<meta name=\"twitter:site\" content=\"@villasmilhfoto\" \/>\n<meta name=\"twitter:label1\" content=\"Escrito por\" \/>\n\t<meta name=\"twitter:data1\" content=\"Arismendi Luis\" \/>\n\t<meta name=\"twitter:label2\" content=\"Tiempo estimado de lectura\" \/>\n\t<meta name=\"twitter:data2\" content=\"2 minutos\" \/>\n<script type=\"application\/ld+json\" class=\"yoast-schema-graph\">{\"@context\":\"https:\\\/\\\/schema.org\",\"@graph\":[{\"@type\":\"Article\",\"@id\":\"https:\\\/\\\/digital58.com.ve\\\/site\\\/2020\\\/08\\\/03\\\/continuan-los-trabajos-de-transformacion-del-mercado-las-pulgas\\\/#article\",\"isPartOf\":{\"@id\":\"https:\\\/\\\/digital58.com.ve\\\/site\\\/2020\\\/08\\\/03\\\/continuan-los-trabajos-de-transformacion-del-mercado-las-pulgas\\\/\"},\"author\":{\"name\":\"Arismendi Luis\",\"@id\":\"https:\\\/\\\/digital58.com.ve\\\/site\\\/#\\\/schema\\\/person\\\/d79fb9041200d150763851810f3a6e44\"},\"headline\":\"Omar Prieto: \u00abAspiramos abrir el Mercado Las Pulgas el lunes 10 de agosto\u00bb\",\"datePublished\":\"2020-08-03T20:55:14+00:00\",\"dateModified\":\"2020-08-03T22:23:51+00:00\",\"mainEntityOfPage\":{\"@id\":\"https:\\\/\\\/digital58.com.ve\\\/site\\\/2020\\\/08\\\/03\\\/continuan-los-trabajos-de-transformacion-del-mercado-las-pulgas\\\/\"},\"wordCount\":422,\"commentCount\":0,\"publisher\":{\"@id\":\"https:\\\/\\\/digital58.com.ve\\\/site\\\/#\\\/schema\\\/person\\\/64d1c2e4d0d4fd1b849980c4331c2951\"},\"image\":{\"@id\":\"https:\\\/\\\/digital58.com.ve\\\/site\\\/2020\\\/08\\\/03\\\/continuan-los-trabajos-de-transformacion-del-mercado-las-pulgas\\\/#primaryimage\"},\"thumbnailUrl\":\"https:\\\/\\\/digital58.com.ve\\\/site\\\/wp-content\\\/uploads\\\/2020\\\/08\\\/mercadolaspulgas.jpeg\",\"keywords\":[\"Coronavirus\",\"COVID-19\",\"Cuarentena\",\"Gobierno del Zulia\",\"Maracaibo\",\"Mercado Las Pulgas\",\"Nacionales\",\"Omar Prieto\",\"Pandemia\",\"PASI\",\"Venezuela\",\"ZODI\",\"Zulia\"],\"articleSection\":[\"Zulia\"],\"inLanguage\":\"es\",\"potentialAction\":[{\"@type\":\"CommentAction\",\"name\":\"Comment\",\"target\":[\"https:\\\/\\\/digital58.com.ve\\\/site\\\/2020\\\/08\\\/03\\\/continuan-los-trabajos-de-transformacion-del-mercado-las-pulgas\\\/#respond\"]}]},{\"@type\":\"WebPage\",\"@id\":\"https:\\\/\\\/digital58.com.ve\\\/site\\\/2020\\\/08\\\/03\\\/continuan-los-trabajos-de-transformacion-del-mercado-las-pulgas\\\/\",\"url\":\"https:\\\/\\\/digital58.com.ve\\\/site\\\/2020\\\/08\\\/03\\\/continuan-los-trabajos-de-transformacion-del-mercado-las-pulgas\\\/\",\"name\":\"Omar Prieto: \u00abAspiramos abrir el Mercado Las Pulgas el lunes 10 de agosto\u00bb\",\"isPartOf\":{\"@id\":\"https:\\\/\\\/digital58.com.ve\\\/site\\\/#website\"},\"primaryImageOfPage\":{\"@id\":\"https:\\\/\\\/digital58.com.ve\\\/site\\\/2020\\\/08\\\/03\\\/continuan-los-trabajos-de-transformacion-del-mercado-las-pulgas\\\/#primaryimage\"},\"image\":{\"@id\":\"https:\\\/\\\/digital58.com.ve\\\/site\\\/2020\\\/08\\\/03\\\/continuan-los-trabajos-de-transformacion-del-mercado-las-pulgas\\\/#primaryimage\"},\"thumbnailUrl\":\"https:\\\/\\\/digital58.com.ve\\\/site\\\/wp-content\\\/uploads\\\/2020\\\/08\\\/mercadolaspulgas.jpeg\",\"datePublished\":\"2020-08-03T20:55:14+00:00\",\"dateModified\":\"2020-08-03T22:23:51+00:00\",\"description\":\"Zulia\",\"breadcrumb\":{\"@id\":\"https:\\\/\\\/digital58.com.ve\\\/site\\\/2020\\\/08\\\/03\\\/continuan-los-trabajos-de-transformacion-del-mercado-las-pulgas\\\/#breadcrumb\"},\"inLanguage\":\"es\",\"potentialAction\":[{\"@type\":\"ReadAction\",\"target\":[\"https:\\\/\\\/digital58.com.ve\\\/site\\\/2020\\\/08\\\/03\\\/continuan-los-trabajos-de-transformacion-del-mercado-las-pulgas\\\/\"]}]},{\"@type\":\"ImageObject\",\"inLanguage\":\"es\",\"@id\":\"https:\\\/\\\/digital58.com.ve\\\/site\\\/2020\\\/08\\\/03\\\/continuan-los-trabajos-de-transformacion-del-mercado-las-pulgas\\\/#primaryimage\",\"url\":\"https:\\\/\\\/digital58.com.ve\\\/site\\\/wp-content\\\/uploads\\\/2020\\\/08\\\/mercadolaspulgas.jpeg\",\"contentUrl\":\"https:\\\/\\\/digital58.com.ve\\\/site\\\/wp-content\\\/uploads\\\/2020\\\/08\\\/mercadolaspulgas.jpeg\",\"width\":800,\"height\":399},{\"@type\":\"BreadcrumbList\",\"@id\":\"https:\\\/\\\/digital58.com.ve\\\/site\\\/2020\\\/08\\\/03\\\/continuan-los-trabajos-de-transformacion-del-mercado-las-pulgas\\\/#breadcrumb\",\"itemListElement\":[{\"@type\":\"ListItem\",\"position\":1,\"name\":\"Home\",\"item\":\"https:\\\/\\\/digital58.com.ve\\\/site\\\/\"},{\"@type\":\"ListItem\",\"position\":2,\"name\":\"Omar Prieto: \u00abAspiramos abrir el Mercado Las Pulgas el lunes 10 de agosto\u00bb\"}]},{\"@type\":\"WebSite\",\"@id\":\"https:\\\/\\\/digital58.com.ve\\\/site\\\/#website\",\"url\":\"https:\\\/\\\/digital58.com.ve\\\/site\\\/\",\"name\":\"Noticias Digital58\",\"description\":\"Portal de Noticias \u00a1Periodismo web de verdad! Lanzamiento web 22.11.2005 \\\/ Maracaibo, Venezuela\",\"publisher\":{\"@id\":\"https:\\\/\\\/digital58.com.ve\\\/site\\\/#\\\/schema\\\/person\\\/64d1c2e4d0d4fd1b849980c4331c2951\"},\"alternateName\":\"ND58\",\"potentialAction\":[{\"@type\":\"SearchAction\",\"target\":{\"@type\":\"EntryPoint\",\"urlTemplate\":\"https:\\\/\\\/digital58.com.ve\\\/site\\\/?s={search_term_string}\"},\"query-input\":{\"@type\":\"PropertyValueSpecification\",\"valueRequired\":true,\"valueName\":\"search_term_string\"}}],\"inLanguage\":\"es\"},{\"@type\":[\"Person\",\"Organization\"],\"@id\":\"https:\\\/\\\/digital58.com.ve\\\/site\\\/#\\\/schema\\\/person\\\/64d1c2e4d0d4fd1b849980c4331c2951\",\"name\":\"Villasmil Henry\",\"image\":{\"@type\":\"ImageObject\",\"inLanguage\":\"es\",\"@id\":\"https:\\\/\\\/secure.gravatar.com\\\/avatar\\\/bb0c4a2fcb7970138239f7e404ea75757b1b507b28b5ce4c53fbd62d797c5a7c?s=96&d=mm&r=g\",\"url\":\"https:\\\/\\\/secure.gravatar.com\\\/avatar\\\/bb0c4a2fcb7970138239f7e404ea75757b1b507b28b5ce4c53fbd62d797c5a7c?s=96&d=mm&r=g\",\"contentUrl\":\"https:\\\/\\\/secure.gravatar.com\\\/avatar\\\/bb0c4a2fcb7970138239f7e404ea75757b1b507b28b5ce4c53fbd62d797c5a7c?s=96&d=mm&r=g\",\"caption\":\"Villasmil Henry\"},\"logo\":{\"@id\":\"https:\\\/\\\/secure.gravatar.com\\\/avatar\\\/bb0c4a2fcb7970138239f7e404ea75757b1b507b28b5ce4c53fbd62d797c5a7c?s=96&d=mm&r=g\"},\"sameAs\":[\"http:\\\/\\\/www.henryvillasmil.com.ve\",\"https:\\\/\\\/www.instagram.com\\\/villasmilhfoto\\\/\",\"https:\\\/\\\/x.com\\\/https:\\\/\\\/twitter.com\\\/villasmilhfoto\"]},{\"@type\":\"Person\",\"@id\":\"https:\\\/\\\/digital58.com.ve\\\/site\\\/#\\\/schema\\\/person\\\/d79fb9041200d150763851810f3a6e44\",\"name\":\"Arismendi Luis\",\"image\":{\"@type\":\"ImageObject\",\"inLanguage\":\"es\",\"@id\":\"https:\\\/\\\/secure.gravatar.com\\\/avatar\\\/076a9c19816f4976b76b8d88be4606fba80dee0aea5ccae15d7f3466053c0615?s=96&d=mm&r=g\",\"url\":\"https:\\\/\\\/secure.gravatar.com\\\/avatar\\\/076a9c19816f4976b76b8d88be4606fba80dee0aea5ccae15d7f3466053c0615?s=96&d=mm&r=g\",\"contentUrl\":\"https:\\\/\\\/secure.gravatar.com\\\/avatar\\\/076a9c19816f4976b76b8d88be4606fba80dee0aea5ccae15d7f3466053c0615?s=96&d=mm&r=g\",\"caption\":\"Arismendi Luis\"},\"url\":\"https:\\\/\\\/digital58.com.ve\\\/site\\\/author\\\/arismendi17\\\/\"}]}<\/script>\n<!-- \/ Yoast SEO plugin. -->","yoast_head_json":{"title":"Omar Prieto: \u00abAspiramos abrir el Mercado Las Pulgas el lunes 10 de agosto\u00bb","description":"Zulia","robots":{"index":"index","follow":"follow","max-snippet":"max-snippet:-1","max-image-preview":"max-image-preview:large","max-video-preview":"max-video-preview:-1"},"canonical":"https:\/\/digital58.com.ve\/site\/2020\/08\/03\/continuan-los-trabajos-de-transformacion-del-mercado-las-pulgas\/","og_locale":"es_ES","og_type":"article","og_title":"Omar Prieto: \u00abAspiramos abrir el Mercado Las Pulgas el lunes 10 de agosto\u00bb","og_description":"Zulia","og_url":"https:\/\/digital58.com.ve\/site\/2020\/08\/03\/continuan-los-trabajos-de-transformacion-del-mercado-las-pulgas\/","og_site_name":"Noticias Digital58","article_published_time":"2020-08-03T20:55:14+00:00","article_modified_time":"2020-08-03T22:23:51+00:00","og_image":[{"width":857,"height":427,"url":"https:\/\/digital58.com.ve\/site\/wp-content\/uploads\/2020\/08\/mercadolaspulgas.jpeg","type":"image\/jpeg"}],"author":"Arismendi Luis","twitter_card":"summary_large_image","twitter_creator":"@Digital_58","twitter_site":"@villasmilhfoto","twitter_misc":{"Escrito por":"Arismendi Luis","Tiempo estimado de lectura":"2 minutos"},"schema":{"@context":"https:\/\/schema.org","@graph":[{"@type":"Article","@id":"https:\/\/digital58.com.ve\/site\/2020\/08\/03\/continuan-los-trabajos-de-transformacion-del-mercado-las-pulgas\/#article","isPartOf":{"@id":"https:\/\/digital58.com.ve\/site\/2020\/08\/03\/continuan-los-trabajos-de-transformacion-del-mercado-las-pulgas\/"},"author":{"name":"Arismendi Luis","@id":"https:\/\/digital58.com.ve\/site\/#\/schema\/person\/d79fb9041200d150763851810f3a6e44"},"headline":"Omar Prieto: \u00abAspiramos abrir el Mercado Las Pulgas el lunes 10 de agosto\u00bb","datePublished":"2020-08-03T20:55:14+00:00","dateModified":"2020-08-03T22:23:51+00:00","mainEntityOfPage":{"@id":"https:\/\/digital58.com.ve\/site\/2020\/08\/03\/continuan-los-trabajos-de-transformacion-del-mercado-las-pulgas\/"},"wordCount":422,"commentCount":0,"publisher":{"@id":"https:\/\/digital58.com.ve\/site\/#\/schema\/person\/64d1c2e4d0d4fd1b849980c4331c2951"},"image":{"@id":"https:\/\/digital58.com.ve\/site\/2020\/08\/03\/continuan-los-trabajos-de-transformacion-del-mercado-las-pulgas\/#primaryimage"},"thumbnailUrl":"https:\/\/digital58.com.ve\/site\/wp-content\/uploads\/2020\/08\/mercadolaspulgas.jpeg","keywords":["Coronavirus","COVID-19","Cuarentena","Gobierno del Zulia","Maracaibo","Mercado Las Pulgas","Nacionales","Omar Prieto","Pandemia","PASI","Venezuela","ZODI","Zulia"],"articleSection":["Zulia"],"inLanguage":"es","potentialAction":[{"@type":"CommentAction","name":"Comment","target":["https:\/\/digital58.com.ve\/site\/2020\/08\/03\/continuan-los-trabajos-de-transformacion-del-mercado-las-pulgas\/#respond"]}]},{"@type":"WebPage","@id":"https:\/\/digital58.com.ve\/site\/2020\/08\/03\/continuan-los-trabajos-de-transformacion-del-mercado-las-pulgas\/","url":"https:\/\/digital58.com.ve\/site\/2020\/08\/03\/continuan-los-trabajos-de-transformacion-del-mercado-las-pulgas\/","name":"Omar Prieto: \u00abAspiramos abrir el Mercado Las Pulgas el lunes 10 de agosto\u00bb","isPartOf":{"@id":"https:\/\/digital58.com.ve\/site\/#website"},"primaryImageOfPage":{"@id":"https:\/\/digital58.com.ve\/site\/2020\/08\/03\/continuan-los-trabajos-de-transformacion-del-mercado-las-pulgas\/#primaryimage"},"image":{"@id":"https:\/\/digital58.com.ve\/site\/2020\/08\/03\/continuan-los-trabajos-de-transformacion-del-mercado-las-pulgas\/#primaryimage"},"thumbnailUrl":"https:\/\/digital58.com.ve\/site\/wp-content\/uploads\/2020\/08\/mercadolaspulgas.jpeg","datePublished":"2020-08-03T20:55:14+00:00","dateModified":"2020-08-03T22:23:51+00:00","description":"Zulia","breadcrumb":{"@id":"https:\/\/digital58.com.ve\/site\/2020\/08\/03\/continuan-los-trabajos-de-transformacion-del-mercado-las-pulgas\/#breadcrumb"},"inLanguage":"es","potentialAction":[{"@type":"ReadAction","target":["https:\/\/digital58.com.ve\/site\/2020\/08\/03\/continuan-los-trabajos-de-transformacion-del-mercado-las-pulgas\/"]}]},{"@type":"ImageObject","inLanguage":"es","@id":"https:\/\/digital58.com.ve\/site\/2020\/08\/03\/continuan-los-trabajos-de-transformacion-del-mercado-las-pulgas\/#primaryimage","url":"https:\/\/digital58.com.ve\/site\/wp-content\/uploads\/2020\/08\/mercadolaspulgas.jpeg","contentUrl":"https:\/\/digital58.com.ve\/site\/wp-content\/uploads\/2020\/08\/mercadolaspulgas.jpeg","width":800,"height":399},{"@type":"BreadcrumbList","@id":"https:\/\/digital58.com.ve\/site\/2020\/08\/03\/continuan-los-trabajos-de-transformacion-del-mercado-las-pulgas\/#breadcrumb","itemListElement":[{"@type":"ListItem","position":1,"name":"Home","item":"https:\/\/digital58.com.ve\/site\/"},{"@type":"ListItem","position":2,"name":"Omar Prieto: \u00abAspiramos abrir el Mercado Las Pulgas el lunes 10 de agosto\u00bb"}]},{"@type":"WebSite","@id":"https:\/\/digital58.com.ve\/site\/#website","url":"https:\/\/digital58.com.ve\/site\/","name":"Noticias Digital58","description":"Portal de Noticias \u00a1Periodismo web de verdad! Lanzamiento web 22.11.2005 \/ Maracaibo, Venezuela","publisher":{"@id":"https:\/\/digital58.com.ve\/site\/#\/schema\/person\/64d1c2e4d0d4fd1b849980c4331c2951"},"alternateName":"ND58","potentialAction":[{"@type":"SearchAction","target":{"@type":"EntryPoint","urlTemplate":"https:\/\/digital58.com.ve\/site\/?s={search_term_string}"},"query-input":{"@type":"PropertyValueSpecification","valueRequired":true,"valueName":"search_term_string"}}],"inLanguage":"es"},{"@type":["Person","Organization"],"@id":"https:\/\/digital58.com.ve\/site\/#\/schema\/person\/64d1c2e4d0d4fd1b849980c4331c2951","name":"Villasmil Henry","image":{"@type":"ImageObject","inLanguage":"es","@id":"https:\/\/secure.gravatar.com\/avatar\/bb0c4a2fcb7970138239f7e404ea75757b1b507b28b5ce4c53fbd62d797c5a7c?s=96&d=mm&r=g","url":"https:\/\/secure.gravatar.com\/avatar\/bb0c4a2fcb7970138239f7e404ea75757b1b507b28b5ce4c53fbd62d797c5a7c?s=96&d=mm&r=g","contentUrl":"https:\/\/secure.gravatar.com\/avatar\/bb0c4a2fcb7970138239f7e404ea75757b1b507b28b5ce4c53fbd62d797c5a7c?s=96&d=mm&r=g","caption":"Villasmil Henry"},"logo":{"@id":"https:\/\/secure.gravatar.com\/avatar\/bb0c4a2fcb7970138239f7e404ea75757b1b507b28b5ce4c53fbd62d797c5a7c?s=96&d=mm&r=g"},"sameAs":["http:\/\/www.henryvillasmil.com.ve","https:\/\/www.instagram.com\/villasmilhfoto\/","https:\/\/x.com\/https:\/\/twitter.com\/villasmilhfoto"]},{"@type":"Person","@id":"https:\/\/digital58.com.ve\/site\/#\/schema\/person\/d79fb9041200d150763851810f3a6e44","name":"Arismendi Luis","image":{"@type":"ImageObject","inLanguage":"es","@id":"https:\/\/secure.gravatar.com\/avatar\/076a9c19816f4976b76b8d88be4606fba80dee0aea5ccae15d7f3466053c0615?s=96&d=mm&r=g","url":"https:\/\/secure.gravatar.com\/avatar\/076a9c19816f4976b76b8d88be4606fba80dee0aea5ccae15d7f3466053c0615?s=96&d=mm&r=g","contentUrl":"https:\/\/secure.gravatar.com\/avatar\/076a9c19816f4976b76b8d88be4606fba80dee0aea5ccae15d7f3466053c0615?s=96&d=mm&r=g","caption":"Arismendi Luis"},"url":"https:\/\/digital58.com.ve\/site\/author\/arismendi17\/"}]}},"uagb_featured_image_src":{"full":["https:\/\/digital58.com.ve\/site\/wp-content\/uploads\/2020\/08\/mercadolaspulgas.jpeg",800,399,false],"thumbnail":["https:\/\/digital58.com.ve\/site\/wp-content\/uploads\/2020\/08\/mercadolaspulgas-150x150.jpeg",150,150,true],"medium":["https:\/\/digital58.com.ve\/site\/wp-content\/uploads\/2020\/08\/mercadolaspulgas-300x149.jpeg",300,149,true],"medium_large":["https:\/\/digital58.com.ve\/site\/wp-content\/uploads\/2020\/08\/mercadolaspulgas-768x383.jpeg",768,383,true],"large":["https:\/\/digital58.com.ve\/site\/wp-content\/uploads\/2020\/08\/mercadolaspulgas.jpeg",800,399,false],"1536x1536":["https:\/\/digital58.com.ve\/site\/wp-content\/uploads\/2020\/08\/mercadolaspulgas.jpeg",800,399,false],"2048x2048":["https:\/\/digital58.com.ve\/site\/wp-content\/uploads\/2020\/08\/mercadolaspulgas.jpeg",800,399,false],"colormag-highlighted-post":["https:\/\/digital58.com.ve\/site\/wp-content\/uploads\/2020\/08\/mercadolaspulgas.jpeg",392,196,false],"colormag-featured-post-medium":["https:\/\/digital58.com.ve\/site\/wp-content\/uploads\/2020\/08\/mercadolaspulgas.jpeg",390,195,false],"colormag-featured-post-small":["https:\/\/digital58.com.ve\/site\/wp-content\/uploads\/2020\/08\/mercadolaspulgas.jpeg",130,65,false],"colormag-featured-image":["https:\/\/digital58.com.ve\/site\/wp-content\/uploads\/2020\/08\/mercadolaspulgas.jpeg",800,399,false],"colormag-default-news":["https:\/\/digital58.com.ve\/site\/wp-content\/uploads\/2020\/08\/mercadolaspulgas.jpeg",150,75,false],"colormag-featured-image-large":["https:\/\/digital58.com.ve\/site\/wp-content\/uploads\/2020\/08\/mercadolaspulgas.jpeg",800,399,false]},"uagb_author_info":{"display_name":"Arismendi Luis","author_link":"https:\/\/digital58.com.ve\/site\/author\/arismendi17\/"},"uagb_comment_info":0,"uagb_excerpt":"Hasta la fecha, el proceso de organizaci\u00f3n de este espacio ya cumple dos meses. Se contin\u00faa reordenando y transformando el","_links":{"self":[{"href":"https:\/\/digital58.com.ve\/site\/wp-json\/wp\/v2\/posts\/119604","targetHints":{"allow":["GET"]}}],"collection":[{"href":"https:\/\/digital58.com.ve\/site\/wp-json\/wp\/v2\/posts"}],"about":[{"href":"https:\/\/digital58.com.ve\/site\/wp-json\/wp\/v2\/types\/post"}],"author":[{"embeddable":true,"href":"https:\/\/digital58.com.ve\/site\/wp-json\/wp\/v2\/users\/7"}],"replies":[{"embeddable":true,"href":"https:\/\/digital58.com.ve\/site\/wp-json\/wp\/v2\/comments?post=119604"}],"version-history":[{"count":0,"href":"https:\/\/digital58.com.ve\/site\/wp-json\/wp\/v2\/posts\/119604\/revisions"}],"wp:featuredmedia":[{"embeddable":true,"href":"https:\/\/digital58.com.ve\/site\/wp-json\/wp\/v2\/media\/119636"}],"wp:attachment":[{"href":"https:\/\/digital58.com.ve\/site\/wp-json\/wp\/v2\/media?parent=119604"}],"wp:term":[{"taxonomy":"category","embeddable":true,"href":"https:\/\/digital58.com.ve\/site\/wp-json\/wp\/v2\/categories?post=119604"},{"taxonomy":"post_tag","embeddable":true,"href":"https:\/\/digital58.com.ve\/site\/wp-json\/wp\/v2\/tags?post=119604"}],"curies":[{"name":"wp","href":"https:\/\/api.w.org\/{rel}","templated":true}]}}