{"id":119901,"date":"2020-08-04T19:15:25","date_gmt":"2020-08-04T23:15:25","guid":{"rendered":"https:\/\/digital58.com.ve\/site\/?p=119901"},"modified":"2020-08-04T19:20:10","modified_gmt":"2020-08-04T23:20:10","slug":"fallecio-albenis-arrieta-exalcalde-de-lagunillas","status":"publish","type":"post","link":"https:\/\/digital58.com.ve\/site\/2020\/08\/04\/fallecio-albenis-arrieta-exalcalde-de-lagunillas\/","title":{"rendered":"Falleci\u00f3 Albenis Arrieta exalcalde de Lagunillas"},"content":{"rendered":"<p><img loading=\"lazy\" decoding=\"async\" class=\"aligncenter wp-image-119908\" src=\"https:\/\/digital58.com.ve\/site\/wp-content\/uploads\/2020\/08\/Albenis-Arrieta-300x167.jpg\" alt=\"\" width=\"600\" height=\"334\" srcset=\"https:\/\/digital58.com.ve\/site\/wp-content\/uploads\/2020\/08\/Albenis-Arrieta-300x167.jpg 300w, https:\/\/digital58.com.ve\/site\/wp-content\/uploads\/2020\/08\/Albenis-Arrieta-768x427.jpg 768w, https:\/\/digital58.com.ve\/site\/wp-content\/uploads\/2020\/08\/Albenis-Arrieta.jpg 800w\" sizes=\"auto, (max-width: 600px) 100vw, 600px\" \/><\/p>\n<p>Arrieta habr\u00eda presentado s\u00edntomas de COVID-19.<\/p>\n<p><strong>Lagunillas, Zulia, Venezuela 04 de agosto de 2020 (ND58).-\u00a0<\/strong>Este martes 4 de agosto, se conoci\u00f3 el lamentable fallecimiento de Albenis Arrieta, exalcalde del municipio zuliano de Lagunillas.<\/p>\n<p>Arrieta fue ingresado el pasado domingo, presentando un cuadro respiratorio agudo y posteriormente se le diagnostic\u00f3 una neumon\u00eda bilateral.<\/p>\n<blockquote class=\"twitter-tweet\" data-width=\"550\" data-dnt=\"true\">\n<p lang=\"es\" dir=\"ltr\">Ha fallecido mi compadre y amigo Economista Albenis Arrieta ,que descanse en paz y Dios le de consuelo a mi comadre y a a sus hijos y nietos y  toda su familia<\/p>\n<p>&mdash; Mervin M\u00e9ndez (@MERVINMENDEZQ) <a href=\"https:\/\/twitter.com\/MERVINMENDEZQ\/status\/1290614149437968385?ref_src=twsrc%5Etfw\">August 4, 2020<\/a><\/p><\/blockquote>\n<p><script async src=\"https:\/\/platform.twitter.com\/widgets.js\" charset=\"utf-8\"><\/script><\/p>\n<p>Al exalcalde, se le practic\u00f3 en diversas oportunidades la prueba r\u00e1pida, para descartar que padeciese la COVID-19 y su resultado fue negativo<\/p>\n<p>Arrieta, cumpli\u00f3 funciones como alcalde de Lagunilla entre los a\u00f1os 1.996 y 1.999, y desde 2015 fung\u00eda como contralor del municipio.<\/p>\n<p>El diputado a la Asamblea Nacional, Juan Pablo Guanipa, lament\u00f3 el fallecimiento del pol\u00edtico, enviando un mensaje de \u00absolidaridad con toda su familia y amigos de la Costa Oriental del Lago\u00bb, a trav\u00e9s de una publicaci\u00f3n en la red social Twitter.<\/p>\n<p>El contralor de Lagunillas, es el segundo exalcalde de un municipio de la Costa Oriental del Lago, que fallece en poco menos de un mes, luego de la muerte de Hern\u00e1n Alem\u00e1n.<\/p><div class=\"euqab69f2af5c6dd1d\" ><p style=\"text-align: center;\"><a href=\"https:\/\/t.me\/noticiasdigital58\" target=\"_blank\" rel=\"noopener\"><img class=\"aligncenter size-full wp-image-125363\" src=\"https:\/\/digital58.com.ve\/site\/wp-content\/uploads\/2021\/04\/banner-telegram-web-2021.png\" alt=\"\" width=\"600\" height=\"90\" \/><\/a><\/p><\/div><style type=\"text\/css\">\r\n@media screen and (min-width: 1201px) {\r\n.euqab69f2af5c6dd1d {\r\ndisplay: block;\r\n}\r\n}\r\n@media screen and (min-width: 993px) and (max-width: 1200px) {\r\n.euqab69f2af5c6dd1d {\r\ndisplay: block;\r\n}\r\n}\r\n@media screen and (min-width: 769px) and (max-width: 992px) {\r\n.euqab69f2af5c6dd1d {\r\ndisplay: block;\r\n}\r\n}\r\n@media screen and (min-width: 768px) and (max-width: 768px) {\r\n.euqab69f2af5c6dd1d {\r\ndisplay: block;\r\n}\r\n}\r\n@media screen and (max-width: 767px) {\r\n.euqab69f2af5c6dd1d {\r\ndisplay: block;\r\n}\r\n}\r\n<\/style>\r\n\n<p><strong>Redacci\u00f3n: Morales, Joel (@joeldmc32) | Fuente: Agencias<br \/>\nEdici\u00f3n: Villasmil, Henry<br \/>\nGr\u00e1fica: Cortes\u00eda<\/strong><\/p>\n<div style=\"margin-top: 0px; margin-bottom: 0px;\" class=\"sharethis-inline-share-buttons\" ><\/div>","protected":false},"excerpt":{"rendered":"<p>Arrieta habr\u00eda presentado s\u00edntomas de COVID-19. Lagunillas, Zulia, Venezuela 04 de agosto de 2020 (ND58).-\u00a0Este martes 4 de agosto, se<\/p>\n","protected":false},"author":29,"featured_media":119908,"comment_status":"open","ping_status":"closed","sticky":false,"template":"","format":"standard","meta":{"colormag_page_container_layout":"default_layout","colormag_page_sidebar_layout":"default_layout","_uag_custom_page_level_css":"","footnotes":""},"categories":[14504],"tags":[19562,19563,19564,4589,233,32,761],"class_list":["post-119901","post","type-post","status-publish","format-standard","has-post-thumbnail","hentry","category-zulia","tag-albenis-arrieta","tag-contralor-de-lagunillas","tag-exalcalde-de-lagunillas","tag-lagunillas","tag-nacionales","tag-venezuela","tag-zulia"],"yoast_head":"<!-- This site is optimized with the Yoast SEO plugin v27.5 - https:\/\/yoast.com\/product\/yoast-seo-wordpress\/ -->\n<title>Falleci\u00f3 Albenis Arrieta exalcalde de Lagunillas<\/title>\n<meta name=\"description\" content=\"Zulia\" \/>\n<meta name=\"robots\" content=\"index, follow, max-snippet:-1, max-image-preview:large, max-video-preview:-1\" \/>\n<link rel=\"canonical\" href=\"https:\/\/digital58.com.ve\/site\/2020\/08\/04\/fallecio-albenis-arrieta-exalcalde-de-lagunillas\/\" \/>\n<meta property=\"og:locale\" content=\"es_ES\" \/>\n<meta property=\"og:type\" content=\"article\" \/>\n<meta property=\"og:title\" content=\"Falleci\u00f3 Albenis Arrieta exalcalde de Lagunillas\" \/>\n<meta property=\"og:description\" content=\"Zulia\" \/>\n<meta property=\"og:url\" content=\"https:\/\/digital58.com.ve\/site\/2020\/08\/04\/fallecio-albenis-arrieta-exalcalde-de-lagunillas\/\" \/>\n<meta property=\"og:site_name\" content=\"Noticias Digital58\" \/>\n<meta property=\"article:published_time\" content=\"2020-08-04T23:15:25+00:00\" \/>\n<meta property=\"article:modified_time\" content=\"2020-08-04T23:20:10+00:00\" \/>\n<meta property=\"og:image\" content=\"https:\/\/digital58.com.ve\/site\/wp-content\/uploads\/2020\/08\/Albenis-Arrieta.jpg\" \/>\n\t<meta property=\"og:image:width\" content=\"800\" \/>\n\t<meta property=\"og:image:height\" content=\"445\" \/>\n\t<meta property=\"og:image:type\" content=\"image\/jpeg\" \/>\n<meta name=\"author\" content=\"Morales Joel\" \/>\n<meta name=\"twitter:card\" content=\"summary_large_image\" \/>\n<meta name=\"twitter:creator\" content=\"@Digital_58\" \/>\n<meta name=\"twitter:site\" content=\"@villasmilhfoto\" \/>\n<meta name=\"twitter:label1\" content=\"Escrito por\" \/>\n\t<meta name=\"twitter:data1\" content=\"Morales Joel\" \/>\n\t<meta name=\"twitter:label2\" content=\"Tiempo estimado de lectura\" \/>\n\t<meta name=\"twitter:data2\" content=\"1 minuto\" \/>\n<script type=\"application\/ld+json\" class=\"yoast-schema-graph\">{\"@context\":\"https:\\\/\\\/schema.org\",\"@graph\":[{\"@type\":\"Article\",\"@id\":\"https:\\\/\\\/digital58.com.ve\\\/site\\\/2020\\\/08\\\/04\\\/fallecio-albenis-arrieta-exalcalde-de-lagunillas\\\/#article\",\"isPartOf\":{\"@id\":\"https:\\\/\\\/digital58.com.ve\\\/site\\\/2020\\\/08\\\/04\\\/fallecio-albenis-arrieta-exalcalde-de-lagunillas\\\/\"},\"author\":{\"name\":\"Morales Joel\",\"@id\":\"https:\\\/\\\/digital58.com.ve\\\/site\\\/#\\\/schema\\\/person\\\/8daf5f8bfd9ebdb98150c62bff195b72\"},\"headline\":\"Falleci\u00f3 Albenis Arrieta exalcalde de Lagunillas\",\"datePublished\":\"2020-08-04T23:15:25+00:00\",\"dateModified\":\"2020-08-04T23:20:10+00:00\",\"mainEntityOfPage\":{\"@id\":\"https:\\\/\\\/digital58.com.ve\\\/site\\\/2020\\\/08\\\/04\\\/fallecio-albenis-arrieta-exalcalde-de-lagunillas\\\/\"},\"wordCount\":201,\"commentCount\":0,\"publisher\":{\"@id\":\"https:\\\/\\\/digital58.com.ve\\\/site\\\/#\\\/schema\\\/person\\\/64d1c2e4d0d4fd1b849980c4331c2951\"},\"image\":{\"@id\":\"https:\\\/\\\/digital58.com.ve\\\/site\\\/2020\\\/08\\\/04\\\/fallecio-albenis-arrieta-exalcalde-de-lagunillas\\\/#primaryimage\"},\"thumbnailUrl\":\"https:\\\/\\\/digital58.com.ve\\\/site\\\/wp-content\\\/uploads\\\/2020\\\/08\\\/Albenis-Arrieta.jpg\",\"keywords\":[\"Albenis Arrieta\",\"Contralor de Lagunillas\",\"Exalcalde de Lagunillas\",\"Lagunillas\",\"Nacionales\",\"Venezuela\",\"Zulia\"],\"articleSection\":[\"Zulia\"],\"inLanguage\":\"es\",\"potentialAction\":[{\"@type\":\"CommentAction\",\"name\":\"Comment\",\"target\":[\"https:\\\/\\\/digital58.com.ve\\\/site\\\/2020\\\/08\\\/04\\\/fallecio-albenis-arrieta-exalcalde-de-lagunillas\\\/#respond\"]}]},{\"@type\":\"WebPage\",\"@id\":\"https:\\\/\\\/digital58.com.ve\\\/site\\\/2020\\\/08\\\/04\\\/fallecio-albenis-arrieta-exalcalde-de-lagunillas\\\/\",\"url\":\"https:\\\/\\\/digital58.com.ve\\\/site\\\/2020\\\/08\\\/04\\\/fallecio-albenis-arrieta-exalcalde-de-lagunillas\\\/\",\"name\":\"Falleci\u00f3 Albenis Arrieta exalcalde de Lagunillas\",\"isPartOf\":{\"@id\":\"https:\\\/\\\/digital58.com.ve\\\/site\\\/#website\"},\"primaryImageOfPage\":{\"@id\":\"https:\\\/\\\/digital58.com.ve\\\/site\\\/2020\\\/08\\\/04\\\/fallecio-albenis-arrieta-exalcalde-de-lagunillas\\\/#primaryimage\"},\"image\":{\"@id\":\"https:\\\/\\\/digital58.com.ve\\\/site\\\/2020\\\/08\\\/04\\\/fallecio-albenis-arrieta-exalcalde-de-lagunillas\\\/#primaryimage\"},\"thumbnailUrl\":\"https:\\\/\\\/digital58.com.ve\\\/site\\\/wp-content\\\/uploads\\\/2020\\\/08\\\/Albenis-Arrieta.jpg\",\"datePublished\":\"2020-08-04T23:15:25+00:00\",\"dateModified\":\"2020-08-04T23:20:10+00:00\",\"description\":\"Zulia\",\"breadcrumb\":{\"@id\":\"https:\\\/\\\/digital58.com.ve\\\/site\\\/2020\\\/08\\\/04\\\/fallecio-albenis-arrieta-exalcalde-de-lagunillas\\\/#breadcrumb\"},\"inLanguage\":\"es\",\"potentialAction\":[{\"@type\":\"ReadAction\",\"target\":[\"https:\\\/\\\/digital58.com.ve\\\/site\\\/2020\\\/08\\\/04\\\/fallecio-albenis-arrieta-exalcalde-de-lagunillas\\\/\"]}]},{\"@type\":\"ImageObject\",\"inLanguage\":\"es\",\"@id\":\"https:\\\/\\\/digital58.com.ve\\\/site\\\/2020\\\/08\\\/04\\\/fallecio-albenis-arrieta-exalcalde-de-lagunillas\\\/#primaryimage\",\"url\":\"https:\\\/\\\/digital58.com.ve\\\/site\\\/wp-content\\\/uploads\\\/2020\\\/08\\\/Albenis-Arrieta.jpg\",\"contentUrl\":\"https:\\\/\\\/digital58.com.ve\\\/site\\\/wp-content\\\/uploads\\\/2020\\\/08\\\/Albenis-Arrieta.jpg\",\"width\":800,\"height\":445},{\"@type\":\"BreadcrumbList\",\"@id\":\"https:\\\/\\\/digital58.com.ve\\\/site\\\/2020\\\/08\\\/04\\\/fallecio-albenis-arrieta-exalcalde-de-lagunillas\\\/#breadcrumb\",\"itemListElement\":[{\"@type\":\"ListItem\",\"position\":1,\"name\":\"Home\",\"item\":\"https:\\\/\\\/digital58.com.ve\\\/site\\\/\"},{\"@type\":\"ListItem\",\"position\":2,\"name\":\"Falleci\u00f3 Albenis Arrieta exalcalde de Lagunillas\"}]},{\"@type\":\"WebSite\",\"@id\":\"https:\\\/\\\/digital58.com.ve\\\/site\\\/#website\",\"url\":\"https:\\\/\\\/digital58.com.ve\\\/site\\\/\",\"name\":\"Noticias Digital58\",\"description\":\"Portal de Noticias \u00a1Periodismo web de verdad! Lanzamiento web 22.11.2005 \\\/ Maracaibo, Venezuela\",\"publisher\":{\"@id\":\"https:\\\/\\\/digital58.com.ve\\\/site\\\/#\\\/schema\\\/person\\\/64d1c2e4d0d4fd1b849980c4331c2951\"},\"alternateName\":\"ND58\",\"potentialAction\":[{\"@type\":\"SearchAction\",\"target\":{\"@type\":\"EntryPoint\",\"urlTemplate\":\"https:\\\/\\\/digital58.com.ve\\\/site\\\/?s={search_term_string}\"},\"query-input\":{\"@type\":\"PropertyValueSpecification\",\"valueRequired\":true,\"valueName\":\"search_term_string\"}}],\"inLanguage\":\"es\"},{\"@type\":[\"Person\",\"Organization\"],\"@id\":\"https:\\\/\\\/digital58.com.ve\\\/site\\\/#\\\/schema\\\/person\\\/64d1c2e4d0d4fd1b849980c4331c2951\",\"name\":\"Villasmil Henry\",\"image\":{\"@type\":\"ImageObject\",\"inLanguage\":\"es\",\"@id\":\"https:\\\/\\\/secure.gravatar.com\\\/avatar\\\/bb0c4a2fcb7970138239f7e404ea75757b1b507b28b5ce4c53fbd62d797c5a7c?s=96&d=mm&r=g\",\"url\":\"https:\\\/\\\/secure.gravatar.com\\\/avatar\\\/bb0c4a2fcb7970138239f7e404ea75757b1b507b28b5ce4c53fbd62d797c5a7c?s=96&d=mm&r=g\",\"contentUrl\":\"https:\\\/\\\/secure.gravatar.com\\\/avatar\\\/bb0c4a2fcb7970138239f7e404ea75757b1b507b28b5ce4c53fbd62d797c5a7c?s=96&d=mm&r=g\",\"caption\":\"Villasmil Henry\"},\"logo\":{\"@id\":\"https:\\\/\\\/secure.gravatar.com\\\/avatar\\\/bb0c4a2fcb7970138239f7e404ea75757b1b507b28b5ce4c53fbd62d797c5a7c?s=96&d=mm&r=g\"},\"sameAs\":[\"http:\\\/\\\/www.henryvillasmil.com.ve\",\"https:\\\/\\\/www.instagram.com\\\/villasmilhfoto\\\/\",\"https:\\\/\\\/x.com\\\/https:\\\/\\\/twitter.com\\\/villasmilhfoto\"]},{\"@type\":\"Person\",\"@id\":\"https:\\\/\\\/digital58.com.ve\\\/site\\\/#\\\/schema\\\/person\\\/8daf5f8bfd9ebdb98150c62bff195b72\",\"name\":\"Morales Joel\",\"image\":{\"@type\":\"ImageObject\",\"inLanguage\":\"es\",\"@id\":\"https:\\\/\\\/secure.gravatar.com\\\/avatar\\\/e2cb5ce0e9279ab3c8e03d472e483f32e666716a18da3bfa7b0749a5465409f1?s=96&d=mm&r=g\",\"url\":\"https:\\\/\\\/secure.gravatar.com\\\/avatar\\\/e2cb5ce0e9279ab3c8e03d472e483f32e666716a18da3bfa7b0749a5465409f1?s=96&d=mm&r=g\",\"contentUrl\":\"https:\\\/\\\/secure.gravatar.com\\\/avatar\\\/e2cb5ce0e9279ab3c8e03d472e483f32e666716a18da3bfa7b0749a5465409f1?s=96&d=mm&r=g\",\"caption\":\"Morales Joel\"},\"url\":\"https:\\\/\\\/digital58.com.ve\\\/site\\\/author\\\/joelm\\\/\"}]}<\/script>\n<!-- \/ Yoast SEO plugin. -->","yoast_head_json":{"title":"Falleci\u00f3 Albenis Arrieta exalcalde de Lagunillas","description":"Zulia","robots":{"index":"index","follow":"follow","max-snippet":"max-snippet:-1","max-image-preview":"max-image-preview:large","max-video-preview":"max-video-preview:-1"},"canonical":"https:\/\/digital58.com.ve\/site\/2020\/08\/04\/fallecio-albenis-arrieta-exalcalde-de-lagunillas\/","og_locale":"es_ES","og_type":"article","og_title":"Falleci\u00f3 Albenis Arrieta exalcalde de Lagunillas","og_description":"Zulia","og_url":"https:\/\/digital58.com.ve\/site\/2020\/08\/04\/fallecio-albenis-arrieta-exalcalde-de-lagunillas\/","og_site_name":"Noticias Digital58","article_published_time":"2020-08-04T23:15:25+00:00","article_modified_time":"2020-08-04T23:20:10+00:00","og_image":[{"width":800,"height":445,"url":"https:\/\/digital58.com.ve\/site\/wp-content\/uploads\/2020\/08\/Albenis-Arrieta.jpg","type":"image\/jpeg"}],"author":"Morales Joel","twitter_card":"summary_large_image","twitter_creator":"@Digital_58","twitter_site":"@villasmilhfoto","twitter_misc":{"Escrito por":"Morales Joel","Tiempo estimado de lectura":"1 minuto"},"schema":{"@context":"https:\/\/schema.org","@graph":[{"@type":"Article","@id":"https:\/\/digital58.com.ve\/site\/2020\/08\/04\/fallecio-albenis-arrieta-exalcalde-de-lagunillas\/#article","isPartOf":{"@id":"https:\/\/digital58.com.ve\/site\/2020\/08\/04\/fallecio-albenis-arrieta-exalcalde-de-lagunillas\/"},"author":{"name":"Morales Joel","@id":"https:\/\/digital58.com.ve\/site\/#\/schema\/person\/8daf5f8bfd9ebdb98150c62bff195b72"},"headline":"Falleci\u00f3 Albenis Arrieta exalcalde de Lagunillas","datePublished":"2020-08-04T23:15:25+00:00","dateModified":"2020-08-04T23:20:10+00:00","mainEntityOfPage":{"@id":"https:\/\/digital58.com.ve\/site\/2020\/08\/04\/fallecio-albenis-arrieta-exalcalde-de-lagunillas\/"},"wordCount":201,"commentCount":0,"publisher":{"@id":"https:\/\/digital58.com.ve\/site\/#\/schema\/person\/64d1c2e4d0d4fd1b849980c4331c2951"},"image":{"@id":"https:\/\/digital58.com.ve\/site\/2020\/08\/04\/fallecio-albenis-arrieta-exalcalde-de-lagunillas\/#primaryimage"},"thumbnailUrl":"https:\/\/digital58.com.ve\/site\/wp-content\/uploads\/2020\/08\/Albenis-Arrieta.jpg","keywords":["Albenis Arrieta","Contralor de Lagunillas","Exalcalde de Lagunillas","Lagunillas","Nacionales","Venezuela","Zulia"],"articleSection":["Zulia"],"inLanguage":"es","potentialAction":[{"@type":"CommentAction","name":"Comment","target":["https:\/\/digital58.com.ve\/site\/2020\/08\/04\/fallecio-albenis-arrieta-exalcalde-de-lagunillas\/#respond"]}]},{"@type":"WebPage","@id":"https:\/\/digital58.com.ve\/site\/2020\/08\/04\/fallecio-albenis-arrieta-exalcalde-de-lagunillas\/","url":"https:\/\/digital58.com.ve\/site\/2020\/08\/04\/fallecio-albenis-arrieta-exalcalde-de-lagunillas\/","name":"Falleci\u00f3 Albenis Arrieta exalcalde de Lagunillas","isPartOf":{"@id":"https:\/\/digital58.com.ve\/site\/#website"},"primaryImageOfPage":{"@id":"https:\/\/digital58.com.ve\/site\/2020\/08\/04\/fallecio-albenis-arrieta-exalcalde-de-lagunillas\/#primaryimage"},"image":{"@id":"https:\/\/digital58.com.ve\/site\/2020\/08\/04\/fallecio-albenis-arrieta-exalcalde-de-lagunillas\/#primaryimage"},"thumbnailUrl":"https:\/\/digital58.com.ve\/site\/wp-content\/uploads\/2020\/08\/Albenis-Arrieta.jpg","datePublished":"2020-08-04T23:15:25+00:00","dateModified":"2020-08-04T23:20:10+00:00","description":"Zulia","breadcrumb":{"@id":"https:\/\/digital58.com.ve\/site\/2020\/08\/04\/fallecio-albenis-arrieta-exalcalde-de-lagunillas\/#breadcrumb"},"inLanguage":"es","potentialAction":[{"@type":"ReadAction","target":["https:\/\/digital58.com.ve\/site\/2020\/08\/04\/fallecio-albenis-arrieta-exalcalde-de-lagunillas\/"]}]},{"@type":"ImageObject","inLanguage":"es","@id":"https:\/\/digital58.com.ve\/site\/2020\/08\/04\/fallecio-albenis-arrieta-exalcalde-de-lagunillas\/#primaryimage","url":"https:\/\/digital58.com.ve\/site\/wp-content\/uploads\/2020\/08\/Albenis-Arrieta.jpg","contentUrl":"https:\/\/digital58.com.ve\/site\/wp-content\/uploads\/2020\/08\/Albenis-Arrieta.jpg","width":800,"height":445},{"@type":"BreadcrumbList","@id":"https:\/\/digital58.com.ve\/site\/2020\/08\/04\/fallecio-albenis-arrieta-exalcalde-de-lagunillas\/#breadcrumb","itemListElement":[{"@type":"ListItem","position":1,"name":"Home","item":"https:\/\/digital58.com.ve\/site\/"},{"@type":"ListItem","position":2,"name":"Falleci\u00f3 Albenis Arrieta exalcalde de Lagunillas"}]},{"@type":"WebSite","@id":"https:\/\/digital58.com.ve\/site\/#website","url":"https:\/\/digital58.com.ve\/site\/","name":"Noticias Digital58","description":"Portal de Noticias \u00a1Periodismo web de verdad! Lanzamiento web 22.11.2005 \/ Maracaibo, Venezuela","publisher":{"@id":"https:\/\/digital58.com.ve\/site\/#\/schema\/person\/64d1c2e4d0d4fd1b849980c4331c2951"},"alternateName":"ND58","potentialAction":[{"@type":"SearchAction","target":{"@type":"EntryPoint","urlTemplate":"https:\/\/digital58.com.ve\/site\/?s={search_term_string}"},"query-input":{"@type":"PropertyValueSpecification","valueRequired":true,"valueName":"search_term_string"}}],"inLanguage":"es"},{"@type":["Person","Organization"],"@id":"https:\/\/digital58.com.ve\/site\/#\/schema\/person\/64d1c2e4d0d4fd1b849980c4331c2951","name":"Villasmil Henry","image":{"@type":"ImageObject","inLanguage":"es","@id":"https:\/\/secure.gravatar.com\/avatar\/bb0c4a2fcb7970138239f7e404ea75757b1b507b28b5ce4c53fbd62d797c5a7c?s=96&d=mm&r=g","url":"https:\/\/secure.gravatar.com\/avatar\/bb0c4a2fcb7970138239f7e404ea75757b1b507b28b5ce4c53fbd62d797c5a7c?s=96&d=mm&r=g","contentUrl":"https:\/\/secure.gravatar.com\/avatar\/bb0c4a2fcb7970138239f7e404ea75757b1b507b28b5ce4c53fbd62d797c5a7c?s=96&d=mm&r=g","caption":"Villasmil Henry"},"logo":{"@id":"https:\/\/secure.gravatar.com\/avatar\/bb0c4a2fcb7970138239f7e404ea75757b1b507b28b5ce4c53fbd62d797c5a7c?s=96&d=mm&r=g"},"sameAs":["http:\/\/www.henryvillasmil.com.ve","https:\/\/www.instagram.com\/villasmilhfoto\/","https:\/\/x.com\/https:\/\/twitter.com\/villasmilhfoto"]},{"@type":"Person","@id":"https:\/\/digital58.com.ve\/site\/#\/schema\/person\/8daf5f8bfd9ebdb98150c62bff195b72","name":"Morales Joel","image":{"@type":"ImageObject","inLanguage":"es","@id":"https:\/\/secure.gravatar.com\/avatar\/e2cb5ce0e9279ab3c8e03d472e483f32e666716a18da3bfa7b0749a5465409f1?s=96&d=mm&r=g","url":"https:\/\/secure.gravatar.com\/avatar\/e2cb5ce0e9279ab3c8e03d472e483f32e666716a18da3bfa7b0749a5465409f1?s=96&d=mm&r=g","contentUrl":"https:\/\/secure.gravatar.com\/avatar\/e2cb5ce0e9279ab3c8e03d472e483f32e666716a18da3bfa7b0749a5465409f1?s=96&d=mm&r=g","caption":"Morales Joel"},"url":"https:\/\/digital58.com.ve\/site\/author\/joelm\/"}]}},"uagb_featured_image_src":{"full":["https:\/\/digital58.com.ve\/site\/wp-content\/uploads\/2020\/08\/Albenis-Arrieta.jpg",800,445,false],"thumbnail":["https:\/\/digital58.com.ve\/site\/wp-content\/uploads\/2020\/08\/Albenis-Arrieta-150x150.jpg",150,150,true],"medium":["https:\/\/digital58.com.ve\/site\/wp-content\/uploads\/2020\/08\/Albenis-Arrieta-300x167.jpg",300,167,true],"medium_large":["https:\/\/digital58.com.ve\/site\/wp-content\/uploads\/2020\/08\/Albenis-Arrieta-768x427.jpg",768,427,true],"large":["https:\/\/digital58.com.ve\/site\/wp-content\/uploads\/2020\/08\/Albenis-Arrieta.jpg",800,445,false],"1536x1536":["https:\/\/digital58.com.ve\/site\/wp-content\/uploads\/2020\/08\/Albenis-Arrieta.jpg",800,445,false],"2048x2048":["https:\/\/digital58.com.ve\/site\/wp-content\/uploads\/2020\/08\/Albenis-Arrieta.jpg",800,445,false],"colormag-highlighted-post":["https:\/\/digital58.com.ve\/site\/wp-content\/uploads\/2020\/08\/Albenis-Arrieta.jpg",392,218,false],"colormag-featured-post-medium":["https:\/\/digital58.com.ve\/site\/wp-content\/uploads\/2020\/08\/Albenis-Arrieta.jpg",369,205,false],"colormag-featured-post-small":["https:\/\/digital58.com.ve\/site\/wp-content\/uploads\/2020\/08\/Albenis-Arrieta.jpg",130,72,false],"colormag-featured-image":["https:\/\/digital58.com.ve\/site\/wp-content\/uploads\/2020\/08\/Albenis-Arrieta.jpg",800,445,false],"colormag-default-news":["https:\/\/digital58.com.ve\/site\/wp-content\/uploads\/2020\/08\/Albenis-Arrieta.jpg",150,83,false],"colormag-featured-image-large":["https:\/\/digital58.com.ve\/site\/wp-content\/uploads\/2020\/08\/Albenis-Arrieta.jpg",800,445,false]},"uagb_author_info":{"display_name":"Morales Joel","author_link":"https:\/\/digital58.com.ve\/site\/author\/joelm\/"},"uagb_comment_info":0,"uagb_excerpt":"Arrieta habr\u00eda presentado s\u00edntomas de COVID-19. Lagunillas, Zulia, Venezuela 04 de agosto de 2020 (ND58).-\u00a0Este martes 4 de agosto, se","_links":{"self":[{"href":"https:\/\/digital58.com.ve\/site\/wp-json\/wp\/v2\/posts\/119901","targetHints":{"allow":["GET"]}}],"collection":[{"href":"https:\/\/digital58.com.ve\/site\/wp-json\/wp\/v2\/posts"}],"about":[{"href":"https:\/\/digital58.com.ve\/site\/wp-json\/wp\/v2\/types\/post"}],"author":[{"embeddable":true,"href":"https:\/\/digital58.com.ve\/site\/wp-json\/wp\/v2\/users\/29"}],"replies":[{"embeddable":true,"href":"https:\/\/digital58.com.ve\/site\/wp-json\/wp\/v2\/comments?post=119901"}],"version-history":[{"count":0,"href":"https:\/\/digital58.com.ve\/site\/wp-json\/wp\/v2\/posts\/119901\/revisions"}],"wp:featuredmedia":[{"embeddable":true,"href":"https:\/\/digital58.com.ve\/site\/wp-json\/wp\/v2\/media\/119908"}],"wp:attachment":[{"href":"https:\/\/digital58.com.ve\/site\/wp-json\/wp\/v2\/media?parent=119901"}],"wp:term":[{"taxonomy":"category","embeddable":true,"href":"https:\/\/digital58.com.ve\/site\/wp-json\/wp\/v2\/categories?post=119901"},{"taxonomy":"post_tag","embeddable":true,"href":"https:\/\/digital58.com.ve\/site\/wp-json\/wp\/v2\/tags?post=119901"}],"curies":[{"name":"wp","href":"https:\/\/api.w.org\/{rel}","templated":true}]}}