{"id":119954,"date":"2020-08-05T08:47:47","date_gmt":"2020-08-05T12:47:47","guid":{"rendered":"https:\/\/digital58.com.ve\/site\/?p=119954"},"modified":"2020-08-05T09:25:08","modified_gmt":"2020-08-05T13:25:08","slug":"guaido-llamo-a-movilizar-a-la-militancia-opositora-en-rechazo-a-los-proximos-comicios-parlamentarios-del-6-de-diciembre","status":"publish","type":"post","link":"https:\/\/digital58.com.ve\/site\/2020\/08\/05\/guaido-llamo-a-movilizar-a-la-militancia-opositora-en-rechazo-a-los-proximos-comicios-parlamentarios-del-6-de-diciembre\/","title":{"rendered":"Guaid\u00f3 llam\u00f3 a \u00abMovilizar a la militancia opositora en rechazo a los pr\u00f3ximos comicios parlamentarios del 6 de diciembre\u00bb"},"content":{"rendered":"<p><img loading=\"lazy\" decoding=\"async\" class=\"size-full wp-image-119955 aligncenter\" src=\"https:\/\/digital58.com.ve\/site\/wp-content\/uploads\/2020\/08\/unnamed-5.jpg\" alt=\"\" width=\"512\" height=\"320\" srcset=\"https:\/\/digital58.com.ve\/site\/wp-content\/uploads\/2020\/08\/unnamed-5.jpg 512w, https:\/\/digital58.com.ve\/site\/wp-content\/uploads\/2020\/08\/unnamed-5-300x188.jpg 300w\" sizes=\"auto, (max-width: 512px) 100vw, 512px\" \/><\/p>\n<p>Guaid\u00f3 tambi\u00e9n dijo que los opositores han asumido la tarea de generar \u00abuna transici\u00f3n\u00bb pol\u00edtica, y que estas \u00abno se decretan\u00bb, sino que \u00abse construyen\u00bb.<\/p>\n<p><b>Caracas,<\/b><strong>\u00a0DC, Venezuela 05 de julio de 2020 (ND58).-<\/strong>El presidente de la Asamblea Nacional, Juan Guaid\u00f3 extendi\u00f3 el llamado a \u00abmovilizar a la militancia opositora en rechazo a los pr\u00f3ximos comicios parlamentarios del 6 de diciembre, a los que el grueso del antichavismo ha dicho que no se presentar\u00e1 por considerarlos un fraude\u00bb.<\/p>\n<p>\u00abSabemos y somos conscientes de que no es suficiente sencillamente rechazarla\u00bb, dijo Guaid\u00f3, en una sesi\u00f3n virtual de la Asamblea Nacional en la que la oposici\u00f3n reiter\u00f3 su negativa a participar en esas elecciones.<\/p>\n<p>\u00abHay que movilizar y ejercer la mayor\u00eda en un contexto complejo, una pandemia\u00bb, a\u00f1adi\u00f3 Guaid\u00f3.<\/p>\n<p>Los 27 partidos m\u00e1s importantes de la oposici\u00f3n afirmaron el pasado domingo que no se presentar\u00e1n a las elecciones para renovar el Poder Legislativo, por considerar que no hay elecciones para unos comicios justos y competitivos.<\/p>\n<p>El lunes, la oposici\u00f3n reiter\u00f3 que las elecciones de diciembre son \u00abun fraude\u00bb, mientras que en la sesi\u00f3n parlamentaria de este martes aprobaron un acuerdo para dejar por escrito su rechazo \u00abal fraude electoral que se pretende materializar\u00bb el pr\u00f3ximo 6 de diciembre.<\/p>\n<p>\u00abValidar, convalidar una farsa, una trampa, un fraude, simplemente abona a una dictadura que mantiene m\u00e1s de 400 presos pol\u00edticos, a 5.000.000 de refugiados y a 7.000.000 de personas en emergencia humanitaria compleja\u00bb, dijo Guaid\u00f3 para respaldar la posici\u00f3n de los partidos opositores.<\/p>\n<p>En ese sentido, se\u00f1al\u00f3 que el bloque opositor tiene \u00abpasos importantes que dar en los pr\u00f3ximos d\u00edas\u201d para \u201cejercer la mayor\u00eda en sus diferentes formatos y esquemas\u00bb, aunque no ofreci\u00f3 detalles.<\/p>\n<p>Sin embargo, matiz\u00f3 que se debe entender la emergencia por el coronavirus y la \u00abvulnerabilidad y fragilidad del sistema de salud venezolano\u00bb.<\/p>\n<p>\u00abNo podemos sumar a propagar un virus\u00bb, dijo, asumiendo que no se convocar\u00e1n manifestaciones de calle debido a la cuarentena. \u00abPor el contrario, tenemos que ganar ambas batallas: la batalla por la vida y entender el contexto de la pandemia y la batalla por la libertad\u00bb, agreg\u00f3.<\/p>\n<p>Guaid\u00f3 tambi\u00e9n dijo que los opositores han asumido la tarea de generar \u00abuna transici\u00f3n\u00bb pol\u00edtica, y que estas \u00abno se decretan\u00bb, sino que \u00abse construyen\u00bb.<\/p>\n<p>\u00abTodos tenemos un rol, los venezolanos tenemos un rol\u00bb, insisti\u00f3.<\/p><div class=\"adfti69f0ce2862920\" ><p style=\"text-align: center;\"><a href=\"https:\/\/t.me\/noticiasdigital58\" target=\"_blank\" rel=\"noopener\"><img class=\"aligncenter size-full wp-image-125363\" src=\"https:\/\/digital58.com.ve\/site\/wp-content\/uploads\/2021\/04\/banner-telegram-web-2021.png\" alt=\"\" width=\"600\" height=\"90\" \/><\/a><\/p><\/div><style type=\"text\/css\">\r\n@media screen and (min-width: 1201px) {\r\n.adfti69f0ce2862920 {\r\ndisplay: block;\r\n}\r\n}\r\n@media screen and (min-width: 993px) and (max-width: 1200px) {\r\n.adfti69f0ce2862920 {\r\ndisplay: block;\r\n}\r\n}\r\n@media screen and (min-width: 769px) and (max-width: 992px) {\r\n.adfti69f0ce2862920 {\r\ndisplay: block;\r\n}\r\n}\r\n@media screen and (min-width: 768px) and (max-width: 768px) {\r\n.adfti69f0ce2862920 {\r\ndisplay: block;\r\n}\r\n}\r\n@media screen and (max-width: 767px) {\r\n.adfti69f0ce2862920 {\r\ndisplay: block;\r\n}\r\n}\r\n<\/style>\r\n\n<p><b><strong>Re<\/strong><strong>dacci\u00f3n: Molero, Luis\u00a0 (@Moleromarquez) | Fuente: Agencia<br \/>\nEdici\u00f3n: Villasmil, Henry<br \/>\nGr\u00e1ficas: Cortes\u00eda<\/strong><\/b><\/p>\n<div style=\"margin-top: 0px; margin-bottom: 0px;\" class=\"sharethis-inline-share-buttons\" ><\/div>","protected":false},"excerpt":{"rendered":"<p>Guaid\u00f3 tambi\u00e9n dijo que los opositores han asumido la tarea de generar \u00abuna transici\u00f3n\u00bb pol\u00edtica, y que estas \u00abno se<\/p>\n","protected":false},"author":26,"featured_media":119955,"comment_status":"open","ping_status":"closed","sticky":false,"template":"","format":"standard","meta":{"colormag_page_container_layout":"default_layout","colormag_page_sidebar_layout":"default_layout","_uag_custom_page_level_css":"","footnotes":""},"categories":[8610],"tags":[16753,4384,16503,11949,19577,233],"class_list":["post-119954","post","type-post","status-publish","format-standard","has-post-thumbnail","hentry","category-politica","tag-6d","tag-asamblea-nacional","tag-elecciones-parlamentarias-2020","tag-juan-guaido","tag-movilizacion","tag-nacionales"],"yoast_head":"<!-- This site is optimized with the Yoast SEO plugin v27.5 - https:\/\/yoast.com\/product\/yoast-seo-wordpress\/ -->\n<title>Guaid\u00f3 llam\u00f3 a \u00abMovilizar a la militancia opositora en rechazo a los pr\u00f3ximos comicios parlamentarios del 6 de diciembre\u00bb<\/title>\n<meta name=\"description\" content=\"Pol\u00edtica\" \/>\n<meta name=\"robots\" content=\"index, follow, max-snippet:-1, max-image-preview:large, max-video-preview:-1\" \/>\n<link rel=\"canonical\" href=\"https:\/\/digital58.com.ve\/site\/2020\/08\/05\/guaido-llamo-a-movilizar-a-la-militancia-opositora-en-rechazo-a-los-proximos-comicios-parlamentarios-del-6-de-diciembre\/\" \/>\n<meta property=\"og:locale\" content=\"es_ES\" \/>\n<meta property=\"og:type\" content=\"article\" \/>\n<meta property=\"og:title\" content=\"Guaid\u00f3 llam\u00f3 a \u00abMovilizar a la militancia opositora en rechazo a los pr\u00f3ximos comicios parlamentarios del 6 de diciembre\u00bb\" \/>\n<meta property=\"og:description\" content=\"Pol\u00edtica\" \/>\n<meta property=\"og:url\" content=\"https:\/\/digital58.com.ve\/site\/2020\/08\/05\/guaido-llamo-a-movilizar-a-la-militancia-opositora-en-rechazo-a-los-proximos-comicios-parlamentarios-del-6-de-diciembre\/\" \/>\n<meta property=\"og:site_name\" content=\"Noticias Digital58\" \/>\n<meta property=\"article:published_time\" content=\"2020-08-05T12:47:47+00:00\" \/>\n<meta property=\"article:modified_time\" content=\"2020-08-05T13:25:08+00:00\" \/>\n<meta property=\"og:image\" content=\"https:\/\/digital58.com.ve\/site\/wp-content\/uploads\/2020\/08\/unnamed-5.jpg\" \/>\n\t<meta property=\"og:image:width\" content=\"512\" \/>\n\t<meta property=\"og:image:height\" content=\"320\" \/>\n\t<meta property=\"og:image:type\" content=\"image\/jpeg\" \/>\n<meta name=\"author\" content=\"Molero Luis\" \/>\n<meta name=\"twitter:card\" content=\"summary_large_image\" \/>\n<meta name=\"twitter:creator\" content=\"@Digital_58\" \/>\n<meta name=\"twitter:site\" content=\"@villasmilhfoto\" \/>\n<meta name=\"twitter:label1\" content=\"Escrito por\" \/>\n\t<meta name=\"twitter:data1\" content=\"Molero Luis\" \/>\n\t<meta name=\"twitter:label2\" content=\"Tiempo estimado de lectura\" \/>\n\t<meta name=\"twitter:data2\" content=\"2 minutos\" \/>\n<script type=\"application\/ld+json\" class=\"yoast-schema-graph\">{\"@context\":\"https:\\\/\\\/schema.org\",\"@graph\":[{\"@type\":\"Article\",\"@id\":\"https:\\\/\\\/digital58.com.ve\\\/site\\\/2020\\\/08\\\/05\\\/guaido-llamo-a-movilizar-a-la-militancia-opositora-en-rechazo-a-los-proximos-comicios-parlamentarios-del-6-de-diciembre\\\/#article\",\"isPartOf\":{\"@id\":\"https:\\\/\\\/digital58.com.ve\\\/site\\\/2020\\\/08\\\/05\\\/guaido-llamo-a-movilizar-a-la-militancia-opositora-en-rechazo-a-los-proximos-comicios-parlamentarios-del-6-de-diciembre\\\/\"},\"author\":{\"name\":\"Molero Luis\",\"@id\":\"https:\\\/\\\/digital58.com.ve\\\/site\\\/#\\\/schema\\\/person\\\/c61667ce6845137620ee3f0aaabade17\"},\"headline\":\"Guaid\u00f3 llam\u00f3 a \u00abMovilizar a la militancia opositora en rechazo a los pr\u00f3ximos comicios parlamentarios del 6 de diciembre\u00bb\",\"datePublished\":\"2020-08-05T12:47:47+00:00\",\"dateModified\":\"2020-08-05T13:25:08+00:00\",\"mainEntityOfPage\":{\"@id\":\"https:\\\/\\\/digital58.com.ve\\\/site\\\/2020\\\/08\\\/05\\\/guaido-llamo-a-movilizar-a-la-militancia-opositora-en-rechazo-a-los-proximos-comicios-parlamentarios-del-6-de-diciembre\\\/\"},\"wordCount\":437,\"commentCount\":0,\"publisher\":{\"@id\":\"https:\\\/\\\/digital58.com.ve\\\/site\\\/#\\\/schema\\\/person\\\/64d1c2e4d0d4fd1b849980c4331c2951\"},\"image\":{\"@id\":\"https:\\\/\\\/digital58.com.ve\\\/site\\\/2020\\\/08\\\/05\\\/guaido-llamo-a-movilizar-a-la-militancia-opositora-en-rechazo-a-los-proximos-comicios-parlamentarios-del-6-de-diciembre\\\/#primaryimage\"},\"thumbnailUrl\":\"https:\\\/\\\/digital58.com.ve\\\/site\\\/wp-content\\\/uploads\\\/2020\\\/08\\\/unnamed-5.jpg\",\"keywords\":[\"6D\",\"Asamblea Nacional\",\"Elecciones Parlamentarias 2020\",\"Juan Guaid\u00f3\",\"Movilizaci\u00f2n\",\"Nacionales\"],\"articleSection\":[\"Pol\u00edtica\"],\"inLanguage\":\"es\",\"potentialAction\":[{\"@type\":\"CommentAction\",\"name\":\"Comment\",\"target\":[\"https:\\\/\\\/digital58.com.ve\\\/site\\\/2020\\\/08\\\/05\\\/guaido-llamo-a-movilizar-a-la-militancia-opositora-en-rechazo-a-los-proximos-comicios-parlamentarios-del-6-de-diciembre\\\/#respond\"]}]},{\"@type\":\"WebPage\",\"@id\":\"https:\\\/\\\/digital58.com.ve\\\/site\\\/2020\\\/08\\\/05\\\/guaido-llamo-a-movilizar-a-la-militancia-opositora-en-rechazo-a-los-proximos-comicios-parlamentarios-del-6-de-diciembre\\\/\",\"url\":\"https:\\\/\\\/digital58.com.ve\\\/site\\\/2020\\\/08\\\/05\\\/guaido-llamo-a-movilizar-a-la-militancia-opositora-en-rechazo-a-los-proximos-comicios-parlamentarios-del-6-de-diciembre\\\/\",\"name\":\"Guaid\u00f3 llam\u00f3 a \u00abMovilizar a la militancia opositora en rechazo a los pr\u00f3ximos comicios parlamentarios del 6 de diciembre\u00bb\",\"isPartOf\":{\"@id\":\"https:\\\/\\\/digital58.com.ve\\\/site\\\/#website\"},\"primaryImageOfPage\":{\"@id\":\"https:\\\/\\\/digital58.com.ve\\\/site\\\/2020\\\/08\\\/05\\\/guaido-llamo-a-movilizar-a-la-militancia-opositora-en-rechazo-a-los-proximos-comicios-parlamentarios-del-6-de-diciembre\\\/#primaryimage\"},\"image\":{\"@id\":\"https:\\\/\\\/digital58.com.ve\\\/site\\\/2020\\\/08\\\/05\\\/guaido-llamo-a-movilizar-a-la-militancia-opositora-en-rechazo-a-los-proximos-comicios-parlamentarios-del-6-de-diciembre\\\/#primaryimage\"},\"thumbnailUrl\":\"https:\\\/\\\/digital58.com.ve\\\/site\\\/wp-content\\\/uploads\\\/2020\\\/08\\\/unnamed-5.jpg\",\"datePublished\":\"2020-08-05T12:47:47+00:00\",\"dateModified\":\"2020-08-05T13:25:08+00:00\",\"description\":\"Pol\u00edtica\",\"breadcrumb\":{\"@id\":\"https:\\\/\\\/digital58.com.ve\\\/site\\\/2020\\\/08\\\/05\\\/guaido-llamo-a-movilizar-a-la-militancia-opositora-en-rechazo-a-los-proximos-comicios-parlamentarios-del-6-de-diciembre\\\/#breadcrumb\"},\"inLanguage\":\"es\",\"potentialAction\":[{\"@type\":\"ReadAction\",\"target\":[\"https:\\\/\\\/digital58.com.ve\\\/site\\\/2020\\\/08\\\/05\\\/guaido-llamo-a-movilizar-a-la-militancia-opositora-en-rechazo-a-los-proximos-comicios-parlamentarios-del-6-de-diciembre\\\/\"]}]},{\"@type\":\"ImageObject\",\"inLanguage\":\"es\",\"@id\":\"https:\\\/\\\/digital58.com.ve\\\/site\\\/2020\\\/08\\\/05\\\/guaido-llamo-a-movilizar-a-la-militancia-opositora-en-rechazo-a-los-proximos-comicios-parlamentarios-del-6-de-diciembre\\\/#primaryimage\",\"url\":\"https:\\\/\\\/digital58.com.ve\\\/site\\\/wp-content\\\/uploads\\\/2020\\\/08\\\/unnamed-5.jpg\",\"contentUrl\":\"https:\\\/\\\/digital58.com.ve\\\/site\\\/wp-content\\\/uploads\\\/2020\\\/08\\\/unnamed-5.jpg\",\"width\":512,\"height\":320},{\"@type\":\"BreadcrumbList\",\"@id\":\"https:\\\/\\\/digital58.com.ve\\\/site\\\/2020\\\/08\\\/05\\\/guaido-llamo-a-movilizar-a-la-militancia-opositora-en-rechazo-a-los-proximos-comicios-parlamentarios-del-6-de-diciembre\\\/#breadcrumb\",\"itemListElement\":[{\"@type\":\"ListItem\",\"position\":1,\"name\":\"Home\",\"item\":\"https:\\\/\\\/digital58.com.ve\\\/site\\\/\"},{\"@type\":\"ListItem\",\"position\":2,\"name\":\"Guaid\u00f3 llam\u00f3 a \u00abMovilizar a la militancia opositora en rechazo a los pr\u00f3ximos comicios parlamentarios del 6 de diciembre\u00bb\"}]},{\"@type\":\"WebSite\",\"@id\":\"https:\\\/\\\/digital58.com.ve\\\/site\\\/#website\",\"url\":\"https:\\\/\\\/digital58.com.ve\\\/site\\\/\",\"name\":\"Noticias Digital58\",\"description\":\"Portal de Noticias \u00a1Periodismo web de verdad! Lanzamiento web 22.11.2005 \\\/ Maracaibo, Venezuela\",\"publisher\":{\"@id\":\"https:\\\/\\\/digital58.com.ve\\\/site\\\/#\\\/schema\\\/person\\\/64d1c2e4d0d4fd1b849980c4331c2951\"},\"alternateName\":\"ND58\",\"potentialAction\":[{\"@type\":\"SearchAction\",\"target\":{\"@type\":\"EntryPoint\",\"urlTemplate\":\"https:\\\/\\\/digital58.com.ve\\\/site\\\/?s={search_term_string}\"},\"query-input\":{\"@type\":\"PropertyValueSpecification\",\"valueRequired\":true,\"valueName\":\"search_term_string\"}}],\"inLanguage\":\"es\"},{\"@type\":[\"Person\",\"Organization\"],\"@id\":\"https:\\\/\\\/digital58.com.ve\\\/site\\\/#\\\/schema\\\/person\\\/64d1c2e4d0d4fd1b849980c4331c2951\",\"name\":\"Villasmil Henry\",\"image\":{\"@type\":\"ImageObject\",\"inLanguage\":\"es\",\"@id\":\"https:\\\/\\\/secure.gravatar.com\\\/avatar\\\/bb0c4a2fcb7970138239f7e404ea75757b1b507b28b5ce4c53fbd62d797c5a7c?s=96&d=mm&r=g\",\"url\":\"https:\\\/\\\/secure.gravatar.com\\\/avatar\\\/bb0c4a2fcb7970138239f7e404ea75757b1b507b28b5ce4c53fbd62d797c5a7c?s=96&d=mm&r=g\",\"contentUrl\":\"https:\\\/\\\/secure.gravatar.com\\\/avatar\\\/bb0c4a2fcb7970138239f7e404ea75757b1b507b28b5ce4c53fbd62d797c5a7c?s=96&d=mm&r=g\",\"caption\":\"Villasmil Henry\"},\"logo\":{\"@id\":\"https:\\\/\\\/secure.gravatar.com\\\/avatar\\\/bb0c4a2fcb7970138239f7e404ea75757b1b507b28b5ce4c53fbd62d797c5a7c?s=96&d=mm&r=g\"},\"sameAs\":[\"http:\\\/\\\/www.henryvillasmil.com.ve\",\"https:\\\/\\\/www.instagram.com\\\/villasmilhfoto\\\/\",\"https:\\\/\\\/x.com\\\/https:\\\/\\\/twitter.com\\\/villasmilhfoto\"]},{\"@type\":\"Person\",\"@id\":\"https:\\\/\\\/digital58.com.ve\\\/site\\\/#\\\/schema\\\/person\\\/c61667ce6845137620ee3f0aaabade17\",\"name\":\"Molero Luis\",\"image\":{\"@type\":\"ImageObject\",\"inLanguage\":\"es\",\"@id\":\"https:\\\/\\\/secure.gravatar.com\\\/avatar\\\/bf041ec637e3e7405449807deb2f7cf3d2de7c6fa755dd56e985201de9863f2b?s=96&d=mm&r=g\",\"url\":\"https:\\\/\\\/secure.gravatar.com\\\/avatar\\\/bf041ec637e3e7405449807deb2f7cf3d2de7c6fa755dd56e985201de9863f2b?s=96&d=mm&r=g\",\"contentUrl\":\"https:\\\/\\\/secure.gravatar.com\\\/avatar\\\/bf041ec637e3e7405449807deb2f7cf3d2de7c6fa755dd56e985201de9863f2b?s=96&d=mm&r=g\",\"caption\":\"Molero Luis\"},\"url\":\"https:\\\/\\\/digital58.com.ve\\\/site\\\/author\\\/luismolero\\\/\"}]}<\/script>\n<!-- \/ Yoast SEO plugin. -->","yoast_head_json":{"title":"Guaid\u00f3 llam\u00f3 a \u00abMovilizar a la militancia opositora en rechazo a los pr\u00f3ximos comicios parlamentarios del 6 de diciembre\u00bb","description":"Pol\u00edtica","robots":{"index":"index","follow":"follow","max-snippet":"max-snippet:-1","max-image-preview":"max-image-preview:large","max-video-preview":"max-video-preview:-1"},"canonical":"https:\/\/digital58.com.ve\/site\/2020\/08\/05\/guaido-llamo-a-movilizar-a-la-militancia-opositora-en-rechazo-a-los-proximos-comicios-parlamentarios-del-6-de-diciembre\/","og_locale":"es_ES","og_type":"article","og_title":"Guaid\u00f3 llam\u00f3 a \u00abMovilizar a la militancia opositora en rechazo a los pr\u00f3ximos comicios parlamentarios del 6 de diciembre\u00bb","og_description":"Pol\u00edtica","og_url":"https:\/\/digital58.com.ve\/site\/2020\/08\/05\/guaido-llamo-a-movilizar-a-la-militancia-opositora-en-rechazo-a-los-proximos-comicios-parlamentarios-del-6-de-diciembre\/","og_site_name":"Noticias Digital58","article_published_time":"2020-08-05T12:47:47+00:00","article_modified_time":"2020-08-05T13:25:08+00:00","og_image":[{"width":512,"height":320,"url":"https:\/\/digital58.com.ve\/site\/wp-content\/uploads\/2020\/08\/unnamed-5.jpg","type":"image\/jpeg"}],"author":"Molero Luis","twitter_card":"summary_large_image","twitter_creator":"@Digital_58","twitter_site":"@villasmilhfoto","twitter_misc":{"Escrito por":"Molero Luis","Tiempo estimado de lectura":"2 minutos"},"schema":{"@context":"https:\/\/schema.org","@graph":[{"@type":"Article","@id":"https:\/\/digital58.com.ve\/site\/2020\/08\/05\/guaido-llamo-a-movilizar-a-la-militancia-opositora-en-rechazo-a-los-proximos-comicios-parlamentarios-del-6-de-diciembre\/#article","isPartOf":{"@id":"https:\/\/digital58.com.ve\/site\/2020\/08\/05\/guaido-llamo-a-movilizar-a-la-militancia-opositora-en-rechazo-a-los-proximos-comicios-parlamentarios-del-6-de-diciembre\/"},"author":{"name":"Molero Luis","@id":"https:\/\/digital58.com.ve\/site\/#\/schema\/person\/c61667ce6845137620ee3f0aaabade17"},"headline":"Guaid\u00f3 llam\u00f3 a \u00abMovilizar a la militancia opositora en rechazo a los pr\u00f3ximos comicios parlamentarios del 6 de diciembre\u00bb","datePublished":"2020-08-05T12:47:47+00:00","dateModified":"2020-08-05T13:25:08+00:00","mainEntityOfPage":{"@id":"https:\/\/digital58.com.ve\/site\/2020\/08\/05\/guaido-llamo-a-movilizar-a-la-militancia-opositora-en-rechazo-a-los-proximos-comicios-parlamentarios-del-6-de-diciembre\/"},"wordCount":437,"commentCount":0,"publisher":{"@id":"https:\/\/digital58.com.ve\/site\/#\/schema\/person\/64d1c2e4d0d4fd1b849980c4331c2951"},"image":{"@id":"https:\/\/digital58.com.ve\/site\/2020\/08\/05\/guaido-llamo-a-movilizar-a-la-militancia-opositora-en-rechazo-a-los-proximos-comicios-parlamentarios-del-6-de-diciembre\/#primaryimage"},"thumbnailUrl":"https:\/\/digital58.com.ve\/site\/wp-content\/uploads\/2020\/08\/unnamed-5.jpg","keywords":["6D","Asamblea Nacional","Elecciones Parlamentarias 2020","Juan Guaid\u00f3","Movilizaci\u00f2n","Nacionales"],"articleSection":["Pol\u00edtica"],"inLanguage":"es","potentialAction":[{"@type":"CommentAction","name":"Comment","target":["https:\/\/digital58.com.ve\/site\/2020\/08\/05\/guaido-llamo-a-movilizar-a-la-militancia-opositora-en-rechazo-a-los-proximos-comicios-parlamentarios-del-6-de-diciembre\/#respond"]}]},{"@type":"WebPage","@id":"https:\/\/digital58.com.ve\/site\/2020\/08\/05\/guaido-llamo-a-movilizar-a-la-militancia-opositora-en-rechazo-a-los-proximos-comicios-parlamentarios-del-6-de-diciembre\/","url":"https:\/\/digital58.com.ve\/site\/2020\/08\/05\/guaido-llamo-a-movilizar-a-la-militancia-opositora-en-rechazo-a-los-proximos-comicios-parlamentarios-del-6-de-diciembre\/","name":"Guaid\u00f3 llam\u00f3 a \u00abMovilizar a la militancia opositora en rechazo a los pr\u00f3ximos comicios parlamentarios del 6 de diciembre\u00bb","isPartOf":{"@id":"https:\/\/digital58.com.ve\/site\/#website"},"primaryImageOfPage":{"@id":"https:\/\/digital58.com.ve\/site\/2020\/08\/05\/guaido-llamo-a-movilizar-a-la-militancia-opositora-en-rechazo-a-los-proximos-comicios-parlamentarios-del-6-de-diciembre\/#primaryimage"},"image":{"@id":"https:\/\/digital58.com.ve\/site\/2020\/08\/05\/guaido-llamo-a-movilizar-a-la-militancia-opositora-en-rechazo-a-los-proximos-comicios-parlamentarios-del-6-de-diciembre\/#primaryimage"},"thumbnailUrl":"https:\/\/digital58.com.ve\/site\/wp-content\/uploads\/2020\/08\/unnamed-5.jpg","datePublished":"2020-08-05T12:47:47+00:00","dateModified":"2020-08-05T13:25:08+00:00","description":"Pol\u00edtica","breadcrumb":{"@id":"https:\/\/digital58.com.ve\/site\/2020\/08\/05\/guaido-llamo-a-movilizar-a-la-militancia-opositora-en-rechazo-a-los-proximos-comicios-parlamentarios-del-6-de-diciembre\/#breadcrumb"},"inLanguage":"es","potentialAction":[{"@type":"ReadAction","target":["https:\/\/digital58.com.ve\/site\/2020\/08\/05\/guaido-llamo-a-movilizar-a-la-militancia-opositora-en-rechazo-a-los-proximos-comicios-parlamentarios-del-6-de-diciembre\/"]}]},{"@type":"ImageObject","inLanguage":"es","@id":"https:\/\/digital58.com.ve\/site\/2020\/08\/05\/guaido-llamo-a-movilizar-a-la-militancia-opositora-en-rechazo-a-los-proximos-comicios-parlamentarios-del-6-de-diciembre\/#primaryimage","url":"https:\/\/digital58.com.ve\/site\/wp-content\/uploads\/2020\/08\/unnamed-5.jpg","contentUrl":"https:\/\/digital58.com.ve\/site\/wp-content\/uploads\/2020\/08\/unnamed-5.jpg","width":512,"height":320},{"@type":"BreadcrumbList","@id":"https:\/\/digital58.com.ve\/site\/2020\/08\/05\/guaido-llamo-a-movilizar-a-la-militancia-opositora-en-rechazo-a-los-proximos-comicios-parlamentarios-del-6-de-diciembre\/#breadcrumb","itemListElement":[{"@type":"ListItem","position":1,"name":"Home","item":"https:\/\/digital58.com.ve\/site\/"},{"@type":"ListItem","position":2,"name":"Guaid\u00f3 llam\u00f3 a \u00abMovilizar a la militancia opositora en rechazo a los pr\u00f3ximos comicios parlamentarios del 6 de diciembre\u00bb"}]},{"@type":"WebSite","@id":"https:\/\/digital58.com.ve\/site\/#website","url":"https:\/\/digital58.com.ve\/site\/","name":"Noticias Digital58","description":"Portal de Noticias \u00a1Periodismo web de verdad! Lanzamiento web 22.11.2005 \/ Maracaibo, Venezuela","publisher":{"@id":"https:\/\/digital58.com.ve\/site\/#\/schema\/person\/64d1c2e4d0d4fd1b849980c4331c2951"},"alternateName":"ND58","potentialAction":[{"@type":"SearchAction","target":{"@type":"EntryPoint","urlTemplate":"https:\/\/digital58.com.ve\/site\/?s={search_term_string}"},"query-input":{"@type":"PropertyValueSpecification","valueRequired":true,"valueName":"search_term_string"}}],"inLanguage":"es"},{"@type":["Person","Organization"],"@id":"https:\/\/digital58.com.ve\/site\/#\/schema\/person\/64d1c2e4d0d4fd1b849980c4331c2951","name":"Villasmil Henry","image":{"@type":"ImageObject","inLanguage":"es","@id":"https:\/\/secure.gravatar.com\/avatar\/bb0c4a2fcb7970138239f7e404ea75757b1b507b28b5ce4c53fbd62d797c5a7c?s=96&d=mm&r=g","url":"https:\/\/secure.gravatar.com\/avatar\/bb0c4a2fcb7970138239f7e404ea75757b1b507b28b5ce4c53fbd62d797c5a7c?s=96&d=mm&r=g","contentUrl":"https:\/\/secure.gravatar.com\/avatar\/bb0c4a2fcb7970138239f7e404ea75757b1b507b28b5ce4c53fbd62d797c5a7c?s=96&d=mm&r=g","caption":"Villasmil Henry"},"logo":{"@id":"https:\/\/secure.gravatar.com\/avatar\/bb0c4a2fcb7970138239f7e404ea75757b1b507b28b5ce4c53fbd62d797c5a7c?s=96&d=mm&r=g"},"sameAs":["http:\/\/www.henryvillasmil.com.ve","https:\/\/www.instagram.com\/villasmilhfoto\/","https:\/\/x.com\/https:\/\/twitter.com\/villasmilhfoto"]},{"@type":"Person","@id":"https:\/\/digital58.com.ve\/site\/#\/schema\/person\/c61667ce6845137620ee3f0aaabade17","name":"Molero Luis","image":{"@type":"ImageObject","inLanguage":"es","@id":"https:\/\/secure.gravatar.com\/avatar\/bf041ec637e3e7405449807deb2f7cf3d2de7c6fa755dd56e985201de9863f2b?s=96&d=mm&r=g","url":"https:\/\/secure.gravatar.com\/avatar\/bf041ec637e3e7405449807deb2f7cf3d2de7c6fa755dd56e985201de9863f2b?s=96&d=mm&r=g","contentUrl":"https:\/\/secure.gravatar.com\/avatar\/bf041ec637e3e7405449807deb2f7cf3d2de7c6fa755dd56e985201de9863f2b?s=96&d=mm&r=g","caption":"Molero Luis"},"url":"https:\/\/digital58.com.ve\/site\/author\/luismolero\/"}]}},"uagb_featured_image_src":{"full":["https:\/\/digital58.com.ve\/site\/wp-content\/uploads\/2020\/08\/unnamed-5.jpg",512,320,false],"thumbnail":["https:\/\/digital58.com.ve\/site\/wp-content\/uploads\/2020\/08\/unnamed-5-150x150.jpg",150,150,true],"medium":["https:\/\/digital58.com.ve\/site\/wp-content\/uploads\/2020\/08\/unnamed-5-300x188.jpg",300,188,true],"medium_large":["https:\/\/digital58.com.ve\/site\/wp-content\/uploads\/2020\/08\/unnamed-5.jpg",512,320,false],"large":["https:\/\/digital58.com.ve\/site\/wp-content\/uploads\/2020\/08\/unnamed-5.jpg",512,320,false],"1536x1536":["https:\/\/digital58.com.ve\/site\/wp-content\/uploads\/2020\/08\/unnamed-5.jpg",512,320,false],"2048x2048":["https:\/\/digital58.com.ve\/site\/wp-content\/uploads\/2020\/08\/unnamed-5.jpg",512,320,false],"colormag-highlighted-post":["https:\/\/digital58.com.ve\/site\/wp-content\/uploads\/2020\/08\/unnamed-5.jpg",392,245,false],"colormag-featured-post-medium":["https:\/\/digital58.com.ve\/site\/wp-content\/uploads\/2020\/08\/unnamed-5.jpg",328,205,false],"colormag-featured-post-small":["https:\/\/digital58.com.ve\/site\/wp-content\/uploads\/2020\/08\/unnamed-5.jpg",130,81,false],"colormag-featured-image":["https:\/\/digital58.com.ve\/site\/wp-content\/uploads\/2020\/08\/unnamed-5.jpg",512,320,false],"colormag-default-news":["https:\/\/digital58.com.ve\/site\/wp-content\/uploads\/2020\/08\/unnamed-5.jpg",150,94,false],"colormag-featured-image-large":["https:\/\/digital58.com.ve\/site\/wp-content\/uploads\/2020\/08\/unnamed-5.jpg",512,320,false]},"uagb_author_info":{"display_name":"Molero Luis","author_link":"https:\/\/digital58.com.ve\/site\/author\/luismolero\/"},"uagb_comment_info":0,"uagb_excerpt":"Guaid\u00f3 tambi\u00e9n dijo que los opositores han asumido la tarea de generar \u00abuna transici\u00f3n\u00bb pol\u00edtica, y que estas \u00abno se","_links":{"self":[{"href":"https:\/\/digital58.com.ve\/site\/wp-json\/wp\/v2\/posts\/119954","targetHints":{"allow":["GET"]}}],"collection":[{"href":"https:\/\/digital58.com.ve\/site\/wp-json\/wp\/v2\/posts"}],"about":[{"href":"https:\/\/digital58.com.ve\/site\/wp-json\/wp\/v2\/types\/post"}],"author":[{"embeddable":true,"href":"https:\/\/digital58.com.ve\/site\/wp-json\/wp\/v2\/users\/26"}],"replies":[{"embeddable":true,"href":"https:\/\/digital58.com.ve\/site\/wp-json\/wp\/v2\/comments?post=119954"}],"version-history":[{"count":0,"href":"https:\/\/digital58.com.ve\/site\/wp-json\/wp\/v2\/posts\/119954\/revisions"}],"wp:featuredmedia":[{"embeddable":true,"href":"https:\/\/digital58.com.ve\/site\/wp-json\/wp\/v2\/media\/119955"}],"wp:attachment":[{"href":"https:\/\/digital58.com.ve\/site\/wp-json\/wp\/v2\/media?parent=119954"}],"wp:term":[{"taxonomy":"category","embeddable":true,"href":"https:\/\/digital58.com.ve\/site\/wp-json\/wp\/v2\/categories?post=119954"},{"taxonomy":"post_tag","embeddable":true,"href":"https:\/\/digital58.com.ve\/site\/wp-json\/wp\/v2\/tags?post=119954"}],"curies":[{"name":"wp","href":"https:\/\/api.w.org\/{rel}","templated":true}]}}