{"id":120088,"date":"2020-08-05T22:05:49","date_gmt":"2020-08-06T02:05:49","guid":{"rendered":"https:\/\/digital58.com.ve\/site\/?p=120088"},"modified":"2020-08-05T22:05:49","modified_gmt":"2020-08-06T02:05:49","slug":"mike-bahia-anuncia-su-primer-concierto-digital-para-el-mes-de-septiembre","status":"publish","type":"post","link":"https:\/\/digital58.com.ve\/site\/2020\/08\/05\/mike-bahia-anuncia-su-primer-concierto-digital-para-el-mes-de-septiembre\/","title":{"rendered":"Mike Bah\u00eda anuncia su primer concierto digital para el mes de septiembre"},"content":{"rendered":"\r\n<p><img loading=\"lazy\" decoding=\"async\" class=\"alignnone  wp-image-120099\" src=\"https:\/\/digital58.com.ve\/site\/wp-content\/uploads\/2020\/08\/5f2af7054676a_image_name.jpg\" alt=\"\" width=\"794\" height=\"399\" srcset=\"https:\/\/digital58.com.ve\/site\/wp-content\/uploads\/2020\/08\/5f2af7054676a_image_name.jpg 700w, https:\/\/digital58.com.ve\/site\/wp-content\/uploads\/2020\/08\/5f2af7054676a_image_name-300x151.jpg 300w\" sizes=\"auto, (max-width: 794px) 100vw, 794px\" \/><\/p><div class=\"mlsai69f4d2ee27a0b\" ><p style=\"text-align: center;\"><a href=\"https:\/\/t.me\/noticiasdigital58\" target=\"_blank\" rel=\"noopener\"><img class=\"aligncenter size-full wp-image-125363\" src=\"https:\/\/digital58.com.ve\/site\/wp-content\/uploads\/2021\/04\/banner-telegram-web-2021.png\" alt=\"\" width=\"600\" height=\"90\" \/><\/a><\/p><\/div><style type=\"text\/css\">\r\n@media screen and (min-width: 1201px) {\r\n.mlsai69f4d2ee27a0b {\r\ndisplay: block;\r\n}\r\n}\r\n@media screen and (min-width: 993px) and (max-width: 1200px) {\r\n.mlsai69f4d2ee27a0b {\r\ndisplay: block;\r\n}\r\n}\r\n@media screen and (min-width: 769px) and (max-width: 992px) {\r\n.mlsai69f4d2ee27a0b {\r\ndisplay: block;\r\n}\r\n}\r\n@media screen and (min-width: 768px) and (max-width: 768px) {\r\n.mlsai69f4d2ee27a0b {\r\ndisplay: block;\r\n}\r\n}\r\n@media screen and (max-width: 767px) {\r\n.mlsai69f4d2ee27a0b {\r\ndisplay: block;\r\n}\r\n}\r\n<\/style>\r\n\r\n<p>En el margen de la pandemia provocada por la COVID-19, a los artistas les ha tocado improvisar y amoldarse a los protocolos de seguridad exigidos por las autoridades para evitar la propagaci\u00f3n del virus. <br \/><br \/><strong>Internacionales, 5 de agosto de 2020 (ND58).-<\/strong> El cantante y compositor colombiano Mike Bah\u00eda recientemente anunci\u00f3, su primer concierto de este 2020, para el 7 de septiembre como parte del Festival Claro M\u00fasica Fest, en donde participar\u00e1 con su pareja Greeicy y el tambi\u00e9n cantante de m\u00fasica urbana Reykon.<br \/><br \/>\u00abNosotros est\u00e1bamos listos para una gira cuando arranc\u00f3 todo esto y hay que adaptarse\u00bb, relat\u00f3 el artista recientemente en una entrevista.<br \/><br \/>Uno de sus m\u00e1s recientes sencillos \u00abCuenta conmigo\u00bb, con la colaboraci\u00f3n de su compatriota Llane, el puertorrique\u00f1o PJ Sin suela y el dominicano Mozart La Para.<br \/><br \/>\u00abEsta canci\u00f3n representa donde quiero estar en este momento. Para m\u00ed transmite esa sensaci\u00f3n de libertad que estamos a\u00f1orando todos, aunque nos encante estar pasando tiempo en familia\u00bb, relat\u00f3 Bah\u00eda de 33 a\u00f1os, cuyo nombre real es Michael Egred Mej\u00eda.<br \/><br \/>Cabe destacar que este nuevo concierto digital, llega dentro de las tres fechas del Claro M\u00fasica Fest, como la \u00abUrban pop party\u00bb, representa la primera experiencia de Mike Bah\u00eda, en la nueva ola de presentaciones mediante Internet, que comenzaron de forma gratuita y se han convertido en una de las pocas opciones de los int\u00e9rpretes en generar ingresos. <br \/><br \/>El cost\u00f3 para acceder a la transmisi\u00f3n es de 9,56 d\u00f3lares estadounidenses. <br \/><br \/>Por su parte Mike Bah\u00eda en este nuevo concierto digital, cantar\u00e1 por primera vez su nuevo sencillo titulado \u00abCuenta conmigo\u00bb, sin embargo actualmente no ha revelado si se sumar\u00e1n otras colaboraciones de otros artistas a su presentaci\u00f3n, lo que s\u00ed es un hecho que cantar\u00e1 con Greeicy.<br \/><br \/><strong>Redacci\u00f3n: Rubio, Laura Isabel (@lauraisabelrubio) | Fuente: EFE<\/strong><br \/><strong>Edici\u00f3n: Villasmil, Henry<\/strong><br \/><strong>Gr\u00e1ficas: Cortes\u00eda<\/strong><\/p>\r\n<div style=\"margin-top: 0px; margin-bottom: 0px;\" class=\"sharethis-inline-share-buttons\" ><\/div>","protected":false},"excerpt":{"rendered":"<p>En el margen de la pandemia provocada por la COVID-19, a los artistas les ha tocado improvisar y amoldarse a<\/p>\n","protected":false},"author":28,"featured_media":120099,"comment_status":"open","ping_status":"closed","sticky":false,"template":"","format":"standard","meta":{"colormag_page_container_layout":"default_layout","colormag_page_sidebar_layout":"default_layout","_uag_custom_page_level_css":"","footnotes":""},"categories":[5417,1],"tags":[78,98,14975,13352,13648,50,273,19622,8,17770,61,13723],"class_list":["post-120088","post","type-post","status-publish","format-standard","has-post-thumbnail","hentry","category-conciertos","category-fama","tag-cantantes","tag-colombia","tag-conciertos-streaming","tag-coronavirus","tag-covid-19","tag-entretenimiento","tag-farandula","tag-festival-claro-musica-fest","tag-internacionales","tag-mike-bahia","tag-musica","tag-pandemia"],"yoast_head":"<!-- This site is optimized with the Yoast SEO plugin v27.5 - https:\/\/yoast.com\/product\/yoast-seo-wordpress\/ -->\n<title>Mike Bah\u00eda anuncia su primer concierto digital para el mes de septiembre<\/title>\n<meta name=\"description\" content=\"Fama\" \/>\n<meta name=\"robots\" content=\"index, follow, max-snippet:-1, max-image-preview:large, max-video-preview:-1\" \/>\n<link rel=\"canonical\" href=\"https:\/\/digital58.com.ve\/site\/2020\/08\/05\/mike-bahia-anuncia-su-primer-concierto-digital-para-el-mes-de-septiembre\/\" \/>\n<meta property=\"og:locale\" content=\"es_ES\" \/>\n<meta property=\"og:type\" content=\"article\" \/>\n<meta property=\"og:title\" content=\"Mike Bah\u00eda anuncia su primer concierto digital para el mes de septiembre\" \/>\n<meta property=\"og:description\" content=\"Fama\" \/>\n<meta property=\"og:url\" content=\"https:\/\/digital58.com.ve\/site\/2020\/08\/05\/mike-bahia-anuncia-su-primer-concierto-digital-para-el-mes-de-septiembre\/\" \/>\n<meta property=\"og:site_name\" content=\"Noticias Digital58\" \/>\n<meta property=\"article:published_time\" content=\"2020-08-06T02:05:49+00:00\" \/>\n<meta property=\"og:image\" content=\"https:\/\/digital58.com.ve\/site\/wp-content\/uploads\/2020\/08\/5f2af7054676a_image_name.jpg\" \/>\n\t<meta property=\"og:image:width\" content=\"700\" \/>\n\t<meta property=\"og:image:height\" content=\"352\" \/>\n\t<meta property=\"og:image:type\" content=\"image\/jpeg\" \/>\n<meta name=\"author\" content=\"Rubio Laura Isabel\" \/>\n<meta name=\"twitter:card\" content=\"summary_large_image\" \/>\n<meta name=\"twitter:creator\" content=\"@Digital_58\" \/>\n<meta name=\"twitter:site\" content=\"@villasmilhfoto\" \/>\n<meta name=\"twitter:label1\" content=\"Escrito por\" \/>\n\t<meta name=\"twitter:data1\" content=\"Rubio Laura Isabel\" \/>\n\t<meta name=\"twitter:label2\" content=\"Tiempo estimado de lectura\" \/>\n\t<meta name=\"twitter:data2\" content=\"2 minutos\" \/>\n<script type=\"application\/ld+json\" class=\"yoast-schema-graph\">{\"@context\":\"https:\\\/\\\/schema.org\",\"@graph\":[{\"@type\":\"Article\",\"@id\":\"https:\\\/\\\/digital58.com.ve\\\/site\\\/2020\\\/08\\\/05\\\/mike-bahia-anuncia-su-primer-concierto-digital-para-el-mes-de-septiembre\\\/#article\",\"isPartOf\":{\"@id\":\"https:\\\/\\\/digital58.com.ve\\\/site\\\/2020\\\/08\\\/05\\\/mike-bahia-anuncia-su-primer-concierto-digital-para-el-mes-de-septiembre\\\/\"},\"author\":{\"name\":\"Rubio Laura Isabel\",\"@id\":\"https:\\\/\\\/digital58.com.ve\\\/site\\\/#\\\/schema\\\/person\\\/6672bab44ab958838204ebb2cb0e8d52\"},\"headline\":\"Mike Bah\u00eda anuncia su primer concierto digital para el mes de septiembre\",\"datePublished\":\"2020-08-06T02:05:49+00:00\",\"mainEntityOfPage\":{\"@id\":\"https:\\\/\\\/digital58.com.ve\\\/site\\\/2020\\\/08\\\/05\\\/mike-bahia-anuncia-su-primer-concierto-digital-para-el-mes-de-septiembre\\\/\"},\"wordCount\":334,\"commentCount\":0,\"publisher\":{\"@id\":\"https:\\\/\\\/digital58.com.ve\\\/site\\\/#\\\/schema\\\/person\\\/64d1c2e4d0d4fd1b849980c4331c2951\"},\"image\":{\"@id\":\"https:\\\/\\\/digital58.com.ve\\\/site\\\/2020\\\/08\\\/05\\\/mike-bahia-anuncia-su-primer-concierto-digital-para-el-mes-de-septiembre\\\/#primaryimage\"},\"thumbnailUrl\":\"https:\\\/\\\/digital58.com.ve\\\/site\\\/wp-content\\\/uploads\\\/2020\\\/08\\\/5f2af7054676a_image_name.jpg\",\"keywords\":[\"Cantantes\",\"Colombia\",\"Conciertos Streaming\",\"Coronavirus\",\"COVID-19\",\"Entretenimiento\",\"Far\u00e1ndula\",\"Festival Claro M\u00fasica Fest\",\"Internacionales\",\"Mike Bah\u00eda\",\"M\u00fasica\",\"Pandemia\"],\"articleSection\":[\"Conciertos\",\"Fama\"],\"inLanguage\":\"es\",\"potentialAction\":[{\"@type\":\"CommentAction\",\"name\":\"Comment\",\"target\":[\"https:\\\/\\\/digital58.com.ve\\\/site\\\/2020\\\/08\\\/05\\\/mike-bahia-anuncia-su-primer-concierto-digital-para-el-mes-de-septiembre\\\/#respond\"]}]},{\"@type\":\"WebPage\",\"@id\":\"https:\\\/\\\/digital58.com.ve\\\/site\\\/2020\\\/08\\\/05\\\/mike-bahia-anuncia-su-primer-concierto-digital-para-el-mes-de-septiembre\\\/\",\"url\":\"https:\\\/\\\/digital58.com.ve\\\/site\\\/2020\\\/08\\\/05\\\/mike-bahia-anuncia-su-primer-concierto-digital-para-el-mes-de-septiembre\\\/\",\"name\":\"Mike Bah\u00eda anuncia su primer concierto digital para el mes de septiembre\",\"isPartOf\":{\"@id\":\"https:\\\/\\\/digital58.com.ve\\\/site\\\/#website\"},\"primaryImageOfPage\":{\"@id\":\"https:\\\/\\\/digital58.com.ve\\\/site\\\/2020\\\/08\\\/05\\\/mike-bahia-anuncia-su-primer-concierto-digital-para-el-mes-de-septiembre\\\/#primaryimage\"},\"image\":{\"@id\":\"https:\\\/\\\/digital58.com.ve\\\/site\\\/2020\\\/08\\\/05\\\/mike-bahia-anuncia-su-primer-concierto-digital-para-el-mes-de-septiembre\\\/#primaryimage\"},\"thumbnailUrl\":\"https:\\\/\\\/digital58.com.ve\\\/site\\\/wp-content\\\/uploads\\\/2020\\\/08\\\/5f2af7054676a_image_name.jpg\",\"datePublished\":\"2020-08-06T02:05:49+00:00\",\"description\":\"Fama\",\"breadcrumb\":{\"@id\":\"https:\\\/\\\/digital58.com.ve\\\/site\\\/2020\\\/08\\\/05\\\/mike-bahia-anuncia-su-primer-concierto-digital-para-el-mes-de-septiembre\\\/#breadcrumb\"},\"inLanguage\":\"es\",\"potentialAction\":[{\"@type\":\"ReadAction\",\"target\":[\"https:\\\/\\\/digital58.com.ve\\\/site\\\/2020\\\/08\\\/05\\\/mike-bahia-anuncia-su-primer-concierto-digital-para-el-mes-de-septiembre\\\/\"]}]},{\"@type\":\"ImageObject\",\"inLanguage\":\"es\",\"@id\":\"https:\\\/\\\/digital58.com.ve\\\/site\\\/2020\\\/08\\\/05\\\/mike-bahia-anuncia-su-primer-concierto-digital-para-el-mes-de-septiembre\\\/#primaryimage\",\"url\":\"https:\\\/\\\/digital58.com.ve\\\/site\\\/wp-content\\\/uploads\\\/2020\\\/08\\\/5f2af7054676a_image_name.jpg\",\"contentUrl\":\"https:\\\/\\\/digital58.com.ve\\\/site\\\/wp-content\\\/uploads\\\/2020\\\/08\\\/5f2af7054676a_image_name.jpg\",\"width\":700,\"height\":352},{\"@type\":\"BreadcrumbList\",\"@id\":\"https:\\\/\\\/digital58.com.ve\\\/site\\\/2020\\\/08\\\/05\\\/mike-bahia-anuncia-su-primer-concierto-digital-para-el-mes-de-septiembre\\\/#breadcrumb\",\"itemListElement\":[{\"@type\":\"ListItem\",\"position\":1,\"name\":\"Home\",\"item\":\"https:\\\/\\\/digital58.com.ve\\\/site\\\/\"},{\"@type\":\"ListItem\",\"position\":2,\"name\":\"Mike Bah\u00eda anuncia su primer concierto digital para el mes de septiembre\"}]},{\"@type\":\"WebSite\",\"@id\":\"https:\\\/\\\/digital58.com.ve\\\/site\\\/#website\",\"url\":\"https:\\\/\\\/digital58.com.ve\\\/site\\\/\",\"name\":\"Noticias Digital58\",\"description\":\"Portal de Noticias \u00a1Periodismo web de verdad! Lanzamiento web 22.11.2005 \\\/ Maracaibo, Venezuela\",\"publisher\":{\"@id\":\"https:\\\/\\\/digital58.com.ve\\\/site\\\/#\\\/schema\\\/person\\\/64d1c2e4d0d4fd1b849980c4331c2951\"},\"alternateName\":\"ND58\",\"potentialAction\":[{\"@type\":\"SearchAction\",\"target\":{\"@type\":\"EntryPoint\",\"urlTemplate\":\"https:\\\/\\\/digital58.com.ve\\\/site\\\/?s={search_term_string}\"},\"query-input\":{\"@type\":\"PropertyValueSpecification\",\"valueRequired\":true,\"valueName\":\"search_term_string\"}}],\"inLanguage\":\"es\"},{\"@type\":[\"Person\",\"Organization\"],\"@id\":\"https:\\\/\\\/digital58.com.ve\\\/site\\\/#\\\/schema\\\/person\\\/64d1c2e4d0d4fd1b849980c4331c2951\",\"name\":\"Villasmil Henry\",\"image\":{\"@type\":\"ImageObject\",\"inLanguage\":\"es\",\"@id\":\"https:\\\/\\\/secure.gravatar.com\\\/avatar\\\/bb0c4a2fcb7970138239f7e404ea75757b1b507b28b5ce4c53fbd62d797c5a7c?s=96&d=mm&r=g\",\"url\":\"https:\\\/\\\/secure.gravatar.com\\\/avatar\\\/bb0c4a2fcb7970138239f7e404ea75757b1b507b28b5ce4c53fbd62d797c5a7c?s=96&d=mm&r=g\",\"contentUrl\":\"https:\\\/\\\/secure.gravatar.com\\\/avatar\\\/bb0c4a2fcb7970138239f7e404ea75757b1b507b28b5ce4c53fbd62d797c5a7c?s=96&d=mm&r=g\",\"caption\":\"Villasmil Henry\"},\"logo\":{\"@id\":\"https:\\\/\\\/secure.gravatar.com\\\/avatar\\\/bb0c4a2fcb7970138239f7e404ea75757b1b507b28b5ce4c53fbd62d797c5a7c?s=96&d=mm&r=g\"},\"sameAs\":[\"http:\\\/\\\/www.henryvillasmil.com.ve\",\"https:\\\/\\\/www.instagram.com\\\/villasmilhfoto\\\/\",\"https:\\\/\\\/x.com\\\/https:\\\/\\\/twitter.com\\\/villasmilhfoto\"]},{\"@type\":\"Person\",\"@id\":\"https:\\\/\\\/digital58.com.ve\\\/site\\\/#\\\/schema\\\/person\\\/6672bab44ab958838204ebb2cb0e8d52\",\"name\":\"Rubio Laura Isabel\",\"image\":{\"@type\":\"ImageObject\",\"inLanguage\":\"es\",\"@id\":\"https:\\\/\\\/secure.gravatar.com\\\/avatar\\\/f7cc56b26fb0562df4488ff129a58c3c1a1bd264c9af5f313a9b1797fff1cfb9?s=96&d=mm&r=g\",\"url\":\"https:\\\/\\\/secure.gravatar.com\\\/avatar\\\/f7cc56b26fb0562df4488ff129a58c3c1a1bd264c9af5f313a9b1797fff1cfb9?s=96&d=mm&r=g\",\"contentUrl\":\"https:\\\/\\\/secure.gravatar.com\\\/avatar\\\/f7cc56b26fb0562df4488ff129a58c3c1a1bd264c9af5f313a9b1797fff1cfb9?s=96&d=mm&r=g\",\"caption\":\"Rubio Laura Isabel\"},\"url\":\"https:\\\/\\\/digital58.com.ve\\\/site\\\/author\\\/laurarubio\\\/\"}]}<\/script>\n<!-- \/ Yoast SEO plugin. -->","yoast_head_json":{"title":"Mike Bah\u00eda anuncia su primer concierto digital para el mes de septiembre","description":"Fama","robots":{"index":"index","follow":"follow","max-snippet":"max-snippet:-1","max-image-preview":"max-image-preview:large","max-video-preview":"max-video-preview:-1"},"canonical":"https:\/\/digital58.com.ve\/site\/2020\/08\/05\/mike-bahia-anuncia-su-primer-concierto-digital-para-el-mes-de-septiembre\/","og_locale":"es_ES","og_type":"article","og_title":"Mike Bah\u00eda anuncia su primer concierto digital para el mes de septiembre","og_description":"Fama","og_url":"https:\/\/digital58.com.ve\/site\/2020\/08\/05\/mike-bahia-anuncia-su-primer-concierto-digital-para-el-mes-de-septiembre\/","og_site_name":"Noticias Digital58","article_published_time":"2020-08-06T02:05:49+00:00","og_image":[{"width":700,"height":352,"url":"https:\/\/digital58.com.ve\/site\/wp-content\/uploads\/2020\/08\/5f2af7054676a_image_name.jpg","type":"image\/jpeg"}],"author":"Rubio Laura Isabel","twitter_card":"summary_large_image","twitter_creator":"@Digital_58","twitter_site":"@villasmilhfoto","twitter_misc":{"Escrito por":"Rubio Laura Isabel","Tiempo estimado de lectura":"2 minutos"},"schema":{"@context":"https:\/\/schema.org","@graph":[{"@type":"Article","@id":"https:\/\/digital58.com.ve\/site\/2020\/08\/05\/mike-bahia-anuncia-su-primer-concierto-digital-para-el-mes-de-septiembre\/#article","isPartOf":{"@id":"https:\/\/digital58.com.ve\/site\/2020\/08\/05\/mike-bahia-anuncia-su-primer-concierto-digital-para-el-mes-de-septiembre\/"},"author":{"name":"Rubio Laura Isabel","@id":"https:\/\/digital58.com.ve\/site\/#\/schema\/person\/6672bab44ab958838204ebb2cb0e8d52"},"headline":"Mike Bah\u00eda anuncia su primer concierto digital para el mes de septiembre","datePublished":"2020-08-06T02:05:49+00:00","mainEntityOfPage":{"@id":"https:\/\/digital58.com.ve\/site\/2020\/08\/05\/mike-bahia-anuncia-su-primer-concierto-digital-para-el-mes-de-septiembre\/"},"wordCount":334,"commentCount":0,"publisher":{"@id":"https:\/\/digital58.com.ve\/site\/#\/schema\/person\/64d1c2e4d0d4fd1b849980c4331c2951"},"image":{"@id":"https:\/\/digital58.com.ve\/site\/2020\/08\/05\/mike-bahia-anuncia-su-primer-concierto-digital-para-el-mes-de-septiembre\/#primaryimage"},"thumbnailUrl":"https:\/\/digital58.com.ve\/site\/wp-content\/uploads\/2020\/08\/5f2af7054676a_image_name.jpg","keywords":["Cantantes","Colombia","Conciertos Streaming","Coronavirus","COVID-19","Entretenimiento","Far\u00e1ndula","Festival Claro M\u00fasica Fest","Internacionales","Mike Bah\u00eda","M\u00fasica","Pandemia"],"articleSection":["Conciertos","Fama"],"inLanguage":"es","potentialAction":[{"@type":"CommentAction","name":"Comment","target":["https:\/\/digital58.com.ve\/site\/2020\/08\/05\/mike-bahia-anuncia-su-primer-concierto-digital-para-el-mes-de-septiembre\/#respond"]}]},{"@type":"WebPage","@id":"https:\/\/digital58.com.ve\/site\/2020\/08\/05\/mike-bahia-anuncia-su-primer-concierto-digital-para-el-mes-de-septiembre\/","url":"https:\/\/digital58.com.ve\/site\/2020\/08\/05\/mike-bahia-anuncia-su-primer-concierto-digital-para-el-mes-de-septiembre\/","name":"Mike Bah\u00eda anuncia su primer concierto digital para el mes de septiembre","isPartOf":{"@id":"https:\/\/digital58.com.ve\/site\/#website"},"primaryImageOfPage":{"@id":"https:\/\/digital58.com.ve\/site\/2020\/08\/05\/mike-bahia-anuncia-su-primer-concierto-digital-para-el-mes-de-septiembre\/#primaryimage"},"image":{"@id":"https:\/\/digital58.com.ve\/site\/2020\/08\/05\/mike-bahia-anuncia-su-primer-concierto-digital-para-el-mes-de-septiembre\/#primaryimage"},"thumbnailUrl":"https:\/\/digital58.com.ve\/site\/wp-content\/uploads\/2020\/08\/5f2af7054676a_image_name.jpg","datePublished":"2020-08-06T02:05:49+00:00","description":"Fama","breadcrumb":{"@id":"https:\/\/digital58.com.ve\/site\/2020\/08\/05\/mike-bahia-anuncia-su-primer-concierto-digital-para-el-mes-de-septiembre\/#breadcrumb"},"inLanguage":"es","potentialAction":[{"@type":"ReadAction","target":["https:\/\/digital58.com.ve\/site\/2020\/08\/05\/mike-bahia-anuncia-su-primer-concierto-digital-para-el-mes-de-septiembre\/"]}]},{"@type":"ImageObject","inLanguage":"es","@id":"https:\/\/digital58.com.ve\/site\/2020\/08\/05\/mike-bahia-anuncia-su-primer-concierto-digital-para-el-mes-de-septiembre\/#primaryimage","url":"https:\/\/digital58.com.ve\/site\/wp-content\/uploads\/2020\/08\/5f2af7054676a_image_name.jpg","contentUrl":"https:\/\/digital58.com.ve\/site\/wp-content\/uploads\/2020\/08\/5f2af7054676a_image_name.jpg","width":700,"height":352},{"@type":"BreadcrumbList","@id":"https:\/\/digital58.com.ve\/site\/2020\/08\/05\/mike-bahia-anuncia-su-primer-concierto-digital-para-el-mes-de-septiembre\/#breadcrumb","itemListElement":[{"@type":"ListItem","position":1,"name":"Home","item":"https:\/\/digital58.com.ve\/site\/"},{"@type":"ListItem","position":2,"name":"Mike Bah\u00eda anuncia su primer concierto digital para el mes de septiembre"}]},{"@type":"WebSite","@id":"https:\/\/digital58.com.ve\/site\/#website","url":"https:\/\/digital58.com.ve\/site\/","name":"Noticias Digital58","description":"Portal de Noticias \u00a1Periodismo web de verdad! Lanzamiento web 22.11.2005 \/ Maracaibo, Venezuela","publisher":{"@id":"https:\/\/digital58.com.ve\/site\/#\/schema\/person\/64d1c2e4d0d4fd1b849980c4331c2951"},"alternateName":"ND58","potentialAction":[{"@type":"SearchAction","target":{"@type":"EntryPoint","urlTemplate":"https:\/\/digital58.com.ve\/site\/?s={search_term_string}"},"query-input":{"@type":"PropertyValueSpecification","valueRequired":true,"valueName":"search_term_string"}}],"inLanguage":"es"},{"@type":["Person","Organization"],"@id":"https:\/\/digital58.com.ve\/site\/#\/schema\/person\/64d1c2e4d0d4fd1b849980c4331c2951","name":"Villasmil Henry","image":{"@type":"ImageObject","inLanguage":"es","@id":"https:\/\/secure.gravatar.com\/avatar\/bb0c4a2fcb7970138239f7e404ea75757b1b507b28b5ce4c53fbd62d797c5a7c?s=96&d=mm&r=g","url":"https:\/\/secure.gravatar.com\/avatar\/bb0c4a2fcb7970138239f7e404ea75757b1b507b28b5ce4c53fbd62d797c5a7c?s=96&d=mm&r=g","contentUrl":"https:\/\/secure.gravatar.com\/avatar\/bb0c4a2fcb7970138239f7e404ea75757b1b507b28b5ce4c53fbd62d797c5a7c?s=96&d=mm&r=g","caption":"Villasmil Henry"},"logo":{"@id":"https:\/\/secure.gravatar.com\/avatar\/bb0c4a2fcb7970138239f7e404ea75757b1b507b28b5ce4c53fbd62d797c5a7c?s=96&d=mm&r=g"},"sameAs":["http:\/\/www.henryvillasmil.com.ve","https:\/\/www.instagram.com\/villasmilhfoto\/","https:\/\/x.com\/https:\/\/twitter.com\/villasmilhfoto"]},{"@type":"Person","@id":"https:\/\/digital58.com.ve\/site\/#\/schema\/person\/6672bab44ab958838204ebb2cb0e8d52","name":"Rubio Laura Isabel","image":{"@type":"ImageObject","inLanguage":"es","@id":"https:\/\/secure.gravatar.com\/avatar\/f7cc56b26fb0562df4488ff129a58c3c1a1bd264c9af5f313a9b1797fff1cfb9?s=96&d=mm&r=g","url":"https:\/\/secure.gravatar.com\/avatar\/f7cc56b26fb0562df4488ff129a58c3c1a1bd264c9af5f313a9b1797fff1cfb9?s=96&d=mm&r=g","contentUrl":"https:\/\/secure.gravatar.com\/avatar\/f7cc56b26fb0562df4488ff129a58c3c1a1bd264c9af5f313a9b1797fff1cfb9?s=96&d=mm&r=g","caption":"Rubio Laura Isabel"},"url":"https:\/\/digital58.com.ve\/site\/author\/laurarubio\/"}]}},"uagb_featured_image_src":{"full":["https:\/\/digital58.com.ve\/site\/wp-content\/uploads\/2020\/08\/5f2af7054676a_image_name.jpg",700,352,false],"thumbnail":["https:\/\/digital58.com.ve\/site\/wp-content\/uploads\/2020\/08\/5f2af7054676a_image_name-150x150.jpg",150,150,true],"medium":["https:\/\/digital58.com.ve\/site\/wp-content\/uploads\/2020\/08\/5f2af7054676a_image_name-300x151.jpg",300,151,true],"medium_large":["https:\/\/digital58.com.ve\/site\/wp-content\/uploads\/2020\/08\/5f2af7054676a_image_name.jpg",700,352,false],"large":["https:\/\/digital58.com.ve\/site\/wp-content\/uploads\/2020\/08\/5f2af7054676a_image_name.jpg",700,352,false],"1536x1536":["https:\/\/digital58.com.ve\/site\/wp-content\/uploads\/2020\/08\/5f2af7054676a_image_name.jpg",700,352,false],"2048x2048":["https:\/\/digital58.com.ve\/site\/wp-content\/uploads\/2020\/08\/5f2af7054676a_image_name.jpg",700,352,false],"colormag-highlighted-post":["https:\/\/digital58.com.ve\/site\/wp-content\/uploads\/2020\/08\/5f2af7054676a_image_name.jpg",392,197,false],"colormag-featured-post-medium":["https:\/\/digital58.com.ve\/site\/wp-content\/uploads\/2020\/08\/5f2af7054676a_image_name.jpg",390,196,false],"colormag-featured-post-small":["https:\/\/digital58.com.ve\/site\/wp-content\/uploads\/2020\/08\/5f2af7054676a_image_name.jpg",130,65,false],"colormag-featured-image":["https:\/\/digital58.com.ve\/site\/wp-content\/uploads\/2020\/08\/5f2af7054676a_image_name.jpg",700,352,false],"colormag-default-news":["https:\/\/digital58.com.ve\/site\/wp-content\/uploads\/2020\/08\/5f2af7054676a_image_name.jpg",150,75,false],"colormag-featured-image-large":["https:\/\/digital58.com.ve\/site\/wp-content\/uploads\/2020\/08\/5f2af7054676a_image_name.jpg",700,352,false]},"uagb_author_info":{"display_name":"Rubio Laura Isabel","author_link":"https:\/\/digital58.com.ve\/site\/author\/laurarubio\/"},"uagb_comment_info":0,"uagb_excerpt":"En el margen de la pandemia provocada por la COVID-19, a los artistas les ha tocado improvisar y amoldarse a","_links":{"self":[{"href":"https:\/\/digital58.com.ve\/site\/wp-json\/wp\/v2\/posts\/120088","targetHints":{"allow":["GET"]}}],"collection":[{"href":"https:\/\/digital58.com.ve\/site\/wp-json\/wp\/v2\/posts"}],"about":[{"href":"https:\/\/digital58.com.ve\/site\/wp-json\/wp\/v2\/types\/post"}],"author":[{"embeddable":true,"href":"https:\/\/digital58.com.ve\/site\/wp-json\/wp\/v2\/users\/28"}],"replies":[{"embeddable":true,"href":"https:\/\/digital58.com.ve\/site\/wp-json\/wp\/v2\/comments?post=120088"}],"version-history":[{"count":0,"href":"https:\/\/digital58.com.ve\/site\/wp-json\/wp\/v2\/posts\/120088\/revisions"}],"wp:featuredmedia":[{"embeddable":true,"href":"https:\/\/digital58.com.ve\/site\/wp-json\/wp\/v2\/media\/120099"}],"wp:attachment":[{"href":"https:\/\/digital58.com.ve\/site\/wp-json\/wp\/v2\/media?parent=120088"}],"wp:term":[{"taxonomy":"category","embeddable":true,"href":"https:\/\/digital58.com.ve\/site\/wp-json\/wp\/v2\/categories?post=120088"},{"taxonomy":"post_tag","embeddable":true,"href":"https:\/\/digital58.com.ve\/site\/wp-json\/wp\/v2\/tags?post=120088"}],"curies":[{"name":"wp","href":"https:\/\/api.w.org\/{rel}","templated":true}]}}