{"id":120094,"date":"2020-08-05T22:01:29","date_gmt":"2020-08-06T02:01:29","guid":{"rendered":"https:\/\/digital58.com.ve\/site\/?p=120094"},"modified":"2020-08-05T22:01:29","modified_gmt":"2020-08-06T02:01:29","slug":"anuel-aa-realizara-una-larga-gira-por-espana-en-el-verano-2021","status":"publish","type":"post","link":"https:\/\/digital58.com.ve\/site\/2020\/08\/05\/anuel-aa-realizara-una-larga-gira-por-espana-en-el-verano-2021\/","title":{"rendered":"Anuel AA, realizar\u00e1 una larga gira por Espa\u00f1a en el verano 2021"},"content":{"rendered":"\r\n<p><img loading=\"lazy\" decoding=\"async\" class=\"alignnone size-full wp-image-120110\" src=\"https:\/\/digital58.com.ve\/site\/wp-content\/uploads\/2020\/08\/1594746168_582877_1594746532_gigante_normal.jpg\" alt=\"\" width=\"1680\" height=\"762\" srcset=\"https:\/\/digital58.com.ve\/site\/wp-content\/uploads\/2020\/08\/1594746168_582877_1594746532_gigante_normal.jpg 800w, https:\/\/digital58.com.ve\/site\/wp-content\/uploads\/2020\/08\/1594746168_582877_1594746532_gigante_normal-300x136.jpg 300w, https:\/\/digital58.com.ve\/site\/wp-content\/uploads\/2020\/08\/1594746168_582877_1594746532_gigante_normal-1500x680.jpg 1500w, https:\/\/digital58.com.ve\/site\/wp-content\/uploads\/2020\/08\/1594746168_582877_1594746532_gigante_normal-768x348.jpg 768w, https:\/\/digital58.com.ve\/site\/wp-content\/uploads\/2020\/08\/1594746168_582877_1594746532_gigante_normal-1536x697.jpg 1536w\" sizes=\"auto, (max-width: 1680px) 100vw, 1680px\" \/><\/p>\r\n<p>El nuevo trabajo discogr\u00e1fico del cantante acaba de alcanzar la calificaci\u00f3n de disco de oro, luego de acreditarse m\u00e1s de 20.000 unidades vendidas.<br \/><br \/><strong>Internacionales, 5 de agosto de 2020 (ND58).-<\/strong> El artista se posiciona como el n\u00famero 1 en Espa\u00f1a, gracias a su nuevo disco \u00abEnmanuel\u00bb, de este modo ha anunciado la realizaci\u00f3n de una gira entre junio y septiembre de 2021, con 23 paradas por este pa\u00eds.<br \/><br \/>El cantante de g\u00e9nero urbano, se presentara en Madrid, Barcelona, M\u00e1laga, Valencia, Bilbao, Alicante, Almer\u00eda, Granada, Murcia, Galicia, Canarias e Ibiza.<\/p>\r\n<p>Sin embargo a\u00fan no se conocen las fechas exactas y los lugares concretos de sus nuevos conciertos, solo se ha confirmado el nombre de \u00abEmmanuel Tour 2021\u00bb, igualmente tambi\u00e9n se presentar\u00e1 en Londres, Par\u00eds, Roma y Estocolmo.<\/p>\r\n<p>El cantante sigue posicion\u00e1ndose como uno de los m\u00e1s exitosos del momento, ya que acumula seis semanas en lo m\u00e1s alto de la lista oficial de Promusicae de los \u00e1lbumes m\u00e1s escuchados en toda Espa\u00f1a, tanto en ventas como en reproducciones.<\/p>\r\n<p>\u00c9xitos como \u00abChina\u00bb, junt\u00f3 a su pareja la cantante Karol G, el nuevo \u00e1lbum tambi\u00e9n revel\u00f3 el trabajo discogr\u00e1fico anterior del artista \u00abReal hasta la muerte\u00bb (2018), que lo llev\u00f3 de gira por Espa\u00f1a a grandes espacios como el Wizink Center de Madrid o el Palau Sant Jordi de Barcelona.<\/p>\r\n<p>El nombre real del artista es Emmanuel Gazmey (Carolina, 1992), comenz\u00f3 su carrera con el sencillo \u00abDemonia\u00bb en una colaboraci\u00f3n junto a \u00d1engo Flow y posteriormente sigui\u00f3 trabajando en los siguientes a\u00f1os hasta llegar a su fama mundial, sobre todo con el tema \u00abLa ocasi\u00f3n\u00bb, junt\u00f3 a Ozuna, Arc\u00e1ngel y De La Guetto.<\/p><div class=\"nopht69f4e58042779\" ><p style=\"text-align: center;\"><a href=\"https:\/\/t.me\/noticiasdigital58\" target=\"_blank\" rel=\"noopener\"><img class=\"aligncenter size-full wp-image-125363\" src=\"https:\/\/digital58.com.ve\/site\/wp-content\/uploads\/2021\/04\/banner-telegram-web-2021.png\" alt=\"\" width=\"600\" height=\"90\" \/><\/a><\/p><\/div><style type=\"text\/css\">\r\n@media screen and (min-width: 1201px) {\r\n.nopht69f4e58042779 {\r\ndisplay: block;\r\n}\r\n}\r\n@media screen and (min-width: 993px) and (max-width: 1200px) {\r\n.nopht69f4e58042779 {\r\ndisplay: block;\r\n}\r\n}\r\n@media screen and (min-width: 769px) and (max-width: 992px) {\r\n.nopht69f4e58042779 {\r\ndisplay: block;\r\n}\r\n}\r\n@media screen and (min-width: 768px) and (max-width: 768px) {\r\n.nopht69f4e58042779 {\r\ndisplay: block;\r\n}\r\n}\r\n@media screen and (max-width: 767px) {\r\n.nopht69f4e58042779 {\r\ndisplay: block;\r\n}\r\n}\r\n<\/style>\r\n\r\n<p>Luego de cumplir una condena de 30 meses de prisi\u00f3n, por poseer armas en su pa\u00eds, Anuel AA, empez\u00f3 a posicionarse definitivamente en el mercado con sus dos \u00faltimos \u00e1lbumes de estudio en los cuales incluye participaciones con Daddy Yankee, Tego Calderon, Enrique Iglesias y Bad Bunny.<br \/><br \/><strong>Redacci\u00f3n: Rubio, Laura Isabel (@lauraisabelrubio) | Fuente: EFE<\/strong><br \/><strong>Edici\u00f3n: Villasmil, Henr<\/strong><br \/><strong>Gr\u00e1ficas: Cortes\u00eda<\/strong><\/p>\r\n<div style=\"margin-top: 0px; margin-bottom: 0px;\" class=\"sharethis-inline-share-buttons\" ><\/div>","protected":false},"excerpt":{"rendered":"<p>El nuevo trabajo discogr\u00e1fico del cantante acaba de alcanzar la calificaci\u00f3n de disco de oro, luego de acreditarse m\u00e1s de<\/p>\n","protected":false},"author":28,"featured_media":120110,"comment_status":"open","ping_status":"closed","sticky":false,"template":"","format":"standard","meta":{"colormag_page_container_layout":"default_layout","colormag_page_sidebar_layout":"default_layout","_uag_custom_page_level_css":"","footnotes":""},"categories":[1],"tags":[17197,78,13352,13648,19623,50,273,3044,261,8,61,8239,13723],"class_list":["post-120094","post","type-post","status-publish","format-standard","has-post-thumbnail","hentry","category-fama","tag-anuel-aa","tag-cantantes","tag-coronavirus","tag-covid-19","tag-enmanuel","tag-entretenimiento","tag-farandula","tag-genero-urbano","tag-giras-mundiales","tag-internacionales","tag-musica","tag-nuevo-album","tag-pandemia"],"yoast_head":"<!-- This site is optimized with the Yoast SEO plugin v27.5 - https:\/\/yoast.com\/product\/yoast-seo-wordpress\/ -->\n<title>Anuel AA, realizar\u00e1 una larga gira por Espa\u00f1a en el verano 2021<\/title>\n<meta name=\"description\" content=\"Fama\" \/>\n<meta name=\"robots\" content=\"index, follow, max-snippet:-1, max-image-preview:large, max-video-preview:-1\" \/>\n<link rel=\"canonical\" href=\"https:\/\/digital58.com.ve\/site\/2020\/08\/05\/anuel-aa-realizara-una-larga-gira-por-espana-en-el-verano-2021\/\" \/>\n<meta property=\"og:locale\" content=\"es_ES\" \/>\n<meta property=\"og:type\" content=\"article\" \/>\n<meta property=\"og:title\" content=\"Anuel AA, realizar\u00e1 una larga gira por Espa\u00f1a en el verano 2021\" \/>\n<meta property=\"og:description\" content=\"Fama\" \/>\n<meta property=\"og:url\" content=\"https:\/\/digital58.com.ve\/site\/2020\/08\/05\/anuel-aa-realizara-una-larga-gira-por-espana-en-el-verano-2021\/\" \/>\n<meta property=\"og:site_name\" content=\"Noticias Digital58\" \/>\n<meta property=\"article:published_time\" content=\"2020-08-06T02:01:29+00:00\" \/>\n<meta property=\"og:image\" content=\"https:\/\/digital58.com.ve\/site\/wp-content\/uploads\/2020\/08\/1594746168_582877_1594746532_gigante_normal.jpg\" \/>\n\t<meta property=\"og:image:width\" content=\"1680\" \/>\n\t<meta property=\"og:image:height\" content=\"762\" \/>\n\t<meta property=\"og:image:type\" content=\"image\/jpeg\" \/>\n<meta name=\"author\" content=\"Rubio Laura Isabel\" \/>\n<meta name=\"twitter:card\" content=\"summary_large_image\" \/>\n<meta name=\"twitter:creator\" content=\"@Digital_58\" \/>\n<meta name=\"twitter:site\" content=\"@villasmilhfoto\" \/>\n<meta name=\"twitter:label1\" content=\"Escrito por\" \/>\n\t<meta name=\"twitter:data1\" content=\"Rubio Laura Isabel\" \/>\n\t<meta name=\"twitter:label2\" content=\"Tiempo estimado de lectura\" \/>\n\t<meta name=\"twitter:data2\" content=\"2 minutos\" \/>\n<script type=\"application\/ld+json\" class=\"yoast-schema-graph\">{\"@context\":\"https:\\\/\\\/schema.org\",\"@graph\":[{\"@type\":\"Article\",\"@id\":\"https:\\\/\\\/digital58.com.ve\\\/site\\\/2020\\\/08\\\/05\\\/anuel-aa-realizara-una-larga-gira-por-espana-en-el-verano-2021\\\/#article\",\"isPartOf\":{\"@id\":\"https:\\\/\\\/digital58.com.ve\\\/site\\\/2020\\\/08\\\/05\\\/anuel-aa-realizara-una-larga-gira-por-espana-en-el-verano-2021\\\/\"},\"author\":{\"name\":\"Rubio Laura Isabel\",\"@id\":\"https:\\\/\\\/digital58.com.ve\\\/site\\\/#\\\/schema\\\/person\\\/6672bab44ab958838204ebb2cb0e8d52\"},\"headline\":\"Anuel AA, realizar\u00e1 una larga gira por Espa\u00f1a en el verano 2021\",\"datePublished\":\"2020-08-06T02:01:29+00:00\",\"mainEntityOfPage\":{\"@id\":\"https:\\\/\\\/digital58.com.ve\\\/site\\\/2020\\\/08\\\/05\\\/anuel-aa-realizara-una-larga-gira-por-espana-en-el-verano-2021\\\/\"},\"wordCount\":363,\"commentCount\":0,\"publisher\":{\"@id\":\"https:\\\/\\\/digital58.com.ve\\\/site\\\/#\\\/schema\\\/person\\\/64d1c2e4d0d4fd1b849980c4331c2951\"},\"image\":{\"@id\":\"https:\\\/\\\/digital58.com.ve\\\/site\\\/2020\\\/08\\\/05\\\/anuel-aa-realizara-una-larga-gira-por-espana-en-el-verano-2021\\\/#primaryimage\"},\"thumbnailUrl\":\"https:\\\/\\\/digital58.com.ve\\\/site\\\/wp-content\\\/uploads\\\/2020\\\/08\\\/1594746168_582877_1594746532_gigante_normal.jpg\",\"keywords\":[\"Anuel AA\",\"Cantantes\",\"Coronavirus\",\"COVID-19\",\"Enmanuel\",\"Entretenimiento\",\"Far\u00e1ndula\",\"G\u00e9nero Urbano\",\"Giras Mundiales\",\"Internacionales\",\"M\u00fasica\",\"Nuevo \u00e1lbum\",\"Pandemia\"],\"articleSection\":[\"Fama\"],\"inLanguage\":\"es\",\"potentialAction\":[{\"@type\":\"CommentAction\",\"name\":\"Comment\",\"target\":[\"https:\\\/\\\/digital58.com.ve\\\/site\\\/2020\\\/08\\\/05\\\/anuel-aa-realizara-una-larga-gira-por-espana-en-el-verano-2021\\\/#respond\"]}]},{\"@type\":\"WebPage\",\"@id\":\"https:\\\/\\\/digital58.com.ve\\\/site\\\/2020\\\/08\\\/05\\\/anuel-aa-realizara-una-larga-gira-por-espana-en-el-verano-2021\\\/\",\"url\":\"https:\\\/\\\/digital58.com.ve\\\/site\\\/2020\\\/08\\\/05\\\/anuel-aa-realizara-una-larga-gira-por-espana-en-el-verano-2021\\\/\",\"name\":\"Anuel AA, realizar\u00e1 una larga gira por Espa\u00f1a en el verano 2021\",\"isPartOf\":{\"@id\":\"https:\\\/\\\/digital58.com.ve\\\/site\\\/#website\"},\"primaryImageOfPage\":{\"@id\":\"https:\\\/\\\/digital58.com.ve\\\/site\\\/2020\\\/08\\\/05\\\/anuel-aa-realizara-una-larga-gira-por-espana-en-el-verano-2021\\\/#primaryimage\"},\"image\":{\"@id\":\"https:\\\/\\\/digital58.com.ve\\\/site\\\/2020\\\/08\\\/05\\\/anuel-aa-realizara-una-larga-gira-por-espana-en-el-verano-2021\\\/#primaryimage\"},\"thumbnailUrl\":\"https:\\\/\\\/digital58.com.ve\\\/site\\\/wp-content\\\/uploads\\\/2020\\\/08\\\/1594746168_582877_1594746532_gigante_normal.jpg\",\"datePublished\":\"2020-08-06T02:01:29+00:00\",\"description\":\"Fama\",\"breadcrumb\":{\"@id\":\"https:\\\/\\\/digital58.com.ve\\\/site\\\/2020\\\/08\\\/05\\\/anuel-aa-realizara-una-larga-gira-por-espana-en-el-verano-2021\\\/#breadcrumb\"},\"inLanguage\":\"es\",\"potentialAction\":[{\"@type\":\"ReadAction\",\"target\":[\"https:\\\/\\\/digital58.com.ve\\\/site\\\/2020\\\/08\\\/05\\\/anuel-aa-realizara-una-larga-gira-por-espana-en-el-verano-2021\\\/\"]}]},{\"@type\":\"ImageObject\",\"inLanguage\":\"es\",\"@id\":\"https:\\\/\\\/digital58.com.ve\\\/site\\\/2020\\\/08\\\/05\\\/anuel-aa-realizara-una-larga-gira-por-espana-en-el-verano-2021\\\/#primaryimage\",\"url\":\"https:\\\/\\\/digital58.com.ve\\\/site\\\/wp-content\\\/uploads\\\/2020\\\/08\\\/1594746168_582877_1594746532_gigante_normal.jpg\",\"contentUrl\":\"https:\\\/\\\/digital58.com.ve\\\/site\\\/wp-content\\\/uploads\\\/2020\\\/08\\\/1594746168_582877_1594746532_gigante_normal.jpg\",\"width\":800,\"height\":363},{\"@type\":\"BreadcrumbList\",\"@id\":\"https:\\\/\\\/digital58.com.ve\\\/site\\\/2020\\\/08\\\/05\\\/anuel-aa-realizara-una-larga-gira-por-espana-en-el-verano-2021\\\/#breadcrumb\",\"itemListElement\":[{\"@type\":\"ListItem\",\"position\":1,\"name\":\"Home\",\"item\":\"https:\\\/\\\/digital58.com.ve\\\/site\\\/\"},{\"@type\":\"ListItem\",\"position\":2,\"name\":\"Anuel AA, realizar\u00e1 una larga gira por Espa\u00f1a en el verano 2021\"}]},{\"@type\":\"WebSite\",\"@id\":\"https:\\\/\\\/digital58.com.ve\\\/site\\\/#website\",\"url\":\"https:\\\/\\\/digital58.com.ve\\\/site\\\/\",\"name\":\"Noticias Digital58\",\"description\":\"Portal de Noticias \u00a1Periodismo web de verdad! Lanzamiento web 22.11.2005 \\\/ Maracaibo, Venezuela\",\"publisher\":{\"@id\":\"https:\\\/\\\/digital58.com.ve\\\/site\\\/#\\\/schema\\\/person\\\/64d1c2e4d0d4fd1b849980c4331c2951\"},\"alternateName\":\"ND58\",\"potentialAction\":[{\"@type\":\"SearchAction\",\"target\":{\"@type\":\"EntryPoint\",\"urlTemplate\":\"https:\\\/\\\/digital58.com.ve\\\/site\\\/?s={search_term_string}\"},\"query-input\":{\"@type\":\"PropertyValueSpecification\",\"valueRequired\":true,\"valueName\":\"search_term_string\"}}],\"inLanguage\":\"es\"},{\"@type\":[\"Person\",\"Organization\"],\"@id\":\"https:\\\/\\\/digital58.com.ve\\\/site\\\/#\\\/schema\\\/person\\\/64d1c2e4d0d4fd1b849980c4331c2951\",\"name\":\"Villasmil Henry\",\"image\":{\"@type\":\"ImageObject\",\"inLanguage\":\"es\",\"@id\":\"https:\\\/\\\/secure.gravatar.com\\\/avatar\\\/bb0c4a2fcb7970138239f7e404ea75757b1b507b28b5ce4c53fbd62d797c5a7c?s=96&d=mm&r=g\",\"url\":\"https:\\\/\\\/secure.gravatar.com\\\/avatar\\\/bb0c4a2fcb7970138239f7e404ea75757b1b507b28b5ce4c53fbd62d797c5a7c?s=96&d=mm&r=g\",\"contentUrl\":\"https:\\\/\\\/secure.gravatar.com\\\/avatar\\\/bb0c4a2fcb7970138239f7e404ea75757b1b507b28b5ce4c53fbd62d797c5a7c?s=96&d=mm&r=g\",\"caption\":\"Villasmil Henry\"},\"logo\":{\"@id\":\"https:\\\/\\\/secure.gravatar.com\\\/avatar\\\/bb0c4a2fcb7970138239f7e404ea75757b1b507b28b5ce4c53fbd62d797c5a7c?s=96&d=mm&r=g\"},\"sameAs\":[\"http:\\\/\\\/www.henryvillasmil.com.ve\",\"https:\\\/\\\/www.instagram.com\\\/villasmilhfoto\\\/\",\"https:\\\/\\\/x.com\\\/https:\\\/\\\/twitter.com\\\/villasmilhfoto\"]},{\"@type\":\"Person\",\"@id\":\"https:\\\/\\\/digital58.com.ve\\\/site\\\/#\\\/schema\\\/person\\\/6672bab44ab958838204ebb2cb0e8d52\",\"name\":\"Rubio Laura Isabel\",\"image\":{\"@type\":\"ImageObject\",\"inLanguage\":\"es\",\"@id\":\"https:\\\/\\\/secure.gravatar.com\\\/avatar\\\/f7cc56b26fb0562df4488ff129a58c3c1a1bd264c9af5f313a9b1797fff1cfb9?s=96&d=mm&r=g\",\"url\":\"https:\\\/\\\/secure.gravatar.com\\\/avatar\\\/f7cc56b26fb0562df4488ff129a58c3c1a1bd264c9af5f313a9b1797fff1cfb9?s=96&d=mm&r=g\",\"contentUrl\":\"https:\\\/\\\/secure.gravatar.com\\\/avatar\\\/f7cc56b26fb0562df4488ff129a58c3c1a1bd264c9af5f313a9b1797fff1cfb9?s=96&d=mm&r=g\",\"caption\":\"Rubio Laura Isabel\"},\"url\":\"https:\\\/\\\/digital58.com.ve\\\/site\\\/author\\\/laurarubio\\\/\"}]}<\/script>\n<!-- \/ Yoast SEO plugin. -->","yoast_head_json":{"title":"Anuel AA, realizar\u00e1 una larga gira por Espa\u00f1a en el verano 2021","description":"Fama","robots":{"index":"index","follow":"follow","max-snippet":"max-snippet:-1","max-image-preview":"max-image-preview:large","max-video-preview":"max-video-preview:-1"},"canonical":"https:\/\/digital58.com.ve\/site\/2020\/08\/05\/anuel-aa-realizara-una-larga-gira-por-espana-en-el-verano-2021\/","og_locale":"es_ES","og_type":"article","og_title":"Anuel AA, realizar\u00e1 una larga gira por Espa\u00f1a en el verano 2021","og_description":"Fama","og_url":"https:\/\/digital58.com.ve\/site\/2020\/08\/05\/anuel-aa-realizara-una-larga-gira-por-espana-en-el-verano-2021\/","og_site_name":"Noticias Digital58","article_published_time":"2020-08-06T02:01:29+00:00","og_image":[{"width":1680,"height":762,"url":"https:\/\/digital58.com.ve\/site\/wp-content\/uploads\/2020\/08\/1594746168_582877_1594746532_gigante_normal.jpg","type":"image\/jpeg"}],"author":"Rubio Laura Isabel","twitter_card":"summary_large_image","twitter_creator":"@Digital_58","twitter_site":"@villasmilhfoto","twitter_misc":{"Escrito por":"Rubio Laura Isabel","Tiempo estimado de lectura":"2 minutos"},"schema":{"@context":"https:\/\/schema.org","@graph":[{"@type":"Article","@id":"https:\/\/digital58.com.ve\/site\/2020\/08\/05\/anuel-aa-realizara-una-larga-gira-por-espana-en-el-verano-2021\/#article","isPartOf":{"@id":"https:\/\/digital58.com.ve\/site\/2020\/08\/05\/anuel-aa-realizara-una-larga-gira-por-espana-en-el-verano-2021\/"},"author":{"name":"Rubio Laura Isabel","@id":"https:\/\/digital58.com.ve\/site\/#\/schema\/person\/6672bab44ab958838204ebb2cb0e8d52"},"headline":"Anuel AA, realizar\u00e1 una larga gira por Espa\u00f1a en el verano 2021","datePublished":"2020-08-06T02:01:29+00:00","mainEntityOfPage":{"@id":"https:\/\/digital58.com.ve\/site\/2020\/08\/05\/anuel-aa-realizara-una-larga-gira-por-espana-en-el-verano-2021\/"},"wordCount":363,"commentCount":0,"publisher":{"@id":"https:\/\/digital58.com.ve\/site\/#\/schema\/person\/64d1c2e4d0d4fd1b849980c4331c2951"},"image":{"@id":"https:\/\/digital58.com.ve\/site\/2020\/08\/05\/anuel-aa-realizara-una-larga-gira-por-espana-en-el-verano-2021\/#primaryimage"},"thumbnailUrl":"https:\/\/digital58.com.ve\/site\/wp-content\/uploads\/2020\/08\/1594746168_582877_1594746532_gigante_normal.jpg","keywords":["Anuel AA","Cantantes","Coronavirus","COVID-19","Enmanuel","Entretenimiento","Far\u00e1ndula","G\u00e9nero Urbano","Giras Mundiales","Internacionales","M\u00fasica","Nuevo \u00e1lbum","Pandemia"],"articleSection":["Fama"],"inLanguage":"es","potentialAction":[{"@type":"CommentAction","name":"Comment","target":["https:\/\/digital58.com.ve\/site\/2020\/08\/05\/anuel-aa-realizara-una-larga-gira-por-espana-en-el-verano-2021\/#respond"]}]},{"@type":"WebPage","@id":"https:\/\/digital58.com.ve\/site\/2020\/08\/05\/anuel-aa-realizara-una-larga-gira-por-espana-en-el-verano-2021\/","url":"https:\/\/digital58.com.ve\/site\/2020\/08\/05\/anuel-aa-realizara-una-larga-gira-por-espana-en-el-verano-2021\/","name":"Anuel AA, realizar\u00e1 una larga gira por Espa\u00f1a en el verano 2021","isPartOf":{"@id":"https:\/\/digital58.com.ve\/site\/#website"},"primaryImageOfPage":{"@id":"https:\/\/digital58.com.ve\/site\/2020\/08\/05\/anuel-aa-realizara-una-larga-gira-por-espana-en-el-verano-2021\/#primaryimage"},"image":{"@id":"https:\/\/digital58.com.ve\/site\/2020\/08\/05\/anuel-aa-realizara-una-larga-gira-por-espana-en-el-verano-2021\/#primaryimage"},"thumbnailUrl":"https:\/\/digital58.com.ve\/site\/wp-content\/uploads\/2020\/08\/1594746168_582877_1594746532_gigante_normal.jpg","datePublished":"2020-08-06T02:01:29+00:00","description":"Fama","breadcrumb":{"@id":"https:\/\/digital58.com.ve\/site\/2020\/08\/05\/anuel-aa-realizara-una-larga-gira-por-espana-en-el-verano-2021\/#breadcrumb"},"inLanguage":"es","potentialAction":[{"@type":"ReadAction","target":["https:\/\/digital58.com.ve\/site\/2020\/08\/05\/anuel-aa-realizara-una-larga-gira-por-espana-en-el-verano-2021\/"]}]},{"@type":"ImageObject","inLanguage":"es","@id":"https:\/\/digital58.com.ve\/site\/2020\/08\/05\/anuel-aa-realizara-una-larga-gira-por-espana-en-el-verano-2021\/#primaryimage","url":"https:\/\/digital58.com.ve\/site\/wp-content\/uploads\/2020\/08\/1594746168_582877_1594746532_gigante_normal.jpg","contentUrl":"https:\/\/digital58.com.ve\/site\/wp-content\/uploads\/2020\/08\/1594746168_582877_1594746532_gigante_normal.jpg","width":800,"height":363},{"@type":"BreadcrumbList","@id":"https:\/\/digital58.com.ve\/site\/2020\/08\/05\/anuel-aa-realizara-una-larga-gira-por-espana-en-el-verano-2021\/#breadcrumb","itemListElement":[{"@type":"ListItem","position":1,"name":"Home","item":"https:\/\/digital58.com.ve\/site\/"},{"@type":"ListItem","position":2,"name":"Anuel AA, realizar\u00e1 una larga gira por Espa\u00f1a en el verano 2021"}]},{"@type":"WebSite","@id":"https:\/\/digital58.com.ve\/site\/#website","url":"https:\/\/digital58.com.ve\/site\/","name":"Noticias Digital58","description":"Portal de Noticias \u00a1Periodismo web de verdad! Lanzamiento web 22.11.2005 \/ Maracaibo, Venezuela","publisher":{"@id":"https:\/\/digital58.com.ve\/site\/#\/schema\/person\/64d1c2e4d0d4fd1b849980c4331c2951"},"alternateName":"ND58","potentialAction":[{"@type":"SearchAction","target":{"@type":"EntryPoint","urlTemplate":"https:\/\/digital58.com.ve\/site\/?s={search_term_string}"},"query-input":{"@type":"PropertyValueSpecification","valueRequired":true,"valueName":"search_term_string"}}],"inLanguage":"es"},{"@type":["Person","Organization"],"@id":"https:\/\/digital58.com.ve\/site\/#\/schema\/person\/64d1c2e4d0d4fd1b849980c4331c2951","name":"Villasmil Henry","image":{"@type":"ImageObject","inLanguage":"es","@id":"https:\/\/secure.gravatar.com\/avatar\/bb0c4a2fcb7970138239f7e404ea75757b1b507b28b5ce4c53fbd62d797c5a7c?s=96&d=mm&r=g","url":"https:\/\/secure.gravatar.com\/avatar\/bb0c4a2fcb7970138239f7e404ea75757b1b507b28b5ce4c53fbd62d797c5a7c?s=96&d=mm&r=g","contentUrl":"https:\/\/secure.gravatar.com\/avatar\/bb0c4a2fcb7970138239f7e404ea75757b1b507b28b5ce4c53fbd62d797c5a7c?s=96&d=mm&r=g","caption":"Villasmil Henry"},"logo":{"@id":"https:\/\/secure.gravatar.com\/avatar\/bb0c4a2fcb7970138239f7e404ea75757b1b507b28b5ce4c53fbd62d797c5a7c?s=96&d=mm&r=g"},"sameAs":["http:\/\/www.henryvillasmil.com.ve","https:\/\/www.instagram.com\/villasmilhfoto\/","https:\/\/x.com\/https:\/\/twitter.com\/villasmilhfoto"]},{"@type":"Person","@id":"https:\/\/digital58.com.ve\/site\/#\/schema\/person\/6672bab44ab958838204ebb2cb0e8d52","name":"Rubio Laura Isabel","image":{"@type":"ImageObject","inLanguage":"es","@id":"https:\/\/secure.gravatar.com\/avatar\/f7cc56b26fb0562df4488ff129a58c3c1a1bd264c9af5f313a9b1797fff1cfb9?s=96&d=mm&r=g","url":"https:\/\/secure.gravatar.com\/avatar\/f7cc56b26fb0562df4488ff129a58c3c1a1bd264c9af5f313a9b1797fff1cfb9?s=96&d=mm&r=g","contentUrl":"https:\/\/secure.gravatar.com\/avatar\/f7cc56b26fb0562df4488ff129a58c3c1a1bd264c9af5f313a9b1797fff1cfb9?s=96&d=mm&r=g","caption":"Rubio Laura Isabel"},"url":"https:\/\/digital58.com.ve\/site\/author\/laurarubio\/"}]}},"uagb_featured_image_src":{"full":["https:\/\/digital58.com.ve\/site\/wp-content\/uploads\/2020\/08\/1594746168_582877_1594746532_gigante_normal.jpg",800,363,false],"thumbnail":["https:\/\/digital58.com.ve\/site\/wp-content\/uploads\/2020\/08\/1594746168_582877_1594746532_gigante_normal-150x150.jpg",150,150,true],"medium":["https:\/\/digital58.com.ve\/site\/wp-content\/uploads\/2020\/08\/1594746168_582877_1594746532_gigante_normal-300x136.jpg",300,136,true],"medium_large":["https:\/\/digital58.com.ve\/site\/wp-content\/uploads\/2020\/08\/1594746168_582877_1594746532_gigante_normal-768x348.jpg",768,348,true],"large":["https:\/\/digital58.com.ve\/site\/wp-content\/uploads\/2020\/08\/1594746168_582877_1594746532_gigante_normal-1500x680.jpg",800,363,true],"1536x1536":["https:\/\/digital58.com.ve\/site\/wp-content\/uploads\/2020\/08\/1594746168_582877_1594746532_gigante_normal-1536x697.jpg",1536,697,true],"2048x2048":["https:\/\/digital58.com.ve\/site\/wp-content\/uploads\/2020\/08\/1594746168_582877_1594746532_gigante_normal.jpg",800,363,false],"colormag-highlighted-post":["https:\/\/digital58.com.ve\/site\/wp-content\/uploads\/2020\/08\/1594746168_582877_1594746532_gigante_normal.jpg",392,178,false],"colormag-featured-post-medium":["https:\/\/digital58.com.ve\/site\/wp-content\/uploads\/2020\/08\/1594746168_582877_1594746532_gigante_normal.jpg",390,177,false],"colormag-featured-post-small":["https:\/\/digital58.com.ve\/site\/wp-content\/uploads\/2020\/08\/1594746168_582877_1594746532_gigante_normal.jpg",130,59,false],"colormag-featured-image":["https:\/\/digital58.com.ve\/site\/wp-content\/uploads\/2020\/08\/1594746168_582877_1594746532_gigante_normal.jpg",800,363,false],"colormag-default-news":["https:\/\/digital58.com.ve\/site\/wp-content\/uploads\/2020\/08\/1594746168_582877_1594746532_gigante_normal.jpg",150,68,false],"colormag-featured-image-large":["https:\/\/digital58.com.ve\/site\/wp-content\/uploads\/2020\/08\/1594746168_582877_1594746532_gigante_normal.jpg",800,363,false]},"uagb_author_info":{"display_name":"Rubio Laura Isabel","author_link":"https:\/\/digital58.com.ve\/site\/author\/laurarubio\/"},"uagb_comment_info":0,"uagb_excerpt":"El nuevo trabajo discogr\u00e1fico del cantante acaba de alcanzar la calificaci\u00f3n de disco de oro, luego de acreditarse m\u00e1s de","_links":{"self":[{"href":"https:\/\/digital58.com.ve\/site\/wp-json\/wp\/v2\/posts\/120094","targetHints":{"allow":["GET"]}}],"collection":[{"href":"https:\/\/digital58.com.ve\/site\/wp-json\/wp\/v2\/posts"}],"about":[{"href":"https:\/\/digital58.com.ve\/site\/wp-json\/wp\/v2\/types\/post"}],"author":[{"embeddable":true,"href":"https:\/\/digital58.com.ve\/site\/wp-json\/wp\/v2\/users\/28"}],"replies":[{"embeddable":true,"href":"https:\/\/digital58.com.ve\/site\/wp-json\/wp\/v2\/comments?post=120094"}],"version-history":[{"count":0,"href":"https:\/\/digital58.com.ve\/site\/wp-json\/wp\/v2\/posts\/120094\/revisions"}],"wp:featuredmedia":[{"embeddable":true,"href":"https:\/\/digital58.com.ve\/site\/wp-json\/wp\/v2\/media\/120110"}],"wp:attachment":[{"href":"https:\/\/digital58.com.ve\/site\/wp-json\/wp\/v2\/media?parent=120094"}],"wp:term":[{"taxonomy":"category","embeddable":true,"href":"https:\/\/digital58.com.ve\/site\/wp-json\/wp\/v2\/categories?post=120094"},{"taxonomy":"post_tag","embeddable":true,"href":"https:\/\/digital58.com.ve\/site\/wp-json\/wp\/v2\/tags?post=120094"}],"curies":[{"name":"wp","href":"https:\/\/api.w.org\/{rel}","templated":true}]}}