{"id":120634,"date":"2020-08-07T20:33:40","date_gmt":"2020-08-08T00:33:40","guid":{"rendered":"https:\/\/digital58.com.ve\/site\/?p=120634"},"modified":"2020-08-07T21:13:23","modified_gmt":"2020-08-08T01:13:23","slug":"durante-reunion-entre-el-gobernador-omar-prieto-con-el-sector-camaronero-y-navieras-se-evaluaron-medidas-para-fortalecer-el-comercio-internacional","status":"publish","type":"post","link":"https:\/\/digital58.com.ve\/site\/2020\/08\/07\/durante-reunion-entre-el-gobernador-omar-prieto-con-el-sector-camaronero-y-navieras-se-evaluaron-medidas-para-fortalecer-el-comercio-internacional\/","title":{"rendered":"Durante reuni\u00f3n entre el gobernador Omar Prieto con el sector camaronero y navieras se evaluaron medidas para fortalecer el comercio internacional"},"content":{"rendered":"<p><img loading=\"lazy\" decoding=\"async\" class=\"size-full wp-image-120636 aligncenter\" src=\"https:\/\/digital58.com.ve\/site\/wp-content\/uploads\/2020\/08\/1-5.jpg\" alt=\"\" width=\"800\" height=\"437\" srcset=\"https:\/\/digital58.com.ve\/site\/wp-content\/uploads\/2020\/08\/1-5.jpg 800w, https:\/\/digital58.com.ve\/site\/wp-content\/uploads\/2020\/08\/1-5-300x164.jpg 300w, https:\/\/digital58.com.ve\/site\/wp-content\/uploads\/2020\/08\/1-5-768x420.jpg 768w\" sizes=\"auto, (max-width: 800px) 100vw, 800px\" \/><\/p>\n<p>Fernando Villamizar, Presidente de la Asociaci\u00f3n de Productores de Camarones del Occidente del pa\u00eds agradeci\u00f3 la identificaci\u00f3n del sector y del impulso ofrecido por el Gobierno Nacional<\/p>\n<p><b>Maracaibo, Zulia, Venezuela <\/b><strong>7 de agosto de 2020 (ND58).-<\/strong>\u00a0El Gobernador del estado Zulia, \u00a0Omar Prieto Fern\u00e1ndez, sostuvo una reuni\u00f3n con el sector camaronero de la entidad, instituciones del estado, empresas navieras y el Alto Mando Militar para potenciar la actividad econ\u00f3mica en tiempos de pandemia.<\/p>\n<p>En ese sentido, el mandatario regional explic\u00f3 que durante el encuentro se evalu\u00f3 algunas medidas de c\u00f3mo seguir avanzando, armonizando y flexibilizando de la mano con el sector productivo para que los empresarios puedan seguir colocando sus productos en otros pa\u00edses.<\/p>\n<p>\u00abDe manera de poder armonizar los costos operativos desde el puerto de Maracaibo para que tengamos t\u00e9cnicamente competitivo el cobro que se les hace a las navieras\u00bb a\u00f1adi\u00f3.<\/p>\n<p>Otro de los temas tocados en la reuni\u00f3n y que fue informado por el Gobernador Omar Prieto, fue la permisologia en la cual se hacen algunos retrasos, por lo que coordin\u00f3 con el Ministerio de Pesca, para ser m\u00e1s \u00f3ptimos en el proceso de exportaci\u00f3n. \u00abPara que sigamos trabajando en pro del desarrollo del estado\u00bb.<\/p>\n<p>Por su parte, Fernando Villamizar, Presidente de la Asociaci\u00f3n de Productores de Camarones del Occidente del pa\u00eds agradeci\u00f3 la identificaci\u00f3n del sector y del impulso ofrecido por el Gobierno Nacional, la cual le fue otorgado el certificado sanitario para China, siendo algo hist\u00f3rico en la relaci\u00f3n China- Venezuela para que de esta manera la industria del camar\u00f3n y otras colaterales que hacen vida en el estado puedan estar de la mano con el rector de la Gobernaci\u00f3n del estado Zulia.<\/p>\n<p>\u00abEs un factor fundamental, hoy, ma\u00f1ana y para el futuro para que verdaderamente el estado Zulia lleguemos a los niveles de producci\u00f3n y productividad dando respuesta a la pol\u00edtica y al compromiso que tenemos en el sector agroalimentario del pa\u00eds\u00bb acot\u00f3.<\/p>\n<p>Agreg\u00f3 que el Gobierno Nacional y Regional apoyar\u00e1 al sector con medidas de bioseguridad ante la\u00a0 COVID-19, para garantizar el mercado camaronero. \u00abEstamos certificando nuestras plantas bajo el protocolo y que este avalado por el Ministerio de Salud siendo uno de los grandes impulsores el Gobernador Omar Prieto\u00bb.<\/p>\n<p>Por otra parte, Miguel Freino, representante de la Agencia Naviera expres\u00f3 que est\u00e1n trayendo un barco por la empresa CFS, el cual est\u00e1 encargado de la exportaci\u00f3n e importaci\u00f3n de dicho producto agroalimentario.<\/p>\n<p>\u00abLa reuni\u00f3n fue fruct\u00edfera tratando de que los costos sean menores e incentivar a la parte de exportaci\u00f3n y estamos tratando de que estos coasociados y permisos que se requiere para exportar un contenedor sea menos engorroso\u00bb.<\/p><div class=\"tlsrb69efc6422a2f6\" ><p style=\"text-align: center;\"><a href=\"https:\/\/t.me\/noticiasdigital58\" target=\"_blank\" rel=\"noopener\"><img class=\"aligncenter size-full wp-image-125363\" src=\"https:\/\/digital58.com.ve\/site\/wp-content\/uploads\/2021\/04\/banner-telegram-web-2021.png\" alt=\"\" width=\"600\" height=\"90\" \/><\/a><\/p><\/div><style type=\"text\/css\">\r\n@media screen and (min-width: 1201px) {\r\n.tlsrb69efc6422a2f6 {\r\ndisplay: block;\r\n}\r\n}\r\n@media screen and (min-width: 993px) and (max-width: 1200px) {\r\n.tlsrb69efc6422a2f6 {\r\ndisplay: block;\r\n}\r\n}\r\n@media screen and (min-width: 769px) and (max-width: 992px) {\r\n.tlsrb69efc6422a2f6 {\r\ndisplay: block;\r\n}\r\n}\r\n@media screen and (min-width: 768px) and (max-width: 768px) {\r\n.tlsrb69efc6422a2f6 {\r\ndisplay: block;\r\n}\r\n}\r\n@media screen and (max-width: 767px) {\r\n.tlsrb69efc6422a2f6 {\r\ndisplay: block;\r\n}\r\n}\r\n<\/style>\r\n\n<p><b><strong>Re<\/strong><strong>dacci\u00f3n: Molero, Luis\u00a0 (@Moleromarquez) | Fuente:\u00a0 Nota de Prensa<br \/>\nEdici\u00f3n: Villasmil, Henry<br \/>\nGr\u00e1ficas: Cortes\u00eda<\/strong><\/b><\/p>\n<div style=\"margin-top: 0px; margin-bottom: 0px;\" class=\"sharethis-inline-share-buttons\" ><\/div>","protected":false},"excerpt":{"rendered":"<p>Fernando Villamizar, Presidente de la Asociaci\u00f3n de Productores de Camarones del Occidente del pa\u00eds agradeci\u00f3 la identificaci\u00f3n del sector y<\/p>\n","protected":false},"author":26,"featured_media":120638,"comment_status":"open","ping_status":"closed","sticky":false,"template":"","format":"standard","meta":{"colormag_page_container_layout":"default_layout","colormag_page_sidebar_layout":"default_layout","_uag_custom_page_level_css":"","footnotes":""},"categories":[14504],"tags":[19779,19780,19777,18102,73,19778,19783,19784,761],"class_list":["post-120634","post","type-post","status-publish","format-standard","has-post-thumbnail","hentry","category-zulia","tag-asociacion-de-productores-de-camarones-del-occidente-del-pais","tag-cfs","tag-fernando-villamizar","tag-gobernador-omar-prieto-fernandez","tag-maracaibo","tag-reunion","tag-sector-camaronero","tag-sector-naviero","tag-zulia"],"yoast_head":"<!-- This site is optimized with the Yoast SEO plugin v27.4 - https:\/\/yoast.com\/product\/yoast-seo-wordpress\/ -->\n<title>Durante reuni\u00f3n entre el gobernador Omar Prieto con el sector camaronero y navieras se evaluaron medidas para fortalecer el comercio internacional<\/title>\n<meta name=\"description\" content=\"Zulia\" \/>\n<meta name=\"robots\" content=\"index, follow, max-snippet:-1, max-image-preview:large, max-video-preview:-1\" \/>\n<link rel=\"canonical\" href=\"https:\/\/digital58.com.ve\/site\/2020\/08\/07\/durante-reunion-entre-el-gobernador-omar-prieto-con-el-sector-camaronero-y-navieras-se-evaluaron-medidas-para-fortalecer-el-comercio-internacional\/\" \/>\n<meta property=\"og:locale\" content=\"es_ES\" \/>\n<meta property=\"og:type\" content=\"article\" \/>\n<meta property=\"og:title\" content=\"Durante reuni\u00f3n entre el gobernador Omar Prieto con el sector camaronero y navieras se evaluaron medidas para fortalecer el comercio internacional\" \/>\n<meta property=\"og:description\" content=\"Zulia\" \/>\n<meta property=\"og:url\" content=\"https:\/\/digital58.com.ve\/site\/2020\/08\/07\/durante-reunion-entre-el-gobernador-omar-prieto-con-el-sector-camaronero-y-navieras-se-evaluaron-medidas-para-fortalecer-el-comercio-internacional\/\" \/>\n<meta property=\"og:site_name\" content=\"Noticias Digital58\" \/>\n<meta property=\"article:published_time\" content=\"2020-08-08T00:33:40+00:00\" \/>\n<meta property=\"article:modified_time\" content=\"2020-08-08T01:13:23+00:00\" \/>\n<meta property=\"og:image\" content=\"https:\/\/digital58.com.ve\/site\/wp-content\/uploads\/2020\/08\/2-3.jpg\" \/>\n\t<meta property=\"og:image:width\" content=\"800\" \/>\n\t<meta property=\"og:image:height\" content=\"509\" \/>\n\t<meta property=\"og:image:type\" content=\"image\/jpeg\" \/>\n<meta name=\"author\" content=\"Molero Luis\" \/>\n<meta name=\"twitter:card\" content=\"summary_large_image\" \/>\n<meta name=\"twitter:creator\" content=\"@Digital_58\" \/>\n<meta name=\"twitter:site\" content=\"@villasmilhfoto\" \/>\n<meta name=\"twitter:label1\" content=\"Escrito por\" \/>\n\t<meta name=\"twitter:data1\" content=\"Molero Luis\" \/>\n\t<meta name=\"twitter:label2\" content=\"Tiempo estimado de lectura\" \/>\n\t<meta name=\"twitter:data2\" content=\"2 minutos\" \/>\n<script type=\"application\/ld+json\" class=\"yoast-schema-graph\">{\"@context\":\"https:\\\/\\\/schema.org\",\"@graph\":[{\"@type\":\"Article\",\"@id\":\"https:\\\/\\\/digital58.com.ve\\\/site\\\/2020\\\/08\\\/07\\\/durante-reunion-entre-el-gobernador-omar-prieto-con-el-sector-camaronero-y-navieras-se-evaluaron-medidas-para-fortalecer-el-comercio-internacional\\\/#article\",\"isPartOf\":{\"@id\":\"https:\\\/\\\/digital58.com.ve\\\/site\\\/2020\\\/08\\\/07\\\/durante-reunion-entre-el-gobernador-omar-prieto-con-el-sector-camaronero-y-navieras-se-evaluaron-medidas-para-fortalecer-el-comercio-internacional\\\/\"},\"author\":{\"name\":\"Molero Luis\",\"@id\":\"https:\\\/\\\/digital58.com.ve\\\/site\\\/#\\\/schema\\\/person\\\/c61667ce6845137620ee3f0aaabade17\"},\"headline\":\"Durante reuni\u00f3n entre el gobernador Omar Prieto con el sector camaronero y navieras se evaluaron medidas para fortalecer el comercio internacional\",\"datePublished\":\"2020-08-08T00:33:40+00:00\",\"dateModified\":\"2020-08-08T01:13:23+00:00\",\"mainEntityOfPage\":{\"@id\":\"https:\\\/\\\/digital58.com.ve\\\/site\\\/2020\\\/08\\\/07\\\/durante-reunion-entre-el-gobernador-omar-prieto-con-el-sector-camaronero-y-navieras-se-evaluaron-medidas-para-fortalecer-el-comercio-internacional\\\/\"},\"wordCount\":505,\"commentCount\":0,\"publisher\":{\"@id\":\"https:\\\/\\\/digital58.com.ve\\\/site\\\/#\\\/schema\\\/person\\\/64d1c2e4d0d4fd1b849980c4331c2951\"},\"image\":{\"@id\":\"https:\\\/\\\/digital58.com.ve\\\/site\\\/2020\\\/08\\\/07\\\/durante-reunion-entre-el-gobernador-omar-prieto-con-el-sector-camaronero-y-navieras-se-evaluaron-medidas-para-fortalecer-el-comercio-internacional\\\/#primaryimage\"},\"thumbnailUrl\":\"https:\\\/\\\/digital58.com.ve\\\/site\\\/wp-content\\\/uploads\\\/2020\\\/08\\\/2-3.jpg\",\"keywords\":[\"Asociaci\u00f3n de Productores de Camarones del Occidente del pa\u00eds\",\"CFS\",\"Fernando Villamizar\",\"Gobernador Omar Prieto Fern\u00e1ndez\",\"Maracaibo\",\"Reuni\u00f2n\",\"Sector Camaronero\",\"Sector Naviero\",\"Zulia\"],\"articleSection\":[\"Zulia\"],\"inLanguage\":\"es\",\"potentialAction\":[{\"@type\":\"CommentAction\",\"name\":\"Comment\",\"target\":[\"https:\\\/\\\/digital58.com.ve\\\/site\\\/2020\\\/08\\\/07\\\/durante-reunion-entre-el-gobernador-omar-prieto-con-el-sector-camaronero-y-navieras-se-evaluaron-medidas-para-fortalecer-el-comercio-internacional\\\/#respond\"]}]},{\"@type\":\"WebPage\",\"@id\":\"https:\\\/\\\/digital58.com.ve\\\/site\\\/2020\\\/08\\\/07\\\/durante-reunion-entre-el-gobernador-omar-prieto-con-el-sector-camaronero-y-navieras-se-evaluaron-medidas-para-fortalecer-el-comercio-internacional\\\/\",\"url\":\"https:\\\/\\\/digital58.com.ve\\\/site\\\/2020\\\/08\\\/07\\\/durante-reunion-entre-el-gobernador-omar-prieto-con-el-sector-camaronero-y-navieras-se-evaluaron-medidas-para-fortalecer-el-comercio-internacional\\\/\",\"name\":\"Durante reuni\u00f3n entre el gobernador Omar Prieto con el sector camaronero y navieras se evaluaron medidas para fortalecer el comercio internacional\",\"isPartOf\":{\"@id\":\"https:\\\/\\\/digital58.com.ve\\\/site\\\/#website\"},\"primaryImageOfPage\":{\"@id\":\"https:\\\/\\\/digital58.com.ve\\\/site\\\/2020\\\/08\\\/07\\\/durante-reunion-entre-el-gobernador-omar-prieto-con-el-sector-camaronero-y-navieras-se-evaluaron-medidas-para-fortalecer-el-comercio-internacional\\\/#primaryimage\"},\"image\":{\"@id\":\"https:\\\/\\\/digital58.com.ve\\\/site\\\/2020\\\/08\\\/07\\\/durante-reunion-entre-el-gobernador-omar-prieto-con-el-sector-camaronero-y-navieras-se-evaluaron-medidas-para-fortalecer-el-comercio-internacional\\\/#primaryimage\"},\"thumbnailUrl\":\"https:\\\/\\\/digital58.com.ve\\\/site\\\/wp-content\\\/uploads\\\/2020\\\/08\\\/2-3.jpg\",\"datePublished\":\"2020-08-08T00:33:40+00:00\",\"dateModified\":\"2020-08-08T01:13:23+00:00\",\"description\":\"Zulia\",\"breadcrumb\":{\"@id\":\"https:\\\/\\\/digital58.com.ve\\\/site\\\/2020\\\/08\\\/07\\\/durante-reunion-entre-el-gobernador-omar-prieto-con-el-sector-camaronero-y-navieras-se-evaluaron-medidas-para-fortalecer-el-comercio-internacional\\\/#breadcrumb\"},\"inLanguage\":\"es\",\"potentialAction\":[{\"@type\":\"ReadAction\",\"target\":[\"https:\\\/\\\/digital58.com.ve\\\/site\\\/2020\\\/08\\\/07\\\/durante-reunion-entre-el-gobernador-omar-prieto-con-el-sector-camaronero-y-navieras-se-evaluaron-medidas-para-fortalecer-el-comercio-internacional\\\/\"]}]},{\"@type\":\"ImageObject\",\"inLanguage\":\"es\",\"@id\":\"https:\\\/\\\/digital58.com.ve\\\/site\\\/2020\\\/08\\\/07\\\/durante-reunion-entre-el-gobernador-omar-prieto-con-el-sector-camaronero-y-navieras-se-evaluaron-medidas-para-fortalecer-el-comercio-internacional\\\/#primaryimage\",\"url\":\"https:\\\/\\\/digital58.com.ve\\\/site\\\/wp-content\\\/uploads\\\/2020\\\/08\\\/2-3.jpg\",\"contentUrl\":\"https:\\\/\\\/digital58.com.ve\\\/site\\\/wp-content\\\/uploads\\\/2020\\\/08\\\/2-3.jpg\",\"width\":800,\"height\":509},{\"@type\":\"BreadcrumbList\",\"@id\":\"https:\\\/\\\/digital58.com.ve\\\/site\\\/2020\\\/08\\\/07\\\/durante-reunion-entre-el-gobernador-omar-prieto-con-el-sector-camaronero-y-navieras-se-evaluaron-medidas-para-fortalecer-el-comercio-internacional\\\/#breadcrumb\",\"itemListElement\":[{\"@type\":\"ListItem\",\"position\":1,\"name\":\"Home\",\"item\":\"https:\\\/\\\/digital58.com.ve\\\/site\\\/\"},{\"@type\":\"ListItem\",\"position\":2,\"name\":\"Durante reuni\u00f3n entre el gobernador Omar Prieto con el sector camaronero y navieras se evaluaron medidas para fortalecer el comercio internacional\"}]},{\"@type\":\"WebSite\",\"@id\":\"https:\\\/\\\/digital58.com.ve\\\/site\\\/#website\",\"url\":\"https:\\\/\\\/digital58.com.ve\\\/site\\\/\",\"name\":\"Noticias Digital58\",\"description\":\"Portal de Noticias \u00a1Periodismo web de verdad! Lanzamiento web 22.11.2005 \\\/ Maracaibo, Venezuela\",\"publisher\":{\"@id\":\"https:\\\/\\\/digital58.com.ve\\\/site\\\/#\\\/schema\\\/person\\\/64d1c2e4d0d4fd1b849980c4331c2951\"},\"alternateName\":\"ND58\",\"potentialAction\":[{\"@type\":\"SearchAction\",\"target\":{\"@type\":\"EntryPoint\",\"urlTemplate\":\"https:\\\/\\\/digital58.com.ve\\\/site\\\/?s={search_term_string}\"},\"query-input\":{\"@type\":\"PropertyValueSpecification\",\"valueRequired\":true,\"valueName\":\"search_term_string\"}}],\"inLanguage\":\"es\"},{\"@type\":[\"Person\",\"Organization\"],\"@id\":\"https:\\\/\\\/digital58.com.ve\\\/site\\\/#\\\/schema\\\/person\\\/64d1c2e4d0d4fd1b849980c4331c2951\",\"name\":\"Villasmil Henry\",\"image\":{\"@type\":\"ImageObject\",\"inLanguage\":\"es\",\"@id\":\"https:\\\/\\\/secure.gravatar.com\\\/avatar\\\/bb0c4a2fcb7970138239f7e404ea75757b1b507b28b5ce4c53fbd62d797c5a7c?s=96&d=mm&r=g\",\"url\":\"https:\\\/\\\/secure.gravatar.com\\\/avatar\\\/bb0c4a2fcb7970138239f7e404ea75757b1b507b28b5ce4c53fbd62d797c5a7c?s=96&d=mm&r=g\",\"contentUrl\":\"https:\\\/\\\/secure.gravatar.com\\\/avatar\\\/bb0c4a2fcb7970138239f7e404ea75757b1b507b28b5ce4c53fbd62d797c5a7c?s=96&d=mm&r=g\",\"caption\":\"Villasmil Henry\"},\"logo\":{\"@id\":\"https:\\\/\\\/secure.gravatar.com\\\/avatar\\\/bb0c4a2fcb7970138239f7e404ea75757b1b507b28b5ce4c53fbd62d797c5a7c?s=96&d=mm&r=g\"},\"sameAs\":[\"http:\\\/\\\/www.henryvillasmil.com.ve\",\"https:\\\/\\\/www.instagram.com\\\/villasmilhfoto\\\/\",\"https:\\\/\\\/x.com\\\/https:\\\/\\\/twitter.com\\\/villasmilhfoto\"]},{\"@type\":\"Person\",\"@id\":\"https:\\\/\\\/digital58.com.ve\\\/site\\\/#\\\/schema\\\/person\\\/c61667ce6845137620ee3f0aaabade17\",\"name\":\"Molero Luis\",\"image\":{\"@type\":\"ImageObject\",\"inLanguage\":\"es\",\"@id\":\"https:\\\/\\\/secure.gravatar.com\\\/avatar\\\/bf041ec637e3e7405449807deb2f7cf3d2de7c6fa755dd56e985201de9863f2b?s=96&d=mm&r=g\",\"url\":\"https:\\\/\\\/secure.gravatar.com\\\/avatar\\\/bf041ec637e3e7405449807deb2f7cf3d2de7c6fa755dd56e985201de9863f2b?s=96&d=mm&r=g\",\"contentUrl\":\"https:\\\/\\\/secure.gravatar.com\\\/avatar\\\/bf041ec637e3e7405449807deb2f7cf3d2de7c6fa755dd56e985201de9863f2b?s=96&d=mm&r=g\",\"caption\":\"Molero Luis\"},\"url\":\"https:\\\/\\\/digital58.com.ve\\\/site\\\/author\\\/luismolero\\\/\"}]}<\/script>\n<!-- \/ Yoast SEO plugin. -->","yoast_head_json":{"title":"Durante reuni\u00f3n entre el gobernador Omar Prieto con el sector camaronero y navieras se evaluaron medidas para fortalecer el comercio internacional","description":"Zulia","robots":{"index":"index","follow":"follow","max-snippet":"max-snippet:-1","max-image-preview":"max-image-preview:large","max-video-preview":"max-video-preview:-1"},"canonical":"https:\/\/digital58.com.ve\/site\/2020\/08\/07\/durante-reunion-entre-el-gobernador-omar-prieto-con-el-sector-camaronero-y-navieras-se-evaluaron-medidas-para-fortalecer-el-comercio-internacional\/","og_locale":"es_ES","og_type":"article","og_title":"Durante reuni\u00f3n entre el gobernador Omar Prieto con el sector camaronero y navieras se evaluaron medidas para fortalecer el comercio internacional","og_description":"Zulia","og_url":"https:\/\/digital58.com.ve\/site\/2020\/08\/07\/durante-reunion-entre-el-gobernador-omar-prieto-con-el-sector-camaronero-y-navieras-se-evaluaron-medidas-para-fortalecer-el-comercio-internacional\/","og_site_name":"Noticias Digital58","article_published_time":"2020-08-08T00:33:40+00:00","article_modified_time":"2020-08-08T01:13:23+00:00","og_image":[{"width":800,"height":509,"url":"https:\/\/digital58.com.ve\/site\/wp-content\/uploads\/2020\/08\/2-3.jpg","type":"image\/jpeg"}],"author":"Molero Luis","twitter_card":"summary_large_image","twitter_creator":"@Digital_58","twitter_site":"@villasmilhfoto","twitter_misc":{"Escrito por":"Molero Luis","Tiempo estimado de lectura":"2 minutos"},"schema":{"@context":"https:\/\/schema.org","@graph":[{"@type":"Article","@id":"https:\/\/digital58.com.ve\/site\/2020\/08\/07\/durante-reunion-entre-el-gobernador-omar-prieto-con-el-sector-camaronero-y-navieras-se-evaluaron-medidas-para-fortalecer-el-comercio-internacional\/#article","isPartOf":{"@id":"https:\/\/digital58.com.ve\/site\/2020\/08\/07\/durante-reunion-entre-el-gobernador-omar-prieto-con-el-sector-camaronero-y-navieras-se-evaluaron-medidas-para-fortalecer-el-comercio-internacional\/"},"author":{"name":"Molero Luis","@id":"https:\/\/digital58.com.ve\/site\/#\/schema\/person\/c61667ce6845137620ee3f0aaabade17"},"headline":"Durante reuni\u00f3n entre el gobernador Omar Prieto con el sector camaronero y navieras se evaluaron medidas para fortalecer el comercio internacional","datePublished":"2020-08-08T00:33:40+00:00","dateModified":"2020-08-08T01:13:23+00:00","mainEntityOfPage":{"@id":"https:\/\/digital58.com.ve\/site\/2020\/08\/07\/durante-reunion-entre-el-gobernador-omar-prieto-con-el-sector-camaronero-y-navieras-se-evaluaron-medidas-para-fortalecer-el-comercio-internacional\/"},"wordCount":505,"commentCount":0,"publisher":{"@id":"https:\/\/digital58.com.ve\/site\/#\/schema\/person\/64d1c2e4d0d4fd1b849980c4331c2951"},"image":{"@id":"https:\/\/digital58.com.ve\/site\/2020\/08\/07\/durante-reunion-entre-el-gobernador-omar-prieto-con-el-sector-camaronero-y-navieras-se-evaluaron-medidas-para-fortalecer-el-comercio-internacional\/#primaryimage"},"thumbnailUrl":"https:\/\/digital58.com.ve\/site\/wp-content\/uploads\/2020\/08\/2-3.jpg","keywords":["Asociaci\u00f3n de Productores de Camarones del Occidente del pa\u00eds","CFS","Fernando Villamizar","Gobernador Omar Prieto Fern\u00e1ndez","Maracaibo","Reuni\u00f2n","Sector Camaronero","Sector Naviero","Zulia"],"articleSection":["Zulia"],"inLanguage":"es","potentialAction":[{"@type":"CommentAction","name":"Comment","target":["https:\/\/digital58.com.ve\/site\/2020\/08\/07\/durante-reunion-entre-el-gobernador-omar-prieto-con-el-sector-camaronero-y-navieras-se-evaluaron-medidas-para-fortalecer-el-comercio-internacional\/#respond"]}]},{"@type":"WebPage","@id":"https:\/\/digital58.com.ve\/site\/2020\/08\/07\/durante-reunion-entre-el-gobernador-omar-prieto-con-el-sector-camaronero-y-navieras-se-evaluaron-medidas-para-fortalecer-el-comercio-internacional\/","url":"https:\/\/digital58.com.ve\/site\/2020\/08\/07\/durante-reunion-entre-el-gobernador-omar-prieto-con-el-sector-camaronero-y-navieras-se-evaluaron-medidas-para-fortalecer-el-comercio-internacional\/","name":"Durante reuni\u00f3n entre el gobernador Omar Prieto con el sector camaronero y navieras se evaluaron medidas para fortalecer el comercio internacional","isPartOf":{"@id":"https:\/\/digital58.com.ve\/site\/#website"},"primaryImageOfPage":{"@id":"https:\/\/digital58.com.ve\/site\/2020\/08\/07\/durante-reunion-entre-el-gobernador-omar-prieto-con-el-sector-camaronero-y-navieras-se-evaluaron-medidas-para-fortalecer-el-comercio-internacional\/#primaryimage"},"image":{"@id":"https:\/\/digital58.com.ve\/site\/2020\/08\/07\/durante-reunion-entre-el-gobernador-omar-prieto-con-el-sector-camaronero-y-navieras-se-evaluaron-medidas-para-fortalecer-el-comercio-internacional\/#primaryimage"},"thumbnailUrl":"https:\/\/digital58.com.ve\/site\/wp-content\/uploads\/2020\/08\/2-3.jpg","datePublished":"2020-08-08T00:33:40+00:00","dateModified":"2020-08-08T01:13:23+00:00","description":"Zulia","breadcrumb":{"@id":"https:\/\/digital58.com.ve\/site\/2020\/08\/07\/durante-reunion-entre-el-gobernador-omar-prieto-con-el-sector-camaronero-y-navieras-se-evaluaron-medidas-para-fortalecer-el-comercio-internacional\/#breadcrumb"},"inLanguage":"es","potentialAction":[{"@type":"ReadAction","target":["https:\/\/digital58.com.ve\/site\/2020\/08\/07\/durante-reunion-entre-el-gobernador-omar-prieto-con-el-sector-camaronero-y-navieras-se-evaluaron-medidas-para-fortalecer-el-comercio-internacional\/"]}]},{"@type":"ImageObject","inLanguage":"es","@id":"https:\/\/digital58.com.ve\/site\/2020\/08\/07\/durante-reunion-entre-el-gobernador-omar-prieto-con-el-sector-camaronero-y-navieras-se-evaluaron-medidas-para-fortalecer-el-comercio-internacional\/#primaryimage","url":"https:\/\/digital58.com.ve\/site\/wp-content\/uploads\/2020\/08\/2-3.jpg","contentUrl":"https:\/\/digital58.com.ve\/site\/wp-content\/uploads\/2020\/08\/2-3.jpg","width":800,"height":509},{"@type":"BreadcrumbList","@id":"https:\/\/digital58.com.ve\/site\/2020\/08\/07\/durante-reunion-entre-el-gobernador-omar-prieto-con-el-sector-camaronero-y-navieras-se-evaluaron-medidas-para-fortalecer-el-comercio-internacional\/#breadcrumb","itemListElement":[{"@type":"ListItem","position":1,"name":"Home","item":"https:\/\/digital58.com.ve\/site\/"},{"@type":"ListItem","position":2,"name":"Durante reuni\u00f3n entre el gobernador Omar Prieto con el sector camaronero y navieras se evaluaron medidas para fortalecer el comercio internacional"}]},{"@type":"WebSite","@id":"https:\/\/digital58.com.ve\/site\/#website","url":"https:\/\/digital58.com.ve\/site\/","name":"Noticias Digital58","description":"Portal de Noticias \u00a1Periodismo web de verdad! Lanzamiento web 22.11.2005 \/ Maracaibo, Venezuela","publisher":{"@id":"https:\/\/digital58.com.ve\/site\/#\/schema\/person\/64d1c2e4d0d4fd1b849980c4331c2951"},"alternateName":"ND58","potentialAction":[{"@type":"SearchAction","target":{"@type":"EntryPoint","urlTemplate":"https:\/\/digital58.com.ve\/site\/?s={search_term_string}"},"query-input":{"@type":"PropertyValueSpecification","valueRequired":true,"valueName":"search_term_string"}}],"inLanguage":"es"},{"@type":["Person","Organization"],"@id":"https:\/\/digital58.com.ve\/site\/#\/schema\/person\/64d1c2e4d0d4fd1b849980c4331c2951","name":"Villasmil Henry","image":{"@type":"ImageObject","inLanguage":"es","@id":"https:\/\/secure.gravatar.com\/avatar\/bb0c4a2fcb7970138239f7e404ea75757b1b507b28b5ce4c53fbd62d797c5a7c?s=96&d=mm&r=g","url":"https:\/\/secure.gravatar.com\/avatar\/bb0c4a2fcb7970138239f7e404ea75757b1b507b28b5ce4c53fbd62d797c5a7c?s=96&d=mm&r=g","contentUrl":"https:\/\/secure.gravatar.com\/avatar\/bb0c4a2fcb7970138239f7e404ea75757b1b507b28b5ce4c53fbd62d797c5a7c?s=96&d=mm&r=g","caption":"Villasmil Henry"},"logo":{"@id":"https:\/\/secure.gravatar.com\/avatar\/bb0c4a2fcb7970138239f7e404ea75757b1b507b28b5ce4c53fbd62d797c5a7c?s=96&d=mm&r=g"},"sameAs":["http:\/\/www.henryvillasmil.com.ve","https:\/\/www.instagram.com\/villasmilhfoto\/","https:\/\/x.com\/https:\/\/twitter.com\/villasmilhfoto"]},{"@type":"Person","@id":"https:\/\/digital58.com.ve\/site\/#\/schema\/person\/c61667ce6845137620ee3f0aaabade17","name":"Molero Luis","image":{"@type":"ImageObject","inLanguage":"es","@id":"https:\/\/secure.gravatar.com\/avatar\/bf041ec637e3e7405449807deb2f7cf3d2de7c6fa755dd56e985201de9863f2b?s=96&d=mm&r=g","url":"https:\/\/secure.gravatar.com\/avatar\/bf041ec637e3e7405449807deb2f7cf3d2de7c6fa755dd56e985201de9863f2b?s=96&d=mm&r=g","contentUrl":"https:\/\/secure.gravatar.com\/avatar\/bf041ec637e3e7405449807deb2f7cf3d2de7c6fa755dd56e985201de9863f2b?s=96&d=mm&r=g","caption":"Molero Luis"},"url":"https:\/\/digital58.com.ve\/site\/author\/luismolero\/"}]}},"uagb_featured_image_src":{"full":["https:\/\/digital58.com.ve\/site\/wp-content\/uploads\/2020\/08\/2-3.jpg",800,509,false],"thumbnail":["https:\/\/digital58.com.ve\/site\/wp-content\/uploads\/2020\/08\/2-3-150x150.jpg",150,150,true],"medium":["https:\/\/digital58.com.ve\/site\/wp-content\/uploads\/2020\/08\/2-3-300x191.jpg",300,191,true],"medium_large":["https:\/\/digital58.com.ve\/site\/wp-content\/uploads\/2020\/08\/2-3-768x489.jpg",768,489,true],"large":["https:\/\/digital58.com.ve\/site\/wp-content\/uploads\/2020\/08\/2-3.jpg",800,509,false],"1536x1536":["https:\/\/digital58.com.ve\/site\/wp-content\/uploads\/2020\/08\/2-3.jpg",800,509,false],"2048x2048":["https:\/\/digital58.com.ve\/site\/wp-content\/uploads\/2020\/08\/2-3.jpg",800,509,false],"colormag-highlighted-post":["https:\/\/digital58.com.ve\/site\/wp-content\/uploads\/2020\/08\/2-3.jpg",392,249,false],"colormag-featured-post-medium":["https:\/\/digital58.com.ve\/site\/wp-content\/uploads\/2020\/08\/2-3.jpg",322,205,false],"colormag-featured-post-small":["https:\/\/digital58.com.ve\/site\/wp-content\/uploads\/2020\/08\/2-3.jpg",130,83,false],"colormag-featured-image":["https:\/\/digital58.com.ve\/site\/wp-content\/uploads\/2020\/08\/2-3.jpg",699,445,false],"colormag-default-news":["https:\/\/digital58.com.ve\/site\/wp-content\/uploads\/2020\/08\/2-3.jpg",150,95,false],"colormag-featured-image-large":["https:\/\/digital58.com.ve\/site\/wp-content\/uploads\/2020\/08\/2-3.jpg",800,509,false]},"uagb_author_info":{"display_name":"Molero Luis","author_link":"https:\/\/digital58.com.ve\/site\/author\/luismolero\/"},"uagb_comment_info":0,"uagb_excerpt":"Fernando Villamizar, Presidente de la Asociaci\u00f3n de Productores de Camarones del Occidente del pa\u00eds agradeci\u00f3 la identificaci\u00f3n del sector y","_links":{"self":[{"href":"https:\/\/digital58.com.ve\/site\/wp-json\/wp\/v2\/posts\/120634","targetHints":{"allow":["GET"]}}],"collection":[{"href":"https:\/\/digital58.com.ve\/site\/wp-json\/wp\/v2\/posts"}],"about":[{"href":"https:\/\/digital58.com.ve\/site\/wp-json\/wp\/v2\/types\/post"}],"author":[{"embeddable":true,"href":"https:\/\/digital58.com.ve\/site\/wp-json\/wp\/v2\/users\/26"}],"replies":[{"embeddable":true,"href":"https:\/\/digital58.com.ve\/site\/wp-json\/wp\/v2\/comments?post=120634"}],"version-history":[{"count":0,"href":"https:\/\/digital58.com.ve\/site\/wp-json\/wp\/v2\/posts\/120634\/revisions"}],"wp:featuredmedia":[{"embeddable":true,"href":"https:\/\/digital58.com.ve\/site\/wp-json\/wp\/v2\/media\/120638"}],"wp:attachment":[{"href":"https:\/\/digital58.com.ve\/site\/wp-json\/wp\/v2\/media?parent=120634"}],"wp:term":[{"taxonomy":"category","embeddable":true,"href":"https:\/\/digital58.com.ve\/site\/wp-json\/wp\/v2\/categories?post=120634"},{"taxonomy":"post_tag","embeddable":true,"href":"https:\/\/digital58.com.ve\/site\/wp-json\/wp\/v2\/tags?post=120634"}],"curies":[{"name":"wp","href":"https:\/\/api.w.org\/{rel}","templated":true}]}}