{"id":120853,"date":"2020-08-09T08:29:43","date_gmt":"2020-08-09T12:29:43","guid":{"rendered":"https:\/\/digital58.com.ve\/site\/?p=120853"},"modified":"2020-08-09T08:29:43","modified_gmt":"2020-08-09T12:29:43","slug":"sube-a-18-la-cifra-de-muertos-en-el-accidente-del-avion-en-india","status":"publish","type":"post","link":"https:\/\/digital58.com.ve\/site\/2020\/08\/09\/sube-a-18-la-cifra-de-muertos-en-el-accidente-del-avion-en-india\/","title":{"rendered":"Sube a 18 la cifra de muertos en el accidente del avi\u00f3n en India"},"content":{"rendered":"<p><a href=\"https:\/\/digital58.com.ve\/site\/wp-content\/uploads\/2020\/08\/india-avion-09-08-20.jpg\"><img loading=\"lazy\" decoding=\"async\" class=\"aligncenter size-full wp-image-120854\" src=\"https:\/\/digital58.com.ve\/site\/wp-content\/uploads\/2020\/08\/india-avion-09-08-20.jpg\" alt=\"\" width=\"800\" height=\"555\" srcset=\"https:\/\/digital58.com.ve\/site\/wp-content\/uploads\/2020\/08\/india-avion-09-08-20.jpg 800w, https:\/\/digital58.com.ve\/site\/wp-content\/uploads\/2020\/08\/india-avion-09-08-20-300x208.jpg 300w, https:\/\/digital58.com.ve\/site\/wp-content\/uploads\/2020\/08\/india-avion-09-08-20-768x533.jpg 768w\" sizes=\"auto, (max-width: 800px) 100vw, 800px\" \/><\/a><\/p>\n<p>El n\u00famero de muertos en un accidente de avi\u00f3n de pasajeros de la India ha aumentado a 18, mientras que 16 personas han resultado gravemente heridas, dijo el s\u00e1bado un alto cargo del Gobierno.<\/p>\n<p><strong>India, 09 de agosto de 2020 (ND58).-<\/strong> El avi\u00f3n de Air India Express, que estaba repatriando a indios que hab\u00edan quedado atrapados en Dub\u00e1i debido a la pandemia de COVID-19, se sali\u00f3 el viernes de la pista del Aeropuerto Internacional de Calicut bajo una fuerte lluvia cerca de la ciudad sure\u00f1a de Kozhikode. Se trata del peor accidente de avi\u00f3n de pasajeros de la India desde 2010.<\/p>\n<p>El vuelo llevaba 190 pasajeros y la tripulaci\u00f3n.<\/p>\n<p>El piloto y el copiloto del avi\u00f3n murieron en el accidente, seg\u00fan dijo a Reuters K Gopalakrishnan, jefe del distrito de Malappuram en el estado sure\u00f1o de Kerala.<\/p>\n<p>Todos los supervivientes fueron hospitalizados y tambi\u00e9n se les hicieron pruebas de COVID-19, seg\u00fan Gopalakrishnan, que a\u00f1adi\u00f3 que las autopsias de los muertos tambi\u00e9n se llevar\u00edan a cabo de acuerdo con el protocolo de COVID-19.<\/p>\n<p>Unos 149 pacientes permanecen en hospitales despu\u00e9s de que algunos fueron dados de alta el s\u00e1bado, seg\u00fan Gopalakrishnan.<\/p>\n<p>Las autoridades tambi\u00e9n han pedido a la gente de la zona que sali\u00f3 corriendo para ayudar a los pasajeros atrapados en el avi\u00f3n que entren en cuarentena.<\/p>\n<p>El avi\u00f3n Boeing-737 patin\u00f3 fuera de la pista de aterrizaje de Calicut, estrell\u00e1ndose con el morro en el suelo. Estas pistas se encuentras elevadas sobre el suelo y tienen ca\u00eddas pronunciadas en uno o ambos extremos.<\/p><div class=\"fpeat69f5f6fa61cb6\" ><p style=\"text-align: center;\"><a href=\"https:\/\/t.me\/noticiasdigital58\" target=\"_blank\" rel=\"noopener\"><img class=\"aligncenter size-full wp-image-125363\" src=\"https:\/\/digital58.com.ve\/site\/wp-content\/uploads\/2021\/04\/banner-telegram-web-2021.png\" alt=\"\" width=\"600\" height=\"90\" \/><\/a><\/p><\/div><style type=\"text\/css\">\r\n@media screen and (min-width: 1201px) {\r\n.fpeat69f5f6fa61cb6 {\r\ndisplay: block;\r\n}\r\n}\r\n@media screen and (min-width: 993px) and (max-width: 1200px) {\r\n.fpeat69f5f6fa61cb6 {\r\ndisplay: block;\r\n}\r\n}\r\n@media screen and (min-width: 769px) and (max-width: 992px) {\r\n.fpeat69f5f6fa61cb6 {\r\ndisplay: block;\r\n}\r\n}\r\n@media screen and (min-width: 768px) and (max-width: 768px) {\r\n.fpeat69f5f6fa61cb6 {\r\ndisplay: block;\r\n}\r\n}\r\n@media screen and (max-width: 767px) {\r\n.fpeat69f5f6fa61cb6 {\r\ndisplay: block;\r\n}\r\n}\r\n<\/style>\r\n\n<p><strong>Redacci\u00f3n ND58 | Fuente: Reuters<\/strong><br \/>\n<strong>Edici\u00f3n: Villasmil, Henry<\/strong><br \/>\n<strong>Gr\u00e1fica: Reuters<\/strong><\/p>\n<div style=\"margin-top: 0px; margin-bottom: 0px;\" class=\"sharethis-inline-share-buttons\" ><\/div>","protected":false},"excerpt":{"rendered":"<p>El n\u00famero de muertos en un accidente de avi\u00f3n de pasajeros de la India ha aumentado a 18, mientras que<\/p>\n","protected":false},"author":1,"featured_media":120854,"comment_status":"open","ping_status":"closed","sticky":false,"template":"","format":"standard","meta":{"colormag_page_container_layout":"default_layout","colormag_page_sidebar_layout":"default_layout","_uag_custom_page_level_css":"","footnotes":""},"categories":[16451],"tags":[9731,19729,17353,13766,2031,8,19731,19730],"class_list":["post-120853","post","type-post","status-publish","format-standard","has-post-thumbnail","hentry","category-mundo","tag-accidentes-aereos","tag-air-india-express","tag-dubai","tag-fallecidos","tag-india","tag-internacionales","tag-kozhikode","tag-tragedias-aereas"],"yoast_head":"<!-- This site is optimized with the Yoast SEO plugin v27.5 - https:\/\/yoast.com\/product\/yoast-seo-wordpress\/ -->\n<title>Sube a 18 la cifra de muertos en el accidente del avi\u00f3n en India<\/title>\n<meta name=\"description\" content=\"Mundo\" \/>\n<meta name=\"robots\" content=\"index, follow, max-snippet:-1, max-image-preview:large, max-video-preview:-1\" \/>\n<link rel=\"canonical\" href=\"https:\/\/digital58.com.ve\/site\/2020\/08\/09\/sube-a-18-la-cifra-de-muertos-en-el-accidente-del-avion-en-india\/\" \/>\n<meta property=\"og:locale\" content=\"es_ES\" \/>\n<meta property=\"og:type\" content=\"article\" \/>\n<meta property=\"og:title\" content=\"Sube a 18 la cifra de muertos en el accidente del avi\u00f3n en India\" \/>\n<meta property=\"og:description\" content=\"Mundo\" \/>\n<meta property=\"og:url\" content=\"https:\/\/digital58.com.ve\/site\/2020\/08\/09\/sube-a-18-la-cifra-de-muertos-en-el-accidente-del-avion-en-india\/\" \/>\n<meta property=\"og:site_name\" content=\"Noticias Digital58\" \/>\n<meta property=\"article:published_time\" content=\"2020-08-09T12:29:43+00:00\" \/>\n<meta property=\"og:image\" content=\"https:\/\/digital58.com.ve\/site\/wp-content\/uploads\/2020\/08\/india-avion-09-08-20.jpg\" \/>\n\t<meta property=\"og:image:width\" content=\"800\" \/>\n\t<meta property=\"og:image:height\" content=\"555\" \/>\n\t<meta property=\"og:image:type\" content=\"image\/jpeg\" \/>\n<meta name=\"author\" content=\"Villasmil Henry\" \/>\n<meta name=\"twitter:card\" content=\"summary_large_image\" \/>\n<meta name=\"twitter:creator\" content=\"@https:\/\/twitter.com\/villasmilhfoto\" \/>\n<meta name=\"twitter:site\" content=\"@villasmilhfoto\" \/>\n<meta name=\"twitter:label1\" content=\"Escrito por\" \/>\n\t<meta name=\"twitter:data1\" content=\"Villasmil Henry\" \/>\n\t<meta name=\"twitter:label2\" content=\"Tiempo estimado de lectura\" \/>\n\t<meta name=\"twitter:data2\" content=\"1 minuto\" \/>\n<script type=\"application\/ld+json\" class=\"yoast-schema-graph\">{\"@context\":\"https:\\\/\\\/schema.org\",\"@graph\":[{\"@type\":\"Article\",\"@id\":\"https:\\\/\\\/digital58.com.ve\\\/site\\\/2020\\\/08\\\/09\\\/sube-a-18-la-cifra-de-muertos-en-el-accidente-del-avion-en-india\\\/#article\",\"isPartOf\":{\"@id\":\"https:\\\/\\\/digital58.com.ve\\\/site\\\/2020\\\/08\\\/09\\\/sube-a-18-la-cifra-de-muertos-en-el-accidente-del-avion-en-india\\\/\"},\"author\":{\"name\":\"Villasmil Henry\",\"@id\":\"https:\\\/\\\/digital58.com.ve\\\/site\\\/#\\\/schema\\\/person\\\/64d1c2e4d0d4fd1b849980c4331c2951\"},\"headline\":\"Sube a 18 la cifra de muertos en el accidente del avi\u00f3n en India\",\"datePublished\":\"2020-08-09T12:29:43+00:00\",\"mainEntityOfPage\":{\"@id\":\"https:\\\/\\\/digital58.com.ve\\\/site\\\/2020\\\/08\\\/09\\\/sube-a-18-la-cifra-de-muertos-en-el-accidente-del-avion-en-india\\\/\"},\"wordCount\":298,\"commentCount\":0,\"publisher\":{\"@id\":\"https:\\\/\\\/digital58.com.ve\\\/site\\\/#\\\/schema\\\/person\\\/64d1c2e4d0d4fd1b849980c4331c2951\"},\"image\":{\"@id\":\"https:\\\/\\\/digital58.com.ve\\\/site\\\/2020\\\/08\\\/09\\\/sube-a-18-la-cifra-de-muertos-en-el-accidente-del-avion-en-india\\\/#primaryimage\"},\"thumbnailUrl\":\"https:\\\/\\\/digital58.com.ve\\\/site\\\/wp-content\\\/uploads\\\/2020\\\/08\\\/india-avion-09-08-20.jpg\",\"keywords\":[\"Accidentes A\u00e9reos\",\"Air India Express\",\"Dubai\",\"Fallecidos\",\"India\",\"Internacionales\",\"Kozhikode\",\"Tragedias a\u00e9reas\"],\"articleSection\":[\"Mundo\"],\"inLanguage\":\"es\",\"potentialAction\":[{\"@type\":\"CommentAction\",\"name\":\"Comment\",\"target\":[\"https:\\\/\\\/digital58.com.ve\\\/site\\\/2020\\\/08\\\/09\\\/sube-a-18-la-cifra-de-muertos-en-el-accidente-del-avion-en-india\\\/#respond\"]}]},{\"@type\":\"WebPage\",\"@id\":\"https:\\\/\\\/digital58.com.ve\\\/site\\\/2020\\\/08\\\/09\\\/sube-a-18-la-cifra-de-muertos-en-el-accidente-del-avion-en-india\\\/\",\"url\":\"https:\\\/\\\/digital58.com.ve\\\/site\\\/2020\\\/08\\\/09\\\/sube-a-18-la-cifra-de-muertos-en-el-accidente-del-avion-en-india\\\/\",\"name\":\"Sube a 18 la cifra de muertos en el accidente del avi\u00f3n en India\",\"isPartOf\":{\"@id\":\"https:\\\/\\\/digital58.com.ve\\\/site\\\/#website\"},\"primaryImageOfPage\":{\"@id\":\"https:\\\/\\\/digital58.com.ve\\\/site\\\/2020\\\/08\\\/09\\\/sube-a-18-la-cifra-de-muertos-en-el-accidente-del-avion-en-india\\\/#primaryimage\"},\"image\":{\"@id\":\"https:\\\/\\\/digital58.com.ve\\\/site\\\/2020\\\/08\\\/09\\\/sube-a-18-la-cifra-de-muertos-en-el-accidente-del-avion-en-india\\\/#primaryimage\"},\"thumbnailUrl\":\"https:\\\/\\\/digital58.com.ve\\\/site\\\/wp-content\\\/uploads\\\/2020\\\/08\\\/india-avion-09-08-20.jpg\",\"datePublished\":\"2020-08-09T12:29:43+00:00\",\"description\":\"Mundo\",\"breadcrumb\":{\"@id\":\"https:\\\/\\\/digital58.com.ve\\\/site\\\/2020\\\/08\\\/09\\\/sube-a-18-la-cifra-de-muertos-en-el-accidente-del-avion-en-india\\\/#breadcrumb\"},\"inLanguage\":\"es\",\"potentialAction\":[{\"@type\":\"ReadAction\",\"target\":[\"https:\\\/\\\/digital58.com.ve\\\/site\\\/2020\\\/08\\\/09\\\/sube-a-18-la-cifra-de-muertos-en-el-accidente-del-avion-en-india\\\/\"]}]},{\"@type\":\"ImageObject\",\"inLanguage\":\"es\",\"@id\":\"https:\\\/\\\/digital58.com.ve\\\/site\\\/2020\\\/08\\\/09\\\/sube-a-18-la-cifra-de-muertos-en-el-accidente-del-avion-en-india\\\/#primaryimage\",\"url\":\"https:\\\/\\\/digital58.com.ve\\\/site\\\/wp-content\\\/uploads\\\/2020\\\/08\\\/india-avion-09-08-20.jpg\",\"contentUrl\":\"https:\\\/\\\/digital58.com.ve\\\/site\\\/wp-content\\\/uploads\\\/2020\\\/08\\\/india-avion-09-08-20.jpg\",\"width\":800,\"height\":555},{\"@type\":\"BreadcrumbList\",\"@id\":\"https:\\\/\\\/digital58.com.ve\\\/site\\\/2020\\\/08\\\/09\\\/sube-a-18-la-cifra-de-muertos-en-el-accidente-del-avion-en-india\\\/#breadcrumb\",\"itemListElement\":[{\"@type\":\"ListItem\",\"position\":1,\"name\":\"Home\",\"item\":\"https:\\\/\\\/digital58.com.ve\\\/site\\\/\"},{\"@type\":\"ListItem\",\"position\":2,\"name\":\"Sube a 18 la cifra de muertos en el accidente del avi\u00f3n en India\"}]},{\"@type\":\"WebSite\",\"@id\":\"https:\\\/\\\/digital58.com.ve\\\/site\\\/#website\",\"url\":\"https:\\\/\\\/digital58.com.ve\\\/site\\\/\",\"name\":\"Noticias Digital58\",\"description\":\"Portal de Noticias \u00a1Periodismo web de verdad! Lanzamiento web 22.11.2005 \\\/ Maracaibo, Venezuela\",\"publisher\":{\"@id\":\"https:\\\/\\\/digital58.com.ve\\\/site\\\/#\\\/schema\\\/person\\\/64d1c2e4d0d4fd1b849980c4331c2951\"},\"alternateName\":\"ND58\",\"potentialAction\":[{\"@type\":\"SearchAction\",\"target\":{\"@type\":\"EntryPoint\",\"urlTemplate\":\"https:\\\/\\\/digital58.com.ve\\\/site\\\/?s={search_term_string}\"},\"query-input\":{\"@type\":\"PropertyValueSpecification\",\"valueRequired\":true,\"valueName\":\"search_term_string\"}}],\"inLanguage\":\"es\"},{\"@type\":[\"Person\",\"Organization\"],\"@id\":\"https:\\\/\\\/digital58.com.ve\\\/site\\\/#\\\/schema\\\/person\\\/64d1c2e4d0d4fd1b849980c4331c2951\",\"name\":\"Villasmil Henry\",\"image\":{\"@type\":\"ImageObject\",\"inLanguage\":\"es\",\"@id\":\"https:\\\/\\\/secure.gravatar.com\\\/avatar\\\/bb0c4a2fcb7970138239f7e404ea75757b1b507b28b5ce4c53fbd62d797c5a7c?s=96&d=mm&r=g\",\"url\":\"https:\\\/\\\/secure.gravatar.com\\\/avatar\\\/bb0c4a2fcb7970138239f7e404ea75757b1b507b28b5ce4c53fbd62d797c5a7c?s=96&d=mm&r=g\",\"contentUrl\":\"https:\\\/\\\/secure.gravatar.com\\\/avatar\\\/bb0c4a2fcb7970138239f7e404ea75757b1b507b28b5ce4c53fbd62d797c5a7c?s=96&d=mm&r=g\",\"caption\":\"Villasmil Henry\"},\"logo\":{\"@id\":\"https:\\\/\\\/secure.gravatar.com\\\/avatar\\\/bb0c4a2fcb7970138239f7e404ea75757b1b507b28b5ce4c53fbd62d797c5a7c?s=96&d=mm&r=g\"},\"sameAs\":[\"http:\\\/\\\/www.henryvillasmil.com.ve\",\"https:\\\/\\\/www.instagram.com\\\/villasmilhfoto\\\/\",\"https:\\\/\\\/x.com\\\/https:\\\/\\\/twitter.com\\\/villasmilhfoto\"],\"url\":\"https:\\\/\\\/digital58.com.ve\\\/site\\\/author\\\/droopy_68\\\/\"}]}<\/script>\n<!-- \/ Yoast SEO plugin. -->","yoast_head_json":{"title":"Sube a 18 la cifra de muertos en el accidente del avi\u00f3n en India","description":"Mundo","robots":{"index":"index","follow":"follow","max-snippet":"max-snippet:-1","max-image-preview":"max-image-preview:large","max-video-preview":"max-video-preview:-1"},"canonical":"https:\/\/digital58.com.ve\/site\/2020\/08\/09\/sube-a-18-la-cifra-de-muertos-en-el-accidente-del-avion-en-india\/","og_locale":"es_ES","og_type":"article","og_title":"Sube a 18 la cifra de muertos en el accidente del avi\u00f3n en India","og_description":"Mundo","og_url":"https:\/\/digital58.com.ve\/site\/2020\/08\/09\/sube-a-18-la-cifra-de-muertos-en-el-accidente-del-avion-en-india\/","og_site_name":"Noticias Digital58","article_published_time":"2020-08-09T12:29:43+00:00","og_image":[{"width":800,"height":555,"url":"https:\/\/digital58.com.ve\/site\/wp-content\/uploads\/2020\/08\/india-avion-09-08-20.jpg","type":"image\/jpeg"}],"author":"Villasmil Henry","twitter_card":"summary_large_image","twitter_creator":"@https:\/\/twitter.com\/villasmilhfoto","twitter_site":"@villasmilhfoto","twitter_misc":{"Escrito por":"Villasmil Henry","Tiempo estimado de lectura":"1 minuto"},"schema":{"@context":"https:\/\/schema.org","@graph":[{"@type":"Article","@id":"https:\/\/digital58.com.ve\/site\/2020\/08\/09\/sube-a-18-la-cifra-de-muertos-en-el-accidente-del-avion-en-india\/#article","isPartOf":{"@id":"https:\/\/digital58.com.ve\/site\/2020\/08\/09\/sube-a-18-la-cifra-de-muertos-en-el-accidente-del-avion-en-india\/"},"author":{"name":"Villasmil Henry","@id":"https:\/\/digital58.com.ve\/site\/#\/schema\/person\/64d1c2e4d0d4fd1b849980c4331c2951"},"headline":"Sube a 18 la cifra de muertos en el accidente del avi\u00f3n en India","datePublished":"2020-08-09T12:29:43+00:00","mainEntityOfPage":{"@id":"https:\/\/digital58.com.ve\/site\/2020\/08\/09\/sube-a-18-la-cifra-de-muertos-en-el-accidente-del-avion-en-india\/"},"wordCount":298,"commentCount":0,"publisher":{"@id":"https:\/\/digital58.com.ve\/site\/#\/schema\/person\/64d1c2e4d0d4fd1b849980c4331c2951"},"image":{"@id":"https:\/\/digital58.com.ve\/site\/2020\/08\/09\/sube-a-18-la-cifra-de-muertos-en-el-accidente-del-avion-en-india\/#primaryimage"},"thumbnailUrl":"https:\/\/digital58.com.ve\/site\/wp-content\/uploads\/2020\/08\/india-avion-09-08-20.jpg","keywords":["Accidentes A\u00e9reos","Air India Express","Dubai","Fallecidos","India","Internacionales","Kozhikode","Tragedias a\u00e9reas"],"articleSection":["Mundo"],"inLanguage":"es","potentialAction":[{"@type":"CommentAction","name":"Comment","target":["https:\/\/digital58.com.ve\/site\/2020\/08\/09\/sube-a-18-la-cifra-de-muertos-en-el-accidente-del-avion-en-india\/#respond"]}]},{"@type":"WebPage","@id":"https:\/\/digital58.com.ve\/site\/2020\/08\/09\/sube-a-18-la-cifra-de-muertos-en-el-accidente-del-avion-en-india\/","url":"https:\/\/digital58.com.ve\/site\/2020\/08\/09\/sube-a-18-la-cifra-de-muertos-en-el-accidente-del-avion-en-india\/","name":"Sube a 18 la cifra de muertos en el accidente del avi\u00f3n en India","isPartOf":{"@id":"https:\/\/digital58.com.ve\/site\/#website"},"primaryImageOfPage":{"@id":"https:\/\/digital58.com.ve\/site\/2020\/08\/09\/sube-a-18-la-cifra-de-muertos-en-el-accidente-del-avion-en-india\/#primaryimage"},"image":{"@id":"https:\/\/digital58.com.ve\/site\/2020\/08\/09\/sube-a-18-la-cifra-de-muertos-en-el-accidente-del-avion-en-india\/#primaryimage"},"thumbnailUrl":"https:\/\/digital58.com.ve\/site\/wp-content\/uploads\/2020\/08\/india-avion-09-08-20.jpg","datePublished":"2020-08-09T12:29:43+00:00","description":"Mundo","breadcrumb":{"@id":"https:\/\/digital58.com.ve\/site\/2020\/08\/09\/sube-a-18-la-cifra-de-muertos-en-el-accidente-del-avion-en-india\/#breadcrumb"},"inLanguage":"es","potentialAction":[{"@type":"ReadAction","target":["https:\/\/digital58.com.ve\/site\/2020\/08\/09\/sube-a-18-la-cifra-de-muertos-en-el-accidente-del-avion-en-india\/"]}]},{"@type":"ImageObject","inLanguage":"es","@id":"https:\/\/digital58.com.ve\/site\/2020\/08\/09\/sube-a-18-la-cifra-de-muertos-en-el-accidente-del-avion-en-india\/#primaryimage","url":"https:\/\/digital58.com.ve\/site\/wp-content\/uploads\/2020\/08\/india-avion-09-08-20.jpg","contentUrl":"https:\/\/digital58.com.ve\/site\/wp-content\/uploads\/2020\/08\/india-avion-09-08-20.jpg","width":800,"height":555},{"@type":"BreadcrumbList","@id":"https:\/\/digital58.com.ve\/site\/2020\/08\/09\/sube-a-18-la-cifra-de-muertos-en-el-accidente-del-avion-en-india\/#breadcrumb","itemListElement":[{"@type":"ListItem","position":1,"name":"Home","item":"https:\/\/digital58.com.ve\/site\/"},{"@type":"ListItem","position":2,"name":"Sube a 18 la cifra de muertos en el accidente del avi\u00f3n en India"}]},{"@type":"WebSite","@id":"https:\/\/digital58.com.ve\/site\/#website","url":"https:\/\/digital58.com.ve\/site\/","name":"Noticias Digital58","description":"Portal de Noticias \u00a1Periodismo web de verdad! Lanzamiento web 22.11.2005 \/ Maracaibo, Venezuela","publisher":{"@id":"https:\/\/digital58.com.ve\/site\/#\/schema\/person\/64d1c2e4d0d4fd1b849980c4331c2951"},"alternateName":"ND58","potentialAction":[{"@type":"SearchAction","target":{"@type":"EntryPoint","urlTemplate":"https:\/\/digital58.com.ve\/site\/?s={search_term_string}"},"query-input":{"@type":"PropertyValueSpecification","valueRequired":true,"valueName":"search_term_string"}}],"inLanguage":"es"},{"@type":["Person","Organization"],"@id":"https:\/\/digital58.com.ve\/site\/#\/schema\/person\/64d1c2e4d0d4fd1b849980c4331c2951","name":"Villasmil Henry","image":{"@type":"ImageObject","inLanguage":"es","@id":"https:\/\/secure.gravatar.com\/avatar\/bb0c4a2fcb7970138239f7e404ea75757b1b507b28b5ce4c53fbd62d797c5a7c?s=96&d=mm&r=g","url":"https:\/\/secure.gravatar.com\/avatar\/bb0c4a2fcb7970138239f7e404ea75757b1b507b28b5ce4c53fbd62d797c5a7c?s=96&d=mm&r=g","contentUrl":"https:\/\/secure.gravatar.com\/avatar\/bb0c4a2fcb7970138239f7e404ea75757b1b507b28b5ce4c53fbd62d797c5a7c?s=96&d=mm&r=g","caption":"Villasmil Henry"},"logo":{"@id":"https:\/\/secure.gravatar.com\/avatar\/bb0c4a2fcb7970138239f7e404ea75757b1b507b28b5ce4c53fbd62d797c5a7c?s=96&d=mm&r=g"},"sameAs":["http:\/\/www.henryvillasmil.com.ve","https:\/\/www.instagram.com\/villasmilhfoto\/","https:\/\/x.com\/https:\/\/twitter.com\/villasmilhfoto"],"url":"https:\/\/digital58.com.ve\/site\/author\/droopy_68\/"}]}},"uagb_featured_image_src":{"full":["https:\/\/digital58.com.ve\/site\/wp-content\/uploads\/2020\/08\/india-avion-09-08-20.jpg",800,555,false],"thumbnail":["https:\/\/digital58.com.ve\/site\/wp-content\/uploads\/2020\/08\/india-avion-09-08-20-150x150.jpg",150,150,true],"medium":["https:\/\/digital58.com.ve\/site\/wp-content\/uploads\/2020\/08\/india-avion-09-08-20-300x208.jpg",300,208,true],"medium_large":["https:\/\/digital58.com.ve\/site\/wp-content\/uploads\/2020\/08\/india-avion-09-08-20-768x533.jpg",768,533,true],"large":["https:\/\/digital58.com.ve\/site\/wp-content\/uploads\/2020\/08\/india-avion-09-08-20.jpg",800,555,false],"1536x1536":["https:\/\/digital58.com.ve\/site\/wp-content\/uploads\/2020\/08\/india-avion-09-08-20.jpg",800,555,false],"2048x2048":["https:\/\/digital58.com.ve\/site\/wp-content\/uploads\/2020\/08\/india-avion-09-08-20.jpg",800,555,false],"colormag-highlighted-post":["https:\/\/digital58.com.ve\/site\/wp-content\/uploads\/2020\/08\/india-avion-09-08-20.jpg",392,272,false],"colormag-featured-post-medium":["https:\/\/digital58.com.ve\/site\/wp-content\/uploads\/2020\/08\/india-avion-09-08-20.jpg",295,205,false],"colormag-featured-post-small":["https:\/\/digital58.com.ve\/site\/wp-content\/uploads\/2020\/08\/india-avion-09-08-20.jpg",130,90,false],"colormag-featured-image":["https:\/\/digital58.com.ve\/site\/wp-content\/uploads\/2020\/08\/india-avion-09-08-20.jpg",641,445,false],"colormag-default-news":["https:\/\/digital58.com.ve\/site\/wp-content\/uploads\/2020\/08\/india-avion-09-08-20.jpg",150,104,false],"colormag-featured-image-large":["https:\/\/digital58.com.ve\/site\/wp-content\/uploads\/2020\/08\/india-avion-09-08-20.jpg",800,555,false]},"uagb_author_info":{"display_name":"Villasmil Henry","author_link":"https:\/\/digital58.com.ve\/site\/author\/droopy_68\/"},"uagb_comment_info":0,"uagb_excerpt":"El n\u00famero de muertos en un accidente de avi\u00f3n de pasajeros de la India ha aumentado a 18, mientras que","_links":{"self":[{"href":"https:\/\/digital58.com.ve\/site\/wp-json\/wp\/v2\/posts\/120853","targetHints":{"allow":["GET"]}}],"collection":[{"href":"https:\/\/digital58.com.ve\/site\/wp-json\/wp\/v2\/posts"}],"about":[{"href":"https:\/\/digital58.com.ve\/site\/wp-json\/wp\/v2\/types\/post"}],"author":[{"embeddable":true,"href":"https:\/\/digital58.com.ve\/site\/wp-json\/wp\/v2\/users\/1"}],"replies":[{"embeddable":true,"href":"https:\/\/digital58.com.ve\/site\/wp-json\/wp\/v2\/comments?post=120853"}],"version-history":[{"count":0,"href":"https:\/\/digital58.com.ve\/site\/wp-json\/wp\/v2\/posts\/120853\/revisions"}],"wp:featuredmedia":[{"embeddable":true,"href":"https:\/\/digital58.com.ve\/site\/wp-json\/wp\/v2\/media\/120854"}],"wp:attachment":[{"href":"https:\/\/digital58.com.ve\/site\/wp-json\/wp\/v2\/media?parent=120853"}],"wp:term":[{"taxonomy":"category","embeddable":true,"href":"https:\/\/digital58.com.ve\/site\/wp-json\/wp\/v2\/categories?post=120853"},{"taxonomy":"post_tag","embeddable":true,"href":"https:\/\/digital58.com.ve\/site\/wp-json\/wp\/v2\/tags?post=120853"}],"curies":[{"name":"wp","href":"https:\/\/api.w.org\/{rel}","templated":true}]}}