{"id":120922,"date":"2020-08-09T15:17:10","date_gmt":"2020-08-09T19:17:10","guid":{"rendered":"https:\/\/digital58.com.ve\/site\/?p=120922"},"modified":"2020-08-09T15:17:10","modified_gmt":"2020-08-09T19:17:10","slug":"publican-planilla-de-reclamos-relacionados-al-registro-electoral","status":"publish","type":"post","link":"https:\/\/digital58.com.ve\/site\/2020\/08\/09\/publican-planilla-de-reclamos-relacionados-al-registro-electoral\/","title":{"rendered":"Publican planilla de reclamos relacionados al Registro Electoral"},"content":{"rendered":"<p><img loading=\"lazy\" decoding=\"async\" class=\"aligncenter size-full wp-image-120923\" src=\"https:\/\/digital58.com.ve\/site\/wp-content\/uploads\/2020\/08\/CNE-poder-electoral-1024x536-1-e1597000243429.jpg\" alt=\"\" width=\"824\" height=\"431\" \/><\/p>\n<p>Del nueve al 23 de agosto se podr\u00e1n realizar las posibles impugnaciones, a fin de conformar el RE definitivo.<\/p>\n<p><strong>Maracaibo, Zulia, Venezuela, 9 de agosto de 2020 (ND58).-<\/strong> El Consejo Nacional Electoral (CNE) present\u00f3 un instructivo para realizar el reclamo por inconsistencia de datos, contenidos en el Registro Electoral, informaci\u00f3n que deber\u00e1n presentar los electores, desde el nueve al 23 de agosto de 2020.<\/p>\n<p>Mediante un mensaje publicado en la red Twitter, por la rectora principal de CNE, Tania D\u2019Amelio, puntualiza que, electores y electoras a trav\u00e9s del enlace <a href=\"https:\/\/t.co\/xNIRxv8LmD?amp=1\">https:\/\/t.co\/xNIRxv8LmD?amp=1<\/a> podr\u00e1 acceder a la planilla y al instructivo para solventar esta situaci\u00f3n.<\/p>\n<p>&nbsp;<\/p>\n<p><img loading=\"lazy\" decoding=\"async\" class=\"aligncenter size-full wp-image-120924\" src=\"https:\/\/digital58.com.ve\/site\/wp-content\/uploads\/2020\/08\/Ee_DtbvXkAIA6Ly-e1597000569372.jpg\" alt=\"\" width=\"576\" height=\"801\" \/><\/p>\n<p>Asimismo, detall\u00f3 que una vez llenada la planilla de tr\u00e1mite, esta debe imprimirse, \u00abf\u00edrmela y coloque su huella dactilar, luego escanee la planilla con sus soportes respectivos y envi\u00e9 al correo electr\u00f3nico registro.electoral@cne.gob.ve\u00bb, escribi\u00f3 en la mencionada red social.<\/p>\n<p>Este s\u00e1bado la presidenta del Consejo Nacional Electoral (CNE), Indira Alfonzo, inform\u00f3 que de acuerdo con el Registro Electoral (RE), 20.733.941 personas podr\u00e1n ejercer su derecho al voto en las parlamentarias del 6 de diciembre de este a\u00f1o.<\/p><div class=\"blxns69f4ca98d7d41\" ><p style=\"text-align: center;\"><a href=\"https:\/\/t.me\/noticiasdigital58\" target=\"_blank\" rel=\"noopener\"><img class=\"aligncenter size-full wp-image-125363\" src=\"https:\/\/digital58.com.ve\/site\/wp-content\/uploads\/2021\/04\/banner-telegram-web-2021.png\" alt=\"\" width=\"600\" height=\"90\" \/><\/a><\/p><\/div><style type=\"text\/css\">\r\n@media screen and (min-width: 1201px) {\r\n.blxns69f4ca98d7d41 {\r\ndisplay: block;\r\n}\r\n}\r\n@media screen and (min-width: 993px) and (max-width: 1200px) {\r\n.blxns69f4ca98d7d41 {\r\ndisplay: block;\r\n}\r\n}\r\n@media screen and (min-width: 769px) and (max-width: 992px) {\r\n.blxns69f4ca98d7d41 {\r\ndisplay: block;\r\n}\r\n}\r\n@media screen and (min-width: 768px) and (max-width: 768px) {\r\n.blxns69f4ca98d7d41 {\r\ndisplay: block;\r\n}\r\n}\r\n@media screen and (max-width: 767px) {\r\n.blxns69f4ca98d7d41 {\r\ndisplay: block;\r\n}\r\n}\r\n<\/style>\r\n\n<p><strong>Redacci\u00f3n: Arismendi, Luis (@arismendiht) | Fuente: CNE<\/strong><br \/>\n<strong>Edici\u00f3n: Villasmil, Henry (@villasmilhfoto)<\/strong><br \/>\n<strong>Gr\u00e1fica: cortes\u00eda<\/strong><\/p>\n<div style=\"margin-top: 0px; margin-bottom: 0px;\" class=\"sharethis-inline-share-buttons\" ><\/div>","protected":false},"excerpt":{"rendered":"<p>Del nueve al 23 de agosto se podr\u00e1n realizar las posibles impugnaciones, a fin de conformar el RE definitivo. Maracaibo,<\/p>\n","protected":false},"author":7,"featured_media":120923,"comment_status":"open","ping_status":"closed","sticky":false,"template":"","format":"standard","meta":{"colormag_page_container_layout":"default_layout","colormag_page_sidebar_layout":"default_layout","_uag_custom_page_level_css":"","footnotes":""},"categories":[16454],"tags":[29,2723,19891,233,17120,17624,32],"class_list":["post-120922","post","type-post","status-publish","format-standard","has-post-thumbnail","hentry","category-venezuela","tag-caracas","tag-cne","tag-instructivo","tag-nacionales","tag-registro-electoral","tag-tania-damelio","tag-venezuela"],"yoast_head":"<!-- This site is optimized with the Yoast SEO plugin v27.5 - https:\/\/yoast.com\/product\/yoast-seo-wordpress\/ -->\n<title>Publican planilla de reclamos relacionados al Registro Electoral<\/title>\n<meta name=\"description\" content=\"Venezuela\" \/>\n<meta name=\"robots\" content=\"index, follow, max-snippet:-1, max-image-preview:large, max-video-preview:-1\" \/>\n<link rel=\"canonical\" href=\"https:\/\/digital58.com.ve\/site\/2020\/08\/09\/publican-planilla-de-reclamos-relacionados-al-registro-electoral\/\" \/>\n<meta property=\"og:locale\" content=\"es_ES\" \/>\n<meta property=\"og:type\" content=\"article\" \/>\n<meta property=\"og:title\" content=\"Publican planilla de reclamos relacionados al Registro Electoral\" \/>\n<meta property=\"og:description\" content=\"Venezuela\" \/>\n<meta property=\"og:url\" content=\"https:\/\/digital58.com.ve\/site\/2020\/08\/09\/publican-planilla-de-reclamos-relacionados-al-registro-electoral\/\" \/>\n<meta property=\"og:site_name\" content=\"Noticias Digital58\" \/>\n<meta property=\"article:published_time\" content=\"2020-08-09T19:17:10+00:00\" \/>\n<meta property=\"og:image\" content=\"https:\/\/digital58.com.ve\/site\/wp-content\/uploads\/2020\/08\/CNE-poder-electoral-1024x536-1-e1597000243429.jpg\" \/>\n\t<meta property=\"og:image:width\" content=\"824\" \/>\n\t<meta property=\"og:image:height\" content=\"431\" \/>\n\t<meta property=\"og:image:type\" content=\"image\/jpeg\" \/>\n<meta name=\"author\" content=\"Arismendi Luis\" \/>\n<meta name=\"twitter:card\" content=\"summary_large_image\" \/>\n<meta name=\"twitter:creator\" content=\"@Digital_58\" \/>\n<meta name=\"twitter:site\" content=\"@villasmilhfoto\" \/>\n<meta name=\"twitter:label1\" content=\"Escrito por\" \/>\n\t<meta name=\"twitter:data1\" content=\"Arismendi Luis\" \/>\n\t<meta name=\"twitter:label2\" content=\"Tiempo estimado de lectura\" \/>\n\t<meta name=\"twitter:data2\" content=\"1 minuto\" \/>\n<script type=\"application\/ld+json\" class=\"yoast-schema-graph\">{\"@context\":\"https:\\\/\\\/schema.org\",\"@graph\":[{\"@type\":\"Article\",\"@id\":\"https:\\\/\\\/digital58.com.ve\\\/site\\\/2020\\\/08\\\/09\\\/publican-planilla-de-reclamos-relacionados-al-registro-electoral\\\/#article\",\"isPartOf\":{\"@id\":\"https:\\\/\\\/digital58.com.ve\\\/site\\\/2020\\\/08\\\/09\\\/publican-planilla-de-reclamos-relacionados-al-registro-electoral\\\/\"},\"author\":{\"name\":\"Arismendi Luis\",\"@id\":\"https:\\\/\\\/digital58.com.ve\\\/site\\\/#\\\/schema\\\/person\\\/d79fb9041200d150763851810f3a6e44\"},\"headline\":\"Publican planilla de reclamos relacionados al Registro Electoral\",\"datePublished\":\"2020-08-09T19:17:10+00:00\",\"mainEntityOfPage\":{\"@id\":\"https:\\\/\\\/digital58.com.ve\\\/site\\\/2020\\\/08\\\/09\\\/publican-planilla-de-reclamos-relacionados-al-registro-electoral\\\/\"},\"wordCount\":219,\"commentCount\":0,\"publisher\":{\"@id\":\"https:\\\/\\\/digital58.com.ve\\\/site\\\/#\\\/schema\\\/person\\\/64d1c2e4d0d4fd1b849980c4331c2951\"},\"image\":{\"@id\":\"https:\\\/\\\/digital58.com.ve\\\/site\\\/2020\\\/08\\\/09\\\/publican-planilla-de-reclamos-relacionados-al-registro-electoral\\\/#primaryimage\"},\"thumbnailUrl\":\"https:\\\/\\\/digital58.com.ve\\\/site\\\/wp-content\\\/uploads\\\/2020\\\/08\\\/CNE-poder-electoral-1024x536-1-e1597000243429.jpg\",\"keywords\":[\"Caracas\",\"CNE\",\"instructivo\",\"Nacionales\",\"Registro Electoral\",\"Tania D\u2019Amelio\",\"Venezuela\"],\"articleSection\":[\"Venezuela\"],\"inLanguage\":\"es\",\"potentialAction\":[{\"@type\":\"CommentAction\",\"name\":\"Comment\",\"target\":[\"https:\\\/\\\/digital58.com.ve\\\/site\\\/2020\\\/08\\\/09\\\/publican-planilla-de-reclamos-relacionados-al-registro-electoral\\\/#respond\"]}]},{\"@type\":\"WebPage\",\"@id\":\"https:\\\/\\\/digital58.com.ve\\\/site\\\/2020\\\/08\\\/09\\\/publican-planilla-de-reclamos-relacionados-al-registro-electoral\\\/\",\"url\":\"https:\\\/\\\/digital58.com.ve\\\/site\\\/2020\\\/08\\\/09\\\/publican-planilla-de-reclamos-relacionados-al-registro-electoral\\\/\",\"name\":\"Publican planilla de reclamos relacionados al Registro Electoral\",\"isPartOf\":{\"@id\":\"https:\\\/\\\/digital58.com.ve\\\/site\\\/#website\"},\"primaryImageOfPage\":{\"@id\":\"https:\\\/\\\/digital58.com.ve\\\/site\\\/2020\\\/08\\\/09\\\/publican-planilla-de-reclamos-relacionados-al-registro-electoral\\\/#primaryimage\"},\"image\":{\"@id\":\"https:\\\/\\\/digital58.com.ve\\\/site\\\/2020\\\/08\\\/09\\\/publican-planilla-de-reclamos-relacionados-al-registro-electoral\\\/#primaryimage\"},\"thumbnailUrl\":\"https:\\\/\\\/digital58.com.ve\\\/site\\\/wp-content\\\/uploads\\\/2020\\\/08\\\/CNE-poder-electoral-1024x536-1-e1597000243429.jpg\",\"datePublished\":\"2020-08-09T19:17:10+00:00\",\"description\":\"Venezuela\",\"breadcrumb\":{\"@id\":\"https:\\\/\\\/digital58.com.ve\\\/site\\\/2020\\\/08\\\/09\\\/publican-planilla-de-reclamos-relacionados-al-registro-electoral\\\/#breadcrumb\"},\"inLanguage\":\"es\",\"potentialAction\":[{\"@type\":\"ReadAction\",\"target\":[\"https:\\\/\\\/digital58.com.ve\\\/site\\\/2020\\\/08\\\/09\\\/publican-planilla-de-reclamos-relacionados-al-registro-electoral\\\/\"]}]},{\"@type\":\"ImageObject\",\"inLanguage\":\"es\",\"@id\":\"https:\\\/\\\/digital58.com.ve\\\/site\\\/2020\\\/08\\\/09\\\/publican-planilla-de-reclamos-relacionados-al-registro-electoral\\\/#primaryimage\",\"url\":\"https:\\\/\\\/digital58.com.ve\\\/site\\\/wp-content\\\/uploads\\\/2020\\\/08\\\/CNE-poder-electoral-1024x536-1-e1597000243429.jpg\",\"contentUrl\":\"https:\\\/\\\/digital58.com.ve\\\/site\\\/wp-content\\\/uploads\\\/2020\\\/08\\\/CNE-poder-electoral-1024x536-1-e1597000243429.jpg\",\"width\":824,\"height\":431},{\"@type\":\"BreadcrumbList\",\"@id\":\"https:\\\/\\\/digital58.com.ve\\\/site\\\/2020\\\/08\\\/09\\\/publican-planilla-de-reclamos-relacionados-al-registro-electoral\\\/#breadcrumb\",\"itemListElement\":[{\"@type\":\"ListItem\",\"position\":1,\"name\":\"Home\",\"item\":\"https:\\\/\\\/digital58.com.ve\\\/site\\\/\"},{\"@type\":\"ListItem\",\"position\":2,\"name\":\"Publican planilla de reclamos relacionados al Registro Electoral\"}]},{\"@type\":\"WebSite\",\"@id\":\"https:\\\/\\\/digital58.com.ve\\\/site\\\/#website\",\"url\":\"https:\\\/\\\/digital58.com.ve\\\/site\\\/\",\"name\":\"Noticias Digital58\",\"description\":\"Portal de Noticias \u00a1Periodismo web de verdad! Lanzamiento web 22.11.2005 \\\/ Maracaibo, Venezuela\",\"publisher\":{\"@id\":\"https:\\\/\\\/digital58.com.ve\\\/site\\\/#\\\/schema\\\/person\\\/64d1c2e4d0d4fd1b849980c4331c2951\"},\"alternateName\":\"ND58\",\"potentialAction\":[{\"@type\":\"SearchAction\",\"target\":{\"@type\":\"EntryPoint\",\"urlTemplate\":\"https:\\\/\\\/digital58.com.ve\\\/site\\\/?s={search_term_string}\"},\"query-input\":{\"@type\":\"PropertyValueSpecification\",\"valueRequired\":true,\"valueName\":\"search_term_string\"}}],\"inLanguage\":\"es\"},{\"@type\":[\"Person\",\"Organization\"],\"@id\":\"https:\\\/\\\/digital58.com.ve\\\/site\\\/#\\\/schema\\\/person\\\/64d1c2e4d0d4fd1b849980c4331c2951\",\"name\":\"Villasmil Henry\",\"image\":{\"@type\":\"ImageObject\",\"inLanguage\":\"es\",\"@id\":\"https:\\\/\\\/secure.gravatar.com\\\/avatar\\\/bb0c4a2fcb7970138239f7e404ea75757b1b507b28b5ce4c53fbd62d797c5a7c?s=96&d=mm&r=g\",\"url\":\"https:\\\/\\\/secure.gravatar.com\\\/avatar\\\/bb0c4a2fcb7970138239f7e404ea75757b1b507b28b5ce4c53fbd62d797c5a7c?s=96&d=mm&r=g\",\"contentUrl\":\"https:\\\/\\\/secure.gravatar.com\\\/avatar\\\/bb0c4a2fcb7970138239f7e404ea75757b1b507b28b5ce4c53fbd62d797c5a7c?s=96&d=mm&r=g\",\"caption\":\"Villasmil Henry\"},\"logo\":{\"@id\":\"https:\\\/\\\/secure.gravatar.com\\\/avatar\\\/bb0c4a2fcb7970138239f7e404ea75757b1b507b28b5ce4c53fbd62d797c5a7c?s=96&d=mm&r=g\"},\"sameAs\":[\"http:\\\/\\\/www.henryvillasmil.com.ve\",\"https:\\\/\\\/www.instagram.com\\\/villasmilhfoto\\\/\",\"https:\\\/\\\/x.com\\\/https:\\\/\\\/twitter.com\\\/villasmilhfoto\"]},{\"@type\":\"Person\",\"@id\":\"https:\\\/\\\/digital58.com.ve\\\/site\\\/#\\\/schema\\\/person\\\/d79fb9041200d150763851810f3a6e44\",\"name\":\"Arismendi Luis\",\"image\":{\"@type\":\"ImageObject\",\"inLanguage\":\"es\",\"@id\":\"https:\\\/\\\/secure.gravatar.com\\\/avatar\\\/076a9c19816f4976b76b8d88be4606fba80dee0aea5ccae15d7f3466053c0615?s=96&d=mm&r=g\",\"url\":\"https:\\\/\\\/secure.gravatar.com\\\/avatar\\\/076a9c19816f4976b76b8d88be4606fba80dee0aea5ccae15d7f3466053c0615?s=96&d=mm&r=g\",\"contentUrl\":\"https:\\\/\\\/secure.gravatar.com\\\/avatar\\\/076a9c19816f4976b76b8d88be4606fba80dee0aea5ccae15d7f3466053c0615?s=96&d=mm&r=g\",\"caption\":\"Arismendi Luis\"},\"url\":\"https:\\\/\\\/digital58.com.ve\\\/site\\\/author\\\/arismendi17\\\/\"}]}<\/script>\n<!-- \/ Yoast SEO plugin. -->","yoast_head_json":{"title":"Publican planilla de reclamos relacionados al Registro Electoral","description":"Venezuela","robots":{"index":"index","follow":"follow","max-snippet":"max-snippet:-1","max-image-preview":"max-image-preview:large","max-video-preview":"max-video-preview:-1"},"canonical":"https:\/\/digital58.com.ve\/site\/2020\/08\/09\/publican-planilla-de-reclamos-relacionados-al-registro-electoral\/","og_locale":"es_ES","og_type":"article","og_title":"Publican planilla de reclamos relacionados al Registro Electoral","og_description":"Venezuela","og_url":"https:\/\/digital58.com.ve\/site\/2020\/08\/09\/publican-planilla-de-reclamos-relacionados-al-registro-electoral\/","og_site_name":"Noticias Digital58","article_published_time":"2020-08-09T19:17:10+00:00","og_image":[{"width":824,"height":431,"url":"https:\/\/digital58.com.ve\/site\/wp-content\/uploads\/2020\/08\/CNE-poder-electoral-1024x536-1-e1597000243429.jpg","type":"image\/jpeg"}],"author":"Arismendi Luis","twitter_card":"summary_large_image","twitter_creator":"@Digital_58","twitter_site":"@villasmilhfoto","twitter_misc":{"Escrito por":"Arismendi Luis","Tiempo estimado de lectura":"1 minuto"},"schema":{"@context":"https:\/\/schema.org","@graph":[{"@type":"Article","@id":"https:\/\/digital58.com.ve\/site\/2020\/08\/09\/publican-planilla-de-reclamos-relacionados-al-registro-electoral\/#article","isPartOf":{"@id":"https:\/\/digital58.com.ve\/site\/2020\/08\/09\/publican-planilla-de-reclamos-relacionados-al-registro-electoral\/"},"author":{"name":"Arismendi Luis","@id":"https:\/\/digital58.com.ve\/site\/#\/schema\/person\/d79fb9041200d150763851810f3a6e44"},"headline":"Publican planilla de reclamos relacionados al Registro Electoral","datePublished":"2020-08-09T19:17:10+00:00","mainEntityOfPage":{"@id":"https:\/\/digital58.com.ve\/site\/2020\/08\/09\/publican-planilla-de-reclamos-relacionados-al-registro-electoral\/"},"wordCount":219,"commentCount":0,"publisher":{"@id":"https:\/\/digital58.com.ve\/site\/#\/schema\/person\/64d1c2e4d0d4fd1b849980c4331c2951"},"image":{"@id":"https:\/\/digital58.com.ve\/site\/2020\/08\/09\/publican-planilla-de-reclamos-relacionados-al-registro-electoral\/#primaryimage"},"thumbnailUrl":"https:\/\/digital58.com.ve\/site\/wp-content\/uploads\/2020\/08\/CNE-poder-electoral-1024x536-1-e1597000243429.jpg","keywords":["Caracas","CNE","instructivo","Nacionales","Registro Electoral","Tania D\u2019Amelio","Venezuela"],"articleSection":["Venezuela"],"inLanguage":"es","potentialAction":[{"@type":"CommentAction","name":"Comment","target":["https:\/\/digital58.com.ve\/site\/2020\/08\/09\/publican-planilla-de-reclamos-relacionados-al-registro-electoral\/#respond"]}]},{"@type":"WebPage","@id":"https:\/\/digital58.com.ve\/site\/2020\/08\/09\/publican-planilla-de-reclamos-relacionados-al-registro-electoral\/","url":"https:\/\/digital58.com.ve\/site\/2020\/08\/09\/publican-planilla-de-reclamos-relacionados-al-registro-electoral\/","name":"Publican planilla de reclamos relacionados al Registro Electoral","isPartOf":{"@id":"https:\/\/digital58.com.ve\/site\/#website"},"primaryImageOfPage":{"@id":"https:\/\/digital58.com.ve\/site\/2020\/08\/09\/publican-planilla-de-reclamos-relacionados-al-registro-electoral\/#primaryimage"},"image":{"@id":"https:\/\/digital58.com.ve\/site\/2020\/08\/09\/publican-planilla-de-reclamos-relacionados-al-registro-electoral\/#primaryimage"},"thumbnailUrl":"https:\/\/digital58.com.ve\/site\/wp-content\/uploads\/2020\/08\/CNE-poder-electoral-1024x536-1-e1597000243429.jpg","datePublished":"2020-08-09T19:17:10+00:00","description":"Venezuela","breadcrumb":{"@id":"https:\/\/digital58.com.ve\/site\/2020\/08\/09\/publican-planilla-de-reclamos-relacionados-al-registro-electoral\/#breadcrumb"},"inLanguage":"es","potentialAction":[{"@type":"ReadAction","target":["https:\/\/digital58.com.ve\/site\/2020\/08\/09\/publican-planilla-de-reclamos-relacionados-al-registro-electoral\/"]}]},{"@type":"ImageObject","inLanguage":"es","@id":"https:\/\/digital58.com.ve\/site\/2020\/08\/09\/publican-planilla-de-reclamos-relacionados-al-registro-electoral\/#primaryimage","url":"https:\/\/digital58.com.ve\/site\/wp-content\/uploads\/2020\/08\/CNE-poder-electoral-1024x536-1-e1597000243429.jpg","contentUrl":"https:\/\/digital58.com.ve\/site\/wp-content\/uploads\/2020\/08\/CNE-poder-electoral-1024x536-1-e1597000243429.jpg","width":824,"height":431},{"@type":"BreadcrumbList","@id":"https:\/\/digital58.com.ve\/site\/2020\/08\/09\/publican-planilla-de-reclamos-relacionados-al-registro-electoral\/#breadcrumb","itemListElement":[{"@type":"ListItem","position":1,"name":"Home","item":"https:\/\/digital58.com.ve\/site\/"},{"@type":"ListItem","position":2,"name":"Publican planilla de reclamos relacionados al Registro Electoral"}]},{"@type":"WebSite","@id":"https:\/\/digital58.com.ve\/site\/#website","url":"https:\/\/digital58.com.ve\/site\/","name":"Noticias Digital58","description":"Portal de Noticias \u00a1Periodismo web de verdad! Lanzamiento web 22.11.2005 \/ Maracaibo, Venezuela","publisher":{"@id":"https:\/\/digital58.com.ve\/site\/#\/schema\/person\/64d1c2e4d0d4fd1b849980c4331c2951"},"alternateName":"ND58","potentialAction":[{"@type":"SearchAction","target":{"@type":"EntryPoint","urlTemplate":"https:\/\/digital58.com.ve\/site\/?s={search_term_string}"},"query-input":{"@type":"PropertyValueSpecification","valueRequired":true,"valueName":"search_term_string"}}],"inLanguage":"es"},{"@type":["Person","Organization"],"@id":"https:\/\/digital58.com.ve\/site\/#\/schema\/person\/64d1c2e4d0d4fd1b849980c4331c2951","name":"Villasmil Henry","image":{"@type":"ImageObject","inLanguage":"es","@id":"https:\/\/secure.gravatar.com\/avatar\/bb0c4a2fcb7970138239f7e404ea75757b1b507b28b5ce4c53fbd62d797c5a7c?s=96&d=mm&r=g","url":"https:\/\/secure.gravatar.com\/avatar\/bb0c4a2fcb7970138239f7e404ea75757b1b507b28b5ce4c53fbd62d797c5a7c?s=96&d=mm&r=g","contentUrl":"https:\/\/secure.gravatar.com\/avatar\/bb0c4a2fcb7970138239f7e404ea75757b1b507b28b5ce4c53fbd62d797c5a7c?s=96&d=mm&r=g","caption":"Villasmil Henry"},"logo":{"@id":"https:\/\/secure.gravatar.com\/avatar\/bb0c4a2fcb7970138239f7e404ea75757b1b507b28b5ce4c53fbd62d797c5a7c?s=96&d=mm&r=g"},"sameAs":["http:\/\/www.henryvillasmil.com.ve","https:\/\/www.instagram.com\/villasmilhfoto\/","https:\/\/x.com\/https:\/\/twitter.com\/villasmilhfoto"]},{"@type":"Person","@id":"https:\/\/digital58.com.ve\/site\/#\/schema\/person\/d79fb9041200d150763851810f3a6e44","name":"Arismendi Luis","image":{"@type":"ImageObject","inLanguage":"es","@id":"https:\/\/secure.gravatar.com\/avatar\/076a9c19816f4976b76b8d88be4606fba80dee0aea5ccae15d7f3466053c0615?s=96&d=mm&r=g","url":"https:\/\/secure.gravatar.com\/avatar\/076a9c19816f4976b76b8d88be4606fba80dee0aea5ccae15d7f3466053c0615?s=96&d=mm&r=g","contentUrl":"https:\/\/secure.gravatar.com\/avatar\/076a9c19816f4976b76b8d88be4606fba80dee0aea5ccae15d7f3466053c0615?s=96&d=mm&r=g","caption":"Arismendi Luis"},"url":"https:\/\/digital58.com.ve\/site\/author\/arismendi17\/"}]}},"uagb_featured_image_src":{"full":["https:\/\/digital58.com.ve\/site\/wp-content\/uploads\/2020\/08\/CNE-poder-electoral-1024x536-1-e1597000243429.jpg",824,431,false],"thumbnail":["https:\/\/digital58.com.ve\/site\/wp-content\/uploads\/2020\/08\/CNE-poder-electoral-1024x536-1-150x150.jpg",150,150,true],"medium":["https:\/\/digital58.com.ve\/site\/wp-content\/uploads\/2020\/08\/CNE-poder-electoral-1024x536-1-300x157.jpg",300,157,true],"medium_large":["https:\/\/digital58.com.ve\/site\/wp-content\/uploads\/2020\/08\/CNE-poder-electoral-1024x536-1-768x402.jpg",768,402,true],"large":["https:\/\/digital58.com.ve\/site\/wp-content\/uploads\/2020\/08\/CNE-poder-electoral-1024x536-1-e1597000243429.jpg",800,418,false],"1536x1536":["https:\/\/digital58.com.ve\/site\/wp-content\/uploads\/2020\/08\/CNE-poder-electoral-1024x536-1-e1597000243429.jpg",824,431,false],"2048x2048":["https:\/\/digital58.com.ve\/site\/wp-content\/uploads\/2020\/08\/CNE-poder-electoral-1024x536-1-e1597000243429.jpg",824,431,false],"colormag-highlighted-post":["https:\/\/digital58.com.ve\/site\/wp-content\/uploads\/2020\/08\/CNE-poder-electoral-1024x536-1-e1597000243429.jpg",392,205,false],"colormag-featured-post-medium":["https:\/\/digital58.com.ve\/site\/wp-content\/uploads\/2020\/08\/CNE-poder-electoral-1024x536-1-e1597000243429.jpg",390,205,false],"colormag-featured-post-small":["https:\/\/digital58.com.ve\/site\/wp-content\/uploads\/2020\/08\/CNE-poder-electoral-1024x536-1-e1597000243429.jpg",130,68,false],"colormag-featured-image":["https:\/\/digital58.com.ve\/site\/wp-content\/uploads\/2020\/08\/CNE-poder-electoral-1024x536-1-e1597000243429.jpg",800,418,false],"colormag-default-news":["https:\/\/digital58.com.ve\/site\/wp-content\/uploads\/2020\/08\/CNE-poder-electoral-1024x536-1-e1597000243429.jpg",150,78,false],"colormag-featured-image-large":["https:\/\/digital58.com.ve\/site\/wp-content\/uploads\/2020\/08\/CNE-poder-electoral-1024x536-1-e1597000243429.jpg",824,431,false]},"uagb_author_info":{"display_name":"Arismendi Luis","author_link":"https:\/\/digital58.com.ve\/site\/author\/arismendi17\/"},"uagb_comment_info":0,"uagb_excerpt":"Del nueve al 23 de agosto se podr\u00e1n realizar las posibles impugnaciones, a fin de conformar el RE definitivo. Maracaibo,","_links":{"self":[{"href":"https:\/\/digital58.com.ve\/site\/wp-json\/wp\/v2\/posts\/120922","targetHints":{"allow":["GET"]}}],"collection":[{"href":"https:\/\/digital58.com.ve\/site\/wp-json\/wp\/v2\/posts"}],"about":[{"href":"https:\/\/digital58.com.ve\/site\/wp-json\/wp\/v2\/types\/post"}],"author":[{"embeddable":true,"href":"https:\/\/digital58.com.ve\/site\/wp-json\/wp\/v2\/users\/7"}],"replies":[{"embeddable":true,"href":"https:\/\/digital58.com.ve\/site\/wp-json\/wp\/v2\/comments?post=120922"}],"version-history":[{"count":0,"href":"https:\/\/digital58.com.ve\/site\/wp-json\/wp\/v2\/posts\/120922\/revisions"}],"wp:featuredmedia":[{"embeddable":true,"href":"https:\/\/digital58.com.ve\/site\/wp-json\/wp\/v2\/media\/120923"}],"wp:attachment":[{"href":"https:\/\/digital58.com.ve\/site\/wp-json\/wp\/v2\/media?parent=120922"}],"wp:term":[{"taxonomy":"category","embeddable":true,"href":"https:\/\/digital58.com.ve\/site\/wp-json\/wp\/v2\/categories?post=120922"},{"taxonomy":"post_tag","embeddable":true,"href":"https:\/\/digital58.com.ve\/site\/wp-json\/wp\/v2\/tags?post=120922"}],"curies":[{"name":"wp","href":"https:\/\/api.w.org\/{rel}","templated":true}]}}