{"id":120965,"date":"2020-08-09T19:18:01","date_gmt":"2020-08-09T23:18:01","guid":{"rendered":"https:\/\/digital58.com.ve\/site\/?p=120965"},"modified":"2020-08-09T19:18:01","modified_gmt":"2020-08-09T23:18:01","slug":"covid-19-y-la-resiliencia-de-los-pueblos-indigenas","status":"publish","type":"post","link":"https:\/\/digital58.com.ve\/site\/2020\/08\/09\/covid-19-y-la-resiliencia-de-los-pueblos-indigenas\/","title":{"rendered":"COVID-19 y la resiliencia de los pueblos ind\u00edgenas"},"content":{"rendered":"<p><a href=\"https:\/\/digital58.com.ve\/site\/wp-content\/uploads\/2020\/08\/dia-pueblos-indigenas.jpg\"><img loading=\"lazy\" decoding=\"async\" class=\"aligncenter size-full wp-image-120969\" src=\"https:\/\/digital58.com.ve\/site\/wp-content\/uploads\/2020\/08\/dia-pueblos-indigenas.jpg\" alt=\"\" width=\"800\" height=\"801\" srcset=\"https:\/\/digital58.com.ve\/site\/wp-content\/uploads\/2020\/08\/dia-pueblos-indigenas.jpg 599w, https:\/\/digital58.com.ve\/site\/wp-content\/uploads\/2020\/08\/dia-pueblos-indigenas-300x300.jpg 300w, https:\/\/digital58.com.ve\/site\/wp-content\/uploads\/2020\/08\/dia-pueblos-indigenas-150x150.jpg 150w, https:\/\/digital58.com.ve\/site\/wp-content\/uploads\/2020\/08\/dia-pueblos-indigenas-768x769.jpg 768w\" sizes=\"auto, (max-width: 800px) 100vw, 800px\" \/><\/a><\/p>\n<p>Si bien los or\u00edgenes exactos de COVID-19 a\u00fan no se han confirmado, los investigadores conocen bien el v\u00ednculo entre el da\u00f1o ambiental y las pandemias.<\/p>\n<p><strong>Internacionales, 09 de agosto de 2020 (ND58).-<\/strong> Pero hay otro grupo de expertos que se han estado preocupando por la amenaza de una pandemia incluso antes de COVID-19: los pueblos ind\u00edgenas. Gracias a sus conocimientos tradicionales y su relaci\u00f3n con el mundo natural, saben desde hace tiempo que la degradaci\u00f3n del medio ambiente tiene el potencial de desencadenar enfermedades.<\/p>\n<p>A medida que luchamos contra la propagaci\u00f3n de la pandemia, es m\u00e1s importante que nunca salvaguardar a estos pueblos y sus conocimientos. Sus territorios albergan el 80 % de la biodiversidad del mundo y pueden ense\u00f1arnos mucho sobre c\u00f3mo reequilibrar nuestra relaci\u00f3n con la naturaleza y reducir el riesgo de futuras pandemias.<\/p>\n<p>Adem\u00e1s, los pueblos ind\u00edgenas est\u00e1n buscando sus propias soluciones a esta pandemia. Est\u00e1n tomando medidas y utilizando los conocimientos y pr\u00e1cticas tradicionales, como el aislamiento voluntario y el cercamiento de sus territorios, as\u00ed como medidas preventivas, difundidas y abordadas en sus propias lenguas.<\/p>\n<p>Una vez m\u00e1s, nos muestran su capacidad de readaptaci\u00f3n. Es por ello que el tema de este a\u00f1o con motivo de la celebraci\u00f3n de su D\u00eda Internacional es \u00abCOVID-19 y la resiliencia de los pueblos ind\u00edgenas\u00bb, ocasi\u00f3n para la cual preparan un evento especial que incluir\u00e1 un panel de discusi\u00f3n sobre las formas innovadoras en que los pueblos ind\u00edgenas contin\u00faan demostrando resistencia y fortaleza frente a la pandemia mientras se enfrentan a graves amenazas contra su supervivencia.<\/p>\n<p><strong>Sus retos son nuestros retos<\/strong><\/p>\n<p>Las comunidades ind\u00edgenas se enfrentan a una serie de desaf\u00edos de base, y la desafortunada realidad es que los efectos de la pandemia de COVID-19 empeoran a\u00fan m\u00e1s estos problemas.<\/p>\n<p>Estos pueblos experimentan un acceso deficiente a la atenci\u00f3n sanitaria, tasas significativamente m\u00e1s altas de enfermedades transmisibles y no transmisibles, falta de acceso a servicios esenciales, saneamiento y otras medidas preventivas clave, como agua limpia, jab\u00f3n, desinfectante, etc.<\/p>\n<p>Asimismo, la mayor\u00eda de las instalaciones m\u00e9dicas locales cercanas, si es que las hay, suelen estar mal equipadas y carecen de personal. Incluso cuando los pueblos ind\u00edgenas pueden acceder a los servicios de salud, pueden enfrentarse al estigma y la discriminaci\u00f3n. Un factor clave es asegurar que en esas instalaciones se presten servicios en lenguas ind\u00edgenas y, seg\u00fan proceda, en funci\u00f3n de la situaci\u00f3n espec\u00edfica de los pueblos ind\u00edgenas.<\/p>\n<p>Los estilos de vida tradicionales de los pueblos ind\u00edgenas son una fuente de resiliencia, pero este momento pueden representar una amenaza para evitar la propagaci\u00f3n del virus.\u202f Por ejemplo, la mayor\u00eda de los pueblos ind\u00edgenas organizan peri\u00f3dicamente grandes reuniones tradicionales en sus comunidades para conmemorar acontecimientos especiales como, cosechas, ceremonias de llegada a la mayor\u00eda de edad, etc.<\/p>\n<p>Algunas familias ind\u00edgenas tambi\u00e9n viven en viviendas multigeneracionales, lo que les pone en peligro, especialmente a los ancianos.<\/p>\n<p>Adem\u00e1s, los pueblos ind\u00edgenas que ya se afrontan a la inseguridad alimentaria, como resultado de la p\u00e9rdida de sus tierras y territorios tradicionales, se enfrentan a retos a\u00fan m\u00e1s graves en el acceso a los alimentos. Con la p\u00e9rdida de sus medios de vida tradicionales, que a menudo se basan en la tierra, muchos pueblos ind\u00edgenas que trabajan en ocupaciones tradicionales y econom\u00edas de subsistencia, o en el sector no estructurado se ver\u00e1n afectados negativamente por la pandemia.<\/p>\n<p>La situaci\u00f3n de las mujeres ind\u00edgenas, que suelen ser las principales proveedoras de alimentos y nutrici\u00f3n para sus familias, es a\u00fan m\u00e1s grave.<\/p>\n<p>Para dar a conocer las necesidades de estos grupos de poblaci\u00f3n, cada 9 de agosto se conmemora el D\u00eda Internacional de los Pueblos Ind\u00edgenas. Especialmente ahora, nos necesitan. Especialmente ahora, realmente los necesitamos.<\/p><div class=\"lyijt69ee2c9e9fb04\" ><p style=\"text-align: center;\"><a href=\"https:\/\/t.me\/noticiasdigital58\" target=\"_blank\" rel=\"noopener\"><img class=\"aligncenter size-full wp-image-125363\" src=\"https:\/\/digital58.com.ve\/site\/wp-content\/uploads\/2021\/04\/banner-telegram-web-2021.png\" alt=\"\" width=\"600\" height=\"90\" \/><\/a><\/p><\/div><style type=\"text\/css\">\r\n@media screen and (min-width: 1201px) {\r\n.lyijt69ee2c9e9fb04 {\r\ndisplay: block;\r\n}\r\n}\r\n@media screen and (min-width: 993px) and (max-width: 1200px) {\r\n.lyijt69ee2c9e9fb04 {\r\ndisplay: block;\r\n}\r\n}\r\n@media screen and (min-width: 769px) and (max-width: 992px) {\r\n.lyijt69ee2c9e9fb04 {\r\ndisplay: block;\r\n}\r\n}\r\n@media screen and (min-width: 768px) and (max-width: 768px) {\r\n.lyijt69ee2c9e9fb04 {\r\ndisplay: block;\r\n}\r\n}\r\n@media screen and (max-width: 767px) {\r\n.lyijt69ee2c9e9fb04 {\r\ndisplay: block;\r\n}\r\n}\r\n<\/style>\r\n\n<p><strong>Redacci\u00f3n ND58 | Fuente: <a href=\"https:\/\/www.un.org\/es\/observances\/indigenous-day\" target=\"_blank\" rel=\"noopener noreferrer\">un.org<\/a><\/strong><br \/>\n<strong>Edici\u00f3n: Villasmil, Henry<\/strong><br \/>\n<strong>Gr\u00e1fica: @arismendi<\/strong><\/p>\n<div style=\"margin-top: 0px; margin-bottom: 0px;\" class=\"sharethis-inline-share-buttons\" ><\/div>","protected":false},"excerpt":{"rendered":"<p>Si bien los or\u00edgenes exactos de COVID-19 a\u00fan no se han confirmado, los investigadores conocen bien el v\u00ednculo entre el<\/p>\n","protected":false},"author":1,"featured_media":120969,"comment_status":"open","ping_status":"closed","sticky":false,"template":"","format":"standard","meta":{"colormag_page_container_layout":"default_layout","colormag_page_sidebar_layout":"default_layout","_uag_custom_page_level_css":"","footnotes":""},"categories":[16451],"tags":[13352,13648,19894,8,8061,13723,4516],"class_list":["post-120965","post","type-post","status-publish","format-standard","has-post-thumbnail","hentry","category-mundo","tag-coronavirus","tag-covid-19","tag-dia-internacional-de-los-pueblos-indigenas","tag-internacionales","tag-naciones-unidas","tag-pandemia","tag-pueblos-indigenas"],"yoast_head":"<!-- This site is optimized with the Yoast SEO plugin v27.4 - https:\/\/yoast.com\/product\/yoast-seo-wordpress\/ -->\n<title>COVID-19 y la resiliencia de los pueblos ind\u00edgenas<\/title>\n<meta name=\"description\" content=\"Mundo\" \/>\n<meta name=\"robots\" content=\"index, follow, max-snippet:-1, max-image-preview:large, max-video-preview:-1\" \/>\n<link rel=\"canonical\" href=\"https:\/\/digital58.com.ve\/site\/2020\/08\/09\/covid-19-y-la-resiliencia-de-los-pueblos-indigenas\/\" \/>\n<meta property=\"og:locale\" content=\"es_ES\" \/>\n<meta property=\"og:type\" content=\"article\" \/>\n<meta property=\"og:title\" content=\"COVID-19 y la resiliencia de los pueblos ind\u00edgenas\" \/>\n<meta property=\"og:description\" content=\"Mundo\" \/>\n<meta property=\"og:url\" content=\"https:\/\/digital58.com.ve\/site\/2020\/08\/09\/covid-19-y-la-resiliencia-de-los-pueblos-indigenas\/\" \/>\n<meta property=\"og:site_name\" content=\"Noticias Digital58\" \/>\n<meta property=\"article:published_time\" content=\"2020-08-09T23:18:01+00:00\" \/>\n<meta property=\"og:image\" content=\"https:\/\/digital58.com.ve\/site\/wp-content\/uploads\/2020\/08\/dia-pueblos-indigenas.jpg\" \/>\n\t<meta property=\"og:image:width\" content=\"800\" \/>\n\t<meta property=\"og:image:height\" content=\"801\" \/>\n\t<meta property=\"og:image:type\" content=\"image\/jpeg\" \/>\n<meta name=\"author\" content=\"Villasmil Henry\" \/>\n<meta name=\"twitter:card\" content=\"summary_large_image\" \/>\n<meta name=\"twitter:creator\" content=\"@https:\/\/twitter.com\/villasmilhfoto\" \/>\n<meta name=\"twitter:site\" content=\"@villasmilhfoto\" \/>\n<meta name=\"twitter:label1\" content=\"Escrito por\" \/>\n\t<meta name=\"twitter:data1\" content=\"Villasmil Henry\" \/>\n\t<meta name=\"twitter:label2\" content=\"Tiempo estimado de lectura\" \/>\n\t<meta name=\"twitter:data2\" content=\"3 minutos\" \/>\n<script type=\"application\/ld+json\" class=\"yoast-schema-graph\">{\"@context\":\"https:\\\/\\\/schema.org\",\"@graph\":[{\"@type\":\"Article\",\"@id\":\"https:\\\/\\\/digital58.com.ve\\\/site\\\/2020\\\/08\\\/09\\\/covid-19-y-la-resiliencia-de-los-pueblos-indigenas\\\/#article\",\"isPartOf\":{\"@id\":\"https:\\\/\\\/digital58.com.ve\\\/site\\\/2020\\\/08\\\/09\\\/covid-19-y-la-resiliencia-de-los-pueblos-indigenas\\\/\"},\"author\":{\"name\":\"Villasmil Henry\",\"@id\":\"https:\\\/\\\/digital58.com.ve\\\/site\\\/#\\\/schema\\\/person\\\/64d1c2e4d0d4fd1b849980c4331c2951\"},\"headline\":\"COVID-19 y la resiliencia de los pueblos ind\u00edgenas\",\"datePublished\":\"2020-08-09T23:18:01+00:00\",\"mainEntityOfPage\":{\"@id\":\"https:\\\/\\\/digital58.com.ve\\\/site\\\/2020\\\/08\\\/09\\\/covid-19-y-la-resiliencia-de-los-pueblos-indigenas\\\/\"},\"wordCount\":695,\"commentCount\":0,\"publisher\":{\"@id\":\"https:\\\/\\\/digital58.com.ve\\\/site\\\/#\\\/schema\\\/person\\\/64d1c2e4d0d4fd1b849980c4331c2951\"},\"image\":{\"@id\":\"https:\\\/\\\/digital58.com.ve\\\/site\\\/2020\\\/08\\\/09\\\/covid-19-y-la-resiliencia-de-los-pueblos-indigenas\\\/#primaryimage\"},\"thumbnailUrl\":\"https:\\\/\\\/digital58.com.ve\\\/site\\\/wp-content\\\/uploads\\\/2020\\\/08\\\/dia-pueblos-indigenas.jpg\",\"keywords\":[\"Coronavirus\",\"COVID-19\",\"D\u00eda Internacional de los Pueblos Ind\u00edgenas\",\"Internacionales\",\"Naciones Unidas\",\"Pandemia\",\"Pueblos Indigenas\"],\"articleSection\":[\"Mundo\"],\"inLanguage\":\"es\",\"potentialAction\":[{\"@type\":\"CommentAction\",\"name\":\"Comment\",\"target\":[\"https:\\\/\\\/digital58.com.ve\\\/site\\\/2020\\\/08\\\/09\\\/covid-19-y-la-resiliencia-de-los-pueblos-indigenas\\\/#respond\"]}]},{\"@type\":\"WebPage\",\"@id\":\"https:\\\/\\\/digital58.com.ve\\\/site\\\/2020\\\/08\\\/09\\\/covid-19-y-la-resiliencia-de-los-pueblos-indigenas\\\/\",\"url\":\"https:\\\/\\\/digital58.com.ve\\\/site\\\/2020\\\/08\\\/09\\\/covid-19-y-la-resiliencia-de-los-pueblos-indigenas\\\/\",\"name\":\"COVID-19 y la resiliencia de los pueblos ind\u00edgenas\",\"isPartOf\":{\"@id\":\"https:\\\/\\\/digital58.com.ve\\\/site\\\/#website\"},\"primaryImageOfPage\":{\"@id\":\"https:\\\/\\\/digital58.com.ve\\\/site\\\/2020\\\/08\\\/09\\\/covid-19-y-la-resiliencia-de-los-pueblos-indigenas\\\/#primaryimage\"},\"image\":{\"@id\":\"https:\\\/\\\/digital58.com.ve\\\/site\\\/2020\\\/08\\\/09\\\/covid-19-y-la-resiliencia-de-los-pueblos-indigenas\\\/#primaryimage\"},\"thumbnailUrl\":\"https:\\\/\\\/digital58.com.ve\\\/site\\\/wp-content\\\/uploads\\\/2020\\\/08\\\/dia-pueblos-indigenas.jpg\",\"datePublished\":\"2020-08-09T23:18:01+00:00\",\"description\":\"Mundo\",\"breadcrumb\":{\"@id\":\"https:\\\/\\\/digital58.com.ve\\\/site\\\/2020\\\/08\\\/09\\\/covid-19-y-la-resiliencia-de-los-pueblos-indigenas\\\/#breadcrumb\"},\"inLanguage\":\"es\",\"potentialAction\":[{\"@type\":\"ReadAction\",\"target\":[\"https:\\\/\\\/digital58.com.ve\\\/site\\\/2020\\\/08\\\/09\\\/covid-19-y-la-resiliencia-de-los-pueblos-indigenas\\\/\"]}]},{\"@type\":\"ImageObject\",\"inLanguage\":\"es\",\"@id\":\"https:\\\/\\\/digital58.com.ve\\\/site\\\/2020\\\/08\\\/09\\\/covid-19-y-la-resiliencia-de-los-pueblos-indigenas\\\/#primaryimage\",\"url\":\"https:\\\/\\\/digital58.com.ve\\\/site\\\/wp-content\\\/uploads\\\/2020\\\/08\\\/dia-pueblos-indigenas.jpg\",\"contentUrl\":\"https:\\\/\\\/digital58.com.ve\\\/site\\\/wp-content\\\/uploads\\\/2020\\\/08\\\/dia-pueblos-indigenas.jpg\",\"width\":599,\"height\":600},{\"@type\":\"BreadcrumbList\",\"@id\":\"https:\\\/\\\/digital58.com.ve\\\/site\\\/2020\\\/08\\\/09\\\/covid-19-y-la-resiliencia-de-los-pueblos-indigenas\\\/#breadcrumb\",\"itemListElement\":[{\"@type\":\"ListItem\",\"position\":1,\"name\":\"Home\",\"item\":\"https:\\\/\\\/digital58.com.ve\\\/site\\\/\"},{\"@type\":\"ListItem\",\"position\":2,\"name\":\"COVID-19 y la resiliencia de los pueblos ind\u00edgenas\"}]},{\"@type\":\"WebSite\",\"@id\":\"https:\\\/\\\/digital58.com.ve\\\/site\\\/#website\",\"url\":\"https:\\\/\\\/digital58.com.ve\\\/site\\\/\",\"name\":\"Noticias Digital58\",\"description\":\"Portal de Noticias \u00a1Periodismo web de verdad! Lanzamiento web 22.11.2005 \\\/ Maracaibo, Venezuela\",\"publisher\":{\"@id\":\"https:\\\/\\\/digital58.com.ve\\\/site\\\/#\\\/schema\\\/person\\\/64d1c2e4d0d4fd1b849980c4331c2951\"},\"alternateName\":\"ND58\",\"potentialAction\":[{\"@type\":\"SearchAction\",\"target\":{\"@type\":\"EntryPoint\",\"urlTemplate\":\"https:\\\/\\\/digital58.com.ve\\\/site\\\/?s={search_term_string}\"},\"query-input\":{\"@type\":\"PropertyValueSpecification\",\"valueRequired\":true,\"valueName\":\"search_term_string\"}}],\"inLanguage\":\"es\"},{\"@type\":[\"Person\",\"Organization\"],\"@id\":\"https:\\\/\\\/digital58.com.ve\\\/site\\\/#\\\/schema\\\/person\\\/64d1c2e4d0d4fd1b849980c4331c2951\",\"name\":\"Villasmil Henry\",\"image\":{\"@type\":\"ImageObject\",\"inLanguage\":\"es\",\"@id\":\"https:\\\/\\\/secure.gravatar.com\\\/avatar\\\/bb0c4a2fcb7970138239f7e404ea75757b1b507b28b5ce4c53fbd62d797c5a7c?s=96&d=mm&r=g\",\"url\":\"https:\\\/\\\/secure.gravatar.com\\\/avatar\\\/bb0c4a2fcb7970138239f7e404ea75757b1b507b28b5ce4c53fbd62d797c5a7c?s=96&d=mm&r=g\",\"contentUrl\":\"https:\\\/\\\/secure.gravatar.com\\\/avatar\\\/bb0c4a2fcb7970138239f7e404ea75757b1b507b28b5ce4c53fbd62d797c5a7c?s=96&d=mm&r=g\",\"caption\":\"Villasmil Henry\"},\"logo\":{\"@id\":\"https:\\\/\\\/secure.gravatar.com\\\/avatar\\\/bb0c4a2fcb7970138239f7e404ea75757b1b507b28b5ce4c53fbd62d797c5a7c?s=96&d=mm&r=g\"},\"sameAs\":[\"http:\\\/\\\/www.henryvillasmil.com.ve\",\"https:\\\/\\\/www.instagram.com\\\/villasmilhfoto\\\/\",\"https:\\\/\\\/x.com\\\/https:\\\/\\\/twitter.com\\\/villasmilhfoto\"],\"url\":\"https:\\\/\\\/digital58.com.ve\\\/site\\\/author\\\/droopy_68\\\/\"}]}<\/script>\n<!-- \/ Yoast SEO plugin. -->","yoast_head_json":{"title":"COVID-19 y la resiliencia de los pueblos ind\u00edgenas","description":"Mundo","robots":{"index":"index","follow":"follow","max-snippet":"max-snippet:-1","max-image-preview":"max-image-preview:large","max-video-preview":"max-video-preview:-1"},"canonical":"https:\/\/digital58.com.ve\/site\/2020\/08\/09\/covid-19-y-la-resiliencia-de-los-pueblos-indigenas\/","og_locale":"es_ES","og_type":"article","og_title":"COVID-19 y la resiliencia de los pueblos ind\u00edgenas","og_description":"Mundo","og_url":"https:\/\/digital58.com.ve\/site\/2020\/08\/09\/covid-19-y-la-resiliencia-de-los-pueblos-indigenas\/","og_site_name":"Noticias Digital58","article_published_time":"2020-08-09T23:18:01+00:00","og_image":[{"width":800,"height":801,"url":"https:\/\/digital58.com.ve\/site\/wp-content\/uploads\/2020\/08\/dia-pueblos-indigenas.jpg","type":"image\/jpeg"}],"author":"Villasmil Henry","twitter_card":"summary_large_image","twitter_creator":"@https:\/\/twitter.com\/villasmilhfoto","twitter_site":"@villasmilhfoto","twitter_misc":{"Escrito por":"Villasmil Henry","Tiempo estimado de lectura":"3 minutos"},"schema":{"@context":"https:\/\/schema.org","@graph":[{"@type":"Article","@id":"https:\/\/digital58.com.ve\/site\/2020\/08\/09\/covid-19-y-la-resiliencia-de-los-pueblos-indigenas\/#article","isPartOf":{"@id":"https:\/\/digital58.com.ve\/site\/2020\/08\/09\/covid-19-y-la-resiliencia-de-los-pueblos-indigenas\/"},"author":{"name":"Villasmil Henry","@id":"https:\/\/digital58.com.ve\/site\/#\/schema\/person\/64d1c2e4d0d4fd1b849980c4331c2951"},"headline":"COVID-19 y la resiliencia de los pueblos ind\u00edgenas","datePublished":"2020-08-09T23:18:01+00:00","mainEntityOfPage":{"@id":"https:\/\/digital58.com.ve\/site\/2020\/08\/09\/covid-19-y-la-resiliencia-de-los-pueblos-indigenas\/"},"wordCount":695,"commentCount":0,"publisher":{"@id":"https:\/\/digital58.com.ve\/site\/#\/schema\/person\/64d1c2e4d0d4fd1b849980c4331c2951"},"image":{"@id":"https:\/\/digital58.com.ve\/site\/2020\/08\/09\/covid-19-y-la-resiliencia-de-los-pueblos-indigenas\/#primaryimage"},"thumbnailUrl":"https:\/\/digital58.com.ve\/site\/wp-content\/uploads\/2020\/08\/dia-pueblos-indigenas.jpg","keywords":["Coronavirus","COVID-19","D\u00eda Internacional de los Pueblos Ind\u00edgenas","Internacionales","Naciones Unidas","Pandemia","Pueblos Indigenas"],"articleSection":["Mundo"],"inLanguage":"es","potentialAction":[{"@type":"CommentAction","name":"Comment","target":["https:\/\/digital58.com.ve\/site\/2020\/08\/09\/covid-19-y-la-resiliencia-de-los-pueblos-indigenas\/#respond"]}]},{"@type":"WebPage","@id":"https:\/\/digital58.com.ve\/site\/2020\/08\/09\/covid-19-y-la-resiliencia-de-los-pueblos-indigenas\/","url":"https:\/\/digital58.com.ve\/site\/2020\/08\/09\/covid-19-y-la-resiliencia-de-los-pueblos-indigenas\/","name":"COVID-19 y la resiliencia de los pueblos ind\u00edgenas","isPartOf":{"@id":"https:\/\/digital58.com.ve\/site\/#website"},"primaryImageOfPage":{"@id":"https:\/\/digital58.com.ve\/site\/2020\/08\/09\/covid-19-y-la-resiliencia-de-los-pueblos-indigenas\/#primaryimage"},"image":{"@id":"https:\/\/digital58.com.ve\/site\/2020\/08\/09\/covid-19-y-la-resiliencia-de-los-pueblos-indigenas\/#primaryimage"},"thumbnailUrl":"https:\/\/digital58.com.ve\/site\/wp-content\/uploads\/2020\/08\/dia-pueblos-indigenas.jpg","datePublished":"2020-08-09T23:18:01+00:00","description":"Mundo","breadcrumb":{"@id":"https:\/\/digital58.com.ve\/site\/2020\/08\/09\/covid-19-y-la-resiliencia-de-los-pueblos-indigenas\/#breadcrumb"},"inLanguage":"es","potentialAction":[{"@type":"ReadAction","target":["https:\/\/digital58.com.ve\/site\/2020\/08\/09\/covid-19-y-la-resiliencia-de-los-pueblos-indigenas\/"]}]},{"@type":"ImageObject","inLanguage":"es","@id":"https:\/\/digital58.com.ve\/site\/2020\/08\/09\/covid-19-y-la-resiliencia-de-los-pueblos-indigenas\/#primaryimage","url":"https:\/\/digital58.com.ve\/site\/wp-content\/uploads\/2020\/08\/dia-pueblos-indigenas.jpg","contentUrl":"https:\/\/digital58.com.ve\/site\/wp-content\/uploads\/2020\/08\/dia-pueblos-indigenas.jpg","width":599,"height":600},{"@type":"BreadcrumbList","@id":"https:\/\/digital58.com.ve\/site\/2020\/08\/09\/covid-19-y-la-resiliencia-de-los-pueblos-indigenas\/#breadcrumb","itemListElement":[{"@type":"ListItem","position":1,"name":"Home","item":"https:\/\/digital58.com.ve\/site\/"},{"@type":"ListItem","position":2,"name":"COVID-19 y la resiliencia de los pueblos ind\u00edgenas"}]},{"@type":"WebSite","@id":"https:\/\/digital58.com.ve\/site\/#website","url":"https:\/\/digital58.com.ve\/site\/","name":"Noticias Digital58","description":"Portal de Noticias \u00a1Periodismo web de verdad! Lanzamiento web 22.11.2005 \/ Maracaibo, Venezuela","publisher":{"@id":"https:\/\/digital58.com.ve\/site\/#\/schema\/person\/64d1c2e4d0d4fd1b849980c4331c2951"},"alternateName":"ND58","potentialAction":[{"@type":"SearchAction","target":{"@type":"EntryPoint","urlTemplate":"https:\/\/digital58.com.ve\/site\/?s={search_term_string}"},"query-input":{"@type":"PropertyValueSpecification","valueRequired":true,"valueName":"search_term_string"}}],"inLanguage":"es"},{"@type":["Person","Organization"],"@id":"https:\/\/digital58.com.ve\/site\/#\/schema\/person\/64d1c2e4d0d4fd1b849980c4331c2951","name":"Villasmil Henry","image":{"@type":"ImageObject","inLanguage":"es","@id":"https:\/\/secure.gravatar.com\/avatar\/bb0c4a2fcb7970138239f7e404ea75757b1b507b28b5ce4c53fbd62d797c5a7c?s=96&d=mm&r=g","url":"https:\/\/secure.gravatar.com\/avatar\/bb0c4a2fcb7970138239f7e404ea75757b1b507b28b5ce4c53fbd62d797c5a7c?s=96&d=mm&r=g","contentUrl":"https:\/\/secure.gravatar.com\/avatar\/bb0c4a2fcb7970138239f7e404ea75757b1b507b28b5ce4c53fbd62d797c5a7c?s=96&d=mm&r=g","caption":"Villasmil Henry"},"logo":{"@id":"https:\/\/secure.gravatar.com\/avatar\/bb0c4a2fcb7970138239f7e404ea75757b1b507b28b5ce4c53fbd62d797c5a7c?s=96&d=mm&r=g"},"sameAs":["http:\/\/www.henryvillasmil.com.ve","https:\/\/www.instagram.com\/villasmilhfoto\/","https:\/\/x.com\/https:\/\/twitter.com\/villasmilhfoto"],"url":"https:\/\/digital58.com.ve\/site\/author\/droopy_68\/"}]}},"uagb_featured_image_src":{"full":["https:\/\/digital58.com.ve\/site\/wp-content\/uploads\/2020\/08\/dia-pueblos-indigenas.jpg",599,600,false],"thumbnail":["https:\/\/digital58.com.ve\/site\/wp-content\/uploads\/2020\/08\/dia-pueblos-indigenas-150x150.jpg",150,150,true],"medium":["https:\/\/digital58.com.ve\/site\/wp-content\/uploads\/2020\/08\/dia-pueblos-indigenas-300x300.jpg",300,300,true],"medium_large":["https:\/\/digital58.com.ve\/site\/wp-content\/uploads\/2020\/08\/dia-pueblos-indigenas-768x769.jpg",768,769,true],"large":["https:\/\/digital58.com.ve\/site\/wp-content\/uploads\/2020\/08\/dia-pueblos-indigenas.jpg",599,600,false],"1536x1536":["https:\/\/digital58.com.ve\/site\/wp-content\/uploads\/2020\/08\/dia-pueblos-indigenas.jpg",599,600,false],"2048x2048":["https:\/\/digital58.com.ve\/site\/wp-content\/uploads\/2020\/08\/dia-pueblos-indigenas.jpg",599,600,false],"colormag-highlighted-post":["https:\/\/digital58.com.ve\/site\/wp-content\/uploads\/2020\/08\/dia-pueblos-indigenas.jpg",272,272,false],"colormag-featured-post-medium":["https:\/\/digital58.com.ve\/site\/wp-content\/uploads\/2020\/08\/dia-pueblos-indigenas.jpg",205,205,false],"colormag-featured-post-small":["https:\/\/digital58.com.ve\/site\/wp-content\/uploads\/2020\/08\/dia-pueblos-indigenas.jpg",90,90,false],"colormag-featured-image":["https:\/\/digital58.com.ve\/site\/wp-content\/uploads\/2020\/08\/dia-pueblos-indigenas.jpg",444,445,false],"colormag-default-news":["https:\/\/digital58.com.ve\/site\/wp-content\/uploads\/2020\/08\/dia-pueblos-indigenas.jpg",150,150,false],"colormag-featured-image-large":["https:\/\/digital58.com.ve\/site\/wp-content\/uploads\/2020\/08\/dia-pueblos-indigenas.jpg",599,600,false]},"uagb_author_info":{"display_name":"Villasmil Henry","author_link":"https:\/\/digital58.com.ve\/site\/author\/droopy_68\/"},"uagb_comment_info":0,"uagb_excerpt":"Si bien los or\u00edgenes exactos de COVID-19 a\u00fan no se han confirmado, los investigadores conocen bien el v\u00ednculo entre el","_links":{"self":[{"href":"https:\/\/digital58.com.ve\/site\/wp-json\/wp\/v2\/posts\/120965","targetHints":{"allow":["GET"]}}],"collection":[{"href":"https:\/\/digital58.com.ve\/site\/wp-json\/wp\/v2\/posts"}],"about":[{"href":"https:\/\/digital58.com.ve\/site\/wp-json\/wp\/v2\/types\/post"}],"author":[{"embeddable":true,"href":"https:\/\/digital58.com.ve\/site\/wp-json\/wp\/v2\/users\/1"}],"replies":[{"embeddable":true,"href":"https:\/\/digital58.com.ve\/site\/wp-json\/wp\/v2\/comments?post=120965"}],"version-history":[{"count":0,"href":"https:\/\/digital58.com.ve\/site\/wp-json\/wp\/v2\/posts\/120965\/revisions"}],"wp:featuredmedia":[{"embeddable":true,"href":"https:\/\/digital58.com.ve\/site\/wp-json\/wp\/v2\/media\/120969"}],"wp:attachment":[{"href":"https:\/\/digital58.com.ve\/site\/wp-json\/wp\/v2\/media?parent=120965"}],"wp:term":[{"taxonomy":"category","embeddable":true,"href":"https:\/\/digital58.com.ve\/site\/wp-json\/wp\/v2\/categories?post=120965"},{"taxonomy":"post_tag","embeddable":true,"href":"https:\/\/digital58.com.ve\/site\/wp-json\/wp\/v2\/tags?post=120965"}],"curies":[{"name":"wp","href":"https:\/\/api.w.org\/{rel}","templated":true}]}}