{"id":121101,"date":"2020-08-10T10:11:59","date_gmt":"2020-08-10T14:11:59","guid":{"rendered":"https:\/\/digital58.com.ve\/site\/?p=121101"},"modified":"2020-08-10T10:11:59","modified_gmt":"2020-08-10T14:11:59","slug":"la-covid-19-cobro-la-vida-del-medico-luis-urdaneta","status":"publish","type":"post","link":"https:\/\/digital58.com.ve\/site\/2020\/08\/10\/la-covid-19-cobro-la-vida-del-medico-luis-urdaneta\/","title":{"rendered":"La COVID-19 cobr\u00f3 la vida del m\u00e9dico Luis Urdaneta"},"content":{"rendered":"<p><img loading=\"lazy\" decoding=\"async\" class=\"alignnone size-full wp-image-121102\" src=\"https:\/\/digital58.com.ve\/site\/wp-content\/uploads\/2020\/08\/doctor-luis-urdaneta.jpg\" alt=\"\" width=\"800\" height=\"533\" srcset=\"https:\/\/digital58.com.ve\/site\/wp-content\/uploads\/2020\/08\/doctor-luis-urdaneta.jpg 800w, https:\/\/digital58.com.ve\/site\/wp-content\/uploads\/2020\/08\/doctor-luis-urdaneta-300x200.jpg 300w, https:\/\/digital58.com.ve\/site\/wp-content\/uploads\/2020\/08\/doctor-luis-urdaneta-768x512.jpg 768w, https:\/\/digital58.com.ve\/site\/wp-content\/uploads\/2020\/08\/doctor-luis-urdaneta-720x480.jpg 720w, https:\/\/digital58.com.ve\/site\/wp-content\/uploads\/2020\/08\/doctor-luis-urdaneta-480x320.jpg 480w\" sizes=\"auto, (max-width: 800px) 100vw, 800px\" \/>Familiares y amigos hab\u00edan comenzado una campa\u00f1a en Gofundme hace semanas para recaudar el dinero necesario para costear los gastos m\u00e9dicos<\/p>\n<p><strong>Caracas, DC, Venezuela<\/strong><b>\u00a010\u00a0<\/b><strong>de agosto de 2020 (ND58).-<\/strong>\u00a0La COVID-19 cobr\u00f3 la vida del m\u00e9dico Luis Urdaneta, quien fue el fundador de la Unidad de Cuidados Intensivos del Hospital Vargas de Caracas, el galeno estuvo varios d\u00edas recluido con un cuadro cr\u00edtico en la Cl\u00ednica metropolitana.<\/p>\n<p>Urdaneta, de 80 a\u00f1os de edad, trabaj\u00f3 en el Hospital Vargas de Caracas por m\u00e1s de 3 d\u00e9cadas como m\u00e9dico internista y nefr\u00f3logo. Tambi\u00e9n se desempe\u00f1\u00f3 como profesor universitario en la Escuela Vargas y presidi\u00f3 la Sociedad Venezolana de Nefrolog\u00eda.<\/p>\n<p>Sus familiares y amigos hab\u00edan comenzado una campa\u00f1a en Gofundme hace semanas para recaudar el dinero necesario para costear los gastos m\u00e9dicos. Su recuperaci\u00f3n, de acuerdo con la informaci\u00f3n se\u00f1alada en la p\u00e1gina de donaciones, fue mucho m\u00e1s lenta y, por tanto, m\u00e1s costosa.<\/p><div class=\"ckjbp69ec4653754bf\" ><p style=\"text-align: center;\"><a href=\"https:\/\/t.me\/noticiasdigital58\" target=\"_blank\" rel=\"noopener\"><img class=\"aligncenter size-full wp-image-125363\" src=\"https:\/\/digital58.com.ve\/site\/wp-content\/uploads\/2021\/04\/banner-telegram-web-2021.png\" alt=\"\" width=\"600\" height=\"90\" \/><\/a><\/p><\/div><style type=\"text\/css\">\r\n@media screen and (min-width: 1201px) {\r\n.ckjbp69ec4653754bf {\r\ndisplay: block;\r\n}\r\n}\r\n@media screen and (min-width: 993px) and (max-width: 1200px) {\r\n.ckjbp69ec4653754bf {\r\ndisplay: block;\r\n}\r\n}\r\n@media screen and (min-width: 769px) and (max-width: 992px) {\r\n.ckjbp69ec4653754bf {\r\ndisplay: block;\r\n}\r\n}\r\n@media screen and (min-width: 768px) and (max-width: 768px) {\r\n.ckjbp69ec4653754bf {\r\ndisplay: block;\r\n}\r\n}\r\n@media screen and (max-width: 767px) {\r\n.ckjbp69ec4653754bf {\r\ndisplay: block;\r\n}\r\n}\r\n<\/style>\r\n\n<p><b><strong>Re<\/strong><strong>dacci\u00f3n: Molero, Luis\u00a0 (@Moleromarquez) | Fuente: Agencias<br \/>\nEdici\u00f3n: Villasmil, Henry<br \/>\nGr\u00e1ficas: Cortes\u00eda<\/strong><\/b><\/p>\n<div style=\"margin-top: 0px; margin-bottom: 0px;\" class=\"sharethis-inline-share-buttons\" ><\/div>","protected":false},"excerpt":{"rendered":"<p>Familiares y amigos hab\u00edan comenzado una campa\u00f1a en Gofundme hace semanas para recaudar el dinero necesario para costear los gastos<\/p>\n","protected":false},"author":26,"featured_media":121102,"comment_status":"open","ping_status":"closed","sticky":false,"template":"","format":"standard","meta":{"colormag_page_container_layout":"default_layout","colormag_page_sidebar_layout":"default_layout","_uag_custom_page_level_css":"","footnotes":""},"categories":[16454],"tags":[29,13648,19943,19942,233],"class_list":["post-121101","post","type-post","status-publish","format-standard","has-post-thumbnail","hentry","category-venezuela","tag-caracas","tag-covid-19","tag-hospital-vargas","tag-medico-luis-urdaneta","tag-nacionales"],"yoast_head":"<!-- This site is optimized with the Yoast SEO plugin v27.4 - https:\/\/yoast.com\/product\/yoast-seo-wordpress\/ -->\n<title>La COVID-19 cobr\u00f3 la vida del m\u00e9dico Luis Urdaneta<\/title>\n<meta name=\"description\" content=\"Venezuela\" \/>\n<meta name=\"robots\" content=\"index, follow, max-snippet:-1, max-image-preview:large, max-video-preview:-1\" \/>\n<link rel=\"canonical\" href=\"https:\/\/digital58.com.ve\/site\/2020\/08\/10\/la-covid-19-cobro-la-vida-del-medico-luis-urdaneta\/\" \/>\n<meta property=\"og:locale\" content=\"es_ES\" \/>\n<meta property=\"og:type\" content=\"article\" \/>\n<meta property=\"og:title\" content=\"La COVID-19 cobr\u00f3 la vida del m\u00e9dico Luis Urdaneta\" \/>\n<meta property=\"og:description\" content=\"Venezuela\" \/>\n<meta property=\"og:url\" content=\"https:\/\/digital58.com.ve\/site\/2020\/08\/10\/la-covid-19-cobro-la-vida-del-medico-luis-urdaneta\/\" \/>\n<meta property=\"og:site_name\" content=\"Noticias Digital58\" \/>\n<meta property=\"article:published_time\" content=\"2020-08-10T14:11:59+00:00\" \/>\n<meta property=\"og:image\" content=\"https:\/\/digital58.com.ve\/site\/wp-content\/uploads\/2020\/08\/doctor-luis-urdaneta.jpg\" \/>\n\t<meta property=\"og:image:width\" content=\"800\" \/>\n\t<meta property=\"og:image:height\" content=\"533\" \/>\n\t<meta property=\"og:image:type\" content=\"image\/jpeg\" \/>\n<meta name=\"author\" content=\"Molero Luis\" \/>\n<meta name=\"twitter:card\" content=\"summary_large_image\" \/>\n<meta name=\"twitter:creator\" content=\"@Digital_58\" \/>\n<meta name=\"twitter:site\" content=\"@villasmilhfoto\" \/>\n<meta name=\"twitter:label1\" content=\"Escrito por\" \/>\n\t<meta name=\"twitter:data1\" content=\"Molero Luis\" \/>\n\t<meta name=\"twitter:label2\" content=\"Tiempo estimado de lectura\" \/>\n\t<meta name=\"twitter:data2\" content=\"1 minuto\" \/>\n<script type=\"application\/ld+json\" class=\"yoast-schema-graph\">{\"@context\":\"https:\\\/\\\/schema.org\",\"@graph\":[{\"@type\":\"Article\",\"@id\":\"https:\\\/\\\/digital58.com.ve\\\/site\\\/2020\\\/08\\\/10\\\/la-covid-19-cobro-la-vida-del-medico-luis-urdaneta\\\/#article\",\"isPartOf\":{\"@id\":\"https:\\\/\\\/digital58.com.ve\\\/site\\\/2020\\\/08\\\/10\\\/la-covid-19-cobro-la-vida-del-medico-luis-urdaneta\\\/\"},\"author\":{\"name\":\"Molero Luis\",\"@id\":\"https:\\\/\\\/digital58.com.ve\\\/site\\\/#\\\/schema\\\/person\\\/c61667ce6845137620ee3f0aaabade17\"},\"headline\":\"La COVID-19 cobr\u00f3 la vida del m\u00e9dico Luis Urdaneta\",\"datePublished\":\"2020-08-10T14:11:59+00:00\",\"mainEntityOfPage\":{\"@id\":\"https:\\\/\\\/digital58.com.ve\\\/site\\\/2020\\\/08\\\/10\\\/la-covid-19-cobro-la-vida-del-medico-luis-urdaneta\\\/\"},\"wordCount\":198,\"commentCount\":0,\"publisher\":{\"@id\":\"https:\\\/\\\/digital58.com.ve\\\/site\\\/#\\\/schema\\\/person\\\/64d1c2e4d0d4fd1b849980c4331c2951\"},\"image\":{\"@id\":\"https:\\\/\\\/digital58.com.ve\\\/site\\\/2020\\\/08\\\/10\\\/la-covid-19-cobro-la-vida-del-medico-luis-urdaneta\\\/#primaryimage\"},\"thumbnailUrl\":\"https:\\\/\\\/digital58.com.ve\\\/site\\\/wp-content\\\/uploads\\\/2020\\\/08\\\/doctor-luis-urdaneta.jpg\",\"keywords\":[\"Caracas\",\"COVID-19\",\"Hospital Vargas\",\"M\u00e9dico Luis Urdaneta\",\"Nacionales\"],\"articleSection\":[\"Venezuela\"],\"inLanguage\":\"es\",\"potentialAction\":[{\"@type\":\"CommentAction\",\"name\":\"Comment\",\"target\":[\"https:\\\/\\\/digital58.com.ve\\\/site\\\/2020\\\/08\\\/10\\\/la-covid-19-cobro-la-vida-del-medico-luis-urdaneta\\\/#respond\"]}]},{\"@type\":\"WebPage\",\"@id\":\"https:\\\/\\\/digital58.com.ve\\\/site\\\/2020\\\/08\\\/10\\\/la-covid-19-cobro-la-vida-del-medico-luis-urdaneta\\\/\",\"url\":\"https:\\\/\\\/digital58.com.ve\\\/site\\\/2020\\\/08\\\/10\\\/la-covid-19-cobro-la-vida-del-medico-luis-urdaneta\\\/\",\"name\":\"La COVID-19 cobr\u00f3 la vida del m\u00e9dico Luis Urdaneta\",\"isPartOf\":{\"@id\":\"https:\\\/\\\/digital58.com.ve\\\/site\\\/#website\"},\"primaryImageOfPage\":{\"@id\":\"https:\\\/\\\/digital58.com.ve\\\/site\\\/2020\\\/08\\\/10\\\/la-covid-19-cobro-la-vida-del-medico-luis-urdaneta\\\/#primaryimage\"},\"image\":{\"@id\":\"https:\\\/\\\/digital58.com.ve\\\/site\\\/2020\\\/08\\\/10\\\/la-covid-19-cobro-la-vida-del-medico-luis-urdaneta\\\/#primaryimage\"},\"thumbnailUrl\":\"https:\\\/\\\/digital58.com.ve\\\/site\\\/wp-content\\\/uploads\\\/2020\\\/08\\\/doctor-luis-urdaneta.jpg\",\"datePublished\":\"2020-08-10T14:11:59+00:00\",\"description\":\"Venezuela\",\"breadcrumb\":{\"@id\":\"https:\\\/\\\/digital58.com.ve\\\/site\\\/2020\\\/08\\\/10\\\/la-covid-19-cobro-la-vida-del-medico-luis-urdaneta\\\/#breadcrumb\"},\"inLanguage\":\"es\",\"potentialAction\":[{\"@type\":\"ReadAction\",\"target\":[\"https:\\\/\\\/digital58.com.ve\\\/site\\\/2020\\\/08\\\/10\\\/la-covid-19-cobro-la-vida-del-medico-luis-urdaneta\\\/\"]}]},{\"@type\":\"ImageObject\",\"inLanguage\":\"es\",\"@id\":\"https:\\\/\\\/digital58.com.ve\\\/site\\\/2020\\\/08\\\/10\\\/la-covid-19-cobro-la-vida-del-medico-luis-urdaneta\\\/#primaryimage\",\"url\":\"https:\\\/\\\/digital58.com.ve\\\/site\\\/wp-content\\\/uploads\\\/2020\\\/08\\\/doctor-luis-urdaneta.jpg\",\"contentUrl\":\"https:\\\/\\\/digital58.com.ve\\\/site\\\/wp-content\\\/uploads\\\/2020\\\/08\\\/doctor-luis-urdaneta.jpg\",\"width\":800,\"height\":533},{\"@type\":\"BreadcrumbList\",\"@id\":\"https:\\\/\\\/digital58.com.ve\\\/site\\\/2020\\\/08\\\/10\\\/la-covid-19-cobro-la-vida-del-medico-luis-urdaneta\\\/#breadcrumb\",\"itemListElement\":[{\"@type\":\"ListItem\",\"position\":1,\"name\":\"Home\",\"item\":\"https:\\\/\\\/digital58.com.ve\\\/site\\\/\"},{\"@type\":\"ListItem\",\"position\":2,\"name\":\"La COVID-19 cobr\u00f3 la vida del m\u00e9dico Luis Urdaneta\"}]},{\"@type\":\"WebSite\",\"@id\":\"https:\\\/\\\/digital58.com.ve\\\/site\\\/#website\",\"url\":\"https:\\\/\\\/digital58.com.ve\\\/site\\\/\",\"name\":\"Noticias Digital58\",\"description\":\"Portal de Noticias \u00a1Periodismo web de verdad! Lanzamiento web 22.11.2005 \\\/ Maracaibo, Venezuela\",\"publisher\":{\"@id\":\"https:\\\/\\\/digital58.com.ve\\\/site\\\/#\\\/schema\\\/person\\\/64d1c2e4d0d4fd1b849980c4331c2951\"},\"alternateName\":\"ND58\",\"potentialAction\":[{\"@type\":\"SearchAction\",\"target\":{\"@type\":\"EntryPoint\",\"urlTemplate\":\"https:\\\/\\\/digital58.com.ve\\\/site\\\/?s={search_term_string}\"},\"query-input\":{\"@type\":\"PropertyValueSpecification\",\"valueRequired\":true,\"valueName\":\"search_term_string\"}}],\"inLanguage\":\"es\"},{\"@type\":[\"Person\",\"Organization\"],\"@id\":\"https:\\\/\\\/digital58.com.ve\\\/site\\\/#\\\/schema\\\/person\\\/64d1c2e4d0d4fd1b849980c4331c2951\",\"name\":\"Villasmil Henry\",\"image\":{\"@type\":\"ImageObject\",\"inLanguage\":\"es\",\"@id\":\"https:\\\/\\\/secure.gravatar.com\\\/avatar\\\/bb0c4a2fcb7970138239f7e404ea75757b1b507b28b5ce4c53fbd62d797c5a7c?s=96&d=mm&r=g\",\"url\":\"https:\\\/\\\/secure.gravatar.com\\\/avatar\\\/bb0c4a2fcb7970138239f7e404ea75757b1b507b28b5ce4c53fbd62d797c5a7c?s=96&d=mm&r=g\",\"contentUrl\":\"https:\\\/\\\/secure.gravatar.com\\\/avatar\\\/bb0c4a2fcb7970138239f7e404ea75757b1b507b28b5ce4c53fbd62d797c5a7c?s=96&d=mm&r=g\",\"caption\":\"Villasmil Henry\"},\"logo\":{\"@id\":\"https:\\\/\\\/secure.gravatar.com\\\/avatar\\\/bb0c4a2fcb7970138239f7e404ea75757b1b507b28b5ce4c53fbd62d797c5a7c?s=96&d=mm&r=g\"},\"sameAs\":[\"http:\\\/\\\/www.henryvillasmil.com.ve\",\"https:\\\/\\\/www.instagram.com\\\/villasmilhfoto\\\/\",\"https:\\\/\\\/x.com\\\/https:\\\/\\\/twitter.com\\\/villasmilhfoto\"]},{\"@type\":\"Person\",\"@id\":\"https:\\\/\\\/digital58.com.ve\\\/site\\\/#\\\/schema\\\/person\\\/c61667ce6845137620ee3f0aaabade17\",\"name\":\"Molero Luis\",\"image\":{\"@type\":\"ImageObject\",\"inLanguage\":\"es\",\"@id\":\"https:\\\/\\\/secure.gravatar.com\\\/avatar\\\/bf041ec637e3e7405449807deb2f7cf3d2de7c6fa755dd56e985201de9863f2b?s=96&d=mm&r=g\",\"url\":\"https:\\\/\\\/secure.gravatar.com\\\/avatar\\\/bf041ec637e3e7405449807deb2f7cf3d2de7c6fa755dd56e985201de9863f2b?s=96&d=mm&r=g\",\"contentUrl\":\"https:\\\/\\\/secure.gravatar.com\\\/avatar\\\/bf041ec637e3e7405449807deb2f7cf3d2de7c6fa755dd56e985201de9863f2b?s=96&d=mm&r=g\",\"caption\":\"Molero Luis\"},\"url\":\"https:\\\/\\\/digital58.com.ve\\\/site\\\/author\\\/luismolero\\\/\"}]}<\/script>\n<!-- \/ Yoast SEO plugin. -->","yoast_head_json":{"title":"La COVID-19 cobr\u00f3 la vida del m\u00e9dico Luis Urdaneta","description":"Venezuela","robots":{"index":"index","follow":"follow","max-snippet":"max-snippet:-1","max-image-preview":"max-image-preview:large","max-video-preview":"max-video-preview:-1"},"canonical":"https:\/\/digital58.com.ve\/site\/2020\/08\/10\/la-covid-19-cobro-la-vida-del-medico-luis-urdaneta\/","og_locale":"es_ES","og_type":"article","og_title":"La COVID-19 cobr\u00f3 la vida del m\u00e9dico Luis Urdaneta","og_description":"Venezuela","og_url":"https:\/\/digital58.com.ve\/site\/2020\/08\/10\/la-covid-19-cobro-la-vida-del-medico-luis-urdaneta\/","og_site_name":"Noticias Digital58","article_published_time":"2020-08-10T14:11:59+00:00","og_image":[{"width":800,"height":533,"url":"https:\/\/digital58.com.ve\/site\/wp-content\/uploads\/2020\/08\/doctor-luis-urdaneta.jpg","type":"image\/jpeg"}],"author":"Molero Luis","twitter_card":"summary_large_image","twitter_creator":"@Digital_58","twitter_site":"@villasmilhfoto","twitter_misc":{"Escrito por":"Molero Luis","Tiempo estimado de lectura":"1 minuto"},"schema":{"@context":"https:\/\/schema.org","@graph":[{"@type":"Article","@id":"https:\/\/digital58.com.ve\/site\/2020\/08\/10\/la-covid-19-cobro-la-vida-del-medico-luis-urdaneta\/#article","isPartOf":{"@id":"https:\/\/digital58.com.ve\/site\/2020\/08\/10\/la-covid-19-cobro-la-vida-del-medico-luis-urdaneta\/"},"author":{"name":"Molero Luis","@id":"https:\/\/digital58.com.ve\/site\/#\/schema\/person\/c61667ce6845137620ee3f0aaabade17"},"headline":"La COVID-19 cobr\u00f3 la vida del m\u00e9dico Luis Urdaneta","datePublished":"2020-08-10T14:11:59+00:00","mainEntityOfPage":{"@id":"https:\/\/digital58.com.ve\/site\/2020\/08\/10\/la-covid-19-cobro-la-vida-del-medico-luis-urdaneta\/"},"wordCount":198,"commentCount":0,"publisher":{"@id":"https:\/\/digital58.com.ve\/site\/#\/schema\/person\/64d1c2e4d0d4fd1b849980c4331c2951"},"image":{"@id":"https:\/\/digital58.com.ve\/site\/2020\/08\/10\/la-covid-19-cobro-la-vida-del-medico-luis-urdaneta\/#primaryimage"},"thumbnailUrl":"https:\/\/digital58.com.ve\/site\/wp-content\/uploads\/2020\/08\/doctor-luis-urdaneta.jpg","keywords":["Caracas","COVID-19","Hospital Vargas","M\u00e9dico Luis Urdaneta","Nacionales"],"articleSection":["Venezuela"],"inLanguage":"es","potentialAction":[{"@type":"CommentAction","name":"Comment","target":["https:\/\/digital58.com.ve\/site\/2020\/08\/10\/la-covid-19-cobro-la-vida-del-medico-luis-urdaneta\/#respond"]}]},{"@type":"WebPage","@id":"https:\/\/digital58.com.ve\/site\/2020\/08\/10\/la-covid-19-cobro-la-vida-del-medico-luis-urdaneta\/","url":"https:\/\/digital58.com.ve\/site\/2020\/08\/10\/la-covid-19-cobro-la-vida-del-medico-luis-urdaneta\/","name":"La COVID-19 cobr\u00f3 la vida del m\u00e9dico Luis Urdaneta","isPartOf":{"@id":"https:\/\/digital58.com.ve\/site\/#website"},"primaryImageOfPage":{"@id":"https:\/\/digital58.com.ve\/site\/2020\/08\/10\/la-covid-19-cobro-la-vida-del-medico-luis-urdaneta\/#primaryimage"},"image":{"@id":"https:\/\/digital58.com.ve\/site\/2020\/08\/10\/la-covid-19-cobro-la-vida-del-medico-luis-urdaneta\/#primaryimage"},"thumbnailUrl":"https:\/\/digital58.com.ve\/site\/wp-content\/uploads\/2020\/08\/doctor-luis-urdaneta.jpg","datePublished":"2020-08-10T14:11:59+00:00","description":"Venezuela","breadcrumb":{"@id":"https:\/\/digital58.com.ve\/site\/2020\/08\/10\/la-covid-19-cobro-la-vida-del-medico-luis-urdaneta\/#breadcrumb"},"inLanguage":"es","potentialAction":[{"@type":"ReadAction","target":["https:\/\/digital58.com.ve\/site\/2020\/08\/10\/la-covid-19-cobro-la-vida-del-medico-luis-urdaneta\/"]}]},{"@type":"ImageObject","inLanguage":"es","@id":"https:\/\/digital58.com.ve\/site\/2020\/08\/10\/la-covid-19-cobro-la-vida-del-medico-luis-urdaneta\/#primaryimage","url":"https:\/\/digital58.com.ve\/site\/wp-content\/uploads\/2020\/08\/doctor-luis-urdaneta.jpg","contentUrl":"https:\/\/digital58.com.ve\/site\/wp-content\/uploads\/2020\/08\/doctor-luis-urdaneta.jpg","width":800,"height":533},{"@type":"BreadcrumbList","@id":"https:\/\/digital58.com.ve\/site\/2020\/08\/10\/la-covid-19-cobro-la-vida-del-medico-luis-urdaneta\/#breadcrumb","itemListElement":[{"@type":"ListItem","position":1,"name":"Home","item":"https:\/\/digital58.com.ve\/site\/"},{"@type":"ListItem","position":2,"name":"La COVID-19 cobr\u00f3 la vida del m\u00e9dico Luis Urdaneta"}]},{"@type":"WebSite","@id":"https:\/\/digital58.com.ve\/site\/#website","url":"https:\/\/digital58.com.ve\/site\/","name":"Noticias Digital58","description":"Portal de Noticias \u00a1Periodismo web de verdad! Lanzamiento web 22.11.2005 \/ Maracaibo, Venezuela","publisher":{"@id":"https:\/\/digital58.com.ve\/site\/#\/schema\/person\/64d1c2e4d0d4fd1b849980c4331c2951"},"alternateName":"ND58","potentialAction":[{"@type":"SearchAction","target":{"@type":"EntryPoint","urlTemplate":"https:\/\/digital58.com.ve\/site\/?s={search_term_string}"},"query-input":{"@type":"PropertyValueSpecification","valueRequired":true,"valueName":"search_term_string"}}],"inLanguage":"es"},{"@type":["Person","Organization"],"@id":"https:\/\/digital58.com.ve\/site\/#\/schema\/person\/64d1c2e4d0d4fd1b849980c4331c2951","name":"Villasmil Henry","image":{"@type":"ImageObject","inLanguage":"es","@id":"https:\/\/secure.gravatar.com\/avatar\/bb0c4a2fcb7970138239f7e404ea75757b1b507b28b5ce4c53fbd62d797c5a7c?s=96&d=mm&r=g","url":"https:\/\/secure.gravatar.com\/avatar\/bb0c4a2fcb7970138239f7e404ea75757b1b507b28b5ce4c53fbd62d797c5a7c?s=96&d=mm&r=g","contentUrl":"https:\/\/secure.gravatar.com\/avatar\/bb0c4a2fcb7970138239f7e404ea75757b1b507b28b5ce4c53fbd62d797c5a7c?s=96&d=mm&r=g","caption":"Villasmil Henry"},"logo":{"@id":"https:\/\/secure.gravatar.com\/avatar\/bb0c4a2fcb7970138239f7e404ea75757b1b507b28b5ce4c53fbd62d797c5a7c?s=96&d=mm&r=g"},"sameAs":["http:\/\/www.henryvillasmil.com.ve","https:\/\/www.instagram.com\/villasmilhfoto\/","https:\/\/x.com\/https:\/\/twitter.com\/villasmilhfoto"]},{"@type":"Person","@id":"https:\/\/digital58.com.ve\/site\/#\/schema\/person\/c61667ce6845137620ee3f0aaabade17","name":"Molero Luis","image":{"@type":"ImageObject","inLanguage":"es","@id":"https:\/\/secure.gravatar.com\/avatar\/bf041ec637e3e7405449807deb2f7cf3d2de7c6fa755dd56e985201de9863f2b?s=96&d=mm&r=g","url":"https:\/\/secure.gravatar.com\/avatar\/bf041ec637e3e7405449807deb2f7cf3d2de7c6fa755dd56e985201de9863f2b?s=96&d=mm&r=g","contentUrl":"https:\/\/secure.gravatar.com\/avatar\/bf041ec637e3e7405449807deb2f7cf3d2de7c6fa755dd56e985201de9863f2b?s=96&d=mm&r=g","caption":"Molero Luis"},"url":"https:\/\/digital58.com.ve\/site\/author\/luismolero\/"}]}},"uagb_featured_image_src":{"full":["https:\/\/digital58.com.ve\/site\/wp-content\/uploads\/2020\/08\/doctor-luis-urdaneta.jpg",800,533,false],"thumbnail":["https:\/\/digital58.com.ve\/site\/wp-content\/uploads\/2020\/08\/doctor-luis-urdaneta-150x150.jpg",150,150,true],"medium":["https:\/\/digital58.com.ve\/site\/wp-content\/uploads\/2020\/08\/doctor-luis-urdaneta-300x200.jpg",300,200,true],"medium_large":["https:\/\/digital58.com.ve\/site\/wp-content\/uploads\/2020\/08\/doctor-luis-urdaneta-768x512.jpg",768,512,true],"large":["https:\/\/digital58.com.ve\/site\/wp-content\/uploads\/2020\/08\/doctor-luis-urdaneta.jpg",800,533,false],"1536x1536":["https:\/\/digital58.com.ve\/site\/wp-content\/uploads\/2020\/08\/doctor-luis-urdaneta.jpg",800,533,false],"2048x2048":["https:\/\/digital58.com.ve\/site\/wp-content\/uploads\/2020\/08\/doctor-luis-urdaneta.jpg",800,533,false],"colormag-highlighted-post":["https:\/\/digital58.com.ve\/site\/wp-content\/uploads\/2020\/08\/doctor-luis-urdaneta.jpg",392,261,false],"colormag-featured-post-medium":["https:\/\/digital58.com.ve\/site\/wp-content\/uploads\/2020\/08\/doctor-luis-urdaneta.jpg",308,205,false],"colormag-featured-post-small":["https:\/\/digital58.com.ve\/site\/wp-content\/uploads\/2020\/08\/doctor-luis-urdaneta.jpg",130,87,false],"colormag-featured-image":["https:\/\/digital58.com.ve\/site\/wp-content\/uploads\/2020\/08\/doctor-luis-urdaneta.jpg",668,445,false],"colormag-default-news":["https:\/\/digital58.com.ve\/site\/wp-content\/uploads\/2020\/08\/doctor-luis-urdaneta.jpg",150,100,false],"colormag-featured-image-large":["https:\/\/digital58.com.ve\/site\/wp-content\/uploads\/2020\/08\/doctor-luis-urdaneta.jpg",800,533,false]},"uagb_author_info":{"display_name":"Molero Luis","author_link":"https:\/\/digital58.com.ve\/site\/author\/luismolero\/"},"uagb_comment_info":0,"uagb_excerpt":"Familiares y amigos hab\u00edan comenzado una campa\u00f1a en Gofundme hace semanas para recaudar el dinero necesario para costear los gastos","_links":{"self":[{"href":"https:\/\/digital58.com.ve\/site\/wp-json\/wp\/v2\/posts\/121101","targetHints":{"allow":["GET"]}}],"collection":[{"href":"https:\/\/digital58.com.ve\/site\/wp-json\/wp\/v2\/posts"}],"about":[{"href":"https:\/\/digital58.com.ve\/site\/wp-json\/wp\/v2\/types\/post"}],"author":[{"embeddable":true,"href":"https:\/\/digital58.com.ve\/site\/wp-json\/wp\/v2\/users\/26"}],"replies":[{"embeddable":true,"href":"https:\/\/digital58.com.ve\/site\/wp-json\/wp\/v2\/comments?post=121101"}],"version-history":[{"count":0,"href":"https:\/\/digital58.com.ve\/site\/wp-json\/wp\/v2\/posts\/121101\/revisions"}],"wp:featuredmedia":[{"embeddable":true,"href":"https:\/\/digital58.com.ve\/site\/wp-json\/wp\/v2\/media\/121102"}],"wp:attachment":[{"href":"https:\/\/digital58.com.ve\/site\/wp-json\/wp\/v2\/media?parent=121101"}],"wp:term":[{"taxonomy":"category","embeddable":true,"href":"https:\/\/digital58.com.ve\/site\/wp-json\/wp\/v2\/categories?post=121101"},{"taxonomy":"post_tag","embeddable":true,"href":"https:\/\/digital58.com.ve\/site\/wp-json\/wp\/v2\/tags?post=121101"}],"curies":[{"name":"wp","href":"https:\/\/api.w.org\/{rel}","templated":true}]}}