{"id":122278,"date":"2020-08-16T15:55:10","date_gmt":"2020-08-16T19:55:10","guid":{"rendered":"https:\/\/digital58.com.ve\/site\/?p=122278"},"modified":"2020-08-16T15:56:32","modified_gmt":"2020-08-16T19:56:32","slug":"rio-de-janeiro-crea-un-puente-para-preservar-a-su-mono-mas-simbolico","status":"publish","type":"post","link":"https:\/\/digital58.com.ve\/site\/2020\/08\/16\/rio-de-janeiro-crea-un-puente-para-preservar-a-su-mono-mas-simbolico\/","title":{"rendered":"R\u00edo de Janeiro crea un puente para preservar a su mono m\u00e1s simb\u00f3lico"},"content":{"rendered":"\r\n<p><img loading=\"lazy\" decoding=\"async\" class=\"wp-image-122504 aligncenter\" src=\"https:\/\/digital58.com.ve\/site\/wp-content\/uploads\/2020\/08\/fe5499a018bc41931f4f09ac4547cfdbaffdd203-700x352-3.jpg\" alt=\"\" width=\"833\" height=\"419\" srcset=\"https:\/\/digital58.com.ve\/site\/wp-content\/uploads\/2020\/08\/fe5499a018bc41931f4f09ac4547cfdbaffdd203-700x352-3.jpg 700w, https:\/\/digital58.com.ve\/site\/wp-content\/uploads\/2020\/08\/fe5499a018bc41931f4f09ac4547cfdbaffdd203-700x352-3-300x151.jpg 300w\" sizes=\"auto, (max-width: 833px) 100vw, 833px\" \/><\/p>\r\n<p>\u00abEl Tamarino Le\u00f3n Dorado\u00bb, conocido tambi\u00e9n por \u00abTit\u00ed le\u00f3n dorado\u00bb o \u00abTit\u00ed leoncito\u00bb es una especie de primate platirrino perteneciente a la familia \u00abCallitrichidae\u00bb, originario del oriente de Brasil, donde la especie se encuentra casi extinta.<\/p>\r\n<p><strong>Internacionales, 16 de agosto de 2020 (ND58).-<\/strong> El mono \u00abTamarino Le\u00f3n Dorado\u00bb, en peligro de extinci\u00f3n es una de las especies m\u00e1s simb\u00f3licas de R\u00edo de Janeiro, recientemente fue construido un puente entre \u00e1reas boscosas para felicitar la reproducci\u00f3n y preservaci\u00f3n del ex\u00f3tico animal.<\/p>\r\n<p>El puente est\u00e1 adornado con vegetaci\u00f3n, fue elaborado sobre una famosa autopista en el municipio Silva Jard\u00edn, ubicado en el interior de R\u00edo de Janeiro.<\/p>\r\n<p><img loading=\"lazy\" decoding=\"async\" class=\"wp-image-122505 aligncenter\" src=\"https:\/\/digital58.com.ve\/site\/wp-content\/uploads\/2020\/08\/ed2aca05f2fdafbd86e12d75be161b1350189772.jpg\" alt=\"\" width=\"812\" height=\"457\" srcset=\"https:\/\/digital58.com.ve\/site\/wp-content\/uploads\/2020\/08\/ed2aca05f2fdafbd86e12d75be161b1350189772.jpg 700w, https:\/\/digital58.com.ve\/site\/wp-content\/uploads\/2020\/08\/ed2aca05f2fdafbd86e12d75be161b1350189772-300x169.jpg 300w\" sizes=\"auto, (max-width: 812px) 100vw, 812px\" \/><\/p>\r\n<p>Sobrepasando los 600 gramos de peso y 60 cent\u00edmetros de altura, el \u00abtiti leoncito\u00bb, fue encontrado por primera vez, por parte de naturistas europeos, que visitaron el estado de R\u00edo de Janeiro en el siglo XVI y seg\u00fan los documentos registrados confirman que era una especie muy com\u00fan en todo el estado, hasta el siglo XIX.<\/p>\r\n<p>Sin embargo el increment\u00f3 de la deforestaci\u00f3n en el bosque Atl\u00e1ntico, del que es aut\u00f3ctono, lo dej\u00f3 en peligro de extinci\u00f3n, desde la d\u00e9cada de los 60, cuando solo hab\u00edan registros de 200 monos sobrevivientes.<\/p>\r\n<p>En la actualidad existen alrededor de 2.600 ejemplares de \u00abmicos-leoes-dourados\u00bb resguardados en 20 fragmentos de bosques, los cuales ahora tendr\u00e1n acceso a la Reserva Biol\u00f3gica de Poco das Antas, gracias a la construcci\u00f3n del puente.<\/p>\r\n<p>La reserva, fue la primera con estas caracter\u00edsticas en el pa\u00eds, fundada en 1974, lo que marc\u00f3 un antes y un despu\u00e9s en la preservaci\u00f3n de la fauna silvestre en el pa\u00eds.<\/p>\r\n<p>\u00abPo\u00e7o das Antas no es una reserva suficientemente grande como para cumplir la funci\u00f3n de preservar la fauna y la flora a largo plazo si permanece completamente aislada\u00bb, como se encuentra actualmente, inform\u00f3 el bi\u00f3logo Carlos Romanon Ru\u00edz Mirando, presidente de la Asociaci\u00f3n Mico Leao Dourado de Brasil.<\/p>\r\n<p><img loading=\"lazy\" decoding=\"async\" class=\"wp-image-122502 aligncenter\" src=\"https:\/\/digital58.com.ve\/site\/wp-content\/uploads\/2020\/08\/02fca459e662b60cd92a6642d70e363c89bc3d70.jpg\" alt=\"\" width=\"803\" height=\"536\" srcset=\"https:\/\/digital58.com.ve\/site\/wp-content\/uploads\/2020\/08\/02fca459e662b60cd92a6642d70e363c89bc3d70.jpg 700w, https:\/\/digital58.com.ve\/site\/wp-content\/uploads\/2020\/08\/02fca459e662b60cd92a6642d70e363c89bc3d70-300x200.jpg 300w, https:\/\/digital58.com.ve\/site\/wp-content\/uploads\/2020\/08\/02fca459e662b60cd92a6642d70e363c89bc3d70-480x320.jpg 480w\" sizes=\"auto, (max-width: 803px) 100vw, 803px\" \/><\/p>\r\n<p>Cabe destacar que estos monos no circulan por \u00e1reas sin vegetaci\u00f3n, por lo tanto fueron plantados varios tipos de \u00e1rboles, que en los pr\u00f3ximos a\u00f1os le har\u00e1n la vida a esta especie m\u00e1s sencilla, para encontrarse con otros animales de la familia de primates.<\/p>\r\n<p>El apareamiento con otros grupos de monos, permite un mayor intercambio gen\u00e9tico, bajando el nivel de problemas de consanguinidad de este \u00abtiti le\u00f3n dorado\u00bb, caracterizado por su color rojo y dorado, parecido a un le\u00f3n.<\/p>\r\n<p>\u00abEs importante que los animales se muevan entre poblaciones para que carguen sus genes y haya una diversidad gen\u00e9tica, y mantengan la din\u00e1mica de poblaci\u00f3n necesaria para mantener esa poblaciones saludables\u00bb, concluy\u00f3 el bi\u00f3logo.<\/p>\r\n<p><strong>Las amenazas ante el simp\u00e1tico mono emblem\u00e1tico de Brasil:<\/strong><\/p>\r\n<p>Siendo uno de los s\u00edmbolos de Brasil, la figura del mono est\u00e1 impresa en el billete de 20 reales, en la moneda brasile\u00f1a y del mismo modo fue uno de los candidatos para la mascota de los Juegos Ol\u00edmpicos de R\u00edo de Janeiro 2016.<\/p>\r\n<p>Por otro lado su extinci\u00f3n se ha visto comprometida, ya que los \u00faltimos a\u00f1os enfermedades como la fiebre amarilla golpe\u00f3 la familia de primates en el estado de R\u00edo de Janeiro.<\/p>\r\n<p>Para el 2017, fueron contabilizados tan solo 3.700 monos en la zona, lo que significar\u00eda que la epidemia acab\u00f3 con un 32% de la poblaci\u00f3n de esta especie.<\/p>\r\n<p>En algunas regiones del pa\u00eds como en Po\u00e7o das Antas, la fiebre amarilla arras\u00f3 con el 70% de la especie.<\/p>\r\n<p>Otra realidad que golpea la preservaci\u00f3n de los primates es por parte de otros animales primates, en especial de \u00abCallithrix\u00bb, se trata de un peque\u00f1o mono introducido a la fauna de forma ilegal, que adem\u00e1s de pelearse con la especie, transmiten enfermedades.<\/p>\r\n<p>El coronavirus, tambi\u00e9n presenta un problema, seg\u00fan los especialistas, ya que todav\u00eda no se conoce el comportamiento del virus en los animales.<\/p>\r\n<p><img loading=\"lazy\" decoding=\"async\" class=\"wp-image-122503 aligncenter\" src=\"https:\/\/digital58.com.ve\/site\/wp-content\/uploads\/2020\/08\/2634c6c5cdca347de4c8d230c8400d2fc3159ed3.jpg\" alt=\"\" width=\"793\" height=\"546\" srcset=\"https:\/\/digital58.com.ve\/site\/wp-content\/uploads\/2020\/08\/2634c6c5cdca347de4c8d230c8400d2fc3159ed3.jpg 700w, https:\/\/digital58.com.ve\/site\/wp-content\/uploads\/2020\/08\/2634c6c5cdca347de4c8d230c8400d2fc3159ed3-300x207.jpg 300w\" sizes=\"auto, (max-width: 793px) 100vw, 793px\" \/><\/p>\r\n<p>\u00abTenemos que recuperar esa poblaci\u00f3n y el viaducto es muy importante porque permite la colonizaci\u00f3n natural. Si el lugar est\u00e1 aislado, los monos no llegan y colonizan\u00bb, agreg\u00f3 el experto.<\/p>\r\n<p>Mientras que el puente ser\u00e1 un punto importante para todos los animales que habiten en esa regi\u00f3n, incluso para los osos perezosos, tambi\u00e9n baj\u00f3 amenaza de peligro de extinci\u00f3n, los cuales muy com\u00fanmente trataban de atravesar la autopista, arriesgando su vida.<\/p>\r\n<p>\u00abPara nosotros no solo es importante que los micos atraviesen, la otra fauna tambi\u00e9n, incluso predadores, porque se mantiene la din\u00e1mica ecol\u00f3gica saludable y forma parte del control de las poblaciones. Usamos el mico como una especie bandera para la conservaci\u00f3n de la biodiversidad\u00bb, concluy\u00f3 Ruiz.<\/p><div class=\"txrmc69f5eac698224\" ><p style=\"text-align: center;\"><a href=\"https:\/\/t.me\/noticiasdigital58\" target=\"_blank\" rel=\"noopener\"><img class=\"aligncenter size-full wp-image-125363\" src=\"https:\/\/digital58.com.ve\/site\/wp-content\/uploads\/2021\/04\/banner-telegram-web-2021.png\" alt=\"\" width=\"600\" height=\"90\" \/><\/a><\/p><\/div><style type=\"text\/css\">\r\n@media screen and (min-width: 1201px) {\r\n.txrmc69f5eac698224 {\r\ndisplay: block;\r\n}\r\n}\r\n@media screen and (min-width: 993px) and (max-width: 1200px) {\r\n.txrmc69f5eac698224 {\r\ndisplay: block;\r\n}\r\n}\r\n@media screen and (min-width: 769px) and (max-width: 992px) {\r\n.txrmc69f5eac698224 {\r\ndisplay: block;\r\n}\r\n}\r\n@media screen and (min-width: 768px) and (max-width: 768px) {\r\n.txrmc69f5eac698224 {\r\ndisplay: block;\r\n}\r\n}\r\n@media screen and (max-width: 767px) {\r\n.txrmc69f5eac698224 {\r\ndisplay: block;\r\n}\r\n}\r\n<\/style>\r\n\r\n<p><strong>Redacci\u00f3n: Rubio, Laura Isabel (@lauraisabelrubio) | Fuente: EFE<\/strong><br \/><strong>Edici\u00f3n: Villasmil, Henry<\/strong><br \/><strong>Gr\u00e1ficas: Cortes\u00eda<\/strong><\/p>\r\n<div style=\"margin-top: 0px; margin-bottom: 0px;\" class=\"sharethis-inline-share-buttons\" ><\/div>","protected":false},"excerpt":{"rendered":"<p>\u00abEl Tamarino Le\u00f3n Dorado\u00bb, conocido tambi\u00e9n por \u00abTit\u00ed le\u00f3n dorado\u00bb o \u00abTit\u00ed leoncito\u00bb es una especie de primate platirrino perteneciente<\/p>\n","protected":false},"author":28,"featured_media":122504,"comment_status":"open","ping_status":"closed","sticky":false,"template":"","format":"standard","meta":{"colormag_page_container_layout":"default_layout","colormag_page_sidebar_layout":"default_layout","_uag_custom_page_level_css":"","footnotes":""},"categories":[5407],"tags":[3209,35,10783,8,5456,5455,2017,7110,20348,20349],"class_list":["post-122278","post","type-post","status-publish","format-standard","has-post-thumbnail","hentry","category-natura","tag-animales","tag-brasil","tag-especies-en-peligro-de-extincion","tag-internacionales","tag-monos","tag-peligro-de-extincion","tag-rio-de-janeiro","tag-tamarino-leon-dorado","tag-titi-leon-dorado","tag-titi-leoncito"],"yoast_head":"<!-- This site is optimized with the Yoast SEO plugin v27.5 - https:\/\/yoast.com\/product\/yoast-seo-wordpress\/ -->\n<title>R\u00edo de Janeiro crea un puente para preservar a su mono m\u00e1s simb\u00f3lico<\/title>\n<meta name=\"description\" content=\"Natura\" \/>\n<meta name=\"robots\" content=\"index, follow, max-snippet:-1, max-image-preview:large, max-video-preview:-1\" \/>\n<link rel=\"canonical\" href=\"https:\/\/digital58.com.ve\/site\/2020\/08\/16\/rio-de-janeiro-crea-un-puente-para-preservar-a-su-mono-mas-simbolico\/\" \/>\n<meta property=\"og:locale\" content=\"es_ES\" \/>\n<meta property=\"og:type\" content=\"article\" \/>\n<meta property=\"og:title\" content=\"R\u00edo de Janeiro crea un puente para preservar a su mono m\u00e1s simb\u00f3lico\" \/>\n<meta property=\"og:description\" content=\"Natura\" \/>\n<meta property=\"og:url\" content=\"https:\/\/digital58.com.ve\/site\/2020\/08\/16\/rio-de-janeiro-crea-un-puente-para-preservar-a-su-mono-mas-simbolico\/\" \/>\n<meta property=\"og:site_name\" content=\"Noticias Digital58\" \/>\n<meta property=\"article:published_time\" content=\"2020-08-16T19:55:10+00:00\" \/>\n<meta property=\"article:modified_time\" content=\"2020-08-16T19:56:32+00:00\" \/>\n<meta property=\"og:image\" content=\"https:\/\/digital58.com.ve\/site\/wp-content\/uploads\/2020\/08\/fe5499a018bc41931f4f09ac4547cfdbaffdd203-700x352-3.jpg\" \/>\n\t<meta property=\"og:image:width\" content=\"700\" \/>\n\t<meta property=\"og:image:height\" content=\"352\" \/>\n\t<meta property=\"og:image:type\" content=\"image\/jpeg\" \/>\n<meta name=\"author\" content=\"Rubio Laura Isabel\" \/>\n<meta name=\"twitter:card\" content=\"summary_large_image\" \/>\n<meta name=\"twitter:creator\" content=\"@Digital_58\" \/>\n<meta name=\"twitter:site\" content=\"@villasmilhfoto\" \/>\n<meta name=\"twitter:label1\" content=\"Escrito por\" \/>\n\t<meta name=\"twitter:data1\" content=\"Rubio Laura Isabel\" \/>\n\t<meta name=\"twitter:label2\" content=\"Tiempo estimado de lectura\" \/>\n\t<meta name=\"twitter:data2\" content=\"4 minutos\" \/>\n<script type=\"application\/ld+json\" class=\"yoast-schema-graph\">{\"@context\":\"https:\\\/\\\/schema.org\",\"@graph\":[{\"@type\":\"Article\",\"@id\":\"https:\\\/\\\/digital58.com.ve\\\/site\\\/2020\\\/08\\\/16\\\/rio-de-janeiro-crea-un-puente-para-preservar-a-su-mono-mas-simbolico\\\/#article\",\"isPartOf\":{\"@id\":\"https:\\\/\\\/digital58.com.ve\\\/site\\\/2020\\\/08\\\/16\\\/rio-de-janeiro-crea-un-puente-para-preservar-a-su-mono-mas-simbolico\\\/\"},\"author\":{\"name\":\"Rubio Laura Isabel\",\"@id\":\"https:\\\/\\\/digital58.com.ve\\\/site\\\/#\\\/schema\\\/person\\\/6672bab44ab958838204ebb2cb0e8d52\"},\"headline\":\"R\u00edo de Janeiro crea un puente para preservar a su mono m\u00e1s simb\u00f3lico\",\"datePublished\":\"2020-08-16T19:55:10+00:00\",\"dateModified\":\"2020-08-16T19:56:32+00:00\",\"mainEntityOfPage\":{\"@id\":\"https:\\\/\\\/digital58.com.ve\\\/site\\\/2020\\\/08\\\/16\\\/rio-de-janeiro-crea-un-puente-para-preservar-a-su-mono-mas-simbolico\\\/\"},\"wordCount\":833,\"commentCount\":0,\"publisher\":{\"@id\":\"https:\\\/\\\/digital58.com.ve\\\/site\\\/#\\\/schema\\\/person\\\/64d1c2e4d0d4fd1b849980c4331c2951\"},\"image\":{\"@id\":\"https:\\\/\\\/digital58.com.ve\\\/site\\\/2020\\\/08\\\/16\\\/rio-de-janeiro-crea-un-puente-para-preservar-a-su-mono-mas-simbolico\\\/#primaryimage\"},\"thumbnailUrl\":\"https:\\\/\\\/digital58.com.ve\\\/site\\\/wp-content\\\/uploads\\\/2020\\\/08\\\/fe5499a018bc41931f4f09ac4547cfdbaffdd203-700x352-3.jpg\",\"keywords\":[\"Animales\",\"Brasil\",\"Especies en Peligro de Extinci\u00f3n\",\"Internacionales\",\"Monos\",\"Peligro de Extinci\u00f3n\",\"R\u00edo de Janeiro\",\"Tamarino Le\u00f3n Dorado\",\"Tit\u00ed le\u00f3n dorado\",\"Tit\u00ed leoncito\"],\"articleSection\":[\"Natura\"],\"inLanguage\":\"es\",\"potentialAction\":[{\"@type\":\"CommentAction\",\"name\":\"Comment\",\"target\":[\"https:\\\/\\\/digital58.com.ve\\\/site\\\/2020\\\/08\\\/16\\\/rio-de-janeiro-crea-un-puente-para-preservar-a-su-mono-mas-simbolico\\\/#respond\"]}]},{\"@type\":\"WebPage\",\"@id\":\"https:\\\/\\\/digital58.com.ve\\\/site\\\/2020\\\/08\\\/16\\\/rio-de-janeiro-crea-un-puente-para-preservar-a-su-mono-mas-simbolico\\\/\",\"url\":\"https:\\\/\\\/digital58.com.ve\\\/site\\\/2020\\\/08\\\/16\\\/rio-de-janeiro-crea-un-puente-para-preservar-a-su-mono-mas-simbolico\\\/\",\"name\":\"R\u00edo de Janeiro crea un puente para preservar a su mono m\u00e1s simb\u00f3lico\",\"isPartOf\":{\"@id\":\"https:\\\/\\\/digital58.com.ve\\\/site\\\/#website\"},\"primaryImageOfPage\":{\"@id\":\"https:\\\/\\\/digital58.com.ve\\\/site\\\/2020\\\/08\\\/16\\\/rio-de-janeiro-crea-un-puente-para-preservar-a-su-mono-mas-simbolico\\\/#primaryimage\"},\"image\":{\"@id\":\"https:\\\/\\\/digital58.com.ve\\\/site\\\/2020\\\/08\\\/16\\\/rio-de-janeiro-crea-un-puente-para-preservar-a-su-mono-mas-simbolico\\\/#primaryimage\"},\"thumbnailUrl\":\"https:\\\/\\\/digital58.com.ve\\\/site\\\/wp-content\\\/uploads\\\/2020\\\/08\\\/fe5499a018bc41931f4f09ac4547cfdbaffdd203-700x352-3.jpg\",\"datePublished\":\"2020-08-16T19:55:10+00:00\",\"dateModified\":\"2020-08-16T19:56:32+00:00\",\"description\":\"Natura\",\"breadcrumb\":{\"@id\":\"https:\\\/\\\/digital58.com.ve\\\/site\\\/2020\\\/08\\\/16\\\/rio-de-janeiro-crea-un-puente-para-preservar-a-su-mono-mas-simbolico\\\/#breadcrumb\"},\"inLanguage\":\"es\",\"potentialAction\":[{\"@type\":\"ReadAction\",\"target\":[\"https:\\\/\\\/digital58.com.ve\\\/site\\\/2020\\\/08\\\/16\\\/rio-de-janeiro-crea-un-puente-para-preservar-a-su-mono-mas-simbolico\\\/\"]}]},{\"@type\":\"ImageObject\",\"inLanguage\":\"es\",\"@id\":\"https:\\\/\\\/digital58.com.ve\\\/site\\\/2020\\\/08\\\/16\\\/rio-de-janeiro-crea-un-puente-para-preservar-a-su-mono-mas-simbolico\\\/#primaryimage\",\"url\":\"https:\\\/\\\/digital58.com.ve\\\/site\\\/wp-content\\\/uploads\\\/2020\\\/08\\\/fe5499a018bc41931f4f09ac4547cfdbaffdd203-700x352-3.jpg\",\"contentUrl\":\"https:\\\/\\\/digital58.com.ve\\\/site\\\/wp-content\\\/uploads\\\/2020\\\/08\\\/fe5499a018bc41931f4f09ac4547cfdbaffdd203-700x352-3.jpg\",\"width\":700,\"height\":352},{\"@type\":\"BreadcrumbList\",\"@id\":\"https:\\\/\\\/digital58.com.ve\\\/site\\\/2020\\\/08\\\/16\\\/rio-de-janeiro-crea-un-puente-para-preservar-a-su-mono-mas-simbolico\\\/#breadcrumb\",\"itemListElement\":[{\"@type\":\"ListItem\",\"position\":1,\"name\":\"Home\",\"item\":\"https:\\\/\\\/digital58.com.ve\\\/site\\\/\"},{\"@type\":\"ListItem\",\"position\":2,\"name\":\"R\u00edo de Janeiro crea un puente para preservar a su mono m\u00e1s simb\u00f3lico\"}]},{\"@type\":\"WebSite\",\"@id\":\"https:\\\/\\\/digital58.com.ve\\\/site\\\/#website\",\"url\":\"https:\\\/\\\/digital58.com.ve\\\/site\\\/\",\"name\":\"Noticias Digital58\",\"description\":\"Portal de Noticias \u00a1Periodismo web de verdad! Lanzamiento web 22.11.2005 \\\/ Maracaibo, Venezuela\",\"publisher\":{\"@id\":\"https:\\\/\\\/digital58.com.ve\\\/site\\\/#\\\/schema\\\/person\\\/64d1c2e4d0d4fd1b849980c4331c2951\"},\"alternateName\":\"ND58\",\"potentialAction\":[{\"@type\":\"SearchAction\",\"target\":{\"@type\":\"EntryPoint\",\"urlTemplate\":\"https:\\\/\\\/digital58.com.ve\\\/site\\\/?s={search_term_string}\"},\"query-input\":{\"@type\":\"PropertyValueSpecification\",\"valueRequired\":true,\"valueName\":\"search_term_string\"}}],\"inLanguage\":\"es\"},{\"@type\":[\"Person\",\"Organization\"],\"@id\":\"https:\\\/\\\/digital58.com.ve\\\/site\\\/#\\\/schema\\\/person\\\/64d1c2e4d0d4fd1b849980c4331c2951\",\"name\":\"Villasmil Henry\",\"image\":{\"@type\":\"ImageObject\",\"inLanguage\":\"es\",\"@id\":\"https:\\\/\\\/secure.gravatar.com\\\/avatar\\\/bb0c4a2fcb7970138239f7e404ea75757b1b507b28b5ce4c53fbd62d797c5a7c?s=96&d=mm&r=g\",\"url\":\"https:\\\/\\\/secure.gravatar.com\\\/avatar\\\/bb0c4a2fcb7970138239f7e404ea75757b1b507b28b5ce4c53fbd62d797c5a7c?s=96&d=mm&r=g\",\"contentUrl\":\"https:\\\/\\\/secure.gravatar.com\\\/avatar\\\/bb0c4a2fcb7970138239f7e404ea75757b1b507b28b5ce4c53fbd62d797c5a7c?s=96&d=mm&r=g\",\"caption\":\"Villasmil Henry\"},\"logo\":{\"@id\":\"https:\\\/\\\/secure.gravatar.com\\\/avatar\\\/bb0c4a2fcb7970138239f7e404ea75757b1b507b28b5ce4c53fbd62d797c5a7c?s=96&d=mm&r=g\"},\"sameAs\":[\"http:\\\/\\\/www.henryvillasmil.com.ve\",\"https:\\\/\\\/www.instagram.com\\\/villasmilhfoto\\\/\",\"https:\\\/\\\/x.com\\\/https:\\\/\\\/twitter.com\\\/villasmilhfoto\"]},{\"@type\":\"Person\",\"@id\":\"https:\\\/\\\/digital58.com.ve\\\/site\\\/#\\\/schema\\\/person\\\/6672bab44ab958838204ebb2cb0e8d52\",\"name\":\"Rubio Laura Isabel\",\"image\":{\"@type\":\"ImageObject\",\"inLanguage\":\"es\",\"@id\":\"https:\\\/\\\/secure.gravatar.com\\\/avatar\\\/f7cc56b26fb0562df4488ff129a58c3c1a1bd264c9af5f313a9b1797fff1cfb9?s=96&d=mm&r=g\",\"url\":\"https:\\\/\\\/secure.gravatar.com\\\/avatar\\\/f7cc56b26fb0562df4488ff129a58c3c1a1bd264c9af5f313a9b1797fff1cfb9?s=96&d=mm&r=g\",\"contentUrl\":\"https:\\\/\\\/secure.gravatar.com\\\/avatar\\\/f7cc56b26fb0562df4488ff129a58c3c1a1bd264c9af5f313a9b1797fff1cfb9?s=96&d=mm&r=g\",\"caption\":\"Rubio Laura Isabel\"},\"url\":\"https:\\\/\\\/digital58.com.ve\\\/site\\\/author\\\/laurarubio\\\/\"}]}<\/script>\n<!-- \/ Yoast SEO plugin. -->","yoast_head_json":{"title":"R\u00edo de Janeiro crea un puente para preservar a su mono m\u00e1s simb\u00f3lico","description":"Natura","robots":{"index":"index","follow":"follow","max-snippet":"max-snippet:-1","max-image-preview":"max-image-preview:large","max-video-preview":"max-video-preview:-1"},"canonical":"https:\/\/digital58.com.ve\/site\/2020\/08\/16\/rio-de-janeiro-crea-un-puente-para-preservar-a-su-mono-mas-simbolico\/","og_locale":"es_ES","og_type":"article","og_title":"R\u00edo de Janeiro crea un puente para preservar a su mono m\u00e1s simb\u00f3lico","og_description":"Natura","og_url":"https:\/\/digital58.com.ve\/site\/2020\/08\/16\/rio-de-janeiro-crea-un-puente-para-preservar-a-su-mono-mas-simbolico\/","og_site_name":"Noticias Digital58","article_published_time":"2020-08-16T19:55:10+00:00","article_modified_time":"2020-08-16T19:56:32+00:00","og_image":[{"width":700,"height":352,"url":"https:\/\/digital58.com.ve\/site\/wp-content\/uploads\/2020\/08\/fe5499a018bc41931f4f09ac4547cfdbaffdd203-700x352-3.jpg","type":"image\/jpeg"}],"author":"Rubio Laura Isabel","twitter_card":"summary_large_image","twitter_creator":"@Digital_58","twitter_site":"@villasmilhfoto","twitter_misc":{"Escrito por":"Rubio Laura Isabel","Tiempo estimado de lectura":"4 minutos"},"schema":{"@context":"https:\/\/schema.org","@graph":[{"@type":"Article","@id":"https:\/\/digital58.com.ve\/site\/2020\/08\/16\/rio-de-janeiro-crea-un-puente-para-preservar-a-su-mono-mas-simbolico\/#article","isPartOf":{"@id":"https:\/\/digital58.com.ve\/site\/2020\/08\/16\/rio-de-janeiro-crea-un-puente-para-preservar-a-su-mono-mas-simbolico\/"},"author":{"name":"Rubio Laura Isabel","@id":"https:\/\/digital58.com.ve\/site\/#\/schema\/person\/6672bab44ab958838204ebb2cb0e8d52"},"headline":"R\u00edo de Janeiro crea un puente para preservar a su mono m\u00e1s simb\u00f3lico","datePublished":"2020-08-16T19:55:10+00:00","dateModified":"2020-08-16T19:56:32+00:00","mainEntityOfPage":{"@id":"https:\/\/digital58.com.ve\/site\/2020\/08\/16\/rio-de-janeiro-crea-un-puente-para-preservar-a-su-mono-mas-simbolico\/"},"wordCount":833,"commentCount":0,"publisher":{"@id":"https:\/\/digital58.com.ve\/site\/#\/schema\/person\/64d1c2e4d0d4fd1b849980c4331c2951"},"image":{"@id":"https:\/\/digital58.com.ve\/site\/2020\/08\/16\/rio-de-janeiro-crea-un-puente-para-preservar-a-su-mono-mas-simbolico\/#primaryimage"},"thumbnailUrl":"https:\/\/digital58.com.ve\/site\/wp-content\/uploads\/2020\/08\/fe5499a018bc41931f4f09ac4547cfdbaffdd203-700x352-3.jpg","keywords":["Animales","Brasil","Especies en Peligro de Extinci\u00f3n","Internacionales","Monos","Peligro de Extinci\u00f3n","R\u00edo de Janeiro","Tamarino Le\u00f3n Dorado","Tit\u00ed le\u00f3n dorado","Tit\u00ed leoncito"],"articleSection":["Natura"],"inLanguage":"es","potentialAction":[{"@type":"CommentAction","name":"Comment","target":["https:\/\/digital58.com.ve\/site\/2020\/08\/16\/rio-de-janeiro-crea-un-puente-para-preservar-a-su-mono-mas-simbolico\/#respond"]}]},{"@type":"WebPage","@id":"https:\/\/digital58.com.ve\/site\/2020\/08\/16\/rio-de-janeiro-crea-un-puente-para-preservar-a-su-mono-mas-simbolico\/","url":"https:\/\/digital58.com.ve\/site\/2020\/08\/16\/rio-de-janeiro-crea-un-puente-para-preservar-a-su-mono-mas-simbolico\/","name":"R\u00edo de Janeiro crea un puente para preservar a su mono m\u00e1s simb\u00f3lico","isPartOf":{"@id":"https:\/\/digital58.com.ve\/site\/#website"},"primaryImageOfPage":{"@id":"https:\/\/digital58.com.ve\/site\/2020\/08\/16\/rio-de-janeiro-crea-un-puente-para-preservar-a-su-mono-mas-simbolico\/#primaryimage"},"image":{"@id":"https:\/\/digital58.com.ve\/site\/2020\/08\/16\/rio-de-janeiro-crea-un-puente-para-preservar-a-su-mono-mas-simbolico\/#primaryimage"},"thumbnailUrl":"https:\/\/digital58.com.ve\/site\/wp-content\/uploads\/2020\/08\/fe5499a018bc41931f4f09ac4547cfdbaffdd203-700x352-3.jpg","datePublished":"2020-08-16T19:55:10+00:00","dateModified":"2020-08-16T19:56:32+00:00","description":"Natura","breadcrumb":{"@id":"https:\/\/digital58.com.ve\/site\/2020\/08\/16\/rio-de-janeiro-crea-un-puente-para-preservar-a-su-mono-mas-simbolico\/#breadcrumb"},"inLanguage":"es","potentialAction":[{"@type":"ReadAction","target":["https:\/\/digital58.com.ve\/site\/2020\/08\/16\/rio-de-janeiro-crea-un-puente-para-preservar-a-su-mono-mas-simbolico\/"]}]},{"@type":"ImageObject","inLanguage":"es","@id":"https:\/\/digital58.com.ve\/site\/2020\/08\/16\/rio-de-janeiro-crea-un-puente-para-preservar-a-su-mono-mas-simbolico\/#primaryimage","url":"https:\/\/digital58.com.ve\/site\/wp-content\/uploads\/2020\/08\/fe5499a018bc41931f4f09ac4547cfdbaffdd203-700x352-3.jpg","contentUrl":"https:\/\/digital58.com.ve\/site\/wp-content\/uploads\/2020\/08\/fe5499a018bc41931f4f09ac4547cfdbaffdd203-700x352-3.jpg","width":700,"height":352},{"@type":"BreadcrumbList","@id":"https:\/\/digital58.com.ve\/site\/2020\/08\/16\/rio-de-janeiro-crea-un-puente-para-preservar-a-su-mono-mas-simbolico\/#breadcrumb","itemListElement":[{"@type":"ListItem","position":1,"name":"Home","item":"https:\/\/digital58.com.ve\/site\/"},{"@type":"ListItem","position":2,"name":"R\u00edo de Janeiro crea un puente para preservar a su mono m\u00e1s simb\u00f3lico"}]},{"@type":"WebSite","@id":"https:\/\/digital58.com.ve\/site\/#website","url":"https:\/\/digital58.com.ve\/site\/","name":"Noticias Digital58","description":"Portal de Noticias \u00a1Periodismo web de verdad! Lanzamiento web 22.11.2005 \/ Maracaibo, Venezuela","publisher":{"@id":"https:\/\/digital58.com.ve\/site\/#\/schema\/person\/64d1c2e4d0d4fd1b849980c4331c2951"},"alternateName":"ND58","potentialAction":[{"@type":"SearchAction","target":{"@type":"EntryPoint","urlTemplate":"https:\/\/digital58.com.ve\/site\/?s={search_term_string}"},"query-input":{"@type":"PropertyValueSpecification","valueRequired":true,"valueName":"search_term_string"}}],"inLanguage":"es"},{"@type":["Person","Organization"],"@id":"https:\/\/digital58.com.ve\/site\/#\/schema\/person\/64d1c2e4d0d4fd1b849980c4331c2951","name":"Villasmil Henry","image":{"@type":"ImageObject","inLanguage":"es","@id":"https:\/\/secure.gravatar.com\/avatar\/bb0c4a2fcb7970138239f7e404ea75757b1b507b28b5ce4c53fbd62d797c5a7c?s=96&d=mm&r=g","url":"https:\/\/secure.gravatar.com\/avatar\/bb0c4a2fcb7970138239f7e404ea75757b1b507b28b5ce4c53fbd62d797c5a7c?s=96&d=mm&r=g","contentUrl":"https:\/\/secure.gravatar.com\/avatar\/bb0c4a2fcb7970138239f7e404ea75757b1b507b28b5ce4c53fbd62d797c5a7c?s=96&d=mm&r=g","caption":"Villasmil Henry"},"logo":{"@id":"https:\/\/secure.gravatar.com\/avatar\/bb0c4a2fcb7970138239f7e404ea75757b1b507b28b5ce4c53fbd62d797c5a7c?s=96&d=mm&r=g"},"sameAs":["http:\/\/www.henryvillasmil.com.ve","https:\/\/www.instagram.com\/villasmilhfoto\/","https:\/\/x.com\/https:\/\/twitter.com\/villasmilhfoto"]},{"@type":"Person","@id":"https:\/\/digital58.com.ve\/site\/#\/schema\/person\/6672bab44ab958838204ebb2cb0e8d52","name":"Rubio Laura Isabel","image":{"@type":"ImageObject","inLanguage":"es","@id":"https:\/\/secure.gravatar.com\/avatar\/f7cc56b26fb0562df4488ff129a58c3c1a1bd264c9af5f313a9b1797fff1cfb9?s=96&d=mm&r=g","url":"https:\/\/secure.gravatar.com\/avatar\/f7cc56b26fb0562df4488ff129a58c3c1a1bd264c9af5f313a9b1797fff1cfb9?s=96&d=mm&r=g","contentUrl":"https:\/\/secure.gravatar.com\/avatar\/f7cc56b26fb0562df4488ff129a58c3c1a1bd264c9af5f313a9b1797fff1cfb9?s=96&d=mm&r=g","caption":"Rubio Laura Isabel"},"url":"https:\/\/digital58.com.ve\/site\/author\/laurarubio\/"}]}},"uagb_featured_image_src":{"full":["https:\/\/digital58.com.ve\/site\/wp-content\/uploads\/2020\/08\/fe5499a018bc41931f4f09ac4547cfdbaffdd203-700x352-3.jpg",700,352,false],"thumbnail":["https:\/\/digital58.com.ve\/site\/wp-content\/uploads\/2020\/08\/fe5499a018bc41931f4f09ac4547cfdbaffdd203-700x352-3-150x150.jpg",150,150,true],"medium":["https:\/\/digital58.com.ve\/site\/wp-content\/uploads\/2020\/08\/fe5499a018bc41931f4f09ac4547cfdbaffdd203-700x352-3-300x151.jpg",300,151,true],"medium_large":["https:\/\/digital58.com.ve\/site\/wp-content\/uploads\/2020\/08\/fe5499a018bc41931f4f09ac4547cfdbaffdd203-700x352-3.jpg",700,352,false],"large":["https:\/\/digital58.com.ve\/site\/wp-content\/uploads\/2020\/08\/fe5499a018bc41931f4f09ac4547cfdbaffdd203-700x352-3.jpg",700,352,false],"1536x1536":["https:\/\/digital58.com.ve\/site\/wp-content\/uploads\/2020\/08\/fe5499a018bc41931f4f09ac4547cfdbaffdd203-700x352-3.jpg",700,352,false],"2048x2048":["https:\/\/digital58.com.ve\/site\/wp-content\/uploads\/2020\/08\/fe5499a018bc41931f4f09ac4547cfdbaffdd203-700x352-3.jpg",700,352,false],"colormag-highlighted-post":["https:\/\/digital58.com.ve\/site\/wp-content\/uploads\/2020\/08\/fe5499a018bc41931f4f09ac4547cfdbaffdd203-700x352-3.jpg",392,197,false],"colormag-featured-post-medium":["https:\/\/digital58.com.ve\/site\/wp-content\/uploads\/2020\/08\/fe5499a018bc41931f4f09ac4547cfdbaffdd203-700x352-3.jpg",390,196,false],"colormag-featured-post-small":["https:\/\/digital58.com.ve\/site\/wp-content\/uploads\/2020\/08\/fe5499a018bc41931f4f09ac4547cfdbaffdd203-700x352-3.jpg",130,65,false],"colormag-featured-image":["https:\/\/digital58.com.ve\/site\/wp-content\/uploads\/2020\/08\/fe5499a018bc41931f4f09ac4547cfdbaffdd203-700x352-3.jpg",700,352,false],"colormag-default-news":["https:\/\/digital58.com.ve\/site\/wp-content\/uploads\/2020\/08\/fe5499a018bc41931f4f09ac4547cfdbaffdd203-700x352-3.jpg",150,75,false],"colormag-featured-image-large":["https:\/\/digital58.com.ve\/site\/wp-content\/uploads\/2020\/08\/fe5499a018bc41931f4f09ac4547cfdbaffdd203-700x352-3.jpg",700,352,false]},"uagb_author_info":{"display_name":"Rubio Laura Isabel","author_link":"https:\/\/digital58.com.ve\/site\/author\/laurarubio\/"},"uagb_comment_info":0,"uagb_excerpt":"\u00abEl Tamarino Le\u00f3n Dorado\u00bb, conocido tambi\u00e9n por \u00abTit\u00ed le\u00f3n dorado\u00bb o \u00abTit\u00ed leoncito\u00bb es una especie de primate platirrino perteneciente","_links":{"self":[{"href":"https:\/\/digital58.com.ve\/site\/wp-json\/wp\/v2\/posts\/122278","targetHints":{"allow":["GET"]}}],"collection":[{"href":"https:\/\/digital58.com.ve\/site\/wp-json\/wp\/v2\/posts"}],"about":[{"href":"https:\/\/digital58.com.ve\/site\/wp-json\/wp\/v2\/types\/post"}],"author":[{"embeddable":true,"href":"https:\/\/digital58.com.ve\/site\/wp-json\/wp\/v2\/users\/28"}],"replies":[{"embeddable":true,"href":"https:\/\/digital58.com.ve\/site\/wp-json\/wp\/v2\/comments?post=122278"}],"version-history":[{"count":0,"href":"https:\/\/digital58.com.ve\/site\/wp-json\/wp\/v2\/posts\/122278\/revisions"}],"wp:featuredmedia":[{"embeddable":true,"href":"https:\/\/digital58.com.ve\/site\/wp-json\/wp\/v2\/media\/122504"}],"wp:attachment":[{"href":"https:\/\/digital58.com.ve\/site\/wp-json\/wp\/v2\/media?parent=122278"}],"wp:term":[{"taxonomy":"category","embeddable":true,"href":"https:\/\/digital58.com.ve\/site\/wp-json\/wp\/v2\/categories?post=122278"},{"taxonomy":"post_tag","embeddable":true,"href":"https:\/\/digital58.com.ve\/site\/wp-json\/wp\/v2\/tags?post=122278"}],"curies":[{"name":"wp","href":"https:\/\/api.w.org\/{rel}","templated":true}]}}