{"id":122467,"date":"2020-08-16T12:56:46","date_gmt":"2020-08-16T16:56:46","guid":{"rendered":"https:\/\/digital58.com.ve\/site\/?p=122467"},"modified":"2020-08-16T12:56:46","modified_gmt":"2020-08-16T16:56:46","slug":"dos-pacientes-con-sospecha-de-la-covid-19-mueren-en-el-hospital-central-del-tachira","status":"publish","type":"post","link":"https:\/\/digital58.com.ve\/site\/2020\/08\/16\/dos-pacientes-con-sospecha-de-la-covid-19-mueren-en-el-hospital-central-del-tachira\/","title":{"rendered":"Dos pacientes con sospecha de la COVID-19 mueren en el Hospital Central del T\u00e1chira"},"content":{"rendered":"<p><img loading=\"lazy\" decoding=\"async\" class=\"size-full wp-image-122468 aligncenter\" src=\"https:\/\/digital58.com.ve\/site\/wp-content\/uploads\/2020\/08\/IMG_1362-1.jpg\" alt=\"\" width=\"630\" height=\"420\" srcset=\"https:\/\/digital58.com.ve\/site\/wp-content\/uploads\/2020\/08\/IMG_1362-1.jpg 630w, https:\/\/digital58.com.ve\/site\/wp-content\/uploads\/2020\/08\/IMG_1362-1-300x200.jpg 300w, https:\/\/digital58.com.ve\/site\/wp-content\/uploads\/2020\/08\/IMG_1362-1-480x320.jpg 480w\" sizes=\"auto, (max-width: 630px) 100vw, 630px\" \/><\/p>\n<p>Tambi\u00e9n\u00a0 declar\u00f3 que debido al d\u00e9ficit de personal m\u00e9dico, ahora los residentes del post grado de ginecolog\u00eda-obstetricia rotar\u00e1n por el \u00e1rea de aislamiento.<\/p>\n<p><strong>T\u00e1chira, Venezuela <\/strong><b>16 de agosto de 2020 (ND58).-<\/b>\u00a0\u00a0En las \u00faltimas 24\u00a0 horas han fallecido dos pacientes sospechosos para covid-19 en el \u00e1rea de aislamiento del Hospital Central, declar\u00f3 el director Leonardo Contreras.<\/p>\n<p>Precis\u00f3 al mismo tiempo que acondicionan el ala este de piso tres para pacientes con la COVID-19, espacio que ser\u00e1 habilitado con 36 camas m\u00e1s sumando en total 72 camas\u00a0 en aislamiento incluyendo las utilizadas en la Unidad de Cuidados Intensivos.<\/p>\n<p>De igual modo precis\u00f3 que han llegado los resultados de algunas pruebas PCR, no obstante,\u00a0 se debe esperar unas horas para poder actualizar la data.<\/p>\n<p>En cuanto\u00a0 a los cinco m\u00e9dicos que reciben tratamiento para la COVID-19, desde el pasado lunes,\u00a0 se precis\u00f3 que dos\u00a0 est\u00e1n internados en el hospital\u00a0 y\u00a0 tres se encuentran en sus casas. \u00abEst\u00e1n estables\u00bb, dijo.<\/p>\n<p>Tambi\u00e9n\u00a0 declar\u00f3 que debido al d\u00e9ficit de personal m\u00e9dico, ahora los residentes del post grado de ginecolog\u00eda-obstetricia rotar\u00e1n por el \u00e1rea de aislamiento.<\/p>\n<p>Se recibi\u00f3 material de bioseguridad que poco a poco ser\u00e1 repartido entre el personal. Igual llegaron insumos y medicamentos, donados por la Cruz Roja Internacional que permite estar cierto tiempo tranquilo asever\u00f3 el doctor Contreras.<\/p>\n<p>Manifest\u00f3 que todos los d\u00edas llegando personas a consulta de triaje respiratorio, movimiento que se entiende\u00a0 porque\u00a0 a su juicio hay preocupaci\u00f3n\u00a0 por la situaci\u00f3n del coronavirus en el estado y en el pa\u00eds y por prevenci\u00f3n\u00a0 optan por asistir al Hospital a fin\u00a0 de ser revisados por los m\u00e9dicos.<\/p><div class=\"zcnaw69f2ba016d85c\" ><p style=\"text-align: center;\"><a href=\"https:\/\/t.me\/noticiasdigital58\" target=\"_blank\" rel=\"noopener\"><img class=\"aligncenter size-full wp-image-125363\" src=\"https:\/\/digital58.com.ve\/site\/wp-content\/uploads\/2021\/04\/banner-telegram-web-2021.png\" alt=\"\" width=\"600\" height=\"90\" \/><\/a><\/p><\/div><style type=\"text\/css\">\r\n@media screen and (min-width: 1201px) {\r\n.zcnaw69f2ba016d85c {\r\ndisplay: block;\r\n}\r\n}\r\n@media screen and (min-width: 993px) and (max-width: 1200px) {\r\n.zcnaw69f2ba016d85c {\r\ndisplay: block;\r\n}\r\n}\r\n@media screen and (min-width: 769px) and (max-width: 992px) {\r\n.zcnaw69f2ba016d85c {\r\ndisplay: block;\r\n}\r\n}\r\n@media screen and (min-width: 768px) and (max-width: 768px) {\r\n.zcnaw69f2ba016d85c {\r\ndisplay: block;\r\n}\r\n}\r\n@media screen and (max-width: 767px) {\r\n.zcnaw69f2ba016d85c {\r\ndisplay: block;\r\n}\r\n}\r\n<\/style>\r\n\n<p><b><strong>Re<\/strong><strong>dacci\u00f3n: Molero, Luis\u00a0 (@Moleromarquez) | Fuente: Agencias<br \/>\nEdici\u00f3n: Villasmil, Henry<br \/>\nGr\u00e1ficas: Cortes\u00eda<\/strong><\/b><\/p>\n<div style=\"margin-top: 0px; margin-bottom: 0px;\" class=\"sharethis-inline-share-buttons\" ><\/div>","protected":false},"excerpt":{"rendered":"<p>Tambi\u00e9n\u00a0 declar\u00f3 que debido al d\u00e9ficit de personal m\u00e9dico, ahora los residentes del post grado de ginecolog\u00eda-obstetricia rotar\u00e1n por el<\/p>\n","protected":false},"author":26,"featured_media":122468,"comment_status":"open","ping_status":"closed","sticky":false,"template":"","format":"standard","meta":{"colormag_page_container_layout":"default_layout","colormag_page_sidebar_layout":"default_layout","_uag_custom_page_level_css":"","footnotes":""},"categories":[16454],"tags":[13352,13648,15858,20150,20336,233],"class_list":["post-122467","post","type-post","status-publish","format-standard","has-post-thumbnail","hentry","category-venezuela","tag-coronavirus","tag-covid-19","tag-estado-tachira","tag-hospital-central-de-san-cristobal","tag-leonardo-contreras","tag-nacionales"],"yoast_head":"<!-- This site is optimized with the Yoast SEO plugin v27.5 - https:\/\/yoast.com\/product\/yoast-seo-wordpress\/ -->\n<title>Dos pacientes con sospecha de la COVID-19 mueren en el Hospital Central del T\u00e1chira<\/title>\n<meta name=\"description\" content=\"Venezuela\" \/>\n<meta name=\"robots\" content=\"index, follow, max-snippet:-1, max-image-preview:large, max-video-preview:-1\" \/>\n<link rel=\"canonical\" href=\"https:\/\/digital58.com.ve\/site\/2020\/08\/16\/dos-pacientes-con-sospecha-de-la-covid-19-mueren-en-el-hospital-central-del-tachira\/\" \/>\n<meta property=\"og:locale\" content=\"es_ES\" \/>\n<meta property=\"og:type\" content=\"article\" \/>\n<meta property=\"og:title\" content=\"Dos pacientes con sospecha de la COVID-19 mueren en el Hospital Central del T\u00e1chira\" \/>\n<meta property=\"og:description\" content=\"Venezuela\" \/>\n<meta property=\"og:url\" content=\"https:\/\/digital58.com.ve\/site\/2020\/08\/16\/dos-pacientes-con-sospecha-de-la-covid-19-mueren-en-el-hospital-central-del-tachira\/\" \/>\n<meta property=\"og:site_name\" content=\"Noticias Digital58\" \/>\n<meta property=\"article:published_time\" content=\"2020-08-16T16:56:46+00:00\" \/>\n<meta property=\"og:image\" content=\"https:\/\/digital58.com.ve\/site\/wp-content\/uploads\/2020\/08\/IMG_1362-1.jpg\" \/>\n\t<meta property=\"og:image:width\" content=\"630\" \/>\n\t<meta property=\"og:image:height\" content=\"420\" \/>\n\t<meta property=\"og:image:type\" content=\"image\/jpeg\" \/>\n<meta name=\"author\" content=\"Molero Luis\" \/>\n<meta name=\"twitter:card\" content=\"summary_large_image\" \/>\n<meta name=\"twitter:creator\" content=\"@Digital_58\" \/>\n<meta name=\"twitter:site\" content=\"@villasmilhfoto\" \/>\n<meta name=\"twitter:label1\" content=\"Escrito por\" \/>\n\t<meta name=\"twitter:data1\" content=\"Molero Luis\" \/>\n\t<meta name=\"twitter:label2\" content=\"Tiempo estimado de lectura\" \/>\n\t<meta name=\"twitter:data2\" content=\"1 minuto\" \/>\n<script type=\"application\/ld+json\" class=\"yoast-schema-graph\">{\"@context\":\"https:\\\/\\\/schema.org\",\"@graph\":[{\"@type\":\"Article\",\"@id\":\"https:\\\/\\\/digital58.com.ve\\\/site\\\/2020\\\/08\\\/16\\\/dos-pacientes-con-sospecha-de-la-covid-19-mueren-en-el-hospital-central-del-tachira\\\/#article\",\"isPartOf\":{\"@id\":\"https:\\\/\\\/digital58.com.ve\\\/site\\\/2020\\\/08\\\/16\\\/dos-pacientes-con-sospecha-de-la-covid-19-mueren-en-el-hospital-central-del-tachira\\\/\"},\"author\":{\"name\":\"Molero Luis\",\"@id\":\"https:\\\/\\\/digital58.com.ve\\\/site\\\/#\\\/schema\\\/person\\\/c61667ce6845137620ee3f0aaabade17\"},\"headline\":\"Dos pacientes con sospecha de la COVID-19 mueren en el Hospital Central del T\u00e1chira\",\"datePublished\":\"2020-08-16T16:56:46+00:00\",\"mainEntityOfPage\":{\"@id\":\"https:\\\/\\\/digital58.com.ve\\\/site\\\/2020\\\/08\\\/16\\\/dos-pacientes-con-sospecha-de-la-covid-19-mueren-en-el-hospital-central-del-tachira\\\/\"},\"wordCount\":313,\"commentCount\":0,\"publisher\":{\"@id\":\"https:\\\/\\\/digital58.com.ve\\\/site\\\/#\\\/schema\\\/person\\\/64d1c2e4d0d4fd1b849980c4331c2951\"},\"image\":{\"@id\":\"https:\\\/\\\/digital58.com.ve\\\/site\\\/2020\\\/08\\\/16\\\/dos-pacientes-con-sospecha-de-la-covid-19-mueren-en-el-hospital-central-del-tachira\\\/#primaryimage\"},\"thumbnailUrl\":\"https:\\\/\\\/digital58.com.ve\\\/site\\\/wp-content\\\/uploads\\\/2020\\\/08\\\/IMG_1362-1.jpg\",\"keywords\":[\"Coronavirus\",\"COVID-19\",\"Estado T\u00e0chira\",\"Hospital Central de San Crist\u00f3bal\",\"Leonardo Contreras\",\"Nacionales\"],\"articleSection\":[\"Venezuela\"],\"inLanguage\":\"es\",\"potentialAction\":[{\"@type\":\"CommentAction\",\"name\":\"Comment\",\"target\":[\"https:\\\/\\\/digital58.com.ve\\\/site\\\/2020\\\/08\\\/16\\\/dos-pacientes-con-sospecha-de-la-covid-19-mueren-en-el-hospital-central-del-tachira\\\/#respond\"]}]},{\"@type\":\"WebPage\",\"@id\":\"https:\\\/\\\/digital58.com.ve\\\/site\\\/2020\\\/08\\\/16\\\/dos-pacientes-con-sospecha-de-la-covid-19-mueren-en-el-hospital-central-del-tachira\\\/\",\"url\":\"https:\\\/\\\/digital58.com.ve\\\/site\\\/2020\\\/08\\\/16\\\/dos-pacientes-con-sospecha-de-la-covid-19-mueren-en-el-hospital-central-del-tachira\\\/\",\"name\":\"Dos pacientes con sospecha de la COVID-19 mueren en el Hospital Central del T\u00e1chira\",\"isPartOf\":{\"@id\":\"https:\\\/\\\/digital58.com.ve\\\/site\\\/#website\"},\"primaryImageOfPage\":{\"@id\":\"https:\\\/\\\/digital58.com.ve\\\/site\\\/2020\\\/08\\\/16\\\/dos-pacientes-con-sospecha-de-la-covid-19-mueren-en-el-hospital-central-del-tachira\\\/#primaryimage\"},\"image\":{\"@id\":\"https:\\\/\\\/digital58.com.ve\\\/site\\\/2020\\\/08\\\/16\\\/dos-pacientes-con-sospecha-de-la-covid-19-mueren-en-el-hospital-central-del-tachira\\\/#primaryimage\"},\"thumbnailUrl\":\"https:\\\/\\\/digital58.com.ve\\\/site\\\/wp-content\\\/uploads\\\/2020\\\/08\\\/IMG_1362-1.jpg\",\"datePublished\":\"2020-08-16T16:56:46+00:00\",\"description\":\"Venezuela\",\"breadcrumb\":{\"@id\":\"https:\\\/\\\/digital58.com.ve\\\/site\\\/2020\\\/08\\\/16\\\/dos-pacientes-con-sospecha-de-la-covid-19-mueren-en-el-hospital-central-del-tachira\\\/#breadcrumb\"},\"inLanguage\":\"es\",\"potentialAction\":[{\"@type\":\"ReadAction\",\"target\":[\"https:\\\/\\\/digital58.com.ve\\\/site\\\/2020\\\/08\\\/16\\\/dos-pacientes-con-sospecha-de-la-covid-19-mueren-en-el-hospital-central-del-tachira\\\/\"]}]},{\"@type\":\"ImageObject\",\"inLanguage\":\"es\",\"@id\":\"https:\\\/\\\/digital58.com.ve\\\/site\\\/2020\\\/08\\\/16\\\/dos-pacientes-con-sospecha-de-la-covid-19-mueren-en-el-hospital-central-del-tachira\\\/#primaryimage\",\"url\":\"https:\\\/\\\/digital58.com.ve\\\/site\\\/wp-content\\\/uploads\\\/2020\\\/08\\\/IMG_1362-1.jpg\",\"contentUrl\":\"https:\\\/\\\/digital58.com.ve\\\/site\\\/wp-content\\\/uploads\\\/2020\\\/08\\\/IMG_1362-1.jpg\",\"width\":630,\"height\":420},{\"@type\":\"BreadcrumbList\",\"@id\":\"https:\\\/\\\/digital58.com.ve\\\/site\\\/2020\\\/08\\\/16\\\/dos-pacientes-con-sospecha-de-la-covid-19-mueren-en-el-hospital-central-del-tachira\\\/#breadcrumb\",\"itemListElement\":[{\"@type\":\"ListItem\",\"position\":1,\"name\":\"Home\",\"item\":\"https:\\\/\\\/digital58.com.ve\\\/site\\\/\"},{\"@type\":\"ListItem\",\"position\":2,\"name\":\"Dos pacientes con sospecha de la COVID-19 mueren en el Hospital Central del T\u00e1chira\"}]},{\"@type\":\"WebSite\",\"@id\":\"https:\\\/\\\/digital58.com.ve\\\/site\\\/#website\",\"url\":\"https:\\\/\\\/digital58.com.ve\\\/site\\\/\",\"name\":\"Noticias Digital58\",\"description\":\"Portal de Noticias \u00a1Periodismo web de verdad! Lanzamiento web 22.11.2005 \\\/ Maracaibo, Venezuela\",\"publisher\":{\"@id\":\"https:\\\/\\\/digital58.com.ve\\\/site\\\/#\\\/schema\\\/person\\\/64d1c2e4d0d4fd1b849980c4331c2951\"},\"alternateName\":\"ND58\",\"potentialAction\":[{\"@type\":\"SearchAction\",\"target\":{\"@type\":\"EntryPoint\",\"urlTemplate\":\"https:\\\/\\\/digital58.com.ve\\\/site\\\/?s={search_term_string}\"},\"query-input\":{\"@type\":\"PropertyValueSpecification\",\"valueRequired\":true,\"valueName\":\"search_term_string\"}}],\"inLanguage\":\"es\"},{\"@type\":[\"Person\",\"Organization\"],\"@id\":\"https:\\\/\\\/digital58.com.ve\\\/site\\\/#\\\/schema\\\/person\\\/64d1c2e4d0d4fd1b849980c4331c2951\",\"name\":\"Villasmil Henry\",\"image\":{\"@type\":\"ImageObject\",\"inLanguage\":\"es\",\"@id\":\"https:\\\/\\\/secure.gravatar.com\\\/avatar\\\/bb0c4a2fcb7970138239f7e404ea75757b1b507b28b5ce4c53fbd62d797c5a7c?s=96&d=mm&r=g\",\"url\":\"https:\\\/\\\/secure.gravatar.com\\\/avatar\\\/bb0c4a2fcb7970138239f7e404ea75757b1b507b28b5ce4c53fbd62d797c5a7c?s=96&d=mm&r=g\",\"contentUrl\":\"https:\\\/\\\/secure.gravatar.com\\\/avatar\\\/bb0c4a2fcb7970138239f7e404ea75757b1b507b28b5ce4c53fbd62d797c5a7c?s=96&d=mm&r=g\",\"caption\":\"Villasmil Henry\"},\"logo\":{\"@id\":\"https:\\\/\\\/secure.gravatar.com\\\/avatar\\\/bb0c4a2fcb7970138239f7e404ea75757b1b507b28b5ce4c53fbd62d797c5a7c?s=96&d=mm&r=g\"},\"sameAs\":[\"http:\\\/\\\/www.henryvillasmil.com.ve\",\"https:\\\/\\\/www.instagram.com\\\/villasmilhfoto\\\/\",\"https:\\\/\\\/x.com\\\/https:\\\/\\\/twitter.com\\\/villasmilhfoto\"]},{\"@type\":\"Person\",\"@id\":\"https:\\\/\\\/digital58.com.ve\\\/site\\\/#\\\/schema\\\/person\\\/c61667ce6845137620ee3f0aaabade17\",\"name\":\"Molero Luis\",\"image\":{\"@type\":\"ImageObject\",\"inLanguage\":\"es\",\"@id\":\"https:\\\/\\\/secure.gravatar.com\\\/avatar\\\/bf041ec637e3e7405449807deb2f7cf3d2de7c6fa755dd56e985201de9863f2b?s=96&d=mm&r=g\",\"url\":\"https:\\\/\\\/secure.gravatar.com\\\/avatar\\\/bf041ec637e3e7405449807deb2f7cf3d2de7c6fa755dd56e985201de9863f2b?s=96&d=mm&r=g\",\"contentUrl\":\"https:\\\/\\\/secure.gravatar.com\\\/avatar\\\/bf041ec637e3e7405449807deb2f7cf3d2de7c6fa755dd56e985201de9863f2b?s=96&d=mm&r=g\",\"caption\":\"Molero Luis\"},\"url\":\"https:\\\/\\\/digital58.com.ve\\\/site\\\/author\\\/luismolero\\\/\"}]}<\/script>\n<!-- \/ Yoast SEO plugin. -->","yoast_head_json":{"title":"Dos pacientes con sospecha de la COVID-19 mueren en el Hospital Central del T\u00e1chira","description":"Venezuela","robots":{"index":"index","follow":"follow","max-snippet":"max-snippet:-1","max-image-preview":"max-image-preview:large","max-video-preview":"max-video-preview:-1"},"canonical":"https:\/\/digital58.com.ve\/site\/2020\/08\/16\/dos-pacientes-con-sospecha-de-la-covid-19-mueren-en-el-hospital-central-del-tachira\/","og_locale":"es_ES","og_type":"article","og_title":"Dos pacientes con sospecha de la COVID-19 mueren en el Hospital Central del T\u00e1chira","og_description":"Venezuela","og_url":"https:\/\/digital58.com.ve\/site\/2020\/08\/16\/dos-pacientes-con-sospecha-de-la-covid-19-mueren-en-el-hospital-central-del-tachira\/","og_site_name":"Noticias Digital58","article_published_time":"2020-08-16T16:56:46+00:00","og_image":[{"width":630,"height":420,"url":"https:\/\/digital58.com.ve\/site\/wp-content\/uploads\/2020\/08\/IMG_1362-1.jpg","type":"image\/jpeg"}],"author":"Molero Luis","twitter_card":"summary_large_image","twitter_creator":"@Digital_58","twitter_site":"@villasmilhfoto","twitter_misc":{"Escrito por":"Molero Luis","Tiempo estimado de lectura":"1 minuto"},"schema":{"@context":"https:\/\/schema.org","@graph":[{"@type":"Article","@id":"https:\/\/digital58.com.ve\/site\/2020\/08\/16\/dos-pacientes-con-sospecha-de-la-covid-19-mueren-en-el-hospital-central-del-tachira\/#article","isPartOf":{"@id":"https:\/\/digital58.com.ve\/site\/2020\/08\/16\/dos-pacientes-con-sospecha-de-la-covid-19-mueren-en-el-hospital-central-del-tachira\/"},"author":{"name":"Molero Luis","@id":"https:\/\/digital58.com.ve\/site\/#\/schema\/person\/c61667ce6845137620ee3f0aaabade17"},"headline":"Dos pacientes con sospecha de la COVID-19 mueren en el Hospital Central del T\u00e1chira","datePublished":"2020-08-16T16:56:46+00:00","mainEntityOfPage":{"@id":"https:\/\/digital58.com.ve\/site\/2020\/08\/16\/dos-pacientes-con-sospecha-de-la-covid-19-mueren-en-el-hospital-central-del-tachira\/"},"wordCount":313,"commentCount":0,"publisher":{"@id":"https:\/\/digital58.com.ve\/site\/#\/schema\/person\/64d1c2e4d0d4fd1b849980c4331c2951"},"image":{"@id":"https:\/\/digital58.com.ve\/site\/2020\/08\/16\/dos-pacientes-con-sospecha-de-la-covid-19-mueren-en-el-hospital-central-del-tachira\/#primaryimage"},"thumbnailUrl":"https:\/\/digital58.com.ve\/site\/wp-content\/uploads\/2020\/08\/IMG_1362-1.jpg","keywords":["Coronavirus","COVID-19","Estado T\u00e0chira","Hospital Central de San Crist\u00f3bal","Leonardo Contreras","Nacionales"],"articleSection":["Venezuela"],"inLanguage":"es","potentialAction":[{"@type":"CommentAction","name":"Comment","target":["https:\/\/digital58.com.ve\/site\/2020\/08\/16\/dos-pacientes-con-sospecha-de-la-covid-19-mueren-en-el-hospital-central-del-tachira\/#respond"]}]},{"@type":"WebPage","@id":"https:\/\/digital58.com.ve\/site\/2020\/08\/16\/dos-pacientes-con-sospecha-de-la-covid-19-mueren-en-el-hospital-central-del-tachira\/","url":"https:\/\/digital58.com.ve\/site\/2020\/08\/16\/dos-pacientes-con-sospecha-de-la-covid-19-mueren-en-el-hospital-central-del-tachira\/","name":"Dos pacientes con sospecha de la COVID-19 mueren en el Hospital Central del T\u00e1chira","isPartOf":{"@id":"https:\/\/digital58.com.ve\/site\/#website"},"primaryImageOfPage":{"@id":"https:\/\/digital58.com.ve\/site\/2020\/08\/16\/dos-pacientes-con-sospecha-de-la-covid-19-mueren-en-el-hospital-central-del-tachira\/#primaryimage"},"image":{"@id":"https:\/\/digital58.com.ve\/site\/2020\/08\/16\/dos-pacientes-con-sospecha-de-la-covid-19-mueren-en-el-hospital-central-del-tachira\/#primaryimage"},"thumbnailUrl":"https:\/\/digital58.com.ve\/site\/wp-content\/uploads\/2020\/08\/IMG_1362-1.jpg","datePublished":"2020-08-16T16:56:46+00:00","description":"Venezuela","breadcrumb":{"@id":"https:\/\/digital58.com.ve\/site\/2020\/08\/16\/dos-pacientes-con-sospecha-de-la-covid-19-mueren-en-el-hospital-central-del-tachira\/#breadcrumb"},"inLanguage":"es","potentialAction":[{"@type":"ReadAction","target":["https:\/\/digital58.com.ve\/site\/2020\/08\/16\/dos-pacientes-con-sospecha-de-la-covid-19-mueren-en-el-hospital-central-del-tachira\/"]}]},{"@type":"ImageObject","inLanguage":"es","@id":"https:\/\/digital58.com.ve\/site\/2020\/08\/16\/dos-pacientes-con-sospecha-de-la-covid-19-mueren-en-el-hospital-central-del-tachira\/#primaryimage","url":"https:\/\/digital58.com.ve\/site\/wp-content\/uploads\/2020\/08\/IMG_1362-1.jpg","contentUrl":"https:\/\/digital58.com.ve\/site\/wp-content\/uploads\/2020\/08\/IMG_1362-1.jpg","width":630,"height":420},{"@type":"BreadcrumbList","@id":"https:\/\/digital58.com.ve\/site\/2020\/08\/16\/dos-pacientes-con-sospecha-de-la-covid-19-mueren-en-el-hospital-central-del-tachira\/#breadcrumb","itemListElement":[{"@type":"ListItem","position":1,"name":"Home","item":"https:\/\/digital58.com.ve\/site\/"},{"@type":"ListItem","position":2,"name":"Dos pacientes con sospecha de la COVID-19 mueren en el Hospital Central del T\u00e1chira"}]},{"@type":"WebSite","@id":"https:\/\/digital58.com.ve\/site\/#website","url":"https:\/\/digital58.com.ve\/site\/","name":"Noticias Digital58","description":"Portal de Noticias \u00a1Periodismo web de verdad! Lanzamiento web 22.11.2005 \/ Maracaibo, Venezuela","publisher":{"@id":"https:\/\/digital58.com.ve\/site\/#\/schema\/person\/64d1c2e4d0d4fd1b849980c4331c2951"},"alternateName":"ND58","potentialAction":[{"@type":"SearchAction","target":{"@type":"EntryPoint","urlTemplate":"https:\/\/digital58.com.ve\/site\/?s={search_term_string}"},"query-input":{"@type":"PropertyValueSpecification","valueRequired":true,"valueName":"search_term_string"}}],"inLanguage":"es"},{"@type":["Person","Organization"],"@id":"https:\/\/digital58.com.ve\/site\/#\/schema\/person\/64d1c2e4d0d4fd1b849980c4331c2951","name":"Villasmil Henry","image":{"@type":"ImageObject","inLanguage":"es","@id":"https:\/\/secure.gravatar.com\/avatar\/bb0c4a2fcb7970138239f7e404ea75757b1b507b28b5ce4c53fbd62d797c5a7c?s=96&d=mm&r=g","url":"https:\/\/secure.gravatar.com\/avatar\/bb0c4a2fcb7970138239f7e404ea75757b1b507b28b5ce4c53fbd62d797c5a7c?s=96&d=mm&r=g","contentUrl":"https:\/\/secure.gravatar.com\/avatar\/bb0c4a2fcb7970138239f7e404ea75757b1b507b28b5ce4c53fbd62d797c5a7c?s=96&d=mm&r=g","caption":"Villasmil Henry"},"logo":{"@id":"https:\/\/secure.gravatar.com\/avatar\/bb0c4a2fcb7970138239f7e404ea75757b1b507b28b5ce4c53fbd62d797c5a7c?s=96&d=mm&r=g"},"sameAs":["http:\/\/www.henryvillasmil.com.ve","https:\/\/www.instagram.com\/villasmilhfoto\/","https:\/\/x.com\/https:\/\/twitter.com\/villasmilhfoto"]},{"@type":"Person","@id":"https:\/\/digital58.com.ve\/site\/#\/schema\/person\/c61667ce6845137620ee3f0aaabade17","name":"Molero Luis","image":{"@type":"ImageObject","inLanguage":"es","@id":"https:\/\/secure.gravatar.com\/avatar\/bf041ec637e3e7405449807deb2f7cf3d2de7c6fa755dd56e985201de9863f2b?s=96&d=mm&r=g","url":"https:\/\/secure.gravatar.com\/avatar\/bf041ec637e3e7405449807deb2f7cf3d2de7c6fa755dd56e985201de9863f2b?s=96&d=mm&r=g","contentUrl":"https:\/\/secure.gravatar.com\/avatar\/bf041ec637e3e7405449807deb2f7cf3d2de7c6fa755dd56e985201de9863f2b?s=96&d=mm&r=g","caption":"Molero Luis"},"url":"https:\/\/digital58.com.ve\/site\/author\/luismolero\/"}]}},"uagb_featured_image_src":{"full":["https:\/\/digital58.com.ve\/site\/wp-content\/uploads\/2020\/08\/IMG_1362-1.jpg",630,420,false],"thumbnail":["https:\/\/digital58.com.ve\/site\/wp-content\/uploads\/2020\/08\/IMG_1362-1-150x150.jpg",150,150,true],"medium":["https:\/\/digital58.com.ve\/site\/wp-content\/uploads\/2020\/08\/IMG_1362-1-300x200.jpg",300,200,true],"medium_large":["https:\/\/digital58.com.ve\/site\/wp-content\/uploads\/2020\/08\/IMG_1362-1.jpg",630,420,false],"large":["https:\/\/digital58.com.ve\/site\/wp-content\/uploads\/2020\/08\/IMG_1362-1.jpg",630,420,false],"1536x1536":["https:\/\/digital58.com.ve\/site\/wp-content\/uploads\/2020\/08\/IMG_1362-1.jpg",630,420,false],"2048x2048":["https:\/\/digital58.com.ve\/site\/wp-content\/uploads\/2020\/08\/IMG_1362-1.jpg",630,420,false],"colormag-highlighted-post":["https:\/\/digital58.com.ve\/site\/wp-content\/uploads\/2020\/08\/IMG_1362-1.jpg",392,261,false],"colormag-featured-post-medium":["https:\/\/digital58.com.ve\/site\/wp-content\/uploads\/2020\/08\/IMG_1362-1.jpg",308,205,false],"colormag-featured-post-small":["https:\/\/digital58.com.ve\/site\/wp-content\/uploads\/2020\/08\/IMG_1362-1.jpg",130,87,false],"colormag-featured-image":["https:\/\/digital58.com.ve\/site\/wp-content\/uploads\/2020\/08\/IMG_1362-1.jpg",630,420,false],"colormag-default-news":["https:\/\/digital58.com.ve\/site\/wp-content\/uploads\/2020\/08\/IMG_1362-1.jpg",150,100,false],"colormag-featured-image-large":["https:\/\/digital58.com.ve\/site\/wp-content\/uploads\/2020\/08\/IMG_1362-1.jpg",630,420,false]},"uagb_author_info":{"display_name":"Molero Luis","author_link":"https:\/\/digital58.com.ve\/site\/author\/luismolero\/"},"uagb_comment_info":0,"uagb_excerpt":"Tambi\u00e9n\u00a0 declar\u00f3 que debido al d\u00e9ficit de personal m\u00e9dico, ahora los residentes del post grado de ginecolog\u00eda-obstetricia rotar\u00e1n por el","_links":{"self":[{"href":"https:\/\/digital58.com.ve\/site\/wp-json\/wp\/v2\/posts\/122467","targetHints":{"allow":["GET"]}}],"collection":[{"href":"https:\/\/digital58.com.ve\/site\/wp-json\/wp\/v2\/posts"}],"about":[{"href":"https:\/\/digital58.com.ve\/site\/wp-json\/wp\/v2\/types\/post"}],"author":[{"embeddable":true,"href":"https:\/\/digital58.com.ve\/site\/wp-json\/wp\/v2\/users\/26"}],"replies":[{"embeddable":true,"href":"https:\/\/digital58.com.ve\/site\/wp-json\/wp\/v2\/comments?post=122467"}],"version-history":[{"count":0,"href":"https:\/\/digital58.com.ve\/site\/wp-json\/wp\/v2\/posts\/122467\/revisions"}],"wp:featuredmedia":[{"embeddable":true,"href":"https:\/\/digital58.com.ve\/site\/wp-json\/wp\/v2\/media\/122468"}],"wp:attachment":[{"href":"https:\/\/digital58.com.ve\/site\/wp-json\/wp\/v2\/media?parent=122467"}],"wp:term":[{"taxonomy":"category","embeddable":true,"href":"https:\/\/digital58.com.ve\/site\/wp-json\/wp\/v2\/categories?post=122467"},{"taxonomy":"post_tag","embeddable":true,"href":"https:\/\/digital58.com.ve\/site\/wp-json\/wp\/v2\/tags?post=122467"}],"curies":[{"name":"wp","href":"https:\/\/api.w.org\/{rel}","templated":true}]}}