{"id":122514,"date":"2020-08-16T17:02:53","date_gmt":"2020-08-16T21:02:53","guid":{"rendered":"https:\/\/digital58.com.ve\/site\/?p=122514"},"modified":"2020-08-16T17:02:53","modified_gmt":"2020-08-16T21:02:53","slug":"el-contrato-millonario-de-la-periodista-maria-celeste-arraras-con-telemundo","status":"publish","type":"post","link":"https:\/\/digital58.com.ve\/site\/2020\/08\/16\/el-contrato-millonario-de-la-periodista-maria-celeste-arraras-con-telemundo\/","title":{"rendered":"El contrato millonario de la periodista Mar\u00eda Celeste Arrar\u00e1s con Telemundo"},"content":{"rendered":"\r\n<p><img loading=\"lazy\" decoding=\"async\" class=\"alignnone size-full wp-image-122530\" src=\"https:\/\/digital58.com.ve\/site\/wp-content\/uploads\/2020\/08\/mariacelestetodayshow4x3_8.jpg\" alt=\"\" width=\"1330\" height=\"750\" srcset=\"https:\/\/digital58.com.ve\/site\/wp-content\/uploads\/2020\/08\/mariacelestetodayshow4x3_8.jpg 1330w, https:\/\/digital58.com.ve\/site\/wp-content\/uploads\/2020\/08\/mariacelestetodayshow4x3_8-300x169.jpg 300w, https:\/\/digital58.com.ve\/site\/wp-content\/uploads\/2020\/08\/mariacelestetodayshow4x3_8-768x433.jpg 768w\" sizes=\"auto, (max-width: 1330px) 100vw, 1330px\" \/><\/p>\r\n<p>La ex presentadora del programa televisivo \u00abAl Rojo Vivo\u00bb, recientemente revel\u00f3 que le quedaba bastante tiempo de contrato con la cadena televisiva, y que la misma deber\u00e1 seguir pagando hasta que el contrato expire. <br \/><br \/><strong>Internacionales, 16 de agosto de 2020 (ND58).-<\/strong> Durante los \u00faltimos a\u00f1os la periodista Mar\u00eda Celeste Arrar\u00e1s, era considerada la latina mejor pagada de la televisi\u00f3n, y que seg\u00fan una entrevista que ofreci\u00f3 a la revista \u00abInfraganti Magazine\u00bb, la conductora de \u00abAl Rojo Vivo\u00bb de Telemundo, hab\u00eda renegociado su contrato con la famosa televisora en el a\u00f1o 2014.<\/p><div class=\"ceofm69f70e2995aa6\" ><p style=\"text-align: center;\"><a href=\"https:\/\/t.me\/noticiasdigital58\" target=\"_blank\" rel=\"noopener\"><img class=\"aligncenter size-full wp-image-125363\" src=\"https:\/\/digital58.com.ve\/site\/wp-content\/uploads\/2021\/04\/banner-telegram-web-2021.png\" alt=\"\" width=\"600\" height=\"90\" \/><\/a><\/p><\/div><style type=\"text\/css\">\r\n@media screen and (min-width: 1201px) {\r\n.ceofm69f70e2995aa6 {\r\ndisplay: block;\r\n}\r\n}\r\n@media screen and (min-width: 993px) and (max-width: 1200px) {\r\n.ceofm69f70e2995aa6 {\r\ndisplay: block;\r\n}\r\n}\r\n@media screen and (min-width: 769px) and (max-width: 992px) {\r\n.ceofm69f70e2995aa6 {\r\ndisplay: block;\r\n}\r\n}\r\n@media screen and (min-width: 768px) and (max-width: 768px) {\r\n.ceofm69f70e2995aa6 {\r\ndisplay: block;\r\n}\r\n}\r\n@media screen and (max-width: 767px) {\r\n.ceofm69f70e2995aa6 {\r\ndisplay: block;\r\n}\r\n}\r\n<\/style>\r\n\r\n<p>Lo que la llev\u00f3 a sumar una cifra de $1,6 millones de d\u00f3lares anuales, pero parece que esa cifra no duro por mucho tiempo.<br \/><br \/>Al parecer seg\u00fan la informaci\u00f3n difundida por la misma Arrar\u00e1s, adem\u00e1s de ganar la cifra antes mencionada, acreditaba en el a\u00f1o dos bonos de $100 d\u00f3lares para los meses mayo y noviembre, meses donde el rating de Nielsen, seg\u00fan confirm\u00f3 a dicho medio y que tambi\u00e9n difundi\u00f3 el portal de noticias \u00abEl Peri\u00f3dico Cubano\u00bb.<br \/><br \/>Por otra parte la periodista tambi\u00e9n ocupaba el cargo de directora editorial de Al Rojo Vivo.<br \/><br \/>El talento de la conductora de Al Rojo Vivo, le permiti\u00f3 exigir estos privilegios dentro de la cadena de televisi\u00f3n hispana, y del mismo modo ella lo asegur\u00f3 en las declaraciones realizadas ene l 2016, donde relat\u00f3 que su meta de hacer que <br \/>Telemundo se convirtiera en la primera cadena de televisi\u00f3n hispana, era una de sus metas consolidadas, que ya hab\u00eda logrado.<br \/><br \/>Incluso Mar\u00eda Celeste tambi\u00e9n revel\u00f3 para la revista \u00abPeople en Espa\u00f1o\u00bbl, informaci\u00f3n expuesta por \u00abEl Peri\u00f3dico Cubano\u00bb, que Telemundo deber\u00e1 pagarle su salario hasta que expire el contrato. <br \/><br \/>Al parecer la famosa periodista estaba acumulado una cifra alrededor de seis millones de d\u00f3lares. <br \/><br \/>\u00abPor suerte me quedaba bastante tiempo de mi contrato. No quiero entrar en detalles, porque no me parece de buen gusto, pero me quedaba bastante tiempo. Eso me da una garant\u00eda, tengo un colch\u00f3n (econ\u00f3mico) \u00bb, expres\u00f3 Arrar\u00e1s.<br \/><br \/>\u00abMe siento afortunada porque en estos momentos en que la pandemia ha dejado a tanta gente desempleada, el saber que aun cuando pierdo el empleo me quedo con el ingreso, es una paz mental que la agradezco infinitamente\u00bb, concluy\u00f3 Maria Celeste Arrar\u00e1s.<br \/><br \/><strong>Redacci\u00f3n: Rubio, Laura Isabel (@lauraisabelrubio) | Fuente: La Opini\u00f3n<\/strong><br \/><strong>Edici\u00f3n: Villasmil, Henry<\/strong><br \/><strong>Gr\u00e1ficas: Cortes\u00eda<\/strong><br \/><br \/><\/p>\r\n<div style=\"margin-top: 0px; margin-bottom: 0px;\" class=\"sharethis-inline-share-buttons\" ><\/div>","protected":false},"excerpt":{"rendered":"<p>La ex presentadora del programa televisivo \u00abAl Rojo Vivo\u00bb, recientemente revel\u00f3 que le quedaba bastante tiempo de contrato con la<\/p>\n","protected":false},"author":28,"featured_media":122530,"comment_status":"open","ping_status":"closed","sticky":false,"template":"","format":"standard","meta":{"colormag_page_container_layout":"default_layout","colormag_page_sidebar_layout":"default_layout","_uag_custom_page_level_css":"","footnotes":""},"categories":[1],"tags":[2320,18372,8,19630,7824,14539,2323,5847,134],"class_list":["post-122514","post","type-post","status-publish","format-standard","has-post-thumbnail","hentry","category-fama","tag-al-rojo-vivo","tag-despidos","tag-internacionales","tag-maria-celeste-arraras","tag-periodista","tag-presentadora-de-tv","tag-telemundo","tag-television","tag-tv"],"yoast_head":"<!-- This site is optimized with the Yoast SEO plugin v27.5 - https:\/\/yoast.com\/product\/yoast-seo-wordpress\/ -->\n<title>El contrato millonario de la periodista Mar\u00eda Celeste Arrar\u00e1s con Telemundo<\/title>\n<meta name=\"description\" content=\"Fama\" \/>\n<meta name=\"robots\" content=\"index, follow, max-snippet:-1, max-image-preview:large, max-video-preview:-1\" \/>\n<link rel=\"canonical\" href=\"https:\/\/digital58.com.ve\/site\/2020\/08\/16\/el-contrato-millonario-de-la-periodista-maria-celeste-arraras-con-telemundo\/\" \/>\n<meta property=\"og:locale\" content=\"es_ES\" \/>\n<meta property=\"og:type\" content=\"article\" \/>\n<meta property=\"og:title\" content=\"El contrato millonario de la periodista Mar\u00eda Celeste Arrar\u00e1s con Telemundo\" \/>\n<meta property=\"og:description\" content=\"Fama\" \/>\n<meta property=\"og:url\" content=\"https:\/\/digital58.com.ve\/site\/2020\/08\/16\/el-contrato-millonario-de-la-periodista-maria-celeste-arraras-con-telemundo\/\" \/>\n<meta property=\"og:site_name\" content=\"Noticias Digital58\" \/>\n<meta property=\"article:published_time\" content=\"2020-08-16T21:02:53+00:00\" \/>\n<meta property=\"og:image\" content=\"https:\/\/digital58.com.ve\/site\/wp-content\/uploads\/2020\/08\/mariacelestetodayshow4x3_8.jpg\" \/>\n\t<meta property=\"og:image:width\" content=\"1330\" \/>\n\t<meta property=\"og:image:height\" content=\"750\" \/>\n\t<meta property=\"og:image:type\" content=\"image\/jpeg\" \/>\n<meta name=\"author\" content=\"Rubio Laura Isabel\" \/>\n<meta name=\"twitter:card\" content=\"summary_large_image\" \/>\n<meta name=\"twitter:creator\" content=\"@Digital_58\" \/>\n<meta name=\"twitter:site\" content=\"@villasmilhfoto\" \/>\n<meta name=\"twitter:label1\" content=\"Escrito por\" \/>\n\t<meta name=\"twitter:data1\" content=\"Rubio Laura Isabel\" \/>\n\t<meta name=\"twitter:label2\" content=\"Tiempo estimado de lectura\" \/>\n\t<meta name=\"twitter:data2\" content=\"2 minutos\" \/>\n<script type=\"application\/ld+json\" class=\"yoast-schema-graph\">{\"@context\":\"https:\\\/\\\/schema.org\",\"@graph\":[{\"@type\":\"Article\",\"@id\":\"https:\\\/\\\/digital58.com.ve\\\/site\\\/2020\\\/08\\\/16\\\/el-contrato-millonario-de-la-periodista-maria-celeste-arraras-con-telemundo\\\/#article\",\"isPartOf\":{\"@id\":\"https:\\\/\\\/digital58.com.ve\\\/site\\\/2020\\\/08\\\/16\\\/el-contrato-millonario-de-la-periodista-maria-celeste-arraras-con-telemundo\\\/\"},\"author\":{\"name\":\"Rubio Laura Isabel\",\"@id\":\"https:\\\/\\\/digital58.com.ve\\\/site\\\/#\\\/schema\\\/person\\\/6672bab44ab958838204ebb2cb0e8d52\"},\"headline\":\"El contrato millonario de la periodista Mar\u00eda Celeste Arrar\u00e1s con Telemundo\",\"datePublished\":\"2020-08-16T21:02:53+00:00\",\"mainEntityOfPage\":{\"@id\":\"https:\\\/\\\/digital58.com.ve\\\/site\\\/2020\\\/08\\\/16\\\/el-contrato-millonario-de-la-periodista-maria-celeste-arraras-con-telemundo\\\/\"},\"wordCount\":429,\"commentCount\":0,\"publisher\":{\"@id\":\"https:\\\/\\\/digital58.com.ve\\\/site\\\/#\\\/schema\\\/person\\\/64d1c2e4d0d4fd1b849980c4331c2951\"},\"image\":{\"@id\":\"https:\\\/\\\/digital58.com.ve\\\/site\\\/2020\\\/08\\\/16\\\/el-contrato-millonario-de-la-periodista-maria-celeste-arraras-con-telemundo\\\/#primaryimage\"},\"thumbnailUrl\":\"https:\\\/\\\/digital58.com.ve\\\/site\\\/wp-content\\\/uploads\\\/2020\\\/08\\\/mariacelestetodayshow4x3_8.jpg\",\"keywords\":[\"Al rojo vivo\",\"Despidos\",\"Internacionales\",\"Mar\u00eda Celeste Arrar\u00e1s\",\"Periodista\",\"Presentadora de TV\",\"Telemundo\",\"televisi\u00f3n\",\"TV\"],\"articleSection\":[\"Fama\"],\"inLanguage\":\"es\",\"potentialAction\":[{\"@type\":\"CommentAction\",\"name\":\"Comment\",\"target\":[\"https:\\\/\\\/digital58.com.ve\\\/site\\\/2020\\\/08\\\/16\\\/el-contrato-millonario-de-la-periodista-maria-celeste-arraras-con-telemundo\\\/#respond\"]}]},{\"@type\":\"WebPage\",\"@id\":\"https:\\\/\\\/digital58.com.ve\\\/site\\\/2020\\\/08\\\/16\\\/el-contrato-millonario-de-la-periodista-maria-celeste-arraras-con-telemundo\\\/\",\"url\":\"https:\\\/\\\/digital58.com.ve\\\/site\\\/2020\\\/08\\\/16\\\/el-contrato-millonario-de-la-periodista-maria-celeste-arraras-con-telemundo\\\/\",\"name\":\"El contrato millonario de la periodista Mar\u00eda Celeste Arrar\u00e1s con Telemundo\",\"isPartOf\":{\"@id\":\"https:\\\/\\\/digital58.com.ve\\\/site\\\/#website\"},\"primaryImageOfPage\":{\"@id\":\"https:\\\/\\\/digital58.com.ve\\\/site\\\/2020\\\/08\\\/16\\\/el-contrato-millonario-de-la-periodista-maria-celeste-arraras-con-telemundo\\\/#primaryimage\"},\"image\":{\"@id\":\"https:\\\/\\\/digital58.com.ve\\\/site\\\/2020\\\/08\\\/16\\\/el-contrato-millonario-de-la-periodista-maria-celeste-arraras-con-telemundo\\\/#primaryimage\"},\"thumbnailUrl\":\"https:\\\/\\\/digital58.com.ve\\\/site\\\/wp-content\\\/uploads\\\/2020\\\/08\\\/mariacelestetodayshow4x3_8.jpg\",\"datePublished\":\"2020-08-16T21:02:53+00:00\",\"description\":\"Fama\",\"breadcrumb\":{\"@id\":\"https:\\\/\\\/digital58.com.ve\\\/site\\\/2020\\\/08\\\/16\\\/el-contrato-millonario-de-la-periodista-maria-celeste-arraras-con-telemundo\\\/#breadcrumb\"},\"inLanguage\":\"es\",\"potentialAction\":[{\"@type\":\"ReadAction\",\"target\":[\"https:\\\/\\\/digital58.com.ve\\\/site\\\/2020\\\/08\\\/16\\\/el-contrato-millonario-de-la-periodista-maria-celeste-arraras-con-telemundo\\\/\"]}]},{\"@type\":\"ImageObject\",\"inLanguage\":\"es\",\"@id\":\"https:\\\/\\\/digital58.com.ve\\\/site\\\/2020\\\/08\\\/16\\\/el-contrato-millonario-de-la-periodista-maria-celeste-arraras-con-telemundo\\\/#primaryimage\",\"url\":\"https:\\\/\\\/digital58.com.ve\\\/site\\\/wp-content\\\/uploads\\\/2020\\\/08\\\/mariacelestetodayshow4x3_8.jpg\",\"contentUrl\":\"https:\\\/\\\/digital58.com.ve\\\/site\\\/wp-content\\\/uploads\\\/2020\\\/08\\\/mariacelestetodayshow4x3_8.jpg\",\"width\":1330,\"height\":750},{\"@type\":\"BreadcrumbList\",\"@id\":\"https:\\\/\\\/digital58.com.ve\\\/site\\\/2020\\\/08\\\/16\\\/el-contrato-millonario-de-la-periodista-maria-celeste-arraras-con-telemundo\\\/#breadcrumb\",\"itemListElement\":[{\"@type\":\"ListItem\",\"position\":1,\"name\":\"Home\",\"item\":\"https:\\\/\\\/digital58.com.ve\\\/site\\\/\"},{\"@type\":\"ListItem\",\"position\":2,\"name\":\"El contrato millonario de la periodista Mar\u00eda Celeste Arrar\u00e1s con Telemundo\"}]},{\"@type\":\"WebSite\",\"@id\":\"https:\\\/\\\/digital58.com.ve\\\/site\\\/#website\",\"url\":\"https:\\\/\\\/digital58.com.ve\\\/site\\\/\",\"name\":\"Noticias Digital58\",\"description\":\"Portal de Noticias \u00a1Periodismo web de verdad! Lanzamiento web 22.11.2005 \\\/ Maracaibo, Venezuela\",\"publisher\":{\"@id\":\"https:\\\/\\\/digital58.com.ve\\\/site\\\/#\\\/schema\\\/person\\\/64d1c2e4d0d4fd1b849980c4331c2951\"},\"alternateName\":\"ND58\",\"potentialAction\":[{\"@type\":\"SearchAction\",\"target\":{\"@type\":\"EntryPoint\",\"urlTemplate\":\"https:\\\/\\\/digital58.com.ve\\\/site\\\/?s={search_term_string}\"},\"query-input\":{\"@type\":\"PropertyValueSpecification\",\"valueRequired\":true,\"valueName\":\"search_term_string\"}}],\"inLanguage\":\"es\"},{\"@type\":[\"Person\",\"Organization\"],\"@id\":\"https:\\\/\\\/digital58.com.ve\\\/site\\\/#\\\/schema\\\/person\\\/64d1c2e4d0d4fd1b849980c4331c2951\",\"name\":\"Villasmil Henry\",\"image\":{\"@type\":\"ImageObject\",\"inLanguage\":\"es\",\"@id\":\"https:\\\/\\\/secure.gravatar.com\\\/avatar\\\/bb0c4a2fcb7970138239f7e404ea75757b1b507b28b5ce4c53fbd62d797c5a7c?s=96&d=mm&r=g\",\"url\":\"https:\\\/\\\/secure.gravatar.com\\\/avatar\\\/bb0c4a2fcb7970138239f7e404ea75757b1b507b28b5ce4c53fbd62d797c5a7c?s=96&d=mm&r=g\",\"contentUrl\":\"https:\\\/\\\/secure.gravatar.com\\\/avatar\\\/bb0c4a2fcb7970138239f7e404ea75757b1b507b28b5ce4c53fbd62d797c5a7c?s=96&d=mm&r=g\",\"caption\":\"Villasmil Henry\"},\"logo\":{\"@id\":\"https:\\\/\\\/secure.gravatar.com\\\/avatar\\\/bb0c4a2fcb7970138239f7e404ea75757b1b507b28b5ce4c53fbd62d797c5a7c?s=96&d=mm&r=g\"},\"sameAs\":[\"http:\\\/\\\/www.henryvillasmil.com.ve\",\"https:\\\/\\\/www.instagram.com\\\/villasmilhfoto\\\/\",\"https:\\\/\\\/x.com\\\/https:\\\/\\\/twitter.com\\\/villasmilhfoto\"]},{\"@type\":\"Person\",\"@id\":\"https:\\\/\\\/digital58.com.ve\\\/site\\\/#\\\/schema\\\/person\\\/6672bab44ab958838204ebb2cb0e8d52\",\"name\":\"Rubio Laura Isabel\",\"image\":{\"@type\":\"ImageObject\",\"inLanguage\":\"es\",\"@id\":\"https:\\\/\\\/secure.gravatar.com\\\/avatar\\\/f7cc56b26fb0562df4488ff129a58c3c1a1bd264c9af5f313a9b1797fff1cfb9?s=96&d=mm&r=g\",\"url\":\"https:\\\/\\\/secure.gravatar.com\\\/avatar\\\/f7cc56b26fb0562df4488ff129a58c3c1a1bd264c9af5f313a9b1797fff1cfb9?s=96&d=mm&r=g\",\"contentUrl\":\"https:\\\/\\\/secure.gravatar.com\\\/avatar\\\/f7cc56b26fb0562df4488ff129a58c3c1a1bd264c9af5f313a9b1797fff1cfb9?s=96&d=mm&r=g\",\"caption\":\"Rubio Laura Isabel\"},\"url\":\"https:\\\/\\\/digital58.com.ve\\\/site\\\/author\\\/laurarubio\\\/\"}]}<\/script>\n<!-- \/ Yoast SEO plugin. -->","yoast_head_json":{"title":"El contrato millonario de la periodista Mar\u00eda Celeste Arrar\u00e1s con Telemundo","description":"Fama","robots":{"index":"index","follow":"follow","max-snippet":"max-snippet:-1","max-image-preview":"max-image-preview:large","max-video-preview":"max-video-preview:-1"},"canonical":"https:\/\/digital58.com.ve\/site\/2020\/08\/16\/el-contrato-millonario-de-la-periodista-maria-celeste-arraras-con-telemundo\/","og_locale":"es_ES","og_type":"article","og_title":"El contrato millonario de la periodista Mar\u00eda Celeste Arrar\u00e1s con Telemundo","og_description":"Fama","og_url":"https:\/\/digital58.com.ve\/site\/2020\/08\/16\/el-contrato-millonario-de-la-periodista-maria-celeste-arraras-con-telemundo\/","og_site_name":"Noticias Digital58","article_published_time":"2020-08-16T21:02:53+00:00","og_image":[{"width":1330,"height":750,"url":"https:\/\/digital58.com.ve\/site\/wp-content\/uploads\/2020\/08\/mariacelestetodayshow4x3_8.jpg","type":"image\/jpeg"}],"author":"Rubio Laura Isabel","twitter_card":"summary_large_image","twitter_creator":"@Digital_58","twitter_site":"@villasmilhfoto","twitter_misc":{"Escrito por":"Rubio Laura Isabel","Tiempo estimado de lectura":"2 minutos"},"schema":{"@context":"https:\/\/schema.org","@graph":[{"@type":"Article","@id":"https:\/\/digital58.com.ve\/site\/2020\/08\/16\/el-contrato-millonario-de-la-periodista-maria-celeste-arraras-con-telemundo\/#article","isPartOf":{"@id":"https:\/\/digital58.com.ve\/site\/2020\/08\/16\/el-contrato-millonario-de-la-periodista-maria-celeste-arraras-con-telemundo\/"},"author":{"name":"Rubio Laura Isabel","@id":"https:\/\/digital58.com.ve\/site\/#\/schema\/person\/6672bab44ab958838204ebb2cb0e8d52"},"headline":"El contrato millonario de la periodista Mar\u00eda Celeste Arrar\u00e1s con Telemundo","datePublished":"2020-08-16T21:02:53+00:00","mainEntityOfPage":{"@id":"https:\/\/digital58.com.ve\/site\/2020\/08\/16\/el-contrato-millonario-de-la-periodista-maria-celeste-arraras-con-telemundo\/"},"wordCount":429,"commentCount":0,"publisher":{"@id":"https:\/\/digital58.com.ve\/site\/#\/schema\/person\/64d1c2e4d0d4fd1b849980c4331c2951"},"image":{"@id":"https:\/\/digital58.com.ve\/site\/2020\/08\/16\/el-contrato-millonario-de-la-periodista-maria-celeste-arraras-con-telemundo\/#primaryimage"},"thumbnailUrl":"https:\/\/digital58.com.ve\/site\/wp-content\/uploads\/2020\/08\/mariacelestetodayshow4x3_8.jpg","keywords":["Al rojo vivo","Despidos","Internacionales","Mar\u00eda Celeste Arrar\u00e1s","Periodista","Presentadora de TV","Telemundo","televisi\u00f3n","TV"],"articleSection":["Fama"],"inLanguage":"es","potentialAction":[{"@type":"CommentAction","name":"Comment","target":["https:\/\/digital58.com.ve\/site\/2020\/08\/16\/el-contrato-millonario-de-la-periodista-maria-celeste-arraras-con-telemundo\/#respond"]}]},{"@type":"WebPage","@id":"https:\/\/digital58.com.ve\/site\/2020\/08\/16\/el-contrato-millonario-de-la-periodista-maria-celeste-arraras-con-telemundo\/","url":"https:\/\/digital58.com.ve\/site\/2020\/08\/16\/el-contrato-millonario-de-la-periodista-maria-celeste-arraras-con-telemundo\/","name":"El contrato millonario de la periodista Mar\u00eda Celeste Arrar\u00e1s con Telemundo","isPartOf":{"@id":"https:\/\/digital58.com.ve\/site\/#website"},"primaryImageOfPage":{"@id":"https:\/\/digital58.com.ve\/site\/2020\/08\/16\/el-contrato-millonario-de-la-periodista-maria-celeste-arraras-con-telemundo\/#primaryimage"},"image":{"@id":"https:\/\/digital58.com.ve\/site\/2020\/08\/16\/el-contrato-millonario-de-la-periodista-maria-celeste-arraras-con-telemundo\/#primaryimage"},"thumbnailUrl":"https:\/\/digital58.com.ve\/site\/wp-content\/uploads\/2020\/08\/mariacelestetodayshow4x3_8.jpg","datePublished":"2020-08-16T21:02:53+00:00","description":"Fama","breadcrumb":{"@id":"https:\/\/digital58.com.ve\/site\/2020\/08\/16\/el-contrato-millonario-de-la-periodista-maria-celeste-arraras-con-telemundo\/#breadcrumb"},"inLanguage":"es","potentialAction":[{"@type":"ReadAction","target":["https:\/\/digital58.com.ve\/site\/2020\/08\/16\/el-contrato-millonario-de-la-periodista-maria-celeste-arraras-con-telemundo\/"]}]},{"@type":"ImageObject","inLanguage":"es","@id":"https:\/\/digital58.com.ve\/site\/2020\/08\/16\/el-contrato-millonario-de-la-periodista-maria-celeste-arraras-con-telemundo\/#primaryimage","url":"https:\/\/digital58.com.ve\/site\/wp-content\/uploads\/2020\/08\/mariacelestetodayshow4x3_8.jpg","contentUrl":"https:\/\/digital58.com.ve\/site\/wp-content\/uploads\/2020\/08\/mariacelestetodayshow4x3_8.jpg","width":1330,"height":750},{"@type":"BreadcrumbList","@id":"https:\/\/digital58.com.ve\/site\/2020\/08\/16\/el-contrato-millonario-de-la-periodista-maria-celeste-arraras-con-telemundo\/#breadcrumb","itemListElement":[{"@type":"ListItem","position":1,"name":"Home","item":"https:\/\/digital58.com.ve\/site\/"},{"@type":"ListItem","position":2,"name":"El contrato millonario de la periodista Mar\u00eda Celeste Arrar\u00e1s con Telemundo"}]},{"@type":"WebSite","@id":"https:\/\/digital58.com.ve\/site\/#website","url":"https:\/\/digital58.com.ve\/site\/","name":"Noticias Digital58","description":"Portal de Noticias \u00a1Periodismo web de verdad! Lanzamiento web 22.11.2005 \/ Maracaibo, Venezuela","publisher":{"@id":"https:\/\/digital58.com.ve\/site\/#\/schema\/person\/64d1c2e4d0d4fd1b849980c4331c2951"},"alternateName":"ND58","potentialAction":[{"@type":"SearchAction","target":{"@type":"EntryPoint","urlTemplate":"https:\/\/digital58.com.ve\/site\/?s={search_term_string}"},"query-input":{"@type":"PropertyValueSpecification","valueRequired":true,"valueName":"search_term_string"}}],"inLanguage":"es"},{"@type":["Person","Organization"],"@id":"https:\/\/digital58.com.ve\/site\/#\/schema\/person\/64d1c2e4d0d4fd1b849980c4331c2951","name":"Villasmil Henry","image":{"@type":"ImageObject","inLanguage":"es","@id":"https:\/\/secure.gravatar.com\/avatar\/bb0c4a2fcb7970138239f7e404ea75757b1b507b28b5ce4c53fbd62d797c5a7c?s=96&d=mm&r=g","url":"https:\/\/secure.gravatar.com\/avatar\/bb0c4a2fcb7970138239f7e404ea75757b1b507b28b5ce4c53fbd62d797c5a7c?s=96&d=mm&r=g","contentUrl":"https:\/\/secure.gravatar.com\/avatar\/bb0c4a2fcb7970138239f7e404ea75757b1b507b28b5ce4c53fbd62d797c5a7c?s=96&d=mm&r=g","caption":"Villasmil Henry"},"logo":{"@id":"https:\/\/secure.gravatar.com\/avatar\/bb0c4a2fcb7970138239f7e404ea75757b1b507b28b5ce4c53fbd62d797c5a7c?s=96&d=mm&r=g"},"sameAs":["http:\/\/www.henryvillasmil.com.ve","https:\/\/www.instagram.com\/villasmilhfoto\/","https:\/\/x.com\/https:\/\/twitter.com\/villasmilhfoto"]},{"@type":"Person","@id":"https:\/\/digital58.com.ve\/site\/#\/schema\/person\/6672bab44ab958838204ebb2cb0e8d52","name":"Rubio Laura Isabel","image":{"@type":"ImageObject","inLanguage":"es","@id":"https:\/\/secure.gravatar.com\/avatar\/f7cc56b26fb0562df4488ff129a58c3c1a1bd264c9af5f313a9b1797fff1cfb9?s=96&d=mm&r=g","url":"https:\/\/secure.gravatar.com\/avatar\/f7cc56b26fb0562df4488ff129a58c3c1a1bd264c9af5f313a9b1797fff1cfb9?s=96&d=mm&r=g","contentUrl":"https:\/\/secure.gravatar.com\/avatar\/f7cc56b26fb0562df4488ff129a58c3c1a1bd264c9af5f313a9b1797fff1cfb9?s=96&d=mm&r=g","caption":"Rubio Laura Isabel"},"url":"https:\/\/digital58.com.ve\/site\/author\/laurarubio\/"}]}},"uagb_featured_image_src":{"full":["https:\/\/digital58.com.ve\/site\/wp-content\/uploads\/2020\/08\/mariacelestetodayshow4x3_8.jpg",1330,750,false],"thumbnail":["https:\/\/digital58.com.ve\/site\/wp-content\/uploads\/2020\/08\/mariacelestetodayshow4x3_8-150x150.jpg",150,150,true],"medium":["https:\/\/digital58.com.ve\/site\/wp-content\/uploads\/2020\/08\/mariacelestetodayshow4x3_8-300x169.jpg",300,169,true],"medium_large":["https:\/\/digital58.com.ve\/site\/wp-content\/uploads\/2020\/08\/mariacelestetodayshow4x3_8-768x433.jpg",768,433,true],"large":["https:\/\/digital58.com.ve\/site\/wp-content\/uploads\/2020\/08\/mariacelestetodayshow4x3_8.jpg",800,451,false],"1536x1536":["https:\/\/digital58.com.ve\/site\/wp-content\/uploads\/2020\/08\/mariacelestetodayshow4x3_8.jpg",1330,750,false],"2048x2048":["https:\/\/digital58.com.ve\/site\/wp-content\/uploads\/2020\/08\/mariacelestetodayshow4x3_8.jpg",1330,750,false],"colormag-highlighted-post":["https:\/\/digital58.com.ve\/site\/wp-content\/uploads\/2020\/08\/mariacelestetodayshow4x3_8.jpg",392,221,false],"colormag-featured-post-medium":["https:\/\/digital58.com.ve\/site\/wp-content\/uploads\/2020\/08\/mariacelestetodayshow4x3_8.jpg",364,205,false],"colormag-featured-post-small":["https:\/\/digital58.com.ve\/site\/wp-content\/uploads\/2020\/08\/mariacelestetodayshow4x3_8.jpg",130,73,false],"colormag-featured-image":["https:\/\/digital58.com.ve\/site\/wp-content\/uploads\/2020\/08\/mariacelestetodayshow4x3_8.jpg",789,445,false],"colormag-default-news":["https:\/\/digital58.com.ve\/site\/wp-content\/uploads\/2020\/08\/mariacelestetodayshow4x3_8.jpg",150,85,false],"colormag-featured-image-large":["https:\/\/digital58.com.ve\/site\/wp-content\/uploads\/2020\/08\/mariacelestetodayshow4x3_8.jpg",1064,600,false]},"uagb_author_info":{"display_name":"Rubio Laura Isabel","author_link":"https:\/\/digital58.com.ve\/site\/author\/laurarubio\/"},"uagb_comment_info":0,"uagb_excerpt":"La ex presentadora del programa televisivo \u00abAl Rojo Vivo\u00bb, recientemente revel\u00f3 que le quedaba bastante tiempo de contrato con la","_links":{"self":[{"href":"https:\/\/digital58.com.ve\/site\/wp-json\/wp\/v2\/posts\/122514","targetHints":{"allow":["GET"]}}],"collection":[{"href":"https:\/\/digital58.com.ve\/site\/wp-json\/wp\/v2\/posts"}],"about":[{"href":"https:\/\/digital58.com.ve\/site\/wp-json\/wp\/v2\/types\/post"}],"author":[{"embeddable":true,"href":"https:\/\/digital58.com.ve\/site\/wp-json\/wp\/v2\/users\/28"}],"replies":[{"embeddable":true,"href":"https:\/\/digital58.com.ve\/site\/wp-json\/wp\/v2\/comments?post=122514"}],"version-history":[{"count":0,"href":"https:\/\/digital58.com.ve\/site\/wp-json\/wp\/v2\/posts\/122514\/revisions"}],"wp:featuredmedia":[{"embeddable":true,"href":"https:\/\/digital58.com.ve\/site\/wp-json\/wp\/v2\/media\/122530"}],"wp:attachment":[{"href":"https:\/\/digital58.com.ve\/site\/wp-json\/wp\/v2\/media?parent=122514"}],"wp:term":[{"taxonomy":"category","embeddable":true,"href":"https:\/\/digital58.com.ve\/site\/wp-json\/wp\/v2\/categories?post=122514"},{"taxonomy":"post_tag","embeddable":true,"href":"https:\/\/digital58.com.ve\/site\/wp-json\/wp\/v2\/tags?post=122514"}],"curies":[{"name":"wp","href":"https:\/\/api.w.org\/{rel}","templated":true}]}}