{"id":122729,"date":"2020-08-17T13:59:40","date_gmt":"2020-08-17T17:59:40","guid":{"rendered":"https:\/\/digital58.com.ve\/site\/?p=122729"},"modified":"2020-08-17T14:13:06","modified_gmt":"2020-08-17T18:13:06","slug":"omar-prieto-vamos-a-solicitar-el-procesamiento-por-terrorismo-de-estado-a-quienes-esten-llamando-al-911-para-sabotear-y-colapsarlo","status":"publish","type":"post","link":"https:\/\/digital58.com.ve\/site\/2020\/08\/17\/omar-prieto-vamos-a-solicitar-el-procesamiento-por-terrorismo-de-estado-a-quienes-esten-llamando-al-911-para-sabotear-y-colapsarlo\/","title":{"rendered":"Omar Prieto: \u00abVamos a solicitar el procesamiento por terrorismo de Estado a quienes est\u00e9n llamando al 911 para sabotear y colapsarlo\u00bb"},"content":{"rendered":"<p><a href=\"https:\/\/digital58.com.ve\/site\/wp-content\/uploads\/2020\/08\/omar-prieto-17-08-20.jpg\"><img loading=\"lazy\" decoding=\"async\" class=\"aligncenter size-full wp-image-122730\" src=\"https:\/\/digital58.com.ve\/site\/wp-content\/uploads\/2020\/08\/omar-prieto-17-08-20.jpg\" alt=\"\" width=\"800\" height=\"446\" srcset=\"https:\/\/digital58.com.ve\/site\/wp-content\/uploads\/2020\/08\/omar-prieto-17-08-20.jpg 800w, https:\/\/digital58.com.ve\/site\/wp-content\/uploads\/2020\/08\/omar-prieto-17-08-20-300x167.jpg 300w, https:\/\/digital58.com.ve\/site\/wp-content\/uploads\/2020\/08\/omar-prieto-17-08-20-768x428.jpg 768w\" sizes=\"auto, (max-width: 800px) 100vw, 800px\" \/><\/a><\/p>\n<p>El gobernador del Zulia, asegur\u00f3 que \u00abEl foco de \u00abLas Pulgas\u00bb est\u00e1 disminuido casi a cero\u00bb.<\/p>\n<p><strong>Maracaibo, Zulia, Venezuela, 17 de agosto de 2020 (ND58).-<\/strong> En su habitual rueda de prensa de los lunes, Prieto Fern\u00e1ndez, hizo un resumen de los logros conseguidos en relaci\u00f3n a la pandemia y de lo imperante, que la colectividad asuma esta semana de cuarentena radical de manera responsable.<\/p>\n<p>El primer mandatario regional ratific\u00f3 lo expuesto en cadena nacional junto al presidente Nicol\u00e1s Maduro el pasado domingo 16 de agosto:\u00a0 \u00abConsideramos que hemos llegado al pico m\u00e1ximo de contagios, eso no implica que vamos a bajar la guardia. Tenemos recuperados en el Zulia 3.957 pacientes gracias a las pol\u00edticas de asistencia del Gobierno Revolucionario de Venezuela\u00bb.<\/p>\n<p>De igual manera destac\u00f3 el trabajo en conjunto con el sector privado. \u00abLas cl\u00ednicas privadas trabajan en conjunto con la mesa de salud del Zulia y hemos obtenido buenos resultados\u00bb.<\/p>\n<p>Prieto tambi\u00e9n adelant\u00f3 que: \u00aben las pr\u00f3ximas semanas habilitaremos como hospital centinela al Adolfo Pons, con una capacidad de 300 camas\u00bb<\/p>\n<p>\u00abCuando sienta un peque\u00f1o malestar similar a una gripe, as\u00famalo como COVID-19 y acuda inmediatamente a un centro de salud para someterse a la prueba. Es vital atenderse a tiempo\u00bb, recomend\u00f3 Prieto al unison\u00f3 que expres\u00f3 \u00abconf\u00edo en ustedes y nosotros para seguir avanzado hacia la victoria definitiva\u00bb<\/p>\n<p>Por otra parte el gobernador fue enf\u00e1tico con el tema horario de circulaci\u00f3n durante la semana de cuarentena radical: \u00abDe 8:00 a.m. a 2:00 p.m. s\u00f3lo puede circular quien necesite hacer una gesti\u00f3n de salud o vaya al mercado. La circulaci\u00f3n esta semana est\u00e1 restringida por la cuarentena estricta\u00bb.<\/p>\n<p>Asimismo Omar Prieto advirti\u00f3: \u00abVamos a solicitar el procesamiento por terrorismo de Estado a quienes est\u00e9n llamando al 911 para sabotear y colapsarlo\u00bb.<\/p>\n<blockquote class=\"twitter-tweet\">\n<p dir=\"ltr\" lang=\"es\"><a href=\"https:\/\/twitter.com\/hashtag\/EN?src=hash&amp;ref_src=twsrc%5Etfw\">#EN<\/a> VIVO Rueda de prensa con la Comisi\u00f3n Regional para la Prevenci\u00f3n, Control y Contenci\u00f3n del <a href=\"https:\/\/twitter.com\/hashtag\/COVID19Desde?src=hash&amp;ref_src=twsrc%5Etfw\">#COVID19Desde<\/a> @Zodizulia #<a href=\"https:\/\/twitter.com\/hashtag\/CuarentenaRadicalReforzada?src=hash&amp;ref_src=twsrc%5Etfw\">#CuarentenaRadicalReforzada<\/a> <a href=\"https:\/\/t.co\/2nTkeQWADn\">https:\/\/t.co\/2nTkeQWADn<\/a><\/p>\n<p>\u2014 Omar Prieto, Gobernador! (@OmarPrietoGob) <a href=\"https:\/\/twitter.com\/OmarPrietoGob\/status\/1295383703904907265?ref_src=twsrc%5Etfw\">August 17, 2020<\/a><\/p><\/blockquote>\n<p><script async src=\"https:\/\/platform.twitter.com\/widgets.js\" charset=\"utf-8\"><\/script><\/p>\n<p><strong>Redacci\u00f3n ND58 | Fuente: Twitter\/Oipeez<\/strong><br \/>\n<strong>Edici\u00f3n: Villasmil, Henry<\/strong><br \/>\n<strong>Gr\u00e1fica: cortes\u00eda Oipeez<\/strong><\/p><div class=\"uxubc69efc7a55a85c\" ><p style=\"text-align: center;\"><a href=\"https:\/\/t.me\/noticiasdigital58\" target=\"_blank\" rel=\"noopener\"><img class=\"aligncenter size-full wp-image-125363\" src=\"https:\/\/digital58.com.ve\/site\/wp-content\/uploads\/2021\/04\/banner-telegram-web-2021.png\" alt=\"\" width=\"600\" height=\"90\" \/><\/a><\/p><\/div><style type=\"text\/css\">\r\n@media screen and (min-width: 1201px) {\r\n.uxubc69efc7a55a85c {\r\ndisplay: block;\r\n}\r\n}\r\n@media screen and (min-width: 993px) and (max-width: 1200px) {\r\n.uxubc69efc7a55a85c {\r\ndisplay: block;\r\n}\r\n}\r\n@media screen and (min-width: 769px) and (max-width: 992px) {\r\n.uxubc69efc7a55a85c {\r\ndisplay: block;\r\n}\r\n}\r\n@media screen and (min-width: 768px) and (max-width: 768px) {\r\n.uxubc69efc7a55a85c {\r\ndisplay: block;\r\n}\r\n}\r\n@media screen and (max-width: 767px) {\r\n.uxubc69efc7a55a85c {\r\ndisplay: block;\r\n}\r\n}\r\n<\/style>\r\n\n<p>&nbsp;<\/p>\n<div style=\"margin-top: 0px; margin-bottom: 0px;\" class=\"sharethis-inline-share-buttons\" ><\/div>","protected":false},"excerpt":{"rendered":"<p>El gobernador del Zulia, asegur\u00f3 que \u00abEl foco de \u00abLas Pulgas\u00bb est\u00e1 disminuido casi a cero\u00bb. Maracaibo, Zulia, Venezuela, 17<\/p>\n","protected":false},"author":1,"featured_media":122730,"comment_status":"open","ping_status":"closed","sticky":false,"template":"","format":"standard","meta":{"colormag_page_container_layout":"default_layout","colormag_page_sidebar_layout":"default_layout","_uag_custom_page_level_css":"","footnotes":""},"categories":[14504],"tags":[13352,13648,13579,73,233,15065,13723,20408,761],"class_list":["post-122729","post","type-post","status-publish","format-standard","has-post-thumbnail","hentry","category-zulia","tag-coronavirus","tag-covid-19","tag-gobierno-del-zulia","tag-maracaibo","tag-nacionales","tag-omar-prieto-fernandez","tag-pandemia","tag-reporte-regional-covid-19","tag-zulia"],"yoast_head":"<!-- This site is optimized with the Yoast SEO plugin v27.4 - https:\/\/yoast.com\/product\/yoast-seo-wordpress\/ -->\n<title>Omar Prieto: \u00abVamos a solicitar el procesamiento por terrorismo de Estado a quienes est\u00e9n llamando al 911 para sabotear y colapsarlo\u00bb<\/title>\n<meta name=\"description\" content=\"Zulia\" \/>\n<meta name=\"robots\" content=\"index, follow, max-snippet:-1, max-image-preview:large, max-video-preview:-1\" \/>\n<link rel=\"canonical\" href=\"https:\/\/digital58.com.ve\/site\/2020\/08\/17\/omar-prieto-vamos-a-solicitar-el-procesamiento-por-terrorismo-de-estado-a-quienes-esten-llamando-al-911-para-sabotear-y-colapsarlo\/\" \/>\n<meta property=\"og:locale\" content=\"es_ES\" \/>\n<meta property=\"og:type\" content=\"article\" \/>\n<meta property=\"og:title\" content=\"Omar Prieto: \u00abVamos a solicitar el procesamiento por terrorismo de Estado a quienes est\u00e9n llamando al 911 para sabotear y colapsarlo\u00bb\" \/>\n<meta property=\"og:description\" content=\"Zulia\" \/>\n<meta property=\"og:url\" content=\"https:\/\/digital58.com.ve\/site\/2020\/08\/17\/omar-prieto-vamos-a-solicitar-el-procesamiento-por-terrorismo-de-estado-a-quienes-esten-llamando-al-911-para-sabotear-y-colapsarlo\/\" \/>\n<meta property=\"og:site_name\" content=\"Noticias Digital58\" \/>\n<meta property=\"article:published_time\" content=\"2020-08-17T17:59:40+00:00\" \/>\n<meta property=\"article:modified_time\" content=\"2020-08-17T18:13:06+00:00\" \/>\n<meta property=\"og:image\" content=\"https:\/\/digital58.com.ve\/site\/wp-content\/uploads\/2020\/08\/omar-prieto-17-08-20.jpg\" \/>\n\t<meta property=\"og:image:width\" content=\"800\" \/>\n\t<meta property=\"og:image:height\" content=\"446\" \/>\n\t<meta property=\"og:image:type\" content=\"image\/jpeg\" \/>\n<meta name=\"author\" content=\"Villasmil Henry\" \/>\n<meta name=\"twitter:card\" content=\"summary_large_image\" \/>\n<meta name=\"twitter:creator\" content=\"@https:\/\/twitter.com\/villasmilhfoto\" \/>\n<meta name=\"twitter:site\" content=\"@villasmilhfoto\" \/>\n<meta name=\"twitter:label1\" content=\"Escrito por\" \/>\n\t<meta name=\"twitter:data1\" content=\"Villasmil Henry\" \/>\n\t<meta name=\"twitter:label2\" content=\"Tiempo estimado de lectura\" \/>\n\t<meta name=\"twitter:data2\" content=\"2 minutos\" \/>\n<script type=\"application\/ld+json\" class=\"yoast-schema-graph\">{\"@context\":\"https:\\\/\\\/schema.org\",\"@graph\":[{\"@type\":\"Article\",\"@id\":\"https:\\\/\\\/digital58.com.ve\\\/site\\\/2020\\\/08\\\/17\\\/omar-prieto-vamos-a-solicitar-el-procesamiento-por-terrorismo-de-estado-a-quienes-esten-llamando-al-911-para-sabotear-y-colapsarlo\\\/#article\",\"isPartOf\":{\"@id\":\"https:\\\/\\\/digital58.com.ve\\\/site\\\/2020\\\/08\\\/17\\\/omar-prieto-vamos-a-solicitar-el-procesamiento-por-terrorismo-de-estado-a-quienes-esten-llamando-al-911-para-sabotear-y-colapsarlo\\\/\"},\"author\":{\"name\":\"Villasmil Henry\",\"@id\":\"https:\\\/\\\/digital58.com.ve\\\/site\\\/#\\\/schema\\\/person\\\/64d1c2e4d0d4fd1b849980c4331c2951\"},\"headline\":\"Omar Prieto: \u00abVamos a solicitar el procesamiento por terrorismo de Estado a quienes est\u00e9n llamando al 911 para sabotear y colapsarlo\u00bb\",\"datePublished\":\"2020-08-17T17:59:40+00:00\",\"dateModified\":\"2020-08-17T18:13:06+00:00\",\"mainEntityOfPage\":{\"@id\":\"https:\\\/\\\/digital58.com.ve\\\/site\\\/2020\\\/08\\\/17\\\/omar-prieto-vamos-a-solicitar-el-procesamiento-por-terrorismo-de-estado-a-quienes-esten-llamando-al-911-para-sabotear-y-colapsarlo\\\/\"},\"wordCount\":373,\"commentCount\":0,\"publisher\":{\"@id\":\"https:\\\/\\\/digital58.com.ve\\\/site\\\/#\\\/schema\\\/person\\\/64d1c2e4d0d4fd1b849980c4331c2951\"},\"image\":{\"@id\":\"https:\\\/\\\/digital58.com.ve\\\/site\\\/2020\\\/08\\\/17\\\/omar-prieto-vamos-a-solicitar-el-procesamiento-por-terrorismo-de-estado-a-quienes-esten-llamando-al-911-para-sabotear-y-colapsarlo\\\/#primaryimage\"},\"thumbnailUrl\":\"https:\\\/\\\/digital58.com.ve\\\/site\\\/wp-content\\\/uploads\\\/2020\\\/08\\\/omar-prieto-17-08-20.jpg\",\"keywords\":[\"Coronavirus\",\"COVID-19\",\"Gobierno del Zulia\",\"Maracaibo\",\"Nacionales\",\"Omar Prieto Fernandez\",\"Pandemia\",\"Reporte Regional COVID-19\",\"Zulia\"],\"articleSection\":[\"Zulia\"],\"inLanguage\":\"es\",\"potentialAction\":[{\"@type\":\"CommentAction\",\"name\":\"Comment\",\"target\":[\"https:\\\/\\\/digital58.com.ve\\\/site\\\/2020\\\/08\\\/17\\\/omar-prieto-vamos-a-solicitar-el-procesamiento-por-terrorismo-de-estado-a-quienes-esten-llamando-al-911-para-sabotear-y-colapsarlo\\\/#respond\"]}]},{\"@type\":\"WebPage\",\"@id\":\"https:\\\/\\\/digital58.com.ve\\\/site\\\/2020\\\/08\\\/17\\\/omar-prieto-vamos-a-solicitar-el-procesamiento-por-terrorismo-de-estado-a-quienes-esten-llamando-al-911-para-sabotear-y-colapsarlo\\\/\",\"url\":\"https:\\\/\\\/digital58.com.ve\\\/site\\\/2020\\\/08\\\/17\\\/omar-prieto-vamos-a-solicitar-el-procesamiento-por-terrorismo-de-estado-a-quienes-esten-llamando-al-911-para-sabotear-y-colapsarlo\\\/\",\"name\":\"Omar Prieto: \u00abVamos a solicitar el procesamiento por terrorismo de Estado a quienes est\u00e9n llamando al 911 para sabotear y colapsarlo\u00bb\",\"isPartOf\":{\"@id\":\"https:\\\/\\\/digital58.com.ve\\\/site\\\/#website\"},\"primaryImageOfPage\":{\"@id\":\"https:\\\/\\\/digital58.com.ve\\\/site\\\/2020\\\/08\\\/17\\\/omar-prieto-vamos-a-solicitar-el-procesamiento-por-terrorismo-de-estado-a-quienes-esten-llamando-al-911-para-sabotear-y-colapsarlo\\\/#primaryimage\"},\"image\":{\"@id\":\"https:\\\/\\\/digital58.com.ve\\\/site\\\/2020\\\/08\\\/17\\\/omar-prieto-vamos-a-solicitar-el-procesamiento-por-terrorismo-de-estado-a-quienes-esten-llamando-al-911-para-sabotear-y-colapsarlo\\\/#primaryimage\"},\"thumbnailUrl\":\"https:\\\/\\\/digital58.com.ve\\\/site\\\/wp-content\\\/uploads\\\/2020\\\/08\\\/omar-prieto-17-08-20.jpg\",\"datePublished\":\"2020-08-17T17:59:40+00:00\",\"dateModified\":\"2020-08-17T18:13:06+00:00\",\"description\":\"Zulia\",\"breadcrumb\":{\"@id\":\"https:\\\/\\\/digital58.com.ve\\\/site\\\/2020\\\/08\\\/17\\\/omar-prieto-vamos-a-solicitar-el-procesamiento-por-terrorismo-de-estado-a-quienes-esten-llamando-al-911-para-sabotear-y-colapsarlo\\\/#breadcrumb\"},\"inLanguage\":\"es\",\"potentialAction\":[{\"@type\":\"ReadAction\",\"target\":[\"https:\\\/\\\/digital58.com.ve\\\/site\\\/2020\\\/08\\\/17\\\/omar-prieto-vamos-a-solicitar-el-procesamiento-por-terrorismo-de-estado-a-quienes-esten-llamando-al-911-para-sabotear-y-colapsarlo\\\/\"]}]},{\"@type\":\"ImageObject\",\"inLanguage\":\"es\",\"@id\":\"https:\\\/\\\/digital58.com.ve\\\/site\\\/2020\\\/08\\\/17\\\/omar-prieto-vamos-a-solicitar-el-procesamiento-por-terrorismo-de-estado-a-quienes-esten-llamando-al-911-para-sabotear-y-colapsarlo\\\/#primaryimage\",\"url\":\"https:\\\/\\\/digital58.com.ve\\\/site\\\/wp-content\\\/uploads\\\/2020\\\/08\\\/omar-prieto-17-08-20.jpg\",\"contentUrl\":\"https:\\\/\\\/digital58.com.ve\\\/site\\\/wp-content\\\/uploads\\\/2020\\\/08\\\/omar-prieto-17-08-20.jpg\",\"width\":800,\"height\":446},{\"@type\":\"BreadcrumbList\",\"@id\":\"https:\\\/\\\/digital58.com.ve\\\/site\\\/2020\\\/08\\\/17\\\/omar-prieto-vamos-a-solicitar-el-procesamiento-por-terrorismo-de-estado-a-quienes-esten-llamando-al-911-para-sabotear-y-colapsarlo\\\/#breadcrumb\",\"itemListElement\":[{\"@type\":\"ListItem\",\"position\":1,\"name\":\"Home\",\"item\":\"https:\\\/\\\/digital58.com.ve\\\/site\\\/\"},{\"@type\":\"ListItem\",\"position\":2,\"name\":\"Omar Prieto: \u00abVamos a solicitar el procesamiento por terrorismo de Estado a quienes est\u00e9n llamando al 911 para sabotear y colapsarlo\u00bb\"}]},{\"@type\":\"WebSite\",\"@id\":\"https:\\\/\\\/digital58.com.ve\\\/site\\\/#website\",\"url\":\"https:\\\/\\\/digital58.com.ve\\\/site\\\/\",\"name\":\"Noticias Digital58\",\"description\":\"Portal de Noticias \u00a1Periodismo web de verdad! Lanzamiento web 22.11.2005 \\\/ Maracaibo, Venezuela\",\"publisher\":{\"@id\":\"https:\\\/\\\/digital58.com.ve\\\/site\\\/#\\\/schema\\\/person\\\/64d1c2e4d0d4fd1b849980c4331c2951\"},\"alternateName\":\"ND58\",\"potentialAction\":[{\"@type\":\"SearchAction\",\"target\":{\"@type\":\"EntryPoint\",\"urlTemplate\":\"https:\\\/\\\/digital58.com.ve\\\/site\\\/?s={search_term_string}\"},\"query-input\":{\"@type\":\"PropertyValueSpecification\",\"valueRequired\":true,\"valueName\":\"search_term_string\"}}],\"inLanguage\":\"es\"},{\"@type\":[\"Person\",\"Organization\"],\"@id\":\"https:\\\/\\\/digital58.com.ve\\\/site\\\/#\\\/schema\\\/person\\\/64d1c2e4d0d4fd1b849980c4331c2951\",\"name\":\"Villasmil Henry\",\"image\":{\"@type\":\"ImageObject\",\"inLanguage\":\"es\",\"@id\":\"https:\\\/\\\/secure.gravatar.com\\\/avatar\\\/bb0c4a2fcb7970138239f7e404ea75757b1b507b28b5ce4c53fbd62d797c5a7c?s=96&d=mm&r=g\",\"url\":\"https:\\\/\\\/secure.gravatar.com\\\/avatar\\\/bb0c4a2fcb7970138239f7e404ea75757b1b507b28b5ce4c53fbd62d797c5a7c?s=96&d=mm&r=g\",\"contentUrl\":\"https:\\\/\\\/secure.gravatar.com\\\/avatar\\\/bb0c4a2fcb7970138239f7e404ea75757b1b507b28b5ce4c53fbd62d797c5a7c?s=96&d=mm&r=g\",\"caption\":\"Villasmil Henry\"},\"logo\":{\"@id\":\"https:\\\/\\\/secure.gravatar.com\\\/avatar\\\/bb0c4a2fcb7970138239f7e404ea75757b1b507b28b5ce4c53fbd62d797c5a7c?s=96&d=mm&r=g\"},\"sameAs\":[\"http:\\\/\\\/www.henryvillasmil.com.ve\",\"https:\\\/\\\/www.instagram.com\\\/villasmilhfoto\\\/\",\"https:\\\/\\\/x.com\\\/https:\\\/\\\/twitter.com\\\/villasmilhfoto\"],\"url\":\"https:\\\/\\\/digital58.com.ve\\\/site\\\/author\\\/droopy_68\\\/\"}]}<\/script>\n<!-- \/ Yoast SEO plugin. -->","yoast_head_json":{"title":"Omar Prieto: \u00abVamos a solicitar el procesamiento por terrorismo de Estado a quienes est\u00e9n llamando al 911 para sabotear y colapsarlo\u00bb","description":"Zulia","robots":{"index":"index","follow":"follow","max-snippet":"max-snippet:-1","max-image-preview":"max-image-preview:large","max-video-preview":"max-video-preview:-1"},"canonical":"https:\/\/digital58.com.ve\/site\/2020\/08\/17\/omar-prieto-vamos-a-solicitar-el-procesamiento-por-terrorismo-de-estado-a-quienes-esten-llamando-al-911-para-sabotear-y-colapsarlo\/","og_locale":"es_ES","og_type":"article","og_title":"Omar Prieto: \u00abVamos a solicitar el procesamiento por terrorismo de Estado a quienes est\u00e9n llamando al 911 para sabotear y colapsarlo\u00bb","og_description":"Zulia","og_url":"https:\/\/digital58.com.ve\/site\/2020\/08\/17\/omar-prieto-vamos-a-solicitar-el-procesamiento-por-terrorismo-de-estado-a-quienes-esten-llamando-al-911-para-sabotear-y-colapsarlo\/","og_site_name":"Noticias Digital58","article_published_time":"2020-08-17T17:59:40+00:00","article_modified_time":"2020-08-17T18:13:06+00:00","og_image":[{"width":800,"height":446,"url":"https:\/\/digital58.com.ve\/site\/wp-content\/uploads\/2020\/08\/omar-prieto-17-08-20.jpg","type":"image\/jpeg"}],"author":"Villasmil Henry","twitter_card":"summary_large_image","twitter_creator":"@https:\/\/twitter.com\/villasmilhfoto","twitter_site":"@villasmilhfoto","twitter_misc":{"Escrito por":"Villasmil Henry","Tiempo estimado de lectura":"2 minutos"},"schema":{"@context":"https:\/\/schema.org","@graph":[{"@type":"Article","@id":"https:\/\/digital58.com.ve\/site\/2020\/08\/17\/omar-prieto-vamos-a-solicitar-el-procesamiento-por-terrorismo-de-estado-a-quienes-esten-llamando-al-911-para-sabotear-y-colapsarlo\/#article","isPartOf":{"@id":"https:\/\/digital58.com.ve\/site\/2020\/08\/17\/omar-prieto-vamos-a-solicitar-el-procesamiento-por-terrorismo-de-estado-a-quienes-esten-llamando-al-911-para-sabotear-y-colapsarlo\/"},"author":{"name":"Villasmil Henry","@id":"https:\/\/digital58.com.ve\/site\/#\/schema\/person\/64d1c2e4d0d4fd1b849980c4331c2951"},"headline":"Omar Prieto: \u00abVamos a solicitar el procesamiento por terrorismo de Estado a quienes est\u00e9n llamando al 911 para sabotear y colapsarlo\u00bb","datePublished":"2020-08-17T17:59:40+00:00","dateModified":"2020-08-17T18:13:06+00:00","mainEntityOfPage":{"@id":"https:\/\/digital58.com.ve\/site\/2020\/08\/17\/omar-prieto-vamos-a-solicitar-el-procesamiento-por-terrorismo-de-estado-a-quienes-esten-llamando-al-911-para-sabotear-y-colapsarlo\/"},"wordCount":373,"commentCount":0,"publisher":{"@id":"https:\/\/digital58.com.ve\/site\/#\/schema\/person\/64d1c2e4d0d4fd1b849980c4331c2951"},"image":{"@id":"https:\/\/digital58.com.ve\/site\/2020\/08\/17\/omar-prieto-vamos-a-solicitar-el-procesamiento-por-terrorismo-de-estado-a-quienes-esten-llamando-al-911-para-sabotear-y-colapsarlo\/#primaryimage"},"thumbnailUrl":"https:\/\/digital58.com.ve\/site\/wp-content\/uploads\/2020\/08\/omar-prieto-17-08-20.jpg","keywords":["Coronavirus","COVID-19","Gobierno del Zulia","Maracaibo","Nacionales","Omar Prieto Fernandez","Pandemia","Reporte Regional COVID-19","Zulia"],"articleSection":["Zulia"],"inLanguage":"es","potentialAction":[{"@type":"CommentAction","name":"Comment","target":["https:\/\/digital58.com.ve\/site\/2020\/08\/17\/omar-prieto-vamos-a-solicitar-el-procesamiento-por-terrorismo-de-estado-a-quienes-esten-llamando-al-911-para-sabotear-y-colapsarlo\/#respond"]}]},{"@type":"WebPage","@id":"https:\/\/digital58.com.ve\/site\/2020\/08\/17\/omar-prieto-vamos-a-solicitar-el-procesamiento-por-terrorismo-de-estado-a-quienes-esten-llamando-al-911-para-sabotear-y-colapsarlo\/","url":"https:\/\/digital58.com.ve\/site\/2020\/08\/17\/omar-prieto-vamos-a-solicitar-el-procesamiento-por-terrorismo-de-estado-a-quienes-esten-llamando-al-911-para-sabotear-y-colapsarlo\/","name":"Omar Prieto: \u00abVamos a solicitar el procesamiento por terrorismo de Estado a quienes est\u00e9n llamando al 911 para sabotear y colapsarlo\u00bb","isPartOf":{"@id":"https:\/\/digital58.com.ve\/site\/#website"},"primaryImageOfPage":{"@id":"https:\/\/digital58.com.ve\/site\/2020\/08\/17\/omar-prieto-vamos-a-solicitar-el-procesamiento-por-terrorismo-de-estado-a-quienes-esten-llamando-al-911-para-sabotear-y-colapsarlo\/#primaryimage"},"image":{"@id":"https:\/\/digital58.com.ve\/site\/2020\/08\/17\/omar-prieto-vamos-a-solicitar-el-procesamiento-por-terrorismo-de-estado-a-quienes-esten-llamando-al-911-para-sabotear-y-colapsarlo\/#primaryimage"},"thumbnailUrl":"https:\/\/digital58.com.ve\/site\/wp-content\/uploads\/2020\/08\/omar-prieto-17-08-20.jpg","datePublished":"2020-08-17T17:59:40+00:00","dateModified":"2020-08-17T18:13:06+00:00","description":"Zulia","breadcrumb":{"@id":"https:\/\/digital58.com.ve\/site\/2020\/08\/17\/omar-prieto-vamos-a-solicitar-el-procesamiento-por-terrorismo-de-estado-a-quienes-esten-llamando-al-911-para-sabotear-y-colapsarlo\/#breadcrumb"},"inLanguage":"es","potentialAction":[{"@type":"ReadAction","target":["https:\/\/digital58.com.ve\/site\/2020\/08\/17\/omar-prieto-vamos-a-solicitar-el-procesamiento-por-terrorismo-de-estado-a-quienes-esten-llamando-al-911-para-sabotear-y-colapsarlo\/"]}]},{"@type":"ImageObject","inLanguage":"es","@id":"https:\/\/digital58.com.ve\/site\/2020\/08\/17\/omar-prieto-vamos-a-solicitar-el-procesamiento-por-terrorismo-de-estado-a-quienes-esten-llamando-al-911-para-sabotear-y-colapsarlo\/#primaryimage","url":"https:\/\/digital58.com.ve\/site\/wp-content\/uploads\/2020\/08\/omar-prieto-17-08-20.jpg","contentUrl":"https:\/\/digital58.com.ve\/site\/wp-content\/uploads\/2020\/08\/omar-prieto-17-08-20.jpg","width":800,"height":446},{"@type":"BreadcrumbList","@id":"https:\/\/digital58.com.ve\/site\/2020\/08\/17\/omar-prieto-vamos-a-solicitar-el-procesamiento-por-terrorismo-de-estado-a-quienes-esten-llamando-al-911-para-sabotear-y-colapsarlo\/#breadcrumb","itemListElement":[{"@type":"ListItem","position":1,"name":"Home","item":"https:\/\/digital58.com.ve\/site\/"},{"@type":"ListItem","position":2,"name":"Omar Prieto: \u00abVamos a solicitar el procesamiento por terrorismo de Estado a quienes est\u00e9n llamando al 911 para sabotear y colapsarlo\u00bb"}]},{"@type":"WebSite","@id":"https:\/\/digital58.com.ve\/site\/#website","url":"https:\/\/digital58.com.ve\/site\/","name":"Noticias Digital58","description":"Portal de Noticias \u00a1Periodismo web de verdad! Lanzamiento web 22.11.2005 \/ Maracaibo, Venezuela","publisher":{"@id":"https:\/\/digital58.com.ve\/site\/#\/schema\/person\/64d1c2e4d0d4fd1b849980c4331c2951"},"alternateName":"ND58","potentialAction":[{"@type":"SearchAction","target":{"@type":"EntryPoint","urlTemplate":"https:\/\/digital58.com.ve\/site\/?s={search_term_string}"},"query-input":{"@type":"PropertyValueSpecification","valueRequired":true,"valueName":"search_term_string"}}],"inLanguage":"es"},{"@type":["Person","Organization"],"@id":"https:\/\/digital58.com.ve\/site\/#\/schema\/person\/64d1c2e4d0d4fd1b849980c4331c2951","name":"Villasmil Henry","image":{"@type":"ImageObject","inLanguage":"es","@id":"https:\/\/secure.gravatar.com\/avatar\/bb0c4a2fcb7970138239f7e404ea75757b1b507b28b5ce4c53fbd62d797c5a7c?s=96&d=mm&r=g","url":"https:\/\/secure.gravatar.com\/avatar\/bb0c4a2fcb7970138239f7e404ea75757b1b507b28b5ce4c53fbd62d797c5a7c?s=96&d=mm&r=g","contentUrl":"https:\/\/secure.gravatar.com\/avatar\/bb0c4a2fcb7970138239f7e404ea75757b1b507b28b5ce4c53fbd62d797c5a7c?s=96&d=mm&r=g","caption":"Villasmil Henry"},"logo":{"@id":"https:\/\/secure.gravatar.com\/avatar\/bb0c4a2fcb7970138239f7e404ea75757b1b507b28b5ce4c53fbd62d797c5a7c?s=96&d=mm&r=g"},"sameAs":["http:\/\/www.henryvillasmil.com.ve","https:\/\/www.instagram.com\/villasmilhfoto\/","https:\/\/x.com\/https:\/\/twitter.com\/villasmilhfoto"],"url":"https:\/\/digital58.com.ve\/site\/author\/droopy_68\/"}]}},"uagb_featured_image_src":{"full":["https:\/\/digital58.com.ve\/site\/wp-content\/uploads\/2020\/08\/omar-prieto-17-08-20.jpg",800,446,false],"thumbnail":["https:\/\/digital58.com.ve\/site\/wp-content\/uploads\/2020\/08\/omar-prieto-17-08-20-150x150.jpg",150,150,true],"medium":["https:\/\/digital58.com.ve\/site\/wp-content\/uploads\/2020\/08\/omar-prieto-17-08-20-300x167.jpg",300,167,true],"medium_large":["https:\/\/digital58.com.ve\/site\/wp-content\/uploads\/2020\/08\/omar-prieto-17-08-20-768x428.jpg",768,428,true],"large":["https:\/\/digital58.com.ve\/site\/wp-content\/uploads\/2020\/08\/omar-prieto-17-08-20.jpg",800,446,false],"1536x1536":["https:\/\/digital58.com.ve\/site\/wp-content\/uploads\/2020\/08\/omar-prieto-17-08-20.jpg",800,446,false],"2048x2048":["https:\/\/digital58.com.ve\/site\/wp-content\/uploads\/2020\/08\/omar-prieto-17-08-20.jpg",800,446,false],"colormag-highlighted-post":["https:\/\/digital58.com.ve\/site\/wp-content\/uploads\/2020\/08\/omar-prieto-17-08-20.jpg",392,219,false],"colormag-featured-post-medium":["https:\/\/digital58.com.ve\/site\/wp-content\/uploads\/2020\/08\/omar-prieto-17-08-20.jpg",368,205,false],"colormag-featured-post-small":["https:\/\/digital58.com.ve\/site\/wp-content\/uploads\/2020\/08\/omar-prieto-17-08-20.jpg",130,72,false],"colormag-featured-image":["https:\/\/digital58.com.ve\/site\/wp-content\/uploads\/2020\/08\/omar-prieto-17-08-20.jpg",798,445,false],"colormag-default-news":["https:\/\/digital58.com.ve\/site\/wp-content\/uploads\/2020\/08\/omar-prieto-17-08-20.jpg",150,84,false],"colormag-featured-image-large":["https:\/\/digital58.com.ve\/site\/wp-content\/uploads\/2020\/08\/omar-prieto-17-08-20.jpg",800,446,false]},"uagb_author_info":{"display_name":"Villasmil Henry","author_link":"https:\/\/digital58.com.ve\/site\/author\/droopy_68\/"},"uagb_comment_info":0,"uagb_excerpt":"El gobernador del Zulia, asegur\u00f3 que \u00abEl foco de \u00abLas Pulgas\u00bb est\u00e1 disminuido casi a cero\u00bb. Maracaibo, Zulia, Venezuela, 17","_links":{"self":[{"href":"https:\/\/digital58.com.ve\/site\/wp-json\/wp\/v2\/posts\/122729","targetHints":{"allow":["GET"]}}],"collection":[{"href":"https:\/\/digital58.com.ve\/site\/wp-json\/wp\/v2\/posts"}],"about":[{"href":"https:\/\/digital58.com.ve\/site\/wp-json\/wp\/v2\/types\/post"}],"author":[{"embeddable":true,"href":"https:\/\/digital58.com.ve\/site\/wp-json\/wp\/v2\/users\/1"}],"replies":[{"embeddable":true,"href":"https:\/\/digital58.com.ve\/site\/wp-json\/wp\/v2\/comments?post=122729"}],"version-history":[{"count":0,"href":"https:\/\/digital58.com.ve\/site\/wp-json\/wp\/v2\/posts\/122729\/revisions"}],"wp:featuredmedia":[{"embeddable":true,"href":"https:\/\/digital58.com.ve\/site\/wp-json\/wp\/v2\/media\/122730"}],"wp:attachment":[{"href":"https:\/\/digital58.com.ve\/site\/wp-json\/wp\/v2\/media?parent=122729"}],"wp:term":[{"taxonomy":"category","embeddable":true,"href":"https:\/\/digital58.com.ve\/site\/wp-json\/wp\/v2\/categories?post=122729"},{"taxonomy":"post_tag","embeddable":true,"href":"https:\/\/digital58.com.ve\/site\/wp-json\/wp\/v2\/tags?post=122729"}],"curies":[{"name":"wp","href":"https:\/\/api.w.org\/{rel}","templated":true}]}}