{"id":122738,"date":"2020-08-17T14:02:12","date_gmt":"2020-08-17T18:02:12","guid":{"rendered":"https:\/\/digital58.com.ve\/site\/?p=122738"},"modified":"2020-08-18T09:39:20","modified_gmt":"2020-08-18T13:39:20","slug":"comandante-de-la-zodi-32-en-barinas-esta-contagiado-por-la-covid-19","status":"publish","type":"post","link":"https:\/\/digital58.com.ve\/site\/2020\/08\/17\/comandante-de-la-zodi-32-en-barinas-esta-contagiado-por-la-covid-19\/","title":{"rendered":"Comandante de la ZODI 32 en Barinas esta contagiado por la COVID-19"},"content":{"rendered":"<p><img loading=\"lazy\" decoding=\"async\" class=\"size-full wp-image-122741 aligncenter\" src=\"https:\/\/digital58.com.ve\/site\/wp-content\/uploads\/2020\/08\/Comandante-ZODI-Barinas-696x626-1.jpg\" alt=\"\" width=\"696\" height=\"626\" srcset=\"https:\/\/digital58.com.ve\/site\/wp-content\/uploads\/2020\/08\/Comandante-ZODI-Barinas-696x626-1.jpg 696w, https:\/\/digital58.com.ve\/site\/wp-content\/uploads\/2020\/08\/Comandante-ZODI-Barinas-696x626-1-300x270.jpg 300w\" sizes=\"auto, (max-width: 696px) 100vw, 696px\" \/><\/p>\n<p>Los casos del municipio Barinas est\u00e1n en la urbanizaci\u00f3n La Castellana, barrio El Cambio, Corralito, Ciudad Varyn\u00e1, Ciudad Tavacare, barrio Industrialito y en la urbanizaci\u00f3n Jos\u00e9 Antonio P\u00e1ez (Los Pozones).<\/p>\n<p><b>Barinas, Venezuela 17 de agosto de 2020 (ND58).-<\/b>\u00a0 El general Eliezer Mel\u00e9ndez, Comandante de la Zona Operacional de Defensa Integral (ZODI) n\u00famero 32, es uno de los nuevos contagiados, tambi\u00e9n dos funcionarios del CICPC y uno de la Polic\u00eda Nacional, un efectivo del CONAS, una enfermera, una estudiante de farmacia, dos educadores, una obrera, un funcionario p\u00fablico, un pensionado y amas de casas.<\/p>\n<p>Los casos del municipio Barinas est\u00e1n en la urbanizaci\u00f3n La Castellana, barrio El Cambio, Corralito, Ciudad Varyn\u00e1, Ciudad Tavacare, barrio Industrialito y en la urbanizaci\u00f3n Jos\u00e9 Antonio P\u00e1ez (Los Pozones).<\/p>\n<p>En Andr\u00e9s Eloy Blanco en el sector Cantv, El Sam\u00e1n II, Cuatricentenario y El Cant\u00f3n. Los de Sucre est\u00e1n en Los Naranjos y barrio El Centro de Chameta; en Cruz Paredes de la poblaci\u00f3n Tucupido; en Zamora del sector Divino Ni\u00f1o y, en Alberto Arvelo Torrealba de la comunidad 24 de Junio.<\/p><div class=\"zaxyc69efdc66b3946\" ><p style=\"text-align: center;\"><a href=\"https:\/\/t.me\/noticiasdigital58\" target=\"_blank\" rel=\"noopener\"><img class=\"aligncenter size-full wp-image-125363\" src=\"https:\/\/digital58.com.ve\/site\/wp-content\/uploads\/2021\/04\/banner-telegram-web-2021.png\" alt=\"\" width=\"600\" height=\"90\" \/><\/a><\/p><\/div><style type=\"text\/css\">\r\n@media screen and (min-width: 1201px) {\r\n.zaxyc69efdc66b3946 {\r\ndisplay: block;\r\n}\r\n}\r\n@media screen and (min-width: 993px) and (max-width: 1200px) {\r\n.zaxyc69efdc66b3946 {\r\ndisplay: block;\r\n}\r\n}\r\n@media screen and (min-width: 769px) and (max-width: 992px) {\r\n.zaxyc69efdc66b3946 {\r\ndisplay: block;\r\n}\r\n}\r\n@media screen and (min-width: 768px) and (max-width: 768px) {\r\n.zaxyc69efdc66b3946 {\r\ndisplay: block;\r\n}\r\n}\r\n@media screen and (max-width: 767px) {\r\n.zaxyc69efdc66b3946 {\r\ndisplay: block;\r\n}\r\n}\r\n<\/style>\r\n\n<p><b><strong>Re<\/strong><strong>dacci\u00f3n: Molero, Luis\u00a0 (@Moleromarquez) | Fuente: Agencias<br \/>\nEdici\u00f3n: Villasmil, Henry<br \/>\nGr\u00e1ficas: Cortes\u00eda<\/strong><\/b><\/p>\n<div style=\"margin-top: 0px; margin-bottom: 0px;\" class=\"sharethis-inline-share-buttons\" ><\/div>","protected":false},"excerpt":{"rendered":"<p>Los casos del municipio Barinas est\u00e1n en la urbanizaci\u00f3n La Castellana, barrio El Cambio, Corralito, Ciudad Varyn\u00e1, Ciudad Tavacare, barrio<\/p>\n","protected":false},"author":26,"featured_media":122741,"comment_status":"open","ping_status":"closed","sticky":false,"template":"","format":"standard","meta":{"colormag_page_container_layout":"default_layout","colormag_page_sidebar_layout":"default_layout","_uag_custom_page_level_css":"","footnotes":""},"categories":[16454],"tags":[14119,14193,13648,16421,20409,233,18179],"class_list":["post-122738","post","type-post","status-publish","format-standard","has-post-thumbnail","hentry","category-venezuela","tag-cicpc","tag-conas","tag-covid-19","tag-estado-barinas","tag-general-eliezer-melendez","tag-nacionales","tag-zodi"],"yoast_head":"<!-- This site is optimized with the Yoast SEO plugin v27.4 - https:\/\/yoast.com\/product\/yoast-seo-wordpress\/ -->\n<title>Comandante de la ZODI 32 en Barinas esta contagiado por la COVID-19<\/title>\n<meta name=\"robots\" content=\"index, follow, max-snippet:-1, max-image-preview:large, max-video-preview:-1\" \/>\n<link rel=\"canonical\" href=\"https:\/\/digital58.com.ve\/site\/2020\/08\/17\/comandante-de-la-zodi-32-en-barinas-esta-contagiado-por-la-covid-19\/\" \/>\n<meta property=\"og:locale\" content=\"es_ES\" \/>\n<meta property=\"og:type\" content=\"article\" \/>\n<meta property=\"og:title\" content=\"Comandante de la ZODI 32 en Barinas esta contagiado por la COVID-19\" \/>\n<meta property=\"og:url\" content=\"https:\/\/digital58.com.ve\/site\/2020\/08\/17\/comandante-de-la-zodi-32-en-barinas-esta-contagiado-por-la-covid-19\/\" \/>\n<meta property=\"og:site_name\" content=\"Noticias Digital58\" \/>\n<meta property=\"article:published_time\" content=\"2020-08-17T18:02:12+00:00\" \/>\n<meta property=\"article:modified_time\" content=\"2020-08-18T13:39:20+00:00\" \/>\n<meta property=\"og:image\" content=\"https:\/\/digital58.com.ve\/site\/wp-content\/uploads\/2020\/08\/Comandante-ZODI-Barinas-696x626-1.jpg\" \/>\n\t<meta property=\"og:image:width\" content=\"696\" \/>\n\t<meta property=\"og:image:height\" content=\"626\" \/>\n\t<meta property=\"og:image:type\" content=\"image\/jpeg\" \/>\n<meta name=\"author\" content=\"Molero Luis\" \/>\n<meta name=\"twitter:card\" content=\"summary_large_image\" \/>\n<meta name=\"twitter:creator\" content=\"@Digital_58\" \/>\n<meta name=\"twitter:site\" content=\"@villasmilhfoto\" \/>\n<meta name=\"twitter:label1\" content=\"Escrito por\" \/>\n\t<meta name=\"twitter:data1\" content=\"Molero Luis\" \/>\n\t<meta name=\"twitter:label2\" content=\"Tiempo estimado de lectura\" \/>\n\t<meta name=\"twitter:data2\" content=\"1 minuto\" \/>\n<script type=\"application\/ld+json\" class=\"yoast-schema-graph\">{\"@context\":\"https:\\\/\\\/schema.org\",\"@graph\":[{\"@type\":\"Article\",\"@id\":\"https:\\\/\\\/digital58.com.ve\\\/site\\\/2020\\\/08\\\/17\\\/comandante-de-la-zodi-32-en-barinas-esta-contagiado-por-la-covid-19\\\/#article\",\"isPartOf\":{\"@id\":\"https:\\\/\\\/digital58.com.ve\\\/site\\\/2020\\\/08\\\/17\\\/comandante-de-la-zodi-32-en-barinas-esta-contagiado-por-la-covid-19\\\/\"},\"author\":{\"name\":\"Molero Luis\",\"@id\":\"https:\\\/\\\/digital58.com.ve\\\/site\\\/#\\\/schema\\\/person\\\/c61667ce6845137620ee3f0aaabade17\"},\"headline\":\"Comandante de la ZODI 32 en Barinas esta contagiado por la COVID-19\",\"datePublished\":\"2020-08-17T18:02:12+00:00\",\"dateModified\":\"2020-08-18T13:39:20+00:00\",\"mainEntityOfPage\":{\"@id\":\"https:\\\/\\\/digital58.com.ve\\\/site\\\/2020\\\/08\\\/17\\\/comandante-de-la-zodi-32-en-barinas-esta-contagiado-por-la-covid-19\\\/\"},\"wordCount\":218,\"commentCount\":0,\"publisher\":{\"@id\":\"https:\\\/\\\/digital58.com.ve\\\/site\\\/#\\\/schema\\\/person\\\/64d1c2e4d0d4fd1b849980c4331c2951\"},\"image\":{\"@id\":\"https:\\\/\\\/digital58.com.ve\\\/site\\\/2020\\\/08\\\/17\\\/comandante-de-la-zodi-32-en-barinas-esta-contagiado-por-la-covid-19\\\/#primaryimage\"},\"thumbnailUrl\":\"https:\\\/\\\/digital58.com.ve\\\/site\\\/wp-content\\\/uploads\\\/2020\\\/08\\\/Comandante-ZODI-Barinas-696x626-1.jpg\",\"keywords\":[\"CICPC\",\"CONAS\",\"COVID-19\",\"Estado Barinas\",\"General Eliezer Mel\u00e9ndez\",\"Nacionales\",\"ZODI\"],\"articleSection\":[\"Venezuela\"],\"inLanguage\":\"es\",\"potentialAction\":[{\"@type\":\"CommentAction\",\"name\":\"Comment\",\"target\":[\"https:\\\/\\\/digital58.com.ve\\\/site\\\/2020\\\/08\\\/17\\\/comandante-de-la-zodi-32-en-barinas-esta-contagiado-por-la-covid-19\\\/#respond\"]}]},{\"@type\":\"WebPage\",\"@id\":\"https:\\\/\\\/digital58.com.ve\\\/site\\\/2020\\\/08\\\/17\\\/comandante-de-la-zodi-32-en-barinas-esta-contagiado-por-la-covid-19\\\/\",\"url\":\"https:\\\/\\\/digital58.com.ve\\\/site\\\/2020\\\/08\\\/17\\\/comandante-de-la-zodi-32-en-barinas-esta-contagiado-por-la-covid-19\\\/\",\"name\":\"Comandante de la ZODI 32 en Barinas esta contagiado por la COVID-19\",\"isPartOf\":{\"@id\":\"https:\\\/\\\/digital58.com.ve\\\/site\\\/#website\"},\"primaryImageOfPage\":{\"@id\":\"https:\\\/\\\/digital58.com.ve\\\/site\\\/2020\\\/08\\\/17\\\/comandante-de-la-zodi-32-en-barinas-esta-contagiado-por-la-covid-19\\\/#primaryimage\"},\"image\":{\"@id\":\"https:\\\/\\\/digital58.com.ve\\\/site\\\/2020\\\/08\\\/17\\\/comandante-de-la-zodi-32-en-barinas-esta-contagiado-por-la-covid-19\\\/#primaryimage\"},\"thumbnailUrl\":\"https:\\\/\\\/digital58.com.ve\\\/site\\\/wp-content\\\/uploads\\\/2020\\\/08\\\/Comandante-ZODI-Barinas-696x626-1.jpg\",\"datePublished\":\"2020-08-17T18:02:12+00:00\",\"dateModified\":\"2020-08-18T13:39:20+00:00\",\"breadcrumb\":{\"@id\":\"https:\\\/\\\/digital58.com.ve\\\/site\\\/2020\\\/08\\\/17\\\/comandante-de-la-zodi-32-en-barinas-esta-contagiado-por-la-covid-19\\\/#breadcrumb\"},\"inLanguage\":\"es\",\"potentialAction\":[{\"@type\":\"ReadAction\",\"target\":[\"https:\\\/\\\/digital58.com.ve\\\/site\\\/2020\\\/08\\\/17\\\/comandante-de-la-zodi-32-en-barinas-esta-contagiado-por-la-covid-19\\\/\"]}]},{\"@type\":\"ImageObject\",\"inLanguage\":\"es\",\"@id\":\"https:\\\/\\\/digital58.com.ve\\\/site\\\/2020\\\/08\\\/17\\\/comandante-de-la-zodi-32-en-barinas-esta-contagiado-por-la-covid-19\\\/#primaryimage\",\"url\":\"https:\\\/\\\/digital58.com.ve\\\/site\\\/wp-content\\\/uploads\\\/2020\\\/08\\\/Comandante-ZODI-Barinas-696x626-1.jpg\",\"contentUrl\":\"https:\\\/\\\/digital58.com.ve\\\/site\\\/wp-content\\\/uploads\\\/2020\\\/08\\\/Comandante-ZODI-Barinas-696x626-1.jpg\",\"width\":696,\"height\":626},{\"@type\":\"BreadcrumbList\",\"@id\":\"https:\\\/\\\/digital58.com.ve\\\/site\\\/2020\\\/08\\\/17\\\/comandante-de-la-zodi-32-en-barinas-esta-contagiado-por-la-covid-19\\\/#breadcrumb\",\"itemListElement\":[{\"@type\":\"ListItem\",\"position\":1,\"name\":\"Home\",\"item\":\"https:\\\/\\\/digital58.com.ve\\\/site\\\/\"},{\"@type\":\"ListItem\",\"position\":2,\"name\":\"Comandante de la ZODI 32 en Barinas esta contagiado por la COVID-19\"}]},{\"@type\":\"WebSite\",\"@id\":\"https:\\\/\\\/digital58.com.ve\\\/site\\\/#website\",\"url\":\"https:\\\/\\\/digital58.com.ve\\\/site\\\/\",\"name\":\"Noticias Digital58\",\"description\":\"Portal de Noticias \u00a1Periodismo web de verdad! Lanzamiento web 22.11.2005 \\\/ Maracaibo, Venezuela\",\"publisher\":{\"@id\":\"https:\\\/\\\/digital58.com.ve\\\/site\\\/#\\\/schema\\\/person\\\/64d1c2e4d0d4fd1b849980c4331c2951\"},\"alternateName\":\"ND58\",\"potentialAction\":[{\"@type\":\"SearchAction\",\"target\":{\"@type\":\"EntryPoint\",\"urlTemplate\":\"https:\\\/\\\/digital58.com.ve\\\/site\\\/?s={search_term_string}\"},\"query-input\":{\"@type\":\"PropertyValueSpecification\",\"valueRequired\":true,\"valueName\":\"search_term_string\"}}],\"inLanguage\":\"es\"},{\"@type\":[\"Person\",\"Organization\"],\"@id\":\"https:\\\/\\\/digital58.com.ve\\\/site\\\/#\\\/schema\\\/person\\\/64d1c2e4d0d4fd1b849980c4331c2951\",\"name\":\"Villasmil Henry\",\"image\":{\"@type\":\"ImageObject\",\"inLanguage\":\"es\",\"@id\":\"https:\\\/\\\/secure.gravatar.com\\\/avatar\\\/bb0c4a2fcb7970138239f7e404ea75757b1b507b28b5ce4c53fbd62d797c5a7c?s=96&d=mm&r=g\",\"url\":\"https:\\\/\\\/secure.gravatar.com\\\/avatar\\\/bb0c4a2fcb7970138239f7e404ea75757b1b507b28b5ce4c53fbd62d797c5a7c?s=96&d=mm&r=g\",\"contentUrl\":\"https:\\\/\\\/secure.gravatar.com\\\/avatar\\\/bb0c4a2fcb7970138239f7e404ea75757b1b507b28b5ce4c53fbd62d797c5a7c?s=96&d=mm&r=g\",\"caption\":\"Villasmil Henry\"},\"logo\":{\"@id\":\"https:\\\/\\\/secure.gravatar.com\\\/avatar\\\/bb0c4a2fcb7970138239f7e404ea75757b1b507b28b5ce4c53fbd62d797c5a7c?s=96&d=mm&r=g\"},\"sameAs\":[\"http:\\\/\\\/www.henryvillasmil.com.ve\",\"https:\\\/\\\/www.instagram.com\\\/villasmilhfoto\\\/\",\"https:\\\/\\\/x.com\\\/https:\\\/\\\/twitter.com\\\/villasmilhfoto\"]},{\"@type\":\"Person\",\"@id\":\"https:\\\/\\\/digital58.com.ve\\\/site\\\/#\\\/schema\\\/person\\\/c61667ce6845137620ee3f0aaabade17\",\"name\":\"Molero Luis\",\"image\":{\"@type\":\"ImageObject\",\"inLanguage\":\"es\",\"@id\":\"https:\\\/\\\/secure.gravatar.com\\\/avatar\\\/bf041ec637e3e7405449807deb2f7cf3d2de7c6fa755dd56e985201de9863f2b?s=96&d=mm&r=g\",\"url\":\"https:\\\/\\\/secure.gravatar.com\\\/avatar\\\/bf041ec637e3e7405449807deb2f7cf3d2de7c6fa755dd56e985201de9863f2b?s=96&d=mm&r=g\",\"contentUrl\":\"https:\\\/\\\/secure.gravatar.com\\\/avatar\\\/bf041ec637e3e7405449807deb2f7cf3d2de7c6fa755dd56e985201de9863f2b?s=96&d=mm&r=g\",\"caption\":\"Molero Luis\"},\"url\":\"https:\\\/\\\/digital58.com.ve\\\/site\\\/author\\\/luismolero\\\/\"}]}<\/script>\n<!-- \/ Yoast SEO plugin. -->","yoast_head_json":{"title":"Comandante de la ZODI 32 en Barinas esta contagiado por la COVID-19","robots":{"index":"index","follow":"follow","max-snippet":"max-snippet:-1","max-image-preview":"max-image-preview:large","max-video-preview":"max-video-preview:-1"},"canonical":"https:\/\/digital58.com.ve\/site\/2020\/08\/17\/comandante-de-la-zodi-32-en-barinas-esta-contagiado-por-la-covid-19\/","og_locale":"es_ES","og_type":"article","og_title":"Comandante de la ZODI 32 en Barinas esta contagiado por la COVID-19","og_url":"https:\/\/digital58.com.ve\/site\/2020\/08\/17\/comandante-de-la-zodi-32-en-barinas-esta-contagiado-por-la-covid-19\/","og_site_name":"Noticias Digital58","article_published_time":"2020-08-17T18:02:12+00:00","article_modified_time":"2020-08-18T13:39:20+00:00","og_image":[{"width":696,"height":626,"url":"https:\/\/digital58.com.ve\/site\/wp-content\/uploads\/2020\/08\/Comandante-ZODI-Barinas-696x626-1.jpg","type":"image\/jpeg"}],"author":"Molero Luis","twitter_card":"summary_large_image","twitter_creator":"@Digital_58","twitter_site":"@villasmilhfoto","twitter_misc":{"Escrito por":"Molero Luis","Tiempo estimado de lectura":"1 minuto"},"schema":{"@context":"https:\/\/schema.org","@graph":[{"@type":"Article","@id":"https:\/\/digital58.com.ve\/site\/2020\/08\/17\/comandante-de-la-zodi-32-en-barinas-esta-contagiado-por-la-covid-19\/#article","isPartOf":{"@id":"https:\/\/digital58.com.ve\/site\/2020\/08\/17\/comandante-de-la-zodi-32-en-barinas-esta-contagiado-por-la-covid-19\/"},"author":{"name":"Molero Luis","@id":"https:\/\/digital58.com.ve\/site\/#\/schema\/person\/c61667ce6845137620ee3f0aaabade17"},"headline":"Comandante de la ZODI 32 en Barinas esta contagiado por la COVID-19","datePublished":"2020-08-17T18:02:12+00:00","dateModified":"2020-08-18T13:39:20+00:00","mainEntityOfPage":{"@id":"https:\/\/digital58.com.ve\/site\/2020\/08\/17\/comandante-de-la-zodi-32-en-barinas-esta-contagiado-por-la-covid-19\/"},"wordCount":218,"commentCount":0,"publisher":{"@id":"https:\/\/digital58.com.ve\/site\/#\/schema\/person\/64d1c2e4d0d4fd1b849980c4331c2951"},"image":{"@id":"https:\/\/digital58.com.ve\/site\/2020\/08\/17\/comandante-de-la-zodi-32-en-barinas-esta-contagiado-por-la-covid-19\/#primaryimage"},"thumbnailUrl":"https:\/\/digital58.com.ve\/site\/wp-content\/uploads\/2020\/08\/Comandante-ZODI-Barinas-696x626-1.jpg","keywords":["CICPC","CONAS","COVID-19","Estado Barinas","General Eliezer Mel\u00e9ndez","Nacionales","ZODI"],"articleSection":["Venezuela"],"inLanguage":"es","potentialAction":[{"@type":"CommentAction","name":"Comment","target":["https:\/\/digital58.com.ve\/site\/2020\/08\/17\/comandante-de-la-zodi-32-en-barinas-esta-contagiado-por-la-covid-19\/#respond"]}]},{"@type":"WebPage","@id":"https:\/\/digital58.com.ve\/site\/2020\/08\/17\/comandante-de-la-zodi-32-en-barinas-esta-contagiado-por-la-covid-19\/","url":"https:\/\/digital58.com.ve\/site\/2020\/08\/17\/comandante-de-la-zodi-32-en-barinas-esta-contagiado-por-la-covid-19\/","name":"Comandante de la ZODI 32 en Barinas esta contagiado por la COVID-19","isPartOf":{"@id":"https:\/\/digital58.com.ve\/site\/#website"},"primaryImageOfPage":{"@id":"https:\/\/digital58.com.ve\/site\/2020\/08\/17\/comandante-de-la-zodi-32-en-barinas-esta-contagiado-por-la-covid-19\/#primaryimage"},"image":{"@id":"https:\/\/digital58.com.ve\/site\/2020\/08\/17\/comandante-de-la-zodi-32-en-barinas-esta-contagiado-por-la-covid-19\/#primaryimage"},"thumbnailUrl":"https:\/\/digital58.com.ve\/site\/wp-content\/uploads\/2020\/08\/Comandante-ZODI-Barinas-696x626-1.jpg","datePublished":"2020-08-17T18:02:12+00:00","dateModified":"2020-08-18T13:39:20+00:00","breadcrumb":{"@id":"https:\/\/digital58.com.ve\/site\/2020\/08\/17\/comandante-de-la-zodi-32-en-barinas-esta-contagiado-por-la-covid-19\/#breadcrumb"},"inLanguage":"es","potentialAction":[{"@type":"ReadAction","target":["https:\/\/digital58.com.ve\/site\/2020\/08\/17\/comandante-de-la-zodi-32-en-barinas-esta-contagiado-por-la-covid-19\/"]}]},{"@type":"ImageObject","inLanguage":"es","@id":"https:\/\/digital58.com.ve\/site\/2020\/08\/17\/comandante-de-la-zodi-32-en-barinas-esta-contagiado-por-la-covid-19\/#primaryimage","url":"https:\/\/digital58.com.ve\/site\/wp-content\/uploads\/2020\/08\/Comandante-ZODI-Barinas-696x626-1.jpg","contentUrl":"https:\/\/digital58.com.ve\/site\/wp-content\/uploads\/2020\/08\/Comandante-ZODI-Barinas-696x626-1.jpg","width":696,"height":626},{"@type":"BreadcrumbList","@id":"https:\/\/digital58.com.ve\/site\/2020\/08\/17\/comandante-de-la-zodi-32-en-barinas-esta-contagiado-por-la-covid-19\/#breadcrumb","itemListElement":[{"@type":"ListItem","position":1,"name":"Home","item":"https:\/\/digital58.com.ve\/site\/"},{"@type":"ListItem","position":2,"name":"Comandante de la ZODI 32 en Barinas esta contagiado por la COVID-19"}]},{"@type":"WebSite","@id":"https:\/\/digital58.com.ve\/site\/#website","url":"https:\/\/digital58.com.ve\/site\/","name":"Noticias Digital58","description":"Portal de Noticias \u00a1Periodismo web de verdad! Lanzamiento web 22.11.2005 \/ Maracaibo, Venezuela","publisher":{"@id":"https:\/\/digital58.com.ve\/site\/#\/schema\/person\/64d1c2e4d0d4fd1b849980c4331c2951"},"alternateName":"ND58","potentialAction":[{"@type":"SearchAction","target":{"@type":"EntryPoint","urlTemplate":"https:\/\/digital58.com.ve\/site\/?s={search_term_string}"},"query-input":{"@type":"PropertyValueSpecification","valueRequired":true,"valueName":"search_term_string"}}],"inLanguage":"es"},{"@type":["Person","Organization"],"@id":"https:\/\/digital58.com.ve\/site\/#\/schema\/person\/64d1c2e4d0d4fd1b849980c4331c2951","name":"Villasmil Henry","image":{"@type":"ImageObject","inLanguage":"es","@id":"https:\/\/secure.gravatar.com\/avatar\/bb0c4a2fcb7970138239f7e404ea75757b1b507b28b5ce4c53fbd62d797c5a7c?s=96&d=mm&r=g","url":"https:\/\/secure.gravatar.com\/avatar\/bb0c4a2fcb7970138239f7e404ea75757b1b507b28b5ce4c53fbd62d797c5a7c?s=96&d=mm&r=g","contentUrl":"https:\/\/secure.gravatar.com\/avatar\/bb0c4a2fcb7970138239f7e404ea75757b1b507b28b5ce4c53fbd62d797c5a7c?s=96&d=mm&r=g","caption":"Villasmil Henry"},"logo":{"@id":"https:\/\/secure.gravatar.com\/avatar\/bb0c4a2fcb7970138239f7e404ea75757b1b507b28b5ce4c53fbd62d797c5a7c?s=96&d=mm&r=g"},"sameAs":["http:\/\/www.henryvillasmil.com.ve","https:\/\/www.instagram.com\/villasmilhfoto\/","https:\/\/x.com\/https:\/\/twitter.com\/villasmilhfoto"]},{"@type":"Person","@id":"https:\/\/digital58.com.ve\/site\/#\/schema\/person\/c61667ce6845137620ee3f0aaabade17","name":"Molero Luis","image":{"@type":"ImageObject","inLanguage":"es","@id":"https:\/\/secure.gravatar.com\/avatar\/bf041ec637e3e7405449807deb2f7cf3d2de7c6fa755dd56e985201de9863f2b?s=96&d=mm&r=g","url":"https:\/\/secure.gravatar.com\/avatar\/bf041ec637e3e7405449807deb2f7cf3d2de7c6fa755dd56e985201de9863f2b?s=96&d=mm&r=g","contentUrl":"https:\/\/secure.gravatar.com\/avatar\/bf041ec637e3e7405449807deb2f7cf3d2de7c6fa755dd56e985201de9863f2b?s=96&d=mm&r=g","caption":"Molero Luis"},"url":"https:\/\/digital58.com.ve\/site\/author\/luismolero\/"}]}},"uagb_featured_image_src":{"full":["https:\/\/digital58.com.ve\/site\/wp-content\/uploads\/2020\/08\/Comandante-ZODI-Barinas-696x626-1.jpg",696,626,false],"thumbnail":["https:\/\/digital58.com.ve\/site\/wp-content\/uploads\/2020\/08\/Comandante-ZODI-Barinas-696x626-1-150x150.jpg",150,150,true],"medium":["https:\/\/digital58.com.ve\/site\/wp-content\/uploads\/2020\/08\/Comandante-ZODI-Barinas-696x626-1-300x270.jpg",300,270,true],"medium_large":["https:\/\/digital58.com.ve\/site\/wp-content\/uploads\/2020\/08\/Comandante-ZODI-Barinas-696x626-1.jpg",696,626,false],"large":["https:\/\/digital58.com.ve\/site\/wp-content\/uploads\/2020\/08\/Comandante-ZODI-Barinas-696x626-1.jpg",696,626,false],"1536x1536":["https:\/\/digital58.com.ve\/site\/wp-content\/uploads\/2020\/08\/Comandante-ZODI-Barinas-696x626-1.jpg",696,626,false],"2048x2048":["https:\/\/digital58.com.ve\/site\/wp-content\/uploads\/2020\/08\/Comandante-ZODI-Barinas-696x626-1.jpg",696,626,false],"colormag-highlighted-post":["https:\/\/digital58.com.ve\/site\/wp-content\/uploads\/2020\/08\/Comandante-ZODI-Barinas-696x626-1.jpg",302,272,false],"colormag-featured-post-medium":["https:\/\/digital58.com.ve\/site\/wp-content\/uploads\/2020\/08\/Comandante-ZODI-Barinas-696x626-1.jpg",228,205,false],"colormag-featured-post-small":["https:\/\/digital58.com.ve\/site\/wp-content\/uploads\/2020\/08\/Comandante-ZODI-Barinas-696x626-1.jpg",100,90,false],"colormag-featured-image":["https:\/\/digital58.com.ve\/site\/wp-content\/uploads\/2020\/08\/Comandante-ZODI-Barinas-696x626-1.jpg",495,445,false],"colormag-default-news":["https:\/\/digital58.com.ve\/site\/wp-content\/uploads\/2020\/08\/Comandante-ZODI-Barinas-696x626-1.jpg",150,135,false],"colormag-featured-image-large":["https:\/\/digital58.com.ve\/site\/wp-content\/uploads\/2020\/08\/Comandante-ZODI-Barinas-696x626-1.jpg",667,600,false]},"uagb_author_info":{"display_name":"Molero Luis","author_link":"https:\/\/digital58.com.ve\/site\/author\/luismolero\/"},"uagb_comment_info":0,"uagb_excerpt":"Los casos del municipio Barinas est\u00e1n en la urbanizaci\u00f3n La Castellana, barrio El Cambio, Corralito, Ciudad Varyn\u00e1, Ciudad Tavacare, barrio","_links":{"self":[{"href":"https:\/\/digital58.com.ve\/site\/wp-json\/wp\/v2\/posts\/122738","targetHints":{"allow":["GET"]}}],"collection":[{"href":"https:\/\/digital58.com.ve\/site\/wp-json\/wp\/v2\/posts"}],"about":[{"href":"https:\/\/digital58.com.ve\/site\/wp-json\/wp\/v2\/types\/post"}],"author":[{"embeddable":true,"href":"https:\/\/digital58.com.ve\/site\/wp-json\/wp\/v2\/users\/26"}],"replies":[{"embeddable":true,"href":"https:\/\/digital58.com.ve\/site\/wp-json\/wp\/v2\/comments?post=122738"}],"version-history":[{"count":0,"href":"https:\/\/digital58.com.ve\/site\/wp-json\/wp\/v2\/posts\/122738\/revisions"}],"wp:featuredmedia":[{"embeddable":true,"href":"https:\/\/digital58.com.ve\/site\/wp-json\/wp\/v2\/media\/122741"}],"wp:attachment":[{"href":"https:\/\/digital58.com.ve\/site\/wp-json\/wp\/v2\/media?parent=122738"}],"wp:term":[{"taxonomy":"category","embeddable":true,"href":"https:\/\/digital58.com.ve\/site\/wp-json\/wp\/v2\/categories?post=122738"},{"taxonomy":"post_tag","embeddable":true,"href":"https:\/\/digital58.com.ve\/site\/wp-json\/wp\/v2\/tags?post=122738"}],"curies":[{"name":"wp","href":"https:\/\/api.w.org\/{rel}","templated":true}]}}