{"id":123116,"date":"2020-08-18T23:29:53","date_gmt":"2020-08-19T03:29:53","guid":{"rendered":"https:\/\/digital58.com.ve\/site\/?p=123116"},"modified":"2020-08-18T23:29:53","modified_gmt":"2020-08-19T03:29:53","slug":"la-oposicion-vincula-a-maduro-con-avion-con-armas-y-dinero-incautado-en-eeuu","status":"publish","type":"post","link":"https:\/\/digital58.com.ve\/site\/2020\/08\/18\/la-oposicion-vincula-a-maduro-con-avion-con-armas-y-dinero-incautado-en-eeuu\/","title":{"rendered":"La oposici\u00f3n vincula a Maduro con avi\u00f3n con armas y dinero incautado en EEUU"},"content":{"rendered":"<figure id=\"attachment_123117\" aria-describedby=\"caption-attachment-123117\" style=\"width: 768px\" class=\"wp-caption aligncenter\"><a href=\"https:\/\/digital58.com.ve\/site\/wp-content\/uploads\/2020\/08\/aeropuerto-internacional-fort-auderdale.jpg\"><img loading=\"lazy\" decoding=\"async\" class=\"wp-image-123117 size-full\" src=\"https:\/\/digital58.com.ve\/site\/wp-content\/uploads\/2020\/08\/aeropuerto-internacional-fort-auderdale.jpg\" alt=\"\" width=\"768\" height=\"512\" srcset=\"https:\/\/digital58.com.ve\/site\/wp-content\/uploads\/2020\/08\/aeropuerto-internacional-fort-auderdale.jpg 768w, https:\/\/digital58.com.ve\/site\/wp-content\/uploads\/2020\/08\/aeropuerto-internacional-fort-auderdale-300x200.jpg 300w, https:\/\/digital58.com.ve\/site\/wp-content\/uploads\/2020\/08\/aeropuerto-internacional-fort-auderdale-720x480.jpg 720w, https:\/\/digital58.com.ve\/site\/wp-content\/uploads\/2020\/08\/aeropuerto-internacional-fort-auderdale-480x320.jpg 480w\" sizes=\"auto, (max-width: 768px) 100vw, 768px\" \/><\/a><figcaption id=\"caption-attachment-123117\" class=\"wp-caption-text\">Aeropuerto Internacional de Fort Lauderdale, foto de archivo<\/figcaption><\/figure>\n<p>La oposici\u00f3n venezolana asegur\u00f3 este martes que el avi\u00f3n cargado con armas y d\u00f3lares en efectivo incautado hace tres d\u00edas en la ciudad estadounidense de Fort Lauderdale, estado de Florida, est\u00e1 relacionado con el Gobierno de Nicol\u00e1s Maduro, a trav\u00e9s del empresario colombiano Alex Saab.<\/p>\n<p><strong>Caracas, DC, Venezuela, 18 de agosto de 2020 (ND58).-<\/strong> \u00ab(El) avi\u00f3n venezolano YV 3441 interceptado por autoridades de EE.UU. cargado con armas y d\u00f3lares en efectivo pertenece a una empresa de Roswell Rosales, piloto de \u00c1lvaro Pulido Vargas, socio del testaferro de (Nicol\u00e1s) Maduro, Alex Saab\u00bb, dijo en Twitter el diputado opositor Carlos Paparoni.<\/p>\n<p>\u00abEl mundo se les pone peque\u00f1o, su estructura criminal est\u00e1 desnuda\u00bb, a\u00f1adi\u00f3 Paparoni, designado a finales de octubre de 2019 por Juan Guaid\u00f3 -a quien medio centenar de pa\u00edses reconocen como presidente interino de Venezuela- como Comisionado Regional Contra la Corrupci\u00f3n y el Lavado de Dinero.<\/p>\n<p>La Oficina de Aduanas y Protecci\u00f3n Fronteriza de Estados Unidos (CBP) inform\u00f3 esta misma jornada que incaut\u00f3 el pasado s\u00e1bado en Fort Lauderdale un avi\u00f3n cargado con 18 rifles de asalto, 6 escopetas, 58 pistolas semiautom\u00e1ticas y m\u00e1s de 20.000 d\u00f3lares en efectivo.<\/p>\n<p>En la operaci\u00f3n, que se produjo despu\u00e9s de una alerta sobre el movimiento de una aeronave relacionada con una investigaci\u00f3n en curso, tambi\u00e9n fueron detenidos dos venezolanos, cuyas identidades no fueron reveladas por las autoridades norteamericanas.<\/p>\n<p>Paparoni tampoco inform\u00f3 sobre las identidades de los detenidos, pero s\u00ed insisti\u00f3 en ligar la aeronave con Alex Saab, se\u00f1alado como presunto testaferro de Nicol\u00e1s Maduro y detenido en Cabo Verde el pasado 12 de junio por petici\u00f3n de Estados Unidos, que lo acusa de estar involucrado en una trama de lavado de dinero.<\/p>\n<p>Entonces, el Gobierno de Maduro respondi\u00f3 a la detenci\u00f3n tach\u00e1ndola como \u00abarbitraria\u00bb\u00a0 y se\u00f1alando que Saab se encontraba en Cabo Verde \u00abdurante una escala t\u00e9cnica\u00bb, en su condici\u00f3n de \u00abagente del Gobierno Bolivariano de Venezuela\u00bb.<\/p>\n<p>Saab ten\u00eda como objetivo \u00abrealizar gestiones para garantizar la obtenci\u00f3n de alimentos\u00bb para el programa gubernamental de comida susbsidiada de los Comit\u00e9s Locales de Alimentaci\u00f3n y Producci\u00f3n (CLAP), as\u00ed como de medicamentos, insumos m\u00e9dicos \u00aby otros bienes de car\u00e1cter humanitario para la atenci\u00f3n de la pandemia de la COVID-19\u00bb.<\/p>\n<p>El 14 de julio pasado el Gobierno de Cabo Verde autoriz\u00f3 la extradici\u00f3n de Saab a Estados Unidos, aunque Venezuela cree que el Supremo Tribunal de Justicia (STJ) del pa\u00eds africano revocar\u00e1 la decisi\u00f3n.<\/p><div class=\"ryaim69f44dc33adaf\" ><p style=\"text-align: center;\"><a href=\"https:\/\/t.me\/noticiasdigital58\" target=\"_blank\" rel=\"noopener\"><img class=\"aligncenter size-full wp-image-125363\" src=\"https:\/\/digital58.com.ve\/site\/wp-content\/uploads\/2021\/04\/banner-telegram-web-2021.png\" alt=\"\" width=\"600\" height=\"90\" \/><\/a><\/p><\/div><style type=\"text\/css\">\r\n@media screen and (min-width: 1201px) {\r\n.ryaim69f44dc33adaf {\r\ndisplay: block;\r\n}\r\n}\r\n@media screen and (min-width: 993px) and (max-width: 1200px) {\r\n.ryaim69f44dc33adaf {\r\ndisplay: block;\r\n}\r\n}\r\n@media screen and (min-width: 769px) and (max-width: 992px) {\r\n.ryaim69f44dc33adaf {\r\ndisplay: block;\r\n}\r\n}\r\n@media screen and (min-width: 768px) and (max-width: 768px) {\r\n.ryaim69f44dc33adaf {\r\ndisplay: block;\r\n}\r\n}\r\n@media screen and (max-width: 767px) {\r\n.ryaim69f44dc33adaf {\r\ndisplay: block;\r\n}\r\n}\r\n<\/style>\r\n\n<p><strong>Redacci\u00f3n ND58 | Fuente: EFE<\/strong><br \/>\n<strong>Edici\u00f3n: Villasmil, Henry<\/strong><br \/>\n<strong>Gr\u00e1fica: de archivo<\/strong><\/p>\n<div style=\"margin-top: 0px; margin-bottom: 0px;\" class=\"sharethis-inline-share-buttons\" ><\/div>","protected":false},"excerpt":{"rendered":"<p>La oposici\u00f3n venezolana asegur\u00f3 este martes que el avi\u00f3n cargado con armas y d\u00f3lares en efectivo incautado hace tres d\u00edas<\/p>\n","protected":false},"author":1,"featured_media":123117,"comment_status":"open","ping_status":"closed","sticky":false,"template":"","format":"standard","meta":{"colormag_page_container_layout":"default_layout","colormag_page_sidebar_layout":"default_layout","_uag_custom_page_level_css":"","footnotes":""},"categories":[16454],"tags":[15997,29,17386,5223,1304,20520,11949,233,14182,8605,20521],"class_list":["post-123116","post","type-post","status-publish","format-standard","has-post-thumbnail","hentry","category-venezuela","tag-alex-saab","tag-caracas","tag-carlos-paparoni","tag-denuncias","tag-estados-unidos","tag-fort-lauderdale","tag-juan-guaido","tag-nacionales","tag-nicolas-maduro-moros","tag-oposicion-venezolana","tag-roswell-rosales"],"yoast_head":"<!-- This site is optimized with the Yoast SEO plugin v27.5 - https:\/\/yoast.com\/product\/yoast-seo-wordpress\/ -->\n<title>La oposici\u00f3n vincula a Maduro con avi\u00f3n con armas y dinero incautado en EEUU<\/title>\n<meta name=\"description\" content=\"Venezuela\" \/>\n<meta name=\"robots\" content=\"index, follow, max-snippet:-1, max-image-preview:large, max-video-preview:-1\" \/>\n<link rel=\"canonical\" href=\"https:\/\/digital58.com.ve\/site\/2020\/08\/18\/la-oposicion-vincula-a-maduro-con-avion-con-armas-y-dinero-incautado-en-eeuu\/\" \/>\n<meta property=\"og:locale\" content=\"es_ES\" \/>\n<meta property=\"og:type\" content=\"article\" \/>\n<meta property=\"og:title\" content=\"La oposici\u00f3n vincula a Maduro con avi\u00f3n con armas y dinero incautado en EEUU\" \/>\n<meta property=\"og:description\" content=\"Venezuela\" \/>\n<meta property=\"og:url\" content=\"https:\/\/digital58.com.ve\/site\/2020\/08\/18\/la-oposicion-vincula-a-maduro-con-avion-con-armas-y-dinero-incautado-en-eeuu\/\" \/>\n<meta property=\"og:site_name\" content=\"Noticias Digital58\" \/>\n<meta property=\"article:published_time\" content=\"2020-08-19T03:29:53+00:00\" \/>\n<meta property=\"og:image\" content=\"https:\/\/digital58.com.ve\/site\/wp-content\/uploads\/2020\/08\/aeropuerto-internacional-fort-auderdale.jpg\" \/>\n\t<meta property=\"og:image:width\" content=\"768\" \/>\n\t<meta property=\"og:image:height\" content=\"512\" \/>\n\t<meta property=\"og:image:type\" content=\"image\/jpeg\" \/>\n<meta name=\"author\" content=\"Villasmil Henry\" \/>\n<meta name=\"twitter:card\" content=\"summary_large_image\" \/>\n<meta name=\"twitter:creator\" content=\"@https:\/\/twitter.com\/villasmilhfoto\" \/>\n<meta name=\"twitter:site\" content=\"@villasmilhfoto\" \/>\n<meta name=\"twitter:label1\" content=\"Escrito por\" \/>\n\t<meta name=\"twitter:data1\" content=\"Villasmil Henry\" \/>\n\t<meta name=\"twitter:label2\" content=\"Tiempo estimado de lectura\" \/>\n\t<meta name=\"twitter:data2\" content=\"2 minutos\" \/>\n<script type=\"application\/ld+json\" class=\"yoast-schema-graph\">{\"@context\":\"https:\\\/\\\/schema.org\",\"@graph\":[{\"@type\":\"Article\",\"@id\":\"https:\\\/\\\/digital58.com.ve\\\/site\\\/2020\\\/08\\\/18\\\/la-oposicion-vincula-a-maduro-con-avion-con-armas-y-dinero-incautado-en-eeuu\\\/#article\",\"isPartOf\":{\"@id\":\"https:\\\/\\\/digital58.com.ve\\\/site\\\/2020\\\/08\\\/18\\\/la-oposicion-vincula-a-maduro-con-avion-con-armas-y-dinero-incautado-en-eeuu\\\/\"},\"author\":{\"name\":\"Villasmil Henry\",\"@id\":\"https:\\\/\\\/digital58.com.ve\\\/site\\\/#\\\/schema\\\/person\\\/64d1c2e4d0d4fd1b849980c4331c2951\"},\"headline\":\"La oposici\u00f3n vincula a Maduro con avi\u00f3n con armas y dinero incautado en EEUU\",\"datePublished\":\"2020-08-19T03:29:53+00:00\",\"mainEntityOfPage\":{\"@id\":\"https:\\\/\\\/digital58.com.ve\\\/site\\\/2020\\\/08\\\/18\\\/la-oposicion-vincula-a-maduro-con-avion-con-armas-y-dinero-incautado-en-eeuu\\\/\"},\"wordCount\":474,\"commentCount\":0,\"publisher\":{\"@id\":\"https:\\\/\\\/digital58.com.ve\\\/site\\\/#\\\/schema\\\/person\\\/64d1c2e4d0d4fd1b849980c4331c2951\"},\"image\":{\"@id\":\"https:\\\/\\\/digital58.com.ve\\\/site\\\/2020\\\/08\\\/18\\\/la-oposicion-vincula-a-maduro-con-avion-con-armas-y-dinero-incautado-en-eeuu\\\/#primaryimage\"},\"thumbnailUrl\":\"https:\\\/\\\/digital58.com.ve\\\/site\\\/wp-content\\\/uploads\\\/2020\\\/08\\\/aeropuerto-internacional-fort-auderdale.jpg\",\"keywords\":[\"Alex Saab\",\"Caracas\",\"Carlos Paparoni\",\"Denuncias\",\"Estados Unidos\",\"Fort Lauderdale\",\"Juan Guaid\u00f3\",\"Nacionales\",\"Nicol\u00e1s Maduro Moros\",\"Oposici\u00f3n Venezolana\",\"Roswell Rosales\"],\"articleSection\":[\"Venezuela\"],\"inLanguage\":\"es\",\"potentialAction\":[{\"@type\":\"CommentAction\",\"name\":\"Comment\",\"target\":[\"https:\\\/\\\/digital58.com.ve\\\/site\\\/2020\\\/08\\\/18\\\/la-oposicion-vincula-a-maduro-con-avion-con-armas-y-dinero-incautado-en-eeuu\\\/#respond\"]}]},{\"@type\":\"WebPage\",\"@id\":\"https:\\\/\\\/digital58.com.ve\\\/site\\\/2020\\\/08\\\/18\\\/la-oposicion-vincula-a-maduro-con-avion-con-armas-y-dinero-incautado-en-eeuu\\\/\",\"url\":\"https:\\\/\\\/digital58.com.ve\\\/site\\\/2020\\\/08\\\/18\\\/la-oposicion-vincula-a-maduro-con-avion-con-armas-y-dinero-incautado-en-eeuu\\\/\",\"name\":\"La oposici\u00f3n vincula a Maduro con avi\u00f3n con armas y dinero incautado en EEUU\",\"isPartOf\":{\"@id\":\"https:\\\/\\\/digital58.com.ve\\\/site\\\/#website\"},\"primaryImageOfPage\":{\"@id\":\"https:\\\/\\\/digital58.com.ve\\\/site\\\/2020\\\/08\\\/18\\\/la-oposicion-vincula-a-maduro-con-avion-con-armas-y-dinero-incautado-en-eeuu\\\/#primaryimage\"},\"image\":{\"@id\":\"https:\\\/\\\/digital58.com.ve\\\/site\\\/2020\\\/08\\\/18\\\/la-oposicion-vincula-a-maduro-con-avion-con-armas-y-dinero-incautado-en-eeuu\\\/#primaryimage\"},\"thumbnailUrl\":\"https:\\\/\\\/digital58.com.ve\\\/site\\\/wp-content\\\/uploads\\\/2020\\\/08\\\/aeropuerto-internacional-fort-auderdale.jpg\",\"datePublished\":\"2020-08-19T03:29:53+00:00\",\"description\":\"Venezuela\",\"breadcrumb\":{\"@id\":\"https:\\\/\\\/digital58.com.ve\\\/site\\\/2020\\\/08\\\/18\\\/la-oposicion-vincula-a-maduro-con-avion-con-armas-y-dinero-incautado-en-eeuu\\\/#breadcrumb\"},\"inLanguage\":\"es\",\"potentialAction\":[{\"@type\":\"ReadAction\",\"target\":[\"https:\\\/\\\/digital58.com.ve\\\/site\\\/2020\\\/08\\\/18\\\/la-oposicion-vincula-a-maduro-con-avion-con-armas-y-dinero-incautado-en-eeuu\\\/\"]}]},{\"@type\":\"ImageObject\",\"inLanguage\":\"es\",\"@id\":\"https:\\\/\\\/digital58.com.ve\\\/site\\\/2020\\\/08\\\/18\\\/la-oposicion-vincula-a-maduro-con-avion-con-armas-y-dinero-incautado-en-eeuu\\\/#primaryimage\",\"url\":\"https:\\\/\\\/digital58.com.ve\\\/site\\\/wp-content\\\/uploads\\\/2020\\\/08\\\/aeropuerto-internacional-fort-auderdale.jpg\",\"contentUrl\":\"https:\\\/\\\/digital58.com.ve\\\/site\\\/wp-content\\\/uploads\\\/2020\\\/08\\\/aeropuerto-internacional-fort-auderdale.jpg\",\"width\":768,\"height\":512},{\"@type\":\"BreadcrumbList\",\"@id\":\"https:\\\/\\\/digital58.com.ve\\\/site\\\/2020\\\/08\\\/18\\\/la-oposicion-vincula-a-maduro-con-avion-con-armas-y-dinero-incautado-en-eeuu\\\/#breadcrumb\",\"itemListElement\":[{\"@type\":\"ListItem\",\"position\":1,\"name\":\"Home\",\"item\":\"https:\\\/\\\/digital58.com.ve\\\/site\\\/\"},{\"@type\":\"ListItem\",\"position\":2,\"name\":\"La oposici\u00f3n vincula a Maduro con avi\u00f3n con armas y dinero incautado en EEUU\"}]},{\"@type\":\"WebSite\",\"@id\":\"https:\\\/\\\/digital58.com.ve\\\/site\\\/#website\",\"url\":\"https:\\\/\\\/digital58.com.ve\\\/site\\\/\",\"name\":\"Noticias Digital58\",\"description\":\"Portal de Noticias \u00a1Periodismo web de verdad! Lanzamiento web 22.11.2005 \\\/ Maracaibo, Venezuela\",\"publisher\":{\"@id\":\"https:\\\/\\\/digital58.com.ve\\\/site\\\/#\\\/schema\\\/person\\\/64d1c2e4d0d4fd1b849980c4331c2951\"},\"alternateName\":\"ND58\",\"potentialAction\":[{\"@type\":\"SearchAction\",\"target\":{\"@type\":\"EntryPoint\",\"urlTemplate\":\"https:\\\/\\\/digital58.com.ve\\\/site\\\/?s={search_term_string}\"},\"query-input\":{\"@type\":\"PropertyValueSpecification\",\"valueRequired\":true,\"valueName\":\"search_term_string\"}}],\"inLanguage\":\"es\"},{\"@type\":[\"Person\",\"Organization\"],\"@id\":\"https:\\\/\\\/digital58.com.ve\\\/site\\\/#\\\/schema\\\/person\\\/64d1c2e4d0d4fd1b849980c4331c2951\",\"name\":\"Villasmil Henry\",\"image\":{\"@type\":\"ImageObject\",\"inLanguage\":\"es\",\"@id\":\"https:\\\/\\\/secure.gravatar.com\\\/avatar\\\/bb0c4a2fcb7970138239f7e404ea75757b1b507b28b5ce4c53fbd62d797c5a7c?s=96&d=mm&r=g\",\"url\":\"https:\\\/\\\/secure.gravatar.com\\\/avatar\\\/bb0c4a2fcb7970138239f7e404ea75757b1b507b28b5ce4c53fbd62d797c5a7c?s=96&d=mm&r=g\",\"contentUrl\":\"https:\\\/\\\/secure.gravatar.com\\\/avatar\\\/bb0c4a2fcb7970138239f7e404ea75757b1b507b28b5ce4c53fbd62d797c5a7c?s=96&d=mm&r=g\",\"caption\":\"Villasmil Henry\"},\"logo\":{\"@id\":\"https:\\\/\\\/secure.gravatar.com\\\/avatar\\\/bb0c4a2fcb7970138239f7e404ea75757b1b507b28b5ce4c53fbd62d797c5a7c?s=96&d=mm&r=g\"},\"sameAs\":[\"http:\\\/\\\/www.henryvillasmil.com.ve\",\"https:\\\/\\\/www.instagram.com\\\/villasmilhfoto\\\/\",\"https:\\\/\\\/x.com\\\/https:\\\/\\\/twitter.com\\\/villasmilhfoto\"],\"url\":\"https:\\\/\\\/digital58.com.ve\\\/site\\\/author\\\/droopy_68\\\/\"}]}<\/script>\n<!-- \/ Yoast SEO plugin. -->","yoast_head_json":{"title":"La oposici\u00f3n vincula a Maduro con avi\u00f3n con armas y dinero incautado en EEUU","description":"Venezuela","robots":{"index":"index","follow":"follow","max-snippet":"max-snippet:-1","max-image-preview":"max-image-preview:large","max-video-preview":"max-video-preview:-1"},"canonical":"https:\/\/digital58.com.ve\/site\/2020\/08\/18\/la-oposicion-vincula-a-maduro-con-avion-con-armas-y-dinero-incautado-en-eeuu\/","og_locale":"es_ES","og_type":"article","og_title":"La oposici\u00f3n vincula a Maduro con avi\u00f3n con armas y dinero incautado en EEUU","og_description":"Venezuela","og_url":"https:\/\/digital58.com.ve\/site\/2020\/08\/18\/la-oposicion-vincula-a-maduro-con-avion-con-armas-y-dinero-incautado-en-eeuu\/","og_site_name":"Noticias Digital58","article_published_time":"2020-08-19T03:29:53+00:00","og_image":[{"width":768,"height":512,"url":"https:\/\/digital58.com.ve\/site\/wp-content\/uploads\/2020\/08\/aeropuerto-internacional-fort-auderdale.jpg","type":"image\/jpeg"}],"author":"Villasmil Henry","twitter_card":"summary_large_image","twitter_creator":"@https:\/\/twitter.com\/villasmilhfoto","twitter_site":"@villasmilhfoto","twitter_misc":{"Escrito por":"Villasmil Henry","Tiempo estimado de lectura":"2 minutos"},"schema":{"@context":"https:\/\/schema.org","@graph":[{"@type":"Article","@id":"https:\/\/digital58.com.ve\/site\/2020\/08\/18\/la-oposicion-vincula-a-maduro-con-avion-con-armas-y-dinero-incautado-en-eeuu\/#article","isPartOf":{"@id":"https:\/\/digital58.com.ve\/site\/2020\/08\/18\/la-oposicion-vincula-a-maduro-con-avion-con-armas-y-dinero-incautado-en-eeuu\/"},"author":{"name":"Villasmil Henry","@id":"https:\/\/digital58.com.ve\/site\/#\/schema\/person\/64d1c2e4d0d4fd1b849980c4331c2951"},"headline":"La oposici\u00f3n vincula a Maduro con avi\u00f3n con armas y dinero incautado en EEUU","datePublished":"2020-08-19T03:29:53+00:00","mainEntityOfPage":{"@id":"https:\/\/digital58.com.ve\/site\/2020\/08\/18\/la-oposicion-vincula-a-maduro-con-avion-con-armas-y-dinero-incautado-en-eeuu\/"},"wordCount":474,"commentCount":0,"publisher":{"@id":"https:\/\/digital58.com.ve\/site\/#\/schema\/person\/64d1c2e4d0d4fd1b849980c4331c2951"},"image":{"@id":"https:\/\/digital58.com.ve\/site\/2020\/08\/18\/la-oposicion-vincula-a-maduro-con-avion-con-armas-y-dinero-incautado-en-eeuu\/#primaryimage"},"thumbnailUrl":"https:\/\/digital58.com.ve\/site\/wp-content\/uploads\/2020\/08\/aeropuerto-internacional-fort-auderdale.jpg","keywords":["Alex Saab","Caracas","Carlos Paparoni","Denuncias","Estados Unidos","Fort Lauderdale","Juan Guaid\u00f3","Nacionales","Nicol\u00e1s Maduro Moros","Oposici\u00f3n Venezolana","Roswell Rosales"],"articleSection":["Venezuela"],"inLanguage":"es","potentialAction":[{"@type":"CommentAction","name":"Comment","target":["https:\/\/digital58.com.ve\/site\/2020\/08\/18\/la-oposicion-vincula-a-maduro-con-avion-con-armas-y-dinero-incautado-en-eeuu\/#respond"]}]},{"@type":"WebPage","@id":"https:\/\/digital58.com.ve\/site\/2020\/08\/18\/la-oposicion-vincula-a-maduro-con-avion-con-armas-y-dinero-incautado-en-eeuu\/","url":"https:\/\/digital58.com.ve\/site\/2020\/08\/18\/la-oposicion-vincula-a-maduro-con-avion-con-armas-y-dinero-incautado-en-eeuu\/","name":"La oposici\u00f3n vincula a Maduro con avi\u00f3n con armas y dinero incautado en EEUU","isPartOf":{"@id":"https:\/\/digital58.com.ve\/site\/#website"},"primaryImageOfPage":{"@id":"https:\/\/digital58.com.ve\/site\/2020\/08\/18\/la-oposicion-vincula-a-maduro-con-avion-con-armas-y-dinero-incautado-en-eeuu\/#primaryimage"},"image":{"@id":"https:\/\/digital58.com.ve\/site\/2020\/08\/18\/la-oposicion-vincula-a-maduro-con-avion-con-armas-y-dinero-incautado-en-eeuu\/#primaryimage"},"thumbnailUrl":"https:\/\/digital58.com.ve\/site\/wp-content\/uploads\/2020\/08\/aeropuerto-internacional-fort-auderdale.jpg","datePublished":"2020-08-19T03:29:53+00:00","description":"Venezuela","breadcrumb":{"@id":"https:\/\/digital58.com.ve\/site\/2020\/08\/18\/la-oposicion-vincula-a-maduro-con-avion-con-armas-y-dinero-incautado-en-eeuu\/#breadcrumb"},"inLanguage":"es","potentialAction":[{"@type":"ReadAction","target":["https:\/\/digital58.com.ve\/site\/2020\/08\/18\/la-oposicion-vincula-a-maduro-con-avion-con-armas-y-dinero-incautado-en-eeuu\/"]}]},{"@type":"ImageObject","inLanguage":"es","@id":"https:\/\/digital58.com.ve\/site\/2020\/08\/18\/la-oposicion-vincula-a-maduro-con-avion-con-armas-y-dinero-incautado-en-eeuu\/#primaryimage","url":"https:\/\/digital58.com.ve\/site\/wp-content\/uploads\/2020\/08\/aeropuerto-internacional-fort-auderdale.jpg","contentUrl":"https:\/\/digital58.com.ve\/site\/wp-content\/uploads\/2020\/08\/aeropuerto-internacional-fort-auderdale.jpg","width":768,"height":512},{"@type":"BreadcrumbList","@id":"https:\/\/digital58.com.ve\/site\/2020\/08\/18\/la-oposicion-vincula-a-maduro-con-avion-con-armas-y-dinero-incautado-en-eeuu\/#breadcrumb","itemListElement":[{"@type":"ListItem","position":1,"name":"Home","item":"https:\/\/digital58.com.ve\/site\/"},{"@type":"ListItem","position":2,"name":"La oposici\u00f3n vincula a Maduro con avi\u00f3n con armas y dinero incautado en EEUU"}]},{"@type":"WebSite","@id":"https:\/\/digital58.com.ve\/site\/#website","url":"https:\/\/digital58.com.ve\/site\/","name":"Noticias Digital58","description":"Portal de Noticias \u00a1Periodismo web de verdad! Lanzamiento web 22.11.2005 \/ Maracaibo, Venezuela","publisher":{"@id":"https:\/\/digital58.com.ve\/site\/#\/schema\/person\/64d1c2e4d0d4fd1b849980c4331c2951"},"alternateName":"ND58","potentialAction":[{"@type":"SearchAction","target":{"@type":"EntryPoint","urlTemplate":"https:\/\/digital58.com.ve\/site\/?s={search_term_string}"},"query-input":{"@type":"PropertyValueSpecification","valueRequired":true,"valueName":"search_term_string"}}],"inLanguage":"es"},{"@type":["Person","Organization"],"@id":"https:\/\/digital58.com.ve\/site\/#\/schema\/person\/64d1c2e4d0d4fd1b849980c4331c2951","name":"Villasmil Henry","image":{"@type":"ImageObject","inLanguage":"es","@id":"https:\/\/secure.gravatar.com\/avatar\/bb0c4a2fcb7970138239f7e404ea75757b1b507b28b5ce4c53fbd62d797c5a7c?s=96&d=mm&r=g","url":"https:\/\/secure.gravatar.com\/avatar\/bb0c4a2fcb7970138239f7e404ea75757b1b507b28b5ce4c53fbd62d797c5a7c?s=96&d=mm&r=g","contentUrl":"https:\/\/secure.gravatar.com\/avatar\/bb0c4a2fcb7970138239f7e404ea75757b1b507b28b5ce4c53fbd62d797c5a7c?s=96&d=mm&r=g","caption":"Villasmil Henry"},"logo":{"@id":"https:\/\/secure.gravatar.com\/avatar\/bb0c4a2fcb7970138239f7e404ea75757b1b507b28b5ce4c53fbd62d797c5a7c?s=96&d=mm&r=g"},"sameAs":["http:\/\/www.henryvillasmil.com.ve","https:\/\/www.instagram.com\/villasmilhfoto\/","https:\/\/x.com\/https:\/\/twitter.com\/villasmilhfoto"],"url":"https:\/\/digital58.com.ve\/site\/author\/droopy_68\/"}]}},"uagb_featured_image_src":{"full":["https:\/\/digital58.com.ve\/site\/wp-content\/uploads\/2020\/08\/aeropuerto-internacional-fort-auderdale.jpg",768,512,false],"thumbnail":["https:\/\/digital58.com.ve\/site\/wp-content\/uploads\/2020\/08\/aeropuerto-internacional-fort-auderdale-150x150.jpg",150,150,true],"medium":["https:\/\/digital58.com.ve\/site\/wp-content\/uploads\/2020\/08\/aeropuerto-internacional-fort-auderdale-300x200.jpg",300,200,true],"medium_large":["https:\/\/digital58.com.ve\/site\/wp-content\/uploads\/2020\/08\/aeropuerto-internacional-fort-auderdale.jpg",768,512,false],"large":["https:\/\/digital58.com.ve\/site\/wp-content\/uploads\/2020\/08\/aeropuerto-internacional-fort-auderdale.jpg",768,512,false],"1536x1536":["https:\/\/digital58.com.ve\/site\/wp-content\/uploads\/2020\/08\/aeropuerto-internacional-fort-auderdale.jpg",768,512,false],"2048x2048":["https:\/\/digital58.com.ve\/site\/wp-content\/uploads\/2020\/08\/aeropuerto-internacional-fort-auderdale.jpg",768,512,false],"colormag-highlighted-post":["https:\/\/digital58.com.ve\/site\/wp-content\/uploads\/2020\/08\/aeropuerto-internacional-fort-auderdale.jpg",392,261,false],"colormag-featured-post-medium":["https:\/\/digital58.com.ve\/site\/wp-content\/uploads\/2020\/08\/aeropuerto-internacional-fort-auderdale.jpg",308,205,false],"colormag-featured-post-small":["https:\/\/digital58.com.ve\/site\/wp-content\/uploads\/2020\/08\/aeropuerto-internacional-fort-auderdale.jpg",130,87,false],"colormag-featured-image":["https:\/\/digital58.com.ve\/site\/wp-content\/uploads\/2020\/08\/aeropuerto-internacional-fort-auderdale.jpg",668,445,false],"colormag-default-news":["https:\/\/digital58.com.ve\/site\/wp-content\/uploads\/2020\/08\/aeropuerto-internacional-fort-auderdale.jpg",150,100,false],"colormag-featured-image-large":["https:\/\/digital58.com.ve\/site\/wp-content\/uploads\/2020\/08\/aeropuerto-internacional-fort-auderdale.jpg",768,512,false]},"uagb_author_info":{"display_name":"Villasmil Henry","author_link":"https:\/\/digital58.com.ve\/site\/author\/droopy_68\/"},"uagb_comment_info":0,"uagb_excerpt":"La oposici\u00f3n venezolana asegur\u00f3 este martes que el avi\u00f3n cargado con armas y d\u00f3lares en efectivo incautado hace tres d\u00edas","_links":{"self":[{"href":"https:\/\/digital58.com.ve\/site\/wp-json\/wp\/v2\/posts\/123116","targetHints":{"allow":["GET"]}}],"collection":[{"href":"https:\/\/digital58.com.ve\/site\/wp-json\/wp\/v2\/posts"}],"about":[{"href":"https:\/\/digital58.com.ve\/site\/wp-json\/wp\/v2\/types\/post"}],"author":[{"embeddable":true,"href":"https:\/\/digital58.com.ve\/site\/wp-json\/wp\/v2\/users\/1"}],"replies":[{"embeddable":true,"href":"https:\/\/digital58.com.ve\/site\/wp-json\/wp\/v2\/comments?post=123116"}],"version-history":[{"count":0,"href":"https:\/\/digital58.com.ve\/site\/wp-json\/wp\/v2\/posts\/123116\/revisions"}],"wp:featuredmedia":[{"embeddable":true,"href":"https:\/\/digital58.com.ve\/site\/wp-json\/wp\/v2\/media\/123117"}],"wp:attachment":[{"href":"https:\/\/digital58.com.ve\/site\/wp-json\/wp\/v2\/media?parent=123116"}],"wp:term":[{"taxonomy":"category","embeddable":true,"href":"https:\/\/digital58.com.ve\/site\/wp-json\/wp\/v2\/categories?post=123116"},{"taxonomy":"post_tag","embeddable":true,"href":"https:\/\/digital58.com.ve\/site\/wp-json\/wp\/v2\/tags?post=123116"}],"curies":[{"name":"wp","href":"https:\/\/api.w.org\/{rel}","templated":true}]}}