{"id":123177,"date":"2020-08-19T09:02:04","date_gmt":"2020-08-19T13:02:04","guid":{"rendered":"https:\/\/digital58.com.ve\/site\/?p=123177"},"modified":"2020-08-19T09:02:04","modified_gmt":"2020-08-19T13:02:04","slug":"deyna-castellanos-no-fue-convocada-por-el-atletico-de-madrid-para-la-fase-final-de-la-liga-de-campeones","status":"publish","type":"post","link":"https:\/\/digital58.com.ve\/site\/2020\/08\/19\/deyna-castellanos-no-fue-convocada-por-el-atletico-de-madrid-para-la-fase-final-de-la-liga-de-campeones\/","title":{"rendered":"Deyna Castellanos no fue convocada por el Atl\u00e9tico de Madrid para la fase final de la Liga de campeones"},"content":{"rendered":"<p><img loading=\"lazy\" decoding=\"async\" class=\"size-full wp-image-123178 aligncenter\" src=\"https:\/\/digital58.com.ve\/site\/wp-content\/uploads\/2020\/08\/Deyna-Castellanos-21-01-2020.jpg\" alt=\"\" width=\"656\" height=\"437\" srcset=\"https:\/\/digital58.com.ve\/site\/wp-content\/uploads\/2020\/08\/Deyna-Castellanos-21-01-2020.jpg 656w, https:\/\/digital58.com.ve\/site\/wp-content\/uploads\/2020\/08\/Deyna-Castellanos-21-01-2020-300x200.jpg 300w, https:\/\/digital58.com.ve\/site\/wp-content\/uploads\/2020\/08\/Deyna-Castellanos-21-01-2020-480x320.jpg 480w\" sizes=\"auto, (max-width: 656px) 100vw, 656px\" \/><\/p>\n<p>Para el encuentro de cuartos de final, el t\u00e9cnico Dani Gonz\u00e1lez tendr\u00e1 la baja por sanci\u00f3n de la delantera brasile\u00f1a Ludmila da Silva.<\/p>\n<p><b>Madrid, Espa\u00f1a\u00a0 19 de agosto de 2020 (ND58).-<\/b>\u00a0La talentosa futbolista venezolana \u00a0Deyna Castellanos no figura en la lista de jugadoras inscritas por el Atl\u00e9tico de Madrid para la fase final de la Liga de Campeones, en la que s\u00ed aparecen seis de las ocho nuevas incorporaciones colchoneras.<\/p>\n<p>La portera sueca Hedvig Lindahl, la lateral italiana Alia Guagni, la central holandesa Merel van Dongen, la centrocampista inglesa Jade Moore, la extremo alemana Turid Knaak y la francesa Emelyne Laurent copan las seis nuevas plazas disponibles para la Final a Ocho del Pa\u00eds Vasco.<\/p>\n<p>Deyna Castellanos no figura entre las inscritas, por lo que este viernes (18.00 hora local) no podr\u00e1 jugar ante el Barcelona en San Mam\u00e9s (Bilbao) la eliminatoria correspondiente a los cuartos de final, ronda que el Atl\u00e9tico de Madrid disputar\u00e1 por primera vez en su historia.<\/p>\n<p>Tambi\u00e9n se quedan fuera de la lista la portera Pauline Peyraud-Magnin y la lateral Grace Kazadi. La UEFA solo permite la inscripci\u00f3n de seis nuevas jugadoras para la fase final del torneo europeo y Deyna Castellanos, que recal\u00f3 en el club en el pasado mercado invernal, no estaba en la anterior lista.<\/p>\n<p>De ella se caen las jugadoras que no continuar\u00e1n la temporada 2020\/21 en el club rojiblanco: las porteras Lola Gallardo y Sari van Veenendaal, las defensas Kenti Robles, Elena Linari y Natiya Pantsulaya y las delanteras Olga Garc\u00eda y Olha Ovdiychuk, adem\u00e1s de la centrocampista Virginia Torrecilla, que se recupera de un tumor cerebral.<\/p>\n<p>Para el encuentro de cuartos de final, el t\u00e9cnico Dani Gonz\u00e1lez tendr\u00e1 la baja por sanci\u00f3n de la delantera brasile\u00f1a Ludmila da Silva.<\/p>\n<p>Este lunes, adem\u00e1s, el Atl\u00e9tico de Madrid confirm\u00f3 los cinco casos positivos con la COVID-19 entre las pruebas realizadas a jugadoras, cuerpo t\u00e9cnico y auxiliares. Por este motivo, la actividad del equipo qued\u00f3 paralizada desde el 7 al 17 de agosto.<\/p>\n<p>Jugadoras inscritas por el Atl\u00e9tico de Madrid:<\/p>\n<p>Porteras: Hedvig Lindahl (SUE) y Jana Xin (ESP).<\/p>\n<p>Defensas: Alia Guagni (ITA), Laia Aleixandri (ESP), Merel van Dongen (HOL), Carmen Menayo (ESP), Kylie Strom (USA), Aissatou Tounkara (FRA) y Sonia Garc\u00eda (ESP).<\/p>\n<p>Centrocampistas: \u00c1ngela Sosa (ESP), Amanda Sampedro (ESP), Silvia Meseguer (ESP), Jade Moore (ING), Alexandra Chidiac (AUS) y Leire Pe\u00f1a (ESP).<\/p>\n<p>Delanteras: Ludmila da Silva (BRA), Charlyn Corral (MEX), Toni Duggan (ING), Leicy Santos (COL), Ana Marcos (ESP), Turid Knaak (ALE) y Emelyne Laurent (FRA).<\/p><div class=\"mlagw69f754146dde0\" ><p style=\"text-align: center;\"><a href=\"https:\/\/t.me\/noticiasdigital58\" target=\"_blank\" rel=\"noopener\"><img class=\"aligncenter size-full wp-image-125363\" src=\"https:\/\/digital58.com.ve\/site\/wp-content\/uploads\/2021\/04\/banner-telegram-web-2021.png\" alt=\"\" width=\"600\" height=\"90\" \/><\/a><\/p><\/div><style type=\"text\/css\">\r\n@media screen and (min-width: 1201px) {\r\n.mlagw69f754146dde0 {\r\ndisplay: block;\r\n}\r\n}\r\n@media screen and (min-width: 993px) and (max-width: 1200px) {\r\n.mlagw69f754146dde0 {\r\ndisplay: block;\r\n}\r\n}\r\n@media screen and (min-width: 769px) and (max-width: 992px) {\r\n.mlagw69f754146dde0 {\r\ndisplay: block;\r\n}\r\n}\r\n@media screen and (min-width: 768px) and (max-width: 768px) {\r\n.mlagw69f754146dde0 {\r\ndisplay: block;\r\n}\r\n}\r\n@media screen and (max-width: 767px) {\r\n.mlagw69f754146dde0 {\r\ndisplay: block;\r\n}\r\n}\r\n<\/style>\r\n\n<p><b><strong>Re<\/strong><strong>dacci\u00f3n: Molero, Luis\u00a0 (@Moleromarquez) | Fuente: Agencias<br \/>\nEdici\u00f3n: Villasmil, Henry<br \/>\nGr\u00e1ficas: Cortes\u00eda<\/strong><\/b><\/p>\n<div style=\"margin-top: 0px; margin-bottom: 0px;\" class=\"sharethis-inline-share-buttons\" ><\/div>","protected":false},"excerpt":{"rendered":"<p>Para el encuentro de cuartos de final, el t\u00e9cnico Dani Gonz\u00e1lez tendr\u00e1 la baja por sanci\u00f3n de la delantera brasile\u00f1a<\/p>\n","protected":false},"author":26,"featured_media":123178,"comment_status":"open","ping_status":"closed","sticky":false,"template":"","format":"standard","meta":{"colormag_page_container_layout":"default_layout","colormag_page_sidebar_layout":"default_layout","_uag_custom_page_level_css":"","footnotes":""},"categories":[5402],"tags":[423,20542,8670,13,8,6410,43],"class_list":["post-123177","post","type-post","status-publish","format-standard","has-post-thumbnail","hentry","category-deportes","tag-atletico-de-madrid","tag-dani-gonzalez","tag-deyna-castellanos","tag-futbol","tag-internacionales","tag-liga-de-campeones","tag-uefa"],"yoast_head":"<!-- This site is optimized with the Yoast SEO plugin v27.5 - https:\/\/yoast.com\/product\/yoast-seo-wordpress\/ -->\n<title>Deyna Castellanos no fue convocada por el Atl\u00e9tico de Madrid para la fase final de la Liga de campeones<\/title>\n<meta name=\"description\" content=\"Deportes\" \/>\n<meta name=\"robots\" content=\"index, follow, max-snippet:-1, max-image-preview:large, max-video-preview:-1\" \/>\n<link rel=\"canonical\" href=\"https:\/\/digital58.com.ve\/site\/2020\/08\/19\/deyna-castellanos-no-fue-convocada-por-el-atletico-de-madrid-para-la-fase-final-de-la-liga-de-campeones\/\" \/>\n<meta property=\"og:locale\" content=\"es_ES\" \/>\n<meta property=\"og:type\" content=\"article\" \/>\n<meta property=\"og:title\" content=\"Deyna Castellanos no fue convocada por el Atl\u00e9tico de Madrid para la fase final de la Liga de campeones\" \/>\n<meta property=\"og:description\" content=\"Deportes\" \/>\n<meta property=\"og:url\" content=\"https:\/\/digital58.com.ve\/site\/2020\/08\/19\/deyna-castellanos-no-fue-convocada-por-el-atletico-de-madrid-para-la-fase-final-de-la-liga-de-campeones\/\" \/>\n<meta property=\"og:site_name\" content=\"Noticias Digital58\" \/>\n<meta property=\"article:published_time\" content=\"2020-08-19T13:02:04+00:00\" \/>\n<meta property=\"og:image\" content=\"https:\/\/digital58.com.ve\/site\/wp-content\/uploads\/2020\/08\/Deyna-Castellanos-21-01-2020.jpg\" \/>\n\t<meta property=\"og:image:width\" content=\"656\" \/>\n\t<meta property=\"og:image:height\" content=\"437\" \/>\n\t<meta property=\"og:image:type\" content=\"image\/jpeg\" \/>\n<meta name=\"author\" content=\"Molero Luis\" \/>\n<meta name=\"twitter:card\" content=\"summary_large_image\" \/>\n<meta name=\"twitter:creator\" content=\"@Digital_58\" \/>\n<meta name=\"twitter:site\" content=\"@villasmilhfoto\" \/>\n<meta name=\"twitter:label1\" content=\"Escrito por\" \/>\n\t<meta name=\"twitter:data1\" content=\"Molero Luis\" \/>\n\t<meta name=\"twitter:label2\" content=\"Tiempo estimado de lectura\" \/>\n\t<meta name=\"twitter:data2\" content=\"2 minutos\" \/>\n<script type=\"application\/ld+json\" class=\"yoast-schema-graph\">{\"@context\":\"https:\\\/\\\/schema.org\",\"@graph\":[{\"@type\":\"Article\",\"@id\":\"https:\\\/\\\/digital58.com.ve\\\/site\\\/2020\\\/08\\\/19\\\/deyna-castellanos-no-fue-convocada-por-el-atletico-de-madrid-para-la-fase-final-de-la-liga-de-campeones\\\/#article\",\"isPartOf\":{\"@id\":\"https:\\\/\\\/digital58.com.ve\\\/site\\\/2020\\\/08\\\/19\\\/deyna-castellanos-no-fue-convocada-por-el-atletico-de-madrid-para-la-fase-final-de-la-liga-de-campeones\\\/\"},\"author\":{\"name\":\"Molero Luis\",\"@id\":\"https:\\\/\\\/digital58.com.ve\\\/site\\\/#\\\/schema\\\/person\\\/c61667ce6845137620ee3f0aaabade17\"},\"headline\":\"Deyna Castellanos no fue convocada por el Atl\u00e9tico de Madrid para la fase final de la Liga de campeones\",\"datePublished\":\"2020-08-19T13:02:04+00:00\",\"mainEntityOfPage\":{\"@id\":\"https:\\\/\\\/digital58.com.ve\\\/site\\\/2020\\\/08\\\/19\\\/deyna-castellanos-no-fue-convocada-por-el-atletico-de-madrid-para-la-fase-final-de-la-liga-de-campeones\\\/\"},\"wordCount\":470,\"commentCount\":0,\"publisher\":{\"@id\":\"https:\\\/\\\/digital58.com.ve\\\/site\\\/#\\\/schema\\\/person\\\/64d1c2e4d0d4fd1b849980c4331c2951\"},\"image\":{\"@id\":\"https:\\\/\\\/digital58.com.ve\\\/site\\\/2020\\\/08\\\/19\\\/deyna-castellanos-no-fue-convocada-por-el-atletico-de-madrid-para-la-fase-final-de-la-liga-de-campeones\\\/#primaryimage\"},\"thumbnailUrl\":\"https:\\\/\\\/digital58.com.ve\\\/site\\\/wp-content\\\/uploads\\\/2020\\\/08\\\/Deyna-Castellanos-21-01-2020.jpg\",\"keywords\":[\"Atl\u00e9tico de Madrid\",\"Dani Gonz\u00e1lez\",\"Deyna Castellanos\",\"F\u00fatbol\",\"Internacionales\",\"Liga de Campeones\",\"UEFA\"],\"articleSection\":[\"Deportes\"],\"inLanguage\":\"es\",\"potentialAction\":[{\"@type\":\"CommentAction\",\"name\":\"Comment\",\"target\":[\"https:\\\/\\\/digital58.com.ve\\\/site\\\/2020\\\/08\\\/19\\\/deyna-castellanos-no-fue-convocada-por-el-atletico-de-madrid-para-la-fase-final-de-la-liga-de-campeones\\\/#respond\"]}]},{\"@type\":\"WebPage\",\"@id\":\"https:\\\/\\\/digital58.com.ve\\\/site\\\/2020\\\/08\\\/19\\\/deyna-castellanos-no-fue-convocada-por-el-atletico-de-madrid-para-la-fase-final-de-la-liga-de-campeones\\\/\",\"url\":\"https:\\\/\\\/digital58.com.ve\\\/site\\\/2020\\\/08\\\/19\\\/deyna-castellanos-no-fue-convocada-por-el-atletico-de-madrid-para-la-fase-final-de-la-liga-de-campeones\\\/\",\"name\":\"Deyna Castellanos no fue convocada por el Atl\u00e9tico de Madrid para la fase final de la Liga de campeones\",\"isPartOf\":{\"@id\":\"https:\\\/\\\/digital58.com.ve\\\/site\\\/#website\"},\"primaryImageOfPage\":{\"@id\":\"https:\\\/\\\/digital58.com.ve\\\/site\\\/2020\\\/08\\\/19\\\/deyna-castellanos-no-fue-convocada-por-el-atletico-de-madrid-para-la-fase-final-de-la-liga-de-campeones\\\/#primaryimage\"},\"image\":{\"@id\":\"https:\\\/\\\/digital58.com.ve\\\/site\\\/2020\\\/08\\\/19\\\/deyna-castellanos-no-fue-convocada-por-el-atletico-de-madrid-para-la-fase-final-de-la-liga-de-campeones\\\/#primaryimage\"},\"thumbnailUrl\":\"https:\\\/\\\/digital58.com.ve\\\/site\\\/wp-content\\\/uploads\\\/2020\\\/08\\\/Deyna-Castellanos-21-01-2020.jpg\",\"datePublished\":\"2020-08-19T13:02:04+00:00\",\"description\":\"Deportes\",\"breadcrumb\":{\"@id\":\"https:\\\/\\\/digital58.com.ve\\\/site\\\/2020\\\/08\\\/19\\\/deyna-castellanos-no-fue-convocada-por-el-atletico-de-madrid-para-la-fase-final-de-la-liga-de-campeones\\\/#breadcrumb\"},\"inLanguage\":\"es\",\"potentialAction\":[{\"@type\":\"ReadAction\",\"target\":[\"https:\\\/\\\/digital58.com.ve\\\/site\\\/2020\\\/08\\\/19\\\/deyna-castellanos-no-fue-convocada-por-el-atletico-de-madrid-para-la-fase-final-de-la-liga-de-campeones\\\/\"]}]},{\"@type\":\"ImageObject\",\"inLanguage\":\"es\",\"@id\":\"https:\\\/\\\/digital58.com.ve\\\/site\\\/2020\\\/08\\\/19\\\/deyna-castellanos-no-fue-convocada-por-el-atletico-de-madrid-para-la-fase-final-de-la-liga-de-campeones\\\/#primaryimage\",\"url\":\"https:\\\/\\\/digital58.com.ve\\\/site\\\/wp-content\\\/uploads\\\/2020\\\/08\\\/Deyna-Castellanos-21-01-2020.jpg\",\"contentUrl\":\"https:\\\/\\\/digital58.com.ve\\\/site\\\/wp-content\\\/uploads\\\/2020\\\/08\\\/Deyna-Castellanos-21-01-2020.jpg\",\"width\":656,\"height\":437},{\"@type\":\"BreadcrumbList\",\"@id\":\"https:\\\/\\\/digital58.com.ve\\\/site\\\/2020\\\/08\\\/19\\\/deyna-castellanos-no-fue-convocada-por-el-atletico-de-madrid-para-la-fase-final-de-la-liga-de-campeones\\\/#breadcrumb\",\"itemListElement\":[{\"@type\":\"ListItem\",\"position\":1,\"name\":\"Home\",\"item\":\"https:\\\/\\\/digital58.com.ve\\\/site\\\/\"},{\"@type\":\"ListItem\",\"position\":2,\"name\":\"Deyna Castellanos no fue convocada por el Atl\u00e9tico de Madrid para la fase final de la Liga de campeones\"}]},{\"@type\":\"WebSite\",\"@id\":\"https:\\\/\\\/digital58.com.ve\\\/site\\\/#website\",\"url\":\"https:\\\/\\\/digital58.com.ve\\\/site\\\/\",\"name\":\"Noticias Digital58\",\"description\":\"Portal de Noticias \u00a1Periodismo web de verdad! Lanzamiento web 22.11.2005 \\\/ Maracaibo, Venezuela\",\"publisher\":{\"@id\":\"https:\\\/\\\/digital58.com.ve\\\/site\\\/#\\\/schema\\\/person\\\/64d1c2e4d0d4fd1b849980c4331c2951\"},\"alternateName\":\"ND58\",\"potentialAction\":[{\"@type\":\"SearchAction\",\"target\":{\"@type\":\"EntryPoint\",\"urlTemplate\":\"https:\\\/\\\/digital58.com.ve\\\/site\\\/?s={search_term_string}\"},\"query-input\":{\"@type\":\"PropertyValueSpecification\",\"valueRequired\":true,\"valueName\":\"search_term_string\"}}],\"inLanguage\":\"es\"},{\"@type\":[\"Person\",\"Organization\"],\"@id\":\"https:\\\/\\\/digital58.com.ve\\\/site\\\/#\\\/schema\\\/person\\\/64d1c2e4d0d4fd1b849980c4331c2951\",\"name\":\"Villasmil Henry\",\"image\":{\"@type\":\"ImageObject\",\"inLanguage\":\"es\",\"@id\":\"https:\\\/\\\/secure.gravatar.com\\\/avatar\\\/bb0c4a2fcb7970138239f7e404ea75757b1b507b28b5ce4c53fbd62d797c5a7c?s=96&d=mm&r=g\",\"url\":\"https:\\\/\\\/secure.gravatar.com\\\/avatar\\\/bb0c4a2fcb7970138239f7e404ea75757b1b507b28b5ce4c53fbd62d797c5a7c?s=96&d=mm&r=g\",\"contentUrl\":\"https:\\\/\\\/secure.gravatar.com\\\/avatar\\\/bb0c4a2fcb7970138239f7e404ea75757b1b507b28b5ce4c53fbd62d797c5a7c?s=96&d=mm&r=g\",\"caption\":\"Villasmil Henry\"},\"logo\":{\"@id\":\"https:\\\/\\\/secure.gravatar.com\\\/avatar\\\/bb0c4a2fcb7970138239f7e404ea75757b1b507b28b5ce4c53fbd62d797c5a7c?s=96&d=mm&r=g\"},\"sameAs\":[\"http:\\\/\\\/www.henryvillasmil.com.ve\",\"https:\\\/\\\/www.instagram.com\\\/villasmilhfoto\\\/\",\"https:\\\/\\\/x.com\\\/https:\\\/\\\/twitter.com\\\/villasmilhfoto\"]},{\"@type\":\"Person\",\"@id\":\"https:\\\/\\\/digital58.com.ve\\\/site\\\/#\\\/schema\\\/person\\\/c61667ce6845137620ee3f0aaabade17\",\"name\":\"Molero Luis\",\"image\":{\"@type\":\"ImageObject\",\"inLanguage\":\"es\",\"@id\":\"https:\\\/\\\/secure.gravatar.com\\\/avatar\\\/bf041ec637e3e7405449807deb2f7cf3d2de7c6fa755dd56e985201de9863f2b?s=96&d=mm&r=g\",\"url\":\"https:\\\/\\\/secure.gravatar.com\\\/avatar\\\/bf041ec637e3e7405449807deb2f7cf3d2de7c6fa755dd56e985201de9863f2b?s=96&d=mm&r=g\",\"contentUrl\":\"https:\\\/\\\/secure.gravatar.com\\\/avatar\\\/bf041ec637e3e7405449807deb2f7cf3d2de7c6fa755dd56e985201de9863f2b?s=96&d=mm&r=g\",\"caption\":\"Molero Luis\"},\"url\":\"https:\\\/\\\/digital58.com.ve\\\/site\\\/author\\\/luismolero\\\/\"}]}<\/script>\n<!-- \/ Yoast SEO plugin. -->","yoast_head_json":{"title":"Deyna Castellanos no fue convocada por el Atl\u00e9tico de Madrid para la fase final de la Liga de campeones","description":"Deportes","robots":{"index":"index","follow":"follow","max-snippet":"max-snippet:-1","max-image-preview":"max-image-preview:large","max-video-preview":"max-video-preview:-1"},"canonical":"https:\/\/digital58.com.ve\/site\/2020\/08\/19\/deyna-castellanos-no-fue-convocada-por-el-atletico-de-madrid-para-la-fase-final-de-la-liga-de-campeones\/","og_locale":"es_ES","og_type":"article","og_title":"Deyna Castellanos no fue convocada por el Atl\u00e9tico de Madrid para la fase final de la Liga de campeones","og_description":"Deportes","og_url":"https:\/\/digital58.com.ve\/site\/2020\/08\/19\/deyna-castellanos-no-fue-convocada-por-el-atletico-de-madrid-para-la-fase-final-de-la-liga-de-campeones\/","og_site_name":"Noticias Digital58","article_published_time":"2020-08-19T13:02:04+00:00","og_image":[{"width":656,"height":437,"url":"https:\/\/digital58.com.ve\/site\/wp-content\/uploads\/2020\/08\/Deyna-Castellanos-21-01-2020.jpg","type":"image\/jpeg"}],"author":"Molero Luis","twitter_card":"summary_large_image","twitter_creator":"@Digital_58","twitter_site":"@villasmilhfoto","twitter_misc":{"Escrito por":"Molero Luis","Tiempo estimado de lectura":"2 minutos"},"schema":{"@context":"https:\/\/schema.org","@graph":[{"@type":"Article","@id":"https:\/\/digital58.com.ve\/site\/2020\/08\/19\/deyna-castellanos-no-fue-convocada-por-el-atletico-de-madrid-para-la-fase-final-de-la-liga-de-campeones\/#article","isPartOf":{"@id":"https:\/\/digital58.com.ve\/site\/2020\/08\/19\/deyna-castellanos-no-fue-convocada-por-el-atletico-de-madrid-para-la-fase-final-de-la-liga-de-campeones\/"},"author":{"name":"Molero Luis","@id":"https:\/\/digital58.com.ve\/site\/#\/schema\/person\/c61667ce6845137620ee3f0aaabade17"},"headline":"Deyna Castellanos no fue convocada por el Atl\u00e9tico de Madrid para la fase final de la Liga de campeones","datePublished":"2020-08-19T13:02:04+00:00","mainEntityOfPage":{"@id":"https:\/\/digital58.com.ve\/site\/2020\/08\/19\/deyna-castellanos-no-fue-convocada-por-el-atletico-de-madrid-para-la-fase-final-de-la-liga-de-campeones\/"},"wordCount":470,"commentCount":0,"publisher":{"@id":"https:\/\/digital58.com.ve\/site\/#\/schema\/person\/64d1c2e4d0d4fd1b849980c4331c2951"},"image":{"@id":"https:\/\/digital58.com.ve\/site\/2020\/08\/19\/deyna-castellanos-no-fue-convocada-por-el-atletico-de-madrid-para-la-fase-final-de-la-liga-de-campeones\/#primaryimage"},"thumbnailUrl":"https:\/\/digital58.com.ve\/site\/wp-content\/uploads\/2020\/08\/Deyna-Castellanos-21-01-2020.jpg","keywords":["Atl\u00e9tico de Madrid","Dani Gonz\u00e1lez","Deyna Castellanos","F\u00fatbol","Internacionales","Liga de Campeones","UEFA"],"articleSection":["Deportes"],"inLanguage":"es","potentialAction":[{"@type":"CommentAction","name":"Comment","target":["https:\/\/digital58.com.ve\/site\/2020\/08\/19\/deyna-castellanos-no-fue-convocada-por-el-atletico-de-madrid-para-la-fase-final-de-la-liga-de-campeones\/#respond"]}]},{"@type":"WebPage","@id":"https:\/\/digital58.com.ve\/site\/2020\/08\/19\/deyna-castellanos-no-fue-convocada-por-el-atletico-de-madrid-para-la-fase-final-de-la-liga-de-campeones\/","url":"https:\/\/digital58.com.ve\/site\/2020\/08\/19\/deyna-castellanos-no-fue-convocada-por-el-atletico-de-madrid-para-la-fase-final-de-la-liga-de-campeones\/","name":"Deyna Castellanos no fue convocada por el Atl\u00e9tico de Madrid para la fase final de la Liga de campeones","isPartOf":{"@id":"https:\/\/digital58.com.ve\/site\/#website"},"primaryImageOfPage":{"@id":"https:\/\/digital58.com.ve\/site\/2020\/08\/19\/deyna-castellanos-no-fue-convocada-por-el-atletico-de-madrid-para-la-fase-final-de-la-liga-de-campeones\/#primaryimage"},"image":{"@id":"https:\/\/digital58.com.ve\/site\/2020\/08\/19\/deyna-castellanos-no-fue-convocada-por-el-atletico-de-madrid-para-la-fase-final-de-la-liga-de-campeones\/#primaryimage"},"thumbnailUrl":"https:\/\/digital58.com.ve\/site\/wp-content\/uploads\/2020\/08\/Deyna-Castellanos-21-01-2020.jpg","datePublished":"2020-08-19T13:02:04+00:00","description":"Deportes","breadcrumb":{"@id":"https:\/\/digital58.com.ve\/site\/2020\/08\/19\/deyna-castellanos-no-fue-convocada-por-el-atletico-de-madrid-para-la-fase-final-de-la-liga-de-campeones\/#breadcrumb"},"inLanguage":"es","potentialAction":[{"@type":"ReadAction","target":["https:\/\/digital58.com.ve\/site\/2020\/08\/19\/deyna-castellanos-no-fue-convocada-por-el-atletico-de-madrid-para-la-fase-final-de-la-liga-de-campeones\/"]}]},{"@type":"ImageObject","inLanguage":"es","@id":"https:\/\/digital58.com.ve\/site\/2020\/08\/19\/deyna-castellanos-no-fue-convocada-por-el-atletico-de-madrid-para-la-fase-final-de-la-liga-de-campeones\/#primaryimage","url":"https:\/\/digital58.com.ve\/site\/wp-content\/uploads\/2020\/08\/Deyna-Castellanos-21-01-2020.jpg","contentUrl":"https:\/\/digital58.com.ve\/site\/wp-content\/uploads\/2020\/08\/Deyna-Castellanos-21-01-2020.jpg","width":656,"height":437},{"@type":"BreadcrumbList","@id":"https:\/\/digital58.com.ve\/site\/2020\/08\/19\/deyna-castellanos-no-fue-convocada-por-el-atletico-de-madrid-para-la-fase-final-de-la-liga-de-campeones\/#breadcrumb","itemListElement":[{"@type":"ListItem","position":1,"name":"Home","item":"https:\/\/digital58.com.ve\/site\/"},{"@type":"ListItem","position":2,"name":"Deyna Castellanos no fue convocada por el Atl\u00e9tico de Madrid para la fase final de la Liga de campeones"}]},{"@type":"WebSite","@id":"https:\/\/digital58.com.ve\/site\/#website","url":"https:\/\/digital58.com.ve\/site\/","name":"Noticias Digital58","description":"Portal de Noticias \u00a1Periodismo web de verdad! Lanzamiento web 22.11.2005 \/ Maracaibo, Venezuela","publisher":{"@id":"https:\/\/digital58.com.ve\/site\/#\/schema\/person\/64d1c2e4d0d4fd1b849980c4331c2951"},"alternateName":"ND58","potentialAction":[{"@type":"SearchAction","target":{"@type":"EntryPoint","urlTemplate":"https:\/\/digital58.com.ve\/site\/?s={search_term_string}"},"query-input":{"@type":"PropertyValueSpecification","valueRequired":true,"valueName":"search_term_string"}}],"inLanguage":"es"},{"@type":["Person","Organization"],"@id":"https:\/\/digital58.com.ve\/site\/#\/schema\/person\/64d1c2e4d0d4fd1b849980c4331c2951","name":"Villasmil Henry","image":{"@type":"ImageObject","inLanguage":"es","@id":"https:\/\/secure.gravatar.com\/avatar\/bb0c4a2fcb7970138239f7e404ea75757b1b507b28b5ce4c53fbd62d797c5a7c?s=96&d=mm&r=g","url":"https:\/\/secure.gravatar.com\/avatar\/bb0c4a2fcb7970138239f7e404ea75757b1b507b28b5ce4c53fbd62d797c5a7c?s=96&d=mm&r=g","contentUrl":"https:\/\/secure.gravatar.com\/avatar\/bb0c4a2fcb7970138239f7e404ea75757b1b507b28b5ce4c53fbd62d797c5a7c?s=96&d=mm&r=g","caption":"Villasmil Henry"},"logo":{"@id":"https:\/\/secure.gravatar.com\/avatar\/bb0c4a2fcb7970138239f7e404ea75757b1b507b28b5ce4c53fbd62d797c5a7c?s=96&d=mm&r=g"},"sameAs":["http:\/\/www.henryvillasmil.com.ve","https:\/\/www.instagram.com\/villasmilhfoto\/","https:\/\/x.com\/https:\/\/twitter.com\/villasmilhfoto"]},{"@type":"Person","@id":"https:\/\/digital58.com.ve\/site\/#\/schema\/person\/c61667ce6845137620ee3f0aaabade17","name":"Molero Luis","image":{"@type":"ImageObject","inLanguage":"es","@id":"https:\/\/secure.gravatar.com\/avatar\/bf041ec637e3e7405449807deb2f7cf3d2de7c6fa755dd56e985201de9863f2b?s=96&d=mm&r=g","url":"https:\/\/secure.gravatar.com\/avatar\/bf041ec637e3e7405449807deb2f7cf3d2de7c6fa755dd56e985201de9863f2b?s=96&d=mm&r=g","contentUrl":"https:\/\/secure.gravatar.com\/avatar\/bf041ec637e3e7405449807deb2f7cf3d2de7c6fa755dd56e985201de9863f2b?s=96&d=mm&r=g","caption":"Molero Luis"},"url":"https:\/\/digital58.com.ve\/site\/author\/luismolero\/"}]}},"uagb_featured_image_src":{"full":["https:\/\/digital58.com.ve\/site\/wp-content\/uploads\/2020\/08\/Deyna-Castellanos-21-01-2020.jpg",656,437,false],"thumbnail":["https:\/\/digital58.com.ve\/site\/wp-content\/uploads\/2020\/08\/Deyna-Castellanos-21-01-2020-150x150.jpg",150,150,true],"medium":["https:\/\/digital58.com.ve\/site\/wp-content\/uploads\/2020\/08\/Deyna-Castellanos-21-01-2020-300x200.jpg",300,200,true],"medium_large":["https:\/\/digital58.com.ve\/site\/wp-content\/uploads\/2020\/08\/Deyna-Castellanos-21-01-2020.jpg",656,437,false],"large":["https:\/\/digital58.com.ve\/site\/wp-content\/uploads\/2020\/08\/Deyna-Castellanos-21-01-2020.jpg",656,437,false],"1536x1536":["https:\/\/digital58.com.ve\/site\/wp-content\/uploads\/2020\/08\/Deyna-Castellanos-21-01-2020.jpg",656,437,false],"2048x2048":["https:\/\/digital58.com.ve\/site\/wp-content\/uploads\/2020\/08\/Deyna-Castellanos-21-01-2020.jpg",656,437,false],"colormag-highlighted-post":["https:\/\/digital58.com.ve\/site\/wp-content\/uploads\/2020\/08\/Deyna-Castellanos-21-01-2020.jpg",392,261,false],"colormag-featured-post-medium":["https:\/\/digital58.com.ve\/site\/wp-content\/uploads\/2020\/08\/Deyna-Castellanos-21-01-2020.jpg",308,205,false],"colormag-featured-post-small":["https:\/\/digital58.com.ve\/site\/wp-content\/uploads\/2020\/08\/Deyna-Castellanos-21-01-2020.jpg",130,87,false],"colormag-featured-image":["https:\/\/digital58.com.ve\/site\/wp-content\/uploads\/2020\/08\/Deyna-Castellanos-21-01-2020.jpg",656,437,false],"colormag-default-news":["https:\/\/digital58.com.ve\/site\/wp-content\/uploads\/2020\/08\/Deyna-Castellanos-21-01-2020.jpg",150,100,false],"colormag-featured-image-large":["https:\/\/digital58.com.ve\/site\/wp-content\/uploads\/2020\/08\/Deyna-Castellanos-21-01-2020.jpg",656,437,false]},"uagb_author_info":{"display_name":"Molero Luis","author_link":"https:\/\/digital58.com.ve\/site\/author\/luismolero\/"},"uagb_comment_info":0,"uagb_excerpt":"Para el encuentro de cuartos de final, el t\u00e9cnico Dani Gonz\u00e1lez tendr\u00e1 la baja por sanci\u00f3n de la delantera brasile\u00f1a","_links":{"self":[{"href":"https:\/\/digital58.com.ve\/site\/wp-json\/wp\/v2\/posts\/123177","targetHints":{"allow":["GET"]}}],"collection":[{"href":"https:\/\/digital58.com.ve\/site\/wp-json\/wp\/v2\/posts"}],"about":[{"href":"https:\/\/digital58.com.ve\/site\/wp-json\/wp\/v2\/types\/post"}],"author":[{"embeddable":true,"href":"https:\/\/digital58.com.ve\/site\/wp-json\/wp\/v2\/users\/26"}],"replies":[{"embeddable":true,"href":"https:\/\/digital58.com.ve\/site\/wp-json\/wp\/v2\/comments?post=123177"}],"version-history":[{"count":0,"href":"https:\/\/digital58.com.ve\/site\/wp-json\/wp\/v2\/posts\/123177\/revisions"}],"wp:featuredmedia":[{"embeddable":true,"href":"https:\/\/digital58.com.ve\/site\/wp-json\/wp\/v2\/media\/123178"}],"wp:attachment":[{"href":"https:\/\/digital58.com.ve\/site\/wp-json\/wp\/v2\/media?parent=123177"}],"wp:term":[{"taxonomy":"category","embeddable":true,"href":"https:\/\/digital58.com.ve\/site\/wp-json\/wp\/v2\/categories?post=123177"},{"taxonomy":"post_tag","embeddable":true,"href":"https:\/\/digital58.com.ve\/site\/wp-json\/wp\/v2\/tags?post=123177"}],"curies":[{"name":"wp","href":"https:\/\/api.w.org\/{rel}","templated":true}]}}