{"id":123266,"date":"2020-08-19T19:39:38","date_gmt":"2020-08-19T23:39:38","guid":{"rendered":"https:\/\/digital58.com.ve\/site\/?p=123266"},"modified":"2020-08-19T19:39:38","modified_gmt":"2020-08-19T23:39:38","slug":"bayern-sello-su-boleto-a-la-final-de-lisboa-2020","status":"publish","type":"post","link":"https:\/\/digital58.com.ve\/site\/2020\/08\/19\/bayern-sello-su-boleto-a-la-final-de-lisboa-2020\/","title":{"rendered":"Bayern sell\u00f3 su boleto a la Final de Lisboa 2020"},"content":{"rendered":"<p><a href=\"https:\/\/digital58.com.ve\/site\/wp-content\/uploads\/2020\/08\/bayern-final-19-08-20.jpg\"><img loading=\"lazy\" decoding=\"async\" class=\"aligncenter size-full wp-image-123270\" src=\"https:\/\/digital58.com.ve\/site\/wp-content\/uploads\/2020\/08\/bayern-final-19-08-20.jpg\" alt=\"\" width=\"1000\" height=\"601\" srcset=\"https:\/\/digital58.com.ve\/site\/wp-content\/uploads\/2020\/08\/bayern-final-19-08-20.jpg 800w, https:\/\/digital58.com.ve\/site\/wp-content\/uploads\/2020\/08\/bayern-final-19-08-20-300x180.jpg 300w, https:\/\/digital58.com.ve\/site\/wp-content\/uploads\/2020\/08\/bayern-final-19-08-20-768x462.jpg 768w\" sizes=\"auto, (max-width: 1000px) 100vw, 1000px\" \/><\/a><\/p>\n<p>Con Serge Gnabry en plan estelar los teutones enfrentar\u00e1n a PSG en la final del pr\u00f3ximo domingo 23 de agosto<\/p>\n<p><strong>Lisboa, Portugal, 19 de agosto de 2020 (ND58).-<\/strong> En una nueva tarde de f\u00fatbol en Lisboa, Portugal, la segunda semifinal de la Uefa Champions League 2020 dej\u00f3 al Bayern Munich como finalista de esta edici\u00f3n al derrotar 0-3 al Olympique de Lyon en el estadio Jose Alvalade.<\/p>\n<p>Doblete de Serge Gnabry y otro tanto del Robert Lewandowski confirmaron el favoritismo del Munich para quedar a un solo paso del campeonato.<\/p>\n<p>A pesar que fue el Lyon qui\u00e9n empez\u00f3 a dominar el cotejo, no supo aprovechar par de oportunidades ante el arco defendido por Neuer y fue as\u00ed como en los pies de un Gnabry espl\u00e9ndido tomaba ventaja tras una diagonal elaborada por el mismo que finaliz\u00f3 con remate de zurda que dejo al portero Lopes sin nada que hacer al minuto 18.<\/p>\n<p><a href=\"https:\/\/digital58.com.ve\/site\/wp-content\/uploads\/2020\/08\/bayern-final-19-08-20-2.jpg\"><img loading=\"lazy\" decoding=\"async\" class=\"aligncenter size-full wp-image-123269\" src=\"https:\/\/digital58.com.ve\/site\/wp-content\/uploads\/2020\/08\/bayern-final-19-08-20-2.jpg\" alt=\"\" width=\"1000\" height=\"667\" srcset=\"https:\/\/digital58.com.ve\/site\/wp-content\/uploads\/2020\/08\/bayern-final-19-08-20-2.jpg 800w, https:\/\/digital58.com.ve\/site\/wp-content\/uploads\/2020\/08\/bayern-final-19-08-20-2-300x200.jpg 300w, https:\/\/digital58.com.ve\/site\/wp-content\/uploads\/2020\/08\/bayern-final-19-08-20-2-768x512.jpg 768w, https:\/\/digital58.com.ve\/site\/wp-content\/uploads\/2020\/08\/bayern-final-19-08-20-2-720x480.jpg 720w, https:\/\/digital58.com.ve\/site\/wp-content\/uploads\/2020\/08\/bayern-final-19-08-20-2-480x320.jpg 480w\" sizes=\"auto, (max-width: 1000px) 100vw, 1000px\" \/><\/a><\/p>\n<p>All\u00ed el partido cambi\u00f3, mas all\u00e1 que los franceses no se rindieron si mermo un poco su actitud el mismo Gnabry en la fracci\u00f3n 33 aprovech\u00f3 un rebote para con un simple toque aumentar la ventaja Baviera 0-2 y as\u00ed cerrar el mediotiempo.<\/p>\n<p>El complemento se convirti\u00f3 en tr\u00e1mite para los dirigidos por Flick, Lyon busc\u00f3 acercarse pero nunca pudo descifrar nuevamente la defensa del Bayern.<\/p>\n<p>Se torn\u00f3 previsible, con un elenco alem\u00e1n confiando en su victoria manejo el partido como lo dispuso y adem\u00e1s puso cifras definitivas con un cabezazo de Lewandowski al minuto 88 y cerrar las marquesina del desaf\u00edo, 0-3.<\/p>\n<p>Invicto, con todos sus partidos finalizados con victoria llega el Bayern a la final de Lisboa, donde se encontrar\u00e1 con un PSG que tambi\u00e9n se muestra bien engranado pero que tendr\u00e1 el obst\u00e1culo mas dif\u00edcil para lograr su sue\u00f1o de su primera Orejona<\/p>\n<p>Y evitar la quinta para los de Munich, que sin duda son el principal candidato a finalizar un torneo pr\u00e1cticamente perfecto de principio a fin.<\/p>\n<p><strong>Ficha t\u00e9cnica:<\/strong><\/p>\n<p><strong>0 &#8211; Olympique Lyon:<\/strong> Lopes; Dubois (Tete, min. 67), Denayer, Marcelo, Mar\u00e7al (Cherki, min. 73), Cornet; Caqueret, Bruno Guimaraes (Mendes, min. 46), Aouar; Depay (Demb\u00e9l\u00e9, min. 58), Ekambi (Reine-Ad\u00e9la\u00efde, min. 67).<\/p>\n<p><strong>3 &#8211; Bayern M\u00fanich:<\/strong> Neuer; Kimmich, Boateng (Sule, min. 46), Alaba, Davies; Thiago Alc\u00e1ntara (Tolisso, min. 82), Goretzka (Pavard, min. 82); Perisic (Coman, min. 64), Muller, Gnabry (Coutinho, min. 75); Lewandowski.<\/p>\n<p><strong>Goles:<\/strong> 0-1, min. 18: Gnabry. 0-2, min. 33: Gnabry. 0-3, min. 88: Lewandowski.<\/p>\n<p><strong>\u00c1rbitro:<\/strong> Mateu Lahoz (Espa\u00f1a). Amonest\u00f3 a Marcelo (min. 34), Mar\u00e7al (min. 42) y Mendes (min. 86), por el Olympique Lyon.<\/p>\n<p><strong>Incidencias:<\/strong> partido correspondiente a las semifinales de la Liga de Campeones, disputado en el estadio Jos\u00e9 Alvalade de Lisboa sin p\u00fablico.<\/p><div class=\"uyihl69ef5027aab4b\" ><p style=\"text-align: center;\"><a href=\"https:\/\/t.me\/noticiasdigital58\" target=\"_blank\" rel=\"noopener\"><img class=\"aligncenter size-full wp-image-125363\" src=\"https:\/\/digital58.com.ve\/site\/wp-content\/uploads\/2021\/04\/banner-telegram-web-2021.png\" alt=\"\" width=\"600\" height=\"90\" \/><\/a><\/p><\/div><style type=\"text\/css\">\r\n@media screen and (min-width: 1201px) {\r\n.uyihl69ef5027aab4b {\r\ndisplay: block;\r\n}\r\n}\r\n@media screen and (min-width: 993px) and (max-width: 1200px) {\r\n.uyihl69ef5027aab4b {\r\ndisplay: block;\r\n}\r\n}\r\n@media screen and (min-width: 769px) and (max-width: 992px) {\r\n.uyihl69ef5027aab4b {\r\ndisplay: block;\r\n}\r\n}\r\n@media screen and (min-width: 768px) and (max-width: 768px) {\r\n.uyihl69ef5027aab4b {\r\ndisplay: block;\r\n}\r\n}\r\n@media screen and (max-width: 767px) {\r\n.uyihl69ef5027aab4b {\r\ndisplay: block;\r\n}\r\n}\r\n<\/style>\r\n\n<p><strong>Redacci\u00f3n: Arismendi, Luis<\/strong><br \/>\n<strong>Edici\u00f3n: Villasmil, Henry<\/strong><br \/>\n<strong>Gr\u00e1fica: EFE<\/strong><\/p>\n<div style=\"margin-top: 0px; margin-bottom: 0px;\" class=\"sharethis-inline-share-buttons\" ><\/div>","protected":false},"excerpt":{"rendered":"<p>Con Serge Gnabry en plan estelar los teutones enfrentar\u00e1n a PSG en la final del pr\u00f3ximo domingo 23 de agosto<\/p>\n","protected":false},"author":1,"featured_media":123269,"comment_status":"open","ping_status":"closed","sticky":false,"template":"","format":"standard","meta":{"colormag_page_container_layout":"default_layout","colormag_page_sidebar_layout":"default_layout","_uag_custom_page_level_css":"","footnotes":""},"categories":[5402],"tags":[869,2670,1492,13,41,8,20069,19624,108,20581,43],"class_list":["post-123266","post","type-post","status-publish","format-standard","has-post-thumbnail","hentry","category-deportes","tag-bayern-munich","tag-champions-league","tag-europa","tag-futbol","tag-futbol-internacional","tag-internacionales","tag-lisboa","tag-olympique-lyon","tag-portugal","tag-semifinal-champions-league-2020","tag-uefa"],"yoast_head":"<!-- This site is optimized with the Yoast SEO plugin v27.4 - https:\/\/yoast.com\/product\/yoast-seo-wordpress\/ -->\n<title>Bayern sell\u00f3 su boleto a la Final de Lisboa 2020<\/title>\n<meta name=\"description\" content=\"Deportes\" \/>\n<meta name=\"robots\" content=\"index, follow, max-snippet:-1, max-image-preview:large, max-video-preview:-1\" \/>\n<link rel=\"canonical\" href=\"https:\/\/digital58.com.ve\/site\/2020\/08\/19\/bayern-sello-su-boleto-a-la-final-de-lisboa-2020\/\" \/>\n<meta property=\"og:locale\" content=\"es_ES\" \/>\n<meta property=\"og:type\" content=\"article\" \/>\n<meta property=\"og:title\" content=\"Bayern sell\u00f3 su boleto a la Final de Lisboa 2020\" \/>\n<meta property=\"og:description\" content=\"Deportes\" \/>\n<meta property=\"og:url\" content=\"https:\/\/digital58.com.ve\/site\/2020\/08\/19\/bayern-sello-su-boleto-a-la-final-de-lisboa-2020\/\" \/>\n<meta property=\"og:site_name\" content=\"Noticias Digital58\" \/>\n<meta property=\"article:published_time\" content=\"2020-08-19T23:39:38+00:00\" \/>\n<meta property=\"og:image\" content=\"https:\/\/digital58.com.ve\/site\/wp-content\/uploads\/2020\/08\/bayern-final-19-08-20-2.jpg\" \/>\n\t<meta property=\"og:image:width\" content=\"1000\" \/>\n\t<meta property=\"og:image:height\" content=\"667\" \/>\n\t<meta property=\"og:image:type\" content=\"image\/jpeg\" \/>\n<meta name=\"author\" content=\"Villasmil Henry\" \/>\n<meta name=\"twitter:card\" content=\"summary_large_image\" \/>\n<meta name=\"twitter:creator\" content=\"@https:\/\/twitter.com\/villasmilhfoto\" \/>\n<meta name=\"twitter:site\" content=\"@villasmilhfoto\" \/>\n<meta name=\"twitter:label1\" content=\"Escrito por\" \/>\n\t<meta name=\"twitter:data1\" content=\"Villasmil Henry\" \/>\n\t<meta name=\"twitter:label2\" content=\"Tiempo estimado de lectura\" \/>\n\t<meta name=\"twitter:data2\" content=\"2 minutos\" \/>\n<script type=\"application\/ld+json\" class=\"yoast-schema-graph\">{\"@context\":\"https:\\\/\\\/schema.org\",\"@graph\":[{\"@type\":\"Article\",\"@id\":\"https:\\\/\\\/digital58.com.ve\\\/site\\\/2020\\\/08\\\/19\\\/bayern-sello-su-boleto-a-la-final-de-lisboa-2020\\\/#article\",\"isPartOf\":{\"@id\":\"https:\\\/\\\/digital58.com.ve\\\/site\\\/2020\\\/08\\\/19\\\/bayern-sello-su-boleto-a-la-final-de-lisboa-2020\\\/\"},\"author\":{\"name\":\"Villasmil Henry\",\"@id\":\"https:\\\/\\\/digital58.com.ve\\\/site\\\/#\\\/schema\\\/person\\\/64d1c2e4d0d4fd1b849980c4331c2951\"},\"headline\":\"Bayern sell\u00f3 su boleto a la Final de Lisboa 2020\",\"datePublished\":\"2020-08-19T23:39:38+00:00\",\"mainEntityOfPage\":{\"@id\":\"https:\\\/\\\/digital58.com.ve\\\/site\\\/2020\\\/08\\\/19\\\/bayern-sello-su-boleto-a-la-final-de-lisboa-2020\\\/\"},\"wordCount\":463,\"commentCount\":0,\"publisher\":{\"@id\":\"https:\\\/\\\/digital58.com.ve\\\/site\\\/#\\\/schema\\\/person\\\/64d1c2e4d0d4fd1b849980c4331c2951\"},\"image\":{\"@id\":\"https:\\\/\\\/digital58.com.ve\\\/site\\\/2020\\\/08\\\/19\\\/bayern-sello-su-boleto-a-la-final-de-lisboa-2020\\\/#primaryimage\"},\"thumbnailUrl\":\"https:\\\/\\\/digital58.com.ve\\\/site\\\/wp-content\\\/uploads\\\/2020\\\/08\\\/bayern-final-19-08-20-2.jpg\",\"keywords\":[\"Bayern M\u00fanich\",\"Champions League\",\"Europa\",\"F\u00fatbol\",\"F\u00fatbol Internacional\",\"Internacionales\",\"Lisboa\",\"Olympique Lyon\",\"Portugal\",\"Semifinal Champions League 2020\",\"UEFA\"],\"articleSection\":[\"Deportes\"],\"inLanguage\":\"es\",\"potentialAction\":[{\"@type\":\"CommentAction\",\"name\":\"Comment\",\"target\":[\"https:\\\/\\\/digital58.com.ve\\\/site\\\/2020\\\/08\\\/19\\\/bayern-sello-su-boleto-a-la-final-de-lisboa-2020\\\/#respond\"]}]},{\"@type\":\"WebPage\",\"@id\":\"https:\\\/\\\/digital58.com.ve\\\/site\\\/2020\\\/08\\\/19\\\/bayern-sello-su-boleto-a-la-final-de-lisboa-2020\\\/\",\"url\":\"https:\\\/\\\/digital58.com.ve\\\/site\\\/2020\\\/08\\\/19\\\/bayern-sello-su-boleto-a-la-final-de-lisboa-2020\\\/\",\"name\":\"Bayern sell\u00f3 su boleto a la Final de Lisboa 2020\",\"isPartOf\":{\"@id\":\"https:\\\/\\\/digital58.com.ve\\\/site\\\/#website\"},\"primaryImageOfPage\":{\"@id\":\"https:\\\/\\\/digital58.com.ve\\\/site\\\/2020\\\/08\\\/19\\\/bayern-sello-su-boleto-a-la-final-de-lisboa-2020\\\/#primaryimage\"},\"image\":{\"@id\":\"https:\\\/\\\/digital58.com.ve\\\/site\\\/2020\\\/08\\\/19\\\/bayern-sello-su-boleto-a-la-final-de-lisboa-2020\\\/#primaryimage\"},\"thumbnailUrl\":\"https:\\\/\\\/digital58.com.ve\\\/site\\\/wp-content\\\/uploads\\\/2020\\\/08\\\/bayern-final-19-08-20-2.jpg\",\"datePublished\":\"2020-08-19T23:39:38+00:00\",\"description\":\"Deportes\",\"breadcrumb\":{\"@id\":\"https:\\\/\\\/digital58.com.ve\\\/site\\\/2020\\\/08\\\/19\\\/bayern-sello-su-boleto-a-la-final-de-lisboa-2020\\\/#breadcrumb\"},\"inLanguage\":\"es\",\"potentialAction\":[{\"@type\":\"ReadAction\",\"target\":[\"https:\\\/\\\/digital58.com.ve\\\/site\\\/2020\\\/08\\\/19\\\/bayern-sello-su-boleto-a-la-final-de-lisboa-2020\\\/\"]}]},{\"@type\":\"ImageObject\",\"inLanguage\":\"es\",\"@id\":\"https:\\\/\\\/digital58.com.ve\\\/site\\\/2020\\\/08\\\/19\\\/bayern-sello-su-boleto-a-la-final-de-lisboa-2020\\\/#primaryimage\",\"url\":\"https:\\\/\\\/digital58.com.ve\\\/site\\\/wp-content\\\/uploads\\\/2020\\\/08\\\/bayern-final-19-08-20-2.jpg\",\"contentUrl\":\"https:\\\/\\\/digital58.com.ve\\\/site\\\/wp-content\\\/uploads\\\/2020\\\/08\\\/bayern-final-19-08-20-2.jpg\",\"width\":800,\"height\":534},{\"@type\":\"BreadcrumbList\",\"@id\":\"https:\\\/\\\/digital58.com.ve\\\/site\\\/2020\\\/08\\\/19\\\/bayern-sello-su-boleto-a-la-final-de-lisboa-2020\\\/#breadcrumb\",\"itemListElement\":[{\"@type\":\"ListItem\",\"position\":1,\"name\":\"Home\",\"item\":\"https:\\\/\\\/digital58.com.ve\\\/site\\\/\"},{\"@type\":\"ListItem\",\"position\":2,\"name\":\"Bayern sell\u00f3 su boleto a la Final de Lisboa 2020\"}]},{\"@type\":\"WebSite\",\"@id\":\"https:\\\/\\\/digital58.com.ve\\\/site\\\/#website\",\"url\":\"https:\\\/\\\/digital58.com.ve\\\/site\\\/\",\"name\":\"Noticias Digital58\",\"description\":\"Portal de Noticias \u00a1Periodismo web de verdad! Lanzamiento web 22.11.2005 \\\/ Maracaibo, Venezuela\",\"publisher\":{\"@id\":\"https:\\\/\\\/digital58.com.ve\\\/site\\\/#\\\/schema\\\/person\\\/64d1c2e4d0d4fd1b849980c4331c2951\"},\"alternateName\":\"ND58\",\"potentialAction\":[{\"@type\":\"SearchAction\",\"target\":{\"@type\":\"EntryPoint\",\"urlTemplate\":\"https:\\\/\\\/digital58.com.ve\\\/site\\\/?s={search_term_string}\"},\"query-input\":{\"@type\":\"PropertyValueSpecification\",\"valueRequired\":true,\"valueName\":\"search_term_string\"}}],\"inLanguage\":\"es\"},{\"@type\":[\"Person\",\"Organization\"],\"@id\":\"https:\\\/\\\/digital58.com.ve\\\/site\\\/#\\\/schema\\\/person\\\/64d1c2e4d0d4fd1b849980c4331c2951\",\"name\":\"Villasmil Henry\",\"image\":{\"@type\":\"ImageObject\",\"inLanguage\":\"es\",\"@id\":\"https:\\\/\\\/secure.gravatar.com\\\/avatar\\\/bb0c4a2fcb7970138239f7e404ea75757b1b507b28b5ce4c53fbd62d797c5a7c?s=96&d=mm&r=g\",\"url\":\"https:\\\/\\\/secure.gravatar.com\\\/avatar\\\/bb0c4a2fcb7970138239f7e404ea75757b1b507b28b5ce4c53fbd62d797c5a7c?s=96&d=mm&r=g\",\"contentUrl\":\"https:\\\/\\\/secure.gravatar.com\\\/avatar\\\/bb0c4a2fcb7970138239f7e404ea75757b1b507b28b5ce4c53fbd62d797c5a7c?s=96&d=mm&r=g\",\"caption\":\"Villasmil Henry\"},\"logo\":{\"@id\":\"https:\\\/\\\/secure.gravatar.com\\\/avatar\\\/bb0c4a2fcb7970138239f7e404ea75757b1b507b28b5ce4c53fbd62d797c5a7c?s=96&d=mm&r=g\"},\"sameAs\":[\"http:\\\/\\\/www.henryvillasmil.com.ve\",\"https:\\\/\\\/www.instagram.com\\\/villasmilhfoto\\\/\",\"https:\\\/\\\/x.com\\\/https:\\\/\\\/twitter.com\\\/villasmilhfoto\"],\"url\":\"https:\\\/\\\/digital58.com.ve\\\/site\\\/author\\\/droopy_68\\\/\"}]}<\/script>\n<!-- \/ Yoast SEO plugin. -->","yoast_head_json":{"title":"Bayern sell\u00f3 su boleto a la Final de Lisboa 2020","description":"Deportes","robots":{"index":"index","follow":"follow","max-snippet":"max-snippet:-1","max-image-preview":"max-image-preview:large","max-video-preview":"max-video-preview:-1"},"canonical":"https:\/\/digital58.com.ve\/site\/2020\/08\/19\/bayern-sello-su-boleto-a-la-final-de-lisboa-2020\/","og_locale":"es_ES","og_type":"article","og_title":"Bayern sell\u00f3 su boleto a la Final de Lisboa 2020","og_description":"Deportes","og_url":"https:\/\/digital58.com.ve\/site\/2020\/08\/19\/bayern-sello-su-boleto-a-la-final-de-lisboa-2020\/","og_site_name":"Noticias Digital58","article_published_time":"2020-08-19T23:39:38+00:00","og_image":[{"width":1000,"height":667,"url":"https:\/\/digital58.com.ve\/site\/wp-content\/uploads\/2020\/08\/bayern-final-19-08-20-2.jpg","type":"image\/jpeg"}],"author":"Villasmil Henry","twitter_card":"summary_large_image","twitter_creator":"@https:\/\/twitter.com\/villasmilhfoto","twitter_site":"@villasmilhfoto","twitter_misc":{"Escrito por":"Villasmil Henry","Tiempo estimado de lectura":"2 minutos"},"schema":{"@context":"https:\/\/schema.org","@graph":[{"@type":"Article","@id":"https:\/\/digital58.com.ve\/site\/2020\/08\/19\/bayern-sello-su-boleto-a-la-final-de-lisboa-2020\/#article","isPartOf":{"@id":"https:\/\/digital58.com.ve\/site\/2020\/08\/19\/bayern-sello-su-boleto-a-la-final-de-lisboa-2020\/"},"author":{"name":"Villasmil Henry","@id":"https:\/\/digital58.com.ve\/site\/#\/schema\/person\/64d1c2e4d0d4fd1b849980c4331c2951"},"headline":"Bayern sell\u00f3 su boleto a la Final de Lisboa 2020","datePublished":"2020-08-19T23:39:38+00:00","mainEntityOfPage":{"@id":"https:\/\/digital58.com.ve\/site\/2020\/08\/19\/bayern-sello-su-boleto-a-la-final-de-lisboa-2020\/"},"wordCount":463,"commentCount":0,"publisher":{"@id":"https:\/\/digital58.com.ve\/site\/#\/schema\/person\/64d1c2e4d0d4fd1b849980c4331c2951"},"image":{"@id":"https:\/\/digital58.com.ve\/site\/2020\/08\/19\/bayern-sello-su-boleto-a-la-final-de-lisboa-2020\/#primaryimage"},"thumbnailUrl":"https:\/\/digital58.com.ve\/site\/wp-content\/uploads\/2020\/08\/bayern-final-19-08-20-2.jpg","keywords":["Bayern M\u00fanich","Champions League","Europa","F\u00fatbol","F\u00fatbol Internacional","Internacionales","Lisboa","Olympique Lyon","Portugal","Semifinal Champions League 2020","UEFA"],"articleSection":["Deportes"],"inLanguage":"es","potentialAction":[{"@type":"CommentAction","name":"Comment","target":["https:\/\/digital58.com.ve\/site\/2020\/08\/19\/bayern-sello-su-boleto-a-la-final-de-lisboa-2020\/#respond"]}]},{"@type":"WebPage","@id":"https:\/\/digital58.com.ve\/site\/2020\/08\/19\/bayern-sello-su-boleto-a-la-final-de-lisboa-2020\/","url":"https:\/\/digital58.com.ve\/site\/2020\/08\/19\/bayern-sello-su-boleto-a-la-final-de-lisboa-2020\/","name":"Bayern sell\u00f3 su boleto a la Final de Lisboa 2020","isPartOf":{"@id":"https:\/\/digital58.com.ve\/site\/#website"},"primaryImageOfPage":{"@id":"https:\/\/digital58.com.ve\/site\/2020\/08\/19\/bayern-sello-su-boleto-a-la-final-de-lisboa-2020\/#primaryimage"},"image":{"@id":"https:\/\/digital58.com.ve\/site\/2020\/08\/19\/bayern-sello-su-boleto-a-la-final-de-lisboa-2020\/#primaryimage"},"thumbnailUrl":"https:\/\/digital58.com.ve\/site\/wp-content\/uploads\/2020\/08\/bayern-final-19-08-20-2.jpg","datePublished":"2020-08-19T23:39:38+00:00","description":"Deportes","breadcrumb":{"@id":"https:\/\/digital58.com.ve\/site\/2020\/08\/19\/bayern-sello-su-boleto-a-la-final-de-lisboa-2020\/#breadcrumb"},"inLanguage":"es","potentialAction":[{"@type":"ReadAction","target":["https:\/\/digital58.com.ve\/site\/2020\/08\/19\/bayern-sello-su-boleto-a-la-final-de-lisboa-2020\/"]}]},{"@type":"ImageObject","inLanguage":"es","@id":"https:\/\/digital58.com.ve\/site\/2020\/08\/19\/bayern-sello-su-boleto-a-la-final-de-lisboa-2020\/#primaryimage","url":"https:\/\/digital58.com.ve\/site\/wp-content\/uploads\/2020\/08\/bayern-final-19-08-20-2.jpg","contentUrl":"https:\/\/digital58.com.ve\/site\/wp-content\/uploads\/2020\/08\/bayern-final-19-08-20-2.jpg","width":800,"height":534},{"@type":"BreadcrumbList","@id":"https:\/\/digital58.com.ve\/site\/2020\/08\/19\/bayern-sello-su-boleto-a-la-final-de-lisboa-2020\/#breadcrumb","itemListElement":[{"@type":"ListItem","position":1,"name":"Home","item":"https:\/\/digital58.com.ve\/site\/"},{"@type":"ListItem","position":2,"name":"Bayern sell\u00f3 su boleto a la Final de Lisboa 2020"}]},{"@type":"WebSite","@id":"https:\/\/digital58.com.ve\/site\/#website","url":"https:\/\/digital58.com.ve\/site\/","name":"Noticias Digital58","description":"Portal de Noticias \u00a1Periodismo web de verdad! Lanzamiento web 22.11.2005 \/ Maracaibo, Venezuela","publisher":{"@id":"https:\/\/digital58.com.ve\/site\/#\/schema\/person\/64d1c2e4d0d4fd1b849980c4331c2951"},"alternateName":"ND58","potentialAction":[{"@type":"SearchAction","target":{"@type":"EntryPoint","urlTemplate":"https:\/\/digital58.com.ve\/site\/?s={search_term_string}"},"query-input":{"@type":"PropertyValueSpecification","valueRequired":true,"valueName":"search_term_string"}}],"inLanguage":"es"},{"@type":["Person","Organization"],"@id":"https:\/\/digital58.com.ve\/site\/#\/schema\/person\/64d1c2e4d0d4fd1b849980c4331c2951","name":"Villasmil Henry","image":{"@type":"ImageObject","inLanguage":"es","@id":"https:\/\/secure.gravatar.com\/avatar\/bb0c4a2fcb7970138239f7e404ea75757b1b507b28b5ce4c53fbd62d797c5a7c?s=96&d=mm&r=g","url":"https:\/\/secure.gravatar.com\/avatar\/bb0c4a2fcb7970138239f7e404ea75757b1b507b28b5ce4c53fbd62d797c5a7c?s=96&d=mm&r=g","contentUrl":"https:\/\/secure.gravatar.com\/avatar\/bb0c4a2fcb7970138239f7e404ea75757b1b507b28b5ce4c53fbd62d797c5a7c?s=96&d=mm&r=g","caption":"Villasmil Henry"},"logo":{"@id":"https:\/\/secure.gravatar.com\/avatar\/bb0c4a2fcb7970138239f7e404ea75757b1b507b28b5ce4c53fbd62d797c5a7c?s=96&d=mm&r=g"},"sameAs":["http:\/\/www.henryvillasmil.com.ve","https:\/\/www.instagram.com\/villasmilhfoto\/","https:\/\/x.com\/https:\/\/twitter.com\/villasmilhfoto"],"url":"https:\/\/digital58.com.ve\/site\/author\/droopy_68\/"}]}},"uagb_featured_image_src":{"full":["https:\/\/digital58.com.ve\/site\/wp-content\/uploads\/2020\/08\/bayern-final-19-08-20-2.jpg",800,534,false],"thumbnail":["https:\/\/digital58.com.ve\/site\/wp-content\/uploads\/2020\/08\/bayern-final-19-08-20-2-150x150.jpg",150,150,true],"medium":["https:\/\/digital58.com.ve\/site\/wp-content\/uploads\/2020\/08\/bayern-final-19-08-20-2-300x200.jpg",300,200,true],"medium_large":["https:\/\/digital58.com.ve\/site\/wp-content\/uploads\/2020\/08\/bayern-final-19-08-20-2-768x512.jpg",768,512,true],"large":["https:\/\/digital58.com.ve\/site\/wp-content\/uploads\/2020\/08\/bayern-final-19-08-20-2.jpg",800,534,false],"1536x1536":["https:\/\/digital58.com.ve\/site\/wp-content\/uploads\/2020\/08\/bayern-final-19-08-20-2.jpg",800,534,false],"2048x2048":["https:\/\/digital58.com.ve\/site\/wp-content\/uploads\/2020\/08\/bayern-final-19-08-20-2.jpg",800,534,false],"colormag-highlighted-post":["https:\/\/digital58.com.ve\/site\/wp-content\/uploads\/2020\/08\/bayern-final-19-08-20-2.jpg",392,262,false],"colormag-featured-post-medium":["https:\/\/digital58.com.ve\/site\/wp-content\/uploads\/2020\/08\/bayern-final-19-08-20-2.jpg",307,205,false],"colormag-featured-post-small":["https:\/\/digital58.com.ve\/site\/wp-content\/uploads\/2020\/08\/bayern-final-19-08-20-2.jpg",130,87,false],"colormag-featured-image":["https:\/\/digital58.com.ve\/site\/wp-content\/uploads\/2020\/08\/bayern-final-19-08-20-2.jpg",667,445,false],"colormag-default-news":["https:\/\/digital58.com.ve\/site\/wp-content\/uploads\/2020\/08\/bayern-final-19-08-20-2.jpg",150,100,false],"colormag-featured-image-large":["https:\/\/digital58.com.ve\/site\/wp-content\/uploads\/2020\/08\/bayern-final-19-08-20-2.jpg",800,534,false]},"uagb_author_info":{"display_name":"Villasmil Henry","author_link":"https:\/\/digital58.com.ve\/site\/author\/droopy_68\/"},"uagb_comment_info":0,"uagb_excerpt":"Con Serge Gnabry en plan estelar los teutones enfrentar\u00e1n a PSG en la final del pr\u00f3ximo domingo 23 de agosto","_links":{"self":[{"href":"https:\/\/digital58.com.ve\/site\/wp-json\/wp\/v2\/posts\/123266","targetHints":{"allow":["GET"]}}],"collection":[{"href":"https:\/\/digital58.com.ve\/site\/wp-json\/wp\/v2\/posts"}],"about":[{"href":"https:\/\/digital58.com.ve\/site\/wp-json\/wp\/v2\/types\/post"}],"author":[{"embeddable":true,"href":"https:\/\/digital58.com.ve\/site\/wp-json\/wp\/v2\/users\/1"}],"replies":[{"embeddable":true,"href":"https:\/\/digital58.com.ve\/site\/wp-json\/wp\/v2\/comments?post=123266"}],"version-history":[{"count":0,"href":"https:\/\/digital58.com.ve\/site\/wp-json\/wp\/v2\/posts\/123266\/revisions"}],"wp:featuredmedia":[{"embeddable":true,"href":"https:\/\/digital58.com.ve\/site\/wp-json\/wp\/v2\/media\/123269"}],"wp:attachment":[{"href":"https:\/\/digital58.com.ve\/site\/wp-json\/wp\/v2\/media?parent=123266"}],"wp:term":[{"taxonomy":"category","embeddable":true,"href":"https:\/\/digital58.com.ve\/site\/wp-json\/wp\/v2\/categories?post=123266"},{"taxonomy":"post_tag","embeddable":true,"href":"https:\/\/digital58.com.ve\/site\/wp-json\/wp\/v2\/tags?post=123266"}],"curies":[{"name":"wp","href":"https:\/\/api.w.org\/{rel}","templated":true}]}}