{"id":123337,"date":"2020-08-20T14:04:49","date_gmt":"2020-08-20T18:04:49","guid":{"rendered":"https:\/\/digital58.com.ve\/site\/?p=123337"},"modified":"2020-08-20T14:04:49","modified_gmt":"2020-08-20T18:04:49","slug":"olivia-wilde-sera-la-directora-de-la-nueva-pelicula-de-marvel","status":"publish","type":"post","link":"https:\/\/digital58.com.ve\/site\/2020\/08\/20\/olivia-wilde-sera-la-directora-de-la-nueva-pelicula-de-marvel\/","title":{"rendered":"Olivia Wilde ser\u00e1 la directora de la nueva pel\u00edcula de Marvel"},"content":{"rendered":"\r\n<p><img loading=\"lazy\" decoding=\"async\" class=\"alignnone size-full wp-image-123352\" src=\"https:\/\/digital58.com.ve\/site\/wp-content\/uploads\/2020\/08\/GettyImages-927265510-olivia-wilde.jpg\" alt=\"\" width=\"1920\" height=\"1080\" srcset=\"https:\/\/digital58.com.ve\/site\/wp-content\/uploads\/2020\/08\/GettyImages-927265510-olivia-wilde.jpg 800w, https:\/\/digital58.com.ve\/site\/wp-content\/uploads\/2020\/08\/GettyImages-927265510-olivia-wilde-300x169.jpg 300w, https:\/\/digital58.com.ve\/site\/wp-content\/uploads\/2020\/08\/GettyImages-927265510-olivia-wilde-1500x844.jpg 1500w, https:\/\/digital58.com.ve\/site\/wp-content\/uploads\/2020\/08\/GettyImages-927265510-olivia-wilde-768x432.jpg 768w, https:\/\/digital58.com.ve\/site\/wp-content\/uploads\/2020\/08\/GettyImages-927265510-olivia-wilde-1536x864.jpg 1536w\" sizes=\"auto, (max-width: 1920px) 100vw, 1920px\" \/><\/p>\r\n<p>La protagonista de esta nueva cinta de acci\u00f3n ser\u00e1 una dama y todo a punta, ha que se trata de la versi\u00f3n femenina del cl\u00e1sico \u00abSpiderman\u00bb.\u00a0<\/p>\r\n<p><strong>Internacionales, 20 de agosto de 2020 (ND58).-<\/strong> La actriz Olivia Wilde, se estren\u00f3 como directora en la pel\u00edcula \u00abBooksmart\u00bb (2019), y ahora ser\u00e1 la directora de la nueva pel\u00edcula Marvel.<\/p>\r\n<p>Seg\u00fan el portal Deadline, este mi\u00e9rcoles anunci\u00f3 que esperan que \u00abSpider-Woman\u00bb, sea el personaje principal de esta nueva pel\u00edcula, sin embargo a\u00fan no han emitido informaci\u00f3n oficial al respecto.<\/p>\r\n<p>Olvidia Wilde escribir\u00e1 junto a Katie Silberman la nueva historia producida por Amy Pascal. La actriz protagonista de \u00abHouse\u00bb, se convirti\u00f3 en una de las sorpresas del a\u00f1o pasado al hacer su debut como directora en \u00abBooksmart\u00bb, luci\u00e9ndose con una comedia feminista, con las participaciones de Beanie Feldstein y Kaitlyn Dever.<\/p>\r\n<p>La nueva pel\u00edcula de Marvel, se une a la lista de proyectos de Wilde, la actriz y cineasta dirigir\u00e1 en el futuro el suspenso psicol\u00f3gico \u00abDon\u2019t Worry Darling\u00bb protagonizada por Florence Pugh y Shia LaBeouf y Chris Pine.<\/p>\r\n<p>Olivia Wilden tambi\u00e9n agenda otra cinta como directora en el horizonte, una pel\u00edcula sobre la vida de \u00abKerri Strug\u00bb, la gimnasta estadounidense que fue galardonada en los Juegos Ol\u00edmpicos de Atlanta 1996.\u00a0<\/p>\r\n<p>Sony tiene los derechos cinematogr\u00e1ficos de \u00abSpider-Man\u00bb, que gestiona conjuntamente con \u00abDisney\u00bb (propietario de Marvel Studios) despu\u00e9s de que el a\u00f1o pasado renovaran su acuerdo tras unas duras negociaciones que estuvieron cerca de terminar en un fracaso.<\/p>\r\n<p>\u00abSpider-Man: Homecoming\u00bb (2017) y \u00abSpider-Man: Far from Home\u00bb (2019), con la interpretaci\u00f3n de Tom Holland, acumularon m\u00e1s de 2.000 millones de d\u00f3lares entre ambas pel\u00edculas.<\/p>\r\n<p>La tercera entrega de la saga, retras\u00f3 su estreno hasta diciembre 2021, debido al cierre parcial de Hollywood por la crisis ocasionada por el coronavirus.<\/p><div class=\"ulksk69f33e00b9c60\" ><p style=\"text-align: center;\"><a href=\"https:\/\/t.me\/noticiasdigital58\" target=\"_blank\" rel=\"noopener\"><img class=\"aligncenter size-full wp-image-125363\" src=\"https:\/\/digital58.com.ve\/site\/wp-content\/uploads\/2021\/04\/banner-telegram-web-2021.png\" alt=\"\" width=\"600\" height=\"90\" \/><\/a><\/p><\/div><style type=\"text\/css\">\r\n@media screen and (min-width: 1201px) {\r\n.ulksk69f33e00b9c60 {\r\ndisplay: block;\r\n}\r\n}\r\n@media screen and (min-width: 993px) and (max-width: 1200px) {\r\n.ulksk69f33e00b9c60 {\r\ndisplay: block;\r\n}\r\n}\r\n@media screen and (min-width: 769px) and (max-width: 992px) {\r\n.ulksk69f33e00b9c60 {\r\ndisplay: block;\r\n}\r\n}\r\n@media screen and (min-width: 768px) and (max-width: 768px) {\r\n.ulksk69f33e00b9c60 {\r\ndisplay: block;\r\n}\r\n}\r\n@media screen and (max-width: 767px) {\r\n.ulksk69f33e00b9c60 {\r\ndisplay: block;\r\n}\r\n}\r\n<\/style>\r\n\r\n<p><strong>Redacci\u00f3n: Rubio, Laura Isabel (@lauraisabelrubio) | Fuente: EFE<\/strong><br \/><strong>Edici\u00f3n: Villasmil, Henry<\/strong><br \/><strong>Gr\u00e1ficas: Cortes\u00eda<\/strong><\/p>\r\n<div style=\"margin-top: 0px; margin-bottom: 0px;\" class=\"sharethis-inline-share-buttons\" ><\/div>","protected":false},"excerpt":{"rendered":"<p>La protagonista de esta nueva cinta de acci\u00f3n ser\u00e1 una dama y todo a punta, ha que se trata de<\/p>\n","protected":false},"author":28,"featured_media":123352,"comment_status":"open","ping_status":"closed","sticky":false,"template":"","format":"standard","meta":{"colormag_page_container_layout":"default_layout","colormag_page_sidebar_layout":"default_layout","_uag_custom_page_level_css":"","footnotes":""},"categories":[1],"tags":[829,46,1418,50,273,948,8,1195,20598,6026,2745],"class_list":["post-123337","post","type-post","status-publish","format-standard","has-post-thumbnail","hentry","category-fama","tag-actriz","tag-cine","tag-disney","tag-entretenimiento","tag-farandula","tag-hollywood","tag-internacionales","tag-marvel","tag-olivia-wilde","tag-pelicula","tag-spiderman"],"yoast_head":"<!-- This site is optimized with the Yoast SEO plugin v27.5 - https:\/\/yoast.com\/product\/yoast-seo-wordpress\/ -->\n<title>Olivia Wilde ser\u00e1 la directora de la nueva pel\u00edcula de Marvel<\/title>\n<meta name=\"description\" content=\"Fama\" \/>\n<meta name=\"robots\" content=\"index, follow, max-snippet:-1, max-image-preview:large, max-video-preview:-1\" \/>\n<link rel=\"canonical\" href=\"https:\/\/digital58.com.ve\/site\/2020\/08\/20\/olivia-wilde-sera-la-directora-de-la-nueva-pelicula-de-marvel\/\" \/>\n<meta property=\"og:locale\" content=\"es_ES\" \/>\n<meta property=\"og:type\" content=\"article\" \/>\n<meta property=\"og:title\" content=\"Olivia Wilde ser\u00e1 la directora de la nueva pel\u00edcula de Marvel\" \/>\n<meta property=\"og:description\" content=\"Fama\" \/>\n<meta property=\"og:url\" content=\"https:\/\/digital58.com.ve\/site\/2020\/08\/20\/olivia-wilde-sera-la-directora-de-la-nueva-pelicula-de-marvel\/\" \/>\n<meta property=\"og:site_name\" content=\"Noticias Digital58\" \/>\n<meta property=\"article:published_time\" content=\"2020-08-20T18:04:49+00:00\" \/>\n<meta property=\"og:image\" content=\"https:\/\/digital58.com.ve\/site\/wp-content\/uploads\/2020\/08\/GettyImages-927265510-olivia-wilde.jpg\" \/>\n\t<meta property=\"og:image:width\" content=\"1920\" \/>\n\t<meta property=\"og:image:height\" content=\"1080\" \/>\n\t<meta property=\"og:image:type\" content=\"image\/jpeg\" \/>\n<meta name=\"author\" content=\"Rubio Laura Isabel\" \/>\n<meta name=\"twitter:card\" content=\"summary_large_image\" \/>\n<meta name=\"twitter:creator\" content=\"@Digital_58\" \/>\n<meta name=\"twitter:site\" content=\"@villasmilhfoto\" \/>\n<meta name=\"twitter:label1\" content=\"Escrito por\" \/>\n\t<meta name=\"twitter:data1\" content=\"Rubio Laura Isabel\" \/>\n\t<meta name=\"twitter:label2\" content=\"Tiempo estimado de lectura\" \/>\n\t<meta name=\"twitter:data2\" content=\"2 minutos\" \/>\n<script type=\"application\/ld+json\" class=\"yoast-schema-graph\">{\"@context\":\"https:\\\/\\\/schema.org\",\"@graph\":[{\"@type\":\"Article\",\"@id\":\"https:\\\/\\\/digital58.com.ve\\\/site\\\/2020\\\/08\\\/20\\\/olivia-wilde-sera-la-directora-de-la-nueva-pelicula-de-marvel\\\/#article\",\"isPartOf\":{\"@id\":\"https:\\\/\\\/digital58.com.ve\\\/site\\\/2020\\\/08\\\/20\\\/olivia-wilde-sera-la-directora-de-la-nueva-pelicula-de-marvel\\\/\"},\"author\":{\"name\":\"Rubio Laura Isabel\",\"@id\":\"https:\\\/\\\/digital58.com.ve\\\/site\\\/#\\\/schema\\\/person\\\/6672bab44ab958838204ebb2cb0e8d52\"},\"headline\":\"Olivia Wilde ser\u00e1 la directora de la nueva pel\u00edcula de Marvel\",\"datePublished\":\"2020-08-20T18:04:49+00:00\",\"mainEntityOfPage\":{\"@id\":\"https:\\\/\\\/digital58.com.ve\\\/site\\\/2020\\\/08\\\/20\\\/olivia-wilde-sera-la-directora-de-la-nueva-pelicula-de-marvel\\\/\"},\"wordCount\":339,\"commentCount\":0,\"publisher\":{\"@id\":\"https:\\\/\\\/digital58.com.ve\\\/site\\\/#\\\/schema\\\/person\\\/64d1c2e4d0d4fd1b849980c4331c2951\"},\"image\":{\"@id\":\"https:\\\/\\\/digital58.com.ve\\\/site\\\/2020\\\/08\\\/20\\\/olivia-wilde-sera-la-directora-de-la-nueva-pelicula-de-marvel\\\/#primaryimage\"},\"thumbnailUrl\":\"https:\\\/\\\/digital58.com.ve\\\/site\\\/wp-content\\\/uploads\\\/2020\\\/08\\\/GettyImages-927265510-olivia-wilde.jpg\",\"keywords\":[\"Actriz\",\"Cine\",\"Disney\",\"Entretenimiento\",\"Far\u00e1ndula\",\"Hollywood\",\"Internacionales\",\"Marvel\",\"Olivia Wilde\",\"Pel\u00edcula\",\"Spiderman\"],\"articleSection\":[\"Fama\"],\"inLanguage\":\"es\",\"potentialAction\":[{\"@type\":\"CommentAction\",\"name\":\"Comment\",\"target\":[\"https:\\\/\\\/digital58.com.ve\\\/site\\\/2020\\\/08\\\/20\\\/olivia-wilde-sera-la-directora-de-la-nueva-pelicula-de-marvel\\\/#respond\"]}]},{\"@type\":\"WebPage\",\"@id\":\"https:\\\/\\\/digital58.com.ve\\\/site\\\/2020\\\/08\\\/20\\\/olivia-wilde-sera-la-directora-de-la-nueva-pelicula-de-marvel\\\/\",\"url\":\"https:\\\/\\\/digital58.com.ve\\\/site\\\/2020\\\/08\\\/20\\\/olivia-wilde-sera-la-directora-de-la-nueva-pelicula-de-marvel\\\/\",\"name\":\"Olivia Wilde ser\u00e1 la directora de la nueva pel\u00edcula de Marvel\",\"isPartOf\":{\"@id\":\"https:\\\/\\\/digital58.com.ve\\\/site\\\/#website\"},\"primaryImageOfPage\":{\"@id\":\"https:\\\/\\\/digital58.com.ve\\\/site\\\/2020\\\/08\\\/20\\\/olivia-wilde-sera-la-directora-de-la-nueva-pelicula-de-marvel\\\/#primaryimage\"},\"image\":{\"@id\":\"https:\\\/\\\/digital58.com.ve\\\/site\\\/2020\\\/08\\\/20\\\/olivia-wilde-sera-la-directora-de-la-nueva-pelicula-de-marvel\\\/#primaryimage\"},\"thumbnailUrl\":\"https:\\\/\\\/digital58.com.ve\\\/site\\\/wp-content\\\/uploads\\\/2020\\\/08\\\/GettyImages-927265510-olivia-wilde.jpg\",\"datePublished\":\"2020-08-20T18:04:49+00:00\",\"description\":\"Fama\",\"breadcrumb\":{\"@id\":\"https:\\\/\\\/digital58.com.ve\\\/site\\\/2020\\\/08\\\/20\\\/olivia-wilde-sera-la-directora-de-la-nueva-pelicula-de-marvel\\\/#breadcrumb\"},\"inLanguage\":\"es\",\"potentialAction\":[{\"@type\":\"ReadAction\",\"target\":[\"https:\\\/\\\/digital58.com.ve\\\/site\\\/2020\\\/08\\\/20\\\/olivia-wilde-sera-la-directora-de-la-nueva-pelicula-de-marvel\\\/\"]}]},{\"@type\":\"ImageObject\",\"inLanguage\":\"es\",\"@id\":\"https:\\\/\\\/digital58.com.ve\\\/site\\\/2020\\\/08\\\/20\\\/olivia-wilde-sera-la-directora-de-la-nueva-pelicula-de-marvel\\\/#primaryimage\",\"url\":\"https:\\\/\\\/digital58.com.ve\\\/site\\\/wp-content\\\/uploads\\\/2020\\\/08\\\/GettyImages-927265510-olivia-wilde.jpg\",\"contentUrl\":\"https:\\\/\\\/digital58.com.ve\\\/site\\\/wp-content\\\/uploads\\\/2020\\\/08\\\/GettyImages-927265510-olivia-wilde.jpg\",\"width\":800,\"height\":450},{\"@type\":\"BreadcrumbList\",\"@id\":\"https:\\\/\\\/digital58.com.ve\\\/site\\\/2020\\\/08\\\/20\\\/olivia-wilde-sera-la-directora-de-la-nueva-pelicula-de-marvel\\\/#breadcrumb\",\"itemListElement\":[{\"@type\":\"ListItem\",\"position\":1,\"name\":\"Home\",\"item\":\"https:\\\/\\\/digital58.com.ve\\\/site\\\/\"},{\"@type\":\"ListItem\",\"position\":2,\"name\":\"Olivia Wilde ser\u00e1 la directora de la nueva pel\u00edcula de Marvel\"}]},{\"@type\":\"WebSite\",\"@id\":\"https:\\\/\\\/digital58.com.ve\\\/site\\\/#website\",\"url\":\"https:\\\/\\\/digital58.com.ve\\\/site\\\/\",\"name\":\"Noticias Digital58\",\"description\":\"Portal de Noticias \u00a1Periodismo web de verdad! Lanzamiento web 22.11.2005 \\\/ Maracaibo, Venezuela\",\"publisher\":{\"@id\":\"https:\\\/\\\/digital58.com.ve\\\/site\\\/#\\\/schema\\\/person\\\/64d1c2e4d0d4fd1b849980c4331c2951\"},\"alternateName\":\"ND58\",\"potentialAction\":[{\"@type\":\"SearchAction\",\"target\":{\"@type\":\"EntryPoint\",\"urlTemplate\":\"https:\\\/\\\/digital58.com.ve\\\/site\\\/?s={search_term_string}\"},\"query-input\":{\"@type\":\"PropertyValueSpecification\",\"valueRequired\":true,\"valueName\":\"search_term_string\"}}],\"inLanguage\":\"es\"},{\"@type\":[\"Person\",\"Organization\"],\"@id\":\"https:\\\/\\\/digital58.com.ve\\\/site\\\/#\\\/schema\\\/person\\\/64d1c2e4d0d4fd1b849980c4331c2951\",\"name\":\"Villasmil Henry\",\"image\":{\"@type\":\"ImageObject\",\"inLanguage\":\"es\",\"@id\":\"https:\\\/\\\/secure.gravatar.com\\\/avatar\\\/bb0c4a2fcb7970138239f7e404ea75757b1b507b28b5ce4c53fbd62d797c5a7c?s=96&d=mm&r=g\",\"url\":\"https:\\\/\\\/secure.gravatar.com\\\/avatar\\\/bb0c4a2fcb7970138239f7e404ea75757b1b507b28b5ce4c53fbd62d797c5a7c?s=96&d=mm&r=g\",\"contentUrl\":\"https:\\\/\\\/secure.gravatar.com\\\/avatar\\\/bb0c4a2fcb7970138239f7e404ea75757b1b507b28b5ce4c53fbd62d797c5a7c?s=96&d=mm&r=g\",\"caption\":\"Villasmil Henry\"},\"logo\":{\"@id\":\"https:\\\/\\\/secure.gravatar.com\\\/avatar\\\/bb0c4a2fcb7970138239f7e404ea75757b1b507b28b5ce4c53fbd62d797c5a7c?s=96&d=mm&r=g\"},\"sameAs\":[\"http:\\\/\\\/www.henryvillasmil.com.ve\",\"https:\\\/\\\/www.instagram.com\\\/villasmilhfoto\\\/\",\"https:\\\/\\\/x.com\\\/https:\\\/\\\/twitter.com\\\/villasmilhfoto\"]},{\"@type\":\"Person\",\"@id\":\"https:\\\/\\\/digital58.com.ve\\\/site\\\/#\\\/schema\\\/person\\\/6672bab44ab958838204ebb2cb0e8d52\",\"name\":\"Rubio Laura Isabel\",\"image\":{\"@type\":\"ImageObject\",\"inLanguage\":\"es\",\"@id\":\"https:\\\/\\\/secure.gravatar.com\\\/avatar\\\/f7cc56b26fb0562df4488ff129a58c3c1a1bd264c9af5f313a9b1797fff1cfb9?s=96&d=mm&r=g\",\"url\":\"https:\\\/\\\/secure.gravatar.com\\\/avatar\\\/f7cc56b26fb0562df4488ff129a58c3c1a1bd264c9af5f313a9b1797fff1cfb9?s=96&d=mm&r=g\",\"contentUrl\":\"https:\\\/\\\/secure.gravatar.com\\\/avatar\\\/f7cc56b26fb0562df4488ff129a58c3c1a1bd264c9af5f313a9b1797fff1cfb9?s=96&d=mm&r=g\",\"caption\":\"Rubio Laura Isabel\"},\"url\":\"https:\\\/\\\/digital58.com.ve\\\/site\\\/author\\\/laurarubio\\\/\"}]}<\/script>\n<!-- \/ Yoast SEO plugin. -->","yoast_head_json":{"title":"Olivia Wilde ser\u00e1 la directora de la nueva pel\u00edcula de Marvel","description":"Fama","robots":{"index":"index","follow":"follow","max-snippet":"max-snippet:-1","max-image-preview":"max-image-preview:large","max-video-preview":"max-video-preview:-1"},"canonical":"https:\/\/digital58.com.ve\/site\/2020\/08\/20\/olivia-wilde-sera-la-directora-de-la-nueva-pelicula-de-marvel\/","og_locale":"es_ES","og_type":"article","og_title":"Olivia Wilde ser\u00e1 la directora de la nueva pel\u00edcula de Marvel","og_description":"Fama","og_url":"https:\/\/digital58.com.ve\/site\/2020\/08\/20\/olivia-wilde-sera-la-directora-de-la-nueva-pelicula-de-marvel\/","og_site_name":"Noticias Digital58","article_published_time":"2020-08-20T18:04:49+00:00","og_image":[{"width":1920,"height":1080,"url":"https:\/\/digital58.com.ve\/site\/wp-content\/uploads\/2020\/08\/GettyImages-927265510-olivia-wilde.jpg","type":"image\/jpeg"}],"author":"Rubio Laura Isabel","twitter_card":"summary_large_image","twitter_creator":"@Digital_58","twitter_site":"@villasmilhfoto","twitter_misc":{"Escrito por":"Rubio Laura Isabel","Tiempo estimado de lectura":"2 minutos"},"schema":{"@context":"https:\/\/schema.org","@graph":[{"@type":"Article","@id":"https:\/\/digital58.com.ve\/site\/2020\/08\/20\/olivia-wilde-sera-la-directora-de-la-nueva-pelicula-de-marvel\/#article","isPartOf":{"@id":"https:\/\/digital58.com.ve\/site\/2020\/08\/20\/olivia-wilde-sera-la-directora-de-la-nueva-pelicula-de-marvel\/"},"author":{"name":"Rubio Laura Isabel","@id":"https:\/\/digital58.com.ve\/site\/#\/schema\/person\/6672bab44ab958838204ebb2cb0e8d52"},"headline":"Olivia Wilde ser\u00e1 la directora de la nueva pel\u00edcula de Marvel","datePublished":"2020-08-20T18:04:49+00:00","mainEntityOfPage":{"@id":"https:\/\/digital58.com.ve\/site\/2020\/08\/20\/olivia-wilde-sera-la-directora-de-la-nueva-pelicula-de-marvel\/"},"wordCount":339,"commentCount":0,"publisher":{"@id":"https:\/\/digital58.com.ve\/site\/#\/schema\/person\/64d1c2e4d0d4fd1b849980c4331c2951"},"image":{"@id":"https:\/\/digital58.com.ve\/site\/2020\/08\/20\/olivia-wilde-sera-la-directora-de-la-nueva-pelicula-de-marvel\/#primaryimage"},"thumbnailUrl":"https:\/\/digital58.com.ve\/site\/wp-content\/uploads\/2020\/08\/GettyImages-927265510-olivia-wilde.jpg","keywords":["Actriz","Cine","Disney","Entretenimiento","Far\u00e1ndula","Hollywood","Internacionales","Marvel","Olivia Wilde","Pel\u00edcula","Spiderman"],"articleSection":["Fama"],"inLanguage":"es","potentialAction":[{"@type":"CommentAction","name":"Comment","target":["https:\/\/digital58.com.ve\/site\/2020\/08\/20\/olivia-wilde-sera-la-directora-de-la-nueva-pelicula-de-marvel\/#respond"]}]},{"@type":"WebPage","@id":"https:\/\/digital58.com.ve\/site\/2020\/08\/20\/olivia-wilde-sera-la-directora-de-la-nueva-pelicula-de-marvel\/","url":"https:\/\/digital58.com.ve\/site\/2020\/08\/20\/olivia-wilde-sera-la-directora-de-la-nueva-pelicula-de-marvel\/","name":"Olivia Wilde ser\u00e1 la directora de la nueva pel\u00edcula de Marvel","isPartOf":{"@id":"https:\/\/digital58.com.ve\/site\/#website"},"primaryImageOfPage":{"@id":"https:\/\/digital58.com.ve\/site\/2020\/08\/20\/olivia-wilde-sera-la-directora-de-la-nueva-pelicula-de-marvel\/#primaryimage"},"image":{"@id":"https:\/\/digital58.com.ve\/site\/2020\/08\/20\/olivia-wilde-sera-la-directora-de-la-nueva-pelicula-de-marvel\/#primaryimage"},"thumbnailUrl":"https:\/\/digital58.com.ve\/site\/wp-content\/uploads\/2020\/08\/GettyImages-927265510-olivia-wilde.jpg","datePublished":"2020-08-20T18:04:49+00:00","description":"Fama","breadcrumb":{"@id":"https:\/\/digital58.com.ve\/site\/2020\/08\/20\/olivia-wilde-sera-la-directora-de-la-nueva-pelicula-de-marvel\/#breadcrumb"},"inLanguage":"es","potentialAction":[{"@type":"ReadAction","target":["https:\/\/digital58.com.ve\/site\/2020\/08\/20\/olivia-wilde-sera-la-directora-de-la-nueva-pelicula-de-marvel\/"]}]},{"@type":"ImageObject","inLanguage":"es","@id":"https:\/\/digital58.com.ve\/site\/2020\/08\/20\/olivia-wilde-sera-la-directora-de-la-nueva-pelicula-de-marvel\/#primaryimage","url":"https:\/\/digital58.com.ve\/site\/wp-content\/uploads\/2020\/08\/GettyImages-927265510-olivia-wilde.jpg","contentUrl":"https:\/\/digital58.com.ve\/site\/wp-content\/uploads\/2020\/08\/GettyImages-927265510-olivia-wilde.jpg","width":800,"height":450},{"@type":"BreadcrumbList","@id":"https:\/\/digital58.com.ve\/site\/2020\/08\/20\/olivia-wilde-sera-la-directora-de-la-nueva-pelicula-de-marvel\/#breadcrumb","itemListElement":[{"@type":"ListItem","position":1,"name":"Home","item":"https:\/\/digital58.com.ve\/site\/"},{"@type":"ListItem","position":2,"name":"Olivia Wilde ser\u00e1 la directora de la nueva pel\u00edcula de Marvel"}]},{"@type":"WebSite","@id":"https:\/\/digital58.com.ve\/site\/#website","url":"https:\/\/digital58.com.ve\/site\/","name":"Noticias Digital58","description":"Portal de Noticias \u00a1Periodismo web de verdad! Lanzamiento web 22.11.2005 \/ Maracaibo, Venezuela","publisher":{"@id":"https:\/\/digital58.com.ve\/site\/#\/schema\/person\/64d1c2e4d0d4fd1b849980c4331c2951"},"alternateName":"ND58","potentialAction":[{"@type":"SearchAction","target":{"@type":"EntryPoint","urlTemplate":"https:\/\/digital58.com.ve\/site\/?s={search_term_string}"},"query-input":{"@type":"PropertyValueSpecification","valueRequired":true,"valueName":"search_term_string"}}],"inLanguage":"es"},{"@type":["Person","Organization"],"@id":"https:\/\/digital58.com.ve\/site\/#\/schema\/person\/64d1c2e4d0d4fd1b849980c4331c2951","name":"Villasmil Henry","image":{"@type":"ImageObject","inLanguage":"es","@id":"https:\/\/secure.gravatar.com\/avatar\/bb0c4a2fcb7970138239f7e404ea75757b1b507b28b5ce4c53fbd62d797c5a7c?s=96&d=mm&r=g","url":"https:\/\/secure.gravatar.com\/avatar\/bb0c4a2fcb7970138239f7e404ea75757b1b507b28b5ce4c53fbd62d797c5a7c?s=96&d=mm&r=g","contentUrl":"https:\/\/secure.gravatar.com\/avatar\/bb0c4a2fcb7970138239f7e404ea75757b1b507b28b5ce4c53fbd62d797c5a7c?s=96&d=mm&r=g","caption":"Villasmil Henry"},"logo":{"@id":"https:\/\/secure.gravatar.com\/avatar\/bb0c4a2fcb7970138239f7e404ea75757b1b507b28b5ce4c53fbd62d797c5a7c?s=96&d=mm&r=g"},"sameAs":["http:\/\/www.henryvillasmil.com.ve","https:\/\/www.instagram.com\/villasmilhfoto\/","https:\/\/x.com\/https:\/\/twitter.com\/villasmilhfoto"]},{"@type":"Person","@id":"https:\/\/digital58.com.ve\/site\/#\/schema\/person\/6672bab44ab958838204ebb2cb0e8d52","name":"Rubio Laura Isabel","image":{"@type":"ImageObject","inLanguage":"es","@id":"https:\/\/secure.gravatar.com\/avatar\/f7cc56b26fb0562df4488ff129a58c3c1a1bd264c9af5f313a9b1797fff1cfb9?s=96&d=mm&r=g","url":"https:\/\/secure.gravatar.com\/avatar\/f7cc56b26fb0562df4488ff129a58c3c1a1bd264c9af5f313a9b1797fff1cfb9?s=96&d=mm&r=g","contentUrl":"https:\/\/secure.gravatar.com\/avatar\/f7cc56b26fb0562df4488ff129a58c3c1a1bd264c9af5f313a9b1797fff1cfb9?s=96&d=mm&r=g","caption":"Rubio Laura Isabel"},"url":"https:\/\/digital58.com.ve\/site\/author\/laurarubio\/"}]}},"uagb_featured_image_src":{"full":["https:\/\/digital58.com.ve\/site\/wp-content\/uploads\/2020\/08\/GettyImages-927265510-olivia-wilde.jpg",800,450,false],"thumbnail":["https:\/\/digital58.com.ve\/site\/wp-content\/uploads\/2020\/08\/GettyImages-927265510-olivia-wilde-150x150.jpg",150,150,true],"medium":["https:\/\/digital58.com.ve\/site\/wp-content\/uploads\/2020\/08\/GettyImages-927265510-olivia-wilde-300x169.jpg",300,169,true],"medium_large":["https:\/\/digital58.com.ve\/site\/wp-content\/uploads\/2020\/08\/GettyImages-927265510-olivia-wilde-768x432.jpg",768,432,true],"large":["https:\/\/digital58.com.ve\/site\/wp-content\/uploads\/2020\/08\/GettyImages-927265510-olivia-wilde-1500x844.jpg",800,450,true],"1536x1536":["https:\/\/digital58.com.ve\/site\/wp-content\/uploads\/2020\/08\/GettyImages-927265510-olivia-wilde-1536x864.jpg",1536,864,true],"2048x2048":["https:\/\/digital58.com.ve\/site\/wp-content\/uploads\/2020\/08\/GettyImages-927265510-olivia-wilde.jpg",800,450,false],"colormag-highlighted-post":["https:\/\/digital58.com.ve\/site\/wp-content\/uploads\/2020\/08\/GettyImages-927265510-olivia-wilde.jpg",392,221,false],"colormag-featured-post-medium":["https:\/\/digital58.com.ve\/site\/wp-content\/uploads\/2020\/08\/GettyImages-927265510-olivia-wilde.jpg",364,205,false],"colormag-featured-post-small":["https:\/\/digital58.com.ve\/site\/wp-content\/uploads\/2020\/08\/GettyImages-927265510-olivia-wilde.jpg",130,73,false],"colormag-featured-image":["https:\/\/digital58.com.ve\/site\/wp-content\/uploads\/2020\/08\/GettyImages-927265510-olivia-wilde.jpg",791,445,false],"colormag-default-news":["https:\/\/digital58.com.ve\/site\/wp-content\/uploads\/2020\/08\/GettyImages-927265510-olivia-wilde.jpg",150,84,false],"colormag-featured-image-large":["https:\/\/digital58.com.ve\/site\/wp-content\/uploads\/2020\/08\/GettyImages-927265510-olivia-wilde.jpg",800,450,false]},"uagb_author_info":{"display_name":"Rubio Laura Isabel","author_link":"https:\/\/digital58.com.ve\/site\/author\/laurarubio\/"},"uagb_comment_info":0,"uagb_excerpt":"La protagonista de esta nueva cinta de acci\u00f3n ser\u00e1 una dama y todo a punta, ha que se trata de","_links":{"self":[{"href":"https:\/\/digital58.com.ve\/site\/wp-json\/wp\/v2\/posts\/123337","targetHints":{"allow":["GET"]}}],"collection":[{"href":"https:\/\/digital58.com.ve\/site\/wp-json\/wp\/v2\/posts"}],"about":[{"href":"https:\/\/digital58.com.ve\/site\/wp-json\/wp\/v2\/types\/post"}],"author":[{"embeddable":true,"href":"https:\/\/digital58.com.ve\/site\/wp-json\/wp\/v2\/users\/28"}],"replies":[{"embeddable":true,"href":"https:\/\/digital58.com.ve\/site\/wp-json\/wp\/v2\/comments?post=123337"}],"version-history":[{"count":0,"href":"https:\/\/digital58.com.ve\/site\/wp-json\/wp\/v2\/posts\/123337\/revisions"}],"wp:featuredmedia":[{"embeddable":true,"href":"https:\/\/digital58.com.ve\/site\/wp-json\/wp\/v2\/media\/123352"}],"wp:attachment":[{"href":"https:\/\/digital58.com.ve\/site\/wp-json\/wp\/v2\/media?parent=123337"}],"wp:term":[{"taxonomy":"category","embeddable":true,"href":"https:\/\/digital58.com.ve\/site\/wp-json\/wp\/v2\/categories?post=123337"},{"taxonomy":"post_tag","embeddable":true,"href":"https:\/\/digital58.com.ve\/site\/wp-json\/wp\/v2\/tags?post=123337"}],"curies":[{"name":"wp","href":"https:\/\/api.w.org\/{rel}","templated":true}]}}