{"id":123439,"date":"2020-08-20T19:16:43","date_gmt":"2020-08-20T23:16:43","guid":{"rendered":"https:\/\/digital58.com.ve\/site\/?p=123439"},"modified":"2020-08-20T19:16:43","modified_gmt":"2020-08-20T23:16:43","slug":"covid-19-mata-a-un-cuarto-de-millon-de-personas-en-america-latina-en-menos-de-seis-meses","status":"publish","type":"post","link":"https:\/\/digital58.com.ve\/site\/2020\/08\/20\/covid-19-mata-a-un-cuarto-de-millon-de-personas-en-america-latina-en-menos-de-seis-meses\/","title":{"rendered":"COVID-19 mata a un cuarto de mill\u00f3n de personas en Am\u00e9rica Latina en menos de seis meses"},"content":{"rendered":"<p><a href=\"https:\/\/digital58.com.ve\/site\/wp-content\/uploads\/2020\/08\/covid-19-20-08-20.jpg\"><img loading=\"lazy\" decoding=\"async\" class=\"aligncenter size-full wp-image-123440\" src=\"https:\/\/digital58.com.ve\/site\/wp-content\/uploads\/2020\/08\/covid-19-20-08-20.jpg\" alt=\"\" width=\"800\" height=\"519\" srcset=\"https:\/\/digital58.com.ve\/site\/wp-content\/uploads\/2020\/08\/covid-19-20-08-20.jpg 800w, https:\/\/digital58.com.ve\/site\/wp-content\/uploads\/2020\/08\/covid-19-20-08-20-300x195.jpg 300w, https:\/\/digital58.com.ve\/site\/wp-content\/uploads\/2020\/08\/covid-19-20-08-20-768x498.jpg 768w\" sizes=\"auto, (max-width: 800px) 100vw, 800px\" \/><\/a><\/p>\n<p>Las muertes por la enfermedad que provoca el coronavirus en Am\u00e9rica Latina, la regi\u00f3n m\u00e1s castigada por la pandemia, superaron el jueves las 250.000, en momentos en que la tasa de contagios sigue cerca de m\u00e1ximos.<\/p>\n<p><strong>Internacionales, 20 de agosto de 2020 (ND58).-<\/strong> Los gobiernos de Am\u00e9rica Latina y el Caribe han reportado 250.330 muertos y 6,45 millones de casos desde el primer caso conocido del 26 de febrero. Ambos son los totales m\u00e1s altos del mundo para una regi\u00f3n.<\/p>\n<p>En la \u00faltima semana, se han informado m\u00e1s de 3.000 muertos diarios en promedio y unos 83.000 nuevos casos cada 24 horas, cuando la mayor parte de la poblaci\u00f3n ha dejado atr\u00e1s las largas cuarentenas con que se busc\u00f3 prevenir la propagaci\u00f3n de la infecci\u00f3n.<\/p>\n<p>Los casos est\u00e1n en aumento en pa\u00edses como Per\u00fa, Colombia y Argentina, seg\u00fan el recuento de Reuters.<\/p>\n<p>La regi\u00f3n enfrenta adem\u00e1s un adverso panorama econ\u00f3mico con una ca\u00edda esperada de la econom\u00eda de un 9,1 %, seg\u00fan la Comisi\u00f3n Econ\u00f3mica para Am\u00e9rica Latina y el Caribe (CEPAL).<\/p>\n<p>No hay una vacuna probada o una cura definitiva para el COVID-19, la enfermedad que provoca el nuevo coronavirus, que ha matado en el mundo a casi 790.000 personas y ha infectado a 22,6 millones.<\/p>\n<p><strong>Las siguientes son las cifras del COVID-19 en algunos de los pa\u00edses de Am\u00e9rica Latina:<\/strong><\/p>\n<p><strong>Pa\u00eds, total casos, muertes y total recuperados y recuperados las \u00faltimas 24 horas<\/strong><\/p>\n<p>Brasil 3.501.975 <strong>112.304<\/strong> 2.653.407 <strong>45.323<\/strong><br \/>\nM\u00e9xico 537.031 <strong>58.461<\/strong> 367.537 <strong>5.792<br \/>\n<\/strong>Per\u00fa 558.420 <strong>26.834 <\/strong>377.453 <strong>9.099<br \/>\n<\/strong>Colombia 502.178 <strong>15.979<\/strong> 326.298 <strong>13.056<\/strong><br \/>\nChile 391.883 <strong>10.671<\/strong> 366.063 <strong>1.813<\/strong><br \/>\nEcuador 118.508 <strong>6.200<\/strong> 73.616 <strong>1.033<\/strong><br \/>\nArgentina 312.659 <strong>6.098<\/strong> 228.725 <strong>6.693<\/strong><br \/>\nBolivia 105.050 <strong>4.233<\/strong> 39.965 <strong>2.031<\/strong><br \/>\nGuatemala 64.881<strong> 2.467<\/strong> 53.<strong>362 0<\/strong><br \/>\nPanam\u00e1 83.754 <strong>1.827<\/strong> 58.274 <strong>964<\/strong><br \/>\nHonduras 52.296 <strong>1.608<\/strong> 7.867 <strong>626<\/strong><br \/>\nRep\u00fablica Dominicana 89.010 <strong>1.505<\/strong> 57.734 <strong>883<\/strong><br \/>\nEl Salvador 23.964<strong> 640<\/strong> 11.558 <strong>247<\/strong><br \/>\nCosta Rica 30.409 <strong>321<\/strong> 9.660 <strong>766<\/strong><br \/>\nVenezuela total casos: 36.868 | <strong>Muertes: 303<\/strong> | Total recuperados: 25.416 | Recuperados \u00faltimas 24 horas: <strong>1.171<\/strong><br \/>\nHait\u00ed 7.949 <strong>196<\/strong> 5.337 \u200b<strong>0<\/strong><br \/>\nParaguay 11.133 <strong>165<\/strong> 6.582 <strong>527<\/strong><br \/>\nNicaragua 4.227 <strong>133<\/strong> 3.211 <strong>0<\/strong><br \/>\nCuba 3.565<strong> 88<\/strong> 2.894 <strong>83<\/strong><br \/>\nUruguay 1.493 <strong>40<\/strong> 1.228<strong> 36<\/strong><\/p>\n<p>La cantidad de muertes puede ser afectada por el n\u00famero de pruebas realizadas, el que var\u00eda de acuerdo con los pa\u00edses.<\/p><div class=\"hvald69f23d8dc986d\" ><p style=\"text-align: center;\"><a href=\"https:\/\/t.me\/noticiasdigital58\" target=\"_blank\" rel=\"noopener\"><img class=\"aligncenter size-full wp-image-125363\" src=\"https:\/\/digital58.com.ve\/site\/wp-content\/uploads\/2021\/04\/banner-telegram-web-2021.png\" alt=\"\" width=\"600\" height=\"90\" \/><\/a><\/p><\/div><style type=\"text\/css\">\r\n@media screen and (min-width: 1201px) {\r\n.hvald69f23d8dc986d {\r\ndisplay: block;\r\n}\r\n}\r\n@media screen and (min-width: 993px) and (max-width: 1200px) {\r\n.hvald69f23d8dc986d {\r\ndisplay: block;\r\n}\r\n}\r\n@media screen and (min-width: 769px) and (max-width: 992px) {\r\n.hvald69f23d8dc986d {\r\ndisplay: block;\r\n}\r\n}\r\n@media screen and (min-width: 768px) and (max-width: 768px) {\r\n.hvald69f23d8dc986d {\r\ndisplay: block;\r\n}\r\n}\r\n@media screen and (max-width: 767px) {\r\n.hvald69f23d8dc986d {\r\ndisplay: block;\r\n}\r\n}\r\n<\/style>\r\n\n<p><strong>Redacci\u00f3n ND58 | Fuente: Reuters<\/strong><br \/>\n<strong>Edici\u00f3n: Villasmil, Henry<\/strong><br \/>\n<strong>Gr\u00e1fica: Reuters<\/strong><\/p>\n<div style=\"margin-top: 0px; margin-bottom: 0px;\" class=\"sharethis-inline-share-buttons\" ><\/div>","protected":false},"excerpt":{"rendered":"<p>Las muertes por la enfermedad que provoca el coronavirus en Am\u00e9rica Latina, la regi\u00f3n m\u00e1s castigada por la pandemia, superaron<\/p>\n","protected":false},"author":1,"featured_media":123440,"comment_status":"open","ping_status":"closed","sticky":false,"template":"","format":"standard","meta":{"colormag_page_container_layout":"default_layout","colormag_page_sidebar_layout":"default_layout","_uag_custom_page_level_css":"","footnotes":""},"categories":[16451],"tags":[7080,13352,13648,8,13723,14457],"class_list":["post-123439","post","type-post","status-publish","format-standard","has-post-thumbnail","hentry","category-mundo","tag-america-latina","tag-coronavirus","tag-covid-19","tag-internacionales","tag-pandemia","tag-reporte-diario-covid-19"],"yoast_head":"<!-- This site is optimized with the Yoast SEO plugin v27.5 - https:\/\/yoast.com\/product\/yoast-seo-wordpress\/ -->\n<title>COVID-19 mata a un cuarto de mill\u00f3n de personas en Am\u00e9rica Latina en menos de seis meses<\/title>\n<meta name=\"description\" content=\"Mundo\" \/>\n<meta name=\"robots\" content=\"index, follow, max-snippet:-1, max-image-preview:large, max-video-preview:-1\" \/>\n<link rel=\"canonical\" href=\"https:\/\/digital58.com.ve\/site\/2020\/08\/20\/covid-19-mata-a-un-cuarto-de-millon-de-personas-en-america-latina-en-menos-de-seis-meses\/\" \/>\n<meta property=\"og:locale\" content=\"es_ES\" \/>\n<meta property=\"og:type\" content=\"article\" \/>\n<meta property=\"og:title\" content=\"COVID-19 mata a un cuarto de mill\u00f3n de personas en Am\u00e9rica Latina en menos de seis meses\" \/>\n<meta property=\"og:description\" content=\"Mundo\" \/>\n<meta property=\"og:url\" content=\"https:\/\/digital58.com.ve\/site\/2020\/08\/20\/covid-19-mata-a-un-cuarto-de-millon-de-personas-en-america-latina-en-menos-de-seis-meses\/\" \/>\n<meta property=\"og:site_name\" content=\"Noticias Digital58\" \/>\n<meta property=\"article:published_time\" content=\"2020-08-20T23:16:43+00:00\" \/>\n<meta property=\"og:image\" content=\"https:\/\/digital58.com.ve\/site\/wp-content\/uploads\/2020\/08\/covid-19-20-08-20.jpg\" \/>\n\t<meta property=\"og:image:width\" content=\"800\" \/>\n\t<meta property=\"og:image:height\" content=\"519\" \/>\n\t<meta property=\"og:image:type\" content=\"image\/jpeg\" \/>\n<meta name=\"author\" content=\"Villasmil Henry\" \/>\n<meta name=\"twitter:card\" content=\"summary_large_image\" \/>\n<meta name=\"twitter:creator\" content=\"@https:\/\/twitter.com\/villasmilhfoto\" \/>\n<meta name=\"twitter:site\" content=\"@villasmilhfoto\" \/>\n<meta name=\"twitter:label1\" content=\"Escrito por\" \/>\n\t<meta name=\"twitter:data1\" content=\"Villasmil Henry\" \/>\n\t<meta name=\"twitter:label2\" content=\"Tiempo estimado de lectura\" \/>\n\t<meta name=\"twitter:data2\" content=\"2 minutos\" \/>\n<script type=\"application\/ld+json\" class=\"yoast-schema-graph\">{\"@context\":\"https:\\\/\\\/schema.org\",\"@graph\":[{\"@type\":\"Article\",\"@id\":\"https:\\\/\\\/digital58.com.ve\\\/site\\\/2020\\\/08\\\/20\\\/covid-19-mata-a-un-cuarto-de-millon-de-personas-en-america-latina-en-menos-de-seis-meses\\\/#article\",\"isPartOf\":{\"@id\":\"https:\\\/\\\/digital58.com.ve\\\/site\\\/2020\\\/08\\\/20\\\/covid-19-mata-a-un-cuarto-de-millon-de-personas-en-america-latina-en-menos-de-seis-meses\\\/\"},\"author\":{\"name\":\"Villasmil Henry\",\"@id\":\"https:\\\/\\\/digital58.com.ve\\\/site\\\/#\\\/schema\\\/person\\\/64d1c2e4d0d4fd1b849980c4331c2951\"},\"headline\":\"COVID-19 mata a un cuarto de mill\u00f3n de personas en Am\u00e9rica Latina en menos de seis meses\",\"datePublished\":\"2020-08-20T23:16:43+00:00\",\"mainEntityOfPage\":{\"@id\":\"https:\\\/\\\/digital58.com.ve\\\/site\\\/2020\\\/08\\\/20\\\/covid-19-mata-a-un-cuarto-de-millon-de-personas-en-america-latina-en-menos-de-seis-meses\\\/\"},\"wordCount\":337,\"commentCount\":0,\"publisher\":{\"@id\":\"https:\\\/\\\/digital58.com.ve\\\/site\\\/#\\\/schema\\\/person\\\/64d1c2e4d0d4fd1b849980c4331c2951\"},\"image\":{\"@id\":\"https:\\\/\\\/digital58.com.ve\\\/site\\\/2020\\\/08\\\/20\\\/covid-19-mata-a-un-cuarto-de-millon-de-personas-en-america-latina-en-menos-de-seis-meses\\\/#primaryimage\"},\"thumbnailUrl\":\"https:\\\/\\\/digital58.com.ve\\\/site\\\/wp-content\\\/uploads\\\/2020\\\/08\\\/covid-19-20-08-20.jpg\",\"keywords\":[\"Am\u00e9rica Latina\",\"Coronavirus\",\"COVID-19\",\"Internacionales\",\"Pandemia\",\"Reporte Diario COVID-19\"],\"articleSection\":[\"Mundo\"],\"inLanguage\":\"es\",\"potentialAction\":[{\"@type\":\"CommentAction\",\"name\":\"Comment\",\"target\":[\"https:\\\/\\\/digital58.com.ve\\\/site\\\/2020\\\/08\\\/20\\\/covid-19-mata-a-un-cuarto-de-millon-de-personas-en-america-latina-en-menos-de-seis-meses\\\/#respond\"]}]},{\"@type\":\"WebPage\",\"@id\":\"https:\\\/\\\/digital58.com.ve\\\/site\\\/2020\\\/08\\\/20\\\/covid-19-mata-a-un-cuarto-de-millon-de-personas-en-america-latina-en-menos-de-seis-meses\\\/\",\"url\":\"https:\\\/\\\/digital58.com.ve\\\/site\\\/2020\\\/08\\\/20\\\/covid-19-mata-a-un-cuarto-de-millon-de-personas-en-america-latina-en-menos-de-seis-meses\\\/\",\"name\":\"COVID-19 mata a un cuarto de mill\u00f3n de personas en Am\u00e9rica Latina en menos de seis meses\",\"isPartOf\":{\"@id\":\"https:\\\/\\\/digital58.com.ve\\\/site\\\/#website\"},\"primaryImageOfPage\":{\"@id\":\"https:\\\/\\\/digital58.com.ve\\\/site\\\/2020\\\/08\\\/20\\\/covid-19-mata-a-un-cuarto-de-millon-de-personas-en-america-latina-en-menos-de-seis-meses\\\/#primaryimage\"},\"image\":{\"@id\":\"https:\\\/\\\/digital58.com.ve\\\/site\\\/2020\\\/08\\\/20\\\/covid-19-mata-a-un-cuarto-de-millon-de-personas-en-america-latina-en-menos-de-seis-meses\\\/#primaryimage\"},\"thumbnailUrl\":\"https:\\\/\\\/digital58.com.ve\\\/site\\\/wp-content\\\/uploads\\\/2020\\\/08\\\/covid-19-20-08-20.jpg\",\"datePublished\":\"2020-08-20T23:16:43+00:00\",\"description\":\"Mundo\",\"breadcrumb\":{\"@id\":\"https:\\\/\\\/digital58.com.ve\\\/site\\\/2020\\\/08\\\/20\\\/covid-19-mata-a-un-cuarto-de-millon-de-personas-en-america-latina-en-menos-de-seis-meses\\\/#breadcrumb\"},\"inLanguage\":\"es\",\"potentialAction\":[{\"@type\":\"ReadAction\",\"target\":[\"https:\\\/\\\/digital58.com.ve\\\/site\\\/2020\\\/08\\\/20\\\/covid-19-mata-a-un-cuarto-de-millon-de-personas-en-america-latina-en-menos-de-seis-meses\\\/\"]}]},{\"@type\":\"ImageObject\",\"inLanguage\":\"es\",\"@id\":\"https:\\\/\\\/digital58.com.ve\\\/site\\\/2020\\\/08\\\/20\\\/covid-19-mata-a-un-cuarto-de-millon-de-personas-en-america-latina-en-menos-de-seis-meses\\\/#primaryimage\",\"url\":\"https:\\\/\\\/digital58.com.ve\\\/site\\\/wp-content\\\/uploads\\\/2020\\\/08\\\/covid-19-20-08-20.jpg\",\"contentUrl\":\"https:\\\/\\\/digital58.com.ve\\\/site\\\/wp-content\\\/uploads\\\/2020\\\/08\\\/covid-19-20-08-20.jpg\",\"width\":800,\"height\":519},{\"@type\":\"BreadcrumbList\",\"@id\":\"https:\\\/\\\/digital58.com.ve\\\/site\\\/2020\\\/08\\\/20\\\/covid-19-mata-a-un-cuarto-de-millon-de-personas-en-america-latina-en-menos-de-seis-meses\\\/#breadcrumb\",\"itemListElement\":[{\"@type\":\"ListItem\",\"position\":1,\"name\":\"Home\",\"item\":\"https:\\\/\\\/digital58.com.ve\\\/site\\\/\"},{\"@type\":\"ListItem\",\"position\":2,\"name\":\"COVID-19 mata a un cuarto de mill\u00f3n de personas en Am\u00e9rica Latina en menos de seis meses\"}]},{\"@type\":\"WebSite\",\"@id\":\"https:\\\/\\\/digital58.com.ve\\\/site\\\/#website\",\"url\":\"https:\\\/\\\/digital58.com.ve\\\/site\\\/\",\"name\":\"Noticias Digital58\",\"description\":\"Portal de Noticias \u00a1Periodismo web de verdad! Lanzamiento web 22.11.2005 \\\/ Maracaibo, Venezuela\",\"publisher\":{\"@id\":\"https:\\\/\\\/digital58.com.ve\\\/site\\\/#\\\/schema\\\/person\\\/64d1c2e4d0d4fd1b849980c4331c2951\"},\"alternateName\":\"ND58\",\"potentialAction\":[{\"@type\":\"SearchAction\",\"target\":{\"@type\":\"EntryPoint\",\"urlTemplate\":\"https:\\\/\\\/digital58.com.ve\\\/site\\\/?s={search_term_string}\"},\"query-input\":{\"@type\":\"PropertyValueSpecification\",\"valueRequired\":true,\"valueName\":\"search_term_string\"}}],\"inLanguage\":\"es\"},{\"@type\":[\"Person\",\"Organization\"],\"@id\":\"https:\\\/\\\/digital58.com.ve\\\/site\\\/#\\\/schema\\\/person\\\/64d1c2e4d0d4fd1b849980c4331c2951\",\"name\":\"Villasmil Henry\",\"image\":{\"@type\":\"ImageObject\",\"inLanguage\":\"es\",\"@id\":\"https:\\\/\\\/secure.gravatar.com\\\/avatar\\\/bb0c4a2fcb7970138239f7e404ea75757b1b507b28b5ce4c53fbd62d797c5a7c?s=96&d=mm&r=g\",\"url\":\"https:\\\/\\\/secure.gravatar.com\\\/avatar\\\/bb0c4a2fcb7970138239f7e404ea75757b1b507b28b5ce4c53fbd62d797c5a7c?s=96&d=mm&r=g\",\"contentUrl\":\"https:\\\/\\\/secure.gravatar.com\\\/avatar\\\/bb0c4a2fcb7970138239f7e404ea75757b1b507b28b5ce4c53fbd62d797c5a7c?s=96&d=mm&r=g\",\"caption\":\"Villasmil Henry\"},\"logo\":{\"@id\":\"https:\\\/\\\/secure.gravatar.com\\\/avatar\\\/bb0c4a2fcb7970138239f7e404ea75757b1b507b28b5ce4c53fbd62d797c5a7c?s=96&d=mm&r=g\"},\"sameAs\":[\"http:\\\/\\\/www.henryvillasmil.com.ve\",\"https:\\\/\\\/www.instagram.com\\\/villasmilhfoto\\\/\",\"https:\\\/\\\/x.com\\\/https:\\\/\\\/twitter.com\\\/villasmilhfoto\"],\"url\":\"https:\\\/\\\/digital58.com.ve\\\/site\\\/author\\\/droopy_68\\\/\"}]}<\/script>\n<!-- \/ Yoast SEO plugin. -->","yoast_head_json":{"title":"COVID-19 mata a un cuarto de mill\u00f3n de personas en Am\u00e9rica Latina en menos de seis meses","description":"Mundo","robots":{"index":"index","follow":"follow","max-snippet":"max-snippet:-1","max-image-preview":"max-image-preview:large","max-video-preview":"max-video-preview:-1"},"canonical":"https:\/\/digital58.com.ve\/site\/2020\/08\/20\/covid-19-mata-a-un-cuarto-de-millon-de-personas-en-america-latina-en-menos-de-seis-meses\/","og_locale":"es_ES","og_type":"article","og_title":"COVID-19 mata a un cuarto de mill\u00f3n de personas en Am\u00e9rica Latina en menos de seis meses","og_description":"Mundo","og_url":"https:\/\/digital58.com.ve\/site\/2020\/08\/20\/covid-19-mata-a-un-cuarto-de-millon-de-personas-en-america-latina-en-menos-de-seis-meses\/","og_site_name":"Noticias Digital58","article_published_time":"2020-08-20T23:16:43+00:00","og_image":[{"width":800,"height":519,"url":"https:\/\/digital58.com.ve\/site\/wp-content\/uploads\/2020\/08\/covid-19-20-08-20.jpg","type":"image\/jpeg"}],"author":"Villasmil Henry","twitter_card":"summary_large_image","twitter_creator":"@https:\/\/twitter.com\/villasmilhfoto","twitter_site":"@villasmilhfoto","twitter_misc":{"Escrito por":"Villasmil Henry","Tiempo estimado de lectura":"2 minutos"},"schema":{"@context":"https:\/\/schema.org","@graph":[{"@type":"Article","@id":"https:\/\/digital58.com.ve\/site\/2020\/08\/20\/covid-19-mata-a-un-cuarto-de-millon-de-personas-en-america-latina-en-menos-de-seis-meses\/#article","isPartOf":{"@id":"https:\/\/digital58.com.ve\/site\/2020\/08\/20\/covid-19-mata-a-un-cuarto-de-millon-de-personas-en-america-latina-en-menos-de-seis-meses\/"},"author":{"name":"Villasmil Henry","@id":"https:\/\/digital58.com.ve\/site\/#\/schema\/person\/64d1c2e4d0d4fd1b849980c4331c2951"},"headline":"COVID-19 mata a un cuarto de mill\u00f3n de personas en Am\u00e9rica Latina en menos de seis meses","datePublished":"2020-08-20T23:16:43+00:00","mainEntityOfPage":{"@id":"https:\/\/digital58.com.ve\/site\/2020\/08\/20\/covid-19-mata-a-un-cuarto-de-millon-de-personas-en-america-latina-en-menos-de-seis-meses\/"},"wordCount":337,"commentCount":0,"publisher":{"@id":"https:\/\/digital58.com.ve\/site\/#\/schema\/person\/64d1c2e4d0d4fd1b849980c4331c2951"},"image":{"@id":"https:\/\/digital58.com.ve\/site\/2020\/08\/20\/covid-19-mata-a-un-cuarto-de-millon-de-personas-en-america-latina-en-menos-de-seis-meses\/#primaryimage"},"thumbnailUrl":"https:\/\/digital58.com.ve\/site\/wp-content\/uploads\/2020\/08\/covid-19-20-08-20.jpg","keywords":["Am\u00e9rica Latina","Coronavirus","COVID-19","Internacionales","Pandemia","Reporte Diario COVID-19"],"articleSection":["Mundo"],"inLanguage":"es","potentialAction":[{"@type":"CommentAction","name":"Comment","target":["https:\/\/digital58.com.ve\/site\/2020\/08\/20\/covid-19-mata-a-un-cuarto-de-millon-de-personas-en-america-latina-en-menos-de-seis-meses\/#respond"]}]},{"@type":"WebPage","@id":"https:\/\/digital58.com.ve\/site\/2020\/08\/20\/covid-19-mata-a-un-cuarto-de-millon-de-personas-en-america-latina-en-menos-de-seis-meses\/","url":"https:\/\/digital58.com.ve\/site\/2020\/08\/20\/covid-19-mata-a-un-cuarto-de-millon-de-personas-en-america-latina-en-menos-de-seis-meses\/","name":"COVID-19 mata a un cuarto de mill\u00f3n de personas en Am\u00e9rica Latina en menos de seis meses","isPartOf":{"@id":"https:\/\/digital58.com.ve\/site\/#website"},"primaryImageOfPage":{"@id":"https:\/\/digital58.com.ve\/site\/2020\/08\/20\/covid-19-mata-a-un-cuarto-de-millon-de-personas-en-america-latina-en-menos-de-seis-meses\/#primaryimage"},"image":{"@id":"https:\/\/digital58.com.ve\/site\/2020\/08\/20\/covid-19-mata-a-un-cuarto-de-millon-de-personas-en-america-latina-en-menos-de-seis-meses\/#primaryimage"},"thumbnailUrl":"https:\/\/digital58.com.ve\/site\/wp-content\/uploads\/2020\/08\/covid-19-20-08-20.jpg","datePublished":"2020-08-20T23:16:43+00:00","description":"Mundo","breadcrumb":{"@id":"https:\/\/digital58.com.ve\/site\/2020\/08\/20\/covid-19-mata-a-un-cuarto-de-millon-de-personas-en-america-latina-en-menos-de-seis-meses\/#breadcrumb"},"inLanguage":"es","potentialAction":[{"@type":"ReadAction","target":["https:\/\/digital58.com.ve\/site\/2020\/08\/20\/covid-19-mata-a-un-cuarto-de-millon-de-personas-en-america-latina-en-menos-de-seis-meses\/"]}]},{"@type":"ImageObject","inLanguage":"es","@id":"https:\/\/digital58.com.ve\/site\/2020\/08\/20\/covid-19-mata-a-un-cuarto-de-millon-de-personas-en-america-latina-en-menos-de-seis-meses\/#primaryimage","url":"https:\/\/digital58.com.ve\/site\/wp-content\/uploads\/2020\/08\/covid-19-20-08-20.jpg","contentUrl":"https:\/\/digital58.com.ve\/site\/wp-content\/uploads\/2020\/08\/covid-19-20-08-20.jpg","width":800,"height":519},{"@type":"BreadcrumbList","@id":"https:\/\/digital58.com.ve\/site\/2020\/08\/20\/covid-19-mata-a-un-cuarto-de-millon-de-personas-en-america-latina-en-menos-de-seis-meses\/#breadcrumb","itemListElement":[{"@type":"ListItem","position":1,"name":"Home","item":"https:\/\/digital58.com.ve\/site\/"},{"@type":"ListItem","position":2,"name":"COVID-19 mata a un cuarto de mill\u00f3n de personas en Am\u00e9rica Latina en menos de seis meses"}]},{"@type":"WebSite","@id":"https:\/\/digital58.com.ve\/site\/#website","url":"https:\/\/digital58.com.ve\/site\/","name":"Noticias Digital58","description":"Portal de Noticias \u00a1Periodismo web de verdad! Lanzamiento web 22.11.2005 \/ Maracaibo, Venezuela","publisher":{"@id":"https:\/\/digital58.com.ve\/site\/#\/schema\/person\/64d1c2e4d0d4fd1b849980c4331c2951"},"alternateName":"ND58","potentialAction":[{"@type":"SearchAction","target":{"@type":"EntryPoint","urlTemplate":"https:\/\/digital58.com.ve\/site\/?s={search_term_string}"},"query-input":{"@type":"PropertyValueSpecification","valueRequired":true,"valueName":"search_term_string"}}],"inLanguage":"es"},{"@type":["Person","Organization"],"@id":"https:\/\/digital58.com.ve\/site\/#\/schema\/person\/64d1c2e4d0d4fd1b849980c4331c2951","name":"Villasmil Henry","image":{"@type":"ImageObject","inLanguage":"es","@id":"https:\/\/secure.gravatar.com\/avatar\/bb0c4a2fcb7970138239f7e404ea75757b1b507b28b5ce4c53fbd62d797c5a7c?s=96&d=mm&r=g","url":"https:\/\/secure.gravatar.com\/avatar\/bb0c4a2fcb7970138239f7e404ea75757b1b507b28b5ce4c53fbd62d797c5a7c?s=96&d=mm&r=g","contentUrl":"https:\/\/secure.gravatar.com\/avatar\/bb0c4a2fcb7970138239f7e404ea75757b1b507b28b5ce4c53fbd62d797c5a7c?s=96&d=mm&r=g","caption":"Villasmil Henry"},"logo":{"@id":"https:\/\/secure.gravatar.com\/avatar\/bb0c4a2fcb7970138239f7e404ea75757b1b507b28b5ce4c53fbd62d797c5a7c?s=96&d=mm&r=g"},"sameAs":["http:\/\/www.henryvillasmil.com.ve","https:\/\/www.instagram.com\/villasmilhfoto\/","https:\/\/x.com\/https:\/\/twitter.com\/villasmilhfoto"],"url":"https:\/\/digital58.com.ve\/site\/author\/droopy_68\/"}]}},"uagb_featured_image_src":{"full":["https:\/\/digital58.com.ve\/site\/wp-content\/uploads\/2020\/08\/covid-19-20-08-20.jpg",800,519,false],"thumbnail":["https:\/\/digital58.com.ve\/site\/wp-content\/uploads\/2020\/08\/covid-19-20-08-20-150x150.jpg",150,150,true],"medium":["https:\/\/digital58.com.ve\/site\/wp-content\/uploads\/2020\/08\/covid-19-20-08-20-300x195.jpg",300,195,true],"medium_large":["https:\/\/digital58.com.ve\/site\/wp-content\/uploads\/2020\/08\/covid-19-20-08-20-768x498.jpg",768,498,true],"large":["https:\/\/digital58.com.ve\/site\/wp-content\/uploads\/2020\/08\/covid-19-20-08-20.jpg",800,519,false],"1536x1536":["https:\/\/digital58.com.ve\/site\/wp-content\/uploads\/2020\/08\/covid-19-20-08-20.jpg",800,519,false],"2048x2048":["https:\/\/digital58.com.ve\/site\/wp-content\/uploads\/2020\/08\/covid-19-20-08-20.jpg",800,519,false],"colormag-highlighted-post":["https:\/\/digital58.com.ve\/site\/wp-content\/uploads\/2020\/08\/covid-19-20-08-20.jpg",392,254,false],"colormag-featured-post-medium":["https:\/\/digital58.com.ve\/site\/wp-content\/uploads\/2020\/08\/covid-19-20-08-20.jpg",316,205,false],"colormag-featured-post-small":["https:\/\/digital58.com.ve\/site\/wp-content\/uploads\/2020\/08\/covid-19-20-08-20.jpg",130,84,false],"colormag-featured-image":["https:\/\/digital58.com.ve\/site\/wp-content\/uploads\/2020\/08\/covid-19-20-08-20.jpg",686,445,false],"colormag-default-news":["https:\/\/digital58.com.ve\/site\/wp-content\/uploads\/2020\/08\/covid-19-20-08-20.jpg",150,97,false],"colormag-featured-image-large":["https:\/\/digital58.com.ve\/site\/wp-content\/uploads\/2020\/08\/covid-19-20-08-20.jpg",800,519,false]},"uagb_author_info":{"display_name":"Villasmil Henry","author_link":"https:\/\/digital58.com.ve\/site\/author\/droopy_68\/"},"uagb_comment_info":0,"uagb_excerpt":"Las muertes por la enfermedad que provoca el coronavirus en Am\u00e9rica Latina, la regi\u00f3n m\u00e1s castigada por la pandemia, superaron","_links":{"self":[{"href":"https:\/\/digital58.com.ve\/site\/wp-json\/wp\/v2\/posts\/123439","targetHints":{"allow":["GET"]}}],"collection":[{"href":"https:\/\/digital58.com.ve\/site\/wp-json\/wp\/v2\/posts"}],"about":[{"href":"https:\/\/digital58.com.ve\/site\/wp-json\/wp\/v2\/types\/post"}],"author":[{"embeddable":true,"href":"https:\/\/digital58.com.ve\/site\/wp-json\/wp\/v2\/users\/1"}],"replies":[{"embeddable":true,"href":"https:\/\/digital58.com.ve\/site\/wp-json\/wp\/v2\/comments?post=123439"}],"version-history":[{"count":0,"href":"https:\/\/digital58.com.ve\/site\/wp-json\/wp\/v2\/posts\/123439\/revisions"}],"wp:featuredmedia":[{"embeddable":true,"href":"https:\/\/digital58.com.ve\/site\/wp-json\/wp\/v2\/media\/123440"}],"wp:attachment":[{"href":"https:\/\/digital58.com.ve\/site\/wp-json\/wp\/v2\/media?parent=123439"}],"wp:term":[{"taxonomy":"category","embeddable":true,"href":"https:\/\/digital58.com.ve\/site\/wp-json\/wp\/v2\/categories?post=123439"},{"taxonomy":"post_tag","embeddable":true,"href":"https:\/\/digital58.com.ve\/site\/wp-json\/wp\/v2\/tags?post=123439"}],"curies":[{"name":"wp","href":"https:\/\/api.w.org\/{rel}","templated":true}]}}