{"id":123623,"date":"2020-08-22T09:58:22","date_gmt":"2020-08-22T13:58:22","guid":{"rendered":"https:\/\/digital58.com.ve\/site\/?p=123623"},"modified":"2020-08-22T10:09:52","modified_gmt":"2020-08-22T14:09:52","slug":"juanes-hace-homenaje-a-zoe-con-su-version-de-via-lactea","status":"publish","type":"post","link":"https:\/\/digital58.com.ve\/site\/2020\/08\/22\/juanes-hace-homenaje-a-zoe-con-su-version-de-via-lactea\/","title":{"rendered":"Juanes hace homenaje a Zo\u00e9 con su versi\u00f3n de \u00abV\u00eda L\u00e1ctea\u00bb"},"content":{"rendered":"\r\n<p><img loading=\"lazy\" decoding=\"async\" class=\"alignnone size-full wp-image-123680\" src=\"https:\/\/digital58.com.ve\/site\/wp-content\/uploads\/2020\/08\/Musica-Madrid-Conciertos_musica-Juanes-Venezuela-Musica_405221099_125198813_1706x960.jpg\" alt=\"\" width=\"1706\" height=\"960\" srcset=\"https:\/\/digital58.com.ve\/site\/wp-content\/uploads\/2020\/08\/Musica-Madrid-Conciertos_musica-Juanes-Venezuela-Musica_405221099_125198813_1706x960.jpg 800w, https:\/\/digital58.com.ve\/site\/wp-content\/uploads\/2020\/08\/Musica-Madrid-Conciertos_musica-Juanes-Venezuela-Musica_405221099_125198813_1706x960-300x169.jpg 300w, https:\/\/digital58.com.ve\/site\/wp-content\/uploads\/2020\/08\/Musica-Madrid-Conciertos_musica-Juanes-Venezuela-Musica_405221099_125198813_1706x960-1500x844.jpg 1500w, https:\/\/digital58.com.ve\/site\/wp-content\/uploads\/2020\/08\/Musica-Madrid-Conciertos_musica-Juanes-Venezuela-Musica_405221099_125198813_1706x960-768x432.jpg 768w, https:\/\/digital58.com.ve\/site\/wp-content\/uploads\/2020\/08\/Musica-Madrid-Conciertos_musica-Juanes-Venezuela-Musica_405221099_125198813_1706x960-1536x864.jpg 1536w\" sizes=\"auto, (max-width: 1706px) 100vw, 1706px\" \/><\/p>\r\n<p>El artista le rindi\u00f3 tributo a la banda Zo\u00e9, al dedicar su propia versi\u00f3n del emblem\u00e1tico tema que se hizo famoso en 2006.<\/p>\r\n<p><strong>Internacionales, 22 de agosto de 2020 (ND58).-<\/strong> El cantante colombiano Juanes hace honor a Zo\u00e9, al publicar su propia versi\u00f3n de \u00abV\u00eda L\u00e1ctea\u00bb, del sencillo que form\u00f3 parte del trabajo discogr\u00e1fico \u00abMemo Rex Commander y el Coraz\u00f3n At\u00f3mico de la V\u00eda L\u00e1ctea\u00bb de la agrupaci\u00f3n mexicana.<\/p>\r\n<p>\u00abHace unos meses me contact\u00f3 el management de Zo\u00e9 para invitarme a participar y cuando escuch\u00e9 la idea inmediatamente dije s\u00ed porque Zo\u00e9 es una banda muy importante para la m\u00fasica de Latinoam\u00e9rica\u00bb, confirm\u00f3 en comunicado de prensa el cantante colombiano.<\/p>\r\n<p>En la nueva versi\u00f3n de \u00abV\u00eda L\u00e1ctea\u00bb, Juanes cont\u00f3 con la colaboraci\u00f3n del artista estadounidense Sebasti\u00e1n Krys y el brit\u00e1nico Pete Thomas, formando parte del \u00e1lbum \u00abReversiones\u00bb, donde tambi\u00e9n participaron destacados artistas como: Alejandro Fern\u00e1ndez, Morat, Andr\u00e9s Calamaro, Mon Laferte y Bronco rinden tributo a Zo\u00e9, en honor a sus 20 a\u00f1os de carrera art\u00edstica.<\/p>\r\n<p>\u00abCuando escuch\u00e9 varias opciones que me mandaron, \u00abV\u00eda L\u00e1ctea\u00bb me conect\u00f3 m\u00e1s, en s\u00ed la canci\u00f3n, la letra y la melod\u00eda. Mi \u00abapproach\u00bb a la canci\u00f3n fue libre, re interpret\u00e9 la canci\u00f3n como si fuera m\u00eda dig\u00e1moslo as\u00ed, cog\u00ed los acordes, empec\u00e9 a cantarla yo como si fuera mi canci\u00f3n\u00bb, relat\u00f3 el int\u00e9rprete de \u00abA Dios le pido\u00bb.<\/p>\r\n<p>Del mismo modo agreg\u00f3: \u00abEmpec\u00e9 a imagin\u00e1rmela m\u00e1s o menos, obviamente teniendo referencias de su disco MTV Unplugged y de su disco original, la verdad que qued\u00e9 muy contento producida por Sebastian Krys y por mi\u00bb.<\/p>\r\n<p>La nueva versi\u00f3n del \u00e9xito de Zo\u00e9, cuenta con un ritmo cadencioso y semiunk, que incluso tiene un solo de trompeta y desde ya se encuentra disponible en todas las plataformas de entretenimiento, en YouTube fue publicado el v\u00eddeo de la canci\u00f3n, acompa\u00f1ado de la letra.<\/p>\r\n<div class=\"lyte-wrapper\" title=\"Juanes - V&iacute;a L&aacute;ctea (Lyric Video)\" style=\"width:640px;max-width:100%;margin:5px auto;\"><div class=\"lyMe\" id=\"WYL_oxRj-RoNOTY\" itemprop=\"video\" itemscope itemtype=\"https:\/\/schema.org\/VideoObject\"><div><meta itemprop=\"thumbnailUrl\" content=\"https:\/\/i.ytimg.com\/vi\/oxRj-RoNOTY\/hqdefault.jpg\" \/><meta itemprop=\"embedURL\" content=\"https:\/\/www.youtube.com\/embed\/oxRj-RoNOTY\" \/><meta itemprop=\"duration\" content=\"PT3M35S\" \/><meta itemprop=\"uploadDate\" content=\"2020-08-21T01:00:11Z\" \/><\/div><div id=\"lyte_oxRj-RoNOTY\" data-src=\"https:\/\/i.ytimg.com\/vi\/oxRj-RoNOTY\/hqdefault.jpg\" class=\"pL\"><div class=\"tC\"><div class=\"tT\" itemprop=\"name\">Juanes - V\u00eda L\u00e1ctea (Lyric Video)<\/div><\/div><div class=\"play\"><\/div><div class=\"ctrl\"><div class=\"Lctrl\"><\/div><div class=\"Rctrl\"><\/div><\/div><\/div><noscript><a href=\"https:\/\/youtu.be\/oxRj-RoNOTY\" rel=\"nofollow\"><img loading=\"lazy\" decoding=\"async\" src=\"https:\/\/i.ytimg.com\/vi\/oxRj-RoNOTY\/0.jpg\" alt=\"Juanes - V&iacute;a L&aacute;ctea (Lyric Video)\" width=\"640\" height=\"340\" \/><br \/>Ver este video en YouTube<\/a><\/noscript><meta itemprop=\"description\" content=\"\u25baEscucha la reversi\u00f3n de \u201cV\u00eda L\u00e1ctea\u201d en tu plataforma preferida: https:\/\/universalmusicmexico.lnk.to\/JuanesVL \u25baSubscr\u00edbete al canal de Juanes en YouTube: https:\/\/www.youtube.com\/user\/juanes \u25baConecta con Juanes en redes sociales: Ig: https:\/\/www.instagram.com\/juanes\/ Fb: https:\/\/www.facebook.com\/Juanes Tw: https:\/\/twitter.com\/juanes\"><\/div><\/div><div class=\"lL\" style=\"max-width:100%;width:640px;margin:5px auto;\"><\/div><\/p>\r\n<p>Desde el mes de junio, el cantante colombiano y el rapero espa\u00f1ol \u00abNach\u00bb lanzaron el tema musical \u00abPasar\u00e1n, baj\u00f3 el sello de Universal Music, sin embargo el tema musical fue una colaboraci\u00f3n con \u00abACNUR\u00bb, en conmemoraci\u00f3n del D\u00eda Internacional de los Refugiados, que trata de darle voz a los derechos y necesidades de los inmigrantes a nivel global.<\/p><div class=\"yowrg69f53ebc16b14\" ><p style=\"text-align: center;\"><a href=\"https:\/\/t.me\/noticiasdigital58\" target=\"_blank\" rel=\"noopener\"><img class=\"aligncenter size-full wp-image-125363\" src=\"https:\/\/digital58.com.ve\/site\/wp-content\/uploads\/2021\/04\/banner-telegram-web-2021.png\" alt=\"\" width=\"600\" height=\"90\" \/><\/a><\/p><\/div><style type=\"text\/css\">\r\n@media screen and (min-width: 1201px) {\r\n.yowrg69f53ebc16b14 {\r\ndisplay: block;\r\n}\r\n}\r\n@media screen and (min-width: 993px) and (max-width: 1200px) {\r\n.yowrg69f53ebc16b14 {\r\ndisplay: block;\r\n}\r\n}\r\n@media screen and (min-width: 769px) and (max-width: 992px) {\r\n.yowrg69f53ebc16b14 {\r\ndisplay: block;\r\n}\r\n}\r\n@media screen and (min-width: 768px) and (max-width: 768px) {\r\n.yowrg69f53ebc16b14 {\r\ndisplay: block;\r\n}\r\n}\r\n@media screen and (max-width: 767px) {\r\n.yowrg69f53ebc16b14 {\r\ndisplay: block;\r\n}\r\n}\r\n<\/style>\r\n\r\n<p><strong>Redacci\u00f3n: Rubio, Laura Isabel (@lauraisabelrubio) | Fuente: EFE<\/strong><br \/><strong>Edici\u00f3n: Villasmil, Henry<\/strong><br \/><strong>Gr\u00e1ficas: Cortes\u00eda<\/strong><\/p>\r\n<div style=\"margin-top: 0px; margin-bottom: 0px;\" class=\"sharethis-inline-share-buttons\" ><\/div>","protected":false},"excerpt":{"rendered":"<p>El artista le rindi\u00f3 tributo a la banda Zo\u00e9, al dedicar su propia versi\u00f3n del emblem\u00e1tico tema que se hizo<\/p>\n","protected":false},"author":28,"featured_media":123680,"comment_status":"open","ping_status":"closed","sticky":false,"template":"","format":"standard","meta":{"colormag_page_container_layout":"default_layout","colormag_page_sidebar_layout":"default_layout","_uag_custom_page_level_css":"","footnotes":""},"categories":[1],"tags":[20661,78,50,273,8,6273,11583,61,9030,18726,379],"class_list":["post-123623","post","type-post","status-publish","format-standard","has-post-thumbnail","hentry","category-fama","tag-banda-zoe","tag-cantantes","tag-entretenimiento","tag-farandula","tag-internacionales","tag-juanes","tag-lanzamientos-musicales","tag-musica","tag-nueva-version","tag-via-lactea","tag-youtube"],"yoast_head":"<!-- This site is optimized with the Yoast SEO plugin v27.5 - https:\/\/yoast.com\/product\/yoast-seo-wordpress\/ -->\n<title>Juanes hace homenaje a Zo\u00e9 con su versi\u00f3n de \u00abV\u00eda L\u00e1ctea\u00bb<\/title>\n<meta name=\"description\" content=\"Fama\" \/>\n<meta name=\"robots\" content=\"index, follow, max-snippet:-1, max-image-preview:large, max-video-preview:-1\" \/>\n<link rel=\"canonical\" href=\"https:\/\/digital58.com.ve\/site\/2020\/08\/22\/juanes-hace-homenaje-a-zoe-con-su-version-de-via-lactea\/\" \/>\n<meta property=\"og:locale\" content=\"es_ES\" \/>\n<meta property=\"og:type\" content=\"article\" \/>\n<meta property=\"og:title\" content=\"Juanes hace homenaje a Zo\u00e9 con su versi\u00f3n de \u00abV\u00eda L\u00e1ctea\u00bb\" \/>\n<meta property=\"og:description\" content=\"Fama\" \/>\n<meta property=\"og:url\" content=\"https:\/\/digital58.com.ve\/site\/2020\/08\/22\/juanes-hace-homenaje-a-zoe-con-su-version-de-via-lactea\/\" \/>\n<meta property=\"og:site_name\" content=\"Noticias Digital58\" \/>\n<meta property=\"article:published_time\" content=\"2020-08-22T13:58:22+00:00\" \/>\n<meta property=\"article:modified_time\" content=\"2020-08-22T14:09:52+00:00\" \/>\n<meta property=\"og:image\" content=\"https:\/\/digital58.com.ve\/site\/wp-content\/uploads\/2020\/08\/Musica-Madrid-Conciertos_musica-Juanes-Venezuela-Musica_405221099_125198813_1706x960.jpg\" \/>\n\t<meta property=\"og:image:width\" content=\"1706\" \/>\n\t<meta property=\"og:image:height\" content=\"960\" \/>\n\t<meta property=\"og:image:type\" content=\"image\/jpeg\" \/>\n<meta name=\"author\" content=\"Rubio Laura Isabel\" \/>\n<meta name=\"twitter:card\" content=\"summary_large_image\" \/>\n<meta name=\"twitter:creator\" content=\"@Digital_58\" \/>\n<meta name=\"twitter:site\" content=\"@villasmilhfoto\" \/>\n<meta name=\"twitter:label1\" content=\"Escrito por\" \/>\n\t<meta name=\"twitter:data1\" content=\"Rubio Laura Isabel\" \/>\n\t<meta name=\"twitter:label2\" content=\"Tiempo estimado de lectura\" \/>\n\t<meta name=\"twitter:data2\" content=\"2 minutos\" \/>\n<script type=\"application\/ld+json\" class=\"yoast-schema-graph\">{\"@context\":\"https:\\\/\\\/schema.org\",\"@graph\":[{\"@type\":\"Article\",\"@id\":\"https:\\\/\\\/digital58.com.ve\\\/site\\\/2020\\\/08\\\/22\\\/juanes-hace-homenaje-a-zoe-con-su-version-de-via-lactea\\\/#article\",\"isPartOf\":{\"@id\":\"https:\\\/\\\/digital58.com.ve\\\/site\\\/2020\\\/08\\\/22\\\/juanes-hace-homenaje-a-zoe-con-su-version-de-via-lactea\\\/\"},\"author\":{\"name\":\"Rubio Laura Isabel\",\"@id\":\"https:\\\/\\\/digital58.com.ve\\\/site\\\/#\\\/schema\\\/person\\\/6672bab44ab958838204ebb2cb0e8d52\"},\"headline\":\"Juanes hace homenaje a Zo\u00e9 con su versi\u00f3n de \u00abV\u00eda L\u00e1ctea\u00bb\",\"datePublished\":\"2020-08-22T13:58:22+00:00\",\"dateModified\":\"2020-08-22T14:09:52+00:00\",\"mainEntityOfPage\":{\"@id\":\"https:\\\/\\\/digital58.com.ve\\\/site\\\/2020\\\/08\\\/22\\\/juanes-hace-homenaje-a-zoe-con-su-version-de-via-lactea\\\/\"},\"wordCount\":445,\"commentCount\":0,\"publisher\":{\"@id\":\"https:\\\/\\\/digital58.com.ve\\\/site\\\/#\\\/schema\\\/person\\\/64d1c2e4d0d4fd1b849980c4331c2951\"},\"image\":{\"@id\":\"https:\\\/\\\/digital58.com.ve\\\/site\\\/2020\\\/08\\\/22\\\/juanes-hace-homenaje-a-zoe-con-su-version-de-via-lactea\\\/#primaryimage\"},\"thumbnailUrl\":\"https:\\\/\\\/digital58.com.ve\\\/site\\\/wp-content\\\/uploads\\\/2020\\\/08\\\/Musica-Madrid-Conciertos_musica-Juanes-Venezuela-Musica_405221099_125198813_1706x960.jpg\",\"keywords\":[\"Banda Zo\u00e9\",\"Cantantes\",\"Entretenimiento\",\"Far\u00e1ndula\",\"Internacionales\",\"Juanes\",\"Lanzamientos Musicales\",\"M\u00fasica\",\"Nueva Versi\u00f3n\",\"V\u00eda lactea\",\"YouTube\"],\"articleSection\":[\"Fama\"],\"inLanguage\":\"es\",\"potentialAction\":[{\"@type\":\"CommentAction\",\"name\":\"Comment\",\"target\":[\"https:\\\/\\\/digital58.com.ve\\\/site\\\/2020\\\/08\\\/22\\\/juanes-hace-homenaje-a-zoe-con-su-version-de-via-lactea\\\/#respond\"]}]},{\"@type\":\"WebPage\",\"@id\":\"https:\\\/\\\/digital58.com.ve\\\/site\\\/2020\\\/08\\\/22\\\/juanes-hace-homenaje-a-zoe-con-su-version-de-via-lactea\\\/\",\"url\":\"https:\\\/\\\/digital58.com.ve\\\/site\\\/2020\\\/08\\\/22\\\/juanes-hace-homenaje-a-zoe-con-su-version-de-via-lactea\\\/\",\"name\":\"Juanes hace homenaje a Zo\u00e9 con su versi\u00f3n de \u00abV\u00eda L\u00e1ctea\u00bb\",\"isPartOf\":{\"@id\":\"https:\\\/\\\/digital58.com.ve\\\/site\\\/#website\"},\"primaryImageOfPage\":{\"@id\":\"https:\\\/\\\/digital58.com.ve\\\/site\\\/2020\\\/08\\\/22\\\/juanes-hace-homenaje-a-zoe-con-su-version-de-via-lactea\\\/#primaryimage\"},\"image\":{\"@id\":\"https:\\\/\\\/digital58.com.ve\\\/site\\\/2020\\\/08\\\/22\\\/juanes-hace-homenaje-a-zoe-con-su-version-de-via-lactea\\\/#primaryimage\"},\"thumbnailUrl\":\"https:\\\/\\\/digital58.com.ve\\\/site\\\/wp-content\\\/uploads\\\/2020\\\/08\\\/Musica-Madrid-Conciertos_musica-Juanes-Venezuela-Musica_405221099_125198813_1706x960.jpg\",\"datePublished\":\"2020-08-22T13:58:22+00:00\",\"dateModified\":\"2020-08-22T14:09:52+00:00\",\"description\":\"Fama\",\"breadcrumb\":{\"@id\":\"https:\\\/\\\/digital58.com.ve\\\/site\\\/2020\\\/08\\\/22\\\/juanes-hace-homenaje-a-zoe-con-su-version-de-via-lactea\\\/#breadcrumb\"},\"inLanguage\":\"es\",\"potentialAction\":[{\"@type\":\"ReadAction\",\"target\":[\"https:\\\/\\\/digital58.com.ve\\\/site\\\/2020\\\/08\\\/22\\\/juanes-hace-homenaje-a-zoe-con-su-version-de-via-lactea\\\/\"]}]},{\"@type\":\"ImageObject\",\"inLanguage\":\"es\",\"@id\":\"https:\\\/\\\/digital58.com.ve\\\/site\\\/2020\\\/08\\\/22\\\/juanes-hace-homenaje-a-zoe-con-su-version-de-via-lactea\\\/#primaryimage\",\"url\":\"https:\\\/\\\/digital58.com.ve\\\/site\\\/wp-content\\\/uploads\\\/2020\\\/08\\\/Musica-Madrid-Conciertos_musica-Juanes-Venezuela-Musica_405221099_125198813_1706x960.jpg\",\"contentUrl\":\"https:\\\/\\\/digital58.com.ve\\\/site\\\/wp-content\\\/uploads\\\/2020\\\/08\\\/Musica-Madrid-Conciertos_musica-Juanes-Venezuela-Musica_405221099_125198813_1706x960.jpg\",\"width\":800,\"height\":450},{\"@type\":\"BreadcrumbList\",\"@id\":\"https:\\\/\\\/digital58.com.ve\\\/site\\\/2020\\\/08\\\/22\\\/juanes-hace-homenaje-a-zoe-con-su-version-de-via-lactea\\\/#breadcrumb\",\"itemListElement\":[{\"@type\":\"ListItem\",\"position\":1,\"name\":\"Home\",\"item\":\"https:\\\/\\\/digital58.com.ve\\\/site\\\/\"},{\"@type\":\"ListItem\",\"position\":2,\"name\":\"Juanes hace homenaje a Zo\u00e9 con su versi\u00f3n de \u00abV\u00eda L\u00e1ctea\u00bb\"}]},{\"@type\":\"WebSite\",\"@id\":\"https:\\\/\\\/digital58.com.ve\\\/site\\\/#website\",\"url\":\"https:\\\/\\\/digital58.com.ve\\\/site\\\/\",\"name\":\"Noticias Digital58\",\"description\":\"Portal de Noticias \u00a1Periodismo web de verdad! Lanzamiento web 22.11.2005 \\\/ Maracaibo, Venezuela\",\"publisher\":{\"@id\":\"https:\\\/\\\/digital58.com.ve\\\/site\\\/#\\\/schema\\\/person\\\/64d1c2e4d0d4fd1b849980c4331c2951\"},\"alternateName\":\"ND58\",\"potentialAction\":[{\"@type\":\"SearchAction\",\"target\":{\"@type\":\"EntryPoint\",\"urlTemplate\":\"https:\\\/\\\/digital58.com.ve\\\/site\\\/?s={search_term_string}\"},\"query-input\":{\"@type\":\"PropertyValueSpecification\",\"valueRequired\":true,\"valueName\":\"search_term_string\"}}],\"inLanguage\":\"es\"},{\"@type\":[\"Person\",\"Organization\"],\"@id\":\"https:\\\/\\\/digital58.com.ve\\\/site\\\/#\\\/schema\\\/person\\\/64d1c2e4d0d4fd1b849980c4331c2951\",\"name\":\"Villasmil Henry\",\"image\":{\"@type\":\"ImageObject\",\"inLanguage\":\"es\",\"@id\":\"https:\\\/\\\/secure.gravatar.com\\\/avatar\\\/bb0c4a2fcb7970138239f7e404ea75757b1b507b28b5ce4c53fbd62d797c5a7c?s=96&d=mm&r=g\",\"url\":\"https:\\\/\\\/secure.gravatar.com\\\/avatar\\\/bb0c4a2fcb7970138239f7e404ea75757b1b507b28b5ce4c53fbd62d797c5a7c?s=96&d=mm&r=g\",\"contentUrl\":\"https:\\\/\\\/secure.gravatar.com\\\/avatar\\\/bb0c4a2fcb7970138239f7e404ea75757b1b507b28b5ce4c53fbd62d797c5a7c?s=96&d=mm&r=g\",\"caption\":\"Villasmil Henry\"},\"logo\":{\"@id\":\"https:\\\/\\\/secure.gravatar.com\\\/avatar\\\/bb0c4a2fcb7970138239f7e404ea75757b1b507b28b5ce4c53fbd62d797c5a7c?s=96&d=mm&r=g\"},\"sameAs\":[\"http:\\\/\\\/www.henryvillasmil.com.ve\",\"https:\\\/\\\/www.instagram.com\\\/villasmilhfoto\\\/\",\"https:\\\/\\\/x.com\\\/https:\\\/\\\/twitter.com\\\/villasmilhfoto\"]},{\"@type\":\"Person\",\"@id\":\"https:\\\/\\\/digital58.com.ve\\\/site\\\/#\\\/schema\\\/person\\\/6672bab44ab958838204ebb2cb0e8d52\",\"name\":\"Rubio Laura Isabel\",\"image\":{\"@type\":\"ImageObject\",\"inLanguage\":\"es\",\"@id\":\"https:\\\/\\\/secure.gravatar.com\\\/avatar\\\/f7cc56b26fb0562df4488ff129a58c3c1a1bd264c9af5f313a9b1797fff1cfb9?s=96&d=mm&r=g\",\"url\":\"https:\\\/\\\/secure.gravatar.com\\\/avatar\\\/f7cc56b26fb0562df4488ff129a58c3c1a1bd264c9af5f313a9b1797fff1cfb9?s=96&d=mm&r=g\",\"contentUrl\":\"https:\\\/\\\/secure.gravatar.com\\\/avatar\\\/f7cc56b26fb0562df4488ff129a58c3c1a1bd264c9af5f313a9b1797fff1cfb9?s=96&d=mm&r=g\",\"caption\":\"Rubio Laura Isabel\"},\"url\":\"https:\\\/\\\/digital58.com.ve\\\/site\\\/author\\\/laurarubio\\\/\"}]}<\/script>\n<!-- \/ Yoast SEO plugin. -->","yoast_head_json":{"title":"Juanes hace homenaje a Zo\u00e9 con su versi\u00f3n de \u00abV\u00eda L\u00e1ctea\u00bb","description":"Fama","robots":{"index":"index","follow":"follow","max-snippet":"max-snippet:-1","max-image-preview":"max-image-preview:large","max-video-preview":"max-video-preview:-1"},"canonical":"https:\/\/digital58.com.ve\/site\/2020\/08\/22\/juanes-hace-homenaje-a-zoe-con-su-version-de-via-lactea\/","og_locale":"es_ES","og_type":"article","og_title":"Juanes hace homenaje a Zo\u00e9 con su versi\u00f3n de \u00abV\u00eda L\u00e1ctea\u00bb","og_description":"Fama","og_url":"https:\/\/digital58.com.ve\/site\/2020\/08\/22\/juanes-hace-homenaje-a-zoe-con-su-version-de-via-lactea\/","og_site_name":"Noticias Digital58","article_published_time":"2020-08-22T13:58:22+00:00","article_modified_time":"2020-08-22T14:09:52+00:00","og_image":[{"width":1706,"height":960,"url":"https:\/\/digital58.com.ve\/site\/wp-content\/uploads\/2020\/08\/Musica-Madrid-Conciertos_musica-Juanes-Venezuela-Musica_405221099_125198813_1706x960.jpg","type":"image\/jpeg"}],"author":"Rubio Laura Isabel","twitter_card":"summary_large_image","twitter_creator":"@Digital_58","twitter_site":"@villasmilhfoto","twitter_misc":{"Escrito por":"Rubio Laura Isabel","Tiempo estimado de lectura":"2 minutos"},"schema":{"@context":"https:\/\/schema.org","@graph":[{"@type":"Article","@id":"https:\/\/digital58.com.ve\/site\/2020\/08\/22\/juanes-hace-homenaje-a-zoe-con-su-version-de-via-lactea\/#article","isPartOf":{"@id":"https:\/\/digital58.com.ve\/site\/2020\/08\/22\/juanes-hace-homenaje-a-zoe-con-su-version-de-via-lactea\/"},"author":{"name":"Rubio Laura Isabel","@id":"https:\/\/digital58.com.ve\/site\/#\/schema\/person\/6672bab44ab958838204ebb2cb0e8d52"},"headline":"Juanes hace homenaje a Zo\u00e9 con su versi\u00f3n de \u00abV\u00eda L\u00e1ctea\u00bb","datePublished":"2020-08-22T13:58:22+00:00","dateModified":"2020-08-22T14:09:52+00:00","mainEntityOfPage":{"@id":"https:\/\/digital58.com.ve\/site\/2020\/08\/22\/juanes-hace-homenaje-a-zoe-con-su-version-de-via-lactea\/"},"wordCount":445,"commentCount":0,"publisher":{"@id":"https:\/\/digital58.com.ve\/site\/#\/schema\/person\/64d1c2e4d0d4fd1b849980c4331c2951"},"image":{"@id":"https:\/\/digital58.com.ve\/site\/2020\/08\/22\/juanes-hace-homenaje-a-zoe-con-su-version-de-via-lactea\/#primaryimage"},"thumbnailUrl":"https:\/\/digital58.com.ve\/site\/wp-content\/uploads\/2020\/08\/Musica-Madrid-Conciertos_musica-Juanes-Venezuela-Musica_405221099_125198813_1706x960.jpg","keywords":["Banda Zo\u00e9","Cantantes","Entretenimiento","Far\u00e1ndula","Internacionales","Juanes","Lanzamientos Musicales","M\u00fasica","Nueva Versi\u00f3n","V\u00eda lactea","YouTube"],"articleSection":["Fama"],"inLanguage":"es","potentialAction":[{"@type":"CommentAction","name":"Comment","target":["https:\/\/digital58.com.ve\/site\/2020\/08\/22\/juanes-hace-homenaje-a-zoe-con-su-version-de-via-lactea\/#respond"]}]},{"@type":"WebPage","@id":"https:\/\/digital58.com.ve\/site\/2020\/08\/22\/juanes-hace-homenaje-a-zoe-con-su-version-de-via-lactea\/","url":"https:\/\/digital58.com.ve\/site\/2020\/08\/22\/juanes-hace-homenaje-a-zoe-con-su-version-de-via-lactea\/","name":"Juanes hace homenaje a Zo\u00e9 con su versi\u00f3n de \u00abV\u00eda L\u00e1ctea\u00bb","isPartOf":{"@id":"https:\/\/digital58.com.ve\/site\/#website"},"primaryImageOfPage":{"@id":"https:\/\/digital58.com.ve\/site\/2020\/08\/22\/juanes-hace-homenaje-a-zoe-con-su-version-de-via-lactea\/#primaryimage"},"image":{"@id":"https:\/\/digital58.com.ve\/site\/2020\/08\/22\/juanes-hace-homenaje-a-zoe-con-su-version-de-via-lactea\/#primaryimage"},"thumbnailUrl":"https:\/\/digital58.com.ve\/site\/wp-content\/uploads\/2020\/08\/Musica-Madrid-Conciertos_musica-Juanes-Venezuela-Musica_405221099_125198813_1706x960.jpg","datePublished":"2020-08-22T13:58:22+00:00","dateModified":"2020-08-22T14:09:52+00:00","description":"Fama","breadcrumb":{"@id":"https:\/\/digital58.com.ve\/site\/2020\/08\/22\/juanes-hace-homenaje-a-zoe-con-su-version-de-via-lactea\/#breadcrumb"},"inLanguage":"es","potentialAction":[{"@type":"ReadAction","target":["https:\/\/digital58.com.ve\/site\/2020\/08\/22\/juanes-hace-homenaje-a-zoe-con-su-version-de-via-lactea\/"]}]},{"@type":"ImageObject","inLanguage":"es","@id":"https:\/\/digital58.com.ve\/site\/2020\/08\/22\/juanes-hace-homenaje-a-zoe-con-su-version-de-via-lactea\/#primaryimage","url":"https:\/\/digital58.com.ve\/site\/wp-content\/uploads\/2020\/08\/Musica-Madrid-Conciertos_musica-Juanes-Venezuela-Musica_405221099_125198813_1706x960.jpg","contentUrl":"https:\/\/digital58.com.ve\/site\/wp-content\/uploads\/2020\/08\/Musica-Madrid-Conciertos_musica-Juanes-Venezuela-Musica_405221099_125198813_1706x960.jpg","width":800,"height":450},{"@type":"BreadcrumbList","@id":"https:\/\/digital58.com.ve\/site\/2020\/08\/22\/juanes-hace-homenaje-a-zoe-con-su-version-de-via-lactea\/#breadcrumb","itemListElement":[{"@type":"ListItem","position":1,"name":"Home","item":"https:\/\/digital58.com.ve\/site\/"},{"@type":"ListItem","position":2,"name":"Juanes hace homenaje a Zo\u00e9 con su versi\u00f3n de \u00abV\u00eda L\u00e1ctea\u00bb"}]},{"@type":"WebSite","@id":"https:\/\/digital58.com.ve\/site\/#website","url":"https:\/\/digital58.com.ve\/site\/","name":"Noticias Digital58","description":"Portal de Noticias \u00a1Periodismo web de verdad! Lanzamiento web 22.11.2005 \/ Maracaibo, Venezuela","publisher":{"@id":"https:\/\/digital58.com.ve\/site\/#\/schema\/person\/64d1c2e4d0d4fd1b849980c4331c2951"},"alternateName":"ND58","potentialAction":[{"@type":"SearchAction","target":{"@type":"EntryPoint","urlTemplate":"https:\/\/digital58.com.ve\/site\/?s={search_term_string}"},"query-input":{"@type":"PropertyValueSpecification","valueRequired":true,"valueName":"search_term_string"}}],"inLanguage":"es"},{"@type":["Person","Organization"],"@id":"https:\/\/digital58.com.ve\/site\/#\/schema\/person\/64d1c2e4d0d4fd1b849980c4331c2951","name":"Villasmil Henry","image":{"@type":"ImageObject","inLanguage":"es","@id":"https:\/\/secure.gravatar.com\/avatar\/bb0c4a2fcb7970138239f7e404ea75757b1b507b28b5ce4c53fbd62d797c5a7c?s=96&d=mm&r=g","url":"https:\/\/secure.gravatar.com\/avatar\/bb0c4a2fcb7970138239f7e404ea75757b1b507b28b5ce4c53fbd62d797c5a7c?s=96&d=mm&r=g","contentUrl":"https:\/\/secure.gravatar.com\/avatar\/bb0c4a2fcb7970138239f7e404ea75757b1b507b28b5ce4c53fbd62d797c5a7c?s=96&d=mm&r=g","caption":"Villasmil Henry"},"logo":{"@id":"https:\/\/secure.gravatar.com\/avatar\/bb0c4a2fcb7970138239f7e404ea75757b1b507b28b5ce4c53fbd62d797c5a7c?s=96&d=mm&r=g"},"sameAs":["http:\/\/www.henryvillasmil.com.ve","https:\/\/www.instagram.com\/villasmilhfoto\/","https:\/\/x.com\/https:\/\/twitter.com\/villasmilhfoto"]},{"@type":"Person","@id":"https:\/\/digital58.com.ve\/site\/#\/schema\/person\/6672bab44ab958838204ebb2cb0e8d52","name":"Rubio Laura Isabel","image":{"@type":"ImageObject","inLanguage":"es","@id":"https:\/\/secure.gravatar.com\/avatar\/f7cc56b26fb0562df4488ff129a58c3c1a1bd264c9af5f313a9b1797fff1cfb9?s=96&d=mm&r=g","url":"https:\/\/secure.gravatar.com\/avatar\/f7cc56b26fb0562df4488ff129a58c3c1a1bd264c9af5f313a9b1797fff1cfb9?s=96&d=mm&r=g","contentUrl":"https:\/\/secure.gravatar.com\/avatar\/f7cc56b26fb0562df4488ff129a58c3c1a1bd264c9af5f313a9b1797fff1cfb9?s=96&d=mm&r=g","caption":"Rubio Laura Isabel"},"url":"https:\/\/digital58.com.ve\/site\/author\/laurarubio\/"}]}},"uagb_featured_image_src":{"full":["https:\/\/digital58.com.ve\/site\/wp-content\/uploads\/2020\/08\/Musica-Madrid-Conciertos_musica-Juanes-Venezuela-Musica_405221099_125198813_1706x960.jpg",800,450,false],"thumbnail":["https:\/\/digital58.com.ve\/site\/wp-content\/uploads\/2020\/08\/Musica-Madrid-Conciertos_musica-Juanes-Venezuela-Musica_405221099_125198813_1706x960-150x150.jpg",150,150,true],"medium":["https:\/\/digital58.com.ve\/site\/wp-content\/uploads\/2020\/08\/Musica-Madrid-Conciertos_musica-Juanes-Venezuela-Musica_405221099_125198813_1706x960-300x169.jpg",300,169,true],"medium_large":["https:\/\/digital58.com.ve\/site\/wp-content\/uploads\/2020\/08\/Musica-Madrid-Conciertos_musica-Juanes-Venezuela-Musica_405221099_125198813_1706x960-768x432.jpg",768,432,true],"large":["https:\/\/digital58.com.ve\/site\/wp-content\/uploads\/2020\/08\/Musica-Madrid-Conciertos_musica-Juanes-Venezuela-Musica_405221099_125198813_1706x960-1500x844.jpg",800,450,true],"1536x1536":["https:\/\/digital58.com.ve\/site\/wp-content\/uploads\/2020\/08\/Musica-Madrid-Conciertos_musica-Juanes-Venezuela-Musica_405221099_125198813_1706x960-1536x864.jpg",1536,864,true],"2048x2048":["https:\/\/digital58.com.ve\/site\/wp-content\/uploads\/2020\/08\/Musica-Madrid-Conciertos_musica-Juanes-Venezuela-Musica_405221099_125198813_1706x960.jpg",800,450,false],"colormag-highlighted-post":["https:\/\/digital58.com.ve\/site\/wp-content\/uploads\/2020\/08\/Musica-Madrid-Conciertos_musica-Juanes-Venezuela-Musica_405221099_125198813_1706x960.jpg",392,221,false],"colormag-featured-post-medium":["https:\/\/digital58.com.ve\/site\/wp-content\/uploads\/2020\/08\/Musica-Madrid-Conciertos_musica-Juanes-Venezuela-Musica_405221099_125198813_1706x960.jpg",364,205,false],"colormag-featured-post-small":["https:\/\/digital58.com.ve\/site\/wp-content\/uploads\/2020\/08\/Musica-Madrid-Conciertos_musica-Juanes-Venezuela-Musica_405221099_125198813_1706x960.jpg",130,73,false],"colormag-featured-image":["https:\/\/digital58.com.ve\/site\/wp-content\/uploads\/2020\/08\/Musica-Madrid-Conciertos_musica-Juanes-Venezuela-Musica_405221099_125198813_1706x960.jpg",791,445,false],"colormag-default-news":["https:\/\/digital58.com.ve\/site\/wp-content\/uploads\/2020\/08\/Musica-Madrid-Conciertos_musica-Juanes-Venezuela-Musica_405221099_125198813_1706x960.jpg",150,84,false],"colormag-featured-image-large":["https:\/\/digital58.com.ve\/site\/wp-content\/uploads\/2020\/08\/Musica-Madrid-Conciertos_musica-Juanes-Venezuela-Musica_405221099_125198813_1706x960.jpg",800,450,false]},"uagb_author_info":{"display_name":"Rubio Laura Isabel","author_link":"https:\/\/digital58.com.ve\/site\/author\/laurarubio\/"},"uagb_comment_info":0,"uagb_excerpt":"El artista le rindi\u00f3 tributo a la banda Zo\u00e9, al dedicar su propia versi\u00f3n del emblem\u00e1tico tema que se hizo","_links":{"self":[{"href":"https:\/\/digital58.com.ve\/site\/wp-json\/wp\/v2\/posts\/123623","targetHints":{"allow":["GET"]}}],"collection":[{"href":"https:\/\/digital58.com.ve\/site\/wp-json\/wp\/v2\/posts"}],"about":[{"href":"https:\/\/digital58.com.ve\/site\/wp-json\/wp\/v2\/types\/post"}],"author":[{"embeddable":true,"href":"https:\/\/digital58.com.ve\/site\/wp-json\/wp\/v2\/users\/28"}],"replies":[{"embeddable":true,"href":"https:\/\/digital58.com.ve\/site\/wp-json\/wp\/v2\/comments?post=123623"}],"version-history":[{"count":0,"href":"https:\/\/digital58.com.ve\/site\/wp-json\/wp\/v2\/posts\/123623\/revisions"}],"wp:featuredmedia":[{"embeddable":true,"href":"https:\/\/digital58.com.ve\/site\/wp-json\/wp\/v2\/media\/123680"}],"wp:attachment":[{"href":"https:\/\/digital58.com.ve\/site\/wp-json\/wp\/v2\/media?parent=123623"}],"wp:term":[{"taxonomy":"category","embeddable":true,"href":"https:\/\/digital58.com.ve\/site\/wp-json\/wp\/v2\/categories?post=123623"},{"taxonomy":"post_tag","embeddable":true,"href":"https:\/\/digital58.com.ve\/site\/wp-json\/wp\/v2\/tags?post=123623"}],"curies":[{"name":"wp","href":"https:\/\/api.w.org\/{rel}","templated":true}]}}