{"id":123785,"date":"2020-08-22T13:46:19","date_gmt":"2020-08-22T17:46:19","guid":{"rendered":"https:\/\/digital58.com.ve\/site\/?p=123785"},"modified":"2020-08-22T13:46:19","modified_gmt":"2020-08-22T17:46:19","slug":"15-presos-fallecen-por-covid-19-en-carcel-de-miami-dade","status":"publish","type":"post","link":"https:\/\/digital58.com.ve\/site\/2020\/08\/22\/15-presos-fallecen-por-covid-19-en-carcel-de-miami-dade\/","title":{"rendered":"15 presos fallecen por COVID-19 en c\u00e1rcel de Miami-Dade"},"content":{"rendered":"<p><a href=\"https:\/\/digital58.com.ve\/site\/wp-content\/uploads\/2020\/08\/carcel-de-miami-22-08-20.jpg\"><img loading=\"lazy\" decoding=\"async\" class=\"aligncenter size-full wp-image-123786\" src=\"https:\/\/digital58.com.ve\/site\/wp-content\/uploads\/2020\/08\/carcel-de-miami-22-08-20.jpg\" alt=\"\" width=\"1000\" height=\"560\" srcset=\"https:\/\/digital58.com.ve\/site\/wp-content\/uploads\/2020\/08\/carcel-de-miami-22-08-20.jpg 800w, https:\/\/digital58.com.ve\/site\/wp-content\/uploads\/2020\/08\/carcel-de-miami-22-08-20-300x168.jpg 300w, https:\/\/digital58.com.ve\/site\/wp-content\/uploads\/2020\/08\/carcel-de-miami-22-08-20-768x430.jpg 768w\" sizes=\"auto, (max-width: 1000px) 100vw, 1000px\" \/><\/a><\/p>\n<p>Las estad\u00edsticas divulgadas por el Departamento de Correccionales del Estado del Sol (FDC) muestran que en ese centro carcelario 198 internos se han contagiado del virus, por lo que 193 se encuentran en cuarentena.<\/p>\n<p><strong>Estados Unidos, 22 de agosto de 2020 (ND58).-<\/strong> Quince reos del South Florida Reception Center fallecieron a causa de la COVD-19. Se trata de un establecimiento penitenciario situado en la ciudad de Doral, en el condado Miami-Dade, seg\u00fan inform\u00f3 el Departamento de Salud de la Florida (FDH), seg\u00fan public\u00f3 <a href=\"https:\/\/miamidiario.com\/fallecen-15-reos-por-covid-19-en-carcel-de-miami-dade\/\" target=\"_blank\" rel=\"noopener noreferrer\">miamimundo<\/a>.<\/p>\n<p>Un reporte reciente se\u00f1ala que en las 57 prisiones manejadas por el FDC y compa\u00f1\u00edas privadas han fallecido 77 reclusos desde que la pandemia comenz\u00f3 a tener impacto entre la poblaci\u00f3n carcelaria en Florida.<\/p>\n<p>El FDC inform\u00f3 que ninguna de las dos entidades tiene permitido dar a conocer las identidades de las v\u00edctimas de esa enfermedad por razones de privacidad de los reos.<\/p>\n<p>El informe revela tambi\u00e9n que se han registrado ocho muertes en Dade Correctional Institution, seis en Everglades Correctional Institution y dos en Homestead Correctional Institution. Esas facilidades penitenciarias est\u00e1n igualmente ubicadas en jurisdicci\u00f3n de Miami-Dade.<\/p>\n<p>Un dato a considerar es que hasta el momento, el mayor n\u00famero de pruebas positivas ha tenido lugar en Columbia Correctional Institution, en Lake City, al norte de la Florida, con 1323. En esa prisi\u00f3n se reportan cinco muertes.<\/p>\n<p>Vale destacar que el reporte del FDC indica de que un total de 10.535 reos han salido del aislamiento preventivo, adoptado como parte de las medidas puestas en marcha para evitar una mayor propagaci\u00f3n del coronavirus.<\/p>\n<p>En los centros penitenciarios de la Florida, 15.190 internos han dado positivo a las pruebas de COVID-19, frente a 61.558 que resultaron negativos al test.<\/p>\n<p>De acuerdo con el FDC, las prioridades de las pruebas de COVID-19 se \u00abalinean estrechamente\u00bb con las recomendaciones de los CDC y los protocolos de tratamiento actuales, establecidos por el Departamento de Salud de Florida.<\/p>\n<p>\u00abSi un recluso comienza a experimentar s\u00edntomas indicativos de COVID-19, ser\u00e1 puesto en aislamiento m\u00e9dico. Todos los reclusos en aislamiento m\u00e9dico se someten a pruebas de COVID-19 y son supervisados por el personal de servicios de salud\u00bb, dijo.<\/p><div class=\"ugdtd69f22217f13db\" ><p style=\"text-align: center;\"><a href=\"https:\/\/t.me\/noticiasdigital58\" target=\"_blank\" rel=\"noopener\"><img class=\"aligncenter size-full wp-image-125363\" src=\"https:\/\/digital58.com.ve\/site\/wp-content\/uploads\/2021\/04\/banner-telegram-web-2021.png\" alt=\"\" width=\"600\" height=\"90\" \/><\/a><\/p><\/div><style type=\"text\/css\">\r\n@media screen and (min-width: 1201px) {\r\n.ugdtd69f22217f13db {\r\ndisplay: block;\r\n}\r\n}\r\n@media screen and (min-width: 993px) and (max-width: 1200px) {\r\n.ugdtd69f22217f13db {\r\ndisplay: block;\r\n}\r\n}\r\n@media screen and (min-width: 769px) and (max-width: 992px) {\r\n.ugdtd69f22217f13db {\r\ndisplay: block;\r\n}\r\n}\r\n@media screen and (min-width: 768px) and (max-width: 768px) {\r\n.ugdtd69f22217f13db {\r\ndisplay: block;\r\n}\r\n}\r\n@media screen and (max-width: 767px) {\r\n.ugdtd69f22217f13db {\r\ndisplay: block;\r\n}\r\n}\r\n<\/style>\r\n\n<p><strong>Redacci\u00f3n ND58 | Fuente: <a href=\"https:\/\/miamidiario.com\/fallecen-15-reos-por-covid-19-en-carcel-de-miami-dade\/\" target=\"_blank\" rel=\"noopener noreferrer\">miamidiario<\/a><\/strong><br \/>\n<strong>Edici\u00f3n: Villasmil, Henry<\/strong><br \/>\n<strong>Gr\u00e1fica: cortes\u00eda<\/strong><\/p>\n<div style=\"margin-top: 0px; margin-bottom: 0px;\" class=\"sharethis-inline-share-buttons\" ><\/div>","protected":false},"excerpt":{"rendered":"<p>Las estad\u00edsticas divulgadas por el Departamento de Correccionales del Estado del Sol (FDC) muestran que en ese centro carcelario 198<\/p>\n","protected":false},"author":1,"featured_media":123786,"comment_status":"open","ping_status":"closed","sticky":false,"template":"","format":"standard","meta":{"colormag_page_container_layout":"default_layout","colormag_page_sidebar_layout":"default_layout","_uag_custom_page_level_css":"","footnotes":""},"categories":[16451],"tags":[14048,13352,13648,1304,207,8,20688,13723,16889],"class_list":["post-123785","post","type-post","status-publish","format-standard","has-post-thumbnail","hentry","category-mundo","tag-carceles","tag-coronavirus","tag-covid-19","tag-estados-unidos","tag-fallecimientos","tag-internacionales","tag-miami-dale","tag-pandemia","tag-presos"],"yoast_head":"<!-- This site is optimized with the Yoast SEO plugin v27.5 - https:\/\/yoast.com\/product\/yoast-seo-wordpress\/ -->\n<title>15 presos fallecen por COVID-19 en c\u00e1rcel de Miami-Dade<\/title>\n<meta name=\"description\" content=\"Mundo\" \/>\n<meta name=\"robots\" content=\"index, follow, max-snippet:-1, max-image-preview:large, max-video-preview:-1\" \/>\n<link rel=\"canonical\" href=\"https:\/\/digital58.com.ve\/site\/2020\/08\/22\/15-presos-fallecen-por-covid-19-en-carcel-de-miami-dade\/\" \/>\n<meta property=\"og:locale\" content=\"es_ES\" \/>\n<meta property=\"og:type\" content=\"article\" \/>\n<meta property=\"og:title\" content=\"15 presos fallecen por COVID-19 en c\u00e1rcel de Miami-Dade\" \/>\n<meta property=\"og:description\" content=\"Mundo\" \/>\n<meta property=\"og:url\" content=\"https:\/\/digital58.com.ve\/site\/2020\/08\/22\/15-presos-fallecen-por-covid-19-en-carcel-de-miami-dade\/\" \/>\n<meta property=\"og:site_name\" content=\"Noticias Digital58\" \/>\n<meta property=\"article:published_time\" content=\"2020-08-22T17:46:19+00:00\" \/>\n<meta property=\"og:image\" content=\"https:\/\/digital58.com.ve\/site\/wp-content\/uploads\/2020\/08\/carcel-de-miami-22-08-20.jpg\" \/>\n\t<meta property=\"og:image:width\" content=\"1000\" \/>\n\t<meta property=\"og:image:height\" content=\"560\" \/>\n\t<meta property=\"og:image:type\" content=\"image\/jpeg\" \/>\n<meta name=\"author\" content=\"Villasmil Henry\" \/>\n<meta name=\"twitter:card\" content=\"summary_large_image\" \/>\n<meta name=\"twitter:creator\" content=\"@https:\/\/twitter.com\/villasmilhfoto\" \/>\n<meta name=\"twitter:site\" content=\"@villasmilhfoto\" \/>\n<meta name=\"twitter:label1\" content=\"Escrito por\" \/>\n\t<meta name=\"twitter:data1\" content=\"Villasmil Henry\" \/>\n\t<meta name=\"twitter:label2\" content=\"Tiempo estimado de lectura\" \/>\n\t<meta name=\"twitter:data2\" content=\"2 minutos\" \/>\n<script type=\"application\/ld+json\" class=\"yoast-schema-graph\">{\"@context\":\"https:\\\/\\\/schema.org\",\"@graph\":[{\"@type\":\"Article\",\"@id\":\"https:\\\/\\\/digital58.com.ve\\\/site\\\/2020\\\/08\\\/22\\\/15-presos-fallecen-por-covid-19-en-carcel-de-miami-dade\\\/#article\",\"isPartOf\":{\"@id\":\"https:\\\/\\\/digital58.com.ve\\\/site\\\/2020\\\/08\\\/22\\\/15-presos-fallecen-por-covid-19-en-carcel-de-miami-dade\\\/\"},\"author\":{\"name\":\"Villasmil Henry\",\"@id\":\"https:\\\/\\\/digital58.com.ve\\\/site\\\/#\\\/schema\\\/person\\\/64d1c2e4d0d4fd1b849980c4331c2951\"},\"headline\":\"15 presos fallecen por COVID-19 en c\u00e1rcel de Miami-Dade\",\"datePublished\":\"2020-08-22T17:46:19+00:00\",\"mainEntityOfPage\":{\"@id\":\"https:\\\/\\\/digital58.com.ve\\\/site\\\/2020\\\/08\\\/22\\\/15-presos-fallecen-por-covid-19-en-carcel-de-miami-dade\\\/\"},\"wordCount\":384,\"commentCount\":0,\"publisher\":{\"@id\":\"https:\\\/\\\/digital58.com.ve\\\/site\\\/#\\\/schema\\\/person\\\/64d1c2e4d0d4fd1b849980c4331c2951\"},\"image\":{\"@id\":\"https:\\\/\\\/digital58.com.ve\\\/site\\\/2020\\\/08\\\/22\\\/15-presos-fallecen-por-covid-19-en-carcel-de-miami-dade\\\/#primaryimage\"},\"thumbnailUrl\":\"https:\\\/\\\/digital58.com.ve\\\/site\\\/wp-content\\\/uploads\\\/2020\\\/08\\\/carcel-de-miami-22-08-20.jpg\",\"keywords\":[\"C\u00e1rceles\",\"Coronavirus\",\"COVID-19\",\"Estados Unidos\",\"Fallecimientos\",\"Internacionales\",\"Miami-Dale\",\"Pandemia\",\"presos\"],\"articleSection\":[\"Mundo\"],\"inLanguage\":\"es\",\"potentialAction\":[{\"@type\":\"CommentAction\",\"name\":\"Comment\",\"target\":[\"https:\\\/\\\/digital58.com.ve\\\/site\\\/2020\\\/08\\\/22\\\/15-presos-fallecen-por-covid-19-en-carcel-de-miami-dade\\\/#respond\"]}]},{\"@type\":\"WebPage\",\"@id\":\"https:\\\/\\\/digital58.com.ve\\\/site\\\/2020\\\/08\\\/22\\\/15-presos-fallecen-por-covid-19-en-carcel-de-miami-dade\\\/\",\"url\":\"https:\\\/\\\/digital58.com.ve\\\/site\\\/2020\\\/08\\\/22\\\/15-presos-fallecen-por-covid-19-en-carcel-de-miami-dade\\\/\",\"name\":\"15 presos fallecen por COVID-19 en c\u00e1rcel de Miami-Dade\",\"isPartOf\":{\"@id\":\"https:\\\/\\\/digital58.com.ve\\\/site\\\/#website\"},\"primaryImageOfPage\":{\"@id\":\"https:\\\/\\\/digital58.com.ve\\\/site\\\/2020\\\/08\\\/22\\\/15-presos-fallecen-por-covid-19-en-carcel-de-miami-dade\\\/#primaryimage\"},\"image\":{\"@id\":\"https:\\\/\\\/digital58.com.ve\\\/site\\\/2020\\\/08\\\/22\\\/15-presos-fallecen-por-covid-19-en-carcel-de-miami-dade\\\/#primaryimage\"},\"thumbnailUrl\":\"https:\\\/\\\/digital58.com.ve\\\/site\\\/wp-content\\\/uploads\\\/2020\\\/08\\\/carcel-de-miami-22-08-20.jpg\",\"datePublished\":\"2020-08-22T17:46:19+00:00\",\"description\":\"Mundo\",\"breadcrumb\":{\"@id\":\"https:\\\/\\\/digital58.com.ve\\\/site\\\/2020\\\/08\\\/22\\\/15-presos-fallecen-por-covid-19-en-carcel-de-miami-dade\\\/#breadcrumb\"},\"inLanguage\":\"es\",\"potentialAction\":[{\"@type\":\"ReadAction\",\"target\":[\"https:\\\/\\\/digital58.com.ve\\\/site\\\/2020\\\/08\\\/22\\\/15-presos-fallecen-por-covid-19-en-carcel-de-miami-dade\\\/\"]}]},{\"@type\":\"ImageObject\",\"inLanguage\":\"es\",\"@id\":\"https:\\\/\\\/digital58.com.ve\\\/site\\\/2020\\\/08\\\/22\\\/15-presos-fallecen-por-covid-19-en-carcel-de-miami-dade\\\/#primaryimage\",\"url\":\"https:\\\/\\\/digital58.com.ve\\\/site\\\/wp-content\\\/uploads\\\/2020\\\/08\\\/carcel-de-miami-22-08-20.jpg\",\"contentUrl\":\"https:\\\/\\\/digital58.com.ve\\\/site\\\/wp-content\\\/uploads\\\/2020\\\/08\\\/carcel-de-miami-22-08-20.jpg\",\"width\":800,\"height\":448},{\"@type\":\"BreadcrumbList\",\"@id\":\"https:\\\/\\\/digital58.com.ve\\\/site\\\/2020\\\/08\\\/22\\\/15-presos-fallecen-por-covid-19-en-carcel-de-miami-dade\\\/#breadcrumb\",\"itemListElement\":[{\"@type\":\"ListItem\",\"position\":1,\"name\":\"Home\",\"item\":\"https:\\\/\\\/digital58.com.ve\\\/site\\\/\"},{\"@type\":\"ListItem\",\"position\":2,\"name\":\"15 presos fallecen por COVID-19 en c\u00e1rcel de Miami-Dade\"}]},{\"@type\":\"WebSite\",\"@id\":\"https:\\\/\\\/digital58.com.ve\\\/site\\\/#website\",\"url\":\"https:\\\/\\\/digital58.com.ve\\\/site\\\/\",\"name\":\"Noticias Digital58\",\"description\":\"Portal de Noticias \u00a1Periodismo web de verdad! Lanzamiento web 22.11.2005 \\\/ Maracaibo, Venezuela\",\"publisher\":{\"@id\":\"https:\\\/\\\/digital58.com.ve\\\/site\\\/#\\\/schema\\\/person\\\/64d1c2e4d0d4fd1b849980c4331c2951\"},\"alternateName\":\"ND58\",\"potentialAction\":[{\"@type\":\"SearchAction\",\"target\":{\"@type\":\"EntryPoint\",\"urlTemplate\":\"https:\\\/\\\/digital58.com.ve\\\/site\\\/?s={search_term_string}\"},\"query-input\":{\"@type\":\"PropertyValueSpecification\",\"valueRequired\":true,\"valueName\":\"search_term_string\"}}],\"inLanguage\":\"es\"},{\"@type\":[\"Person\",\"Organization\"],\"@id\":\"https:\\\/\\\/digital58.com.ve\\\/site\\\/#\\\/schema\\\/person\\\/64d1c2e4d0d4fd1b849980c4331c2951\",\"name\":\"Villasmil Henry\",\"image\":{\"@type\":\"ImageObject\",\"inLanguage\":\"es\",\"@id\":\"https:\\\/\\\/secure.gravatar.com\\\/avatar\\\/bb0c4a2fcb7970138239f7e404ea75757b1b507b28b5ce4c53fbd62d797c5a7c?s=96&d=mm&r=g\",\"url\":\"https:\\\/\\\/secure.gravatar.com\\\/avatar\\\/bb0c4a2fcb7970138239f7e404ea75757b1b507b28b5ce4c53fbd62d797c5a7c?s=96&d=mm&r=g\",\"contentUrl\":\"https:\\\/\\\/secure.gravatar.com\\\/avatar\\\/bb0c4a2fcb7970138239f7e404ea75757b1b507b28b5ce4c53fbd62d797c5a7c?s=96&d=mm&r=g\",\"caption\":\"Villasmil Henry\"},\"logo\":{\"@id\":\"https:\\\/\\\/secure.gravatar.com\\\/avatar\\\/bb0c4a2fcb7970138239f7e404ea75757b1b507b28b5ce4c53fbd62d797c5a7c?s=96&d=mm&r=g\"},\"sameAs\":[\"http:\\\/\\\/www.henryvillasmil.com.ve\",\"https:\\\/\\\/www.instagram.com\\\/villasmilhfoto\\\/\",\"https:\\\/\\\/x.com\\\/https:\\\/\\\/twitter.com\\\/villasmilhfoto\"],\"url\":\"https:\\\/\\\/digital58.com.ve\\\/site\\\/author\\\/droopy_68\\\/\"}]}<\/script>\n<!-- \/ Yoast SEO plugin. -->","yoast_head_json":{"title":"15 presos fallecen por COVID-19 en c\u00e1rcel de Miami-Dade","description":"Mundo","robots":{"index":"index","follow":"follow","max-snippet":"max-snippet:-1","max-image-preview":"max-image-preview:large","max-video-preview":"max-video-preview:-1"},"canonical":"https:\/\/digital58.com.ve\/site\/2020\/08\/22\/15-presos-fallecen-por-covid-19-en-carcel-de-miami-dade\/","og_locale":"es_ES","og_type":"article","og_title":"15 presos fallecen por COVID-19 en c\u00e1rcel de Miami-Dade","og_description":"Mundo","og_url":"https:\/\/digital58.com.ve\/site\/2020\/08\/22\/15-presos-fallecen-por-covid-19-en-carcel-de-miami-dade\/","og_site_name":"Noticias Digital58","article_published_time":"2020-08-22T17:46:19+00:00","og_image":[{"width":1000,"height":560,"url":"https:\/\/digital58.com.ve\/site\/wp-content\/uploads\/2020\/08\/carcel-de-miami-22-08-20.jpg","type":"image\/jpeg"}],"author":"Villasmil Henry","twitter_card":"summary_large_image","twitter_creator":"@https:\/\/twitter.com\/villasmilhfoto","twitter_site":"@villasmilhfoto","twitter_misc":{"Escrito por":"Villasmil Henry","Tiempo estimado de lectura":"2 minutos"},"schema":{"@context":"https:\/\/schema.org","@graph":[{"@type":"Article","@id":"https:\/\/digital58.com.ve\/site\/2020\/08\/22\/15-presos-fallecen-por-covid-19-en-carcel-de-miami-dade\/#article","isPartOf":{"@id":"https:\/\/digital58.com.ve\/site\/2020\/08\/22\/15-presos-fallecen-por-covid-19-en-carcel-de-miami-dade\/"},"author":{"name":"Villasmil Henry","@id":"https:\/\/digital58.com.ve\/site\/#\/schema\/person\/64d1c2e4d0d4fd1b849980c4331c2951"},"headline":"15 presos fallecen por COVID-19 en c\u00e1rcel de Miami-Dade","datePublished":"2020-08-22T17:46:19+00:00","mainEntityOfPage":{"@id":"https:\/\/digital58.com.ve\/site\/2020\/08\/22\/15-presos-fallecen-por-covid-19-en-carcel-de-miami-dade\/"},"wordCount":384,"commentCount":0,"publisher":{"@id":"https:\/\/digital58.com.ve\/site\/#\/schema\/person\/64d1c2e4d0d4fd1b849980c4331c2951"},"image":{"@id":"https:\/\/digital58.com.ve\/site\/2020\/08\/22\/15-presos-fallecen-por-covid-19-en-carcel-de-miami-dade\/#primaryimage"},"thumbnailUrl":"https:\/\/digital58.com.ve\/site\/wp-content\/uploads\/2020\/08\/carcel-de-miami-22-08-20.jpg","keywords":["C\u00e1rceles","Coronavirus","COVID-19","Estados Unidos","Fallecimientos","Internacionales","Miami-Dale","Pandemia","presos"],"articleSection":["Mundo"],"inLanguage":"es","potentialAction":[{"@type":"CommentAction","name":"Comment","target":["https:\/\/digital58.com.ve\/site\/2020\/08\/22\/15-presos-fallecen-por-covid-19-en-carcel-de-miami-dade\/#respond"]}]},{"@type":"WebPage","@id":"https:\/\/digital58.com.ve\/site\/2020\/08\/22\/15-presos-fallecen-por-covid-19-en-carcel-de-miami-dade\/","url":"https:\/\/digital58.com.ve\/site\/2020\/08\/22\/15-presos-fallecen-por-covid-19-en-carcel-de-miami-dade\/","name":"15 presos fallecen por COVID-19 en c\u00e1rcel de Miami-Dade","isPartOf":{"@id":"https:\/\/digital58.com.ve\/site\/#website"},"primaryImageOfPage":{"@id":"https:\/\/digital58.com.ve\/site\/2020\/08\/22\/15-presos-fallecen-por-covid-19-en-carcel-de-miami-dade\/#primaryimage"},"image":{"@id":"https:\/\/digital58.com.ve\/site\/2020\/08\/22\/15-presos-fallecen-por-covid-19-en-carcel-de-miami-dade\/#primaryimage"},"thumbnailUrl":"https:\/\/digital58.com.ve\/site\/wp-content\/uploads\/2020\/08\/carcel-de-miami-22-08-20.jpg","datePublished":"2020-08-22T17:46:19+00:00","description":"Mundo","breadcrumb":{"@id":"https:\/\/digital58.com.ve\/site\/2020\/08\/22\/15-presos-fallecen-por-covid-19-en-carcel-de-miami-dade\/#breadcrumb"},"inLanguage":"es","potentialAction":[{"@type":"ReadAction","target":["https:\/\/digital58.com.ve\/site\/2020\/08\/22\/15-presos-fallecen-por-covid-19-en-carcel-de-miami-dade\/"]}]},{"@type":"ImageObject","inLanguage":"es","@id":"https:\/\/digital58.com.ve\/site\/2020\/08\/22\/15-presos-fallecen-por-covid-19-en-carcel-de-miami-dade\/#primaryimage","url":"https:\/\/digital58.com.ve\/site\/wp-content\/uploads\/2020\/08\/carcel-de-miami-22-08-20.jpg","contentUrl":"https:\/\/digital58.com.ve\/site\/wp-content\/uploads\/2020\/08\/carcel-de-miami-22-08-20.jpg","width":800,"height":448},{"@type":"BreadcrumbList","@id":"https:\/\/digital58.com.ve\/site\/2020\/08\/22\/15-presos-fallecen-por-covid-19-en-carcel-de-miami-dade\/#breadcrumb","itemListElement":[{"@type":"ListItem","position":1,"name":"Home","item":"https:\/\/digital58.com.ve\/site\/"},{"@type":"ListItem","position":2,"name":"15 presos fallecen por COVID-19 en c\u00e1rcel de Miami-Dade"}]},{"@type":"WebSite","@id":"https:\/\/digital58.com.ve\/site\/#website","url":"https:\/\/digital58.com.ve\/site\/","name":"Noticias Digital58","description":"Portal de Noticias \u00a1Periodismo web de verdad! Lanzamiento web 22.11.2005 \/ Maracaibo, Venezuela","publisher":{"@id":"https:\/\/digital58.com.ve\/site\/#\/schema\/person\/64d1c2e4d0d4fd1b849980c4331c2951"},"alternateName":"ND58","potentialAction":[{"@type":"SearchAction","target":{"@type":"EntryPoint","urlTemplate":"https:\/\/digital58.com.ve\/site\/?s={search_term_string}"},"query-input":{"@type":"PropertyValueSpecification","valueRequired":true,"valueName":"search_term_string"}}],"inLanguage":"es"},{"@type":["Person","Organization"],"@id":"https:\/\/digital58.com.ve\/site\/#\/schema\/person\/64d1c2e4d0d4fd1b849980c4331c2951","name":"Villasmil Henry","image":{"@type":"ImageObject","inLanguage":"es","@id":"https:\/\/secure.gravatar.com\/avatar\/bb0c4a2fcb7970138239f7e404ea75757b1b507b28b5ce4c53fbd62d797c5a7c?s=96&d=mm&r=g","url":"https:\/\/secure.gravatar.com\/avatar\/bb0c4a2fcb7970138239f7e404ea75757b1b507b28b5ce4c53fbd62d797c5a7c?s=96&d=mm&r=g","contentUrl":"https:\/\/secure.gravatar.com\/avatar\/bb0c4a2fcb7970138239f7e404ea75757b1b507b28b5ce4c53fbd62d797c5a7c?s=96&d=mm&r=g","caption":"Villasmil Henry"},"logo":{"@id":"https:\/\/secure.gravatar.com\/avatar\/bb0c4a2fcb7970138239f7e404ea75757b1b507b28b5ce4c53fbd62d797c5a7c?s=96&d=mm&r=g"},"sameAs":["http:\/\/www.henryvillasmil.com.ve","https:\/\/www.instagram.com\/villasmilhfoto\/","https:\/\/x.com\/https:\/\/twitter.com\/villasmilhfoto"],"url":"https:\/\/digital58.com.ve\/site\/author\/droopy_68\/"}]}},"uagb_featured_image_src":{"full":["https:\/\/digital58.com.ve\/site\/wp-content\/uploads\/2020\/08\/carcel-de-miami-22-08-20.jpg",800,448,false],"thumbnail":["https:\/\/digital58.com.ve\/site\/wp-content\/uploads\/2020\/08\/carcel-de-miami-22-08-20-150x150.jpg",150,150,true],"medium":["https:\/\/digital58.com.ve\/site\/wp-content\/uploads\/2020\/08\/carcel-de-miami-22-08-20-300x168.jpg",300,168,true],"medium_large":["https:\/\/digital58.com.ve\/site\/wp-content\/uploads\/2020\/08\/carcel-de-miami-22-08-20-768x430.jpg",768,430,true],"large":["https:\/\/digital58.com.ve\/site\/wp-content\/uploads\/2020\/08\/carcel-de-miami-22-08-20.jpg",800,448,false],"1536x1536":["https:\/\/digital58.com.ve\/site\/wp-content\/uploads\/2020\/08\/carcel-de-miami-22-08-20.jpg",800,448,false],"2048x2048":["https:\/\/digital58.com.ve\/site\/wp-content\/uploads\/2020\/08\/carcel-de-miami-22-08-20.jpg",800,448,false],"colormag-highlighted-post":["https:\/\/digital58.com.ve\/site\/wp-content\/uploads\/2020\/08\/carcel-de-miami-22-08-20.jpg",392,220,false],"colormag-featured-post-medium":["https:\/\/digital58.com.ve\/site\/wp-content\/uploads\/2020\/08\/carcel-de-miami-22-08-20.jpg",366,205,false],"colormag-featured-post-small":["https:\/\/digital58.com.ve\/site\/wp-content\/uploads\/2020\/08\/carcel-de-miami-22-08-20.jpg",130,73,false],"colormag-featured-image":["https:\/\/digital58.com.ve\/site\/wp-content\/uploads\/2020\/08\/carcel-de-miami-22-08-20.jpg",795,445,false],"colormag-default-news":["https:\/\/digital58.com.ve\/site\/wp-content\/uploads\/2020\/08\/carcel-de-miami-22-08-20.jpg",150,84,false],"colormag-featured-image-large":["https:\/\/digital58.com.ve\/site\/wp-content\/uploads\/2020\/08\/carcel-de-miami-22-08-20.jpg",800,448,false]},"uagb_author_info":{"display_name":"Villasmil Henry","author_link":"https:\/\/digital58.com.ve\/site\/author\/droopy_68\/"},"uagb_comment_info":0,"uagb_excerpt":"Las estad\u00edsticas divulgadas por el Departamento de Correccionales del Estado del Sol (FDC) muestran que en ese centro carcelario 198","_links":{"self":[{"href":"https:\/\/digital58.com.ve\/site\/wp-json\/wp\/v2\/posts\/123785","targetHints":{"allow":["GET"]}}],"collection":[{"href":"https:\/\/digital58.com.ve\/site\/wp-json\/wp\/v2\/posts"}],"about":[{"href":"https:\/\/digital58.com.ve\/site\/wp-json\/wp\/v2\/types\/post"}],"author":[{"embeddable":true,"href":"https:\/\/digital58.com.ve\/site\/wp-json\/wp\/v2\/users\/1"}],"replies":[{"embeddable":true,"href":"https:\/\/digital58.com.ve\/site\/wp-json\/wp\/v2\/comments?post=123785"}],"version-history":[{"count":0,"href":"https:\/\/digital58.com.ve\/site\/wp-json\/wp\/v2\/posts\/123785\/revisions"}],"wp:featuredmedia":[{"embeddable":true,"href":"https:\/\/digital58.com.ve\/site\/wp-json\/wp\/v2\/media\/123786"}],"wp:attachment":[{"href":"https:\/\/digital58.com.ve\/site\/wp-json\/wp\/v2\/media?parent=123785"}],"wp:term":[{"taxonomy":"category","embeddable":true,"href":"https:\/\/digital58.com.ve\/site\/wp-json\/wp\/v2\/categories?post=123785"},{"taxonomy":"post_tag","embeddable":true,"href":"https:\/\/digital58.com.ve\/site\/wp-json\/wp\/v2\/tags?post=123785"}],"curies":[{"name":"wp","href":"https:\/\/api.w.org\/{rel}","templated":true}]}}