{"id":123788,"date":"2020-08-22T13:52:10","date_gmt":"2020-08-22T17:52:10","guid":{"rendered":"https:\/\/digital58.com.ve\/site\/?p=123788"},"modified":"2020-08-22T13:52:10","modified_gmt":"2020-08-22T17:52:10","slug":"manifestacion-afin-al-presidente-maliense-derrocado-pide-su-restablecimiento","status":"publish","type":"post","link":"https:\/\/digital58.com.ve\/site\/2020\/08\/22\/manifestacion-afin-al-presidente-maliense-derrocado-pide-su-restablecimiento\/","title":{"rendered":"Manifestaci\u00f3n af\u00edn al presidente maliense derrocado pide su restablecimiento"},"content":{"rendered":"<p><a href=\"https:\/\/digital58.com.ve\/site\/wp-content\/uploads\/2020\/08\/mali-protestas-22-08-20.jpg\"><img loading=\"lazy\" decoding=\"async\" class=\"aligncenter size-full wp-image-123791\" src=\"https:\/\/digital58.com.ve\/site\/wp-content\/uploads\/2020\/08\/mali-protestas-22-08-20.jpg\" alt=\"\" width=\"1000\" height=\"639\" srcset=\"https:\/\/digital58.com.ve\/site\/wp-content\/uploads\/2020\/08\/mali-protestas-22-08-20.jpg 800w, https:\/\/digital58.com.ve\/site\/wp-content\/uploads\/2020\/08\/mali-protestas-22-08-20-300x192.jpg 300w, https:\/\/digital58.com.ve\/site\/wp-content\/uploads\/2020\/08\/mali-protestas-22-08-20-768x491.jpg 768w\" sizes=\"auto, (max-width: 1000px) 100vw, 1000px\" \/><\/a><\/p>\n<p>La manifestaci\u00f3n, que tuvo lugar en la c\u00e9ntrica avenida de la Independencia, deriv\u00f3 posteriormente en enfrentamientos con piedras entre los participantes y grupos de personas afines a los golpistas.<\/p>\n<p><strong>Internacionales, 22 de agosto de 2020 (ND58).-<\/strong> Decenas de partidarios del presidente malienses derrocado el pasado martes por los militares Ibrahim Boubacar Keita (IBK) celebraron hoy una protesta en Bamako, que deriv\u00f3 en disturbios, para pedir el restablecimiento del mandatario.<\/p>\n<p>Los participantes en la protesta, liderada principalmente por militantes del partido Reagrupaci\u00f3n Por Mal\u00ed (MPM, del presidente derrocado IBK), condenaron el golpe de estado y exigieron la vuelta a la legitimidad constitucional.<\/p>\n<p>Se trata de la primera manifestaci\u00f3n de apoyo a IBK que se celebre en el pa\u00eds desde su derrocamiento, y no se sabe si los disturbios se saldaron con v\u00edctimas.<\/p>\n<p>Ayer, cientos de miles de partidarios del golpe militar, convocados por el movimiento opositor M5-RFP, organizaron una concentraci\u00f3n de apoyo a los golpistas en Bamako.<\/p>\n<p>Por otra parte, est\u00e1 previsto que llegue hoy a la capital maliense una delegaci\u00f3n enviada por la CEDEAO (Comunidad de Estados de \u00c1frica del Oeste, a la que pertenece Mali), en una visita de dos d\u00edas, para reunirse con los golpistas.<\/p>\n<p>La delegaci\u00f3n se reunir\u00e1 tambi\u00e9n con los responsables de la Misi\u00f3n de la ONU en Mali (Minusma), los representantes de Uni\u00f3n \u00c1fricana (UA) en el pa\u00eds y los embajadores en Bamako de los pa\u00edses miembros en el Consejo de Seguridad de la ONU.<\/p>\n<p>La CEDEAO ha pedido tambi\u00e9n que se le permite visitar a IBK y a los miembros de su gobierno retenidos desde su derrocamiento, aunque se desconoce si los golpistas acepten esta petici\u00f3n.<\/p>\n<p>El pasado jueves, la CEDEAO ha celebrado una cumbre extraordinaria para \u00abnegar categ\u00f3ricamente toda legitimidad a los militares golpistas\u00bb, suspender a Mali de los \u00f3rganos de decisi\u00f3n de la organizaci\u00f3n regional y reclamar el restablecimiento del presidente IBK.<\/p><div class=\"rewfp69f212c0492ec\" ><p style=\"text-align: center;\"><a href=\"https:\/\/t.me\/noticiasdigital58\" target=\"_blank\" rel=\"noopener\"><img class=\"aligncenter size-full wp-image-125363\" src=\"https:\/\/digital58.com.ve\/site\/wp-content\/uploads\/2021\/04\/banner-telegram-web-2021.png\" alt=\"\" width=\"600\" height=\"90\" \/><\/a><\/p><\/div><style type=\"text\/css\">\r\n@media screen and (min-width: 1201px) {\r\n.rewfp69f212c0492ec {\r\ndisplay: block;\r\n}\r\n}\r\n@media screen and (min-width: 993px) and (max-width: 1200px) {\r\n.rewfp69f212c0492ec {\r\ndisplay: block;\r\n}\r\n}\r\n@media screen and (min-width: 769px) and (max-width: 992px) {\r\n.rewfp69f212c0492ec {\r\ndisplay: block;\r\n}\r\n}\r\n@media screen and (min-width: 768px) and (max-width: 768px) {\r\n.rewfp69f212c0492ec {\r\ndisplay: block;\r\n}\r\n}\r\n@media screen and (max-width: 767px) {\r\n.rewfp69f212c0492ec {\r\ndisplay: block;\r\n}\r\n}\r\n<\/style>\r\n\n<p><strong>Redacci\u00f3n ND58 | Fuente: EFE<\/strong><br \/>\n<strong>Edici\u00f3n: Villasmil, Henry<\/strong><br \/>\n<strong>Gr\u00e1fica: EFE<\/strong><\/p>\n<div style=\"margin-top: 0px; margin-bottom: 0px;\" class=\"sharethis-inline-share-buttons\" ><\/div>","protected":false},"excerpt":{"rendered":"<p>La manifestaci\u00f3n, que tuvo lugar en la c\u00e9ntrica avenida de la Independencia, deriv\u00f3 posteriormente en enfrentamientos con piedras entre los<\/p>\n","protected":false},"author":1,"featured_media":123791,"comment_status":"open","ping_status":"closed","sticky":false,"template":"","format":"standard","meta":{"colormag_page_container_layout":"default_layout","colormag_page_sidebar_layout":"default_layout","_uag_custom_page_level_css":"","footnotes":""},"categories":[16451],"tags":[1162,20519,20587,16438,20517,8,20518,4296],"class_list":["post-123788","post","type-post","status-publish","format-standard","has-post-thumbnail","hentry","category-mundo","tag-africa","tag-africa-occidental","tag-cedeao","tag-golpe-de-estado","tag-ibrahim-boubacar-keita","tag-internacionales","tag-mali","tag-protestas"],"yoast_head":"<!-- This site is optimized with the Yoast SEO plugin v27.5 - https:\/\/yoast.com\/product\/yoast-seo-wordpress\/ -->\n<title>Manifestaci\u00f3n af\u00edn al presidente maliense derrocado pide su restablecimiento<\/title>\n<meta name=\"description\" content=\"Mundo\" \/>\n<meta name=\"robots\" content=\"index, follow, max-snippet:-1, max-image-preview:large, max-video-preview:-1\" \/>\n<link rel=\"canonical\" href=\"https:\/\/digital58.com.ve\/site\/2020\/08\/22\/manifestacion-afin-al-presidente-maliense-derrocado-pide-su-restablecimiento\/\" \/>\n<meta property=\"og:locale\" content=\"es_ES\" \/>\n<meta property=\"og:type\" content=\"article\" \/>\n<meta property=\"og:title\" content=\"Manifestaci\u00f3n af\u00edn al presidente maliense derrocado pide su restablecimiento\" \/>\n<meta property=\"og:description\" content=\"Mundo\" \/>\n<meta property=\"og:url\" content=\"https:\/\/digital58.com.ve\/site\/2020\/08\/22\/manifestacion-afin-al-presidente-maliense-derrocado-pide-su-restablecimiento\/\" \/>\n<meta property=\"og:site_name\" content=\"Noticias Digital58\" \/>\n<meta property=\"article:published_time\" content=\"2020-08-22T17:52:10+00:00\" \/>\n<meta property=\"og:image\" content=\"https:\/\/digital58.com.ve\/site\/wp-content\/uploads\/2020\/08\/mali-protestas-22-08-20.jpg\" \/>\n\t<meta property=\"og:image:width\" content=\"1000\" \/>\n\t<meta property=\"og:image:height\" content=\"639\" \/>\n\t<meta property=\"og:image:type\" content=\"image\/jpeg\" \/>\n<meta name=\"author\" content=\"Villasmil Henry\" \/>\n<meta name=\"twitter:card\" content=\"summary_large_image\" \/>\n<meta name=\"twitter:creator\" content=\"@https:\/\/twitter.com\/villasmilhfoto\" \/>\n<meta name=\"twitter:site\" content=\"@villasmilhfoto\" \/>\n<meta name=\"twitter:label1\" content=\"Escrito por\" \/>\n\t<meta name=\"twitter:data1\" content=\"Villasmil Henry\" \/>\n\t<meta name=\"twitter:label2\" content=\"Tiempo estimado de lectura\" \/>\n\t<meta name=\"twitter:data2\" content=\"2 minutos\" \/>\n<script type=\"application\/ld+json\" class=\"yoast-schema-graph\">{\"@context\":\"https:\\\/\\\/schema.org\",\"@graph\":[{\"@type\":\"Article\",\"@id\":\"https:\\\/\\\/digital58.com.ve\\\/site\\\/2020\\\/08\\\/22\\\/manifestacion-afin-al-presidente-maliense-derrocado-pide-su-restablecimiento\\\/#article\",\"isPartOf\":{\"@id\":\"https:\\\/\\\/digital58.com.ve\\\/site\\\/2020\\\/08\\\/22\\\/manifestacion-afin-al-presidente-maliense-derrocado-pide-su-restablecimiento\\\/\"},\"author\":{\"name\":\"Villasmil Henry\",\"@id\":\"https:\\\/\\\/digital58.com.ve\\\/site\\\/#\\\/schema\\\/person\\\/64d1c2e4d0d4fd1b849980c4331c2951\"},\"headline\":\"Manifestaci\u00f3n af\u00edn al presidente maliense derrocado pide su restablecimiento\",\"datePublished\":\"2020-08-22T17:52:10+00:00\",\"mainEntityOfPage\":{\"@id\":\"https:\\\/\\\/digital58.com.ve\\\/site\\\/2020\\\/08\\\/22\\\/manifestacion-afin-al-presidente-maliense-derrocado-pide-su-restablecimiento\\\/\"},\"wordCount\":353,\"commentCount\":0,\"publisher\":{\"@id\":\"https:\\\/\\\/digital58.com.ve\\\/site\\\/#\\\/schema\\\/person\\\/64d1c2e4d0d4fd1b849980c4331c2951\"},\"image\":{\"@id\":\"https:\\\/\\\/digital58.com.ve\\\/site\\\/2020\\\/08\\\/22\\\/manifestacion-afin-al-presidente-maliense-derrocado-pide-su-restablecimiento\\\/#primaryimage\"},\"thumbnailUrl\":\"https:\\\/\\\/digital58.com.ve\\\/site\\\/wp-content\\\/uploads\\\/2020\\\/08\\\/mali-protestas-22-08-20.jpg\",\"keywords\":[\"\u00c1frica\",\"\u00c1frica Occidental\",\"CEDEAO\",\"Golpe de Estado\",\"Ibrahim Boubacar Keita\",\"Internacionales\",\"Mali\",\"Protestas\"],\"articleSection\":[\"Mundo\"],\"inLanguage\":\"es\",\"potentialAction\":[{\"@type\":\"CommentAction\",\"name\":\"Comment\",\"target\":[\"https:\\\/\\\/digital58.com.ve\\\/site\\\/2020\\\/08\\\/22\\\/manifestacion-afin-al-presidente-maliense-derrocado-pide-su-restablecimiento\\\/#respond\"]}]},{\"@type\":\"WebPage\",\"@id\":\"https:\\\/\\\/digital58.com.ve\\\/site\\\/2020\\\/08\\\/22\\\/manifestacion-afin-al-presidente-maliense-derrocado-pide-su-restablecimiento\\\/\",\"url\":\"https:\\\/\\\/digital58.com.ve\\\/site\\\/2020\\\/08\\\/22\\\/manifestacion-afin-al-presidente-maliense-derrocado-pide-su-restablecimiento\\\/\",\"name\":\"Manifestaci\u00f3n af\u00edn al presidente maliense derrocado pide su restablecimiento\",\"isPartOf\":{\"@id\":\"https:\\\/\\\/digital58.com.ve\\\/site\\\/#website\"},\"primaryImageOfPage\":{\"@id\":\"https:\\\/\\\/digital58.com.ve\\\/site\\\/2020\\\/08\\\/22\\\/manifestacion-afin-al-presidente-maliense-derrocado-pide-su-restablecimiento\\\/#primaryimage\"},\"image\":{\"@id\":\"https:\\\/\\\/digital58.com.ve\\\/site\\\/2020\\\/08\\\/22\\\/manifestacion-afin-al-presidente-maliense-derrocado-pide-su-restablecimiento\\\/#primaryimage\"},\"thumbnailUrl\":\"https:\\\/\\\/digital58.com.ve\\\/site\\\/wp-content\\\/uploads\\\/2020\\\/08\\\/mali-protestas-22-08-20.jpg\",\"datePublished\":\"2020-08-22T17:52:10+00:00\",\"description\":\"Mundo\",\"breadcrumb\":{\"@id\":\"https:\\\/\\\/digital58.com.ve\\\/site\\\/2020\\\/08\\\/22\\\/manifestacion-afin-al-presidente-maliense-derrocado-pide-su-restablecimiento\\\/#breadcrumb\"},\"inLanguage\":\"es\",\"potentialAction\":[{\"@type\":\"ReadAction\",\"target\":[\"https:\\\/\\\/digital58.com.ve\\\/site\\\/2020\\\/08\\\/22\\\/manifestacion-afin-al-presidente-maliense-derrocado-pide-su-restablecimiento\\\/\"]}]},{\"@type\":\"ImageObject\",\"inLanguage\":\"es\",\"@id\":\"https:\\\/\\\/digital58.com.ve\\\/site\\\/2020\\\/08\\\/22\\\/manifestacion-afin-al-presidente-maliense-derrocado-pide-su-restablecimiento\\\/#primaryimage\",\"url\":\"https:\\\/\\\/digital58.com.ve\\\/site\\\/wp-content\\\/uploads\\\/2020\\\/08\\\/mali-protestas-22-08-20.jpg\",\"contentUrl\":\"https:\\\/\\\/digital58.com.ve\\\/site\\\/wp-content\\\/uploads\\\/2020\\\/08\\\/mali-protestas-22-08-20.jpg\",\"width\":800,\"height\":511},{\"@type\":\"BreadcrumbList\",\"@id\":\"https:\\\/\\\/digital58.com.ve\\\/site\\\/2020\\\/08\\\/22\\\/manifestacion-afin-al-presidente-maliense-derrocado-pide-su-restablecimiento\\\/#breadcrumb\",\"itemListElement\":[{\"@type\":\"ListItem\",\"position\":1,\"name\":\"Home\",\"item\":\"https:\\\/\\\/digital58.com.ve\\\/site\\\/\"},{\"@type\":\"ListItem\",\"position\":2,\"name\":\"Manifestaci\u00f3n af\u00edn al presidente maliense derrocado pide su restablecimiento\"}]},{\"@type\":\"WebSite\",\"@id\":\"https:\\\/\\\/digital58.com.ve\\\/site\\\/#website\",\"url\":\"https:\\\/\\\/digital58.com.ve\\\/site\\\/\",\"name\":\"Noticias Digital58\",\"description\":\"Portal de Noticias \u00a1Periodismo web de verdad! Lanzamiento web 22.11.2005 \\\/ Maracaibo, Venezuela\",\"publisher\":{\"@id\":\"https:\\\/\\\/digital58.com.ve\\\/site\\\/#\\\/schema\\\/person\\\/64d1c2e4d0d4fd1b849980c4331c2951\"},\"alternateName\":\"ND58\",\"potentialAction\":[{\"@type\":\"SearchAction\",\"target\":{\"@type\":\"EntryPoint\",\"urlTemplate\":\"https:\\\/\\\/digital58.com.ve\\\/site\\\/?s={search_term_string}\"},\"query-input\":{\"@type\":\"PropertyValueSpecification\",\"valueRequired\":true,\"valueName\":\"search_term_string\"}}],\"inLanguage\":\"es\"},{\"@type\":[\"Person\",\"Organization\"],\"@id\":\"https:\\\/\\\/digital58.com.ve\\\/site\\\/#\\\/schema\\\/person\\\/64d1c2e4d0d4fd1b849980c4331c2951\",\"name\":\"Villasmil Henry\",\"image\":{\"@type\":\"ImageObject\",\"inLanguage\":\"es\",\"@id\":\"https:\\\/\\\/secure.gravatar.com\\\/avatar\\\/bb0c4a2fcb7970138239f7e404ea75757b1b507b28b5ce4c53fbd62d797c5a7c?s=96&d=mm&r=g\",\"url\":\"https:\\\/\\\/secure.gravatar.com\\\/avatar\\\/bb0c4a2fcb7970138239f7e404ea75757b1b507b28b5ce4c53fbd62d797c5a7c?s=96&d=mm&r=g\",\"contentUrl\":\"https:\\\/\\\/secure.gravatar.com\\\/avatar\\\/bb0c4a2fcb7970138239f7e404ea75757b1b507b28b5ce4c53fbd62d797c5a7c?s=96&d=mm&r=g\",\"caption\":\"Villasmil Henry\"},\"logo\":{\"@id\":\"https:\\\/\\\/secure.gravatar.com\\\/avatar\\\/bb0c4a2fcb7970138239f7e404ea75757b1b507b28b5ce4c53fbd62d797c5a7c?s=96&d=mm&r=g\"},\"sameAs\":[\"http:\\\/\\\/www.henryvillasmil.com.ve\",\"https:\\\/\\\/www.instagram.com\\\/villasmilhfoto\\\/\",\"https:\\\/\\\/x.com\\\/https:\\\/\\\/twitter.com\\\/villasmilhfoto\"],\"url\":\"https:\\\/\\\/digital58.com.ve\\\/site\\\/author\\\/droopy_68\\\/\"}]}<\/script>\n<!-- \/ Yoast SEO plugin. -->","yoast_head_json":{"title":"Manifestaci\u00f3n af\u00edn al presidente maliense derrocado pide su restablecimiento","description":"Mundo","robots":{"index":"index","follow":"follow","max-snippet":"max-snippet:-1","max-image-preview":"max-image-preview:large","max-video-preview":"max-video-preview:-1"},"canonical":"https:\/\/digital58.com.ve\/site\/2020\/08\/22\/manifestacion-afin-al-presidente-maliense-derrocado-pide-su-restablecimiento\/","og_locale":"es_ES","og_type":"article","og_title":"Manifestaci\u00f3n af\u00edn al presidente maliense derrocado pide su restablecimiento","og_description":"Mundo","og_url":"https:\/\/digital58.com.ve\/site\/2020\/08\/22\/manifestacion-afin-al-presidente-maliense-derrocado-pide-su-restablecimiento\/","og_site_name":"Noticias Digital58","article_published_time":"2020-08-22T17:52:10+00:00","og_image":[{"width":1000,"height":639,"url":"https:\/\/digital58.com.ve\/site\/wp-content\/uploads\/2020\/08\/mali-protestas-22-08-20.jpg","type":"image\/jpeg"}],"author":"Villasmil Henry","twitter_card":"summary_large_image","twitter_creator":"@https:\/\/twitter.com\/villasmilhfoto","twitter_site":"@villasmilhfoto","twitter_misc":{"Escrito por":"Villasmil Henry","Tiempo estimado de lectura":"2 minutos"},"schema":{"@context":"https:\/\/schema.org","@graph":[{"@type":"Article","@id":"https:\/\/digital58.com.ve\/site\/2020\/08\/22\/manifestacion-afin-al-presidente-maliense-derrocado-pide-su-restablecimiento\/#article","isPartOf":{"@id":"https:\/\/digital58.com.ve\/site\/2020\/08\/22\/manifestacion-afin-al-presidente-maliense-derrocado-pide-su-restablecimiento\/"},"author":{"name":"Villasmil Henry","@id":"https:\/\/digital58.com.ve\/site\/#\/schema\/person\/64d1c2e4d0d4fd1b849980c4331c2951"},"headline":"Manifestaci\u00f3n af\u00edn al presidente maliense derrocado pide su restablecimiento","datePublished":"2020-08-22T17:52:10+00:00","mainEntityOfPage":{"@id":"https:\/\/digital58.com.ve\/site\/2020\/08\/22\/manifestacion-afin-al-presidente-maliense-derrocado-pide-su-restablecimiento\/"},"wordCount":353,"commentCount":0,"publisher":{"@id":"https:\/\/digital58.com.ve\/site\/#\/schema\/person\/64d1c2e4d0d4fd1b849980c4331c2951"},"image":{"@id":"https:\/\/digital58.com.ve\/site\/2020\/08\/22\/manifestacion-afin-al-presidente-maliense-derrocado-pide-su-restablecimiento\/#primaryimage"},"thumbnailUrl":"https:\/\/digital58.com.ve\/site\/wp-content\/uploads\/2020\/08\/mali-protestas-22-08-20.jpg","keywords":["\u00c1frica","\u00c1frica Occidental","CEDEAO","Golpe de Estado","Ibrahim Boubacar Keita","Internacionales","Mali","Protestas"],"articleSection":["Mundo"],"inLanguage":"es","potentialAction":[{"@type":"CommentAction","name":"Comment","target":["https:\/\/digital58.com.ve\/site\/2020\/08\/22\/manifestacion-afin-al-presidente-maliense-derrocado-pide-su-restablecimiento\/#respond"]}]},{"@type":"WebPage","@id":"https:\/\/digital58.com.ve\/site\/2020\/08\/22\/manifestacion-afin-al-presidente-maliense-derrocado-pide-su-restablecimiento\/","url":"https:\/\/digital58.com.ve\/site\/2020\/08\/22\/manifestacion-afin-al-presidente-maliense-derrocado-pide-su-restablecimiento\/","name":"Manifestaci\u00f3n af\u00edn al presidente maliense derrocado pide su restablecimiento","isPartOf":{"@id":"https:\/\/digital58.com.ve\/site\/#website"},"primaryImageOfPage":{"@id":"https:\/\/digital58.com.ve\/site\/2020\/08\/22\/manifestacion-afin-al-presidente-maliense-derrocado-pide-su-restablecimiento\/#primaryimage"},"image":{"@id":"https:\/\/digital58.com.ve\/site\/2020\/08\/22\/manifestacion-afin-al-presidente-maliense-derrocado-pide-su-restablecimiento\/#primaryimage"},"thumbnailUrl":"https:\/\/digital58.com.ve\/site\/wp-content\/uploads\/2020\/08\/mali-protestas-22-08-20.jpg","datePublished":"2020-08-22T17:52:10+00:00","description":"Mundo","breadcrumb":{"@id":"https:\/\/digital58.com.ve\/site\/2020\/08\/22\/manifestacion-afin-al-presidente-maliense-derrocado-pide-su-restablecimiento\/#breadcrumb"},"inLanguage":"es","potentialAction":[{"@type":"ReadAction","target":["https:\/\/digital58.com.ve\/site\/2020\/08\/22\/manifestacion-afin-al-presidente-maliense-derrocado-pide-su-restablecimiento\/"]}]},{"@type":"ImageObject","inLanguage":"es","@id":"https:\/\/digital58.com.ve\/site\/2020\/08\/22\/manifestacion-afin-al-presidente-maliense-derrocado-pide-su-restablecimiento\/#primaryimage","url":"https:\/\/digital58.com.ve\/site\/wp-content\/uploads\/2020\/08\/mali-protestas-22-08-20.jpg","contentUrl":"https:\/\/digital58.com.ve\/site\/wp-content\/uploads\/2020\/08\/mali-protestas-22-08-20.jpg","width":800,"height":511},{"@type":"BreadcrumbList","@id":"https:\/\/digital58.com.ve\/site\/2020\/08\/22\/manifestacion-afin-al-presidente-maliense-derrocado-pide-su-restablecimiento\/#breadcrumb","itemListElement":[{"@type":"ListItem","position":1,"name":"Home","item":"https:\/\/digital58.com.ve\/site\/"},{"@type":"ListItem","position":2,"name":"Manifestaci\u00f3n af\u00edn al presidente maliense derrocado pide su restablecimiento"}]},{"@type":"WebSite","@id":"https:\/\/digital58.com.ve\/site\/#website","url":"https:\/\/digital58.com.ve\/site\/","name":"Noticias Digital58","description":"Portal de Noticias \u00a1Periodismo web de verdad! Lanzamiento web 22.11.2005 \/ Maracaibo, Venezuela","publisher":{"@id":"https:\/\/digital58.com.ve\/site\/#\/schema\/person\/64d1c2e4d0d4fd1b849980c4331c2951"},"alternateName":"ND58","potentialAction":[{"@type":"SearchAction","target":{"@type":"EntryPoint","urlTemplate":"https:\/\/digital58.com.ve\/site\/?s={search_term_string}"},"query-input":{"@type":"PropertyValueSpecification","valueRequired":true,"valueName":"search_term_string"}}],"inLanguage":"es"},{"@type":["Person","Organization"],"@id":"https:\/\/digital58.com.ve\/site\/#\/schema\/person\/64d1c2e4d0d4fd1b849980c4331c2951","name":"Villasmil Henry","image":{"@type":"ImageObject","inLanguage":"es","@id":"https:\/\/secure.gravatar.com\/avatar\/bb0c4a2fcb7970138239f7e404ea75757b1b507b28b5ce4c53fbd62d797c5a7c?s=96&d=mm&r=g","url":"https:\/\/secure.gravatar.com\/avatar\/bb0c4a2fcb7970138239f7e404ea75757b1b507b28b5ce4c53fbd62d797c5a7c?s=96&d=mm&r=g","contentUrl":"https:\/\/secure.gravatar.com\/avatar\/bb0c4a2fcb7970138239f7e404ea75757b1b507b28b5ce4c53fbd62d797c5a7c?s=96&d=mm&r=g","caption":"Villasmil Henry"},"logo":{"@id":"https:\/\/secure.gravatar.com\/avatar\/bb0c4a2fcb7970138239f7e404ea75757b1b507b28b5ce4c53fbd62d797c5a7c?s=96&d=mm&r=g"},"sameAs":["http:\/\/www.henryvillasmil.com.ve","https:\/\/www.instagram.com\/villasmilhfoto\/","https:\/\/x.com\/https:\/\/twitter.com\/villasmilhfoto"],"url":"https:\/\/digital58.com.ve\/site\/author\/droopy_68\/"}]}},"uagb_featured_image_src":{"full":["https:\/\/digital58.com.ve\/site\/wp-content\/uploads\/2020\/08\/mali-protestas-22-08-20.jpg",800,511,false],"thumbnail":["https:\/\/digital58.com.ve\/site\/wp-content\/uploads\/2020\/08\/mali-protestas-22-08-20-150x150.jpg",150,150,true],"medium":["https:\/\/digital58.com.ve\/site\/wp-content\/uploads\/2020\/08\/mali-protestas-22-08-20-300x192.jpg",300,192,true],"medium_large":["https:\/\/digital58.com.ve\/site\/wp-content\/uploads\/2020\/08\/mali-protestas-22-08-20-768x491.jpg",768,491,true],"large":["https:\/\/digital58.com.ve\/site\/wp-content\/uploads\/2020\/08\/mali-protestas-22-08-20.jpg",800,511,false],"1536x1536":["https:\/\/digital58.com.ve\/site\/wp-content\/uploads\/2020\/08\/mali-protestas-22-08-20.jpg",800,511,false],"2048x2048":["https:\/\/digital58.com.ve\/site\/wp-content\/uploads\/2020\/08\/mali-protestas-22-08-20.jpg",800,511,false],"colormag-highlighted-post":["https:\/\/digital58.com.ve\/site\/wp-content\/uploads\/2020\/08\/mali-protestas-22-08-20.jpg",392,250,false],"colormag-featured-post-medium":["https:\/\/digital58.com.ve\/site\/wp-content\/uploads\/2020\/08\/mali-protestas-22-08-20.jpg",321,205,false],"colormag-featured-post-small":["https:\/\/digital58.com.ve\/site\/wp-content\/uploads\/2020\/08\/mali-protestas-22-08-20.jpg",130,83,false],"colormag-featured-image":["https:\/\/digital58.com.ve\/site\/wp-content\/uploads\/2020\/08\/mali-protestas-22-08-20.jpg",697,445,false],"colormag-default-news":["https:\/\/digital58.com.ve\/site\/wp-content\/uploads\/2020\/08\/mali-protestas-22-08-20.jpg",150,96,false],"colormag-featured-image-large":["https:\/\/digital58.com.ve\/site\/wp-content\/uploads\/2020\/08\/mali-protestas-22-08-20.jpg",800,511,false]},"uagb_author_info":{"display_name":"Villasmil Henry","author_link":"https:\/\/digital58.com.ve\/site\/author\/droopy_68\/"},"uagb_comment_info":0,"uagb_excerpt":"La manifestaci\u00f3n, que tuvo lugar en la c\u00e9ntrica avenida de la Independencia, deriv\u00f3 posteriormente en enfrentamientos con piedras entre los","_links":{"self":[{"href":"https:\/\/digital58.com.ve\/site\/wp-json\/wp\/v2\/posts\/123788","targetHints":{"allow":["GET"]}}],"collection":[{"href":"https:\/\/digital58.com.ve\/site\/wp-json\/wp\/v2\/posts"}],"about":[{"href":"https:\/\/digital58.com.ve\/site\/wp-json\/wp\/v2\/types\/post"}],"author":[{"embeddable":true,"href":"https:\/\/digital58.com.ve\/site\/wp-json\/wp\/v2\/users\/1"}],"replies":[{"embeddable":true,"href":"https:\/\/digital58.com.ve\/site\/wp-json\/wp\/v2\/comments?post=123788"}],"version-history":[{"count":0,"href":"https:\/\/digital58.com.ve\/site\/wp-json\/wp\/v2\/posts\/123788\/revisions"}],"wp:featuredmedia":[{"embeddable":true,"href":"https:\/\/digital58.com.ve\/site\/wp-json\/wp\/v2\/media\/123791"}],"wp:attachment":[{"href":"https:\/\/digital58.com.ve\/site\/wp-json\/wp\/v2\/media?parent=123788"}],"wp:term":[{"taxonomy":"category","embeddable":true,"href":"https:\/\/digital58.com.ve\/site\/wp-json\/wp\/v2\/categories?post=123788"},{"taxonomy":"post_tag","embeddable":true,"href":"https:\/\/digital58.com.ve\/site\/wp-json\/wp\/v2\/tags?post=123788"}],"curies":[{"name":"wp","href":"https:\/\/api.w.org\/{rel}","templated":true}]}}