{"id":123984,"date":"2020-08-23T18:17:52","date_gmt":"2020-08-23T22:17:52","guid":{"rendered":"https:\/\/digital58.com.ve\/site\/?p=123984"},"modified":"2020-08-23T18:18:34","modified_gmt":"2020-08-23T22:18:34","slug":"miguel-oliveira-da-a-portugal-su-primera-victoria-en-motogp","status":"publish","type":"post","link":"https:\/\/digital58.com.ve\/site\/2020\/08\/23\/miguel-oliveira-da-a-portugal-su-primera-victoria-en-motogp\/","title":{"rendered":"Miguel Oliveira da a Portugal su primera victoria en MotoGP"},"content":{"rendered":"<p><a href=\"https:\/\/digital58.com.ve\/site\/wp-content\/uploads\/2020\/08\/Miguel-Oliveira-MotoGP-23-08-20-2.jpg\"><img loading=\"lazy\" decoding=\"async\" class=\"aligncenter size-full wp-image-123989\" src=\"https:\/\/digital58.com.ve\/site\/wp-content\/uploads\/2020\/08\/Miguel-Oliveira-MotoGP-23-08-20-2.jpg\" alt=\"\" width=\"1000\" height=\"667\" srcset=\"https:\/\/digital58.com.ve\/site\/wp-content\/uploads\/2020\/08\/Miguel-Oliveira-MotoGP-23-08-20-2.jpg 800w, https:\/\/digital58.com.ve\/site\/wp-content\/uploads\/2020\/08\/Miguel-Oliveira-MotoGP-23-08-20-2-300x200.jpg 300w, https:\/\/digital58.com.ve\/site\/wp-content\/uploads\/2020\/08\/Miguel-Oliveira-MotoGP-23-08-20-2-768x512.jpg 768w, https:\/\/digital58.com.ve\/site\/wp-content\/uploads\/2020\/08\/Miguel-Oliveira-MotoGP-23-08-20-2-720x480.jpg 720w, https:\/\/digital58.com.ve\/site\/wp-content\/uploads\/2020\/08\/Miguel-Oliveira-MotoGP-23-08-20-2-480x320.jpg 480w\" sizes=\"auto, (max-width: 1000px) 100vw, 1000px\" \/><\/a><\/p>\n<p>El portugu\u00e9s Miguel Oliveira (KTM RC 16) consigui\u00f3 para Portugal la primera victoria en la categor\u00eda reina del mundial de motociclismo al imponerse en el Gran Premio de Estiria de MotoGP en el circuito Red Bull Ring de Spielberg por delante del australiano Jack Miller (Ducati Desmosedici GP20) y del espa\u00f1ol Pol Espargar\u00f3 (KTM RC 16).<\/p>\n<p><strong>Internacionales, 23 de agosto de 2020 (ND58).-<\/strong> Joan Mir (Suzuki GSX RR) sorprendi\u00f3 a todos sus rivales en la salida, en particular a Pol Espargar\u00f3 (KTM RC 16), autor del mejor tiempo de entrenamientos, que en la curva cuatro se toc\u00f3 con otro rival y no pudo mantener la segunda plaza, mientras que el de Suzuki se sali\u00f3 fuera del circuito ampliamente y fue sancionado con la p\u00e9rdida de una posici\u00f3n.<\/p>\n<p>El australiano Jack Miller (Ducati Desmosedici GP20) se puso entonces l\u00edder de la carrera por delante de Joan Mir y con el japon\u00e9s Takaaki Nakagami (Honda RC 213 V) en la tercera posici\u00f3n y Pol Espargar\u00f3 tras ellos.<\/p>\n<p>Atr\u00e1s del todo, el franc\u00e9s Johann Zarco (Ducati Desmosedici GP19) tuvo que cumplir con su penalizaci\u00f3n de salir desde la calle de talleres para intentar remontar a lo largo de las 28 vueltas a las que estaba programada la carrera de MotoGP y pronto demostr\u00f3 sus intenciones al conseguir la primera vuelta r\u00e1pida de carrera.<\/p>\n<p>Miller aguant\u00f3 el tipo en cabeza de carrera, a pesar de las molestias en el hombro tras su ca\u00edda de entrenamientos, seguido estrechamente por Mir y Nakagami, pero pr\u00e1cticamente con todo el grupo principal en fila india, aunque con el l\u00edder del mundial, el franc\u00e9s Fabio Quartararo (Yamaha YZR M 1), sufriendo y con problemas en la decimotercera posici\u00f3n.<\/p>\n<p>En el quinto giro Joan Mir super\u00f3 a Jack Miller con una nueva vuelta r\u00e1pida de carrera para tomar unos metros de ventaja sobre Miller y Nakagami, con Pol Espargar\u00f3 y Alex Rins (Suzuki GSX RR) un poco m\u00e1s atr\u00e1s.<\/p>\n<p>El piloto de Suzuki fue consolidando poco a poco su primera posici\u00f3n, lo que le permiti\u00f3 contar con una ventaja de casi dos segundos pasado el ecuador de la carrera respecto a Miller y Nakagami, que se fueron adelantando constantemente en su pelea por la segunda plaza, mientras que m\u00e1s atr\u00e1s se las ten\u00edan \u00abtiesas\u00bb los espa\u00f1oles Pol Espargar\u00f3 y Alex Rins y m\u00e1s atr\u00e1s el surafricano Brad Binder (KTM RC 16) recuperaba posiciones a pasos agigantados desde la decimocuarta plaza inicial en la salida.<\/p>\n<p>Pero en la decimosexta vuelta de carrera Maverick Vi\u00f1ales, con muchos problemas durante toda la carrera, se tuvo que tirar de su moto en la curva uno, con grav\u00edsimos problemas de los frenos delanteros, para evitar el brutal impacto que su moto tuvo contra las defensas de aire, que reventaron como consecuencia del mismo y la moto comenz\u00f3 a arder.<\/p>\n<p>La detenci\u00f3n de la carrera se hizo inevitable cuando Joan Mir contaba con casi dos segundos de ventaja, para su disgusto, y con todos los pilotos regresando a sus talleres para preparar una segunda salida para completar doce vueltas m\u00e1s.<\/p>\n<p>No fall\u00f3 tampoco en la segunda salida Joan Mir, que sali\u00f3 como una exhalaci\u00f3n con Miller pegado a su rebufo y Pol Espargar\u00f3 en la tercera plaza, por delante de dos KTM m\u00e1s, las del portugu\u00e9s Miguel Oliveira y el surafricano Brad Binder.<\/p>\n<p>Antes de cumplirse la primera vuelta Miller ya se hab\u00eda puesto l\u00edder al ser uno de los pocos que cambi\u00f3 de compuesto de neum\u00e1ticos para la segunda salida y montar neum\u00e1ticos blandos, mientras que Joan Mir llevaba el compuesto intermedio en ambos ejes, aunque usados ya anteriormente.<\/p>\n<p>Nadie pudo escapar del control de sus rivales y aunque Miller se mantuvo l\u00edder, por detr\u00e1s Pol Espargar\u00f3 super\u00f3 a Joan Mir para intentar alcanzar al australiano.<\/p>\n<p>Por detr\u00e1s, el franc\u00e9s Zarco se vio beneficiado por la bandera roja para salir detr\u00e1s pero ya pegado a sus rivales y enseguida comenz\u00f3 a recuperar posiciones para ponerse en la zona de puntos (decimocuarto), antes de cumplirse el ecuador de la segunda carrera.<\/p>\n<p>En el polo opuesto se encontr\u00f3 Joan Mir, que tuvo la primera victoria de MotoGP al alcance de su mano, pero en la segunda carrera su rendimiento no fue el mismo y poco a poco se fue alejando de las posiciones de podio, adelantado por Espargar\u00f3, que se puso al rebufo de la moto de Miller a seis vueltas del final, y tambi\u00e9n por Miguel Oliveira, pero todos en un pa\u00f1uelo.<\/p>\n<p>A menos de seis vueltas para el final Pol Espargar\u00f3 super\u00f3 a Jack Miller en la curva nueve pero cinco pilotos estaban en la pelea por la victoria al estar tras ellos Miguel Oliveira, Joan Mir y el italiano Andrea Dovizioso (Ducati Desmosedici GP20).<\/p>\n<p>Mir y Dovizioso se quedaron descolgados de la pelea y por delante Pol Espargar\u00f3 intent\u00f3 mantener la primera posici\u00f3n pero la pelea que mantuvo con Jack Miller en la \u00faltima vuelta, con varios adelantamientos entre ellos y algunos toques, acab\u00f3 beneficiando al portugu\u00e9s Oliveira, que los super\u00f3 a ambos en la \u00faltima curva.<\/p>\n<p>El rendimiento de las Yamaha nuevamente cuestionado y con el italiano Valentino Rossi como el mejor de sus representantes en una discreta novena posici\u00f3n, con el franc\u00e9s Fabio Quartararo decimotercero y el tambi\u00e9n italiano Franco Morbidelli decimoquinto.<\/p>\n<p>Tras el podio de Oliveira, Miller y Espargar\u00f3, en la cuarta plaza se coloc\u00f3 Joan Mir, con Alex Rins sexto, Iker Lecuona (KTM RC 16) d\u00e9cimo, Aleix Espargar\u00f3 (Aprilia RS-GP) duod\u00e9cimo, Alex M\u00e1rquez (Repsol Honda RC 213 V), decimosexto y Tito Rabat (Ducati Desmosedici GP19) en la vig\u00e9simo primera posici\u00f3n.<\/p><div class=\"hfvem69f3d25eef266\" ><p style=\"text-align: center;\"><a href=\"https:\/\/t.me\/noticiasdigital58\" target=\"_blank\" rel=\"noopener\"><img class=\"aligncenter size-full wp-image-125363\" src=\"https:\/\/digital58.com.ve\/site\/wp-content\/uploads\/2021\/04\/banner-telegram-web-2021.png\" alt=\"\" width=\"600\" height=\"90\" \/><\/a><\/p><\/div><style type=\"text\/css\">\r\n@media screen and (min-width: 1201px) {\r\n.hfvem69f3d25eef266 {\r\ndisplay: block;\r\n}\r\n}\r\n@media screen and (min-width: 993px) and (max-width: 1200px) {\r\n.hfvem69f3d25eef266 {\r\ndisplay: block;\r\n}\r\n}\r\n@media screen and (min-width: 769px) and (max-width: 992px) {\r\n.hfvem69f3d25eef266 {\r\ndisplay: block;\r\n}\r\n}\r\n@media screen and (min-width: 768px) and (max-width: 768px) {\r\n.hfvem69f3d25eef266 {\r\ndisplay: block;\r\n}\r\n}\r\n@media screen and (max-width: 767px) {\r\n.hfvem69f3d25eef266 {\r\ndisplay: block;\r\n}\r\n}\r\n<\/style>\r\n\n<p><strong>Redacci\u00f3n ND58 | Fuente: EFE<\/strong><br \/>\n<strong>Edici\u00f3n: Villasmil, Henry<\/strong><br \/>\n<strong>Gr\u00e1fica: EFE<\/strong><\/p>\n<div style=\"margin-top: 0px; margin-bottom: 0px;\" class=\"sharethis-inline-share-buttons\" ><\/div>","protected":false},"excerpt":{"rendered":"<p>El portugu\u00e9s Miguel Oliveira (KTM RC 16) consigui\u00f3 para Portugal la primera victoria en la categor\u00eda reina del mundial de<\/p>\n","protected":false},"author":1,"featured_media":123990,"comment_status":"open","ping_status":"closed","sticky":false,"template":"","format":"standard","meta":{"colormag_page_container_layout":"default_layout","colormag_page_sidebar_layout":"default_layout","_uag_custom_page_level_css":"","footnotes":""},"categories":[5402],"tags":[237,17400,8,20744,4716,11405,5483,14509],"class_list":["post-123984","post","type-post","status-publish","format-standard","has-post-thumbnail","hentry","category-deportes","tag-austria","tag-gran-premio-de-estiria","tag-internacionales","tag-miguel-oliveira","tag-motociclismo","tag-motociclismo-internacional","tag-motogp","tag-motogp-2020"],"yoast_head":"<!-- This site is optimized with the Yoast SEO plugin v27.5 - https:\/\/yoast.com\/product\/yoast-seo-wordpress\/ -->\n<title>Miguel Oliveira da a Portugal su primera victoria en MotoGP<\/title>\n<meta name=\"description\" content=\"Deportes\" \/>\n<meta name=\"robots\" content=\"index, follow, max-snippet:-1, max-image-preview:large, max-video-preview:-1\" \/>\n<link rel=\"canonical\" href=\"https:\/\/digital58.com.ve\/site\/2020\/08\/23\/miguel-oliveira-da-a-portugal-su-primera-victoria-en-motogp\/\" \/>\n<meta property=\"og:locale\" content=\"es_ES\" \/>\n<meta property=\"og:type\" content=\"article\" \/>\n<meta property=\"og:title\" content=\"Miguel Oliveira da a Portugal su primera victoria en MotoGP\" \/>\n<meta property=\"og:description\" content=\"Deportes\" \/>\n<meta property=\"og:url\" content=\"https:\/\/digital58.com.ve\/site\/2020\/08\/23\/miguel-oliveira-da-a-portugal-su-primera-victoria-en-motogp\/\" \/>\n<meta property=\"og:site_name\" content=\"Noticias Digital58\" \/>\n<meta property=\"article:published_time\" content=\"2020-08-23T22:17:52+00:00\" \/>\n<meta property=\"article:modified_time\" content=\"2020-08-23T22:18:34+00:00\" \/>\n<meta property=\"og:image\" content=\"https:\/\/digital58.com.ve\/site\/wp-content\/uploads\/2020\/08\/Miguel-Oliveira-MotoGP-23-08-20.jpg\" \/>\n\t<meta property=\"og:image:width\" content=\"1000\" \/>\n\t<meta property=\"og:image:height\" content=\"667\" \/>\n\t<meta property=\"og:image:type\" content=\"image\/jpeg\" \/>\n<meta name=\"author\" content=\"Villasmil Henry\" \/>\n<meta name=\"twitter:card\" content=\"summary_large_image\" \/>\n<meta name=\"twitter:creator\" content=\"@https:\/\/twitter.com\/villasmilhfoto\" \/>\n<meta name=\"twitter:site\" content=\"@villasmilhfoto\" \/>\n<meta name=\"twitter:label1\" content=\"Escrito por\" \/>\n\t<meta name=\"twitter:data1\" content=\"Villasmil Henry\" \/>\n\t<meta name=\"twitter:label2\" content=\"Tiempo estimado de lectura\" \/>\n\t<meta name=\"twitter:data2\" content=\"5 minutos\" \/>\n<script type=\"application\/ld+json\" class=\"yoast-schema-graph\">{\"@context\":\"https:\\\/\\\/schema.org\",\"@graph\":[{\"@type\":\"Article\",\"@id\":\"https:\\\/\\\/digital58.com.ve\\\/site\\\/2020\\\/08\\\/23\\\/miguel-oliveira-da-a-portugal-su-primera-victoria-en-motogp\\\/#article\",\"isPartOf\":{\"@id\":\"https:\\\/\\\/digital58.com.ve\\\/site\\\/2020\\\/08\\\/23\\\/miguel-oliveira-da-a-portugal-su-primera-victoria-en-motogp\\\/\"},\"author\":{\"name\":\"Villasmil Henry\",\"@id\":\"https:\\\/\\\/digital58.com.ve\\\/site\\\/#\\\/schema\\\/person\\\/64d1c2e4d0d4fd1b849980c4331c2951\"},\"headline\":\"Miguel Oliveira da a Portugal su primera victoria en MotoGP\",\"datePublished\":\"2020-08-23T22:17:52+00:00\",\"dateModified\":\"2020-08-23T22:18:34+00:00\",\"mainEntityOfPage\":{\"@id\":\"https:\\\/\\\/digital58.com.ve\\\/site\\\/2020\\\/08\\\/23\\\/miguel-oliveira-da-a-portugal-su-primera-victoria-en-motogp\\\/\"},\"wordCount\":987,\"commentCount\":0,\"publisher\":{\"@id\":\"https:\\\/\\\/digital58.com.ve\\\/site\\\/#\\\/schema\\\/person\\\/64d1c2e4d0d4fd1b849980c4331c2951\"},\"image\":{\"@id\":\"https:\\\/\\\/digital58.com.ve\\\/site\\\/2020\\\/08\\\/23\\\/miguel-oliveira-da-a-portugal-su-primera-victoria-en-motogp\\\/#primaryimage\"},\"thumbnailUrl\":\"https:\\\/\\\/digital58.com.ve\\\/site\\\/wp-content\\\/uploads\\\/2020\\\/08\\\/Miguel-Oliveira-MotoGP-23-08-20.jpg\",\"keywords\":[\"Austria\",\"Gran Premio de Estiria\",\"Internacionales\",\"Miguel Oliveira\",\"Motociclismo\",\"Motociclismo Internacional\",\"MotoGP\",\"MotoGP 2020\"],\"articleSection\":[\"Deportes\"],\"inLanguage\":\"es\",\"potentialAction\":[{\"@type\":\"CommentAction\",\"name\":\"Comment\",\"target\":[\"https:\\\/\\\/digital58.com.ve\\\/site\\\/2020\\\/08\\\/23\\\/miguel-oliveira-da-a-portugal-su-primera-victoria-en-motogp\\\/#respond\"]}]},{\"@type\":\"WebPage\",\"@id\":\"https:\\\/\\\/digital58.com.ve\\\/site\\\/2020\\\/08\\\/23\\\/miguel-oliveira-da-a-portugal-su-primera-victoria-en-motogp\\\/\",\"url\":\"https:\\\/\\\/digital58.com.ve\\\/site\\\/2020\\\/08\\\/23\\\/miguel-oliveira-da-a-portugal-su-primera-victoria-en-motogp\\\/\",\"name\":\"Miguel Oliveira da a Portugal su primera victoria en MotoGP\",\"isPartOf\":{\"@id\":\"https:\\\/\\\/digital58.com.ve\\\/site\\\/#website\"},\"primaryImageOfPage\":{\"@id\":\"https:\\\/\\\/digital58.com.ve\\\/site\\\/2020\\\/08\\\/23\\\/miguel-oliveira-da-a-portugal-su-primera-victoria-en-motogp\\\/#primaryimage\"},\"image\":{\"@id\":\"https:\\\/\\\/digital58.com.ve\\\/site\\\/2020\\\/08\\\/23\\\/miguel-oliveira-da-a-portugal-su-primera-victoria-en-motogp\\\/#primaryimage\"},\"thumbnailUrl\":\"https:\\\/\\\/digital58.com.ve\\\/site\\\/wp-content\\\/uploads\\\/2020\\\/08\\\/Miguel-Oliveira-MotoGP-23-08-20.jpg\",\"datePublished\":\"2020-08-23T22:17:52+00:00\",\"dateModified\":\"2020-08-23T22:18:34+00:00\",\"description\":\"Deportes\",\"breadcrumb\":{\"@id\":\"https:\\\/\\\/digital58.com.ve\\\/site\\\/2020\\\/08\\\/23\\\/miguel-oliveira-da-a-portugal-su-primera-victoria-en-motogp\\\/#breadcrumb\"},\"inLanguage\":\"es\",\"potentialAction\":[{\"@type\":\"ReadAction\",\"target\":[\"https:\\\/\\\/digital58.com.ve\\\/site\\\/2020\\\/08\\\/23\\\/miguel-oliveira-da-a-portugal-su-primera-victoria-en-motogp\\\/\"]}]},{\"@type\":\"ImageObject\",\"inLanguage\":\"es\",\"@id\":\"https:\\\/\\\/digital58.com.ve\\\/site\\\/2020\\\/08\\\/23\\\/miguel-oliveira-da-a-portugal-su-primera-victoria-en-motogp\\\/#primaryimage\",\"url\":\"https:\\\/\\\/digital58.com.ve\\\/site\\\/wp-content\\\/uploads\\\/2020\\\/08\\\/Miguel-Oliveira-MotoGP-23-08-20.jpg\",\"contentUrl\":\"https:\\\/\\\/digital58.com.ve\\\/site\\\/wp-content\\\/uploads\\\/2020\\\/08\\\/Miguel-Oliveira-MotoGP-23-08-20.jpg\",\"width\":800,\"height\":534},{\"@type\":\"BreadcrumbList\",\"@id\":\"https:\\\/\\\/digital58.com.ve\\\/site\\\/2020\\\/08\\\/23\\\/miguel-oliveira-da-a-portugal-su-primera-victoria-en-motogp\\\/#breadcrumb\",\"itemListElement\":[{\"@type\":\"ListItem\",\"position\":1,\"name\":\"Home\",\"item\":\"https:\\\/\\\/digital58.com.ve\\\/site\\\/\"},{\"@type\":\"ListItem\",\"position\":2,\"name\":\"Miguel Oliveira da a Portugal su primera victoria en MotoGP\"}]},{\"@type\":\"WebSite\",\"@id\":\"https:\\\/\\\/digital58.com.ve\\\/site\\\/#website\",\"url\":\"https:\\\/\\\/digital58.com.ve\\\/site\\\/\",\"name\":\"Noticias Digital58\",\"description\":\"Portal de Noticias \u00a1Periodismo web de verdad! Lanzamiento web 22.11.2005 \\\/ Maracaibo, Venezuela\",\"publisher\":{\"@id\":\"https:\\\/\\\/digital58.com.ve\\\/site\\\/#\\\/schema\\\/person\\\/64d1c2e4d0d4fd1b849980c4331c2951\"},\"alternateName\":\"ND58\",\"potentialAction\":[{\"@type\":\"SearchAction\",\"target\":{\"@type\":\"EntryPoint\",\"urlTemplate\":\"https:\\\/\\\/digital58.com.ve\\\/site\\\/?s={search_term_string}\"},\"query-input\":{\"@type\":\"PropertyValueSpecification\",\"valueRequired\":true,\"valueName\":\"search_term_string\"}}],\"inLanguage\":\"es\"},{\"@type\":[\"Person\",\"Organization\"],\"@id\":\"https:\\\/\\\/digital58.com.ve\\\/site\\\/#\\\/schema\\\/person\\\/64d1c2e4d0d4fd1b849980c4331c2951\",\"name\":\"Villasmil Henry\",\"image\":{\"@type\":\"ImageObject\",\"inLanguage\":\"es\",\"@id\":\"https:\\\/\\\/secure.gravatar.com\\\/avatar\\\/bb0c4a2fcb7970138239f7e404ea75757b1b507b28b5ce4c53fbd62d797c5a7c?s=96&d=mm&r=g\",\"url\":\"https:\\\/\\\/secure.gravatar.com\\\/avatar\\\/bb0c4a2fcb7970138239f7e404ea75757b1b507b28b5ce4c53fbd62d797c5a7c?s=96&d=mm&r=g\",\"contentUrl\":\"https:\\\/\\\/secure.gravatar.com\\\/avatar\\\/bb0c4a2fcb7970138239f7e404ea75757b1b507b28b5ce4c53fbd62d797c5a7c?s=96&d=mm&r=g\",\"caption\":\"Villasmil Henry\"},\"logo\":{\"@id\":\"https:\\\/\\\/secure.gravatar.com\\\/avatar\\\/bb0c4a2fcb7970138239f7e404ea75757b1b507b28b5ce4c53fbd62d797c5a7c?s=96&d=mm&r=g\"},\"sameAs\":[\"http:\\\/\\\/www.henryvillasmil.com.ve\",\"https:\\\/\\\/www.instagram.com\\\/villasmilhfoto\\\/\",\"https:\\\/\\\/x.com\\\/https:\\\/\\\/twitter.com\\\/villasmilhfoto\"],\"url\":\"https:\\\/\\\/digital58.com.ve\\\/site\\\/author\\\/droopy_68\\\/\"}]}<\/script>\n<!-- \/ Yoast SEO plugin. -->","yoast_head_json":{"title":"Miguel Oliveira da a Portugal su primera victoria en MotoGP","description":"Deportes","robots":{"index":"index","follow":"follow","max-snippet":"max-snippet:-1","max-image-preview":"max-image-preview:large","max-video-preview":"max-video-preview:-1"},"canonical":"https:\/\/digital58.com.ve\/site\/2020\/08\/23\/miguel-oliveira-da-a-portugal-su-primera-victoria-en-motogp\/","og_locale":"es_ES","og_type":"article","og_title":"Miguel Oliveira da a Portugal su primera victoria en MotoGP","og_description":"Deportes","og_url":"https:\/\/digital58.com.ve\/site\/2020\/08\/23\/miguel-oliveira-da-a-portugal-su-primera-victoria-en-motogp\/","og_site_name":"Noticias Digital58","article_published_time":"2020-08-23T22:17:52+00:00","article_modified_time":"2020-08-23T22:18:34+00:00","og_image":[{"width":1000,"height":667,"url":"https:\/\/digital58.com.ve\/site\/wp-content\/uploads\/2020\/08\/Miguel-Oliveira-MotoGP-23-08-20.jpg","type":"image\/jpeg"}],"author":"Villasmil Henry","twitter_card":"summary_large_image","twitter_creator":"@https:\/\/twitter.com\/villasmilhfoto","twitter_site":"@villasmilhfoto","twitter_misc":{"Escrito por":"Villasmil Henry","Tiempo estimado de lectura":"5 minutos"},"schema":{"@context":"https:\/\/schema.org","@graph":[{"@type":"Article","@id":"https:\/\/digital58.com.ve\/site\/2020\/08\/23\/miguel-oliveira-da-a-portugal-su-primera-victoria-en-motogp\/#article","isPartOf":{"@id":"https:\/\/digital58.com.ve\/site\/2020\/08\/23\/miguel-oliveira-da-a-portugal-su-primera-victoria-en-motogp\/"},"author":{"name":"Villasmil Henry","@id":"https:\/\/digital58.com.ve\/site\/#\/schema\/person\/64d1c2e4d0d4fd1b849980c4331c2951"},"headline":"Miguel Oliveira da a Portugal su primera victoria en MotoGP","datePublished":"2020-08-23T22:17:52+00:00","dateModified":"2020-08-23T22:18:34+00:00","mainEntityOfPage":{"@id":"https:\/\/digital58.com.ve\/site\/2020\/08\/23\/miguel-oliveira-da-a-portugal-su-primera-victoria-en-motogp\/"},"wordCount":987,"commentCount":0,"publisher":{"@id":"https:\/\/digital58.com.ve\/site\/#\/schema\/person\/64d1c2e4d0d4fd1b849980c4331c2951"},"image":{"@id":"https:\/\/digital58.com.ve\/site\/2020\/08\/23\/miguel-oliveira-da-a-portugal-su-primera-victoria-en-motogp\/#primaryimage"},"thumbnailUrl":"https:\/\/digital58.com.ve\/site\/wp-content\/uploads\/2020\/08\/Miguel-Oliveira-MotoGP-23-08-20.jpg","keywords":["Austria","Gran Premio de Estiria","Internacionales","Miguel Oliveira","Motociclismo","Motociclismo Internacional","MotoGP","MotoGP 2020"],"articleSection":["Deportes"],"inLanguage":"es","potentialAction":[{"@type":"CommentAction","name":"Comment","target":["https:\/\/digital58.com.ve\/site\/2020\/08\/23\/miguel-oliveira-da-a-portugal-su-primera-victoria-en-motogp\/#respond"]}]},{"@type":"WebPage","@id":"https:\/\/digital58.com.ve\/site\/2020\/08\/23\/miguel-oliveira-da-a-portugal-su-primera-victoria-en-motogp\/","url":"https:\/\/digital58.com.ve\/site\/2020\/08\/23\/miguel-oliveira-da-a-portugal-su-primera-victoria-en-motogp\/","name":"Miguel Oliveira da a Portugal su primera victoria en MotoGP","isPartOf":{"@id":"https:\/\/digital58.com.ve\/site\/#website"},"primaryImageOfPage":{"@id":"https:\/\/digital58.com.ve\/site\/2020\/08\/23\/miguel-oliveira-da-a-portugal-su-primera-victoria-en-motogp\/#primaryimage"},"image":{"@id":"https:\/\/digital58.com.ve\/site\/2020\/08\/23\/miguel-oliveira-da-a-portugal-su-primera-victoria-en-motogp\/#primaryimage"},"thumbnailUrl":"https:\/\/digital58.com.ve\/site\/wp-content\/uploads\/2020\/08\/Miguel-Oliveira-MotoGP-23-08-20.jpg","datePublished":"2020-08-23T22:17:52+00:00","dateModified":"2020-08-23T22:18:34+00:00","description":"Deportes","breadcrumb":{"@id":"https:\/\/digital58.com.ve\/site\/2020\/08\/23\/miguel-oliveira-da-a-portugal-su-primera-victoria-en-motogp\/#breadcrumb"},"inLanguage":"es","potentialAction":[{"@type":"ReadAction","target":["https:\/\/digital58.com.ve\/site\/2020\/08\/23\/miguel-oliveira-da-a-portugal-su-primera-victoria-en-motogp\/"]}]},{"@type":"ImageObject","inLanguage":"es","@id":"https:\/\/digital58.com.ve\/site\/2020\/08\/23\/miguel-oliveira-da-a-portugal-su-primera-victoria-en-motogp\/#primaryimage","url":"https:\/\/digital58.com.ve\/site\/wp-content\/uploads\/2020\/08\/Miguel-Oliveira-MotoGP-23-08-20.jpg","contentUrl":"https:\/\/digital58.com.ve\/site\/wp-content\/uploads\/2020\/08\/Miguel-Oliveira-MotoGP-23-08-20.jpg","width":800,"height":534},{"@type":"BreadcrumbList","@id":"https:\/\/digital58.com.ve\/site\/2020\/08\/23\/miguel-oliveira-da-a-portugal-su-primera-victoria-en-motogp\/#breadcrumb","itemListElement":[{"@type":"ListItem","position":1,"name":"Home","item":"https:\/\/digital58.com.ve\/site\/"},{"@type":"ListItem","position":2,"name":"Miguel Oliveira da a Portugal su primera victoria en MotoGP"}]},{"@type":"WebSite","@id":"https:\/\/digital58.com.ve\/site\/#website","url":"https:\/\/digital58.com.ve\/site\/","name":"Noticias Digital58","description":"Portal de Noticias \u00a1Periodismo web de verdad! Lanzamiento web 22.11.2005 \/ Maracaibo, Venezuela","publisher":{"@id":"https:\/\/digital58.com.ve\/site\/#\/schema\/person\/64d1c2e4d0d4fd1b849980c4331c2951"},"alternateName":"ND58","potentialAction":[{"@type":"SearchAction","target":{"@type":"EntryPoint","urlTemplate":"https:\/\/digital58.com.ve\/site\/?s={search_term_string}"},"query-input":{"@type":"PropertyValueSpecification","valueRequired":true,"valueName":"search_term_string"}}],"inLanguage":"es"},{"@type":["Person","Organization"],"@id":"https:\/\/digital58.com.ve\/site\/#\/schema\/person\/64d1c2e4d0d4fd1b849980c4331c2951","name":"Villasmil Henry","image":{"@type":"ImageObject","inLanguage":"es","@id":"https:\/\/secure.gravatar.com\/avatar\/bb0c4a2fcb7970138239f7e404ea75757b1b507b28b5ce4c53fbd62d797c5a7c?s=96&d=mm&r=g","url":"https:\/\/secure.gravatar.com\/avatar\/bb0c4a2fcb7970138239f7e404ea75757b1b507b28b5ce4c53fbd62d797c5a7c?s=96&d=mm&r=g","contentUrl":"https:\/\/secure.gravatar.com\/avatar\/bb0c4a2fcb7970138239f7e404ea75757b1b507b28b5ce4c53fbd62d797c5a7c?s=96&d=mm&r=g","caption":"Villasmil Henry"},"logo":{"@id":"https:\/\/secure.gravatar.com\/avatar\/bb0c4a2fcb7970138239f7e404ea75757b1b507b28b5ce4c53fbd62d797c5a7c?s=96&d=mm&r=g"},"sameAs":["http:\/\/www.henryvillasmil.com.ve","https:\/\/www.instagram.com\/villasmilhfoto\/","https:\/\/x.com\/https:\/\/twitter.com\/villasmilhfoto"],"url":"https:\/\/digital58.com.ve\/site\/author\/droopy_68\/"}]}},"uagb_featured_image_src":{"full":["https:\/\/digital58.com.ve\/site\/wp-content\/uploads\/2020\/08\/Miguel-Oliveira-MotoGP-23-08-20.jpg",800,534,false],"thumbnail":["https:\/\/digital58.com.ve\/site\/wp-content\/uploads\/2020\/08\/Miguel-Oliveira-MotoGP-23-08-20-150x150.jpg",150,150,true],"medium":["https:\/\/digital58.com.ve\/site\/wp-content\/uploads\/2020\/08\/Miguel-Oliveira-MotoGP-23-08-20-300x200.jpg",300,200,true],"medium_large":["https:\/\/digital58.com.ve\/site\/wp-content\/uploads\/2020\/08\/Miguel-Oliveira-MotoGP-23-08-20-768x512.jpg",768,512,true],"large":["https:\/\/digital58.com.ve\/site\/wp-content\/uploads\/2020\/08\/Miguel-Oliveira-MotoGP-23-08-20.jpg",800,534,false],"1536x1536":["https:\/\/digital58.com.ve\/site\/wp-content\/uploads\/2020\/08\/Miguel-Oliveira-MotoGP-23-08-20.jpg",800,534,false],"2048x2048":["https:\/\/digital58.com.ve\/site\/wp-content\/uploads\/2020\/08\/Miguel-Oliveira-MotoGP-23-08-20.jpg",800,534,false],"colormag-highlighted-post":["https:\/\/digital58.com.ve\/site\/wp-content\/uploads\/2020\/08\/Miguel-Oliveira-MotoGP-23-08-20.jpg",392,262,false],"colormag-featured-post-medium":["https:\/\/digital58.com.ve\/site\/wp-content\/uploads\/2020\/08\/Miguel-Oliveira-MotoGP-23-08-20.jpg",307,205,false],"colormag-featured-post-small":["https:\/\/digital58.com.ve\/site\/wp-content\/uploads\/2020\/08\/Miguel-Oliveira-MotoGP-23-08-20.jpg",130,87,false],"colormag-featured-image":["https:\/\/digital58.com.ve\/site\/wp-content\/uploads\/2020\/08\/Miguel-Oliveira-MotoGP-23-08-20.jpg",667,445,false],"colormag-default-news":["https:\/\/digital58.com.ve\/site\/wp-content\/uploads\/2020\/08\/Miguel-Oliveira-MotoGP-23-08-20.jpg",150,100,false],"colormag-featured-image-large":["https:\/\/digital58.com.ve\/site\/wp-content\/uploads\/2020\/08\/Miguel-Oliveira-MotoGP-23-08-20.jpg",800,534,false]},"uagb_author_info":{"display_name":"Villasmil Henry","author_link":"https:\/\/digital58.com.ve\/site\/author\/droopy_68\/"},"uagb_comment_info":0,"uagb_excerpt":"El portugu\u00e9s Miguel Oliveira (KTM RC 16) consigui\u00f3 para Portugal la primera victoria en la categor\u00eda reina del mundial de","_links":{"self":[{"href":"https:\/\/digital58.com.ve\/site\/wp-json\/wp\/v2\/posts\/123984","targetHints":{"allow":["GET"]}}],"collection":[{"href":"https:\/\/digital58.com.ve\/site\/wp-json\/wp\/v2\/posts"}],"about":[{"href":"https:\/\/digital58.com.ve\/site\/wp-json\/wp\/v2\/types\/post"}],"author":[{"embeddable":true,"href":"https:\/\/digital58.com.ve\/site\/wp-json\/wp\/v2\/users\/1"}],"replies":[{"embeddable":true,"href":"https:\/\/digital58.com.ve\/site\/wp-json\/wp\/v2\/comments?post=123984"}],"version-history":[{"count":0,"href":"https:\/\/digital58.com.ve\/site\/wp-json\/wp\/v2\/posts\/123984\/revisions"}],"wp:featuredmedia":[{"embeddable":true,"href":"https:\/\/digital58.com.ve\/site\/wp-json\/wp\/v2\/media\/123990"}],"wp:attachment":[{"href":"https:\/\/digital58.com.ve\/site\/wp-json\/wp\/v2\/media?parent=123984"}],"wp:term":[{"taxonomy":"category","embeddable":true,"href":"https:\/\/digital58.com.ve\/site\/wp-json\/wp\/v2\/categories?post=123984"},{"taxonomy":"post_tag","embeddable":true,"href":"https:\/\/digital58.com.ve\/site\/wp-json\/wp\/v2\/tags?post=123984"}],"curies":[{"name":"wp","href":"https:\/\/api.w.org\/{rel}","templated":true}]}}