{"id":124138,"date":"2020-08-24T16:35:06","date_gmt":"2020-08-24T20:35:06","guid":{"rendered":"https:\/\/digital58.com.ve\/site\/?p=124138"},"modified":"2020-08-24T16:35:06","modified_gmt":"2020-08-24T20:35:06","slug":"lukashenko-presiona-al-consejo-opositor-con-detencion-de-dos-de-sus-miembros","status":"publish","type":"post","link":"https:\/\/digital58.com.ve\/site\/2020\/08\/24\/lukashenko-presiona-al-consejo-opositor-con-detencion-de-dos-de-sus-miembros\/","title":{"rendered":"Lukashenko presiona al Consejo opositor con detenci\u00f3n de dos de sus miembros"},"content":{"rendered":"<p><a href=\"https:\/\/digital58.com.ve\/site\/wp-content\/uploads\/2020\/08\/Alexandr-Lukashenko.jpg\"><img loading=\"lazy\" decoding=\"async\" class=\"aligncenter size-full wp-image-124139\" src=\"https:\/\/digital58.com.ve\/site\/wp-content\/uploads\/2020\/08\/Alexandr-Lukashenko.jpg\" alt=\"\" width=\"1000\" height=\"567\" srcset=\"https:\/\/digital58.com.ve\/site\/wp-content\/uploads\/2020\/08\/Alexandr-Lukashenko.jpg 800w, https:\/\/digital58.com.ve\/site\/wp-content\/uploads\/2020\/08\/Alexandr-Lukashenko-300x170.jpg 300w, https:\/\/digital58.com.ve\/site\/wp-content\/uploads\/2020\/08\/Alexandr-Lukashenko-768x435.jpg 768w\" sizes=\"auto, (max-width: 1000px) 100vw, 1000px\" \/><\/a><\/p>\n<p>Las autoridades bielorrusas detuvieron hoy a dos miembros del Consejo coordinador opositor, cuya l\u00edder, Svetlana Tijan\u00f3vskaya, mantuvo por primera vez consultas en el exilio con representantes de Estados Unidos.<\/p>\n<p><strong>Internacionales, 24 de agosto de 2020 (ND58).-<\/strong> Seg\u00fan inform\u00f3 la oposici\u00f3n, la opositora Olga Kovalkova y el sindicalista Sergu\u00e9i Dilevski son acusados de organizar acciones masivas no autorizadas en la f\u00e1brica de tractores de Minsk, en referencia a sus llamamientos a la huelga contra el presidente, Alexandr Lukashenko.<\/p>\n<p>Ambos son miembros del presidium del Consejo coordinador creado por la oposici\u00f3n bielorrusa para el traspaso pac\u00edfico del poder y contra el que la Fiscal\u00eda abri\u00f3 la pasada semana una causa penal por intentar tomar el poder en el pa\u00eds.<\/p>\n<h2>Dialogo sin Lukashenko<\/h2>\n<p>Kovalkova, una de las opositoras m\u00e1s activas desde el exilio en Lituania de su l\u00edder, asegur\u00f3 a Efe dos d\u00edas antes de su detenci\u00f3n de que \u00abes una cuesti\u00f3n de tiempo que la oposici\u00f3n gane al pulso a Lukashenko\u00bb.<\/p>\n<p>\u00abDe Lukashenko no esperamos nada. Nunca demostr\u00f3 la capacidad o la voluntad de dialogar con su pueblo. Mientras no se vaya, los bielorrusos seguir\u00e1n protestanto pac\u00edficamente\u00bb, dijo en una conversaci\u00f3n telef\u00f3nica.<\/p>\n<p>Kovalkova asegur\u00f3 que la oposici\u00f3n s\u00ed conf\u00eda en \u00abmuchos altos funcionarios\u00bb que tambi\u00e9n trabajan en el sistema, \u00abtoman decisiones\u00bb desde hace muchos a\u00f1os y \u00abentienden lo que pasa\u00bb.<\/p>\n<p>\u00abInstamos al sistema a abrir un di\u00e1logo a todos los niveles, federal y local\u00bb, precis\u00f3.<\/p>\n<p>Advierte de que, si ese di\u00e1logo no prospera, la crisis se agravar\u00e1, tanto pol\u00edtica como econ\u00f3micamente, las compa\u00f1\u00edas extranjeras dejar\u00e1n de operar en el pa\u00eds y las huelgas convertir\u00e1n en insostenible el sistema erigido por Lukashenko desde que asumiera el poder en 1994.<\/p>\n<p>\u00abY la responsabilidad recaer\u00e1 exclusivamente en Lukashenko\u00bb, dijo la opositora, que fue trasladada hoy al centro de reclusi\u00f3n de Okrestina, tr\u00e1gicamente conocido por los abusos y torturas a los detenidos en las protestas postelectorales.<\/p>\n<h3>Citaci\u00f3n a la nobel de literatura<\/h3>\n<p>Adem\u00e1s, el Comit\u00e9 de Instrucci\u00f3n cit\u00f3 hoy la premio Nobel de Literatura, Svetlana Alexi\u00e9vich, en el marco del caso penal por la creaci\u00f3n del Consejo coordinador de la oposici\u00f3n.<\/p>\n<p>Alexi\u00e9vich, una de los siete miembros del Consejo y conocida desde hace muchos a\u00f1os por sus cr\u00edticas lacerantes a Lukashenko, comunic\u00f3 que acudir\u00e1 el viernes a declarar.<\/p>\n<p>Por motivos de salud, la escritora apenas ha participado en las labores del Consejo, aunque apoy\u00f3 desde el primer momento las protestas antigubernamentales.<\/p>\n<p>Tambi\u00e9n fueron citados hoy la jurista Lilia Vl\u00e1sova, que estuvo declarando durante cuatro horas, y P\u00e1vel Latushko, antiguo ministro de Cultura (2009-12) que fue despedido como director del Teatro Acad\u00e9mico Nacional por apoyar las protestas.<\/p>\n<p>Al respecto, Kovalkova reconoci\u00f3 que algunos miembros del Consejo hab\u00edan abandonado sus filas debido a las presiones del Gobierno.<\/p>\n<p>\u00abNada cambia. Seguimos luchando por un Estado democr\u00e1tico que respete a sus ciudadanos. Las autoridades han perdido la confianza del pueblo\u00bb, se\u00f1al\u00f3.<\/p>\n<p>E insisti\u00f3 en que el Consejo fue creado para superar la crisis respetando en todo momento la legislaci\u00f3n nacional y garantizando la concordia en la sociedad, no para revertir el orden constitucional.<\/p>\n<p>\u00abSomos una plataforma para el di\u00e1logo entre la sociedad y las autoridades. No somos un Gobierno paralelo, como dice Lukashenko\u00bb, se\u00f1al\u00f3.<\/p>\n<p><strong>Tijan\u00f3vskaya consulta con EEUU<\/strong><\/p>\n<p>Mientras, Tijan\u00f3vskaya se reuni\u00f3 en Vilna con el subsecretario de Estado norteamericano, Stephen Biegun, al que agradeci\u00f3 el apoyo de Estados Unidos al pueblo bielorruso y a sus demandas de cambio democr\u00e1tico.<\/p>\n<p>Tijan\u00f3vskaya explic\u00f3 a Biegun que las elecciones presidenciales del pasado 9 de agosto, en las que fue reelegido Lukashenko con m\u00e1s del 80 % de los votos, seg\u00fan la Comisi\u00f3n Electoral Central, no fueron \u00abni libres ni justas\u00bb.<\/p>\n<p>\u00abLukashenko no cuenta con el apoyo ni del pueblo bielorruso ni de la comunidad internacional. Cada d\u00eda que \u00e9l se niega a aceptar la voluntad de su pueblo s\u00f3lo prolonga y agrava la crisis\u00bb, afirm\u00f3.<\/p>\n<p>La opositora subray\u00f3 que sus partidarios est\u00e1n abiertos el di\u00e1logo y abogan por un \u00abarreglo pac\u00edfico\u00bb a la crisis que estall\u00f3 con las multitudinarias protestas postelectorales.<\/p>\n<p>\u00abEstamos abiertos a una mediaci\u00f3n de organizaciones internacionales para facilitar el di\u00e1logo. Tambi\u00e9n demandamos la investigaci\u00f3n imparcial de los cr\u00edmenes cometidos por las autoridades de Bielorrusia contra su pueblo\u00bb, dijo.<\/p>\n<p>Adem\u00e1s, llam\u00f3 a todas las potencias a respetar la soberan\u00eda e integridad territorial de Bielorrusia.<\/p>\n<p>\u00abS\u00f3lo el pueblo de Bielorrusia decidir\u00e1 su futuro en unas elecciones nuevas, justas y libres\u00bb, recalc\u00f3.<\/p>\n<h4>EEUU contra la injerencia exterior<\/h4>\n<p>Por su parte, Biegun conden\u00f3 la violaci\u00f3n de los derechos humanos y el uso de la fuerza contra la poblaci\u00f3n en Bielorrusia en las \u00faltimas semanas, al tiempo que pidi\u00f3 la liberaci\u00f3n de todos los presos pol\u00edticos.<\/p>\n<p>Biegun agreg\u00f3 que, pese a dicha condena, Washington no tiene intenci\u00f3n de interferir en los asuntos internos del pa\u00eds dirigido con mano de hierro desde hace 26 a\u00f1os por Lukashenko.<\/p>\n<p>\u00abEEUU no puede y no piensa determinar los acontecimientos en Bielorrusia. Eso es un derecho de los bielorrusos\u00bb, subray\u00f3.<\/p>\n<p>El funcionario estadounidense se mostr\u00f3 impresionado por la figura de Tijan\u00f3vskaya y consider\u00f3 justificada su popularidad en su pa\u00eds.<\/p>\n<p>\u00abEl objetivo del encuentro era escuchar qu\u00e9 es lo que piensan los habitantes de Bielorrusia y ver qu\u00e9 es lo que est\u00e1 haciendo para obtener el derecho a elegir\u00bb, indic\u00f3.<\/p>\n<p>Biegun tiene previsto abordar ma\u00f1ana marte, en Mosc\u00fa la situaci\u00f3n en Bielorrusia con el ministro de Exteriores ruso, Sergu\u00e9i Lavrov.<\/p>\n<p>Seg\u00fan inform\u00f3 el embajador de EEUU en Mosc\u00fa, John Sullivan, Biegun se propone manifestar a Lavrov que es inadmisible la injerencia rusa en los asuntos de la vecina Bielorrusia.<\/p>\n<p>Mientras, el Kremlin y la Canciller\u00eda rusa expresaron hoy su preocupaci\u00f3n por la interferencia en Bielorrusia, en clara alusi\u00f3n a Occidente, a quien acusan de intentar lavar una cu\u00f1a entre Mosc\u00fa y Minsk.<\/p>\n<p>\u00abSeguimos preocupados por algunas manifestaciones directas e indirectas de injerencia externa en los asuntos bielorrusos. Esto es inaceptable\u00bb, afirm\u00f3 en una rueda de prensa el portavoz del Kremlin, Dmitri Peskov.<\/p><div class=\"xdbri69f1feddb6a06\" ><p style=\"text-align: center;\"><a href=\"https:\/\/t.me\/noticiasdigital58\" target=\"_blank\" rel=\"noopener\"><img class=\"aligncenter size-full wp-image-125363\" src=\"https:\/\/digital58.com.ve\/site\/wp-content\/uploads\/2021\/04\/banner-telegram-web-2021.png\" alt=\"\" width=\"600\" height=\"90\" \/><\/a><\/p><\/div><style type=\"text\/css\">\r\n@media screen and (min-width: 1201px) {\r\n.xdbri69f1feddb6a06 {\r\ndisplay: block;\r\n}\r\n}\r\n@media screen and (min-width: 993px) and (max-width: 1200px) {\r\n.xdbri69f1feddb6a06 {\r\ndisplay: block;\r\n}\r\n}\r\n@media screen and (min-width: 769px) and (max-width: 992px) {\r\n.xdbri69f1feddb6a06 {\r\ndisplay: block;\r\n}\r\n}\r\n@media screen and (min-width: 768px) and (max-width: 768px) {\r\n.xdbri69f1feddb6a06 {\r\ndisplay: block;\r\n}\r\n}\r\n@media screen and (max-width: 767px) {\r\n.xdbri69f1feddb6a06 {\r\ndisplay: block;\r\n}\r\n}\r\n<\/style>\r\n\n<p><strong>Redacci\u00f3n ND58 | Fuente: EFE<\/strong><br \/>\n<strong>Edici\u00f3n: Villasmil, Henry<\/strong><br \/>\n<strong>Gr\u00e1fica: EFE<\/strong><\/p>\n<div style=\"margin-top: 0px; margin-bottom: 0px;\" class=\"sharethis-inline-share-buttons\" ><\/div>","protected":false},"excerpt":{"rendered":"<p>Las autoridades bielorrusas detuvieron hoy a dos miembros del Consejo coordinador opositor, cuya l\u00edder, Svetlana Tijan\u00f3vskaya, mantuvo por primera vez<\/p>\n","protected":false},"author":1,"featured_media":124139,"comment_status":"open","ping_status":"closed","sticky":false,"template":"","format":"standard","meta":{"colormag_page_container_layout":"default_layout","colormag_page_sidebar_layout":"default_layout","_uag_custom_page_level_css":"","footnotes":""},"categories":[16451],"tags":[20120,4897,14402,8,4296],"class_list":["post-124138","post","type-post","status-publish","format-standard","has-post-thumbnail","hentry","category-mundo","tag-alexandr-lukashenko","tag-bielorrusia","tag-crisis-politica","tag-internacionales","tag-protestas"],"yoast_head":"<!-- This site is optimized with the Yoast SEO plugin v27.5 - https:\/\/yoast.com\/product\/yoast-seo-wordpress\/ -->\n<title>Lukashenko presiona al Consejo opositor con detenci\u00f3n de dos de sus miembros<\/title>\n<meta name=\"description\" content=\"Mundo\" \/>\n<meta name=\"robots\" content=\"index, follow, max-snippet:-1, max-image-preview:large, max-video-preview:-1\" \/>\n<link rel=\"canonical\" href=\"https:\/\/digital58.com.ve\/site\/2020\/08\/24\/lukashenko-presiona-al-consejo-opositor-con-detencion-de-dos-de-sus-miembros\/\" \/>\n<meta property=\"og:locale\" content=\"es_ES\" \/>\n<meta property=\"og:type\" content=\"article\" \/>\n<meta property=\"og:title\" content=\"Lukashenko presiona al Consejo opositor con detenci\u00f3n de dos de sus miembros\" \/>\n<meta property=\"og:description\" content=\"Mundo\" \/>\n<meta property=\"og:url\" content=\"https:\/\/digital58.com.ve\/site\/2020\/08\/24\/lukashenko-presiona-al-consejo-opositor-con-detencion-de-dos-de-sus-miembros\/\" \/>\n<meta property=\"og:site_name\" content=\"Noticias Digital58\" \/>\n<meta property=\"article:published_time\" content=\"2020-08-24T20:35:06+00:00\" \/>\n<meta property=\"og:image\" content=\"https:\/\/digital58.com.ve\/site\/wp-content\/uploads\/2020\/08\/Alexandr-Lukashenko.jpg\" \/>\n\t<meta property=\"og:image:width\" content=\"1000\" \/>\n\t<meta property=\"og:image:height\" content=\"567\" \/>\n\t<meta property=\"og:image:type\" content=\"image\/jpeg\" \/>\n<meta name=\"author\" content=\"Villasmil Henry\" \/>\n<meta name=\"twitter:card\" content=\"summary_large_image\" \/>\n<meta name=\"twitter:creator\" content=\"@https:\/\/twitter.com\/villasmilhfoto\" \/>\n<meta name=\"twitter:site\" content=\"@villasmilhfoto\" \/>\n<meta name=\"twitter:label1\" content=\"Escrito por\" \/>\n\t<meta name=\"twitter:data1\" content=\"Villasmil Henry\" \/>\n\t<meta name=\"twitter:label2\" content=\"Tiempo estimado de lectura\" \/>\n\t<meta name=\"twitter:data2\" content=\"5 minutos\" \/>\n<script type=\"application\/ld+json\" class=\"yoast-schema-graph\">{\"@context\":\"https:\\\/\\\/schema.org\",\"@graph\":[{\"@type\":\"Article\",\"@id\":\"https:\\\/\\\/digital58.com.ve\\\/site\\\/2020\\\/08\\\/24\\\/lukashenko-presiona-al-consejo-opositor-con-detencion-de-dos-de-sus-miembros\\\/#article\",\"isPartOf\":{\"@id\":\"https:\\\/\\\/digital58.com.ve\\\/site\\\/2020\\\/08\\\/24\\\/lukashenko-presiona-al-consejo-opositor-con-detencion-de-dos-de-sus-miembros\\\/\"},\"author\":{\"name\":\"Villasmil Henry\",\"@id\":\"https:\\\/\\\/digital58.com.ve\\\/site\\\/#\\\/schema\\\/person\\\/64d1c2e4d0d4fd1b849980c4331c2951\"},\"headline\":\"Lukashenko presiona al Consejo opositor con detenci\u00f3n de dos de sus miembros\",\"datePublished\":\"2020-08-24T20:35:06+00:00\",\"mainEntityOfPage\":{\"@id\":\"https:\\\/\\\/digital58.com.ve\\\/site\\\/2020\\\/08\\\/24\\\/lukashenko-presiona-al-consejo-opositor-con-detencion-de-dos-de-sus-miembros\\\/\"},\"wordCount\":1081,\"commentCount\":0,\"publisher\":{\"@id\":\"https:\\\/\\\/digital58.com.ve\\\/site\\\/#\\\/schema\\\/person\\\/64d1c2e4d0d4fd1b849980c4331c2951\"},\"image\":{\"@id\":\"https:\\\/\\\/digital58.com.ve\\\/site\\\/2020\\\/08\\\/24\\\/lukashenko-presiona-al-consejo-opositor-con-detencion-de-dos-de-sus-miembros\\\/#primaryimage\"},\"thumbnailUrl\":\"https:\\\/\\\/digital58.com.ve\\\/site\\\/wp-content\\\/uploads\\\/2020\\\/08\\\/Alexandr-Lukashenko.jpg\",\"keywords\":[\"Alexandr Lukashenko\",\"Bielorrusia\",\"Crisis pol\u00edtica\",\"Internacionales\",\"Protestas\"],\"articleSection\":[\"Mundo\"],\"inLanguage\":\"es\",\"potentialAction\":[{\"@type\":\"CommentAction\",\"name\":\"Comment\",\"target\":[\"https:\\\/\\\/digital58.com.ve\\\/site\\\/2020\\\/08\\\/24\\\/lukashenko-presiona-al-consejo-opositor-con-detencion-de-dos-de-sus-miembros\\\/#respond\"]}]},{\"@type\":\"WebPage\",\"@id\":\"https:\\\/\\\/digital58.com.ve\\\/site\\\/2020\\\/08\\\/24\\\/lukashenko-presiona-al-consejo-opositor-con-detencion-de-dos-de-sus-miembros\\\/\",\"url\":\"https:\\\/\\\/digital58.com.ve\\\/site\\\/2020\\\/08\\\/24\\\/lukashenko-presiona-al-consejo-opositor-con-detencion-de-dos-de-sus-miembros\\\/\",\"name\":\"Lukashenko presiona al Consejo opositor con detenci\u00f3n de dos de sus miembros\",\"isPartOf\":{\"@id\":\"https:\\\/\\\/digital58.com.ve\\\/site\\\/#website\"},\"primaryImageOfPage\":{\"@id\":\"https:\\\/\\\/digital58.com.ve\\\/site\\\/2020\\\/08\\\/24\\\/lukashenko-presiona-al-consejo-opositor-con-detencion-de-dos-de-sus-miembros\\\/#primaryimage\"},\"image\":{\"@id\":\"https:\\\/\\\/digital58.com.ve\\\/site\\\/2020\\\/08\\\/24\\\/lukashenko-presiona-al-consejo-opositor-con-detencion-de-dos-de-sus-miembros\\\/#primaryimage\"},\"thumbnailUrl\":\"https:\\\/\\\/digital58.com.ve\\\/site\\\/wp-content\\\/uploads\\\/2020\\\/08\\\/Alexandr-Lukashenko.jpg\",\"datePublished\":\"2020-08-24T20:35:06+00:00\",\"description\":\"Mundo\",\"breadcrumb\":{\"@id\":\"https:\\\/\\\/digital58.com.ve\\\/site\\\/2020\\\/08\\\/24\\\/lukashenko-presiona-al-consejo-opositor-con-detencion-de-dos-de-sus-miembros\\\/#breadcrumb\"},\"inLanguage\":\"es\",\"potentialAction\":[{\"@type\":\"ReadAction\",\"target\":[\"https:\\\/\\\/digital58.com.ve\\\/site\\\/2020\\\/08\\\/24\\\/lukashenko-presiona-al-consejo-opositor-con-detencion-de-dos-de-sus-miembros\\\/\"]}]},{\"@type\":\"ImageObject\",\"inLanguage\":\"es\",\"@id\":\"https:\\\/\\\/digital58.com.ve\\\/site\\\/2020\\\/08\\\/24\\\/lukashenko-presiona-al-consejo-opositor-con-detencion-de-dos-de-sus-miembros\\\/#primaryimage\",\"url\":\"https:\\\/\\\/digital58.com.ve\\\/site\\\/wp-content\\\/uploads\\\/2020\\\/08\\\/Alexandr-Lukashenko.jpg\",\"contentUrl\":\"https:\\\/\\\/digital58.com.ve\\\/site\\\/wp-content\\\/uploads\\\/2020\\\/08\\\/Alexandr-Lukashenko.jpg\",\"width\":800,\"height\":454},{\"@type\":\"BreadcrumbList\",\"@id\":\"https:\\\/\\\/digital58.com.ve\\\/site\\\/2020\\\/08\\\/24\\\/lukashenko-presiona-al-consejo-opositor-con-detencion-de-dos-de-sus-miembros\\\/#breadcrumb\",\"itemListElement\":[{\"@type\":\"ListItem\",\"position\":1,\"name\":\"Home\",\"item\":\"https:\\\/\\\/digital58.com.ve\\\/site\\\/\"},{\"@type\":\"ListItem\",\"position\":2,\"name\":\"Lukashenko presiona al Consejo opositor con detenci\u00f3n de dos de sus miembros\"}]},{\"@type\":\"WebSite\",\"@id\":\"https:\\\/\\\/digital58.com.ve\\\/site\\\/#website\",\"url\":\"https:\\\/\\\/digital58.com.ve\\\/site\\\/\",\"name\":\"Noticias Digital58\",\"description\":\"Portal de Noticias \u00a1Periodismo web de verdad! Lanzamiento web 22.11.2005 \\\/ Maracaibo, Venezuela\",\"publisher\":{\"@id\":\"https:\\\/\\\/digital58.com.ve\\\/site\\\/#\\\/schema\\\/person\\\/64d1c2e4d0d4fd1b849980c4331c2951\"},\"alternateName\":\"ND58\",\"potentialAction\":[{\"@type\":\"SearchAction\",\"target\":{\"@type\":\"EntryPoint\",\"urlTemplate\":\"https:\\\/\\\/digital58.com.ve\\\/site\\\/?s={search_term_string}\"},\"query-input\":{\"@type\":\"PropertyValueSpecification\",\"valueRequired\":true,\"valueName\":\"search_term_string\"}}],\"inLanguage\":\"es\"},{\"@type\":[\"Person\",\"Organization\"],\"@id\":\"https:\\\/\\\/digital58.com.ve\\\/site\\\/#\\\/schema\\\/person\\\/64d1c2e4d0d4fd1b849980c4331c2951\",\"name\":\"Villasmil Henry\",\"image\":{\"@type\":\"ImageObject\",\"inLanguage\":\"es\",\"@id\":\"https:\\\/\\\/secure.gravatar.com\\\/avatar\\\/bb0c4a2fcb7970138239f7e404ea75757b1b507b28b5ce4c53fbd62d797c5a7c?s=96&d=mm&r=g\",\"url\":\"https:\\\/\\\/secure.gravatar.com\\\/avatar\\\/bb0c4a2fcb7970138239f7e404ea75757b1b507b28b5ce4c53fbd62d797c5a7c?s=96&d=mm&r=g\",\"contentUrl\":\"https:\\\/\\\/secure.gravatar.com\\\/avatar\\\/bb0c4a2fcb7970138239f7e404ea75757b1b507b28b5ce4c53fbd62d797c5a7c?s=96&d=mm&r=g\",\"caption\":\"Villasmil Henry\"},\"logo\":{\"@id\":\"https:\\\/\\\/secure.gravatar.com\\\/avatar\\\/bb0c4a2fcb7970138239f7e404ea75757b1b507b28b5ce4c53fbd62d797c5a7c?s=96&d=mm&r=g\"},\"sameAs\":[\"http:\\\/\\\/www.henryvillasmil.com.ve\",\"https:\\\/\\\/www.instagram.com\\\/villasmilhfoto\\\/\",\"https:\\\/\\\/x.com\\\/https:\\\/\\\/twitter.com\\\/villasmilhfoto\"],\"url\":\"https:\\\/\\\/digital58.com.ve\\\/site\\\/author\\\/droopy_68\\\/\"}]}<\/script>\n<!-- \/ Yoast SEO plugin. -->","yoast_head_json":{"title":"Lukashenko presiona al Consejo opositor con detenci\u00f3n de dos de sus miembros","description":"Mundo","robots":{"index":"index","follow":"follow","max-snippet":"max-snippet:-1","max-image-preview":"max-image-preview:large","max-video-preview":"max-video-preview:-1"},"canonical":"https:\/\/digital58.com.ve\/site\/2020\/08\/24\/lukashenko-presiona-al-consejo-opositor-con-detencion-de-dos-de-sus-miembros\/","og_locale":"es_ES","og_type":"article","og_title":"Lukashenko presiona al Consejo opositor con detenci\u00f3n de dos de sus miembros","og_description":"Mundo","og_url":"https:\/\/digital58.com.ve\/site\/2020\/08\/24\/lukashenko-presiona-al-consejo-opositor-con-detencion-de-dos-de-sus-miembros\/","og_site_name":"Noticias Digital58","article_published_time":"2020-08-24T20:35:06+00:00","og_image":[{"width":1000,"height":567,"url":"https:\/\/digital58.com.ve\/site\/wp-content\/uploads\/2020\/08\/Alexandr-Lukashenko.jpg","type":"image\/jpeg"}],"author":"Villasmil Henry","twitter_card":"summary_large_image","twitter_creator":"@https:\/\/twitter.com\/villasmilhfoto","twitter_site":"@villasmilhfoto","twitter_misc":{"Escrito por":"Villasmil Henry","Tiempo estimado de lectura":"5 minutos"},"schema":{"@context":"https:\/\/schema.org","@graph":[{"@type":"Article","@id":"https:\/\/digital58.com.ve\/site\/2020\/08\/24\/lukashenko-presiona-al-consejo-opositor-con-detencion-de-dos-de-sus-miembros\/#article","isPartOf":{"@id":"https:\/\/digital58.com.ve\/site\/2020\/08\/24\/lukashenko-presiona-al-consejo-opositor-con-detencion-de-dos-de-sus-miembros\/"},"author":{"name":"Villasmil Henry","@id":"https:\/\/digital58.com.ve\/site\/#\/schema\/person\/64d1c2e4d0d4fd1b849980c4331c2951"},"headline":"Lukashenko presiona al Consejo opositor con detenci\u00f3n de dos de sus miembros","datePublished":"2020-08-24T20:35:06+00:00","mainEntityOfPage":{"@id":"https:\/\/digital58.com.ve\/site\/2020\/08\/24\/lukashenko-presiona-al-consejo-opositor-con-detencion-de-dos-de-sus-miembros\/"},"wordCount":1081,"commentCount":0,"publisher":{"@id":"https:\/\/digital58.com.ve\/site\/#\/schema\/person\/64d1c2e4d0d4fd1b849980c4331c2951"},"image":{"@id":"https:\/\/digital58.com.ve\/site\/2020\/08\/24\/lukashenko-presiona-al-consejo-opositor-con-detencion-de-dos-de-sus-miembros\/#primaryimage"},"thumbnailUrl":"https:\/\/digital58.com.ve\/site\/wp-content\/uploads\/2020\/08\/Alexandr-Lukashenko.jpg","keywords":["Alexandr Lukashenko","Bielorrusia","Crisis pol\u00edtica","Internacionales","Protestas"],"articleSection":["Mundo"],"inLanguage":"es","potentialAction":[{"@type":"CommentAction","name":"Comment","target":["https:\/\/digital58.com.ve\/site\/2020\/08\/24\/lukashenko-presiona-al-consejo-opositor-con-detencion-de-dos-de-sus-miembros\/#respond"]}]},{"@type":"WebPage","@id":"https:\/\/digital58.com.ve\/site\/2020\/08\/24\/lukashenko-presiona-al-consejo-opositor-con-detencion-de-dos-de-sus-miembros\/","url":"https:\/\/digital58.com.ve\/site\/2020\/08\/24\/lukashenko-presiona-al-consejo-opositor-con-detencion-de-dos-de-sus-miembros\/","name":"Lukashenko presiona al Consejo opositor con detenci\u00f3n de dos de sus miembros","isPartOf":{"@id":"https:\/\/digital58.com.ve\/site\/#website"},"primaryImageOfPage":{"@id":"https:\/\/digital58.com.ve\/site\/2020\/08\/24\/lukashenko-presiona-al-consejo-opositor-con-detencion-de-dos-de-sus-miembros\/#primaryimage"},"image":{"@id":"https:\/\/digital58.com.ve\/site\/2020\/08\/24\/lukashenko-presiona-al-consejo-opositor-con-detencion-de-dos-de-sus-miembros\/#primaryimage"},"thumbnailUrl":"https:\/\/digital58.com.ve\/site\/wp-content\/uploads\/2020\/08\/Alexandr-Lukashenko.jpg","datePublished":"2020-08-24T20:35:06+00:00","description":"Mundo","breadcrumb":{"@id":"https:\/\/digital58.com.ve\/site\/2020\/08\/24\/lukashenko-presiona-al-consejo-opositor-con-detencion-de-dos-de-sus-miembros\/#breadcrumb"},"inLanguage":"es","potentialAction":[{"@type":"ReadAction","target":["https:\/\/digital58.com.ve\/site\/2020\/08\/24\/lukashenko-presiona-al-consejo-opositor-con-detencion-de-dos-de-sus-miembros\/"]}]},{"@type":"ImageObject","inLanguage":"es","@id":"https:\/\/digital58.com.ve\/site\/2020\/08\/24\/lukashenko-presiona-al-consejo-opositor-con-detencion-de-dos-de-sus-miembros\/#primaryimage","url":"https:\/\/digital58.com.ve\/site\/wp-content\/uploads\/2020\/08\/Alexandr-Lukashenko.jpg","contentUrl":"https:\/\/digital58.com.ve\/site\/wp-content\/uploads\/2020\/08\/Alexandr-Lukashenko.jpg","width":800,"height":454},{"@type":"BreadcrumbList","@id":"https:\/\/digital58.com.ve\/site\/2020\/08\/24\/lukashenko-presiona-al-consejo-opositor-con-detencion-de-dos-de-sus-miembros\/#breadcrumb","itemListElement":[{"@type":"ListItem","position":1,"name":"Home","item":"https:\/\/digital58.com.ve\/site\/"},{"@type":"ListItem","position":2,"name":"Lukashenko presiona al Consejo opositor con detenci\u00f3n de dos de sus miembros"}]},{"@type":"WebSite","@id":"https:\/\/digital58.com.ve\/site\/#website","url":"https:\/\/digital58.com.ve\/site\/","name":"Noticias Digital58","description":"Portal de Noticias \u00a1Periodismo web de verdad! Lanzamiento web 22.11.2005 \/ Maracaibo, Venezuela","publisher":{"@id":"https:\/\/digital58.com.ve\/site\/#\/schema\/person\/64d1c2e4d0d4fd1b849980c4331c2951"},"alternateName":"ND58","potentialAction":[{"@type":"SearchAction","target":{"@type":"EntryPoint","urlTemplate":"https:\/\/digital58.com.ve\/site\/?s={search_term_string}"},"query-input":{"@type":"PropertyValueSpecification","valueRequired":true,"valueName":"search_term_string"}}],"inLanguage":"es"},{"@type":["Person","Organization"],"@id":"https:\/\/digital58.com.ve\/site\/#\/schema\/person\/64d1c2e4d0d4fd1b849980c4331c2951","name":"Villasmil Henry","image":{"@type":"ImageObject","inLanguage":"es","@id":"https:\/\/secure.gravatar.com\/avatar\/bb0c4a2fcb7970138239f7e404ea75757b1b507b28b5ce4c53fbd62d797c5a7c?s=96&d=mm&r=g","url":"https:\/\/secure.gravatar.com\/avatar\/bb0c4a2fcb7970138239f7e404ea75757b1b507b28b5ce4c53fbd62d797c5a7c?s=96&d=mm&r=g","contentUrl":"https:\/\/secure.gravatar.com\/avatar\/bb0c4a2fcb7970138239f7e404ea75757b1b507b28b5ce4c53fbd62d797c5a7c?s=96&d=mm&r=g","caption":"Villasmil Henry"},"logo":{"@id":"https:\/\/secure.gravatar.com\/avatar\/bb0c4a2fcb7970138239f7e404ea75757b1b507b28b5ce4c53fbd62d797c5a7c?s=96&d=mm&r=g"},"sameAs":["http:\/\/www.henryvillasmil.com.ve","https:\/\/www.instagram.com\/villasmilhfoto\/","https:\/\/x.com\/https:\/\/twitter.com\/villasmilhfoto"],"url":"https:\/\/digital58.com.ve\/site\/author\/droopy_68\/"}]}},"uagb_featured_image_src":{"full":["https:\/\/digital58.com.ve\/site\/wp-content\/uploads\/2020\/08\/Alexandr-Lukashenko.jpg",800,454,false],"thumbnail":["https:\/\/digital58.com.ve\/site\/wp-content\/uploads\/2020\/08\/Alexandr-Lukashenko-150x150.jpg",150,150,true],"medium":["https:\/\/digital58.com.ve\/site\/wp-content\/uploads\/2020\/08\/Alexandr-Lukashenko-300x170.jpg",300,170,true],"medium_large":["https:\/\/digital58.com.ve\/site\/wp-content\/uploads\/2020\/08\/Alexandr-Lukashenko-768x435.jpg",768,435,true],"large":["https:\/\/digital58.com.ve\/site\/wp-content\/uploads\/2020\/08\/Alexandr-Lukashenko.jpg",800,454,false],"1536x1536":["https:\/\/digital58.com.ve\/site\/wp-content\/uploads\/2020\/08\/Alexandr-Lukashenko.jpg",800,454,false],"2048x2048":["https:\/\/digital58.com.ve\/site\/wp-content\/uploads\/2020\/08\/Alexandr-Lukashenko.jpg",800,454,false],"colormag-highlighted-post":["https:\/\/digital58.com.ve\/site\/wp-content\/uploads\/2020\/08\/Alexandr-Lukashenko.jpg",392,222,false],"colormag-featured-post-medium":["https:\/\/digital58.com.ve\/site\/wp-content\/uploads\/2020\/08\/Alexandr-Lukashenko.jpg",361,205,false],"colormag-featured-post-small":["https:\/\/digital58.com.ve\/site\/wp-content\/uploads\/2020\/08\/Alexandr-Lukashenko.jpg",130,74,false],"colormag-featured-image":["https:\/\/digital58.com.ve\/site\/wp-content\/uploads\/2020\/08\/Alexandr-Lukashenko.jpg",784,445,false],"colormag-default-news":["https:\/\/digital58.com.ve\/site\/wp-content\/uploads\/2020\/08\/Alexandr-Lukashenko.jpg",150,85,false],"colormag-featured-image-large":["https:\/\/digital58.com.ve\/site\/wp-content\/uploads\/2020\/08\/Alexandr-Lukashenko.jpg",800,454,false]},"uagb_author_info":{"display_name":"Villasmil Henry","author_link":"https:\/\/digital58.com.ve\/site\/author\/droopy_68\/"},"uagb_comment_info":0,"uagb_excerpt":"Las autoridades bielorrusas detuvieron hoy a dos miembros del Consejo coordinador opositor, cuya l\u00edder, Svetlana Tijan\u00f3vskaya, mantuvo por primera vez","_links":{"self":[{"href":"https:\/\/digital58.com.ve\/site\/wp-json\/wp\/v2\/posts\/124138","targetHints":{"allow":["GET"]}}],"collection":[{"href":"https:\/\/digital58.com.ve\/site\/wp-json\/wp\/v2\/posts"}],"about":[{"href":"https:\/\/digital58.com.ve\/site\/wp-json\/wp\/v2\/types\/post"}],"author":[{"embeddable":true,"href":"https:\/\/digital58.com.ve\/site\/wp-json\/wp\/v2\/users\/1"}],"replies":[{"embeddable":true,"href":"https:\/\/digital58.com.ve\/site\/wp-json\/wp\/v2\/comments?post=124138"}],"version-history":[{"count":0,"href":"https:\/\/digital58.com.ve\/site\/wp-json\/wp\/v2\/posts\/124138\/revisions"}],"wp:featuredmedia":[{"embeddable":true,"href":"https:\/\/digital58.com.ve\/site\/wp-json\/wp\/v2\/media\/124139"}],"wp:attachment":[{"href":"https:\/\/digital58.com.ve\/site\/wp-json\/wp\/v2\/media?parent=124138"}],"wp:term":[{"taxonomy":"category","embeddable":true,"href":"https:\/\/digital58.com.ve\/site\/wp-json\/wp\/v2\/categories?post=124138"},{"taxonomy":"post_tag","embeddable":true,"href":"https:\/\/digital58.com.ve\/site\/wp-json\/wp\/v2\/tags?post=124138"}],"curies":[{"name":"wp","href":"https:\/\/api.w.org\/{rel}","templated":true}]}}