{"id":124144,"date":"2020-08-24T16:55:53","date_gmt":"2020-08-24T20:55:53","guid":{"rendered":"https:\/\/digital58.com.ve\/site\/?p=124144"},"modified":"2020-08-24T16:55:53","modified_gmt":"2020-08-24T20:55:53","slug":"golpistas-en-mali-aclaran-que-no-hay-fechas-ni-nombres-sobre-la-transicion","status":"publish","type":"post","link":"https:\/\/digital58.com.ve\/site\/2020\/08\/24\/golpistas-en-mali-aclaran-que-no-hay-fechas-ni-nombres-sobre-la-transicion\/","title":{"rendered":"Golpistas en Mali aclaran que no hay fechas ni nombres sobre la transici\u00f3n"},"content":{"rendered":"<p><a href=\"https:\/\/digital58.com.ve\/site\/wp-content\/uploads\/2020\/08\/mali-24-08-20.jpg\"><img loading=\"lazy\" decoding=\"async\" class=\"aligncenter size-full wp-image-124145\" src=\"https:\/\/digital58.com.ve\/site\/wp-content\/uploads\/2020\/08\/mali-24-08-20.jpg\" alt=\"\" width=\"1000\" height=\"667\" srcset=\"https:\/\/digital58.com.ve\/site\/wp-content\/uploads\/2020\/08\/mali-24-08-20.jpg 800w, https:\/\/digital58.com.ve\/site\/wp-content\/uploads\/2020\/08\/mali-24-08-20-300x200.jpg 300w, https:\/\/digital58.com.ve\/site\/wp-content\/uploads\/2020\/08\/mali-24-08-20-768x512.jpg 768w, https:\/\/digital58.com.ve\/site\/wp-content\/uploads\/2020\/08\/mali-24-08-20-720x480.jpg 720w, https:\/\/digital58.com.ve\/site\/wp-content\/uploads\/2020\/08\/mali-24-08-20-480x320.jpg 480w\" sizes=\"auto, (max-width: 1000px) 100vw, 1000px\" \/><\/a><\/p>\n<p>Los militares malienses que se hicieron con el poder el pasado martes tras un golpe de estado aclararon hoy que no hay todav\u00eda ninguna decisi\u00f3n con respecto a la transici\u00f3n pol\u00edtica, ya sea en sus plazos o en los nombres que la van a encabezar.<\/p>\n<p><strong>Internacionales, 24 de agosto de 2020 (ND58).-<\/strong> El portavoz del Comit\u00e9 Nacional para la Salvaci\u00f3n del Pueblo (CNSP, \u00f3rgano creado por los golpistas), Ismael Wague, aclar\u00f3 hoy que \u00abtoda discusi\u00f3n sobre los plazos de la transici\u00f3n, su presidente y la formaci\u00f3n de gobierno se har\u00e1 entre malienses\u00bb, y cit\u00f3 a \u00abpartidos pol\u00edticos, sindicatos y sociedad civil\u00bb.<\/p>\n<p>Se refer\u00eda as\u00ed a la informaci\u00f3n filtrada en las \u00faltimas horas de eventuales negociaciones entre el CNSP y el equipo de mediaci\u00f3n de la Comunidad de Estados de \u00c1frica del Oeste (CEDEAO), que se encuentra en Bamako desde el s\u00e1bado para supuestamente hablar de esa transici\u00f3n.<\/p>\n<p>\u00abNo se ha hablado en ning\u00fan momento de un gobierno de mayor\u00eda militar\u00bb con la CEDEAO, a\u00f1adi\u00f3 Wague, saliendo as\u00ed al paso a las informaciones que apuntaban a los planes para un gobierno encabezado por un militar.<\/p>\n<p>Y como quiera que estos rumores circulan desde ayer en Bamako y est\u00e1n en todas las conversaciones, Wague quiso lanzar un mensaje para tranquilizar a la poblaci\u00f3n: \u00abConf\u00eden en nosotros (el CNSP) en esta transici\u00f3n dif\u00edcil\u00bb, concluy\u00f3.<\/p>\n<p>Pero en ning\u00fan momento explic\u00f3 concretamente cu\u00e1les est\u00e1n siendo los temas y los t\u00e9rminos de la discusi\u00f3n del CNSP con el equipo de la CEDEAO, organismo que el pasado jueves excluy\u00f3 a Mali de sus \u00f3rganos de decisi\u00f3n e impuso sanciones econ\u00f3micas sobre el pa\u00eds en castigo por el golpe.<\/p><div class=\"zpnyd69f2169c0793c\" ><p style=\"text-align: center;\"><a href=\"https:\/\/t.me\/noticiasdigital58\" target=\"_blank\" rel=\"noopener\"><img class=\"aligncenter size-full wp-image-125363\" src=\"https:\/\/digital58.com.ve\/site\/wp-content\/uploads\/2021\/04\/banner-telegram-web-2021.png\" alt=\"\" width=\"600\" height=\"90\" \/><\/a><\/p><\/div><style type=\"text\/css\">\r\n@media screen and (min-width: 1201px) {\r\n.zpnyd69f2169c0793c {\r\ndisplay: block;\r\n}\r\n}\r\n@media screen and (min-width: 993px) and (max-width: 1200px) {\r\n.zpnyd69f2169c0793c {\r\ndisplay: block;\r\n}\r\n}\r\n@media screen and (min-width: 769px) and (max-width: 992px) {\r\n.zpnyd69f2169c0793c {\r\ndisplay: block;\r\n}\r\n}\r\n@media screen and (min-width: 768px) and (max-width: 768px) {\r\n.zpnyd69f2169c0793c {\r\ndisplay: block;\r\n}\r\n}\r\n@media screen and (max-width: 767px) {\r\n.zpnyd69f2169c0793c {\r\ndisplay: block;\r\n}\r\n}\r\n<\/style>\r\n\n<p><strong>Redacci\u00f3n ND58 | Fuente: EFE<\/strong><br \/>\n<strong>Edici\u00f3n: Villasmil, Henry<\/strong><br \/>\n<strong>Gr\u00e1fica: EFE<\/strong><\/p>\n<div style=\"margin-top: 0px; margin-bottom: 0px;\" class=\"sharethis-inline-share-buttons\" ><\/div>","protected":false},"excerpt":{"rendered":"<p>Los militares malienses que se hicieron con el poder el pasado martes tras un golpe de estado aclararon hoy que<\/p>\n","protected":false},"author":1,"featured_media":124145,"comment_status":"open","ping_status":"closed","sticky":false,"template":"","format":"standard","meta":{"colormag_page_container_layout":"default_layout","colormag_page_sidebar_layout":"default_layout","_uag_custom_page_level_css":"","footnotes":""},"categories":[16451],"tags":[1162,20519,20587,20782,14402,16438,9434,20783,20518],"class_list":["post-124144","post","type-post","status-publish","format-standard","has-post-thumbnail","hentry","category-mundo","tag-africa","tag-africa-occidental","tag-cedeao","tag-cnsp","tag-crisis-politica","tag-golpe-de-estado","tag-internacionles","tag-ismael-wague","tag-mali"],"yoast_head":"<!-- This site is optimized with the Yoast SEO plugin v27.5 - https:\/\/yoast.com\/product\/yoast-seo-wordpress\/ -->\n<title>Golpistas en Mali aclaran que no hay fechas ni nombres sobre la transici\u00f3n<\/title>\n<meta name=\"description\" content=\"Mundo\" \/>\n<meta name=\"robots\" content=\"index, follow, max-snippet:-1, max-image-preview:large, max-video-preview:-1\" \/>\n<link rel=\"canonical\" href=\"https:\/\/digital58.com.ve\/site\/2020\/08\/24\/golpistas-en-mali-aclaran-que-no-hay-fechas-ni-nombres-sobre-la-transicion\/\" \/>\n<meta property=\"og:locale\" content=\"es_ES\" \/>\n<meta property=\"og:type\" content=\"article\" \/>\n<meta property=\"og:title\" content=\"Golpistas en Mali aclaran que no hay fechas ni nombres sobre la transici\u00f3n\" \/>\n<meta property=\"og:description\" content=\"Mundo\" \/>\n<meta property=\"og:url\" content=\"https:\/\/digital58.com.ve\/site\/2020\/08\/24\/golpistas-en-mali-aclaran-que-no-hay-fechas-ni-nombres-sobre-la-transicion\/\" \/>\n<meta property=\"og:site_name\" content=\"Noticias Digital58\" \/>\n<meta property=\"article:published_time\" content=\"2020-08-24T20:55:53+00:00\" \/>\n<meta property=\"og:image\" content=\"https:\/\/digital58.com.ve\/site\/wp-content\/uploads\/2020\/08\/mali-24-08-20.jpg\" \/>\n\t<meta property=\"og:image:width\" content=\"1000\" \/>\n\t<meta property=\"og:image:height\" content=\"667\" \/>\n\t<meta property=\"og:image:type\" content=\"image\/jpeg\" \/>\n<meta name=\"author\" content=\"Villasmil Henry\" \/>\n<meta name=\"twitter:card\" content=\"summary_large_image\" \/>\n<meta name=\"twitter:creator\" content=\"@https:\/\/twitter.com\/villasmilhfoto\" \/>\n<meta name=\"twitter:site\" content=\"@villasmilhfoto\" \/>\n<meta name=\"twitter:label1\" content=\"Escrito por\" \/>\n\t<meta name=\"twitter:data1\" content=\"Villasmil Henry\" \/>\n\t<meta name=\"twitter:label2\" content=\"Tiempo estimado de lectura\" \/>\n\t<meta name=\"twitter:data2\" content=\"2 minutos\" \/>\n<script type=\"application\/ld+json\" class=\"yoast-schema-graph\">{\"@context\":\"https:\\\/\\\/schema.org\",\"@graph\":[{\"@type\":\"Article\",\"@id\":\"https:\\\/\\\/digital58.com.ve\\\/site\\\/2020\\\/08\\\/24\\\/golpistas-en-mali-aclaran-que-no-hay-fechas-ni-nombres-sobre-la-transicion\\\/#article\",\"isPartOf\":{\"@id\":\"https:\\\/\\\/digital58.com.ve\\\/site\\\/2020\\\/08\\\/24\\\/golpistas-en-mali-aclaran-que-no-hay-fechas-ni-nombres-sobre-la-transicion\\\/\"},\"author\":{\"name\":\"Villasmil Henry\",\"@id\":\"https:\\\/\\\/digital58.com.ve\\\/site\\\/#\\\/schema\\\/person\\\/64d1c2e4d0d4fd1b849980c4331c2951\"},\"headline\":\"Golpistas en Mali aclaran que no hay fechas ni nombres sobre la transici\u00f3n\",\"datePublished\":\"2020-08-24T20:55:53+00:00\",\"mainEntityOfPage\":{\"@id\":\"https:\\\/\\\/digital58.com.ve\\\/site\\\/2020\\\/08\\\/24\\\/golpistas-en-mali-aclaran-que-no-hay-fechas-ni-nombres-sobre-la-transicion\\\/\"},\"wordCount\":326,\"commentCount\":0,\"publisher\":{\"@id\":\"https:\\\/\\\/digital58.com.ve\\\/site\\\/#\\\/schema\\\/person\\\/64d1c2e4d0d4fd1b849980c4331c2951\"},\"image\":{\"@id\":\"https:\\\/\\\/digital58.com.ve\\\/site\\\/2020\\\/08\\\/24\\\/golpistas-en-mali-aclaran-que-no-hay-fechas-ni-nombres-sobre-la-transicion\\\/#primaryimage\"},\"thumbnailUrl\":\"https:\\\/\\\/digital58.com.ve\\\/site\\\/wp-content\\\/uploads\\\/2020\\\/08\\\/mali-24-08-20.jpg\",\"keywords\":[\"\u00c1frica\",\"\u00c1frica Occidental\",\"CEDEAO\",\"CNSP\",\"Crisis pol\u00edtica\",\"Golpe de Estado\",\"Internacionles\",\"Ismael Wague\",\"Mali\"],\"articleSection\":[\"Mundo\"],\"inLanguage\":\"es\",\"potentialAction\":[{\"@type\":\"CommentAction\",\"name\":\"Comment\",\"target\":[\"https:\\\/\\\/digital58.com.ve\\\/site\\\/2020\\\/08\\\/24\\\/golpistas-en-mali-aclaran-que-no-hay-fechas-ni-nombres-sobre-la-transicion\\\/#respond\"]}]},{\"@type\":\"WebPage\",\"@id\":\"https:\\\/\\\/digital58.com.ve\\\/site\\\/2020\\\/08\\\/24\\\/golpistas-en-mali-aclaran-que-no-hay-fechas-ni-nombres-sobre-la-transicion\\\/\",\"url\":\"https:\\\/\\\/digital58.com.ve\\\/site\\\/2020\\\/08\\\/24\\\/golpistas-en-mali-aclaran-que-no-hay-fechas-ni-nombres-sobre-la-transicion\\\/\",\"name\":\"Golpistas en Mali aclaran que no hay fechas ni nombres sobre la transici\u00f3n\",\"isPartOf\":{\"@id\":\"https:\\\/\\\/digital58.com.ve\\\/site\\\/#website\"},\"primaryImageOfPage\":{\"@id\":\"https:\\\/\\\/digital58.com.ve\\\/site\\\/2020\\\/08\\\/24\\\/golpistas-en-mali-aclaran-que-no-hay-fechas-ni-nombres-sobre-la-transicion\\\/#primaryimage\"},\"image\":{\"@id\":\"https:\\\/\\\/digital58.com.ve\\\/site\\\/2020\\\/08\\\/24\\\/golpistas-en-mali-aclaran-que-no-hay-fechas-ni-nombres-sobre-la-transicion\\\/#primaryimage\"},\"thumbnailUrl\":\"https:\\\/\\\/digital58.com.ve\\\/site\\\/wp-content\\\/uploads\\\/2020\\\/08\\\/mali-24-08-20.jpg\",\"datePublished\":\"2020-08-24T20:55:53+00:00\",\"description\":\"Mundo\",\"breadcrumb\":{\"@id\":\"https:\\\/\\\/digital58.com.ve\\\/site\\\/2020\\\/08\\\/24\\\/golpistas-en-mali-aclaran-que-no-hay-fechas-ni-nombres-sobre-la-transicion\\\/#breadcrumb\"},\"inLanguage\":\"es\",\"potentialAction\":[{\"@type\":\"ReadAction\",\"target\":[\"https:\\\/\\\/digital58.com.ve\\\/site\\\/2020\\\/08\\\/24\\\/golpistas-en-mali-aclaran-que-no-hay-fechas-ni-nombres-sobre-la-transicion\\\/\"]}]},{\"@type\":\"ImageObject\",\"inLanguage\":\"es\",\"@id\":\"https:\\\/\\\/digital58.com.ve\\\/site\\\/2020\\\/08\\\/24\\\/golpistas-en-mali-aclaran-que-no-hay-fechas-ni-nombres-sobre-la-transicion\\\/#primaryimage\",\"url\":\"https:\\\/\\\/digital58.com.ve\\\/site\\\/wp-content\\\/uploads\\\/2020\\\/08\\\/mali-24-08-20.jpg\",\"contentUrl\":\"https:\\\/\\\/digital58.com.ve\\\/site\\\/wp-content\\\/uploads\\\/2020\\\/08\\\/mali-24-08-20.jpg\",\"width\":800,\"height\":534},{\"@type\":\"BreadcrumbList\",\"@id\":\"https:\\\/\\\/digital58.com.ve\\\/site\\\/2020\\\/08\\\/24\\\/golpistas-en-mali-aclaran-que-no-hay-fechas-ni-nombres-sobre-la-transicion\\\/#breadcrumb\",\"itemListElement\":[{\"@type\":\"ListItem\",\"position\":1,\"name\":\"Home\",\"item\":\"https:\\\/\\\/digital58.com.ve\\\/site\\\/\"},{\"@type\":\"ListItem\",\"position\":2,\"name\":\"Golpistas en Mali aclaran que no hay fechas ni nombres sobre la transici\u00f3n\"}]},{\"@type\":\"WebSite\",\"@id\":\"https:\\\/\\\/digital58.com.ve\\\/site\\\/#website\",\"url\":\"https:\\\/\\\/digital58.com.ve\\\/site\\\/\",\"name\":\"Noticias Digital58\",\"description\":\"Portal de Noticias \u00a1Periodismo web de verdad! Lanzamiento web 22.11.2005 \\\/ Maracaibo, Venezuela\",\"publisher\":{\"@id\":\"https:\\\/\\\/digital58.com.ve\\\/site\\\/#\\\/schema\\\/person\\\/64d1c2e4d0d4fd1b849980c4331c2951\"},\"alternateName\":\"ND58\",\"potentialAction\":[{\"@type\":\"SearchAction\",\"target\":{\"@type\":\"EntryPoint\",\"urlTemplate\":\"https:\\\/\\\/digital58.com.ve\\\/site\\\/?s={search_term_string}\"},\"query-input\":{\"@type\":\"PropertyValueSpecification\",\"valueRequired\":true,\"valueName\":\"search_term_string\"}}],\"inLanguage\":\"es\"},{\"@type\":[\"Person\",\"Organization\"],\"@id\":\"https:\\\/\\\/digital58.com.ve\\\/site\\\/#\\\/schema\\\/person\\\/64d1c2e4d0d4fd1b849980c4331c2951\",\"name\":\"Villasmil Henry\",\"image\":{\"@type\":\"ImageObject\",\"inLanguage\":\"es\",\"@id\":\"https:\\\/\\\/secure.gravatar.com\\\/avatar\\\/bb0c4a2fcb7970138239f7e404ea75757b1b507b28b5ce4c53fbd62d797c5a7c?s=96&d=mm&r=g\",\"url\":\"https:\\\/\\\/secure.gravatar.com\\\/avatar\\\/bb0c4a2fcb7970138239f7e404ea75757b1b507b28b5ce4c53fbd62d797c5a7c?s=96&d=mm&r=g\",\"contentUrl\":\"https:\\\/\\\/secure.gravatar.com\\\/avatar\\\/bb0c4a2fcb7970138239f7e404ea75757b1b507b28b5ce4c53fbd62d797c5a7c?s=96&d=mm&r=g\",\"caption\":\"Villasmil Henry\"},\"logo\":{\"@id\":\"https:\\\/\\\/secure.gravatar.com\\\/avatar\\\/bb0c4a2fcb7970138239f7e404ea75757b1b507b28b5ce4c53fbd62d797c5a7c?s=96&d=mm&r=g\"},\"sameAs\":[\"http:\\\/\\\/www.henryvillasmil.com.ve\",\"https:\\\/\\\/www.instagram.com\\\/villasmilhfoto\\\/\",\"https:\\\/\\\/x.com\\\/https:\\\/\\\/twitter.com\\\/villasmilhfoto\"],\"url\":\"https:\\\/\\\/digital58.com.ve\\\/site\\\/author\\\/droopy_68\\\/\"}]}<\/script>\n<!-- \/ Yoast SEO plugin. -->","yoast_head_json":{"title":"Golpistas en Mali aclaran que no hay fechas ni nombres sobre la transici\u00f3n","description":"Mundo","robots":{"index":"index","follow":"follow","max-snippet":"max-snippet:-1","max-image-preview":"max-image-preview:large","max-video-preview":"max-video-preview:-1"},"canonical":"https:\/\/digital58.com.ve\/site\/2020\/08\/24\/golpistas-en-mali-aclaran-que-no-hay-fechas-ni-nombres-sobre-la-transicion\/","og_locale":"es_ES","og_type":"article","og_title":"Golpistas en Mali aclaran que no hay fechas ni nombres sobre la transici\u00f3n","og_description":"Mundo","og_url":"https:\/\/digital58.com.ve\/site\/2020\/08\/24\/golpistas-en-mali-aclaran-que-no-hay-fechas-ni-nombres-sobre-la-transicion\/","og_site_name":"Noticias Digital58","article_published_time":"2020-08-24T20:55:53+00:00","og_image":[{"width":1000,"height":667,"url":"https:\/\/digital58.com.ve\/site\/wp-content\/uploads\/2020\/08\/mali-24-08-20.jpg","type":"image\/jpeg"}],"author":"Villasmil Henry","twitter_card":"summary_large_image","twitter_creator":"@https:\/\/twitter.com\/villasmilhfoto","twitter_site":"@villasmilhfoto","twitter_misc":{"Escrito por":"Villasmil Henry","Tiempo estimado de lectura":"2 minutos"},"schema":{"@context":"https:\/\/schema.org","@graph":[{"@type":"Article","@id":"https:\/\/digital58.com.ve\/site\/2020\/08\/24\/golpistas-en-mali-aclaran-que-no-hay-fechas-ni-nombres-sobre-la-transicion\/#article","isPartOf":{"@id":"https:\/\/digital58.com.ve\/site\/2020\/08\/24\/golpistas-en-mali-aclaran-que-no-hay-fechas-ni-nombres-sobre-la-transicion\/"},"author":{"name":"Villasmil Henry","@id":"https:\/\/digital58.com.ve\/site\/#\/schema\/person\/64d1c2e4d0d4fd1b849980c4331c2951"},"headline":"Golpistas en Mali aclaran que no hay fechas ni nombres sobre la transici\u00f3n","datePublished":"2020-08-24T20:55:53+00:00","mainEntityOfPage":{"@id":"https:\/\/digital58.com.ve\/site\/2020\/08\/24\/golpistas-en-mali-aclaran-que-no-hay-fechas-ni-nombres-sobre-la-transicion\/"},"wordCount":326,"commentCount":0,"publisher":{"@id":"https:\/\/digital58.com.ve\/site\/#\/schema\/person\/64d1c2e4d0d4fd1b849980c4331c2951"},"image":{"@id":"https:\/\/digital58.com.ve\/site\/2020\/08\/24\/golpistas-en-mali-aclaran-que-no-hay-fechas-ni-nombres-sobre-la-transicion\/#primaryimage"},"thumbnailUrl":"https:\/\/digital58.com.ve\/site\/wp-content\/uploads\/2020\/08\/mali-24-08-20.jpg","keywords":["\u00c1frica","\u00c1frica Occidental","CEDEAO","CNSP","Crisis pol\u00edtica","Golpe de Estado","Internacionles","Ismael Wague","Mali"],"articleSection":["Mundo"],"inLanguage":"es","potentialAction":[{"@type":"CommentAction","name":"Comment","target":["https:\/\/digital58.com.ve\/site\/2020\/08\/24\/golpistas-en-mali-aclaran-que-no-hay-fechas-ni-nombres-sobre-la-transicion\/#respond"]}]},{"@type":"WebPage","@id":"https:\/\/digital58.com.ve\/site\/2020\/08\/24\/golpistas-en-mali-aclaran-que-no-hay-fechas-ni-nombres-sobre-la-transicion\/","url":"https:\/\/digital58.com.ve\/site\/2020\/08\/24\/golpistas-en-mali-aclaran-que-no-hay-fechas-ni-nombres-sobre-la-transicion\/","name":"Golpistas en Mali aclaran que no hay fechas ni nombres sobre la transici\u00f3n","isPartOf":{"@id":"https:\/\/digital58.com.ve\/site\/#website"},"primaryImageOfPage":{"@id":"https:\/\/digital58.com.ve\/site\/2020\/08\/24\/golpistas-en-mali-aclaran-que-no-hay-fechas-ni-nombres-sobre-la-transicion\/#primaryimage"},"image":{"@id":"https:\/\/digital58.com.ve\/site\/2020\/08\/24\/golpistas-en-mali-aclaran-que-no-hay-fechas-ni-nombres-sobre-la-transicion\/#primaryimage"},"thumbnailUrl":"https:\/\/digital58.com.ve\/site\/wp-content\/uploads\/2020\/08\/mali-24-08-20.jpg","datePublished":"2020-08-24T20:55:53+00:00","description":"Mundo","breadcrumb":{"@id":"https:\/\/digital58.com.ve\/site\/2020\/08\/24\/golpistas-en-mali-aclaran-que-no-hay-fechas-ni-nombres-sobre-la-transicion\/#breadcrumb"},"inLanguage":"es","potentialAction":[{"@type":"ReadAction","target":["https:\/\/digital58.com.ve\/site\/2020\/08\/24\/golpistas-en-mali-aclaran-que-no-hay-fechas-ni-nombres-sobre-la-transicion\/"]}]},{"@type":"ImageObject","inLanguage":"es","@id":"https:\/\/digital58.com.ve\/site\/2020\/08\/24\/golpistas-en-mali-aclaran-que-no-hay-fechas-ni-nombres-sobre-la-transicion\/#primaryimage","url":"https:\/\/digital58.com.ve\/site\/wp-content\/uploads\/2020\/08\/mali-24-08-20.jpg","contentUrl":"https:\/\/digital58.com.ve\/site\/wp-content\/uploads\/2020\/08\/mali-24-08-20.jpg","width":800,"height":534},{"@type":"BreadcrumbList","@id":"https:\/\/digital58.com.ve\/site\/2020\/08\/24\/golpistas-en-mali-aclaran-que-no-hay-fechas-ni-nombres-sobre-la-transicion\/#breadcrumb","itemListElement":[{"@type":"ListItem","position":1,"name":"Home","item":"https:\/\/digital58.com.ve\/site\/"},{"@type":"ListItem","position":2,"name":"Golpistas en Mali aclaran que no hay fechas ni nombres sobre la transici\u00f3n"}]},{"@type":"WebSite","@id":"https:\/\/digital58.com.ve\/site\/#website","url":"https:\/\/digital58.com.ve\/site\/","name":"Noticias Digital58","description":"Portal de Noticias \u00a1Periodismo web de verdad! Lanzamiento web 22.11.2005 \/ Maracaibo, Venezuela","publisher":{"@id":"https:\/\/digital58.com.ve\/site\/#\/schema\/person\/64d1c2e4d0d4fd1b849980c4331c2951"},"alternateName":"ND58","potentialAction":[{"@type":"SearchAction","target":{"@type":"EntryPoint","urlTemplate":"https:\/\/digital58.com.ve\/site\/?s={search_term_string}"},"query-input":{"@type":"PropertyValueSpecification","valueRequired":true,"valueName":"search_term_string"}}],"inLanguage":"es"},{"@type":["Person","Organization"],"@id":"https:\/\/digital58.com.ve\/site\/#\/schema\/person\/64d1c2e4d0d4fd1b849980c4331c2951","name":"Villasmil Henry","image":{"@type":"ImageObject","inLanguage":"es","@id":"https:\/\/secure.gravatar.com\/avatar\/bb0c4a2fcb7970138239f7e404ea75757b1b507b28b5ce4c53fbd62d797c5a7c?s=96&d=mm&r=g","url":"https:\/\/secure.gravatar.com\/avatar\/bb0c4a2fcb7970138239f7e404ea75757b1b507b28b5ce4c53fbd62d797c5a7c?s=96&d=mm&r=g","contentUrl":"https:\/\/secure.gravatar.com\/avatar\/bb0c4a2fcb7970138239f7e404ea75757b1b507b28b5ce4c53fbd62d797c5a7c?s=96&d=mm&r=g","caption":"Villasmil Henry"},"logo":{"@id":"https:\/\/secure.gravatar.com\/avatar\/bb0c4a2fcb7970138239f7e404ea75757b1b507b28b5ce4c53fbd62d797c5a7c?s=96&d=mm&r=g"},"sameAs":["http:\/\/www.henryvillasmil.com.ve","https:\/\/www.instagram.com\/villasmilhfoto\/","https:\/\/x.com\/https:\/\/twitter.com\/villasmilhfoto"],"url":"https:\/\/digital58.com.ve\/site\/author\/droopy_68\/"}]}},"uagb_featured_image_src":{"full":["https:\/\/digital58.com.ve\/site\/wp-content\/uploads\/2020\/08\/mali-24-08-20.jpg",800,534,false],"thumbnail":["https:\/\/digital58.com.ve\/site\/wp-content\/uploads\/2020\/08\/mali-24-08-20-150x150.jpg",150,150,true],"medium":["https:\/\/digital58.com.ve\/site\/wp-content\/uploads\/2020\/08\/mali-24-08-20-300x200.jpg",300,200,true],"medium_large":["https:\/\/digital58.com.ve\/site\/wp-content\/uploads\/2020\/08\/mali-24-08-20-768x512.jpg",768,512,true],"large":["https:\/\/digital58.com.ve\/site\/wp-content\/uploads\/2020\/08\/mali-24-08-20.jpg",800,534,false],"1536x1536":["https:\/\/digital58.com.ve\/site\/wp-content\/uploads\/2020\/08\/mali-24-08-20.jpg",800,534,false],"2048x2048":["https:\/\/digital58.com.ve\/site\/wp-content\/uploads\/2020\/08\/mali-24-08-20.jpg",800,534,false],"colormag-highlighted-post":["https:\/\/digital58.com.ve\/site\/wp-content\/uploads\/2020\/08\/mali-24-08-20.jpg",392,262,false],"colormag-featured-post-medium":["https:\/\/digital58.com.ve\/site\/wp-content\/uploads\/2020\/08\/mali-24-08-20.jpg",307,205,false],"colormag-featured-post-small":["https:\/\/digital58.com.ve\/site\/wp-content\/uploads\/2020\/08\/mali-24-08-20.jpg",130,87,false],"colormag-featured-image":["https:\/\/digital58.com.ve\/site\/wp-content\/uploads\/2020\/08\/mali-24-08-20.jpg",667,445,false],"colormag-default-news":["https:\/\/digital58.com.ve\/site\/wp-content\/uploads\/2020\/08\/mali-24-08-20.jpg",150,100,false],"colormag-featured-image-large":["https:\/\/digital58.com.ve\/site\/wp-content\/uploads\/2020\/08\/mali-24-08-20.jpg",800,534,false]},"uagb_author_info":{"display_name":"Villasmil Henry","author_link":"https:\/\/digital58.com.ve\/site\/author\/droopy_68\/"},"uagb_comment_info":0,"uagb_excerpt":"Los militares malienses que se hicieron con el poder el pasado martes tras un golpe de estado aclararon hoy que","_links":{"self":[{"href":"https:\/\/digital58.com.ve\/site\/wp-json\/wp\/v2\/posts\/124144","targetHints":{"allow":["GET"]}}],"collection":[{"href":"https:\/\/digital58.com.ve\/site\/wp-json\/wp\/v2\/posts"}],"about":[{"href":"https:\/\/digital58.com.ve\/site\/wp-json\/wp\/v2\/types\/post"}],"author":[{"embeddable":true,"href":"https:\/\/digital58.com.ve\/site\/wp-json\/wp\/v2\/users\/1"}],"replies":[{"embeddable":true,"href":"https:\/\/digital58.com.ve\/site\/wp-json\/wp\/v2\/comments?post=124144"}],"version-history":[{"count":0,"href":"https:\/\/digital58.com.ve\/site\/wp-json\/wp\/v2\/posts\/124144\/revisions"}],"wp:featuredmedia":[{"embeddable":true,"href":"https:\/\/digital58.com.ve\/site\/wp-json\/wp\/v2\/media\/124145"}],"wp:attachment":[{"href":"https:\/\/digital58.com.ve\/site\/wp-json\/wp\/v2\/media?parent=124144"}],"wp:term":[{"taxonomy":"category","embeddable":true,"href":"https:\/\/digital58.com.ve\/site\/wp-json\/wp\/v2\/categories?post=124144"},{"taxonomy":"post_tag","embeddable":true,"href":"https:\/\/digital58.com.ve\/site\/wp-json\/wp\/v2\/tags?post=124144"}],"curies":[{"name":"wp","href":"https:\/\/api.w.org\/{rel}","templated":true}]}}