{"id":124215,"date":"2020-08-24T21:02:17","date_gmt":"2020-08-25T01:02:17","guid":{"rendered":"https:\/\/digital58.com.ve\/site\/?p=124215"},"modified":"2020-08-24T21:02:17","modified_gmt":"2020-08-25T01:02:17","slug":"colombia-suma-otros-10-549-casos-de-covid-19-y-llega-a-551-696-contagios","status":"publish","type":"post","link":"https:\/\/digital58.com.ve\/site\/2020\/08\/24\/colombia-suma-otros-10-549-casos-de-covid-19-y-llega-a-551-696-contagios\/","title":{"rendered":"Colombia suma otros 10.549 casos de COVID-19 y llega a 551.696 contagios"},"content":{"rendered":"<p><a href=\"https:\/\/digital58.com.ve\/site\/wp-content\/uploads\/2020\/08\/colombia-covid-19-24-08-20.jpg\"><img loading=\"lazy\" decoding=\"async\" class=\"aligncenter size-full wp-image-124216\" src=\"https:\/\/digital58.com.ve\/site\/wp-content\/uploads\/2020\/08\/colombia-covid-19-24-08-20.jpg\" alt=\"\" width=\"1000\" height=\"692\" srcset=\"https:\/\/digital58.com.ve\/site\/wp-content\/uploads\/2020\/08\/colombia-covid-19-24-08-20.jpg 800w, https:\/\/digital58.com.ve\/site\/wp-content\/uploads\/2020\/08\/colombia-covid-19-24-08-20-300x208.jpg 300w, https:\/\/digital58.com.ve\/site\/wp-content\/uploads\/2020\/08\/colombia-covid-19-24-08-20-768x531.jpg 768w\" sizes=\"auto, (max-width: 1000px) 100vw, 1000px\" \/><\/a><\/p>\n<p>Durante la jornada se practicaron 44.555 pruebas, 31.049 de ellas PCR y 3.506 de ant\u00edgeno, para un total de 2,5 millones de muestras de COVID-19 procesadas en el pa\u00eds.<\/p>\n<p><strong>Internacionales, 24 de agosto de 2020 (ND58).<\/strong>&#8211; Colombia confirm\u00f3 este lunes 10.549 casos nuevos de COVID-19 y lleg\u00f3 a 551.696 contagios, as\u00ed como 296 fallecidos que elevaron a 17.612 el n\u00famero de v\u00edctimas mortales de la pandemia del coronavirus en el pa\u00eds.<\/p>\n<p>En Colombia, que ma\u00f1ana cumplir\u00e1 cinco meses en cuarentena obligatoria, hay a\u00fan 148.807 casos activos, que corresponden al 26,97 % del total, mientras que 384.171 pacientes superaron la enfermedad, es decir el 69,63 %.<\/p>\n<p>El Ministerio de Salud se\u00f1al\u00f3 que de los 296 decesos reportados en la jornada, 267 corresponden a pacientes que fallecieron en d\u00edas anteriores.<\/p>\n<p>La cifra m\u00e1s elevada de nuevas muertes la tiene Bogot\u00e1, con 57, seguida de los departamentos de Antioquia (48), Santander (24), Cundinamarca (20), Valle del Cauca (19), Norte de Santander (17) C\u00f3rdoba (14) y Cesar (13).<\/p>\n<p>Tambi\u00e9n hubo defunciones en Atl\u00e1ntico, Meta, Nari\u00f1o (9), Sucre y Cauca (8), Magdalena, Caquet\u00e1 y Risaralda (6), La Guajira, Huila y Quind\u00edo (4), Bol\u00edvar (3), Choc\u00f3, Tolima y Caldas (2), y Boyac\u00e1 y Putumayo (1).<\/p>\n<p>En cuanto a los nuevos contagios, 4.425 se dieron en Bogot\u00e1, 825 en Antioquia, 662 en Cundinamarca, 598 en Valle del Cauca, 548 en Santander, 342 en C\u00f3rdoba, 328 en Meta, 268 en Atl\u00e1ntico, 232 en Caquet\u00e1, 223 en Tolima, 221 en Bol\u00edvar, 217 en Risaralda y 212 en Magdalena.<\/p>\n<p>Otros departamentos con m\u00e1s de cien contagios en la jornada fueron Cesar (184), Huila (160), Sucre (148), Norte de Santander (147), Cauca (139), Boyac\u00e1 (127), La Guajira (121) y Nari\u00f1o (100).<\/p>\n<p>Con estas cifras, los principales focos de la pandemia siguen siendo Bogot\u00e1 (192.654), Antioquia (71.983), Atl\u00e1ntico (63.069), Valle del Cauca (43.598), Bol\u00edvar (23.694), Cundinamarca (19.829), C\u00f3rdoba (17.498), Nari\u00f1o (12.846), Santander (14.235) y Magdalena (11.444).<\/p><div class=\"qdhje69f2711a6a4d9\" ><p style=\"text-align: center;\"><a href=\"https:\/\/t.me\/noticiasdigital58\" target=\"_blank\" rel=\"noopener\"><img class=\"aligncenter size-full wp-image-125363\" src=\"https:\/\/digital58.com.ve\/site\/wp-content\/uploads\/2021\/04\/banner-telegram-web-2021.png\" alt=\"\" width=\"600\" height=\"90\" \/><\/a><\/p><\/div><style type=\"text\/css\">\r\n@media screen and (min-width: 1201px) {\r\n.qdhje69f2711a6a4d9 {\r\ndisplay: block;\r\n}\r\n}\r\n@media screen and (min-width: 993px) and (max-width: 1200px) {\r\n.qdhje69f2711a6a4d9 {\r\ndisplay: block;\r\n}\r\n}\r\n@media screen and (min-width: 769px) and (max-width: 992px) {\r\n.qdhje69f2711a6a4d9 {\r\ndisplay: block;\r\n}\r\n}\r\n@media screen and (min-width: 768px) and (max-width: 768px) {\r\n.qdhje69f2711a6a4d9 {\r\ndisplay: block;\r\n}\r\n}\r\n@media screen and (max-width: 767px) {\r\n.qdhje69f2711a6a4d9 {\r\ndisplay: block;\r\n}\r\n}\r\n<\/style>\r\n\n<p><strong>Redacci\u00f3n ND58 | Fuente: EFE<\/strong><br \/>\n<strong>Edici\u00f3n: Villasmil, Henry<\/strong><br \/>\n<strong>Gr\u00e1fica: EFE<\/strong><\/p>\n<div style=\"margin-top: 0px; margin-bottom: 0px;\" class=\"sharethis-inline-share-buttons\" ><\/div>","protected":false},"excerpt":{"rendered":"<p>Durante la jornada se practicaron 44.555 pruebas, 31.049 de ellas PCR y 3.506 de ant\u00edgeno, para un total de 2,5<\/p>\n","protected":false},"author":1,"featured_media":124216,"comment_status":"open","ping_status":"closed","sticky":false,"template":"","format":"standard","meta":{"colormag_page_container_layout":"default_layout","colormag_page_sidebar_layout":"default_layout","_uag_custom_page_level_css":"","footnotes":""},"categories":[16451],"tags":[3063,98,13352,13648,8,13723,14457],"class_list":["post-124215","post","type-post","status-publish","format-standard","has-post-thumbnail","hentry","category-mundo","tag-bogota","tag-colombia","tag-coronavirus","tag-covid-19","tag-internacionales","tag-pandemia","tag-reporte-diario-covid-19"],"yoast_head":"<!-- This site is optimized with the Yoast SEO plugin v27.5 - https:\/\/yoast.com\/product\/yoast-seo-wordpress\/ -->\n<title>Colombia suma otros 10.549 casos de COVID-19 y llega a 551.696 contagios<\/title>\n<meta name=\"description\" content=\"Mundo\" \/>\n<meta name=\"robots\" content=\"index, follow, max-snippet:-1, max-image-preview:large, max-video-preview:-1\" \/>\n<link rel=\"canonical\" href=\"https:\/\/digital58.com.ve\/site\/2020\/08\/24\/colombia-suma-otros-10-549-casos-de-covid-19-y-llega-a-551-696-contagios\/\" \/>\n<meta property=\"og:locale\" content=\"es_ES\" \/>\n<meta property=\"og:type\" content=\"article\" \/>\n<meta property=\"og:title\" content=\"Colombia suma otros 10.549 casos de COVID-19 y llega a 551.696 contagios\" \/>\n<meta property=\"og:description\" content=\"Mundo\" \/>\n<meta property=\"og:url\" content=\"https:\/\/digital58.com.ve\/site\/2020\/08\/24\/colombia-suma-otros-10-549-casos-de-covid-19-y-llega-a-551-696-contagios\/\" \/>\n<meta property=\"og:site_name\" content=\"Noticias Digital58\" \/>\n<meta property=\"article:published_time\" content=\"2020-08-25T01:02:17+00:00\" \/>\n<meta property=\"og:image\" content=\"https:\/\/digital58.com.ve\/site\/wp-content\/uploads\/2020\/08\/colombia-covid-19-24-08-20.jpg\" \/>\n\t<meta property=\"og:image:width\" content=\"1000\" \/>\n\t<meta property=\"og:image:height\" content=\"692\" \/>\n\t<meta property=\"og:image:type\" content=\"image\/jpeg\" \/>\n<meta name=\"author\" content=\"Villasmil Henry\" \/>\n<meta name=\"twitter:card\" content=\"summary_large_image\" \/>\n<meta name=\"twitter:creator\" content=\"@https:\/\/twitter.com\/villasmilhfoto\" \/>\n<meta name=\"twitter:site\" content=\"@villasmilhfoto\" \/>\n<meta name=\"twitter:label1\" content=\"Escrito por\" \/>\n\t<meta name=\"twitter:data1\" content=\"Villasmil Henry\" \/>\n\t<meta name=\"twitter:label2\" content=\"Tiempo estimado de lectura\" \/>\n\t<meta name=\"twitter:data2\" content=\"1 minuto\" \/>\n<script type=\"application\/ld+json\" class=\"yoast-schema-graph\">{\"@context\":\"https:\\\/\\\/schema.org\",\"@graph\":[{\"@type\":\"Article\",\"@id\":\"https:\\\/\\\/digital58.com.ve\\\/site\\\/2020\\\/08\\\/24\\\/colombia-suma-otros-10-549-casos-de-covid-19-y-llega-a-551-696-contagios\\\/#article\",\"isPartOf\":{\"@id\":\"https:\\\/\\\/digital58.com.ve\\\/site\\\/2020\\\/08\\\/24\\\/colombia-suma-otros-10-549-casos-de-covid-19-y-llega-a-551-696-contagios\\\/\"},\"author\":{\"name\":\"Villasmil Henry\",\"@id\":\"https:\\\/\\\/digital58.com.ve\\\/site\\\/#\\\/schema\\\/person\\\/64d1c2e4d0d4fd1b849980c4331c2951\"},\"headline\":\"Colombia suma otros 10.549 casos de COVID-19 y llega a 551.696 contagios\",\"datePublished\":\"2020-08-25T01:02:17+00:00\",\"mainEntityOfPage\":{\"@id\":\"https:\\\/\\\/digital58.com.ve\\\/site\\\/2020\\\/08\\\/24\\\/colombia-suma-otros-10-549-casos-de-covid-19-y-llega-a-551-696-contagios\\\/\"},\"wordCount\":298,\"commentCount\":0,\"publisher\":{\"@id\":\"https:\\\/\\\/digital58.com.ve\\\/site\\\/#\\\/schema\\\/person\\\/64d1c2e4d0d4fd1b849980c4331c2951\"},\"image\":{\"@id\":\"https:\\\/\\\/digital58.com.ve\\\/site\\\/2020\\\/08\\\/24\\\/colombia-suma-otros-10-549-casos-de-covid-19-y-llega-a-551-696-contagios\\\/#primaryimage\"},\"thumbnailUrl\":\"https:\\\/\\\/digital58.com.ve\\\/site\\\/wp-content\\\/uploads\\\/2020\\\/08\\\/colombia-covid-19-24-08-20.jpg\",\"keywords\":[\"Bogot\u00e1\",\"Colombia\",\"Coronavirus\",\"COVID-19\",\"Internacionales\",\"Pandemia\",\"Reporte Diario COVID-19\"],\"articleSection\":[\"Mundo\"],\"inLanguage\":\"es\",\"potentialAction\":[{\"@type\":\"CommentAction\",\"name\":\"Comment\",\"target\":[\"https:\\\/\\\/digital58.com.ve\\\/site\\\/2020\\\/08\\\/24\\\/colombia-suma-otros-10-549-casos-de-covid-19-y-llega-a-551-696-contagios\\\/#respond\"]}]},{\"@type\":\"WebPage\",\"@id\":\"https:\\\/\\\/digital58.com.ve\\\/site\\\/2020\\\/08\\\/24\\\/colombia-suma-otros-10-549-casos-de-covid-19-y-llega-a-551-696-contagios\\\/\",\"url\":\"https:\\\/\\\/digital58.com.ve\\\/site\\\/2020\\\/08\\\/24\\\/colombia-suma-otros-10-549-casos-de-covid-19-y-llega-a-551-696-contagios\\\/\",\"name\":\"Colombia suma otros 10.549 casos de COVID-19 y llega a 551.696 contagios\",\"isPartOf\":{\"@id\":\"https:\\\/\\\/digital58.com.ve\\\/site\\\/#website\"},\"primaryImageOfPage\":{\"@id\":\"https:\\\/\\\/digital58.com.ve\\\/site\\\/2020\\\/08\\\/24\\\/colombia-suma-otros-10-549-casos-de-covid-19-y-llega-a-551-696-contagios\\\/#primaryimage\"},\"image\":{\"@id\":\"https:\\\/\\\/digital58.com.ve\\\/site\\\/2020\\\/08\\\/24\\\/colombia-suma-otros-10-549-casos-de-covid-19-y-llega-a-551-696-contagios\\\/#primaryimage\"},\"thumbnailUrl\":\"https:\\\/\\\/digital58.com.ve\\\/site\\\/wp-content\\\/uploads\\\/2020\\\/08\\\/colombia-covid-19-24-08-20.jpg\",\"datePublished\":\"2020-08-25T01:02:17+00:00\",\"description\":\"Mundo\",\"breadcrumb\":{\"@id\":\"https:\\\/\\\/digital58.com.ve\\\/site\\\/2020\\\/08\\\/24\\\/colombia-suma-otros-10-549-casos-de-covid-19-y-llega-a-551-696-contagios\\\/#breadcrumb\"},\"inLanguage\":\"es\",\"potentialAction\":[{\"@type\":\"ReadAction\",\"target\":[\"https:\\\/\\\/digital58.com.ve\\\/site\\\/2020\\\/08\\\/24\\\/colombia-suma-otros-10-549-casos-de-covid-19-y-llega-a-551-696-contagios\\\/\"]}]},{\"@type\":\"ImageObject\",\"inLanguage\":\"es\",\"@id\":\"https:\\\/\\\/digital58.com.ve\\\/site\\\/2020\\\/08\\\/24\\\/colombia-suma-otros-10-549-casos-de-covid-19-y-llega-a-551-696-contagios\\\/#primaryimage\",\"url\":\"https:\\\/\\\/digital58.com.ve\\\/site\\\/wp-content\\\/uploads\\\/2020\\\/08\\\/colombia-covid-19-24-08-20.jpg\",\"contentUrl\":\"https:\\\/\\\/digital58.com.ve\\\/site\\\/wp-content\\\/uploads\\\/2020\\\/08\\\/colombia-covid-19-24-08-20.jpg\",\"width\":800,\"height\":554},{\"@type\":\"BreadcrumbList\",\"@id\":\"https:\\\/\\\/digital58.com.ve\\\/site\\\/2020\\\/08\\\/24\\\/colombia-suma-otros-10-549-casos-de-covid-19-y-llega-a-551-696-contagios\\\/#breadcrumb\",\"itemListElement\":[{\"@type\":\"ListItem\",\"position\":1,\"name\":\"Home\",\"item\":\"https:\\\/\\\/digital58.com.ve\\\/site\\\/\"},{\"@type\":\"ListItem\",\"position\":2,\"name\":\"Colombia suma otros 10.549 casos de COVID-19 y llega a 551.696 contagios\"}]},{\"@type\":\"WebSite\",\"@id\":\"https:\\\/\\\/digital58.com.ve\\\/site\\\/#website\",\"url\":\"https:\\\/\\\/digital58.com.ve\\\/site\\\/\",\"name\":\"Noticias Digital58\",\"description\":\"Portal de Noticias \u00a1Periodismo web de verdad! Lanzamiento web 22.11.2005 \\\/ Maracaibo, Venezuela\",\"publisher\":{\"@id\":\"https:\\\/\\\/digital58.com.ve\\\/site\\\/#\\\/schema\\\/person\\\/64d1c2e4d0d4fd1b849980c4331c2951\"},\"alternateName\":\"ND58\",\"potentialAction\":[{\"@type\":\"SearchAction\",\"target\":{\"@type\":\"EntryPoint\",\"urlTemplate\":\"https:\\\/\\\/digital58.com.ve\\\/site\\\/?s={search_term_string}\"},\"query-input\":{\"@type\":\"PropertyValueSpecification\",\"valueRequired\":true,\"valueName\":\"search_term_string\"}}],\"inLanguage\":\"es\"},{\"@type\":[\"Person\",\"Organization\"],\"@id\":\"https:\\\/\\\/digital58.com.ve\\\/site\\\/#\\\/schema\\\/person\\\/64d1c2e4d0d4fd1b849980c4331c2951\",\"name\":\"Villasmil Henry\",\"image\":{\"@type\":\"ImageObject\",\"inLanguage\":\"es\",\"@id\":\"https:\\\/\\\/secure.gravatar.com\\\/avatar\\\/bb0c4a2fcb7970138239f7e404ea75757b1b507b28b5ce4c53fbd62d797c5a7c?s=96&d=mm&r=g\",\"url\":\"https:\\\/\\\/secure.gravatar.com\\\/avatar\\\/bb0c4a2fcb7970138239f7e404ea75757b1b507b28b5ce4c53fbd62d797c5a7c?s=96&d=mm&r=g\",\"contentUrl\":\"https:\\\/\\\/secure.gravatar.com\\\/avatar\\\/bb0c4a2fcb7970138239f7e404ea75757b1b507b28b5ce4c53fbd62d797c5a7c?s=96&d=mm&r=g\",\"caption\":\"Villasmil Henry\"},\"logo\":{\"@id\":\"https:\\\/\\\/secure.gravatar.com\\\/avatar\\\/bb0c4a2fcb7970138239f7e404ea75757b1b507b28b5ce4c53fbd62d797c5a7c?s=96&d=mm&r=g\"},\"sameAs\":[\"http:\\\/\\\/www.henryvillasmil.com.ve\",\"https:\\\/\\\/www.instagram.com\\\/villasmilhfoto\\\/\",\"https:\\\/\\\/x.com\\\/https:\\\/\\\/twitter.com\\\/villasmilhfoto\"],\"url\":\"https:\\\/\\\/digital58.com.ve\\\/site\\\/author\\\/droopy_68\\\/\"}]}<\/script>\n<!-- \/ Yoast SEO plugin. -->","yoast_head_json":{"title":"Colombia suma otros 10.549 casos de COVID-19 y llega a 551.696 contagios","description":"Mundo","robots":{"index":"index","follow":"follow","max-snippet":"max-snippet:-1","max-image-preview":"max-image-preview:large","max-video-preview":"max-video-preview:-1"},"canonical":"https:\/\/digital58.com.ve\/site\/2020\/08\/24\/colombia-suma-otros-10-549-casos-de-covid-19-y-llega-a-551-696-contagios\/","og_locale":"es_ES","og_type":"article","og_title":"Colombia suma otros 10.549 casos de COVID-19 y llega a 551.696 contagios","og_description":"Mundo","og_url":"https:\/\/digital58.com.ve\/site\/2020\/08\/24\/colombia-suma-otros-10-549-casos-de-covid-19-y-llega-a-551-696-contagios\/","og_site_name":"Noticias Digital58","article_published_time":"2020-08-25T01:02:17+00:00","og_image":[{"width":1000,"height":692,"url":"https:\/\/digital58.com.ve\/site\/wp-content\/uploads\/2020\/08\/colombia-covid-19-24-08-20.jpg","type":"image\/jpeg"}],"author":"Villasmil Henry","twitter_card":"summary_large_image","twitter_creator":"@https:\/\/twitter.com\/villasmilhfoto","twitter_site":"@villasmilhfoto","twitter_misc":{"Escrito por":"Villasmil Henry","Tiempo estimado de lectura":"1 minuto"},"schema":{"@context":"https:\/\/schema.org","@graph":[{"@type":"Article","@id":"https:\/\/digital58.com.ve\/site\/2020\/08\/24\/colombia-suma-otros-10-549-casos-de-covid-19-y-llega-a-551-696-contagios\/#article","isPartOf":{"@id":"https:\/\/digital58.com.ve\/site\/2020\/08\/24\/colombia-suma-otros-10-549-casos-de-covid-19-y-llega-a-551-696-contagios\/"},"author":{"name":"Villasmil Henry","@id":"https:\/\/digital58.com.ve\/site\/#\/schema\/person\/64d1c2e4d0d4fd1b849980c4331c2951"},"headline":"Colombia suma otros 10.549 casos de COVID-19 y llega a 551.696 contagios","datePublished":"2020-08-25T01:02:17+00:00","mainEntityOfPage":{"@id":"https:\/\/digital58.com.ve\/site\/2020\/08\/24\/colombia-suma-otros-10-549-casos-de-covid-19-y-llega-a-551-696-contagios\/"},"wordCount":298,"commentCount":0,"publisher":{"@id":"https:\/\/digital58.com.ve\/site\/#\/schema\/person\/64d1c2e4d0d4fd1b849980c4331c2951"},"image":{"@id":"https:\/\/digital58.com.ve\/site\/2020\/08\/24\/colombia-suma-otros-10-549-casos-de-covid-19-y-llega-a-551-696-contagios\/#primaryimage"},"thumbnailUrl":"https:\/\/digital58.com.ve\/site\/wp-content\/uploads\/2020\/08\/colombia-covid-19-24-08-20.jpg","keywords":["Bogot\u00e1","Colombia","Coronavirus","COVID-19","Internacionales","Pandemia","Reporte Diario COVID-19"],"articleSection":["Mundo"],"inLanguage":"es","potentialAction":[{"@type":"CommentAction","name":"Comment","target":["https:\/\/digital58.com.ve\/site\/2020\/08\/24\/colombia-suma-otros-10-549-casos-de-covid-19-y-llega-a-551-696-contagios\/#respond"]}]},{"@type":"WebPage","@id":"https:\/\/digital58.com.ve\/site\/2020\/08\/24\/colombia-suma-otros-10-549-casos-de-covid-19-y-llega-a-551-696-contagios\/","url":"https:\/\/digital58.com.ve\/site\/2020\/08\/24\/colombia-suma-otros-10-549-casos-de-covid-19-y-llega-a-551-696-contagios\/","name":"Colombia suma otros 10.549 casos de COVID-19 y llega a 551.696 contagios","isPartOf":{"@id":"https:\/\/digital58.com.ve\/site\/#website"},"primaryImageOfPage":{"@id":"https:\/\/digital58.com.ve\/site\/2020\/08\/24\/colombia-suma-otros-10-549-casos-de-covid-19-y-llega-a-551-696-contagios\/#primaryimage"},"image":{"@id":"https:\/\/digital58.com.ve\/site\/2020\/08\/24\/colombia-suma-otros-10-549-casos-de-covid-19-y-llega-a-551-696-contagios\/#primaryimage"},"thumbnailUrl":"https:\/\/digital58.com.ve\/site\/wp-content\/uploads\/2020\/08\/colombia-covid-19-24-08-20.jpg","datePublished":"2020-08-25T01:02:17+00:00","description":"Mundo","breadcrumb":{"@id":"https:\/\/digital58.com.ve\/site\/2020\/08\/24\/colombia-suma-otros-10-549-casos-de-covid-19-y-llega-a-551-696-contagios\/#breadcrumb"},"inLanguage":"es","potentialAction":[{"@type":"ReadAction","target":["https:\/\/digital58.com.ve\/site\/2020\/08\/24\/colombia-suma-otros-10-549-casos-de-covid-19-y-llega-a-551-696-contagios\/"]}]},{"@type":"ImageObject","inLanguage":"es","@id":"https:\/\/digital58.com.ve\/site\/2020\/08\/24\/colombia-suma-otros-10-549-casos-de-covid-19-y-llega-a-551-696-contagios\/#primaryimage","url":"https:\/\/digital58.com.ve\/site\/wp-content\/uploads\/2020\/08\/colombia-covid-19-24-08-20.jpg","contentUrl":"https:\/\/digital58.com.ve\/site\/wp-content\/uploads\/2020\/08\/colombia-covid-19-24-08-20.jpg","width":800,"height":554},{"@type":"BreadcrumbList","@id":"https:\/\/digital58.com.ve\/site\/2020\/08\/24\/colombia-suma-otros-10-549-casos-de-covid-19-y-llega-a-551-696-contagios\/#breadcrumb","itemListElement":[{"@type":"ListItem","position":1,"name":"Home","item":"https:\/\/digital58.com.ve\/site\/"},{"@type":"ListItem","position":2,"name":"Colombia suma otros 10.549 casos de COVID-19 y llega a 551.696 contagios"}]},{"@type":"WebSite","@id":"https:\/\/digital58.com.ve\/site\/#website","url":"https:\/\/digital58.com.ve\/site\/","name":"Noticias Digital58","description":"Portal de Noticias \u00a1Periodismo web de verdad! Lanzamiento web 22.11.2005 \/ Maracaibo, Venezuela","publisher":{"@id":"https:\/\/digital58.com.ve\/site\/#\/schema\/person\/64d1c2e4d0d4fd1b849980c4331c2951"},"alternateName":"ND58","potentialAction":[{"@type":"SearchAction","target":{"@type":"EntryPoint","urlTemplate":"https:\/\/digital58.com.ve\/site\/?s={search_term_string}"},"query-input":{"@type":"PropertyValueSpecification","valueRequired":true,"valueName":"search_term_string"}}],"inLanguage":"es"},{"@type":["Person","Organization"],"@id":"https:\/\/digital58.com.ve\/site\/#\/schema\/person\/64d1c2e4d0d4fd1b849980c4331c2951","name":"Villasmil Henry","image":{"@type":"ImageObject","inLanguage":"es","@id":"https:\/\/secure.gravatar.com\/avatar\/bb0c4a2fcb7970138239f7e404ea75757b1b507b28b5ce4c53fbd62d797c5a7c?s=96&d=mm&r=g","url":"https:\/\/secure.gravatar.com\/avatar\/bb0c4a2fcb7970138239f7e404ea75757b1b507b28b5ce4c53fbd62d797c5a7c?s=96&d=mm&r=g","contentUrl":"https:\/\/secure.gravatar.com\/avatar\/bb0c4a2fcb7970138239f7e404ea75757b1b507b28b5ce4c53fbd62d797c5a7c?s=96&d=mm&r=g","caption":"Villasmil Henry"},"logo":{"@id":"https:\/\/secure.gravatar.com\/avatar\/bb0c4a2fcb7970138239f7e404ea75757b1b507b28b5ce4c53fbd62d797c5a7c?s=96&d=mm&r=g"},"sameAs":["http:\/\/www.henryvillasmil.com.ve","https:\/\/www.instagram.com\/villasmilhfoto\/","https:\/\/x.com\/https:\/\/twitter.com\/villasmilhfoto"],"url":"https:\/\/digital58.com.ve\/site\/author\/droopy_68\/"}]}},"uagb_featured_image_src":{"full":["https:\/\/digital58.com.ve\/site\/wp-content\/uploads\/2020\/08\/colombia-covid-19-24-08-20.jpg",800,554,false],"thumbnail":["https:\/\/digital58.com.ve\/site\/wp-content\/uploads\/2020\/08\/colombia-covid-19-24-08-20-150x150.jpg",150,150,true],"medium":["https:\/\/digital58.com.ve\/site\/wp-content\/uploads\/2020\/08\/colombia-covid-19-24-08-20-300x208.jpg",300,208,true],"medium_large":["https:\/\/digital58.com.ve\/site\/wp-content\/uploads\/2020\/08\/colombia-covid-19-24-08-20-768x531.jpg",768,531,true],"large":["https:\/\/digital58.com.ve\/site\/wp-content\/uploads\/2020\/08\/colombia-covid-19-24-08-20.jpg",800,554,false],"1536x1536":["https:\/\/digital58.com.ve\/site\/wp-content\/uploads\/2020\/08\/colombia-covid-19-24-08-20.jpg",800,554,false],"2048x2048":["https:\/\/digital58.com.ve\/site\/wp-content\/uploads\/2020\/08\/colombia-covid-19-24-08-20.jpg",800,554,false],"colormag-highlighted-post":["https:\/\/digital58.com.ve\/site\/wp-content\/uploads\/2020\/08\/colombia-covid-19-24-08-20.jpg",392,272,false],"colormag-featured-post-medium":["https:\/\/digital58.com.ve\/site\/wp-content\/uploads\/2020\/08\/colombia-covid-19-24-08-20.jpg",296,205,false],"colormag-featured-post-small":["https:\/\/digital58.com.ve\/site\/wp-content\/uploads\/2020\/08\/colombia-covid-19-24-08-20.jpg",130,90,false],"colormag-featured-image":["https:\/\/digital58.com.ve\/site\/wp-content\/uploads\/2020\/08\/colombia-covid-19-24-08-20.jpg",643,445,false],"colormag-default-news":["https:\/\/digital58.com.ve\/site\/wp-content\/uploads\/2020\/08\/colombia-covid-19-24-08-20.jpg",150,104,false],"colormag-featured-image-large":["https:\/\/digital58.com.ve\/site\/wp-content\/uploads\/2020\/08\/colombia-covid-19-24-08-20.jpg",800,554,false]},"uagb_author_info":{"display_name":"Villasmil Henry","author_link":"https:\/\/digital58.com.ve\/site\/author\/droopy_68\/"},"uagb_comment_info":0,"uagb_excerpt":"Durante la jornada se practicaron 44.555 pruebas, 31.049 de ellas PCR y 3.506 de ant\u00edgeno, para un total de 2,5","_links":{"self":[{"href":"https:\/\/digital58.com.ve\/site\/wp-json\/wp\/v2\/posts\/124215","targetHints":{"allow":["GET"]}}],"collection":[{"href":"https:\/\/digital58.com.ve\/site\/wp-json\/wp\/v2\/posts"}],"about":[{"href":"https:\/\/digital58.com.ve\/site\/wp-json\/wp\/v2\/types\/post"}],"author":[{"embeddable":true,"href":"https:\/\/digital58.com.ve\/site\/wp-json\/wp\/v2\/users\/1"}],"replies":[{"embeddable":true,"href":"https:\/\/digital58.com.ve\/site\/wp-json\/wp\/v2\/comments?post=124215"}],"version-history":[{"count":0,"href":"https:\/\/digital58.com.ve\/site\/wp-json\/wp\/v2\/posts\/124215\/revisions"}],"wp:featuredmedia":[{"embeddable":true,"href":"https:\/\/digital58.com.ve\/site\/wp-json\/wp\/v2\/media\/124216"}],"wp:attachment":[{"href":"https:\/\/digital58.com.ve\/site\/wp-json\/wp\/v2\/media?parent=124215"}],"wp:term":[{"taxonomy":"category","embeddable":true,"href":"https:\/\/digital58.com.ve\/site\/wp-json\/wp\/v2\/categories?post=124215"},{"taxonomy":"post_tag","embeddable":true,"href":"https:\/\/digital58.com.ve\/site\/wp-json\/wp\/v2\/tags?post=124215"}],"curies":[{"name":"wp","href":"https:\/\/api.w.org\/{rel}","templated":true}]}}