{"id":124363,"date":"2020-08-25T19:45:55","date_gmt":"2020-08-25T23:45:55","guid":{"rendered":"https:\/\/digital58.com.ve\/site\/?p=124363"},"modified":"2020-08-26T07:03:43","modified_gmt":"2020-08-26T11:03:43","slug":"dos-jefes-del-faes-fueron-detenidos-por-el-asesinato-de-periodistas-en-el-zulia","status":"publish","type":"post","link":"https:\/\/digital58.com.ve\/site\/2020\/08\/25\/dos-jefes-del-faes-fueron-detenidos-por-el-asesinato-de-periodistas-en-el-zulia\/","title":{"rendered":"Dos jefes del FAES fueron detenidos por el asesinato de periodistas en el Zulia"},"content":{"rendered":"<p><img loading=\"lazy\" decoding=\"async\" class=\"size-full wp-image-124365 aligncenter\" src=\"https:\/\/digital58.com.ve\/site\/wp-content\/uploads\/2020\/08\/jhbkg.jpg\" alt=\"\" width=\"777\" height=\"437\" srcset=\"https:\/\/digital58.com.ve\/site\/wp-content\/uploads\/2020\/08\/jhbkg.jpg 777w, https:\/\/digital58.com.ve\/site\/wp-content\/uploads\/2020\/08\/jhbkg-300x169.jpg 300w, https:\/\/digital58.com.ve\/site\/wp-content\/uploads\/2020\/08\/jhbkg-768x432.jpg 768w\" sizes=\"auto, (max-width: 777px) 100vw, 777px\" \/><\/p>\n<p>Saab asegur\u00f3 que estos funcionarios actuaron \u00abcomo delincuentes uniformados\u00bb y los calific\u00f3 de infiltrados.<\/p>\n<p><b>Caracas, DC,\u00a0 Venezuela 25 de agosto de 2020 (ND58).- <\/b>Este martes 25 de agosto la Fiscal\u00eda de la naci\u00f3n orden\u00f3 la detenci\u00f3n de dos jefes del FAES, cuya disoluci\u00f3n pidi\u00f3 la ONU, por presuntamente avalar un operativo en el que resultaron asesinados los dos periodistas de Guacamaya TV.<\/p>\n<p>\u00abEstos mal llamados jefes del FAES permitieron, pr\u00e1cticamente a discreci\u00f3n, que estos funcionarios salieran y regresaran luego de cometer estos cr\u00edmenes. Obviamente que conoc\u00edan de la acci\u00f3n que estos malhechores iban a hacer\u00bb, dijo en una comparecencia el fiscal general, Tarek William Saab.<\/p>\n<p>A\u00f1adi\u00f3: \u00abAvalaron las acciones delictivas de los autores materiales de los hechos elaborando y suscribiendo actas viciadas de nulidad por carecer de veracidad\u00bb.<\/p>\n<p>Saab se\u00f1al\u00f3 que los jefes policiales son Freddy Rangel Deroy Ram\u00edrez (supervisor) y David Miguel Guerrero Moreno (comisionado agregado). Los acus\u00f3 de \u00abcomplicidad en el delito de homicidio calificado con alevos\u00eda y asociaci\u00f3n para delinquir\u00bb.<\/p>\n<p>Tambi\u00e9n dijo este martes que solicit\u00f3 la detenci\u00f3n de una exfiscal regional que ayud\u00f3 a uno de los polic\u00edas actuantes en el operativo a evadir la captura.<\/p>\n<p>\u00abJackbe de los \u00c1ngeles Galv\u00e1n Azuaje era fiscal 17 en materia de veh\u00edculos y particip\u00f3 de alguna manera en este hecho en la presunta comisi\u00f3n de los delitos de encubrimiento y asociaci\u00f3n, contra ella hay una orden de aprehensi\u00f3n\u00bb, se\u00f1al\u00f3.<\/p>\n<p>El Sindicato Nacional de Trabajadores de la Prensa denunci\u00f3 el domingo los asesinatos de Andr\u00e9s Eloy Nieves Zacar\u00edas y V\u00edctor Torres. Ambos eran trabajadores de la estaci\u00f3n comunitaria Guacamaya TV.<\/p>\n<p>Las muertes ocurrieron durante un operativo de las FAES en la sede del canal, la casa de Torres, en el que actuaron seis funcionarios, dos de ellos ya bajo custodia policial y los otros cuatro buscados por la Justicia.<\/p>\n<p>Saab asegur\u00f3 que estos funcionarios actuaron \u00abcomo delincuentes uniformados\u00bb y los calific\u00f3 de infiltrados. \u00abEstas personas no tienen ninguna vocaci\u00f3n policial\u00bb, asever\u00f3.<\/p>\n<p><b><strong>Re<\/strong><strong>dacci\u00f3n: Molero, Luis\u00a0 (@Moleromarquez) | Fuente: Agencias<br \/>\nEdici\u00f3n: Villasmil, Henry<br \/>\nGr\u00e1ficas: Cortes\u00eda<\/strong><\/b><\/p><div class=\"hykgj69f439dce4f98\" ><p style=\"text-align: center;\"><a href=\"https:\/\/t.me\/noticiasdigital58\" target=\"_blank\" rel=\"noopener\"><img class=\"aligncenter size-full wp-image-125363\" src=\"https:\/\/digital58.com.ve\/site\/wp-content\/uploads\/2021\/04\/banner-telegram-web-2021.png\" alt=\"\" width=\"600\" height=\"90\" \/><\/a><\/p><\/div><style type=\"text\/css\">\r\n@media screen and (min-width: 1201px) {\r\n.hykgj69f439dce4f98 {\r\ndisplay: block;\r\n}\r\n}\r\n@media screen and (min-width: 993px) and (max-width: 1200px) {\r\n.hykgj69f439dce4f98 {\r\ndisplay: block;\r\n}\r\n}\r\n@media screen and (min-width: 769px) and (max-width: 992px) {\r\n.hykgj69f439dce4f98 {\r\ndisplay: block;\r\n}\r\n}\r\n@media screen and (min-width: 768px) and (max-width: 768px) {\r\n.hykgj69f439dce4f98 {\r\ndisplay: block;\r\n}\r\n}\r\n@media screen and (max-width: 767px) {\r\n.hykgj69f439dce4f98 {\r\ndisplay: block;\r\n}\r\n}\r\n<\/style>\r\n\n<p>&nbsp;<\/p>\n<div style=\"margin-top: 0px; margin-bottom: 0px;\" class=\"sharethis-inline-share-buttons\" ><\/div>","protected":false},"excerpt":{"rendered":"<p>Saab asegur\u00f3 que estos funcionarios actuaron \u00abcomo delincuentes uniformados\u00bb y los calific\u00f3 de infiltrados. Caracas, DC,\u00a0 Venezuela 25 de agosto<\/p>\n","protected":false},"author":26,"featured_media":124365,"comment_status":"open","ping_status":"closed","sticky":false,"template":"","format":"standard","meta":{"colormag_page_container_layout":"default_layout","colormag_page_sidebar_layout":"default_layout","_uag_custom_page_level_css":"","footnotes":""},"categories":[16454],"tags":[4280,20835,18226,13822,20834,20833,233,3966,13915,32,761],"class_list":["post-124363","post","type-post","status-publish","format-standard","has-post-thumbnail","hentry","category-venezuela","tag-cabimas","tag-david-miguel-guerrero-moreno","tag-detencion","tag-faes","tag-freddy-rangel-deroy","tag-guacamaya-tv","tag-nacionales","tag-periodistas","tag-tarek-william-saab","tag-venezuela","tag-zulia"],"yoast_head":"<!-- This site is optimized with the Yoast SEO plugin v27.5 - https:\/\/yoast.com\/product\/yoast-seo-wordpress\/ -->\n<title>Dos jefes del FAES fueron detenidos por el asesinato de periodistas en el Zulia<\/title>\n<meta name=\"description\" content=\"Venezuela\" \/>\n<meta name=\"robots\" content=\"index, follow, max-snippet:-1, max-image-preview:large, max-video-preview:-1\" \/>\n<link rel=\"canonical\" href=\"https:\/\/digital58.com.ve\/site\/2020\/08\/25\/dos-jefes-del-faes-fueron-detenidos-por-el-asesinato-de-periodistas-en-el-zulia\/\" \/>\n<meta property=\"og:locale\" content=\"es_ES\" \/>\n<meta property=\"og:type\" content=\"article\" \/>\n<meta property=\"og:title\" content=\"Dos jefes del FAES fueron detenidos por el asesinato de periodistas en el Zulia\" \/>\n<meta property=\"og:description\" content=\"Venezuela\" \/>\n<meta property=\"og:url\" content=\"https:\/\/digital58.com.ve\/site\/2020\/08\/25\/dos-jefes-del-faes-fueron-detenidos-por-el-asesinato-de-periodistas-en-el-zulia\/\" \/>\n<meta property=\"og:site_name\" content=\"Noticias Digital58\" \/>\n<meta property=\"article:published_time\" content=\"2020-08-25T23:45:55+00:00\" \/>\n<meta property=\"article:modified_time\" content=\"2020-08-26T11:03:43+00:00\" \/>\n<meta property=\"og:image\" content=\"https:\/\/digital58.com.ve\/site\/wp-content\/uploads\/2020\/08\/jhbkg.jpg\" \/>\n\t<meta property=\"og:image:width\" content=\"777\" \/>\n\t<meta property=\"og:image:height\" content=\"437\" \/>\n\t<meta property=\"og:image:type\" content=\"image\/jpeg\" \/>\n<meta name=\"author\" content=\"Molero Luis\" \/>\n<meta name=\"twitter:card\" content=\"summary_large_image\" \/>\n<meta name=\"twitter:creator\" content=\"@Digital_58\" \/>\n<meta name=\"twitter:site\" content=\"@villasmilhfoto\" \/>\n<meta name=\"twitter:label1\" content=\"Escrito por\" \/>\n\t<meta name=\"twitter:data1\" content=\"Molero Luis\" \/>\n\t<meta name=\"twitter:label2\" content=\"Tiempo estimado de lectura\" \/>\n\t<meta name=\"twitter:data2\" content=\"2 minutos\" \/>\n<script type=\"application\/ld+json\" class=\"yoast-schema-graph\">{\"@context\":\"https:\\\/\\\/schema.org\",\"@graph\":[{\"@type\":\"Article\",\"@id\":\"https:\\\/\\\/digital58.com.ve\\\/site\\\/2020\\\/08\\\/25\\\/dos-jefes-del-faes-fueron-detenidos-por-el-asesinato-de-periodistas-en-el-zulia\\\/#article\",\"isPartOf\":{\"@id\":\"https:\\\/\\\/digital58.com.ve\\\/site\\\/2020\\\/08\\\/25\\\/dos-jefes-del-faes-fueron-detenidos-por-el-asesinato-de-periodistas-en-el-zulia\\\/\"},\"author\":{\"name\":\"Molero Luis\",\"@id\":\"https:\\\/\\\/digital58.com.ve\\\/site\\\/#\\\/schema\\\/person\\\/c61667ce6845137620ee3f0aaabade17\"},\"headline\":\"Dos jefes del FAES fueron detenidos por el asesinato de periodistas en el Zulia\",\"datePublished\":\"2020-08-25T23:45:55+00:00\",\"dateModified\":\"2020-08-26T11:03:43+00:00\",\"mainEntityOfPage\":{\"@id\":\"https:\\\/\\\/digital58.com.ve\\\/site\\\/2020\\\/08\\\/25\\\/dos-jefes-del-faes-fueron-detenidos-por-el-asesinato-de-periodistas-en-el-zulia\\\/\"},\"wordCount\":377,\"commentCount\":0,\"publisher\":{\"@id\":\"https:\\\/\\\/digital58.com.ve\\\/site\\\/#\\\/schema\\\/person\\\/64d1c2e4d0d4fd1b849980c4331c2951\"},\"image\":{\"@id\":\"https:\\\/\\\/digital58.com.ve\\\/site\\\/2020\\\/08\\\/25\\\/dos-jefes-del-faes-fueron-detenidos-por-el-asesinato-de-periodistas-en-el-zulia\\\/#primaryimage\"},\"thumbnailUrl\":\"https:\\\/\\\/digital58.com.ve\\\/site\\\/wp-content\\\/uploads\\\/2020\\\/08\\\/jhbkg.jpg\",\"keywords\":[\"Cabimas\",\"David Miguel Guerrero Moreno\",\"Detenci\u00f3n\",\"FAES\",\"Freddy Rangel Deroy\",\"Guacamaya Tv\",\"Nacionales\",\"Periodistas\",\"Tarek William Saab\",\"Venezuela\",\"Zulia\"],\"articleSection\":[\"Venezuela\"],\"inLanguage\":\"es\",\"potentialAction\":[{\"@type\":\"CommentAction\",\"name\":\"Comment\",\"target\":[\"https:\\\/\\\/digital58.com.ve\\\/site\\\/2020\\\/08\\\/25\\\/dos-jefes-del-faes-fueron-detenidos-por-el-asesinato-de-periodistas-en-el-zulia\\\/#respond\"]}]},{\"@type\":\"WebPage\",\"@id\":\"https:\\\/\\\/digital58.com.ve\\\/site\\\/2020\\\/08\\\/25\\\/dos-jefes-del-faes-fueron-detenidos-por-el-asesinato-de-periodistas-en-el-zulia\\\/\",\"url\":\"https:\\\/\\\/digital58.com.ve\\\/site\\\/2020\\\/08\\\/25\\\/dos-jefes-del-faes-fueron-detenidos-por-el-asesinato-de-periodistas-en-el-zulia\\\/\",\"name\":\"Dos jefes del FAES fueron detenidos por el asesinato de periodistas en el Zulia\",\"isPartOf\":{\"@id\":\"https:\\\/\\\/digital58.com.ve\\\/site\\\/#website\"},\"primaryImageOfPage\":{\"@id\":\"https:\\\/\\\/digital58.com.ve\\\/site\\\/2020\\\/08\\\/25\\\/dos-jefes-del-faes-fueron-detenidos-por-el-asesinato-de-periodistas-en-el-zulia\\\/#primaryimage\"},\"image\":{\"@id\":\"https:\\\/\\\/digital58.com.ve\\\/site\\\/2020\\\/08\\\/25\\\/dos-jefes-del-faes-fueron-detenidos-por-el-asesinato-de-periodistas-en-el-zulia\\\/#primaryimage\"},\"thumbnailUrl\":\"https:\\\/\\\/digital58.com.ve\\\/site\\\/wp-content\\\/uploads\\\/2020\\\/08\\\/jhbkg.jpg\",\"datePublished\":\"2020-08-25T23:45:55+00:00\",\"dateModified\":\"2020-08-26T11:03:43+00:00\",\"description\":\"Venezuela\",\"breadcrumb\":{\"@id\":\"https:\\\/\\\/digital58.com.ve\\\/site\\\/2020\\\/08\\\/25\\\/dos-jefes-del-faes-fueron-detenidos-por-el-asesinato-de-periodistas-en-el-zulia\\\/#breadcrumb\"},\"inLanguage\":\"es\",\"potentialAction\":[{\"@type\":\"ReadAction\",\"target\":[\"https:\\\/\\\/digital58.com.ve\\\/site\\\/2020\\\/08\\\/25\\\/dos-jefes-del-faes-fueron-detenidos-por-el-asesinato-de-periodistas-en-el-zulia\\\/\"]}]},{\"@type\":\"ImageObject\",\"inLanguage\":\"es\",\"@id\":\"https:\\\/\\\/digital58.com.ve\\\/site\\\/2020\\\/08\\\/25\\\/dos-jefes-del-faes-fueron-detenidos-por-el-asesinato-de-periodistas-en-el-zulia\\\/#primaryimage\",\"url\":\"https:\\\/\\\/digital58.com.ve\\\/site\\\/wp-content\\\/uploads\\\/2020\\\/08\\\/jhbkg.jpg\",\"contentUrl\":\"https:\\\/\\\/digital58.com.ve\\\/site\\\/wp-content\\\/uploads\\\/2020\\\/08\\\/jhbkg.jpg\",\"width\":777,\"height\":437},{\"@type\":\"BreadcrumbList\",\"@id\":\"https:\\\/\\\/digital58.com.ve\\\/site\\\/2020\\\/08\\\/25\\\/dos-jefes-del-faes-fueron-detenidos-por-el-asesinato-de-periodistas-en-el-zulia\\\/#breadcrumb\",\"itemListElement\":[{\"@type\":\"ListItem\",\"position\":1,\"name\":\"Home\",\"item\":\"https:\\\/\\\/digital58.com.ve\\\/site\\\/\"},{\"@type\":\"ListItem\",\"position\":2,\"name\":\"Dos jefes del FAES fueron detenidos por el asesinato de periodistas en el Zulia\"}]},{\"@type\":\"WebSite\",\"@id\":\"https:\\\/\\\/digital58.com.ve\\\/site\\\/#website\",\"url\":\"https:\\\/\\\/digital58.com.ve\\\/site\\\/\",\"name\":\"Noticias Digital58\",\"description\":\"Portal de Noticias \u00a1Periodismo web de verdad! Lanzamiento web 22.11.2005 \\\/ Maracaibo, Venezuela\",\"publisher\":{\"@id\":\"https:\\\/\\\/digital58.com.ve\\\/site\\\/#\\\/schema\\\/person\\\/64d1c2e4d0d4fd1b849980c4331c2951\"},\"alternateName\":\"ND58\",\"potentialAction\":[{\"@type\":\"SearchAction\",\"target\":{\"@type\":\"EntryPoint\",\"urlTemplate\":\"https:\\\/\\\/digital58.com.ve\\\/site\\\/?s={search_term_string}\"},\"query-input\":{\"@type\":\"PropertyValueSpecification\",\"valueRequired\":true,\"valueName\":\"search_term_string\"}}],\"inLanguage\":\"es\"},{\"@type\":[\"Person\",\"Organization\"],\"@id\":\"https:\\\/\\\/digital58.com.ve\\\/site\\\/#\\\/schema\\\/person\\\/64d1c2e4d0d4fd1b849980c4331c2951\",\"name\":\"Villasmil Henry\",\"image\":{\"@type\":\"ImageObject\",\"inLanguage\":\"es\",\"@id\":\"https:\\\/\\\/secure.gravatar.com\\\/avatar\\\/bb0c4a2fcb7970138239f7e404ea75757b1b507b28b5ce4c53fbd62d797c5a7c?s=96&d=mm&r=g\",\"url\":\"https:\\\/\\\/secure.gravatar.com\\\/avatar\\\/bb0c4a2fcb7970138239f7e404ea75757b1b507b28b5ce4c53fbd62d797c5a7c?s=96&d=mm&r=g\",\"contentUrl\":\"https:\\\/\\\/secure.gravatar.com\\\/avatar\\\/bb0c4a2fcb7970138239f7e404ea75757b1b507b28b5ce4c53fbd62d797c5a7c?s=96&d=mm&r=g\",\"caption\":\"Villasmil Henry\"},\"logo\":{\"@id\":\"https:\\\/\\\/secure.gravatar.com\\\/avatar\\\/bb0c4a2fcb7970138239f7e404ea75757b1b507b28b5ce4c53fbd62d797c5a7c?s=96&d=mm&r=g\"},\"sameAs\":[\"http:\\\/\\\/www.henryvillasmil.com.ve\",\"https:\\\/\\\/www.instagram.com\\\/villasmilhfoto\\\/\",\"https:\\\/\\\/x.com\\\/https:\\\/\\\/twitter.com\\\/villasmilhfoto\"]},{\"@type\":\"Person\",\"@id\":\"https:\\\/\\\/digital58.com.ve\\\/site\\\/#\\\/schema\\\/person\\\/c61667ce6845137620ee3f0aaabade17\",\"name\":\"Molero Luis\",\"image\":{\"@type\":\"ImageObject\",\"inLanguage\":\"es\",\"@id\":\"https:\\\/\\\/secure.gravatar.com\\\/avatar\\\/bf041ec637e3e7405449807deb2f7cf3d2de7c6fa755dd56e985201de9863f2b?s=96&d=mm&r=g\",\"url\":\"https:\\\/\\\/secure.gravatar.com\\\/avatar\\\/bf041ec637e3e7405449807deb2f7cf3d2de7c6fa755dd56e985201de9863f2b?s=96&d=mm&r=g\",\"contentUrl\":\"https:\\\/\\\/secure.gravatar.com\\\/avatar\\\/bf041ec637e3e7405449807deb2f7cf3d2de7c6fa755dd56e985201de9863f2b?s=96&d=mm&r=g\",\"caption\":\"Molero Luis\"},\"url\":\"https:\\\/\\\/digital58.com.ve\\\/site\\\/author\\\/luismolero\\\/\"}]}<\/script>\n<!-- \/ Yoast SEO plugin. -->","yoast_head_json":{"title":"Dos jefes del FAES fueron detenidos por el asesinato de periodistas en el Zulia","description":"Venezuela","robots":{"index":"index","follow":"follow","max-snippet":"max-snippet:-1","max-image-preview":"max-image-preview:large","max-video-preview":"max-video-preview:-1"},"canonical":"https:\/\/digital58.com.ve\/site\/2020\/08\/25\/dos-jefes-del-faes-fueron-detenidos-por-el-asesinato-de-periodistas-en-el-zulia\/","og_locale":"es_ES","og_type":"article","og_title":"Dos jefes del FAES fueron detenidos por el asesinato de periodistas en el Zulia","og_description":"Venezuela","og_url":"https:\/\/digital58.com.ve\/site\/2020\/08\/25\/dos-jefes-del-faes-fueron-detenidos-por-el-asesinato-de-periodistas-en-el-zulia\/","og_site_name":"Noticias Digital58","article_published_time":"2020-08-25T23:45:55+00:00","article_modified_time":"2020-08-26T11:03:43+00:00","og_image":[{"width":777,"height":437,"url":"https:\/\/digital58.com.ve\/site\/wp-content\/uploads\/2020\/08\/jhbkg.jpg","type":"image\/jpeg"}],"author":"Molero Luis","twitter_card":"summary_large_image","twitter_creator":"@Digital_58","twitter_site":"@villasmilhfoto","twitter_misc":{"Escrito por":"Molero Luis","Tiempo estimado de lectura":"2 minutos"},"schema":{"@context":"https:\/\/schema.org","@graph":[{"@type":"Article","@id":"https:\/\/digital58.com.ve\/site\/2020\/08\/25\/dos-jefes-del-faes-fueron-detenidos-por-el-asesinato-de-periodistas-en-el-zulia\/#article","isPartOf":{"@id":"https:\/\/digital58.com.ve\/site\/2020\/08\/25\/dos-jefes-del-faes-fueron-detenidos-por-el-asesinato-de-periodistas-en-el-zulia\/"},"author":{"name":"Molero Luis","@id":"https:\/\/digital58.com.ve\/site\/#\/schema\/person\/c61667ce6845137620ee3f0aaabade17"},"headline":"Dos jefes del FAES fueron detenidos por el asesinato de periodistas en el Zulia","datePublished":"2020-08-25T23:45:55+00:00","dateModified":"2020-08-26T11:03:43+00:00","mainEntityOfPage":{"@id":"https:\/\/digital58.com.ve\/site\/2020\/08\/25\/dos-jefes-del-faes-fueron-detenidos-por-el-asesinato-de-periodistas-en-el-zulia\/"},"wordCount":377,"commentCount":0,"publisher":{"@id":"https:\/\/digital58.com.ve\/site\/#\/schema\/person\/64d1c2e4d0d4fd1b849980c4331c2951"},"image":{"@id":"https:\/\/digital58.com.ve\/site\/2020\/08\/25\/dos-jefes-del-faes-fueron-detenidos-por-el-asesinato-de-periodistas-en-el-zulia\/#primaryimage"},"thumbnailUrl":"https:\/\/digital58.com.ve\/site\/wp-content\/uploads\/2020\/08\/jhbkg.jpg","keywords":["Cabimas","David Miguel Guerrero Moreno","Detenci\u00f3n","FAES","Freddy Rangel Deroy","Guacamaya Tv","Nacionales","Periodistas","Tarek William Saab","Venezuela","Zulia"],"articleSection":["Venezuela"],"inLanguage":"es","potentialAction":[{"@type":"CommentAction","name":"Comment","target":["https:\/\/digital58.com.ve\/site\/2020\/08\/25\/dos-jefes-del-faes-fueron-detenidos-por-el-asesinato-de-periodistas-en-el-zulia\/#respond"]}]},{"@type":"WebPage","@id":"https:\/\/digital58.com.ve\/site\/2020\/08\/25\/dos-jefes-del-faes-fueron-detenidos-por-el-asesinato-de-periodistas-en-el-zulia\/","url":"https:\/\/digital58.com.ve\/site\/2020\/08\/25\/dos-jefes-del-faes-fueron-detenidos-por-el-asesinato-de-periodistas-en-el-zulia\/","name":"Dos jefes del FAES fueron detenidos por el asesinato de periodistas en el Zulia","isPartOf":{"@id":"https:\/\/digital58.com.ve\/site\/#website"},"primaryImageOfPage":{"@id":"https:\/\/digital58.com.ve\/site\/2020\/08\/25\/dos-jefes-del-faes-fueron-detenidos-por-el-asesinato-de-periodistas-en-el-zulia\/#primaryimage"},"image":{"@id":"https:\/\/digital58.com.ve\/site\/2020\/08\/25\/dos-jefes-del-faes-fueron-detenidos-por-el-asesinato-de-periodistas-en-el-zulia\/#primaryimage"},"thumbnailUrl":"https:\/\/digital58.com.ve\/site\/wp-content\/uploads\/2020\/08\/jhbkg.jpg","datePublished":"2020-08-25T23:45:55+00:00","dateModified":"2020-08-26T11:03:43+00:00","description":"Venezuela","breadcrumb":{"@id":"https:\/\/digital58.com.ve\/site\/2020\/08\/25\/dos-jefes-del-faes-fueron-detenidos-por-el-asesinato-de-periodistas-en-el-zulia\/#breadcrumb"},"inLanguage":"es","potentialAction":[{"@type":"ReadAction","target":["https:\/\/digital58.com.ve\/site\/2020\/08\/25\/dos-jefes-del-faes-fueron-detenidos-por-el-asesinato-de-periodistas-en-el-zulia\/"]}]},{"@type":"ImageObject","inLanguage":"es","@id":"https:\/\/digital58.com.ve\/site\/2020\/08\/25\/dos-jefes-del-faes-fueron-detenidos-por-el-asesinato-de-periodistas-en-el-zulia\/#primaryimage","url":"https:\/\/digital58.com.ve\/site\/wp-content\/uploads\/2020\/08\/jhbkg.jpg","contentUrl":"https:\/\/digital58.com.ve\/site\/wp-content\/uploads\/2020\/08\/jhbkg.jpg","width":777,"height":437},{"@type":"BreadcrumbList","@id":"https:\/\/digital58.com.ve\/site\/2020\/08\/25\/dos-jefes-del-faes-fueron-detenidos-por-el-asesinato-de-periodistas-en-el-zulia\/#breadcrumb","itemListElement":[{"@type":"ListItem","position":1,"name":"Home","item":"https:\/\/digital58.com.ve\/site\/"},{"@type":"ListItem","position":2,"name":"Dos jefes del FAES fueron detenidos por el asesinato de periodistas en el Zulia"}]},{"@type":"WebSite","@id":"https:\/\/digital58.com.ve\/site\/#website","url":"https:\/\/digital58.com.ve\/site\/","name":"Noticias Digital58","description":"Portal de Noticias \u00a1Periodismo web de verdad! Lanzamiento web 22.11.2005 \/ Maracaibo, Venezuela","publisher":{"@id":"https:\/\/digital58.com.ve\/site\/#\/schema\/person\/64d1c2e4d0d4fd1b849980c4331c2951"},"alternateName":"ND58","potentialAction":[{"@type":"SearchAction","target":{"@type":"EntryPoint","urlTemplate":"https:\/\/digital58.com.ve\/site\/?s={search_term_string}"},"query-input":{"@type":"PropertyValueSpecification","valueRequired":true,"valueName":"search_term_string"}}],"inLanguage":"es"},{"@type":["Person","Organization"],"@id":"https:\/\/digital58.com.ve\/site\/#\/schema\/person\/64d1c2e4d0d4fd1b849980c4331c2951","name":"Villasmil Henry","image":{"@type":"ImageObject","inLanguage":"es","@id":"https:\/\/secure.gravatar.com\/avatar\/bb0c4a2fcb7970138239f7e404ea75757b1b507b28b5ce4c53fbd62d797c5a7c?s=96&d=mm&r=g","url":"https:\/\/secure.gravatar.com\/avatar\/bb0c4a2fcb7970138239f7e404ea75757b1b507b28b5ce4c53fbd62d797c5a7c?s=96&d=mm&r=g","contentUrl":"https:\/\/secure.gravatar.com\/avatar\/bb0c4a2fcb7970138239f7e404ea75757b1b507b28b5ce4c53fbd62d797c5a7c?s=96&d=mm&r=g","caption":"Villasmil Henry"},"logo":{"@id":"https:\/\/secure.gravatar.com\/avatar\/bb0c4a2fcb7970138239f7e404ea75757b1b507b28b5ce4c53fbd62d797c5a7c?s=96&d=mm&r=g"},"sameAs":["http:\/\/www.henryvillasmil.com.ve","https:\/\/www.instagram.com\/villasmilhfoto\/","https:\/\/x.com\/https:\/\/twitter.com\/villasmilhfoto"]},{"@type":"Person","@id":"https:\/\/digital58.com.ve\/site\/#\/schema\/person\/c61667ce6845137620ee3f0aaabade17","name":"Molero Luis","image":{"@type":"ImageObject","inLanguage":"es","@id":"https:\/\/secure.gravatar.com\/avatar\/bf041ec637e3e7405449807deb2f7cf3d2de7c6fa755dd56e985201de9863f2b?s=96&d=mm&r=g","url":"https:\/\/secure.gravatar.com\/avatar\/bf041ec637e3e7405449807deb2f7cf3d2de7c6fa755dd56e985201de9863f2b?s=96&d=mm&r=g","contentUrl":"https:\/\/secure.gravatar.com\/avatar\/bf041ec637e3e7405449807deb2f7cf3d2de7c6fa755dd56e985201de9863f2b?s=96&d=mm&r=g","caption":"Molero Luis"},"url":"https:\/\/digital58.com.ve\/site\/author\/luismolero\/"}]}},"uagb_featured_image_src":{"full":["https:\/\/digital58.com.ve\/site\/wp-content\/uploads\/2020\/08\/jhbkg.jpg",777,437,false],"thumbnail":["https:\/\/digital58.com.ve\/site\/wp-content\/uploads\/2020\/08\/jhbkg-150x150.jpg",150,150,true],"medium":["https:\/\/digital58.com.ve\/site\/wp-content\/uploads\/2020\/08\/jhbkg-300x169.jpg",300,169,true],"medium_large":["https:\/\/digital58.com.ve\/site\/wp-content\/uploads\/2020\/08\/jhbkg-768x432.jpg",768,432,true],"large":["https:\/\/digital58.com.ve\/site\/wp-content\/uploads\/2020\/08\/jhbkg.jpg",777,437,false],"1536x1536":["https:\/\/digital58.com.ve\/site\/wp-content\/uploads\/2020\/08\/jhbkg.jpg",777,437,false],"2048x2048":["https:\/\/digital58.com.ve\/site\/wp-content\/uploads\/2020\/08\/jhbkg.jpg",777,437,false],"colormag-highlighted-post":["https:\/\/digital58.com.ve\/site\/wp-content\/uploads\/2020\/08\/jhbkg.jpg",392,220,false],"colormag-featured-post-medium":["https:\/\/digital58.com.ve\/site\/wp-content\/uploads\/2020\/08\/jhbkg.jpg",364,205,false],"colormag-featured-post-small":["https:\/\/digital58.com.ve\/site\/wp-content\/uploads\/2020\/08\/jhbkg.jpg",130,73,false],"colormag-featured-image":["https:\/\/digital58.com.ve\/site\/wp-content\/uploads\/2020\/08\/jhbkg.jpg",777,437,false],"colormag-default-news":["https:\/\/digital58.com.ve\/site\/wp-content\/uploads\/2020\/08\/jhbkg.jpg",150,84,false],"colormag-featured-image-large":["https:\/\/digital58.com.ve\/site\/wp-content\/uploads\/2020\/08\/jhbkg.jpg",777,437,false]},"uagb_author_info":{"display_name":"Molero Luis","author_link":"https:\/\/digital58.com.ve\/site\/author\/luismolero\/"},"uagb_comment_info":0,"uagb_excerpt":"Saab asegur\u00f3 que estos funcionarios actuaron \u00abcomo delincuentes uniformados\u00bb y los calific\u00f3 de infiltrados. Caracas, DC,\u00a0 Venezuela 25 de agosto","_links":{"self":[{"href":"https:\/\/digital58.com.ve\/site\/wp-json\/wp\/v2\/posts\/124363","targetHints":{"allow":["GET"]}}],"collection":[{"href":"https:\/\/digital58.com.ve\/site\/wp-json\/wp\/v2\/posts"}],"about":[{"href":"https:\/\/digital58.com.ve\/site\/wp-json\/wp\/v2\/types\/post"}],"author":[{"embeddable":true,"href":"https:\/\/digital58.com.ve\/site\/wp-json\/wp\/v2\/users\/26"}],"replies":[{"embeddable":true,"href":"https:\/\/digital58.com.ve\/site\/wp-json\/wp\/v2\/comments?post=124363"}],"version-history":[{"count":0,"href":"https:\/\/digital58.com.ve\/site\/wp-json\/wp\/v2\/posts\/124363\/revisions"}],"wp:featuredmedia":[{"embeddable":true,"href":"https:\/\/digital58.com.ve\/site\/wp-json\/wp\/v2\/media\/124365"}],"wp:attachment":[{"href":"https:\/\/digital58.com.ve\/site\/wp-json\/wp\/v2\/media?parent=124363"}],"wp:term":[{"taxonomy":"category","embeddable":true,"href":"https:\/\/digital58.com.ve\/site\/wp-json\/wp\/v2\/categories?post=124363"},{"taxonomy":"post_tag","embeddable":true,"href":"https:\/\/digital58.com.ve\/site\/wp-json\/wp\/v2\/tags?post=124363"}],"curies":[{"name":"wp","href":"https:\/\/api.w.org\/{rel}","templated":true}]}}