{"id":124651,"date":"2020-08-27T07:06:52","date_gmt":"2020-08-27T11:06:52","guid":{"rendered":"https:\/\/digital58.com.ve\/site\/?p=124651"},"modified":"2020-09-01T12:44:00","modified_gmt":"2020-09-01T16:44:00","slug":"min-unidad-fue-habilitado-por-el-tsj-para-participar-en-las-elecciones-parlamentarias-del-6d","status":"publish","type":"post","link":"https:\/\/digital58.com.ve\/site\/2020\/08\/27\/min-unidad-fue-habilitado-por-el-tsj-para-participar-en-las-elecciones-parlamentarias-del-6d\/","title":{"rendered":"Min-Unidad fue habilitado por el TSJ para participar en las elecciones parlamentarias del 6D"},"content":{"rendered":"<p><img loading=\"lazy\" decoding=\"async\" class=\"size-full wp-image-124652 aligncenter\" src=\"https:\/\/digital58.com.ve\/site\/wp-content\/uploads\/2020\/08\/Sin-ti\u0301tulo-43.jpg\" alt=\"\" width=\"800\" height=\"534\" srcset=\"https:\/\/digital58.com.ve\/site\/wp-content\/uploads\/2020\/08\/Sin-ti\u0301tulo-43.jpg 800w, https:\/\/digital58.com.ve\/site\/wp-content\/uploads\/2020\/08\/Sin-ti\u0301tulo-43-300x200.jpg 300w, https:\/\/digital58.com.ve\/site\/wp-content\/uploads\/2020\/08\/Sin-ti\u0301tulo-43-768x513.jpg 768w, https:\/\/digital58.com.ve\/site\/wp-content\/uploads\/2020\/08\/Sin-ti\u0301tulo-43-720x480.jpg 720w, https:\/\/digital58.com.ve\/site\/wp-content\/uploads\/2020\/08\/Sin-ti\u0301tulo-43-480x320.jpg 480w\" sizes=\"auto, (max-width: 800px) 100vw, 800px\" \/><\/p>\n<p>La decisi\u00f3n se suma a la lista de sentencias dadas por el tribunal en el que intervienen a partidos pol\u00edticos\u00a0 de cara a sus respectivas participaciones en el evento electoral de diciembre.<\/p>\n<p><strong>Caracas, DC,\u00a0<\/strong><b>\u00a0Venezuela 27 de agosto de 2020 (ND58).-<\/b>\u00a0\u00a0El Tribunal Supremo de Justicia (TSJ) \u00a0habilit\u00f3 la participaci\u00f3n del partido Movimiento de Integridad Nacional-Unidad (Min-Unidad) en las pr\u00f3ximas elecciones del 6 de diciembre.<\/p>\n<p>En la sentencia 0126 publicada en la p\u00e1gina web del TSJ, la Sala Constitucional declar\u00f3 competente una acci\u00f3n de amparo presentada por Alfredo Alexander Bosc\u00e1n, miembro del partido, que solicit\u00f3 la habilitaci\u00f3n del partido.<\/p>\n<p>El documento fue redactado por el magistrado Juan Mendoza.<\/p>\n<p>Min-Unidad se reintegra de esta manera al tarjet\u00f3n electoral despu\u00e9s de verse obligado a no participar en las parlamentarias de 2015 debido justamente a una intervenci\u00f3n del TSJ.<\/p>\n<p>En esa suspensi\u00f3n el TSJ \u00a0nombr\u00f3 una junta directiva ad hoc, destituy\u00f3 a su entonces presidente, Manuel Alejandro P\u00e9rez Soto, y suspendi\u00f3 al partido debido a una disputa legal.<\/p>\n<p>La decisi\u00f3n se suma a la lista de sentencias dadas por el tribunal en el que intervienen a partidos pol\u00edticos\u00a0 de cara a sus respectivas participaciones en el evento electoral de diciembre.<\/p>\n<p>El martes habilit\u00f3 a Pedro Celestino Veliz para que realice los mencionados tr\u00e1mites ante el CNE por el partido Bandera Roja e igual facultad le otorg\u00f3 a Olga Alejandra Morey por la organizaci\u00f3n pol\u00edtica Compromiso Pa\u00eds (Compa).<\/p><div class=\"spjiy69f09324c6f71\" ><p style=\"text-align: center;\"><a href=\"https:\/\/t.me\/noticiasdigital58\" target=\"_blank\" rel=\"noopener\"><img class=\"aligncenter size-full wp-image-125363\" src=\"https:\/\/digital58.com.ve\/site\/wp-content\/uploads\/2021\/04\/banner-telegram-web-2021.png\" alt=\"\" width=\"600\" height=\"90\" \/><\/a><\/p><\/div><style type=\"text\/css\">\r\n@media screen and (min-width: 1201px) {\r\n.spjiy69f09324c6f71 {\r\ndisplay: block;\r\n}\r\n}\r\n@media screen and (min-width: 993px) and (max-width: 1200px) {\r\n.spjiy69f09324c6f71 {\r\ndisplay: block;\r\n}\r\n}\r\n@media screen and (min-width: 769px) and (max-width: 992px) {\r\n.spjiy69f09324c6f71 {\r\ndisplay: block;\r\n}\r\n}\r\n@media screen and (min-width: 768px) and (max-width: 768px) {\r\n.spjiy69f09324c6f71 {\r\ndisplay: block;\r\n}\r\n}\r\n@media screen and (max-width: 767px) {\r\n.spjiy69f09324c6f71 {\r\ndisplay: block;\r\n}\r\n}\r\n<\/style>\r\n\n<p><b><strong>Re<\/strong><strong>dacci\u00f3n: Molero, Luis\u00a0 (@Moleromarquez) | Fuente: Agencias<br \/>\nEdici\u00f3n: Villasmil, Henry<br \/>\nGr\u00e1ficas: Cortes\u00eda<\/strong><\/b><\/p>\n<div style=\"margin-top: 0px; margin-bottom: 0px;\" class=\"sharethis-inline-share-buttons\" ><\/div>","protected":false},"excerpt":{"rendered":"<p>La decisi\u00f3n se suma a la lista de sentencias dadas por el tribunal en el que intervienen a partidos pol\u00edticos\u00a0<\/p>\n","protected":false},"author":26,"featured_media":124652,"comment_status":"open","ping_status":"closed","sticky":false,"template":"","format":"standard","meta":{"colormag_page_container_layout":"default_layout","colormag_page_sidebar_layout":"default_layout","_uag_custom_page_level_css":"","footnotes":""},"categories":[8610],"tags":[16753,20921,2723,16503,20920,233,20857,13258,14961,32],"class_list":["post-124651","post","type-post","status-publish","format-standard","has-post-thumbnail","hentry","category-politica","tag-6d","tag-alfredo-alexander-boscan","tag-cne","tag-elecciones-parlamentarias-2020","tag-min-unidad","tag-nacionales","tag-pedro-celestino-veliz","tag-politica-nacional","tag-tsj","tag-venezuela"],"yoast_head":"<!-- This site is optimized with the Yoast SEO plugin v27.4 - https:\/\/yoast.com\/product\/yoast-seo-wordpress\/ -->\n<title>Min-Unidad fue habilitado por el TSJ para participar en las elecciones parlamentarias del 6D<\/title>\n<meta name=\"description\" content=\"Pol\u00edtica\" \/>\n<meta name=\"robots\" content=\"index, follow, max-snippet:-1, max-image-preview:large, max-video-preview:-1\" \/>\n<link rel=\"canonical\" href=\"https:\/\/digital58.com.ve\/site\/2020\/08\/27\/min-unidad-fue-habilitado-por-el-tsj-para-participar-en-las-elecciones-parlamentarias-del-6d\/\" \/>\n<meta property=\"og:locale\" content=\"es_ES\" \/>\n<meta property=\"og:type\" content=\"article\" \/>\n<meta property=\"og:title\" content=\"Min-Unidad fue habilitado por el TSJ para participar en las elecciones parlamentarias del 6D\" \/>\n<meta property=\"og:description\" content=\"Pol\u00edtica\" \/>\n<meta property=\"og:url\" content=\"https:\/\/digital58.com.ve\/site\/2020\/08\/27\/min-unidad-fue-habilitado-por-el-tsj-para-participar-en-las-elecciones-parlamentarias-del-6d\/\" \/>\n<meta property=\"og:site_name\" content=\"Noticias Digital58\" \/>\n<meta property=\"article:published_time\" content=\"2020-08-27T11:06:52+00:00\" \/>\n<meta property=\"article:modified_time\" content=\"2020-09-01T16:44:00+00:00\" \/>\n<meta property=\"og:image\" content=\"https:\/\/digital58.com.ve\/site\/wp-content\/uploads\/2020\/08\/Sin-ti\u0301tulo-43.jpg\" \/>\n\t<meta property=\"og:image:width\" content=\"800\" \/>\n\t<meta property=\"og:image:height\" content=\"534\" \/>\n\t<meta property=\"og:image:type\" content=\"image\/jpeg\" \/>\n<meta name=\"author\" content=\"Molero Luis\" \/>\n<meta name=\"twitter:card\" content=\"summary_large_image\" \/>\n<meta name=\"twitter:creator\" content=\"@Digital_58\" \/>\n<meta name=\"twitter:site\" content=\"@villasmilhfoto\" \/>\n<meta name=\"twitter:label1\" content=\"Escrito por\" \/>\n\t<meta name=\"twitter:data1\" content=\"Molero Luis\" \/>\n\t<meta name=\"twitter:label2\" content=\"Tiempo estimado de lectura\" \/>\n\t<meta name=\"twitter:data2\" content=\"1 minuto\" \/>\n<script type=\"application\/ld+json\" class=\"yoast-schema-graph\">{\"@context\":\"https:\\\/\\\/schema.org\",\"@graph\":[{\"@type\":\"Article\",\"@id\":\"https:\\\/\\\/digital58.com.ve\\\/site\\\/2020\\\/08\\\/27\\\/min-unidad-fue-habilitado-por-el-tsj-para-participar-en-las-elecciones-parlamentarias-del-6d\\\/#article\",\"isPartOf\":{\"@id\":\"https:\\\/\\\/digital58.com.ve\\\/site\\\/2020\\\/08\\\/27\\\/min-unidad-fue-habilitado-por-el-tsj-para-participar-en-las-elecciones-parlamentarias-del-6d\\\/\"},\"author\":{\"name\":\"Molero Luis\",\"@id\":\"https:\\\/\\\/digital58.com.ve\\\/site\\\/#\\\/schema\\\/person\\\/c61667ce6845137620ee3f0aaabade17\"},\"headline\":\"Min-Unidad fue habilitado por el TSJ para participar en las elecciones parlamentarias del 6D\",\"datePublished\":\"2020-08-27T11:06:52+00:00\",\"dateModified\":\"2020-09-01T16:44:00+00:00\",\"mainEntityOfPage\":{\"@id\":\"https:\\\/\\\/digital58.com.ve\\\/site\\\/2020\\\/08\\\/27\\\/min-unidad-fue-habilitado-por-el-tsj-para-participar-en-las-elecciones-parlamentarias-del-6d\\\/\"},\"wordCount\":279,\"commentCount\":0,\"publisher\":{\"@id\":\"https:\\\/\\\/digital58.com.ve\\\/site\\\/#\\\/schema\\\/person\\\/64d1c2e4d0d4fd1b849980c4331c2951\"},\"image\":{\"@id\":\"https:\\\/\\\/digital58.com.ve\\\/site\\\/2020\\\/08\\\/27\\\/min-unidad-fue-habilitado-por-el-tsj-para-participar-en-las-elecciones-parlamentarias-del-6d\\\/#primaryimage\"},\"thumbnailUrl\":\"https:\\\/\\\/digital58.com.ve\\\/site\\\/wp-content\\\/uploads\\\/2020\\\/08\\\/Sin-ti\u0301tulo-43.jpg\",\"keywords\":[\"6D\",\"Alfredo Alexander Bosc\u00e1n\",\"CNE\",\"Elecciones Parlamentarias 2020\",\"Min-Unidad\",\"Nacionales\",\"Pedro celestino Veliz\",\"Pol\u00edtica Nacional\",\"TSJ\",\"Venezuela\"],\"articleSection\":[\"Pol\u00edtica\"],\"inLanguage\":\"es\",\"potentialAction\":[{\"@type\":\"CommentAction\",\"name\":\"Comment\",\"target\":[\"https:\\\/\\\/digital58.com.ve\\\/site\\\/2020\\\/08\\\/27\\\/min-unidad-fue-habilitado-por-el-tsj-para-participar-en-las-elecciones-parlamentarias-del-6d\\\/#respond\"]}]},{\"@type\":\"WebPage\",\"@id\":\"https:\\\/\\\/digital58.com.ve\\\/site\\\/2020\\\/08\\\/27\\\/min-unidad-fue-habilitado-por-el-tsj-para-participar-en-las-elecciones-parlamentarias-del-6d\\\/\",\"url\":\"https:\\\/\\\/digital58.com.ve\\\/site\\\/2020\\\/08\\\/27\\\/min-unidad-fue-habilitado-por-el-tsj-para-participar-en-las-elecciones-parlamentarias-del-6d\\\/\",\"name\":\"Min-Unidad fue habilitado por el TSJ para participar en las elecciones parlamentarias del 6D\",\"isPartOf\":{\"@id\":\"https:\\\/\\\/digital58.com.ve\\\/site\\\/#website\"},\"primaryImageOfPage\":{\"@id\":\"https:\\\/\\\/digital58.com.ve\\\/site\\\/2020\\\/08\\\/27\\\/min-unidad-fue-habilitado-por-el-tsj-para-participar-en-las-elecciones-parlamentarias-del-6d\\\/#primaryimage\"},\"image\":{\"@id\":\"https:\\\/\\\/digital58.com.ve\\\/site\\\/2020\\\/08\\\/27\\\/min-unidad-fue-habilitado-por-el-tsj-para-participar-en-las-elecciones-parlamentarias-del-6d\\\/#primaryimage\"},\"thumbnailUrl\":\"https:\\\/\\\/digital58.com.ve\\\/site\\\/wp-content\\\/uploads\\\/2020\\\/08\\\/Sin-ti\u0301tulo-43.jpg\",\"datePublished\":\"2020-08-27T11:06:52+00:00\",\"dateModified\":\"2020-09-01T16:44:00+00:00\",\"description\":\"Pol\u00edtica\",\"breadcrumb\":{\"@id\":\"https:\\\/\\\/digital58.com.ve\\\/site\\\/2020\\\/08\\\/27\\\/min-unidad-fue-habilitado-por-el-tsj-para-participar-en-las-elecciones-parlamentarias-del-6d\\\/#breadcrumb\"},\"inLanguage\":\"es\",\"potentialAction\":[{\"@type\":\"ReadAction\",\"target\":[\"https:\\\/\\\/digital58.com.ve\\\/site\\\/2020\\\/08\\\/27\\\/min-unidad-fue-habilitado-por-el-tsj-para-participar-en-las-elecciones-parlamentarias-del-6d\\\/\"]}]},{\"@type\":\"ImageObject\",\"inLanguage\":\"es\",\"@id\":\"https:\\\/\\\/digital58.com.ve\\\/site\\\/2020\\\/08\\\/27\\\/min-unidad-fue-habilitado-por-el-tsj-para-participar-en-las-elecciones-parlamentarias-del-6d\\\/#primaryimage\",\"url\":\"https:\\\/\\\/digital58.com.ve\\\/site\\\/wp-content\\\/uploads\\\/2020\\\/08\\\/Sin-ti\u0301tulo-43.jpg\",\"contentUrl\":\"https:\\\/\\\/digital58.com.ve\\\/site\\\/wp-content\\\/uploads\\\/2020\\\/08\\\/Sin-ti\u0301tulo-43.jpg\",\"width\":800,\"height\":534},{\"@type\":\"BreadcrumbList\",\"@id\":\"https:\\\/\\\/digital58.com.ve\\\/site\\\/2020\\\/08\\\/27\\\/min-unidad-fue-habilitado-por-el-tsj-para-participar-en-las-elecciones-parlamentarias-del-6d\\\/#breadcrumb\",\"itemListElement\":[{\"@type\":\"ListItem\",\"position\":1,\"name\":\"Home\",\"item\":\"https:\\\/\\\/digital58.com.ve\\\/site\\\/\"},{\"@type\":\"ListItem\",\"position\":2,\"name\":\"Min-Unidad fue habilitado por el TSJ para participar en las elecciones parlamentarias del 6D\"}]},{\"@type\":\"WebSite\",\"@id\":\"https:\\\/\\\/digital58.com.ve\\\/site\\\/#website\",\"url\":\"https:\\\/\\\/digital58.com.ve\\\/site\\\/\",\"name\":\"Noticias Digital58\",\"description\":\"Portal de Noticias \u00a1Periodismo web de verdad! Lanzamiento web 22.11.2005 \\\/ Maracaibo, Venezuela\",\"publisher\":{\"@id\":\"https:\\\/\\\/digital58.com.ve\\\/site\\\/#\\\/schema\\\/person\\\/64d1c2e4d0d4fd1b849980c4331c2951\"},\"alternateName\":\"ND58\",\"potentialAction\":[{\"@type\":\"SearchAction\",\"target\":{\"@type\":\"EntryPoint\",\"urlTemplate\":\"https:\\\/\\\/digital58.com.ve\\\/site\\\/?s={search_term_string}\"},\"query-input\":{\"@type\":\"PropertyValueSpecification\",\"valueRequired\":true,\"valueName\":\"search_term_string\"}}],\"inLanguage\":\"es\"},{\"@type\":[\"Person\",\"Organization\"],\"@id\":\"https:\\\/\\\/digital58.com.ve\\\/site\\\/#\\\/schema\\\/person\\\/64d1c2e4d0d4fd1b849980c4331c2951\",\"name\":\"Villasmil Henry\",\"image\":{\"@type\":\"ImageObject\",\"inLanguage\":\"es\",\"@id\":\"https:\\\/\\\/secure.gravatar.com\\\/avatar\\\/bb0c4a2fcb7970138239f7e404ea75757b1b507b28b5ce4c53fbd62d797c5a7c?s=96&d=mm&r=g\",\"url\":\"https:\\\/\\\/secure.gravatar.com\\\/avatar\\\/bb0c4a2fcb7970138239f7e404ea75757b1b507b28b5ce4c53fbd62d797c5a7c?s=96&d=mm&r=g\",\"contentUrl\":\"https:\\\/\\\/secure.gravatar.com\\\/avatar\\\/bb0c4a2fcb7970138239f7e404ea75757b1b507b28b5ce4c53fbd62d797c5a7c?s=96&d=mm&r=g\",\"caption\":\"Villasmil Henry\"},\"logo\":{\"@id\":\"https:\\\/\\\/secure.gravatar.com\\\/avatar\\\/bb0c4a2fcb7970138239f7e404ea75757b1b507b28b5ce4c53fbd62d797c5a7c?s=96&d=mm&r=g\"},\"sameAs\":[\"http:\\\/\\\/www.henryvillasmil.com.ve\",\"https:\\\/\\\/www.instagram.com\\\/villasmilhfoto\\\/\",\"https:\\\/\\\/x.com\\\/https:\\\/\\\/twitter.com\\\/villasmilhfoto\"]},{\"@type\":\"Person\",\"@id\":\"https:\\\/\\\/digital58.com.ve\\\/site\\\/#\\\/schema\\\/person\\\/c61667ce6845137620ee3f0aaabade17\",\"name\":\"Molero Luis\",\"image\":{\"@type\":\"ImageObject\",\"inLanguage\":\"es\",\"@id\":\"https:\\\/\\\/secure.gravatar.com\\\/avatar\\\/bf041ec637e3e7405449807deb2f7cf3d2de7c6fa755dd56e985201de9863f2b?s=96&d=mm&r=g\",\"url\":\"https:\\\/\\\/secure.gravatar.com\\\/avatar\\\/bf041ec637e3e7405449807deb2f7cf3d2de7c6fa755dd56e985201de9863f2b?s=96&d=mm&r=g\",\"contentUrl\":\"https:\\\/\\\/secure.gravatar.com\\\/avatar\\\/bf041ec637e3e7405449807deb2f7cf3d2de7c6fa755dd56e985201de9863f2b?s=96&d=mm&r=g\",\"caption\":\"Molero Luis\"},\"url\":\"https:\\\/\\\/digital58.com.ve\\\/site\\\/author\\\/luismolero\\\/\"}]}<\/script>\n<!-- \/ Yoast SEO plugin. -->","yoast_head_json":{"title":"Min-Unidad fue habilitado por el TSJ para participar en las elecciones parlamentarias del 6D","description":"Pol\u00edtica","robots":{"index":"index","follow":"follow","max-snippet":"max-snippet:-1","max-image-preview":"max-image-preview:large","max-video-preview":"max-video-preview:-1"},"canonical":"https:\/\/digital58.com.ve\/site\/2020\/08\/27\/min-unidad-fue-habilitado-por-el-tsj-para-participar-en-las-elecciones-parlamentarias-del-6d\/","og_locale":"es_ES","og_type":"article","og_title":"Min-Unidad fue habilitado por el TSJ para participar en las elecciones parlamentarias del 6D","og_description":"Pol\u00edtica","og_url":"https:\/\/digital58.com.ve\/site\/2020\/08\/27\/min-unidad-fue-habilitado-por-el-tsj-para-participar-en-las-elecciones-parlamentarias-del-6d\/","og_site_name":"Noticias Digital58","article_published_time":"2020-08-27T11:06:52+00:00","article_modified_time":"2020-09-01T16:44:00+00:00","og_image":[{"width":800,"height":534,"url":"https:\/\/digital58.com.ve\/site\/wp-content\/uploads\/2020\/08\/Sin-ti\u0301tulo-43.jpg","type":"image\/jpeg"}],"author":"Molero Luis","twitter_card":"summary_large_image","twitter_creator":"@Digital_58","twitter_site":"@villasmilhfoto","twitter_misc":{"Escrito por":"Molero Luis","Tiempo estimado de lectura":"1 minuto"},"schema":{"@context":"https:\/\/schema.org","@graph":[{"@type":"Article","@id":"https:\/\/digital58.com.ve\/site\/2020\/08\/27\/min-unidad-fue-habilitado-por-el-tsj-para-participar-en-las-elecciones-parlamentarias-del-6d\/#article","isPartOf":{"@id":"https:\/\/digital58.com.ve\/site\/2020\/08\/27\/min-unidad-fue-habilitado-por-el-tsj-para-participar-en-las-elecciones-parlamentarias-del-6d\/"},"author":{"name":"Molero Luis","@id":"https:\/\/digital58.com.ve\/site\/#\/schema\/person\/c61667ce6845137620ee3f0aaabade17"},"headline":"Min-Unidad fue habilitado por el TSJ para participar en las elecciones parlamentarias del 6D","datePublished":"2020-08-27T11:06:52+00:00","dateModified":"2020-09-01T16:44:00+00:00","mainEntityOfPage":{"@id":"https:\/\/digital58.com.ve\/site\/2020\/08\/27\/min-unidad-fue-habilitado-por-el-tsj-para-participar-en-las-elecciones-parlamentarias-del-6d\/"},"wordCount":279,"commentCount":0,"publisher":{"@id":"https:\/\/digital58.com.ve\/site\/#\/schema\/person\/64d1c2e4d0d4fd1b849980c4331c2951"},"image":{"@id":"https:\/\/digital58.com.ve\/site\/2020\/08\/27\/min-unidad-fue-habilitado-por-el-tsj-para-participar-en-las-elecciones-parlamentarias-del-6d\/#primaryimage"},"thumbnailUrl":"https:\/\/digital58.com.ve\/site\/wp-content\/uploads\/2020\/08\/Sin-ti\u0301tulo-43.jpg","keywords":["6D","Alfredo Alexander Bosc\u00e1n","CNE","Elecciones Parlamentarias 2020","Min-Unidad","Nacionales","Pedro celestino Veliz","Pol\u00edtica Nacional","TSJ","Venezuela"],"articleSection":["Pol\u00edtica"],"inLanguage":"es","potentialAction":[{"@type":"CommentAction","name":"Comment","target":["https:\/\/digital58.com.ve\/site\/2020\/08\/27\/min-unidad-fue-habilitado-por-el-tsj-para-participar-en-las-elecciones-parlamentarias-del-6d\/#respond"]}]},{"@type":"WebPage","@id":"https:\/\/digital58.com.ve\/site\/2020\/08\/27\/min-unidad-fue-habilitado-por-el-tsj-para-participar-en-las-elecciones-parlamentarias-del-6d\/","url":"https:\/\/digital58.com.ve\/site\/2020\/08\/27\/min-unidad-fue-habilitado-por-el-tsj-para-participar-en-las-elecciones-parlamentarias-del-6d\/","name":"Min-Unidad fue habilitado por el TSJ para participar en las elecciones parlamentarias del 6D","isPartOf":{"@id":"https:\/\/digital58.com.ve\/site\/#website"},"primaryImageOfPage":{"@id":"https:\/\/digital58.com.ve\/site\/2020\/08\/27\/min-unidad-fue-habilitado-por-el-tsj-para-participar-en-las-elecciones-parlamentarias-del-6d\/#primaryimage"},"image":{"@id":"https:\/\/digital58.com.ve\/site\/2020\/08\/27\/min-unidad-fue-habilitado-por-el-tsj-para-participar-en-las-elecciones-parlamentarias-del-6d\/#primaryimage"},"thumbnailUrl":"https:\/\/digital58.com.ve\/site\/wp-content\/uploads\/2020\/08\/Sin-ti\u0301tulo-43.jpg","datePublished":"2020-08-27T11:06:52+00:00","dateModified":"2020-09-01T16:44:00+00:00","description":"Pol\u00edtica","breadcrumb":{"@id":"https:\/\/digital58.com.ve\/site\/2020\/08\/27\/min-unidad-fue-habilitado-por-el-tsj-para-participar-en-las-elecciones-parlamentarias-del-6d\/#breadcrumb"},"inLanguage":"es","potentialAction":[{"@type":"ReadAction","target":["https:\/\/digital58.com.ve\/site\/2020\/08\/27\/min-unidad-fue-habilitado-por-el-tsj-para-participar-en-las-elecciones-parlamentarias-del-6d\/"]}]},{"@type":"ImageObject","inLanguage":"es","@id":"https:\/\/digital58.com.ve\/site\/2020\/08\/27\/min-unidad-fue-habilitado-por-el-tsj-para-participar-en-las-elecciones-parlamentarias-del-6d\/#primaryimage","url":"https:\/\/digital58.com.ve\/site\/wp-content\/uploads\/2020\/08\/Sin-ti\u0301tulo-43.jpg","contentUrl":"https:\/\/digital58.com.ve\/site\/wp-content\/uploads\/2020\/08\/Sin-ti\u0301tulo-43.jpg","width":800,"height":534},{"@type":"BreadcrumbList","@id":"https:\/\/digital58.com.ve\/site\/2020\/08\/27\/min-unidad-fue-habilitado-por-el-tsj-para-participar-en-las-elecciones-parlamentarias-del-6d\/#breadcrumb","itemListElement":[{"@type":"ListItem","position":1,"name":"Home","item":"https:\/\/digital58.com.ve\/site\/"},{"@type":"ListItem","position":2,"name":"Min-Unidad fue habilitado por el TSJ para participar en las elecciones parlamentarias del 6D"}]},{"@type":"WebSite","@id":"https:\/\/digital58.com.ve\/site\/#website","url":"https:\/\/digital58.com.ve\/site\/","name":"Noticias Digital58","description":"Portal de Noticias \u00a1Periodismo web de verdad! Lanzamiento web 22.11.2005 \/ Maracaibo, Venezuela","publisher":{"@id":"https:\/\/digital58.com.ve\/site\/#\/schema\/person\/64d1c2e4d0d4fd1b849980c4331c2951"},"alternateName":"ND58","potentialAction":[{"@type":"SearchAction","target":{"@type":"EntryPoint","urlTemplate":"https:\/\/digital58.com.ve\/site\/?s={search_term_string}"},"query-input":{"@type":"PropertyValueSpecification","valueRequired":true,"valueName":"search_term_string"}}],"inLanguage":"es"},{"@type":["Person","Organization"],"@id":"https:\/\/digital58.com.ve\/site\/#\/schema\/person\/64d1c2e4d0d4fd1b849980c4331c2951","name":"Villasmil Henry","image":{"@type":"ImageObject","inLanguage":"es","@id":"https:\/\/secure.gravatar.com\/avatar\/bb0c4a2fcb7970138239f7e404ea75757b1b507b28b5ce4c53fbd62d797c5a7c?s=96&d=mm&r=g","url":"https:\/\/secure.gravatar.com\/avatar\/bb0c4a2fcb7970138239f7e404ea75757b1b507b28b5ce4c53fbd62d797c5a7c?s=96&d=mm&r=g","contentUrl":"https:\/\/secure.gravatar.com\/avatar\/bb0c4a2fcb7970138239f7e404ea75757b1b507b28b5ce4c53fbd62d797c5a7c?s=96&d=mm&r=g","caption":"Villasmil Henry"},"logo":{"@id":"https:\/\/secure.gravatar.com\/avatar\/bb0c4a2fcb7970138239f7e404ea75757b1b507b28b5ce4c53fbd62d797c5a7c?s=96&d=mm&r=g"},"sameAs":["http:\/\/www.henryvillasmil.com.ve","https:\/\/www.instagram.com\/villasmilhfoto\/","https:\/\/x.com\/https:\/\/twitter.com\/villasmilhfoto"]},{"@type":"Person","@id":"https:\/\/digital58.com.ve\/site\/#\/schema\/person\/c61667ce6845137620ee3f0aaabade17","name":"Molero Luis","image":{"@type":"ImageObject","inLanguage":"es","@id":"https:\/\/secure.gravatar.com\/avatar\/bf041ec637e3e7405449807deb2f7cf3d2de7c6fa755dd56e985201de9863f2b?s=96&d=mm&r=g","url":"https:\/\/secure.gravatar.com\/avatar\/bf041ec637e3e7405449807deb2f7cf3d2de7c6fa755dd56e985201de9863f2b?s=96&d=mm&r=g","contentUrl":"https:\/\/secure.gravatar.com\/avatar\/bf041ec637e3e7405449807deb2f7cf3d2de7c6fa755dd56e985201de9863f2b?s=96&d=mm&r=g","caption":"Molero Luis"},"url":"https:\/\/digital58.com.ve\/site\/author\/luismolero\/"}]}},"uagb_featured_image_src":{"full":["https:\/\/digital58.com.ve\/site\/wp-content\/uploads\/2020\/08\/Sin-ti\u0301tulo-43.jpg",800,534,false],"thumbnail":["https:\/\/digital58.com.ve\/site\/wp-content\/uploads\/2020\/08\/Sin-ti\u0301tulo-43-150x150.jpg",150,150,true],"medium":["https:\/\/digital58.com.ve\/site\/wp-content\/uploads\/2020\/08\/Sin-ti\u0301tulo-43-300x200.jpg",300,200,true],"medium_large":["https:\/\/digital58.com.ve\/site\/wp-content\/uploads\/2020\/08\/Sin-ti\u0301tulo-43-768x513.jpg",768,513,true],"large":["https:\/\/digital58.com.ve\/site\/wp-content\/uploads\/2020\/08\/Sin-ti\u0301tulo-43.jpg",800,534,false],"1536x1536":["https:\/\/digital58.com.ve\/site\/wp-content\/uploads\/2020\/08\/Sin-ti\u0301tulo-43.jpg",800,534,false],"2048x2048":["https:\/\/digital58.com.ve\/site\/wp-content\/uploads\/2020\/08\/Sin-ti\u0301tulo-43.jpg",800,534,false],"colormag-highlighted-post":["https:\/\/digital58.com.ve\/site\/wp-content\/uploads\/2020\/08\/Sin-ti\u0301tulo-43.jpg",392,262,false],"colormag-featured-post-medium":["https:\/\/digital58.com.ve\/site\/wp-content\/uploads\/2020\/08\/Sin-ti\u0301tulo-43.jpg",307,205,false],"colormag-featured-post-small":["https:\/\/digital58.com.ve\/site\/wp-content\/uploads\/2020\/08\/Sin-ti\u0301tulo-43.jpg",130,87,false],"colormag-featured-image":["https:\/\/digital58.com.ve\/site\/wp-content\/uploads\/2020\/08\/Sin-ti\u0301tulo-43.jpg",667,445,false],"colormag-default-news":["https:\/\/digital58.com.ve\/site\/wp-content\/uploads\/2020\/08\/Sin-ti\u0301tulo-43.jpg",150,100,false],"colormag-featured-image-large":["https:\/\/digital58.com.ve\/site\/wp-content\/uploads\/2020\/08\/Sin-ti\u0301tulo-43.jpg",800,534,false]},"uagb_author_info":{"display_name":"Molero Luis","author_link":"https:\/\/digital58.com.ve\/site\/author\/luismolero\/"},"uagb_comment_info":0,"uagb_excerpt":"La decisi\u00f3n se suma a la lista de sentencias dadas por el tribunal en el que intervienen a partidos pol\u00edticos\u00a0","_links":{"self":[{"href":"https:\/\/digital58.com.ve\/site\/wp-json\/wp\/v2\/posts\/124651","targetHints":{"allow":["GET"]}}],"collection":[{"href":"https:\/\/digital58.com.ve\/site\/wp-json\/wp\/v2\/posts"}],"about":[{"href":"https:\/\/digital58.com.ve\/site\/wp-json\/wp\/v2\/types\/post"}],"author":[{"embeddable":true,"href":"https:\/\/digital58.com.ve\/site\/wp-json\/wp\/v2\/users\/26"}],"replies":[{"embeddable":true,"href":"https:\/\/digital58.com.ve\/site\/wp-json\/wp\/v2\/comments?post=124651"}],"version-history":[{"count":0,"href":"https:\/\/digital58.com.ve\/site\/wp-json\/wp\/v2\/posts\/124651\/revisions"}],"wp:featuredmedia":[{"embeddable":true,"href":"https:\/\/digital58.com.ve\/site\/wp-json\/wp\/v2\/media\/124652"}],"wp:attachment":[{"href":"https:\/\/digital58.com.ve\/site\/wp-json\/wp\/v2\/media?parent=124651"}],"wp:term":[{"taxonomy":"category","embeddable":true,"href":"https:\/\/digital58.com.ve\/site\/wp-json\/wp\/v2\/categories?post=124651"},{"taxonomy":"post_tag","embeddable":true,"href":"https:\/\/digital58.com.ve\/site\/wp-json\/wp\/v2\/tags?post=124651"}],"curies":[{"name":"wp","href":"https:\/\/api.w.org\/{rel}","templated":true}]}}