{"id":124774,"date":"2020-08-27T15:57:31","date_gmt":"2020-08-27T19:57:31","guid":{"rendered":"https:\/\/digital58.com.ve\/site\/?p=124774"},"modified":"2020-08-27T15:57:31","modified_gmt":"2020-08-27T19:57:31","slug":"katy-perry-y-orlando-bloom-se-convierten-en-padres","status":"publish","type":"post","link":"https:\/\/digital58.com.ve\/site\/2020\/08\/27\/katy-perry-y-orlando-bloom-se-convierten-en-padres\/","title":{"rendered":"Katy Perry y Orlando Bloom se convierten en padres"},"content":{"rendered":"\r\n<p><img loading=\"lazy\" decoding=\"async\" class=\"alignnone size-full wp-image-124789\" src=\"https:\/\/digital58.com.ve\/site\/wp-content\/uploads\/2020\/08\/katyperryorlando-3af21df7cf88552dbef545d1019d0a9f-1200x800-1.jpg\" alt=\"\" width=\"1200\" height=\"800\" srcset=\"https:\/\/digital58.com.ve\/site\/wp-content\/uploads\/2020\/08\/katyperryorlando-3af21df7cf88552dbef545d1019d0a9f-1200x800-1.jpg 800w, https:\/\/digital58.com.ve\/site\/wp-content\/uploads\/2020\/08\/katyperryorlando-3af21df7cf88552dbef545d1019d0a9f-1200x800-1-300x200.jpg 300w, https:\/\/digital58.com.ve\/site\/wp-content\/uploads\/2020\/08\/katyperryorlando-3af21df7cf88552dbef545d1019d0a9f-1200x800-1-768x512.jpg 768w, https:\/\/digital58.com.ve\/site\/wp-content\/uploads\/2020\/08\/katyperryorlando-3af21df7cf88552dbef545d1019d0a9f-1200x800-1-720x480.jpg 720w, https:\/\/digital58.com.ve\/site\/wp-content\/uploads\/2020\/08\/katyperryorlando-3af21df7cf88552dbef545d1019d0a9f-1200x800-1-480x320.jpg 480w\" sizes=\"auto, (max-width: 1200px) 100vw, 1200px\" \/><\/p>\r\n<p>La pareja de artistas, por fin anunciaron el nacimiento de su peque\u00f1a reci\u00e9n nacida, ambos recientemente compartieron el milagro de la vida, a trav\u00e9s de las redes sociales.<br \/><br \/><strong>Internacionales, 27 de agosto de 2020 (ND58).-<\/strong> La cantante de pop Katy Perry y el actor Orlando Bloom compartieron con el mundo la alegre noticia del nacimiento de su hija Daisy Dove Bloom, en sus cuentas personales de Instagram. \u00abEstamos llenos de amor y asombr\u00f3 por la llegada sana y segura de nuestra hija, nos dijeron Katy y Orlando\u00bb, de este modo comienza el mensaje difundido en las redes sociales.<br \/><br \/>Katy Perry de 35 a\u00f1os, anteriormente anunci\u00f3 la noticia de su embaraz\u00f3 en el videoclip donde present\u00f3 su nueva canci\u00f3n \u00abNever worn white\u00bb donde revel\u00f3 que ya se encontraba lista para encarar una nueva etapa de su vida, llena de compromisos.<br \/><br \/>\u00abQuiero intentarlo contigo. No, nunca he vestido de blanco, pero estoy aqu\u00ed esta noche, porque de verdad quiero decir s\u00ed quiero\u00bb. relata el tema musical.<\/p>\r\n<p><img loading=\"lazy\" decoding=\"async\" class=\"alignnone size-full wp-image-124790\" src=\"https:\/\/digital58.com.ve\/site\/wp-content\/uploads\/2020\/08\/daisy-dove-bloom.jpg\" alt=\"\" width=\"1140\" height=\"1294\" srcset=\"https:\/\/digital58.com.ve\/site\/wp-content\/uploads\/2020\/08\/daisy-dove-bloom.jpg 529w, https:\/\/digital58.com.ve\/site\/wp-content\/uploads\/2020\/08\/daisy-dove-bloom-264x300.jpg 264w, https:\/\/digital58.com.ve\/site\/wp-content\/uploads\/2020\/08\/daisy-dove-bloom-902x1024.jpg 902w, https:\/\/digital58.com.ve\/site\/wp-content\/uploads\/2020\/08\/daisy-dove-bloom-768x872.jpg 768w\" sizes=\"auto, (max-width: 1140px) 100vw, 1140px\" \/><br \/><br \/>Sin embargo, en esta oportunidad las estrellas se alinearon para que el estren\u00f3 de su nuevo lanzamiento musical, previsto para este viernes 28 de agosto, del \u00e1lbum \u00abSmile\u00bb, coincidiera con el nacimiento de su hija.<\/p>\r\n<p>Por su parte la cantante estadounidense se convierte por primera vez en madre, de Daisy, mientras que el actor Orlando Bloom, de 43 a\u00f1os, es por segunda vez, ya que es padre de un ni\u00f1o de 9 a\u00f1os, llamado Flynn, fruto de su ex matrimonio con la modelo Miranda Kerr. La pareja anunci\u00f3 su compromiso en San Valent\u00edn 2019, luego de tres a\u00f1os de relaci\u00f3n.<\/p><div class=\"rfsuk69f2969a3a156\" ><p style=\"text-align: center;\"><a href=\"https:\/\/t.me\/noticiasdigital58\" target=\"_blank\" rel=\"noopener\"><img class=\"aligncenter size-full wp-image-125363\" src=\"https:\/\/digital58.com.ve\/site\/wp-content\/uploads\/2021\/04\/banner-telegram-web-2021.png\" alt=\"\" width=\"600\" height=\"90\" \/><\/a><\/p><\/div><style type=\"text\/css\">\r\n@media screen and (min-width: 1201px) {\r\n.rfsuk69f2969a3a156 {\r\ndisplay: block;\r\n}\r\n}\r\n@media screen and (min-width: 993px) and (max-width: 1200px) {\r\n.rfsuk69f2969a3a156 {\r\ndisplay: block;\r\n}\r\n}\r\n@media screen and (min-width: 769px) and (max-width: 992px) {\r\n.rfsuk69f2969a3a156 {\r\ndisplay: block;\r\n}\r\n}\r\n@media screen and (min-width: 768px) and (max-width: 768px) {\r\n.rfsuk69f2969a3a156 {\r\ndisplay: block;\r\n}\r\n}\r\n@media screen and (max-width: 767px) {\r\n.rfsuk69f2969a3a156 {\r\ndisplay: block;\r\n}\r\n}\r\n<\/style>\r\n\r\n<p><strong>Redacci\u00f3n: Rubio, Laura Isabel (@lauraisabelrubio) | Fuente: EFE<\/strong><br \/><strong>Edici\u00f3n: Villasmil, Henry<\/strong><br \/><strong>Gr\u00e1ficas: Cortes\u00eda<\/strong><\/p>\r\n<div style=\"margin-top: 0px; margin-bottom: 0px;\" class=\"sharethis-inline-share-buttons\" ><\/div>","protected":false},"excerpt":{"rendered":"<p>La pareja de artistas, por fin anunciaron el nacimiento de su peque\u00f1a reci\u00e9n nacida, ambos recientemente compartieron el milagro de<\/p>\n","protected":false},"author":28,"featured_media":124789,"comment_status":"open","ping_status":"closed","sticky":false,"template":"","format":"standard","meta":{"colormag_page_container_layout":"default_layout","colormag_page_sidebar_layout":"default_layout","_uag_custom_page_level_css":"","footnotes":""},"categories":[1],"tags":[78,20964,50,273,942,8,2669,61,1280,2553,248,20963],"class_list":["post-124774","post","type-post","status-publish","format-standard","has-post-thumbnail","hentry","category-fama","tag-cantantes","tag-daisy-dove-bloom","tag-entretenimiento","tag-farandula","tag-instagram","tag-internacionales","tag-katy-perry","tag-musica","tag-nacimientos","tag-orlando-bloom","tag-redes-sociales","tag-smile"],"yoast_head":"<!-- This site is optimized with the Yoast SEO plugin v27.5 - https:\/\/yoast.com\/product\/yoast-seo-wordpress\/ -->\n<title>Katy Perry y Orlando Bloom se convierten en padres<\/title>\n<meta name=\"description\" content=\"Fama\" \/>\n<meta name=\"robots\" content=\"index, follow, max-snippet:-1, max-image-preview:large, max-video-preview:-1\" \/>\n<link rel=\"canonical\" href=\"https:\/\/digital58.com.ve\/site\/2020\/08\/27\/katy-perry-y-orlando-bloom-se-convierten-en-padres\/\" \/>\n<meta property=\"og:locale\" content=\"es_ES\" \/>\n<meta property=\"og:type\" content=\"article\" \/>\n<meta property=\"og:title\" content=\"Katy Perry y Orlando Bloom se convierten en padres\" \/>\n<meta property=\"og:description\" content=\"Fama\" \/>\n<meta property=\"og:url\" content=\"https:\/\/digital58.com.ve\/site\/2020\/08\/27\/katy-perry-y-orlando-bloom-se-convierten-en-padres\/\" \/>\n<meta property=\"og:site_name\" content=\"Noticias Digital58\" \/>\n<meta property=\"article:published_time\" content=\"2020-08-27T19:57:31+00:00\" \/>\n<meta property=\"og:image\" content=\"https:\/\/digital58.com.ve\/site\/wp-content\/uploads\/2020\/08\/katyperryorlando-3af21df7cf88552dbef545d1019d0a9f-1200x800-1.jpg\" \/>\n\t<meta property=\"og:image:width\" content=\"1200\" \/>\n\t<meta property=\"og:image:height\" content=\"800\" \/>\n\t<meta property=\"og:image:type\" content=\"image\/jpeg\" \/>\n<meta name=\"author\" content=\"Rubio Laura Isabel\" \/>\n<meta name=\"twitter:card\" content=\"summary_large_image\" \/>\n<meta name=\"twitter:creator\" content=\"@Digital_58\" \/>\n<meta name=\"twitter:site\" content=\"@villasmilhfoto\" \/>\n<meta name=\"twitter:label1\" content=\"Escrito por\" \/>\n\t<meta name=\"twitter:data1\" content=\"Rubio Laura Isabel\" \/>\n\t<meta name=\"twitter:label2\" content=\"Tiempo estimado de lectura\" \/>\n\t<meta name=\"twitter:data2\" content=\"1 minuto\" \/>\n<script type=\"application\/ld+json\" class=\"yoast-schema-graph\">{\"@context\":\"https:\\\/\\\/schema.org\",\"@graph\":[{\"@type\":\"Article\",\"@id\":\"https:\\\/\\\/digital58.com.ve\\\/site\\\/2020\\\/08\\\/27\\\/katy-perry-y-orlando-bloom-se-convierten-en-padres\\\/#article\",\"isPartOf\":{\"@id\":\"https:\\\/\\\/digital58.com.ve\\\/site\\\/2020\\\/08\\\/27\\\/katy-perry-y-orlando-bloom-se-convierten-en-padres\\\/\"},\"author\":{\"name\":\"Rubio Laura Isabel\",\"@id\":\"https:\\\/\\\/digital58.com.ve\\\/site\\\/#\\\/schema\\\/person\\\/6672bab44ab958838204ebb2cb0e8d52\"},\"headline\":\"Katy Perry y Orlando Bloom se convierten en padres\",\"datePublished\":\"2020-08-27T19:57:31+00:00\",\"mainEntityOfPage\":{\"@id\":\"https:\\\/\\\/digital58.com.ve\\\/site\\\/2020\\\/08\\\/27\\\/katy-perry-y-orlando-bloom-se-convierten-en-padres\\\/\"},\"wordCount\":294,\"commentCount\":0,\"publisher\":{\"@id\":\"https:\\\/\\\/digital58.com.ve\\\/site\\\/#\\\/schema\\\/person\\\/64d1c2e4d0d4fd1b849980c4331c2951\"},\"image\":{\"@id\":\"https:\\\/\\\/digital58.com.ve\\\/site\\\/2020\\\/08\\\/27\\\/katy-perry-y-orlando-bloom-se-convierten-en-padres\\\/#primaryimage\"},\"thumbnailUrl\":\"https:\\\/\\\/digital58.com.ve\\\/site\\\/wp-content\\\/uploads\\\/2020\\\/08\\\/katyperryorlando-3af21df7cf88552dbef545d1019d0a9f-1200x800-1.jpg\",\"keywords\":[\"Cantantes\",\"Daisy Dove Bloom\",\"Entretenimiento\",\"Far\u00e1ndula\",\"Instagram\",\"Internacionales\",\"Katy Perry\",\"M\u00fasica\",\"Nacimientos\",\"Orlando Bloom\",\"Redes Sociales\",\"Smile\"],\"articleSection\":[\"Fama\"],\"inLanguage\":\"es\",\"potentialAction\":[{\"@type\":\"CommentAction\",\"name\":\"Comment\",\"target\":[\"https:\\\/\\\/digital58.com.ve\\\/site\\\/2020\\\/08\\\/27\\\/katy-perry-y-orlando-bloom-se-convierten-en-padres\\\/#respond\"]}]},{\"@type\":\"WebPage\",\"@id\":\"https:\\\/\\\/digital58.com.ve\\\/site\\\/2020\\\/08\\\/27\\\/katy-perry-y-orlando-bloom-se-convierten-en-padres\\\/\",\"url\":\"https:\\\/\\\/digital58.com.ve\\\/site\\\/2020\\\/08\\\/27\\\/katy-perry-y-orlando-bloom-se-convierten-en-padres\\\/\",\"name\":\"Katy Perry y Orlando Bloom se convierten en padres\",\"isPartOf\":{\"@id\":\"https:\\\/\\\/digital58.com.ve\\\/site\\\/#website\"},\"primaryImageOfPage\":{\"@id\":\"https:\\\/\\\/digital58.com.ve\\\/site\\\/2020\\\/08\\\/27\\\/katy-perry-y-orlando-bloom-se-convierten-en-padres\\\/#primaryimage\"},\"image\":{\"@id\":\"https:\\\/\\\/digital58.com.ve\\\/site\\\/2020\\\/08\\\/27\\\/katy-perry-y-orlando-bloom-se-convierten-en-padres\\\/#primaryimage\"},\"thumbnailUrl\":\"https:\\\/\\\/digital58.com.ve\\\/site\\\/wp-content\\\/uploads\\\/2020\\\/08\\\/katyperryorlando-3af21df7cf88552dbef545d1019d0a9f-1200x800-1.jpg\",\"datePublished\":\"2020-08-27T19:57:31+00:00\",\"description\":\"Fama\",\"breadcrumb\":{\"@id\":\"https:\\\/\\\/digital58.com.ve\\\/site\\\/2020\\\/08\\\/27\\\/katy-perry-y-orlando-bloom-se-convierten-en-padres\\\/#breadcrumb\"},\"inLanguage\":\"es\",\"potentialAction\":[{\"@type\":\"ReadAction\",\"target\":[\"https:\\\/\\\/digital58.com.ve\\\/site\\\/2020\\\/08\\\/27\\\/katy-perry-y-orlando-bloom-se-convierten-en-padres\\\/\"]}]},{\"@type\":\"ImageObject\",\"inLanguage\":\"es\",\"@id\":\"https:\\\/\\\/digital58.com.ve\\\/site\\\/2020\\\/08\\\/27\\\/katy-perry-y-orlando-bloom-se-convierten-en-padres\\\/#primaryimage\",\"url\":\"https:\\\/\\\/digital58.com.ve\\\/site\\\/wp-content\\\/uploads\\\/2020\\\/08\\\/katyperryorlando-3af21df7cf88552dbef545d1019d0a9f-1200x800-1.jpg\",\"contentUrl\":\"https:\\\/\\\/digital58.com.ve\\\/site\\\/wp-content\\\/uploads\\\/2020\\\/08\\\/katyperryorlando-3af21df7cf88552dbef545d1019d0a9f-1200x800-1.jpg\",\"width\":800,\"height\":533},{\"@type\":\"BreadcrumbList\",\"@id\":\"https:\\\/\\\/digital58.com.ve\\\/site\\\/2020\\\/08\\\/27\\\/katy-perry-y-orlando-bloom-se-convierten-en-padres\\\/#breadcrumb\",\"itemListElement\":[{\"@type\":\"ListItem\",\"position\":1,\"name\":\"Home\",\"item\":\"https:\\\/\\\/digital58.com.ve\\\/site\\\/\"},{\"@type\":\"ListItem\",\"position\":2,\"name\":\"Katy Perry y Orlando Bloom se convierten en padres\"}]},{\"@type\":\"WebSite\",\"@id\":\"https:\\\/\\\/digital58.com.ve\\\/site\\\/#website\",\"url\":\"https:\\\/\\\/digital58.com.ve\\\/site\\\/\",\"name\":\"Noticias Digital58\",\"description\":\"Portal de Noticias \u00a1Periodismo web de verdad! Lanzamiento web 22.11.2005 \\\/ Maracaibo, Venezuela\",\"publisher\":{\"@id\":\"https:\\\/\\\/digital58.com.ve\\\/site\\\/#\\\/schema\\\/person\\\/64d1c2e4d0d4fd1b849980c4331c2951\"},\"alternateName\":\"ND58\",\"potentialAction\":[{\"@type\":\"SearchAction\",\"target\":{\"@type\":\"EntryPoint\",\"urlTemplate\":\"https:\\\/\\\/digital58.com.ve\\\/site\\\/?s={search_term_string}\"},\"query-input\":{\"@type\":\"PropertyValueSpecification\",\"valueRequired\":true,\"valueName\":\"search_term_string\"}}],\"inLanguage\":\"es\"},{\"@type\":[\"Person\",\"Organization\"],\"@id\":\"https:\\\/\\\/digital58.com.ve\\\/site\\\/#\\\/schema\\\/person\\\/64d1c2e4d0d4fd1b849980c4331c2951\",\"name\":\"Villasmil Henry\",\"image\":{\"@type\":\"ImageObject\",\"inLanguage\":\"es\",\"@id\":\"https:\\\/\\\/secure.gravatar.com\\\/avatar\\\/bb0c4a2fcb7970138239f7e404ea75757b1b507b28b5ce4c53fbd62d797c5a7c?s=96&d=mm&r=g\",\"url\":\"https:\\\/\\\/secure.gravatar.com\\\/avatar\\\/bb0c4a2fcb7970138239f7e404ea75757b1b507b28b5ce4c53fbd62d797c5a7c?s=96&d=mm&r=g\",\"contentUrl\":\"https:\\\/\\\/secure.gravatar.com\\\/avatar\\\/bb0c4a2fcb7970138239f7e404ea75757b1b507b28b5ce4c53fbd62d797c5a7c?s=96&d=mm&r=g\",\"caption\":\"Villasmil Henry\"},\"logo\":{\"@id\":\"https:\\\/\\\/secure.gravatar.com\\\/avatar\\\/bb0c4a2fcb7970138239f7e404ea75757b1b507b28b5ce4c53fbd62d797c5a7c?s=96&d=mm&r=g\"},\"sameAs\":[\"http:\\\/\\\/www.henryvillasmil.com.ve\",\"https:\\\/\\\/www.instagram.com\\\/villasmilhfoto\\\/\",\"https:\\\/\\\/x.com\\\/https:\\\/\\\/twitter.com\\\/villasmilhfoto\"]},{\"@type\":\"Person\",\"@id\":\"https:\\\/\\\/digital58.com.ve\\\/site\\\/#\\\/schema\\\/person\\\/6672bab44ab958838204ebb2cb0e8d52\",\"name\":\"Rubio Laura Isabel\",\"image\":{\"@type\":\"ImageObject\",\"inLanguage\":\"es\",\"@id\":\"https:\\\/\\\/secure.gravatar.com\\\/avatar\\\/f7cc56b26fb0562df4488ff129a58c3c1a1bd264c9af5f313a9b1797fff1cfb9?s=96&d=mm&r=g\",\"url\":\"https:\\\/\\\/secure.gravatar.com\\\/avatar\\\/f7cc56b26fb0562df4488ff129a58c3c1a1bd264c9af5f313a9b1797fff1cfb9?s=96&d=mm&r=g\",\"contentUrl\":\"https:\\\/\\\/secure.gravatar.com\\\/avatar\\\/f7cc56b26fb0562df4488ff129a58c3c1a1bd264c9af5f313a9b1797fff1cfb9?s=96&d=mm&r=g\",\"caption\":\"Rubio Laura Isabel\"},\"url\":\"https:\\\/\\\/digital58.com.ve\\\/site\\\/author\\\/laurarubio\\\/\"}]}<\/script>\n<!-- \/ Yoast SEO plugin. -->","yoast_head_json":{"title":"Katy Perry y Orlando Bloom se convierten en padres","description":"Fama","robots":{"index":"index","follow":"follow","max-snippet":"max-snippet:-1","max-image-preview":"max-image-preview:large","max-video-preview":"max-video-preview:-1"},"canonical":"https:\/\/digital58.com.ve\/site\/2020\/08\/27\/katy-perry-y-orlando-bloom-se-convierten-en-padres\/","og_locale":"es_ES","og_type":"article","og_title":"Katy Perry y Orlando Bloom se convierten en padres","og_description":"Fama","og_url":"https:\/\/digital58.com.ve\/site\/2020\/08\/27\/katy-perry-y-orlando-bloom-se-convierten-en-padres\/","og_site_name":"Noticias Digital58","article_published_time":"2020-08-27T19:57:31+00:00","og_image":[{"width":1200,"height":800,"url":"https:\/\/digital58.com.ve\/site\/wp-content\/uploads\/2020\/08\/katyperryorlando-3af21df7cf88552dbef545d1019d0a9f-1200x800-1.jpg","type":"image\/jpeg"}],"author":"Rubio Laura Isabel","twitter_card":"summary_large_image","twitter_creator":"@Digital_58","twitter_site":"@villasmilhfoto","twitter_misc":{"Escrito por":"Rubio Laura Isabel","Tiempo estimado de lectura":"1 minuto"},"schema":{"@context":"https:\/\/schema.org","@graph":[{"@type":"Article","@id":"https:\/\/digital58.com.ve\/site\/2020\/08\/27\/katy-perry-y-orlando-bloom-se-convierten-en-padres\/#article","isPartOf":{"@id":"https:\/\/digital58.com.ve\/site\/2020\/08\/27\/katy-perry-y-orlando-bloom-se-convierten-en-padres\/"},"author":{"name":"Rubio Laura Isabel","@id":"https:\/\/digital58.com.ve\/site\/#\/schema\/person\/6672bab44ab958838204ebb2cb0e8d52"},"headline":"Katy Perry y Orlando Bloom se convierten en padres","datePublished":"2020-08-27T19:57:31+00:00","mainEntityOfPage":{"@id":"https:\/\/digital58.com.ve\/site\/2020\/08\/27\/katy-perry-y-orlando-bloom-se-convierten-en-padres\/"},"wordCount":294,"commentCount":0,"publisher":{"@id":"https:\/\/digital58.com.ve\/site\/#\/schema\/person\/64d1c2e4d0d4fd1b849980c4331c2951"},"image":{"@id":"https:\/\/digital58.com.ve\/site\/2020\/08\/27\/katy-perry-y-orlando-bloom-se-convierten-en-padres\/#primaryimage"},"thumbnailUrl":"https:\/\/digital58.com.ve\/site\/wp-content\/uploads\/2020\/08\/katyperryorlando-3af21df7cf88552dbef545d1019d0a9f-1200x800-1.jpg","keywords":["Cantantes","Daisy Dove Bloom","Entretenimiento","Far\u00e1ndula","Instagram","Internacionales","Katy Perry","M\u00fasica","Nacimientos","Orlando Bloom","Redes Sociales","Smile"],"articleSection":["Fama"],"inLanguage":"es","potentialAction":[{"@type":"CommentAction","name":"Comment","target":["https:\/\/digital58.com.ve\/site\/2020\/08\/27\/katy-perry-y-orlando-bloom-se-convierten-en-padres\/#respond"]}]},{"@type":"WebPage","@id":"https:\/\/digital58.com.ve\/site\/2020\/08\/27\/katy-perry-y-orlando-bloom-se-convierten-en-padres\/","url":"https:\/\/digital58.com.ve\/site\/2020\/08\/27\/katy-perry-y-orlando-bloom-se-convierten-en-padres\/","name":"Katy Perry y Orlando Bloom se convierten en padres","isPartOf":{"@id":"https:\/\/digital58.com.ve\/site\/#website"},"primaryImageOfPage":{"@id":"https:\/\/digital58.com.ve\/site\/2020\/08\/27\/katy-perry-y-orlando-bloom-se-convierten-en-padres\/#primaryimage"},"image":{"@id":"https:\/\/digital58.com.ve\/site\/2020\/08\/27\/katy-perry-y-orlando-bloom-se-convierten-en-padres\/#primaryimage"},"thumbnailUrl":"https:\/\/digital58.com.ve\/site\/wp-content\/uploads\/2020\/08\/katyperryorlando-3af21df7cf88552dbef545d1019d0a9f-1200x800-1.jpg","datePublished":"2020-08-27T19:57:31+00:00","description":"Fama","breadcrumb":{"@id":"https:\/\/digital58.com.ve\/site\/2020\/08\/27\/katy-perry-y-orlando-bloom-se-convierten-en-padres\/#breadcrumb"},"inLanguage":"es","potentialAction":[{"@type":"ReadAction","target":["https:\/\/digital58.com.ve\/site\/2020\/08\/27\/katy-perry-y-orlando-bloom-se-convierten-en-padres\/"]}]},{"@type":"ImageObject","inLanguage":"es","@id":"https:\/\/digital58.com.ve\/site\/2020\/08\/27\/katy-perry-y-orlando-bloom-se-convierten-en-padres\/#primaryimage","url":"https:\/\/digital58.com.ve\/site\/wp-content\/uploads\/2020\/08\/katyperryorlando-3af21df7cf88552dbef545d1019d0a9f-1200x800-1.jpg","contentUrl":"https:\/\/digital58.com.ve\/site\/wp-content\/uploads\/2020\/08\/katyperryorlando-3af21df7cf88552dbef545d1019d0a9f-1200x800-1.jpg","width":800,"height":533},{"@type":"BreadcrumbList","@id":"https:\/\/digital58.com.ve\/site\/2020\/08\/27\/katy-perry-y-orlando-bloom-se-convierten-en-padres\/#breadcrumb","itemListElement":[{"@type":"ListItem","position":1,"name":"Home","item":"https:\/\/digital58.com.ve\/site\/"},{"@type":"ListItem","position":2,"name":"Katy Perry y Orlando Bloom se convierten en padres"}]},{"@type":"WebSite","@id":"https:\/\/digital58.com.ve\/site\/#website","url":"https:\/\/digital58.com.ve\/site\/","name":"Noticias Digital58","description":"Portal de Noticias \u00a1Periodismo web de verdad! Lanzamiento web 22.11.2005 \/ Maracaibo, Venezuela","publisher":{"@id":"https:\/\/digital58.com.ve\/site\/#\/schema\/person\/64d1c2e4d0d4fd1b849980c4331c2951"},"alternateName":"ND58","potentialAction":[{"@type":"SearchAction","target":{"@type":"EntryPoint","urlTemplate":"https:\/\/digital58.com.ve\/site\/?s={search_term_string}"},"query-input":{"@type":"PropertyValueSpecification","valueRequired":true,"valueName":"search_term_string"}}],"inLanguage":"es"},{"@type":["Person","Organization"],"@id":"https:\/\/digital58.com.ve\/site\/#\/schema\/person\/64d1c2e4d0d4fd1b849980c4331c2951","name":"Villasmil Henry","image":{"@type":"ImageObject","inLanguage":"es","@id":"https:\/\/secure.gravatar.com\/avatar\/bb0c4a2fcb7970138239f7e404ea75757b1b507b28b5ce4c53fbd62d797c5a7c?s=96&d=mm&r=g","url":"https:\/\/secure.gravatar.com\/avatar\/bb0c4a2fcb7970138239f7e404ea75757b1b507b28b5ce4c53fbd62d797c5a7c?s=96&d=mm&r=g","contentUrl":"https:\/\/secure.gravatar.com\/avatar\/bb0c4a2fcb7970138239f7e404ea75757b1b507b28b5ce4c53fbd62d797c5a7c?s=96&d=mm&r=g","caption":"Villasmil Henry"},"logo":{"@id":"https:\/\/secure.gravatar.com\/avatar\/bb0c4a2fcb7970138239f7e404ea75757b1b507b28b5ce4c53fbd62d797c5a7c?s=96&d=mm&r=g"},"sameAs":["http:\/\/www.henryvillasmil.com.ve","https:\/\/www.instagram.com\/villasmilhfoto\/","https:\/\/x.com\/https:\/\/twitter.com\/villasmilhfoto"]},{"@type":"Person","@id":"https:\/\/digital58.com.ve\/site\/#\/schema\/person\/6672bab44ab958838204ebb2cb0e8d52","name":"Rubio Laura Isabel","image":{"@type":"ImageObject","inLanguage":"es","@id":"https:\/\/secure.gravatar.com\/avatar\/f7cc56b26fb0562df4488ff129a58c3c1a1bd264c9af5f313a9b1797fff1cfb9?s=96&d=mm&r=g","url":"https:\/\/secure.gravatar.com\/avatar\/f7cc56b26fb0562df4488ff129a58c3c1a1bd264c9af5f313a9b1797fff1cfb9?s=96&d=mm&r=g","contentUrl":"https:\/\/secure.gravatar.com\/avatar\/f7cc56b26fb0562df4488ff129a58c3c1a1bd264c9af5f313a9b1797fff1cfb9?s=96&d=mm&r=g","caption":"Rubio Laura Isabel"},"url":"https:\/\/digital58.com.ve\/site\/author\/laurarubio\/"}]}},"uagb_featured_image_src":{"full":["https:\/\/digital58.com.ve\/site\/wp-content\/uploads\/2020\/08\/katyperryorlando-3af21df7cf88552dbef545d1019d0a9f-1200x800-1.jpg",800,533,false],"thumbnail":["https:\/\/digital58.com.ve\/site\/wp-content\/uploads\/2020\/08\/katyperryorlando-3af21df7cf88552dbef545d1019d0a9f-1200x800-1-150x150.jpg",150,150,true],"medium":["https:\/\/digital58.com.ve\/site\/wp-content\/uploads\/2020\/08\/katyperryorlando-3af21df7cf88552dbef545d1019d0a9f-1200x800-1-300x200.jpg",300,200,true],"medium_large":["https:\/\/digital58.com.ve\/site\/wp-content\/uploads\/2020\/08\/katyperryorlando-3af21df7cf88552dbef545d1019d0a9f-1200x800-1-768x512.jpg",768,512,true],"large":["https:\/\/digital58.com.ve\/site\/wp-content\/uploads\/2020\/08\/katyperryorlando-3af21df7cf88552dbef545d1019d0a9f-1200x800-1.jpg",800,533,false],"1536x1536":["https:\/\/digital58.com.ve\/site\/wp-content\/uploads\/2020\/08\/katyperryorlando-3af21df7cf88552dbef545d1019d0a9f-1200x800-1.jpg",800,533,false],"2048x2048":["https:\/\/digital58.com.ve\/site\/wp-content\/uploads\/2020\/08\/katyperryorlando-3af21df7cf88552dbef545d1019d0a9f-1200x800-1.jpg",800,533,false],"colormag-highlighted-post":["https:\/\/digital58.com.ve\/site\/wp-content\/uploads\/2020\/08\/katyperryorlando-3af21df7cf88552dbef545d1019d0a9f-1200x800-1.jpg",392,261,false],"colormag-featured-post-medium":["https:\/\/digital58.com.ve\/site\/wp-content\/uploads\/2020\/08\/katyperryorlando-3af21df7cf88552dbef545d1019d0a9f-1200x800-1.jpg",308,205,false],"colormag-featured-post-small":["https:\/\/digital58.com.ve\/site\/wp-content\/uploads\/2020\/08\/katyperryorlando-3af21df7cf88552dbef545d1019d0a9f-1200x800-1.jpg",130,87,false],"colormag-featured-image":["https:\/\/digital58.com.ve\/site\/wp-content\/uploads\/2020\/08\/katyperryorlando-3af21df7cf88552dbef545d1019d0a9f-1200x800-1.jpg",668,445,false],"colormag-default-news":["https:\/\/digital58.com.ve\/site\/wp-content\/uploads\/2020\/08\/katyperryorlando-3af21df7cf88552dbef545d1019d0a9f-1200x800-1.jpg",150,100,false],"colormag-featured-image-large":["https:\/\/digital58.com.ve\/site\/wp-content\/uploads\/2020\/08\/katyperryorlando-3af21df7cf88552dbef545d1019d0a9f-1200x800-1.jpg",800,533,false]},"uagb_author_info":{"display_name":"Rubio Laura Isabel","author_link":"https:\/\/digital58.com.ve\/site\/author\/laurarubio\/"},"uagb_comment_info":0,"uagb_excerpt":"La pareja de artistas, por fin anunciaron el nacimiento de su peque\u00f1a reci\u00e9n nacida, ambos recientemente compartieron el milagro de","_links":{"self":[{"href":"https:\/\/digital58.com.ve\/site\/wp-json\/wp\/v2\/posts\/124774","targetHints":{"allow":["GET"]}}],"collection":[{"href":"https:\/\/digital58.com.ve\/site\/wp-json\/wp\/v2\/posts"}],"about":[{"href":"https:\/\/digital58.com.ve\/site\/wp-json\/wp\/v2\/types\/post"}],"author":[{"embeddable":true,"href":"https:\/\/digital58.com.ve\/site\/wp-json\/wp\/v2\/users\/28"}],"replies":[{"embeddable":true,"href":"https:\/\/digital58.com.ve\/site\/wp-json\/wp\/v2\/comments?post=124774"}],"version-history":[{"count":0,"href":"https:\/\/digital58.com.ve\/site\/wp-json\/wp\/v2\/posts\/124774\/revisions"}],"wp:featuredmedia":[{"embeddable":true,"href":"https:\/\/digital58.com.ve\/site\/wp-json\/wp\/v2\/media\/124789"}],"wp:attachment":[{"href":"https:\/\/digital58.com.ve\/site\/wp-json\/wp\/v2\/media?parent=124774"}],"wp:term":[{"taxonomy":"category","embeddable":true,"href":"https:\/\/digital58.com.ve\/site\/wp-json\/wp\/v2\/categories?post=124774"},{"taxonomy":"post_tag","embeddable":true,"href":"https:\/\/digital58.com.ve\/site\/wp-json\/wp\/v2\/tags?post=124774"}],"curies":[{"name":"wp","href":"https:\/\/api.w.org\/{rel}","templated":true}]}}