{"id":124865,"date":"2020-08-28T09:16:55","date_gmt":"2020-08-28T13:16:55","guid":{"rendered":"https:\/\/digital58.com.ve\/site\/?p=124865"},"modified":"2020-09-01T12:41:33","modified_gmt":"2020-09-01T16:41:33","slug":"an-desarrolla-un-acuerdo-para-la-compra-de-vacunas-contra-la-covid-19-cuando-la-fda-autorice-alguna-formula","status":"publish","type":"post","link":"https:\/\/digital58.com.ve\/site\/2020\/08\/28\/an-desarrolla-un-acuerdo-para-la-compra-de-vacunas-contra-la-covid-19-cuando-la-fda-autorice-alguna-formula\/","title":{"rendered":"AN desarrolla un acuerdo para la compra de vacunas contra la COVID-19 cuando la FDA autorice alguna f\u00f3rmula"},"content":{"rendered":"<p><img loading=\"lazy\" decoding=\"async\" class=\"size-full wp-image-124866 aligncenter\" src=\"https:\/\/digital58.com.ve\/site\/wp-content\/uploads\/2020\/08\/Asamblea.Nacional-758x505-1.jpg\" alt=\"\" width=\"758\" height=\"505\" srcset=\"https:\/\/digital58.com.ve\/site\/wp-content\/uploads\/2020\/08\/Asamblea.Nacional-758x505-1.jpg 758w, https:\/\/digital58.com.ve\/site\/wp-content\/uploads\/2020\/08\/Asamblea.Nacional-758x505-1-300x200.jpg 300w, https:\/\/digital58.com.ve\/site\/wp-content\/uploads\/2020\/08\/Asamblea.Nacional-758x505-1-720x480.jpg 720w, https:\/\/digital58.com.ve\/site\/wp-content\/uploads\/2020\/08\/Asamblea.Nacional-758x505-1-480x320.jpg 480w\" sizes=\"auto, (max-width: 758px) 100vw, 758px\" \/><\/p>\n<p>El diputado Juan Carlos Velazco, m\u00e9dico y miembro de la Comisi\u00f3n de Salud de la Asamblea Nacional, afirm\u00f3 que se est\u00e1 gestionando un acuerdo con el fin de solicitar los\u00a0 recursos financieros necesarios para la compra de vacunas contra la COVID-19.<\/p>\n<p><strong>Caracas, DC, Venezuela\u00a0<\/strong><b>28 de agosto de 2020 (ND58).-<\/b>\u00a0\u00a0El diputado Juan Carlos Velazco indic\u00f3 se proceder\u00eda con la adquisici\u00f3n de las f\u00f3rmulas una vez que la FDA autorice alguna de las que se desarrollan en el mundo<\/p>\n<p>Los miembros de las comisiones de Salud de la Asamblea Nacional y del Plan Pa\u00eds realizaron una reuni\u00f3n a distancia este jueves sobre la situaci\u00f3n en torno a la pandemia en Venezuela. Aseguraron que trabajan en la b\u00fasqueda de soluciones, incluida la adquisici\u00f3n de vacunas, una vez que sean autorizadas.<\/p>\n<p>Al respecto, el diputado Juan Carlos Velazco, m\u00e9dico y miembro de la Comisi\u00f3n de Salud de la Asamblea Nacional, afirm\u00f3 que se est\u00e1 gestionando un acuerdo con el fin de solicitar los\u00a0 recursos financieros necesarios para la compra de vacunas contra la COVID-19.<\/p>\n<p>Precis\u00f3 que se proceder\u00eda con la compra de las f\u00f3rmulas una vez que la FDA autorice alguna de las que se est\u00e1n desarrollando en el mundo.<\/p>\n<p>El parlamentario tambi\u00e9n se refiri\u00f3 al bono H\u00e9roes de la Salud. Indic\u00f3 que la demora en la asignaci\u00f3n de recursos se debi\u00f3 a que hab\u00eda que cumplir protocolos y regulaciones de organismos internacionales.<\/p>\n<p>\u00abAdem\u00e1s, la OPS y la Cruz Roja est\u00e1n direccionando equipos de protecci\u00f3n y aumentando la capacidad de pruebas PCR en el pa\u00eds gracias al dinero rescatado por el gobierno leg\u00edtimo que se ha gestionado con total transparencia y a trav\u00e9s de organismos internacionales\u00bb, agreg\u00f3<\/p><div class=\"segqw69f572da79012\" ><p style=\"text-align: center;\"><a href=\"https:\/\/t.me\/noticiasdigital58\" target=\"_blank\" rel=\"noopener\"><img class=\"aligncenter size-full wp-image-125363\" src=\"https:\/\/digital58.com.ve\/site\/wp-content\/uploads\/2021\/04\/banner-telegram-web-2021.png\" alt=\"\" width=\"600\" height=\"90\" \/><\/a><\/p><\/div><style type=\"text\/css\">\r\n@media screen and (min-width: 1201px) {\r\n.segqw69f572da79012 {\r\ndisplay: block;\r\n}\r\n}\r\n@media screen and (min-width: 993px) and (max-width: 1200px) {\r\n.segqw69f572da79012 {\r\ndisplay: block;\r\n}\r\n}\r\n@media screen and (min-width: 769px) and (max-width: 992px) {\r\n.segqw69f572da79012 {\r\ndisplay: block;\r\n}\r\n}\r\n@media screen and (min-width: 768px) and (max-width: 768px) {\r\n.segqw69f572da79012 {\r\ndisplay: block;\r\n}\r\n}\r\n@media screen and (max-width: 767px) {\r\n.segqw69f572da79012 {\r\ndisplay: block;\r\n}\r\n}\r\n<\/style>\r\n\n<p><b><strong>Re<\/strong><strong>dacci\u00f3n: Molero, Luis\u00a0 (@Moleromarquez) | Fuente: Agencias<br \/>\nEdici\u00f3n: Villasmil, Henry<br \/>\nGr\u00e1ficas: Cortes\u00eda<\/strong><\/b><\/p>\n<div style=\"margin-top: 0px; margin-bottom: 0px;\" class=\"sharethis-inline-share-buttons\" ><\/div>","protected":false},"excerpt":{"rendered":"<p>El diputado Juan Carlos Velazco, m\u00e9dico y miembro de la Comisi\u00f3n de Salud de la Asamblea Nacional, afirm\u00f3 que se<\/p>\n","protected":false},"author":26,"featured_media":124866,"comment_status":"open","ping_status":"closed","sticky":false,"template":"","format":"standard","meta":{"colormag_page_container_layout":"default_layout","colormag_page_sidebar_layout":"default_layout","_uag_custom_page_level_css":"","footnotes":""},"categories":[8610],"tags":[4384,13352,13648,8051,9144,16929,233,611,13258,2507,32],"class_list":["post-124865","post","type-post","status-publish","format-standard","has-post-thumbnail","hentry","category-politica","tag-asamblea-nacional","tag-coronavirus","tag-covid-19","tag-cruz-roja","tag-fda","tag-juan-carlos-velazco","tag-nacionales","tag-ops","tag-politica-nacional","tag-vacuna","tag-venezuela"],"yoast_head":"<!-- This site is optimized with the Yoast SEO plugin v27.5 - https:\/\/yoast.com\/product\/yoast-seo-wordpress\/ -->\n<title>AN desarrolla un acuerdo para la compra de vacunas contra la COVID-19 cuando la FDA autorice alguna f\u00f3rmula<\/title>\n<meta name=\"description\" content=\"Pol\u00edtica\" \/>\n<meta name=\"robots\" content=\"index, follow, max-snippet:-1, max-image-preview:large, max-video-preview:-1\" \/>\n<link rel=\"canonical\" href=\"https:\/\/digital58.com.ve\/site\/2020\/08\/28\/an-desarrolla-un-acuerdo-para-la-compra-de-vacunas-contra-la-covid-19-cuando-la-fda-autorice-alguna-formula\/\" \/>\n<meta property=\"og:locale\" content=\"es_ES\" \/>\n<meta property=\"og:type\" content=\"article\" \/>\n<meta property=\"og:title\" content=\"AN desarrolla un acuerdo para la compra de vacunas contra la COVID-19 cuando la FDA autorice alguna f\u00f3rmula\" \/>\n<meta property=\"og:description\" content=\"Pol\u00edtica\" \/>\n<meta property=\"og:url\" content=\"https:\/\/digital58.com.ve\/site\/2020\/08\/28\/an-desarrolla-un-acuerdo-para-la-compra-de-vacunas-contra-la-covid-19-cuando-la-fda-autorice-alguna-formula\/\" \/>\n<meta property=\"og:site_name\" content=\"Noticias Digital58\" \/>\n<meta property=\"article:published_time\" content=\"2020-08-28T13:16:55+00:00\" \/>\n<meta property=\"article:modified_time\" content=\"2020-09-01T16:41:33+00:00\" \/>\n<meta property=\"og:image\" content=\"https:\/\/digital58.com.ve\/site\/wp-content\/uploads\/2020\/08\/Asamblea.Nacional-758x505-1.jpg\" \/>\n\t<meta property=\"og:image:width\" content=\"758\" \/>\n\t<meta property=\"og:image:height\" content=\"505\" \/>\n\t<meta property=\"og:image:type\" content=\"image\/jpeg\" \/>\n<meta name=\"author\" content=\"Molero Luis\" \/>\n<meta name=\"twitter:card\" content=\"summary_large_image\" \/>\n<meta name=\"twitter:creator\" content=\"@Digital_58\" \/>\n<meta name=\"twitter:site\" content=\"@villasmilhfoto\" \/>\n<meta name=\"twitter:label1\" content=\"Escrito por\" \/>\n\t<meta name=\"twitter:data1\" content=\"Molero Luis\" \/>\n\t<meta name=\"twitter:label2\" content=\"Tiempo estimado de lectura\" \/>\n\t<meta name=\"twitter:data2\" content=\"2 minutos\" \/>\n<script type=\"application\/ld+json\" class=\"yoast-schema-graph\">{\"@context\":\"https:\\\/\\\/schema.org\",\"@graph\":[{\"@type\":\"Article\",\"@id\":\"https:\\\/\\\/digital58.com.ve\\\/site\\\/2020\\\/08\\\/28\\\/an-desarrolla-un-acuerdo-para-la-compra-de-vacunas-contra-la-covid-19-cuando-la-fda-autorice-alguna-formula\\\/#article\",\"isPartOf\":{\"@id\":\"https:\\\/\\\/digital58.com.ve\\\/site\\\/2020\\\/08\\\/28\\\/an-desarrolla-un-acuerdo-para-la-compra-de-vacunas-contra-la-covid-19-cuando-la-fda-autorice-alguna-formula\\\/\"},\"author\":{\"name\":\"Molero Luis\",\"@id\":\"https:\\\/\\\/digital58.com.ve\\\/site\\\/#\\\/schema\\\/person\\\/c61667ce6845137620ee3f0aaabade17\"},\"headline\":\"AN desarrolla un acuerdo para la compra de vacunas contra la COVID-19 cuando la FDA autorice alguna f\u00f3rmula\",\"datePublished\":\"2020-08-28T13:16:55+00:00\",\"dateModified\":\"2020-09-01T16:41:33+00:00\",\"mainEntityOfPage\":{\"@id\":\"https:\\\/\\\/digital58.com.ve\\\/site\\\/2020\\\/08\\\/28\\\/an-desarrolla-un-acuerdo-para-la-compra-de-vacunas-contra-la-covid-19-cuando-la-fda-autorice-alguna-formula\\\/\"},\"wordCount\":334,\"commentCount\":0,\"publisher\":{\"@id\":\"https:\\\/\\\/digital58.com.ve\\\/site\\\/#\\\/schema\\\/person\\\/64d1c2e4d0d4fd1b849980c4331c2951\"},\"image\":{\"@id\":\"https:\\\/\\\/digital58.com.ve\\\/site\\\/2020\\\/08\\\/28\\\/an-desarrolla-un-acuerdo-para-la-compra-de-vacunas-contra-la-covid-19-cuando-la-fda-autorice-alguna-formula\\\/#primaryimage\"},\"thumbnailUrl\":\"https:\\\/\\\/digital58.com.ve\\\/site\\\/wp-content\\\/uploads\\\/2020\\\/08\\\/Asamblea.Nacional-758x505-1.jpg\",\"keywords\":[\"Asamblea Nacional\",\"Coronavirus\",\"COVID-19\",\"Cruz Roja\",\"FDA\",\"Juan Carlos Velazco\",\"Nacionales\",\"OPS\",\"Pol\u00edtica Nacional\",\"Vacuna\",\"Venezuela\"],\"articleSection\":[\"Pol\u00edtica\"],\"inLanguage\":\"es\",\"potentialAction\":[{\"@type\":\"CommentAction\",\"name\":\"Comment\",\"target\":[\"https:\\\/\\\/digital58.com.ve\\\/site\\\/2020\\\/08\\\/28\\\/an-desarrolla-un-acuerdo-para-la-compra-de-vacunas-contra-la-covid-19-cuando-la-fda-autorice-alguna-formula\\\/#respond\"]}]},{\"@type\":\"WebPage\",\"@id\":\"https:\\\/\\\/digital58.com.ve\\\/site\\\/2020\\\/08\\\/28\\\/an-desarrolla-un-acuerdo-para-la-compra-de-vacunas-contra-la-covid-19-cuando-la-fda-autorice-alguna-formula\\\/\",\"url\":\"https:\\\/\\\/digital58.com.ve\\\/site\\\/2020\\\/08\\\/28\\\/an-desarrolla-un-acuerdo-para-la-compra-de-vacunas-contra-la-covid-19-cuando-la-fda-autorice-alguna-formula\\\/\",\"name\":\"AN desarrolla un acuerdo para la compra de vacunas contra la COVID-19 cuando la FDA autorice alguna f\u00f3rmula\",\"isPartOf\":{\"@id\":\"https:\\\/\\\/digital58.com.ve\\\/site\\\/#website\"},\"primaryImageOfPage\":{\"@id\":\"https:\\\/\\\/digital58.com.ve\\\/site\\\/2020\\\/08\\\/28\\\/an-desarrolla-un-acuerdo-para-la-compra-de-vacunas-contra-la-covid-19-cuando-la-fda-autorice-alguna-formula\\\/#primaryimage\"},\"image\":{\"@id\":\"https:\\\/\\\/digital58.com.ve\\\/site\\\/2020\\\/08\\\/28\\\/an-desarrolla-un-acuerdo-para-la-compra-de-vacunas-contra-la-covid-19-cuando-la-fda-autorice-alguna-formula\\\/#primaryimage\"},\"thumbnailUrl\":\"https:\\\/\\\/digital58.com.ve\\\/site\\\/wp-content\\\/uploads\\\/2020\\\/08\\\/Asamblea.Nacional-758x505-1.jpg\",\"datePublished\":\"2020-08-28T13:16:55+00:00\",\"dateModified\":\"2020-09-01T16:41:33+00:00\",\"description\":\"Pol\u00edtica\",\"breadcrumb\":{\"@id\":\"https:\\\/\\\/digital58.com.ve\\\/site\\\/2020\\\/08\\\/28\\\/an-desarrolla-un-acuerdo-para-la-compra-de-vacunas-contra-la-covid-19-cuando-la-fda-autorice-alguna-formula\\\/#breadcrumb\"},\"inLanguage\":\"es\",\"potentialAction\":[{\"@type\":\"ReadAction\",\"target\":[\"https:\\\/\\\/digital58.com.ve\\\/site\\\/2020\\\/08\\\/28\\\/an-desarrolla-un-acuerdo-para-la-compra-de-vacunas-contra-la-covid-19-cuando-la-fda-autorice-alguna-formula\\\/\"]}]},{\"@type\":\"ImageObject\",\"inLanguage\":\"es\",\"@id\":\"https:\\\/\\\/digital58.com.ve\\\/site\\\/2020\\\/08\\\/28\\\/an-desarrolla-un-acuerdo-para-la-compra-de-vacunas-contra-la-covid-19-cuando-la-fda-autorice-alguna-formula\\\/#primaryimage\",\"url\":\"https:\\\/\\\/digital58.com.ve\\\/site\\\/wp-content\\\/uploads\\\/2020\\\/08\\\/Asamblea.Nacional-758x505-1.jpg\",\"contentUrl\":\"https:\\\/\\\/digital58.com.ve\\\/site\\\/wp-content\\\/uploads\\\/2020\\\/08\\\/Asamblea.Nacional-758x505-1.jpg\",\"width\":758,\"height\":505},{\"@type\":\"BreadcrumbList\",\"@id\":\"https:\\\/\\\/digital58.com.ve\\\/site\\\/2020\\\/08\\\/28\\\/an-desarrolla-un-acuerdo-para-la-compra-de-vacunas-contra-la-covid-19-cuando-la-fda-autorice-alguna-formula\\\/#breadcrumb\",\"itemListElement\":[{\"@type\":\"ListItem\",\"position\":1,\"name\":\"Home\",\"item\":\"https:\\\/\\\/digital58.com.ve\\\/site\\\/\"},{\"@type\":\"ListItem\",\"position\":2,\"name\":\"AN desarrolla un acuerdo para la compra de vacunas contra la COVID-19 cuando la FDA autorice alguna f\u00f3rmula\"}]},{\"@type\":\"WebSite\",\"@id\":\"https:\\\/\\\/digital58.com.ve\\\/site\\\/#website\",\"url\":\"https:\\\/\\\/digital58.com.ve\\\/site\\\/\",\"name\":\"Noticias Digital58\",\"description\":\"Portal de Noticias \u00a1Periodismo web de verdad! Lanzamiento web 22.11.2005 \\\/ Maracaibo, Venezuela\",\"publisher\":{\"@id\":\"https:\\\/\\\/digital58.com.ve\\\/site\\\/#\\\/schema\\\/person\\\/64d1c2e4d0d4fd1b849980c4331c2951\"},\"alternateName\":\"ND58\",\"potentialAction\":[{\"@type\":\"SearchAction\",\"target\":{\"@type\":\"EntryPoint\",\"urlTemplate\":\"https:\\\/\\\/digital58.com.ve\\\/site\\\/?s={search_term_string}\"},\"query-input\":{\"@type\":\"PropertyValueSpecification\",\"valueRequired\":true,\"valueName\":\"search_term_string\"}}],\"inLanguage\":\"es\"},{\"@type\":[\"Person\",\"Organization\"],\"@id\":\"https:\\\/\\\/digital58.com.ve\\\/site\\\/#\\\/schema\\\/person\\\/64d1c2e4d0d4fd1b849980c4331c2951\",\"name\":\"Villasmil Henry\",\"image\":{\"@type\":\"ImageObject\",\"inLanguage\":\"es\",\"@id\":\"https:\\\/\\\/secure.gravatar.com\\\/avatar\\\/bb0c4a2fcb7970138239f7e404ea75757b1b507b28b5ce4c53fbd62d797c5a7c?s=96&d=mm&r=g\",\"url\":\"https:\\\/\\\/secure.gravatar.com\\\/avatar\\\/bb0c4a2fcb7970138239f7e404ea75757b1b507b28b5ce4c53fbd62d797c5a7c?s=96&d=mm&r=g\",\"contentUrl\":\"https:\\\/\\\/secure.gravatar.com\\\/avatar\\\/bb0c4a2fcb7970138239f7e404ea75757b1b507b28b5ce4c53fbd62d797c5a7c?s=96&d=mm&r=g\",\"caption\":\"Villasmil Henry\"},\"logo\":{\"@id\":\"https:\\\/\\\/secure.gravatar.com\\\/avatar\\\/bb0c4a2fcb7970138239f7e404ea75757b1b507b28b5ce4c53fbd62d797c5a7c?s=96&d=mm&r=g\"},\"sameAs\":[\"http:\\\/\\\/www.henryvillasmil.com.ve\",\"https:\\\/\\\/www.instagram.com\\\/villasmilhfoto\\\/\",\"https:\\\/\\\/x.com\\\/https:\\\/\\\/twitter.com\\\/villasmilhfoto\"]},{\"@type\":\"Person\",\"@id\":\"https:\\\/\\\/digital58.com.ve\\\/site\\\/#\\\/schema\\\/person\\\/c61667ce6845137620ee3f0aaabade17\",\"name\":\"Molero Luis\",\"image\":{\"@type\":\"ImageObject\",\"inLanguage\":\"es\",\"@id\":\"https:\\\/\\\/secure.gravatar.com\\\/avatar\\\/bf041ec637e3e7405449807deb2f7cf3d2de7c6fa755dd56e985201de9863f2b?s=96&d=mm&r=g\",\"url\":\"https:\\\/\\\/secure.gravatar.com\\\/avatar\\\/bf041ec637e3e7405449807deb2f7cf3d2de7c6fa755dd56e985201de9863f2b?s=96&d=mm&r=g\",\"contentUrl\":\"https:\\\/\\\/secure.gravatar.com\\\/avatar\\\/bf041ec637e3e7405449807deb2f7cf3d2de7c6fa755dd56e985201de9863f2b?s=96&d=mm&r=g\",\"caption\":\"Molero Luis\"},\"url\":\"https:\\\/\\\/digital58.com.ve\\\/site\\\/author\\\/luismolero\\\/\"}]}<\/script>\n<!-- \/ Yoast SEO plugin. -->","yoast_head_json":{"title":"AN desarrolla un acuerdo para la compra de vacunas contra la COVID-19 cuando la FDA autorice alguna f\u00f3rmula","description":"Pol\u00edtica","robots":{"index":"index","follow":"follow","max-snippet":"max-snippet:-1","max-image-preview":"max-image-preview:large","max-video-preview":"max-video-preview:-1"},"canonical":"https:\/\/digital58.com.ve\/site\/2020\/08\/28\/an-desarrolla-un-acuerdo-para-la-compra-de-vacunas-contra-la-covid-19-cuando-la-fda-autorice-alguna-formula\/","og_locale":"es_ES","og_type":"article","og_title":"AN desarrolla un acuerdo para la compra de vacunas contra la COVID-19 cuando la FDA autorice alguna f\u00f3rmula","og_description":"Pol\u00edtica","og_url":"https:\/\/digital58.com.ve\/site\/2020\/08\/28\/an-desarrolla-un-acuerdo-para-la-compra-de-vacunas-contra-la-covid-19-cuando-la-fda-autorice-alguna-formula\/","og_site_name":"Noticias Digital58","article_published_time":"2020-08-28T13:16:55+00:00","article_modified_time":"2020-09-01T16:41:33+00:00","og_image":[{"width":758,"height":505,"url":"https:\/\/digital58.com.ve\/site\/wp-content\/uploads\/2020\/08\/Asamblea.Nacional-758x505-1.jpg","type":"image\/jpeg"}],"author":"Molero Luis","twitter_card":"summary_large_image","twitter_creator":"@Digital_58","twitter_site":"@villasmilhfoto","twitter_misc":{"Escrito por":"Molero Luis","Tiempo estimado de lectura":"2 minutos"},"schema":{"@context":"https:\/\/schema.org","@graph":[{"@type":"Article","@id":"https:\/\/digital58.com.ve\/site\/2020\/08\/28\/an-desarrolla-un-acuerdo-para-la-compra-de-vacunas-contra-la-covid-19-cuando-la-fda-autorice-alguna-formula\/#article","isPartOf":{"@id":"https:\/\/digital58.com.ve\/site\/2020\/08\/28\/an-desarrolla-un-acuerdo-para-la-compra-de-vacunas-contra-la-covid-19-cuando-la-fda-autorice-alguna-formula\/"},"author":{"name":"Molero Luis","@id":"https:\/\/digital58.com.ve\/site\/#\/schema\/person\/c61667ce6845137620ee3f0aaabade17"},"headline":"AN desarrolla un acuerdo para la compra de vacunas contra la COVID-19 cuando la FDA autorice alguna f\u00f3rmula","datePublished":"2020-08-28T13:16:55+00:00","dateModified":"2020-09-01T16:41:33+00:00","mainEntityOfPage":{"@id":"https:\/\/digital58.com.ve\/site\/2020\/08\/28\/an-desarrolla-un-acuerdo-para-la-compra-de-vacunas-contra-la-covid-19-cuando-la-fda-autorice-alguna-formula\/"},"wordCount":334,"commentCount":0,"publisher":{"@id":"https:\/\/digital58.com.ve\/site\/#\/schema\/person\/64d1c2e4d0d4fd1b849980c4331c2951"},"image":{"@id":"https:\/\/digital58.com.ve\/site\/2020\/08\/28\/an-desarrolla-un-acuerdo-para-la-compra-de-vacunas-contra-la-covid-19-cuando-la-fda-autorice-alguna-formula\/#primaryimage"},"thumbnailUrl":"https:\/\/digital58.com.ve\/site\/wp-content\/uploads\/2020\/08\/Asamblea.Nacional-758x505-1.jpg","keywords":["Asamblea Nacional","Coronavirus","COVID-19","Cruz Roja","FDA","Juan Carlos Velazco","Nacionales","OPS","Pol\u00edtica Nacional","Vacuna","Venezuela"],"articleSection":["Pol\u00edtica"],"inLanguage":"es","potentialAction":[{"@type":"CommentAction","name":"Comment","target":["https:\/\/digital58.com.ve\/site\/2020\/08\/28\/an-desarrolla-un-acuerdo-para-la-compra-de-vacunas-contra-la-covid-19-cuando-la-fda-autorice-alguna-formula\/#respond"]}]},{"@type":"WebPage","@id":"https:\/\/digital58.com.ve\/site\/2020\/08\/28\/an-desarrolla-un-acuerdo-para-la-compra-de-vacunas-contra-la-covid-19-cuando-la-fda-autorice-alguna-formula\/","url":"https:\/\/digital58.com.ve\/site\/2020\/08\/28\/an-desarrolla-un-acuerdo-para-la-compra-de-vacunas-contra-la-covid-19-cuando-la-fda-autorice-alguna-formula\/","name":"AN desarrolla un acuerdo para la compra de vacunas contra la COVID-19 cuando la FDA autorice alguna f\u00f3rmula","isPartOf":{"@id":"https:\/\/digital58.com.ve\/site\/#website"},"primaryImageOfPage":{"@id":"https:\/\/digital58.com.ve\/site\/2020\/08\/28\/an-desarrolla-un-acuerdo-para-la-compra-de-vacunas-contra-la-covid-19-cuando-la-fda-autorice-alguna-formula\/#primaryimage"},"image":{"@id":"https:\/\/digital58.com.ve\/site\/2020\/08\/28\/an-desarrolla-un-acuerdo-para-la-compra-de-vacunas-contra-la-covid-19-cuando-la-fda-autorice-alguna-formula\/#primaryimage"},"thumbnailUrl":"https:\/\/digital58.com.ve\/site\/wp-content\/uploads\/2020\/08\/Asamblea.Nacional-758x505-1.jpg","datePublished":"2020-08-28T13:16:55+00:00","dateModified":"2020-09-01T16:41:33+00:00","description":"Pol\u00edtica","breadcrumb":{"@id":"https:\/\/digital58.com.ve\/site\/2020\/08\/28\/an-desarrolla-un-acuerdo-para-la-compra-de-vacunas-contra-la-covid-19-cuando-la-fda-autorice-alguna-formula\/#breadcrumb"},"inLanguage":"es","potentialAction":[{"@type":"ReadAction","target":["https:\/\/digital58.com.ve\/site\/2020\/08\/28\/an-desarrolla-un-acuerdo-para-la-compra-de-vacunas-contra-la-covid-19-cuando-la-fda-autorice-alguna-formula\/"]}]},{"@type":"ImageObject","inLanguage":"es","@id":"https:\/\/digital58.com.ve\/site\/2020\/08\/28\/an-desarrolla-un-acuerdo-para-la-compra-de-vacunas-contra-la-covid-19-cuando-la-fda-autorice-alguna-formula\/#primaryimage","url":"https:\/\/digital58.com.ve\/site\/wp-content\/uploads\/2020\/08\/Asamblea.Nacional-758x505-1.jpg","contentUrl":"https:\/\/digital58.com.ve\/site\/wp-content\/uploads\/2020\/08\/Asamblea.Nacional-758x505-1.jpg","width":758,"height":505},{"@type":"BreadcrumbList","@id":"https:\/\/digital58.com.ve\/site\/2020\/08\/28\/an-desarrolla-un-acuerdo-para-la-compra-de-vacunas-contra-la-covid-19-cuando-la-fda-autorice-alguna-formula\/#breadcrumb","itemListElement":[{"@type":"ListItem","position":1,"name":"Home","item":"https:\/\/digital58.com.ve\/site\/"},{"@type":"ListItem","position":2,"name":"AN desarrolla un acuerdo para la compra de vacunas contra la COVID-19 cuando la FDA autorice alguna f\u00f3rmula"}]},{"@type":"WebSite","@id":"https:\/\/digital58.com.ve\/site\/#website","url":"https:\/\/digital58.com.ve\/site\/","name":"Noticias Digital58","description":"Portal de Noticias \u00a1Periodismo web de verdad! Lanzamiento web 22.11.2005 \/ Maracaibo, Venezuela","publisher":{"@id":"https:\/\/digital58.com.ve\/site\/#\/schema\/person\/64d1c2e4d0d4fd1b849980c4331c2951"},"alternateName":"ND58","potentialAction":[{"@type":"SearchAction","target":{"@type":"EntryPoint","urlTemplate":"https:\/\/digital58.com.ve\/site\/?s={search_term_string}"},"query-input":{"@type":"PropertyValueSpecification","valueRequired":true,"valueName":"search_term_string"}}],"inLanguage":"es"},{"@type":["Person","Organization"],"@id":"https:\/\/digital58.com.ve\/site\/#\/schema\/person\/64d1c2e4d0d4fd1b849980c4331c2951","name":"Villasmil Henry","image":{"@type":"ImageObject","inLanguage":"es","@id":"https:\/\/secure.gravatar.com\/avatar\/bb0c4a2fcb7970138239f7e404ea75757b1b507b28b5ce4c53fbd62d797c5a7c?s=96&d=mm&r=g","url":"https:\/\/secure.gravatar.com\/avatar\/bb0c4a2fcb7970138239f7e404ea75757b1b507b28b5ce4c53fbd62d797c5a7c?s=96&d=mm&r=g","contentUrl":"https:\/\/secure.gravatar.com\/avatar\/bb0c4a2fcb7970138239f7e404ea75757b1b507b28b5ce4c53fbd62d797c5a7c?s=96&d=mm&r=g","caption":"Villasmil Henry"},"logo":{"@id":"https:\/\/secure.gravatar.com\/avatar\/bb0c4a2fcb7970138239f7e404ea75757b1b507b28b5ce4c53fbd62d797c5a7c?s=96&d=mm&r=g"},"sameAs":["http:\/\/www.henryvillasmil.com.ve","https:\/\/www.instagram.com\/villasmilhfoto\/","https:\/\/x.com\/https:\/\/twitter.com\/villasmilhfoto"]},{"@type":"Person","@id":"https:\/\/digital58.com.ve\/site\/#\/schema\/person\/c61667ce6845137620ee3f0aaabade17","name":"Molero Luis","image":{"@type":"ImageObject","inLanguage":"es","@id":"https:\/\/secure.gravatar.com\/avatar\/bf041ec637e3e7405449807deb2f7cf3d2de7c6fa755dd56e985201de9863f2b?s=96&d=mm&r=g","url":"https:\/\/secure.gravatar.com\/avatar\/bf041ec637e3e7405449807deb2f7cf3d2de7c6fa755dd56e985201de9863f2b?s=96&d=mm&r=g","contentUrl":"https:\/\/secure.gravatar.com\/avatar\/bf041ec637e3e7405449807deb2f7cf3d2de7c6fa755dd56e985201de9863f2b?s=96&d=mm&r=g","caption":"Molero Luis"},"url":"https:\/\/digital58.com.ve\/site\/author\/luismolero\/"}]}},"uagb_featured_image_src":{"full":["https:\/\/digital58.com.ve\/site\/wp-content\/uploads\/2020\/08\/Asamblea.Nacional-758x505-1.jpg",758,505,false],"thumbnail":["https:\/\/digital58.com.ve\/site\/wp-content\/uploads\/2020\/08\/Asamblea.Nacional-758x505-1-150x150.jpg",150,150,true],"medium":["https:\/\/digital58.com.ve\/site\/wp-content\/uploads\/2020\/08\/Asamblea.Nacional-758x505-1-300x200.jpg",300,200,true],"medium_large":["https:\/\/digital58.com.ve\/site\/wp-content\/uploads\/2020\/08\/Asamblea.Nacional-758x505-1.jpg",758,505,false],"large":["https:\/\/digital58.com.ve\/site\/wp-content\/uploads\/2020\/08\/Asamblea.Nacional-758x505-1.jpg",758,505,false],"1536x1536":["https:\/\/digital58.com.ve\/site\/wp-content\/uploads\/2020\/08\/Asamblea.Nacional-758x505-1.jpg",758,505,false],"2048x2048":["https:\/\/digital58.com.ve\/site\/wp-content\/uploads\/2020\/08\/Asamblea.Nacional-758x505-1.jpg",758,505,false],"colormag-highlighted-post":["https:\/\/digital58.com.ve\/site\/wp-content\/uploads\/2020\/08\/Asamblea.Nacional-758x505-1.jpg",392,261,false],"colormag-featured-post-medium":["https:\/\/digital58.com.ve\/site\/wp-content\/uploads\/2020\/08\/Asamblea.Nacional-758x505-1.jpg",308,205,false],"colormag-featured-post-small":["https:\/\/digital58.com.ve\/site\/wp-content\/uploads\/2020\/08\/Asamblea.Nacional-758x505-1.jpg",130,87,false],"colormag-featured-image":["https:\/\/digital58.com.ve\/site\/wp-content\/uploads\/2020\/08\/Asamblea.Nacional-758x505-1.jpg",668,445,false],"colormag-default-news":["https:\/\/digital58.com.ve\/site\/wp-content\/uploads\/2020\/08\/Asamblea.Nacional-758x505-1.jpg",150,100,false],"colormag-featured-image-large":["https:\/\/digital58.com.ve\/site\/wp-content\/uploads\/2020\/08\/Asamblea.Nacional-758x505-1.jpg",758,505,false]},"uagb_author_info":{"display_name":"Molero Luis","author_link":"https:\/\/digital58.com.ve\/site\/author\/luismolero\/"},"uagb_comment_info":0,"uagb_excerpt":"El diputado Juan Carlos Velazco, m\u00e9dico y miembro de la Comisi\u00f3n de Salud de la Asamblea Nacional, afirm\u00f3 que se","_links":{"self":[{"href":"https:\/\/digital58.com.ve\/site\/wp-json\/wp\/v2\/posts\/124865","targetHints":{"allow":["GET"]}}],"collection":[{"href":"https:\/\/digital58.com.ve\/site\/wp-json\/wp\/v2\/posts"}],"about":[{"href":"https:\/\/digital58.com.ve\/site\/wp-json\/wp\/v2\/types\/post"}],"author":[{"embeddable":true,"href":"https:\/\/digital58.com.ve\/site\/wp-json\/wp\/v2\/users\/26"}],"replies":[{"embeddable":true,"href":"https:\/\/digital58.com.ve\/site\/wp-json\/wp\/v2\/comments?post=124865"}],"version-history":[{"count":0,"href":"https:\/\/digital58.com.ve\/site\/wp-json\/wp\/v2\/posts\/124865\/revisions"}],"wp:featuredmedia":[{"embeddable":true,"href":"https:\/\/digital58.com.ve\/site\/wp-json\/wp\/v2\/media\/124866"}],"wp:attachment":[{"href":"https:\/\/digital58.com.ve\/site\/wp-json\/wp\/v2\/media?parent=124865"}],"wp:term":[{"taxonomy":"category","embeddable":true,"href":"https:\/\/digital58.com.ve\/site\/wp-json\/wp\/v2\/categories?post=124865"},{"taxonomy":"post_tag","embeddable":true,"href":"https:\/\/digital58.com.ve\/site\/wp-json\/wp\/v2\/tags?post=124865"}],"curies":[{"name":"wp","href":"https:\/\/api.w.org\/{rel}","templated":true}]}}