{"id":124873,"date":"2020-08-28T11:34:24","date_gmt":"2020-08-28T15:34:24","guid":{"rendered":"https:\/\/digital58.com.ve\/site\/?p=124873"},"modified":"2020-08-29T11:53:29","modified_gmt":"2020-08-29T15:53:29","slug":"fallecio-el-legendario-manuel-el-loco-valdes","status":"publish","type":"post","link":"https:\/\/digital58.com.ve\/site\/2020\/08\/28\/fallecio-el-legendario-manuel-el-loco-valdes\/","title":{"rendered":"Falleci\u00f3 el legendario Manuel \u00abEl Loco\u00bb Vald\u00e9s"},"content":{"rendered":"<p><a href=\"https:\/\/digital58.com.ve\/site\/wp-content\/uploads\/2020\/08\/maxresdefault-1.jpg\"><img loading=\"lazy\" decoding=\"async\" class=\"aligncenter size-full wp-image-124932\" src=\"https:\/\/digital58.com.ve\/site\/wp-content\/uploads\/2020\/08\/maxresdefault-1.jpg\" alt=\"\" width=\"1280\" height=\"720\" srcset=\"https:\/\/digital58.com.ve\/site\/wp-content\/uploads\/2020\/08\/maxresdefault-1.jpg 800w, https:\/\/digital58.com.ve\/site\/wp-content\/uploads\/2020\/08\/maxresdefault-1-300x169.jpg 300w, https:\/\/digital58.com.ve\/site\/wp-content\/uploads\/2020\/08\/maxresdefault-1-768x432.jpg 768w\" sizes=\"auto, (max-width: 1280px) 100vw, 1280px\" \/><\/a><\/p>\n<p>La madrugada de este viernes muri\u00f3 el actor y comediante, padre de Cristian Castro, tras una larga y dura batalla contra el c\u00e1ncer.<\/p>\n<p><strong>M\u00e9xico, 28 de agosto de 2020 (ND58).-<\/strong> El reconocido artista, Manuel \u00abEl Loco\u00bb Vald\u00e9s, el primer actor falleci\u00f3 a los 89 a\u00f1os de edad, durante la madrugada de este viernes a las 3:40 horas, todav\u00eda no han informado m\u00e1s detalles.<\/p>\n<p>En las ultimas semanas el legendario comediante sufri\u00f3 un gran deterior\u00f3 en cuanto a su salud, especialmente ocasion\u00e1ndole problemas respiratorios, por los que lleg\u00f3 a hospitalizarse en varias oportunidades.\u00a0<\/p>\n<p>La noticia fue informada por Marcos Vald\u00e9s, para el periodista Javier Poza, agreg\u00f3 que el cuerpo de su padre ser\u00e1 velado a las 11:00 horas en la funeraria ubicada en Sullivan, Ciudad de M\u00e9xico.<\/p>\n<p>Del mismo modo otro de sus hijos, Pedro Vald\u00e9s tambi\u00e9n se despidi\u00f3 de su padre a trav\u00e9s del uso de las redes sociales:<\/p>\n<p>\u00abGracias siempre por todo. Te amo. Que tu camino sea luminoso. Ahora eres eterno. Gracias, gracias y m\u00e1s gracias. Te adoro, padre hermoso\u00bb.<\/p>\n<p>La actriz Ver\u00f3nica Castro, quien fue su pareja y madre de su hijo mayor Cristian Castro, tambi\u00e9n comparti\u00f3 sus condolencias: \u00abQEPD MANU\u00bb, escribi\u00f3 en su cuenta de Twitter para acompa\u00f1ar una oraci\u00f3n dedicada a San Agust\u00edn.<\/p>\n<blockquote class=\"twitter-tweet\">\n<p dir=\"ltr\" lang=\"es\">QEPD MANU \u271d\ufe0f??\u200d\u2640\ufe0f <a href=\"https:\/\/t.co\/yoJJVEyyat\">pic.twitter.com\/yoJJVEyyat<\/a><\/p>\n<p>\u2014 Ver\u00f3nica Castro (@vrocastroficial) <a href=\"https:\/\/twitter.com\/vrocastroficial\/status\/1299346915843342336?ref_src=twsrc%5Etfw\">August 28, 2020<\/a><\/p><\/blockquote>\n<p><script async src=\"https:\/\/platform.twitter.com\/widgets.js\" charset=\"utf-8\"><\/script><\/p>\n<p>Recientemente el actor tuvo que ser internado e intubado para realizarle un drenaje a sus pulmones, a causa de problemas respiratorios, \u00abEl abuelo pas\u00f3 una medio crisis,empez\u00f3 a tener una tos que se le empez\u00f3 a complicar. Se le habl\u00f3 al neum\u00f3logo y le detectaron una ligera neumon\u00eda\u00bb, comparti\u00f3 a principios de agosto el nieto del comediante, Iv\u00e1n Vald\u00e9s.<\/p>\n<p><a href=\"https:\/\/digital58.com.ve\/site\/wp-content\/uploads\/2020\/08\/Murio-el-comediante-mexicano-Manuel-El-Loco-Valdes.jpg\"><img loading=\"lazy\" decoding=\"async\" class=\"aligncenter size-full wp-image-124917\" src=\"https:\/\/digital58.com.ve\/site\/wp-content\/uploads\/2020\/08\/Murio-el-comediante-mexicano-Manuel-El-Loco-Valdes.jpg\" alt=\"\" width=\"1200\" height=\"675\" srcset=\"https:\/\/digital58.com.ve\/site\/wp-content\/uploads\/2020\/08\/Murio-el-comediante-mexicano-Manuel-El-Loco-Valdes.jpg 800w, https:\/\/digital58.com.ve\/site\/wp-content\/uploads\/2020\/08\/Murio-el-comediante-mexicano-Manuel-El-Loco-Valdes-300x169.jpg 300w, https:\/\/digital58.com.ve\/site\/wp-content\/uploads\/2020\/08\/Murio-el-comediante-mexicano-Manuel-El-Loco-Valdes-768x432.jpg 768w\" sizes=\"auto, (max-width: 1200px) 100vw, 1200px\" \/><\/a><\/p>\n<p>Para ese entonces, el nieto del famoso, acepto el delicado estado de salud de su abuelo, y el estado de alarma para toda la familia. \u00abDe momento s\u00ed (fue alarmante) porque los niveles de oxigenaci\u00f3n bajan, se ag\u00fcita mucho\u00bb, relat\u00f3 para un programa de espect\u00e1culos.<\/p>\n<p>Sin embargo desde hace tres a\u00f1os no era un secreto el notable deterioro en la vida del comediante, tras sufrir la aparici\u00f3n de tumores en su cabeza, pero fue en abril del 2017 cuando Manuel \u00abEl Loco\u00bb Vald\u00e9z fue diagnosticado con c\u00e1ncer del piel, desde entonces comenz\u00f3 a batallar contra la enfermedad.<\/p>\n<p>\u00abHace un tiempo me sali\u00f3 un granito aqu\u00ed en la frente, no le hice caso, hasta le hice una canci\u00f3n. Me revis\u00e9, me fui con el dermat\u00f3logo y me dijo que era necesaria una biopsia\u00bb, revel\u00f3 el comediante en vida, para un medio de comunicaci\u00f3n.<\/p>\n<p><a href=\"https:\/\/digital58.com.ve\/site\/wp-content\/uploads\/2020\/08\/manuel-el-loco-valdes-pierde-oido-no-escucha-ya.jpg\"><img loading=\"lazy\" decoding=\"async\" class=\"aligncenter size-full wp-image-124928\" src=\"https:\/\/digital58.com.ve\/site\/wp-content\/uploads\/2020\/08\/manuel-el-loco-valdes-pierde-oido-no-escucha-ya.jpg\" alt=\"\" width=\"1200\" height=\"680\" srcset=\"https:\/\/digital58.com.ve\/site\/wp-content\/uploads\/2020\/08\/manuel-el-loco-valdes-pierde-oido-no-escucha-ya.jpg 800w, https:\/\/digital58.com.ve\/site\/wp-content\/uploads\/2020\/08\/manuel-el-loco-valdes-pierde-oido-no-escucha-ya-300x170.jpg 300w, https:\/\/digital58.com.ve\/site\/wp-content\/uploads\/2020\/08\/manuel-el-loco-valdes-pierde-oido-no-escucha-ya-768x435.jpg 768w\" sizes=\"auto, (max-width: 1200px) 100vw, 1200px\" \/><\/a><\/p>\n<p>Del mismo modo argument\u00f3 que la biopsia descubri\u00f3 que se trataba de un tumor maligno, por su parte nunca perdi\u00f3 su caracter\u00edstico sentido del humor, le compuso una canci\u00f3n a su enfermedad.\u00a0<\/p>\n<p>\u00abEs maligno, ah\u00ed fue cuando invent\u00e9 esta canci\u00f3n: \u00abTengo un tumor en la frente, tengo un tumor maligno en la frente pero yo soy muy valiente\u00bb, expres\u00f3 el comediante.<\/p>\n<p>Para ese entonces el primer actor recibi\u00f3 tratamiento, posteriormente detectaron una bolita que da\u00f1aba su nervio \u00f3ptico.<\/p>\n<p>Su estado de animo se vio afectado cuando ocurri\u00f3 el inesperado fallecimiento de su hijo Alejandro Vald\u00e9s conocido como \u00abEl Pupi\u00bb, tambi\u00e9n conocido como hermano de Cristian Castro, era muy cercano a su padre.\u00a0<\/p>\n<p>Este 2020 la salud de \u00abEl Loco\u00bb, se vio muy deteriorada a gran escala a consecuencia de problemas respiratorios, Vald\u00e9s es un referente de la comedia en M\u00e9xico, actu\u00f3 en m\u00e1s de 70 pel\u00edculas, seis telenovelas, seis obras de teatro, y algunos programas de televisi\u00f3n y doblaje.<\/p>\n<p>Vivir\u00e1 por siempre en la memoria de los tele videntes, gracias a su participaci\u00f3n en \u00abEl show del Loco Valdes\u00bb o \u00abVariedades de media noche\u00bb, en teatro con \u00abEl Tenorio C\u00f3mico\u00bb, en la televisi\u00f3n, \u00abEntre el amor y el odio\u00bb o \u00abAtr\u00e9vete a so\u00f1ar\u00bb.<\/p>\n<p>En la pantalla grande particip\u00f3 en \u00abCalabacitas tiernas\u00bb, \u00abClub de se\u00f1oritas\u00bb, \u00abLo que le pas\u00f3 a Sans\u00f3n\u00bb, \u00abViaje a la luna\u00bb, entre otras famosas cintas.<\/p>\n<p>Incluso llevaba la actuaci\u00f3n en la sangre, form\u00f3 parte de una familia art\u00edstica muy importante en el pa\u00eds, era hermano de los tambi\u00e9n comediantes \u00abTin Tan Vald\u00e9s\u00bb y Ram\u00f3n Vald\u00e9s, reconocido como \u00abDon Ram\u00f3n\u00bb y padre del cantante Cristian Castro y el actor Marcos Vald\u00e9s.<\/p><div class=\"xeomu69f235f113675\" ><p style=\"text-align: center;\"><a href=\"https:\/\/t.me\/noticiasdigital58\" target=\"_blank\" rel=\"noopener\"><img class=\"aligncenter size-full wp-image-125363\" src=\"https:\/\/digital58.com.ve\/site\/wp-content\/uploads\/2021\/04\/banner-telegram-web-2021.png\" alt=\"\" width=\"600\" height=\"90\" \/><\/a><\/p><\/div><style type=\"text\/css\">\r\n@media screen and (min-width: 1201px) {\r\n.xeomu69f235f113675 {\r\ndisplay: block;\r\n}\r\n}\r\n@media screen and (min-width: 993px) and (max-width: 1200px) {\r\n.xeomu69f235f113675 {\r\ndisplay: block;\r\n}\r\n}\r\n@media screen and (min-width: 769px) and (max-width: 992px) {\r\n.xeomu69f235f113675 {\r\ndisplay: block;\r\n}\r\n}\r\n@media screen and (min-width: 768px) and (max-width: 768px) {\r\n.xeomu69f235f113675 {\r\ndisplay: block;\r\n}\r\n}\r\n@media screen and (max-width: 767px) {\r\n.xeomu69f235f113675 {\r\ndisplay: block;\r\n}\r\n}\r\n<\/style>\r\n\n<p><strong>Redacci\u00f3n: Rubio, Laura Isabel (@lauraisabelrubio) | Fuente: Infobae\u00a0<\/strong><br \/><strong>Edici\u00f3n: Villasmil, Henry<\/strong><br \/><strong>Gr\u00e1ficas: Cortes\u00eda<\/strong><\/p>\n<div style=\"margin-top: 0px; margin-bottom: 0px;\" class=\"sharethis-inline-share-buttons\" ><\/div>","protected":false},"excerpt":{"rendered":"<p>La madrugada de este viernes muri\u00f3 el actor y comediante, padre de Cristian Castro, tras una larga y dura batalla<\/p>\n","protected":false},"author":28,"featured_media":124917,"comment_status":"open","ping_status":"closed","sticky":false,"template":"","format":"standard","meta":{"colormag_page_container_layout":"default_layout","colormag_page_sidebar_layout":"default_layout","_uag_custom_page_level_css":"","footnotes":""},"categories":[1],"tags":[4565,8383,207,273,8,20987,20989,175,20988,248,378],"class_list":["post-124873","post","type-post","status-publish","format-standard","has-post-thumbnail","hentry","category-fama","tag-actor","tag-comediante","tag-fallecimientos","tag-farandula","tag-internacionales","tag-manuel-el-loco-valdes","tag-manuel-valdes","tag-mexico","tag-primer-actor","tag-redes-sociales","tag-twitter"],"yoast_head":"<!-- This site is optimized with the Yoast SEO plugin v27.5 - https:\/\/yoast.com\/product\/yoast-seo-wordpress\/ -->\n<title>Falleci\u00f3 el legendario Manuel \u00abEl Loco\u00bb Vald\u00e9s<\/title>\n<meta name=\"description\" content=\"Fama\" \/>\n<meta name=\"robots\" content=\"index, follow, max-snippet:-1, max-image-preview:large, max-video-preview:-1\" \/>\n<link rel=\"canonical\" href=\"https:\/\/digital58.com.ve\/site\/2020\/08\/28\/fallecio-el-legendario-manuel-el-loco-valdes\/\" \/>\n<meta property=\"og:locale\" content=\"es_ES\" \/>\n<meta property=\"og:type\" content=\"article\" \/>\n<meta property=\"og:title\" content=\"Falleci\u00f3 el legendario Manuel \u00abEl Loco\u00bb Vald\u00e9s\" \/>\n<meta property=\"og:description\" content=\"Fama\" \/>\n<meta property=\"og:url\" content=\"https:\/\/digital58.com.ve\/site\/2020\/08\/28\/fallecio-el-legendario-manuel-el-loco-valdes\/\" \/>\n<meta property=\"og:site_name\" content=\"Noticias Digital58\" \/>\n<meta property=\"article:published_time\" content=\"2020-08-28T15:34:24+00:00\" \/>\n<meta property=\"article:modified_time\" content=\"2020-08-29T15:53:29+00:00\" \/>\n<meta property=\"og:image\" content=\"https:\/\/digital58.com.ve\/site\/wp-content\/uploads\/2020\/08\/Murio-el-comediante-mexicano-Manuel-El-Loco-Valdes.jpg\" \/>\n\t<meta property=\"og:image:width\" content=\"1200\" \/>\n\t<meta property=\"og:image:height\" content=\"675\" \/>\n\t<meta property=\"og:image:type\" content=\"image\/jpeg\" \/>\n<meta name=\"author\" content=\"Rubio Laura Isabel\" \/>\n<meta name=\"twitter:card\" content=\"summary_large_image\" \/>\n<meta name=\"twitter:creator\" content=\"@Digital_58\" \/>\n<meta name=\"twitter:site\" content=\"@villasmilhfoto\" \/>\n<meta name=\"twitter:label1\" content=\"Escrito por\" \/>\n\t<meta name=\"twitter:data1\" content=\"Rubio Laura Isabel\" \/>\n\t<meta name=\"twitter:label2\" content=\"Tiempo estimado de lectura\" \/>\n\t<meta name=\"twitter:data2\" content=\"4 minutos\" \/>\n<script type=\"application\/ld+json\" class=\"yoast-schema-graph\">{\"@context\":\"https:\\\/\\\/schema.org\",\"@graph\":[{\"@type\":\"Article\",\"@id\":\"https:\\\/\\\/digital58.com.ve\\\/site\\\/2020\\\/08\\\/28\\\/fallecio-el-legendario-manuel-el-loco-valdes\\\/#article\",\"isPartOf\":{\"@id\":\"https:\\\/\\\/digital58.com.ve\\\/site\\\/2020\\\/08\\\/28\\\/fallecio-el-legendario-manuel-el-loco-valdes\\\/\"},\"author\":{\"name\":\"Rubio Laura Isabel\",\"@id\":\"https:\\\/\\\/digital58.com.ve\\\/site\\\/#\\\/schema\\\/person\\\/6672bab44ab958838204ebb2cb0e8d52\"},\"headline\":\"Falleci\u00f3 el legendario Manuel \u00abEl Loco\u00bb Vald\u00e9s\",\"datePublished\":\"2020-08-28T15:34:24+00:00\",\"dateModified\":\"2020-08-29T15:53:29+00:00\",\"mainEntityOfPage\":{\"@id\":\"https:\\\/\\\/digital58.com.ve\\\/site\\\/2020\\\/08\\\/28\\\/fallecio-el-legendario-manuel-el-loco-valdes\\\/\"},\"wordCount\":770,\"commentCount\":0,\"publisher\":{\"@id\":\"https:\\\/\\\/digital58.com.ve\\\/site\\\/#\\\/schema\\\/person\\\/64d1c2e4d0d4fd1b849980c4331c2951\"},\"image\":{\"@id\":\"https:\\\/\\\/digital58.com.ve\\\/site\\\/2020\\\/08\\\/28\\\/fallecio-el-legendario-manuel-el-loco-valdes\\\/#primaryimage\"},\"thumbnailUrl\":\"https:\\\/\\\/digital58.com.ve\\\/site\\\/wp-content\\\/uploads\\\/2020\\\/08\\\/Murio-el-comediante-mexicano-Manuel-El-Loco-Valdes.jpg\",\"keywords\":[\"Actor\",\"Comediante\",\"Fallecimientos\",\"Far\u00e1ndula\",\"Internacionales\",\"Manuel El Loco Vald\u00e9s\",\"Manuel Vald\u00e9s\",\"M\u00e9xico\",\"Primer Actor\",\"Redes Sociales\",\"Twitter\"],\"articleSection\":[\"Fama\"],\"inLanguage\":\"es\",\"potentialAction\":[{\"@type\":\"CommentAction\",\"name\":\"Comment\",\"target\":[\"https:\\\/\\\/digital58.com.ve\\\/site\\\/2020\\\/08\\\/28\\\/fallecio-el-legendario-manuel-el-loco-valdes\\\/#respond\"]}]},{\"@type\":\"WebPage\",\"@id\":\"https:\\\/\\\/digital58.com.ve\\\/site\\\/2020\\\/08\\\/28\\\/fallecio-el-legendario-manuel-el-loco-valdes\\\/\",\"url\":\"https:\\\/\\\/digital58.com.ve\\\/site\\\/2020\\\/08\\\/28\\\/fallecio-el-legendario-manuel-el-loco-valdes\\\/\",\"name\":\"Falleci\u00f3 el legendario Manuel \u00abEl Loco\u00bb Vald\u00e9s\",\"isPartOf\":{\"@id\":\"https:\\\/\\\/digital58.com.ve\\\/site\\\/#website\"},\"primaryImageOfPage\":{\"@id\":\"https:\\\/\\\/digital58.com.ve\\\/site\\\/2020\\\/08\\\/28\\\/fallecio-el-legendario-manuel-el-loco-valdes\\\/#primaryimage\"},\"image\":{\"@id\":\"https:\\\/\\\/digital58.com.ve\\\/site\\\/2020\\\/08\\\/28\\\/fallecio-el-legendario-manuel-el-loco-valdes\\\/#primaryimage\"},\"thumbnailUrl\":\"https:\\\/\\\/digital58.com.ve\\\/site\\\/wp-content\\\/uploads\\\/2020\\\/08\\\/Murio-el-comediante-mexicano-Manuel-El-Loco-Valdes.jpg\",\"datePublished\":\"2020-08-28T15:34:24+00:00\",\"dateModified\":\"2020-08-29T15:53:29+00:00\",\"description\":\"Fama\",\"breadcrumb\":{\"@id\":\"https:\\\/\\\/digital58.com.ve\\\/site\\\/2020\\\/08\\\/28\\\/fallecio-el-legendario-manuel-el-loco-valdes\\\/#breadcrumb\"},\"inLanguage\":\"es\",\"potentialAction\":[{\"@type\":\"ReadAction\",\"target\":[\"https:\\\/\\\/digital58.com.ve\\\/site\\\/2020\\\/08\\\/28\\\/fallecio-el-legendario-manuel-el-loco-valdes\\\/\"]}]},{\"@type\":\"ImageObject\",\"inLanguage\":\"es\",\"@id\":\"https:\\\/\\\/digital58.com.ve\\\/site\\\/2020\\\/08\\\/28\\\/fallecio-el-legendario-manuel-el-loco-valdes\\\/#primaryimage\",\"url\":\"https:\\\/\\\/digital58.com.ve\\\/site\\\/wp-content\\\/uploads\\\/2020\\\/08\\\/Murio-el-comediante-mexicano-Manuel-El-Loco-Valdes.jpg\",\"contentUrl\":\"https:\\\/\\\/digital58.com.ve\\\/site\\\/wp-content\\\/uploads\\\/2020\\\/08\\\/Murio-el-comediante-mexicano-Manuel-El-Loco-Valdes.jpg\",\"width\":800,\"height\":450},{\"@type\":\"BreadcrumbList\",\"@id\":\"https:\\\/\\\/digital58.com.ve\\\/site\\\/2020\\\/08\\\/28\\\/fallecio-el-legendario-manuel-el-loco-valdes\\\/#breadcrumb\",\"itemListElement\":[{\"@type\":\"ListItem\",\"position\":1,\"name\":\"Home\",\"item\":\"https:\\\/\\\/digital58.com.ve\\\/site\\\/\"},{\"@type\":\"ListItem\",\"position\":2,\"name\":\"Falleci\u00f3 el legendario Manuel \u00abEl Loco\u00bb Vald\u00e9s\"}]},{\"@type\":\"WebSite\",\"@id\":\"https:\\\/\\\/digital58.com.ve\\\/site\\\/#website\",\"url\":\"https:\\\/\\\/digital58.com.ve\\\/site\\\/\",\"name\":\"Noticias Digital58\",\"description\":\"Portal de Noticias \u00a1Periodismo web de verdad! Lanzamiento web 22.11.2005 \\\/ Maracaibo, Venezuela\",\"publisher\":{\"@id\":\"https:\\\/\\\/digital58.com.ve\\\/site\\\/#\\\/schema\\\/person\\\/64d1c2e4d0d4fd1b849980c4331c2951\"},\"alternateName\":\"ND58\",\"potentialAction\":[{\"@type\":\"SearchAction\",\"target\":{\"@type\":\"EntryPoint\",\"urlTemplate\":\"https:\\\/\\\/digital58.com.ve\\\/site\\\/?s={search_term_string}\"},\"query-input\":{\"@type\":\"PropertyValueSpecification\",\"valueRequired\":true,\"valueName\":\"search_term_string\"}}],\"inLanguage\":\"es\"},{\"@type\":[\"Person\",\"Organization\"],\"@id\":\"https:\\\/\\\/digital58.com.ve\\\/site\\\/#\\\/schema\\\/person\\\/64d1c2e4d0d4fd1b849980c4331c2951\",\"name\":\"Villasmil Henry\",\"image\":{\"@type\":\"ImageObject\",\"inLanguage\":\"es\",\"@id\":\"https:\\\/\\\/secure.gravatar.com\\\/avatar\\\/bb0c4a2fcb7970138239f7e404ea75757b1b507b28b5ce4c53fbd62d797c5a7c?s=96&d=mm&r=g\",\"url\":\"https:\\\/\\\/secure.gravatar.com\\\/avatar\\\/bb0c4a2fcb7970138239f7e404ea75757b1b507b28b5ce4c53fbd62d797c5a7c?s=96&d=mm&r=g\",\"contentUrl\":\"https:\\\/\\\/secure.gravatar.com\\\/avatar\\\/bb0c4a2fcb7970138239f7e404ea75757b1b507b28b5ce4c53fbd62d797c5a7c?s=96&d=mm&r=g\",\"caption\":\"Villasmil Henry\"},\"logo\":{\"@id\":\"https:\\\/\\\/secure.gravatar.com\\\/avatar\\\/bb0c4a2fcb7970138239f7e404ea75757b1b507b28b5ce4c53fbd62d797c5a7c?s=96&d=mm&r=g\"},\"sameAs\":[\"http:\\\/\\\/www.henryvillasmil.com.ve\",\"https:\\\/\\\/www.instagram.com\\\/villasmilhfoto\\\/\",\"https:\\\/\\\/x.com\\\/https:\\\/\\\/twitter.com\\\/villasmilhfoto\"]},{\"@type\":\"Person\",\"@id\":\"https:\\\/\\\/digital58.com.ve\\\/site\\\/#\\\/schema\\\/person\\\/6672bab44ab958838204ebb2cb0e8d52\",\"name\":\"Rubio Laura Isabel\",\"image\":{\"@type\":\"ImageObject\",\"inLanguage\":\"es\",\"@id\":\"https:\\\/\\\/secure.gravatar.com\\\/avatar\\\/f7cc56b26fb0562df4488ff129a58c3c1a1bd264c9af5f313a9b1797fff1cfb9?s=96&d=mm&r=g\",\"url\":\"https:\\\/\\\/secure.gravatar.com\\\/avatar\\\/f7cc56b26fb0562df4488ff129a58c3c1a1bd264c9af5f313a9b1797fff1cfb9?s=96&d=mm&r=g\",\"contentUrl\":\"https:\\\/\\\/secure.gravatar.com\\\/avatar\\\/f7cc56b26fb0562df4488ff129a58c3c1a1bd264c9af5f313a9b1797fff1cfb9?s=96&d=mm&r=g\",\"caption\":\"Rubio Laura Isabel\"},\"url\":\"https:\\\/\\\/digital58.com.ve\\\/site\\\/author\\\/laurarubio\\\/\"}]}<\/script>\n<!-- \/ Yoast SEO plugin. -->","yoast_head_json":{"title":"Falleci\u00f3 el legendario Manuel \u00abEl Loco\u00bb Vald\u00e9s","description":"Fama","robots":{"index":"index","follow":"follow","max-snippet":"max-snippet:-1","max-image-preview":"max-image-preview:large","max-video-preview":"max-video-preview:-1"},"canonical":"https:\/\/digital58.com.ve\/site\/2020\/08\/28\/fallecio-el-legendario-manuel-el-loco-valdes\/","og_locale":"es_ES","og_type":"article","og_title":"Falleci\u00f3 el legendario Manuel \u00abEl Loco\u00bb Vald\u00e9s","og_description":"Fama","og_url":"https:\/\/digital58.com.ve\/site\/2020\/08\/28\/fallecio-el-legendario-manuel-el-loco-valdes\/","og_site_name":"Noticias Digital58","article_published_time":"2020-08-28T15:34:24+00:00","article_modified_time":"2020-08-29T15:53:29+00:00","og_image":[{"width":1200,"height":675,"url":"https:\/\/digital58.com.ve\/site\/wp-content\/uploads\/2020\/08\/Murio-el-comediante-mexicano-Manuel-El-Loco-Valdes.jpg","type":"image\/jpeg"}],"author":"Rubio Laura Isabel","twitter_card":"summary_large_image","twitter_creator":"@Digital_58","twitter_site":"@villasmilhfoto","twitter_misc":{"Escrito por":"Rubio Laura Isabel","Tiempo estimado de lectura":"4 minutos"},"schema":{"@context":"https:\/\/schema.org","@graph":[{"@type":"Article","@id":"https:\/\/digital58.com.ve\/site\/2020\/08\/28\/fallecio-el-legendario-manuel-el-loco-valdes\/#article","isPartOf":{"@id":"https:\/\/digital58.com.ve\/site\/2020\/08\/28\/fallecio-el-legendario-manuel-el-loco-valdes\/"},"author":{"name":"Rubio Laura Isabel","@id":"https:\/\/digital58.com.ve\/site\/#\/schema\/person\/6672bab44ab958838204ebb2cb0e8d52"},"headline":"Falleci\u00f3 el legendario Manuel \u00abEl Loco\u00bb Vald\u00e9s","datePublished":"2020-08-28T15:34:24+00:00","dateModified":"2020-08-29T15:53:29+00:00","mainEntityOfPage":{"@id":"https:\/\/digital58.com.ve\/site\/2020\/08\/28\/fallecio-el-legendario-manuel-el-loco-valdes\/"},"wordCount":770,"commentCount":0,"publisher":{"@id":"https:\/\/digital58.com.ve\/site\/#\/schema\/person\/64d1c2e4d0d4fd1b849980c4331c2951"},"image":{"@id":"https:\/\/digital58.com.ve\/site\/2020\/08\/28\/fallecio-el-legendario-manuel-el-loco-valdes\/#primaryimage"},"thumbnailUrl":"https:\/\/digital58.com.ve\/site\/wp-content\/uploads\/2020\/08\/Murio-el-comediante-mexicano-Manuel-El-Loco-Valdes.jpg","keywords":["Actor","Comediante","Fallecimientos","Far\u00e1ndula","Internacionales","Manuel El Loco Vald\u00e9s","Manuel Vald\u00e9s","M\u00e9xico","Primer Actor","Redes Sociales","Twitter"],"articleSection":["Fama"],"inLanguage":"es","potentialAction":[{"@type":"CommentAction","name":"Comment","target":["https:\/\/digital58.com.ve\/site\/2020\/08\/28\/fallecio-el-legendario-manuel-el-loco-valdes\/#respond"]}]},{"@type":"WebPage","@id":"https:\/\/digital58.com.ve\/site\/2020\/08\/28\/fallecio-el-legendario-manuel-el-loco-valdes\/","url":"https:\/\/digital58.com.ve\/site\/2020\/08\/28\/fallecio-el-legendario-manuel-el-loco-valdes\/","name":"Falleci\u00f3 el legendario Manuel \u00abEl Loco\u00bb Vald\u00e9s","isPartOf":{"@id":"https:\/\/digital58.com.ve\/site\/#website"},"primaryImageOfPage":{"@id":"https:\/\/digital58.com.ve\/site\/2020\/08\/28\/fallecio-el-legendario-manuel-el-loco-valdes\/#primaryimage"},"image":{"@id":"https:\/\/digital58.com.ve\/site\/2020\/08\/28\/fallecio-el-legendario-manuel-el-loco-valdes\/#primaryimage"},"thumbnailUrl":"https:\/\/digital58.com.ve\/site\/wp-content\/uploads\/2020\/08\/Murio-el-comediante-mexicano-Manuel-El-Loco-Valdes.jpg","datePublished":"2020-08-28T15:34:24+00:00","dateModified":"2020-08-29T15:53:29+00:00","description":"Fama","breadcrumb":{"@id":"https:\/\/digital58.com.ve\/site\/2020\/08\/28\/fallecio-el-legendario-manuel-el-loco-valdes\/#breadcrumb"},"inLanguage":"es","potentialAction":[{"@type":"ReadAction","target":["https:\/\/digital58.com.ve\/site\/2020\/08\/28\/fallecio-el-legendario-manuel-el-loco-valdes\/"]}]},{"@type":"ImageObject","inLanguage":"es","@id":"https:\/\/digital58.com.ve\/site\/2020\/08\/28\/fallecio-el-legendario-manuel-el-loco-valdes\/#primaryimage","url":"https:\/\/digital58.com.ve\/site\/wp-content\/uploads\/2020\/08\/Murio-el-comediante-mexicano-Manuel-El-Loco-Valdes.jpg","contentUrl":"https:\/\/digital58.com.ve\/site\/wp-content\/uploads\/2020\/08\/Murio-el-comediante-mexicano-Manuel-El-Loco-Valdes.jpg","width":800,"height":450},{"@type":"BreadcrumbList","@id":"https:\/\/digital58.com.ve\/site\/2020\/08\/28\/fallecio-el-legendario-manuel-el-loco-valdes\/#breadcrumb","itemListElement":[{"@type":"ListItem","position":1,"name":"Home","item":"https:\/\/digital58.com.ve\/site\/"},{"@type":"ListItem","position":2,"name":"Falleci\u00f3 el legendario Manuel \u00abEl Loco\u00bb Vald\u00e9s"}]},{"@type":"WebSite","@id":"https:\/\/digital58.com.ve\/site\/#website","url":"https:\/\/digital58.com.ve\/site\/","name":"Noticias Digital58","description":"Portal de Noticias \u00a1Periodismo web de verdad! Lanzamiento web 22.11.2005 \/ Maracaibo, Venezuela","publisher":{"@id":"https:\/\/digital58.com.ve\/site\/#\/schema\/person\/64d1c2e4d0d4fd1b849980c4331c2951"},"alternateName":"ND58","potentialAction":[{"@type":"SearchAction","target":{"@type":"EntryPoint","urlTemplate":"https:\/\/digital58.com.ve\/site\/?s={search_term_string}"},"query-input":{"@type":"PropertyValueSpecification","valueRequired":true,"valueName":"search_term_string"}}],"inLanguage":"es"},{"@type":["Person","Organization"],"@id":"https:\/\/digital58.com.ve\/site\/#\/schema\/person\/64d1c2e4d0d4fd1b849980c4331c2951","name":"Villasmil Henry","image":{"@type":"ImageObject","inLanguage":"es","@id":"https:\/\/secure.gravatar.com\/avatar\/bb0c4a2fcb7970138239f7e404ea75757b1b507b28b5ce4c53fbd62d797c5a7c?s=96&d=mm&r=g","url":"https:\/\/secure.gravatar.com\/avatar\/bb0c4a2fcb7970138239f7e404ea75757b1b507b28b5ce4c53fbd62d797c5a7c?s=96&d=mm&r=g","contentUrl":"https:\/\/secure.gravatar.com\/avatar\/bb0c4a2fcb7970138239f7e404ea75757b1b507b28b5ce4c53fbd62d797c5a7c?s=96&d=mm&r=g","caption":"Villasmil Henry"},"logo":{"@id":"https:\/\/secure.gravatar.com\/avatar\/bb0c4a2fcb7970138239f7e404ea75757b1b507b28b5ce4c53fbd62d797c5a7c?s=96&d=mm&r=g"},"sameAs":["http:\/\/www.henryvillasmil.com.ve","https:\/\/www.instagram.com\/villasmilhfoto\/","https:\/\/x.com\/https:\/\/twitter.com\/villasmilhfoto"]},{"@type":"Person","@id":"https:\/\/digital58.com.ve\/site\/#\/schema\/person\/6672bab44ab958838204ebb2cb0e8d52","name":"Rubio Laura Isabel","image":{"@type":"ImageObject","inLanguage":"es","@id":"https:\/\/secure.gravatar.com\/avatar\/f7cc56b26fb0562df4488ff129a58c3c1a1bd264c9af5f313a9b1797fff1cfb9?s=96&d=mm&r=g","url":"https:\/\/secure.gravatar.com\/avatar\/f7cc56b26fb0562df4488ff129a58c3c1a1bd264c9af5f313a9b1797fff1cfb9?s=96&d=mm&r=g","contentUrl":"https:\/\/secure.gravatar.com\/avatar\/f7cc56b26fb0562df4488ff129a58c3c1a1bd264c9af5f313a9b1797fff1cfb9?s=96&d=mm&r=g","caption":"Rubio Laura Isabel"},"url":"https:\/\/digital58.com.ve\/site\/author\/laurarubio\/"}]}},"uagb_featured_image_src":{"full":["https:\/\/digital58.com.ve\/site\/wp-content\/uploads\/2020\/08\/Murio-el-comediante-mexicano-Manuel-El-Loco-Valdes.jpg",800,450,false],"thumbnail":["https:\/\/digital58.com.ve\/site\/wp-content\/uploads\/2020\/08\/Murio-el-comediante-mexicano-Manuel-El-Loco-Valdes-150x150.jpg",150,150,true],"medium":["https:\/\/digital58.com.ve\/site\/wp-content\/uploads\/2020\/08\/Murio-el-comediante-mexicano-Manuel-El-Loco-Valdes-300x169.jpg",300,169,true],"medium_large":["https:\/\/digital58.com.ve\/site\/wp-content\/uploads\/2020\/08\/Murio-el-comediante-mexicano-Manuel-El-Loco-Valdes-768x432.jpg",768,432,true],"large":["https:\/\/digital58.com.ve\/site\/wp-content\/uploads\/2020\/08\/Murio-el-comediante-mexicano-Manuel-El-Loco-Valdes.jpg",800,450,false],"1536x1536":["https:\/\/digital58.com.ve\/site\/wp-content\/uploads\/2020\/08\/Murio-el-comediante-mexicano-Manuel-El-Loco-Valdes.jpg",800,450,false],"2048x2048":["https:\/\/digital58.com.ve\/site\/wp-content\/uploads\/2020\/08\/Murio-el-comediante-mexicano-Manuel-El-Loco-Valdes.jpg",800,450,false],"colormag-highlighted-post":["https:\/\/digital58.com.ve\/site\/wp-content\/uploads\/2020\/08\/Murio-el-comediante-mexicano-Manuel-El-Loco-Valdes.jpg",392,221,false],"colormag-featured-post-medium":["https:\/\/digital58.com.ve\/site\/wp-content\/uploads\/2020\/08\/Murio-el-comediante-mexicano-Manuel-El-Loco-Valdes.jpg",364,205,false],"colormag-featured-post-small":["https:\/\/digital58.com.ve\/site\/wp-content\/uploads\/2020\/08\/Murio-el-comediante-mexicano-Manuel-El-Loco-Valdes.jpg",130,73,false],"colormag-featured-image":["https:\/\/digital58.com.ve\/site\/wp-content\/uploads\/2020\/08\/Murio-el-comediante-mexicano-Manuel-El-Loco-Valdes.jpg",791,445,false],"colormag-default-news":["https:\/\/digital58.com.ve\/site\/wp-content\/uploads\/2020\/08\/Murio-el-comediante-mexicano-Manuel-El-Loco-Valdes.jpg",150,84,false],"colormag-featured-image-large":["https:\/\/digital58.com.ve\/site\/wp-content\/uploads\/2020\/08\/Murio-el-comediante-mexicano-Manuel-El-Loco-Valdes.jpg",800,450,false]},"uagb_author_info":{"display_name":"Rubio Laura Isabel","author_link":"https:\/\/digital58.com.ve\/site\/author\/laurarubio\/"},"uagb_comment_info":0,"uagb_excerpt":"La madrugada de este viernes muri\u00f3 el actor y comediante, padre de Cristian Castro, tras una larga y dura batalla","_links":{"self":[{"href":"https:\/\/digital58.com.ve\/site\/wp-json\/wp\/v2\/posts\/124873","targetHints":{"allow":["GET"]}}],"collection":[{"href":"https:\/\/digital58.com.ve\/site\/wp-json\/wp\/v2\/posts"}],"about":[{"href":"https:\/\/digital58.com.ve\/site\/wp-json\/wp\/v2\/types\/post"}],"author":[{"embeddable":true,"href":"https:\/\/digital58.com.ve\/site\/wp-json\/wp\/v2\/users\/28"}],"replies":[{"embeddable":true,"href":"https:\/\/digital58.com.ve\/site\/wp-json\/wp\/v2\/comments?post=124873"}],"version-history":[{"count":0,"href":"https:\/\/digital58.com.ve\/site\/wp-json\/wp\/v2\/posts\/124873\/revisions"}],"wp:featuredmedia":[{"embeddable":true,"href":"https:\/\/digital58.com.ve\/site\/wp-json\/wp\/v2\/media\/124917"}],"wp:attachment":[{"href":"https:\/\/digital58.com.ve\/site\/wp-json\/wp\/v2\/media?parent=124873"}],"wp:term":[{"taxonomy":"category","embeddable":true,"href":"https:\/\/digital58.com.ve\/site\/wp-json\/wp\/v2\/categories?post=124873"},{"taxonomy":"post_tag","embeddable":true,"href":"https:\/\/digital58.com.ve\/site\/wp-json\/wp\/v2\/tags?post=124873"}],"curies":[{"name":"wp","href":"https:\/\/api.w.org\/{rel}","templated":true}]}}