{"id":125018,"date":"2020-08-28T15:25:59","date_gmt":"2020-08-28T19:25:59","guid":{"rendered":"https:\/\/digital58.com.ve\/site\/?p=125018"},"modified":"2020-08-28T15:25:59","modified_gmt":"2020-08-28T19:25:59","slug":"el-caso-carlos-lanz-no-se-trataria-de-un-secuestro-segun-el-ministerio-publico","status":"publish","type":"post","link":"https:\/\/digital58.com.ve\/site\/2020\/08\/28\/el-caso-carlos-lanz-no-se-trataria-de-un-secuestro-segun-el-ministerio-publico\/","title":{"rendered":"El caso Carlos Lanz no se tratar\u00eda de un secuestro seg\u00fan el Ministerio P\u00fablico"},"content":{"rendered":"<p><img loading=\"lazy\" decoding=\"async\" class=\"aligncenter wp-image-108579\" src=\"https:\/\/digital58.com.ve\/site\/wp-content\/uploads\/2020\/06\/Fiscal-General-de-la-Repu\u0301blica-designado-por-la-ANC-Tarek-William-Saab.-Foto-AVN.-300x218.jpg\" alt=\"\" width=\"600\" height=\"435\" srcset=\"https:\/\/digital58.com.ve\/site\/wp-content\/uploads\/2020\/06\/Fiscal-General-de-la-Repu\u0301blica-designado-por-la-ANC-Tarek-William-Saab.-Foto-AVN.-300x218.jpg 300w, https:\/\/digital58.com.ve\/site\/wp-content\/uploads\/2020\/06\/Fiscal-General-de-la-Repu\u0301blica-designado-por-la-ANC-Tarek-William-Saab.-Foto-AVN.-768x557.jpg 768w, https:\/\/digital58.com.ve\/site\/wp-content\/uploads\/2020\/06\/Fiscal-General-de-la-Repu\u0301blica-designado-por-la-ANC-Tarek-William-Saab.-Foto-AVN..jpg 800w\" sizes=\"auto, (max-width: 600px) 100vw, 600px\" \/><\/p>\n<p>Lanz desapareci\u00f3 el pasado 8 de agosto sin que hasta el momento se encuentren pistas claras que ayuden a esclarecer el caso.<\/p>\n<p><strong>Caracas, DC, Venezuela, 28 de agosto de 2020 (ND58).- <\/strong>Este viernes el fiscal general, Tarek William Saab, brind\u00f3 informaci\u00f3n sobre los avances en las investigaciones sobre la desaparici\u00f3n del profesor Carlos Lanz.<\/p>\n<p>En una conferencia transmitida por la televisora estatal, Venezolana de televisi\u00f3n (VTV), Saab revel\u00f3 que las seg\u00fan las investigaciones realizadas por los fiscales del Ministerio P\u00fablico, Lanz, sali\u00f3 de su casa sin evidencias de violencia.<\/p>\n<p>En este sentido, declar\u00f3 que \u00abno existe, preliminarmente, una evidencia que revele que haya habido violencia en su hogar\u00bb, ante lo cual se descarta la hip\u00f3tesis del secuestro.<\/p>\n<p>Acot\u00f3 que hasta el momento los familiares del desaparecido, no han recibido llamadas de sujetos haciendo cobro de alg\u00fan rescate y que el celular de Lanz estuvo activo hasta las 11 de la ma\u00f1ana del 8 de agosto, d\u00eda de su desaparici\u00f3n.<\/p>\n<p>El fiscal, relat\u00f3 que el ministerio comenz\u00f3 trabajos de investigaci\u00f3n, apenas se conoci\u00f3 la desaparici\u00f3n de Lanz, para lo cual se comisionaron fiscales vinculados a los Derechos Humanos, con casos de extorsi\u00f3n y secuestro.<\/p>\n<p>\u00abApenas ocurri\u00f3 el evento y el Ministerio P\u00fablico comenz\u00f3 este trabajo discreto y profesional, el propio\u00a0presidente Nicol\u00e1s Maduro\u00a0ha estado, adem\u00e1s de pendiente de este hecho, nos ha pedido que\u00a0vayamos a fondo para esclarecer este hecho\u00bb, enfatiz\u00f3.<\/p>\n<p>El DGCIM, el SEBIN y el CICPC, han contribuido en las investigaciones como \u00f3rganos auxiliares.<\/p>\n<p>Hasta el momento se han realizado 22 entrevistas a personas en 60 acciones \u00absin que hasta este momento podamos tener la certeza de cu\u00e1l es su situaci\u00f3n y su ubicaci\u00f3n\u00bb.<\/p><div class=\"cbzse69ec50814faf6\" ><p style=\"text-align: center;\"><a href=\"https:\/\/t.me\/noticiasdigital58\" target=\"_blank\" rel=\"noopener\"><img class=\"aligncenter size-full wp-image-125363\" src=\"https:\/\/digital58.com.ve\/site\/wp-content\/uploads\/2021\/04\/banner-telegram-web-2021.png\" alt=\"\" width=\"600\" height=\"90\" \/><\/a><\/p><\/div><style type=\"text\/css\">\r\n@media screen and (min-width: 1201px) {\r\n.cbzse69ec50814faf6 {\r\ndisplay: block;\r\n}\r\n}\r\n@media screen and (min-width: 993px) and (max-width: 1200px) {\r\n.cbzse69ec50814faf6 {\r\ndisplay: block;\r\n}\r\n}\r\n@media screen and (min-width: 769px) and (max-width: 992px) {\r\n.cbzse69ec50814faf6 {\r\ndisplay: block;\r\n}\r\n}\r\n@media screen and (min-width: 768px) and (max-width: 768px) {\r\n.cbzse69ec50814faf6 {\r\ndisplay: block;\r\n}\r\n}\r\n@media screen and (max-width: 767px) {\r\n.cbzse69ec50814faf6 {\r\ndisplay: block;\r\n}\r\n}\r\n<\/style>\r\n\n<p><strong>Redacci\u00f3n: Morales, Joel (@joeldmc32) | Fuente: Agencias<br \/>\nEdici\u00f3n: Villasmil, Henry<br \/>\nGr\u00e1fica: Cortes\u00eda <\/strong><\/p>\n<div style=\"margin-top: 0px; margin-bottom: 0px;\" class=\"sharethis-inline-share-buttons\" ><\/div>","protected":false},"excerpt":{"rendered":"<p>Lanz desapareci\u00f3 el pasado 8 de agosto sin que hasta el momento se encuentren pistas claras que ayuden a esclarecer<\/p>\n","protected":false},"author":29,"featured_media":108579,"comment_status":"open","ping_status":"closed","sticky":false,"template":"","format":"standard","meta":{"colormag_page_container_layout":"default_layout","colormag_page_sidebar_layout":"default_layout","_uag_custom_page_level_css":"","footnotes":""},"categories":[16454],"tags":[29,21006,13914,233,16437,32],"class_list":["post-125018","post","type-post","status-publish","format-standard","has-post-thumbnail","hentry","category-venezuela","tag-caracas","tag-carlos-lanz","tag-ministerio-publico","tag-nacionales","tag-tareck-william-saab","tag-venezuela"],"yoast_head":"<!-- This site is optimized with the Yoast SEO plugin v27.4 - https:\/\/yoast.com\/product\/yoast-seo-wordpress\/ -->\n<title>El caso Carlos Lanz no se tratar\u00eda de un secuestro seg\u00fan el Ministerio P\u00fablico<\/title>\n<meta name=\"description\" content=\"Venezuela\" \/>\n<meta name=\"robots\" content=\"index, follow, max-snippet:-1, max-image-preview:large, max-video-preview:-1\" \/>\n<link rel=\"canonical\" href=\"https:\/\/digital58.com.ve\/site\/2020\/08\/28\/el-caso-carlos-lanz-no-se-trataria-de-un-secuestro-segun-el-ministerio-publico\/\" \/>\n<meta property=\"og:locale\" content=\"es_ES\" \/>\n<meta property=\"og:type\" content=\"article\" \/>\n<meta property=\"og:title\" content=\"El caso Carlos Lanz no se tratar\u00eda de un secuestro seg\u00fan el Ministerio P\u00fablico\" \/>\n<meta property=\"og:description\" content=\"Venezuela\" \/>\n<meta property=\"og:url\" content=\"https:\/\/digital58.com.ve\/site\/2020\/08\/28\/el-caso-carlos-lanz-no-se-trataria-de-un-secuestro-segun-el-ministerio-publico\/\" \/>\n<meta property=\"og:site_name\" content=\"Noticias Digital58\" \/>\n<meta property=\"article:published_time\" content=\"2020-08-28T19:25:59+00:00\" \/>\n<meta property=\"og:image\" content=\"https:\/\/digital58.com.ve\/site\/wp-content\/uploads\/2020\/06\/Fiscal-General-de-la-Repu\u0301blica-designado-por-la-ANC-Tarek-William-Saab.-Foto-AVN..jpg\" \/>\n\t<meta property=\"og:image:width\" content=\"800\" \/>\n\t<meta property=\"og:image:height\" content=\"580\" \/>\n\t<meta property=\"og:image:type\" content=\"image\/jpeg\" \/>\n<meta name=\"author\" content=\"Morales Joel\" \/>\n<meta name=\"twitter:card\" content=\"summary_large_image\" \/>\n<meta name=\"twitter:creator\" content=\"@Digital_58\" \/>\n<meta name=\"twitter:site\" content=\"@villasmilhfoto\" \/>\n<meta name=\"twitter:label1\" content=\"Escrito por\" \/>\n\t<meta name=\"twitter:data1\" content=\"Morales Joel\" \/>\n\t<meta name=\"twitter:label2\" content=\"Tiempo estimado de lectura\" \/>\n\t<meta name=\"twitter:data2\" content=\"2 minutos\" \/>\n<script type=\"application\/ld+json\" class=\"yoast-schema-graph\">{\"@context\":\"https:\\\/\\\/schema.org\",\"@graph\":[{\"@type\":\"Article\",\"@id\":\"https:\\\/\\\/digital58.com.ve\\\/site\\\/2020\\\/08\\\/28\\\/el-caso-carlos-lanz-no-se-trataria-de-un-secuestro-segun-el-ministerio-publico\\\/#article\",\"isPartOf\":{\"@id\":\"https:\\\/\\\/digital58.com.ve\\\/site\\\/2020\\\/08\\\/28\\\/el-caso-carlos-lanz-no-se-trataria-de-un-secuestro-segun-el-ministerio-publico\\\/\"},\"author\":{\"name\":\"Morales Joel\",\"@id\":\"https:\\\/\\\/digital58.com.ve\\\/site\\\/#\\\/schema\\\/person\\\/8daf5f8bfd9ebdb98150c62bff195b72\"},\"headline\":\"El caso Carlos Lanz no se tratar\u00eda de un secuestro seg\u00fan el Ministerio P\u00fablico\",\"datePublished\":\"2020-08-28T19:25:59+00:00\",\"mainEntityOfPage\":{\"@id\":\"https:\\\/\\\/digital58.com.ve\\\/site\\\/2020\\\/08\\\/28\\\/el-caso-carlos-lanz-no-se-trataria-de-un-secuestro-segun-el-ministerio-publico\\\/\"},\"wordCount\":322,\"commentCount\":0,\"publisher\":{\"@id\":\"https:\\\/\\\/digital58.com.ve\\\/site\\\/#\\\/schema\\\/person\\\/64d1c2e4d0d4fd1b849980c4331c2951\"},\"image\":{\"@id\":\"https:\\\/\\\/digital58.com.ve\\\/site\\\/2020\\\/08\\\/28\\\/el-caso-carlos-lanz-no-se-trataria-de-un-secuestro-segun-el-ministerio-publico\\\/#primaryimage\"},\"thumbnailUrl\":\"https:\\\/\\\/digital58.com.ve\\\/site\\\/wp-content\\\/uploads\\\/2020\\\/06\\\/Fiscal-General-de-la-Repu\u0301blica-designado-por-la-ANC-Tarek-William-Saab.-Foto-AVN..jpg\",\"keywords\":[\"Caracas\",\"Carlos Lanz\",\"Ministerio P\u00fablico\",\"Nacionales\",\"Tareck William Saab\",\"Venezuela\"],\"articleSection\":[\"Venezuela\"],\"inLanguage\":\"es\",\"potentialAction\":[{\"@type\":\"CommentAction\",\"name\":\"Comment\",\"target\":[\"https:\\\/\\\/digital58.com.ve\\\/site\\\/2020\\\/08\\\/28\\\/el-caso-carlos-lanz-no-se-trataria-de-un-secuestro-segun-el-ministerio-publico\\\/#respond\"]}]},{\"@type\":\"WebPage\",\"@id\":\"https:\\\/\\\/digital58.com.ve\\\/site\\\/2020\\\/08\\\/28\\\/el-caso-carlos-lanz-no-se-trataria-de-un-secuestro-segun-el-ministerio-publico\\\/\",\"url\":\"https:\\\/\\\/digital58.com.ve\\\/site\\\/2020\\\/08\\\/28\\\/el-caso-carlos-lanz-no-se-trataria-de-un-secuestro-segun-el-ministerio-publico\\\/\",\"name\":\"El caso Carlos Lanz no se tratar\u00eda de un secuestro seg\u00fan el Ministerio P\u00fablico\",\"isPartOf\":{\"@id\":\"https:\\\/\\\/digital58.com.ve\\\/site\\\/#website\"},\"primaryImageOfPage\":{\"@id\":\"https:\\\/\\\/digital58.com.ve\\\/site\\\/2020\\\/08\\\/28\\\/el-caso-carlos-lanz-no-se-trataria-de-un-secuestro-segun-el-ministerio-publico\\\/#primaryimage\"},\"image\":{\"@id\":\"https:\\\/\\\/digital58.com.ve\\\/site\\\/2020\\\/08\\\/28\\\/el-caso-carlos-lanz-no-se-trataria-de-un-secuestro-segun-el-ministerio-publico\\\/#primaryimage\"},\"thumbnailUrl\":\"https:\\\/\\\/digital58.com.ve\\\/site\\\/wp-content\\\/uploads\\\/2020\\\/06\\\/Fiscal-General-de-la-Repu\u0301blica-designado-por-la-ANC-Tarek-William-Saab.-Foto-AVN..jpg\",\"datePublished\":\"2020-08-28T19:25:59+00:00\",\"description\":\"Venezuela\",\"breadcrumb\":{\"@id\":\"https:\\\/\\\/digital58.com.ve\\\/site\\\/2020\\\/08\\\/28\\\/el-caso-carlos-lanz-no-se-trataria-de-un-secuestro-segun-el-ministerio-publico\\\/#breadcrumb\"},\"inLanguage\":\"es\",\"potentialAction\":[{\"@type\":\"ReadAction\",\"target\":[\"https:\\\/\\\/digital58.com.ve\\\/site\\\/2020\\\/08\\\/28\\\/el-caso-carlos-lanz-no-se-trataria-de-un-secuestro-segun-el-ministerio-publico\\\/\"]}]},{\"@type\":\"ImageObject\",\"inLanguage\":\"es\",\"@id\":\"https:\\\/\\\/digital58.com.ve\\\/site\\\/2020\\\/08\\\/28\\\/el-caso-carlos-lanz-no-se-trataria-de-un-secuestro-segun-el-ministerio-publico\\\/#primaryimage\",\"url\":\"https:\\\/\\\/digital58.com.ve\\\/site\\\/wp-content\\\/uploads\\\/2020\\\/06\\\/Fiscal-General-de-la-Repu\u0301blica-designado-por-la-ANC-Tarek-William-Saab.-Foto-AVN..jpg\",\"contentUrl\":\"https:\\\/\\\/digital58.com.ve\\\/site\\\/wp-content\\\/uploads\\\/2020\\\/06\\\/Fiscal-General-de-la-Repu\u0301blica-designado-por-la-ANC-Tarek-William-Saab.-Foto-AVN..jpg\",\"width\":800,\"height\":580},{\"@type\":\"BreadcrumbList\",\"@id\":\"https:\\\/\\\/digital58.com.ve\\\/site\\\/2020\\\/08\\\/28\\\/el-caso-carlos-lanz-no-se-trataria-de-un-secuestro-segun-el-ministerio-publico\\\/#breadcrumb\",\"itemListElement\":[{\"@type\":\"ListItem\",\"position\":1,\"name\":\"Home\",\"item\":\"https:\\\/\\\/digital58.com.ve\\\/site\\\/\"},{\"@type\":\"ListItem\",\"position\":2,\"name\":\"El caso Carlos Lanz no se tratar\u00eda de un secuestro seg\u00fan el Ministerio P\u00fablico\"}]},{\"@type\":\"WebSite\",\"@id\":\"https:\\\/\\\/digital58.com.ve\\\/site\\\/#website\",\"url\":\"https:\\\/\\\/digital58.com.ve\\\/site\\\/\",\"name\":\"Noticias Digital58\",\"description\":\"Portal de Noticias \u00a1Periodismo web de verdad! Lanzamiento web 22.11.2005 \\\/ Maracaibo, Venezuela\",\"publisher\":{\"@id\":\"https:\\\/\\\/digital58.com.ve\\\/site\\\/#\\\/schema\\\/person\\\/64d1c2e4d0d4fd1b849980c4331c2951\"},\"alternateName\":\"ND58\",\"potentialAction\":[{\"@type\":\"SearchAction\",\"target\":{\"@type\":\"EntryPoint\",\"urlTemplate\":\"https:\\\/\\\/digital58.com.ve\\\/site\\\/?s={search_term_string}\"},\"query-input\":{\"@type\":\"PropertyValueSpecification\",\"valueRequired\":true,\"valueName\":\"search_term_string\"}}],\"inLanguage\":\"es\"},{\"@type\":[\"Person\",\"Organization\"],\"@id\":\"https:\\\/\\\/digital58.com.ve\\\/site\\\/#\\\/schema\\\/person\\\/64d1c2e4d0d4fd1b849980c4331c2951\",\"name\":\"Villasmil Henry\",\"image\":{\"@type\":\"ImageObject\",\"inLanguage\":\"es\",\"@id\":\"https:\\\/\\\/secure.gravatar.com\\\/avatar\\\/bb0c4a2fcb7970138239f7e404ea75757b1b507b28b5ce4c53fbd62d797c5a7c?s=96&d=mm&r=g\",\"url\":\"https:\\\/\\\/secure.gravatar.com\\\/avatar\\\/bb0c4a2fcb7970138239f7e404ea75757b1b507b28b5ce4c53fbd62d797c5a7c?s=96&d=mm&r=g\",\"contentUrl\":\"https:\\\/\\\/secure.gravatar.com\\\/avatar\\\/bb0c4a2fcb7970138239f7e404ea75757b1b507b28b5ce4c53fbd62d797c5a7c?s=96&d=mm&r=g\",\"caption\":\"Villasmil Henry\"},\"logo\":{\"@id\":\"https:\\\/\\\/secure.gravatar.com\\\/avatar\\\/bb0c4a2fcb7970138239f7e404ea75757b1b507b28b5ce4c53fbd62d797c5a7c?s=96&d=mm&r=g\"},\"sameAs\":[\"http:\\\/\\\/www.henryvillasmil.com.ve\",\"https:\\\/\\\/www.instagram.com\\\/villasmilhfoto\\\/\",\"https:\\\/\\\/x.com\\\/https:\\\/\\\/twitter.com\\\/villasmilhfoto\"]},{\"@type\":\"Person\",\"@id\":\"https:\\\/\\\/digital58.com.ve\\\/site\\\/#\\\/schema\\\/person\\\/8daf5f8bfd9ebdb98150c62bff195b72\",\"name\":\"Morales Joel\",\"image\":{\"@type\":\"ImageObject\",\"inLanguage\":\"es\",\"@id\":\"https:\\\/\\\/secure.gravatar.com\\\/avatar\\\/e2cb5ce0e9279ab3c8e03d472e483f32e666716a18da3bfa7b0749a5465409f1?s=96&d=mm&r=g\",\"url\":\"https:\\\/\\\/secure.gravatar.com\\\/avatar\\\/e2cb5ce0e9279ab3c8e03d472e483f32e666716a18da3bfa7b0749a5465409f1?s=96&d=mm&r=g\",\"contentUrl\":\"https:\\\/\\\/secure.gravatar.com\\\/avatar\\\/e2cb5ce0e9279ab3c8e03d472e483f32e666716a18da3bfa7b0749a5465409f1?s=96&d=mm&r=g\",\"caption\":\"Morales Joel\"},\"url\":\"https:\\\/\\\/digital58.com.ve\\\/site\\\/author\\\/joelm\\\/\"}]}<\/script>\n<!-- \/ Yoast SEO plugin. -->","yoast_head_json":{"title":"El caso Carlos Lanz no se tratar\u00eda de un secuestro seg\u00fan el Ministerio P\u00fablico","description":"Venezuela","robots":{"index":"index","follow":"follow","max-snippet":"max-snippet:-1","max-image-preview":"max-image-preview:large","max-video-preview":"max-video-preview:-1"},"canonical":"https:\/\/digital58.com.ve\/site\/2020\/08\/28\/el-caso-carlos-lanz-no-se-trataria-de-un-secuestro-segun-el-ministerio-publico\/","og_locale":"es_ES","og_type":"article","og_title":"El caso Carlos Lanz no se tratar\u00eda de un secuestro seg\u00fan el Ministerio P\u00fablico","og_description":"Venezuela","og_url":"https:\/\/digital58.com.ve\/site\/2020\/08\/28\/el-caso-carlos-lanz-no-se-trataria-de-un-secuestro-segun-el-ministerio-publico\/","og_site_name":"Noticias Digital58","article_published_time":"2020-08-28T19:25:59+00:00","og_image":[{"width":800,"height":580,"url":"https:\/\/digital58.com.ve\/site\/wp-content\/uploads\/2020\/06\/Fiscal-General-de-la-Repu\u0301blica-designado-por-la-ANC-Tarek-William-Saab.-Foto-AVN..jpg","type":"image\/jpeg"}],"author":"Morales Joel","twitter_card":"summary_large_image","twitter_creator":"@Digital_58","twitter_site":"@villasmilhfoto","twitter_misc":{"Escrito por":"Morales Joel","Tiempo estimado de lectura":"2 minutos"},"schema":{"@context":"https:\/\/schema.org","@graph":[{"@type":"Article","@id":"https:\/\/digital58.com.ve\/site\/2020\/08\/28\/el-caso-carlos-lanz-no-se-trataria-de-un-secuestro-segun-el-ministerio-publico\/#article","isPartOf":{"@id":"https:\/\/digital58.com.ve\/site\/2020\/08\/28\/el-caso-carlos-lanz-no-se-trataria-de-un-secuestro-segun-el-ministerio-publico\/"},"author":{"name":"Morales Joel","@id":"https:\/\/digital58.com.ve\/site\/#\/schema\/person\/8daf5f8bfd9ebdb98150c62bff195b72"},"headline":"El caso Carlos Lanz no se tratar\u00eda de un secuestro seg\u00fan el Ministerio P\u00fablico","datePublished":"2020-08-28T19:25:59+00:00","mainEntityOfPage":{"@id":"https:\/\/digital58.com.ve\/site\/2020\/08\/28\/el-caso-carlos-lanz-no-se-trataria-de-un-secuestro-segun-el-ministerio-publico\/"},"wordCount":322,"commentCount":0,"publisher":{"@id":"https:\/\/digital58.com.ve\/site\/#\/schema\/person\/64d1c2e4d0d4fd1b849980c4331c2951"},"image":{"@id":"https:\/\/digital58.com.ve\/site\/2020\/08\/28\/el-caso-carlos-lanz-no-se-trataria-de-un-secuestro-segun-el-ministerio-publico\/#primaryimage"},"thumbnailUrl":"https:\/\/digital58.com.ve\/site\/wp-content\/uploads\/2020\/06\/Fiscal-General-de-la-Repu\u0301blica-designado-por-la-ANC-Tarek-William-Saab.-Foto-AVN..jpg","keywords":["Caracas","Carlos Lanz","Ministerio P\u00fablico","Nacionales","Tareck William Saab","Venezuela"],"articleSection":["Venezuela"],"inLanguage":"es","potentialAction":[{"@type":"CommentAction","name":"Comment","target":["https:\/\/digital58.com.ve\/site\/2020\/08\/28\/el-caso-carlos-lanz-no-se-trataria-de-un-secuestro-segun-el-ministerio-publico\/#respond"]}]},{"@type":"WebPage","@id":"https:\/\/digital58.com.ve\/site\/2020\/08\/28\/el-caso-carlos-lanz-no-se-trataria-de-un-secuestro-segun-el-ministerio-publico\/","url":"https:\/\/digital58.com.ve\/site\/2020\/08\/28\/el-caso-carlos-lanz-no-se-trataria-de-un-secuestro-segun-el-ministerio-publico\/","name":"El caso Carlos Lanz no se tratar\u00eda de un secuestro seg\u00fan el Ministerio P\u00fablico","isPartOf":{"@id":"https:\/\/digital58.com.ve\/site\/#website"},"primaryImageOfPage":{"@id":"https:\/\/digital58.com.ve\/site\/2020\/08\/28\/el-caso-carlos-lanz-no-se-trataria-de-un-secuestro-segun-el-ministerio-publico\/#primaryimage"},"image":{"@id":"https:\/\/digital58.com.ve\/site\/2020\/08\/28\/el-caso-carlos-lanz-no-se-trataria-de-un-secuestro-segun-el-ministerio-publico\/#primaryimage"},"thumbnailUrl":"https:\/\/digital58.com.ve\/site\/wp-content\/uploads\/2020\/06\/Fiscal-General-de-la-Repu\u0301blica-designado-por-la-ANC-Tarek-William-Saab.-Foto-AVN..jpg","datePublished":"2020-08-28T19:25:59+00:00","description":"Venezuela","breadcrumb":{"@id":"https:\/\/digital58.com.ve\/site\/2020\/08\/28\/el-caso-carlos-lanz-no-se-trataria-de-un-secuestro-segun-el-ministerio-publico\/#breadcrumb"},"inLanguage":"es","potentialAction":[{"@type":"ReadAction","target":["https:\/\/digital58.com.ve\/site\/2020\/08\/28\/el-caso-carlos-lanz-no-se-trataria-de-un-secuestro-segun-el-ministerio-publico\/"]}]},{"@type":"ImageObject","inLanguage":"es","@id":"https:\/\/digital58.com.ve\/site\/2020\/08\/28\/el-caso-carlos-lanz-no-se-trataria-de-un-secuestro-segun-el-ministerio-publico\/#primaryimage","url":"https:\/\/digital58.com.ve\/site\/wp-content\/uploads\/2020\/06\/Fiscal-General-de-la-Repu\u0301blica-designado-por-la-ANC-Tarek-William-Saab.-Foto-AVN..jpg","contentUrl":"https:\/\/digital58.com.ve\/site\/wp-content\/uploads\/2020\/06\/Fiscal-General-de-la-Repu\u0301blica-designado-por-la-ANC-Tarek-William-Saab.-Foto-AVN..jpg","width":800,"height":580},{"@type":"BreadcrumbList","@id":"https:\/\/digital58.com.ve\/site\/2020\/08\/28\/el-caso-carlos-lanz-no-se-trataria-de-un-secuestro-segun-el-ministerio-publico\/#breadcrumb","itemListElement":[{"@type":"ListItem","position":1,"name":"Home","item":"https:\/\/digital58.com.ve\/site\/"},{"@type":"ListItem","position":2,"name":"El caso Carlos Lanz no se tratar\u00eda de un secuestro seg\u00fan el Ministerio P\u00fablico"}]},{"@type":"WebSite","@id":"https:\/\/digital58.com.ve\/site\/#website","url":"https:\/\/digital58.com.ve\/site\/","name":"Noticias Digital58","description":"Portal de Noticias \u00a1Periodismo web de verdad! Lanzamiento web 22.11.2005 \/ Maracaibo, Venezuela","publisher":{"@id":"https:\/\/digital58.com.ve\/site\/#\/schema\/person\/64d1c2e4d0d4fd1b849980c4331c2951"},"alternateName":"ND58","potentialAction":[{"@type":"SearchAction","target":{"@type":"EntryPoint","urlTemplate":"https:\/\/digital58.com.ve\/site\/?s={search_term_string}"},"query-input":{"@type":"PropertyValueSpecification","valueRequired":true,"valueName":"search_term_string"}}],"inLanguage":"es"},{"@type":["Person","Organization"],"@id":"https:\/\/digital58.com.ve\/site\/#\/schema\/person\/64d1c2e4d0d4fd1b849980c4331c2951","name":"Villasmil Henry","image":{"@type":"ImageObject","inLanguage":"es","@id":"https:\/\/secure.gravatar.com\/avatar\/bb0c4a2fcb7970138239f7e404ea75757b1b507b28b5ce4c53fbd62d797c5a7c?s=96&d=mm&r=g","url":"https:\/\/secure.gravatar.com\/avatar\/bb0c4a2fcb7970138239f7e404ea75757b1b507b28b5ce4c53fbd62d797c5a7c?s=96&d=mm&r=g","contentUrl":"https:\/\/secure.gravatar.com\/avatar\/bb0c4a2fcb7970138239f7e404ea75757b1b507b28b5ce4c53fbd62d797c5a7c?s=96&d=mm&r=g","caption":"Villasmil Henry"},"logo":{"@id":"https:\/\/secure.gravatar.com\/avatar\/bb0c4a2fcb7970138239f7e404ea75757b1b507b28b5ce4c53fbd62d797c5a7c?s=96&d=mm&r=g"},"sameAs":["http:\/\/www.henryvillasmil.com.ve","https:\/\/www.instagram.com\/villasmilhfoto\/","https:\/\/x.com\/https:\/\/twitter.com\/villasmilhfoto"]},{"@type":"Person","@id":"https:\/\/digital58.com.ve\/site\/#\/schema\/person\/8daf5f8bfd9ebdb98150c62bff195b72","name":"Morales Joel","image":{"@type":"ImageObject","inLanguage":"es","@id":"https:\/\/secure.gravatar.com\/avatar\/e2cb5ce0e9279ab3c8e03d472e483f32e666716a18da3bfa7b0749a5465409f1?s=96&d=mm&r=g","url":"https:\/\/secure.gravatar.com\/avatar\/e2cb5ce0e9279ab3c8e03d472e483f32e666716a18da3bfa7b0749a5465409f1?s=96&d=mm&r=g","contentUrl":"https:\/\/secure.gravatar.com\/avatar\/e2cb5ce0e9279ab3c8e03d472e483f32e666716a18da3bfa7b0749a5465409f1?s=96&d=mm&r=g","caption":"Morales Joel"},"url":"https:\/\/digital58.com.ve\/site\/author\/joelm\/"}]}},"uagb_featured_image_src":{"full":["https:\/\/digital58.com.ve\/site\/wp-content\/uploads\/2020\/06\/Fiscal-General-de-la-Repu\u0301blica-designado-por-la-ANC-Tarek-William-Saab.-Foto-AVN..jpg",800,580,false],"thumbnail":["https:\/\/digital58.com.ve\/site\/wp-content\/uploads\/2020\/06\/Fiscal-General-de-la-Repu\u0301blica-designado-por-la-ANC-Tarek-William-Saab.-Foto-AVN.-150x150.jpg",150,150,true],"medium":["https:\/\/digital58.com.ve\/site\/wp-content\/uploads\/2020\/06\/Fiscal-General-de-la-Repu\u0301blica-designado-por-la-ANC-Tarek-William-Saab.-Foto-AVN.-300x218.jpg",300,218,true],"medium_large":["https:\/\/digital58.com.ve\/site\/wp-content\/uploads\/2020\/06\/Fiscal-General-de-la-Repu\u0301blica-designado-por-la-ANC-Tarek-William-Saab.-Foto-AVN.-768x557.jpg",768,557,true],"large":["https:\/\/digital58.com.ve\/site\/wp-content\/uploads\/2020\/06\/Fiscal-General-de-la-Repu\u0301blica-designado-por-la-ANC-Tarek-William-Saab.-Foto-AVN..jpg",800,580,false],"1536x1536":["https:\/\/digital58.com.ve\/site\/wp-content\/uploads\/2020\/06\/Fiscal-General-de-la-Repu\u0301blica-designado-por-la-ANC-Tarek-William-Saab.-Foto-AVN..jpg",800,580,false],"2048x2048":["https:\/\/digital58.com.ve\/site\/wp-content\/uploads\/2020\/06\/Fiscal-General-de-la-Repu\u0301blica-designado-por-la-ANC-Tarek-William-Saab.-Foto-AVN..jpg",800,580,false],"colormag-highlighted-post":["https:\/\/digital58.com.ve\/site\/wp-content\/uploads\/2020\/06\/Fiscal-General-de-la-Repu\u0301blica-designado-por-la-ANC-Tarek-William-Saab.-Foto-AVN..jpg",375,272,false],"colormag-featured-post-medium":["https:\/\/digital58.com.ve\/site\/wp-content\/uploads\/2020\/06\/Fiscal-General-de-la-Repu\u0301blica-designado-por-la-ANC-Tarek-William-Saab.-Foto-AVN..jpg",283,205,false],"colormag-featured-post-small":["https:\/\/digital58.com.ve\/site\/wp-content\/uploads\/2020\/06\/Fiscal-General-de-la-Repu\u0301blica-designado-por-la-ANC-Tarek-William-Saab.-Foto-AVN..jpg",124,90,false],"colormag-featured-image":["https:\/\/digital58.com.ve\/site\/wp-content\/uploads\/2020\/06\/Fiscal-General-de-la-Repu\u0301blica-designado-por-la-ANC-Tarek-William-Saab.-Foto-AVN..jpg",614,445,false],"colormag-default-news":["https:\/\/digital58.com.ve\/site\/wp-content\/uploads\/2020\/06\/Fiscal-General-de-la-Repu\u0301blica-designado-por-la-ANC-Tarek-William-Saab.-Foto-AVN..jpg",150,109,false],"colormag-featured-image-large":["https:\/\/digital58.com.ve\/site\/wp-content\/uploads\/2020\/06\/Fiscal-General-de-la-Repu\u0301blica-designado-por-la-ANC-Tarek-William-Saab.-Foto-AVN..jpg",800,580,false]},"uagb_author_info":{"display_name":"Morales Joel","author_link":"https:\/\/digital58.com.ve\/site\/author\/joelm\/"},"uagb_comment_info":0,"uagb_excerpt":"Lanz desapareci\u00f3 el pasado 8 de agosto sin que hasta el momento se encuentren pistas claras que ayuden a esclarecer","_links":{"self":[{"href":"https:\/\/digital58.com.ve\/site\/wp-json\/wp\/v2\/posts\/125018","targetHints":{"allow":["GET"]}}],"collection":[{"href":"https:\/\/digital58.com.ve\/site\/wp-json\/wp\/v2\/posts"}],"about":[{"href":"https:\/\/digital58.com.ve\/site\/wp-json\/wp\/v2\/types\/post"}],"author":[{"embeddable":true,"href":"https:\/\/digital58.com.ve\/site\/wp-json\/wp\/v2\/users\/29"}],"replies":[{"embeddable":true,"href":"https:\/\/digital58.com.ve\/site\/wp-json\/wp\/v2\/comments?post=125018"}],"version-history":[{"count":0,"href":"https:\/\/digital58.com.ve\/site\/wp-json\/wp\/v2\/posts\/125018\/revisions"}],"wp:featuredmedia":[{"embeddable":true,"href":"https:\/\/digital58.com.ve\/site\/wp-json\/wp\/v2\/media\/108579"}],"wp:attachment":[{"href":"https:\/\/digital58.com.ve\/site\/wp-json\/wp\/v2\/media?parent=125018"}],"wp:term":[{"taxonomy":"category","embeddable":true,"href":"https:\/\/digital58.com.ve\/site\/wp-json\/wp\/v2\/categories?post=125018"},{"taxonomy":"post_tag","embeddable":true,"href":"https:\/\/digital58.com.ve\/site\/wp-json\/wp\/v2\/tags?post=125018"}],"curies":[{"name":"wp","href":"https:\/\/api.w.org\/{rel}","templated":true}]}}