{"id":125150,"date":"2020-08-29T10:01:40","date_gmt":"2020-08-29T14:01:40","guid":{"rendered":"https:\/\/digital58.com.ve\/site\/?p=125150"},"modified":"2020-08-29T10:01:40","modified_gmt":"2020-08-29T14:01:40","slug":"jovenes-colombianos-protestan-contra-matanzas-y-piden-justicia","status":"publish","type":"post","link":"https:\/\/digital58.com.ve\/site\/2020\/08\/29\/jovenes-colombianos-protestan-contra-matanzas-y-piden-justicia\/","title":{"rendered":"J\u00f3venes colombianos protestan contra matanzas y piden justicia"},"content":{"rendered":"<p><a href=\"https:\/\/digital58.com.ve\/site\/wp-content\/uploads\/2020\/08\/protestas-colombia-29.08.20.jpg\"><img loading=\"lazy\" decoding=\"async\" class=\"aligncenter size-full wp-image-125156\" src=\"https:\/\/digital58.com.ve\/site\/wp-content\/uploads\/2020\/08\/protestas-colombia-29.08.20.jpg\" alt=\"\" width=\"800\" height=\"533\" srcset=\"https:\/\/digital58.com.ve\/site\/wp-content\/uploads\/2020\/08\/protestas-colombia-29.08.20.jpg 800w, https:\/\/digital58.com.ve\/site\/wp-content\/uploads\/2020\/08\/protestas-colombia-29.08.20-300x200.jpg 300w, https:\/\/digital58.com.ve\/site\/wp-content\/uploads\/2020\/08\/protestas-colombia-29.08.20-768x512.jpg 768w, https:\/\/digital58.com.ve\/site\/wp-content\/uploads\/2020\/08\/protestas-colombia-29.08.20-720x480.jpg 720w, https:\/\/digital58.com.ve\/site\/wp-content\/uploads\/2020\/08\/protestas-colombia-29.08.20-480x320.jpg 480w\" sizes=\"auto, (max-width: 800px) 100vw, 800px\" \/><\/a><\/p>\n<p>Un grupo de manifestantes, en su mayor\u00eda de comunidades afroamericanas, protest\u00f3 este viernes con tambores frente a la Fiscal\u00eda colombiana en Bogot\u00e1 por las masacres recientes en el pa\u00eds, pedir a las autoridades resultados en las investigaciones y ayuda para enfrentar los efectos de la pandemia de COVID-19.<\/p>\n<p><strong>Bogot\u00e1, Colombia, 29 de agosto de 2020 (ND58).-<\/strong> \u00abEstamos ac\u00e1 para exigir respuesta a cada uno de los asesinatos y para ver c\u00f3mo va la investigaci\u00f3n\u00bb, dijo a Efe Yasir Moreno, quien hace parte de una organizaci\u00f3n de afrodescendientes de Bogot\u00e1.<\/p>\n<p>Colombia ha sido escenario en las \u00faltimas semanas de nueve matanzas que se han cobrado la vida de 43 personas por lo cual el Gobierno asign\u00f3 equipos especializados para que investiguen los hechos ocurridos en los departamentos de Nari\u00f1o, Valle del Cauca, Arauca, Antioquia, Cauca y Norte de Santander.<\/p>\n<p>Seg\u00fan Moreno los organismos del Estado no cumplen con la labor de investigar las matanzas, pese a que el Gobierno anunci\u00f3 hoy la detenci\u00f3n de dos presuntos autores del asesinato de cinco adolescentes en Cali (suroeste).<\/p>\n<p>Durante la protesta los muchachos acompa\u00f1aron sus peticiones al Gobierno colombiano con m\u00fasica y pancartas en las que se le\u00eda: \u00abExigimos nuestras ayudas humanitarias inmediatas\u00bb. \u00abNo m\u00e1s racismo, todos somos iguales y tenemos los mismos derechos\u00bb.<\/p>\n<p><a href=\"https:\/\/digital58.com.ve\/site\/wp-content\/uploads\/2020\/08\/protestas-colombia-29.08.20-3.jpg\"><img loading=\"lazy\" decoding=\"async\" class=\"aligncenter size-full wp-image-125154\" src=\"https:\/\/digital58.com.ve\/site\/wp-content\/uploads\/2020\/08\/protestas-colombia-29.08.20-3.jpg\" alt=\"\" width=\"800\" height=\"533\" srcset=\"https:\/\/digital58.com.ve\/site\/wp-content\/uploads\/2020\/08\/protestas-colombia-29.08.20-3.jpg 800w, https:\/\/digital58.com.ve\/site\/wp-content\/uploads\/2020\/08\/protestas-colombia-29.08.20-3-300x200.jpg 300w, https:\/\/digital58.com.ve\/site\/wp-content\/uploads\/2020\/08\/protestas-colombia-29.08.20-3-768x512.jpg 768w, https:\/\/digital58.com.ve\/site\/wp-content\/uploads\/2020\/08\/protestas-colombia-29.08.20-3-720x480.jpg 720w, https:\/\/digital58.com.ve\/site\/wp-content\/uploads\/2020\/08\/protestas-colombia-29.08.20-3-480x320.jpg 480w\" sizes=\"auto, (max-width: 800px) 100vw, 800px\" \/><\/a><\/p>\n<h2>Racismo y abandono estatal<\/h2>\n<p>En declaraciones a Efe, Stella Cort\u00e9s, otra manifestante, asegur\u00f3 que entre las razones de la violencia est\u00e1n el racismo y el abandono del Estado a las comunidades.<\/p>\n<p>\u00abEstamos aqu\u00ed por muchas razones: en primer lugar por el racismo y por el asesinato de nuestros j\u00f3venes\u00bb, dijo en tono vehemente la mujer, quien adem\u00e1s reclam\u00f3 que no tiene trabajo ni una vivienda digna en Soacha, una poblaci\u00f3n aleda\u00f1a a Bogot\u00e1, en donde habita.<\/p>\n<p>\u00abSomos desplazados. No ha llegado ni ayuda del Gobierno, ni mercados, ni indemnizaciones, ni ayudas humanitarias y somos desplazados\u00bb, asegur\u00f3 la mujer.<\/p>\n<p>Cort\u00e9s asegur\u00f3 que desde que comenz\u00f3 la pandemia del coronavirus la Alcald\u00eda de Soacha solamente le ha ayudado con v\u00edveres una vez, lo que consider\u00f3 insuficiente porque nadie vive \u00abcon un litro de aceite cinco o seis meses\u00bb.<\/p>\n<p>Seg\u00fan el Ministerio de Salud el pa\u00eds tiene 582.022 casos de la COVID-19 y 18.468 personas han perdido la vida por la pandemia.<\/p>\n<p><a href=\"https:\/\/digital58.com.ve\/site\/wp-content\/uploads\/2020\/08\/protestas-colombia-29.08.20-2.jpg\"><img loading=\"lazy\" decoding=\"async\" class=\"aligncenter size-full wp-image-125155\" src=\"https:\/\/digital58.com.ve\/site\/wp-content\/uploads\/2020\/08\/protestas-colombia-29.08.20-2.jpg\" alt=\"\" width=\"800\" height=\"533\" srcset=\"https:\/\/digital58.com.ve\/site\/wp-content\/uploads\/2020\/08\/protestas-colombia-29.08.20-2.jpg 800w, https:\/\/digital58.com.ve\/site\/wp-content\/uploads\/2020\/08\/protestas-colombia-29.08.20-2-300x200.jpg 300w, https:\/\/digital58.com.ve\/site\/wp-content\/uploads\/2020\/08\/protestas-colombia-29.08.20-2-768x512.jpg 768w, https:\/\/digital58.com.ve\/site\/wp-content\/uploads\/2020\/08\/protestas-colombia-29.08.20-2-720x480.jpg 720w, https:\/\/digital58.com.ve\/site\/wp-content\/uploads\/2020\/08\/protestas-colombia-29.08.20-2-480x320.jpg 480w\" sizes=\"auto, (max-width: 800px) 100vw, 800px\" \/><\/a><\/p>\n<h3>Preocupaci\u00f3n por la juventud<\/h3>\n<p>Sobre las matanzas, Cort\u00e9s lament\u00f3 que actualmente \u00abno sabemos realmente qu\u00e9 est\u00e1 pasando ni qui\u00e9n est\u00e1 matando a nuestros j\u00f3venes\u00bb.<\/p>\n<p>Horas antes de esta protesta, las autoridades anunciaron la captura de dos guardias de seguridad como presuntos autores de la matanza de cinco j\u00f3venes perpetrada el pasado 11 de agosto en una plantaci\u00f3n de ca\u00f1a de az\u00facar en las afueras de Cali.<\/p>\n<p>Los capturados esta madrugada \u00abcomo presuntos autores de la muerte de estos menores de edad\u00bb son Jefferson Marcial Angulo Qui\u00f1onez y Juan Carlos Loaiza Ocampo, quienes hac\u00edan parte de un grupo de vigilantes de la zona, dijo el fiscal general, Francisco Barbosa, quien se traslad\u00f3 a Cali con el presidente colombiano, Iv\u00e1n Duque, para hacer el anuncio.<\/p>\n<p>Otra manifestaci\u00f3n hoy tuvo lugar en la Universidad Nacional, la principal p\u00fablica del pa\u00eds, donde estudiantes exigieron que cesen las masacres y que el Gobierno apruebe la matr\u00edcula gratuita para la educaci\u00f3n superior en instituciones del Estado.<\/p><div class=\"afofr69eef6c43311d\" ><p style=\"text-align: center;\"><a href=\"https:\/\/t.me\/noticiasdigital58\" target=\"_blank\" rel=\"noopener\"><img class=\"aligncenter size-full wp-image-125363\" src=\"https:\/\/digital58.com.ve\/site\/wp-content\/uploads\/2021\/04\/banner-telegram-web-2021.png\" alt=\"\" width=\"600\" height=\"90\" \/><\/a><\/p><\/div><style type=\"text\/css\">\r\n@media screen and (min-width: 1201px) {\r\n.afofr69eef6c43311d {\r\ndisplay: block;\r\n}\r\n}\r\n@media screen and (min-width: 993px) and (max-width: 1200px) {\r\n.afofr69eef6c43311d {\r\ndisplay: block;\r\n}\r\n}\r\n@media screen and (min-width: 769px) and (max-width: 992px) {\r\n.afofr69eef6c43311d {\r\ndisplay: block;\r\n}\r\n}\r\n@media screen and (min-width: 768px) and (max-width: 768px) {\r\n.afofr69eef6c43311d {\r\ndisplay: block;\r\n}\r\n}\r\n@media screen and (max-width: 767px) {\r\n.afofr69eef6c43311d {\r\ndisplay: block;\r\n}\r\n}\r\n<\/style>\r\n\n<p><strong>Redacci\u00f3n ND58 | Fuente: EFE<\/strong><br \/>\n<strong>Edici\u00f3n: Villasmil, Henry<\/strong><br \/>\n<strong>Gr\u00e1ficas: EFE<\/strong><\/p>\n<div style=\"margin-top: 0px; margin-bottom: 0px;\" class=\"sharethis-inline-share-buttons\" ><\/div>","protected":false},"excerpt":{"rendered":"<p>Un grupo de manifestantes, en su mayor\u00eda de comunidades afroamericanas, protest\u00f3 este viernes con tambores frente a la Fiscal\u00eda colombiana<\/p>\n","protected":false},"author":1,"featured_media":125155,"comment_status":"open","ping_status":"closed","sticky":false,"template":"","format":"standard","meta":{"colormag_page_container_layout":"default_layout","colormag_page_sidebar_layout":"default_layout","_uag_custom_page_level_css":"","footnotes":""},"categories":[16451],"tags":[16488,3063,98,16626,8,7387,20995,4296],"class_list":["post-125150","post","type-post","status-publish","format-standard","has-post-thumbnail","hentry","category-mundo","tag-asesinatos","tag-bogota","tag-colombia","tag-guerrilla-colombiana","tag-internacionales","tag-jovenes","tag-matanzas","tag-protestas"],"yoast_head":"<!-- This site is optimized with the Yoast SEO plugin v27.4 - https:\/\/yoast.com\/product\/yoast-seo-wordpress\/ -->\n<title>J\u00f3venes colombianos protestan contra matanzas y piden justicia<\/title>\n<meta name=\"description\" content=\"Mundo\" \/>\n<meta name=\"robots\" content=\"index, follow, max-snippet:-1, max-image-preview:large, max-video-preview:-1\" \/>\n<link rel=\"canonical\" href=\"https:\/\/digital58.com.ve\/site\/2020\/08\/29\/jovenes-colombianos-protestan-contra-matanzas-y-piden-justicia\/\" \/>\n<meta property=\"og:locale\" content=\"es_ES\" \/>\n<meta property=\"og:type\" content=\"article\" \/>\n<meta property=\"og:title\" content=\"J\u00f3venes colombianos protestan contra matanzas y piden justicia\" \/>\n<meta property=\"og:description\" content=\"Mundo\" \/>\n<meta property=\"og:url\" content=\"https:\/\/digital58.com.ve\/site\/2020\/08\/29\/jovenes-colombianos-protestan-contra-matanzas-y-piden-justicia\/\" \/>\n<meta property=\"og:site_name\" content=\"Noticias Digital58\" \/>\n<meta property=\"article:published_time\" content=\"2020-08-29T14:01:40+00:00\" \/>\n<meta property=\"og:image\" content=\"https:\/\/digital58.com.ve\/site\/wp-content\/uploads\/2020\/08\/protestas-colombia-29.08.20-2.jpg\" \/>\n\t<meta property=\"og:image:width\" content=\"800\" \/>\n\t<meta property=\"og:image:height\" content=\"533\" \/>\n\t<meta property=\"og:image:type\" content=\"image\/jpeg\" \/>\n<meta name=\"author\" content=\"Villasmil Henry\" \/>\n<meta name=\"twitter:card\" content=\"summary_large_image\" \/>\n<meta name=\"twitter:creator\" content=\"@https:\/\/twitter.com\/villasmilhfoto\" \/>\n<meta name=\"twitter:site\" content=\"@villasmilhfoto\" \/>\n<meta name=\"twitter:label1\" content=\"Escrito por\" \/>\n\t<meta name=\"twitter:data1\" content=\"Villasmil Henry\" \/>\n\t<meta name=\"twitter:label2\" content=\"Tiempo estimado de lectura\" \/>\n\t<meta name=\"twitter:data2\" content=\"3 minutos\" \/>\n<script type=\"application\/ld+json\" class=\"yoast-schema-graph\">{\"@context\":\"https:\\\/\\\/schema.org\",\"@graph\":[{\"@type\":\"Article\",\"@id\":\"https:\\\/\\\/digital58.com.ve\\\/site\\\/2020\\\/08\\\/29\\\/jovenes-colombianos-protestan-contra-matanzas-y-piden-justicia\\\/#article\",\"isPartOf\":{\"@id\":\"https:\\\/\\\/digital58.com.ve\\\/site\\\/2020\\\/08\\\/29\\\/jovenes-colombianos-protestan-contra-matanzas-y-piden-justicia\\\/\"},\"author\":{\"name\":\"Villasmil Henry\",\"@id\":\"https:\\\/\\\/digital58.com.ve\\\/site\\\/#\\\/schema\\\/person\\\/64d1c2e4d0d4fd1b849980c4331c2951\"},\"headline\":\"J\u00f3venes colombianos protestan contra matanzas y piden justicia\",\"datePublished\":\"2020-08-29T14:01:40+00:00\",\"mainEntityOfPage\":{\"@id\":\"https:\\\/\\\/digital58.com.ve\\\/site\\\/2020\\\/08\\\/29\\\/jovenes-colombianos-protestan-contra-matanzas-y-piden-justicia\\\/\"},\"wordCount\":585,\"commentCount\":0,\"publisher\":{\"@id\":\"https:\\\/\\\/digital58.com.ve\\\/site\\\/#\\\/schema\\\/person\\\/64d1c2e4d0d4fd1b849980c4331c2951\"},\"image\":{\"@id\":\"https:\\\/\\\/digital58.com.ve\\\/site\\\/2020\\\/08\\\/29\\\/jovenes-colombianos-protestan-contra-matanzas-y-piden-justicia\\\/#primaryimage\"},\"thumbnailUrl\":\"https:\\\/\\\/digital58.com.ve\\\/site\\\/wp-content\\\/uploads\\\/2020\\\/08\\\/protestas-colombia-29.08.20-2.jpg\",\"keywords\":[\"Asesinatos\",\"Bogot\u00e1\",\"Colombia\",\"guerrilla colombiana\",\"Internacionales\",\"J\u00f3venes\",\"Matanzas\",\"Protestas\"],\"articleSection\":[\"Mundo\"],\"inLanguage\":\"es\",\"potentialAction\":[{\"@type\":\"CommentAction\",\"name\":\"Comment\",\"target\":[\"https:\\\/\\\/digital58.com.ve\\\/site\\\/2020\\\/08\\\/29\\\/jovenes-colombianos-protestan-contra-matanzas-y-piden-justicia\\\/#respond\"]}]},{\"@type\":\"WebPage\",\"@id\":\"https:\\\/\\\/digital58.com.ve\\\/site\\\/2020\\\/08\\\/29\\\/jovenes-colombianos-protestan-contra-matanzas-y-piden-justicia\\\/\",\"url\":\"https:\\\/\\\/digital58.com.ve\\\/site\\\/2020\\\/08\\\/29\\\/jovenes-colombianos-protestan-contra-matanzas-y-piden-justicia\\\/\",\"name\":\"J\u00f3venes colombianos protestan contra matanzas y piden justicia\",\"isPartOf\":{\"@id\":\"https:\\\/\\\/digital58.com.ve\\\/site\\\/#website\"},\"primaryImageOfPage\":{\"@id\":\"https:\\\/\\\/digital58.com.ve\\\/site\\\/2020\\\/08\\\/29\\\/jovenes-colombianos-protestan-contra-matanzas-y-piden-justicia\\\/#primaryimage\"},\"image\":{\"@id\":\"https:\\\/\\\/digital58.com.ve\\\/site\\\/2020\\\/08\\\/29\\\/jovenes-colombianos-protestan-contra-matanzas-y-piden-justicia\\\/#primaryimage\"},\"thumbnailUrl\":\"https:\\\/\\\/digital58.com.ve\\\/site\\\/wp-content\\\/uploads\\\/2020\\\/08\\\/protestas-colombia-29.08.20-2.jpg\",\"datePublished\":\"2020-08-29T14:01:40+00:00\",\"description\":\"Mundo\",\"breadcrumb\":{\"@id\":\"https:\\\/\\\/digital58.com.ve\\\/site\\\/2020\\\/08\\\/29\\\/jovenes-colombianos-protestan-contra-matanzas-y-piden-justicia\\\/#breadcrumb\"},\"inLanguage\":\"es\",\"potentialAction\":[{\"@type\":\"ReadAction\",\"target\":[\"https:\\\/\\\/digital58.com.ve\\\/site\\\/2020\\\/08\\\/29\\\/jovenes-colombianos-protestan-contra-matanzas-y-piden-justicia\\\/\"]}]},{\"@type\":\"ImageObject\",\"inLanguage\":\"es\",\"@id\":\"https:\\\/\\\/digital58.com.ve\\\/site\\\/2020\\\/08\\\/29\\\/jovenes-colombianos-protestan-contra-matanzas-y-piden-justicia\\\/#primaryimage\",\"url\":\"https:\\\/\\\/digital58.com.ve\\\/site\\\/wp-content\\\/uploads\\\/2020\\\/08\\\/protestas-colombia-29.08.20-2.jpg\",\"contentUrl\":\"https:\\\/\\\/digital58.com.ve\\\/site\\\/wp-content\\\/uploads\\\/2020\\\/08\\\/protestas-colombia-29.08.20-2.jpg\",\"width\":800,\"height\":533},{\"@type\":\"BreadcrumbList\",\"@id\":\"https:\\\/\\\/digital58.com.ve\\\/site\\\/2020\\\/08\\\/29\\\/jovenes-colombianos-protestan-contra-matanzas-y-piden-justicia\\\/#breadcrumb\",\"itemListElement\":[{\"@type\":\"ListItem\",\"position\":1,\"name\":\"Home\",\"item\":\"https:\\\/\\\/digital58.com.ve\\\/site\\\/\"},{\"@type\":\"ListItem\",\"position\":2,\"name\":\"J\u00f3venes colombianos protestan contra matanzas y piden justicia\"}]},{\"@type\":\"WebSite\",\"@id\":\"https:\\\/\\\/digital58.com.ve\\\/site\\\/#website\",\"url\":\"https:\\\/\\\/digital58.com.ve\\\/site\\\/\",\"name\":\"Noticias Digital58\",\"description\":\"Portal de Noticias \u00a1Periodismo web de verdad! Lanzamiento web 22.11.2005 \\\/ Maracaibo, Venezuela\",\"publisher\":{\"@id\":\"https:\\\/\\\/digital58.com.ve\\\/site\\\/#\\\/schema\\\/person\\\/64d1c2e4d0d4fd1b849980c4331c2951\"},\"alternateName\":\"ND58\",\"potentialAction\":[{\"@type\":\"SearchAction\",\"target\":{\"@type\":\"EntryPoint\",\"urlTemplate\":\"https:\\\/\\\/digital58.com.ve\\\/site\\\/?s={search_term_string}\"},\"query-input\":{\"@type\":\"PropertyValueSpecification\",\"valueRequired\":true,\"valueName\":\"search_term_string\"}}],\"inLanguage\":\"es\"},{\"@type\":[\"Person\",\"Organization\"],\"@id\":\"https:\\\/\\\/digital58.com.ve\\\/site\\\/#\\\/schema\\\/person\\\/64d1c2e4d0d4fd1b849980c4331c2951\",\"name\":\"Villasmil Henry\",\"image\":{\"@type\":\"ImageObject\",\"inLanguage\":\"es\",\"@id\":\"https:\\\/\\\/secure.gravatar.com\\\/avatar\\\/bb0c4a2fcb7970138239f7e404ea75757b1b507b28b5ce4c53fbd62d797c5a7c?s=96&d=mm&r=g\",\"url\":\"https:\\\/\\\/secure.gravatar.com\\\/avatar\\\/bb0c4a2fcb7970138239f7e404ea75757b1b507b28b5ce4c53fbd62d797c5a7c?s=96&d=mm&r=g\",\"contentUrl\":\"https:\\\/\\\/secure.gravatar.com\\\/avatar\\\/bb0c4a2fcb7970138239f7e404ea75757b1b507b28b5ce4c53fbd62d797c5a7c?s=96&d=mm&r=g\",\"caption\":\"Villasmil Henry\"},\"logo\":{\"@id\":\"https:\\\/\\\/secure.gravatar.com\\\/avatar\\\/bb0c4a2fcb7970138239f7e404ea75757b1b507b28b5ce4c53fbd62d797c5a7c?s=96&d=mm&r=g\"},\"sameAs\":[\"http:\\\/\\\/www.henryvillasmil.com.ve\",\"https:\\\/\\\/www.instagram.com\\\/villasmilhfoto\\\/\",\"https:\\\/\\\/x.com\\\/https:\\\/\\\/twitter.com\\\/villasmilhfoto\"],\"url\":\"https:\\\/\\\/digital58.com.ve\\\/site\\\/author\\\/droopy_68\\\/\"}]}<\/script>\n<!-- \/ Yoast SEO plugin. -->","yoast_head_json":{"title":"J\u00f3venes colombianos protestan contra matanzas y piden justicia","description":"Mundo","robots":{"index":"index","follow":"follow","max-snippet":"max-snippet:-1","max-image-preview":"max-image-preview:large","max-video-preview":"max-video-preview:-1"},"canonical":"https:\/\/digital58.com.ve\/site\/2020\/08\/29\/jovenes-colombianos-protestan-contra-matanzas-y-piden-justicia\/","og_locale":"es_ES","og_type":"article","og_title":"J\u00f3venes colombianos protestan contra matanzas y piden justicia","og_description":"Mundo","og_url":"https:\/\/digital58.com.ve\/site\/2020\/08\/29\/jovenes-colombianos-protestan-contra-matanzas-y-piden-justicia\/","og_site_name":"Noticias Digital58","article_published_time":"2020-08-29T14:01:40+00:00","og_image":[{"width":800,"height":533,"url":"https:\/\/digital58.com.ve\/site\/wp-content\/uploads\/2020\/08\/protestas-colombia-29.08.20-2.jpg","type":"image\/jpeg"}],"author":"Villasmil Henry","twitter_card":"summary_large_image","twitter_creator":"@https:\/\/twitter.com\/villasmilhfoto","twitter_site":"@villasmilhfoto","twitter_misc":{"Escrito por":"Villasmil Henry","Tiempo estimado de lectura":"3 minutos"},"schema":{"@context":"https:\/\/schema.org","@graph":[{"@type":"Article","@id":"https:\/\/digital58.com.ve\/site\/2020\/08\/29\/jovenes-colombianos-protestan-contra-matanzas-y-piden-justicia\/#article","isPartOf":{"@id":"https:\/\/digital58.com.ve\/site\/2020\/08\/29\/jovenes-colombianos-protestan-contra-matanzas-y-piden-justicia\/"},"author":{"name":"Villasmil Henry","@id":"https:\/\/digital58.com.ve\/site\/#\/schema\/person\/64d1c2e4d0d4fd1b849980c4331c2951"},"headline":"J\u00f3venes colombianos protestan contra matanzas y piden justicia","datePublished":"2020-08-29T14:01:40+00:00","mainEntityOfPage":{"@id":"https:\/\/digital58.com.ve\/site\/2020\/08\/29\/jovenes-colombianos-protestan-contra-matanzas-y-piden-justicia\/"},"wordCount":585,"commentCount":0,"publisher":{"@id":"https:\/\/digital58.com.ve\/site\/#\/schema\/person\/64d1c2e4d0d4fd1b849980c4331c2951"},"image":{"@id":"https:\/\/digital58.com.ve\/site\/2020\/08\/29\/jovenes-colombianos-protestan-contra-matanzas-y-piden-justicia\/#primaryimage"},"thumbnailUrl":"https:\/\/digital58.com.ve\/site\/wp-content\/uploads\/2020\/08\/protestas-colombia-29.08.20-2.jpg","keywords":["Asesinatos","Bogot\u00e1","Colombia","guerrilla colombiana","Internacionales","J\u00f3venes","Matanzas","Protestas"],"articleSection":["Mundo"],"inLanguage":"es","potentialAction":[{"@type":"CommentAction","name":"Comment","target":["https:\/\/digital58.com.ve\/site\/2020\/08\/29\/jovenes-colombianos-protestan-contra-matanzas-y-piden-justicia\/#respond"]}]},{"@type":"WebPage","@id":"https:\/\/digital58.com.ve\/site\/2020\/08\/29\/jovenes-colombianos-protestan-contra-matanzas-y-piden-justicia\/","url":"https:\/\/digital58.com.ve\/site\/2020\/08\/29\/jovenes-colombianos-protestan-contra-matanzas-y-piden-justicia\/","name":"J\u00f3venes colombianos protestan contra matanzas y piden justicia","isPartOf":{"@id":"https:\/\/digital58.com.ve\/site\/#website"},"primaryImageOfPage":{"@id":"https:\/\/digital58.com.ve\/site\/2020\/08\/29\/jovenes-colombianos-protestan-contra-matanzas-y-piden-justicia\/#primaryimage"},"image":{"@id":"https:\/\/digital58.com.ve\/site\/2020\/08\/29\/jovenes-colombianos-protestan-contra-matanzas-y-piden-justicia\/#primaryimage"},"thumbnailUrl":"https:\/\/digital58.com.ve\/site\/wp-content\/uploads\/2020\/08\/protestas-colombia-29.08.20-2.jpg","datePublished":"2020-08-29T14:01:40+00:00","description":"Mundo","breadcrumb":{"@id":"https:\/\/digital58.com.ve\/site\/2020\/08\/29\/jovenes-colombianos-protestan-contra-matanzas-y-piden-justicia\/#breadcrumb"},"inLanguage":"es","potentialAction":[{"@type":"ReadAction","target":["https:\/\/digital58.com.ve\/site\/2020\/08\/29\/jovenes-colombianos-protestan-contra-matanzas-y-piden-justicia\/"]}]},{"@type":"ImageObject","inLanguage":"es","@id":"https:\/\/digital58.com.ve\/site\/2020\/08\/29\/jovenes-colombianos-protestan-contra-matanzas-y-piden-justicia\/#primaryimage","url":"https:\/\/digital58.com.ve\/site\/wp-content\/uploads\/2020\/08\/protestas-colombia-29.08.20-2.jpg","contentUrl":"https:\/\/digital58.com.ve\/site\/wp-content\/uploads\/2020\/08\/protestas-colombia-29.08.20-2.jpg","width":800,"height":533},{"@type":"BreadcrumbList","@id":"https:\/\/digital58.com.ve\/site\/2020\/08\/29\/jovenes-colombianos-protestan-contra-matanzas-y-piden-justicia\/#breadcrumb","itemListElement":[{"@type":"ListItem","position":1,"name":"Home","item":"https:\/\/digital58.com.ve\/site\/"},{"@type":"ListItem","position":2,"name":"J\u00f3venes colombianos protestan contra matanzas y piden justicia"}]},{"@type":"WebSite","@id":"https:\/\/digital58.com.ve\/site\/#website","url":"https:\/\/digital58.com.ve\/site\/","name":"Noticias Digital58","description":"Portal de Noticias \u00a1Periodismo web de verdad! Lanzamiento web 22.11.2005 \/ Maracaibo, Venezuela","publisher":{"@id":"https:\/\/digital58.com.ve\/site\/#\/schema\/person\/64d1c2e4d0d4fd1b849980c4331c2951"},"alternateName":"ND58","potentialAction":[{"@type":"SearchAction","target":{"@type":"EntryPoint","urlTemplate":"https:\/\/digital58.com.ve\/site\/?s={search_term_string}"},"query-input":{"@type":"PropertyValueSpecification","valueRequired":true,"valueName":"search_term_string"}}],"inLanguage":"es"},{"@type":["Person","Organization"],"@id":"https:\/\/digital58.com.ve\/site\/#\/schema\/person\/64d1c2e4d0d4fd1b849980c4331c2951","name":"Villasmil Henry","image":{"@type":"ImageObject","inLanguage":"es","@id":"https:\/\/secure.gravatar.com\/avatar\/bb0c4a2fcb7970138239f7e404ea75757b1b507b28b5ce4c53fbd62d797c5a7c?s=96&d=mm&r=g","url":"https:\/\/secure.gravatar.com\/avatar\/bb0c4a2fcb7970138239f7e404ea75757b1b507b28b5ce4c53fbd62d797c5a7c?s=96&d=mm&r=g","contentUrl":"https:\/\/secure.gravatar.com\/avatar\/bb0c4a2fcb7970138239f7e404ea75757b1b507b28b5ce4c53fbd62d797c5a7c?s=96&d=mm&r=g","caption":"Villasmil Henry"},"logo":{"@id":"https:\/\/secure.gravatar.com\/avatar\/bb0c4a2fcb7970138239f7e404ea75757b1b507b28b5ce4c53fbd62d797c5a7c?s=96&d=mm&r=g"},"sameAs":["http:\/\/www.henryvillasmil.com.ve","https:\/\/www.instagram.com\/villasmilhfoto\/","https:\/\/x.com\/https:\/\/twitter.com\/villasmilhfoto"],"url":"https:\/\/digital58.com.ve\/site\/author\/droopy_68\/"}]}},"uagb_featured_image_src":{"full":["https:\/\/digital58.com.ve\/site\/wp-content\/uploads\/2020\/08\/protestas-colombia-29.08.20-2.jpg",800,533,false],"thumbnail":["https:\/\/digital58.com.ve\/site\/wp-content\/uploads\/2020\/08\/protestas-colombia-29.08.20-2-150x150.jpg",150,150,true],"medium":["https:\/\/digital58.com.ve\/site\/wp-content\/uploads\/2020\/08\/protestas-colombia-29.08.20-2-300x200.jpg",300,200,true],"medium_large":["https:\/\/digital58.com.ve\/site\/wp-content\/uploads\/2020\/08\/protestas-colombia-29.08.20-2-768x512.jpg",768,512,true],"large":["https:\/\/digital58.com.ve\/site\/wp-content\/uploads\/2020\/08\/protestas-colombia-29.08.20-2.jpg",800,533,false],"1536x1536":["https:\/\/digital58.com.ve\/site\/wp-content\/uploads\/2020\/08\/protestas-colombia-29.08.20-2.jpg",800,533,false],"2048x2048":["https:\/\/digital58.com.ve\/site\/wp-content\/uploads\/2020\/08\/protestas-colombia-29.08.20-2.jpg",800,533,false],"colormag-highlighted-post":["https:\/\/digital58.com.ve\/site\/wp-content\/uploads\/2020\/08\/protestas-colombia-29.08.20-2.jpg",392,261,false],"colormag-featured-post-medium":["https:\/\/digital58.com.ve\/site\/wp-content\/uploads\/2020\/08\/protestas-colombia-29.08.20-2.jpg",308,205,false],"colormag-featured-post-small":["https:\/\/digital58.com.ve\/site\/wp-content\/uploads\/2020\/08\/protestas-colombia-29.08.20-2.jpg",130,87,false],"colormag-featured-image":["https:\/\/digital58.com.ve\/site\/wp-content\/uploads\/2020\/08\/protestas-colombia-29.08.20-2.jpg",668,445,false],"colormag-default-news":["https:\/\/digital58.com.ve\/site\/wp-content\/uploads\/2020\/08\/protestas-colombia-29.08.20-2.jpg",150,100,false],"colormag-featured-image-large":["https:\/\/digital58.com.ve\/site\/wp-content\/uploads\/2020\/08\/protestas-colombia-29.08.20-2.jpg",800,533,false]},"uagb_author_info":{"display_name":"Villasmil Henry","author_link":"https:\/\/digital58.com.ve\/site\/author\/droopy_68\/"},"uagb_comment_info":0,"uagb_excerpt":"Un grupo de manifestantes, en su mayor\u00eda de comunidades afroamericanas, protest\u00f3 este viernes con tambores frente a la Fiscal\u00eda colombiana","_links":{"self":[{"href":"https:\/\/digital58.com.ve\/site\/wp-json\/wp\/v2\/posts\/125150","targetHints":{"allow":["GET"]}}],"collection":[{"href":"https:\/\/digital58.com.ve\/site\/wp-json\/wp\/v2\/posts"}],"about":[{"href":"https:\/\/digital58.com.ve\/site\/wp-json\/wp\/v2\/types\/post"}],"author":[{"embeddable":true,"href":"https:\/\/digital58.com.ve\/site\/wp-json\/wp\/v2\/users\/1"}],"replies":[{"embeddable":true,"href":"https:\/\/digital58.com.ve\/site\/wp-json\/wp\/v2\/comments?post=125150"}],"version-history":[{"count":0,"href":"https:\/\/digital58.com.ve\/site\/wp-json\/wp\/v2\/posts\/125150\/revisions"}],"wp:featuredmedia":[{"embeddable":true,"href":"https:\/\/digital58.com.ve\/site\/wp-json\/wp\/v2\/media\/125155"}],"wp:attachment":[{"href":"https:\/\/digital58.com.ve\/site\/wp-json\/wp\/v2\/media?parent=125150"}],"wp:term":[{"taxonomy":"category","embeddable":true,"href":"https:\/\/digital58.com.ve\/site\/wp-json\/wp\/v2\/categories?post=125150"},{"taxonomy":"post_tag","embeddable":true,"href":"https:\/\/digital58.com.ve\/site\/wp-json\/wp\/v2\/tags?post=125150"}],"curies":[{"name":"wp","href":"https:\/\/api.w.org\/{rel}","templated":true}]}}