{"id":125151,"date":"2020-08-29T12:18:33","date_gmt":"2020-08-29T16:18:33","guid":{"rendered":"https:\/\/digital58.com.ve\/site\/?p=125151"},"modified":"2020-08-29T12:18:33","modified_gmt":"2020-08-29T16:18:33","slug":"juan-requesens-un-camino-de-luchas-vejaciones-y-conviccion-para-seguir-adelante","status":"publish","type":"post","link":"https:\/\/digital58.com.ve\/site\/2020\/08\/29\/juan-requesens-un-camino-de-luchas-vejaciones-y-conviccion-para-seguir-adelante\/","title":{"rendered":"Juan Requesens un camino de luchas, vejaciones y convicci\u00f3n para seguir adelante"},"content":{"rendered":"<p>&nbsp;<\/p>\n<p><a href=\"https:\/\/digital58.com.ve\/site\/wp-content\/uploads\/2020\/08\/Juan-Requesens-29-08-20-2.jpg\"><img loading=\"lazy\" decoding=\"async\" class=\"aligncenter size-full wp-image-125236\" src=\"https:\/\/digital58.com.ve\/site\/wp-content\/uploads\/2020\/08\/Juan-Requesens-29-08-20-2.jpg\" alt=\"\" width=\"1000\" height=\"664\" srcset=\"https:\/\/digital58.com.ve\/site\/wp-content\/uploads\/2020\/08\/Juan-Requesens-29-08-20-2.jpg 800w, https:\/\/digital58.com.ve\/site\/wp-content\/uploads\/2020\/08\/Juan-Requesens-29-08-20-2-300x199.jpg 300w, https:\/\/digital58.com.ve\/site\/wp-content\/uploads\/2020\/08\/Juan-Requesens-29-08-20-2-768x510.jpg 768w, https:\/\/digital58.com.ve\/site\/wp-content\/uploads\/2020\/08\/Juan-Requesens-29-08-20-2-480x320.jpg 480w\" sizes=\"auto, (max-width: 1000px) 100vw, 1000px\" \/><\/a><\/p>\n<p>En el 2018 junto al diputado Julio Borges se les acus\u00f3 de estar involucrados en el atentado contra el presidente Nicol\u00e1s Maduro. Requesens fue privado de libertad junto a su hermana Rafaela Requesens a las afueras de su casa por el SEBIN.<\/p>\n<p><strong>Caracas, DC, Venezuela <\/strong><b>29 de agosto de 2020 (ND58).- <\/b>Juan Carlos Requesens Mart\u00ednez naci\u00f3 en Caracas el 17 de marzo de 1989, es diputado y pol\u00edtico venezolano, fue uno de los l\u00edderes de la oposici\u00f3n estudiantil durante las protestas venezolanas de 2014. Fue presidente de la Federaci\u00f3n de Centros Universitarios de la Universidad Central de Venezuela (FCU-UCV).<\/p>\n<p>Desde el 2016 form\u00f3 parte de la Asamblea Nacional de Venezuela al salir electo en las elecciones del 6 de diciembre de ese a\u00f1o, para el per\u00edodo 2016-2020. Durante el mandato del presidente Nicol\u00e1s Maduro ha participado en infinidades de protestas y acciones para tratar de salir del gobierno madurista.<\/p>\n<p>En el 2018, junto al diputado Julio Borges se les acus\u00f3 de estar involucrados en el atentado contra el presidente Nicol\u00e1s Maduro. Requesens fue privado de libertad junto a su hermana Rafaela Requesens \u00a0a las afueras de su casa por el SEBIN.<\/p>\n<p>Por tal motivo y por decisi\u00f3n de la Fiscal\u00eda de Naci\u00f3n con apoyo de la Asamblea Nacional Constituyente le fue removida su inmunidad parlamentaria para poder enjuiciarlo por el cargo de atentado contra el presidente Nicol\u00e1s Maduro.<\/p>\n<p><a href=\"https:\/\/digital58.com.ve\/site\/wp-content\/uploads\/2020\/08\/Juan-Requesens-29-08-20.jpg\"><img loading=\"lazy\" decoding=\"async\" class=\"aligncenter size-full wp-image-125237\" src=\"https:\/\/digital58.com.ve\/site\/wp-content\/uploads\/2020\/08\/Juan-Requesens-29-08-20.jpg\" alt=\"\" width=\"843\" height=\"631\" srcset=\"https:\/\/digital58.com.ve\/site\/wp-content\/uploads\/2020\/08\/Juan-Requesens-29-08-20.jpg 800w, https:\/\/digital58.com.ve\/site\/wp-content\/uploads\/2020\/08\/Juan-Requesens-29-08-20-300x225.jpg 300w, https:\/\/digital58.com.ve\/site\/wp-content\/uploads\/2020\/08\/Juan-Requesens-29-08-20-768x575.jpg 768w\" sizes=\"auto, (max-width: 843px) 100vw, 843px\" \/><\/a><\/p>\n<p>La Fiscal\u00eda General pidi\u00f3 al Tribunal Supremo de Justicia emitir sentencia para dar pie a la remoci\u00f3n de la inmunidad parlamentaria de Requesens, la cual fue efectuada \u00a0y remitida a la Asamblea Nacional Constituyente quien lo aprob\u00f3.<\/p>\n<p>El 10 de agosto el ministro de Informaci\u00f3n Jorge Rodr\u00edguez G\u00f3mez en cadena nacional mostr\u00f3 un video del diputado a la Asamblea Nacional Juan Requesens en el que aseguraba que hab\u00eda colaborado con el ingreso de los autores del supuesto atentado. \u00abDesde hace varias semanas fui contactado por Julio Borges, quien me pidi\u00f3 el favor de pasar a una persona de Venezuela a Colombia.<\/p>\n<p>Se trata de Juan Monasterios, me contact\u00e9 con \u00e9l a trav\u00e9s de la mensajer\u00eda. Yo estaba en San Crist\u00f3bal\u00bb, explica al principio del video. Agreg\u00f3 que le escribi\u00f3 al funcionario de Migraci\u00f3n Colombia, Mauricio Jim\u00e9nez, para que lo ayudara a pasar a Monasterios.<\/p>\n<p>Sin embargo, en su declaraci\u00f3n no da detalles con respecto a un ataque al presidente de la Rep\u00fablica. \u00abLe escrib\u00ed a Mauricio Jim\u00e9nez, supervisor de migraci\u00f3n, y le hice la solicitud y el inmediatamente se puso en contacto con Juan Monasterios para hacer el pase de San Antonio a C\u00facuta\u00bb.<\/p>\n<p><a href=\"https:\/\/digital58.com.ve\/site\/wp-content\/uploads\/2020\/08\/Juan-Requesens-29-08-20-3.jpg\"><img loading=\"lazy\" decoding=\"async\" class=\"aligncenter size-full wp-image-125235\" src=\"https:\/\/digital58.com.ve\/site\/wp-content\/uploads\/2020\/08\/Juan-Requesens-29-08-20-3.jpg\" alt=\"\" width=\"1000\" height=\"667\" srcset=\"https:\/\/digital58.com.ve\/site\/wp-content\/uploads\/2020\/08\/Juan-Requesens-29-08-20-3.jpg 800w, https:\/\/digital58.com.ve\/site\/wp-content\/uploads\/2020\/08\/Juan-Requesens-29-08-20-3-300x200.jpg 300w, https:\/\/digital58.com.ve\/site\/wp-content\/uploads\/2020\/08\/Juan-Requesens-29-08-20-3-768x512.jpg 768w, https:\/\/digital58.com.ve\/site\/wp-content\/uploads\/2020\/08\/Juan-Requesens-29-08-20-3-720x480.jpg 720w, https:\/\/digital58.com.ve\/site\/wp-content\/uploads\/2020\/08\/Juan-Requesens-29-08-20-3-480x320.jpg 480w\" sizes=\"auto, (max-width: 1000px) 100vw, 1000px\" \/><\/a><\/p>\n<p>Seg\u00fan denuncia de la\u00a0 oposici\u00f3n venezolana Juan Requesens, fue drogado y torturado para obtener las declaraciones, el cual alega no recordar nada de lo emitido en Cadena Nacional. Durante su detenci\u00f3n vivi\u00f3 una serie de vejaciones por la pol\u00edtica oficialista como de los diferentes cuerpos policiales en el Helicoide.<\/p>\n<p>El viernes 28 de agosto y luego de permanecer detenido por 751 d\u00edas fue liberado por el gobierno nacional, donde le otorgaron el beneficio de casa por c\u00e1rcel, el proceso y la lucha para Juan Requesens continua.<\/p>\n<p>Su liberaci\u00f3n fue festejada y aplaudida por amigos, familiares y dirigentes pol\u00edticos nacionales e internacionales como lo son el presidente de la Asamblea Nacional Juan Guaid\u00f3 y Michelle Bachelet.<\/p><div class=\"hzdor69ef13c595ccc\" ><p style=\"text-align: center;\"><a href=\"https:\/\/t.me\/noticiasdigital58\" target=\"_blank\" rel=\"noopener\"><img class=\"aligncenter size-full wp-image-125363\" src=\"https:\/\/digital58.com.ve\/site\/wp-content\/uploads\/2021\/04\/banner-telegram-web-2021.png\" alt=\"\" width=\"600\" height=\"90\" \/><\/a><\/p><\/div><style type=\"text\/css\">\r\n@media screen and (min-width: 1201px) {\r\n.hzdor69ef13c595ccc {\r\ndisplay: block;\r\n}\r\n}\r\n@media screen and (min-width: 993px) and (max-width: 1200px) {\r\n.hzdor69ef13c595ccc {\r\ndisplay: block;\r\n}\r\n}\r\n@media screen and (min-width: 769px) and (max-width: 992px) {\r\n.hzdor69ef13c595ccc {\r\ndisplay: block;\r\n}\r\n}\r\n@media screen and (min-width: 768px) and (max-width: 768px) {\r\n.hzdor69ef13c595ccc {\r\ndisplay: block;\r\n}\r\n}\r\n@media screen and (max-width: 767px) {\r\n.hzdor69ef13c595ccc {\r\ndisplay: block;\r\n}\r\n}\r\n<\/style>\r\n\n<p><b><strong>Re<\/strong><strong>dacci\u00f3n: Molero, Luis\u00a0 (@Moleromarquez) | Fuente: recopilaci\u00f3n web<br \/>\nEdici\u00f3n: Villasmil, Henry<br \/>\nGr\u00e1ficas: Cortes\u00eda<\/strong><\/b><\/p>\n<div style=\"margin-top: 0px; margin-bottom: 0px;\" class=\"sharethis-inline-share-buttons\" ><\/div>","protected":false},"excerpt":{"rendered":"<p>&nbsp; En el 2018 junto al diputado Julio Borges se les acus\u00f3 de estar involucrados en el atentado contra el<\/p>\n","protected":false},"author":26,"featured_media":125235,"comment_status":"open","ping_status":"closed","sticky":false,"template":"","format":"standard","meta":{"colormag_page_container_layout":"default_layout","colormag_page_sidebar_layout":"default_layout","_uag_custom_page_level_css":"","footnotes":""},"categories":[16454],"tags":[4384,29,1818,14369,8606,7877,233,8605,20117,11063,32],"class_list":["post-125151","post","type-post","status-publish","format-standard","has-post-thumbnail","hentry","category-venezuela","tag-asamblea-nacional","tag-caracas","tag-gobierno-nacional","tag-juan-requesens","tag-julio-borges","tag-liberacion","tag-nacionales","tag-oposicion-venezolana","tag-rafaela-requesens","tag-sebin","tag-venezuela"],"yoast_head":"<!-- This site is optimized with the Yoast SEO plugin v27.4 - https:\/\/yoast.com\/product\/yoast-seo-wordpress\/ -->\n<title>Juan Requesens un camino de luchas, vejaciones y convicci\u00f3n para seguir adelante<\/title>\n<meta name=\"description\" content=\"Venezuela\" \/>\n<meta name=\"robots\" content=\"index, follow, max-snippet:-1, max-image-preview:large, max-video-preview:-1\" \/>\n<link rel=\"canonical\" href=\"https:\/\/digital58.com.ve\/site\/2020\/08\/29\/juan-requesens-un-camino-de-luchas-vejaciones-y-conviccion-para-seguir-adelante\/\" \/>\n<meta property=\"og:locale\" content=\"es_ES\" \/>\n<meta property=\"og:type\" content=\"article\" \/>\n<meta property=\"og:title\" content=\"Juan Requesens un camino de luchas, vejaciones y convicci\u00f3n para seguir adelante\" \/>\n<meta property=\"og:description\" content=\"Venezuela\" \/>\n<meta property=\"og:url\" content=\"https:\/\/digital58.com.ve\/site\/2020\/08\/29\/juan-requesens-un-camino-de-luchas-vejaciones-y-conviccion-para-seguir-adelante\/\" \/>\n<meta property=\"og:site_name\" content=\"Noticias Digital58\" \/>\n<meta property=\"article:published_time\" content=\"2020-08-29T16:18:33+00:00\" \/>\n<meta property=\"og:image\" content=\"https:\/\/digital58.com.ve\/site\/wp-content\/uploads\/2020\/08\/Juan-Requesens-29-08-20-3.jpg\" \/>\n\t<meta property=\"og:image:width\" content=\"1000\" \/>\n\t<meta property=\"og:image:height\" content=\"667\" \/>\n\t<meta property=\"og:image:type\" content=\"image\/jpeg\" \/>\n<meta name=\"author\" content=\"Molero Luis\" \/>\n<meta name=\"twitter:card\" content=\"summary_large_image\" \/>\n<meta name=\"twitter:creator\" content=\"@Digital_58\" \/>\n<meta name=\"twitter:site\" content=\"@villasmilhfoto\" \/>\n<meta name=\"twitter:label1\" content=\"Escrito por\" \/>\n\t<meta name=\"twitter:data1\" content=\"Molero Luis\" \/>\n\t<meta name=\"twitter:label2\" content=\"Tiempo estimado de lectura\" \/>\n\t<meta name=\"twitter:data2\" content=\"3 minutos\" \/>\n<script type=\"application\/ld+json\" class=\"yoast-schema-graph\">{\"@context\":\"https:\\\/\\\/schema.org\",\"@graph\":[{\"@type\":\"Article\",\"@id\":\"https:\\\/\\\/digital58.com.ve\\\/site\\\/2020\\\/08\\\/29\\\/juan-requesens-un-camino-de-luchas-vejaciones-y-conviccion-para-seguir-adelante\\\/#article\",\"isPartOf\":{\"@id\":\"https:\\\/\\\/digital58.com.ve\\\/site\\\/2020\\\/08\\\/29\\\/juan-requesens-un-camino-de-luchas-vejaciones-y-conviccion-para-seguir-adelante\\\/\"},\"author\":{\"name\":\"Molero Luis\",\"@id\":\"https:\\\/\\\/digital58.com.ve\\\/site\\\/#\\\/schema\\\/person\\\/c61667ce6845137620ee3f0aaabade17\"},\"headline\":\"Juan Requesens un camino de luchas, vejaciones y convicci\u00f3n para seguir adelante\",\"datePublished\":\"2020-08-29T16:18:33+00:00\",\"mainEntityOfPage\":{\"@id\":\"https:\\\/\\\/digital58.com.ve\\\/site\\\/2020\\\/08\\\/29\\\/juan-requesens-un-camino-de-luchas-vejaciones-y-conviccion-para-seguir-adelante\\\/\"},\"wordCount\":596,\"commentCount\":0,\"publisher\":{\"@id\":\"https:\\\/\\\/digital58.com.ve\\\/site\\\/#\\\/schema\\\/person\\\/64d1c2e4d0d4fd1b849980c4331c2951\"},\"image\":{\"@id\":\"https:\\\/\\\/digital58.com.ve\\\/site\\\/2020\\\/08\\\/29\\\/juan-requesens-un-camino-de-luchas-vejaciones-y-conviccion-para-seguir-adelante\\\/#primaryimage\"},\"thumbnailUrl\":\"https:\\\/\\\/digital58.com.ve\\\/site\\\/wp-content\\\/uploads\\\/2020\\\/08\\\/Juan-Requesens-29-08-20-3.jpg\",\"keywords\":[\"Asamblea Nacional\",\"Caracas\",\"Gobierno Nacional\",\"Juan Requesens\",\"Julio Borges\",\"Liberaci\u00f3n\",\"Nacionales\",\"Oposici\u00f3n Venezolana\",\"Rafaela Requesens\",\"Sebin\",\"Venezuela\"],\"articleSection\":[\"Venezuela\"],\"inLanguage\":\"es\",\"potentialAction\":[{\"@type\":\"CommentAction\",\"name\":\"Comment\",\"target\":[\"https:\\\/\\\/digital58.com.ve\\\/site\\\/2020\\\/08\\\/29\\\/juan-requesens-un-camino-de-luchas-vejaciones-y-conviccion-para-seguir-adelante\\\/#respond\"]}]},{\"@type\":\"WebPage\",\"@id\":\"https:\\\/\\\/digital58.com.ve\\\/site\\\/2020\\\/08\\\/29\\\/juan-requesens-un-camino-de-luchas-vejaciones-y-conviccion-para-seguir-adelante\\\/\",\"url\":\"https:\\\/\\\/digital58.com.ve\\\/site\\\/2020\\\/08\\\/29\\\/juan-requesens-un-camino-de-luchas-vejaciones-y-conviccion-para-seguir-adelante\\\/\",\"name\":\"Juan Requesens un camino de luchas, vejaciones y convicci\u00f3n para seguir adelante\",\"isPartOf\":{\"@id\":\"https:\\\/\\\/digital58.com.ve\\\/site\\\/#website\"},\"primaryImageOfPage\":{\"@id\":\"https:\\\/\\\/digital58.com.ve\\\/site\\\/2020\\\/08\\\/29\\\/juan-requesens-un-camino-de-luchas-vejaciones-y-conviccion-para-seguir-adelante\\\/#primaryimage\"},\"image\":{\"@id\":\"https:\\\/\\\/digital58.com.ve\\\/site\\\/2020\\\/08\\\/29\\\/juan-requesens-un-camino-de-luchas-vejaciones-y-conviccion-para-seguir-adelante\\\/#primaryimage\"},\"thumbnailUrl\":\"https:\\\/\\\/digital58.com.ve\\\/site\\\/wp-content\\\/uploads\\\/2020\\\/08\\\/Juan-Requesens-29-08-20-3.jpg\",\"datePublished\":\"2020-08-29T16:18:33+00:00\",\"description\":\"Venezuela\",\"breadcrumb\":{\"@id\":\"https:\\\/\\\/digital58.com.ve\\\/site\\\/2020\\\/08\\\/29\\\/juan-requesens-un-camino-de-luchas-vejaciones-y-conviccion-para-seguir-adelante\\\/#breadcrumb\"},\"inLanguage\":\"es\",\"potentialAction\":[{\"@type\":\"ReadAction\",\"target\":[\"https:\\\/\\\/digital58.com.ve\\\/site\\\/2020\\\/08\\\/29\\\/juan-requesens-un-camino-de-luchas-vejaciones-y-conviccion-para-seguir-adelante\\\/\"]}]},{\"@type\":\"ImageObject\",\"inLanguage\":\"es\",\"@id\":\"https:\\\/\\\/digital58.com.ve\\\/site\\\/2020\\\/08\\\/29\\\/juan-requesens-un-camino-de-luchas-vejaciones-y-conviccion-para-seguir-adelante\\\/#primaryimage\",\"url\":\"https:\\\/\\\/digital58.com.ve\\\/site\\\/wp-content\\\/uploads\\\/2020\\\/08\\\/Juan-Requesens-29-08-20-3.jpg\",\"contentUrl\":\"https:\\\/\\\/digital58.com.ve\\\/site\\\/wp-content\\\/uploads\\\/2020\\\/08\\\/Juan-Requesens-29-08-20-3.jpg\",\"width\":800,\"height\":534},{\"@type\":\"BreadcrumbList\",\"@id\":\"https:\\\/\\\/digital58.com.ve\\\/site\\\/2020\\\/08\\\/29\\\/juan-requesens-un-camino-de-luchas-vejaciones-y-conviccion-para-seguir-adelante\\\/#breadcrumb\",\"itemListElement\":[{\"@type\":\"ListItem\",\"position\":1,\"name\":\"Home\",\"item\":\"https:\\\/\\\/digital58.com.ve\\\/site\\\/\"},{\"@type\":\"ListItem\",\"position\":2,\"name\":\"Juan Requesens un camino de luchas, vejaciones y convicci\u00f3n para seguir adelante\"}]},{\"@type\":\"WebSite\",\"@id\":\"https:\\\/\\\/digital58.com.ve\\\/site\\\/#website\",\"url\":\"https:\\\/\\\/digital58.com.ve\\\/site\\\/\",\"name\":\"Noticias Digital58\",\"description\":\"Portal de Noticias \u00a1Periodismo web de verdad! Lanzamiento web 22.11.2005 \\\/ Maracaibo, Venezuela\",\"publisher\":{\"@id\":\"https:\\\/\\\/digital58.com.ve\\\/site\\\/#\\\/schema\\\/person\\\/64d1c2e4d0d4fd1b849980c4331c2951\"},\"alternateName\":\"ND58\",\"potentialAction\":[{\"@type\":\"SearchAction\",\"target\":{\"@type\":\"EntryPoint\",\"urlTemplate\":\"https:\\\/\\\/digital58.com.ve\\\/site\\\/?s={search_term_string}\"},\"query-input\":{\"@type\":\"PropertyValueSpecification\",\"valueRequired\":true,\"valueName\":\"search_term_string\"}}],\"inLanguage\":\"es\"},{\"@type\":[\"Person\",\"Organization\"],\"@id\":\"https:\\\/\\\/digital58.com.ve\\\/site\\\/#\\\/schema\\\/person\\\/64d1c2e4d0d4fd1b849980c4331c2951\",\"name\":\"Villasmil Henry\",\"image\":{\"@type\":\"ImageObject\",\"inLanguage\":\"es\",\"@id\":\"https:\\\/\\\/secure.gravatar.com\\\/avatar\\\/bb0c4a2fcb7970138239f7e404ea75757b1b507b28b5ce4c53fbd62d797c5a7c?s=96&d=mm&r=g\",\"url\":\"https:\\\/\\\/secure.gravatar.com\\\/avatar\\\/bb0c4a2fcb7970138239f7e404ea75757b1b507b28b5ce4c53fbd62d797c5a7c?s=96&d=mm&r=g\",\"contentUrl\":\"https:\\\/\\\/secure.gravatar.com\\\/avatar\\\/bb0c4a2fcb7970138239f7e404ea75757b1b507b28b5ce4c53fbd62d797c5a7c?s=96&d=mm&r=g\",\"caption\":\"Villasmil Henry\"},\"logo\":{\"@id\":\"https:\\\/\\\/secure.gravatar.com\\\/avatar\\\/bb0c4a2fcb7970138239f7e404ea75757b1b507b28b5ce4c53fbd62d797c5a7c?s=96&d=mm&r=g\"},\"sameAs\":[\"http:\\\/\\\/www.henryvillasmil.com.ve\",\"https:\\\/\\\/www.instagram.com\\\/villasmilhfoto\\\/\",\"https:\\\/\\\/x.com\\\/https:\\\/\\\/twitter.com\\\/villasmilhfoto\"]},{\"@type\":\"Person\",\"@id\":\"https:\\\/\\\/digital58.com.ve\\\/site\\\/#\\\/schema\\\/person\\\/c61667ce6845137620ee3f0aaabade17\",\"name\":\"Molero Luis\",\"image\":{\"@type\":\"ImageObject\",\"inLanguage\":\"es\",\"@id\":\"https:\\\/\\\/secure.gravatar.com\\\/avatar\\\/bf041ec637e3e7405449807deb2f7cf3d2de7c6fa755dd56e985201de9863f2b?s=96&d=mm&r=g\",\"url\":\"https:\\\/\\\/secure.gravatar.com\\\/avatar\\\/bf041ec637e3e7405449807deb2f7cf3d2de7c6fa755dd56e985201de9863f2b?s=96&d=mm&r=g\",\"contentUrl\":\"https:\\\/\\\/secure.gravatar.com\\\/avatar\\\/bf041ec637e3e7405449807deb2f7cf3d2de7c6fa755dd56e985201de9863f2b?s=96&d=mm&r=g\",\"caption\":\"Molero Luis\"},\"url\":\"https:\\\/\\\/digital58.com.ve\\\/site\\\/author\\\/luismolero\\\/\"}]}<\/script>\n<!-- \/ Yoast SEO plugin. -->","yoast_head_json":{"title":"Juan Requesens un camino de luchas, vejaciones y convicci\u00f3n para seguir adelante","description":"Venezuela","robots":{"index":"index","follow":"follow","max-snippet":"max-snippet:-1","max-image-preview":"max-image-preview:large","max-video-preview":"max-video-preview:-1"},"canonical":"https:\/\/digital58.com.ve\/site\/2020\/08\/29\/juan-requesens-un-camino-de-luchas-vejaciones-y-conviccion-para-seguir-adelante\/","og_locale":"es_ES","og_type":"article","og_title":"Juan Requesens un camino de luchas, vejaciones y convicci\u00f3n para seguir adelante","og_description":"Venezuela","og_url":"https:\/\/digital58.com.ve\/site\/2020\/08\/29\/juan-requesens-un-camino-de-luchas-vejaciones-y-conviccion-para-seguir-adelante\/","og_site_name":"Noticias Digital58","article_published_time":"2020-08-29T16:18:33+00:00","og_image":[{"width":1000,"height":667,"url":"https:\/\/digital58.com.ve\/site\/wp-content\/uploads\/2020\/08\/Juan-Requesens-29-08-20-3.jpg","type":"image\/jpeg"}],"author":"Molero Luis","twitter_card":"summary_large_image","twitter_creator":"@Digital_58","twitter_site":"@villasmilhfoto","twitter_misc":{"Escrito por":"Molero Luis","Tiempo estimado de lectura":"3 minutos"},"schema":{"@context":"https:\/\/schema.org","@graph":[{"@type":"Article","@id":"https:\/\/digital58.com.ve\/site\/2020\/08\/29\/juan-requesens-un-camino-de-luchas-vejaciones-y-conviccion-para-seguir-adelante\/#article","isPartOf":{"@id":"https:\/\/digital58.com.ve\/site\/2020\/08\/29\/juan-requesens-un-camino-de-luchas-vejaciones-y-conviccion-para-seguir-adelante\/"},"author":{"name":"Molero Luis","@id":"https:\/\/digital58.com.ve\/site\/#\/schema\/person\/c61667ce6845137620ee3f0aaabade17"},"headline":"Juan Requesens un camino de luchas, vejaciones y convicci\u00f3n para seguir adelante","datePublished":"2020-08-29T16:18:33+00:00","mainEntityOfPage":{"@id":"https:\/\/digital58.com.ve\/site\/2020\/08\/29\/juan-requesens-un-camino-de-luchas-vejaciones-y-conviccion-para-seguir-adelante\/"},"wordCount":596,"commentCount":0,"publisher":{"@id":"https:\/\/digital58.com.ve\/site\/#\/schema\/person\/64d1c2e4d0d4fd1b849980c4331c2951"},"image":{"@id":"https:\/\/digital58.com.ve\/site\/2020\/08\/29\/juan-requesens-un-camino-de-luchas-vejaciones-y-conviccion-para-seguir-adelante\/#primaryimage"},"thumbnailUrl":"https:\/\/digital58.com.ve\/site\/wp-content\/uploads\/2020\/08\/Juan-Requesens-29-08-20-3.jpg","keywords":["Asamblea Nacional","Caracas","Gobierno Nacional","Juan Requesens","Julio Borges","Liberaci\u00f3n","Nacionales","Oposici\u00f3n Venezolana","Rafaela Requesens","Sebin","Venezuela"],"articleSection":["Venezuela"],"inLanguage":"es","potentialAction":[{"@type":"CommentAction","name":"Comment","target":["https:\/\/digital58.com.ve\/site\/2020\/08\/29\/juan-requesens-un-camino-de-luchas-vejaciones-y-conviccion-para-seguir-adelante\/#respond"]}]},{"@type":"WebPage","@id":"https:\/\/digital58.com.ve\/site\/2020\/08\/29\/juan-requesens-un-camino-de-luchas-vejaciones-y-conviccion-para-seguir-adelante\/","url":"https:\/\/digital58.com.ve\/site\/2020\/08\/29\/juan-requesens-un-camino-de-luchas-vejaciones-y-conviccion-para-seguir-adelante\/","name":"Juan Requesens un camino de luchas, vejaciones y convicci\u00f3n para seguir adelante","isPartOf":{"@id":"https:\/\/digital58.com.ve\/site\/#website"},"primaryImageOfPage":{"@id":"https:\/\/digital58.com.ve\/site\/2020\/08\/29\/juan-requesens-un-camino-de-luchas-vejaciones-y-conviccion-para-seguir-adelante\/#primaryimage"},"image":{"@id":"https:\/\/digital58.com.ve\/site\/2020\/08\/29\/juan-requesens-un-camino-de-luchas-vejaciones-y-conviccion-para-seguir-adelante\/#primaryimage"},"thumbnailUrl":"https:\/\/digital58.com.ve\/site\/wp-content\/uploads\/2020\/08\/Juan-Requesens-29-08-20-3.jpg","datePublished":"2020-08-29T16:18:33+00:00","description":"Venezuela","breadcrumb":{"@id":"https:\/\/digital58.com.ve\/site\/2020\/08\/29\/juan-requesens-un-camino-de-luchas-vejaciones-y-conviccion-para-seguir-adelante\/#breadcrumb"},"inLanguage":"es","potentialAction":[{"@type":"ReadAction","target":["https:\/\/digital58.com.ve\/site\/2020\/08\/29\/juan-requesens-un-camino-de-luchas-vejaciones-y-conviccion-para-seguir-adelante\/"]}]},{"@type":"ImageObject","inLanguage":"es","@id":"https:\/\/digital58.com.ve\/site\/2020\/08\/29\/juan-requesens-un-camino-de-luchas-vejaciones-y-conviccion-para-seguir-adelante\/#primaryimage","url":"https:\/\/digital58.com.ve\/site\/wp-content\/uploads\/2020\/08\/Juan-Requesens-29-08-20-3.jpg","contentUrl":"https:\/\/digital58.com.ve\/site\/wp-content\/uploads\/2020\/08\/Juan-Requesens-29-08-20-3.jpg","width":800,"height":534},{"@type":"BreadcrumbList","@id":"https:\/\/digital58.com.ve\/site\/2020\/08\/29\/juan-requesens-un-camino-de-luchas-vejaciones-y-conviccion-para-seguir-adelante\/#breadcrumb","itemListElement":[{"@type":"ListItem","position":1,"name":"Home","item":"https:\/\/digital58.com.ve\/site\/"},{"@type":"ListItem","position":2,"name":"Juan Requesens un camino de luchas, vejaciones y convicci\u00f3n para seguir adelante"}]},{"@type":"WebSite","@id":"https:\/\/digital58.com.ve\/site\/#website","url":"https:\/\/digital58.com.ve\/site\/","name":"Noticias Digital58","description":"Portal de Noticias \u00a1Periodismo web de verdad! Lanzamiento web 22.11.2005 \/ Maracaibo, Venezuela","publisher":{"@id":"https:\/\/digital58.com.ve\/site\/#\/schema\/person\/64d1c2e4d0d4fd1b849980c4331c2951"},"alternateName":"ND58","potentialAction":[{"@type":"SearchAction","target":{"@type":"EntryPoint","urlTemplate":"https:\/\/digital58.com.ve\/site\/?s={search_term_string}"},"query-input":{"@type":"PropertyValueSpecification","valueRequired":true,"valueName":"search_term_string"}}],"inLanguage":"es"},{"@type":["Person","Organization"],"@id":"https:\/\/digital58.com.ve\/site\/#\/schema\/person\/64d1c2e4d0d4fd1b849980c4331c2951","name":"Villasmil Henry","image":{"@type":"ImageObject","inLanguage":"es","@id":"https:\/\/secure.gravatar.com\/avatar\/bb0c4a2fcb7970138239f7e404ea75757b1b507b28b5ce4c53fbd62d797c5a7c?s=96&d=mm&r=g","url":"https:\/\/secure.gravatar.com\/avatar\/bb0c4a2fcb7970138239f7e404ea75757b1b507b28b5ce4c53fbd62d797c5a7c?s=96&d=mm&r=g","contentUrl":"https:\/\/secure.gravatar.com\/avatar\/bb0c4a2fcb7970138239f7e404ea75757b1b507b28b5ce4c53fbd62d797c5a7c?s=96&d=mm&r=g","caption":"Villasmil Henry"},"logo":{"@id":"https:\/\/secure.gravatar.com\/avatar\/bb0c4a2fcb7970138239f7e404ea75757b1b507b28b5ce4c53fbd62d797c5a7c?s=96&d=mm&r=g"},"sameAs":["http:\/\/www.henryvillasmil.com.ve","https:\/\/www.instagram.com\/villasmilhfoto\/","https:\/\/x.com\/https:\/\/twitter.com\/villasmilhfoto"]},{"@type":"Person","@id":"https:\/\/digital58.com.ve\/site\/#\/schema\/person\/c61667ce6845137620ee3f0aaabade17","name":"Molero Luis","image":{"@type":"ImageObject","inLanguage":"es","@id":"https:\/\/secure.gravatar.com\/avatar\/bf041ec637e3e7405449807deb2f7cf3d2de7c6fa755dd56e985201de9863f2b?s=96&d=mm&r=g","url":"https:\/\/secure.gravatar.com\/avatar\/bf041ec637e3e7405449807deb2f7cf3d2de7c6fa755dd56e985201de9863f2b?s=96&d=mm&r=g","contentUrl":"https:\/\/secure.gravatar.com\/avatar\/bf041ec637e3e7405449807deb2f7cf3d2de7c6fa755dd56e985201de9863f2b?s=96&d=mm&r=g","caption":"Molero Luis"},"url":"https:\/\/digital58.com.ve\/site\/author\/luismolero\/"}]}},"uagb_featured_image_src":{"full":["https:\/\/digital58.com.ve\/site\/wp-content\/uploads\/2020\/08\/Juan-Requesens-29-08-20-3.jpg",800,534,false],"thumbnail":["https:\/\/digital58.com.ve\/site\/wp-content\/uploads\/2020\/08\/Juan-Requesens-29-08-20-3-150x150.jpg",150,150,true],"medium":["https:\/\/digital58.com.ve\/site\/wp-content\/uploads\/2020\/08\/Juan-Requesens-29-08-20-3-300x200.jpg",300,200,true],"medium_large":["https:\/\/digital58.com.ve\/site\/wp-content\/uploads\/2020\/08\/Juan-Requesens-29-08-20-3-768x512.jpg",768,512,true],"large":["https:\/\/digital58.com.ve\/site\/wp-content\/uploads\/2020\/08\/Juan-Requesens-29-08-20-3.jpg",800,534,false],"1536x1536":["https:\/\/digital58.com.ve\/site\/wp-content\/uploads\/2020\/08\/Juan-Requesens-29-08-20-3.jpg",800,534,false],"2048x2048":["https:\/\/digital58.com.ve\/site\/wp-content\/uploads\/2020\/08\/Juan-Requesens-29-08-20-3.jpg",800,534,false],"colormag-highlighted-post":["https:\/\/digital58.com.ve\/site\/wp-content\/uploads\/2020\/08\/Juan-Requesens-29-08-20-3.jpg",392,262,false],"colormag-featured-post-medium":["https:\/\/digital58.com.ve\/site\/wp-content\/uploads\/2020\/08\/Juan-Requesens-29-08-20-3.jpg",307,205,false],"colormag-featured-post-small":["https:\/\/digital58.com.ve\/site\/wp-content\/uploads\/2020\/08\/Juan-Requesens-29-08-20-3.jpg",130,87,false],"colormag-featured-image":["https:\/\/digital58.com.ve\/site\/wp-content\/uploads\/2020\/08\/Juan-Requesens-29-08-20-3.jpg",667,445,false],"colormag-default-news":["https:\/\/digital58.com.ve\/site\/wp-content\/uploads\/2020\/08\/Juan-Requesens-29-08-20-3.jpg",150,100,false],"colormag-featured-image-large":["https:\/\/digital58.com.ve\/site\/wp-content\/uploads\/2020\/08\/Juan-Requesens-29-08-20-3.jpg",800,534,false]},"uagb_author_info":{"display_name":"Molero Luis","author_link":"https:\/\/digital58.com.ve\/site\/author\/luismolero\/"},"uagb_comment_info":0,"uagb_excerpt":"&nbsp; En el 2018 junto al diputado Julio Borges se les acus\u00f3 de estar involucrados en el atentado contra el","_links":{"self":[{"href":"https:\/\/digital58.com.ve\/site\/wp-json\/wp\/v2\/posts\/125151","targetHints":{"allow":["GET"]}}],"collection":[{"href":"https:\/\/digital58.com.ve\/site\/wp-json\/wp\/v2\/posts"}],"about":[{"href":"https:\/\/digital58.com.ve\/site\/wp-json\/wp\/v2\/types\/post"}],"author":[{"embeddable":true,"href":"https:\/\/digital58.com.ve\/site\/wp-json\/wp\/v2\/users\/26"}],"replies":[{"embeddable":true,"href":"https:\/\/digital58.com.ve\/site\/wp-json\/wp\/v2\/comments?post=125151"}],"version-history":[{"count":0,"href":"https:\/\/digital58.com.ve\/site\/wp-json\/wp\/v2\/posts\/125151\/revisions"}],"wp:featuredmedia":[{"embeddable":true,"href":"https:\/\/digital58.com.ve\/site\/wp-json\/wp\/v2\/media\/125235"}],"wp:attachment":[{"href":"https:\/\/digital58.com.ve\/site\/wp-json\/wp\/v2\/media?parent=125151"}],"wp:term":[{"taxonomy":"category","embeddable":true,"href":"https:\/\/digital58.com.ve\/site\/wp-json\/wp\/v2\/categories?post=125151"},{"taxonomy":"post_tag","embeddable":true,"href":"https:\/\/digital58.com.ve\/site\/wp-json\/wp\/v2\/tags?post=125151"}],"curies":[{"name":"wp","href":"https:\/\/api.w.org\/{rel}","templated":true}]}}