{"id":125162,"date":"2020-08-29T10:13:52","date_gmt":"2020-08-29T14:13:52","guid":{"rendered":"https:\/\/digital58.com.ve\/site\/?p=125162"},"modified":"2020-08-29T10:13:52","modified_gmt":"2020-08-29T14:13:52","slug":"abrazar-a-sus-padres-y-darles-las-gracias-por-toda-la-lucha-para-su-liberacion-fueron-las-primeras-acciones-de-juan-requesens-al-llegar-a-su-casa","status":"publish","type":"post","link":"https:\/\/digital58.com.ve\/site\/2020\/08\/29\/abrazar-a-sus-padres-y-darles-las-gracias-por-toda-la-lucha-para-su-liberacion-fueron-las-primeras-acciones-de-juan-requesens-al-llegar-a-su-casa\/","title":{"rendered":"Abrazar a sus padres y darles las gracias por toda la lucha para su liberaci\u00f3n fueron las primeras acciones de Juan Requesens al llegar a su casa"},"content":{"rendered":"<p><img loading=\"lazy\" decoding=\"async\" class=\"size-full wp-image-125163 aligncenter\" src=\"https:\/\/digital58.com.ve\/site\/wp-content\/uploads\/2020\/08\/JuanRequesens-600x400-1.jpg\" alt=\"\" width=\"600\" height=\"400\" srcset=\"https:\/\/digital58.com.ve\/site\/wp-content\/uploads\/2020\/08\/JuanRequesens-600x400-1.jpg 600w, https:\/\/digital58.com.ve\/site\/wp-content\/uploads\/2020\/08\/JuanRequesens-600x400-1-300x200.jpg 300w, https:\/\/digital58.com.ve\/site\/wp-content\/uploads\/2020\/08\/JuanRequesens-600x400-1-480x320.jpg 480w\" sizes=\"auto, (max-width: 600px) 100vw, 600px\" \/><\/p>\n<p>Rafaela Requesens escribi\u00f3 en Twitter: \u00abMi hermano Juan est\u00e1 en casa. Aunque hoy mi hermano podr\u00e1 dormir en su casa y en su cama, hay much\u00edsimos venezolanos inocentes que no pueden hacerlo. No vamos a dejar de luchar por ellos\u00bb.<\/p>\n<p><strong>Caracas, DC, Venezuela <\/strong><b>29 de agosto de 2020 (ND58).-<\/b>\u00a0\u00a0Luego de ser liberado tras permanecer dos a\u00f1os en prisi\u00f3n Juan Requesens se dirigi\u00f3 a su hogar, donde sus primeras acciones fueron abrazar \u00a0a su padre y le dio las gracias por todo, por la lucha para su liberaci\u00f3n durante los 24 meses que permaneci\u00f3 en un calabozo de El Helicoide, sede del Sebin.<\/p>\n<p>A su madre, Requesens bes\u00f3 y entre l\u00e1grimas la abrazaba y le expresaba todo el amor que sent\u00eda por ella. El parlamentario le pidi\u00f3 la bendici\u00f3n a sus padres, costumbre tradicional entre los venezolanos<\/p>\n<p>La familia de Juan Requesens anunci\u00f3 este viernes la excarcelaci\u00f3n del parlamentario, que permaneci\u00f3 m\u00e1s de dos a\u00f1os en prisi\u00f3n por su presunta implicaci\u00f3n en un supuesto atentado en 2018 contra Nicol\u00e1s Maduro.<\/p>\n<p>Despu\u00e9s de saludar a todos los presentes que le dieron la bienvenida, finalmente habl\u00f3 con su hermana, Rafaela Requesens, que se encuentra fuera del pa\u00eds.<\/p>\n<p>\u00abListo, hermana, te amo; dos a\u00f1os, hermana, pero seguimos para adelante\u00bb, expres\u00f3 en la videollamada. Ella le correspondi\u00f3 manifest\u00e1ndole cu\u00e1n feliz estaba por su liberaci\u00f3n.<\/p>\n<p>Al poco tiempo, Rafaela Requesens escribi\u00f3 en Twitter: \u00abMi hermano Juan est\u00e1 en casa. Aunque hoy mi hermano podr\u00e1 dormir en su casa y en su cama, hay much\u00edsimos venezolanos inocentes que no pueden hacerlo. No vamos a dejar de luchar por ellos\u00bb.<\/p>\n<p>Insisti\u00f3 en que tienen muy claro que Requesens \u00abno es libre a\u00fan\u00bb, pero que no dejar\u00e1 de luchar para que \u00ab\u00e9l y toda Venezuela lo sean\u00bb.\u00a0 Desde este viernes, el diputado tendr\u00e1 que permanecer en arresto domiciliario.<\/p><div class=\"slxyj69eedf1f2500e\" ><p style=\"text-align: center;\"><a href=\"https:\/\/t.me\/noticiasdigital58\" target=\"_blank\" rel=\"noopener\"><img class=\"aligncenter size-full wp-image-125363\" src=\"https:\/\/digital58.com.ve\/site\/wp-content\/uploads\/2021\/04\/banner-telegram-web-2021.png\" alt=\"\" width=\"600\" height=\"90\" \/><\/a><\/p><\/div><style type=\"text\/css\">\r\n@media screen and (min-width: 1201px) {\r\n.slxyj69eedf1f2500e {\r\ndisplay: block;\r\n}\r\n}\r\n@media screen and (min-width: 993px) and (max-width: 1200px) {\r\n.slxyj69eedf1f2500e {\r\ndisplay: block;\r\n}\r\n}\r\n@media screen and (min-width: 769px) and (max-width: 992px) {\r\n.slxyj69eedf1f2500e {\r\ndisplay: block;\r\n}\r\n}\r\n@media screen and (min-width: 768px) and (max-width: 768px) {\r\n.slxyj69eedf1f2500e {\r\ndisplay: block;\r\n}\r\n}\r\n@media screen and (max-width: 767px) {\r\n.slxyj69eedf1f2500e {\r\ndisplay: block;\r\n}\r\n}\r\n<\/style>\r\n\n<p><b><strong>Re<\/strong><strong>dacci\u00f3n: Molero, Luis\u00a0 (@Moleromarquez) | Fuente: Agencias<br \/>\nEdici\u00f3n: Villasmil, Henry<br \/>\nGr\u00e1ficas: Cortes\u00eda<\/strong><\/b><\/p>\n<div style=\"margin-top: 0px; margin-bottom: 0px;\" class=\"sharethis-inline-share-buttons\" ><\/div>","protected":false},"excerpt":{"rendered":"<p>Rafaela Requesens escribi\u00f3 en Twitter: \u00abMi hermano Juan est\u00e1 en casa. Aunque hoy mi hermano podr\u00e1 dormir en su casa<\/p>\n","protected":false},"author":26,"featured_media":125163,"comment_status":"open","ping_status":"closed","sticky":false,"template":"","format":"standard","meta":{"colormag_page_container_layout":"default_layout","colormag_page_sidebar_layout":"default_layout","_uag_custom_page_level_css":"","footnotes":""},"categories":[16454],"tags":[29,14369,7877,233,20117],"class_list":["post-125162","post","type-post","status-publish","format-standard","has-post-thumbnail","hentry","category-venezuela","tag-caracas","tag-juan-requesens","tag-liberacion","tag-nacionales","tag-rafaela-requesens"],"yoast_head":"<!-- This site is optimized with the Yoast SEO plugin v27.4 - https:\/\/yoast.com\/product\/yoast-seo-wordpress\/ -->\n<title>Abrazar a sus padres y darles las gracias por toda la lucha para su liberaci\u00f3n fueron las primeras acciones de Juan Requesens al llegar a su casa<\/title>\n<meta name=\"description\" content=\"Venezuela\" \/>\n<meta name=\"robots\" content=\"index, follow, max-snippet:-1, max-image-preview:large, max-video-preview:-1\" \/>\n<link rel=\"canonical\" href=\"https:\/\/digital58.com.ve\/site\/2020\/08\/29\/abrazar-a-sus-padres-y-darles-las-gracias-por-toda-la-lucha-para-su-liberacion-fueron-las-primeras-acciones-de-juan-requesens-al-llegar-a-su-casa\/\" \/>\n<meta property=\"og:locale\" content=\"es_ES\" \/>\n<meta property=\"og:type\" content=\"article\" \/>\n<meta property=\"og:title\" content=\"Abrazar a sus padres y darles las gracias por toda la lucha para su liberaci\u00f3n fueron las primeras acciones de Juan Requesens al llegar a su casa\" \/>\n<meta property=\"og:description\" content=\"Venezuela\" \/>\n<meta property=\"og:url\" content=\"https:\/\/digital58.com.ve\/site\/2020\/08\/29\/abrazar-a-sus-padres-y-darles-las-gracias-por-toda-la-lucha-para-su-liberacion-fueron-las-primeras-acciones-de-juan-requesens-al-llegar-a-su-casa\/\" \/>\n<meta property=\"og:site_name\" content=\"Noticias Digital58\" \/>\n<meta property=\"article:published_time\" content=\"2020-08-29T14:13:52+00:00\" \/>\n<meta property=\"og:image\" content=\"https:\/\/digital58.com.ve\/site\/wp-content\/uploads\/2020\/08\/JuanRequesens-600x400-1.jpg\" \/>\n\t<meta property=\"og:image:width\" content=\"600\" \/>\n\t<meta property=\"og:image:height\" content=\"400\" \/>\n\t<meta property=\"og:image:type\" content=\"image\/jpeg\" \/>\n<meta name=\"author\" content=\"Molero Luis\" \/>\n<meta name=\"twitter:card\" content=\"summary_large_image\" \/>\n<meta name=\"twitter:creator\" content=\"@Digital_58\" \/>\n<meta name=\"twitter:site\" content=\"@villasmilhfoto\" \/>\n<meta name=\"twitter:label1\" content=\"Escrito por\" \/>\n\t<meta name=\"twitter:data1\" content=\"Molero Luis\" \/>\n\t<meta name=\"twitter:label2\" content=\"Tiempo estimado de lectura\" \/>\n\t<meta name=\"twitter:data2\" content=\"2 minutos\" \/>\n<script type=\"application\/ld+json\" class=\"yoast-schema-graph\">{\"@context\":\"https:\\\/\\\/schema.org\",\"@graph\":[{\"@type\":\"Article\",\"@id\":\"https:\\\/\\\/digital58.com.ve\\\/site\\\/2020\\\/08\\\/29\\\/abrazar-a-sus-padres-y-darles-las-gracias-por-toda-la-lucha-para-su-liberacion-fueron-las-primeras-acciones-de-juan-requesens-al-llegar-a-su-casa\\\/#article\",\"isPartOf\":{\"@id\":\"https:\\\/\\\/digital58.com.ve\\\/site\\\/2020\\\/08\\\/29\\\/abrazar-a-sus-padres-y-darles-las-gracias-por-toda-la-lucha-para-su-liberacion-fueron-las-primeras-acciones-de-juan-requesens-al-llegar-a-su-casa\\\/\"},\"author\":{\"name\":\"Molero Luis\",\"@id\":\"https:\\\/\\\/digital58.com.ve\\\/site\\\/#\\\/schema\\\/person\\\/c61667ce6845137620ee3f0aaabade17\"},\"headline\":\"Abrazar a sus padres y darles las gracias por toda la lucha para su liberaci\u00f3n fueron las primeras acciones de Juan Requesens al llegar a su casa\",\"datePublished\":\"2020-08-29T14:13:52+00:00\",\"mainEntityOfPage\":{\"@id\":\"https:\\\/\\\/digital58.com.ve\\\/site\\\/2020\\\/08\\\/29\\\/abrazar-a-sus-padres-y-darles-las-gracias-por-toda-la-lucha-para-su-liberacion-fueron-las-primeras-acciones-de-juan-requesens-al-llegar-a-su-casa\\\/\"},\"wordCount\":362,\"commentCount\":0,\"publisher\":{\"@id\":\"https:\\\/\\\/digital58.com.ve\\\/site\\\/#\\\/schema\\\/person\\\/64d1c2e4d0d4fd1b849980c4331c2951\"},\"image\":{\"@id\":\"https:\\\/\\\/digital58.com.ve\\\/site\\\/2020\\\/08\\\/29\\\/abrazar-a-sus-padres-y-darles-las-gracias-por-toda-la-lucha-para-su-liberacion-fueron-las-primeras-acciones-de-juan-requesens-al-llegar-a-su-casa\\\/#primaryimage\"},\"thumbnailUrl\":\"https:\\\/\\\/digital58.com.ve\\\/site\\\/wp-content\\\/uploads\\\/2020\\\/08\\\/JuanRequesens-600x400-1.jpg\",\"keywords\":[\"Caracas\",\"Juan Requesens\",\"Liberaci\u00f3n\",\"Nacionales\",\"Rafaela Requesens\"],\"articleSection\":[\"Venezuela\"],\"inLanguage\":\"es\",\"potentialAction\":[{\"@type\":\"CommentAction\",\"name\":\"Comment\",\"target\":[\"https:\\\/\\\/digital58.com.ve\\\/site\\\/2020\\\/08\\\/29\\\/abrazar-a-sus-padres-y-darles-las-gracias-por-toda-la-lucha-para-su-liberacion-fueron-las-primeras-acciones-de-juan-requesens-al-llegar-a-su-casa\\\/#respond\"]}]},{\"@type\":\"WebPage\",\"@id\":\"https:\\\/\\\/digital58.com.ve\\\/site\\\/2020\\\/08\\\/29\\\/abrazar-a-sus-padres-y-darles-las-gracias-por-toda-la-lucha-para-su-liberacion-fueron-las-primeras-acciones-de-juan-requesens-al-llegar-a-su-casa\\\/\",\"url\":\"https:\\\/\\\/digital58.com.ve\\\/site\\\/2020\\\/08\\\/29\\\/abrazar-a-sus-padres-y-darles-las-gracias-por-toda-la-lucha-para-su-liberacion-fueron-las-primeras-acciones-de-juan-requesens-al-llegar-a-su-casa\\\/\",\"name\":\"Abrazar a sus padres y darles las gracias por toda la lucha para su liberaci\u00f3n fueron las primeras acciones de Juan Requesens al llegar a su casa\",\"isPartOf\":{\"@id\":\"https:\\\/\\\/digital58.com.ve\\\/site\\\/#website\"},\"primaryImageOfPage\":{\"@id\":\"https:\\\/\\\/digital58.com.ve\\\/site\\\/2020\\\/08\\\/29\\\/abrazar-a-sus-padres-y-darles-las-gracias-por-toda-la-lucha-para-su-liberacion-fueron-las-primeras-acciones-de-juan-requesens-al-llegar-a-su-casa\\\/#primaryimage\"},\"image\":{\"@id\":\"https:\\\/\\\/digital58.com.ve\\\/site\\\/2020\\\/08\\\/29\\\/abrazar-a-sus-padres-y-darles-las-gracias-por-toda-la-lucha-para-su-liberacion-fueron-las-primeras-acciones-de-juan-requesens-al-llegar-a-su-casa\\\/#primaryimage\"},\"thumbnailUrl\":\"https:\\\/\\\/digital58.com.ve\\\/site\\\/wp-content\\\/uploads\\\/2020\\\/08\\\/JuanRequesens-600x400-1.jpg\",\"datePublished\":\"2020-08-29T14:13:52+00:00\",\"description\":\"Venezuela\",\"breadcrumb\":{\"@id\":\"https:\\\/\\\/digital58.com.ve\\\/site\\\/2020\\\/08\\\/29\\\/abrazar-a-sus-padres-y-darles-las-gracias-por-toda-la-lucha-para-su-liberacion-fueron-las-primeras-acciones-de-juan-requesens-al-llegar-a-su-casa\\\/#breadcrumb\"},\"inLanguage\":\"es\",\"potentialAction\":[{\"@type\":\"ReadAction\",\"target\":[\"https:\\\/\\\/digital58.com.ve\\\/site\\\/2020\\\/08\\\/29\\\/abrazar-a-sus-padres-y-darles-las-gracias-por-toda-la-lucha-para-su-liberacion-fueron-las-primeras-acciones-de-juan-requesens-al-llegar-a-su-casa\\\/\"]}]},{\"@type\":\"ImageObject\",\"inLanguage\":\"es\",\"@id\":\"https:\\\/\\\/digital58.com.ve\\\/site\\\/2020\\\/08\\\/29\\\/abrazar-a-sus-padres-y-darles-las-gracias-por-toda-la-lucha-para-su-liberacion-fueron-las-primeras-acciones-de-juan-requesens-al-llegar-a-su-casa\\\/#primaryimage\",\"url\":\"https:\\\/\\\/digital58.com.ve\\\/site\\\/wp-content\\\/uploads\\\/2020\\\/08\\\/JuanRequesens-600x400-1.jpg\",\"contentUrl\":\"https:\\\/\\\/digital58.com.ve\\\/site\\\/wp-content\\\/uploads\\\/2020\\\/08\\\/JuanRequesens-600x400-1.jpg\",\"width\":600,\"height\":400},{\"@type\":\"BreadcrumbList\",\"@id\":\"https:\\\/\\\/digital58.com.ve\\\/site\\\/2020\\\/08\\\/29\\\/abrazar-a-sus-padres-y-darles-las-gracias-por-toda-la-lucha-para-su-liberacion-fueron-las-primeras-acciones-de-juan-requesens-al-llegar-a-su-casa\\\/#breadcrumb\",\"itemListElement\":[{\"@type\":\"ListItem\",\"position\":1,\"name\":\"Home\",\"item\":\"https:\\\/\\\/digital58.com.ve\\\/site\\\/\"},{\"@type\":\"ListItem\",\"position\":2,\"name\":\"Abrazar a sus padres y darles las gracias por toda la lucha para su liberaci\u00f3n fueron las primeras acciones de Juan Requesens al llegar a su casa\"}]},{\"@type\":\"WebSite\",\"@id\":\"https:\\\/\\\/digital58.com.ve\\\/site\\\/#website\",\"url\":\"https:\\\/\\\/digital58.com.ve\\\/site\\\/\",\"name\":\"Noticias Digital58\",\"description\":\"Portal de Noticias \u00a1Periodismo web de verdad! Lanzamiento web 22.11.2005 \\\/ Maracaibo, Venezuela\",\"publisher\":{\"@id\":\"https:\\\/\\\/digital58.com.ve\\\/site\\\/#\\\/schema\\\/person\\\/64d1c2e4d0d4fd1b849980c4331c2951\"},\"alternateName\":\"ND58\",\"potentialAction\":[{\"@type\":\"SearchAction\",\"target\":{\"@type\":\"EntryPoint\",\"urlTemplate\":\"https:\\\/\\\/digital58.com.ve\\\/site\\\/?s={search_term_string}\"},\"query-input\":{\"@type\":\"PropertyValueSpecification\",\"valueRequired\":true,\"valueName\":\"search_term_string\"}}],\"inLanguage\":\"es\"},{\"@type\":[\"Person\",\"Organization\"],\"@id\":\"https:\\\/\\\/digital58.com.ve\\\/site\\\/#\\\/schema\\\/person\\\/64d1c2e4d0d4fd1b849980c4331c2951\",\"name\":\"Villasmil Henry\",\"image\":{\"@type\":\"ImageObject\",\"inLanguage\":\"es\",\"@id\":\"https:\\\/\\\/secure.gravatar.com\\\/avatar\\\/bb0c4a2fcb7970138239f7e404ea75757b1b507b28b5ce4c53fbd62d797c5a7c?s=96&d=mm&r=g\",\"url\":\"https:\\\/\\\/secure.gravatar.com\\\/avatar\\\/bb0c4a2fcb7970138239f7e404ea75757b1b507b28b5ce4c53fbd62d797c5a7c?s=96&d=mm&r=g\",\"contentUrl\":\"https:\\\/\\\/secure.gravatar.com\\\/avatar\\\/bb0c4a2fcb7970138239f7e404ea75757b1b507b28b5ce4c53fbd62d797c5a7c?s=96&d=mm&r=g\",\"caption\":\"Villasmil Henry\"},\"logo\":{\"@id\":\"https:\\\/\\\/secure.gravatar.com\\\/avatar\\\/bb0c4a2fcb7970138239f7e404ea75757b1b507b28b5ce4c53fbd62d797c5a7c?s=96&d=mm&r=g\"},\"sameAs\":[\"http:\\\/\\\/www.henryvillasmil.com.ve\",\"https:\\\/\\\/www.instagram.com\\\/villasmilhfoto\\\/\",\"https:\\\/\\\/x.com\\\/https:\\\/\\\/twitter.com\\\/villasmilhfoto\"]},{\"@type\":\"Person\",\"@id\":\"https:\\\/\\\/digital58.com.ve\\\/site\\\/#\\\/schema\\\/person\\\/c61667ce6845137620ee3f0aaabade17\",\"name\":\"Molero Luis\",\"image\":{\"@type\":\"ImageObject\",\"inLanguage\":\"es\",\"@id\":\"https:\\\/\\\/secure.gravatar.com\\\/avatar\\\/bf041ec637e3e7405449807deb2f7cf3d2de7c6fa755dd56e985201de9863f2b?s=96&d=mm&r=g\",\"url\":\"https:\\\/\\\/secure.gravatar.com\\\/avatar\\\/bf041ec637e3e7405449807deb2f7cf3d2de7c6fa755dd56e985201de9863f2b?s=96&d=mm&r=g\",\"contentUrl\":\"https:\\\/\\\/secure.gravatar.com\\\/avatar\\\/bf041ec637e3e7405449807deb2f7cf3d2de7c6fa755dd56e985201de9863f2b?s=96&d=mm&r=g\",\"caption\":\"Molero Luis\"},\"url\":\"https:\\\/\\\/digital58.com.ve\\\/site\\\/author\\\/luismolero\\\/\"}]}<\/script>\n<!-- \/ Yoast SEO plugin. -->","yoast_head_json":{"title":"Abrazar a sus padres y darles las gracias por toda la lucha para su liberaci\u00f3n fueron las primeras acciones de Juan Requesens al llegar a su casa","description":"Venezuela","robots":{"index":"index","follow":"follow","max-snippet":"max-snippet:-1","max-image-preview":"max-image-preview:large","max-video-preview":"max-video-preview:-1"},"canonical":"https:\/\/digital58.com.ve\/site\/2020\/08\/29\/abrazar-a-sus-padres-y-darles-las-gracias-por-toda-la-lucha-para-su-liberacion-fueron-las-primeras-acciones-de-juan-requesens-al-llegar-a-su-casa\/","og_locale":"es_ES","og_type":"article","og_title":"Abrazar a sus padres y darles las gracias por toda la lucha para su liberaci\u00f3n fueron las primeras acciones de Juan Requesens al llegar a su casa","og_description":"Venezuela","og_url":"https:\/\/digital58.com.ve\/site\/2020\/08\/29\/abrazar-a-sus-padres-y-darles-las-gracias-por-toda-la-lucha-para-su-liberacion-fueron-las-primeras-acciones-de-juan-requesens-al-llegar-a-su-casa\/","og_site_name":"Noticias Digital58","article_published_time":"2020-08-29T14:13:52+00:00","og_image":[{"width":600,"height":400,"url":"https:\/\/digital58.com.ve\/site\/wp-content\/uploads\/2020\/08\/JuanRequesens-600x400-1.jpg","type":"image\/jpeg"}],"author":"Molero Luis","twitter_card":"summary_large_image","twitter_creator":"@Digital_58","twitter_site":"@villasmilhfoto","twitter_misc":{"Escrito por":"Molero Luis","Tiempo estimado de lectura":"2 minutos"},"schema":{"@context":"https:\/\/schema.org","@graph":[{"@type":"Article","@id":"https:\/\/digital58.com.ve\/site\/2020\/08\/29\/abrazar-a-sus-padres-y-darles-las-gracias-por-toda-la-lucha-para-su-liberacion-fueron-las-primeras-acciones-de-juan-requesens-al-llegar-a-su-casa\/#article","isPartOf":{"@id":"https:\/\/digital58.com.ve\/site\/2020\/08\/29\/abrazar-a-sus-padres-y-darles-las-gracias-por-toda-la-lucha-para-su-liberacion-fueron-las-primeras-acciones-de-juan-requesens-al-llegar-a-su-casa\/"},"author":{"name":"Molero Luis","@id":"https:\/\/digital58.com.ve\/site\/#\/schema\/person\/c61667ce6845137620ee3f0aaabade17"},"headline":"Abrazar a sus padres y darles las gracias por toda la lucha para su liberaci\u00f3n fueron las primeras acciones de Juan Requesens al llegar a su casa","datePublished":"2020-08-29T14:13:52+00:00","mainEntityOfPage":{"@id":"https:\/\/digital58.com.ve\/site\/2020\/08\/29\/abrazar-a-sus-padres-y-darles-las-gracias-por-toda-la-lucha-para-su-liberacion-fueron-las-primeras-acciones-de-juan-requesens-al-llegar-a-su-casa\/"},"wordCount":362,"commentCount":0,"publisher":{"@id":"https:\/\/digital58.com.ve\/site\/#\/schema\/person\/64d1c2e4d0d4fd1b849980c4331c2951"},"image":{"@id":"https:\/\/digital58.com.ve\/site\/2020\/08\/29\/abrazar-a-sus-padres-y-darles-las-gracias-por-toda-la-lucha-para-su-liberacion-fueron-las-primeras-acciones-de-juan-requesens-al-llegar-a-su-casa\/#primaryimage"},"thumbnailUrl":"https:\/\/digital58.com.ve\/site\/wp-content\/uploads\/2020\/08\/JuanRequesens-600x400-1.jpg","keywords":["Caracas","Juan Requesens","Liberaci\u00f3n","Nacionales","Rafaela Requesens"],"articleSection":["Venezuela"],"inLanguage":"es","potentialAction":[{"@type":"CommentAction","name":"Comment","target":["https:\/\/digital58.com.ve\/site\/2020\/08\/29\/abrazar-a-sus-padres-y-darles-las-gracias-por-toda-la-lucha-para-su-liberacion-fueron-las-primeras-acciones-de-juan-requesens-al-llegar-a-su-casa\/#respond"]}]},{"@type":"WebPage","@id":"https:\/\/digital58.com.ve\/site\/2020\/08\/29\/abrazar-a-sus-padres-y-darles-las-gracias-por-toda-la-lucha-para-su-liberacion-fueron-las-primeras-acciones-de-juan-requesens-al-llegar-a-su-casa\/","url":"https:\/\/digital58.com.ve\/site\/2020\/08\/29\/abrazar-a-sus-padres-y-darles-las-gracias-por-toda-la-lucha-para-su-liberacion-fueron-las-primeras-acciones-de-juan-requesens-al-llegar-a-su-casa\/","name":"Abrazar a sus padres y darles las gracias por toda la lucha para su liberaci\u00f3n fueron las primeras acciones de Juan Requesens al llegar a su casa","isPartOf":{"@id":"https:\/\/digital58.com.ve\/site\/#website"},"primaryImageOfPage":{"@id":"https:\/\/digital58.com.ve\/site\/2020\/08\/29\/abrazar-a-sus-padres-y-darles-las-gracias-por-toda-la-lucha-para-su-liberacion-fueron-las-primeras-acciones-de-juan-requesens-al-llegar-a-su-casa\/#primaryimage"},"image":{"@id":"https:\/\/digital58.com.ve\/site\/2020\/08\/29\/abrazar-a-sus-padres-y-darles-las-gracias-por-toda-la-lucha-para-su-liberacion-fueron-las-primeras-acciones-de-juan-requesens-al-llegar-a-su-casa\/#primaryimage"},"thumbnailUrl":"https:\/\/digital58.com.ve\/site\/wp-content\/uploads\/2020\/08\/JuanRequesens-600x400-1.jpg","datePublished":"2020-08-29T14:13:52+00:00","description":"Venezuela","breadcrumb":{"@id":"https:\/\/digital58.com.ve\/site\/2020\/08\/29\/abrazar-a-sus-padres-y-darles-las-gracias-por-toda-la-lucha-para-su-liberacion-fueron-las-primeras-acciones-de-juan-requesens-al-llegar-a-su-casa\/#breadcrumb"},"inLanguage":"es","potentialAction":[{"@type":"ReadAction","target":["https:\/\/digital58.com.ve\/site\/2020\/08\/29\/abrazar-a-sus-padres-y-darles-las-gracias-por-toda-la-lucha-para-su-liberacion-fueron-las-primeras-acciones-de-juan-requesens-al-llegar-a-su-casa\/"]}]},{"@type":"ImageObject","inLanguage":"es","@id":"https:\/\/digital58.com.ve\/site\/2020\/08\/29\/abrazar-a-sus-padres-y-darles-las-gracias-por-toda-la-lucha-para-su-liberacion-fueron-las-primeras-acciones-de-juan-requesens-al-llegar-a-su-casa\/#primaryimage","url":"https:\/\/digital58.com.ve\/site\/wp-content\/uploads\/2020\/08\/JuanRequesens-600x400-1.jpg","contentUrl":"https:\/\/digital58.com.ve\/site\/wp-content\/uploads\/2020\/08\/JuanRequesens-600x400-1.jpg","width":600,"height":400},{"@type":"BreadcrumbList","@id":"https:\/\/digital58.com.ve\/site\/2020\/08\/29\/abrazar-a-sus-padres-y-darles-las-gracias-por-toda-la-lucha-para-su-liberacion-fueron-las-primeras-acciones-de-juan-requesens-al-llegar-a-su-casa\/#breadcrumb","itemListElement":[{"@type":"ListItem","position":1,"name":"Home","item":"https:\/\/digital58.com.ve\/site\/"},{"@type":"ListItem","position":2,"name":"Abrazar a sus padres y darles las gracias por toda la lucha para su liberaci\u00f3n fueron las primeras acciones de Juan Requesens al llegar a su casa"}]},{"@type":"WebSite","@id":"https:\/\/digital58.com.ve\/site\/#website","url":"https:\/\/digital58.com.ve\/site\/","name":"Noticias Digital58","description":"Portal de Noticias \u00a1Periodismo web de verdad! Lanzamiento web 22.11.2005 \/ Maracaibo, Venezuela","publisher":{"@id":"https:\/\/digital58.com.ve\/site\/#\/schema\/person\/64d1c2e4d0d4fd1b849980c4331c2951"},"alternateName":"ND58","potentialAction":[{"@type":"SearchAction","target":{"@type":"EntryPoint","urlTemplate":"https:\/\/digital58.com.ve\/site\/?s={search_term_string}"},"query-input":{"@type":"PropertyValueSpecification","valueRequired":true,"valueName":"search_term_string"}}],"inLanguage":"es"},{"@type":["Person","Organization"],"@id":"https:\/\/digital58.com.ve\/site\/#\/schema\/person\/64d1c2e4d0d4fd1b849980c4331c2951","name":"Villasmil Henry","image":{"@type":"ImageObject","inLanguage":"es","@id":"https:\/\/secure.gravatar.com\/avatar\/bb0c4a2fcb7970138239f7e404ea75757b1b507b28b5ce4c53fbd62d797c5a7c?s=96&d=mm&r=g","url":"https:\/\/secure.gravatar.com\/avatar\/bb0c4a2fcb7970138239f7e404ea75757b1b507b28b5ce4c53fbd62d797c5a7c?s=96&d=mm&r=g","contentUrl":"https:\/\/secure.gravatar.com\/avatar\/bb0c4a2fcb7970138239f7e404ea75757b1b507b28b5ce4c53fbd62d797c5a7c?s=96&d=mm&r=g","caption":"Villasmil Henry"},"logo":{"@id":"https:\/\/secure.gravatar.com\/avatar\/bb0c4a2fcb7970138239f7e404ea75757b1b507b28b5ce4c53fbd62d797c5a7c?s=96&d=mm&r=g"},"sameAs":["http:\/\/www.henryvillasmil.com.ve","https:\/\/www.instagram.com\/villasmilhfoto\/","https:\/\/x.com\/https:\/\/twitter.com\/villasmilhfoto"]},{"@type":"Person","@id":"https:\/\/digital58.com.ve\/site\/#\/schema\/person\/c61667ce6845137620ee3f0aaabade17","name":"Molero Luis","image":{"@type":"ImageObject","inLanguage":"es","@id":"https:\/\/secure.gravatar.com\/avatar\/bf041ec637e3e7405449807deb2f7cf3d2de7c6fa755dd56e985201de9863f2b?s=96&d=mm&r=g","url":"https:\/\/secure.gravatar.com\/avatar\/bf041ec637e3e7405449807deb2f7cf3d2de7c6fa755dd56e985201de9863f2b?s=96&d=mm&r=g","contentUrl":"https:\/\/secure.gravatar.com\/avatar\/bf041ec637e3e7405449807deb2f7cf3d2de7c6fa755dd56e985201de9863f2b?s=96&d=mm&r=g","caption":"Molero Luis"},"url":"https:\/\/digital58.com.ve\/site\/author\/luismolero\/"}]}},"uagb_featured_image_src":{"full":["https:\/\/digital58.com.ve\/site\/wp-content\/uploads\/2020\/08\/JuanRequesens-600x400-1.jpg",600,400,false],"thumbnail":["https:\/\/digital58.com.ve\/site\/wp-content\/uploads\/2020\/08\/JuanRequesens-600x400-1-150x150.jpg",150,150,true],"medium":["https:\/\/digital58.com.ve\/site\/wp-content\/uploads\/2020\/08\/JuanRequesens-600x400-1-300x200.jpg",300,200,true],"medium_large":["https:\/\/digital58.com.ve\/site\/wp-content\/uploads\/2020\/08\/JuanRequesens-600x400-1.jpg",600,400,false],"large":["https:\/\/digital58.com.ve\/site\/wp-content\/uploads\/2020\/08\/JuanRequesens-600x400-1.jpg",600,400,false],"1536x1536":["https:\/\/digital58.com.ve\/site\/wp-content\/uploads\/2020\/08\/JuanRequesens-600x400-1.jpg",600,400,false],"2048x2048":["https:\/\/digital58.com.ve\/site\/wp-content\/uploads\/2020\/08\/JuanRequesens-600x400-1.jpg",600,400,false],"colormag-highlighted-post":["https:\/\/digital58.com.ve\/site\/wp-content\/uploads\/2020\/08\/JuanRequesens-600x400-1.jpg",392,261,false],"colormag-featured-post-medium":["https:\/\/digital58.com.ve\/site\/wp-content\/uploads\/2020\/08\/JuanRequesens-600x400-1.jpg",308,205,false],"colormag-featured-post-small":["https:\/\/digital58.com.ve\/site\/wp-content\/uploads\/2020\/08\/JuanRequesens-600x400-1.jpg",130,87,false],"colormag-featured-image":["https:\/\/digital58.com.ve\/site\/wp-content\/uploads\/2020\/08\/JuanRequesens-600x400-1.jpg",600,400,false],"colormag-default-news":["https:\/\/digital58.com.ve\/site\/wp-content\/uploads\/2020\/08\/JuanRequesens-600x400-1.jpg",150,100,false],"colormag-featured-image-large":["https:\/\/digital58.com.ve\/site\/wp-content\/uploads\/2020\/08\/JuanRequesens-600x400-1.jpg",600,400,false]},"uagb_author_info":{"display_name":"Molero Luis","author_link":"https:\/\/digital58.com.ve\/site\/author\/luismolero\/"},"uagb_comment_info":0,"uagb_excerpt":"Rafaela Requesens escribi\u00f3 en Twitter: \u00abMi hermano Juan est\u00e1 en casa. Aunque hoy mi hermano podr\u00e1 dormir en su casa","_links":{"self":[{"href":"https:\/\/digital58.com.ve\/site\/wp-json\/wp\/v2\/posts\/125162","targetHints":{"allow":["GET"]}}],"collection":[{"href":"https:\/\/digital58.com.ve\/site\/wp-json\/wp\/v2\/posts"}],"about":[{"href":"https:\/\/digital58.com.ve\/site\/wp-json\/wp\/v2\/types\/post"}],"author":[{"embeddable":true,"href":"https:\/\/digital58.com.ve\/site\/wp-json\/wp\/v2\/users\/26"}],"replies":[{"embeddable":true,"href":"https:\/\/digital58.com.ve\/site\/wp-json\/wp\/v2\/comments?post=125162"}],"version-history":[{"count":0,"href":"https:\/\/digital58.com.ve\/site\/wp-json\/wp\/v2\/posts\/125162\/revisions"}],"wp:featuredmedia":[{"embeddable":true,"href":"https:\/\/digital58.com.ve\/site\/wp-json\/wp\/v2\/media\/125163"}],"wp:attachment":[{"href":"https:\/\/digital58.com.ve\/site\/wp-json\/wp\/v2\/media?parent=125162"}],"wp:term":[{"taxonomy":"category","embeddable":true,"href":"https:\/\/digital58.com.ve\/site\/wp-json\/wp\/v2\/categories?post=125162"},{"taxonomy":"post_tag","embeddable":true,"href":"https:\/\/digital58.com.ve\/site\/wp-json\/wp\/v2\/tags?post=125162"}],"curies":[{"name":"wp","href":"https:\/\/api.w.org\/{rel}","templated":true}]}}