{"id":125356,"date":"2020-08-31T16:31:54","date_gmt":"2020-08-31T20:31:54","guid":{"rendered":"https:\/\/digital58.com.ve\/site\/?p=125356"},"modified":"2020-08-31T16:31:54","modified_gmt":"2020-08-31T20:31:54","slug":"j-balvin-estrenara-su-propio-documental-the-boy-from-medellin","status":"publish","type":"post","link":"https:\/\/digital58.com.ve\/site\/2020\/08\/31\/j-balvin-estrenara-su-propio-documental-the-boy-from-medellin\/","title":{"rendered":"J Balvin estrenar\u00e1 su propio documental \u00abThe Boy From Medell\u00edn\u00bb"},"content":{"rendered":"\r\n<p><img loading=\"lazy\" decoding=\"async\" class=\"alignnone size-full wp-image-125481\" src=\"https:\/\/digital58.com.ve\/site\/wp-content\/uploads\/2020\/08\/EGVY2WQWONHQTMEXOVAFDDNYKU.jpg\" alt=\"\" width=\"1920\" height=\"1080\" srcset=\"https:\/\/digital58.com.ve\/site\/wp-content\/uploads\/2020\/08\/EGVY2WQWONHQTMEXOVAFDDNYKU.jpg 800w, https:\/\/digital58.com.ve\/site\/wp-content\/uploads\/2020\/08\/EGVY2WQWONHQTMEXOVAFDDNYKU-300x169.jpg 300w, https:\/\/digital58.com.ve\/site\/wp-content\/uploads\/2020\/08\/EGVY2WQWONHQTMEXOVAFDDNYKU-1500x844.jpg 1500w, https:\/\/digital58.com.ve\/site\/wp-content\/uploads\/2020\/08\/EGVY2WQWONHQTMEXOVAFDDNYKU-768x432.jpg 768w, https:\/\/digital58.com.ve\/site\/wp-content\/uploads\/2020\/08\/EGVY2WQWONHQTMEXOVAFDDNYKU-1536x864.jpg 1536w\" sizes=\"auto, (max-width: 1920px) 100vw, 1920px\" \/><\/p>\r\n<p>Amazon ser\u00e1 la plataforma que transmitir\u00e1 el documental, donde el artista colombiano revelar\u00e1 todos los detalles de su historia y trayectoria art\u00edstica.\u00a0<br \/><br \/><strong>Internacionales, 31 de agosto de 2020 (ND58).<\/strong>&#8211; El cantante colombiano Jos\u00e9 \u00c1lvaro Osorio Balvin, reconocido art\u00edsticamente como J Balvin, estrenar\u00e1 su propio documental, \u00abThe Boy From Medellin\u00bb, dirigido por Matthew Heineman en el Festival Internacional de Toronto y posteriormente formar\u00e1 parte de la programaci\u00f3n del gigante tecnol\u00f3gico.<br \/><br \/>\u00abRepresentar a mi pa\u00eds, mi ciudad y la cultura latina a nivel mundial es mi objetivo de toda la vida y estoy muy orgulloso de ser un hijo de Medell\u00edn. Me honra poder contar mi historia de esta manera y trabajar con Matthew en este proyecto fue una experiencia incre\u00edble\u00bb, expres\u00f3 J Balvin en un comunicado.<\/p>\r\n<p>La pel\u00edcula mostrar\u00e1 a J Balvin durante los preparativos para el espect\u00e1culo m\u00e1s importante de su trayectoria art\u00edstica, el concierto donde agot\u00f3 todas las entradas en la ubicaci\u00f3n m\u00e1s emblem\u00e1tica de su pa\u00eds natal Colombia. Del mismo modo el cantante reflexiona sobre sus inicios, su carrera musical y su influencia en el mundo del espect\u00e1culo.<\/p>\r\n<p>Cabe destacar que J Balvin, es uno de los cantantes de g\u00e9nero urbano m\u00e1s influyentes de los \u00faltimos tiempos, especialmente de la m\u00fasica latina, donde ha sido galardonado con cuatro Premios Latin Grammy y se mantiene desde hace cuatro a\u00f1os ocupando los principales puestos en las listas de \u00e9xitos, a nivel mundial.<\/p>\r\n<p>La cinta \u00abThe Boy From Medell\u00edn\u00bb, ser\u00e1 producida en Colombia y Nueva York. \u00abSi bien J Balvin es el \u00edcono musical, innegablemente talentoso, que est\u00e1 detr\u00e1s de algunas de las canciones m\u00e1s populares del mundo, la fuerza y la franqueza de Jos\u00e9 al hablar sobre sus luchas con la salud mental me llev\u00f3 a hacer la pel\u00edcula\u00bb, indic\u00f3 su director.<\/p>\r\n<p>\u00abFue un honor que Jos\u00e9 nos diera un acceso extremadamente \u00edntimo a este momento importante de su vida, y el resultado es una historia universal sobre un hombre que trata de reconocer su lugar en este mundo y que espero que resuene entre sus seguidores como en el nuevo p\u00fablico por igual\u00bb, agreg\u00f3 Heineman, el director de la pel\u00edcula. <\/p><div class=\"nrbwy69edf1ad61b9e\" ><p style=\"text-align: center;\"><a href=\"https:\/\/t.me\/noticiasdigital58\" target=\"_blank\" rel=\"noopener\"><img class=\"aligncenter size-full wp-image-125363\" src=\"https:\/\/digital58.com.ve\/site\/wp-content\/uploads\/2021\/04\/banner-telegram-web-2021.png\" alt=\"\" width=\"600\" height=\"90\" \/><\/a><\/p><\/div><style type=\"text\/css\">\r\n@media screen and (min-width: 1201px) {\r\n.nrbwy69edf1ad61b9e {\r\ndisplay: block;\r\n}\r\n}\r\n@media screen and (min-width: 993px) and (max-width: 1200px) {\r\n.nrbwy69edf1ad61b9e {\r\ndisplay: block;\r\n}\r\n}\r\n@media screen and (min-width: 769px) and (max-width: 992px) {\r\n.nrbwy69edf1ad61b9e {\r\ndisplay: block;\r\n}\r\n}\r\n@media screen and (min-width: 768px) and (max-width: 768px) {\r\n.nrbwy69edf1ad61b9e {\r\ndisplay: block;\r\n}\r\n}\r\n@media screen and (max-width: 767px) {\r\n.nrbwy69edf1ad61b9e {\r\ndisplay: block;\r\n}\r\n}\r\n<\/style>\r\n\r\n<p><strong>Redacci\u00f3n: Rubio, Laura Isabel (@lauraisabelrubio) | Fuente: EFE<\/strong><br \/><strong>Edici\u00f3n: Villasmil, Henry<\/strong><br \/><strong>Gr\u00e1ficas: Cortes\u00eda<\/strong><\/p>\r\n<div style=\"margin-top: 0px; margin-bottom: 0px;\" class=\"sharethis-inline-share-buttons\" ><\/div>","protected":false},"excerpt":{"rendered":"<p>Amazon ser\u00e1 la plataforma que transmitir\u00e1 el documental, donde el artista colombiano revelar\u00e1 todos los detalles de su historia y<\/p>\n","protected":false},"author":28,"featured_media":125481,"comment_status":"open","ping_status":"closed","sticky":false,"template":"","format":"standard","meta":{"colormag_page_container_layout":"default_layout","colormag_page_sidebar_layout":"default_layout","_uag_custom_page_level_css":"","footnotes":""},"categories":[1],"tags":[1080,78,46,98,5998,50,273,8,80,61,21093],"class_list":["post-125356","post","type-post","status-publish","format-standard","has-post-thumbnail","hentry","category-fama","tag-amazon","tag-cantantes","tag-cine","tag-colombia","tag-documental","tag-entretenimiento","tag-farandula","tag-internacionales","tag-j-balvin","tag-musica","tag-the-boy-from-medellin"],"yoast_head":"<!-- This site is optimized with the Yoast SEO plugin v27.4 - https:\/\/yoast.com\/product\/yoast-seo-wordpress\/ -->\n<title>J Balvin estrenar\u00e1 su propio documental \u00abThe Boy From Medell\u00edn\u00bb<\/title>\n<meta name=\"description\" content=\"Fama\" \/>\n<meta name=\"robots\" content=\"index, follow, max-snippet:-1, max-image-preview:large, max-video-preview:-1\" \/>\n<link rel=\"canonical\" href=\"https:\/\/digital58.com.ve\/site\/2020\/08\/31\/j-balvin-estrenara-su-propio-documental-the-boy-from-medellin\/\" \/>\n<meta property=\"og:locale\" content=\"es_ES\" \/>\n<meta property=\"og:type\" content=\"article\" \/>\n<meta property=\"og:title\" content=\"J Balvin estrenar\u00e1 su propio documental \u00abThe Boy From Medell\u00edn\u00bb\" \/>\n<meta property=\"og:description\" content=\"Fama\" \/>\n<meta property=\"og:url\" content=\"https:\/\/digital58.com.ve\/site\/2020\/08\/31\/j-balvin-estrenara-su-propio-documental-the-boy-from-medellin\/\" \/>\n<meta property=\"og:site_name\" content=\"Noticias Digital58\" \/>\n<meta property=\"article:published_time\" content=\"2020-08-31T20:31:54+00:00\" \/>\n<meta property=\"og:image\" content=\"https:\/\/digital58.com.ve\/site\/wp-content\/uploads\/2020\/08\/EGVY2WQWONHQTMEXOVAFDDNYKU.jpg\" \/>\n\t<meta property=\"og:image:width\" content=\"1920\" \/>\n\t<meta property=\"og:image:height\" content=\"1080\" \/>\n\t<meta property=\"og:image:type\" content=\"image\/jpeg\" \/>\n<meta name=\"author\" content=\"Rubio Laura Isabel\" \/>\n<meta name=\"twitter:card\" content=\"summary_large_image\" \/>\n<meta name=\"twitter:creator\" content=\"@Digital_58\" \/>\n<meta name=\"twitter:site\" content=\"@villasmilhfoto\" \/>\n<meta name=\"twitter:label1\" content=\"Escrito por\" \/>\n\t<meta name=\"twitter:data1\" content=\"Rubio Laura Isabel\" \/>\n\t<meta name=\"twitter:label2\" content=\"Tiempo estimado de lectura\" \/>\n\t<meta name=\"twitter:data2\" content=\"2 minutos\" \/>\n<script type=\"application\/ld+json\" class=\"yoast-schema-graph\">{\"@context\":\"https:\\\/\\\/schema.org\",\"@graph\":[{\"@type\":\"Article\",\"@id\":\"https:\\\/\\\/digital58.com.ve\\\/site\\\/2020\\\/08\\\/31\\\/j-balvin-estrenara-su-propio-documental-the-boy-from-medellin\\\/#article\",\"isPartOf\":{\"@id\":\"https:\\\/\\\/digital58.com.ve\\\/site\\\/2020\\\/08\\\/31\\\/j-balvin-estrenara-su-propio-documental-the-boy-from-medellin\\\/\"},\"author\":{\"name\":\"Rubio Laura Isabel\",\"@id\":\"https:\\\/\\\/digital58.com.ve\\\/site\\\/#\\\/schema\\\/person\\\/6672bab44ab958838204ebb2cb0e8d52\"},\"headline\":\"J Balvin estrenar\u00e1 su propio documental \u00abThe Boy From Medell\u00edn\u00bb\",\"datePublished\":\"2020-08-31T20:31:54+00:00\",\"mainEntityOfPage\":{\"@id\":\"https:\\\/\\\/digital58.com.ve\\\/site\\\/2020\\\/08\\\/31\\\/j-balvin-estrenara-su-propio-documental-the-boy-from-medellin\\\/\"},\"wordCount\":403,\"commentCount\":0,\"publisher\":{\"@id\":\"https:\\\/\\\/digital58.com.ve\\\/site\\\/#\\\/schema\\\/person\\\/64d1c2e4d0d4fd1b849980c4331c2951\"},\"image\":{\"@id\":\"https:\\\/\\\/digital58.com.ve\\\/site\\\/2020\\\/08\\\/31\\\/j-balvin-estrenara-su-propio-documental-the-boy-from-medellin\\\/#primaryimage\"},\"thumbnailUrl\":\"https:\\\/\\\/digital58.com.ve\\\/site\\\/wp-content\\\/uploads\\\/2020\\\/08\\\/EGVY2WQWONHQTMEXOVAFDDNYKU.jpg\",\"keywords\":[\"Amazon\",\"Cantantes\",\"Cine\",\"Colombia\",\"Documental\",\"Entretenimiento\",\"Far\u00e1ndula\",\"Internacionales\",\"j balvin\",\"M\u00fasica\",\"The Boy From Medell\u00edn\"],\"articleSection\":[\"Fama\"],\"inLanguage\":\"es\",\"potentialAction\":[{\"@type\":\"CommentAction\",\"name\":\"Comment\",\"target\":[\"https:\\\/\\\/digital58.com.ve\\\/site\\\/2020\\\/08\\\/31\\\/j-balvin-estrenara-su-propio-documental-the-boy-from-medellin\\\/#respond\"]}]},{\"@type\":\"WebPage\",\"@id\":\"https:\\\/\\\/digital58.com.ve\\\/site\\\/2020\\\/08\\\/31\\\/j-balvin-estrenara-su-propio-documental-the-boy-from-medellin\\\/\",\"url\":\"https:\\\/\\\/digital58.com.ve\\\/site\\\/2020\\\/08\\\/31\\\/j-balvin-estrenara-su-propio-documental-the-boy-from-medellin\\\/\",\"name\":\"J Balvin estrenar\u00e1 su propio documental \u00abThe Boy From Medell\u00edn\u00bb\",\"isPartOf\":{\"@id\":\"https:\\\/\\\/digital58.com.ve\\\/site\\\/#website\"},\"primaryImageOfPage\":{\"@id\":\"https:\\\/\\\/digital58.com.ve\\\/site\\\/2020\\\/08\\\/31\\\/j-balvin-estrenara-su-propio-documental-the-boy-from-medellin\\\/#primaryimage\"},\"image\":{\"@id\":\"https:\\\/\\\/digital58.com.ve\\\/site\\\/2020\\\/08\\\/31\\\/j-balvin-estrenara-su-propio-documental-the-boy-from-medellin\\\/#primaryimage\"},\"thumbnailUrl\":\"https:\\\/\\\/digital58.com.ve\\\/site\\\/wp-content\\\/uploads\\\/2020\\\/08\\\/EGVY2WQWONHQTMEXOVAFDDNYKU.jpg\",\"datePublished\":\"2020-08-31T20:31:54+00:00\",\"description\":\"Fama\",\"breadcrumb\":{\"@id\":\"https:\\\/\\\/digital58.com.ve\\\/site\\\/2020\\\/08\\\/31\\\/j-balvin-estrenara-su-propio-documental-the-boy-from-medellin\\\/#breadcrumb\"},\"inLanguage\":\"es\",\"potentialAction\":[{\"@type\":\"ReadAction\",\"target\":[\"https:\\\/\\\/digital58.com.ve\\\/site\\\/2020\\\/08\\\/31\\\/j-balvin-estrenara-su-propio-documental-the-boy-from-medellin\\\/\"]}]},{\"@type\":\"ImageObject\",\"inLanguage\":\"es\",\"@id\":\"https:\\\/\\\/digital58.com.ve\\\/site\\\/2020\\\/08\\\/31\\\/j-balvin-estrenara-su-propio-documental-the-boy-from-medellin\\\/#primaryimage\",\"url\":\"https:\\\/\\\/digital58.com.ve\\\/site\\\/wp-content\\\/uploads\\\/2020\\\/08\\\/EGVY2WQWONHQTMEXOVAFDDNYKU.jpg\",\"contentUrl\":\"https:\\\/\\\/digital58.com.ve\\\/site\\\/wp-content\\\/uploads\\\/2020\\\/08\\\/EGVY2WQWONHQTMEXOVAFDDNYKU.jpg\",\"width\":800,\"height\":450},{\"@type\":\"BreadcrumbList\",\"@id\":\"https:\\\/\\\/digital58.com.ve\\\/site\\\/2020\\\/08\\\/31\\\/j-balvin-estrenara-su-propio-documental-the-boy-from-medellin\\\/#breadcrumb\",\"itemListElement\":[{\"@type\":\"ListItem\",\"position\":1,\"name\":\"Home\",\"item\":\"https:\\\/\\\/digital58.com.ve\\\/site\\\/\"},{\"@type\":\"ListItem\",\"position\":2,\"name\":\"J Balvin estrenar\u00e1 su propio documental \u00abThe Boy From Medell\u00edn\u00bb\"}]},{\"@type\":\"WebSite\",\"@id\":\"https:\\\/\\\/digital58.com.ve\\\/site\\\/#website\",\"url\":\"https:\\\/\\\/digital58.com.ve\\\/site\\\/\",\"name\":\"Noticias Digital58\",\"description\":\"Portal de Noticias \u00a1Periodismo web de verdad! Lanzamiento web 22.11.2005 \\\/ Maracaibo, Venezuela\",\"publisher\":{\"@id\":\"https:\\\/\\\/digital58.com.ve\\\/site\\\/#\\\/schema\\\/person\\\/64d1c2e4d0d4fd1b849980c4331c2951\"},\"alternateName\":\"ND58\",\"potentialAction\":[{\"@type\":\"SearchAction\",\"target\":{\"@type\":\"EntryPoint\",\"urlTemplate\":\"https:\\\/\\\/digital58.com.ve\\\/site\\\/?s={search_term_string}\"},\"query-input\":{\"@type\":\"PropertyValueSpecification\",\"valueRequired\":true,\"valueName\":\"search_term_string\"}}],\"inLanguage\":\"es\"},{\"@type\":[\"Person\",\"Organization\"],\"@id\":\"https:\\\/\\\/digital58.com.ve\\\/site\\\/#\\\/schema\\\/person\\\/64d1c2e4d0d4fd1b849980c4331c2951\",\"name\":\"Villasmil Henry\",\"image\":{\"@type\":\"ImageObject\",\"inLanguage\":\"es\",\"@id\":\"https:\\\/\\\/secure.gravatar.com\\\/avatar\\\/bb0c4a2fcb7970138239f7e404ea75757b1b507b28b5ce4c53fbd62d797c5a7c?s=96&d=mm&r=g\",\"url\":\"https:\\\/\\\/secure.gravatar.com\\\/avatar\\\/bb0c4a2fcb7970138239f7e404ea75757b1b507b28b5ce4c53fbd62d797c5a7c?s=96&d=mm&r=g\",\"contentUrl\":\"https:\\\/\\\/secure.gravatar.com\\\/avatar\\\/bb0c4a2fcb7970138239f7e404ea75757b1b507b28b5ce4c53fbd62d797c5a7c?s=96&d=mm&r=g\",\"caption\":\"Villasmil Henry\"},\"logo\":{\"@id\":\"https:\\\/\\\/secure.gravatar.com\\\/avatar\\\/bb0c4a2fcb7970138239f7e404ea75757b1b507b28b5ce4c53fbd62d797c5a7c?s=96&d=mm&r=g\"},\"sameAs\":[\"http:\\\/\\\/www.henryvillasmil.com.ve\",\"https:\\\/\\\/www.instagram.com\\\/villasmilhfoto\\\/\",\"https:\\\/\\\/x.com\\\/https:\\\/\\\/twitter.com\\\/villasmilhfoto\"]},{\"@type\":\"Person\",\"@id\":\"https:\\\/\\\/digital58.com.ve\\\/site\\\/#\\\/schema\\\/person\\\/6672bab44ab958838204ebb2cb0e8d52\",\"name\":\"Rubio Laura Isabel\",\"image\":{\"@type\":\"ImageObject\",\"inLanguage\":\"es\",\"@id\":\"https:\\\/\\\/secure.gravatar.com\\\/avatar\\\/f7cc56b26fb0562df4488ff129a58c3c1a1bd264c9af5f313a9b1797fff1cfb9?s=96&d=mm&r=g\",\"url\":\"https:\\\/\\\/secure.gravatar.com\\\/avatar\\\/f7cc56b26fb0562df4488ff129a58c3c1a1bd264c9af5f313a9b1797fff1cfb9?s=96&d=mm&r=g\",\"contentUrl\":\"https:\\\/\\\/secure.gravatar.com\\\/avatar\\\/f7cc56b26fb0562df4488ff129a58c3c1a1bd264c9af5f313a9b1797fff1cfb9?s=96&d=mm&r=g\",\"caption\":\"Rubio Laura Isabel\"},\"url\":\"https:\\\/\\\/digital58.com.ve\\\/site\\\/author\\\/laurarubio\\\/\"}]}<\/script>\n<!-- \/ Yoast SEO plugin. -->","yoast_head_json":{"title":"J Balvin estrenar\u00e1 su propio documental \u00abThe Boy From Medell\u00edn\u00bb","description":"Fama","robots":{"index":"index","follow":"follow","max-snippet":"max-snippet:-1","max-image-preview":"max-image-preview:large","max-video-preview":"max-video-preview:-1"},"canonical":"https:\/\/digital58.com.ve\/site\/2020\/08\/31\/j-balvin-estrenara-su-propio-documental-the-boy-from-medellin\/","og_locale":"es_ES","og_type":"article","og_title":"J Balvin estrenar\u00e1 su propio documental \u00abThe Boy From Medell\u00edn\u00bb","og_description":"Fama","og_url":"https:\/\/digital58.com.ve\/site\/2020\/08\/31\/j-balvin-estrenara-su-propio-documental-the-boy-from-medellin\/","og_site_name":"Noticias Digital58","article_published_time":"2020-08-31T20:31:54+00:00","og_image":[{"width":1920,"height":1080,"url":"https:\/\/digital58.com.ve\/site\/wp-content\/uploads\/2020\/08\/EGVY2WQWONHQTMEXOVAFDDNYKU.jpg","type":"image\/jpeg"}],"author":"Rubio Laura Isabel","twitter_card":"summary_large_image","twitter_creator":"@Digital_58","twitter_site":"@villasmilhfoto","twitter_misc":{"Escrito por":"Rubio Laura Isabel","Tiempo estimado de lectura":"2 minutos"},"schema":{"@context":"https:\/\/schema.org","@graph":[{"@type":"Article","@id":"https:\/\/digital58.com.ve\/site\/2020\/08\/31\/j-balvin-estrenara-su-propio-documental-the-boy-from-medellin\/#article","isPartOf":{"@id":"https:\/\/digital58.com.ve\/site\/2020\/08\/31\/j-balvin-estrenara-su-propio-documental-the-boy-from-medellin\/"},"author":{"name":"Rubio Laura Isabel","@id":"https:\/\/digital58.com.ve\/site\/#\/schema\/person\/6672bab44ab958838204ebb2cb0e8d52"},"headline":"J Balvin estrenar\u00e1 su propio documental \u00abThe Boy From Medell\u00edn\u00bb","datePublished":"2020-08-31T20:31:54+00:00","mainEntityOfPage":{"@id":"https:\/\/digital58.com.ve\/site\/2020\/08\/31\/j-balvin-estrenara-su-propio-documental-the-boy-from-medellin\/"},"wordCount":403,"commentCount":0,"publisher":{"@id":"https:\/\/digital58.com.ve\/site\/#\/schema\/person\/64d1c2e4d0d4fd1b849980c4331c2951"},"image":{"@id":"https:\/\/digital58.com.ve\/site\/2020\/08\/31\/j-balvin-estrenara-su-propio-documental-the-boy-from-medellin\/#primaryimage"},"thumbnailUrl":"https:\/\/digital58.com.ve\/site\/wp-content\/uploads\/2020\/08\/EGVY2WQWONHQTMEXOVAFDDNYKU.jpg","keywords":["Amazon","Cantantes","Cine","Colombia","Documental","Entretenimiento","Far\u00e1ndula","Internacionales","j balvin","M\u00fasica","The Boy From Medell\u00edn"],"articleSection":["Fama"],"inLanguage":"es","potentialAction":[{"@type":"CommentAction","name":"Comment","target":["https:\/\/digital58.com.ve\/site\/2020\/08\/31\/j-balvin-estrenara-su-propio-documental-the-boy-from-medellin\/#respond"]}]},{"@type":"WebPage","@id":"https:\/\/digital58.com.ve\/site\/2020\/08\/31\/j-balvin-estrenara-su-propio-documental-the-boy-from-medellin\/","url":"https:\/\/digital58.com.ve\/site\/2020\/08\/31\/j-balvin-estrenara-su-propio-documental-the-boy-from-medellin\/","name":"J Balvin estrenar\u00e1 su propio documental \u00abThe Boy From Medell\u00edn\u00bb","isPartOf":{"@id":"https:\/\/digital58.com.ve\/site\/#website"},"primaryImageOfPage":{"@id":"https:\/\/digital58.com.ve\/site\/2020\/08\/31\/j-balvin-estrenara-su-propio-documental-the-boy-from-medellin\/#primaryimage"},"image":{"@id":"https:\/\/digital58.com.ve\/site\/2020\/08\/31\/j-balvin-estrenara-su-propio-documental-the-boy-from-medellin\/#primaryimage"},"thumbnailUrl":"https:\/\/digital58.com.ve\/site\/wp-content\/uploads\/2020\/08\/EGVY2WQWONHQTMEXOVAFDDNYKU.jpg","datePublished":"2020-08-31T20:31:54+00:00","description":"Fama","breadcrumb":{"@id":"https:\/\/digital58.com.ve\/site\/2020\/08\/31\/j-balvin-estrenara-su-propio-documental-the-boy-from-medellin\/#breadcrumb"},"inLanguage":"es","potentialAction":[{"@type":"ReadAction","target":["https:\/\/digital58.com.ve\/site\/2020\/08\/31\/j-balvin-estrenara-su-propio-documental-the-boy-from-medellin\/"]}]},{"@type":"ImageObject","inLanguage":"es","@id":"https:\/\/digital58.com.ve\/site\/2020\/08\/31\/j-balvin-estrenara-su-propio-documental-the-boy-from-medellin\/#primaryimage","url":"https:\/\/digital58.com.ve\/site\/wp-content\/uploads\/2020\/08\/EGVY2WQWONHQTMEXOVAFDDNYKU.jpg","contentUrl":"https:\/\/digital58.com.ve\/site\/wp-content\/uploads\/2020\/08\/EGVY2WQWONHQTMEXOVAFDDNYKU.jpg","width":800,"height":450},{"@type":"BreadcrumbList","@id":"https:\/\/digital58.com.ve\/site\/2020\/08\/31\/j-balvin-estrenara-su-propio-documental-the-boy-from-medellin\/#breadcrumb","itemListElement":[{"@type":"ListItem","position":1,"name":"Home","item":"https:\/\/digital58.com.ve\/site\/"},{"@type":"ListItem","position":2,"name":"J Balvin estrenar\u00e1 su propio documental \u00abThe Boy From Medell\u00edn\u00bb"}]},{"@type":"WebSite","@id":"https:\/\/digital58.com.ve\/site\/#website","url":"https:\/\/digital58.com.ve\/site\/","name":"Noticias Digital58","description":"Portal de Noticias \u00a1Periodismo web de verdad! Lanzamiento web 22.11.2005 \/ Maracaibo, Venezuela","publisher":{"@id":"https:\/\/digital58.com.ve\/site\/#\/schema\/person\/64d1c2e4d0d4fd1b849980c4331c2951"},"alternateName":"ND58","potentialAction":[{"@type":"SearchAction","target":{"@type":"EntryPoint","urlTemplate":"https:\/\/digital58.com.ve\/site\/?s={search_term_string}"},"query-input":{"@type":"PropertyValueSpecification","valueRequired":true,"valueName":"search_term_string"}}],"inLanguage":"es"},{"@type":["Person","Organization"],"@id":"https:\/\/digital58.com.ve\/site\/#\/schema\/person\/64d1c2e4d0d4fd1b849980c4331c2951","name":"Villasmil Henry","image":{"@type":"ImageObject","inLanguage":"es","@id":"https:\/\/secure.gravatar.com\/avatar\/bb0c4a2fcb7970138239f7e404ea75757b1b507b28b5ce4c53fbd62d797c5a7c?s=96&d=mm&r=g","url":"https:\/\/secure.gravatar.com\/avatar\/bb0c4a2fcb7970138239f7e404ea75757b1b507b28b5ce4c53fbd62d797c5a7c?s=96&d=mm&r=g","contentUrl":"https:\/\/secure.gravatar.com\/avatar\/bb0c4a2fcb7970138239f7e404ea75757b1b507b28b5ce4c53fbd62d797c5a7c?s=96&d=mm&r=g","caption":"Villasmil Henry"},"logo":{"@id":"https:\/\/secure.gravatar.com\/avatar\/bb0c4a2fcb7970138239f7e404ea75757b1b507b28b5ce4c53fbd62d797c5a7c?s=96&d=mm&r=g"},"sameAs":["http:\/\/www.henryvillasmil.com.ve","https:\/\/www.instagram.com\/villasmilhfoto\/","https:\/\/x.com\/https:\/\/twitter.com\/villasmilhfoto"]},{"@type":"Person","@id":"https:\/\/digital58.com.ve\/site\/#\/schema\/person\/6672bab44ab958838204ebb2cb0e8d52","name":"Rubio Laura Isabel","image":{"@type":"ImageObject","inLanguage":"es","@id":"https:\/\/secure.gravatar.com\/avatar\/f7cc56b26fb0562df4488ff129a58c3c1a1bd264c9af5f313a9b1797fff1cfb9?s=96&d=mm&r=g","url":"https:\/\/secure.gravatar.com\/avatar\/f7cc56b26fb0562df4488ff129a58c3c1a1bd264c9af5f313a9b1797fff1cfb9?s=96&d=mm&r=g","contentUrl":"https:\/\/secure.gravatar.com\/avatar\/f7cc56b26fb0562df4488ff129a58c3c1a1bd264c9af5f313a9b1797fff1cfb9?s=96&d=mm&r=g","caption":"Rubio Laura Isabel"},"url":"https:\/\/digital58.com.ve\/site\/author\/laurarubio\/"}]}},"uagb_featured_image_src":{"full":["https:\/\/digital58.com.ve\/site\/wp-content\/uploads\/2020\/08\/EGVY2WQWONHQTMEXOVAFDDNYKU.jpg",800,450,false],"thumbnail":["https:\/\/digital58.com.ve\/site\/wp-content\/uploads\/2020\/08\/EGVY2WQWONHQTMEXOVAFDDNYKU-150x150.jpg",150,150,true],"medium":["https:\/\/digital58.com.ve\/site\/wp-content\/uploads\/2020\/08\/EGVY2WQWONHQTMEXOVAFDDNYKU-300x169.jpg",300,169,true],"medium_large":["https:\/\/digital58.com.ve\/site\/wp-content\/uploads\/2020\/08\/EGVY2WQWONHQTMEXOVAFDDNYKU-768x432.jpg",768,432,true],"large":["https:\/\/digital58.com.ve\/site\/wp-content\/uploads\/2020\/08\/EGVY2WQWONHQTMEXOVAFDDNYKU-1500x844.jpg",800,450,true],"1536x1536":["https:\/\/digital58.com.ve\/site\/wp-content\/uploads\/2020\/08\/EGVY2WQWONHQTMEXOVAFDDNYKU-1536x864.jpg",1536,864,true],"2048x2048":["https:\/\/digital58.com.ve\/site\/wp-content\/uploads\/2020\/08\/EGVY2WQWONHQTMEXOVAFDDNYKU.jpg",800,450,false],"colormag-highlighted-post":["https:\/\/digital58.com.ve\/site\/wp-content\/uploads\/2020\/08\/EGVY2WQWONHQTMEXOVAFDDNYKU.jpg",392,221,false],"colormag-featured-post-medium":["https:\/\/digital58.com.ve\/site\/wp-content\/uploads\/2020\/08\/EGVY2WQWONHQTMEXOVAFDDNYKU.jpg",364,205,false],"colormag-featured-post-small":["https:\/\/digital58.com.ve\/site\/wp-content\/uploads\/2020\/08\/EGVY2WQWONHQTMEXOVAFDDNYKU.jpg",130,73,false],"colormag-featured-image":["https:\/\/digital58.com.ve\/site\/wp-content\/uploads\/2020\/08\/EGVY2WQWONHQTMEXOVAFDDNYKU.jpg",791,445,false],"colormag-default-news":["https:\/\/digital58.com.ve\/site\/wp-content\/uploads\/2020\/08\/EGVY2WQWONHQTMEXOVAFDDNYKU.jpg",150,84,false],"colormag-featured-image-large":["https:\/\/digital58.com.ve\/site\/wp-content\/uploads\/2020\/08\/EGVY2WQWONHQTMEXOVAFDDNYKU.jpg",800,450,false]},"uagb_author_info":{"display_name":"Rubio Laura Isabel","author_link":"https:\/\/digital58.com.ve\/site\/author\/laurarubio\/"},"uagb_comment_info":0,"uagb_excerpt":"Amazon ser\u00e1 la plataforma que transmitir\u00e1 el documental, donde el artista colombiano revelar\u00e1 todos los detalles de su historia y","_links":{"self":[{"href":"https:\/\/digital58.com.ve\/site\/wp-json\/wp\/v2\/posts\/125356","targetHints":{"allow":["GET"]}}],"collection":[{"href":"https:\/\/digital58.com.ve\/site\/wp-json\/wp\/v2\/posts"}],"about":[{"href":"https:\/\/digital58.com.ve\/site\/wp-json\/wp\/v2\/types\/post"}],"author":[{"embeddable":true,"href":"https:\/\/digital58.com.ve\/site\/wp-json\/wp\/v2\/users\/28"}],"replies":[{"embeddable":true,"href":"https:\/\/digital58.com.ve\/site\/wp-json\/wp\/v2\/comments?post=125356"}],"version-history":[{"count":0,"href":"https:\/\/digital58.com.ve\/site\/wp-json\/wp\/v2\/posts\/125356\/revisions"}],"wp:featuredmedia":[{"embeddable":true,"href":"https:\/\/digital58.com.ve\/site\/wp-json\/wp\/v2\/media\/125481"}],"wp:attachment":[{"href":"https:\/\/digital58.com.ve\/site\/wp-json\/wp\/v2\/media?parent=125356"}],"wp:term":[{"taxonomy":"category","embeddable":true,"href":"https:\/\/digital58.com.ve\/site\/wp-json\/wp\/v2\/categories?post=125356"},{"taxonomy":"post_tag","embeddable":true,"href":"https:\/\/digital58.com.ve\/site\/wp-json\/wp\/v2\/tags?post=125356"}],"curies":[{"name":"wp","href":"https:\/\/api.w.org\/{rel}","templated":true}]}}