{"id":125466,"date":"2020-08-31T15:48:35","date_gmt":"2020-08-31T19:48:35","guid":{"rendered":"https:\/\/digital58.com.ve\/site\/?p=125466"},"modified":"2020-08-31T15:48:35","modified_gmt":"2020-08-31T19:48:35","slug":"everton-podria-ser-la-proxima-parada-de-james-rodriguez","status":"publish","type":"post","link":"https:\/\/digital58.com.ve\/site\/2020\/08\/31\/everton-podria-ser-la-proxima-parada-de-james-rodriguez\/","title":{"rendered":"Everton podr\u00eda ser la pr\u00f3xima parada de James Rodr\u00edguez"},"content":{"rendered":"<p><img loading=\"lazy\" decoding=\"async\" class=\"size-full wp-image-125467 aligncenter\" src=\"https:\/\/digital58.com.ve\/site\/wp-content\/uploads\/2020\/08\/james_rodriguez_en_un_partido_con_el_real_madrid_foto_efe.jpg\" alt=\"\" width=\"680\" height=\"383\" srcset=\"https:\/\/digital58.com.ve\/site\/wp-content\/uploads\/2020\/08\/james_rodriguez_en_un_partido_con_el_real_madrid_foto_efe.jpg 680w, https:\/\/digital58.com.ve\/site\/wp-content\/uploads\/2020\/08\/james_rodriguez_en_un_partido_con_el_real_madrid_foto_efe-300x169.jpg 300w\" sizes=\"auto, (max-width: 680px) 100vw, 680px\" \/><\/p>\n<p>El Everton que dirige el italiano Carlo Ancelotti, con el que s\u00ed que tuvo protagonismo en su primera etapa en el Real Madrid, parece su destino<\/p>\n<p><strong>Madrid, Espa\u00f1a 31<\/strong><b>\u00a0de agosto de 2020 (ND58).<\/b>\u00a0\u00a0Es lunes 31 de agosto el Real Madrid iniciaron oficialmente la pretemporada para la temporada 2020-2021, en la Ciudad Deportiva Valdebebas, donde la novedad fue la no asistencia de James Rodriguez, ya que est\u00e1n negociando su salida.<\/p>\n<p>El internacional cafetero, que ya tuvo que quedarse la pasada campa\u00f1a en el club blanco tras su etapa en el Bayern M\u00fanich aun siendo consciente de que iba a tener pocas oportunidades para jugar, parece que est\u00e1 cerca de encontrar acomodo en otro equipo.<\/p>\n<p>El Everton que dirige el italiano Carlo Ancelotti, con el que s\u00ed que tuvo protagonismo en su primera etapa en el Real Madrid, parece su destino.<\/p>\n<p>De ah\u00ed su no presencia en esta sesi\u00f3n inicial, que comenz\u00f3 Zidane despu\u00e9s de que se conociera que todos los controles efectuados a jugadores y cuerpo t\u00e9cnico el domingo en sus domicilios hubieran dado negativo. La siguiente prueba la pasar\u00e1n el mi\u00e9rcoles 2 de septiembre.<\/p>\n<p>La vuelta al trabajo se produce 43 d\u00edas despu\u00e9s de terminar LaLiga Santander, en la que el conjunto de Zinedine Zidane certific\u00f3 el trig\u00e9simo cuarto t\u00edtulo de su historia y 23 tras la derrota en Manchester contra el City en la vuelta de los octavos de final de la Liga de Campeones.<\/p>\n<p>El t\u00e9cnico franc\u00e9s se reencontr\u00f3 en Valdebebas con una plantilla mermada y a\u00fan lejos de ser la definitiva. El trabajo en los despachos ha sido y ser\u00e1 intenso las pr\u00f3ximas semanas.<\/p>\n<p>Los convocados con sus respectivas selecciones nacionales, Eden Hazard, Thibaut Courtois, Sergio Ramos, Dani Carvajal, Marco Asensio, Sergio Reguil\u00f3n, Andriy Lunin, Ferland Mendy, Raphael Varane, Luka Jovic, Toni Kroos y Gareth Bale.<\/p>\n<p>El croata Luka Modric y Martin Odegaard, de regreso al Madrid tras su ilusionante temporada en la Real Sociedad, han conseguido la licencia de sus t\u00e9cnicos y no acudir\u00e1n con sus selecciones. \u00c1lvaro Odriozola, campe\u00f3n de la Champions con el Bayern M\u00fanich, tiene vacaciones hasta el d\u00eda 2 de septiembre.<\/p>\n<p>Tambi\u00e9n vuelven tras sus respectivas cesiones y se incorporan al equipo Dani Ceballos y Borja Mayoral, si bien su futuro parece que igualmente estar\u00e1 fuera del Santiago Bernab\u00e9u.<\/p>\n<p>En los despachos se antoja que ser\u00e1n unas semanas muy completas. Con la \u00faltima salida de \u00d3scar Rodr\u00edguez al Sevilla, el Real Madrid ha traspasado ya a Acraf Hakimi, Dani G\u00f3mez, \u00d3scar de Frutos y Javi S\u00e1nchez. Y es que, como el resto de equipos, necesita reforzar el apartado de ingresos ante la dif\u00edcil situaci\u00f3n econ\u00f3mica que ha provocado la pandemia.<\/p>\n<p>Buena parte de la atenci\u00f3n se centrar\u00e1 en el futuro del gal\u00e9s Gareth Bale y del propio James Rodr\u00edguez y sus posibles salidas, sin olvidar las opciones de Reguil\u00f3n, Dani Ceballos, Borja Mayoral, Brahim D\u00edaz y Mariano D\u00edaz, con negociaciones avanzadas en algunos casos.<\/p>\n<p>Estos primeros d\u00edas, varios de los recientes ganadores de la Champions Juvenil en Nyon contra el Benfica, tendr\u00e1n el premio de trabajar con el primer equipo. De momento ha sido el turno en el entrenamiento para los guardametas Luis L\u00f3pez y Toni Fuidias, brillantes en el torneo continental. El primero de hecho detuvo un penalti en la final y fue, por lo tanto, decisivo.<\/p><div class=\"cudtn69ef25b5a6ff4\" ><p style=\"text-align: center;\"><a href=\"https:\/\/t.me\/noticiasdigital58\" target=\"_blank\" rel=\"noopener\"><img class=\"aligncenter size-full wp-image-125363\" src=\"https:\/\/digital58.com.ve\/site\/wp-content\/uploads\/2021\/04\/banner-telegram-web-2021.png\" alt=\"\" width=\"600\" height=\"90\" \/><\/a><\/p><\/div><style type=\"text\/css\">\r\n@media screen and (min-width: 1201px) {\r\n.cudtn69ef25b5a6ff4 {\r\ndisplay: block;\r\n}\r\n}\r\n@media screen and (min-width: 993px) and (max-width: 1200px) {\r\n.cudtn69ef25b5a6ff4 {\r\ndisplay: block;\r\n}\r\n}\r\n@media screen and (min-width: 769px) and (max-width: 992px) {\r\n.cudtn69ef25b5a6ff4 {\r\ndisplay: block;\r\n}\r\n}\r\n@media screen and (min-width: 768px) and (max-width: 768px) {\r\n.cudtn69ef25b5a6ff4 {\r\ndisplay: block;\r\n}\r\n}\r\n@media screen and (max-width: 767px) {\r\n.cudtn69ef25b5a6ff4 {\r\ndisplay: block;\r\n}\r\n}\r\n<\/style>\r\n\n<p><b><strong>Re<\/strong><strong>dacci\u00f3n: Molero, Luis\u00a0 (@Moleromarquez) | Fuente: Agencias<br \/>\nEdici\u00f3n: Villasmil, Henry<br \/>\nGr\u00e1ficas: Cortes\u00eda<\/strong><\/b><\/p>\n<div style=\"margin-top: 0px; margin-bottom: 0px;\" class=\"sharethis-inline-share-buttons\" ><\/div>","protected":false},"excerpt":{"rendered":"<p>El Everton que dirige el italiano Carlo Ancelotti, con el que s\u00ed que tuvo protagonismo en su primera etapa en<\/p>\n","protected":false},"author":26,"featured_media":125467,"comment_status":"open","ping_status":"closed","sticky":false,"template":"","format":"standard","meta":{"colormag_page_container_layout":"default_layout","colormag_page_sidebar_layout":"default_layout","_uag_custom_page_level_css":"","footnotes":""},"categories":[5402],"tags":[869,21086,115,8,529,426,16585,6500],"class_list":["post-125466","post","type-post","status-publish","format-standard","has-post-thumbnail","hentry","category-deportes","tag-bayern-munich","tag-carlo-ancelotti","tag-espana","tag-internacionales","tag-james-rodriguez","tag-real-madrid","tag-valdebebas","tag-zinedine-zidane"],"yoast_head":"<!-- This site is optimized with the Yoast SEO plugin v27.4 - https:\/\/yoast.com\/product\/yoast-seo-wordpress\/ -->\n<title>Everton podr\u00eda ser la pr\u00f3xima parada de James Rodr\u00edguez<\/title>\n<meta name=\"description\" content=\"Deportes\" \/>\n<meta name=\"robots\" content=\"index, follow, max-snippet:-1, max-image-preview:large, max-video-preview:-1\" \/>\n<link rel=\"canonical\" href=\"https:\/\/digital58.com.ve\/site\/2020\/08\/31\/everton-podria-ser-la-proxima-parada-de-james-rodriguez\/\" \/>\n<meta property=\"og:locale\" content=\"es_ES\" \/>\n<meta property=\"og:type\" content=\"article\" \/>\n<meta property=\"og:title\" content=\"Everton podr\u00eda ser la pr\u00f3xima parada de James Rodr\u00edguez\" \/>\n<meta property=\"og:description\" content=\"Deportes\" \/>\n<meta property=\"og:url\" content=\"https:\/\/digital58.com.ve\/site\/2020\/08\/31\/everton-podria-ser-la-proxima-parada-de-james-rodriguez\/\" \/>\n<meta property=\"og:site_name\" content=\"Noticias Digital58\" \/>\n<meta property=\"article:published_time\" content=\"2020-08-31T19:48:35+00:00\" \/>\n<meta property=\"og:image\" content=\"https:\/\/digital58.com.ve\/site\/wp-content\/uploads\/2020\/08\/james_rodriguez_en_un_partido_con_el_real_madrid_foto_efe.jpg\" \/>\n\t<meta property=\"og:image:width\" content=\"680\" \/>\n\t<meta property=\"og:image:height\" content=\"383\" \/>\n\t<meta property=\"og:image:type\" content=\"image\/jpeg\" \/>\n<meta name=\"author\" content=\"Molero Luis\" \/>\n<meta name=\"twitter:card\" content=\"summary_large_image\" \/>\n<meta name=\"twitter:creator\" content=\"@Digital_58\" \/>\n<meta name=\"twitter:site\" content=\"@villasmilhfoto\" \/>\n<meta name=\"twitter:label1\" content=\"Escrito por\" \/>\n\t<meta name=\"twitter:data1\" content=\"Molero Luis\" \/>\n\t<meta name=\"twitter:label2\" content=\"Tiempo estimado de lectura\" \/>\n\t<meta name=\"twitter:data2\" content=\"3 minutos\" \/>\n<script type=\"application\/ld+json\" class=\"yoast-schema-graph\">{\"@context\":\"https:\\\/\\\/schema.org\",\"@graph\":[{\"@type\":\"Article\",\"@id\":\"https:\\\/\\\/digital58.com.ve\\\/site\\\/2020\\\/08\\\/31\\\/everton-podria-ser-la-proxima-parada-de-james-rodriguez\\\/#article\",\"isPartOf\":{\"@id\":\"https:\\\/\\\/digital58.com.ve\\\/site\\\/2020\\\/08\\\/31\\\/everton-podria-ser-la-proxima-parada-de-james-rodriguez\\\/\"},\"author\":{\"name\":\"Molero Luis\",\"@id\":\"https:\\\/\\\/digital58.com.ve\\\/site\\\/#\\\/schema\\\/person\\\/c61667ce6845137620ee3f0aaabade17\"},\"headline\":\"Everton podr\u00eda ser la pr\u00f3xima parada de James Rodr\u00edguez\",\"datePublished\":\"2020-08-31T19:48:35+00:00\",\"mainEntityOfPage\":{\"@id\":\"https:\\\/\\\/digital58.com.ve\\\/site\\\/2020\\\/08\\\/31\\\/everton-podria-ser-la-proxima-parada-de-james-rodriguez\\\/\"},\"wordCount\":610,\"commentCount\":0,\"publisher\":{\"@id\":\"https:\\\/\\\/digital58.com.ve\\\/site\\\/#\\\/schema\\\/person\\\/64d1c2e4d0d4fd1b849980c4331c2951\"},\"image\":{\"@id\":\"https:\\\/\\\/digital58.com.ve\\\/site\\\/2020\\\/08\\\/31\\\/everton-podria-ser-la-proxima-parada-de-james-rodriguez\\\/#primaryimage\"},\"thumbnailUrl\":\"https:\\\/\\\/digital58.com.ve\\\/site\\\/wp-content\\\/uploads\\\/2020\\\/08\\\/james_rodriguez_en_un_partido_con_el_real_madrid_foto_efe.jpg\",\"keywords\":[\"Bayern M\u00fanich\",\"Carlo Ancelotti\",\"Espa\u00f1a\",\"Internacionales\",\"James Rodr\u00edguez\",\"Real Madrid\",\"Valdebebas\",\"Zinedine Zidane\"],\"articleSection\":[\"Deportes\"],\"inLanguage\":\"es\",\"potentialAction\":[{\"@type\":\"CommentAction\",\"name\":\"Comment\",\"target\":[\"https:\\\/\\\/digital58.com.ve\\\/site\\\/2020\\\/08\\\/31\\\/everton-podria-ser-la-proxima-parada-de-james-rodriguez\\\/#respond\"]}]},{\"@type\":\"WebPage\",\"@id\":\"https:\\\/\\\/digital58.com.ve\\\/site\\\/2020\\\/08\\\/31\\\/everton-podria-ser-la-proxima-parada-de-james-rodriguez\\\/\",\"url\":\"https:\\\/\\\/digital58.com.ve\\\/site\\\/2020\\\/08\\\/31\\\/everton-podria-ser-la-proxima-parada-de-james-rodriguez\\\/\",\"name\":\"Everton podr\u00eda ser la pr\u00f3xima parada de James Rodr\u00edguez\",\"isPartOf\":{\"@id\":\"https:\\\/\\\/digital58.com.ve\\\/site\\\/#website\"},\"primaryImageOfPage\":{\"@id\":\"https:\\\/\\\/digital58.com.ve\\\/site\\\/2020\\\/08\\\/31\\\/everton-podria-ser-la-proxima-parada-de-james-rodriguez\\\/#primaryimage\"},\"image\":{\"@id\":\"https:\\\/\\\/digital58.com.ve\\\/site\\\/2020\\\/08\\\/31\\\/everton-podria-ser-la-proxima-parada-de-james-rodriguez\\\/#primaryimage\"},\"thumbnailUrl\":\"https:\\\/\\\/digital58.com.ve\\\/site\\\/wp-content\\\/uploads\\\/2020\\\/08\\\/james_rodriguez_en_un_partido_con_el_real_madrid_foto_efe.jpg\",\"datePublished\":\"2020-08-31T19:48:35+00:00\",\"description\":\"Deportes\",\"breadcrumb\":{\"@id\":\"https:\\\/\\\/digital58.com.ve\\\/site\\\/2020\\\/08\\\/31\\\/everton-podria-ser-la-proxima-parada-de-james-rodriguez\\\/#breadcrumb\"},\"inLanguage\":\"es\",\"potentialAction\":[{\"@type\":\"ReadAction\",\"target\":[\"https:\\\/\\\/digital58.com.ve\\\/site\\\/2020\\\/08\\\/31\\\/everton-podria-ser-la-proxima-parada-de-james-rodriguez\\\/\"]}]},{\"@type\":\"ImageObject\",\"inLanguage\":\"es\",\"@id\":\"https:\\\/\\\/digital58.com.ve\\\/site\\\/2020\\\/08\\\/31\\\/everton-podria-ser-la-proxima-parada-de-james-rodriguez\\\/#primaryimage\",\"url\":\"https:\\\/\\\/digital58.com.ve\\\/site\\\/wp-content\\\/uploads\\\/2020\\\/08\\\/james_rodriguez_en_un_partido_con_el_real_madrid_foto_efe.jpg\",\"contentUrl\":\"https:\\\/\\\/digital58.com.ve\\\/site\\\/wp-content\\\/uploads\\\/2020\\\/08\\\/james_rodriguez_en_un_partido_con_el_real_madrid_foto_efe.jpg\",\"width\":680,\"height\":383},{\"@type\":\"BreadcrumbList\",\"@id\":\"https:\\\/\\\/digital58.com.ve\\\/site\\\/2020\\\/08\\\/31\\\/everton-podria-ser-la-proxima-parada-de-james-rodriguez\\\/#breadcrumb\",\"itemListElement\":[{\"@type\":\"ListItem\",\"position\":1,\"name\":\"Home\",\"item\":\"https:\\\/\\\/digital58.com.ve\\\/site\\\/\"},{\"@type\":\"ListItem\",\"position\":2,\"name\":\"Everton podr\u00eda ser la pr\u00f3xima parada de James Rodr\u00edguez\"}]},{\"@type\":\"WebSite\",\"@id\":\"https:\\\/\\\/digital58.com.ve\\\/site\\\/#website\",\"url\":\"https:\\\/\\\/digital58.com.ve\\\/site\\\/\",\"name\":\"Noticias Digital58\",\"description\":\"Portal de Noticias \u00a1Periodismo web de verdad! Lanzamiento web 22.11.2005 \\\/ Maracaibo, Venezuela\",\"publisher\":{\"@id\":\"https:\\\/\\\/digital58.com.ve\\\/site\\\/#\\\/schema\\\/person\\\/64d1c2e4d0d4fd1b849980c4331c2951\"},\"alternateName\":\"ND58\",\"potentialAction\":[{\"@type\":\"SearchAction\",\"target\":{\"@type\":\"EntryPoint\",\"urlTemplate\":\"https:\\\/\\\/digital58.com.ve\\\/site\\\/?s={search_term_string}\"},\"query-input\":{\"@type\":\"PropertyValueSpecification\",\"valueRequired\":true,\"valueName\":\"search_term_string\"}}],\"inLanguage\":\"es\"},{\"@type\":[\"Person\",\"Organization\"],\"@id\":\"https:\\\/\\\/digital58.com.ve\\\/site\\\/#\\\/schema\\\/person\\\/64d1c2e4d0d4fd1b849980c4331c2951\",\"name\":\"Villasmil Henry\",\"image\":{\"@type\":\"ImageObject\",\"inLanguage\":\"es\",\"@id\":\"https:\\\/\\\/secure.gravatar.com\\\/avatar\\\/bb0c4a2fcb7970138239f7e404ea75757b1b507b28b5ce4c53fbd62d797c5a7c?s=96&d=mm&r=g\",\"url\":\"https:\\\/\\\/secure.gravatar.com\\\/avatar\\\/bb0c4a2fcb7970138239f7e404ea75757b1b507b28b5ce4c53fbd62d797c5a7c?s=96&d=mm&r=g\",\"contentUrl\":\"https:\\\/\\\/secure.gravatar.com\\\/avatar\\\/bb0c4a2fcb7970138239f7e404ea75757b1b507b28b5ce4c53fbd62d797c5a7c?s=96&d=mm&r=g\",\"caption\":\"Villasmil Henry\"},\"logo\":{\"@id\":\"https:\\\/\\\/secure.gravatar.com\\\/avatar\\\/bb0c4a2fcb7970138239f7e404ea75757b1b507b28b5ce4c53fbd62d797c5a7c?s=96&d=mm&r=g\"},\"sameAs\":[\"http:\\\/\\\/www.henryvillasmil.com.ve\",\"https:\\\/\\\/www.instagram.com\\\/villasmilhfoto\\\/\",\"https:\\\/\\\/x.com\\\/https:\\\/\\\/twitter.com\\\/villasmilhfoto\"]},{\"@type\":\"Person\",\"@id\":\"https:\\\/\\\/digital58.com.ve\\\/site\\\/#\\\/schema\\\/person\\\/c61667ce6845137620ee3f0aaabade17\",\"name\":\"Molero Luis\",\"image\":{\"@type\":\"ImageObject\",\"inLanguage\":\"es\",\"@id\":\"https:\\\/\\\/secure.gravatar.com\\\/avatar\\\/bf041ec637e3e7405449807deb2f7cf3d2de7c6fa755dd56e985201de9863f2b?s=96&d=mm&r=g\",\"url\":\"https:\\\/\\\/secure.gravatar.com\\\/avatar\\\/bf041ec637e3e7405449807deb2f7cf3d2de7c6fa755dd56e985201de9863f2b?s=96&d=mm&r=g\",\"contentUrl\":\"https:\\\/\\\/secure.gravatar.com\\\/avatar\\\/bf041ec637e3e7405449807deb2f7cf3d2de7c6fa755dd56e985201de9863f2b?s=96&d=mm&r=g\",\"caption\":\"Molero Luis\"},\"url\":\"https:\\\/\\\/digital58.com.ve\\\/site\\\/author\\\/luismolero\\\/\"}]}<\/script>\n<!-- \/ Yoast SEO plugin. -->","yoast_head_json":{"title":"Everton podr\u00eda ser la pr\u00f3xima parada de James Rodr\u00edguez","description":"Deportes","robots":{"index":"index","follow":"follow","max-snippet":"max-snippet:-1","max-image-preview":"max-image-preview:large","max-video-preview":"max-video-preview:-1"},"canonical":"https:\/\/digital58.com.ve\/site\/2020\/08\/31\/everton-podria-ser-la-proxima-parada-de-james-rodriguez\/","og_locale":"es_ES","og_type":"article","og_title":"Everton podr\u00eda ser la pr\u00f3xima parada de James Rodr\u00edguez","og_description":"Deportes","og_url":"https:\/\/digital58.com.ve\/site\/2020\/08\/31\/everton-podria-ser-la-proxima-parada-de-james-rodriguez\/","og_site_name":"Noticias Digital58","article_published_time":"2020-08-31T19:48:35+00:00","og_image":[{"width":680,"height":383,"url":"https:\/\/digital58.com.ve\/site\/wp-content\/uploads\/2020\/08\/james_rodriguez_en_un_partido_con_el_real_madrid_foto_efe.jpg","type":"image\/jpeg"}],"author":"Molero Luis","twitter_card":"summary_large_image","twitter_creator":"@Digital_58","twitter_site":"@villasmilhfoto","twitter_misc":{"Escrito por":"Molero Luis","Tiempo estimado de lectura":"3 minutos"},"schema":{"@context":"https:\/\/schema.org","@graph":[{"@type":"Article","@id":"https:\/\/digital58.com.ve\/site\/2020\/08\/31\/everton-podria-ser-la-proxima-parada-de-james-rodriguez\/#article","isPartOf":{"@id":"https:\/\/digital58.com.ve\/site\/2020\/08\/31\/everton-podria-ser-la-proxima-parada-de-james-rodriguez\/"},"author":{"name":"Molero Luis","@id":"https:\/\/digital58.com.ve\/site\/#\/schema\/person\/c61667ce6845137620ee3f0aaabade17"},"headline":"Everton podr\u00eda ser la pr\u00f3xima parada de James Rodr\u00edguez","datePublished":"2020-08-31T19:48:35+00:00","mainEntityOfPage":{"@id":"https:\/\/digital58.com.ve\/site\/2020\/08\/31\/everton-podria-ser-la-proxima-parada-de-james-rodriguez\/"},"wordCount":610,"commentCount":0,"publisher":{"@id":"https:\/\/digital58.com.ve\/site\/#\/schema\/person\/64d1c2e4d0d4fd1b849980c4331c2951"},"image":{"@id":"https:\/\/digital58.com.ve\/site\/2020\/08\/31\/everton-podria-ser-la-proxima-parada-de-james-rodriguez\/#primaryimage"},"thumbnailUrl":"https:\/\/digital58.com.ve\/site\/wp-content\/uploads\/2020\/08\/james_rodriguez_en_un_partido_con_el_real_madrid_foto_efe.jpg","keywords":["Bayern M\u00fanich","Carlo Ancelotti","Espa\u00f1a","Internacionales","James Rodr\u00edguez","Real Madrid","Valdebebas","Zinedine Zidane"],"articleSection":["Deportes"],"inLanguage":"es","potentialAction":[{"@type":"CommentAction","name":"Comment","target":["https:\/\/digital58.com.ve\/site\/2020\/08\/31\/everton-podria-ser-la-proxima-parada-de-james-rodriguez\/#respond"]}]},{"@type":"WebPage","@id":"https:\/\/digital58.com.ve\/site\/2020\/08\/31\/everton-podria-ser-la-proxima-parada-de-james-rodriguez\/","url":"https:\/\/digital58.com.ve\/site\/2020\/08\/31\/everton-podria-ser-la-proxima-parada-de-james-rodriguez\/","name":"Everton podr\u00eda ser la pr\u00f3xima parada de James Rodr\u00edguez","isPartOf":{"@id":"https:\/\/digital58.com.ve\/site\/#website"},"primaryImageOfPage":{"@id":"https:\/\/digital58.com.ve\/site\/2020\/08\/31\/everton-podria-ser-la-proxima-parada-de-james-rodriguez\/#primaryimage"},"image":{"@id":"https:\/\/digital58.com.ve\/site\/2020\/08\/31\/everton-podria-ser-la-proxima-parada-de-james-rodriguez\/#primaryimage"},"thumbnailUrl":"https:\/\/digital58.com.ve\/site\/wp-content\/uploads\/2020\/08\/james_rodriguez_en_un_partido_con_el_real_madrid_foto_efe.jpg","datePublished":"2020-08-31T19:48:35+00:00","description":"Deportes","breadcrumb":{"@id":"https:\/\/digital58.com.ve\/site\/2020\/08\/31\/everton-podria-ser-la-proxima-parada-de-james-rodriguez\/#breadcrumb"},"inLanguage":"es","potentialAction":[{"@type":"ReadAction","target":["https:\/\/digital58.com.ve\/site\/2020\/08\/31\/everton-podria-ser-la-proxima-parada-de-james-rodriguez\/"]}]},{"@type":"ImageObject","inLanguage":"es","@id":"https:\/\/digital58.com.ve\/site\/2020\/08\/31\/everton-podria-ser-la-proxima-parada-de-james-rodriguez\/#primaryimage","url":"https:\/\/digital58.com.ve\/site\/wp-content\/uploads\/2020\/08\/james_rodriguez_en_un_partido_con_el_real_madrid_foto_efe.jpg","contentUrl":"https:\/\/digital58.com.ve\/site\/wp-content\/uploads\/2020\/08\/james_rodriguez_en_un_partido_con_el_real_madrid_foto_efe.jpg","width":680,"height":383},{"@type":"BreadcrumbList","@id":"https:\/\/digital58.com.ve\/site\/2020\/08\/31\/everton-podria-ser-la-proxima-parada-de-james-rodriguez\/#breadcrumb","itemListElement":[{"@type":"ListItem","position":1,"name":"Home","item":"https:\/\/digital58.com.ve\/site\/"},{"@type":"ListItem","position":2,"name":"Everton podr\u00eda ser la pr\u00f3xima parada de James Rodr\u00edguez"}]},{"@type":"WebSite","@id":"https:\/\/digital58.com.ve\/site\/#website","url":"https:\/\/digital58.com.ve\/site\/","name":"Noticias Digital58","description":"Portal de Noticias \u00a1Periodismo web de verdad! Lanzamiento web 22.11.2005 \/ Maracaibo, Venezuela","publisher":{"@id":"https:\/\/digital58.com.ve\/site\/#\/schema\/person\/64d1c2e4d0d4fd1b849980c4331c2951"},"alternateName":"ND58","potentialAction":[{"@type":"SearchAction","target":{"@type":"EntryPoint","urlTemplate":"https:\/\/digital58.com.ve\/site\/?s={search_term_string}"},"query-input":{"@type":"PropertyValueSpecification","valueRequired":true,"valueName":"search_term_string"}}],"inLanguage":"es"},{"@type":["Person","Organization"],"@id":"https:\/\/digital58.com.ve\/site\/#\/schema\/person\/64d1c2e4d0d4fd1b849980c4331c2951","name":"Villasmil Henry","image":{"@type":"ImageObject","inLanguage":"es","@id":"https:\/\/secure.gravatar.com\/avatar\/bb0c4a2fcb7970138239f7e404ea75757b1b507b28b5ce4c53fbd62d797c5a7c?s=96&d=mm&r=g","url":"https:\/\/secure.gravatar.com\/avatar\/bb0c4a2fcb7970138239f7e404ea75757b1b507b28b5ce4c53fbd62d797c5a7c?s=96&d=mm&r=g","contentUrl":"https:\/\/secure.gravatar.com\/avatar\/bb0c4a2fcb7970138239f7e404ea75757b1b507b28b5ce4c53fbd62d797c5a7c?s=96&d=mm&r=g","caption":"Villasmil Henry"},"logo":{"@id":"https:\/\/secure.gravatar.com\/avatar\/bb0c4a2fcb7970138239f7e404ea75757b1b507b28b5ce4c53fbd62d797c5a7c?s=96&d=mm&r=g"},"sameAs":["http:\/\/www.henryvillasmil.com.ve","https:\/\/www.instagram.com\/villasmilhfoto\/","https:\/\/x.com\/https:\/\/twitter.com\/villasmilhfoto"]},{"@type":"Person","@id":"https:\/\/digital58.com.ve\/site\/#\/schema\/person\/c61667ce6845137620ee3f0aaabade17","name":"Molero Luis","image":{"@type":"ImageObject","inLanguage":"es","@id":"https:\/\/secure.gravatar.com\/avatar\/bf041ec637e3e7405449807deb2f7cf3d2de7c6fa755dd56e985201de9863f2b?s=96&d=mm&r=g","url":"https:\/\/secure.gravatar.com\/avatar\/bf041ec637e3e7405449807deb2f7cf3d2de7c6fa755dd56e985201de9863f2b?s=96&d=mm&r=g","contentUrl":"https:\/\/secure.gravatar.com\/avatar\/bf041ec637e3e7405449807deb2f7cf3d2de7c6fa755dd56e985201de9863f2b?s=96&d=mm&r=g","caption":"Molero Luis"},"url":"https:\/\/digital58.com.ve\/site\/author\/luismolero\/"}]}},"uagb_featured_image_src":{"full":["https:\/\/digital58.com.ve\/site\/wp-content\/uploads\/2020\/08\/james_rodriguez_en_un_partido_con_el_real_madrid_foto_efe.jpg",680,383,false],"thumbnail":["https:\/\/digital58.com.ve\/site\/wp-content\/uploads\/2020\/08\/james_rodriguez_en_un_partido_con_el_real_madrid_foto_efe-150x150.jpg",150,150,true],"medium":["https:\/\/digital58.com.ve\/site\/wp-content\/uploads\/2020\/08\/james_rodriguez_en_un_partido_con_el_real_madrid_foto_efe-300x169.jpg",300,169,true],"medium_large":["https:\/\/digital58.com.ve\/site\/wp-content\/uploads\/2020\/08\/james_rodriguez_en_un_partido_con_el_real_madrid_foto_efe.jpg",680,383,false],"large":["https:\/\/digital58.com.ve\/site\/wp-content\/uploads\/2020\/08\/james_rodriguez_en_un_partido_con_el_real_madrid_foto_efe.jpg",680,383,false],"1536x1536":["https:\/\/digital58.com.ve\/site\/wp-content\/uploads\/2020\/08\/james_rodriguez_en_un_partido_con_el_real_madrid_foto_efe.jpg",680,383,false],"2048x2048":["https:\/\/digital58.com.ve\/site\/wp-content\/uploads\/2020\/08\/james_rodriguez_en_un_partido_con_el_real_madrid_foto_efe.jpg",680,383,false],"colormag-highlighted-post":["https:\/\/digital58.com.ve\/site\/wp-content\/uploads\/2020\/08\/james_rodriguez_en_un_partido_con_el_real_madrid_foto_efe.jpg",392,221,false],"colormag-featured-post-medium":["https:\/\/digital58.com.ve\/site\/wp-content\/uploads\/2020\/08\/james_rodriguez_en_un_partido_con_el_real_madrid_foto_efe.jpg",364,205,false],"colormag-featured-post-small":["https:\/\/digital58.com.ve\/site\/wp-content\/uploads\/2020\/08\/james_rodriguez_en_un_partido_con_el_real_madrid_foto_efe.jpg",130,73,false],"colormag-featured-image":["https:\/\/digital58.com.ve\/site\/wp-content\/uploads\/2020\/08\/james_rodriguez_en_un_partido_con_el_real_madrid_foto_efe.jpg",680,383,false],"colormag-default-news":["https:\/\/digital58.com.ve\/site\/wp-content\/uploads\/2020\/08\/james_rodriguez_en_un_partido_con_el_real_madrid_foto_efe.jpg",150,84,false],"colormag-featured-image-large":["https:\/\/digital58.com.ve\/site\/wp-content\/uploads\/2020\/08\/james_rodriguez_en_un_partido_con_el_real_madrid_foto_efe.jpg",680,383,false]},"uagb_author_info":{"display_name":"Molero Luis","author_link":"https:\/\/digital58.com.ve\/site\/author\/luismolero\/"},"uagb_comment_info":0,"uagb_excerpt":"El Everton que dirige el italiano Carlo Ancelotti, con el que s\u00ed que tuvo protagonismo en su primera etapa en","_links":{"self":[{"href":"https:\/\/digital58.com.ve\/site\/wp-json\/wp\/v2\/posts\/125466","targetHints":{"allow":["GET"]}}],"collection":[{"href":"https:\/\/digital58.com.ve\/site\/wp-json\/wp\/v2\/posts"}],"about":[{"href":"https:\/\/digital58.com.ve\/site\/wp-json\/wp\/v2\/types\/post"}],"author":[{"embeddable":true,"href":"https:\/\/digital58.com.ve\/site\/wp-json\/wp\/v2\/users\/26"}],"replies":[{"embeddable":true,"href":"https:\/\/digital58.com.ve\/site\/wp-json\/wp\/v2\/comments?post=125466"}],"version-history":[{"count":0,"href":"https:\/\/digital58.com.ve\/site\/wp-json\/wp\/v2\/posts\/125466\/revisions"}],"wp:featuredmedia":[{"embeddable":true,"href":"https:\/\/digital58.com.ve\/site\/wp-json\/wp\/v2\/media\/125467"}],"wp:attachment":[{"href":"https:\/\/digital58.com.ve\/site\/wp-json\/wp\/v2\/media?parent=125466"}],"wp:term":[{"taxonomy":"category","embeddable":true,"href":"https:\/\/digital58.com.ve\/site\/wp-json\/wp\/v2\/categories?post=125466"},{"taxonomy":"post_tag","embeddable":true,"href":"https:\/\/digital58.com.ve\/site\/wp-json\/wp\/v2\/tags?post=125466"}],"curies":[{"name":"wp","href":"https:\/\/api.w.org\/{rel}","templated":true}]}}