{"id":125513,"date":"2020-08-31T18:00:16","date_gmt":"2020-08-31T22:00:16","guid":{"rendered":"https:\/\/digital58.com.ve\/site\/?p=125513"},"modified":"2020-08-31T18:00:16","modified_gmt":"2020-08-31T22:00:16","slug":"omar-prieto-mostro-su-disposicion-de-reunirse-con-el-colegio-de-medicos-del-estado-zulia","status":"publish","type":"post","link":"https:\/\/digital58.com.ve\/site\/2020\/08\/31\/omar-prieto-mostro-su-disposicion-de-reunirse-con-el-colegio-de-medicos-del-estado-zulia\/","title":{"rendered":"Omar prieto mostr\u00f3 su disposici\u00f3n de reunirse con el Colegio de M\u00e9dicos del estado Zulia"},"content":{"rendered":"<p><img loading=\"lazy\" decoding=\"async\" class=\"size-full wp-image-125515 aligncenter\" src=\"https:\/\/digital58.com.ve\/site\/wp-content\/uploads\/2020\/08\/photo_2020-08-31_17-25-20-1.jpg\" alt=\"\" width=\"640\" height=\"421\" srcset=\"https:\/\/digital58.com.ve\/site\/wp-content\/uploads\/2020\/08\/photo_2020-08-31_17-25-20-1.jpg 640w, https:\/\/digital58.com.ve\/site\/wp-content\/uploads\/2020\/08\/photo_2020-08-31_17-25-20-1-300x197.jpg 300w\" sizes=\"auto, (max-width: 640px) 100vw, 640px\" \/><\/p>\n<p>A\u00f1adi\u00f3 que si parte de ellos no llega la invitaci\u00f3n, conversar\u00eda con su\u00a0 hermana, Omaira Prieto, autoridad \u00fanica en Salud, quien dirigir\u00e1 la reuni\u00f3n del pr\u00f3ximo mi\u00e9rcoles con la Universidad del Zulia para que busque el encuentro con el gremio m\u00e9dico de la regi\u00f3n.<\/p>\n<p><strong>Lagunillas,Zulia, Venezuela\u00a0 31<\/strong><b>\u00a0de agosto de 2020 (ND58).-<\/b>\u00a0El gobernador del estado Zulia, Omar Prieto, mostr\u00f3 su aprobaci\u00f3n a una potencial reuni\u00f3n con el Colegio de M\u00e9dicos del estado Zulia para tratar el tema de la pandemia.<\/p>\n<p>\u00abEl colegio de m\u00e9dicos, el camarada Galicia me coment\u00f3 que ten\u00eda la carta de invitaci\u00f3n del colegio de m\u00e9dicos, le digo al colegio de m\u00e9dicos que no necesitan ning\u00fan intermediario. Mi hermana, autoridad \u00fanica en Salud, tiene mucha amistad con muchos miembros del gremio m\u00e9dico del estado\u00bb, se\u00f1al\u00f3 el mandatario regional durante el balance semana que realiza el Estado Mayor de la Salud.<\/p>\n<p>Prieto asegur\u00f3 a estar abierto a sugerencias que el gremio que conforma a la Salud pueda tener para mejorar la calidad de la atenci\u00f3n hacia los pacientes con la COVID-19.<\/p>\n<p>\u00abYo siempre sacar\u00e9, en esta etapa el tema pol\u00edtico de la mesa, porque cuando uno ve una madre llorando porque se le muri\u00f3 un hijo o unos hijos llorando porque se le muri\u00f3 el padre o la madre lo menos que uno pinta ah\u00ed es el tema pol\u00edtico\u00bb, destac\u00f3.<\/p>\n<p>Record\u00f3 que \u00e9l instruy\u00f3 a Willy Casanova, alcalde de Maracaibo, para que sostuviera el encuentro con los galenos cuando estos invitaron al jefe del ayuntamiento.<\/p>\n<p>\u00abYo le dije re\u00fanete, ve a escuchar y aplica la alta pol\u00edtica porque pueden tener algunas cr\u00edticas constructivas o algunos aspectos interesante que se puedan sumar. Al fin del al cabo ellos son los que saben\u00bb, se\u00f1al\u00f3.<\/p>\n<p>Estim\u00f3 que cerca del 70 por ciento de los profesionales de la Salud, entre m\u00e9dicos y enfermeras de la regi\u00f3n, est\u00e1 abocado a la lucha contra el coronavirus.<\/p>\n<p>A\u00f1adi\u00f3 que si parte de ellos no llega la invitaci\u00f3n, conversar\u00eda con su \u00a0hermana, Omaira Prieto, autoridad \u00fanica en Salud, quien dirigir\u00e1 la reuni\u00f3n del pr\u00f3ximo mi\u00e9rcoles con la Universidad del Zulia para que busque el encuentro con el gremio m\u00e9dico de la regi\u00f3n.<\/p><div class=\"yvazw6a9bd2f4c800b\" ><p style=\"text-align: center;\"><a href=\"https:\/\/t.me\/noticiasdigital58\" target=\"_blank\" rel=\"noopener\"><img class=\"aligncenter size-full wp-image-125363\" src=\"https:\/\/digital58.com.ve\/site\/wp-content\/uploads\/2021\/04\/banner-telegram-web-2021.png\" alt=\"\" width=\"600\" height=\"90\" \/><\/a><\/p><\/div><style type=\"text\/css\">\r\n@media screen and (min-width: 1201px) {\r\n.yvazw6a9bd2f4c800b {\r\ndisplay: block;\r\n}\r\n}\r\n@media screen and (min-width: 993px) and (max-width: 1200px) {\r\n.yvazw6a9bd2f4c800b {\r\ndisplay: block;\r\n}\r\n}\r\n@media screen and (min-width: 769px) and (max-width: 992px) {\r\n.yvazw6a9bd2f4c800b {\r\ndisplay: block;\r\n}\r\n}\r\n@media screen and (min-width: 768px) and (max-width: 768px) {\r\n.yvazw6a9bd2f4c800b {\r\ndisplay: block;\r\n}\r\n}\r\n@media screen and (max-width: 767px) {\r\n.yvazw6a9bd2f4c800b {\r\ndisplay: block;\r\n}\r\n}\r\n<\/style>\r\n\n<p><b><strong>Re<\/strong><strong>dacci\u00f3n: Molero, Luis\u00a0 (@Moleromarquez) | Fuente: Agencias<br \/>\nEdici\u00f3n: Villasmil, Henry<br \/>\nGr\u00e1ficas: Cortes\u00eda<\/strong><\/b><\/p>\n<div style=\"margin-top: 0px; margin-bottom: 0px;\" class=\"sharethis-inline-share-buttons\" ><\/div>","protected":false},"excerpt":{"rendered":"<p>A\u00f1adi\u00f3 que si parte de ellos no llega la invitaci\u00f3n, conversar\u00eda con su\u00a0 hermana, Omaira Prieto, autoridad \u00fanica en Salud,<\/p>\n","protected":false},"author":26,"featured_media":125515,"comment_status":"open","ping_status":"closed","sticky":false,"template":"","format":"standard","meta":{"colormag_page_container_layout":"default_layout","colormag_page_sidebar_layout":"default_layout","_uag_custom_page_level_css":"","footnotes":""},"categories":[14504],"tags":[15164,16315,15131,73,13795,761],"class_list":["post-125513","post","type-post","status-publish","format-standard","has-post-thumbnail","hentry","category-zulia","tag-alcalde-willy-casanova","tag-colegio-de-medicos-del-estado-zulia","tag-gobernador-omar-prieto","tag-maracaibo","tag-omaira-prieto","tag-zulia"],"yoast_head":"<!-- This site is optimized with the Yoast SEO plugin v28.4 - https:\/\/yoast.com\/product\/yoast-seo-wordpress\/ -->\n<title>Omar prieto mostr\u00f3 su disposici\u00f3n de reunirse con el Colegio de M\u00e9dicos del estado Zulia<\/title>\n<meta name=\"description\" content=\"Zulia\" \/>\n<meta name=\"robots\" content=\"index, follow, max-snippet:-1, max-image-preview:large, max-video-preview:-1\" \/>\n<link rel=\"canonical\" href=\"https:\/\/digital58.com.ve\/site\/2020\/08\/31\/omar-prieto-mostro-su-disposicion-de-reunirse-con-el-colegio-de-medicos-del-estado-zulia\/\" \/>\n<meta property=\"og:locale\" content=\"es_ES\" \/>\n<meta property=\"og:type\" content=\"article\" \/>\n<meta property=\"og:title\" content=\"Omar prieto mostr\u00f3 su disposici\u00f3n de reunirse con el Colegio de M\u00e9dicos del estado Zulia\" \/>\n<meta property=\"og:description\" content=\"Zulia\" \/>\n<meta property=\"og:url\" content=\"https:\/\/digital58.com.ve\/site\/2020\/08\/31\/omar-prieto-mostro-su-disposicion-de-reunirse-con-el-colegio-de-medicos-del-estado-zulia\/\" \/>\n<meta property=\"og:site_name\" content=\"Noticias Digital58\" \/>\n<meta property=\"article:published_time\" content=\"2020-08-31T22:00:16+00:00\" \/>\n<meta property=\"og:image\" content=\"https:\/\/digital58.com.ve\/site\/wp-content\/uploads\/2020\/08\/photo_2020-08-31_17-25-20-1.jpg\" \/>\n\t<meta property=\"og:image:width\" content=\"640\" \/>\n\t<meta property=\"og:image:height\" content=\"421\" \/>\n\t<meta property=\"og:image:type\" content=\"image\/jpeg\" \/>\n<meta name=\"author\" content=\"Molero Luis\" \/>\n<meta name=\"twitter:card\" content=\"summary_large_image\" \/>\n<meta name=\"twitter:creator\" content=\"@Digital_58\" \/>\n<meta name=\"twitter:site\" content=\"@villasmilhfoto\" \/>\n<meta name=\"twitter:label1\" content=\"Escrito por\" \/>\n\t<meta name=\"twitter:data1\" content=\"Molero Luis\" \/>\n\t<meta name=\"twitter:label2\" content=\"Tiempo estimado de lectura\" \/>\n\t<meta name=\"twitter:data2\" content=\"2 minutos\" \/>\n<script type=\"application\/ld+json\" class=\"yoast-schema-graph\">{\"@context\":\"https:\\\/\\\/schema.org\",\"@graph\":[{\"@type\":\"Article\",\"@id\":\"https:\\\/\\\/digital58.com.ve\\\/site\\\/2020\\\/08\\\/31\\\/omar-prieto-mostro-su-disposicion-de-reunirse-con-el-colegio-de-medicos-del-estado-zulia\\\/#article\",\"isPartOf\":{\"@id\":\"https:\\\/\\\/digital58.com.ve\\\/site\\\/2020\\\/08\\\/31\\\/omar-prieto-mostro-su-disposicion-de-reunirse-con-el-colegio-de-medicos-del-estado-zulia\\\/\"},\"author\":{\"name\":\"Molero Luis\",\"@id\":\"https:\\\/\\\/digital58.com.ve\\\/site\\\/#\\\/schema\\\/person\\\/c61667ce6845137620ee3f0aaabade17\"},\"headline\":\"Omar prieto mostr\u00f3 su disposici\u00f3n de reunirse con el Colegio de M\u00e9dicos del estado Zulia\",\"datePublished\":\"2020-08-31T22:00:16+00:00\",\"mainEntityOfPage\":{\"@id\":\"https:\\\/\\\/digital58.com.ve\\\/site\\\/2020\\\/08\\\/31\\\/omar-prieto-mostro-su-disposicion-de-reunirse-con-el-colegio-de-medicos-del-estado-zulia\\\/\"},\"wordCount\":425,\"commentCount\":0,\"publisher\":{\"@id\":\"https:\\\/\\\/digital58.com.ve\\\/site\\\/#\\\/schema\\\/person\\\/64d1c2e4d0d4fd1b849980c4331c2951\"},\"image\":{\"@id\":\"https:\\\/\\\/digital58.com.ve\\\/site\\\/2020\\\/08\\\/31\\\/omar-prieto-mostro-su-disposicion-de-reunirse-con-el-colegio-de-medicos-del-estado-zulia\\\/#primaryimage\"},\"thumbnailUrl\":\"https:\\\/\\\/digital58.com.ve\\\/site\\\/wp-content\\\/uploads\\\/2020\\\/08\\\/photo_2020-08-31_17-25-20-1.jpg\",\"keywords\":[\"Alcalde Willy Casanova\",\"Colegio de M\u00e9dicos del estado Zulia\",\"Gobernador Omar Prieto\",\"Maracaibo\",\"Omaira Prieto\",\"Zulia\"],\"articleSection\":[\"Zulia\"],\"inLanguage\":\"es\",\"potentialAction\":[{\"@type\":\"CommentAction\",\"name\":\"Comment\",\"target\":[\"https:\\\/\\\/digital58.com.ve\\\/site\\\/2020\\\/08\\\/31\\\/omar-prieto-mostro-su-disposicion-de-reunirse-con-el-colegio-de-medicos-del-estado-zulia\\\/#respond\"]}]},{\"@type\":\"WebPage\",\"@id\":\"https:\\\/\\\/digital58.com.ve\\\/site\\\/2020\\\/08\\\/31\\\/omar-prieto-mostro-su-disposicion-de-reunirse-con-el-colegio-de-medicos-del-estado-zulia\\\/\",\"url\":\"https:\\\/\\\/digital58.com.ve\\\/site\\\/2020\\\/08\\\/31\\\/omar-prieto-mostro-su-disposicion-de-reunirse-con-el-colegio-de-medicos-del-estado-zulia\\\/\",\"name\":\"Omar prieto mostr\u00f3 su disposici\u00f3n de reunirse con el Colegio de M\u00e9dicos del estado Zulia\",\"isPartOf\":{\"@id\":\"https:\\\/\\\/digital58.com.ve\\\/site\\\/#website\"},\"primaryImageOfPage\":{\"@id\":\"https:\\\/\\\/digital58.com.ve\\\/site\\\/2020\\\/08\\\/31\\\/omar-prieto-mostro-su-disposicion-de-reunirse-con-el-colegio-de-medicos-del-estado-zulia\\\/#primaryimage\"},\"image\":{\"@id\":\"https:\\\/\\\/digital58.com.ve\\\/site\\\/2020\\\/08\\\/31\\\/omar-prieto-mostro-su-disposicion-de-reunirse-con-el-colegio-de-medicos-del-estado-zulia\\\/#primaryimage\"},\"thumbnailUrl\":\"https:\\\/\\\/digital58.com.ve\\\/site\\\/wp-content\\\/uploads\\\/2020\\\/08\\\/photo_2020-08-31_17-25-20-1.jpg\",\"datePublished\":\"2020-08-31T22:00:16+00:00\",\"description\":\"Zulia\",\"breadcrumb\":{\"@id\":\"https:\\\/\\\/digital58.com.ve\\\/site\\\/2020\\\/08\\\/31\\\/omar-prieto-mostro-su-disposicion-de-reunirse-con-el-colegio-de-medicos-del-estado-zulia\\\/#breadcrumb\"},\"inLanguage\":\"es\",\"potentialAction\":[{\"@type\":\"ReadAction\",\"target\":[\"https:\\\/\\\/digital58.com.ve\\\/site\\\/2020\\\/08\\\/31\\\/omar-prieto-mostro-su-disposicion-de-reunirse-con-el-colegio-de-medicos-del-estado-zulia\\\/\"]}]},{\"@type\":\"ImageObject\",\"inLanguage\":\"es\",\"@id\":\"https:\\\/\\\/digital58.com.ve\\\/site\\\/2020\\\/08\\\/31\\\/omar-prieto-mostro-su-disposicion-de-reunirse-con-el-colegio-de-medicos-del-estado-zulia\\\/#primaryimage\",\"url\":\"https:\\\/\\\/digital58.com.ve\\\/site\\\/wp-content\\\/uploads\\\/2020\\\/08\\\/photo_2020-08-31_17-25-20-1.jpg\",\"contentUrl\":\"https:\\\/\\\/digital58.com.ve\\\/site\\\/wp-content\\\/uploads\\\/2020\\\/08\\\/photo_2020-08-31_17-25-20-1.jpg\",\"width\":640,\"height\":421},{\"@type\":\"BreadcrumbList\",\"@id\":\"https:\\\/\\\/digital58.com.ve\\\/site\\\/2020\\\/08\\\/31\\\/omar-prieto-mostro-su-disposicion-de-reunirse-con-el-colegio-de-medicos-del-estado-zulia\\\/#breadcrumb\",\"itemListElement\":[{\"@type\":\"ListItem\",\"position\":1,\"name\":\"Home\",\"item\":\"https:\\\/\\\/digital58.com.ve\\\/site\\\/\"},{\"@type\":\"ListItem\",\"position\":2,\"name\":\"Omar prieto mostr\u00f3 su disposici\u00f3n de reunirse con el Colegio de M\u00e9dicos del estado Zulia\"}]},{\"@type\":\"WebSite\",\"@id\":\"https:\\\/\\\/digital58.com.ve\\\/site\\\/#website\",\"url\":\"https:\\\/\\\/digital58.com.ve\\\/site\\\/\",\"name\":\"Noticias Digital58\",\"description\":\"Portal de Noticias \u00a1Periodismo web de verdad! Lanzamiento web 22.11.2005 \\\/ Maracaibo, Venezuela\",\"publisher\":{\"@id\":\"https:\\\/\\\/digital58.com.ve\\\/site\\\/#\\\/schema\\\/person\\\/64d1c2e4d0d4fd1b849980c4331c2951\"},\"alternateName\":\"ND58\",\"potentialAction\":[{\"@type\":\"SearchAction\",\"target\":{\"@type\":\"EntryPoint\",\"urlTemplate\":\"https:\\\/\\\/digital58.com.ve\\\/site\\\/?s={search_term_string}\"},\"query-input\":{\"@type\":\"PropertyValueSpecification\",\"valueRequired\":true,\"valueName\":\"search_term_string\"}}],\"inLanguage\":\"es\"},{\"@type\":[\"Person\",\"Organization\"],\"@id\":\"https:\\\/\\\/digital58.com.ve\\\/site\\\/#\\\/schema\\\/person\\\/64d1c2e4d0d4fd1b849980c4331c2951\",\"name\":\"Villasmil Henry\",\"image\":{\"@type\":\"ImageObject\",\"inLanguage\":\"es\",\"@id\":\"https:\\\/\\\/secure.gravatar.com\\\/avatar\\\/bb0c4a2fcb7970138239f7e404ea75757b1b507b28b5ce4c53fbd62d797c5a7c?s=96&d=mm&r=g\",\"url\":\"https:\\\/\\\/secure.gravatar.com\\\/avatar\\\/bb0c4a2fcb7970138239f7e404ea75757b1b507b28b5ce4c53fbd62d797c5a7c?s=96&d=mm&r=g\",\"contentUrl\":\"https:\\\/\\\/secure.gravatar.com\\\/avatar\\\/bb0c4a2fcb7970138239f7e404ea75757b1b507b28b5ce4c53fbd62d797c5a7c?s=96&d=mm&r=g\",\"caption\":\"Villasmil Henry\"},\"logo\":{\"@id\":\"https:\\\/\\\/secure.gravatar.com\\\/avatar\\\/bb0c4a2fcb7970138239f7e404ea75757b1b507b28b5ce4c53fbd62d797c5a7c?s=96&d=mm&r=g\"},\"sameAs\":[\"http:\\\/\\\/www.henryvillasmil.com.ve\",\"https:\\\/\\\/www.instagram.com\\\/villasmilhfoto\\\/\",\"https:\\\/\\\/x.com\\\/https:\\\/\\\/twitter.com\\\/villasmilhfoto\"]},{\"@type\":\"Person\",\"@id\":\"https:\\\/\\\/digital58.com.ve\\\/site\\\/#\\\/schema\\\/person\\\/c61667ce6845137620ee3f0aaabade17\",\"name\":\"Molero Luis\",\"image\":{\"@type\":\"ImageObject\",\"inLanguage\":\"es\",\"@id\":\"https:\\\/\\\/secure.gravatar.com\\\/avatar\\\/bf041ec637e3e7405449807deb2f7cf3d2de7c6fa755dd56e985201de9863f2b?s=96&d=mm&r=g\",\"url\":\"https:\\\/\\\/secure.gravatar.com\\\/avatar\\\/bf041ec637e3e7405449807deb2f7cf3d2de7c6fa755dd56e985201de9863f2b?s=96&d=mm&r=g\",\"contentUrl\":\"https:\\\/\\\/secure.gravatar.com\\\/avatar\\\/bf041ec637e3e7405449807deb2f7cf3d2de7c6fa755dd56e985201de9863f2b?s=96&d=mm&r=g\",\"caption\":\"Molero Luis\"},\"url\":\"https:\\\/\\\/digital58.com.ve\\\/site\\\/author\\\/luismolero\\\/\"}]}<\/script>\n<!-- \/ Yoast SEO plugin. -->","yoast_head_json":{"title":"Omar prieto mostr\u00f3 su disposici\u00f3n de reunirse con el Colegio de M\u00e9dicos del estado Zulia","description":"Zulia","robots":{"index":"index","follow":"follow","max-snippet":"max-snippet:-1","max-image-preview":"max-image-preview:large","max-video-preview":"max-video-preview:-1"},"canonical":"https:\/\/digital58.com.ve\/site\/2020\/08\/31\/omar-prieto-mostro-su-disposicion-de-reunirse-con-el-colegio-de-medicos-del-estado-zulia\/","og_locale":"es_ES","og_type":"article","og_title":"Omar prieto mostr\u00f3 su disposici\u00f3n de reunirse con el Colegio de M\u00e9dicos del estado Zulia","og_description":"Zulia","og_url":"https:\/\/digital58.com.ve\/site\/2020\/08\/31\/omar-prieto-mostro-su-disposicion-de-reunirse-con-el-colegio-de-medicos-del-estado-zulia\/","og_site_name":"Noticias Digital58","article_published_time":"2020-08-31T22:00:16+00:00","og_image":[{"width":640,"height":421,"url":"https:\/\/digital58.com.ve\/site\/wp-content\/uploads\/2020\/08\/photo_2020-08-31_17-25-20-1.jpg","type":"image\/jpeg"}],"author":"Molero Luis","twitter_card":"summary_large_image","twitter_creator":"@Digital_58","twitter_site":"@villasmilhfoto","twitter_misc":{"Escrito por":"Molero Luis","Tiempo estimado de lectura":"2 minutos"},"schema":{"@context":"https:\/\/schema.org","@graph":[{"@type":"Article","@id":"https:\/\/digital58.com.ve\/site\/2020\/08\/31\/omar-prieto-mostro-su-disposicion-de-reunirse-con-el-colegio-de-medicos-del-estado-zulia\/#article","isPartOf":{"@id":"https:\/\/digital58.com.ve\/site\/2020\/08\/31\/omar-prieto-mostro-su-disposicion-de-reunirse-con-el-colegio-de-medicos-del-estado-zulia\/"},"author":{"name":"Molero Luis","@id":"https:\/\/digital58.com.ve\/site\/#\/schema\/person\/c61667ce6845137620ee3f0aaabade17"},"headline":"Omar prieto mostr\u00f3 su disposici\u00f3n de reunirse con el Colegio de M\u00e9dicos del estado Zulia","datePublished":"2020-08-31T22:00:16+00:00","mainEntityOfPage":{"@id":"https:\/\/digital58.com.ve\/site\/2020\/08\/31\/omar-prieto-mostro-su-disposicion-de-reunirse-con-el-colegio-de-medicos-del-estado-zulia\/"},"wordCount":425,"commentCount":0,"publisher":{"@id":"https:\/\/digital58.com.ve\/site\/#\/schema\/person\/64d1c2e4d0d4fd1b849980c4331c2951"},"image":{"@id":"https:\/\/digital58.com.ve\/site\/2020\/08\/31\/omar-prieto-mostro-su-disposicion-de-reunirse-con-el-colegio-de-medicos-del-estado-zulia\/#primaryimage"},"thumbnailUrl":"https:\/\/digital58.com.ve\/site\/wp-content\/uploads\/2020\/08\/photo_2020-08-31_17-25-20-1.jpg","keywords":["Alcalde Willy Casanova","Colegio de M\u00e9dicos del estado Zulia","Gobernador Omar Prieto","Maracaibo","Omaira Prieto","Zulia"],"articleSection":["Zulia"],"inLanguage":"es","potentialAction":[{"@type":"CommentAction","name":"Comment","target":["https:\/\/digital58.com.ve\/site\/2020\/08\/31\/omar-prieto-mostro-su-disposicion-de-reunirse-con-el-colegio-de-medicos-del-estado-zulia\/#respond"]}]},{"@type":"WebPage","@id":"https:\/\/digital58.com.ve\/site\/2020\/08\/31\/omar-prieto-mostro-su-disposicion-de-reunirse-con-el-colegio-de-medicos-del-estado-zulia\/","url":"https:\/\/digital58.com.ve\/site\/2020\/08\/31\/omar-prieto-mostro-su-disposicion-de-reunirse-con-el-colegio-de-medicos-del-estado-zulia\/","name":"Omar prieto mostr\u00f3 su disposici\u00f3n de reunirse con el Colegio de M\u00e9dicos del estado Zulia","isPartOf":{"@id":"https:\/\/digital58.com.ve\/site\/#website"},"primaryImageOfPage":{"@id":"https:\/\/digital58.com.ve\/site\/2020\/08\/31\/omar-prieto-mostro-su-disposicion-de-reunirse-con-el-colegio-de-medicos-del-estado-zulia\/#primaryimage"},"image":{"@id":"https:\/\/digital58.com.ve\/site\/2020\/08\/31\/omar-prieto-mostro-su-disposicion-de-reunirse-con-el-colegio-de-medicos-del-estado-zulia\/#primaryimage"},"thumbnailUrl":"https:\/\/digital58.com.ve\/site\/wp-content\/uploads\/2020\/08\/photo_2020-08-31_17-25-20-1.jpg","datePublished":"2020-08-31T22:00:16+00:00","description":"Zulia","breadcrumb":{"@id":"https:\/\/digital58.com.ve\/site\/2020\/08\/31\/omar-prieto-mostro-su-disposicion-de-reunirse-con-el-colegio-de-medicos-del-estado-zulia\/#breadcrumb"},"inLanguage":"es","potentialAction":[{"@type":"ReadAction","target":["https:\/\/digital58.com.ve\/site\/2020\/08\/31\/omar-prieto-mostro-su-disposicion-de-reunirse-con-el-colegio-de-medicos-del-estado-zulia\/"]}]},{"@type":"ImageObject","inLanguage":"es","@id":"https:\/\/digital58.com.ve\/site\/2020\/08\/31\/omar-prieto-mostro-su-disposicion-de-reunirse-con-el-colegio-de-medicos-del-estado-zulia\/#primaryimage","url":"https:\/\/digital58.com.ve\/site\/wp-content\/uploads\/2020\/08\/photo_2020-08-31_17-25-20-1.jpg","contentUrl":"https:\/\/digital58.com.ve\/site\/wp-content\/uploads\/2020\/08\/photo_2020-08-31_17-25-20-1.jpg","width":640,"height":421},{"@type":"BreadcrumbList","@id":"https:\/\/digital58.com.ve\/site\/2020\/08\/31\/omar-prieto-mostro-su-disposicion-de-reunirse-con-el-colegio-de-medicos-del-estado-zulia\/#breadcrumb","itemListElement":[{"@type":"ListItem","position":1,"name":"Home","item":"https:\/\/digital58.com.ve\/site\/"},{"@type":"ListItem","position":2,"name":"Omar prieto mostr\u00f3 su disposici\u00f3n de reunirse con el Colegio de M\u00e9dicos del estado Zulia"}]},{"@type":"WebSite","@id":"https:\/\/digital58.com.ve\/site\/#website","url":"https:\/\/digital58.com.ve\/site\/","name":"Noticias Digital58","description":"Portal de Noticias \u00a1Periodismo web de verdad! Lanzamiento web 22.11.2005 \/ Maracaibo, Venezuela","publisher":{"@id":"https:\/\/digital58.com.ve\/site\/#\/schema\/person\/64d1c2e4d0d4fd1b849980c4331c2951"},"alternateName":"ND58","potentialAction":[{"@type":"SearchAction","target":{"@type":"EntryPoint","urlTemplate":"https:\/\/digital58.com.ve\/site\/?s={search_term_string}"},"query-input":{"@type":"PropertyValueSpecification","valueRequired":true,"valueName":"search_term_string"}}],"inLanguage":"es"},{"@type":["Person","Organization"],"@id":"https:\/\/digital58.com.ve\/site\/#\/schema\/person\/64d1c2e4d0d4fd1b849980c4331c2951","name":"Villasmil Henry","image":{"@type":"ImageObject","inLanguage":"es","@id":"https:\/\/secure.gravatar.com\/avatar\/bb0c4a2fcb7970138239f7e404ea75757b1b507b28b5ce4c53fbd62d797c5a7c?s=96&d=mm&r=g","url":"https:\/\/secure.gravatar.com\/avatar\/bb0c4a2fcb7970138239f7e404ea75757b1b507b28b5ce4c53fbd62d797c5a7c?s=96&d=mm&r=g","contentUrl":"https:\/\/secure.gravatar.com\/avatar\/bb0c4a2fcb7970138239f7e404ea75757b1b507b28b5ce4c53fbd62d797c5a7c?s=96&d=mm&r=g","caption":"Villasmil Henry"},"logo":{"@id":"https:\/\/secure.gravatar.com\/avatar\/bb0c4a2fcb7970138239f7e404ea75757b1b507b28b5ce4c53fbd62d797c5a7c?s=96&d=mm&r=g"},"sameAs":["http:\/\/www.henryvillasmil.com.ve","https:\/\/www.instagram.com\/villasmilhfoto\/","https:\/\/x.com\/https:\/\/twitter.com\/villasmilhfoto"]},{"@type":"Person","@id":"https:\/\/digital58.com.ve\/site\/#\/schema\/person\/c61667ce6845137620ee3f0aaabade17","name":"Molero Luis","image":{"@type":"ImageObject","inLanguage":"es","@id":"https:\/\/secure.gravatar.com\/avatar\/bf041ec637e3e7405449807deb2f7cf3d2de7c6fa755dd56e985201de9863f2b?s=96&d=mm&r=g","url":"https:\/\/secure.gravatar.com\/avatar\/bf041ec637e3e7405449807deb2f7cf3d2de7c6fa755dd56e985201de9863f2b?s=96&d=mm&r=g","contentUrl":"https:\/\/secure.gravatar.com\/avatar\/bf041ec637e3e7405449807deb2f7cf3d2de7c6fa755dd56e985201de9863f2b?s=96&d=mm&r=g","caption":"Molero Luis"},"url":"https:\/\/digital58.com.ve\/site\/author\/luismolero\/"}]}},"uagb_featured_image_src":{"full":["https:\/\/digital58.com.ve\/site\/wp-content\/uploads\/2020\/08\/photo_2020-08-31_17-25-20-1.jpg",640,421,false],"thumbnail":["https:\/\/digital58.com.ve\/site\/wp-content\/uploads\/2020\/08\/photo_2020-08-31_17-25-20-1-150x150.jpg",150,150,true],"medium":["https:\/\/digital58.com.ve\/site\/wp-content\/uploads\/2020\/08\/photo_2020-08-31_17-25-20-1-300x197.jpg",300,197,true],"medium_large":["https:\/\/digital58.com.ve\/site\/wp-content\/uploads\/2020\/08\/photo_2020-08-31_17-25-20-1.jpg",640,421,false],"large":["https:\/\/digital58.com.ve\/site\/wp-content\/uploads\/2020\/08\/photo_2020-08-31_17-25-20-1.jpg",640,421,false],"1536x1536":["https:\/\/digital58.com.ve\/site\/wp-content\/uploads\/2020\/08\/photo_2020-08-31_17-25-20-1.jpg",640,421,false],"2048x2048":["https:\/\/digital58.com.ve\/site\/wp-content\/uploads\/2020\/08\/photo_2020-08-31_17-25-20-1.jpg",640,421,false],"colormag-highlighted-post":["https:\/\/digital58.com.ve\/site\/wp-content\/uploads\/2020\/08\/photo_2020-08-31_17-25-20-1.jpg",392,258,false],"colormag-featured-post-medium":["https:\/\/digital58.com.ve\/site\/wp-content\/uploads\/2020\/08\/photo_2020-08-31_17-25-20-1.jpg",312,205,false],"colormag-featured-post-small":["https:\/\/digital58.com.ve\/site\/wp-content\/uploads\/2020\/08\/photo_2020-08-31_17-25-20-1.jpg",130,86,false],"colormag-featured-image":["https:\/\/digital58.com.ve\/site\/wp-content\/uploads\/2020\/08\/photo_2020-08-31_17-25-20-1.jpg",640,421,false],"colormag-default-news":["https:\/\/digital58.com.ve\/site\/wp-content\/uploads\/2020\/08\/photo_2020-08-31_17-25-20-1.jpg",150,99,false],"colormag-featured-image-large":["https:\/\/digital58.com.ve\/site\/wp-content\/uploads\/2020\/08\/photo_2020-08-31_17-25-20-1.jpg",640,421,false]},"uagb_author_info":{"display_name":"Molero Luis","author_link":"https:\/\/digital58.com.ve\/site\/author\/luismolero\/"},"uagb_comment_info":0,"uagb_excerpt":"A\u00f1adi\u00f3 que si parte de ellos no llega la invitaci\u00f3n, conversar\u00eda con su\u00a0 hermana, Omaira Prieto, autoridad \u00fanica en Salud,","_links":{"self":[{"href":"https:\/\/digital58.com.ve\/site\/wp-json\/wp\/v2\/posts\/125513","targetHints":{"allow":["GET"]}}],"collection":[{"href":"https:\/\/digital58.com.ve\/site\/wp-json\/wp\/v2\/posts"}],"about":[{"href":"https:\/\/digital58.com.ve\/site\/wp-json\/wp\/v2\/types\/post"}],"author":[{"embeddable":true,"href":"https:\/\/digital58.com.ve\/site\/wp-json\/wp\/v2\/users\/26"}],"replies":[{"embeddable":true,"href":"https:\/\/digital58.com.ve\/site\/wp-json\/wp\/v2\/comments?post=125513"}],"version-history":[{"count":0,"href":"https:\/\/digital58.com.ve\/site\/wp-json\/wp\/v2\/posts\/125513\/revisions"}],"wp:featuredmedia":[{"embeddable":true,"href":"https:\/\/digital58.com.ve\/site\/wp-json\/wp\/v2\/media\/125515"}],"wp:attachment":[{"href":"https:\/\/digital58.com.ve\/site\/wp-json\/wp\/v2\/media?parent=125513"}],"wp:term":[{"taxonomy":"category","embeddable":true,"href":"https:\/\/digital58.com.ve\/site\/wp-json\/wp\/v2\/categories?post=125513"},{"taxonomy":"post_tag","embeddable":true,"href":"https:\/\/digital58.com.ve\/site\/wp-json\/wp\/v2\/tags?post=125513"}],"curies":[{"name":"wp","href":"https:\/\/api.w.org\/{rel}","templated":true}]}}