{"id":125918,"date":"2020-09-02T20:16:11","date_gmt":"2020-09-03T00:16:11","guid":{"rendered":"https:\/\/digital58.com.ve\/site\/?p=125918"},"modified":"2020-09-02T20:16:11","modified_gmt":"2020-09-03T00:16:11","slug":"julian-gil-es-ingresado-de-emergencia-al-hospital-para-ser-operado","status":"publish","type":"post","link":"https:\/\/digital58.com.ve\/site\/2020\/09\/02\/julian-gil-es-ingresado-de-emergencia-al-hospital-para-ser-operado\/","title":{"rendered":"Juli\u00e1n Gil es ingresado de emergencia al hospital, para ser operado"},"content":{"rendered":"\r\n<p><img loading=\"lazy\" decoding=\"async\" class=\"alignnone size-full wp-image-125923\" src=\"https:\/\/digital58.com.ve\/site\/wp-content\/uploads\/2020\/09\/Julian-Gil.jpg\" alt=\"\" width=\"1140\" height=\"724\" srcset=\"https:\/\/digital58.com.ve\/site\/wp-content\/uploads\/2020\/09\/Julian-Gil.jpg 800w, https:\/\/digital58.com.ve\/site\/wp-content\/uploads\/2020\/09\/Julian-Gil-300x191.jpg 300w, https:\/\/digital58.com.ve\/site\/wp-content\/uploads\/2020\/09\/Julian-Gil-768x488.jpg 768w\" sizes=\"auto, (max-width: 1140px) 100vw, 1140px\" \/><\/p>\r\n<p>La hermana del actor, a trav\u00e9s de su cuenta personal de Instagram Patria Ramosco, inform\u00f3 el estado de salud del artista, por lo que se ve sentando en una silla de espera, en un hospital, sin embargo recientemente el actor public\u00f3 una fotograf\u00eda saliendo de la intervenci\u00f3n quir\u00fargica.<\/p>\r\n<p><strong>Internacionales, 2 de septiembre de 2020 (ND58).-<\/strong> Patricia Ramosco hermana del actor Juli\u00e1n Gil, famoso por su trabajo en las telenovelas asever\u00f3, que ser\u00eda operado de emergencia por un menisco roto en la rodilla, aunque la cirug\u00eda no representa peligro mayor, le pidi\u00f3 a sus seguidores que rezaran por la salud de su hermano.<br \/><br \/>\u00abHoy lo operan (a mi hermano @juliangil) de su rodilla (meniscos) cl\u00ednica privaba COVID free, solo pacientes y personal me\u0301dico, gracias por sus oraciones, es una cirug\u00eda simple pero el poder de la oracio\u0301n lo hace mucho ma\u0301s fa\u0301cil! Aqui\u0301 les comparto su saludo al despedirnos! \u00bb, expres\u00f3 la hermana del interprete.<br \/><br \/>En la fotograf\u00eda publicada, los seguidores de Juli\u00e1n Gil le escribieron buenos comentarios y desearon que se recupere muy pronto. Por otro lado recientemente se anunci\u00f3 su nuevo romance con la conductora deportiva TUDN, Valeria Mar\u00edn la cual fue compartida por la pareja en las redes sociales.<\/p>\r\n<p>Al parecer la intervenci\u00f3n quir\u00fargica del artista fue todo un \u00e9xito y Juli\u00e1n Gil se encuentra recuper\u00e1ndose en casa.<\/p>\r\n<p><blockquote class=\"instagram-media\" data-instgrm-captioned data-instgrm-permalink=\"https:\/\/www.instagram.com\/p\/CEm8EVgHMDA\/?utm_source=ig_embed&amp;utm_campaign=loading\" data-instgrm-version=\"14\" style=\" background:#FFF; border:0; border-radius:3px; box-shadow:0 0 1px 0 rgba(0,0,0,0.5),0 1px 10px 0 rgba(0,0,0,0.15); margin: 1px; max-width:658px; min-width:326px; padding:0; width:99.375%; width:-webkit-calc(100% - 2px); width:calc(100% - 2px);\"><div style=\"padding:16px;\"> <a href=\"https:\/\/www.instagram.com\/p\/CEm8EVgHMDA\/?utm_source=ig_embed&amp;utm_campaign=loading\" style=\" background:#FFFFFF; line-height:0; padding:0 0; text-align:center; text-decoration:none; width:100%;\" target=\"_blank\"> <div style=\" display: flex; flex-direction: row; align-items: center;\"> <div style=\"background-color: #F4F4F4; border-radius: 50%; flex-grow: 0; height: 40px; margin-right: 14px; width: 40px;\"><\/div> <div style=\"display: flex; flex-direction: column; flex-grow: 1; justify-content: center;\"> <div style=\" background-color: #F4F4F4; border-radius: 4px; flex-grow: 0; height: 14px; margin-bottom: 6px; width: 100px;\"><\/div> <div style=\" background-color: #F4F4F4; border-radius: 4px; flex-grow: 0; height: 14px; width: 60px;\"><\/div><\/div><\/div><div style=\"padding: 19% 0;\"><\/div> <div style=\"display:block; height:50px; margin:0 auto 12px; width:50px;\"><svg width=\"50px\" height=\"50px\" viewBox=\"0 0 60 60\" version=\"1.1\" xmlns=\"https:\/\/www.w3.org\/2000\/svg\" xmlns:xlink=\"https:\/\/www.w3.org\/1999\/xlink\"><g stroke=\"none\" stroke-width=\"1\" fill=\"none\" fill-rule=\"evenodd\"><g transform=\"translate(-511.000000, -20.000000)\" fill=\"#000000\"><g><path d=\"M556.869,30.41 C554.814,30.41 553.148,32.076 553.148,34.131 C553.148,36.186 554.814,37.852 556.869,37.852 C558.924,37.852 560.59,36.186 560.59,34.131 C560.59,32.076 558.924,30.41 556.869,30.41 M541,60.657 C535.114,60.657 530.342,55.887 530.342,50 C530.342,44.114 535.114,39.342 541,39.342 C546.887,39.342 551.658,44.114 551.658,50 C551.658,55.887 546.887,60.657 541,60.657 M541,33.886 C532.1,33.886 524.886,41.1 524.886,50 C524.886,58.899 532.1,66.113 541,66.113 C549.9,66.113 557.115,58.899 557.115,50 C557.115,41.1 549.9,33.886 541,33.886 M565.378,62.101 C565.244,65.022 564.756,66.606 564.346,67.663 C563.803,69.06 563.154,70.057 562.106,71.106 C561.058,72.155 560.06,72.803 558.662,73.347 C557.607,73.757 556.021,74.244 553.102,74.378 C549.944,74.521 548.997,74.552 541,74.552 C533.003,74.552 532.056,74.521 528.898,74.378 C525.979,74.244 524.393,73.757 523.338,73.347 C521.94,72.803 520.942,72.155 519.894,71.106 C518.846,70.057 518.197,69.06 517.654,67.663 C517.244,66.606 516.755,65.022 516.623,62.101 C516.479,58.943 516.448,57.996 516.448,50 C516.448,42.003 516.479,41.056 516.623,37.899 C516.755,34.978 517.244,33.391 517.654,32.338 C518.197,30.938 518.846,29.942 519.894,28.894 C520.942,27.846 521.94,27.196 523.338,26.654 C524.393,26.244 525.979,25.756 528.898,25.623 C532.057,25.479 533.004,25.448 541,25.448 C548.997,25.448 549.943,25.479 553.102,25.623 C556.021,25.756 557.607,26.244 558.662,26.654 C560.06,27.196 561.058,27.846 562.106,28.894 C563.154,29.942 563.803,30.938 564.346,32.338 C564.756,33.391 565.244,34.978 565.378,37.899 C565.522,41.056 565.552,42.003 565.552,50 C565.552,57.996 565.522,58.943 565.378,62.101 M570.82,37.631 C570.674,34.438 570.167,32.258 569.425,30.349 C568.659,28.377 567.633,26.702 565.965,25.035 C564.297,23.368 562.623,22.342 560.652,21.575 C558.743,20.834 556.562,20.326 553.369,20.18 C550.169,20.033 549.148,20 541,20 C532.853,20 531.831,20.033 528.631,20.18 C525.438,20.326 523.257,20.834 521.349,21.575 C519.376,22.342 517.703,23.368 516.035,25.035 C514.368,26.702 513.342,28.377 512.574,30.349 C511.834,32.258 511.326,34.438 511.181,37.631 C511.035,40.831 511,41.851 511,50 C511,58.147 511.035,59.17 511.181,62.369 C511.326,65.562 511.834,67.743 512.574,69.651 C513.342,71.625 514.368,73.296 516.035,74.965 C517.703,76.634 519.376,77.658 521.349,78.425 C523.257,79.167 525.438,79.673 528.631,79.82 C531.831,79.965 532.853,80.001 541,80.001 C549.148,80.001 550.169,79.965 553.369,79.82 C556.562,79.673 558.743,79.167 560.652,78.425 C562.623,77.658 564.297,76.634 565.965,74.965 C567.633,73.296 568.659,71.625 569.425,69.651 C570.167,67.743 570.674,65.562 570.82,62.369 C570.966,59.17 571,58.147 571,50 C571,41.851 570.966,40.831 570.82,37.631\"><\/path><\/g><\/g><\/g><\/svg><\/div><div style=\"padding-top: 8px;\"> <div style=\" color:#3897f0; font-family:Arial,sans-serif; font-size:14px; font-style:normal; font-weight:550; line-height:18px;\">View this post on Instagram<\/div><\/div><div style=\"padding: 12.5% 0;\"><\/div> <div style=\"display: flex; flex-direction: row; margin-bottom: 14px; align-items: center;\"><div> <div style=\"background-color: #F4F4F4; border-radius: 50%; height: 12.5px; width: 12.5px; transform: translateX(0px) translateY(7px);\"><\/div> <div style=\"background-color: #F4F4F4; height: 12.5px; transform: rotate(-45deg) translateX(3px) translateY(1px); width: 12.5px; flex-grow: 0; margin-right: 14px; margin-left: 2px;\"><\/div> <div style=\"background-color: #F4F4F4; border-radius: 50%; height: 12.5px; width: 12.5px; transform: translateX(9px) translateY(-18px);\"><\/div><\/div><div style=\"margin-left: 8px;\"> <div style=\" background-color: #F4F4F4; border-radius: 50%; flex-grow: 0; height: 20px; width: 20px;\"><\/div> <div style=\" width: 0; height: 0; border-top: 2px solid transparent; border-left: 6px solid #f4f4f4; border-bottom: 2px solid transparent; transform: translateX(16px) translateY(-4px) rotate(30deg)\"><\/div><\/div><div style=\"margin-left: auto;\"> <div style=\" width: 0px; border-top: 8px solid #F4F4F4; border-right: 8px solid transparent; transform: translateY(16px);\"><\/div> <div style=\" background-color: #F4F4F4; flex-grow: 0; height: 12px; width: 16px; transform: translateY(-4px);\"><\/div> <div style=\" width: 0; height: 0; border-top: 8px solid #F4F4F4; border-left: 8px solid transparent; transform: translateY(-4px) translateX(8px);\"><\/div><\/div><\/div> <div style=\"display: flex; flex-direction: column; flex-grow: 1; justify-content: center; margin-bottom: 24px;\"> <div style=\" background-color: #F4F4F4; border-radius: 4px; flex-grow: 0; height: 14px; margin-bottom: 6px; width: 224px;\"><\/div> <div style=\" background-color: #F4F4F4; border-radius: 4px; flex-grow: 0; height: 14px; width: 144px;\"><\/div><\/div><\/a><p style=\" color:#c9c8cd; font-family:Arial,sans-serif; font-size:14px; line-height:17px; margin-bottom:0; margin-top:8px; overflow:hidden; padding:8px 0 7px; text-align:center; text-overflow:ellipsis; white-space:nowrap;\"><a href=\"https:\/\/www.instagram.com\/p\/CEm8EVgHMDA\/?utm_source=ig_embed&amp;utm_campaign=loading\" style=\" color:#c9c8cd; font-family:Arial,sans-serif; font-size:14px; font-style:normal; font-weight:normal; line-height:17px; text-decoration:none;\" target=\"_blank\">A post shared by Patricia Ramosco (@patty_ramosco)<\/a><\/p><\/div><\/blockquote><script async src=\"\/\/platform.instagram.com\/en_US\/embeds.js\"><\/script><\/p><div class=\"zgnqt69ef492cd405a\" ><p style=\"text-align: center;\"><a href=\"https:\/\/t.me\/noticiasdigital58\" target=\"_blank\" rel=\"noopener\"><img class=\"aligncenter size-full wp-image-125363\" src=\"https:\/\/digital58.com.ve\/site\/wp-content\/uploads\/2021\/04\/banner-telegram-web-2021.png\" alt=\"\" width=\"600\" height=\"90\" \/><\/a><\/p><\/div><style type=\"text\/css\">\r\n@media screen and (min-width: 1201px) {\r\n.zgnqt69ef492cd405a {\r\ndisplay: block;\r\n}\r\n}\r\n@media screen and (min-width: 993px) and (max-width: 1200px) {\r\n.zgnqt69ef492cd405a {\r\ndisplay: block;\r\n}\r\n}\r\n@media screen and (min-width: 769px) and (max-width: 992px) {\r\n.zgnqt69ef492cd405a {\r\ndisplay: block;\r\n}\r\n}\r\n@media screen and (min-width: 768px) and (max-width: 768px) {\r\n.zgnqt69ef492cd405a {\r\ndisplay: block;\r\n}\r\n}\r\n@media screen and (max-width: 767px) {\r\n.zgnqt69ef492cd405a {\r\ndisplay: block;\r\n}\r\n}\r\n<\/style>\r\n\r\n<p><strong>Redacci\u00f3n: Rubio, Laura Isabel (@lauraisabelrubio) | Fuente: Instagram<\/strong><br \/><strong>Edici\u00f3n: Villasmil, Henry<\/strong><br \/><strong>Gr\u00e1ficas: Cortes\u00eda<\/strong><\/p>\r\n<div style=\"margin-top: 0px; margin-bottom: 0px;\" class=\"sharethis-inline-share-buttons\" ><\/div>","protected":false},"excerpt":{"rendered":"<p>La hermana del actor, a trav\u00e9s de su cuenta personal de Instagram Patria Ramosco, inform\u00f3 el estado de salud del<\/p>\n","protected":false},"author":28,"featured_media":125923,"comment_status":"open","ping_status":"closed","sticky":false,"template":"","format":"standard","meta":{"colormag_page_container_layout":"default_layout","colormag_page_sidebar_layout":"default_layout","_uag_custom_page_level_css":"","footnotes":""},"categories":[1],"tags":[4565,273,942,8,11106,21182,248,2125,5847,134,14876],"class_list":["post-125918","post","type-post","status-publish","format-standard","has-post-thumbnail","hentry","category-fama","tag-actor","tag-farandula","tag-instagram","tag-internacionales","tag-julian-gil","tag-patricia-ramosco","tag-redes-sociales","tag-telenovelas","tag-television","tag-tv","tag-viral-en-redes-sociales"],"yoast_head":"<!-- This site is optimized with the Yoast SEO plugin v27.4 - https:\/\/yoast.com\/product\/yoast-seo-wordpress\/ -->\n<title>Juli\u00e1n Gil es ingresado de emergencia al hospital, para ser operado<\/title>\n<meta name=\"description\" content=\"Fama\" \/>\n<meta name=\"robots\" content=\"index, follow, max-snippet:-1, max-image-preview:large, max-video-preview:-1\" \/>\n<link rel=\"canonical\" href=\"https:\/\/digital58.com.ve\/site\/2020\/09\/02\/julian-gil-es-ingresado-de-emergencia-al-hospital-para-ser-operado\/\" \/>\n<meta property=\"og:locale\" content=\"es_ES\" \/>\n<meta property=\"og:type\" content=\"article\" \/>\n<meta property=\"og:title\" content=\"Juli\u00e1n Gil es ingresado de emergencia al hospital, para ser operado\" \/>\n<meta property=\"og:description\" content=\"Fama\" \/>\n<meta property=\"og:url\" content=\"https:\/\/digital58.com.ve\/site\/2020\/09\/02\/julian-gil-es-ingresado-de-emergencia-al-hospital-para-ser-operado\/\" \/>\n<meta property=\"og:site_name\" content=\"Noticias Digital58\" \/>\n<meta property=\"article:published_time\" content=\"2020-09-03T00:16:11+00:00\" \/>\n<meta property=\"og:image\" content=\"https:\/\/digital58.com.ve\/site\/wp-content\/uploads\/2020\/09\/Julian-Gil.jpg\" \/>\n\t<meta property=\"og:image:width\" content=\"1140\" \/>\n\t<meta property=\"og:image:height\" content=\"724\" \/>\n\t<meta property=\"og:image:type\" content=\"image\/jpeg\" \/>\n<meta name=\"author\" content=\"Rubio Laura Isabel\" \/>\n<meta name=\"twitter:card\" content=\"summary_large_image\" \/>\n<meta name=\"twitter:creator\" content=\"@Digital_58\" \/>\n<meta name=\"twitter:site\" content=\"@villasmilhfoto\" \/>\n<meta name=\"twitter:label1\" content=\"Escrito por\" \/>\n\t<meta name=\"twitter:data1\" content=\"Rubio Laura Isabel\" \/>\n\t<meta name=\"twitter:label2\" content=\"Tiempo estimado de lectura\" \/>\n\t<meta name=\"twitter:data2\" content=\"1 minuto\" \/>\n<script type=\"application\/ld+json\" class=\"yoast-schema-graph\">{\"@context\":\"https:\\\/\\\/schema.org\",\"@graph\":[{\"@type\":\"Article\",\"@id\":\"https:\\\/\\\/digital58.com.ve\\\/site\\\/2020\\\/09\\\/02\\\/julian-gil-es-ingresado-de-emergencia-al-hospital-para-ser-operado\\\/#article\",\"isPartOf\":{\"@id\":\"https:\\\/\\\/digital58.com.ve\\\/site\\\/2020\\\/09\\\/02\\\/julian-gil-es-ingresado-de-emergencia-al-hospital-para-ser-operado\\\/\"},\"author\":{\"name\":\"Rubio Laura Isabel\",\"@id\":\"https:\\\/\\\/digital58.com.ve\\\/site\\\/#\\\/schema\\\/person\\\/6672bab44ab958838204ebb2cb0e8d52\"},\"headline\":\"Juli\u00e1n Gil es ingresado de emergencia al hospital, para ser operado\",\"datePublished\":\"2020-09-03T00:16:11+00:00\",\"mainEntityOfPage\":{\"@id\":\"https:\\\/\\\/digital58.com.ve\\\/site\\\/2020\\\/09\\\/02\\\/julian-gil-es-ingresado-de-emergencia-al-hospital-para-ser-operado\\\/\"},\"wordCount\":279,\"commentCount\":0,\"publisher\":{\"@id\":\"https:\\\/\\\/digital58.com.ve\\\/site\\\/#\\\/schema\\\/person\\\/64d1c2e4d0d4fd1b849980c4331c2951\"},\"image\":{\"@id\":\"https:\\\/\\\/digital58.com.ve\\\/site\\\/2020\\\/09\\\/02\\\/julian-gil-es-ingresado-de-emergencia-al-hospital-para-ser-operado\\\/#primaryimage\"},\"thumbnailUrl\":\"https:\\\/\\\/digital58.com.ve\\\/site\\\/wp-content\\\/uploads\\\/2020\\\/09\\\/Julian-Gil.jpg\",\"keywords\":[\"Actor\",\"Far\u00e1ndula\",\"Instagram\",\"Internacionales\",\"Juli\u00e1n Gil\",\"Patricia Ramosco\",\"Redes Sociales\",\"Telenovelas\",\"televisi\u00f3n\",\"TV\",\"Viral en redes sociales\"],\"articleSection\":[\"Fama\"],\"inLanguage\":\"es\",\"potentialAction\":[{\"@type\":\"CommentAction\",\"name\":\"Comment\",\"target\":[\"https:\\\/\\\/digital58.com.ve\\\/site\\\/2020\\\/09\\\/02\\\/julian-gil-es-ingresado-de-emergencia-al-hospital-para-ser-operado\\\/#respond\"]}]},{\"@type\":\"WebPage\",\"@id\":\"https:\\\/\\\/digital58.com.ve\\\/site\\\/2020\\\/09\\\/02\\\/julian-gil-es-ingresado-de-emergencia-al-hospital-para-ser-operado\\\/\",\"url\":\"https:\\\/\\\/digital58.com.ve\\\/site\\\/2020\\\/09\\\/02\\\/julian-gil-es-ingresado-de-emergencia-al-hospital-para-ser-operado\\\/\",\"name\":\"Juli\u00e1n Gil es ingresado de emergencia al hospital, para ser operado\",\"isPartOf\":{\"@id\":\"https:\\\/\\\/digital58.com.ve\\\/site\\\/#website\"},\"primaryImageOfPage\":{\"@id\":\"https:\\\/\\\/digital58.com.ve\\\/site\\\/2020\\\/09\\\/02\\\/julian-gil-es-ingresado-de-emergencia-al-hospital-para-ser-operado\\\/#primaryimage\"},\"image\":{\"@id\":\"https:\\\/\\\/digital58.com.ve\\\/site\\\/2020\\\/09\\\/02\\\/julian-gil-es-ingresado-de-emergencia-al-hospital-para-ser-operado\\\/#primaryimage\"},\"thumbnailUrl\":\"https:\\\/\\\/digital58.com.ve\\\/site\\\/wp-content\\\/uploads\\\/2020\\\/09\\\/Julian-Gil.jpg\",\"datePublished\":\"2020-09-03T00:16:11+00:00\",\"description\":\"Fama\",\"breadcrumb\":{\"@id\":\"https:\\\/\\\/digital58.com.ve\\\/site\\\/2020\\\/09\\\/02\\\/julian-gil-es-ingresado-de-emergencia-al-hospital-para-ser-operado\\\/#breadcrumb\"},\"inLanguage\":\"es\",\"potentialAction\":[{\"@type\":\"ReadAction\",\"target\":[\"https:\\\/\\\/digital58.com.ve\\\/site\\\/2020\\\/09\\\/02\\\/julian-gil-es-ingresado-de-emergencia-al-hospital-para-ser-operado\\\/\"]}]},{\"@type\":\"ImageObject\",\"inLanguage\":\"es\",\"@id\":\"https:\\\/\\\/digital58.com.ve\\\/site\\\/2020\\\/09\\\/02\\\/julian-gil-es-ingresado-de-emergencia-al-hospital-para-ser-operado\\\/#primaryimage\",\"url\":\"https:\\\/\\\/digital58.com.ve\\\/site\\\/wp-content\\\/uploads\\\/2020\\\/09\\\/Julian-Gil.jpg\",\"contentUrl\":\"https:\\\/\\\/digital58.com.ve\\\/site\\\/wp-content\\\/uploads\\\/2020\\\/09\\\/Julian-Gil.jpg\",\"width\":800,\"height\":508},{\"@type\":\"BreadcrumbList\",\"@id\":\"https:\\\/\\\/digital58.com.ve\\\/site\\\/2020\\\/09\\\/02\\\/julian-gil-es-ingresado-de-emergencia-al-hospital-para-ser-operado\\\/#breadcrumb\",\"itemListElement\":[{\"@type\":\"ListItem\",\"position\":1,\"name\":\"Home\",\"item\":\"https:\\\/\\\/digital58.com.ve\\\/site\\\/\"},{\"@type\":\"ListItem\",\"position\":2,\"name\":\"Juli\u00e1n Gil es ingresado de emergencia al hospital, para ser operado\"}]},{\"@type\":\"WebSite\",\"@id\":\"https:\\\/\\\/digital58.com.ve\\\/site\\\/#website\",\"url\":\"https:\\\/\\\/digital58.com.ve\\\/site\\\/\",\"name\":\"Noticias Digital58\",\"description\":\"Portal de Noticias \u00a1Periodismo web de verdad! Lanzamiento web 22.11.2005 \\\/ Maracaibo, Venezuela\",\"publisher\":{\"@id\":\"https:\\\/\\\/digital58.com.ve\\\/site\\\/#\\\/schema\\\/person\\\/64d1c2e4d0d4fd1b849980c4331c2951\"},\"alternateName\":\"ND58\",\"potentialAction\":[{\"@type\":\"SearchAction\",\"target\":{\"@type\":\"EntryPoint\",\"urlTemplate\":\"https:\\\/\\\/digital58.com.ve\\\/site\\\/?s={search_term_string}\"},\"query-input\":{\"@type\":\"PropertyValueSpecification\",\"valueRequired\":true,\"valueName\":\"search_term_string\"}}],\"inLanguage\":\"es\"},{\"@type\":[\"Person\",\"Organization\"],\"@id\":\"https:\\\/\\\/digital58.com.ve\\\/site\\\/#\\\/schema\\\/person\\\/64d1c2e4d0d4fd1b849980c4331c2951\",\"name\":\"Villasmil Henry\",\"image\":{\"@type\":\"ImageObject\",\"inLanguage\":\"es\",\"@id\":\"https:\\\/\\\/secure.gravatar.com\\\/avatar\\\/bb0c4a2fcb7970138239f7e404ea75757b1b507b28b5ce4c53fbd62d797c5a7c?s=96&d=mm&r=g\",\"url\":\"https:\\\/\\\/secure.gravatar.com\\\/avatar\\\/bb0c4a2fcb7970138239f7e404ea75757b1b507b28b5ce4c53fbd62d797c5a7c?s=96&d=mm&r=g\",\"contentUrl\":\"https:\\\/\\\/secure.gravatar.com\\\/avatar\\\/bb0c4a2fcb7970138239f7e404ea75757b1b507b28b5ce4c53fbd62d797c5a7c?s=96&d=mm&r=g\",\"caption\":\"Villasmil Henry\"},\"logo\":{\"@id\":\"https:\\\/\\\/secure.gravatar.com\\\/avatar\\\/bb0c4a2fcb7970138239f7e404ea75757b1b507b28b5ce4c53fbd62d797c5a7c?s=96&d=mm&r=g\"},\"sameAs\":[\"http:\\\/\\\/www.henryvillasmil.com.ve\",\"https:\\\/\\\/www.instagram.com\\\/villasmilhfoto\\\/\",\"https:\\\/\\\/x.com\\\/https:\\\/\\\/twitter.com\\\/villasmilhfoto\"]},{\"@type\":\"Person\",\"@id\":\"https:\\\/\\\/digital58.com.ve\\\/site\\\/#\\\/schema\\\/person\\\/6672bab44ab958838204ebb2cb0e8d52\",\"name\":\"Rubio Laura Isabel\",\"image\":{\"@type\":\"ImageObject\",\"inLanguage\":\"es\",\"@id\":\"https:\\\/\\\/secure.gravatar.com\\\/avatar\\\/f7cc56b26fb0562df4488ff129a58c3c1a1bd264c9af5f313a9b1797fff1cfb9?s=96&d=mm&r=g\",\"url\":\"https:\\\/\\\/secure.gravatar.com\\\/avatar\\\/f7cc56b26fb0562df4488ff129a58c3c1a1bd264c9af5f313a9b1797fff1cfb9?s=96&d=mm&r=g\",\"contentUrl\":\"https:\\\/\\\/secure.gravatar.com\\\/avatar\\\/f7cc56b26fb0562df4488ff129a58c3c1a1bd264c9af5f313a9b1797fff1cfb9?s=96&d=mm&r=g\",\"caption\":\"Rubio Laura Isabel\"},\"url\":\"https:\\\/\\\/digital58.com.ve\\\/site\\\/author\\\/laurarubio\\\/\"}]}<\/script>\n<!-- \/ Yoast SEO plugin. -->","yoast_head_json":{"title":"Juli\u00e1n Gil es ingresado de emergencia al hospital, para ser operado","description":"Fama","robots":{"index":"index","follow":"follow","max-snippet":"max-snippet:-1","max-image-preview":"max-image-preview:large","max-video-preview":"max-video-preview:-1"},"canonical":"https:\/\/digital58.com.ve\/site\/2020\/09\/02\/julian-gil-es-ingresado-de-emergencia-al-hospital-para-ser-operado\/","og_locale":"es_ES","og_type":"article","og_title":"Juli\u00e1n Gil es ingresado de emergencia al hospital, para ser operado","og_description":"Fama","og_url":"https:\/\/digital58.com.ve\/site\/2020\/09\/02\/julian-gil-es-ingresado-de-emergencia-al-hospital-para-ser-operado\/","og_site_name":"Noticias Digital58","article_published_time":"2020-09-03T00:16:11+00:00","og_image":[{"width":1140,"height":724,"url":"https:\/\/digital58.com.ve\/site\/wp-content\/uploads\/2020\/09\/Julian-Gil.jpg","type":"image\/jpeg"}],"author":"Rubio Laura Isabel","twitter_card":"summary_large_image","twitter_creator":"@Digital_58","twitter_site":"@villasmilhfoto","twitter_misc":{"Escrito por":"Rubio Laura Isabel","Tiempo estimado de lectura":"1 minuto"},"schema":{"@context":"https:\/\/schema.org","@graph":[{"@type":"Article","@id":"https:\/\/digital58.com.ve\/site\/2020\/09\/02\/julian-gil-es-ingresado-de-emergencia-al-hospital-para-ser-operado\/#article","isPartOf":{"@id":"https:\/\/digital58.com.ve\/site\/2020\/09\/02\/julian-gil-es-ingresado-de-emergencia-al-hospital-para-ser-operado\/"},"author":{"name":"Rubio Laura Isabel","@id":"https:\/\/digital58.com.ve\/site\/#\/schema\/person\/6672bab44ab958838204ebb2cb0e8d52"},"headline":"Juli\u00e1n Gil es ingresado de emergencia al hospital, para ser operado","datePublished":"2020-09-03T00:16:11+00:00","mainEntityOfPage":{"@id":"https:\/\/digital58.com.ve\/site\/2020\/09\/02\/julian-gil-es-ingresado-de-emergencia-al-hospital-para-ser-operado\/"},"wordCount":279,"commentCount":0,"publisher":{"@id":"https:\/\/digital58.com.ve\/site\/#\/schema\/person\/64d1c2e4d0d4fd1b849980c4331c2951"},"image":{"@id":"https:\/\/digital58.com.ve\/site\/2020\/09\/02\/julian-gil-es-ingresado-de-emergencia-al-hospital-para-ser-operado\/#primaryimage"},"thumbnailUrl":"https:\/\/digital58.com.ve\/site\/wp-content\/uploads\/2020\/09\/Julian-Gil.jpg","keywords":["Actor","Far\u00e1ndula","Instagram","Internacionales","Juli\u00e1n Gil","Patricia Ramosco","Redes Sociales","Telenovelas","televisi\u00f3n","TV","Viral en redes sociales"],"articleSection":["Fama"],"inLanguage":"es","potentialAction":[{"@type":"CommentAction","name":"Comment","target":["https:\/\/digital58.com.ve\/site\/2020\/09\/02\/julian-gil-es-ingresado-de-emergencia-al-hospital-para-ser-operado\/#respond"]}]},{"@type":"WebPage","@id":"https:\/\/digital58.com.ve\/site\/2020\/09\/02\/julian-gil-es-ingresado-de-emergencia-al-hospital-para-ser-operado\/","url":"https:\/\/digital58.com.ve\/site\/2020\/09\/02\/julian-gil-es-ingresado-de-emergencia-al-hospital-para-ser-operado\/","name":"Juli\u00e1n Gil es ingresado de emergencia al hospital, para ser operado","isPartOf":{"@id":"https:\/\/digital58.com.ve\/site\/#website"},"primaryImageOfPage":{"@id":"https:\/\/digital58.com.ve\/site\/2020\/09\/02\/julian-gil-es-ingresado-de-emergencia-al-hospital-para-ser-operado\/#primaryimage"},"image":{"@id":"https:\/\/digital58.com.ve\/site\/2020\/09\/02\/julian-gil-es-ingresado-de-emergencia-al-hospital-para-ser-operado\/#primaryimage"},"thumbnailUrl":"https:\/\/digital58.com.ve\/site\/wp-content\/uploads\/2020\/09\/Julian-Gil.jpg","datePublished":"2020-09-03T00:16:11+00:00","description":"Fama","breadcrumb":{"@id":"https:\/\/digital58.com.ve\/site\/2020\/09\/02\/julian-gil-es-ingresado-de-emergencia-al-hospital-para-ser-operado\/#breadcrumb"},"inLanguage":"es","potentialAction":[{"@type":"ReadAction","target":["https:\/\/digital58.com.ve\/site\/2020\/09\/02\/julian-gil-es-ingresado-de-emergencia-al-hospital-para-ser-operado\/"]}]},{"@type":"ImageObject","inLanguage":"es","@id":"https:\/\/digital58.com.ve\/site\/2020\/09\/02\/julian-gil-es-ingresado-de-emergencia-al-hospital-para-ser-operado\/#primaryimage","url":"https:\/\/digital58.com.ve\/site\/wp-content\/uploads\/2020\/09\/Julian-Gil.jpg","contentUrl":"https:\/\/digital58.com.ve\/site\/wp-content\/uploads\/2020\/09\/Julian-Gil.jpg","width":800,"height":508},{"@type":"BreadcrumbList","@id":"https:\/\/digital58.com.ve\/site\/2020\/09\/02\/julian-gil-es-ingresado-de-emergencia-al-hospital-para-ser-operado\/#breadcrumb","itemListElement":[{"@type":"ListItem","position":1,"name":"Home","item":"https:\/\/digital58.com.ve\/site\/"},{"@type":"ListItem","position":2,"name":"Juli\u00e1n Gil es ingresado de emergencia al hospital, para ser operado"}]},{"@type":"WebSite","@id":"https:\/\/digital58.com.ve\/site\/#website","url":"https:\/\/digital58.com.ve\/site\/","name":"Noticias Digital58","description":"Portal de Noticias \u00a1Periodismo web de verdad! Lanzamiento web 22.11.2005 \/ Maracaibo, Venezuela","publisher":{"@id":"https:\/\/digital58.com.ve\/site\/#\/schema\/person\/64d1c2e4d0d4fd1b849980c4331c2951"},"alternateName":"ND58","potentialAction":[{"@type":"SearchAction","target":{"@type":"EntryPoint","urlTemplate":"https:\/\/digital58.com.ve\/site\/?s={search_term_string}"},"query-input":{"@type":"PropertyValueSpecification","valueRequired":true,"valueName":"search_term_string"}}],"inLanguage":"es"},{"@type":["Person","Organization"],"@id":"https:\/\/digital58.com.ve\/site\/#\/schema\/person\/64d1c2e4d0d4fd1b849980c4331c2951","name":"Villasmil Henry","image":{"@type":"ImageObject","inLanguage":"es","@id":"https:\/\/secure.gravatar.com\/avatar\/bb0c4a2fcb7970138239f7e404ea75757b1b507b28b5ce4c53fbd62d797c5a7c?s=96&d=mm&r=g","url":"https:\/\/secure.gravatar.com\/avatar\/bb0c4a2fcb7970138239f7e404ea75757b1b507b28b5ce4c53fbd62d797c5a7c?s=96&d=mm&r=g","contentUrl":"https:\/\/secure.gravatar.com\/avatar\/bb0c4a2fcb7970138239f7e404ea75757b1b507b28b5ce4c53fbd62d797c5a7c?s=96&d=mm&r=g","caption":"Villasmil Henry"},"logo":{"@id":"https:\/\/secure.gravatar.com\/avatar\/bb0c4a2fcb7970138239f7e404ea75757b1b507b28b5ce4c53fbd62d797c5a7c?s=96&d=mm&r=g"},"sameAs":["http:\/\/www.henryvillasmil.com.ve","https:\/\/www.instagram.com\/villasmilhfoto\/","https:\/\/x.com\/https:\/\/twitter.com\/villasmilhfoto"]},{"@type":"Person","@id":"https:\/\/digital58.com.ve\/site\/#\/schema\/person\/6672bab44ab958838204ebb2cb0e8d52","name":"Rubio Laura Isabel","image":{"@type":"ImageObject","inLanguage":"es","@id":"https:\/\/secure.gravatar.com\/avatar\/f7cc56b26fb0562df4488ff129a58c3c1a1bd264c9af5f313a9b1797fff1cfb9?s=96&d=mm&r=g","url":"https:\/\/secure.gravatar.com\/avatar\/f7cc56b26fb0562df4488ff129a58c3c1a1bd264c9af5f313a9b1797fff1cfb9?s=96&d=mm&r=g","contentUrl":"https:\/\/secure.gravatar.com\/avatar\/f7cc56b26fb0562df4488ff129a58c3c1a1bd264c9af5f313a9b1797fff1cfb9?s=96&d=mm&r=g","caption":"Rubio Laura Isabel"},"url":"https:\/\/digital58.com.ve\/site\/author\/laurarubio\/"}]}},"uagb_featured_image_src":{"full":["https:\/\/digital58.com.ve\/site\/wp-content\/uploads\/2020\/09\/Julian-Gil.jpg",800,508,false],"thumbnail":["https:\/\/digital58.com.ve\/site\/wp-content\/uploads\/2020\/09\/Julian-Gil-150x150.jpg",150,150,true],"medium":["https:\/\/digital58.com.ve\/site\/wp-content\/uploads\/2020\/09\/Julian-Gil-300x191.jpg",300,191,true],"medium_large":["https:\/\/digital58.com.ve\/site\/wp-content\/uploads\/2020\/09\/Julian-Gil-768x488.jpg",768,488,true],"large":["https:\/\/digital58.com.ve\/site\/wp-content\/uploads\/2020\/09\/Julian-Gil.jpg",800,508,false],"1536x1536":["https:\/\/digital58.com.ve\/site\/wp-content\/uploads\/2020\/09\/Julian-Gil.jpg",800,508,false],"2048x2048":["https:\/\/digital58.com.ve\/site\/wp-content\/uploads\/2020\/09\/Julian-Gil.jpg",800,508,false],"colormag-highlighted-post":["https:\/\/digital58.com.ve\/site\/wp-content\/uploads\/2020\/09\/Julian-Gil.jpg",392,249,false],"colormag-featured-post-medium":["https:\/\/digital58.com.ve\/site\/wp-content\/uploads\/2020\/09\/Julian-Gil.jpg",323,205,false],"colormag-featured-post-small":["https:\/\/digital58.com.ve\/site\/wp-content\/uploads\/2020\/09\/Julian-Gil.jpg",130,83,false],"colormag-featured-image":["https:\/\/digital58.com.ve\/site\/wp-content\/uploads\/2020\/09\/Julian-Gil.jpg",701,445,false],"colormag-default-news":["https:\/\/digital58.com.ve\/site\/wp-content\/uploads\/2020\/09\/Julian-Gil.jpg",150,95,false],"colormag-featured-image-large":["https:\/\/digital58.com.ve\/site\/wp-content\/uploads\/2020\/09\/Julian-Gil.jpg",800,508,false]},"uagb_author_info":{"display_name":"Rubio Laura Isabel","author_link":"https:\/\/digital58.com.ve\/site\/author\/laurarubio\/"},"uagb_comment_info":0,"uagb_excerpt":"La hermana del actor, a trav\u00e9s de su cuenta personal de Instagram Patria Ramosco, inform\u00f3 el estado de salud del","_links":{"self":[{"href":"https:\/\/digital58.com.ve\/site\/wp-json\/wp\/v2\/posts\/125918","targetHints":{"allow":["GET"]}}],"collection":[{"href":"https:\/\/digital58.com.ve\/site\/wp-json\/wp\/v2\/posts"}],"about":[{"href":"https:\/\/digital58.com.ve\/site\/wp-json\/wp\/v2\/types\/post"}],"author":[{"embeddable":true,"href":"https:\/\/digital58.com.ve\/site\/wp-json\/wp\/v2\/users\/28"}],"replies":[{"embeddable":true,"href":"https:\/\/digital58.com.ve\/site\/wp-json\/wp\/v2\/comments?post=125918"}],"version-history":[{"count":0,"href":"https:\/\/digital58.com.ve\/site\/wp-json\/wp\/v2\/posts\/125918\/revisions"}],"wp:featuredmedia":[{"embeddable":true,"href":"https:\/\/digital58.com.ve\/site\/wp-json\/wp\/v2\/media\/125923"}],"wp:attachment":[{"href":"https:\/\/digital58.com.ve\/site\/wp-json\/wp\/v2\/media?parent=125918"}],"wp:term":[{"taxonomy":"category","embeddable":true,"href":"https:\/\/digital58.com.ve\/site\/wp-json\/wp\/v2\/categories?post=125918"},{"taxonomy":"post_tag","embeddable":true,"href":"https:\/\/digital58.com.ve\/site\/wp-json\/wp\/v2\/tags?post=125918"}],"curies":[{"name":"wp","href":"https:\/\/api.w.org\/{rel}","templated":true}]}}