{"id":126121,"date":"2020-09-05T20:58:52","date_gmt":"2020-09-06T00:58:52","guid":{"rendered":"https:\/\/digital58.com.ve\/site\/?p=126121"},"modified":"2020-09-05T20:58:52","modified_gmt":"2020-09-06T00:58:52","slug":"marlene-de-andrade-se-convierte-en-la-nueva-presidenta-de-tves","status":"publish","type":"post","link":"https:\/\/digital58.com.ve\/site\/2020\/09\/05\/marlene-de-andrade-se-convierte-en-la-nueva-presidenta-de-tves\/","title":{"rendered":"Marlene De Andrade se convierte en la nueva presidenta de TVes"},"content":{"rendered":"<p><img loading=\"lazy\" decoding=\"async\" class=\"alignnone size-full wp-image-126358\" src=\"https:\/\/digital58.com.ve\/site\/wp-content\/uploads\/2020\/09\/Marlene-de-Andrade-Maduro-Tves.jpg\" alt=\"\" width=\"1200\" height=\"833\" srcset=\"https:\/\/digital58.com.ve\/site\/wp-content\/uploads\/2020\/09\/Marlene-de-Andrade-Maduro-Tves.jpg 800w, https:\/\/digital58.com.ve\/site\/wp-content\/uploads\/2020\/09\/Marlene-de-Andrade-Maduro-Tves-300x208.jpg 300w, https:\/\/digital58.com.ve\/site\/wp-content\/uploads\/2020\/09\/Marlene-de-Andrade-Maduro-Tves-768x533.jpg 768w\" sizes=\"auto, (max-width: 1200px) 100vw, 1200px\" \/><\/p>\r\n\r\n<p>&nbsp;<\/p>\r\n<p>La actriz venezolana ser\u00e1 la sustituta del cargo que anteriormente ocupaba su pareja el animador y tambi\u00e9n actor Winston Vallenilla desde el 2014, ambos han manifestado su apoy\u00f3 al actual gobierno venezolano.<br \/><br \/><strong>Caracas DC, Venezuela, 5 de septiembre (ND58).-<\/strong> El mandatario nacional Nicol\u00e1s Maduro, anunci\u00f3 este s\u00e1bado que la modelo, animadora y actriz venezolana Marlene De Andrade, ser\u00eda la nueva presidente del canal oficialista TVes. La criolla sustituir\u00e1 a su actual pareja Winston Valenilla, e igualmente fue la responsable de comunicar la noticia, mediante la red social Twitter, para manifestar su agradecimiento al presidente Nicol\u00e1s Maduro.<\/p>\r\n<p>\u00abMe honra con su designaci\u00f3n como presidenta del canal TVes\u00bb, relat\u00f3 Marlene de Andrade y agreg\u00f3: \u00abSeguir\u00e9 construyendo esta ventana de entretenimiento para la Familia Venezolana en estos tiempos donde tanto lo necesita. Cuente usted con mi compromiso y lealtad al servicio de la Patria\u00bb.<\/p>\r\n<p>Por otro lado el gobierno nacional tambi\u00e9n inform\u00f3 que la actriz Susej Vera ser\u00eda la nueva presidente de la Casa del Artista, sustituyendo a Roberto Messuti, qui\u00e9n actualmente se lanz\u00f3 a candidato en las elecciones parlamentarias del 6 de diciembre.<\/p>\r\n<p>Incluso, tambi\u00e9n se anunci\u00f3 que Tibisay Lucena, ex presidenta del Centro Nacional Electoral (CNE), ser\u00e1 la nueva rectora de la Unearte, sustituyendo el cargo de la casa de estudios de Alejandrina Reyes.<\/p><div class=\"kgdgx69f32239b9e9a\" ><p style=\"text-align: center;\"><a href=\"https:\/\/t.me\/noticiasdigital58\" target=\"_blank\" rel=\"noopener\"><img class=\"aligncenter size-full wp-image-125363\" src=\"https:\/\/digital58.com.ve\/site\/wp-content\/uploads\/2021\/04\/banner-telegram-web-2021.png\" alt=\"\" width=\"600\" height=\"90\" \/><\/a><\/p><\/div><style type=\"text\/css\">\r\n@media screen and (min-width: 1201px) {\r\n.kgdgx69f32239b9e9a {\r\ndisplay: block;\r\n}\r\n}\r\n@media screen and (min-width: 993px) and (max-width: 1200px) {\r\n.kgdgx69f32239b9e9a {\r\ndisplay: block;\r\n}\r\n}\r\n@media screen and (min-width: 769px) and (max-width: 992px) {\r\n.kgdgx69f32239b9e9a {\r\ndisplay: block;\r\n}\r\n}\r\n@media screen and (min-width: 768px) and (max-width: 768px) {\r\n.kgdgx69f32239b9e9a {\r\ndisplay: block;\r\n}\r\n}\r\n@media screen and (max-width: 767px) {\r\n.kgdgx69f32239b9e9a {\r\ndisplay: block;\r\n}\r\n}\r\n<\/style>\r\n\r\n<p><strong>Redacci\u00f3n: Rubio, Laura Isabel (@lauraisabelrubio) | Fuente: El Nacional<\/strong><br \/><strong>Edici\u00f3n: Villasmil, Henry<\/strong><br \/><strong>Gr\u00e1ficas: Cortes\u00eda<\/strong><\/p>\r\n<div style=\"margin-top: 0px; margin-bottom: 0px;\" class=\"sharethis-inline-share-buttons\" ><\/div>","protected":false},"excerpt":{"rendered":"<p>&nbsp; La actriz venezolana ser\u00e1 la sustituta del cargo que anteriormente ocupaba su pareja el animador y tambi\u00e9n actor Winston<\/p>\n","protected":false},"author":28,"featured_media":126358,"comment_status":"open","ping_status":"closed","sticky":false,"template":"","format":"standard","meta":{"colormag_page_container_layout":"default_layout","colormag_page_sidebar_layout":"default_layout","_uag_custom_page_level_css":"","footnotes":""},"categories":[1],"tags":[829,29,8942,50,273,18223,233,248,5847,11123,4132,378,32],"class_list":["post-126121","post","type-post","status-publish","format-standard","has-post-thumbnail","hentry","category-fama","tag-actriz","tag-caracas","tag-dc","tag-entretenimiento","tag-farandula","tag-marlene-de-andrade","tag-nacionales","tag-redes-sociales","tag-television","tag-television-nacional","tag-tves","tag-twitter","tag-venezuela"],"yoast_head":"<!-- This site is optimized with the Yoast SEO plugin v27.5 - https:\/\/yoast.com\/product\/yoast-seo-wordpress\/ -->\n<title>Marlene De Andrade se convierte en la nueva presidenta de TVes<\/title>\n<meta name=\"description\" content=\"Fama\" \/>\n<meta name=\"robots\" content=\"index, follow, max-snippet:-1, max-image-preview:large, max-video-preview:-1\" \/>\n<link rel=\"canonical\" href=\"https:\/\/digital58.com.ve\/site\/2020\/09\/05\/marlene-de-andrade-se-convierte-en-la-nueva-presidenta-de-tves\/\" \/>\n<meta property=\"og:locale\" content=\"es_ES\" \/>\n<meta property=\"og:type\" content=\"article\" \/>\n<meta property=\"og:title\" content=\"Marlene De Andrade se convierte en la nueva presidenta de TVes\" \/>\n<meta property=\"og:description\" content=\"Fama\" \/>\n<meta property=\"og:url\" content=\"https:\/\/digital58.com.ve\/site\/2020\/09\/05\/marlene-de-andrade-se-convierte-en-la-nueva-presidenta-de-tves\/\" \/>\n<meta property=\"og:site_name\" content=\"Noticias Digital58\" \/>\n<meta property=\"article:published_time\" content=\"2020-09-06T00:58:52+00:00\" \/>\n<meta property=\"og:image\" content=\"https:\/\/digital58.com.ve\/site\/wp-content\/uploads\/2020\/09\/Marlene-de-Andrade-Maduro-Tves.jpg\" \/>\n\t<meta property=\"og:image:width\" content=\"1200\" \/>\n\t<meta property=\"og:image:height\" content=\"833\" \/>\n\t<meta property=\"og:image:type\" content=\"image\/jpeg\" \/>\n<meta name=\"author\" content=\"Rubio Laura Isabel\" \/>\n<meta name=\"twitter:card\" content=\"summary_large_image\" \/>\n<meta name=\"twitter:creator\" content=\"@Digital_58\" \/>\n<meta name=\"twitter:site\" content=\"@villasmilhfoto\" \/>\n<meta name=\"twitter:label1\" content=\"Escrito por\" \/>\n\t<meta name=\"twitter:data1\" content=\"Rubio Laura Isabel\" \/>\n\t<meta name=\"twitter:label2\" content=\"Tiempo estimado de lectura\" \/>\n\t<meta name=\"twitter:data2\" content=\"1 minuto\" \/>\n<script type=\"application\/ld+json\" class=\"yoast-schema-graph\">{\"@context\":\"https:\\\/\\\/schema.org\",\"@graph\":[{\"@type\":\"Article\",\"@id\":\"https:\\\/\\\/digital58.com.ve\\\/site\\\/2020\\\/09\\\/05\\\/marlene-de-andrade-se-convierte-en-la-nueva-presidenta-de-tves\\\/#article\",\"isPartOf\":{\"@id\":\"https:\\\/\\\/digital58.com.ve\\\/site\\\/2020\\\/09\\\/05\\\/marlene-de-andrade-se-convierte-en-la-nueva-presidenta-de-tves\\\/\"},\"author\":{\"name\":\"Rubio Laura Isabel\",\"@id\":\"https:\\\/\\\/digital58.com.ve\\\/site\\\/#\\\/schema\\\/person\\\/6672bab44ab958838204ebb2cb0e8d52\"},\"headline\":\"Marlene De Andrade se convierte en la nueva presidenta de TVes\",\"datePublished\":\"2020-09-06T00:58:52+00:00\",\"mainEntityOfPage\":{\"@id\":\"https:\\\/\\\/digital58.com.ve\\\/site\\\/2020\\\/09\\\/05\\\/marlene-de-andrade-se-convierte-en-la-nueva-presidenta-de-tves\\\/\"},\"wordCount\":250,\"commentCount\":0,\"publisher\":{\"@id\":\"https:\\\/\\\/digital58.com.ve\\\/site\\\/#\\\/schema\\\/person\\\/64d1c2e4d0d4fd1b849980c4331c2951\"},\"image\":{\"@id\":\"https:\\\/\\\/digital58.com.ve\\\/site\\\/2020\\\/09\\\/05\\\/marlene-de-andrade-se-convierte-en-la-nueva-presidenta-de-tves\\\/#primaryimage\"},\"thumbnailUrl\":\"https:\\\/\\\/digital58.com.ve\\\/site\\\/wp-content\\\/uploads\\\/2020\\\/09\\\/Marlene-de-Andrade-Maduro-Tves.jpg\",\"keywords\":[\"Actriz\",\"Caracas\",\"DC\",\"Entretenimiento\",\"Far\u00e1ndula\",\"Marlene de Andrade\",\"Nacionales\",\"Redes Sociales\",\"televisi\u00f3n\",\"televisi\u00f3n nacional\",\"Tves\",\"Twitter\",\"Venezuela\"],\"articleSection\":[\"Fama\"],\"inLanguage\":\"es\",\"potentialAction\":[{\"@type\":\"CommentAction\",\"name\":\"Comment\",\"target\":[\"https:\\\/\\\/digital58.com.ve\\\/site\\\/2020\\\/09\\\/05\\\/marlene-de-andrade-se-convierte-en-la-nueva-presidenta-de-tves\\\/#respond\"]}]},{\"@type\":\"WebPage\",\"@id\":\"https:\\\/\\\/digital58.com.ve\\\/site\\\/2020\\\/09\\\/05\\\/marlene-de-andrade-se-convierte-en-la-nueva-presidenta-de-tves\\\/\",\"url\":\"https:\\\/\\\/digital58.com.ve\\\/site\\\/2020\\\/09\\\/05\\\/marlene-de-andrade-se-convierte-en-la-nueva-presidenta-de-tves\\\/\",\"name\":\"Marlene De Andrade se convierte en la nueva presidenta de TVes\",\"isPartOf\":{\"@id\":\"https:\\\/\\\/digital58.com.ve\\\/site\\\/#website\"},\"primaryImageOfPage\":{\"@id\":\"https:\\\/\\\/digital58.com.ve\\\/site\\\/2020\\\/09\\\/05\\\/marlene-de-andrade-se-convierte-en-la-nueva-presidenta-de-tves\\\/#primaryimage\"},\"image\":{\"@id\":\"https:\\\/\\\/digital58.com.ve\\\/site\\\/2020\\\/09\\\/05\\\/marlene-de-andrade-se-convierte-en-la-nueva-presidenta-de-tves\\\/#primaryimage\"},\"thumbnailUrl\":\"https:\\\/\\\/digital58.com.ve\\\/site\\\/wp-content\\\/uploads\\\/2020\\\/09\\\/Marlene-de-Andrade-Maduro-Tves.jpg\",\"datePublished\":\"2020-09-06T00:58:52+00:00\",\"description\":\"Fama\",\"breadcrumb\":{\"@id\":\"https:\\\/\\\/digital58.com.ve\\\/site\\\/2020\\\/09\\\/05\\\/marlene-de-andrade-se-convierte-en-la-nueva-presidenta-de-tves\\\/#breadcrumb\"},\"inLanguage\":\"es\",\"potentialAction\":[{\"@type\":\"ReadAction\",\"target\":[\"https:\\\/\\\/digital58.com.ve\\\/site\\\/2020\\\/09\\\/05\\\/marlene-de-andrade-se-convierte-en-la-nueva-presidenta-de-tves\\\/\"]}]},{\"@type\":\"ImageObject\",\"inLanguage\":\"es\",\"@id\":\"https:\\\/\\\/digital58.com.ve\\\/site\\\/2020\\\/09\\\/05\\\/marlene-de-andrade-se-convierte-en-la-nueva-presidenta-de-tves\\\/#primaryimage\",\"url\":\"https:\\\/\\\/digital58.com.ve\\\/site\\\/wp-content\\\/uploads\\\/2020\\\/09\\\/Marlene-de-Andrade-Maduro-Tves.jpg\",\"contentUrl\":\"https:\\\/\\\/digital58.com.ve\\\/site\\\/wp-content\\\/uploads\\\/2020\\\/09\\\/Marlene-de-Andrade-Maduro-Tves.jpg\",\"width\":800,\"height\":555},{\"@type\":\"BreadcrumbList\",\"@id\":\"https:\\\/\\\/digital58.com.ve\\\/site\\\/2020\\\/09\\\/05\\\/marlene-de-andrade-se-convierte-en-la-nueva-presidenta-de-tves\\\/#breadcrumb\",\"itemListElement\":[{\"@type\":\"ListItem\",\"position\":1,\"name\":\"Home\",\"item\":\"https:\\\/\\\/digital58.com.ve\\\/site\\\/\"},{\"@type\":\"ListItem\",\"position\":2,\"name\":\"Marlene De Andrade se convierte en la nueva presidenta de TVes\"}]},{\"@type\":\"WebSite\",\"@id\":\"https:\\\/\\\/digital58.com.ve\\\/site\\\/#website\",\"url\":\"https:\\\/\\\/digital58.com.ve\\\/site\\\/\",\"name\":\"Noticias Digital58\",\"description\":\"Portal de Noticias \u00a1Periodismo web de verdad! Lanzamiento web 22.11.2005 \\\/ Maracaibo, Venezuela\",\"publisher\":{\"@id\":\"https:\\\/\\\/digital58.com.ve\\\/site\\\/#\\\/schema\\\/person\\\/64d1c2e4d0d4fd1b849980c4331c2951\"},\"alternateName\":\"ND58\",\"potentialAction\":[{\"@type\":\"SearchAction\",\"target\":{\"@type\":\"EntryPoint\",\"urlTemplate\":\"https:\\\/\\\/digital58.com.ve\\\/site\\\/?s={search_term_string}\"},\"query-input\":{\"@type\":\"PropertyValueSpecification\",\"valueRequired\":true,\"valueName\":\"search_term_string\"}}],\"inLanguage\":\"es\"},{\"@type\":[\"Person\",\"Organization\"],\"@id\":\"https:\\\/\\\/digital58.com.ve\\\/site\\\/#\\\/schema\\\/person\\\/64d1c2e4d0d4fd1b849980c4331c2951\",\"name\":\"Villasmil Henry\",\"image\":{\"@type\":\"ImageObject\",\"inLanguage\":\"es\",\"@id\":\"https:\\\/\\\/secure.gravatar.com\\\/avatar\\\/bb0c4a2fcb7970138239f7e404ea75757b1b507b28b5ce4c53fbd62d797c5a7c?s=96&d=mm&r=g\",\"url\":\"https:\\\/\\\/secure.gravatar.com\\\/avatar\\\/bb0c4a2fcb7970138239f7e404ea75757b1b507b28b5ce4c53fbd62d797c5a7c?s=96&d=mm&r=g\",\"contentUrl\":\"https:\\\/\\\/secure.gravatar.com\\\/avatar\\\/bb0c4a2fcb7970138239f7e404ea75757b1b507b28b5ce4c53fbd62d797c5a7c?s=96&d=mm&r=g\",\"caption\":\"Villasmil Henry\"},\"logo\":{\"@id\":\"https:\\\/\\\/secure.gravatar.com\\\/avatar\\\/bb0c4a2fcb7970138239f7e404ea75757b1b507b28b5ce4c53fbd62d797c5a7c?s=96&d=mm&r=g\"},\"sameAs\":[\"http:\\\/\\\/www.henryvillasmil.com.ve\",\"https:\\\/\\\/www.instagram.com\\\/villasmilhfoto\\\/\",\"https:\\\/\\\/x.com\\\/https:\\\/\\\/twitter.com\\\/villasmilhfoto\"]},{\"@type\":\"Person\",\"@id\":\"https:\\\/\\\/digital58.com.ve\\\/site\\\/#\\\/schema\\\/person\\\/6672bab44ab958838204ebb2cb0e8d52\",\"name\":\"Rubio Laura Isabel\",\"image\":{\"@type\":\"ImageObject\",\"inLanguage\":\"es\",\"@id\":\"https:\\\/\\\/secure.gravatar.com\\\/avatar\\\/f7cc56b26fb0562df4488ff129a58c3c1a1bd264c9af5f313a9b1797fff1cfb9?s=96&d=mm&r=g\",\"url\":\"https:\\\/\\\/secure.gravatar.com\\\/avatar\\\/f7cc56b26fb0562df4488ff129a58c3c1a1bd264c9af5f313a9b1797fff1cfb9?s=96&d=mm&r=g\",\"contentUrl\":\"https:\\\/\\\/secure.gravatar.com\\\/avatar\\\/f7cc56b26fb0562df4488ff129a58c3c1a1bd264c9af5f313a9b1797fff1cfb9?s=96&d=mm&r=g\",\"caption\":\"Rubio Laura Isabel\"},\"url\":\"https:\\\/\\\/digital58.com.ve\\\/site\\\/author\\\/laurarubio\\\/\"}]}<\/script>\n<!-- \/ Yoast SEO plugin. -->","yoast_head_json":{"title":"Marlene De Andrade se convierte en la nueva presidenta de TVes","description":"Fama","robots":{"index":"index","follow":"follow","max-snippet":"max-snippet:-1","max-image-preview":"max-image-preview:large","max-video-preview":"max-video-preview:-1"},"canonical":"https:\/\/digital58.com.ve\/site\/2020\/09\/05\/marlene-de-andrade-se-convierte-en-la-nueva-presidenta-de-tves\/","og_locale":"es_ES","og_type":"article","og_title":"Marlene De Andrade se convierte en la nueva presidenta de TVes","og_description":"Fama","og_url":"https:\/\/digital58.com.ve\/site\/2020\/09\/05\/marlene-de-andrade-se-convierte-en-la-nueva-presidenta-de-tves\/","og_site_name":"Noticias Digital58","article_published_time":"2020-09-06T00:58:52+00:00","og_image":[{"width":1200,"height":833,"url":"https:\/\/digital58.com.ve\/site\/wp-content\/uploads\/2020\/09\/Marlene-de-Andrade-Maduro-Tves.jpg","type":"image\/jpeg"}],"author":"Rubio Laura Isabel","twitter_card":"summary_large_image","twitter_creator":"@Digital_58","twitter_site":"@villasmilhfoto","twitter_misc":{"Escrito por":"Rubio Laura Isabel","Tiempo estimado de lectura":"1 minuto"},"schema":{"@context":"https:\/\/schema.org","@graph":[{"@type":"Article","@id":"https:\/\/digital58.com.ve\/site\/2020\/09\/05\/marlene-de-andrade-se-convierte-en-la-nueva-presidenta-de-tves\/#article","isPartOf":{"@id":"https:\/\/digital58.com.ve\/site\/2020\/09\/05\/marlene-de-andrade-se-convierte-en-la-nueva-presidenta-de-tves\/"},"author":{"name":"Rubio Laura Isabel","@id":"https:\/\/digital58.com.ve\/site\/#\/schema\/person\/6672bab44ab958838204ebb2cb0e8d52"},"headline":"Marlene De Andrade se convierte en la nueva presidenta de TVes","datePublished":"2020-09-06T00:58:52+00:00","mainEntityOfPage":{"@id":"https:\/\/digital58.com.ve\/site\/2020\/09\/05\/marlene-de-andrade-se-convierte-en-la-nueva-presidenta-de-tves\/"},"wordCount":250,"commentCount":0,"publisher":{"@id":"https:\/\/digital58.com.ve\/site\/#\/schema\/person\/64d1c2e4d0d4fd1b849980c4331c2951"},"image":{"@id":"https:\/\/digital58.com.ve\/site\/2020\/09\/05\/marlene-de-andrade-se-convierte-en-la-nueva-presidenta-de-tves\/#primaryimage"},"thumbnailUrl":"https:\/\/digital58.com.ve\/site\/wp-content\/uploads\/2020\/09\/Marlene-de-Andrade-Maduro-Tves.jpg","keywords":["Actriz","Caracas","DC","Entretenimiento","Far\u00e1ndula","Marlene de Andrade","Nacionales","Redes Sociales","televisi\u00f3n","televisi\u00f3n nacional","Tves","Twitter","Venezuela"],"articleSection":["Fama"],"inLanguage":"es","potentialAction":[{"@type":"CommentAction","name":"Comment","target":["https:\/\/digital58.com.ve\/site\/2020\/09\/05\/marlene-de-andrade-se-convierte-en-la-nueva-presidenta-de-tves\/#respond"]}]},{"@type":"WebPage","@id":"https:\/\/digital58.com.ve\/site\/2020\/09\/05\/marlene-de-andrade-se-convierte-en-la-nueva-presidenta-de-tves\/","url":"https:\/\/digital58.com.ve\/site\/2020\/09\/05\/marlene-de-andrade-se-convierte-en-la-nueva-presidenta-de-tves\/","name":"Marlene De Andrade se convierte en la nueva presidenta de TVes","isPartOf":{"@id":"https:\/\/digital58.com.ve\/site\/#website"},"primaryImageOfPage":{"@id":"https:\/\/digital58.com.ve\/site\/2020\/09\/05\/marlene-de-andrade-se-convierte-en-la-nueva-presidenta-de-tves\/#primaryimage"},"image":{"@id":"https:\/\/digital58.com.ve\/site\/2020\/09\/05\/marlene-de-andrade-se-convierte-en-la-nueva-presidenta-de-tves\/#primaryimage"},"thumbnailUrl":"https:\/\/digital58.com.ve\/site\/wp-content\/uploads\/2020\/09\/Marlene-de-Andrade-Maduro-Tves.jpg","datePublished":"2020-09-06T00:58:52+00:00","description":"Fama","breadcrumb":{"@id":"https:\/\/digital58.com.ve\/site\/2020\/09\/05\/marlene-de-andrade-se-convierte-en-la-nueva-presidenta-de-tves\/#breadcrumb"},"inLanguage":"es","potentialAction":[{"@type":"ReadAction","target":["https:\/\/digital58.com.ve\/site\/2020\/09\/05\/marlene-de-andrade-se-convierte-en-la-nueva-presidenta-de-tves\/"]}]},{"@type":"ImageObject","inLanguage":"es","@id":"https:\/\/digital58.com.ve\/site\/2020\/09\/05\/marlene-de-andrade-se-convierte-en-la-nueva-presidenta-de-tves\/#primaryimage","url":"https:\/\/digital58.com.ve\/site\/wp-content\/uploads\/2020\/09\/Marlene-de-Andrade-Maduro-Tves.jpg","contentUrl":"https:\/\/digital58.com.ve\/site\/wp-content\/uploads\/2020\/09\/Marlene-de-Andrade-Maduro-Tves.jpg","width":800,"height":555},{"@type":"BreadcrumbList","@id":"https:\/\/digital58.com.ve\/site\/2020\/09\/05\/marlene-de-andrade-se-convierte-en-la-nueva-presidenta-de-tves\/#breadcrumb","itemListElement":[{"@type":"ListItem","position":1,"name":"Home","item":"https:\/\/digital58.com.ve\/site\/"},{"@type":"ListItem","position":2,"name":"Marlene De Andrade se convierte en la nueva presidenta de TVes"}]},{"@type":"WebSite","@id":"https:\/\/digital58.com.ve\/site\/#website","url":"https:\/\/digital58.com.ve\/site\/","name":"Noticias Digital58","description":"Portal de Noticias \u00a1Periodismo web de verdad! Lanzamiento web 22.11.2005 \/ Maracaibo, Venezuela","publisher":{"@id":"https:\/\/digital58.com.ve\/site\/#\/schema\/person\/64d1c2e4d0d4fd1b849980c4331c2951"},"alternateName":"ND58","potentialAction":[{"@type":"SearchAction","target":{"@type":"EntryPoint","urlTemplate":"https:\/\/digital58.com.ve\/site\/?s={search_term_string}"},"query-input":{"@type":"PropertyValueSpecification","valueRequired":true,"valueName":"search_term_string"}}],"inLanguage":"es"},{"@type":["Person","Organization"],"@id":"https:\/\/digital58.com.ve\/site\/#\/schema\/person\/64d1c2e4d0d4fd1b849980c4331c2951","name":"Villasmil Henry","image":{"@type":"ImageObject","inLanguage":"es","@id":"https:\/\/secure.gravatar.com\/avatar\/bb0c4a2fcb7970138239f7e404ea75757b1b507b28b5ce4c53fbd62d797c5a7c?s=96&d=mm&r=g","url":"https:\/\/secure.gravatar.com\/avatar\/bb0c4a2fcb7970138239f7e404ea75757b1b507b28b5ce4c53fbd62d797c5a7c?s=96&d=mm&r=g","contentUrl":"https:\/\/secure.gravatar.com\/avatar\/bb0c4a2fcb7970138239f7e404ea75757b1b507b28b5ce4c53fbd62d797c5a7c?s=96&d=mm&r=g","caption":"Villasmil Henry"},"logo":{"@id":"https:\/\/secure.gravatar.com\/avatar\/bb0c4a2fcb7970138239f7e404ea75757b1b507b28b5ce4c53fbd62d797c5a7c?s=96&d=mm&r=g"},"sameAs":["http:\/\/www.henryvillasmil.com.ve","https:\/\/www.instagram.com\/villasmilhfoto\/","https:\/\/x.com\/https:\/\/twitter.com\/villasmilhfoto"]},{"@type":"Person","@id":"https:\/\/digital58.com.ve\/site\/#\/schema\/person\/6672bab44ab958838204ebb2cb0e8d52","name":"Rubio Laura Isabel","image":{"@type":"ImageObject","inLanguage":"es","@id":"https:\/\/secure.gravatar.com\/avatar\/f7cc56b26fb0562df4488ff129a58c3c1a1bd264c9af5f313a9b1797fff1cfb9?s=96&d=mm&r=g","url":"https:\/\/secure.gravatar.com\/avatar\/f7cc56b26fb0562df4488ff129a58c3c1a1bd264c9af5f313a9b1797fff1cfb9?s=96&d=mm&r=g","contentUrl":"https:\/\/secure.gravatar.com\/avatar\/f7cc56b26fb0562df4488ff129a58c3c1a1bd264c9af5f313a9b1797fff1cfb9?s=96&d=mm&r=g","caption":"Rubio Laura Isabel"},"url":"https:\/\/digital58.com.ve\/site\/author\/laurarubio\/"}]}},"uagb_featured_image_src":{"full":["https:\/\/digital58.com.ve\/site\/wp-content\/uploads\/2020\/09\/Marlene-de-Andrade-Maduro-Tves.jpg",800,555,false],"thumbnail":["https:\/\/digital58.com.ve\/site\/wp-content\/uploads\/2020\/09\/Marlene-de-Andrade-Maduro-Tves-150x150.jpg",150,150,true],"medium":["https:\/\/digital58.com.ve\/site\/wp-content\/uploads\/2020\/09\/Marlene-de-Andrade-Maduro-Tves-300x208.jpg",300,208,true],"medium_large":["https:\/\/digital58.com.ve\/site\/wp-content\/uploads\/2020\/09\/Marlene-de-Andrade-Maduro-Tves-768x533.jpg",768,533,true],"large":["https:\/\/digital58.com.ve\/site\/wp-content\/uploads\/2020\/09\/Marlene-de-Andrade-Maduro-Tves.jpg",800,555,false],"1536x1536":["https:\/\/digital58.com.ve\/site\/wp-content\/uploads\/2020\/09\/Marlene-de-Andrade-Maduro-Tves.jpg",800,555,false],"2048x2048":["https:\/\/digital58.com.ve\/site\/wp-content\/uploads\/2020\/09\/Marlene-de-Andrade-Maduro-Tves.jpg",800,555,false],"colormag-highlighted-post":["https:\/\/digital58.com.ve\/site\/wp-content\/uploads\/2020\/09\/Marlene-de-Andrade-Maduro-Tves.jpg",392,272,false],"colormag-featured-post-medium":["https:\/\/digital58.com.ve\/site\/wp-content\/uploads\/2020\/09\/Marlene-de-Andrade-Maduro-Tves.jpg",295,205,false],"colormag-featured-post-small":["https:\/\/digital58.com.ve\/site\/wp-content\/uploads\/2020\/09\/Marlene-de-Andrade-Maduro-Tves.jpg",130,90,false],"colormag-featured-image":["https:\/\/digital58.com.ve\/site\/wp-content\/uploads\/2020\/09\/Marlene-de-Andrade-Maduro-Tves.jpg",641,445,false],"colormag-default-news":["https:\/\/digital58.com.ve\/site\/wp-content\/uploads\/2020\/09\/Marlene-de-Andrade-Maduro-Tves.jpg",150,104,false],"colormag-featured-image-large":["https:\/\/digital58.com.ve\/site\/wp-content\/uploads\/2020\/09\/Marlene-de-Andrade-Maduro-Tves.jpg",800,555,false]},"uagb_author_info":{"display_name":"Rubio Laura Isabel","author_link":"https:\/\/digital58.com.ve\/site\/author\/laurarubio\/"},"uagb_comment_info":0,"uagb_excerpt":"&nbsp; La actriz venezolana ser\u00e1 la sustituta del cargo que anteriormente ocupaba su pareja el animador y tambi\u00e9n actor Winston","_links":{"self":[{"href":"https:\/\/digital58.com.ve\/site\/wp-json\/wp\/v2\/posts\/126121","targetHints":{"allow":["GET"]}}],"collection":[{"href":"https:\/\/digital58.com.ve\/site\/wp-json\/wp\/v2\/posts"}],"about":[{"href":"https:\/\/digital58.com.ve\/site\/wp-json\/wp\/v2\/types\/post"}],"author":[{"embeddable":true,"href":"https:\/\/digital58.com.ve\/site\/wp-json\/wp\/v2\/users\/28"}],"replies":[{"embeddable":true,"href":"https:\/\/digital58.com.ve\/site\/wp-json\/wp\/v2\/comments?post=126121"}],"version-history":[{"count":0,"href":"https:\/\/digital58.com.ve\/site\/wp-json\/wp\/v2\/posts\/126121\/revisions"}],"wp:featuredmedia":[{"embeddable":true,"href":"https:\/\/digital58.com.ve\/site\/wp-json\/wp\/v2\/media\/126358"}],"wp:attachment":[{"href":"https:\/\/digital58.com.ve\/site\/wp-json\/wp\/v2\/media?parent=126121"}],"wp:term":[{"taxonomy":"category","embeddable":true,"href":"https:\/\/digital58.com.ve\/site\/wp-json\/wp\/v2\/categories?post=126121"},{"taxonomy":"post_tag","embeddable":true,"href":"https:\/\/digital58.com.ve\/site\/wp-json\/wp\/v2\/tags?post=126121"}],"curies":[{"name":"wp","href":"https:\/\/api.w.org\/{rel}","templated":true}]}}