{"id":127027,"date":"2020-09-11T08:40:46","date_gmt":"2020-09-11T12:40:46","guid":{"rendered":"https:\/\/digital58.com.ve\/site\/?p=127027"},"modified":"2020-09-11T08:45:17","modified_gmt":"2020-09-11T12:45:17","slug":"pablo-el-panda-sandoval-es-colocado-en-asignacion-por-los-gigantes-de-san-francisco","status":"publish","type":"post","link":"https:\/\/digital58.com.ve\/site\/2020\/09\/11\/pablo-el-panda-sandoval-es-colocado-en-asignacion-por-los-gigantes-de-san-francisco\/","title":{"rendered":"Pablo \u00abEl Panda\u00bb Sandoval es colocado en asignaci\u00f3n por los Gigantes de San Francisco"},"content":{"rendered":"<p><img loading=\"lazy\" decoding=\"async\" class=\"size-full wp-image-127028 aligncenter\" src=\"https:\/\/digital58.com.ve\/site\/wp-content\/uploads\/2020\/09\/pablo-sandoval.jpg\" alt=\"\" width=\"800\" height=\"533\" srcset=\"https:\/\/digital58.com.ve\/site\/wp-content\/uploads\/2020\/09\/pablo-sandoval.jpg 800w, https:\/\/digital58.com.ve\/site\/wp-content\/uploads\/2020\/09\/pablo-sandoval-300x200.jpg 300w, https:\/\/digital58.com.ve\/site\/wp-content\/uploads\/2020\/09\/pablo-sandoval-768x512.jpg 768w, https:\/\/digital58.com.ve\/site\/wp-content\/uploads\/2020\/09\/pablo-sandoval-720x480.jpg 720w, https:\/\/digital58.com.ve\/site\/wp-content\/uploads\/2020\/09\/pablo-sandoval-480x320.jpg 480w\" sizes=\"auto, (max-width: 800px) 100vw, 800px\" \/><\/p>\n<p>En 90 veces al bate este a\u00f1o lig\u00f3 para una .220 con un cuadrangular y seis carreras remolcadas. Ahora pasar\u00e1 por waivers para ver si alguna otra organizaci\u00f3n se interesa por sus servicios.<\/p>\n<p><strong>San Francisco, Estados Unidos 11 de Septiembre<\/strong><b>\u00a0de 2020 (ND58).-<\/b>Los Gigantes de San Francisco decidieron colocar en asignaci\u00f3n al venezolano Pablo Sandoval, a pesar de que jugar\u00e1n la postemporada.<\/p>\n<p>La decisi\u00f3n fue anunciada este jueves, 10 de septiembre, por el equipo de Grandes Ligas que dej\u00f3 de ser la figura estelar del equipo de la bah\u00eda.<\/p>\n<p>Sandoval que decidi\u00f3 irse de San Francisco a Medias Rojos de Boston volvi\u00f3 a su casa en la temporada 2018, pero no mostr\u00f3 la misma fuerza que lo convirti\u00f3 en el \u00eddolo de los Gigantes.<\/p>\n<p>En esta temporada de la MLB, marcada por el recorte del calendario por la pandemia del coronavirus, Pablo Sandoval no fue efectivo.<\/p>\n<p>En 90 veces al bate este a\u00f1o lig\u00f3 para una .220 con un cuadrangular y seis carreras remolcadas. Ahora pasar\u00e1 por waivers para ver si alguna otra organizaci\u00f3n se interesa por sus servicios.<\/p>\n<p><strong>El consentido de la afici\u00f3n<\/strong><\/p>\n<p>El pelotero, de 34 a\u00f1os, es uno de los jugadores m\u00e1s queridos por los aficionados de los Gigantes y bien recordado por sus grandes actuaciones en dos de los tres t\u00edtulos de Serie Mundial obtenidos en un lapso de cinco temporadas de 2010 a 2014.<\/p>\n<p>Su destacado desempe\u00f1o incluy\u00f3 un partido de tres cuadrangulares en el Juego 1 del Cl\u00e1sico de Oto\u00f1o de 2012 que le vali\u00f3 ser proclamado el Jugador M\u00e1s Valioso (MVP) de la serie.<\/p>\n<p>Los Gigantes disputar\u00e1n en octubre los \u2018playoffs\u2019 en la Liga Nacional como s\u00e9ptimo equipo clasificado.<\/p>\n<p>El equipo de San Francisco ha ganado ocho de sus \u00faltimos 10 partidos.<\/p><div class=\"jtcir69f5b1e1e9dc1\" ><p style=\"text-align: center;\"><a href=\"https:\/\/t.me\/noticiasdigital58\" target=\"_blank\" rel=\"noopener\"><img class=\"aligncenter size-full wp-image-125363\" src=\"https:\/\/digital58.com.ve\/site\/wp-content\/uploads\/2021\/04\/banner-telegram-web-2021.png\" alt=\"\" width=\"600\" height=\"90\" \/><\/a><\/p><\/div><style type=\"text\/css\">\r\n@media screen and (min-width: 1201px) {\r\n.jtcir69f5b1e1e9dc1 {\r\ndisplay: block;\r\n}\r\n}\r\n@media screen and (min-width: 993px) and (max-width: 1200px) {\r\n.jtcir69f5b1e1e9dc1 {\r\ndisplay: block;\r\n}\r\n}\r\n@media screen and (min-width: 769px) and (max-width: 992px) {\r\n.jtcir69f5b1e1e9dc1 {\r\ndisplay: block;\r\n}\r\n}\r\n@media screen and (min-width: 768px) and (max-width: 768px) {\r\n.jtcir69f5b1e1e9dc1 {\r\ndisplay: block;\r\n}\r\n}\r\n@media screen and (max-width: 767px) {\r\n.jtcir69f5b1e1e9dc1 {\r\ndisplay: block;\r\n}\r\n}\r\n<\/style>\r\n\n<p><b><strong>Re<\/strong><strong>dacci\u00f3n: Molero, Luis\u00a0 (@Moleromarquez) | Fuente: Agencias<br \/>\nEdici\u00f3n: Villasmil, Henry<br \/>\nGr\u00e1ficas: Cortes\u00eda<\/strong><\/b><\/p>\n<div style=\"margin-top: 0px; margin-bottom: 0px;\" class=\"sharethis-inline-share-buttons\" ><\/div>","protected":false},"excerpt":{"rendered":"<p>En 90 veces al bate este a\u00f1o lig\u00f3 para una .220 con un cuadrangular y seis carreras remolcadas. Ahora pasar\u00e1<\/p>\n","protected":false},"author":26,"featured_media":127028,"comment_status":"open","ping_status":"closed","sticky":false,"template":"","format":"standard","meta":{"colormag_page_container_layout":"default_layout","colormag_page_sidebar_layout":"default_layout","_uag_custom_page_level_css":"","footnotes":""},"categories":[5402],"tags":[21383,448,2852,5770,4134,8,1675,13206,135],"class_list":["post-127027","post","type-post","status-publish","format-standard","has-post-thumbnail","hentry","category-deportes","tag-asignacion","tag-beisbol","tag-beisbol-mlb","tag-gigantes-de-san-francisco","tag-grandes-ligas","tag-internacionales","tag-mlb","tag-mlb-2020","tag-venezolanos-en-el-exterior"],"yoast_head":"<!-- This site is optimized with the Yoast SEO plugin v27.5 - https:\/\/yoast.com\/product\/yoast-seo-wordpress\/ -->\n<title>Pablo \u00abEl Panda\u00bb Sandoval es colocado en asignaci\u00f3n por los Gigantes de San Francisco<\/title>\n<meta name=\"description\" content=\"Deportes\" \/>\n<meta name=\"robots\" content=\"index, follow, max-snippet:-1, max-image-preview:large, max-video-preview:-1\" \/>\n<link rel=\"canonical\" href=\"https:\/\/digital58.com.ve\/site\/2020\/09\/11\/pablo-el-panda-sandoval-es-colocado-en-asignacion-por-los-gigantes-de-san-francisco\/\" \/>\n<meta property=\"og:locale\" content=\"es_ES\" \/>\n<meta property=\"og:type\" content=\"article\" \/>\n<meta property=\"og:title\" content=\"Pablo \u00abEl Panda\u00bb Sandoval es colocado en asignaci\u00f3n por los Gigantes de San Francisco\" \/>\n<meta property=\"og:description\" content=\"Deportes\" \/>\n<meta property=\"og:url\" content=\"https:\/\/digital58.com.ve\/site\/2020\/09\/11\/pablo-el-panda-sandoval-es-colocado-en-asignacion-por-los-gigantes-de-san-francisco\/\" \/>\n<meta property=\"og:site_name\" content=\"Noticias Digital58\" \/>\n<meta property=\"article:published_time\" content=\"2020-09-11T12:40:46+00:00\" \/>\n<meta property=\"article:modified_time\" content=\"2020-09-11T12:45:17+00:00\" \/>\n<meta property=\"og:image\" content=\"https:\/\/digital58.com.ve\/site\/wp-content\/uploads\/2020\/09\/pablo-sandoval.jpg\" \/>\n\t<meta property=\"og:image:width\" content=\"800\" \/>\n\t<meta property=\"og:image:height\" content=\"533\" \/>\n\t<meta property=\"og:image:type\" content=\"image\/jpeg\" \/>\n<meta name=\"author\" content=\"Molero Luis\" \/>\n<meta name=\"twitter:card\" content=\"summary_large_image\" \/>\n<meta name=\"twitter:creator\" content=\"@Digital_58\" \/>\n<meta name=\"twitter:site\" content=\"@villasmilhfoto\" \/>\n<meta name=\"twitter:label1\" content=\"Escrito por\" \/>\n\t<meta name=\"twitter:data1\" content=\"Molero Luis\" \/>\n\t<meta name=\"twitter:label2\" content=\"Tiempo estimado de lectura\" \/>\n\t<meta name=\"twitter:data2\" content=\"2 minutos\" \/>\n<script type=\"application\/ld+json\" class=\"yoast-schema-graph\">{\"@context\":\"https:\\\/\\\/schema.org\",\"@graph\":[{\"@type\":\"Article\",\"@id\":\"https:\\\/\\\/digital58.com.ve\\\/site\\\/2020\\\/09\\\/11\\\/pablo-el-panda-sandoval-es-colocado-en-asignacion-por-los-gigantes-de-san-francisco\\\/#article\",\"isPartOf\":{\"@id\":\"https:\\\/\\\/digital58.com.ve\\\/site\\\/2020\\\/09\\\/11\\\/pablo-el-panda-sandoval-es-colocado-en-asignacion-por-los-gigantes-de-san-francisco\\\/\"},\"author\":{\"name\":\"Molero Luis\",\"@id\":\"https:\\\/\\\/digital58.com.ve\\\/site\\\/#\\\/schema\\\/person\\\/c61667ce6845137620ee3f0aaabade17\"},\"headline\":\"Pablo \u00abEl Panda\u00bb Sandoval es colocado en asignaci\u00f3n por los Gigantes de San Francisco\",\"datePublished\":\"2020-09-11T12:40:46+00:00\",\"dateModified\":\"2020-09-11T12:45:17+00:00\",\"mainEntityOfPage\":{\"@id\":\"https:\\\/\\\/digital58.com.ve\\\/site\\\/2020\\\/09\\\/11\\\/pablo-el-panda-sandoval-es-colocado-en-asignacion-por-los-gigantes-de-san-francisco\\\/\"},\"wordCount\":325,\"commentCount\":0,\"publisher\":{\"@id\":\"https:\\\/\\\/digital58.com.ve\\\/site\\\/#\\\/schema\\\/person\\\/64d1c2e4d0d4fd1b849980c4331c2951\"},\"image\":{\"@id\":\"https:\\\/\\\/digital58.com.ve\\\/site\\\/2020\\\/09\\\/11\\\/pablo-el-panda-sandoval-es-colocado-en-asignacion-por-los-gigantes-de-san-francisco\\\/#primaryimage\"},\"thumbnailUrl\":\"https:\\\/\\\/digital58.com.ve\\\/site\\\/wp-content\\\/uploads\\\/2020\\\/09\\\/pablo-sandoval.jpg\",\"keywords\":[\"Asignaci\u00f2n\",\"B\u00e9isbol\",\"B\u00e9isbol MLB\",\"Gigantes de San Francisco\",\"Grandes Ligas\",\"Internacionales\",\"MLB\",\"MLB 2020\",\"Venezolanos en el exterior\"],\"articleSection\":[\"Deportes\"],\"inLanguage\":\"es\",\"potentialAction\":[{\"@type\":\"CommentAction\",\"name\":\"Comment\",\"target\":[\"https:\\\/\\\/digital58.com.ve\\\/site\\\/2020\\\/09\\\/11\\\/pablo-el-panda-sandoval-es-colocado-en-asignacion-por-los-gigantes-de-san-francisco\\\/#respond\"]}]},{\"@type\":\"WebPage\",\"@id\":\"https:\\\/\\\/digital58.com.ve\\\/site\\\/2020\\\/09\\\/11\\\/pablo-el-panda-sandoval-es-colocado-en-asignacion-por-los-gigantes-de-san-francisco\\\/\",\"url\":\"https:\\\/\\\/digital58.com.ve\\\/site\\\/2020\\\/09\\\/11\\\/pablo-el-panda-sandoval-es-colocado-en-asignacion-por-los-gigantes-de-san-francisco\\\/\",\"name\":\"Pablo \u00abEl Panda\u00bb Sandoval es colocado en asignaci\u00f3n por los Gigantes de San Francisco\",\"isPartOf\":{\"@id\":\"https:\\\/\\\/digital58.com.ve\\\/site\\\/#website\"},\"primaryImageOfPage\":{\"@id\":\"https:\\\/\\\/digital58.com.ve\\\/site\\\/2020\\\/09\\\/11\\\/pablo-el-panda-sandoval-es-colocado-en-asignacion-por-los-gigantes-de-san-francisco\\\/#primaryimage\"},\"image\":{\"@id\":\"https:\\\/\\\/digital58.com.ve\\\/site\\\/2020\\\/09\\\/11\\\/pablo-el-panda-sandoval-es-colocado-en-asignacion-por-los-gigantes-de-san-francisco\\\/#primaryimage\"},\"thumbnailUrl\":\"https:\\\/\\\/digital58.com.ve\\\/site\\\/wp-content\\\/uploads\\\/2020\\\/09\\\/pablo-sandoval.jpg\",\"datePublished\":\"2020-09-11T12:40:46+00:00\",\"dateModified\":\"2020-09-11T12:45:17+00:00\",\"description\":\"Deportes\",\"breadcrumb\":{\"@id\":\"https:\\\/\\\/digital58.com.ve\\\/site\\\/2020\\\/09\\\/11\\\/pablo-el-panda-sandoval-es-colocado-en-asignacion-por-los-gigantes-de-san-francisco\\\/#breadcrumb\"},\"inLanguage\":\"es\",\"potentialAction\":[{\"@type\":\"ReadAction\",\"target\":[\"https:\\\/\\\/digital58.com.ve\\\/site\\\/2020\\\/09\\\/11\\\/pablo-el-panda-sandoval-es-colocado-en-asignacion-por-los-gigantes-de-san-francisco\\\/\"]}]},{\"@type\":\"ImageObject\",\"inLanguage\":\"es\",\"@id\":\"https:\\\/\\\/digital58.com.ve\\\/site\\\/2020\\\/09\\\/11\\\/pablo-el-panda-sandoval-es-colocado-en-asignacion-por-los-gigantes-de-san-francisco\\\/#primaryimage\",\"url\":\"https:\\\/\\\/digital58.com.ve\\\/site\\\/wp-content\\\/uploads\\\/2020\\\/09\\\/pablo-sandoval.jpg\",\"contentUrl\":\"https:\\\/\\\/digital58.com.ve\\\/site\\\/wp-content\\\/uploads\\\/2020\\\/09\\\/pablo-sandoval.jpg\",\"width\":800,\"height\":533},{\"@type\":\"BreadcrumbList\",\"@id\":\"https:\\\/\\\/digital58.com.ve\\\/site\\\/2020\\\/09\\\/11\\\/pablo-el-panda-sandoval-es-colocado-en-asignacion-por-los-gigantes-de-san-francisco\\\/#breadcrumb\",\"itemListElement\":[{\"@type\":\"ListItem\",\"position\":1,\"name\":\"Home\",\"item\":\"https:\\\/\\\/digital58.com.ve\\\/site\\\/\"},{\"@type\":\"ListItem\",\"position\":2,\"name\":\"Pablo \u00abEl Panda\u00bb Sandoval es colocado en asignaci\u00f3n por los Gigantes de San Francisco\"}]},{\"@type\":\"WebSite\",\"@id\":\"https:\\\/\\\/digital58.com.ve\\\/site\\\/#website\",\"url\":\"https:\\\/\\\/digital58.com.ve\\\/site\\\/\",\"name\":\"Noticias Digital58\",\"description\":\"Portal de Noticias \u00a1Periodismo web de verdad! Lanzamiento web 22.11.2005 \\\/ Maracaibo, Venezuela\",\"publisher\":{\"@id\":\"https:\\\/\\\/digital58.com.ve\\\/site\\\/#\\\/schema\\\/person\\\/64d1c2e4d0d4fd1b849980c4331c2951\"},\"alternateName\":\"ND58\",\"potentialAction\":[{\"@type\":\"SearchAction\",\"target\":{\"@type\":\"EntryPoint\",\"urlTemplate\":\"https:\\\/\\\/digital58.com.ve\\\/site\\\/?s={search_term_string}\"},\"query-input\":{\"@type\":\"PropertyValueSpecification\",\"valueRequired\":true,\"valueName\":\"search_term_string\"}}],\"inLanguage\":\"es\"},{\"@type\":[\"Person\",\"Organization\"],\"@id\":\"https:\\\/\\\/digital58.com.ve\\\/site\\\/#\\\/schema\\\/person\\\/64d1c2e4d0d4fd1b849980c4331c2951\",\"name\":\"Villasmil Henry\",\"image\":{\"@type\":\"ImageObject\",\"inLanguage\":\"es\",\"@id\":\"https:\\\/\\\/secure.gravatar.com\\\/avatar\\\/bb0c4a2fcb7970138239f7e404ea75757b1b507b28b5ce4c53fbd62d797c5a7c?s=96&d=mm&r=g\",\"url\":\"https:\\\/\\\/secure.gravatar.com\\\/avatar\\\/bb0c4a2fcb7970138239f7e404ea75757b1b507b28b5ce4c53fbd62d797c5a7c?s=96&d=mm&r=g\",\"contentUrl\":\"https:\\\/\\\/secure.gravatar.com\\\/avatar\\\/bb0c4a2fcb7970138239f7e404ea75757b1b507b28b5ce4c53fbd62d797c5a7c?s=96&d=mm&r=g\",\"caption\":\"Villasmil Henry\"},\"logo\":{\"@id\":\"https:\\\/\\\/secure.gravatar.com\\\/avatar\\\/bb0c4a2fcb7970138239f7e404ea75757b1b507b28b5ce4c53fbd62d797c5a7c?s=96&d=mm&r=g\"},\"sameAs\":[\"http:\\\/\\\/www.henryvillasmil.com.ve\",\"https:\\\/\\\/www.instagram.com\\\/villasmilhfoto\\\/\",\"https:\\\/\\\/x.com\\\/https:\\\/\\\/twitter.com\\\/villasmilhfoto\"]},{\"@type\":\"Person\",\"@id\":\"https:\\\/\\\/digital58.com.ve\\\/site\\\/#\\\/schema\\\/person\\\/c61667ce6845137620ee3f0aaabade17\",\"name\":\"Molero Luis\",\"image\":{\"@type\":\"ImageObject\",\"inLanguage\":\"es\",\"@id\":\"https:\\\/\\\/secure.gravatar.com\\\/avatar\\\/bf041ec637e3e7405449807deb2f7cf3d2de7c6fa755dd56e985201de9863f2b?s=96&d=mm&r=g\",\"url\":\"https:\\\/\\\/secure.gravatar.com\\\/avatar\\\/bf041ec637e3e7405449807deb2f7cf3d2de7c6fa755dd56e985201de9863f2b?s=96&d=mm&r=g\",\"contentUrl\":\"https:\\\/\\\/secure.gravatar.com\\\/avatar\\\/bf041ec637e3e7405449807deb2f7cf3d2de7c6fa755dd56e985201de9863f2b?s=96&d=mm&r=g\",\"caption\":\"Molero Luis\"},\"url\":\"https:\\\/\\\/digital58.com.ve\\\/site\\\/author\\\/luismolero\\\/\"}]}<\/script>\n<!-- \/ Yoast SEO plugin. -->","yoast_head_json":{"title":"Pablo \u00abEl Panda\u00bb Sandoval es colocado en asignaci\u00f3n por los Gigantes de San Francisco","description":"Deportes","robots":{"index":"index","follow":"follow","max-snippet":"max-snippet:-1","max-image-preview":"max-image-preview:large","max-video-preview":"max-video-preview:-1"},"canonical":"https:\/\/digital58.com.ve\/site\/2020\/09\/11\/pablo-el-panda-sandoval-es-colocado-en-asignacion-por-los-gigantes-de-san-francisco\/","og_locale":"es_ES","og_type":"article","og_title":"Pablo \u00abEl Panda\u00bb Sandoval es colocado en asignaci\u00f3n por los Gigantes de San Francisco","og_description":"Deportes","og_url":"https:\/\/digital58.com.ve\/site\/2020\/09\/11\/pablo-el-panda-sandoval-es-colocado-en-asignacion-por-los-gigantes-de-san-francisco\/","og_site_name":"Noticias Digital58","article_published_time":"2020-09-11T12:40:46+00:00","article_modified_time":"2020-09-11T12:45:17+00:00","og_image":[{"width":800,"height":533,"url":"https:\/\/digital58.com.ve\/site\/wp-content\/uploads\/2020\/09\/pablo-sandoval.jpg","type":"image\/jpeg"}],"author":"Molero Luis","twitter_card":"summary_large_image","twitter_creator":"@Digital_58","twitter_site":"@villasmilhfoto","twitter_misc":{"Escrito por":"Molero Luis","Tiempo estimado de lectura":"2 minutos"},"schema":{"@context":"https:\/\/schema.org","@graph":[{"@type":"Article","@id":"https:\/\/digital58.com.ve\/site\/2020\/09\/11\/pablo-el-panda-sandoval-es-colocado-en-asignacion-por-los-gigantes-de-san-francisco\/#article","isPartOf":{"@id":"https:\/\/digital58.com.ve\/site\/2020\/09\/11\/pablo-el-panda-sandoval-es-colocado-en-asignacion-por-los-gigantes-de-san-francisco\/"},"author":{"name":"Molero Luis","@id":"https:\/\/digital58.com.ve\/site\/#\/schema\/person\/c61667ce6845137620ee3f0aaabade17"},"headline":"Pablo \u00abEl Panda\u00bb Sandoval es colocado en asignaci\u00f3n por los Gigantes de San Francisco","datePublished":"2020-09-11T12:40:46+00:00","dateModified":"2020-09-11T12:45:17+00:00","mainEntityOfPage":{"@id":"https:\/\/digital58.com.ve\/site\/2020\/09\/11\/pablo-el-panda-sandoval-es-colocado-en-asignacion-por-los-gigantes-de-san-francisco\/"},"wordCount":325,"commentCount":0,"publisher":{"@id":"https:\/\/digital58.com.ve\/site\/#\/schema\/person\/64d1c2e4d0d4fd1b849980c4331c2951"},"image":{"@id":"https:\/\/digital58.com.ve\/site\/2020\/09\/11\/pablo-el-panda-sandoval-es-colocado-en-asignacion-por-los-gigantes-de-san-francisco\/#primaryimage"},"thumbnailUrl":"https:\/\/digital58.com.ve\/site\/wp-content\/uploads\/2020\/09\/pablo-sandoval.jpg","keywords":["Asignaci\u00f2n","B\u00e9isbol","B\u00e9isbol MLB","Gigantes de San Francisco","Grandes Ligas","Internacionales","MLB","MLB 2020","Venezolanos en el exterior"],"articleSection":["Deportes"],"inLanguage":"es","potentialAction":[{"@type":"CommentAction","name":"Comment","target":["https:\/\/digital58.com.ve\/site\/2020\/09\/11\/pablo-el-panda-sandoval-es-colocado-en-asignacion-por-los-gigantes-de-san-francisco\/#respond"]}]},{"@type":"WebPage","@id":"https:\/\/digital58.com.ve\/site\/2020\/09\/11\/pablo-el-panda-sandoval-es-colocado-en-asignacion-por-los-gigantes-de-san-francisco\/","url":"https:\/\/digital58.com.ve\/site\/2020\/09\/11\/pablo-el-panda-sandoval-es-colocado-en-asignacion-por-los-gigantes-de-san-francisco\/","name":"Pablo \u00abEl Panda\u00bb Sandoval es colocado en asignaci\u00f3n por los Gigantes de San Francisco","isPartOf":{"@id":"https:\/\/digital58.com.ve\/site\/#website"},"primaryImageOfPage":{"@id":"https:\/\/digital58.com.ve\/site\/2020\/09\/11\/pablo-el-panda-sandoval-es-colocado-en-asignacion-por-los-gigantes-de-san-francisco\/#primaryimage"},"image":{"@id":"https:\/\/digital58.com.ve\/site\/2020\/09\/11\/pablo-el-panda-sandoval-es-colocado-en-asignacion-por-los-gigantes-de-san-francisco\/#primaryimage"},"thumbnailUrl":"https:\/\/digital58.com.ve\/site\/wp-content\/uploads\/2020\/09\/pablo-sandoval.jpg","datePublished":"2020-09-11T12:40:46+00:00","dateModified":"2020-09-11T12:45:17+00:00","description":"Deportes","breadcrumb":{"@id":"https:\/\/digital58.com.ve\/site\/2020\/09\/11\/pablo-el-panda-sandoval-es-colocado-en-asignacion-por-los-gigantes-de-san-francisco\/#breadcrumb"},"inLanguage":"es","potentialAction":[{"@type":"ReadAction","target":["https:\/\/digital58.com.ve\/site\/2020\/09\/11\/pablo-el-panda-sandoval-es-colocado-en-asignacion-por-los-gigantes-de-san-francisco\/"]}]},{"@type":"ImageObject","inLanguage":"es","@id":"https:\/\/digital58.com.ve\/site\/2020\/09\/11\/pablo-el-panda-sandoval-es-colocado-en-asignacion-por-los-gigantes-de-san-francisco\/#primaryimage","url":"https:\/\/digital58.com.ve\/site\/wp-content\/uploads\/2020\/09\/pablo-sandoval.jpg","contentUrl":"https:\/\/digital58.com.ve\/site\/wp-content\/uploads\/2020\/09\/pablo-sandoval.jpg","width":800,"height":533},{"@type":"BreadcrumbList","@id":"https:\/\/digital58.com.ve\/site\/2020\/09\/11\/pablo-el-panda-sandoval-es-colocado-en-asignacion-por-los-gigantes-de-san-francisco\/#breadcrumb","itemListElement":[{"@type":"ListItem","position":1,"name":"Home","item":"https:\/\/digital58.com.ve\/site\/"},{"@type":"ListItem","position":2,"name":"Pablo \u00abEl Panda\u00bb Sandoval es colocado en asignaci\u00f3n por los Gigantes de San Francisco"}]},{"@type":"WebSite","@id":"https:\/\/digital58.com.ve\/site\/#website","url":"https:\/\/digital58.com.ve\/site\/","name":"Noticias Digital58","description":"Portal de Noticias \u00a1Periodismo web de verdad! Lanzamiento web 22.11.2005 \/ Maracaibo, Venezuela","publisher":{"@id":"https:\/\/digital58.com.ve\/site\/#\/schema\/person\/64d1c2e4d0d4fd1b849980c4331c2951"},"alternateName":"ND58","potentialAction":[{"@type":"SearchAction","target":{"@type":"EntryPoint","urlTemplate":"https:\/\/digital58.com.ve\/site\/?s={search_term_string}"},"query-input":{"@type":"PropertyValueSpecification","valueRequired":true,"valueName":"search_term_string"}}],"inLanguage":"es"},{"@type":["Person","Organization"],"@id":"https:\/\/digital58.com.ve\/site\/#\/schema\/person\/64d1c2e4d0d4fd1b849980c4331c2951","name":"Villasmil Henry","image":{"@type":"ImageObject","inLanguage":"es","@id":"https:\/\/secure.gravatar.com\/avatar\/bb0c4a2fcb7970138239f7e404ea75757b1b507b28b5ce4c53fbd62d797c5a7c?s=96&d=mm&r=g","url":"https:\/\/secure.gravatar.com\/avatar\/bb0c4a2fcb7970138239f7e404ea75757b1b507b28b5ce4c53fbd62d797c5a7c?s=96&d=mm&r=g","contentUrl":"https:\/\/secure.gravatar.com\/avatar\/bb0c4a2fcb7970138239f7e404ea75757b1b507b28b5ce4c53fbd62d797c5a7c?s=96&d=mm&r=g","caption":"Villasmil Henry"},"logo":{"@id":"https:\/\/secure.gravatar.com\/avatar\/bb0c4a2fcb7970138239f7e404ea75757b1b507b28b5ce4c53fbd62d797c5a7c?s=96&d=mm&r=g"},"sameAs":["http:\/\/www.henryvillasmil.com.ve","https:\/\/www.instagram.com\/villasmilhfoto\/","https:\/\/x.com\/https:\/\/twitter.com\/villasmilhfoto"]},{"@type":"Person","@id":"https:\/\/digital58.com.ve\/site\/#\/schema\/person\/c61667ce6845137620ee3f0aaabade17","name":"Molero Luis","image":{"@type":"ImageObject","inLanguage":"es","@id":"https:\/\/secure.gravatar.com\/avatar\/bf041ec637e3e7405449807deb2f7cf3d2de7c6fa755dd56e985201de9863f2b?s=96&d=mm&r=g","url":"https:\/\/secure.gravatar.com\/avatar\/bf041ec637e3e7405449807deb2f7cf3d2de7c6fa755dd56e985201de9863f2b?s=96&d=mm&r=g","contentUrl":"https:\/\/secure.gravatar.com\/avatar\/bf041ec637e3e7405449807deb2f7cf3d2de7c6fa755dd56e985201de9863f2b?s=96&d=mm&r=g","caption":"Molero Luis"},"url":"https:\/\/digital58.com.ve\/site\/author\/luismolero\/"}]}},"uagb_featured_image_src":{"full":["https:\/\/digital58.com.ve\/site\/wp-content\/uploads\/2020\/09\/pablo-sandoval.jpg",800,533,false],"thumbnail":["https:\/\/digital58.com.ve\/site\/wp-content\/uploads\/2020\/09\/pablo-sandoval-150x150.jpg",150,150,true],"medium":["https:\/\/digital58.com.ve\/site\/wp-content\/uploads\/2020\/09\/pablo-sandoval-300x200.jpg",300,200,true],"medium_large":["https:\/\/digital58.com.ve\/site\/wp-content\/uploads\/2020\/09\/pablo-sandoval-768x512.jpg",768,512,true],"large":["https:\/\/digital58.com.ve\/site\/wp-content\/uploads\/2020\/09\/pablo-sandoval.jpg",800,533,false],"1536x1536":["https:\/\/digital58.com.ve\/site\/wp-content\/uploads\/2020\/09\/pablo-sandoval.jpg",800,533,false],"2048x2048":["https:\/\/digital58.com.ve\/site\/wp-content\/uploads\/2020\/09\/pablo-sandoval.jpg",800,533,false],"colormag-highlighted-post":["https:\/\/digital58.com.ve\/site\/wp-content\/uploads\/2020\/09\/pablo-sandoval.jpg",392,261,false],"colormag-featured-post-medium":["https:\/\/digital58.com.ve\/site\/wp-content\/uploads\/2020\/09\/pablo-sandoval.jpg",308,205,false],"colormag-featured-post-small":["https:\/\/digital58.com.ve\/site\/wp-content\/uploads\/2020\/09\/pablo-sandoval.jpg",130,87,false],"colormag-featured-image":["https:\/\/digital58.com.ve\/site\/wp-content\/uploads\/2020\/09\/pablo-sandoval.jpg",668,445,false],"colormag-default-news":["https:\/\/digital58.com.ve\/site\/wp-content\/uploads\/2020\/09\/pablo-sandoval.jpg",150,100,false],"colormag-featured-image-large":["https:\/\/digital58.com.ve\/site\/wp-content\/uploads\/2020\/09\/pablo-sandoval.jpg",800,533,false]},"uagb_author_info":{"display_name":"Molero Luis","author_link":"https:\/\/digital58.com.ve\/site\/author\/luismolero\/"},"uagb_comment_info":0,"uagb_excerpt":"En 90 veces al bate este a\u00f1o lig\u00f3 para una .220 con un cuadrangular y seis carreras remolcadas. Ahora pasar\u00e1","_links":{"self":[{"href":"https:\/\/digital58.com.ve\/site\/wp-json\/wp\/v2\/posts\/127027","targetHints":{"allow":["GET"]}}],"collection":[{"href":"https:\/\/digital58.com.ve\/site\/wp-json\/wp\/v2\/posts"}],"about":[{"href":"https:\/\/digital58.com.ve\/site\/wp-json\/wp\/v2\/types\/post"}],"author":[{"embeddable":true,"href":"https:\/\/digital58.com.ve\/site\/wp-json\/wp\/v2\/users\/26"}],"replies":[{"embeddable":true,"href":"https:\/\/digital58.com.ve\/site\/wp-json\/wp\/v2\/comments?post=127027"}],"version-history":[{"count":0,"href":"https:\/\/digital58.com.ve\/site\/wp-json\/wp\/v2\/posts\/127027\/revisions"}],"wp:featuredmedia":[{"embeddable":true,"href":"https:\/\/digital58.com.ve\/site\/wp-json\/wp\/v2\/media\/127028"}],"wp:attachment":[{"href":"https:\/\/digital58.com.ve\/site\/wp-json\/wp\/v2\/media?parent=127027"}],"wp:term":[{"taxonomy":"category","embeddable":true,"href":"https:\/\/digital58.com.ve\/site\/wp-json\/wp\/v2\/categories?post=127027"},{"taxonomy":"post_tag","embeddable":true,"href":"https:\/\/digital58.com.ve\/site\/wp-json\/wp\/v2\/tags?post=127027"}],"curies":[{"name":"wp","href":"https:\/\/api.w.org\/{rel}","templated":true}]}}