{"id":127143,"date":"2020-09-12T10:19:49","date_gmt":"2020-09-12T14:19:49","guid":{"rendered":"https:\/\/digital58.com.ve\/site\/?p=127143"},"modified":"2020-09-12T10:19:49","modified_gmt":"2020-09-12T14:19:49","slug":"despliegue-seguridad-especial-fue-puesto-en-marcha-en-san-francisco","status":"publish","type":"post","link":"https:\/\/digital58.com.ve\/site\/2020\/09\/12\/despliegue-seguridad-especial-fue-puesto-en-marcha-en-san-francisco\/","title":{"rendered":"Despliegue seguridad especial fue puesto en marcha en San Francisco"},"content":{"rendered":"<p><img loading=\"lazy\" decoding=\"async\" class=\"size-full wp-image-127144 aligncenter\" src=\"https:\/\/digital58.com.ve\/site\/wp-content\/uploads\/2020\/09\/09307184-b330-48fa-a80e-df6e0f14f51a.jpg\" alt=\"\" width=\"800\" height=\"471\" srcset=\"https:\/\/digital58.com.ve\/site\/wp-content\/uploads\/2020\/09\/09307184-b330-48fa-a80e-df6e0f14f51a.jpg 800w, https:\/\/digital58.com.ve\/site\/wp-content\/uploads\/2020\/09\/09307184-b330-48fa-a80e-df6e0f14f51a-300x177.jpg 300w, https:\/\/digital58.com.ve\/site\/wp-content\/uploads\/2020\/09\/09307184-b330-48fa-a80e-df6e0f14f51a-768x452.jpg 768w\" sizes=\"auto, (max-width: 800px) 100vw, 800px\" \/><\/p>\n<p>Es importante destacar que, en el marco de la Operaci\u00f3n Escudo Bolivariano Salud Segura en el Zulia, tambi\u00e9n se desplegaron ambulancias con un equipo de param\u00e9dicos capaces para atender cualquier emergencia, adem\u00e1s de funcionarios de los cuerpos bomberiles de la regi\u00f3n.<\/p>\n<p><strong>San Francisco, Zulia, Venezuela 12 de Septiembre<\/strong><b>\u00a0de 2020 (ND58).-<\/b>\u00a0En compa\u00f1\u00eda de las autoridades militares y policiales que hacen vida en la regi\u00f3n y el Alcalde Dirwings Arrieta, el Secretario General de Gobierno, Lisandro Cabello, realiz\u00f3 el operativo, informando que siguiendo las instrucciones del Presidente Nicol\u00e1s Maduro y del Gobernador Omar Prieto, los oficiales se desplegaron en los 21 municipios para que la poblaci\u00f3n cuente con la seguridad, la paz y la tranquilidad en el marco de la Operaci\u00f3n Escudo Bolivariano Salud Segura.<\/p>\n<p>Por su parte, el Mayor General Jos\u00e9 Santiago Moreno Mart\u00ednez, Comandante de la Regi\u00f3n Estrat\u00e9gica de Defensa Integral (REDI), dijo que el despliegue estar\u00e1 instalado con mayor \u00e9nfasis en los cuadrantes del municipio San Francisco, para darle seguridad al pueblo, con 853 funcionarios que conforman el despliegue especial para la seguridad de la ciudadan\u00eda.<\/p>\n<p>En el mismo orden, el Comandante de la Zona Operativa de Defensa Integral, General Manuel Castillo Rengifo, destac\u00f3 que adem\u00e1s de los operativos especiales responden a la perfecta uni\u00f3n c\u00edvico militar policial, d\u00f3nde fue necesaria la actuaci\u00f3n de oficiales de la Guardia Nacional Bolivariana (GNB), el Cuerpo de Polic\u00edas Bolivariano del Estado Zulia ( CPBEZ) y funcionarios de cada polic\u00eda municipal.<\/p>\n<p>Es importante destacar que, en el marco de la Operaci\u00f3n Escudo Bolivariano Salud Segura en el Zulia, tambi\u00e9n se desplegaron ambulancias con un equipo de param\u00e9dicos capaces para atender cualquier emergencia, adem\u00e1s de funcionarios de los cuerpos bomberiles de la regi\u00f3n.<\/p><div class=\"xpubr69f4a74ab27a0\" ><p style=\"text-align: center;\"><a href=\"https:\/\/t.me\/noticiasdigital58\" target=\"_blank\" rel=\"noopener\"><img class=\"aligncenter size-full wp-image-125363\" src=\"https:\/\/digital58.com.ve\/site\/wp-content\/uploads\/2021\/04\/banner-telegram-web-2021.png\" alt=\"\" width=\"600\" height=\"90\" \/><\/a><\/p><\/div><style type=\"text\/css\">\r\n@media screen and (min-width: 1201px) {\r\n.xpubr69f4a74ab27a0 {\r\ndisplay: block;\r\n}\r\n}\r\n@media screen and (min-width: 993px) and (max-width: 1200px) {\r\n.xpubr69f4a74ab27a0 {\r\ndisplay: block;\r\n}\r\n}\r\n@media screen and (min-width: 769px) and (max-width: 992px) {\r\n.xpubr69f4a74ab27a0 {\r\ndisplay: block;\r\n}\r\n}\r\n@media screen and (min-width: 768px) and (max-width: 768px) {\r\n.xpubr69f4a74ab27a0 {\r\ndisplay: block;\r\n}\r\n}\r\n@media screen and (max-width: 767px) {\r\n.xpubr69f4a74ab27a0 {\r\ndisplay: block;\r\n}\r\n}\r\n<\/style>\r\n\n<p><b><strong>Re<\/strong><strong>dacci\u00f3n: Molero, Luis\u00a0 (@Moleromarquez) | Fuente: Agencias<br \/>\nEdici\u00f3n: Villasmil, Henry<br \/>\nGr\u00e1ficas: Cortes\u00eda<\/strong><\/b><\/p>\n<div style=\"margin-top: 0px; margin-bottom: 0px;\" class=\"sharethis-inline-share-buttons\" ><\/div>","protected":false},"excerpt":{"rendered":"<p>Es importante destacar que, en el marco de la Operaci\u00f3n Escudo Bolivariano Salud Segura en el Zulia, tambi\u00e9n se desplegaron<\/p>\n","protected":false},"author":26,"featured_media":127144,"comment_status":"open","ping_status":"closed","sticky":false,"template":"","format":"standard","meta":{"colormag_page_container_layout":"default_layout","colormag_page_sidebar_layout":"default_layout","_uag_custom_page_level_css":"","footnotes":""},"categories":[14504],"tags":[15165,14787,12168,15131,21420,14108,19267,5816,761],"class_list":["post-127143","post","type-post","status-publish","format-standard","has-post-thumbnail","hentry","category-zulia","tag-alcalde-dirwings-arrieta","tag-cpbez","tag-gnb","tag-gobernador-omar-prieto","tag-jose-santiago-moreno-martinez","tag-lisandro-cabello","tag-manuel-castillo-rengifo","tag-municipio-san-francisco","tag-zulia"],"yoast_head":"<!-- This site is optimized with the Yoast SEO plugin v27.5 - https:\/\/yoast.com\/product\/yoast-seo-wordpress\/ -->\n<title>Despliegue seguridad especial fue puesto en marcha en San Francisco<\/title>\n<meta name=\"description\" content=\"Zulia\" \/>\n<meta name=\"robots\" content=\"index, follow, max-snippet:-1, max-image-preview:large, max-video-preview:-1\" \/>\n<link rel=\"canonical\" href=\"https:\/\/digital58.com.ve\/site\/2020\/09\/12\/despliegue-seguridad-especial-fue-puesto-en-marcha-en-san-francisco\/\" \/>\n<meta property=\"og:locale\" content=\"es_ES\" \/>\n<meta property=\"og:type\" content=\"article\" \/>\n<meta property=\"og:title\" content=\"Despliegue seguridad especial fue puesto en marcha en San Francisco\" \/>\n<meta property=\"og:description\" content=\"Zulia\" \/>\n<meta property=\"og:url\" content=\"https:\/\/digital58.com.ve\/site\/2020\/09\/12\/despliegue-seguridad-especial-fue-puesto-en-marcha-en-san-francisco\/\" \/>\n<meta property=\"og:site_name\" content=\"Noticias Digital58\" \/>\n<meta property=\"article:published_time\" content=\"2020-09-12T14:19:49+00:00\" \/>\n<meta property=\"og:image\" content=\"https:\/\/digital58.com.ve\/site\/wp-content\/uploads\/2020\/09\/09307184-b330-48fa-a80e-df6e0f14f51a.jpg\" \/>\n\t<meta property=\"og:image:width\" content=\"800\" \/>\n\t<meta property=\"og:image:height\" content=\"471\" \/>\n\t<meta property=\"og:image:type\" content=\"image\/jpeg\" \/>\n<meta name=\"author\" content=\"Molero Luis\" \/>\n<meta name=\"twitter:card\" content=\"summary_large_image\" \/>\n<meta name=\"twitter:creator\" content=\"@Digital_58\" \/>\n<meta name=\"twitter:site\" content=\"@villasmilhfoto\" \/>\n<meta name=\"twitter:label1\" content=\"Escrito por\" \/>\n\t<meta name=\"twitter:data1\" content=\"Molero Luis\" \/>\n\t<meta name=\"twitter:label2\" content=\"Tiempo estimado de lectura\" \/>\n\t<meta name=\"twitter:data2\" content=\"2 minutos\" \/>\n<script type=\"application\/ld+json\" class=\"yoast-schema-graph\">{\"@context\":\"https:\\\/\\\/schema.org\",\"@graph\":[{\"@type\":\"Article\",\"@id\":\"https:\\\/\\\/digital58.com.ve\\\/site\\\/2020\\\/09\\\/12\\\/despliegue-seguridad-especial-fue-puesto-en-marcha-en-san-francisco\\\/#article\",\"isPartOf\":{\"@id\":\"https:\\\/\\\/digital58.com.ve\\\/site\\\/2020\\\/09\\\/12\\\/despliegue-seguridad-especial-fue-puesto-en-marcha-en-san-francisco\\\/\"},\"author\":{\"name\":\"Molero Luis\",\"@id\":\"https:\\\/\\\/digital58.com.ve\\\/site\\\/#\\\/schema\\\/person\\\/c61667ce6845137620ee3f0aaabade17\"},\"headline\":\"Despliegue seguridad especial fue puesto en marcha en San Francisco\",\"datePublished\":\"2020-09-12T14:19:49+00:00\",\"mainEntityOfPage\":{\"@id\":\"https:\\\/\\\/digital58.com.ve\\\/site\\\/2020\\\/09\\\/12\\\/despliegue-seguridad-especial-fue-puesto-en-marcha-en-san-francisco\\\/\"},\"wordCount\":329,\"commentCount\":0,\"publisher\":{\"@id\":\"https:\\\/\\\/digital58.com.ve\\\/site\\\/#\\\/schema\\\/person\\\/64d1c2e4d0d4fd1b849980c4331c2951\"},\"image\":{\"@id\":\"https:\\\/\\\/digital58.com.ve\\\/site\\\/2020\\\/09\\\/12\\\/despliegue-seguridad-especial-fue-puesto-en-marcha-en-san-francisco\\\/#primaryimage\"},\"thumbnailUrl\":\"https:\\\/\\\/digital58.com.ve\\\/site\\\/wp-content\\\/uploads\\\/2020\\\/09\\\/09307184-b330-48fa-a80e-df6e0f14f51a.jpg\",\"keywords\":[\"Alcalde Dirwings Arrieta\",\"CPBEZ\",\"GNB\",\"Gobernador Omar Prieto\",\"Jos\u00e9 Santiago Moreno Mart\u00ednez\",\"Lisandro Cabello\",\"Manuel Castillo Rengifo\",\"Municipio San Francisco\",\"Zulia\"],\"articleSection\":[\"Zulia\"],\"inLanguage\":\"es\",\"potentialAction\":[{\"@type\":\"CommentAction\",\"name\":\"Comment\",\"target\":[\"https:\\\/\\\/digital58.com.ve\\\/site\\\/2020\\\/09\\\/12\\\/despliegue-seguridad-especial-fue-puesto-en-marcha-en-san-francisco\\\/#respond\"]}]},{\"@type\":\"WebPage\",\"@id\":\"https:\\\/\\\/digital58.com.ve\\\/site\\\/2020\\\/09\\\/12\\\/despliegue-seguridad-especial-fue-puesto-en-marcha-en-san-francisco\\\/\",\"url\":\"https:\\\/\\\/digital58.com.ve\\\/site\\\/2020\\\/09\\\/12\\\/despliegue-seguridad-especial-fue-puesto-en-marcha-en-san-francisco\\\/\",\"name\":\"Despliegue seguridad especial fue puesto en marcha en San Francisco\",\"isPartOf\":{\"@id\":\"https:\\\/\\\/digital58.com.ve\\\/site\\\/#website\"},\"primaryImageOfPage\":{\"@id\":\"https:\\\/\\\/digital58.com.ve\\\/site\\\/2020\\\/09\\\/12\\\/despliegue-seguridad-especial-fue-puesto-en-marcha-en-san-francisco\\\/#primaryimage\"},\"image\":{\"@id\":\"https:\\\/\\\/digital58.com.ve\\\/site\\\/2020\\\/09\\\/12\\\/despliegue-seguridad-especial-fue-puesto-en-marcha-en-san-francisco\\\/#primaryimage\"},\"thumbnailUrl\":\"https:\\\/\\\/digital58.com.ve\\\/site\\\/wp-content\\\/uploads\\\/2020\\\/09\\\/09307184-b330-48fa-a80e-df6e0f14f51a.jpg\",\"datePublished\":\"2020-09-12T14:19:49+00:00\",\"description\":\"Zulia\",\"breadcrumb\":{\"@id\":\"https:\\\/\\\/digital58.com.ve\\\/site\\\/2020\\\/09\\\/12\\\/despliegue-seguridad-especial-fue-puesto-en-marcha-en-san-francisco\\\/#breadcrumb\"},\"inLanguage\":\"es\",\"potentialAction\":[{\"@type\":\"ReadAction\",\"target\":[\"https:\\\/\\\/digital58.com.ve\\\/site\\\/2020\\\/09\\\/12\\\/despliegue-seguridad-especial-fue-puesto-en-marcha-en-san-francisco\\\/\"]}]},{\"@type\":\"ImageObject\",\"inLanguage\":\"es\",\"@id\":\"https:\\\/\\\/digital58.com.ve\\\/site\\\/2020\\\/09\\\/12\\\/despliegue-seguridad-especial-fue-puesto-en-marcha-en-san-francisco\\\/#primaryimage\",\"url\":\"https:\\\/\\\/digital58.com.ve\\\/site\\\/wp-content\\\/uploads\\\/2020\\\/09\\\/09307184-b330-48fa-a80e-df6e0f14f51a.jpg\",\"contentUrl\":\"https:\\\/\\\/digital58.com.ve\\\/site\\\/wp-content\\\/uploads\\\/2020\\\/09\\\/09307184-b330-48fa-a80e-df6e0f14f51a.jpg\",\"width\":800,\"height\":471},{\"@type\":\"BreadcrumbList\",\"@id\":\"https:\\\/\\\/digital58.com.ve\\\/site\\\/2020\\\/09\\\/12\\\/despliegue-seguridad-especial-fue-puesto-en-marcha-en-san-francisco\\\/#breadcrumb\",\"itemListElement\":[{\"@type\":\"ListItem\",\"position\":1,\"name\":\"Home\",\"item\":\"https:\\\/\\\/digital58.com.ve\\\/site\\\/\"},{\"@type\":\"ListItem\",\"position\":2,\"name\":\"Despliegue seguridad especial fue puesto en marcha en San Francisco\"}]},{\"@type\":\"WebSite\",\"@id\":\"https:\\\/\\\/digital58.com.ve\\\/site\\\/#website\",\"url\":\"https:\\\/\\\/digital58.com.ve\\\/site\\\/\",\"name\":\"Noticias Digital58\",\"description\":\"Portal de Noticias \u00a1Periodismo web de verdad! Lanzamiento web 22.11.2005 \\\/ Maracaibo, Venezuela\",\"publisher\":{\"@id\":\"https:\\\/\\\/digital58.com.ve\\\/site\\\/#\\\/schema\\\/person\\\/64d1c2e4d0d4fd1b849980c4331c2951\"},\"alternateName\":\"ND58\",\"potentialAction\":[{\"@type\":\"SearchAction\",\"target\":{\"@type\":\"EntryPoint\",\"urlTemplate\":\"https:\\\/\\\/digital58.com.ve\\\/site\\\/?s={search_term_string}\"},\"query-input\":{\"@type\":\"PropertyValueSpecification\",\"valueRequired\":true,\"valueName\":\"search_term_string\"}}],\"inLanguage\":\"es\"},{\"@type\":[\"Person\",\"Organization\"],\"@id\":\"https:\\\/\\\/digital58.com.ve\\\/site\\\/#\\\/schema\\\/person\\\/64d1c2e4d0d4fd1b849980c4331c2951\",\"name\":\"Villasmil Henry\",\"image\":{\"@type\":\"ImageObject\",\"inLanguage\":\"es\",\"@id\":\"https:\\\/\\\/secure.gravatar.com\\\/avatar\\\/bb0c4a2fcb7970138239f7e404ea75757b1b507b28b5ce4c53fbd62d797c5a7c?s=96&d=mm&r=g\",\"url\":\"https:\\\/\\\/secure.gravatar.com\\\/avatar\\\/bb0c4a2fcb7970138239f7e404ea75757b1b507b28b5ce4c53fbd62d797c5a7c?s=96&d=mm&r=g\",\"contentUrl\":\"https:\\\/\\\/secure.gravatar.com\\\/avatar\\\/bb0c4a2fcb7970138239f7e404ea75757b1b507b28b5ce4c53fbd62d797c5a7c?s=96&d=mm&r=g\",\"caption\":\"Villasmil Henry\"},\"logo\":{\"@id\":\"https:\\\/\\\/secure.gravatar.com\\\/avatar\\\/bb0c4a2fcb7970138239f7e404ea75757b1b507b28b5ce4c53fbd62d797c5a7c?s=96&d=mm&r=g\"},\"sameAs\":[\"http:\\\/\\\/www.henryvillasmil.com.ve\",\"https:\\\/\\\/www.instagram.com\\\/villasmilhfoto\\\/\",\"https:\\\/\\\/x.com\\\/https:\\\/\\\/twitter.com\\\/villasmilhfoto\"]},{\"@type\":\"Person\",\"@id\":\"https:\\\/\\\/digital58.com.ve\\\/site\\\/#\\\/schema\\\/person\\\/c61667ce6845137620ee3f0aaabade17\",\"name\":\"Molero Luis\",\"image\":{\"@type\":\"ImageObject\",\"inLanguage\":\"es\",\"@id\":\"https:\\\/\\\/secure.gravatar.com\\\/avatar\\\/bf041ec637e3e7405449807deb2f7cf3d2de7c6fa755dd56e985201de9863f2b?s=96&d=mm&r=g\",\"url\":\"https:\\\/\\\/secure.gravatar.com\\\/avatar\\\/bf041ec637e3e7405449807deb2f7cf3d2de7c6fa755dd56e985201de9863f2b?s=96&d=mm&r=g\",\"contentUrl\":\"https:\\\/\\\/secure.gravatar.com\\\/avatar\\\/bf041ec637e3e7405449807deb2f7cf3d2de7c6fa755dd56e985201de9863f2b?s=96&d=mm&r=g\",\"caption\":\"Molero Luis\"},\"url\":\"https:\\\/\\\/digital58.com.ve\\\/site\\\/author\\\/luismolero\\\/\"}]}<\/script>\n<!-- \/ Yoast SEO plugin. -->","yoast_head_json":{"title":"Despliegue seguridad especial fue puesto en marcha en San Francisco","description":"Zulia","robots":{"index":"index","follow":"follow","max-snippet":"max-snippet:-1","max-image-preview":"max-image-preview:large","max-video-preview":"max-video-preview:-1"},"canonical":"https:\/\/digital58.com.ve\/site\/2020\/09\/12\/despliegue-seguridad-especial-fue-puesto-en-marcha-en-san-francisco\/","og_locale":"es_ES","og_type":"article","og_title":"Despliegue seguridad especial fue puesto en marcha en San Francisco","og_description":"Zulia","og_url":"https:\/\/digital58.com.ve\/site\/2020\/09\/12\/despliegue-seguridad-especial-fue-puesto-en-marcha-en-san-francisco\/","og_site_name":"Noticias Digital58","article_published_time":"2020-09-12T14:19:49+00:00","og_image":[{"width":800,"height":471,"url":"https:\/\/digital58.com.ve\/site\/wp-content\/uploads\/2020\/09\/09307184-b330-48fa-a80e-df6e0f14f51a.jpg","type":"image\/jpeg"}],"author":"Molero Luis","twitter_card":"summary_large_image","twitter_creator":"@Digital_58","twitter_site":"@villasmilhfoto","twitter_misc":{"Escrito por":"Molero Luis","Tiempo estimado de lectura":"2 minutos"},"schema":{"@context":"https:\/\/schema.org","@graph":[{"@type":"Article","@id":"https:\/\/digital58.com.ve\/site\/2020\/09\/12\/despliegue-seguridad-especial-fue-puesto-en-marcha-en-san-francisco\/#article","isPartOf":{"@id":"https:\/\/digital58.com.ve\/site\/2020\/09\/12\/despliegue-seguridad-especial-fue-puesto-en-marcha-en-san-francisco\/"},"author":{"name":"Molero Luis","@id":"https:\/\/digital58.com.ve\/site\/#\/schema\/person\/c61667ce6845137620ee3f0aaabade17"},"headline":"Despliegue seguridad especial fue puesto en marcha en San Francisco","datePublished":"2020-09-12T14:19:49+00:00","mainEntityOfPage":{"@id":"https:\/\/digital58.com.ve\/site\/2020\/09\/12\/despliegue-seguridad-especial-fue-puesto-en-marcha-en-san-francisco\/"},"wordCount":329,"commentCount":0,"publisher":{"@id":"https:\/\/digital58.com.ve\/site\/#\/schema\/person\/64d1c2e4d0d4fd1b849980c4331c2951"},"image":{"@id":"https:\/\/digital58.com.ve\/site\/2020\/09\/12\/despliegue-seguridad-especial-fue-puesto-en-marcha-en-san-francisco\/#primaryimage"},"thumbnailUrl":"https:\/\/digital58.com.ve\/site\/wp-content\/uploads\/2020\/09\/09307184-b330-48fa-a80e-df6e0f14f51a.jpg","keywords":["Alcalde Dirwings Arrieta","CPBEZ","GNB","Gobernador Omar Prieto","Jos\u00e9 Santiago Moreno Mart\u00ednez","Lisandro Cabello","Manuel Castillo Rengifo","Municipio San Francisco","Zulia"],"articleSection":["Zulia"],"inLanguage":"es","potentialAction":[{"@type":"CommentAction","name":"Comment","target":["https:\/\/digital58.com.ve\/site\/2020\/09\/12\/despliegue-seguridad-especial-fue-puesto-en-marcha-en-san-francisco\/#respond"]}]},{"@type":"WebPage","@id":"https:\/\/digital58.com.ve\/site\/2020\/09\/12\/despliegue-seguridad-especial-fue-puesto-en-marcha-en-san-francisco\/","url":"https:\/\/digital58.com.ve\/site\/2020\/09\/12\/despliegue-seguridad-especial-fue-puesto-en-marcha-en-san-francisco\/","name":"Despliegue seguridad especial fue puesto en marcha en San Francisco","isPartOf":{"@id":"https:\/\/digital58.com.ve\/site\/#website"},"primaryImageOfPage":{"@id":"https:\/\/digital58.com.ve\/site\/2020\/09\/12\/despliegue-seguridad-especial-fue-puesto-en-marcha-en-san-francisco\/#primaryimage"},"image":{"@id":"https:\/\/digital58.com.ve\/site\/2020\/09\/12\/despliegue-seguridad-especial-fue-puesto-en-marcha-en-san-francisco\/#primaryimage"},"thumbnailUrl":"https:\/\/digital58.com.ve\/site\/wp-content\/uploads\/2020\/09\/09307184-b330-48fa-a80e-df6e0f14f51a.jpg","datePublished":"2020-09-12T14:19:49+00:00","description":"Zulia","breadcrumb":{"@id":"https:\/\/digital58.com.ve\/site\/2020\/09\/12\/despliegue-seguridad-especial-fue-puesto-en-marcha-en-san-francisco\/#breadcrumb"},"inLanguage":"es","potentialAction":[{"@type":"ReadAction","target":["https:\/\/digital58.com.ve\/site\/2020\/09\/12\/despliegue-seguridad-especial-fue-puesto-en-marcha-en-san-francisco\/"]}]},{"@type":"ImageObject","inLanguage":"es","@id":"https:\/\/digital58.com.ve\/site\/2020\/09\/12\/despliegue-seguridad-especial-fue-puesto-en-marcha-en-san-francisco\/#primaryimage","url":"https:\/\/digital58.com.ve\/site\/wp-content\/uploads\/2020\/09\/09307184-b330-48fa-a80e-df6e0f14f51a.jpg","contentUrl":"https:\/\/digital58.com.ve\/site\/wp-content\/uploads\/2020\/09\/09307184-b330-48fa-a80e-df6e0f14f51a.jpg","width":800,"height":471},{"@type":"BreadcrumbList","@id":"https:\/\/digital58.com.ve\/site\/2020\/09\/12\/despliegue-seguridad-especial-fue-puesto-en-marcha-en-san-francisco\/#breadcrumb","itemListElement":[{"@type":"ListItem","position":1,"name":"Home","item":"https:\/\/digital58.com.ve\/site\/"},{"@type":"ListItem","position":2,"name":"Despliegue seguridad especial fue puesto en marcha en San Francisco"}]},{"@type":"WebSite","@id":"https:\/\/digital58.com.ve\/site\/#website","url":"https:\/\/digital58.com.ve\/site\/","name":"Noticias Digital58","description":"Portal de Noticias \u00a1Periodismo web de verdad! Lanzamiento web 22.11.2005 \/ Maracaibo, Venezuela","publisher":{"@id":"https:\/\/digital58.com.ve\/site\/#\/schema\/person\/64d1c2e4d0d4fd1b849980c4331c2951"},"alternateName":"ND58","potentialAction":[{"@type":"SearchAction","target":{"@type":"EntryPoint","urlTemplate":"https:\/\/digital58.com.ve\/site\/?s={search_term_string}"},"query-input":{"@type":"PropertyValueSpecification","valueRequired":true,"valueName":"search_term_string"}}],"inLanguage":"es"},{"@type":["Person","Organization"],"@id":"https:\/\/digital58.com.ve\/site\/#\/schema\/person\/64d1c2e4d0d4fd1b849980c4331c2951","name":"Villasmil Henry","image":{"@type":"ImageObject","inLanguage":"es","@id":"https:\/\/secure.gravatar.com\/avatar\/bb0c4a2fcb7970138239f7e404ea75757b1b507b28b5ce4c53fbd62d797c5a7c?s=96&d=mm&r=g","url":"https:\/\/secure.gravatar.com\/avatar\/bb0c4a2fcb7970138239f7e404ea75757b1b507b28b5ce4c53fbd62d797c5a7c?s=96&d=mm&r=g","contentUrl":"https:\/\/secure.gravatar.com\/avatar\/bb0c4a2fcb7970138239f7e404ea75757b1b507b28b5ce4c53fbd62d797c5a7c?s=96&d=mm&r=g","caption":"Villasmil Henry"},"logo":{"@id":"https:\/\/secure.gravatar.com\/avatar\/bb0c4a2fcb7970138239f7e404ea75757b1b507b28b5ce4c53fbd62d797c5a7c?s=96&d=mm&r=g"},"sameAs":["http:\/\/www.henryvillasmil.com.ve","https:\/\/www.instagram.com\/villasmilhfoto\/","https:\/\/x.com\/https:\/\/twitter.com\/villasmilhfoto"]},{"@type":"Person","@id":"https:\/\/digital58.com.ve\/site\/#\/schema\/person\/c61667ce6845137620ee3f0aaabade17","name":"Molero Luis","image":{"@type":"ImageObject","inLanguage":"es","@id":"https:\/\/secure.gravatar.com\/avatar\/bf041ec637e3e7405449807deb2f7cf3d2de7c6fa755dd56e985201de9863f2b?s=96&d=mm&r=g","url":"https:\/\/secure.gravatar.com\/avatar\/bf041ec637e3e7405449807deb2f7cf3d2de7c6fa755dd56e985201de9863f2b?s=96&d=mm&r=g","contentUrl":"https:\/\/secure.gravatar.com\/avatar\/bf041ec637e3e7405449807deb2f7cf3d2de7c6fa755dd56e985201de9863f2b?s=96&d=mm&r=g","caption":"Molero Luis"},"url":"https:\/\/digital58.com.ve\/site\/author\/luismolero\/"}]}},"uagb_featured_image_src":{"full":["https:\/\/digital58.com.ve\/site\/wp-content\/uploads\/2020\/09\/09307184-b330-48fa-a80e-df6e0f14f51a.jpg",800,471,false],"thumbnail":["https:\/\/digital58.com.ve\/site\/wp-content\/uploads\/2020\/09\/09307184-b330-48fa-a80e-df6e0f14f51a-150x150.jpg",150,150,true],"medium":["https:\/\/digital58.com.ve\/site\/wp-content\/uploads\/2020\/09\/09307184-b330-48fa-a80e-df6e0f14f51a-300x177.jpg",300,177,true],"medium_large":["https:\/\/digital58.com.ve\/site\/wp-content\/uploads\/2020\/09\/09307184-b330-48fa-a80e-df6e0f14f51a-768x452.jpg",768,452,true],"large":["https:\/\/digital58.com.ve\/site\/wp-content\/uploads\/2020\/09\/09307184-b330-48fa-a80e-df6e0f14f51a.jpg",800,471,false],"1536x1536":["https:\/\/digital58.com.ve\/site\/wp-content\/uploads\/2020\/09\/09307184-b330-48fa-a80e-df6e0f14f51a.jpg",800,471,false],"2048x2048":["https:\/\/digital58.com.ve\/site\/wp-content\/uploads\/2020\/09\/09307184-b330-48fa-a80e-df6e0f14f51a.jpg",800,471,false],"colormag-highlighted-post":["https:\/\/digital58.com.ve\/site\/wp-content\/uploads\/2020\/09\/09307184-b330-48fa-a80e-df6e0f14f51a.jpg",392,231,false],"colormag-featured-post-medium":["https:\/\/digital58.com.ve\/site\/wp-content\/uploads\/2020\/09\/09307184-b330-48fa-a80e-df6e0f14f51a.jpg",348,205,false],"colormag-featured-post-small":["https:\/\/digital58.com.ve\/site\/wp-content\/uploads\/2020\/09\/09307184-b330-48fa-a80e-df6e0f14f51a.jpg",130,77,false],"colormag-featured-image":["https:\/\/digital58.com.ve\/site\/wp-content\/uploads\/2020\/09\/09307184-b330-48fa-a80e-df6e0f14f51a.jpg",756,445,false],"colormag-default-news":["https:\/\/digital58.com.ve\/site\/wp-content\/uploads\/2020\/09\/09307184-b330-48fa-a80e-df6e0f14f51a.jpg",150,88,false],"colormag-featured-image-large":["https:\/\/digital58.com.ve\/site\/wp-content\/uploads\/2020\/09\/09307184-b330-48fa-a80e-df6e0f14f51a.jpg",800,471,false]},"uagb_author_info":{"display_name":"Molero Luis","author_link":"https:\/\/digital58.com.ve\/site\/author\/luismolero\/"},"uagb_comment_info":0,"uagb_excerpt":"Es importante destacar que, en el marco de la Operaci\u00f3n Escudo Bolivariano Salud Segura en el Zulia, tambi\u00e9n se desplegaron","_links":{"self":[{"href":"https:\/\/digital58.com.ve\/site\/wp-json\/wp\/v2\/posts\/127143","targetHints":{"allow":["GET"]}}],"collection":[{"href":"https:\/\/digital58.com.ve\/site\/wp-json\/wp\/v2\/posts"}],"about":[{"href":"https:\/\/digital58.com.ve\/site\/wp-json\/wp\/v2\/types\/post"}],"author":[{"embeddable":true,"href":"https:\/\/digital58.com.ve\/site\/wp-json\/wp\/v2\/users\/26"}],"replies":[{"embeddable":true,"href":"https:\/\/digital58.com.ve\/site\/wp-json\/wp\/v2\/comments?post=127143"}],"version-history":[{"count":0,"href":"https:\/\/digital58.com.ve\/site\/wp-json\/wp\/v2\/posts\/127143\/revisions"}],"wp:featuredmedia":[{"embeddable":true,"href":"https:\/\/digital58.com.ve\/site\/wp-json\/wp\/v2\/media\/127144"}],"wp:attachment":[{"href":"https:\/\/digital58.com.ve\/site\/wp-json\/wp\/v2\/media?parent=127143"}],"wp:term":[{"taxonomy":"category","embeddable":true,"href":"https:\/\/digital58.com.ve\/site\/wp-json\/wp\/v2\/categories?post=127143"},{"taxonomy":"post_tag","embeddable":true,"href":"https:\/\/digital58.com.ve\/site\/wp-json\/wp\/v2\/tags?post=127143"}],"curies":[{"name":"wp","href":"https:\/\/api.w.org\/{rel}","templated":true}]}}