{"id":127442,"date":"2020-09-13T19:53:00","date_gmt":"2020-09-13T23:53:00","guid":{"rendered":"https:\/\/digital58.com.ve\/site\/?p=127442"},"modified":"2020-09-13T19:53:00","modified_gmt":"2020-09-13T23:53:00","slug":"pogacar-se-impone-a-roglic-en-un-grand-colombier-con-acento-esloveno","status":"publish","type":"post","link":"https:\/\/digital58.com.ve\/site\/2020\/09\/13\/pogacar-se-impone-a-roglic-en-un-grand-colombier-con-acento-esloveno\/","title":{"rendered":"Pogacar se impone a Roglic en un Grand Colombier con acento esloveno"},"content":{"rendered":"<p><a href=\"https:\/\/digital58.com.ve\/site\/wp-content\/uploads\/2020\/09\/tour-de-francia-13-09-20.jpg\"><img loading=\"lazy\" decoding=\"async\" class=\"aligncenter size-full wp-image-127446\" src=\"https:\/\/digital58.com.ve\/site\/wp-content\/uploads\/2020\/09\/tour-de-francia-13-09-20.jpg\" alt=\"\" width=\"900\" height=\"600\" srcset=\"https:\/\/digital58.com.ve\/site\/wp-content\/uploads\/2020\/09\/tour-de-francia-13-09-20.jpg 800w, https:\/\/digital58.com.ve\/site\/wp-content\/uploads\/2020\/09\/tour-de-francia-13-09-20-300x200.jpg 300w, https:\/\/digital58.com.ve\/site\/wp-content\/uploads\/2020\/09\/tour-de-francia-13-09-20-768x512.jpg 768w, https:\/\/digital58.com.ve\/site\/wp-content\/uploads\/2020\/09\/tour-de-francia-13-09-20-720x480.jpg 720w, https:\/\/digital58.com.ve\/site\/wp-content\/uploads\/2020\/09\/tour-de-francia-13-09-20-480x320.jpg 480w\" sizes=\"auto, (max-width: 900px) 100vw, 900px\" \/><\/a><\/p>\n<p>Rigoberto Ur\u00e1n y Miguel \u00c1ngel \u00abSuperm\u00e1n\u00bb L\u00f3pez sobrevivieron al naufragio colombiano en la decimoquinta etapa del Tour de Francia.<\/p>\n<p><strong>Francia, 13 de septiembre de 2020 (ND58).-<\/strong>\u00a0 El esloveno Tadej Pogacar se impuso en la cima del Grand Colombier en la decimoquinta etapa del Tour de Francia por delante de su compatriota Primoz Roglic, que afianz\u00f3 su maillot amarillo, mientras que el colombiano Rigobergo Ur\u00e1n alcanz\u00f3 la tercera plaza de la general.<\/p>\n<p>El joven esloveno sum\u00f3 su segunda victoria en su primera participaci\u00f3n del Tour por delante del l\u00edder de la carrera y del australiano Richie Porte y del colombiano Miguel \u00c1ngel L\u00f3pez, el mejor de los ciclistas de su pa\u00eds en la jornada de este domingo, en la que naufragaron el defensor del t\u00edtulo Egan Bernal y Nairo Quintana.<\/p>\n<p>Gracias a las bonificaciones, Pogacar, de 21 a\u00f1os, recort\u00f3 4 segundos a Roglic, que tiene ahora una renta de 40 sobre su joven compatriota.<\/p>\n<p><a href=\"https:\/\/digital58.com.ve\/site\/wp-content\/uploads\/2020\/09\/Tadej-Pogacar.jpg\"><img loading=\"lazy\" decoding=\"async\" class=\"aligncenter size-full wp-image-127445\" src=\"https:\/\/digital58.com.ve\/site\/wp-content\/uploads\/2020\/09\/Tadej-Pogacar.jpg\" alt=\"\" width=\"900\" height=\"606\" srcset=\"https:\/\/digital58.com.ve\/site\/wp-content\/uploads\/2020\/09\/Tadej-Pogacar.jpg 800w, https:\/\/digital58.com.ve\/site\/wp-content\/uploads\/2020\/09\/Tadej-Pogacar-300x202.jpg 300w, https:\/\/digital58.com.ve\/site\/wp-content\/uploads\/2020\/09\/Tadej-Pogacar-768x517.jpg 768w\" sizes=\"auto, (max-width: 900px) 100vw, 900px\" \/><\/a><\/p>\n<p>El tercero es Ur\u00e1n a 1.34, tras ser noveno en la meta a 18 segundos del ganador, un puesto por encima de \u00abSuperman\u00bb L\u00f3pez, que perdi\u00f3 8 segundos y est\u00e1 a 1.45 del liderato.<\/p>\n<p>Les siguen en la general el brit\u00e1nico Adam Yates, a 2.03, Porte a 2.13 y los espa\u00f1oles Mikel Landa, s\u00e9ptimo a 2.16, y Enric Mas, octavo a 3.15.<\/p>\n<p>Quintana, que se dej\u00f3 3.50, cay\u00f3 a la novena posici\u00f3n a 5.08 del l\u00edder, mientras que Bernal, que entr\u00f3 con el rostro desfigurado a 7.20, cay\u00f3 hasta el puesto 13 a 8.25.<\/p><div class=\"jowzf69f0b138a3c60\" ><p style=\"text-align: center;\"><a href=\"https:\/\/t.me\/noticiasdigital58\" target=\"_blank\" rel=\"noopener\"><img class=\"aligncenter size-full wp-image-125363\" src=\"https:\/\/digital58.com.ve\/site\/wp-content\/uploads\/2021\/04\/banner-telegram-web-2021.png\" alt=\"\" width=\"600\" height=\"90\" \/><\/a><\/p><\/div><style type=\"text\/css\">\r\n@media screen and (min-width: 1201px) {\r\n.jowzf69f0b138a3c60 {\r\ndisplay: block;\r\n}\r\n}\r\n@media screen and (min-width: 993px) and (max-width: 1200px) {\r\n.jowzf69f0b138a3c60 {\r\ndisplay: block;\r\n}\r\n}\r\n@media screen and (min-width: 769px) and (max-width: 992px) {\r\n.jowzf69f0b138a3c60 {\r\ndisplay: block;\r\n}\r\n}\r\n@media screen and (min-width: 768px) and (max-width: 768px) {\r\n.jowzf69f0b138a3c60 {\r\ndisplay: block;\r\n}\r\n}\r\n@media screen and (max-width: 767px) {\r\n.jowzf69f0b138a3c60 {\r\ndisplay: block;\r\n}\r\n}\r\n<\/style>\r\n\n<p><strong>Redacci\u00f3n ND58 | Fuente: EFE<\/strong><br \/>\n<strong>Edici\u00f3n: Villasmil, Henry<\/strong><br \/>\n<strong>Gr\u00e1ficas: EFE<\/strong><\/p>\n<div style=\"margin-top: 0px; margin-bottom: 0px;\" class=\"sharethis-inline-share-buttons\" ><\/div>","protected":false},"excerpt":{"rendered":"<p>Rigoberto Ur\u00e1n y Miguel \u00c1ngel \u00abSuperm\u00e1n\u00bb L\u00f3pez sobrevivieron al naufragio colombiano en la decimoquinta etapa del Tour de Francia. Francia,<\/p>\n","protected":false},"author":1,"featured_media":127445,"comment_status":"open","ping_status":"closed","sticky":false,"template":"","format":"standard","meta":{"colormag_page_container_layout":"default_layout","colormag_page_sidebar_layout":"default_layout","_uag_custom_page_level_css":"","footnotes":""},"categories":[5402],"tags":[854,9323,40,21524,8,21525,8183,21259,21526],"class_list":["post-127442","post","type-post","status-publish","format-standard","has-post-thumbnail","hentry","category-deportes","tag-ciclismo","tag-ciclismo-internacional","tag-francia","tag-grand-colombier","tag-internacionales","tag-tadej-pogacar","tag-tour-de-francia","tag-tour-de-francia-2020","tag-tour-de-francia-etapa-15"],"yoast_head":"<!-- This site is optimized with the Yoast SEO plugin v27.5 - https:\/\/yoast.com\/product\/yoast-seo-wordpress\/ -->\n<title>Pogacar se impone a Roglic en un Grand Colombier con acento esloveno<\/title>\n<meta name=\"description\" content=\"Deportes\" \/>\n<meta name=\"robots\" content=\"index, follow, max-snippet:-1, max-image-preview:large, max-video-preview:-1\" \/>\n<link rel=\"canonical\" href=\"https:\/\/digital58.com.ve\/site\/2020\/09\/13\/pogacar-se-impone-a-roglic-en-un-grand-colombier-con-acento-esloveno\/\" \/>\n<meta property=\"og:locale\" content=\"es_ES\" \/>\n<meta property=\"og:type\" content=\"article\" \/>\n<meta property=\"og:title\" content=\"Pogacar se impone a Roglic en un Grand Colombier con acento esloveno\" \/>\n<meta property=\"og:description\" content=\"Deportes\" \/>\n<meta property=\"og:url\" content=\"https:\/\/digital58.com.ve\/site\/2020\/09\/13\/pogacar-se-impone-a-roglic-en-un-grand-colombier-con-acento-esloveno\/\" \/>\n<meta property=\"og:site_name\" content=\"Noticias Digital58\" \/>\n<meta property=\"article:published_time\" content=\"2020-09-13T23:53:00+00:00\" \/>\n<meta property=\"og:image\" content=\"https:\/\/digital58.com.ve\/site\/wp-content\/uploads\/2020\/09\/Tadej-Pogacar.jpg\" \/>\n\t<meta property=\"og:image:width\" content=\"900\" \/>\n\t<meta property=\"og:image:height\" content=\"606\" \/>\n\t<meta property=\"og:image:type\" content=\"image\/jpeg\" \/>\n<meta name=\"author\" content=\"Villasmil Henry\" \/>\n<meta name=\"twitter:card\" content=\"summary_large_image\" \/>\n<meta name=\"twitter:creator\" content=\"@https:\/\/twitter.com\/villasmilhfoto\" \/>\n<meta name=\"twitter:site\" content=\"@villasmilhfoto\" \/>\n<meta name=\"twitter:label1\" content=\"Escrito por\" \/>\n\t<meta name=\"twitter:data1\" content=\"Villasmil Henry\" \/>\n\t<meta name=\"twitter:label2\" content=\"Tiempo estimado de lectura\" \/>\n\t<meta name=\"twitter:data2\" content=\"1 minuto\" \/>\n<script type=\"application\/ld+json\" class=\"yoast-schema-graph\">{\"@context\":\"https:\\\/\\\/schema.org\",\"@graph\":[{\"@type\":\"Article\",\"@id\":\"https:\\\/\\\/digital58.com.ve\\\/site\\\/2020\\\/09\\\/13\\\/pogacar-se-impone-a-roglic-en-un-grand-colombier-con-acento-esloveno\\\/#article\",\"isPartOf\":{\"@id\":\"https:\\\/\\\/digital58.com.ve\\\/site\\\/2020\\\/09\\\/13\\\/pogacar-se-impone-a-roglic-en-un-grand-colombier-con-acento-esloveno\\\/\"},\"author\":{\"name\":\"Villasmil Henry\",\"@id\":\"https:\\\/\\\/digital58.com.ve\\\/site\\\/#\\\/schema\\\/person\\\/64d1c2e4d0d4fd1b849980c4331c2951\"},\"headline\":\"Pogacar se impone a Roglic en un Grand Colombier con acento esloveno\",\"datePublished\":\"2020-09-13T23:53:00+00:00\",\"mainEntityOfPage\":{\"@id\":\"https:\\\/\\\/digital58.com.ve\\\/site\\\/2020\\\/09\\\/13\\\/pogacar-se-impone-a-roglic-en-un-grand-colombier-con-acento-esloveno\\\/\"},\"wordCount\":271,\"commentCount\":0,\"publisher\":{\"@id\":\"https:\\\/\\\/digital58.com.ve\\\/site\\\/#\\\/schema\\\/person\\\/64d1c2e4d0d4fd1b849980c4331c2951\"},\"image\":{\"@id\":\"https:\\\/\\\/digital58.com.ve\\\/site\\\/2020\\\/09\\\/13\\\/pogacar-se-impone-a-roglic-en-un-grand-colombier-con-acento-esloveno\\\/#primaryimage\"},\"thumbnailUrl\":\"https:\\\/\\\/digital58.com.ve\\\/site\\\/wp-content\\\/uploads\\\/2020\\\/09\\\/Tadej-Pogacar.jpg\",\"keywords\":[\"Ciclismo\",\"Ciclismo Internacional\",\"Francia\",\"Grand Colombier\",\"Internacionales\",\"Tadej Pogacar\",\"Tour de Francia\",\"Tour de Francia 2020\",\"Tour de Francia etapa 15\"],\"articleSection\":[\"Deportes\"],\"inLanguage\":\"es\",\"potentialAction\":[{\"@type\":\"CommentAction\",\"name\":\"Comment\",\"target\":[\"https:\\\/\\\/digital58.com.ve\\\/site\\\/2020\\\/09\\\/13\\\/pogacar-se-impone-a-roglic-en-un-grand-colombier-con-acento-esloveno\\\/#respond\"]}]},{\"@type\":\"WebPage\",\"@id\":\"https:\\\/\\\/digital58.com.ve\\\/site\\\/2020\\\/09\\\/13\\\/pogacar-se-impone-a-roglic-en-un-grand-colombier-con-acento-esloveno\\\/\",\"url\":\"https:\\\/\\\/digital58.com.ve\\\/site\\\/2020\\\/09\\\/13\\\/pogacar-se-impone-a-roglic-en-un-grand-colombier-con-acento-esloveno\\\/\",\"name\":\"Pogacar se impone a Roglic en un Grand Colombier con acento esloveno\",\"isPartOf\":{\"@id\":\"https:\\\/\\\/digital58.com.ve\\\/site\\\/#website\"},\"primaryImageOfPage\":{\"@id\":\"https:\\\/\\\/digital58.com.ve\\\/site\\\/2020\\\/09\\\/13\\\/pogacar-se-impone-a-roglic-en-un-grand-colombier-con-acento-esloveno\\\/#primaryimage\"},\"image\":{\"@id\":\"https:\\\/\\\/digital58.com.ve\\\/site\\\/2020\\\/09\\\/13\\\/pogacar-se-impone-a-roglic-en-un-grand-colombier-con-acento-esloveno\\\/#primaryimage\"},\"thumbnailUrl\":\"https:\\\/\\\/digital58.com.ve\\\/site\\\/wp-content\\\/uploads\\\/2020\\\/09\\\/Tadej-Pogacar.jpg\",\"datePublished\":\"2020-09-13T23:53:00+00:00\",\"description\":\"Deportes\",\"breadcrumb\":{\"@id\":\"https:\\\/\\\/digital58.com.ve\\\/site\\\/2020\\\/09\\\/13\\\/pogacar-se-impone-a-roglic-en-un-grand-colombier-con-acento-esloveno\\\/#breadcrumb\"},\"inLanguage\":\"es\",\"potentialAction\":[{\"@type\":\"ReadAction\",\"target\":[\"https:\\\/\\\/digital58.com.ve\\\/site\\\/2020\\\/09\\\/13\\\/pogacar-se-impone-a-roglic-en-un-grand-colombier-con-acento-esloveno\\\/\"]}]},{\"@type\":\"ImageObject\",\"inLanguage\":\"es\",\"@id\":\"https:\\\/\\\/digital58.com.ve\\\/site\\\/2020\\\/09\\\/13\\\/pogacar-se-impone-a-roglic-en-un-grand-colombier-con-acento-esloveno\\\/#primaryimage\",\"url\":\"https:\\\/\\\/digital58.com.ve\\\/site\\\/wp-content\\\/uploads\\\/2020\\\/09\\\/Tadej-Pogacar.jpg\",\"contentUrl\":\"https:\\\/\\\/digital58.com.ve\\\/site\\\/wp-content\\\/uploads\\\/2020\\\/09\\\/Tadej-Pogacar.jpg\",\"width\":800,\"height\":539},{\"@type\":\"BreadcrumbList\",\"@id\":\"https:\\\/\\\/digital58.com.ve\\\/site\\\/2020\\\/09\\\/13\\\/pogacar-se-impone-a-roglic-en-un-grand-colombier-con-acento-esloveno\\\/#breadcrumb\",\"itemListElement\":[{\"@type\":\"ListItem\",\"position\":1,\"name\":\"Home\",\"item\":\"https:\\\/\\\/digital58.com.ve\\\/site\\\/\"},{\"@type\":\"ListItem\",\"position\":2,\"name\":\"Pogacar se impone a Roglic en un Grand Colombier con acento esloveno\"}]},{\"@type\":\"WebSite\",\"@id\":\"https:\\\/\\\/digital58.com.ve\\\/site\\\/#website\",\"url\":\"https:\\\/\\\/digital58.com.ve\\\/site\\\/\",\"name\":\"Noticias Digital58\",\"description\":\"Portal de Noticias \u00a1Periodismo web de verdad! Lanzamiento web 22.11.2005 \\\/ Maracaibo, Venezuela\",\"publisher\":{\"@id\":\"https:\\\/\\\/digital58.com.ve\\\/site\\\/#\\\/schema\\\/person\\\/64d1c2e4d0d4fd1b849980c4331c2951\"},\"alternateName\":\"ND58\",\"potentialAction\":[{\"@type\":\"SearchAction\",\"target\":{\"@type\":\"EntryPoint\",\"urlTemplate\":\"https:\\\/\\\/digital58.com.ve\\\/site\\\/?s={search_term_string}\"},\"query-input\":{\"@type\":\"PropertyValueSpecification\",\"valueRequired\":true,\"valueName\":\"search_term_string\"}}],\"inLanguage\":\"es\"},{\"@type\":[\"Person\",\"Organization\"],\"@id\":\"https:\\\/\\\/digital58.com.ve\\\/site\\\/#\\\/schema\\\/person\\\/64d1c2e4d0d4fd1b849980c4331c2951\",\"name\":\"Villasmil Henry\",\"image\":{\"@type\":\"ImageObject\",\"inLanguage\":\"es\",\"@id\":\"https:\\\/\\\/secure.gravatar.com\\\/avatar\\\/bb0c4a2fcb7970138239f7e404ea75757b1b507b28b5ce4c53fbd62d797c5a7c?s=96&d=mm&r=g\",\"url\":\"https:\\\/\\\/secure.gravatar.com\\\/avatar\\\/bb0c4a2fcb7970138239f7e404ea75757b1b507b28b5ce4c53fbd62d797c5a7c?s=96&d=mm&r=g\",\"contentUrl\":\"https:\\\/\\\/secure.gravatar.com\\\/avatar\\\/bb0c4a2fcb7970138239f7e404ea75757b1b507b28b5ce4c53fbd62d797c5a7c?s=96&d=mm&r=g\",\"caption\":\"Villasmil Henry\"},\"logo\":{\"@id\":\"https:\\\/\\\/secure.gravatar.com\\\/avatar\\\/bb0c4a2fcb7970138239f7e404ea75757b1b507b28b5ce4c53fbd62d797c5a7c?s=96&d=mm&r=g\"},\"sameAs\":[\"http:\\\/\\\/www.henryvillasmil.com.ve\",\"https:\\\/\\\/www.instagram.com\\\/villasmilhfoto\\\/\",\"https:\\\/\\\/x.com\\\/https:\\\/\\\/twitter.com\\\/villasmilhfoto\"],\"url\":\"https:\\\/\\\/digital58.com.ve\\\/site\\\/author\\\/droopy_68\\\/\"}]}<\/script>\n<!-- \/ Yoast SEO plugin. -->","yoast_head_json":{"title":"Pogacar se impone a Roglic en un Grand Colombier con acento esloveno","description":"Deportes","robots":{"index":"index","follow":"follow","max-snippet":"max-snippet:-1","max-image-preview":"max-image-preview:large","max-video-preview":"max-video-preview:-1"},"canonical":"https:\/\/digital58.com.ve\/site\/2020\/09\/13\/pogacar-se-impone-a-roglic-en-un-grand-colombier-con-acento-esloveno\/","og_locale":"es_ES","og_type":"article","og_title":"Pogacar se impone a Roglic en un Grand Colombier con acento esloveno","og_description":"Deportes","og_url":"https:\/\/digital58.com.ve\/site\/2020\/09\/13\/pogacar-se-impone-a-roglic-en-un-grand-colombier-con-acento-esloveno\/","og_site_name":"Noticias Digital58","article_published_time":"2020-09-13T23:53:00+00:00","og_image":[{"width":900,"height":606,"url":"https:\/\/digital58.com.ve\/site\/wp-content\/uploads\/2020\/09\/Tadej-Pogacar.jpg","type":"image\/jpeg"}],"author":"Villasmil Henry","twitter_card":"summary_large_image","twitter_creator":"@https:\/\/twitter.com\/villasmilhfoto","twitter_site":"@villasmilhfoto","twitter_misc":{"Escrito por":"Villasmil Henry","Tiempo estimado de lectura":"1 minuto"},"schema":{"@context":"https:\/\/schema.org","@graph":[{"@type":"Article","@id":"https:\/\/digital58.com.ve\/site\/2020\/09\/13\/pogacar-se-impone-a-roglic-en-un-grand-colombier-con-acento-esloveno\/#article","isPartOf":{"@id":"https:\/\/digital58.com.ve\/site\/2020\/09\/13\/pogacar-se-impone-a-roglic-en-un-grand-colombier-con-acento-esloveno\/"},"author":{"name":"Villasmil Henry","@id":"https:\/\/digital58.com.ve\/site\/#\/schema\/person\/64d1c2e4d0d4fd1b849980c4331c2951"},"headline":"Pogacar se impone a Roglic en un Grand Colombier con acento esloveno","datePublished":"2020-09-13T23:53:00+00:00","mainEntityOfPage":{"@id":"https:\/\/digital58.com.ve\/site\/2020\/09\/13\/pogacar-se-impone-a-roglic-en-un-grand-colombier-con-acento-esloveno\/"},"wordCount":271,"commentCount":0,"publisher":{"@id":"https:\/\/digital58.com.ve\/site\/#\/schema\/person\/64d1c2e4d0d4fd1b849980c4331c2951"},"image":{"@id":"https:\/\/digital58.com.ve\/site\/2020\/09\/13\/pogacar-se-impone-a-roglic-en-un-grand-colombier-con-acento-esloveno\/#primaryimage"},"thumbnailUrl":"https:\/\/digital58.com.ve\/site\/wp-content\/uploads\/2020\/09\/Tadej-Pogacar.jpg","keywords":["Ciclismo","Ciclismo Internacional","Francia","Grand Colombier","Internacionales","Tadej Pogacar","Tour de Francia","Tour de Francia 2020","Tour de Francia etapa 15"],"articleSection":["Deportes"],"inLanguage":"es","potentialAction":[{"@type":"CommentAction","name":"Comment","target":["https:\/\/digital58.com.ve\/site\/2020\/09\/13\/pogacar-se-impone-a-roglic-en-un-grand-colombier-con-acento-esloveno\/#respond"]}]},{"@type":"WebPage","@id":"https:\/\/digital58.com.ve\/site\/2020\/09\/13\/pogacar-se-impone-a-roglic-en-un-grand-colombier-con-acento-esloveno\/","url":"https:\/\/digital58.com.ve\/site\/2020\/09\/13\/pogacar-se-impone-a-roglic-en-un-grand-colombier-con-acento-esloveno\/","name":"Pogacar se impone a Roglic en un Grand Colombier con acento esloveno","isPartOf":{"@id":"https:\/\/digital58.com.ve\/site\/#website"},"primaryImageOfPage":{"@id":"https:\/\/digital58.com.ve\/site\/2020\/09\/13\/pogacar-se-impone-a-roglic-en-un-grand-colombier-con-acento-esloveno\/#primaryimage"},"image":{"@id":"https:\/\/digital58.com.ve\/site\/2020\/09\/13\/pogacar-se-impone-a-roglic-en-un-grand-colombier-con-acento-esloveno\/#primaryimage"},"thumbnailUrl":"https:\/\/digital58.com.ve\/site\/wp-content\/uploads\/2020\/09\/Tadej-Pogacar.jpg","datePublished":"2020-09-13T23:53:00+00:00","description":"Deportes","breadcrumb":{"@id":"https:\/\/digital58.com.ve\/site\/2020\/09\/13\/pogacar-se-impone-a-roglic-en-un-grand-colombier-con-acento-esloveno\/#breadcrumb"},"inLanguage":"es","potentialAction":[{"@type":"ReadAction","target":["https:\/\/digital58.com.ve\/site\/2020\/09\/13\/pogacar-se-impone-a-roglic-en-un-grand-colombier-con-acento-esloveno\/"]}]},{"@type":"ImageObject","inLanguage":"es","@id":"https:\/\/digital58.com.ve\/site\/2020\/09\/13\/pogacar-se-impone-a-roglic-en-un-grand-colombier-con-acento-esloveno\/#primaryimage","url":"https:\/\/digital58.com.ve\/site\/wp-content\/uploads\/2020\/09\/Tadej-Pogacar.jpg","contentUrl":"https:\/\/digital58.com.ve\/site\/wp-content\/uploads\/2020\/09\/Tadej-Pogacar.jpg","width":800,"height":539},{"@type":"BreadcrumbList","@id":"https:\/\/digital58.com.ve\/site\/2020\/09\/13\/pogacar-se-impone-a-roglic-en-un-grand-colombier-con-acento-esloveno\/#breadcrumb","itemListElement":[{"@type":"ListItem","position":1,"name":"Home","item":"https:\/\/digital58.com.ve\/site\/"},{"@type":"ListItem","position":2,"name":"Pogacar se impone a Roglic en un Grand Colombier con acento esloveno"}]},{"@type":"WebSite","@id":"https:\/\/digital58.com.ve\/site\/#website","url":"https:\/\/digital58.com.ve\/site\/","name":"Noticias Digital58","description":"Portal de Noticias \u00a1Periodismo web de verdad! Lanzamiento web 22.11.2005 \/ Maracaibo, Venezuela","publisher":{"@id":"https:\/\/digital58.com.ve\/site\/#\/schema\/person\/64d1c2e4d0d4fd1b849980c4331c2951"},"alternateName":"ND58","potentialAction":[{"@type":"SearchAction","target":{"@type":"EntryPoint","urlTemplate":"https:\/\/digital58.com.ve\/site\/?s={search_term_string}"},"query-input":{"@type":"PropertyValueSpecification","valueRequired":true,"valueName":"search_term_string"}}],"inLanguage":"es"},{"@type":["Person","Organization"],"@id":"https:\/\/digital58.com.ve\/site\/#\/schema\/person\/64d1c2e4d0d4fd1b849980c4331c2951","name":"Villasmil Henry","image":{"@type":"ImageObject","inLanguage":"es","@id":"https:\/\/secure.gravatar.com\/avatar\/bb0c4a2fcb7970138239f7e404ea75757b1b507b28b5ce4c53fbd62d797c5a7c?s=96&d=mm&r=g","url":"https:\/\/secure.gravatar.com\/avatar\/bb0c4a2fcb7970138239f7e404ea75757b1b507b28b5ce4c53fbd62d797c5a7c?s=96&d=mm&r=g","contentUrl":"https:\/\/secure.gravatar.com\/avatar\/bb0c4a2fcb7970138239f7e404ea75757b1b507b28b5ce4c53fbd62d797c5a7c?s=96&d=mm&r=g","caption":"Villasmil Henry"},"logo":{"@id":"https:\/\/secure.gravatar.com\/avatar\/bb0c4a2fcb7970138239f7e404ea75757b1b507b28b5ce4c53fbd62d797c5a7c?s=96&d=mm&r=g"},"sameAs":["http:\/\/www.henryvillasmil.com.ve","https:\/\/www.instagram.com\/villasmilhfoto\/","https:\/\/x.com\/https:\/\/twitter.com\/villasmilhfoto"],"url":"https:\/\/digital58.com.ve\/site\/author\/droopy_68\/"}]}},"uagb_featured_image_src":{"full":["https:\/\/digital58.com.ve\/site\/wp-content\/uploads\/2020\/09\/Tadej-Pogacar.jpg",800,539,false],"thumbnail":["https:\/\/digital58.com.ve\/site\/wp-content\/uploads\/2020\/09\/Tadej-Pogacar-150x150.jpg",150,150,true],"medium":["https:\/\/digital58.com.ve\/site\/wp-content\/uploads\/2020\/09\/Tadej-Pogacar-300x202.jpg",300,202,true],"medium_large":["https:\/\/digital58.com.ve\/site\/wp-content\/uploads\/2020\/09\/Tadej-Pogacar-768x517.jpg",768,517,true],"large":["https:\/\/digital58.com.ve\/site\/wp-content\/uploads\/2020\/09\/Tadej-Pogacar.jpg",800,539,false],"1536x1536":["https:\/\/digital58.com.ve\/site\/wp-content\/uploads\/2020\/09\/Tadej-Pogacar.jpg",800,539,false],"2048x2048":["https:\/\/digital58.com.ve\/site\/wp-content\/uploads\/2020\/09\/Tadej-Pogacar.jpg",800,539,false],"colormag-highlighted-post":["https:\/\/digital58.com.ve\/site\/wp-content\/uploads\/2020\/09\/Tadej-Pogacar.jpg",392,264,false],"colormag-featured-post-medium":["https:\/\/digital58.com.ve\/site\/wp-content\/uploads\/2020\/09\/Tadej-Pogacar.jpg",304,205,false],"colormag-featured-post-small":["https:\/\/digital58.com.ve\/site\/wp-content\/uploads\/2020\/09\/Tadej-Pogacar.jpg",130,88,false],"colormag-featured-image":["https:\/\/digital58.com.ve\/site\/wp-content\/uploads\/2020\/09\/Tadej-Pogacar.jpg",660,445,false],"colormag-default-news":["https:\/\/digital58.com.ve\/site\/wp-content\/uploads\/2020\/09\/Tadej-Pogacar.jpg",150,101,false],"colormag-featured-image-large":["https:\/\/digital58.com.ve\/site\/wp-content\/uploads\/2020\/09\/Tadej-Pogacar.jpg",800,539,false]},"uagb_author_info":{"display_name":"Villasmil Henry","author_link":"https:\/\/digital58.com.ve\/site\/author\/droopy_68\/"},"uagb_comment_info":0,"uagb_excerpt":"Rigoberto Ur\u00e1n y Miguel \u00c1ngel \u00abSuperm\u00e1n\u00bb L\u00f3pez sobrevivieron al naufragio colombiano en la decimoquinta etapa del Tour de Francia. Francia,","_links":{"self":[{"href":"https:\/\/digital58.com.ve\/site\/wp-json\/wp\/v2\/posts\/127442","targetHints":{"allow":["GET"]}}],"collection":[{"href":"https:\/\/digital58.com.ve\/site\/wp-json\/wp\/v2\/posts"}],"about":[{"href":"https:\/\/digital58.com.ve\/site\/wp-json\/wp\/v2\/types\/post"}],"author":[{"embeddable":true,"href":"https:\/\/digital58.com.ve\/site\/wp-json\/wp\/v2\/users\/1"}],"replies":[{"embeddable":true,"href":"https:\/\/digital58.com.ve\/site\/wp-json\/wp\/v2\/comments?post=127442"}],"version-history":[{"count":0,"href":"https:\/\/digital58.com.ve\/site\/wp-json\/wp\/v2\/posts\/127442\/revisions"}],"wp:featuredmedia":[{"embeddable":true,"href":"https:\/\/digital58.com.ve\/site\/wp-json\/wp\/v2\/media\/127445"}],"wp:attachment":[{"href":"https:\/\/digital58.com.ve\/site\/wp-json\/wp\/v2\/media?parent=127442"}],"wp:term":[{"taxonomy":"category","embeddable":true,"href":"https:\/\/digital58.com.ve\/site\/wp-json\/wp\/v2\/categories?post=127442"},{"taxonomy":"post_tag","embeddable":true,"href":"https:\/\/digital58.com.ve\/site\/wp-json\/wp\/v2\/tags?post=127442"}],"curies":[{"name":"wp","href":"https:\/\/api.w.org\/{rel}","templated":true}]}}